{"id":202432,"date":"2025-08-11T13:23:24","date_gmt":"2025-08-11T11:23:24","guid":{"rendered":"https:\/\/www.deskmodder.de\/blog\/?p=202432"},"modified":"2025-08-11T13:23:24","modified_gmt":"2025-08-11T11:23:24","slug":"wie-ich-aus-einem-alten-ipad-einen-digitalen-bilderrahmen-gemacht-habe","status":"publish","type":"post","link":"https:\/\/www.deskmodder.de\/blog\/2025\/08\/11\/wie-ich-aus-einem-alten-ipad-einen-digitalen-bilderrahmen-gemacht-habe\/","title":{"rendered":"Wie ich aus einem alten iPad einen digitalen Bilderrahmen gemacht habe"},"content":{"rendered":"<p>Ein altes Tablet muss nicht ungenutzt in der Schublade verstauben: Ich habe k\u00fcrzlich ein iPad Air aus dem Jahr 2013 in einen digitalen Bilderrahmen verwandelt.<\/p>\n<p>F\u00fcr mein Projekt verwendet habe ich einen R\u00d6DALM-Rahmen in der Gr\u00f6\u00dfe 21&#215;30 cm f\u00fcr 5 Euro von IKEA. Das &#8222;Glas&#8220; besteht bei dem leider aus Kunststoff (vielleicht also nicht ganz so billig kaufen&#8230;). Bei der Auswahl des passenden Rahmen muss eigentlich nur darauf achten, dass er eine gewisse Tiefe zur Unterbringung des iPads hat.<\/p>\n<p>Um das iPad im Rahmen dann mittig auszurichten, habe ich mir mit dem 3D-Drucker eine passgenaue Halterung gedruckt. Man k\u00f6nnte das nat\u00fcrlich auch anders l\u00f6sen oder beispielsweise auch noch ein Kabelmanagement mit integrieren.<\/p>\n<p>Anschlie\u00dfend habe ich in die R\u00fcckseite noch ein kleines Loch f\u00fcr das Kabel mitsamt Stecker geschnitten und den Rahmen an die Wand gebracht. Den verwendeten R\u00d6DALM kann man aber auch auf den Tisch stellen.<\/p>\n<div id='gallery-1' class='gallery galleryid-202432 gallery-columns-4 gallery-size-thumbnail'><figure class='gallery-item'>\n\t\t\t<div class='gallery-icon landscape'>\n\t\t\t\t<a href='https:\/\/www.deskmodder.de\/blog\/wp-content\/uploads\/2025\/08\/img-5786-scaled.jpeg' rel=\"lightbox[202432]\"><img loading=\"lazy\" decoding=\"async\" width=\"273\" height=\"205\" src=\"https:\/\/www.deskmodder.de\/blog\/wp-content\/uploads\/2025\/08\/img-5786-273x205.jpeg\" class=\"attachment-thumbnail size-thumbnail\" alt=\"\" aria-describedby=\"gallery-1-202435\" srcset=\"https:\/\/www.deskmodder.de\/blog\/wp-content\/uploads\/2025\/08\/img-5786-273x205.jpeg 273w, https:\/\/www.deskmodder.de\/blog\/wp-content\/uploads\/2025\/08\/img-5786-480x360.jpeg 480w, https:\/\/www.deskmodder.de\/blog\/wp-content\/uploads\/2025\/08\/img-5786-777x583.jpeg 777w, https:\/\/www.deskmodder.de\/blog\/wp-content\/uploads\/2025\/08\/img-5786-1536x1152.jpeg 1536w, https:\/\/www.deskmodder.de\/blog\/wp-content\/uploads\/2025\/08\/img-5786-2048x1536.jpeg 2048w\" sizes=\"auto, (max-width: 273px) 100vw, 273px\" \/><\/a>\n\t\t\t<\/div>\n\t\t\t\t<figcaption class='wp-caption-text gallery-caption' id='gallery-1-202435'>\n\t\t\t\tBilderrahmen&#8230;\n\t\t\t\t<\/figcaption><\/figure><figure class='gallery-item'>\n\t\t\t<div class='gallery-icon landscape'>\n\t\t\t\t<a href='https:\/\/www.deskmodder.de\/blog\/wp-content\/uploads\/2025\/08\/img-5788-scaled.jpeg' rel=\"lightbox[202432]\"><img loading=\"lazy\" decoding=\"async\" width=\"273\" height=\"205\" src=\"https:\/\/www.deskmodder.de\/blog\/wp-content\/uploads\/2025\/08\/img-5788-273x205.jpeg\" class=\"attachment-thumbnail size-thumbnail\" alt=\"\" aria-describedby=\"gallery-1-202437\" srcset=\"https:\/\/www.deskmodder.de\/blog\/wp-content\/uploads\/2025\/08\/img-5788-273x205.jpeg 273w, https:\/\/www.deskmodder.de\/blog\/wp-content\/uploads\/2025\/08\/img-5788-480x360.jpeg 480w, https:\/\/www.deskmodder.de\/blog\/wp-content\/uploads\/2025\/08\/img-5788-777x583.jpeg 777w, https:\/\/www.deskmodder.de\/blog\/wp-content\/uploads\/2025\/08\/img-5788-1536x1152.jpeg 1536w, https:\/\/www.deskmodder.de\/blog\/wp-content\/uploads\/2025\/08\/img-5788-2048x1536.jpeg 2048w\" sizes=\"auto, (max-width: 273px) 100vw, 273px\" \/><\/a>\n\t\t\t<\/div>\n\t\t\t\t<figcaption class='wp-caption-text gallery-caption' id='gallery-1-202437'>\n\t\t\t\tiPad rein&#8230;\n\t\t\t\t<\/figcaption><\/figure><figure class='gallery-item'>\n\t\t\t<div class='gallery-icon landscape'>\n\t\t\t\t<a href='https:\/\/www.deskmodder.de\/blog\/wp-content\/uploads\/2025\/08\/img-5787-scaled.jpeg' rel=\"lightbox[202432]\"><img loading=\"lazy\" decoding=\"async\" width=\"273\" height=\"205\" src=\"https:\/\/www.deskmodder.de\/blog\/wp-content\/uploads\/2025\/08\/img-5787-273x205.jpeg\" class=\"attachment-thumbnail size-thumbnail\" alt=\"\" aria-describedby=\"gallery-1-202436\" srcset=\"https:\/\/www.deskmodder.de\/blog\/wp-content\/uploads\/2025\/08\/img-5787-273x205.jpeg 273w, https:\/\/www.deskmodder.de\/blog\/wp-content\/uploads\/2025\/08\/img-5787-480x360.jpeg 480w, https:\/\/www.deskmodder.de\/blog\/wp-content\/uploads\/2025\/08\/img-5787-777x583.jpeg 777w, https:\/\/www.deskmodder.de\/blog\/wp-content\/uploads\/2025\/08\/img-5787-1536x1152.jpeg 1536w, https:\/\/www.deskmodder.de\/blog\/wp-content\/uploads\/2025\/08\/img-5787-2048x1536.jpeg 2048w\" sizes=\"auto, (max-width: 273px) 100vw, 273px\" \/><\/a>\n\t\t\t<\/div>\n\t\t\t\t<figcaption class='wp-caption-text gallery-caption' id='gallery-1-202436'>\n\t\t\t\t&#8230;Loch f\u00fcrs Kabel\n\t\t\t\t<\/figcaption><\/figure><figure class='gallery-item'>\n\t\t\t<div class='gallery-icon landscape'>\n\t\t\t\t<a href='https:\/\/www.deskmodder.de\/blog\/wp-content\/uploads\/2025\/08\/img-5785-scaled.jpeg' rel=\"lightbox[202432]\"><img loading=\"lazy\" decoding=\"async\" width=\"273\" height=\"205\" src=\"https:\/\/www.deskmodder.de\/blog\/wp-content\/uploads\/2025\/08\/img-5785-273x205.jpeg\" class=\"attachment-thumbnail size-thumbnail\" alt=\"\" aria-describedby=\"gallery-1-202434\" srcset=\"https:\/\/www.deskmodder.de\/blog\/wp-content\/uploads\/2025\/08\/img-5785-273x205.jpeg 273w, https:\/\/www.deskmodder.de\/blog\/wp-content\/uploads\/2025\/08\/img-5785-480x360.jpeg 480w, https:\/\/www.deskmodder.de\/blog\/wp-content\/uploads\/2025\/08\/img-5785-777x583.jpeg 777w, https:\/\/www.deskmodder.de\/blog\/wp-content\/uploads\/2025\/08\/img-5785-1536x1152.jpeg 1536w, https:\/\/www.deskmodder.de\/blog\/wp-content\/uploads\/2025\/08\/img-5785-2048x1536.jpeg 2048w\" sizes=\"auto, (max-width: 273px) 100vw, 273px\" \/><\/a>\n\t\t\t<\/div>\n\t\t\t\t<figcaption class='wp-caption-text gallery-caption' id='gallery-1-202434'>\n\t\t\t\t&#8230;und an die Wand\n\t\t\t\t<\/figcaption><\/figure>\n\t\t<\/div>\n\n<p>Als Software verwende ich die App <em>Re-Frame<\/em> (Einmalkauf f\u00fcr 10 Euro) des deutschen Entwicklers Florian Vates. Der Vorteil der App ist, dass sie auf iPads ab iOS 12 installiert werden kann.<\/p>\n<!-- WP-Appbox (Version: 4.5.12 \/\/ Store: appstore \/\/ ID: 1667679282) -->\n<div class=\"wpappbox wpappbox-6df072c6664294c42a588fa313254aa9 appstore simple\">\n\t<div class=\"qrcode\"><img decoding=\"async\" src=\"https:\/\/api.qrserver.com\/v1\/create-qr-code\/?data=https%3A%2F%2Fapps.apple.com%2Fde%2Fapp%2Fdigital-bilderrahmen-re-frame%2Fid1667679282&size=200x200&ecc=M&margin=0\" alt=\"\u200eDigital Bilderrahmen Re-Frame\" \/><\/div>\n\t<div class=\"appicon\">\n\t\t<a target=\"_blank\" rel=\"nofollow\" href=\"https:\/\/apps.apple.com\/de\/app\/digital-bilderrahmen-re-frame\/id1667679282\"><img decoding=\"async\" src=\"\/\/is1-ssl.mzstatic.com\/image\/thumb\/Purple221\/v4\/e8\/51\/56\/e85156b4-054a-1966-35c2-c84cbc452312\/AppIcon-0-0-1x_U007emarketing-0-8-0-0-85-220.jpeg\/246x0w.png\" alt=\"\u200eDigital Bilderrahmen Re-Frame\" \/><\/a>\n\t<\/div>\n\t<div class=\"applinks\">\n\t\t<div class=\"appbuttons\">\n\t\t\t<a target=\"_blank\" rel=\"nofollow\" href=\"https:\/\/apps.apple.com\/de\/app\/digital-bilderrahmen-re-frame\/id1667679282\">Download<\/a>\n\t\t\t<span onMouseOver=\"jQuery('.wpappbox-6df072c6664294c42a588fa313254aa9 .qrcode').show();\" onMouseOut=\"jQuery('.wpappbox-6df072c6664294c42a588fa313254aa9 .qrcode').hide();\">QR-Code<\/span>\n\t\t<\/div>\n\t<\/div>\n\t<div class=\"appdetails\">\n\t\t<div class=\"apptitle\"><a target=\"_blank\" rel=\"nofollow\" href=\"https:\/\/apps.apple.com\/de\/app\/digital-bilderrahmen-re-frame\/id1667679282\" title=\"\u200eDigital Bilderrahmen Re-Frame\" class=\"apptitle\">\u200eDigital Bilderrahmen Re-Frame<\/a><\/div>\n\t\t<div class=\"developer\">\n\t\t\t<span class=\"label\">Entwickler: <\/span>\n\t\t\t<span class=\"value\"><a target=\"_blank\" rel=\"nofollow\" href=\"https:\/\/apps.apple.com\/de\/developer\/florian-vates\/id1544416478\">Florian Vates<\/a><\/span>\n\t\t<\/div>\n\t\t<div class=\"price\">\n\t\t\t<span class=\"label\">Preis: <\/span>\n\t\t\t<span class=\"value\">Kostenlos<sup>+<\/sup><\/span> \n\t\t\t<span class=\"rating\"><div title=\"4.3 von 5 Sternen\" class=\"rating-stars stars-monochrome stars40\"><\/div><\/span>\n\t\t<\/div>\n\t<\/div>\n<\/div><!-- \/WP-Appbox -->\n<p>Der Funktionsumfang ist \u00fcberschaubar, reicht allerdings aus: Man kann ein Wechselintervall einstellen, die Reihenfolge (Zufall\/Datum) festlegen, Ruhezeiten ausw\u00e4hlen, die den Helligkeitsbereich definieren (wichtig, weil ja der Helligkeitssensor verdeckt ist) und Anpassungen f\u00fcr ein Passepartout vornehmen. Der Wechsel zwischen den Bildern ist eine sanfte \u00dcberblendung und keine h\u00e4ssliche Animation. Da ich den Rahmen zurzeit quer h\u00e4ngen habe, verwende ich auch <span style=\"text-decoration: underline;\">nur<\/span> Bilder im Querformat, weil mir die Anordnung sonst nicht zusagt.<\/p>\n<p><a href=\"https:\/\/www.deskmodder.de\/blog\/wp-content\/uploads\/2025\/08\/bildschirmfoto-2025-08-11-um-121212.png\" rel=\"lightbox[202432]\"><img loading=\"lazy\" decoding=\"async\" class=\"aligncenter wp-image-202433 size-large\" src=\"https:\/\/www.deskmodder.de\/blog\/wp-content\/uploads\/2025\/08\/bildschirmfoto-2025-08-11-um-121212-810x558.png\" alt=\"\" width=\"810\" height=\"558\" srcset=\"https:\/\/www.deskmodder.de\/blog\/wp-content\/uploads\/2025\/08\/bildschirmfoto-2025-08-11-um-121212-810x558.png 810w, https:\/\/www.deskmodder.de\/blog\/wp-content\/uploads\/2025\/08\/bildschirmfoto-2025-08-11-um-121212-500x345.png 500w, https:\/\/www.deskmodder.de\/blog\/wp-content\/uploads\/2025\/08\/bildschirmfoto-2025-08-11-um-121212-297x205.png 297w, https:\/\/www.deskmodder.de\/blog\/wp-content\/uploads\/2025\/08\/bildschirmfoto-2025-08-11-um-121212-1536x1059.png 1536w, https:\/\/www.deskmodder.de\/blog\/wp-content\/uploads\/2025\/08\/bildschirmfoto-2025-08-11-um-121212-2048x1412.png 2048w\" sizes=\"auto, (max-width: 810px) 100vw, 810px\" \/><\/a><\/p>\n<p>Ich habe mir f\u00fcr den Zweck ein geteiltes iCloud-Album erstellt und schiebe so immer neue Bilder auf den Bilderrahmen. Man kann das Setup nat\u00fcrlich auch komplett offline betreiben und die Bilder z.B. per AirDrop \u00fcbertragen. Oder man dreht dem iPad zwischendurch per WLAN die Internetverbindung ab (so ganz frisch ist iOS 12 mit seinem letzten Update im Jahr 2023 ja nicht mehr).<\/p>\n<p>Das iPad betreibe ich \u00fcbrigens im gef\u00fchrten Modus. Man muss also eine PIN eingeben, bevor man etwas dr\u00fccken oder einstellen kann.<\/p>\n<p>Mit den von mir gew\u00e4hlten Helligkeitseinstellungen verbraucht das iPad zwischen 2 und 4 Watt. An Stromkosten muss ich da also einen Zehner pro Jahr einplanen.<\/p>\n<p>Ich bin mit dem Ergebnis insgesamt sehr zufrieden: Man sieht dem Bilderrahmen nicht an, dass dort eigentlich ein altes iPad drinnensteckt. Die Bildqualit\u00e4t ist hervorragend und wahrscheinlich sogar besser als bei vielen anderen digitalen Bilderrahmen. Ich bin nicht abh\u00e4ngig von irgendwelchen dubiosen Clouds der Bilderrahmen-Hersteller. Und ich habe insgesamt nur 15 Euro gezahlt. Das Bild d\u00fcrfte nat\u00fcrlich gerne gr\u00f6\u00dfer sein, aber man kann ja nicht alles haben. An das Kabel habe ich mich l\u00e4ngst gew\u00f6hnt.<\/p>\n<p><i>Kleiner Hinweis:<\/i> Ein ganz altes iPad wie meines w\u00fcrde ich mir f\u00fcr den Zweck jetzt nicht extra bei Kleinanzeigen besorgen. Ich muss das iPad n\u00e4mlich mit meiner Zweit-Apple-ID betreiben, denn durch den &#8222;erweiterten Datenschutz f\u00fcr iCloud&#8220; bei meiner Haupt-Apple-ID kann ich mich nur noch auf Ger\u00e4ten mit iOS 16.2 oder neuer anmelden.<\/p>\n","protected":false},"excerpt":{"rendered":"<p>Ein altes Tablet muss nicht ungenutzt in der Schublade verstauben: Ich habe k\u00fcrzlich ein iPad Air aus dem Jahr 2013 in einen digitalen Bilderrahmen verwandelt. F\u00fcr mein Projekt verwendet habe ich einen R\u00d6DALM-Rahmen in der Gr\u00f6\u00dfe 21&#215;30 cm f\u00fcr 5&hellip; <\/p>\n","protected":false},"author":1525,"featured_media":202434,"comment_status":"open","ping_status":"open","sticky":false,"template":"","format":"standard","meta":{"jetpack_post_was_ever_published":false,"footnotes":"","jetpack_publicize_message":"","jetpack_publicize_feature_enabled":true,"jetpack_social_post_already_shared":false,"jetpack_social_options":{"image_generator_settings":{"template":"highway","default_image_id":0,"font":"","enabled":false},"version":2}},"categories":[1,1286,232],"tags":[93402,93403,2445,93401],"class_list":["post-202432","post","type-post","status-publish","format-standard","has-post-thumbnail","hentry","category-allgemein","category-hardware","category-ios","tag-bilderrahmen","tag-digitaler-bilderrahmen","tag-ipad","tag-re-frame"],"wp_featured_image":{"id":202434,"alt_text":"","description":"","media_type":"image","media_details":{"width":2560,"height":1920,"file":"2025\/08\/img-5785-scaled.jpeg","filesize":743621,"sizes":{"medium":{"file":"img-5785-480x360.jpeg","width":480,"height":360,"mime-type":"image\/jpeg","filesize":43340,"source_url":"https:\/\/www.deskmodder.de\/blog\/wp-content\/uploads\/2025\/08\/img-5785-480x360.jpeg"},"large":{"file":"img-5785-777x583.jpeg","width":777,"height":583,"mime-type":"image\/jpeg","filesize":97890,"source_url":"https:\/\/www.deskmodder.de\/blog\/wp-content\/uploads\/2025\/08\/img-5785-777x583.jpeg"},"thumbnail":{"file":"img-5785-273x205.jpeg","width":273,"height":205,"mime-type":"image\/jpeg","filesize":20204,"source_url":"https:\/\/www.deskmodder.de\/blog\/wp-content\/uploads\/2025\/08\/img-5785-273x205.jpeg"},"1536x1536":{"file":"img-5785-1536x1152.jpeg","width":1536,"height":1152,"mime-type":"image\/jpeg","filesize":311535,"source_url":"https:\/\/www.deskmodder.de\/blog\/wp-content\/uploads\/2025\/08\/img-5785-1536x1152.jpeg"},"2048x2048":{"file":"img-5785-2048x1536.jpeg","width":2048,"height":1536,"mime-type":"image\/jpeg","filesize":507550,"source_url":"https:\/\/www.deskmodder.de\/blog\/wp-content\/uploads\/2025\/08\/img-5785-2048x1536.jpeg"},"blog-large":{"file":"img-5785-642x300.jpeg","width":642,"height":300,"mime-type":"image\/jpeg","filesize":46377,"source_url":"https:\/\/www.deskmodder.de\/blog\/wp-content\/uploads\/2025\/08\/img-5785-642x300.jpeg"},"blog-medium":{"file":"img-5785-306x205.jpeg","width":306,"height":205,"mime-type":"image\/jpeg","filesize":21842,"source_url":"https:\/\/www.deskmodder.de\/blog\/wp-content\/uploads\/2025\/08\/img-5785-306x205.jpeg"},"recent-thumb":{"file":"img-5785-350x316.jpeg","width":350,"height":316,"mime-type":"image\/jpeg","filesize":30877,"source_url":"https:\/\/www.deskmodder.de\/blog\/wp-content\/uploads\/2025\/08\/img-5785-350x316.jpeg"},"service-featured":{"file":"img-5785-600x330.jpeg","width":600,"height":330,"mime-type":"image\/jpeg","filesize":48243,"source_url":"https:\/\/www.deskmodder.de\/blog\/wp-content\/uploads\/2025\/08\/img-5785-600x330.jpeg"}},"image_meta":{"aperture":"1.6","credit":"","camera":"iPhone 12 mini","caption":"","created_timestamp":"1754847070","copyright":"","focal_length":"4.2","iso":"100","shutter_speed":"0.0082644628099174","title":"","orientation":"1","keywords":[]},"original_image":"img-5785.jpeg"},"post":202432,"source_url":"https:\/\/www.deskmodder.de\/blog\/wp-content\/uploads\/2025\/08\/img-5785-scaled.jpeg"},"commentcount":20,"wp_comments":[{"id":309687,"parent":0,"author":8886,"author_name":"Hephaistos","author_email":"mod-poch@hotmail.com","author_url":"","author_avatar_urls":{"24":"https:\/\/secure.gravatar.com\/avatar\/e6947cefe8bc418ed25b1e9a526c60e90c8ee39567edf41fe5f06b41aca68b15?s=24&d=mm&r=g","48":"https:\/\/secure.gravatar.com\/avatar\/e6947cefe8bc418ed25b1e9a526c60e90c8ee39567edf41fe5f06b41aca68b15?s=48&d=mm&r=g","96":"https:\/\/secure.gravatar.com\/avatar\/e6947cefe8bc418ed25b1e9a526c60e90c8ee39567edf41fe5f06b41aca68b15?s=96&d=mm&r=g"},"date":"2025-08-11T14:34:08","cld_nonce":"fccbb51e44","content":{"rendered":"<p>Auf die Idee, aus einem alten Tablet einen digitalen Bilderrahmen zu machen, bin ich auch schon gekommen.<br \/>\nAllerdings f\u00fchle ich mich nicht wohl damit, wenn ein Ger\u00e4t, mit verbautem Akku, st\u00e4ndig am externen Strom h\u00e4ngt.<br \/>\nEin Grund, warum ich ein altes Handy nicht als Netzwerkkamera f\u00fcr meinen 3D-Drucker (oder wof\u00fcr auch immer) verwende.<\/p>\n<p>Wie seht ihr das mit dem Akku?<\/p>\n"},"status":"1"},{"id":309688,"parent":0,"author":0,"author_name":"Eddy","author_email":"egerdes@web.de","author_url":"","author_avatar_urls":{"24":"https:\/\/secure.gravatar.com\/avatar\/1bd6d427520ae99b644baac39ef7634a6fab88a4bfaab439a47ff17a355f41f1?s=24&d=mm&r=g","48":"https:\/\/secure.gravatar.com\/avatar\/1bd6d427520ae99b644baac39ef7634a6fab88a4bfaab439a47ff17a355f41f1?s=48&d=mm&r=g","96":"https:\/\/secure.gravatar.com\/avatar\/1bd6d427520ae99b644baac39ef7634a6fab88a4bfaab439a47ff17a355f41f1?s=96&d=mm&r=g"},"date":"2025-08-11T14:53:50","cld_nonce":"fccbb51e44","content":{"rendered":"<p>Das wird der Akku nicht lange mitmachen. Spreche da aus Erfahrung.<\/p>\n"},"status":"1"},{"id":309691,"parent":309688,"author":8886,"author_name":"Hephaistos","author_email":"mod-poch@hotmail.com","author_url":"","author_avatar_urls":{"24":"https:\/\/secure.gravatar.com\/avatar\/e6947cefe8bc418ed25b1e9a526c60e90c8ee39567edf41fe5f06b41aca68b15?s=24&d=mm&r=g","48":"https:\/\/secure.gravatar.com\/avatar\/e6947cefe8bc418ed25b1e9a526c60e90c8ee39567edf41fe5f06b41aca68b15?s=48&d=mm&r=g","96":"https:\/\/secure.gravatar.com\/avatar\/e6947cefe8bc418ed25b1e9a526c60e90c8ee39567edf41fe5f06b41aca68b15?s=96&d=mm&r=g"},"date":"2025-08-11T15:21:29","cld_nonce":"fccbb51e44","content":{"rendered":"<p>Klar, dem Akku wird das nicht gefallen, aber ich dachte an Gefahren, dass der Akku irgendwann explodieren oder gar Feuer fangen k\u00f6nnte.<\/p>\n"},"status":"1"},{"id":309692,"parent":309687,"author":1525,"author_name":"W8U","author_email":"windows-8-user@live.de","author_url":"","author_avatar_urls":{"24":"https:\/\/secure.gravatar.com\/avatar\/a1e9db99fdd71a9ae2c516203e3fcd390817fa98f868eb9ba6d4a77d1a815cd4?s=24&d=mm&r=g","48":"https:\/\/secure.gravatar.com\/avatar\/a1e9db99fdd71a9ae2c516203e3fcd390817fa98f868eb9ba6d4a77d1a815cd4?s=48&d=mm&r=g","96":"https:\/\/secure.gravatar.com\/avatar\/a1e9db99fdd71a9ae2c516203e3fcd390817fa98f868eb9ba6d4a77d1a815cd4?s=96&d=mm&r=g"},"date":"2025-08-11T15:24:07","cld_nonce":"fccbb51e44","content":{"rendered":"<p>Also bei den Apple-Ger\u00e4ten wird einem irgendwann offenbar eine Fake-Akkuanzeige angezeigt und in echt wird der Akku gar nicht dauerhaft voll geladen: <a href=\"https:\/\/support.apple.com\/de-de\/111822\" rel=\"nofollow ugc\">https:\/\/support.apple.com\/de-de\/111822<\/a><\/p>\n<p>Sobald es irgendwelche Anzeichen gibt, dass sich da was aufbl\u00e4ht, kommt das Teil nat\u00fcrlich sofort weg.<\/p>\n"},"status":"1"},{"id":309695,"parent":309692,"author":8886,"author_name":"Hephaistos","author_email":"mod-poch@hotmail.com","author_url":"","author_avatar_urls":{"24":"https:\/\/secure.gravatar.com\/avatar\/e6947cefe8bc418ed25b1e9a526c60e90c8ee39567edf41fe5f06b41aca68b15?s=24&d=mm&r=g","48":"https:\/\/secure.gravatar.com\/avatar\/e6947cefe8bc418ed25b1e9a526c60e90c8ee39567edf41fe5f06b41aca68b15?s=48&d=mm&r=g","96":"https:\/\/secure.gravatar.com\/avatar\/e6947cefe8bc418ed25b1e9a526c60e90c8ee39567edf41fe5f06b41aca68b15?s=96&d=mm&r=g"},"date":"2025-08-11T16:37:59","cld_nonce":"fccbb51e44","content":{"rendered":"<p>Ob es immer voll l\u00e4dt oder nicht, beruhigt mich nicht wirklich. <img src=\"https:\/\/www.deskmodder.de\/blog\/wp-content\/plugins\/classic-smilies\/img\/icon_biggrin.gif\" alt=\":D\" class=\"wp-smiley\" \/><br \/>\nJa, immer aufpassen das sich nichts aufbl\u00e4ht, ist am besten. \ud83d\udc4d\ud83c\udffc<\/p>\n"},"status":"1"},{"id":309696,"parent":309688,"author":0,"author_name":"Vectorprime","author_email":"reinfeld@live.de","author_url":"","author_avatar_urls":{"24":"https:\/\/secure.gravatar.com\/avatar\/50065142e47aa0f4d10efe4863577fae0e8d3efbd0ddab24335c63a8054d4b12?s=24&d=mm&r=g","48":"https:\/\/secure.gravatar.com\/avatar\/50065142e47aa0f4d10efe4863577fae0e8d3efbd0ddab24335c63a8054d4b12?s=48&d=mm&r=g","96":"https:\/\/secure.gravatar.com\/avatar\/50065142e47aa0f4d10efe4863577fae0e8d3efbd0ddab24335c63a8054d4b12?s=96&d=mm&r=g"},"date":"2025-08-11T16:42:13","cld_nonce":"fccbb51e44","content":{"rendered":"<p>Ich habe das \u00fcber eine zeitschaltuhr geregelt die nach 5std  f\u00fcr 2std l\u00e4d und dann wieder aus und nach dem Rhythmus  arbeitet das Teil schon fast 6fahre ohne Probleme ausser das ich die Zeiten f\u00fcr Laden nicht laden anpassen musste. <\/p>\n<p><i>gepostet mit der <a href=\"https:\/\/apps.apple.com\/de\/app\/deskmodder\/id1478451921?l=de\" rel=\"nofollow ugc\">Deskmodder.de-App f\u00fcr iOS<\/a><\/i><\/p>\n"},"status":"1"},{"id":309697,"parent":309696,"author":8886,"author_name":"Hephaistos","author_email":"mod-poch@hotmail.com","author_url":"","author_avatar_urls":{"24":"https:\/\/secure.gravatar.com\/avatar\/e6947cefe8bc418ed25b1e9a526c60e90c8ee39567edf41fe5f06b41aca68b15?s=24&d=mm&r=g","48":"https:\/\/secure.gravatar.com\/avatar\/e6947cefe8bc418ed25b1e9a526c60e90c8ee39567edf41fe5f06b41aca68b15?s=48&d=mm&r=g","96":"https:\/\/secure.gravatar.com\/avatar\/e6947cefe8bc418ed25b1e9a526c60e90c8ee39567edf41fe5f06b41aca68b15?s=96&d=mm&r=g"},"date":"2025-08-11T16:54:58","cld_nonce":"fccbb51e44","content":{"rendered":"<p>Gute Idee. \ud83d\udc4d\ud83c\udffc<\/p>\n"},"status":"1"},{"id":309702,"parent":0,"author":0,"author_name":"plastisc\u0267","author_email":"plastisch@outlook.de","author_url":"","author_avatar_urls":{"24":"https:\/\/secure.gravatar.com\/avatar\/4f4e1ad993a97ce3b979ccaf8dcda8bb36230c421b698d6dfd596c873ee09f95?s=24&d=mm&r=g","48":"https:\/\/secure.gravatar.com\/avatar\/4f4e1ad993a97ce3b979ccaf8dcda8bb36230c421b698d6dfd596c873ee09f95?s=48&d=mm&r=g","96":"https:\/\/secure.gravatar.com\/avatar\/4f4e1ad993a97ce3b979ccaf8dcda8bb36230c421b698d6dfd596c873ee09f95?s=96&d=mm&r=g"},"date":"2025-08-11T17:49:15","cld_nonce":"fccbb51e44","content":{"rendered":"<p>Prima Idee! \ud83d\udd25<\/p>\n"},"status":"1"},{"id":309705,"parent":309696,"author":0,"author_name":"Torsten","author_email":"to.bo@gmx.net","author_url":"","author_avatar_urls":{"24":"https:\/\/secure.gravatar.com\/avatar\/1731eb60e95e9ae947b3bbeb7e0ab17d8c5f767c9cac19e973718e9b23ba4775?s=24&d=mm&r=g","48":"https:\/\/secure.gravatar.com\/avatar\/1731eb60e95e9ae947b3bbeb7e0ab17d8c5f767c9cac19e973718e9b23ba4775?s=48&d=mm&r=g","96":"https:\/\/secure.gravatar.com\/avatar\/1731eb60e95e9ae947b3bbeb7e0ab17d8c5f767c9cac19e973718e9b23ba4775?s=96&d=mm&r=g"},"date":"2025-08-11T17:54:17","cld_nonce":"fccbb51e44","content":{"rendered":"<p>Gute Idee, ich habe es etwas eleganter mit einer Homekit Bluetooth Steckdose gel\u00f6st und \u00fcber die iOS Kurzbefehle App zwei Scripte erstellt. Bei 5% oder &lt;5% Akkustand wird die Steckdose an und beim zweiten Script bei 100% Steckdose ausgeschaltet.<\/p>\n"},"status":"1"},{"id":309706,"parent":309691,"author":9003,"author_name":"chakko","author_email":"chakko071@gmail.com","author_url":"","author_avatar_urls":{"24":"https:\/\/secure.gravatar.com\/avatar\/ba463ca8c8d27462192094e65268b3d1241fa648f7398244caddec1590d68160?s=24&d=mm&r=g","48":"https:\/\/secure.gravatar.com\/avatar\/ba463ca8c8d27462192094e65268b3d1241fa648f7398244caddec1590d68160?s=48&d=mm&r=g","96":"https:\/\/secure.gravatar.com\/avatar\/ba463ca8c8d27462192094e65268b3d1241fa648f7398244caddec1590d68160?s=96&d=mm&r=g"},"date":"2025-08-11T18:04:29","cld_nonce":"fccbb51e44","content":{"rendered":"<p>Wird generell \u00fcbertrieben. Solange die Ladeelektronik des Akkus nicht im Eimer ist, sollte sowas nicht passieren. Selbst wenn das Teil dauerhaft am Ladekabel h\u00e4ngt. Die Ladeelektronik ist ja eben f\u00fcr diese Regelung zust\u00e4ndig, so dass nicht \u00fcberladen wird.<\/p>\n"},"status":"1"},{"id":309707,"parent":309706,"author":8886,"author_name":"Hephaistos","author_email":"mod-poch@hotmail.com","author_url":"","author_avatar_urls":{"24":"https:\/\/secure.gravatar.com\/avatar\/e6947cefe8bc418ed25b1e9a526c60e90c8ee39567edf41fe5f06b41aca68b15?s=24&d=mm&r=g","48":"https:\/\/secure.gravatar.com\/avatar\/e6947cefe8bc418ed25b1e9a526c60e90c8ee39567edf41fe5f06b41aca68b15?s=48&d=mm&r=g","96":"https:\/\/secure.gravatar.com\/avatar\/e6947cefe8bc418ed25b1e9a526c60e90c8ee39567edf41fe5f06b41aca68b15?s=96&d=mm&r=g"},"date":"2025-08-11T18:13:59","cld_nonce":"fccbb51e44","content":{"rendered":"<p>Dachte ich mir schon fast, aber ausprobieren wollte ich es auch wieder nicht.<br \/>\nDanke f\u00fcr die Info.<\/p>\n"},"status":"1"},{"id":309708,"parent":309707,"author":9003,"author_name":"chakko","author_email":"chakko071@gmail.com","author_url":"","author_avatar_urls":{"24":"https:\/\/secure.gravatar.com\/avatar\/ba463ca8c8d27462192094e65268b3d1241fa648f7398244caddec1590d68160?s=24&d=mm&r=g","48":"https:\/\/secure.gravatar.com\/avatar\/ba463ca8c8d27462192094e65268b3d1241fa648f7398244caddec1590d68160?s=48&d=mm&r=g","96":"https:\/\/secure.gravatar.com\/avatar\/ba463ca8c8d27462192094e65268b3d1241fa648f7398244caddec1590d68160?s=96&d=mm&r=g"},"date":"2025-08-11T18:31:31","cld_nonce":"fccbb51e44","content":{"rendered":"<p>Man k\u00f6nnte ja auch an dem Tag an dem man l\u00e4dt abends den Netzstecker trennen, dann ist man auf jeden Fall auf der sicheren Seite, wenn man wei\u00df, wie lange das Ger\u00e4t ungef\u00e4hr auf einer Akkuladung l\u00e4uft, und dann danach wieder einsteckt.<\/p>\n<p>Theoretisch sollte aber nichts passieren, auch wenn man das nicht tut. Wie gesagt, es sei denn die Ladeelektronik ist kaputt, aber, auch das ist sehr unwahrscheinlich. Und, iOS selbst hat auch eine Laderegelung drin, damit m\u00f6glichst schonend geladen wird.<\/p>\n<p>Ich sehe da keine Probleme.<\/p>\n"},"status":"1"},{"id":309726,"parent":309687,"author":0,"author_name":"Ste","author_email":"steffen.email@gmx.de","author_url":"","author_avatar_urls":{"24":"https:\/\/secure.gravatar.com\/avatar\/f7b67cc5fb69cf6c9dd5432cce6b3a0fb90653efb7f3a621a5ee47ddf7fe292e?s=24&d=mm&r=g","48":"https:\/\/secure.gravatar.com\/avatar\/f7b67cc5fb69cf6c9dd5432cce6b3a0fb90653efb7f3a621a5ee47ddf7fe292e?s=48&d=mm&r=g","96":"https:\/\/secure.gravatar.com\/avatar\/f7b67cc5fb69cf6c9dd5432cce6b3a0fb90653efb7f3a621a5ee47ddf7fe292e?s=96&d=mm&r=g"},"date":"2025-08-12T09:25:23","cld_nonce":"fccbb51e44","content":{"rendered":"<p>bei mir haben sich im Laufe der Jahre 2 Samsung-Tablets aufgebl\u00e4ht. <\/p>\n<p>Hab dann ein Samsung Tab Active 3 gekauft. Nicht billig. Aber l\u00e4uft auch ohne den Akku.<\/p>\n"},"status":"1"},{"id":309727,"parent":309706,"author":0,"author_name":"Ste","author_email":"steffen.email@gmx.de","author_url":"","author_avatar_urls":{"24":"https:\/\/secure.gravatar.com\/avatar\/f7b67cc5fb69cf6c9dd5432cce6b3a0fb90653efb7f3a621a5ee47ddf7fe292e?s=24&d=mm&r=g","48":"https:\/\/secure.gravatar.com\/avatar\/f7b67cc5fb69cf6c9dd5432cce6b3a0fb90653efb7f3a621a5ee47ddf7fe292e?s=48&d=mm&r=g","96":"https:\/\/secure.gravatar.com\/avatar\/f7b67cc5fb69cf6c9dd5432cce6b3a0fb90653efb7f3a621a5ee47ddf7fe292e?s=96&d=mm&r=g"},"date":"2025-08-12T09:26:32","cld_nonce":"fccbb51e44","content":{"rendered":"<p>das ist leider nur Theorie. Zumindest bei Samsung. Bei Apple hab ich keine Erfahrungen.<\/p>\n"},"status":"1"},{"id":309731,"parent":309726,"author":9003,"author_name":"chakko","author_email":"chakko071@gmail.com","author_url":"","author_avatar_urls":{"24":"https:\/\/secure.gravatar.com\/avatar\/ba463ca8c8d27462192094e65268b3d1241fa648f7398244caddec1590d68160?s=24&d=mm&r=g","48":"https:\/\/secure.gravatar.com\/avatar\/ba463ca8c8d27462192094e65268b3d1241fa648f7398244caddec1590d68160?s=48&d=mm&r=g","96":"https:\/\/secure.gravatar.com\/avatar\/ba463ca8c8d27462192094e65268b3d1241fa648f7398244caddec1590d68160?s=96&d=mm&r=g"},"date":"2025-08-12T10:59:29","cld_nonce":"fccbb51e44","content":{"rendered":"<p>Ohne eine Info was genau du gemacht hast, und ob die Tablets dauerhaft am Strom waren, bringt so eine Aussage rein gar nichts.<\/p>\n<p>Fakt ist, dass Li-Io Akkus eine Ladeelektronik eingebaut haben, die \u00dcberladen verhindert. Fakt ist, dass sowohl iOS als auch Android Lademanagement implementiert hat, welche ein \u00dcberladen und unn\u00f6tigen Verschlei\u00df der Akkus verhindert.<\/p>\n"},"status":"1"},{"id":309746,"parent":309731,"author":0,"author_name":"Ste","author_email":"steffen.email@gmx.de","author_url":"","author_avatar_urls":{"24":"https:\/\/secure.gravatar.com\/avatar\/f7b67cc5fb69cf6c9dd5432cce6b3a0fb90653efb7f3a621a5ee47ddf7fe292e?s=24&d=mm&r=g","48":"https:\/\/secure.gravatar.com\/avatar\/f7b67cc5fb69cf6c9dd5432cce6b3a0fb90653efb7f3a621a5ee47ddf7fe292e?s=48&d=mm&r=g","96":"https:\/\/secure.gravatar.com\/avatar\/f7b67cc5fb69cf6c9dd5432cce6b3a0fb90653efb7f3a621a5ee47ddf7fe292e?s=96&d=mm&r=g"},"date":"2025-08-12T13:45:23","cld_nonce":"fccbb51e44","content":{"rendered":"<p>nat\u00fcrlich durchgehend angeschlossen an den 5 Volt. Darum geht es doch hier.<\/p>\n<p>Es waren die ersten Tab S und Tab S2. Von ca 2015, denke ich. Vor ca 3 Jahren hab ich das zweite davon dann entsorgt.<\/p>\n<p>Wie gut das Lademanagement unter Android 5(?) war, werden wir nicht mehr analysieren k\u00f6nnen.<\/p>\n"},"status":"1"},{"id":309749,"parent":0,"author":6042,"author_name":"Skysoul","author_email":"skydragonx@aol.com","author_url":"","author_avatar_urls":{"24":"https:\/\/secure.gravatar.com\/avatar\/045b13fd3d1230e8f0fef5d1c0e8f5d4cfcecb8dbf1d39363c86038b9ca5b9ca?s=24&d=mm&r=g","48":"https:\/\/secure.gravatar.com\/avatar\/045b13fd3d1230e8f0fef5d1c0e8f5d4cfcecb8dbf1d39363c86038b9ca5b9ca?s=48&d=mm&r=g","96":"https:\/\/secure.gravatar.com\/avatar\/045b13fd3d1230e8f0fef5d1c0e8f5d4cfcecb8dbf1d39363c86038b9ca5b9ca?s=96&d=mm&r=g"},"date":"2025-08-12T14:31:13","cld_nonce":"fccbb51e44","content":{"rendered":"<p>Eine super Idee ein altes Tablet so eine neue Funktion zu geben. Ich hatte auch schon lange \u00fcberlegt ein altes iPhone 4 oder 5 als mini Performance Anzeige am PC zu verwenden allerdings hat mich das Dauerladen des iPhones immer von dieser Idee abgeschreckt. Sch\u00f6n w\u00e4re es auch wenn man es hinbekommen w\u00fcrde dass sich das Ger\u00e4t mit dem PC an- und auch wieder ausschaltet, vielleicht bastel ich nochmal an der Idee.<\/p>\n"},"status":"1"},{"id":310132,"parent":0,"author":0,"author_name":"Dom","author_email":"dominik.losert@gmail.com","author_url":"","author_avatar_urls":{"24":"https:\/\/secure.gravatar.com\/avatar\/88b73639936e7aba44e6d163f7d80bdd81621705f6135ecce697202f37082f9a?s=24&d=mm&r=g","48":"https:\/\/secure.gravatar.com\/avatar\/88b73639936e7aba44e6d163f7d80bdd81621705f6135ecce697202f37082f9a?s=48&d=mm&r=g","96":"https:\/\/secure.gravatar.com\/avatar\/88b73639936e7aba44e6d163f7d80bdd81621705f6135ecce697202f37082f9a?s=96&d=mm&r=g"},"date":"2025-08-18T03:11:15","cld_nonce":"fccbb51e44","content":{"rendered":"<p>Und wie geht&#8217;s mit Android Tablets mit ohne Kosten?<\/p>\n"},"status":"1"},{"id":310133,"parent":309702,"author":0,"author_name":"Dom","author_email":"dominik.losert@gmail.com","author_url":"","author_avatar_urls":{"24":"https:\/\/secure.gravatar.com\/avatar\/88b73639936e7aba44e6d163f7d80bdd81621705f6135ecce697202f37082f9a?s=24&d=mm&r=g","48":"https:\/\/secure.gravatar.com\/avatar\/88b73639936e7aba44e6d163f7d80bdd81621705f6135ecce697202f37082f9a?s=48&d=mm&r=g","96":"https:\/\/secure.gravatar.com\/avatar\/88b73639936e7aba44e6d163f7d80bdd81621705f6135ecce697202f37082f9a?s=96&d=mm&r=g"},"date":"2025-08-18T06:09:34","cld_nonce":"fccbb51e44","content":{"rendered":"<p>Und wie geht&#8217;s mit Android Tablets mit ohne Kosten?<\/p>\n"},"status":"1"},{"id":328698,"parent":0,"author":0,"author_name":"Anne","author_email":"anne.soehn@gmail.com","author_url":"","author_avatar_urls":{"24":"https:\/\/secure.gravatar.com\/avatar\/09b52376fa49ac8569917b17f1447c3221865924dca50c6a1773ca5561283a3c?s=24&d=mm&r=g","48":"https:\/\/secure.gravatar.com\/avatar\/09b52376fa49ac8569917b17f1447c3221865924dca50c6a1773ca5561283a3c?s=48&d=mm&r=g","96":"https:\/\/secure.gravatar.com\/avatar\/09b52376fa49ac8569917b17f1447c3221865924dca50c6a1773ca5561283a3c?s=96&d=mm&r=g"},"date":"2026-02-14T21:21:28","cld_nonce":"fccbb51e44","content":{"rendered":"<p>K\u00f6nnten Sie denn auch die Anleitung f\u00fcr den Einsatz hier einstellen?<br \/>\nDanke!<\/p>\n"},"status":"1"}],"wp_author":{"id":1525,"name":"W8U","description":"Technikliebhaber aus Niedersachsen und seit 2013 bei den Deskmoddern. Interessiert sich f\u00fcr (fast) alles, durch das Strom flie\u00dft: Computer, Smartphones, Tablets, Autos und so weiter.","author_avatar_urls":{"24":"https:\/\/secure.gravatar.com\/avatar\/a1e9db99fdd71a9ae2c516203e3fcd390817fa98f868eb9ba6d4a77d1a815cd4?s=24&d=mm&r=g","48":"https:\/\/secure.gravatar.com\/avatar\/a1e9db99fdd71a9ae2c516203e3fcd390817fa98f868eb9ba6d4a77d1a815cd4?s=48&d=mm&r=g","96":"https:\/\/secure.gravatar.com\/avatar\/a1e9db99fdd71a9ae2c516203e3fcd390817fa98f868eb9ba6d4a77d1a815cd4?s=96&d=mm&r=g"}},"cld_nonce":"fccbb51e44","yoast_head":"<!-- This site is optimized with the Yoast SEO Premium plugin v27.4 (Yoast SEO v27.4) - https:\/\/yoast.com\/product\/yoast-seo-premium-wordpress\/ -->\n<title>Wie ich aus einem alten iPad einen digitalen Bilderrahmen gemacht habe - Deskmodder.de<\/title>\n<meta name=\"robots\" content=\"index, follow, max-snippet:-1, max-image-preview:large, max-video-preview:-1\" \/>\n<link rel=\"canonical\" href=\"https:\/\/www.deskmodder.de\/blog\/2025\/08\/11\/wie-ich-aus-einem-alten-ipad-einen-digitalen-bilderrahmen-gemacht-habe\/\" \/>\n<meta property=\"og:locale\" content=\"de_DE\" \/>\n<meta property=\"og:type\" content=\"article\" \/>\n<meta property=\"og:title\" content=\"Wie ich aus einem alten iPad einen digitalen Bilderrahmen gemacht habe\" \/>\n<meta property=\"og:description\" content=\"Ein altes Tablet muss nicht ungenutzt in der Schublade verstauben: Ich habe k\u00fcrzlich ein iPad Air aus dem Jahr 2013 in einen digitalen Bilderrahmen verwandelt. F\u00fcr mein Projekt verwendet habe ich einen R\u00d6DALM-Rahmen in der Gr\u00f6\u00dfe 21&#215;30 cm f\u00fcr 5&hellip;\" \/>\n<meta property=\"og:url\" content=\"https:\/\/www.deskmodder.de\/blog\/2025\/08\/11\/wie-ich-aus-einem-alten-ipad-einen-digitalen-bilderrahmen-gemacht-habe\/\" \/>\n<meta property=\"og:site_name\" content=\"Deskmodder.de\" \/>\n<meta property=\"article:publisher\" content=\"https:\/\/www.facebook.com\/Deskmodder\" \/>\n<meta property=\"article:published_time\" content=\"2025-08-11T11:23:24+00:00\" \/>\n<meta property=\"og:image\" content=\"https:\/\/www.deskmodder.de\/blog\/wp-content\/uploads\/2025\/08\/img-5785-scaled.jpeg\" \/>\n\t<meta property=\"og:image:width\" content=\"2560\" \/>\n\t<meta property=\"og:image:height\" content=\"1920\" \/>\n\t<meta property=\"og:image:type\" content=\"image\/jpeg\" \/>\n<meta name=\"author\" content=\"W8U\" \/>\n<meta name=\"twitter:card\" content=\"summary_large_image\" \/>\n<meta name=\"twitter:creator\" content=\"@Deskmodder\" \/>\n<meta name=\"twitter:site\" content=\"@Deskmodder\" \/>\n<script type=\"application\/ld+json\" class=\"yoast-schema-graph\">{\"@context\":\"https:\\\/\\\/schema.org\",\"@graph\":[{\"@type\":\"Article\",\"@id\":\"https:\\\/\\\/www.deskmodder.de\\\/blog\\\/2025\\\/08\\\/11\\\/wie-ich-aus-einem-alten-ipad-einen-digitalen-bilderrahmen-gemacht-habe\\\/#article\",\"isPartOf\":{\"@id\":\"https:\\\/\\\/www.deskmodder.de\\\/blog\\\/2025\\\/08\\\/11\\\/wie-ich-aus-einem-alten-ipad-einen-digitalen-bilderrahmen-gemacht-habe\\\/\"},\"author\":{\"name\":\"W8U\",\"@id\":\"https:\\\/\\\/www.deskmodder.de\\\/blog\\\/#\\\/schema\\\/person\\\/f3c70b4f4860c9fcc4c04057ed04f469\"},\"headline\":\"Wie ich aus einem alten iPad einen digitalen Bilderrahmen gemacht habe\",\"datePublished\":\"2025-08-11T11:23:24+00:00\",\"mainEntityOfPage\":{\"@id\":\"https:\\\/\\\/www.deskmodder.de\\\/blog\\\/2025\\\/08\\\/11\\\/wie-ich-aus-einem-alten-ipad-einen-digitalen-bilderrahmen-gemacht-habe\\\/\"},\"wordCount\":526,\"commentCount\":20,\"publisher\":{\"@id\":\"https:\\\/\\\/www.deskmodder.de\\\/blog\\\/#organization\"},\"image\":{\"@id\":\"https:\\\/\\\/www.deskmodder.de\\\/blog\\\/2025\\\/08\\\/11\\\/wie-ich-aus-einem-alten-ipad-einen-digitalen-bilderrahmen-gemacht-habe\\\/#primaryimage\"},\"thumbnailUrl\":\"https:\\\/\\\/www.deskmodder.de\\\/blog\\\/wp-content\\\/uploads\\\/2025\\\/08\\\/img-5785-scaled.jpeg\",\"keywords\":[\"Bilderrahmen\",\"digitaler Bilderrahmen\",\"iPad\",\"Re Frame\"],\"articleSection\":{\"1\":\"Hardware\",\"2\":\"iOS\"},\"inLanguage\":\"de\",\"potentialAction\":[{\"@type\":\"CommentAction\",\"name\":\"Comment\",\"target\":[\"https:\\\/\\\/www.deskmodder.de\\\/blog\\\/2025\\\/08\\\/11\\\/wie-ich-aus-einem-alten-ipad-einen-digitalen-bilderrahmen-gemacht-habe\\\/#respond\"]}],\"copyrightYear\":\"2025\",\"copyrightHolder\":{\"@id\":\"https:\\\/\\\/www.deskmodder.de\\\/blog\\\/#organization\"}},{\"@type\":\"WebPage\",\"@id\":\"https:\\\/\\\/www.deskmodder.de\\\/blog\\\/2025\\\/08\\\/11\\\/wie-ich-aus-einem-alten-ipad-einen-digitalen-bilderrahmen-gemacht-habe\\\/\",\"url\":\"https:\\\/\\\/www.deskmodder.de\\\/blog\\\/2025\\\/08\\\/11\\\/wie-ich-aus-einem-alten-ipad-einen-digitalen-bilderrahmen-gemacht-habe\\\/\",\"name\":\"Wie ich aus einem alten iPad einen digitalen Bilderrahmen gemacht habe - Deskmodder.de\",\"isPartOf\":{\"@id\":\"https:\\\/\\\/www.deskmodder.de\\\/blog\\\/#website\"},\"primaryImageOfPage\":{\"@id\":\"https:\\\/\\\/www.deskmodder.de\\\/blog\\\/2025\\\/08\\\/11\\\/wie-ich-aus-einem-alten-ipad-einen-digitalen-bilderrahmen-gemacht-habe\\\/#primaryimage\"},\"image\":{\"@id\":\"https:\\\/\\\/www.deskmodder.de\\\/blog\\\/2025\\\/08\\\/11\\\/wie-ich-aus-einem-alten-ipad-einen-digitalen-bilderrahmen-gemacht-habe\\\/#primaryimage\"},\"thumbnailUrl\":\"https:\\\/\\\/www.deskmodder.de\\\/blog\\\/wp-content\\\/uploads\\\/2025\\\/08\\\/img-5785-scaled.jpeg\",\"datePublished\":\"2025-08-11T11:23:24+00:00\",\"breadcrumb\":{\"@id\":\"https:\\\/\\\/www.deskmodder.de\\\/blog\\\/2025\\\/08\\\/11\\\/wie-ich-aus-einem-alten-ipad-einen-digitalen-bilderrahmen-gemacht-habe\\\/#breadcrumb\"},\"inLanguage\":\"de\",\"potentialAction\":[{\"@type\":\"ReadAction\",\"target\":[\"https:\\\/\\\/www.deskmodder.de\\\/blog\\\/2025\\\/08\\\/11\\\/wie-ich-aus-einem-alten-ipad-einen-digitalen-bilderrahmen-gemacht-habe\\\/\"]}]},{\"@type\":\"ImageObject\",\"inLanguage\":\"de\",\"@id\":\"https:\\\/\\\/www.deskmodder.de\\\/blog\\\/2025\\\/08\\\/11\\\/wie-ich-aus-einem-alten-ipad-einen-digitalen-bilderrahmen-gemacht-habe\\\/#primaryimage\",\"url\":\"https:\\\/\\\/www.deskmodder.de\\\/blog\\\/wp-content\\\/uploads\\\/2025\\\/08\\\/img-5785-scaled.jpeg\",\"contentUrl\":\"https:\\\/\\\/www.deskmodder.de\\\/blog\\\/wp-content\\\/uploads\\\/2025\\\/08\\\/img-5785-scaled.jpeg\",\"width\":2560,\"height\":1920,\"caption\":\"...und an die Wand\"},{\"@type\":\"BreadcrumbList\",\"@id\":\"https:\\\/\\\/www.deskmodder.de\\\/blog\\\/2025\\\/08\\\/11\\\/wie-ich-aus-einem-alten-ipad-einen-digitalen-bilderrahmen-gemacht-habe\\\/#breadcrumb\",\"itemListElement\":[{\"@type\":\"ListItem\",\"position\":1,\"name\":\"Startseite\",\"item\":\"https:\\\/\\\/www.deskmodder.de\\\/blog\\\/\"},{\"@type\":\"ListItem\",\"position\":2,\"name\":\"Wie ich aus einem alten iPad einen digitalen Bilderrahmen gemacht habe\"}]},{\"@type\":\"WebSite\",\"@id\":\"https:\\\/\\\/www.deskmodder.de\\\/blog\\\/#website\",\"url\":\"https:\\\/\\\/www.deskmodder.de\\\/blog\\\/\",\"name\":\"Deskmodder.de\",\"description\":\"News zum Thema Microsoft, Windows 11 \\\/ 10, sowie anderen Neuigkeiten aus dem Netz, viele Tipps und individuelle Hilfe bei Problemen in unserem Forum \u25cf Deskmodder - seit 2003\",\"publisher\":{\"@id\":\"https:\\\/\\\/www.deskmodder.de\\\/blog\\\/#organization\"},\"potentialAction\":[{\"@type\":\"SearchAction\",\"target\":{\"@type\":\"EntryPoint\",\"urlTemplate\":\"https:\\\/\\\/www.deskmodder.de\\\/blog\\\/?s={search_term_string}\"},\"query-input\":{\"@type\":\"PropertyValueSpecification\",\"valueRequired\":true,\"valueName\":\"search_term_string\"}}],\"inLanguage\":\"de\"},{\"@type\":\"Organization\",\"@id\":\"https:\\\/\\\/www.deskmodder.de\\\/blog\\\/#organization\",\"name\":\"Deskmodder\",\"url\":\"https:\\\/\\\/www.deskmodder.de\\\/blog\\\/\",\"logo\":{\"@type\":\"ImageObject\",\"inLanguage\":\"de\",\"@id\":\"https:\\\/\\\/www.deskmodder.de\\\/blog\\\/#\\\/schema\\\/logo\\\/image\\\/\",\"url\":\"https:\\\/\\\/www.deskmodder.de\\\/blog\\\/wp-content\\\/uploads\\\/2019\\\/01\\\/deskmodder-logo-app.png\",\"contentUrl\":\"https:\\\/\\\/www.deskmodder.de\\\/blog\\\/wp-content\\\/uploads\\\/2019\\\/01\\\/deskmodder-logo-app.png\",\"width\":281,\"height\":286,\"caption\":\"Deskmodder\"},\"image\":{\"@id\":\"https:\\\/\\\/www.deskmodder.de\\\/blog\\\/#\\\/schema\\\/logo\\\/image\\\/\"},\"sameAs\":[\"https:\\\/\\\/www.facebook.com\\\/Deskmodder\",\"https:\\\/\\\/x.com\\\/Deskmodder\",\"https:\\\/\\\/mastodontech.de\\\/@Deskmodder\",\"https:\\\/\\\/www.youtube.com\\\/user\\\/deskmodder\",\"https:\\\/\\\/mewe.com\\\/group\\\/5c83b5231add826fc80cdae1\"]},{\"@type\":\"Person\",\"@id\":\"https:\\\/\\\/www.deskmodder.de\\\/blog\\\/#\\\/schema\\\/person\\\/f3c70b4f4860c9fcc4c04057ed04f469\",\"name\":\"W8U\",\"image\":{\"@type\":\"ImageObject\",\"inLanguage\":\"de\",\"@id\":\"https:\\\/\\\/secure.gravatar.com\\\/avatar\\\/a1e9db99fdd71a9ae2c516203e3fcd390817fa98f868eb9ba6d4a77d1a815cd4?s=96&d=mm&r=g\",\"url\":\"https:\\\/\\\/secure.gravatar.com\\\/avatar\\\/a1e9db99fdd71a9ae2c516203e3fcd390817fa98f868eb9ba6d4a77d1a815cd4?s=96&d=mm&r=g\",\"contentUrl\":\"https:\\\/\\\/secure.gravatar.com\\\/avatar\\\/a1e9db99fdd71a9ae2c516203e3fcd390817fa98f868eb9ba6d4a77d1a815cd4?s=96&d=mm&r=g\",\"caption\":\"W8U\"},\"description\":\"Technikliebhaber aus Niedersachsen und seit 2013 bei den Deskmoddern. Interessiert sich f\u00fcr (fast) alles, durch das Strom flie\u00dft: Computer, Smartphones, Tablets, Autos und so weiter.\",\"url\":\"https:\\\/\\\/www.deskmodder.de\\\/blog\\\/author\\\/w8u\\\/\"}]}<\/script>\n<!-- \/ Yoast SEO Premium plugin. -->","yoast_head_json":{"title":"Wie ich aus einem alten iPad einen digitalen Bilderrahmen gemacht habe - Deskmodder.de","robots":{"index":"index","follow":"follow","max-snippet":"max-snippet:-1","max-image-preview":"max-image-preview:large","max-video-preview":"max-video-preview:-1"},"canonical":"https:\/\/www.deskmodder.de\/blog\/2025\/08\/11\/wie-ich-aus-einem-alten-ipad-einen-digitalen-bilderrahmen-gemacht-habe\/","og_locale":"de_DE","og_type":"article","og_title":"Wie ich aus einem alten iPad einen digitalen Bilderrahmen gemacht habe","og_description":"Ein altes Tablet muss nicht ungenutzt in der Schublade verstauben: Ich habe k\u00fcrzlich ein iPad Air aus dem Jahr 2013 in einen digitalen Bilderrahmen verwandelt. F\u00fcr mein Projekt verwendet habe ich einen R\u00d6DALM-Rahmen in der Gr\u00f6\u00dfe 21&#215;30 cm f\u00fcr 5&hellip;","og_url":"https:\/\/www.deskmodder.de\/blog\/2025\/08\/11\/wie-ich-aus-einem-alten-ipad-einen-digitalen-bilderrahmen-gemacht-habe\/","og_site_name":"Deskmodder.de","article_publisher":"https:\/\/www.facebook.com\/Deskmodder","article_published_time":"2025-08-11T11:23:24+00:00","og_image":[{"width":2560,"height":1920,"url":"https:\/\/www.deskmodder.de\/blog\/wp-content\/uploads\/2025\/08\/img-5785-scaled.jpeg","type":"image\/jpeg"}],"author":"W8U","twitter_card":"summary_large_image","twitter_creator":"@Deskmodder","twitter_site":"@Deskmodder","schema":{"@context":"https:\/\/schema.org","@graph":[{"@type":"Article","@id":"https:\/\/www.deskmodder.de\/blog\/2025\/08\/11\/wie-ich-aus-einem-alten-ipad-einen-digitalen-bilderrahmen-gemacht-habe\/#article","isPartOf":{"@id":"https:\/\/www.deskmodder.de\/blog\/2025\/08\/11\/wie-ich-aus-einem-alten-ipad-einen-digitalen-bilderrahmen-gemacht-habe\/"},"author":{"name":"W8U","@id":"https:\/\/www.deskmodder.de\/blog\/#\/schema\/person\/f3c70b4f4860c9fcc4c04057ed04f469"},"headline":"Wie ich aus einem alten iPad einen digitalen Bilderrahmen gemacht habe","datePublished":"2025-08-11T11:23:24+00:00","mainEntityOfPage":{"@id":"https:\/\/www.deskmodder.de\/blog\/2025\/08\/11\/wie-ich-aus-einem-alten-ipad-einen-digitalen-bilderrahmen-gemacht-habe\/"},"wordCount":526,"commentCount":20,"publisher":{"@id":"https:\/\/www.deskmodder.de\/blog\/#organization"},"image":{"@id":"https:\/\/www.deskmodder.de\/blog\/2025\/08\/11\/wie-ich-aus-einem-alten-ipad-einen-digitalen-bilderrahmen-gemacht-habe\/#primaryimage"},"thumbnailUrl":"https:\/\/www.deskmodder.de\/blog\/wp-content\/uploads\/2025\/08\/img-5785-scaled.jpeg","keywords":["Bilderrahmen","digitaler Bilderrahmen","iPad","Re Frame"],"articleSection":{"1":"Hardware","2":"iOS"},"inLanguage":"de","potentialAction":[{"@type":"CommentAction","name":"Comment","target":["https:\/\/www.deskmodder.de\/blog\/2025\/08\/11\/wie-ich-aus-einem-alten-ipad-einen-digitalen-bilderrahmen-gemacht-habe\/#respond"]}],"copyrightYear":"2025","copyrightHolder":{"@id":"https:\/\/www.deskmodder.de\/blog\/#organization"}},{"@type":"WebPage","@id":"https:\/\/www.deskmodder.de\/blog\/2025\/08\/11\/wie-ich-aus-einem-alten-ipad-einen-digitalen-bilderrahmen-gemacht-habe\/","url":"https:\/\/www.deskmodder.de\/blog\/2025\/08\/11\/wie-ich-aus-einem-alten-ipad-einen-digitalen-bilderrahmen-gemacht-habe\/","name":"Wie ich aus einem alten iPad einen digitalen Bilderrahmen gemacht habe - Deskmodder.de","isPartOf":{"@id":"https:\/\/www.deskmodder.de\/blog\/#website"},"primaryImageOfPage":{"@id":"https:\/\/www.deskmodder.de\/blog\/2025\/08\/11\/wie-ich-aus-einem-alten-ipad-einen-digitalen-bilderrahmen-gemacht-habe\/#primaryimage"},"image":{"@id":"https:\/\/www.deskmodder.de\/blog\/2025\/08\/11\/wie-ich-aus-einem-alten-ipad-einen-digitalen-bilderrahmen-gemacht-habe\/#primaryimage"},"thumbnailUrl":"https:\/\/www.deskmodder.de\/blog\/wp-content\/uploads\/2025\/08\/img-5785-scaled.jpeg","datePublished":"2025-08-11T11:23:24+00:00","breadcrumb":{"@id":"https:\/\/www.deskmodder.de\/blog\/2025\/08\/11\/wie-ich-aus-einem-alten-ipad-einen-digitalen-bilderrahmen-gemacht-habe\/#breadcrumb"},"inLanguage":"de","potentialAction":[{"@type":"ReadAction","target":["https:\/\/www.deskmodder.de\/blog\/2025\/08\/11\/wie-ich-aus-einem-alten-ipad-einen-digitalen-bilderrahmen-gemacht-habe\/"]}]},{"@type":"ImageObject","inLanguage":"de","@id":"https:\/\/www.deskmodder.de\/blog\/2025\/08\/11\/wie-ich-aus-einem-alten-ipad-einen-digitalen-bilderrahmen-gemacht-habe\/#primaryimage","url":"https:\/\/www.deskmodder.de\/blog\/wp-content\/uploads\/2025\/08\/img-5785-scaled.jpeg","contentUrl":"https:\/\/www.deskmodder.de\/blog\/wp-content\/uploads\/2025\/08\/img-5785-scaled.jpeg","width":2560,"height":1920,"caption":"...und an die Wand"},{"@type":"BreadcrumbList","@id":"https:\/\/www.deskmodder.de\/blog\/2025\/08\/11\/wie-ich-aus-einem-alten-ipad-einen-digitalen-bilderrahmen-gemacht-habe\/#breadcrumb","itemListElement":[{"@type":"ListItem","position":1,"name":"Startseite","item":"https:\/\/www.deskmodder.de\/blog\/"},{"@type":"ListItem","position":2,"name":"Wie ich aus einem alten iPad einen digitalen Bilderrahmen gemacht habe"}]},{"@type":"WebSite","@id":"https:\/\/www.deskmodder.de\/blog\/#website","url":"https:\/\/www.deskmodder.de\/blog\/","name":"Deskmodder.de","description":"News zum Thema Microsoft, Windows 11 \/ 10, sowie anderen Neuigkeiten aus dem Netz, viele Tipps und individuelle Hilfe bei Problemen in unserem Forum \u25cf Deskmodder - seit 2003","publisher":{"@id":"https:\/\/www.deskmodder.de\/blog\/#organization"},"potentialAction":[{"@type":"SearchAction","target":{"@type":"EntryPoint","urlTemplate":"https:\/\/www.deskmodder.de\/blog\/?s={search_term_string}"},"query-input":{"@type":"PropertyValueSpecification","valueRequired":true,"valueName":"search_term_string"}}],"inLanguage":"de"},{"@type":"Organization","@id":"https:\/\/www.deskmodder.de\/blog\/#organization","name":"Deskmodder","url":"https:\/\/www.deskmodder.de\/blog\/","logo":{"@type":"ImageObject","inLanguage":"de","@id":"https:\/\/www.deskmodder.de\/blog\/#\/schema\/logo\/image\/","url":"https:\/\/www.deskmodder.de\/blog\/wp-content\/uploads\/2019\/01\/deskmodder-logo-app.png","contentUrl":"https:\/\/www.deskmodder.de\/blog\/wp-content\/uploads\/2019\/01\/deskmodder-logo-app.png","width":281,"height":286,"caption":"Deskmodder"},"image":{"@id":"https:\/\/www.deskmodder.de\/blog\/#\/schema\/logo\/image\/"},"sameAs":["https:\/\/www.facebook.com\/Deskmodder","https:\/\/x.com\/Deskmodder","https:\/\/mastodontech.de\/@Deskmodder","https:\/\/www.youtube.com\/user\/deskmodder","https:\/\/mewe.com\/group\/5c83b5231add826fc80cdae1"]},{"@type":"Person","@id":"https:\/\/www.deskmodder.de\/blog\/#\/schema\/person\/f3c70b4f4860c9fcc4c04057ed04f469","name":"W8U","image":{"@type":"ImageObject","inLanguage":"de","@id":"https:\/\/secure.gravatar.com\/avatar\/a1e9db99fdd71a9ae2c516203e3fcd390817fa98f868eb9ba6d4a77d1a815cd4?s=96&d=mm&r=g","url":"https:\/\/secure.gravatar.com\/avatar\/a1e9db99fdd71a9ae2c516203e3fcd390817fa98f868eb9ba6d4a77d1a815cd4?s=96&d=mm&r=g","contentUrl":"https:\/\/secure.gravatar.com\/avatar\/a1e9db99fdd71a9ae2c516203e3fcd390817fa98f868eb9ba6d4a77d1a815cd4?s=96&d=mm&r=g","caption":"W8U"},"description":"Technikliebhaber aus Niedersachsen und seit 2013 bei den Deskmoddern. Interessiert sich f\u00fcr (fast) alles, durch das Strom flie\u00dft: Computer, Smartphones, Tablets, Autos und so weiter.","url":"https:\/\/www.deskmodder.de\/blog\/author\/w8u\/"}]}},"jetpack_publicize_connections":[],"jetpack_featured_media_url":"https:\/\/www.deskmodder.de\/blog\/wp-content\/uploads\/2025\/08\/img-5785-scaled.jpeg","_links":{"self":[{"href":"https:\/\/www.deskmodder.de\/blog\/wp-json\/wp\/v2\/posts\/202432","targetHints":{"allow":["GET"]}}],"collection":[{"href":"https:\/\/www.deskmodder.de\/blog\/wp-json\/wp\/v2\/posts"}],"about":[{"href":"https:\/\/www.deskmodder.de\/blog\/wp-json\/wp\/v2\/types\/post"}],"author":[{"embeddable":true,"href":"https:\/\/www.deskmodder.de\/blog\/wp-json\/wp\/v2\/users\/1525"}],"replies":[{"embeddable":true,"href":"https:\/\/www.deskmodder.de\/blog\/wp-json\/wp\/v2\/comments?post=202432"}],"version-history":[{"count":3,"href":"https:\/\/www.deskmodder.de\/blog\/wp-json\/wp\/v2\/posts\/202432\/revisions"}],"predecessor-version":[{"id":202452,"href":"https:\/\/www.deskmodder.de\/blog\/wp-json\/wp\/v2\/posts\/202432\/revisions\/202452"}],"wp:featuredmedia":[{"embeddable":true,"href":"https:\/\/www.deskmodder.de\/blog\/wp-json\/wp\/v2\/media\/202434"}],"wp:attachment":[{"href":"https:\/\/www.deskmodder.de\/blog\/wp-json\/wp\/v2\/media?parent=202432"}],"wp:term":[{"taxonomy":"category","embeddable":true,"href":"https:\/\/www.deskmodder.de\/blog\/wp-json\/wp\/v2\/categories?post=202432"},{"taxonomy":"post_tag","embeddable":true,"href":"https:\/\/www.deskmodder.de\/blog\/wp-json\/wp\/v2\/tags?post=202432"}],"curies":[{"name":"wp","href":"https:\/\/api.w.org\/{rel}","templated":true}]}}