{"id":201102,"date":"2025-07-09T11:37:24","date_gmt":"2025-07-09T09:37:24","guid":{"rendered":"https:\/\/www.deskmodder.de\/blog\/?p=201102"},"modified":"2025-07-09T11:37:24","modified_gmt":"2025-07-09T09:37:24","slug":"vw-streicht-alexa-app-sprachsteuerung-endet-am-27-09-2025","status":"publish","type":"post","link":"https:\/\/www.deskmodder.de\/blog\/2025\/07\/09\/vw-streicht-alexa-app-sprachsteuerung-endet-am-27-09-2025\/","title":{"rendered":"VW streicht Alexa App: Sprachsteuerung endet am 27.09.2025"},"content":{"rendered":"<p>Volkswagen hat angek\u00fcndigt, die Alexa In-Car App zum 27. September 2025 einzustellen. Die Entscheidung, die VW mit \u201eunternehmerischen Gr\u00fcnden\u201c begr\u00fcndet, d\u00fcrfte f\u00fcr viele nicht \u00fcberraschend kommen \u2013 und wirft gleichzeitig ein Schlaglicht auf die grunds\u00e4tzlichen Probleme des Konzerns im Bereich Software und digitaler Dienste.<\/p>\n<p>Die App erm\u00f6glichte es bisher, das eigene Smart Home \u00fcber Alexa auch vom Auto aus zu steuern \u2013 ein Feature, das eigentlich perfekt in die Zeit smarter Vernetzung passen w\u00fcrde. Doch das Konzept ist gescheitert. Und das ist symptomatisch f\u00fcr den Zustand der Softwarestrategie bei VW.<\/p>\n<p><a href=\"https:\/\/www.deskmodder.de\/blog\/wp-content\/uploads\/2022\/01\/vw-golf-8-viii-cockpit-scaled.jpg\" rel=\"lightbox[201102]\"><img loading=\"lazy\" decoding=\"async\" class=\"aligncenter wp-image-160907 size-large\" src=\"https:\/\/www.deskmodder.de\/blog\/wp-content\/uploads\/2022\/01\/vw-golf-8-viii-cockpit-810x540.jpg\" alt=\"\" width=\"810\" height=\"540\" srcset=\"https:\/\/www.deskmodder.de\/blog\/wp-content\/uploads\/2022\/01\/vw-golf-8-viii-cockpit-810x540.jpg 810w, https:\/\/www.deskmodder.de\/blog\/wp-content\/uploads\/2022\/01\/vw-golf-8-viii-cockpit-500x333.jpg 500w, https:\/\/www.deskmodder.de\/blog\/wp-content\/uploads\/2022\/01\/vw-golf-8-viii-cockpit-306x205.jpg 306w, https:\/\/www.deskmodder.de\/blog\/wp-content\/uploads\/2022\/01\/vw-golf-8-viii-cockpit-1536x1024.jpg 1536w, https:\/\/www.deskmodder.de\/blog\/wp-content\/uploads\/2022\/01\/vw-golf-8-viii-cockpit-2048x1366.jpg 2048w\" sizes=\"auto, (max-width: 810px) 100vw, 810px\" \/><\/a><\/p>\n<p data-start=\"937\" data-end=\"1447\">Mit der Einf\u00fchrung eines eigenen App-Stores im Infotainmentsystem wollte Volkswagen einst zeigen, dass man mit den gro\u00dfen Tech-Unternehmen mithalten kann. Nutzer von Fahrzeugen wie dem Golf 8, ID.3, ID.4, ID.7 und weiteren Modellen konnten dort ausgew\u00e4hlte Apps installieren \u2013 darunter auch die Alexa In-Car App. Die Idee: Sprachsteuerung f\u00fcrs Zuhause auch unterwegs nutzen, ganz ohne Smartphone. Licht einschalten, Rolll\u00e4den hochfahren, die Heizung aktivieren \u2013 alles direkt \u00fcber das Fahrzeug.<\/p>\n<p data-start=\"1449\" data-end=\"1870\">Doch was auf dem Papier innovativ klingt, scheiterte an der Realit\u00e4t: Die Anwendung erforderte eine Internetverbindung im Auto, entweder \u00fcber ein kostenpflichtiges VW-Datenpaket oder \u00fcber einen Hotspot vom Smartphone. Beides war nicht nur technisch umst\u00e4ndlich, sondern laut vielen Nutzerberichten auch unzuverl\u00e4ssig und teuer. Wer Alexa wirklich nutzen wollte, hatte damit also oft mehr Frust als Nutzen.<\/p>\n<p data-start=\"1921\" data-end=\"2439\">Angesichts dieser Ausgangslage kommt die Entscheidung, die App einzustellen, wenig \u00fcberraschend. Die Nutzerzahlen d\u00fcrften \u00fcberschaubar gewesen sein, und Volkswagen k\u00e4mpft ohnehin mit anhaltenden Softwareproblemen, die selbst die Basisfunktionen des Infotainmentsystems in Frage stellen. Ruckelnde Displays, fehlerhafte Updates und inkonsistente Benutzerf\u00fchrung sind f\u00fcr viele Kunden l\u00e4ngst Alltag. Dass ausgerechnet eine smarte Zusatzfunktion wie Alexa in diesem System wenig Anklang fand, ist wenig verwunderlich.<\/p>\n<p data-start=\"2441\" data-end=\"2863\">Hinzu kommt, dass viele Nutzer l\u00e4ngst auf Android Auto oder Apple CarPlay setzen \u2013 beide Plattformen erm\u00f6glichen nicht nur eine nahtlose Integration von Smartphone-Apps, sondern bieten auch Zugriff auf Alexa, Google Assistant, Siri und viele andere Dienste, ohne Zusatzkosten und mit stabilerer Verbindung. Warum also auf einen halbgaren VW-App-Store setzen, wenn das eigene Smartphone es einfach besser macht?<\/p>\n<p data-start=\"2441\" data-end=\"2863\"><a href=\"https:\/\/www.deskmodder.de\/blog\/wp-content\/uploads\/2022\/01\/vw-golf-8-viii-cockpit-2-scaled.jpg\" rel=\"lightbox[201102]\"><img loading=\"lazy\" decoding=\"async\" class=\"aligncenter wp-image-160908 size-large\" src=\"https:\/\/www.deskmodder.de\/blog\/wp-content\/uploads\/2022\/01\/vw-golf-8-viii-cockpit-2-810x540.jpg\" alt=\"\" width=\"810\" height=\"540\" srcset=\"https:\/\/www.deskmodder.de\/blog\/wp-content\/uploads\/2022\/01\/vw-golf-8-viii-cockpit-2-810x540.jpg 810w, https:\/\/www.deskmodder.de\/blog\/wp-content\/uploads\/2022\/01\/vw-golf-8-viii-cockpit-2-500x333.jpg 500w, https:\/\/www.deskmodder.de\/blog\/wp-content\/uploads\/2022\/01\/vw-golf-8-viii-cockpit-2-306x205.jpg 306w, https:\/\/www.deskmodder.de\/blog\/wp-content\/uploads\/2022\/01\/vw-golf-8-viii-cockpit-2-1536x1024.jpg 1536w, https:\/\/www.deskmodder.de\/blog\/wp-content\/uploads\/2022\/01\/vw-golf-8-viii-cockpit-2-2048x1366.jpg 2048w\" sizes=\"auto, (max-width: 810px) 100vw, 810px\" \/><\/a><\/p>\n<p data-start=\"2441\" data-end=\"2863\">Mit dem Wegfall der Alexa-App verliert der VW App-Store eine seiner wenigen halbwegs relevanten Anwendungen. Der Store war ohnehin sp\u00e4rlich best\u00fcckt \u2013 nur wenige Apps waren verf\u00fcgbar, die meisten davon ohne echten Mehrwert. Die Vision, ein eigenes App-\u00d6kosystem wie auf dem Smartphone aufzubauen, hat sich damit endg\u00fcltig als fehlgeleitet erwiesen. Denn wer einen App-Store anbietet, muss auch Inhalte liefern \u2013 und zwar in einem funktionierenden Umfeld. Daran mangelt es bei Volkswagen nach wie vor.<\/p>\n","protected":false},"excerpt":{"rendered":"<p>Volkswagen hat angek\u00fcndigt, die Alexa In-Car App zum 27. September 2025 einzustellen. Die Entscheidung, die VW mit \u201eunternehmerischen Gr\u00fcnden\u201c begr\u00fcndet, d\u00fcrfte f\u00fcr viele nicht \u00fcberraschend kommen \u2013 und wirft gleichzeitig ein Schlaglicht auf die grunds\u00e4tzlichen Probleme des Konzerns im Bereich&hellip; <\/p>\n","protected":false},"author":2650,"featured_media":160907,"comment_status":"open","ping_status":"open","sticky":false,"template":"","format":"standard","meta":{"jetpack_post_was_ever_published":false,"footnotes":"","jetpack_publicize_message":"","jetpack_publicize_feature_enabled":true,"jetpack_social_post_already_shared":false,"jetpack_social_options":{"image_generator_settings":{"template":"highway","default_image_id":0,"font":"","enabled":false},"version":2}},"categories":[60884],"tags":[15565,93059,84703,93058,93057,15243,1032,25348],"class_list":["post-201102","post","type-post","status-publish","format-standard","has-post-thumbnail","hentry","category-internet","tag-audi","tag-e-mobilitaet","tag-infotainment","tag-seat","tag-skoda","tag-smart","tag-updates","tag-volkswagen"],"wp_featured_image":{"id":160907,"alt_text":"","description":"","media_type":"image","media_details":{"width":2560,"height":1707,"file":"2022\/01\/vw-golf-8-viii-cockpit-scaled.jpg","sizes":{"medium":{"file":"vw-golf-8-viii-cockpit-500x333.jpg","width":500,"height":333,"mime-type":"image\/jpeg","source_url":"https:\/\/www.deskmodder.de\/blog\/wp-content\/uploads\/2022\/01\/vw-golf-8-viii-cockpit-500x333.jpg"},"large":{"file":"vw-golf-8-viii-cockpit-810x540.jpg","width":810,"height":540,"mime-type":"image\/jpeg","source_url":"https:\/\/www.deskmodder.de\/blog\/wp-content\/uploads\/2022\/01\/vw-golf-8-viii-cockpit-810x540.jpg"},"thumbnail":{"file":"vw-golf-8-viii-cockpit-306x205.jpg","width":306,"height":205,"mime-type":"image\/jpeg","source_url":"https:\/\/www.deskmodder.de\/blog\/wp-content\/uploads\/2022\/01\/vw-golf-8-viii-cockpit-306x205.jpg"},"1536x1536":{"file":"vw-golf-8-viii-cockpit-1536x1024.jpg","width":1536,"height":1024,"mime-type":"image\/jpeg","source_url":"https:\/\/www.deskmodder.de\/blog\/wp-content\/uploads\/2022\/01\/vw-golf-8-viii-cockpit-1536x1024.jpg"},"2048x2048":{"file":"vw-golf-8-viii-cockpit-2048x1366.jpg","width":2048,"height":1366,"mime-type":"image\/jpeg","source_url":"https:\/\/www.deskmodder.de\/blog\/wp-content\/uploads\/2022\/01\/vw-golf-8-viii-cockpit-2048x1366.jpg"},"blog-large":{"file":"vw-golf-8-viii-cockpit-642x300.jpg","width":642,"height":300,"mime-type":"image\/jpeg","source_url":"https:\/\/www.deskmodder.de\/blog\/wp-content\/uploads\/2022\/01\/vw-golf-8-viii-cockpit-642x300.jpg"},"blog-medium":{"file":"vw-golf-8-viii-cockpit-306x205.jpg","width":306,"height":205,"mime-type":"image\/jpeg","source_url":"https:\/\/www.deskmodder.de\/blog\/wp-content\/uploads\/2022\/01\/vw-golf-8-viii-cockpit-306x205.jpg"},"recent-thumb":{"file":"vw-golf-8-viii-cockpit-350x316.jpg","width":350,"height":316,"mime-type":"image\/jpeg","source_url":"https:\/\/www.deskmodder.de\/blog\/wp-content\/uploads\/2022\/01\/vw-golf-8-viii-cockpit-350x316.jpg"},"service-featured":{"file":"vw-golf-8-viii-cockpit-600x330.jpg","width":600,"height":330,"mime-type":"image\/jpeg","source_url":"https:\/\/www.deskmodder.de\/blog\/wp-content\/uploads\/2022\/01\/vw-golf-8-viii-cockpit-600x330.jpg"},"wp_rp_thumbnail":{"file":"vw-golf-8-viii-cockpit-50x50.jpg","width":50,"height":50,"mime-type":"image\/jpeg","source_url":"https:\/\/www.deskmodder.de\/blog\/wp-content\/uploads\/2022\/01\/vw-golf-8-viii-cockpit-50x50.jpg"}},"image_meta":{"aperture":"0","credit":"Hardy Mutschler","camera":"","caption":"","created_timestamp":"1574522115","copyright":"Volkswagen AG","focal_length":"0","iso":"0","shutter_speed":"0","title":"The new Volkswagen Golf","orientation":"1","keywords":[]},"original_image":"vw-golf-8-viii-cockpit.jpg"},"post":160903,"source_url":"https:\/\/www.deskmodder.de\/blog\/wp-content\/uploads\/2022\/01\/vw-golf-8-viii-cockpit-scaled.jpg"},"commentcount":5,"wp_comments":[{"id":307694,"parent":0,"author":0,"author_name":"Froyo52","author_email":"egerdes@web.de","author_url":"","author_avatar_urls":{"24":"https:\/\/secure.gravatar.com\/avatar\/1bd6d427520ae99b644baac39ef7634a6fab88a4bfaab439a47ff17a355f41f1?s=24&d=mm&r=g","48":"https:\/\/secure.gravatar.com\/avatar\/1bd6d427520ae99b644baac39ef7634a6fab88a4bfaab439a47ff17a355f41f1?s=48&d=mm&r=g","96":"https:\/\/secure.gravatar.com\/avatar\/1bd6d427520ae99b644baac39ef7634a6fab88a4bfaab439a47ff17a355f41f1?s=96&d=mm&r=g"},"date":"2025-07-09T11:44:46","cld_nonce":"5b064c4575","content":{"rendered":"<p>Das Infotainment (SW 5.20) meines ID.3 Pro ruckelt nicht und arbeitet einwandfrei. Es gab bisher keine fehlerhaften Updates und es existiert eine sehr gute Benutzerf\u00fchrung, auch \u00fcber die Sprachassistenz.<\/p>\n"},"status":"1"},{"id":307698,"parent":0,"author":10167,"author_name":"tom-k","author_email":"snow4fun@web.de","author_url":"","author_avatar_urls":{"24":"https:\/\/secure.gravatar.com\/avatar\/99679c2998a4b09769c6deb22744b947fe7fa241438b2bdc9012c78f61fe099b?s=24&d=mm&r=g","48":"https:\/\/secure.gravatar.com\/avatar\/99679c2998a4b09769c6deb22744b947fe7fa241438b2bdc9012c78f61fe099b?s=48&d=mm&r=g","96":"https:\/\/secure.gravatar.com\/avatar\/99679c2998a4b09769c6deb22744b947fe7fa241438b2bdc9012c78f61fe099b?s=96&d=mm&r=g"},"date":"2025-07-09T12:08:04","cld_nonce":"5b064c4575","content":{"rendered":"<p>Was mich schon seit Jahren an den softwarebasierenden Bediensystemen wirklich ALLER Hersteller nervt:<br \/>\n &#8211; Die Men\u00fcf\u00fchrungen sind meist nicht intuitiv und endlos verschachtelt<br \/>\n &#8211; Jeder meint f\u00fcr sich, und mit jeder neuen Version, das Rad neu erfinden zu m\u00fcssen<br \/>\n &#8211; ALLE k\u00f6nnen den Hals nicht voll kriegen, und verweigern sich jeglichen Standards oder Kooperationen<br \/>\n &#8211; Kaum Zugriff auf Standardkonfigurationen, wie Men\u00fcf\u00fchrung, Verhalten von Kameras, Innenbeleuchtung, usw.<br \/>\n &#8211; &#8230;<\/p>\n"},"status":"1"},{"id":307714,"parent":0,"author":0,"author_name":"Simonko","author_email":"c.schulzensohn@web.de","author_url":"","author_avatar_urls":{"24":"https:\/\/secure.gravatar.com\/avatar\/e39a84ccb3122faf693d69db89c388ca60a3997b945842a588cadaa2d5014ac9?s=24&d=mm&r=g","48":"https:\/\/secure.gravatar.com\/avatar\/e39a84ccb3122faf693d69db89c388ca60a3997b945842a588cadaa2d5014ac9?s=48&d=mm&r=g","96":"https:\/\/secure.gravatar.com\/avatar\/e39a84ccb3122faf693d69db89c388ca60a3997b945842a588cadaa2d5014ac9?s=96&d=mm&r=g"},"date":"2025-07-09T20:35:50","cld_nonce":"5b064c4575","content":{"rendered":"<p>Da die Datenpakete \u00fcber Cubic offenbar zu teuer sind und Alexa bereits problemlos \u00fcber Android Auto l\u00e4uft, rechnet sich die In-Car-Alexa-App f\u00fcr VW wirtschaftlich kaum. Schlie\u00dflich m\u00fcssen Entwicklung, Tests und Deployment bezahlt werden.<\/p>\n<p>Zudem ist das App-Angebot fahrzeugspezifisch nach SOP- und MOD-Kategorie gestaffelt. Ein MOD 3-Fahrzeug sieht andere, manchmal auch gleiche Apps als ein MOD 4-Modell. Ger\u00fcchten zufolge soll demn\u00e4chst zudem eine Smart-Home-App folgen. Dar\u00fcber hinaus existieren FODs, mit denen man beispielsweise das Ambilight nachtr\u00e4glich farbig gestalten kann.<\/p>\n<p>Die Behauptung, die Displays w\u00fcrden noch ruckeln, stammt aus Golf-6-Zeiten und hat heute keine G\u00fcltigkeit mehr. Die HMI arbeitet schnell und \u00fcbersichtlich. Einzig der Ann\u00e4herungssensor erscheint gew\u00f6hnungsbed\u00fcrftig \u2013 zum Gl\u00fcck l\u00e4sst er sich abschalten.<\/p>\n<p>Wirklich st\u00f6rend ist f\u00fcr mich die Materialanmutung im Innenraum, die nicht dem Preisniveau entspricht. Abgesehen davon sollte man nicht pauschal alles schlechtreden und sich von alten, \u00fcberholten Vorurteilen leiten lassen.<\/p>\n"},"status":"1"},{"id":307782,"parent":0,"author":0,"author_name":"Mike","author_email":"mike33@aol.com","author_url":"","author_avatar_urls":{"24":"https:\/\/secure.gravatar.com\/avatar\/5e5bf1842e851de1d6ff05d1842cd3d8efe2539372949f5c61486a07aad69f3c?s=24&d=mm&r=g","48":"https:\/\/secure.gravatar.com\/avatar\/5e5bf1842e851de1d6ff05d1842cd3d8efe2539372949f5c61486a07aad69f3c?s=48&d=mm&r=g","96":"https:\/\/secure.gravatar.com\/avatar\/5e5bf1842e851de1d6ff05d1842cd3d8efe2539372949f5c61486a07aad69f3c?s=96&d=mm&r=g"},"date":"2025-07-10T23:06:51","cld_nonce":"5b064c4575","content":{"rendered":"<p>Dumme Frage, da ich zum Gl\u00fcck nicht solche WLAN Bomber fahre, interessiert mich aber trotzdem mal die Datenanbindung? In jedem Auto ist doch vermutlich eine Sim Mobilfunkkarte verbaut, wer bezahlt die denn und auf wen l\u00e4uft die oder der Vertrag bzw. wer haftet f\u00fcr den ganzen Kram oder mu\u00df man die immer automatisch mit&#8220;kaufen&#8220; wenn man solche Autos besitzt?<\/p>\n"},"status":"1"},{"id":307857,"parent":307782,"author":0,"author_name":"Westi","author_email":"hw1@justmail.de","author_url":"","author_avatar_urls":{"24":"https:\/\/secure.gravatar.com\/avatar\/ef836939681ee30bd7a33dfb659ed733b6d37874a8fd416ebc3699c609acafad?s=24&d=mm&r=g","48":"https:\/\/secure.gravatar.com\/avatar\/ef836939681ee30bd7a33dfb659ed733b6d37874a8fd416ebc3699c609acafad?s=48&d=mm&r=g","96":"https:\/\/secure.gravatar.com\/avatar\/ef836939681ee30bd7a33dfb659ed733b6d37874a8fd416ebc3699c609acafad?s=96&d=mm&r=g"},"date":"2025-07-13T03:00:42","cld_nonce":"5b064c4575","content":{"rendered":"<p>Die scheint nur f\u00fcr die Datensammelwut und den \u00dcberwachungswahn &#8222;intern&#8220; verf\u00fcgbar zu sein.<br \/>\nDie Kosten \u00fcbernimmt der Hersteller, l\u00e4sst aber keine weiteren Dienste zu.<br \/>\nIn meinem Betrieb kostet eine SIM pauschal etwa drei \u20ac\/Monat. Bei VW und Konsorten werden sie noch g\u00fcnstiger sein.<\/p>\n"},"status":"1"}],"wp_author":{"id":2650,"name":"TimboTillo","description":"Word, PowerPoint waren meine ersten Erfahrungen mit der Computer-Welt. Immer mehr lernte ich neue M\u00f6glichkeiten und Funktionen kennen. Richtig wohl f\u00fchle ich mich im Netzwerkbereich, mit Windows 11 und ganz viel WLAN :-)!","author_avatar_urls":{"24":"https:\/\/secure.gravatar.com\/avatar\/8f3cfe12065d1f5b2c9f09eb3c40047c39e05b0a63d4f2578251e4dc846d56a3?s=24&d=mm&r=g","48":"https:\/\/secure.gravatar.com\/avatar\/8f3cfe12065d1f5b2c9f09eb3c40047c39e05b0a63d4f2578251e4dc846d56a3?s=48&d=mm&r=g","96":"https:\/\/secure.gravatar.com\/avatar\/8f3cfe12065d1f5b2c9f09eb3c40047c39e05b0a63d4f2578251e4dc846d56a3?s=96&d=mm&r=g"}},"cld_nonce":"5b064c4575","yoast_head":"<!-- This site is optimized with the Yoast SEO Premium plugin v27.5 (Yoast SEO v27.5) - https:\/\/yoast.com\/product\/yoast-seo-premium-wordpress\/ -->\n<title>VW streicht Alexa App: Sprachsteuerung endet am 27.09.2025 - Deskmodder.de<\/title>\n<meta name=\"robots\" content=\"index, follow, max-snippet:-1, max-image-preview:large, max-video-preview:-1\" \/>\n<link rel=\"canonical\" href=\"https:\/\/www.deskmodder.de\/blog\/2025\/07\/09\/vw-streicht-alexa-app-sprachsteuerung-endet-am-27-09-2025\/\" \/>\n<meta property=\"og:locale\" content=\"de_DE\" \/>\n<meta property=\"og:type\" content=\"article\" \/>\n<meta property=\"og:title\" content=\"VW streicht Alexa App: Sprachsteuerung endet am 27.09.2025\" \/>\n<meta property=\"og:description\" content=\"Volkswagen hat angek\u00fcndigt, die Alexa In-Car App zum 27. September 2025 einzustellen. Die Entscheidung, die VW mit \u201eunternehmerischen Gr\u00fcnden\u201c begr\u00fcndet, d\u00fcrfte f\u00fcr viele nicht \u00fcberraschend kommen \u2013 und wirft gleichzeitig ein Schlaglicht auf die grunds\u00e4tzlichen Probleme des Konzerns im Bereich&hellip;\" \/>\n<meta property=\"og:url\" content=\"https:\/\/www.deskmodder.de\/blog\/2025\/07\/09\/vw-streicht-alexa-app-sprachsteuerung-endet-am-27-09-2025\/\" \/>\n<meta property=\"og:site_name\" content=\"Deskmodder.de\" \/>\n<meta property=\"article:publisher\" content=\"https:\/\/www.facebook.com\/Deskmodder\" \/>\n<meta property=\"article:author\" content=\"http:\/\/www.facebook.com\/timwesterhoffnoh\" \/>\n<meta property=\"article:published_time\" content=\"2025-07-09T09:37:24+00:00\" \/>\n<meta property=\"og:image\" content=\"https:\/\/www.deskmodder.de\/blog\/wp-content\/uploads\/2022\/01\/vw-golf-8-viii-cockpit-scaled.jpg\" \/>\n\t<meta property=\"og:image:width\" content=\"2560\" \/>\n\t<meta property=\"og:image:height\" content=\"1707\" \/>\n\t<meta property=\"og:image:type\" content=\"image\/jpeg\" \/>\n<meta name=\"author\" content=\"TimboTillo\" \/>\n<meta name=\"twitter:card\" content=\"summary_large_image\" \/>\n<meta name=\"twitter:creator\" content=\"@https:\/\/twitter.com\/TimWesterhoff98\" \/>\n<meta name=\"twitter:site\" content=\"@Deskmodder\" \/>\n<script type=\"application\/ld+json\" class=\"yoast-schema-graph\">{\"@context\":\"https:\\\/\\\/schema.org\",\"@graph\":[{\"@type\":\"Article\",\"@id\":\"https:\\\/\\\/www.deskmodder.de\\\/blog\\\/2025\\\/07\\\/09\\\/vw-streicht-alexa-app-sprachsteuerung-endet-am-27-09-2025\\\/#article\",\"isPartOf\":{\"@id\":\"https:\\\/\\\/www.deskmodder.de\\\/blog\\\/2025\\\/07\\\/09\\\/vw-streicht-alexa-app-sprachsteuerung-endet-am-27-09-2025\\\/\"},\"author\":{\"name\":\"TimboTillo\",\"@id\":\"https:\\\/\\\/www.deskmodder.de\\\/blog\\\/#\\\/schema\\\/person\\\/f3ef642d5524caf1553c054f014206d7\"},\"headline\":\"VW streicht Alexa App: Sprachsteuerung endet am 27.09.2025\",\"datePublished\":\"2025-07-09T09:37:24+00:00\",\"mainEntityOfPage\":{\"@id\":\"https:\\\/\\\/www.deskmodder.de\\\/blog\\\/2025\\\/07\\\/09\\\/vw-streicht-alexa-app-sprachsteuerung-endet-am-27-09-2025\\\/\"},\"wordCount\":435,\"commentCount\":5,\"publisher\":{\"@id\":\"https:\\\/\\\/www.deskmodder.de\\\/blog\\\/#organization\"},\"image\":{\"@id\":\"https:\\\/\\\/www.deskmodder.de\\\/blog\\\/2025\\\/07\\\/09\\\/vw-streicht-alexa-app-sprachsteuerung-endet-am-27-09-2025\\\/#primaryimage\"},\"thumbnailUrl\":\"https:\\\/\\\/www.deskmodder.de\\\/blog\\\/wp-content\\\/uploads\\\/2022\\\/01\\\/vw-golf-8-viii-cockpit-scaled.jpg\",\"keywords\":[\"Audi\",\"E-Mobilit\u00e4t\",\"Infotainment\",\"Seat\",\"Skoda\",\"Smart\",\"Updates\",\"Volkswagen\"],\"articleSection\":[\"Welt des Internets\"],\"inLanguage\":\"de\",\"potentialAction\":[{\"@type\":\"CommentAction\",\"name\":\"Comment\",\"target\":[\"https:\\\/\\\/www.deskmodder.de\\\/blog\\\/2025\\\/07\\\/09\\\/vw-streicht-alexa-app-sprachsteuerung-endet-am-27-09-2025\\\/#respond\"]}],\"copyrightYear\":\"2025\",\"copyrightHolder\":{\"@id\":\"https:\\\/\\\/www.deskmodder.de\\\/blog\\\/#organization\"}},{\"@type\":\"WebPage\",\"@id\":\"https:\\\/\\\/www.deskmodder.de\\\/blog\\\/2025\\\/07\\\/09\\\/vw-streicht-alexa-app-sprachsteuerung-endet-am-27-09-2025\\\/\",\"url\":\"https:\\\/\\\/www.deskmodder.de\\\/blog\\\/2025\\\/07\\\/09\\\/vw-streicht-alexa-app-sprachsteuerung-endet-am-27-09-2025\\\/\",\"name\":\"VW streicht Alexa App: Sprachsteuerung endet am 27.09.2025 - Deskmodder.de\",\"isPartOf\":{\"@id\":\"https:\\\/\\\/www.deskmodder.de\\\/blog\\\/#website\"},\"primaryImageOfPage\":{\"@id\":\"https:\\\/\\\/www.deskmodder.de\\\/blog\\\/2025\\\/07\\\/09\\\/vw-streicht-alexa-app-sprachsteuerung-endet-am-27-09-2025\\\/#primaryimage\"},\"image\":{\"@id\":\"https:\\\/\\\/www.deskmodder.de\\\/blog\\\/2025\\\/07\\\/09\\\/vw-streicht-alexa-app-sprachsteuerung-endet-am-27-09-2025\\\/#primaryimage\"},\"thumbnailUrl\":\"https:\\\/\\\/www.deskmodder.de\\\/blog\\\/wp-content\\\/uploads\\\/2022\\\/01\\\/vw-golf-8-viii-cockpit-scaled.jpg\",\"datePublished\":\"2025-07-09T09:37:24+00:00\",\"breadcrumb\":{\"@id\":\"https:\\\/\\\/www.deskmodder.de\\\/blog\\\/2025\\\/07\\\/09\\\/vw-streicht-alexa-app-sprachsteuerung-endet-am-27-09-2025\\\/#breadcrumb\"},\"inLanguage\":\"de\",\"potentialAction\":[{\"@type\":\"ReadAction\",\"target\":[\"https:\\\/\\\/www.deskmodder.de\\\/blog\\\/2025\\\/07\\\/09\\\/vw-streicht-alexa-app-sprachsteuerung-endet-am-27-09-2025\\\/\"]}]},{\"@type\":\"ImageObject\",\"inLanguage\":\"de\",\"@id\":\"https:\\\/\\\/www.deskmodder.de\\\/blog\\\/2025\\\/07\\\/09\\\/vw-streicht-alexa-app-sprachsteuerung-endet-am-27-09-2025\\\/#primaryimage\",\"url\":\"https:\\\/\\\/www.deskmodder.de\\\/blog\\\/wp-content\\\/uploads\\\/2022\\\/01\\\/vw-golf-8-viii-cockpit-scaled.jpg\",\"contentUrl\":\"https:\\\/\\\/www.deskmodder.de\\\/blog\\\/wp-content\\\/uploads\\\/2022\\\/01\\\/vw-golf-8-viii-cockpit-scaled.jpg\",\"width\":2560,\"height\":1707},{\"@type\":\"BreadcrumbList\",\"@id\":\"https:\\\/\\\/www.deskmodder.de\\\/blog\\\/2025\\\/07\\\/09\\\/vw-streicht-alexa-app-sprachsteuerung-endet-am-27-09-2025\\\/#breadcrumb\",\"itemListElement\":[{\"@type\":\"ListItem\",\"position\":1,\"name\":\"Startseite\",\"item\":\"https:\\\/\\\/www.deskmodder.de\\\/blog\\\/\"},{\"@type\":\"ListItem\",\"position\":2,\"name\":\"VW streicht Alexa App: Sprachsteuerung endet am 27.09.2025\"}]},{\"@type\":\"WebSite\",\"@id\":\"https:\\\/\\\/www.deskmodder.de\\\/blog\\\/#website\",\"url\":\"https:\\\/\\\/www.deskmodder.de\\\/blog\\\/\",\"name\":\"Deskmodder.de\",\"description\":\"News zum Thema Microsoft, Windows 11 \\\/ 10, sowie anderen Neuigkeiten aus dem Netz, viele Tipps und individuelle Hilfe bei Problemen in unserem Forum \u25cf Deskmodder - seit 2003\",\"publisher\":{\"@id\":\"https:\\\/\\\/www.deskmodder.de\\\/blog\\\/#organization\"},\"potentialAction\":[{\"@type\":\"SearchAction\",\"target\":{\"@type\":\"EntryPoint\",\"urlTemplate\":\"https:\\\/\\\/www.deskmodder.de\\\/blog\\\/?s={search_term_string}\"},\"query-input\":{\"@type\":\"PropertyValueSpecification\",\"valueRequired\":true,\"valueName\":\"search_term_string\"}}],\"inLanguage\":\"de\"},{\"@type\":\"Organization\",\"@id\":\"https:\\\/\\\/www.deskmodder.de\\\/blog\\\/#organization\",\"name\":\"Deskmodder\",\"url\":\"https:\\\/\\\/www.deskmodder.de\\\/blog\\\/\",\"logo\":{\"@type\":\"ImageObject\",\"inLanguage\":\"de\",\"@id\":\"https:\\\/\\\/www.deskmodder.de\\\/blog\\\/#\\\/schema\\\/logo\\\/image\\\/\",\"url\":\"https:\\\/\\\/www.deskmodder.de\\\/blog\\\/wp-content\\\/uploads\\\/2019\\\/01\\\/deskmodder-logo-app.png\",\"contentUrl\":\"https:\\\/\\\/www.deskmodder.de\\\/blog\\\/wp-content\\\/uploads\\\/2019\\\/01\\\/deskmodder-logo-app.png\",\"width\":281,\"height\":286,\"caption\":\"Deskmodder\"},\"image\":{\"@id\":\"https:\\\/\\\/www.deskmodder.de\\\/blog\\\/#\\\/schema\\\/logo\\\/image\\\/\"},\"sameAs\":[\"https:\\\/\\\/www.facebook.com\\\/Deskmodder\",\"https:\\\/\\\/x.com\\\/Deskmodder\",\"https:\\\/\\\/mastodontech.de\\\/@Deskmodder\",\"https:\\\/\\\/www.youtube.com\\\/user\\\/deskmodder\",\"https:\\\/\\\/mewe.com\\\/group\\\/5c83b5231add826fc80cdae1\"]},{\"@type\":\"Person\",\"@id\":\"https:\\\/\\\/www.deskmodder.de\\\/blog\\\/#\\\/schema\\\/person\\\/f3ef642d5524caf1553c054f014206d7\",\"name\":\"TimboTillo\",\"image\":{\"@type\":\"ImageObject\",\"inLanguage\":\"de\",\"@id\":\"https:\\\/\\\/secure.gravatar.com\\\/avatar\\\/8f3cfe12065d1f5b2c9f09eb3c40047c39e05b0a63d4f2578251e4dc846d56a3?s=96&d=mm&r=g\",\"url\":\"https:\\\/\\\/secure.gravatar.com\\\/avatar\\\/8f3cfe12065d1f5b2c9f09eb3c40047c39e05b0a63d4f2578251e4dc846d56a3?s=96&d=mm&r=g\",\"contentUrl\":\"https:\\\/\\\/secure.gravatar.com\\\/avatar\\\/8f3cfe12065d1f5b2c9f09eb3c40047c39e05b0a63d4f2578251e4dc846d56a3?s=96&d=mm&r=g\",\"caption\":\"TimboTillo\"},\"description\":\"Word, PowerPoint waren meine ersten Erfahrungen mit der Computer-Welt. Immer mehr lernte ich neue M\u00f6glichkeiten und Funktionen kennen. Richtig wohl f\u00fchle ich mich im Netzwerkbereich, mit Windows 11 und ganz viel WLAN :-)!\",\"sameAs\":[\"http:\\\/\\\/www.facebook.com\\\/timwesterhoffnoh\",\"https:\\\/\\\/www.instagram.com\\\/tim_westerhoff\\\/\",\"https:\\\/\\\/x.com\\\/https:\\\/\\\/twitter.com\\\/TimWesterhoff98\"],\"url\":\"https:\\\/\\\/www.deskmodder.de\\\/blog\\\/author\\\/timbotillo\\\/\"}]}<\/script>\n<!-- \/ Yoast SEO Premium plugin. -->","yoast_head_json":{"title":"VW streicht Alexa App: Sprachsteuerung endet am 27.09.2025 - Deskmodder.de","robots":{"index":"index","follow":"follow","max-snippet":"max-snippet:-1","max-image-preview":"max-image-preview:large","max-video-preview":"max-video-preview:-1"},"canonical":"https:\/\/www.deskmodder.de\/blog\/2025\/07\/09\/vw-streicht-alexa-app-sprachsteuerung-endet-am-27-09-2025\/","og_locale":"de_DE","og_type":"article","og_title":"VW streicht Alexa App: Sprachsteuerung endet am 27.09.2025","og_description":"Volkswagen hat angek\u00fcndigt, die Alexa In-Car App zum 27. September 2025 einzustellen. Die Entscheidung, die VW mit \u201eunternehmerischen Gr\u00fcnden\u201c begr\u00fcndet, d\u00fcrfte f\u00fcr viele nicht \u00fcberraschend kommen \u2013 und wirft gleichzeitig ein Schlaglicht auf die grunds\u00e4tzlichen Probleme des Konzerns im Bereich&hellip;","og_url":"https:\/\/www.deskmodder.de\/blog\/2025\/07\/09\/vw-streicht-alexa-app-sprachsteuerung-endet-am-27-09-2025\/","og_site_name":"Deskmodder.de","article_publisher":"https:\/\/www.facebook.com\/Deskmodder","article_author":"http:\/\/www.facebook.com\/timwesterhoffnoh","article_published_time":"2025-07-09T09:37:24+00:00","og_image":[{"width":2560,"height":1707,"url":"https:\/\/www.deskmodder.de\/blog\/wp-content\/uploads\/2022\/01\/vw-golf-8-viii-cockpit-scaled.jpg","type":"image\/jpeg"}],"author":"TimboTillo","twitter_card":"summary_large_image","twitter_creator":"@https:\/\/twitter.com\/TimWesterhoff98","twitter_site":"@Deskmodder","schema":{"@context":"https:\/\/schema.org","@graph":[{"@type":"Article","@id":"https:\/\/www.deskmodder.de\/blog\/2025\/07\/09\/vw-streicht-alexa-app-sprachsteuerung-endet-am-27-09-2025\/#article","isPartOf":{"@id":"https:\/\/www.deskmodder.de\/blog\/2025\/07\/09\/vw-streicht-alexa-app-sprachsteuerung-endet-am-27-09-2025\/"},"author":{"name":"TimboTillo","@id":"https:\/\/www.deskmodder.de\/blog\/#\/schema\/person\/f3ef642d5524caf1553c054f014206d7"},"headline":"VW streicht Alexa App: Sprachsteuerung endet am 27.09.2025","datePublished":"2025-07-09T09:37:24+00:00","mainEntityOfPage":{"@id":"https:\/\/www.deskmodder.de\/blog\/2025\/07\/09\/vw-streicht-alexa-app-sprachsteuerung-endet-am-27-09-2025\/"},"wordCount":435,"commentCount":5,"publisher":{"@id":"https:\/\/www.deskmodder.de\/blog\/#organization"},"image":{"@id":"https:\/\/www.deskmodder.de\/blog\/2025\/07\/09\/vw-streicht-alexa-app-sprachsteuerung-endet-am-27-09-2025\/#primaryimage"},"thumbnailUrl":"https:\/\/www.deskmodder.de\/blog\/wp-content\/uploads\/2022\/01\/vw-golf-8-viii-cockpit-scaled.jpg","keywords":["Audi","E-Mobilit\u00e4t","Infotainment","Seat","Skoda","Smart","Updates","Volkswagen"],"articleSection":["Welt des Internets"],"inLanguage":"de","potentialAction":[{"@type":"CommentAction","name":"Comment","target":["https:\/\/www.deskmodder.de\/blog\/2025\/07\/09\/vw-streicht-alexa-app-sprachsteuerung-endet-am-27-09-2025\/#respond"]}],"copyrightYear":"2025","copyrightHolder":{"@id":"https:\/\/www.deskmodder.de\/blog\/#organization"}},{"@type":"WebPage","@id":"https:\/\/www.deskmodder.de\/blog\/2025\/07\/09\/vw-streicht-alexa-app-sprachsteuerung-endet-am-27-09-2025\/","url":"https:\/\/www.deskmodder.de\/blog\/2025\/07\/09\/vw-streicht-alexa-app-sprachsteuerung-endet-am-27-09-2025\/","name":"VW streicht Alexa App: Sprachsteuerung endet am 27.09.2025 - Deskmodder.de","isPartOf":{"@id":"https:\/\/www.deskmodder.de\/blog\/#website"},"primaryImageOfPage":{"@id":"https:\/\/www.deskmodder.de\/blog\/2025\/07\/09\/vw-streicht-alexa-app-sprachsteuerung-endet-am-27-09-2025\/#primaryimage"},"image":{"@id":"https:\/\/www.deskmodder.de\/blog\/2025\/07\/09\/vw-streicht-alexa-app-sprachsteuerung-endet-am-27-09-2025\/#primaryimage"},"thumbnailUrl":"https:\/\/www.deskmodder.de\/blog\/wp-content\/uploads\/2022\/01\/vw-golf-8-viii-cockpit-scaled.jpg","datePublished":"2025-07-09T09:37:24+00:00","breadcrumb":{"@id":"https:\/\/www.deskmodder.de\/blog\/2025\/07\/09\/vw-streicht-alexa-app-sprachsteuerung-endet-am-27-09-2025\/#breadcrumb"},"inLanguage":"de","potentialAction":[{"@type":"ReadAction","target":["https:\/\/www.deskmodder.de\/blog\/2025\/07\/09\/vw-streicht-alexa-app-sprachsteuerung-endet-am-27-09-2025\/"]}]},{"@type":"ImageObject","inLanguage":"de","@id":"https:\/\/www.deskmodder.de\/blog\/2025\/07\/09\/vw-streicht-alexa-app-sprachsteuerung-endet-am-27-09-2025\/#primaryimage","url":"https:\/\/www.deskmodder.de\/blog\/wp-content\/uploads\/2022\/01\/vw-golf-8-viii-cockpit-scaled.jpg","contentUrl":"https:\/\/www.deskmodder.de\/blog\/wp-content\/uploads\/2022\/01\/vw-golf-8-viii-cockpit-scaled.jpg","width":2560,"height":1707},{"@type":"BreadcrumbList","@id":"https:\/\/www.deskmodder.de\/blog\/2025\/07\/09\/vw-streicht-alexa-app-sprachsteuerung-endet-am-27-09-2025\/#breadcrumb","itemListElement":[{"@type":"ListItem","position":1,"name":"Startseite","item":"https:\/\/www.deskmodder.de\/blog\/"},{"@type":"ListItem","position":2,"name":"VW streicht Alexa App: Sprachsteuerung endet am 27.09.2025"}]},{"@type":"WebSite","@id":"https:\/\/www.deskmodder.de\/blog\/#website","url":"https:\/\/www.deskmodder.de\/blog\/","name":"Deskmodder.de","description":"News zum Thema Microsoft, Windows 11 \/ 10, sowie anderen Neuigkeiten aus dem Netz, viele Tipps und individuelle Hilfe bei Problemen in unserem Forum \u25cf Deskmodder - seit 2003","publisher":{"@id":"https:\/\/www.deskmodder.de\/blog\/#organization"},"potentialAction":[{"@type":"SearchAction","target":{"@type":"EntryPoint","urlTemplate":"https:\/\/www.deskmodder.de\/blog\/?s={search_term_string}"},"query-input":{"@type":"PropertyValueSpecification","valueRequired":true,"valueName":"search_term_string"}}],"inLanguage":"de"},{"@type":"Organization","@id":"https:\/\/www.deskmodder.de\/blog\/#organization","name":"Deskmodder","url":"https:\/\/www.deskmodder.de\/blog\/","logo":{"@type":"ImageObject","inLanguage":"de","@id":"https:\/\/www.deskmodder.de\/blog\/#\/schema\/logo\/image\/","url":"https:\/\/www.deskmodder.de\/blog\/wp-content\/uploads\/2019\/01\/deskmodder-logo-app.png","contentUrl":"https:\/\/www.deskmodder.de\/blog\/wp-content\/uploads\/2019\/01\/deskmodder-logo-app.png","width":281,"height":286,"caption":"Deskmodder"},"image":{"@id":"https:\/\/www.deskmodder.de\/blog\/#\/schema\/logo\/image\/"},"sameAs":["https:\/\/www.facebook.com\/Deskmodder","https:\/\/x.com\/Deskmodder","https:\/\/mastodontech.de\/@Deskmodder","https:\/\/www.youtube.com\/user\/deskmodder","https:\/\/mewe.com\/group\/5c83b5231add826fc80cdae1"]},{"@type":"Person","@id":"https:\/\/www.deskmodder.de\/blog\/#\/schema\/person\/f3ef642d5524caf1553c054f014206d7","name":"TimboTillo","image":{"@type":"ImageObject","inLanguage":"de","@id":"https:\/\/secure.gravatar.com\/avatar\/8f3cfe12065d1f5b2c9f09eb3c40047c39e05b0a63d4f2578251e4dc846d56a3?s=96&d=mm&r=g","url":"https:\/\/secure.gravatar.com\/avatar\/8f3cfe12065d1f5b2c9f09eb3c40047c39e05b0a63d4f2578251e4dc846d56a3?s=96&d=mm&r=g","contentUrl":"https:\/\/secure.gravatar.com\/avatar\/8f3cfe12065d1f5b2c9f09eb3c40047c39e05b0a63d4f2578251e4dc846d56a3?s=96&d=mm&r=g","caption":"TimboTillo"},"description":"Word, PowerPoint waren meine ersten Erfahrungen mit der Computer-Welt. Immer mehr lernte ich neue M\u00f6glichkeiten und Funktionen kennen. Richtig wohl f\u00fchle ich mich im Netzwerkbereich, mit Windows 11 und ganz viel WLAN :-)!","sameAs":["http:\/\/www.facebook.com\/timwesterhoffnoh","https:\/\/www.instagram.com\/tim_westerhoff\/","https:\/\/x.com\/https:\/\/twitter.com\/TimWesterhoff98"],"url":"https:\/\/www.deskmodder.de\/blog\/author\/timbotillo\/"}]}},"jetpack_publicize_connections":[],"jetpack_featured_media_url":"https:\/\/www.deskmodder.de\/blog\/wp-content\/uploads\/2022\/01\/vw-golf-8-viii-cockpit-scaled.jpg","_links":{"self":[{"href":"https:\/\/www.deskmodder.de\/blog\/wp-json\/wp\/v2\/posts\/201102","targetHints":{"allow":["GET"]}}],"collection":[{"href":"https:\/\/www.deskmodder.de\/blog\/wp-json\/wp\/v2\/posts"}],"about":[{"href":"https:\/\/www.deskmodder.de\/blog\/wp-json\/wp\/v2\/types\/post"}],"author":[{"embeddable":true,"href":"https:\/\/www.deskmodder.de\/blog\/wp-json\/wp\/v2\/users\/2650"}],"replies":[{"embeddable":true,"href":"https:\/\/www.deskmodder.de\/blog\/wp-json\/wp\/v2\/comments?post=201102"}],"version-history":[{"count":1,"href":"https:\/\/www.deskmodder.de\/blog\/wp-json\/wp\/v2\/posts\/201102\/revisions"}],"predecessor-version":[{"id":201103,"href":"https:\/\/www.deskmodder.de\/blog\/wp-json\/wp\/v2\/posts\/201102\/revisions\/201103"}],"wp:featuredmedia":[{"embeddable":true,"href":"https:\/\/www.deskmodder.de\/blog\/wp-json\/wp\/v2\/media\/160907"}],"wp:attachment":[{"href":"https:\/\/www.deskmodder.de\/blog\/wp-json\/wp\/v2\/media?parent=201102"}],"wp:term":[{"taxonomy":"category","embeddable":true,"href":"https:\/\/www.deskmodder.de\/blog\/wp-json\/wp\/v2\/categories?post=201102"},{"taxonomy":"post_tag","embeddable":true,"href":"https:\/\/www.deskmodder.de\/blog\/wp-json\/wp\/v2\/tags?post=201102"}],"curies":[{"name":"wp","href":"https:\/\/api.w.org\/{rel}","templated":true}]}}