{"id":194057,"date":"2024-10-31T12:38:40","date_gmt":"2024-10-31T11:38:40","guid":{"rendered":"https:\/\/www.deskmodder.de\/blog\/?p=194057"},"modified":"2024-10-31T12:39:25","modified_gmt":"2024-10-31T11:39:25","slug":"apple-imac-mac-mini-und-macbook-pro-mit-m4-vorgestellt","status":"publish","type":"post","link":"https:\/\/www.deskmodder.de\/blog\/2024\/10\/31\/apple-imac-mac-mini-und-macbook-pro-mit-m4-vorgestellt\/","title":{"rendered":"Apple: iMac, Mac mini und MacBook Pro mit M4 vorgestellt"},"content":{"rendered":"<p>Apple hat in den letzten drei Tagen neue Produkte vorgestellt. Mit dem iMac, Mac mini und dem MacBook Pro aktualisiert man alle drei Hardwaretypen auf den neuen M4 und bringt sie so auf den neuen Stand der Zeit. Deskmodder hat f\u00fcr euch alles wichtige zusammengefasst.<\/p>\n<figure id=\"attachment_192708\" aria-describedby=\"caption-attachment-192708\" style=\"width: 306px\" class=\"wp-caption aligncenter\"><a href=\"https:\/\/www.deskmodder.de\/blog\/wp-content\/uploads\/2024\/09\/1-apple-event-september-9-2.jpeg\" rel=\"lightbox[194057]\"><img loading=\"lazy\" decoding=\"async\" class=\"size-thumbnail wp-image-192708\" src=\"https:\/\/www.deskmodder.de\/blog\/wp-content\/uploads\/2024\/09\/1-apple-event-september-9-2-306x172.jpeg\" alt=\"\" width=\"306\" height=\"172\" srcset=\"https:\/\/www.deskmodder.de\/blog\/wp-content\/uploads\/2024\/09\/1-apple-event-september-9-2-306x172.jpeg 306w, https:\/\/www.deskmodder.de\/blog\/wp-content\/uploads\/2024\/09\/1-apple-event-september-9-2-500x281.jpeg 500w, https:\/\/www.deskmodder.de\/blog\/wp-content\/uploads\/2024\/09\/1-apple-event-september-9-2-810x456.jpeg 810w, https:\/\/www.deskmodder.de\/blog\/wp-content\/uploads\/2024\/09\/1-apple-event-september-9-2-1536x864.jpeg 1536w, https:\/\/www.deskmodder.de\/blog\/wp-content\/uploads\/2024\/09\/1-apple-event-september-9-2.jpeg 1920w\" sizes=\"auto, (max-width: 306px) 100vw, 306px\" \/><\/a><figcaption id=\"caption-attachment-192708\" class=\"wp-caption-text\">Grafik: Apple<\/figcaption><\/figure>\n<h2>Der neue iMac:<\/h2>\n<p>Apple hat dem beliebtem iMac neu aufpoliert. Mehr Geschwindigkeit dank M4-Chip, eine Option auf Nanotexturglas, eine verbesserte 12 MP Center-Stage-Kamera und Thunderbolt 4 Konnektivit\u00e4t.<\/p>\n<figure id=\"attachment_194060\" aria-describedby=\"caption-attachment-194060\" style=\"width: 306px\" class=\"wp-caption aligncenter\"><a href=\"https:\/\/www.deskmodder.de\/blog\/wp-content\/uploads\/2024\/10\/apple-imac-m4-hero-scaled.jpg\" rel=\"lightbox[194057]\"><img loading=\"lazy\" decoding=\"async\" class=\"size-thumbnail wp-image-194060\" src=\"https:\/\/www.deskmodder.de\/blog\/wp-content\/uploads\/2024\/10\/apple-imac-m4-hero-306x172.jpg\" alt=\"\" width=\"306\" height=\"172\" srcset=\"https:\/\/www.deskmodder.de\/blog\/wp-content\/uploads\/2024\/10\/apple-imac-m4-hero-306x172.jpg 306w, https:\/\/www.deskmodder.de\/blog\/wp-content\/uploads\/2024\/10\/apple-imac-m4-hero-500x281.jpg 500w, https:\/\/www.deskmodder.de\/blog\/wp-content\/uploads\/2024\/10\/apple-imac-m4-hero-810x456.jpg 810w, https:\/\/www.deskmodder.de\/blog\/wp-content\/uploads\/2024\/10\/apple-imac-m4-hero-1536x864.jpg 1536w, https:\/\/www.deskmodder.de\/blog\/wp-content\/uploads\/2024\/10\/apple-imac-m4-hero-2048x1152.jpg 2048w\" sizes=\"auto, (max-width: 306px) 100vw, 306px\" \/><\/a><figcaption id=\"caption-attachment-194060\" class=\"wp-caption-text\">Foto: Apple<\/figcaption><\/figure>\n<h3>Die technischen Daten im Detail:<\/h3>\n<ul>\n<li>24 Zoll Display mit 4,5k Aufl\u00f6sung und optional mit Nanotexturglas<\/li>\n<li>Apple M4-Chip, bis zu 10 GPU- und 10 CPU-Kernen<\/li>\n<li>256 GB, 512 GB, 1 TB oder 2 TB interner Speicher<\/li>\n<li>16 GB, 24 GB oder 32 GB gemeinsamer Arbeitsspeicher<\/li>\n<li>Bis zu zwei externe Displays mit bis zu 6K Bildschirmaufl\u00f6sung<\/li>\n<li>Bis zu 4 Thunderbolt 4 Anschl\u00fcsse<\/li>\n<li>3.5 mm klinken Audioanschluss<\/li>\n<li>Optional mit Gigabit Ethernet-Anschluss<\/li>\n<li>WiFi 6E und Bluetooth 5.3<\/li>\n<li class=\"list-item\" role=\"listitem\">Farben: Blau, Violett, Pink, Orange, Gelb, Gr\u00fcn, Silber<\/li>\n<li role=\"listitem\">Preis: ab 1.499 Euro<\/li>\n<\/ul>\n<p>&nbsp;<\/p>\n<h2>Der neue Mac mini:<\/h2>\n<p>Der neue, kleinere Mac mini kommt in einem neuen Formfaktor, mit k\u00fcrzeren Seitenl\u00e4ngen als bei aktuellen iPhones. Gepaart mit dem M4 Pro oder M4 Max ist der Powercomputer der ideale Begleiter f\u00fcr professionelles Arbeiten.<\/p>\n<figure id=\"attachment_194063\" aria-describedby=\"caption-attachment-194063\" style=\"width: 306px\" class=\"wp-caption aligncenter\"><a href=\"https:\/\/www.deskmodder.de\/blog\/wp-content\/uploads\/2024\/10\/apple-mac-mini-lifestyle-small-business-scaled.jpg\" rel=\"lightbox[194057]\"><img loading=\"lazy\" decoding=\"async\" class=\"size-thumbnail wp-image-194063\" src=\"https:\/\/www.deskmodder.de\/blog\/wp-content\/uploads\/2024\/10\/apple-mac-mini-lifestyle-small-business-306x172.jpg\" alt=\"\" width=\"306\" height=\"172\" srcset=\"https:\/\/www.deskmodder.de\/blog\/wp-content\/uploads\/2024\/10\/apple-mac-mini-lifestyle-small-business-306x172.jpg 306w, https:\/\/www.deskmodder.de\/blog\/wp-content\/uploads\/2024\/10\/apple-mac-mini-lifestyle-small-business-500x281.jpg 500w, https:\/\/www.deskmodder.de\/blog\/wp-content\/uploads\/2024\/10\/apple-mac-mini-lifestyle-small-business-810x456.jpg 810w, https:\/\/www.deskmodder.de\/blog\/wp-content\/uploads\/2024\/10\/apple-mac-mini-lifestyle-small-business-1536x864.jpg 1536w, https:\/\/www.deskmodder.de\/blog\/wp-content\/uploads\/2024\/10\/apple-mac-mini-lifestyle-small-business-2048x1152.jpg 2048w\" sizes=\"auto, (max-width: 306px) 100vw, 306px\" \/><\/a><figcaption id=\"caption-attachment-194063\" class=\"wp-caption-text\">Foto: Apple<\/figcaption><\/figure>\n<h3>Die technischen Daten im Detail:<\/h3>\n<ul>\n<li>Apple M4, M4 Pro oder M4 Max Chip, bis zu 16 Core GPU- und 12 CPU-Kernen<\/li>\n<li>256 GB, 512 GB, 1 TB, 2 TB, 4 TB oder 8 TB interner Speicher<\/li>\n<li>16 GB, 24 GB 32 GB, 48 GB oder 64 GB gemeinsamer Arbeitsspeicher<\/li>\n<li>Bis zu drei Displays mit bis zu 6K bei 60 Hz<\/li>\n<li>Thunderbolt 5 (M4 Pro, M4 Max) und Thunderbolt 4 (M4) (insgesamt jeweils f\u00fcnfmal)<\/li>\n<li>Gigabit Ethernet (bis zu 10 GBit), 3,5 mm klinken Audioanschluss, 1x HDMI<\/li>\n<li>WiFi 6E und Bluetooth 5.3<\/li>\n<li>Farbe: Silber<\/li>\n<li>Preis: ab 699 Euro<\/li>\n<\/ul>\n<h2>Das neue MacBook Pro:<\/h2>\n<figure id=\"attachment_194067\" aria-describedby=\"caption-attachment-194067\" style=\"width: 306px\" class=\"wp-caption aligncenter\"><a href=\"https:\/\/www.deskmodder.de\/blog\/wp-content\/uploads\/2024\/10\/apple-macbook-pro-m4-hero-scaled.jpg\" rel=\"lightbox[194057]\"><img loading=\"lazy\" decoding=\"async\" class=\"size-thumbnail wp-image-194067\" src=\"https:\/\/www.deskmodder.de\/blog\/wp-content\/uploads\/2024\/10\/apple-macbook-pro-m4-hero-306x172.jpg\" alt=\"\" width=\"306\" height=\"172\" srcset=\"https:\/\/www.deskmodder.de\/blog\/wp-content\/uploads\/2024\/10\/apple-macbook-pro-m4-hero-306x172.jpg 306w, https:\/\/www.deskmodder.de\/blog\/wp-content\/uploads\/2024\/10\/apple-macbook-pro-m4-hero-500x281.jpg 500w, https:\/\/www.deskmodder.de\/blog\/wp-content\/uploads\/2024\/10\/apple-macbook-pro-m4-hero-810x456.jpg 810w, https:\/\/www.deskmodder.de\/blog\/wp-content\/uploads\/2024\/10\/apple-macbook-pro-m4-hero-1536x864.jpg 1536w, https:\/\/www.deskmodder.de\/blog\/wp-content\/uploads\/2024\/10\/apple-macbook-pro-m4-hero-2048x1152.jpg 2048w\" sizes=\"auto, (max-width: 306px) 100vw, 306px\" \/><\/a><figcaption id=\"caption-attachment-194067\" class=\"wp-caption-text\">Foto: Apple<\/figcaption><\/figure>\n<h3>Die technischen Daten im Detail:<\/h3>\n<ul>\n<li>Apple M4, M4 Pro oder M4 Max Chip, bis zu 40 Core GPU- und 16 CPU-Kernen<\/li>\n<li>512 GB, 1 TB, 2 TB, 4 TB oder 8 TB interner Speicher<\/li>\n<li>6 GB, 24 GB 32 GB, 48 GB, 64 GB oder 128 GB gemeinsamer Arbeitsspeicher<\/li>\n<li>Bis zu drei Displays mit bis zu 6K bei 60 Hz und einmal 4K-Display bei 144 Hz (maximal vier externe Displays)<\/li>\n<li>Thunderbolt 5 (M4 Pro, M4 Max) und Thunderbolt 4 (M4) (insgesamt jeweils dreimal)<\/li>\n<li>WiFi 6E und Bluetooth 5.3<\/li>\n<li>Farben: Schwarz und Silber<\/li>\n<li>Preis: ab 1.899 Euro<\/li>\n<\/ul>\n<p>Alle drei neuen Ger\u00e4te k\u00f6nnen ab sofort bei Apple vorbestellt werden. Die Lieferung der ersten Ger\u00e4te findet im laufe der n\u00e4chsten Woche statt. Wie findet ihr die neuen Modelle? Habt ihr geplant, euch eines (oder mehrere?) davon zuzulegen? Lasst es uns gerne in den Kommentaren wissen.<\/p>\n","protected":false},"excerpt":{"rendered":"<p>Apple hat in den letzten drei Tagen neue Produkte vorgestellt. Mit dem iMac, Mac mini und dem MacBook Pro aktualisiert man alle drei Hardwaretypen auf den neuen M4 und bringt sie so auf den neuen Stand der Zeit. Deskmodder hat&hellip; <\/p>\n","protected":false},"author":4849,"featured_media":194063,"comment_status":"open","ping_status":"open","sticky":false,"template":"","format":"standard","meta":{"jetpack_post_was_ever_published":false,"footnotes":"","jetpack_publicize_message":"","jetpack_publicize_feature_enabled":true,"jetpack_social_post_already_shared":false,"jetpack_social_options":{"image_generator_settings":{"template":"highway","default_image_id":0,"font":"","enabled":false},"version":2}},"categories":[1286,60884],"tags":[98,6829,10769,90579,90578,47564,6142,14606,90580],"class_list":["post-194057","post","type-post","status-publish","format-standard","has-post-thumbnail","hentry","category-hardware","category-internet","tag-apple","tag-imac","tag-m4","tag-m4-max","tag-m4-pro","tag-mac-mini","tag-macbook","tag-macbook-pro","tag-thunderbolt-5"],"wp_featured_image":{"id":194063,"alt_text":"","description":"","media_type":"image","media_details":{"width":2560,"height":1440,"file":"2024\/10\/apple-mac-mini-lifestyle-small-business-scaled.jpg","filesize":387893,"sizes":{"medium":{"file":"apple-mac-mini-lifestyle-small-business-500x281.jpg","width":500,"height":281,"mime-type":"image\/jpeg","filesize":33346,"source_url":"https:\/\/www.deskmodder.de\/blog\/wp-content\/uploads\/2024\/10\/apple-mac-mini-lifestyle-small-business-500x281.jpg"},"large":{"file":"apple-mac-mini-lifestyle-small-business-810x456.jpg","width":810,"height":456,"mime-type":"image\/jpeg","filesize":67042,"source_url":"https:\/\/www.deskmodder.de\/blog\/wp-content\/uploads\/2024\/10\/apple-mac-mini-lifestyle-small-business-810x456.jpg"},"thumbnail":{"file":"apple-mac-mini-lifestyle-small-business-306x172.jpg","width":306,"height":172,"mime-type":"image\/jpeg","filesize":17129,"source_url":"https:\/\/www.deskmodder.de\/blog\/wp-content\/uploads\/2024\/10\/apple-mac-mini-lifestyle-small-business-306x172.jpg"},"1536x1536":{"file":"apple-mac-mini-lifestyle-small-business-1536x864.jpg","width":1536,"height":864,"mime-type":"image\/jpeg","filesize":175070,"source_url":"https:\/\/www.deskmodder.de\/blog\/wp-content\/uploads\/2024\/10\/apple-mac-mini-lifestyle-small-business-1536x864.jpg"},"2048x2048":{"file":"apple-mac-mini-lifestyle-small-business-2048x1152.jpg","width":2048,"height":1152,"mime-type":"image\/jpeg","filesize":273309,"source_url":"https:\/\/www.deskmodder.de\/blog\/wp-content\/uploads\/2024\/10\/apple-mac-mini-lifestyle-small-business-2048x1152.jpg"},"blog-large":{"file":"apple-mac-mini-lifestyle-small-business-642x300.jpg","width":642,"height":300,"mime-type":"image\/jpeg","filesize":41645,"source_url":"https:\/\/www.deskmodder.de\/blog\/wp-content\/uploads\/2024\/10\/apple-mac-mini-lifestyle-small-business-642x300.jpg"},"blog-medium":{"file":"apple-mac-mini-lifestyle-small-business-306x205.jpg","width":306,"height":205,"mime-type":"image\/jpeg","filesize":19626,"source_url":"https:\/\/www.deskmodder.de\/blog\/wp-content\/uploads\/2024\/10\/apple-mac-mini-lifestyle-small-business-306x205.jpg"},"recent-thumb":{"file":"apple-mac-mini-lifestyle-small-business-350x316.jpg","width":350,"height":316,"mime-type":"image\/jpeg","filesize":28929,"source_url":"https:\/\/www.deskmodder.de\/blog\/wp-content\/uploads\/2024\/10\/apple-mac-mini-lifestyle-small-business-350x316.jpg"},"service-featured":{"file":"apple-mac-mini-lifestyle-small-business-600x330.jpg","width":600,"height":330,"mime-type":"image\/jpeg","filesize":42583,"source_url":"https:\/\/www.deskmodder.de\/blog\/wp-content\/uploads\/2024\/10\/apple-mac-mini-lifestyle-small-business-600x330.jpg"}},"image_meta":{"aperture":"0","credit":"","camera":"","caption":"","created_timestamp":"0","copyright":"","focal_length":"0","iso":"0","shutter_speed":"0","title":"","orientation":"0","keywords":[]},"original_image":"apple-mac-mini-lifestyle-small-business.jpg"},"post":194057,"source_url":"https:\/\/www.deskmodder.de\/blog\/wp-content\/uploads\/2024\/10\/apple-mac-mini-lifestyle-small-business-scaled.jpg"},"commentcount":14,"wp_comments":[{"id":287606,"parent":0,"author":4767,"author_name":"Holgi","author_email":"holger_freese@hotmail.com","author_url":"","author_avatar_urls":{"24":"https:\/\/secure.gravatar.com\/avatar\/0b9a7e8e22fe490941487d0cbe59d0e7232454955198e0bd0f0fc8b2f4a0043e?s=24&d=mm&r=g","48":"https:\/\/secure.gravatar.com\/avatar\/0b9a7e8e22fe490941487d0cbe59d0e7232454955198e0bd0f0fc8b2f4a0043e?s=48&d=mm&r=g","96":"https:\/\/secure.gravatar.com\/avatar\/0b9a7e8e22fe490941487d0cbe59d0e7232454955198e0bd0f0fc8b2f4a0043e?s=96&d=mm&r=g"},"date":"2024-10-31T14:14:07","cld_nonce":"4e866848ee","content":{"rendered":"<p>werde mir wohl einen Mac mini zulegen. Finde den Formfaktor interessant. Hier werkelt noch ein Uralter Mac Mini mit Intel Prozessor (2014?).<br \/>\nDa mich schon seit geraumer Zeit das Thema Windows on Arm umtreibt, aber mangels nicht vorhandener Hardware keine Tests m\u00f6glich sind, w\u00e4re das jetzt \u00fcber den Umweg UTM bzw. Parallels mal eine M\u00f6glichkeit.<br \/>\nQualcomm hat ja leider sein Snapdragon DEVKIT &#8211; bevor es richtig losging &#8211; schon wieder eingestellt:<br \/>\n<a href=\"https:\/\/www.pcgameshardware.de\/CPU-CPU-154106\/News\/Snadragon-X-Elite-Dev-Kit-eingestellt-1457861\/\" rel=\"nofollow ugc\">https:\/\/www.pcgameshardware.de\/CPU-CPU-154106\/News\/Snadragon-X-Elite-Dev-Kit-eingestellt-1457861\/<\/a><br \/>\nMit etwas Gl\u00fcck bekomme ich das Ding \u00fcber Vitamin B etwas g\u00fcnstiger (Bildungseinrichtungsrabatt).<br \/>\nWelche Speicherausstattung (interner Speicher, Arbeitsspeicher) empfehlt ihr mir?<\/p>\n"},"status":"1"},{"id":287607,"parent":287606,"author":0,"author_name":"maschu666","author_email":"marc.altman.666@gmail.com","author_url":"","author_avatar_urls":{"24":"https:\/\/secure.gravatar.com\/avatar\/2638c13290afd44ac17cbd22edaabaef7f55ecdcbe3c97b5dc4ec0b71b5ab465?s=24&d=mm&r=g","48":"https:\/\/secure.gravatar.com\/avatar\/2638c13290afd44ac17cbd22edaabaef7f55ecdcbe3c97b5dc4ec0b71b5ab465?s=48&d=mm&r=g","96":"https:\/\/secure.gravatar.com\/avatar\/2638c13290afd44ac17cbd22edaabaef7f55ecdcbe3c97b5dc4ec0b71b5ab465?s=96&d=mm&r=g"},"date":"2024-10-31T14:22:41","cld_nonce":"4e866848ee","content":{"rendered":"<p>Ich habe den Mini mit M4 Pro 12\/16\/16, 2TB SSD, 48GB Ram und 10 Gb\/s Netzwerk bestellt.<\/p>\n"},"status":"1"},{"id":287609,"parent":287607,"author":4767,"author_name":"Holgi","author_email":"holger_freese@hotmail.com","author_url":"","author_avatar_urls":{"24":"https:\/\/secure.gravatar.com\/avatar\/0b9a7e8e22fe490941487d0cbe59d0e7232454955198e0bd0f0fc8b2f4a0043e?s=24&d=mm&r=g","48":"https:\/\/secure.gravatar.com\/avatar\/0b9a7e8e22fe490941487d0cbe59d0e7232454955198e0bd0f0fc8b2f4a0043e?s=48&d=mm&r=g","96":"https:\/\/secure.gravatar.com\/avatar\/0b9a7e8e22fe490941487d0cbe59d0e7232454955198e0bd0f0fc8b2f4a0043e?s=96&d=mm&r=g"},"date":"2024-10-31T14:50:13","cld_nonce":"4e866848ee","content":{"rendered":"<p>2.800\u20ac? Nee, das ist mir zu viel Kohle. Nutze den ja nicht produktiv\/beruflich.<br \/>\nUnd da Apple jetzt ebenfalls dazu \u00fcbergegangen ist, \u00e4ltere MACs von Betriebssystemupdates auszuschlie\u00dfen (fr\u00fcher ging das ja noch mit open core legacy patcher) ist da ebenfalls alle Jubeljahre ein Neukauf notwendig.<br \/>\nDie Frage der Speicherausstattung bezog sich auf das Minimum f\u00fcr meinen Einsatzzweck (Windows Virtualisierung).<\/p>\n"},"status":"1"},{"id":287610,"parent":0,"author":0,"author_name":"T Sommer","author_email":"sommer.t@arcor.de","author_url":"","author_avatar_urls":{"24":"https:\/\/secure.gravatar.com\/avatar\/87045c4f47560f0496e9607796386a745bf4f059f4d0875d8f0929e6ffdde0c5?s=24&d=mm&r=g","48":"https:\/\/secure.gravatar.com\/avatar\/87045c4f47560f0496e9607796386a745bf4f059f4d0875d8f0929e6ffdde0c5?s=48&d=mm&r=g","96":"https:\/\/secure.gravatar.com\/avatar\/87045c4f47560f0496e9607796386a745bf4f059f4d0875d8f0929e6ffdde0c5?s=96&d=mm&r=g"},"date":"2024-10-31T15:19:47","cld_nonce":"4e866848ee","content":{"rendered":"<p>Apple hat den Einschalter beim Mac mini nach UNTEN auf dem Geh\u00e4use platziert. Einschalten hei\u00dft das Teil anheben! So ein Schwachsinn!<br \/>\nAber kannst den ja noch auf die Seite oder den Kopf legen! Lol<\/p>\n"},"status":"1"},{"id":287611,"parent":287606,"author":0,"author_name":"T Sommer","author_email":"sommer.t@arcor.de","author_url":"","author_avatar_urls":{"24":"https:\/\/secure.gravatar.com\/avatar\/87045c4f47560f0496e9607796386a745bf4f059f4d0875d8f0929e6ffdde0c5?s=24&d=mm&r=g","48":"https:\/\/secure.gravatar.com\/avatar\/87045c4f47560f0496e9607796386a745bf4f059f4d0875d8f0929e6ffdde0c5?s=48&d=mm&r=g","96":"https:\/\/secure.gravatar.com\/avatar\/87045c4f47560f0496e9607796386a745bf4f059f4d0875d8f0929e6ffdde0c5?s=96&d=mm&r=g"},"date":"2024-10-31T15:22:55","cld_nonce":"4e866848ee","content":{"rendered":"<p>16gb und mind 512gb ssd damit die vom Platz hat, sind sinnvoll.<br \/>\nErweitern kannst den nur via usb-c mit einer ssd.<\/p>\n"},"status":"1"},{"id":287612,"parent":287610,"author":4767,"author_name":"Holgi","author_email":"holger_freese@hotmail.com","author_url":"","author_avatar_urls":{"24":"https:\/\/secure.gravatar.com\/avatar\/0b9a7e8e22fe490941487d0cbe59d0e7232454955198e0bd0f0fc8b2f4a0043e?s=24&d=mm&r=g","48":"https:\/\/secure.gravatar.com\/avatar\/0b9a7e8e22fe490941487d0cbe59d0e7232454955198e0bd0f0fc8b2f4a0043e?s=48&d=mm&r=g","96":"https:\/\/secure.gravatar.com\/avatar\/0b9a7e8e22fe490941487d0cbe59d0e7232454955198e0bd0f0fc8b2f4a0043e?s=96&d=mm&r=g"},"date":"2024-10-31T15:26:10","cld_nonce":"4e866848ee","content":{"rendered":"<p>finde ich auch nicht so prall. Die Leute sind sich nur noch nicht einig, ob dies wirklich bedeutet, dass der MAC angehoben werden muss, oder ob der Abstand so gro\u00df ist, dass man den Schalter auch so mit dem Finger erreichen kann. Mal sehen, wenn er drau\u00dfen und getestet ist.<br \/>\nAndererseits: wie oft ben\u00f6tigt man den E\/A Schalter? &gt; Standby\/Ruhemodus bzw. softwareseitiges Ausschalten.<\/p>\n"},"status":"1"},{"id":287613,"parent":287611,"author":4767,"author_name":"Holgi","author_email":"holger_freese@hotmail.com","author_url":"","author_avatar_urls":{"24":"https:\/\/secure.gravatar.com\/avatar\/0b9a7e8e22fe490941487d0cbe59d0e7232454955198e0bd0f0fc8b2f4a0043e?s=24&d=mm&r=g","48":"https:\/\/secure.gravatar.com\/avatar\/0b9a7e8e22fe490941487d0cbe59d0e7232454955198e0bd0f0fc8b2f4a0043e?s=48&d=mm&r=g","96":"https:\/\/secure.gravatar.com\/avatar\/0b9a7e8e22fe490941487d0cbe59d0e7232454955198e0bd0f0fc8b2f4a0043e?s=96&d=mm&r=g"},"date":"2024-10-31T15:27:36","cld_nonce":"4e866848ee","content":{"rendered":"<p>16GB: bleibt es dabei? weil sich Prezessor und GPU den Speicher angeblich teilen sollen.<\/p>\n"},"status":"1"},{"id":287615,"parent":0,"author":10395,"author_name":"ThorTro","author_email":"thorsten.trost@t-online.de","author_url":"","author_avatar_urls":{"24":"https:\/\/secure.gravatar.com\/avatar\/286042bca569e700e2b23351bb84f0b756aa38e960cb300bd5fd844b4892a265?s=24&d=mm&r=g","48":"https:\/\/secure.gravatar.com\/avatar\/286042bca569e700e2b23351bb84f0b756aa38e960cb300bd5fd844b4892a265?s=48&d=mm&r=g","96":"https:\/\/secure.gravatar.com\/avatar\/286042bca569e700e2b23351bb84f0b756aa38e960cb300bd5fd844b4892a265?s=96&d=mm&r=g"},"date":"2024-10-31T15:40:35","cld_nonce":"4e866848ee","content":{"rendered":"<p>Schade das es die 27&#8243; Versionen vom I Mac nicht mehr gibt. 24&#8243;  w\u00e4ren mir definitv zu klein<\/p>\n"},"status":"1"},{"id":287616,"parent":287610,"author":9003,"author_name":"chakko","author_email":"chakko071@gmail.com","author_url":"","author_avatar_urls":{"24":"https:\/\/secure.gravatar.com\/avatar\/ba463ca8c8d27462192094e65268b3d1241fa648f7398244caddec1590d68160?s=24&d=mm&r=g","48":"https:\/\/secure.gravatar.com\/avatar\/ba463ca8c8d27462192094e65268b3d1241fa648f7398244caddec1590d68160?s=48&d=mm&r=g","96":"https:\/\/secure.gravatar.com\/avatar\/ba463ca8c8d27462192094e65268b3d1241fa648f7398244caddec1590d68160?s=96&d=mm&r=g"},"date":"2024-10-31T15:48:53","cld_nonce":"4e866848ee","content":{"rendered":"<p>Das ist in der Tat absolut idiotisch. Aber, bei Apple wundert mich nichts mehr.<\/p>\n<p>Sie wollen halt tunlichst vermeiden, dass an der makellosen \u00c4sthetik irgendetwas an Kn\u00f6pfen oder Anschl\u00fcssen st\u00f6rt. \ud83d\ude09<\/p>\n"},"status":"1"},{"id":287620,"parent":287606,"author":9930,"author_name":"Timewalker","author_email":"allgemein1a@mailbox.org","author_url":"","author_avatar_urls":{"24":"https:\/\/secure.gravatar.com\/avatar\/76e76d3f845b5987cd0689089a3e80fd5290492eb9114b2c71d250b71b23f30f?s=24&d=mm&r=g","48":"https:\/\/secure.gravatar.com\/avatar\/76e76d3f845b5987cd0689089a3e80fd5290492eb9114b2c71d250b71b23f30f?s=48&d=mm&r=g","96":"https:\/\/secure.gravatar.com\/avatar\/76e76d3f845b5987cd0689089a3e80fd5290492eb9114b2c71d250b71b23f30f?s=96&d=mm&r=g"},"date":"2024-10-31T17:06:45","cld_nonce":"4e866848ee","content":{"rendered":"<p>Vorab eine Anmerkung: Bei Deskmodder ist die Ausstattung der Mac mini nicht korrekt. Es gibt keine M4 max-CPU, sondern nur M4 und M4 Pro. Auch hat der Mini keine 5 Thunderbolt-Port, sondern auf der Vorderseite zwei USB-C. Auf der R\u00fcckseite hat der M4 3 Thunderbolt 4 und der M4 Pro 3 Thunderbolt 5-Ports.<\/p>\n<p>Derzeit bin ich an folgendem Mac mini interessiert: M4 Pro 14\/20\/16, 1 TB-SSD, 48 GB RAM und 10 GB\/s Netzwerk.<br \/>\nPreis laut Apple 2684 \u20ac.<\/p>\n<p>Nat\u00fcrlich kann es auch ein paar Nummern kleiner sein. Derzeit habe ich einen Mac mini M1 mit 16 GB RAM und 1 TB SSD. Auch bei dem kann ich nicht behaupten, dass er langsam w\u00e4re. Allerdings lasse ich darauf auch keine Spiele laufen, sodass ich die Spiele-Performance nicht beurteilen kann.<\/p>\n"},"status":"1"},{"id":287622,"parent":287610,"author":9930,"author_name":"Timewalker","author_email":"allgemein1a@mailbox.org","author_url":"","author_avatar_urls":{"24":"https:\/\/secure.gravatar.com\/avatar\/76e76d3f845b5987cd0689089a3e80fd5290492eb9114b2c71d250b71b23f30f?s=24&d=mm&r=g","48":"https:\/\/secure.gravatar.com\/avatar\/76e76d3f845b5987cd0689089a3e80fd5290492eb9114b2c71d250b71b23f30f?s=48&d=mm&r=g","96":"https:\/\/secure.gravatar.com\/avatar\/76e76d3f845b5987cd0689089a3e80fd5290492eb9114b2c71d250b71b23f30f?s=96&d=mm&r=g"},"date":"2024-10-31T17:19:06","cld_nonce":"4e866848ee","content":{"rendered":"<p>Einerseits hat Apple schon sehr gute Produkte, allerdings findet man immer mal was, wo ich mich frage, ob die in Cupertino Laminat rauchen. Der Einschalter auf der Unterseite ist so etwas.<br \/>\nBei Sir-Apfelot.de wurde gesagt, dass man geh\u00f6rt h\u00e4tte, Apple wolle mit der Ma\u00dfnahme verhindern, dass Macs am Netzschalter ausgeschaltet werden. Auch MacOS soll ja via Apfel-Men\u00fc heruntergefahren werden.<\/p>\n<p>Eine L\u00f6sung, welche ich mir denken k\u00f6nnte, um an den Schalter heranzukommen w\u00e4re folgende: Es gibt z.B. runde Korkuntersetzer. So ein Teil k\u00f6nnte man drunterlegen, falls der Abstand zum Tisch nicht sowieso schon gro\u00df genug ist.<\/p>\n<p>Bei Heise im Forum hat jemand darauf hingewiesen, dass der neue Mac mini die Luft von unten ansaugt, \u00e4hnlich wie beim Mac Studio. F\u00fcr den Mac Studio gibt es von Drittherstellern ein Untersatz mit einem Filter, sodass der Mac keinen Staub reinzieht. Eventuell wird alsbald so etwas auch f\u00fcr den neuen Mini angeboten. Auch dann k\u00e4me man besser an den Schalter heran.<\/p>\n"},"status":"1"},{"id":287679,"parent":287609,"author":9930,"author_name":"Timewalker","author_email":"allgemein1a@mailbox.org","author_url":"","author_avatar_urls":{"24":"https:\/\/secure.gravatar.com\/avatar\/76e76d3f845b5987cd0689089a3e80fd5290492eb9114b2c71d250b71b23f30f?s=24&d=mm&r=g","48":"https:\/\/secure.gravatar.com\/avatar\/76e76d3f845b5987cd0689089a3e80fd5290492eb9114b2c71d250b71b23f30f?s=48&d=mm&r=g","96":"https:\/\/secure.gravatar.com\/avatar\/76e76d3f845b5987cd0689089a3e80fd5290492eb9114b2c71d250b71b23f30f?s=96&d=mm&r=g"},"date":"2024-11-01T08:32:10","cld_nonce":"4e866848ee","content":{"rendered":"<p>Das mit der Windows Virtualisierung habe ich eben erst gelesen.<br \/>\nIch hatte auf meinem Mac mini M1 mit 16 GB RAM und 1 TB SSD mal vor ca. 2 1\/2 Jahren Parallels zum testen installiert. Das lief sofort nach der Installation recht flott.<br \/>\nMit einem M4 und 16 GB RAM oder besser einem M4 PRO mit 24 GB RAM sollte es also keine Probleme geben. Grunds\u00e4tzlich w\u00fcrde ich mindestens eine 1 TB SSD nehmen.<br \/>\nEs gibt auch noch andere Virtualisierungsl\u00f6sungen neben Parallels, jedoch lief darauf Windows on ARM entweder in schlechter Aufl\u00f6sung oder kam gar nicht ans Laufen. Dann hatte ich auch keinen Nerv mehr mich weiter darum zu k\u00fcmmern. Um Parallels wieder loszuwerden, musste ich damals den Mac zur\u00fccksetzen.<\/p>\n"},"status":"1"},{"id":287726,"parent":287613,"author":0,"author_name":"T Sommer","author_email":"sommer.t@arcor.de","author_url":"","author_avatar_urls":{"24":"https:\/\/secure.gravatar.com\/avatar\/87045c4f47560f0496e9607796386a745bf4f059f4d0875d8f0929e6ffdde0c5?s=24&d=mm&r=g","48":"https:\/\/secure.gravatar.com\/avatar\/87045c4f47560f0496e9607796386a745bf4f059f4d0875d8f0929e6ffdde0c5?s=48&d=mm&r=g","96":"https:\/\/secure.gravatar.com\/avatar\/87045c4f47560f0496e9607796386a745bf4f059f4d0875d8f0929e6ffdde0c5?s=96&d=mm&r=g"},"date":"2024-11-01T19:13:07","cld_nonce":"4e866848ee","content":{"rendered":"<p>Du kannst auch 230 euro mehr ausgeben und 24 einbauen. Kommt auf das Budget an, das du ausgeben m\u00f6chtest.<br \/>\nioch hatte mal mit fusion auf dem M2 eine Win11 installation vor einiger zeit, war etwas triggi mit den treibern beim Setup (netzwerk, ua) aber dann lief es.<br \/>\nDu wirst aber mit Win11 ARM noch so einige herausforderungen bez\u00fcglich der Programme bekommen. Bsp. konnte man XNview nicht per Setup installieren, da es die Hardware nicht unterst\u00fctzte, Portable war das kein Thema. Die Emulation x86\/x64 war ganz ok und ich hatte die VM am unteren Limit angesetzt.<br \/>\nAber ehrlich &#8211; Windows als VM auf einem Mac ist eine Spielerei.<\/p>\n"},"status":"1"},{"id":288007,"parent":0,"author":0,"author_name":"DynamicPS","author_email":"bastron90@gmail.com","author_url":"","author_avatar_urls":{"24":"https:\/\/secure.gravatar.com\/avatar\/bb589b768e721a68f34874f49f1275caa2c55d663ff3ecc0779097489205e5f9?s=24&d=mm&r=g","48":"https:\/\/secure.gravatar.com\/avatar\/bb589b768e721a68f34874f49f1275caa2c55d663ff3ecc0779097489205e5f9?s=48&d=mm&r=g","96":"https:\/\/secure.gravatar.com\/avatar\/bb589b768e721a68f34874f49f1275caa2c55d663ff3ecc0779097489205e5f9?s=96&d=mm&r=g"},"date":"2024-11-05T21:37:34","cld_nonce":"4e866848ee","content":{"rendered":"<p>Beim Mac Mini gibt es kein M4 Max, denn gibt es nur beim Macbook Pro.<br \/>\n<i>gepostet mit der <a href=\"https:\/\/www.microsoft.com\/store\/apps\/9wzdncrdfx92\" rel=\"nofollow ugc\">Deskmodder.de-App<\/a><\/i><\/p>\n"},"status":"1"}],"wp_author":{"id":4849,"name":"Jonas","description":"Angehender Systemadministrator und technikbegeistert. Lieblingsthemen? Netzwerktechnik und Windows. Anfragen an: jonas@deskmodder.de","author_avatar_urls":{"24":"https:\/\/secure.gravatar.com\/avatar\/7c63b4d53b4b3cb64efbc10c186da49c9a5d422cda908d8a3b5d5e0cd8322634?s=24&d=mm&r=g","48":"https:\/\/secure.gravatar.com\/avatar\/7c63b4d53b4b3cb64efbc10c186da49c9a5d422cda908d8a3b5d5e0cd8322634?s=48&d=mm&r=g","96":"https:\/\/secure.gravatar.com\/avatar\/7c63b4d53b4b3cb64efbc10c186da49c9a5d422cda908d8a3b5d5e0cd8322634?s=96&d=mm&r=g"}},"cld_nonce":"4e866848ee","yoast_head":"<!-- This site is optimized with the Yoast SEO Premium plugin v27.4 (Yoast SEO v27.4) - https:\/\/yoast.com\/product\/yoast-seo-premium-wordpress\/ -->\n<title>Apple: iMac, Mac mini und MacBook Pro mit M4 vorgestellt - Deskmodder.de<\/title>\n<meta name=\"robots\" content=\"index, follow, max-snippet:-1, max-image-preview:large, max-video-preview:-1\" \/>\n<link rel=\"canonical\" href=\"https:\/\/www.deskmodder.de\/blog\/2024\/10\/31\/apple-imac-mac-mini-und-macbook-pro-mit-m4-vorgestellt\/\" \/>\n<meta property=\"og:locale\" content=\"de_DE\" \/>\n<meta property=\"og:type\" content=\"article\" \/>\n<meta property=\"og:title\" content=\"Apple: iMac, Mac mini und MacBook Pro mit M4 vorgestellt\" \/>\n<meta property=\"og:description\" content=\"Apple hat in den letzten drei Tagen neue Produkte vorgestellt. Mit dem iMac, Mac mini und dem MacBook Pro aktualisiert man alle drei Hardwaretypen auf den neuen M4 und bringt sie so auf den neuen Stand der Zeit. Deskmodder hat&hellip;\" \/>\n<meta property=\"og:url\" content=\"https:\/\/www.deskmodder.de\/blog\/2024\/10\/31\/apple-imac-mac-mini-und-macbook-pro-mit-m4-vorgestellt\/\" \/>\n<meta property=\"og:site_name\" content=\"Deskmodder.de\" \/>\n<meta property=\"article:publisher\" content=\"https:\/\/www.facebook.com\/Deskmodder\" \/>\n<meta property=\"article:published_time\" content=\"2024-10-31T11:38:40+00:00\" \/>\n<meta property=\"article:modified_time\" content=\"2024-10-31T11:39:25+00:00\" \/>\n<meta property=\"og:image\" content=\"https:\/\/www.deskmodder.de\/blog\/wp-content\/uploads\/2024\/10\/apple-mac-mini-lifestyle-small-business-scaled.jpg\" \/>\n\t<meta property=\"og:image:width\" content=\"2560\" \/>\n\t<meta property=\"og:image:height\" content=\"1440\" \/>\n\t<meta property=\"og:image:type\" content=\"image\/jpeg\" \/>\n<meta name=\"author\" content=\"Jonas\" \/>\n<meta name=\"twitter:card\" content=\"summary_large_image\" \/>\n<meta name=\"twitter:creator\" content=\"@jonasinfarbe\" \/>\n<meta name=\"twitter:site\" content=\"@Deskmodder\" \/>\n<script type=\"application\/ld+json\" class=\"yoast-schema-graph\">{\"@context\":\"https:\\\/\\\/schema.org\",\"@graph\":[{\"@type\":\"Article\",\"@id\":\"https:\\\/\\\/www.deskmodder.de\\\/blog\\\/2024\\\/10\\\/31\\\/apple-imac-mac-mini-und-macbook-pro-mit-m4-vorgestellt\\\/#article\",\"isPartOf\":{\"@id\":\"https:\\\/\\\/www.deskmodder.de\\\/blog\\\/2024\\\/10\\\/31\\\/apple-imac-mac-mini-und-macbook-pro-mit-m4-vorgestellt\\\/\"},\"author\":{\"name\":\"Jonas\",\"@id\":\"https:\\\/\\\/www.deskmodder.de\\\/blog\\\/#\\\/schema\\\/person\\\/687624f6860c8c88f71df1200fc24b44\"},\"headline\":\"Apple: iMac, Mac mini und MacBook Pro mit M4 vorgestellt\",\"datePublished\":\"2024-10-31T11:38:40+00:00\",\"dateModified\":\"2024-10-31T11:39:25+00:00\",\"mainEntityOfPage\":{\"@id\":\"https:\\\/\\\/www.deskmodder.de\\\/blog\\\/2024\\\/10\\\/31\\\/apple-imac-mac-mini-und-macbook-pro-mit-m4-vorgestellt\\\/\"},\"wordCount\":444,\"commentCount\":14,\"publisher\":{\"@id\":\"https:\\\/\\\/www.deskmodder.de\\\/blog\\\/#organization\"},\"image\":{\"@id\":\"https:\\\/\\\/www.deskmodder.de\\\/blog\\\/2024\\\/10\\\/31\\\/apple-imac-mac-mini-und-macbook-pro-mit-m4-vorgestellt\\\/#primaryimage\"},\"thumbnailUrl\":\"https:\\\/\\\/www.deskmodder.de\\\/blog\\\/wp-content\\\/uploads\\\/2024\\\/10\\\/apple-mac-mini-lifestyle-small-business-scaled.jpg\",\"keywords\":[\"Apple\",\"imac\",\"m4\",\"M4 Max\",\"M4 Pro\",\"Mac Mini\",\"macbook\",\"MacBook Pro\",\"Thunderbolt 5\"],\"articleSection\":[\"Hardware\",\"Welt des Internets\"],\"inLanguage\":\"de\",\"potentialAction\":[{\"@type\":\"CommentAction\",\"name\":\"Comment\",\"target\":[\"https:\\\/\\\/www.deskmodder.de\\\/blog\\\/2024\\\/10\\\/31\\\/apple-imac-mac-mini-und-macbook-pro-mit-m4-vorgestellt\\\/#respond\"]}],\"copyrightYear\":\"2024\",\"copyrightHolder\":{\"@id\":\"https:\\\/\\\/www.deskmodder.de\\\/blog\\\/#organization\"}},{\"@type\":\"WebPage\",\"@id\":\"https:\\\/\\\/www.deskmodder.de\\\/blog\\\/2024\\\/10\\\/31\\\/apple-imac-mac-mini-und-macbook-pro-mit-m4-vorgestellt\\\/\",\"url\":\"https:\\\/\\\/www.deskmodder.de\\\/blog\\\/2024\\\/10\\\/31\\\/apple-imac-mac-mini-und-macbook-pro-mit-m4-vorgestellt\\\/\",\"name\":\"Apple: iMac, Mac mini und MacBook Pro mit M4 vorgestellt - Deskmodder.de\",\"isPartOf\":{\"@id\":\"https:\\\/\\\/www.deskmodder.de\\\/blog\\\/#website\"},\"primaryImageOfPage\":{\"@id\":\"https:\\\/\\\/www.deskmodder.de\\\/blog\\\/2024\\\/10\\\/31\\\/apple-imac-mac-mini-und-macbook-pro-mit-m4-vorgestellt\\\/#primaryimage\"},\"image\":{\"@id\":\"https:\\\/\\\/www.deskmodder.de\\\/blog\\\/2024\\\/10\\\/31\\\/apple-imac-mac-mini-und-macbook-pro-mit-m4-vorgestellt\\\/#primaryimage\"},\"thumbnailUrl\":\"https:\\\/\\\/www.deskmodder.de\\\/blog\\\/wp-content\\\/uploads\\\/2024\\\/10\\\/apple-mac-mini-lifestyle-small-business-scaled.jpg\",\"datePublished\":\"2024-10-31T11:38:40+00:00\",\"dateModified\":\"2024-10-31T11:39:25+00:00\",\"breadcrumb\":{\"@id\":\"https:\\\/\\\/www.deskmodder.de\\\/blog\\\/2024\\\/10\\\/31\\\/apple-imac-mac-mini-und-macbook-pro-mit-m4-vorgestellt\\\/#breadcrumb\"},\"inLanguage\":\"de\",\"potentialAction\":[{\"@type\":\"ReadAction\",\"target\":[\"https:\\\/\\\/www.deskmodder.de\\\/blog\\\/2024\\\/10\\\/31\\\/apple-imac-mac-mini-und-macbook-pro-mit-m4-vorgestellt\\\/\"]}]},{\"@type\":\"ImageObject\",\"inLanguage\":\"de\",\"@id\":\"https:\\\/\\\/www.deskmodder.de\\\/blog\\\/2024\\\/10\\\/31\\\/apple-imac-mac-mini-und-macbook-pro-mit-m4-vorgestellt\\\/#primaryimage\",\"url\":\"https:\\\/\\\/www.deskmodder.de\\\/blog\\\/wp-content\\\/uploads\\\/2024\\\/10\\\/apple-mac-mini-lifestyle-small-business-scaled.jpg\",\"contentUrl\":\"https:\\\/\\\/www.deskmodder.de\\\/blog\\\/wp-content\\\/uploads\\\/2024\\\/10\\\/apple-mac-mini-lifestyle-small-business-scaled.jpg\",\"width\":2560,\"height\":1440,\"caption\":\"Foto: Apple\"},{\"@type\":\"BreadcrumbList\",\"@id\":\"https:\\\/\\\/www.deskmodder.de\\\/blog\\\/2024\\\/10\\\/31\\\/apple-imac-mac-mini-und-macbook-pro-mit-m4-vorgestellt\\\/#breadcrumb\",\"itemListElement\":[{\"@type\":\"ListItem\",\"position\":1,\"name\":\"Startseite\",\"item\":\"https:\\\/\\\/www.deskmodder.de\\\/blog\\\/\"},{\"@type\":\"ListItem\",\"position\":2,\"name\":\"Apple: iMac, Mac mini und MacBook Pro mit M4 vorgestellt\"}]},{\"@type\":\"WebSite\",\"@id\":\"https:\\\/\\\/www.deskmodder.de\\\/blog\\\/#website\",\"url\":\"https:\\\/\\\/www.deskmodder.de\\\/blog\\\/\",\"name\":\"Deskmodder.de\",\"description\":\"News zum Thema Microsoft, Windows 11 \\\/ 10, sowie anderen Neuigkeiten aus dem Netz, viele Tipps und individuelle Hilfe bei Problemen in unserem Forum \u25cf Deskmodder - seit 2003\",\"publisher\":{\"@id\":\"https:\\\/\\\/www.deskmodder.de\\\/blog\\\/#organization\"},\"potentialAction\":[{\"@type\":\"SearchAction\",\"target\":{\"@type\":\"EntryPoint\",\"urlTemplate\":\"https:\\\/\\\/www.deskmodder.de\\\/blog\\\/?s={search_term_string}\"},\"query-input\":{\"@type\":\"PropertyValueSpecification\",\"valueRequired\":true,\"valueName\":\"search_term_string\"}}],\"inLanguage\":\"de\"},{\"@type\":\"Organization\",\"@id\":\"https:\\\/\\\/www.deskmodder.de\\\/blog\\\/#organization\",\"name\":\"Deskmodder\",\"url\":\"https:\\\/\\\/www.deskmodder.de\\\/blog\\\/\",\"logo\":{\"@type\":\"ImageObject\",\"inLanguage\":\"de\",\"@id\":\"https:\\\/\\\/www.deskmodder.de\\\/blog\\\/#\\\/schema\\\/logo\\\/image\\\/\",\"url\":\"https:\\\/\\\/www.deskmodder.de\\\/blog\\\/wp-content\\\/uploads\\\/2019\\\/01\\\/deskmodder-logo-app.png\",\"contentUrl\":\"https:\\\/\\\/www.deskmodder.de\\\/blog\\\/wp-content\\\/uploads\\\/2019\\\/01\\\/deskmodder-logo-app.png\",\"width\":281,\"height\":286,\"caption\":\"Deskmodder\"},\"image\":{\"@id\":\"https:\\\/\\\/www.deskmodder.de\\\/blog\\\/#\\\/schema\\\/logo\\\/image\\\/\"},\"sameAs\":[\"https:\\\/\\\/www.facebook.com\\\/Deskmodder\",\"https:\\\/\\\/x.com\\\/Deskmodder\",\"https:\\\/\\\/mastodontech.de\\\/@Deskmodder\",\"https:\\\/\\\/www.youtube.com\\\/user\\\/deskmodder\",\"https:\\\/\\\/mewe.com\\\/group\\\/5c83b5231add826fc80cdae1\"]},{\"@type\":\"Person\",\"@id\":\"https:\\\/\\\/www.deskmodder.de\\\/blog\\\/#\\\/schema\\\/person\\\/687624f6860c8c88f71df1200fc24b44\",\"name\":\"Jonas\",\"image\":{\"@type\":\"ImageObject\",\"inLanguage\":\"de\",\"@id\":\"https:\\\/\\\/secure.gravatar.com\\\/avatar\\\/7c63b4d53b4b3cb64efbc10c186da49c9a5d422cda908d8a3b5d5e0cd8322634?s=96&d=mm&r=g\",\"url\":\"https:\\\/\\\/secure.gravatar.com\\\/avatar\\\/7c63b4d53b4b3cb64efbc10c186da49c9a5d422cda908d8a3b5d5e0cd8322634?s=96&d=mm&r=g\",\"contentUrl\":\"https:\\\/\\\/secure.gravatar.com\\\/avatar\\\/7c63b4d53b4b3cb64efbc10c186da49c9a5d422cda908d8a3b5d5e0cd8322634?s=96&d=mm&r=g\",\"caption\":\"Jonas\"},\"description\":\"Angehender Systemadministrator und technikbegeistert. Lieblingsthemen? Netzwerktechnik und Windows. Anfragen an: jonas@deskmodder.de\",\"sameAs\":[\"https:\\\/\\\/x.com\\\/jonasinfarbe\",\"https:\\\/\\\/www.youtube.com\\\/channel\\\/UCwBwNTIXW94vTH2NZJWfETA\"],\"url\":\"https:\\\/\\\/www.deskmodder.de\\\/blog\\\/author\\\/jonas\\\/\"}]}<\/script>\n<!-- \/ Yoast SEO Premium plugin. -->","yoast_head_json":{"title":"Apple: iMac, Mac mini und MacBook Pro mit M4 vorgestellt - Deskmodder.de","robots":{"index":"index","follow":"follow","max-snippet":"max-snippet:-1","max-image-preview":"max-image-preview:large","max-video-preview":"max-video-preview:-1"},"canonical":"https:\/\/www.deskmodder.de\/blog\/2024\/10\/31\/apple-imac-mac-mini-und-macbook-pro-mit-m4-vorgestellt\/","og_locale":"de_DE","og_type":"article","og_title":"Apple: iMac, Mac mini und MacBook Pro mit M4 vorgestellt","og_description":"Apple hat in den letzten drei Tagen neue Produkte vorgestellt. Mit dem iMac, Mac mini und dem MacBook Pro aktualisiert man alle drei Hardwaretypen auf den neuen M4 und bringt sie so auf den neuen Stand der Zeit. Deskmodder hat&hellip;","og_url":"https:\/\/www.deskmodder.de\/blog\/2024\/10\/31\/apple-imac-mac-mini-und-macbook-pro-mit-m4-vorgestellt\/","og_site_name":"Deskmodder.de","article_publisher":"https:\/\/www.facebook.com\/Deskmodder","article_published_time":"2024-10-31T11:38:40+00:00","article_modified_time":"2024-10-31T11:39:25+00:00","og_image":[{"width":2560,"height":1440,"url":"https:\/\/www.deskmodder.de\/blog\/wp-content\/uploads\/2024\/10\/apple-mac-mini-lifestyle-small-business-scaled.jpg","type":"image\/jpeg"}],"author":"Jonas","twitter_card":"summary_large_image","twitter_creator":"@jonasinfarbe","twitter_site":"@Deskmodder","schema":{"@context":"https:\/\/schema.org","@graph":[{"@type":"Article","@id":"https:\/\/www.deskmodder.de\/blog\/2024\/10\/31\/apple-imac-mac-mini-und-macbook-pro-mit-m4-vorgestellt\/#article","isPartOf":{"@id":"https:\/\/www.deskmodder.de\/blog\/2024\/10\/31\/apple-imac-mac-mini-und-macbook-pro-mit-m4-vorgestellt\/"},"author":{"name":"Jonas","@id":"https:\/\/www.deskmodder.de\/blog\/#\/schema\/person\/687624f6860c8c88f71df1200fc24b44"},"headline":"Apple: iMac, Mac mini und MacBook Pro mit M4 vorgestellt","datePublished":"2024-10-31T11:38:40+00:00","dateModified":"2024-10-31T11:39:25+00:00","mainEntityOfPage":{"@id":"https:\/\/www.deskmodder.de\/blog\/2024\/10\/31\/apple-imac-mac-mini-und-macbook-pro-mit-m4-vorgestellt\/"},"wordCount":444,"commentCount":14,"publisher":{"@id":"https:\/\/www.deskmodder.de\/blog\/#organization"},"image":{"@id":"https:\/\/www.deskmodder.de\/blog\/2024\/10\/31\/apple-imac-mac-mini-und-macbook-pro-mit-m4-vorgestellt\/#primaryimage"},"thumbnailUrl":"https:\/\/www.deskmodder.de\/blog\/wp-content\/uploads\/2024\/10\/apple-mac-mini-lifestyle-small-business-scaled.jpg","keywords":["Apple","imac","m4","M4 Max","M4 Pro","Mac Mini","macbook","MacBook Pro","Thunderbolt 5"],"articleSection":["Hardware","Welt des Internets"],"inLanguage":"de","potentialAction":[{"@type":"CommentAction","name":"Comment","target":["https:\/\/www.deskmodder.de\/blog\/2024\/10\/31\/apple-imac-mac-mini-und-macbook-pro-mit-m4-vorgestellt\/#respond"]}],"copyrightYear":"2024","copyrightHolder":{"@id":"https:\/\/www.deskmodder.de\/blog\/#organization"}},{"@type":"WebPage","@id":"https:\/\/www.deskmodder.de\/blog\/2024\/10\/31\/apple-imac-mac-mini-und-macbook-pro-mit-m4-vorgestellt\/","url":"https:\/\/www.deskmodder.de\/blog\/2024\/10\/31\/apple-imac-mac-mini-und-macbook-pro-mit-m4-vorgestellt\/","name":"Apple: iMac, Mac mini und MacBook Pro mit M4 vorgestellt - Deskmodder.de","isPartOf":{"@id":"https:\/\/www.deskmodder.de\/blog\/#website"},"primaryImageOfPage":{"@id":"https:\/\/www.deskmodder.de\/blog\/2024\/10\/31\/apple-imac-mac-mini-und-macbook-pro-mit-m4-vorgestellt\/#primaryimage"},"image":{"@id":"https:\/\/www.deskmodder.de\/blog\/2024\/10\/31\/apple-imac-mac-mini-und-macbook-pro-mit-m4-vorgestellt\/#primaryimage"},"thumbnailUrl":"https:\/\/www.deskmodder.de\/blog\/wp-content\/uploads\/2024\/10\/apple-mac-mini-lifestyle-small-business-scaled.jpg","datePublished":"2024-10-31T11:38:40+00:00","dateModified":"2024-10-31T11:39:25+00:00","breadcrumb":{"@id":"https:\/\/www.deskmodder.de\/blog\/2024\/10\/31\/apple-imac-mac-mini-und-macbook-pro-mit-m4-vorgestellt\/#breadcrumb"},"inLanguage":"de","potentialAction":[{"@type":"ReadAction","target":["https:\/\/www.deskmodder.de\/blog\/2024\/10\/31\/apple-imac-mac-mini-und-macbook-pro-mit-m4-vorgestellt\/"]}]},{"@type":"ImageObject","inLanguage":"de","@id":"https:\/\/www.deskmodder.de\/blog\/2024\/10\/31\/apple-imac-mac-mini-und-macbook-pro-mit-m4-vorgestellt\/#primaryimage","url":"https:\/\/www.deskmodder.de\/blog\/wp-content\/uploads\/2024\/10\/apple-mac-mini-lifestyle-small-business-scaled.jpg","contentUrl":"https:\/\/www.deskmodder.de\/blog\/wp-content\/uploads\/2024\/10\/apple-mac-mini-lifestyle-small-business-scaled.jpg","width":2560,"height":1440,"caption":"Foto: Apple"},{"@type":"BreadcrumbList","@id":"https:\/\/www.deskmodder.de\/blog\/2024\/10\/31\/apple-imac-mac-mini-und-macbook-pro-mit-m4-vorgestellt\/#breadcrumb","itemListElement":[{"@type":"ListItem","position":1,"name":"Startseite","item":"https:\/\/www.deskmodder.de\/blog\/"},{"@type":"ListItem","position":2,"name":"Apple: iMac, Mac mini und MacBook Pro mit M4 vorgestellt"}]},{"@type":"WebSite","@id":"https:\/\/www.deskmodder.de\/blog\/#website","url":"https:\/\/www.deskmodder.de\/blog\/","name":"Deskmodder.de","description":"News zum Thema Microsoft, Windows 11 \/ 10, sowie anderen Neuigkeiten aus dem Netz, viele Tipps und individuelle Hilfe bei Problemen in unserem Forum \u25cf Deskmodder - seit 2003","publisher":{"@id":"https:\/\/www.deskmodder.de\/blog\/#organization"},"potentialAction":[{"@type":"SearchAction","target":{"@type":"EntryPoint","urlTemplate":"https:\/\/www.deskmodder.de\/blog\/?s={search_term_string}"},"query-input":{"@type":"PropertyValueSpecification","valueRequired":true,"valueName":"search_term_string"}}],"inLanguage":"de"},{"@type":"Organization","@id":"https:\/\/www.deskmodder.de\/blog\/#organization","name":"Deskmodder","url":"https:\/\/www.deskmodder.de\/blog\/","logo":{"@type":"ImageObject","inLanguage":"de","@id":"https:\/\/www.deskmodder.de\/blog\/#\/schema\/logo\/image\/","url":"https:\/\/www.deskmodder.de\/blog\/wp-content\/uploads\/2019\/01\/deskmodder-logo-app.png","contentUrl":"https:\/\/www.deskmodder.de\/blog\/wp-content\/uploads\/2019\/01\/deskmodder-logo-app.png","width":281,"height":286,"caption":"Deskmodder"},"image":{"@id":"https:\/\/www.deskmodder.de\/blog\/#\/schema\/logo\/image\/"},"sameAs":["https:\/\/www.facebook.com\/Deskmodder","https:\/\/x.com\/Deskmodder","https:\/\/mastodontech.de\/@Deskmodder","https:\/\/www.youtube.com\/user\/deskmodder","https:\/\/mewe.com\/group\/5c83b5231add826fc80cdae1"]},{"@type":"Person","@id":"https:\/\/www.deskmodder.de\/blog\/#\/schema\/person\/687624f6860c8c88f71df1200fc24b44","name":"Jonas","image":{"@type":"ImageObject","inLanguage":"de","@id":"https:\/\/secure.gravatar.com\/avatar\/7c63b4d53b4b3cb64efbc10c186da49c9a5d422cda908d8a3b5d5e0cd8322634?s=96&d=mm&r=g","url":"https:\/\/secure.gravatar.com\/avatar\/7c63b4d53b4b3cb64efbc10c186da49c9a5d422cda908d8a3b5d5e0cd8322634?s=96&d=mm&r=g","contentUrl":"https:\/\/secure.gravatar.com\/avatar\/7c63b4d53b4b3cb64efbc10c186da49c9a5d422cda908d8a3b5d5e0cd8322634?s=96&d=mm&r=g","caption":"Jonas"},"description":"Angehender Systemadministrator und technikbegeistert. Lieblingsthemen? Netzwerktechnik und Windows. Anfragen an: jonas@deskmodder.de","sameAs":["https:\/\/x.com\/jonasinfarbe","https:\/\/www.youtube.com\/channel\/UCwBwNTIXW94vTH2NZJWfETA"],"url":"https:\/\/www.deskmodder.de\/blog\/author\/jonas\/"}]}},"jetpack_publicize_connections":[],"jetpack_featured_media_url":"https:\/\/www.deskmodder.de\/blog\/wp-content\/uploads\/2024\/10\/apple-mac-mini-lifestyle-small-business-scaled.jpg","_links":{"self":[{"href":"https:\/\/www.deskmodder.de\/blog\/wp-json\/wp\/v2\/posts\/194057","targetHints":{"allow":["GET"]}}],"collection":[{"href":"https:\/\/www.deskmodder.de\/blog\/wp-json\/wp\/v2\/posts"}],"about":[{"href":"https:\/\/www.deskmodder.de\/blog\/wp-json\/wp\/v2\/types\/post"}],"author":[{"embeddable":true,"href":"https:\/\/www.deskmodder.de\/blog\/wp-json\/wp\/v2\/users\/4849"}],"replies":[{"embeddable":true,"href":"https:\/\/www.deskmodder.de\/blog\/wp-json\/wp\/v2\/comments?post=194057"}],"version-history":[{"count":1,"href":"https:\/\/www.deskmodder.de\/blog\/wp-json\/wp\/v2\/posts\/194057\/revisions"}],"predecessor-version":[{"id":194069,"href":"https:\/\/www.deskmodder.de\/blog\/wp-json\/wp\/v2\/posts\/194057\/revisions\/194069"}],"wp:featuredmedia":[{"embeddable":true,"href":"https:\/\/www.deskmodder.de\/blog\/wp-json\/wp\/v2\/media\/194063"}],"wp:attachment":[{"href":"https:\/\/www.deskmodder.de\/blog\/wp-json\/wp\/v2\/media?parent=194057"}],"wp:term":[{"taxonomy":"category","embeddable":true,"href":"https:\/\/www.deskmodder.de\/blog\/wp-json\/wp\/v2\/categories?post=194057"},{"taxonomy":"post_tag","embeddable":true,"href":"https:\/\/www.deskmodder.de\/blog\/wp-json\/wp\/v2\/tags?post=194057"}],"curies":[{"name":"wp","href":"https:\/\/api.w.org\/{rel}","templated":true}]}}