{"id":193548,"date":"2024-10-16T07:33:40","date_gmt":"2024-10-16T05:33:40","guid":{"rendered":"https:\/\/www.deskmodder.de\/blog\/?p=193548"},"modified":"2024-10-16T07:34:26","modified_gmt":"2024-10-16T05:34:26","slug":"recall-zerstoert-nicht-den-datei-explorer","status":"publish","type":"post","link":"https:\/\/www.deskmodder.de\/blog\/2024\/10\/16\/recall-zerstoert-nicht-den-datei-explorer\/","title":{"rendered":"Recall zerst\u00f6rt nicht den Datei Explorer"},"content":{"rendered":"<p>Eigentlich wollte ich auf das Thema nicht eingehen. Aber da sich derzeit die Meldung verbreitet, dass die neue Funktion in Windows 11 24H2, Recall so tief in das System gestrickt ist, dass das deaktivieren sogar den Datei Explorer zerst\u00f6rt, gehe ich mal darauf ein.<\/p>\n<p><a href=\"https:\/\/www.deskmodder.de\/blog\/wp-content\/uploads\/2024\/05\/recall-und-snapshots-die-einstellungen-unter-windows-11.jpg\" rel=\"lightbox[193548]\"><img loading=\"lazy\" decoding=\"async\" src=\"https:\/\/www.deskmodder.de\/blog\/wp-content\/uploads\/2024\/05\/recall-und-snapshots-die-einstellungen-unter-windows-11-500x313.jpg\" alt=\"\" width=\"500\" height=\"313\" class=\"aligncenter size-medium wp-image-189056\" srcset=\"https:\/\/www.deskmodder.de\/blog\/wp-content\/uploads\/2024\/05\/recall-und-snapshots-die-einstellungen-unter-windows-11-500x313.jpg 500w, https:\/\/www.deskmodder.de\/blog\/wp-content\/uploads\/2024\/05\/recall-und-snapshots-die-einstellungen-unter-windows-11-810x506.jpg 810w, https:\/\/www.deskmodder.de\/blog\/wp-content\/uploads\/2024\/05\/recall-und-snapshots-die-einstellungen-unter-windows-11-306x191.jpg 306w, https:\/\/www.deskmodder.de\/blog\/wp-content\/uploads\/2024\/05\/recall-und-snapshots-die-einstellungen-unter-windows-11.jpg 1430w\" sizes=\"auto, (max-width: 500px) 100vw, 500px\" \/><\/a><\/p>\n<p>Um es gleich einmal vorweg zu sagen: Die Behauptung ist falsch. Es gibt derzeit keine Build, die Recall vollst\u00e4ndig integriert hat. Microsoft hat Recall <a href=\"https:\/\/www.deskmodder.de\/blog\/2024\/08\/22\/microsoft-schiebt-recall-preview-noch-einmal-in-die-windows-11-insider\/\" rel=\"noopener\" target=\"_blank\">noch einmal verschoben<\/a> und wird es erst im Oktober\/November in den Insider Versionen testen.<\/p>\n<p>Bei dieser Funktion handelt es sich um eine &#8222;Opt In&#8220; Funktion, die sich \u00fcber die Windows-Features <a href=\"https:\/\/www.deskmodder.de\/blog\/2024\/09\/28\/windows-11-recall-wird-sich-deinstallieren-lassen-einstellung-dafuer-wurde-hinzugefuegt\/\" rel=\"noopener\" target=\"_blank\">aktivieren, oder deaktivieren<\/a> l\u00e4sst. Dadurch werden die Dateien aus dem SystemApp-Ordner hinzugef\u00fcgt oder eben entfernt. Das hat nichts mit dem Datei Explorer selber zu tun.<\/p>\n<p>Eine Variante k\u00f6nnte aber passieren (kann aber derzeit nicht getestet werden, da keine Build vorhanden ist), wenn man Recall vorab aus der ISO entfernt. Aber auch hier ist die M\u00f6glichkeit, dass es zu Problemen kommt, sehr gering.<\/p>\n<p>Es ist schon schlimm, dass viele Seiten diese Meldung einfach \u00fcbernehmen, ohne es selber zu testen. <em>(Aber sie k\u00f6nnen es ja nicht, da Recall nicht 100%ig im System enthalten ist und erst demn\u00e4chst vollst\u00e4ndig integriert wird)<\/em>. Also noch einmal: Die Behauptung ist nicht korrekt.<\/p>\n<h3>Windows 11 Tutorials und Hilfe<\/h3>\n<ul>\n<li>In unserem <a href=\"https:\/\/www.deskmodder.de\/wiki\/index.php?title=Kategorie:Windows_11\" rel=\"noopener noreferrer\" target=\"_blank\">Windows 11 Wiki<\/a> findet ihr sehr viele hilfreiche Tipps und Tricks.<\/li>\n<li>Falls ihr Fragen habt, dann stellt diese ganz einfach bei uns im <a href=\"https:\/\/www.deskmodder.de\/phpBB3\/viewforum.php?f=353\" target=\"_blank\" rel=\"noopener noreferrer\"><strong>Forum<\/strong><\/a>.<\/li>\n<li><strong>Installationsmedien:<\/strong> Aktuelle Windows 11 ISOs findet ihr hier: <a href=\"https:\/\/www.deskmodder.de\/blog\/2023\/05\/26\/windows-11-22631-iso-esd-deutsch-english-inkl-updates-23h2-moment-4\/\" rel=\"noopener\" target=\"_blank\">23H2 22631<\/a>, oder <a href=\"https:\/\/www.deskmodder.de\/blog\/2024\/04\/27\/windows-11-24h2-26100-iso-esd-deutsch-english\/%22\" rel=\"noopener\" target=\"_blank\">24H2 26100<\/a>. Ansonsten immer in der rechten Sidebar.<\/li>\n<li><a href=\"https:\/\/www.deskmodder.de\/wiki\/index.php?title=Windows_11_neu_clean_installieren_Tipps_und_Tricks\" target=\"_blank\" rel=\"noopener noreferrer\"><strong>Windows 11 neu clean installieren Tipps und Tricks<\/strong><\/a>.<\/li>\n<li><a href=\"https:\/\/www.deskmodder.de\/wiki\/index.php?title=Windows_11_auch_ohne_TPM_und_Secure_Boot_installieren\" target=\"_blank\" rel=\"noopener noreferrer\"><strong>Windows 11 auch ohne TPM und Secure Boot installieren<\/strong><\/a>.<\/li>\n<li><a href=\"https:\/\/www.deskmodder.de\/wiki\/index.php?title=Windows_11_mit_einem_lokalen_oder_Microsoft_Konto_installieren\" target=\"_blank\" rel=\"noopener noreferrer\"><strong>Windows 11 mit lokalem Konto auch Offline installieren<\/strong><\/a>.<\/li>\n<li><a href=\"https:\/\/www.deskmodder.de\/wiki\/index.php?title=Windows_11_Inplace_Upgrade_Reparatur_oder_Feature_Update\" target=\"_blank\" rel=\"noopener noreferrer\"><strong>Windows 11 Inplace Upgrade Reparatur oder Feature Update<\/strong><\/a>.<\/li>\n<li><a href=\"https:\/\/www.deskmodder.de\/wiki\/index.php?title=Automatisch_anmelden_Pin_entfernen_Windows_11\" target=\"_blank\" rel=\"noopener noreferrer\"><strong>Automatisch anmelden Pin entfernen Windows 11<\/strong><\/a>.<\/li>\n<li>Alle Beitr\u00e4ge zu Windows 11 im Blog findet ihr <a href=\"https:\/\/www.deskmodder.de\/blog\/category\/windows-11\/\" rel=\"noopener\" target=\"_blank\">\u00fcber diese Seite<\/a>. Wobei auch <a href=\"https:\/\/www.deskmodder.de\/blog\/\" rel=\"noopener\" target=\"_blank\">alle anderen Artikel<\/a> interessant sein k\u00f6nnen.<\/li>\n<\/ul>\n","protected":false},"excerpt":{"rendered":"<p>Eigentlich wollte ich auf das Thema nicht eingehen. Aber da sich derzeit die Meldung verbreitet, dass die neue Funktion in Windows 11 24H2, Recall so tief in das System gestrickt ist, dass das deaktivieren sogar den Datei Explorer zerst\u00f6rt, gehe&hellip; <\/p>\n","protected":false},"author":134,"featured_media":189056,"comment_status":"open","ping_status":"open","sticky":false,"template":"","format":"standard","meta":{"jetpack_post_was_ever_published":false,"footnotes":"","jetpack_publicize_message":"","jetpack_publicize_feature_enabled":true,"jetpack_social_post_already_shared":false,"jetpack_social_options":{"image_generator_settings":{"template":"highway","default_image_id":0,"font":"","enabled":false},"version":2}},"categories":[80310],"tags":[11107,90391],"class_list":["post-193548","post","type-post","status-publish","format-standard","has-post-thumbnail","hentry","category-windows-11","tag-recall","tag-recall-datei-explorer"],"wp_featured_image":{"id":189056,"alt_text":"","description":"","media_type":"image","media_details":{"width":1430,"height":894,"file":"2024\/05\/recall-und-snapshots-die-einstellungen-unter-windows-11.jpg","filesize":528086,"sizes":{"medium":{"file":"recall-und-snapshots-die-einstellungen-unter-windows-11-500x313.jpg","width":500,"height":313,"mime-type":"image\/jpeg","filesize":19921,"source_url":"https:\/\/www.deskmodder.de\/blog\/wp-content\/uploads\/2024\/05\/recall-und-snapshots-die-einstellungen-unter-windows-11-500x313.jpg"},"large":{"file":"recall-und-snapshots-die-einstellungen-unter-windows-11-810x506.jpg","width":810,"height":506,"mime-type":"image\/jpeg","filesize":43425,"source_url":"https:\/\/www.deskmodder.de\/blog\/wp-content\/uploads\/2024\/05\/recall-und-snapshots-die-einstellungen-unter-windows-11-810x506.jpg"},"thumbnail":{"file":"recall-und-snapshots-die-einstellungen-unter-windows-11-306x191.jpg","width":306,"height":191,"mime-type":"image\/jpeg","filesize":9151,"source_url":"https:\/\/www.deskmodder.de\/blog\/wp-content\/uploads\/2024\/05\/recall-und-snapshots-die-einstellungen-unter-windows-11-306x191.jpg"},"blog-large":{"file":"recall-und-snapshots-die-einstellungen-unter-windows-11-642x300.jpg","width":642,"height":300,"mime-type":"image\/jpeg","filesize":22399,"source_url":"https:\/\/www.deskmodder.de\/blog\/wp-content\/uploads\/2024\/05\/recall-und-snapshots-die-einstellungen-unter-windows-11-642x300.jpg"},"blog-medium":{"file":"recall-und-snapshots-die-einstellungen-unter-windows-11-306x205.jpg","width":306,"height":205,"mime-type":"image\/jpeg","filesize":10233,"source_url":"https:\/\/www.deskmodder.de\/blog\/wp-content\/uploads\/2024\/05\/recall-und-snapshots-die-einstellungen-unter-windows-11-306x205.jpg"},"recent-thumb":{"file":"recall-und-snapshots-die-einstellungen-unter-windows-11-350x316.jpg","width":350,"height":316,"mime-type":"image\/jpeg","filesize":16453,"source_url":"https:\/\/www.deskmodder.de\/blog\/wp-content\/uploads\/2024\/05\/recall-und-snapshots-die-einstellungen-unter-windows-11-350x316.jpg"},"service-featured":{"file":"recall-und-snapshots-die-einstellungen-unter-windows-11-600x330.jpg","width":600,"height":330,"mime-type":"image\/jpeg","filesize":22898,"source_url":"https:\/\/www.deskmodder.de\/blog\/wp-content\/uploads\/2024\/05\/recall-und-snapshots-die-einstellungen-unter-windows-11-600x330.jpg"}},"image_meta":{"aperture":"0","credit":"","camera":"","caption":"","created_timestamp":"0","copyright":"","focal_length":"0","iso":"0","shutter_speed":"0","title":"","orientation":"0","keywords":[]}},"post":189055,"source_url":"https:\/\/www.deskmodder.de\/blog\/wp-content\/uploads\/2024\/05\/recall-und-snapshots-die-einstellungen-unter-windows-11.jpg"},"commentcount":35,"wp_comments":[{"id":286554,"parent":0,"author":0,"author_name":"Kajo","author_email":"deskmodder@coffeecanine.de","author_url":"","author_avatar_urls":{"24":"https:\/\/secure.gravatar.com\/avatar\/b74ace8288db6b2ba24eceabb873c0694c09c9ebdfff1d6a5775c1dd495bcb38?s=24&d=mm&r=g","48":"https:\/\/secure.gravatar.com\/avatar\/b74ace8288db6b2ba24eceabb873c0694c09c9ebdfff1d6a5775c1dd495bcb38?s=48&d=mm&r=g","96":"https:\/\/secure.gravatar.com\/avatar\/b74ace8288db6b2ba24eceabb873c0694c09c9ebdfff1d6a5775c1dd495bcb38?s=96&d=mm&r=g"},"date":"2024-10-16T08:46:14","cld_nonce":"015d9540d6","content":{"rendered":"<p>Ob jetzt opt-in oder opt-out ist schei\u00dfegal. Es soll deinstallierbar sein, Punkt aus Ende. Solange die Funktion vorhanden ist, wei\u00df man nie, ob sie nicht doch irgendwann von MS im Hintergrund ohne Zutun aktiviert wird. Wer immer noch glaube, dass so was nicht m\u00f6glich ist, der wurde echt mit nem Klammerbeutel gepudert.<\/p>\n"},"status":"1"},{"id":286555,"parent":0,"author":0,"author_name":"Florian","author_email":"florian@web.de","author_url":"","author_avatar_urls":{"24":"https:\/\/secure.gravatar.com\/avatar\/91acfe73ec86ccf7289b3b4f6342d6c9f7f215d320b42031309c4ccd5cbdc0e3?s=24&d=mm&r=g","48":"https:\/\/secure.gravatar.com\/avatar\/91acfe73ec86ccf7289b3b4f6342d6c9f7f215d320b42031309c4ccd5cbdc0e3?s=48&d=mm&r=g","96":"https:\/\/secure.gravatar.com\/avatar\/91acfe73ec86ccf7289b3b4f6342d6c9f7f215d320b42031309c4ccd5cbdc0e3?s=96&d=mm&r=g"},"date":"2024-10-16T08:47:50","cld_nonce":"015d9540d6","content":{"rendered":"<p>\ud83d\udc4dDanke nochmal f\u00fcrs Aufbringen, das sag ich schon die ganze Zeit, dass da etwas nicht stimmen kann und wundere mich, wie die das alle testen oder wissen k\u00f6nnen, wenn noch nicht einmal in der Insider-Version alle Komponenten vorhanden sind. Aber verbl\u00fcffend wie schnell solche &#8222;falsch&#8220; oder teils unkorrekte Nachrichten ihren lauf nehmen &#8211; auch auf Seiten die man etwas seri\u00f6se einstufte &#8211; Hauptsache bei den ersten dabei sein m\u00fcssen, die dar\u00fcber berichten \ud83e\udee3<\/p>\n"},"status":"1"},{"id":286556,"parent":286554,"author":0,"author_name":"Florian","author_email":"florian@web.de","author_url":"","author_avatar_urls":{"24":"https:\/\/secure.gravatar.com\/avatar\/91acfe73ec86ccf7289b3b4f6342d6c9f7f215d320b42031309c4ccd5cbdc0e3?s=24&d=mm&r=g","48":"https:\/\/secure.gravatar.com\/avatar\/91acfe73ec86ccf7289b3b4f6342d6c9f7f215d320b42031309c4ccd5cbdc0e3?s=48&d=mm&r=g","96":"https:\/\/secure.gravatar.com\/avatar\/91acfe73ec86ccf7289b3b4f6342d6c9f7f215d320b42031309c4ccd5cbdc0e3?s=96&d=mm&r=g"},"date":"2024-10-16T08:51:30","cld_nonce":"015d9540d6","content":{"rendered":"<p>Als EU B\u00fcrger kannst du davon ausgehen, dass es deinstalliert bzw. dekativiert werden kann, das steht fest und ist f\u00fcr MS ja schon verpflichtend. Denke auch, dass das einer der Mitgr\u00fcnde ist, warum es MS auch immer wieder verschiebt<\/p>\n"},"status":"1"},{"id":286557,"parent":0,"author":0,"author_name":"Luzifer","author_email":"serra.avatar@web.de","author_url":"","author_avatar_urls":{"24":"https:\/\/secure.gravatar.com\/avatar\/3a056bca2e5e5358aae0eea162de34ea9523e13a273ccee5cce494d130ad5515?s=24&d=mm&r=g","48":"https:\/\/secure.gravatar.com\/avatar\/3a056bca2e5e5358aae0eea162de34ea9523e13a273ccee5cce494d130ad5515?s=48&d=mm&r=g","96":"https:\/\/secure.gravatar.com\/avatar\/3a056bca2e5e5358aae0eea162de34ea9523e13a273ccee5cce494d130ad5515?s=96&d=mm&r=g"},"date":"2024-10-16T08:55:07","cld_nonce":"015d9540d6","content":{"rendered":"<p>ob das stimmt oder nicht, kann man nicht sagen, da wie hier selbst erw\u00e4hnt recall noch nicht vollst\u00e4ndig im System integriert ist&#8230; wie es dann ist wird man sehen wenn es soweit ist! Das MS alles andere als gute Programmierer hat und gerne rumst\u00fcmpert ist jedoch hingl\u00e4nglich bekannt und beweist MS regelma\u00e4ssig an den Patchdays. Das MS einen Shice auf die User gibt und nur durch die Beh\u00f6rden hier in der EU im Zaun gehalten wird ist auch hinl\u00e4nglich bekannt\/dokumentiert.<\/p>\n<p>Also nein MS bekommt weder Lob noch einen Vorab Vertrauensbonus, sondern muss beweisen und liefern.<\/p>\n"},"status":"1"},{"id":286559,"parent":286556,"author":0,"author_name":"Kajo","author_email":"deskmodder@coffeecanine.de","author_url":"","author_avatar_urls":{"24":"https:\/\/secure.gravatar.com\/avatar\/b74ace8288db6b2ba24eceabb873c0694c09c9ebdfff1d6a5775c1dd495bcb38?s=24&d=mm&r=g","48":"https:\/\/secure.gravatar.com\/avatar\/b74ace8288db6b2ba24eceabb873c0694c09c9ebdfff1d6a5775c1dd495bcb38?s=48&d=mm&r=g","96":"https:\/\/secure.gravatar.com\/avatar\/b74ace8288db6b2ba24eceabb873c0694c09c9ebdfff1d6a5775c1dd495bcb38?s=96&d=mm&r=g"},"date":"2024-10-16T09:02:31","cld_nonce":"015d9540d6","content":{"rendered":"<p>FileExplorer zerst\u00f6ren ist auch irgendwie die falsche Aussage. Es setzt den FileExplorer auf die Windows 10 Version ohne Tabs zur\u00fcck, die ja auch als Fallback immer noch im Windows vorhanden ist, da Recall in 24H2 scheinbar eine notwendige Komponente f\u00fcr den FileExplorer wird. F\u00fcr manche ist das schon zerst\u00f6ren. Wie das im Zusammenhang mit den EU Gesetzen \u00fcberhaupt funktionieren soll, bleibt ein R\u00e4tsel. Ich traue Chris Titus zumindest mehr als so ziemlich jedem deutschen Journalisten. <\/p>\n<p><a href=\"https:\/\/www.youtube.com\/watch?v=G9FRadIkkE0\" rel=\"nofollow ugc\">https:\/\/www.youtube.com\/watch?v=G9FRadIkkE0<\/a><\/p>\n"},"status":"1"},{"id":286560,"parent":286559,"author":0,"author_name":"Kajo","author_email":"deskmodder@coffeecanine.de","author_url":"","author_avatar_urls":{"24":"https:\/\/secure.gravatar.com\/avatar\/b74ace8288db6b2ba24eceabb873c0694c09c9ebdfff1d6a5775c1dd495bcb38?s=24&d=mm&r=g","48":"https:\/\/secure.gravatar.com\/avatar\/b74ace8288db6b2ba24eceabb873c0694c09c9ebdfff1d6a5775c1dd495bcb38?s=48&d=mm&r=g","96":"https:\/\/secure.gravatar.com\/avatar\/b74ace8288db6b2ba24eceabb873c0694c09c9ebdfff1d6a5775c1dd495bcb38?s=96&d=mm&r=g"},"date":"2024-10-16T09:06:57","cld_nonce":"015d9540d6","content":{"rendered":"<p>Zu langsam mit dem Edit. Gibt auch schon ein Update von Chris Titus.<br \/>\n<a href=\"https:\/\/www.youtube.com\/watch?v=jW6b4ObnYMY\" rel=\"nofollow ugc\">https:\/\/www.youtube.com\/watch?v=jW6b4ObnYMY<\/a><\/p>\n"},"status":"1"},{"id":286563,"parent":286560,"author":0,"author_name":"Davito","author_email":"dniedziella@gmx.de","author_url":"","author_avatar_urls":{"24":"https:\/\/secure.gravatar.com\/avatar\/889a8f2bfffb6f926d141a07e6228c80f4227afe0420a0d69775bd8630e0fa04?s=24&d=mm&r=g","48":"https:\/\/secure.gravatar.com\/avatar\/889a8f2bfffb6f926d141a07e6228c80f4227afe0420a0d69775bd8630e0fa04?s=48&d=mm&r=g","96":"https:\/\/secure.gravatar.com\/avatar\/889a8f2bfffb6f926d141a07e6228c80f4227afe0420a0d69775bd8630e0fa04?s=96&d=mm&r=g"},"date":"2024-10-16T09:32:56","cld_nonce":"015d9540d6","content":{"rendered":"<p>Ist dein lieber Chris den EU B\u00fcrger? \ud83e\udd14 <\/p>\n<p><i>gepostet mit der <a href=\"https:\/\/play.google.com\/store\/apps\/details?id=com.deskmodder\" rel=\"nofollow ugc\">Deskmodder.de-App f\u00fcr Android<\/a><\/i><\/p>\n"},"status":"1"},{"id":286565,"parent":0,"author":0,"author_name":"Brandolini","author_email":"Salvattore-Brandolini@web.de","author_url":"","author_avatar_urls":{"24":"https:\/\/secure.gravatar.com\/avatar\/80bb7023c8482fcd1a07b7cf2b099217e9d9fef997f1a0da0b95445fd7150305?s=24&d=mm&r=g","48":"https:\/\/secure.gravatar.com\/avatar\/80bb7023c8482fcd1a07b7cf2b099217e9d9fef997f1a0da0b95445fd7150305?s=48&d=mm&r=g","96":"https:\/\/secure.gravatar.com\/avatar\/80bb7023c8482fcd1a07b7cf2b099217e9d9fef997f1a0da0b95445fd7150305?s=96&d=mm&r=g"},"date":"2024-10-16T09:37:28","cld_nonce":"015d9540d6","content":{"rendered":"<p>Recall zerst\u00f6rt nicht den Datei Explorer, daf\u00fcr aber die Privatsph\u00e4re f\u00fcr jeden der Zugriff zum PC bekommt. Das passiert in der Praxis leichter als man denkt. Vielleicht nicht IT-affinen Leuten, aber den alten Eltern und dem unbeholfenem Bruder.<\/p>\n"},"status":"1"},{"id":286568,"parent":286559,"author":0,"author_name":"Florian","author_email":"florian@web.de","author_url":"","author_avatar_urls":{"24":"https:\/\/secure.gravatar.com\/avatar\/91acfe73ec86ccf7289b3b4f6342d6c9f7f215d320b42031309c4ccd5cbdc0e3?s=24&d=mm&r=g","48":"https:\/\/secure.gravatar.com\/avatar\/91acfe73ec86ccf7289b3b4f6342d6c9f7f215d320b42031309c4ccd5cbdc0e3?s=48&d=mm&r=g","96":"https:\/\/secure.gravatar.com\/avatar\/91acfe73ec86ccf7289b3b4f6342d6c9f7f215d320b42031309c4ccd5cbdc0e3?s=96&d=mm&r=g"},"date":"2024-10-16T09:57:32","cld_nonce":"015d9540d6","content":{"rendered":"<p>Das kann sein, dass es in den US Versionen so ist. Da der Chris Titus aus den Staaten ist, wird der auch keine EU Version testen. Den mein Stand ist, dass es in den Insider Versionen von EU Versionen, noch gar nicht vorhanden ist, oder ging da etwas an mir vorbei&#8230;<br \/>\nWie gesagt, ist es ja ein Mitgrund, warum MS f\u00fcr EU B\u00fcrger noch st\u00e4ndig verschiebt, weil es mindestens zum vollst\u00e4ndigen deaktivieren sein muss (wenn nicht sogar die M\u00f6glichkeit  zum deinstallieren verpflichtend &#8211; wenn ich das richtig mitbekommen habe)<\/p>\n"},"status":"1"},{"id":286570,"parent":0,"author":0,"author_name":"Mira Bellenbaum","author_email":"mira.bellenbaum@gmx.net","author_url":"","author_avatar_urls":{"24":"https:\/\/secure.gravatar.com\/avatar\/c60a0cefbcf687e88c3850db7a78ba846e86d0dad6cb5d57bd8810609fc8afbf?s=24&d=mm&r=g","48":"https:\/\/secure.gravatar.com\/avatar\/c60a0cefbcf687e88c3850db7a78ba846e86d0dad6cb5d57bd8810609fc8afbf?s=48&d=mm&r=g","96":"https:\/\/secure.gravatar.com\/avatar\/c60a0cefbcf687e88c3850db7a78ba846e86d0dad6cb5d57bd8810609fc8afbf?s=96&d=mm&r=g"},"date":"2024-10-16T10:06:49","cld_nonce":"015d9540d6","content":{"rendered":"<p>\u00c4h, die Meldungen sind grunds\u00e4tzlich nicht falsch!<\/p>\n<p>Man sollte aber das ganze etwas differenzierter betrachten!<br \/>\nEs scheint wohl so, dass es einen Unterschied macht, ob man eine &#8222;EU-Version&#8220;, eine &#8222;Welt-Version (US ?)&#8220; oder gar eine &#8222;China-Version&#8220; installiert hat!<\/p>\n<p>Was dann noch zu beachten ist, es geht bei dem &#8222;kaputten&#8220; Explorer eben darum, was bei einer Deinstallation der Recall-Funktionen passiert.<br \/>\nEs ist eine Auslegungssache, ob nun der Explorer als kaputt bezeichnet werden kann.<br \/>\nAber merkw\u00fcrdig ist es schon, dass Funktionen, die im Grunde nichts mit der &#8222;Wanze im System&#8220; zu tun haben,<br \/>\npl\u00f6tzlich nicht mehr vorhanden sind. (Z.B. Tabs im Explorer)<\/p>\n<p>Aber mal abwarten, was sich Microsoft da noch so einfallen lassen wird.<\/p>\n"},"status":"1"},{"id":286571,"parent":286565,"author":0,"author_name":"Mira Bellenbaum","author_email":"mira.bellenbaum@gmx.net","author_url":"","author_avatar_urls":{"24":"https:\/\/secure.gravatar.com\/avatar\/c60a0cefbcf687e88c3850db7a78ba846e86d0dad6cb5d57bd8810609fc8afbf?s=24&d=mm&r=g","48":"https:\/\/secure.gravatar.com\/avatar\/c60a0cefbcf687e88c3850db7a78ba846e86d0dad6cb5d57bd8810609fc8afbf?s=48&d=mm&r=g","96":"https:\/\/secure.gravatar.com\/avatar\/c60a0cefbcf687e88c3850db7a78ba846e86d0dad6cb5d57bd8810609fc8afbf?s=96&d=mm&r=g"},"date":"2024-10-16T10:09:39","cld_nonce":"015d9540d6","content":{"rendered":"<p>Wenn gewisser Funktionen nach einer Deinstallation der &#8222;Wanze im System&#8220; im Explorer nicht mehr vorhanden sind,<br \/>\nkann man, wenn man so will, sehr wohl von einem &#8222;zerst\u00f6rten&#8220; Explorer sprechen!<\/p>\n<p>Aber siehe meinen Beitrag, bitte.<\/p>\n"},"status":"1"},{"id":286572,"parent":286557,"author":0,"author_name":"Florian","author_email":"florian@web.de","author_url":"","author_avatar_urls":{"24":"https:\/\/secure.gravatar.com\/avatar\/91acfe73ec86ccf7289b3b4f6342d6c9f7f215d320b42031309c4ccd5cbdc0e3?s=24&d=mm&r=g","48":"https:\/\/secure.gravatar.com\/avatar\/91acfe73ec86ccf7289b3b4f6342d6c9f7f215d320b42031309c4ccd5cbdc0e3?s=48&d=mm&r=g","96":"https:\/\/secure.gravatar.com\/avatar\/91acfe73ec86ccf7289b3b4f6342d6c9f7f215d320b42031309c4ccd5cbdc0e3?s=96&d=mm&r=g"},"date":"2024-10-16T10:10:32","cld_nonce":"015d9540d6","content":{"rendered":"<p>Ich glaub nicht dass sie rumst\u00fcmpern oder keine guten Programmierer haben.<br \/>\nDas Problem bei MS ist, dass der Quellcode so geheim ist, dass die Programmierarbeit in Gruppen aufgeteilt ist und eine nichts vom Code der anderen sehen darf &#8211; um Datenleaks zu vermeiden.<br \/>\nEine weitere Gruppe f\u00fchrt dann die komplementierten Programm-Teile zusammen, weil sie d\u00fcrfen den Quellcode nicht sehen, m\u00fcssen aber dann wieder Br\u00fccken und Zusatzprogrammierungen leisten, dass die Programmteile am Ende im ganzen zusammenarbeiten. Ich find das eigentlich schon bemerkenswert, dass sie das teils in relativ schneller Zeit schaffen und alles doch (auch wenn nicht perfekt) dann soweit funktioniert!<\/p>\n"},"status":"1"},{"id":286574,"parent":0,"author":0,"author_name":"Thorky","author_email":"thor.branke@web.de","author_url":"","author_avatar_urls":{"24":"https:\/\/secure.gravatar.com\/avatar\/7af3bd9a6c56f26c70426c4eb7b30f87d9191ae13361fa22398a88a37f39e7cf?s=24&d=mm&r=g","48":"https:\/\/secure.gravatar.com\/avatar\/7af3bd9a6c56f26c70426c4eb7b30f87d9191ae13361fa22398a88a37f39e7cf?s=48&d=mm&r=g","96":"https:\/\/secure.gravatar.com\/avatar\/7af3bd9a6c56f26c70426c4eb7b30f87d9191ae13361fa22398a88a37f39e7cf?s=96&d=mm&r=g"},"date":"2024-10-16T11:02:03","cld_nonce":"015d9540d6","content":{"rendered":"<p>Jetzt hat das Snipping-Tool offenbar auch eine Art Recall verpasst bekommen:<br \/>\n<a href=\"https:\/\/www.borncity.com\/blog\/2024\/10\/16\/windows-11-24h2-recall-nicht-deinstallierbar\/\" rel=\"nofollow ugc\">https:\/\/www.borncity.com\/blog\/2024\/10\/16\/windows-11-24h2-recall-nicht-deinstallierbar\/<\/a><br \/>\nEtwas runterscrollen, es gibt einen Screenshot dazu.<\/p>\n"},"status":"1"},{"id":286575,"parent":0,"author":0,"author_name":"nachtnacht","author_email":"nacht@nacht100.de","author_url":"","author_avatar_urls":{"24":"https:\/\/secure.gravatar.com\/avatar\/b4ecdfa24df192e48ea6879f8cb5f54218713874a9c191802bacb0529d0660aa?s=24&d=mm&r=g","48":"https:\/\/secure.gravatar.com\/avatar\/b4ecdfa24df192e48ea6879f8cb5f54218713874a9c191802bacb0529d0660aa?s=48&d=mm&r=g","96":"https:\/\/secure.gravatar.com\/avatar\/b4ecdfa24df192e48ea6879f8cb5f54218713874a9c191802bacb0529d0660aa?s=96&d=mm&r=g"},"date":"2024-10-16T11:43:08","cld_nonce":"015d9540d6","content":{"rendered":"<p>MS-Propagandaminister moinmoin ist mal wieder auf der Stelle um alle eines Besseren zu belehren:<br \/>\nMicrosoft is ein lupenreines, Privatsph\u00e4re respektierendes und Linux liebendes Unternehmen. Recall? Das ist ein Hoax.<br \/>\n\/s<\/p>\n"},"status":"1"},{"id":286576,"parent":286575,"author":0,"author_name":"Vectorprime","author_email":"reinfeld@live.de","author_url":"","author_avatar_urls":{"24":"https:\/\/secure.gravatar.com\/avatar\/50065142e47aa0f4d10efe4863577fae0e8d3efbd0ddab24335c63a8054d4b12?s=24&d=mm&r=g","48":"https:\/\/secure.gravatar.com\/avatar\/50065142e47aa0f4d10efe4863577fae0e8d3efbd0ddab24335c63a8054d4b12?s=48&d=mm&r=g","96":"https:\/\/secure.gravatar.com\/avatar\/50065142e47aa0f4d10efe4863577fae0e8d3efbd0ddab24335c63a8054d4b12?s=96&d=mm&r=g"},"date":"2024-10-16T11:57:01","cld_nonce":"015d9540d6","content":{"rendered":"<p>Ohne jemand in Schutz zu nehmen aber meckern k\u00f6nnen alle aber bekommen es selbst nicht besser hin oder sind zu bequem mal selber was zu schreiben.<\/p>\n<p><i>gepostet mit der <a href=\"https:\/\/apps.apple.com\/de\/app\/deskmodder\/id1478451921?l=de\" rel=\"nofollow ugc\">Deskmodder.de-App f\u00fcr iOS<\/a><\/i><\/p>\n"},"status":"1"},{"id":286577,"parent":286575,"author":134,"author_name":"moinmoin","author_email":"moin-moin@hab-verschlafen.de","author_url":"","author_avatar_urls":{"24":"https:\/\/secure.gravatar.com\/avatar\/fab96769102f8886245ab411df9a42a235be79261e4b44aa7ab2a555da8b86b4?s=24&d=mm&r=g","48":"https:\/\/secure.gravatar.com\/avatar\/fab96769102f8886245ab411df9a42a235be79261e4b44aa7ab2a555da8b86b4?s=48&d=mm&r=g","96":"https:\/\/secure.gravatar.com\/avatar\/fab96769102f8886245ab411df9a42a235be79261e4b44aa7ab2a555da8b86b4?s=96&d=mm&r=g"},"date":"2024-10-16T12:12:36","cld_nonce":"015d9540d6","content":{"rendered":"<p><img src=\"https:\/\/www.deskmodder.de\/blog\/wp-content\/plugins\/classic-smilies\/img\/icon_lol.gif\" alt=\":lol:\" class=\"wp-smiley\" \/> Wenn ich das wenigstens geschrieben h\u00e4tte. Aber nicht einmal richtig lesen kannst du.<\/p>\n"},"status":"1"},{"id":286578,"parent":0,"author":0,"author_name":"Donbas","author_email":"eli.osam.s.on.729@gmail.com","author_url":"","author_avatar_urls":{"24":"https:\/\/secure.gravatar.com\/avatar\/233bfb6275b1a1cd7f57d1f37299778d9abded3a2ae0a18d4e960feb5affb066?s=24&d=mm&r=g","48":"https:\/\/secure.gravatar.com\/avatar\/233bfb6275b1a1cd7f57d1f37299778d9abded3a2ae0a18d4e960feb5affb066?s=48&d=mm&r=g","96":"https:\/\/secure.gravatar.com\/avatar\/233bfb6275b1a1cd7f57d1f37299778d9abded3a2ae0a18d4e960feb5affb066?s=96&d=mm&r=g"},"date":"2024-10-16T12:14:45","cld_nonce":"015d9540d6","content":{"rendered":"<p>Ich finde es in dem Fall gut das die Medien Fake-News verbreiten. So bekommt eventuell auch die Fraktion die ihr PC Wissen aus der Bild der Frau hat etwas von diesem Datenschutz Monster mit. Ohne Fake News w\u00e4re Recall einmal erw\u00e4hnt worden, keiner weis was es genau macht, Thema erledigt. In 14 Tagen hat man es eh vergessen.<br \/>\nschon die blo\u00dfe Integration ins OS ist zu viel, auch wenn das Ding deaktiviert ist schlummert es auf dem System und kann mit einem Klick scharf geschaltet werden. Was Recall macht und f\u00fcr was OS Seitig die Grundlage gelegt wurde ist der Feuchte Traum jedes Kriminellen und &#8222;Sicherheitsbeh\u00f6rden&#8220;. Irgendwann sollte auch mal die Fraktion &#8222;ich habe doch nichts zu verbergen&#8220; endlich aufwachen!<\/p>\n"},"status":"1"},{"id":286579,"parent":286557,"author":9930,"author_name":"Timewalker","author_email":"allgemein1a@mailbox.org","author_url":"","author_avatar_urls":{"24":"https:\/\/secure.gravatar.com\/avatar\/76e76d3f845b5987cd0689089a3e80fd5290492eb9114b2c71d250b71b23f30f?s=24&d=mm&r=g","48":"https:\/\/secure.gravatar.com\/avatar\/76e76d3f845b5987cd0689089a3e80fd5290492eb9114b2c71d250b71b23f30f?s=48&d=mm&r=g","96":"https:\/\/secure.gravatar.com\/avatar\/76e76d3f845b5987cd0689089a3e80fd5290492eb9114b2c71d250b71b23f30f?s=96&d=mm&r=g"},"date":"2024-10-16T12:21:07","cld_nonce":"015d9540d6","content":{"rendered":"<p>Das Microsoft keine guten Programmierer hat und dies hinl\u00e4nglich bekannt ist, ist mir neu.<br \/>\nGanz im Gegenteil. Ein Betriebssystem wie Windows auf Milliarden-PCs ans Laufen zu kriegen und am Laufen zu halten ist eine unglaublich Leistung, im positivsten Sinne.<br \/>\nVerwunderlich ist bei der Vielfalt von Konfigurationen, dass bei den Patch-Days so wenig passiert.<br \/>\nAuch wenn ich neben meinem Windows-PC inzwischen auch einen Mac mini mein Eigen nenne, so muss ich vor Microsoft und Windows in der Tat ehrfurchtsvoll den Hut ziehen. Bei Apple bin ich gelandet, da Apple vor ein paar Jahren den M1-Prozessor eingef\u00fchrt hat und ich Neugierig war, allerdings muss man leider auch konstatieren, dass Microsoft das eigene \u00d6kosystem eigenh\u00e4ndig zerst\u00f6rt hat. Wenn es noch mobile Ger\u00e4te mit Windows drauf g\u00e4be, w\u00e4re ich wohl noch zu 100% bei Microsoft.<\/p>\n"},"status":"1"},{"id":286580,"parent":0,"author":0,"author_name":"Sam2","author_email":"abc@deskmodder.de","author_url":"","author_avatar_urls":{"24":"https:\/\/secure.gravatar.com\/avatar\/9b8cbe7914378a0e3210e17fe060b31cf0c9074630c11fbd5046587cb1d5fdb2?s=24&d=mm&r=g","48":"https:\/\/secure.gravatar.com\/avatar\/9b8cbe7914378a0e3210e17fe060b31cf0c9074630c11fbd5046587cb1d5fdb2?s=48&d=mm&r=g","96":"https:\/\/secure.gravatar.com\/avatar\/9b8cbe7914378a0e3210e17fe060b31cf0c9074630c11fbd5046587cb1d5fdb2?s=96&d=mm&r=g"},"date":"2024-10-16T12:22:32","cld_nonce":"015d9540d6","content":{"rendered":"<p>Fakt ist, wenn Recall vor der Installation des Systems deaktiviert ist, ist der Explorer defekt, Punkt.<br \/>\n<a href=\"https:\/\/ibb.co\/K5j46t8\" rel=\"nofollow ugc\">https:\/\/ibb.co\/K5j46t8<\/a><\/p>\n"},"status":"1"},{"id":286582,"parent":286580,"author":134,"author_name":"moinmoin","author_email":"moin-moin@hab-verschlafen.de","author_url":"","author_avatar_urls":{"24":"https:\/\/secure.gravatar.com\/avatar\/fab96769102f8886245ab411df9a42a235be79261e4b44aa7ab2a555da8b86b4?s=24&d=mm&r=g","48":"https:\/\/secure.gravatar.com\/avatar\/fab96769102f8886245ab411df9a42a235be79261e4b44aa7ab2a555da8b86b4?s=48&d=mm&r=g","96":"https:\/\/secure.gravatar.com\/avatar\/fab96769102f8886245ab411df9a42a235be79261e4b44aa7ab2a555da8b86b4?s=96&d=mm&r=g"},"date":"2024-10-16T12:36:08","cld_nonce":"015d9540d6","content":{"rendered":"<p>Und dein Bild sagt jetzt was aus? \ud83e\udd14<\/p>\n"},"status":"1"},{"id":286583,"parent":286580,"author":0,"author_name":"Mira Bellenbaum","author_email":"mira.bellenbaum@gmx.net","author_url":"","author_avatar_urls":{"24":"https:\/\/secure.gravatar.com\/avatar\/c60a0cefbcf687e88c3850db7a78ba846e86d0dad6cb5d57bd8810609fc8afbf?s=24&d=mm&r=g","48":"https:\/\/secure.gravatar.com\/avatar\/c60a0cefbcf687e88c3850db7a78ba846e86d0dad6cb5d57bd8810609fc8afbf?s=48&d=mm&r=g","96":"https:\/\/secure.gravatar.com\/avatar\/c60a0cefbcf687e88c3850db7a78ba846e86d0dad6cb5d57bd8810609fc8afbf?s=96&d=mm&r=g"},"date":"2024-10-16T12:46:06","cld_nonce":"015d9540d6","content":{"rendered":"<p>Deaktivieren und Deinstallieren sind zwei Paar Schuh&#8216;!<br \/>\nFakt ist, der Explorer ist beim Deaktivieren von Recall, sei es vor der Installation des Systems<br \/>\nnoch nach der Installation &#8222;defekt&#8220;!<\/p>\n<p>Anders schaut es aus, wenn Recall gar nicht installiert wird, oder deinstalliert wird,<\/p>\n<p>Und noch einmal der Hinweis!<br \/>\nEs muss eine US-Version des BS sein, um z.Z. \u00fcberhaupt das alles nachzuvollziehen zu k\u00f6nnen.<\/p>\n"},"status":"1"},{"id":286586,"parent":286583,"author":134,"author_name":"moinmoin","author_email":"moin-moin@hab-verschlafen.de","author_url":"","author_avatar_urls":{"24":"https:\/\/secure.gravatar.com\/avatar\/fab96769102f8886245ab411df9a42a235be79261e4b44aa7ab2a555da8b86b4?s=24&d=mm&r=g","48":"https:\/\/secure.gravatar.com\/avatar\/fab96769102f8886245ab411df9a42a235be79261e4b44aa7ab2a555da8b86b4?s=48&d=mm&r=g","96":"https:\/\/secure.gravatar.com\/avatar\/fab96769102f8886245ab411df9a42a235be79261e4b44aa7ab2a555da8b86b4?s=96&d=mm&r=g"},"date":"2024-10-16T12:57:33","cld_nonce":"015d9540d6","content":{"rendered":"<p>Und wie oben geschrieben, es gibt derzeit keine Build, die Recall vollst\u00e4ndig integriert hat.<\/p>\n"},"status":"1"},{"id":286589,"parent":286574,"author":0,"author_name":"ES","author_email":"exblosis.stefan@gmail.com","author_url":"","author_avatar_urls":{"24":"https:\/\/secure.gravatar.com\/avatar\/b1696a3336c65964a844d9508a6fea954604a3a5e8956f5b56e3610427bd328b?s=24&d=mm&r=g","48":"https:\/\/secure.gravatar.com\/avatar\/b1696a3336c65964a844d9508a6fea954604a3a5e8956f5b56e3610427bd328b?s=48&d=mm&r=g","96":"https:\/\/secure.gravatar.com\/avatar\/b1696a3336c65964a844d9508a6fea954604a3a5e8956f5b56e3610427bd328b?s=96&d=mm&r=g"},"date":"2024-10-16T13:08:43","cld_nonce":"015d9540d6","content":{"rendered":"<p>Hat mit Recall im grunde nichts zu tun.<br \/>\nDas Snipping Tool speichert schon lange automatisch die Screenshots ab, da muss man nicht selber auf speichern klicken und so kann man mehrere Screenshots ohne Unterbrechung nacheinander machen.<br \/>\nAndere Programme mit einer integrierten Screenshot Funkionen speichern auch automatisch.<br \/>\nIst nichts neues.<\/p>\n"},"status":"1"},{"id":286599,"parent":0,"author":6042,"author_name":"Skysoul","author_email":"skydragonx@aol.com","author_url":"","author_avatar_urls":{"24":"https:\/\/secure.gravatar.com\/avatar\/045b13fd3d1230e8f0fef5d1c0e8f5d4cfcecb8dbf1d39363c86038b9ca5b9ca?s=24&d=mm&r=g","48":"https:\/\/secure.gravatar.com\/avatar\/045b13fd3d1230e8f0fef5d1c0e8f5d4cfcecb8dbf1d39363c86038b9ca5b9ca?s=48&d=mm&r=g","96":"https:\/\/secure.gravatar.com\/avatar\/045b13fd3d1230e8f0fef5d1c0e8f5d4cfcecb8dbf1d39363c86038b9ca5b9ca?s=96&d=mm&r=g"},"date":"2024-10-16T15:40:44","cld_nonce":"015d9540d6","content":{"rendered":"<p>Zum Thema, ich habe jetzt seit einer Woche 24H2 am laufen und sehe nirgendwo Recall. Es ist weder in den Einstellungen zu finden noch irgendwo aufgelistet. Ist das so richtig? Ich will es eh nicht haben <img src=\"https:\/\/www.deskmodder.de\/blog\/wp-content\/plugins\/classic-smilies\/img\/icon_razz.gif\" alt=\":P\" class=\"wp-smiley\" \/><\/p>\n"},"status":"1"},{"id":286600,"parent":286582,"author":0,"author_name":"Sam2","author_email":"abc@deskmodder.de","author_url":"","author_avatar_urls":{"24":"https:\/\/secure.gravatar.com\/avatar\/9b8cbe7914378a0e3210e17fe060b31cf0c9074630c11fbd5046587cb1d5fdb2?s=24&d=mm&r=g","48":"https:\/\/secure.gravatar.com\/avatar\/9b8cbe7914378a0e3210e17fe060b31cf0c9074630c11fbd5046587cb1d5fdb2?s=48&d=mm&r=g","96":"https:\/\/secure.gravatar.com\/avatar\/9b8cbe7914378a0e3210e17fe060b31cf0c9074630c11fbd5046587cb1d5fdb2?s=96&d=mm&r=g"},"date":"2024-10-16T15:40:46","cld_nonce":"015d9540d6","content":{"rendered":"<p>So kann man es ganz einfach testen.<\/p>\n<p>Ob du es wahrhaben willst oder nicht.<br \/>\nRecall ist f\u00fcr den defekten Explorer verantwortlich!<\/p>\n"},"status":"1"},{"id":286601,"parent":286599,"author":134,"author_name":"moinmoin","author_email":"moin-moin@hab-verschlafen.de","author_url":"","author_avatar_urls":{"24":"https:\/\/secure.gravatar.com\/avatar\/fab96769102f8886245ab411df9a42a235be79261e4b44aa7ab2a555da8b86b4?s=24&d=mm&r=g","48":"https:\/\/secure.gravatar.com\/avatar\/fab96769102f8886245ab411df9a42a235be79261e4b44aa7ab2a555da8b86b4?s=48&d=mm&r=g","96":"https:\/\/secure.gravatar.com\/avatar\/fab96769102f8886245ab411df9a42a235be79261e4b44aa7ab2a555da8b86b4?s=96&d=mm&r=g"},"date":"2024-10-16T15:52:00","cld_nonce":"015d9540d6","content":{"rendered":"<p>Findest du derzeit auch nur \u00fcber PowerShell, da MS es erst in den Insidern wieder freischalten wird.<br \/>\nDISM \/Online \/Get-FeatureInfo \/FeatureName=Recall<\/p>\n"},"status":"1"},{"id":286603,"parent":286580,"author":3250,"author_name":"Alt68er","author_email":"pedrino@gmx.net","author_url":"","author_avatar_urls":{"24":"https:\/\/secure.gravatar.com\/avatar\/3e83d3381e68ec41197a0525c54a76c7257aa630d57bbf9f3bf18859dbb24721?s=24&d=mm&r=g","48":"https:\/\/secure.gravatar.com\/avatar\/3e83d3381e68ec41197a0525c54a76c7257aa630d57bbf9f3bf18859dbb24721?s=48&d=mm&r=g","96":"https:\/\/secure.gravatar.com\/avatar\/3e83d3381e68ec41197a0525c54a76c7257aa630d57bbf9f3bf18859dbb24721?s=96&d=mm&r=g"},"date":"2024-10-16T16:52:26","cld_nonce":"015d9540d6","content":{"rendered":"<p>Kann ich aus eigener Erfahrung nur best\u00e4tigen!<br \/>\nIch habe mit NTLite den (nicht vorhandenen) Recall entfernt (Haken entfernt) und schon hat nach der Installation der erste angelegte User einen defekten Explorer, ohne Tabs aber daf\u00fcr mit Ribbon-Men\u00fc. Ich habe mindestens 10 NTLite Images ohne Recall probiert, immer mit dem defekten Explorer. Und bisher keine Ursache f\u00fcr dieses bescheuerte Verhalten gefunden.<br \/>\nJetzt habe ich endlich mal einen Ansatzpunkt gehabt, ein neues Image mit NTLite gefertigt, ohne den Haken bei Recall zu l\u00f6schen, und schon l\u00e4uft das installierte Windows wie &#8217;ne eins.<br \/>\nOk, man jetzt nat\u00fcrlich die &#8222;Schuld&#8220; von MS wegschieben zu NTLite. Aber ich bin schon ziemlich sicher, dass der Wurm in Windows zu suchen ist und nicht in NTLite.<\/p>\n"},"status":"1"},{"id":286609,"parent":0,"author":10538,"author_name":"fuba","author_email":"q3fuba@gmail.com","author_url":"","author_avatar_urls":{"24":"https:\/\/secure.gravatar.com\/avatar\/a6346e1f4fe46f6568decf3c3ec2533fdfe31c768035f965c412d7a573cc3315?s=24&d=mm&r=g","48":"https:\/\/secure.gravatar.com\/avatar\/a6346e1f4fe46f6568decf3c3ec2533fdfe31c768035f965c412d7a573cc3315?s=48&d=mm&r=g","96":"https:\/\/secure.gravatar.com\/avatar\/a6346e1f4fe46f6568decf3c3ec2533fdfe31c768035f965c412d7a573cc3315?s=96&d=mm&r=g"},"date":"2024-10-16T18:24:22","cld_nonce":"015d9540d6","content":{"rendered":"<p>Die Aussage &#8222;Recall zerst\u00f6rt nicht den Datei Explorer&#8220; ist auch nicht zu 100% korrekt!<\/p>\n<p>Denn entfernt man Racall direkt aus der ISO mittels DISM, dann ist der Explorer broken.<br \/>\nObwohl &#8222;broken&#8220; auch nicht ganz richtig ist, aber darauf gehe ich jetzt nicht n\u00e4her ein, gibt genug Infos was passiert ^^<\/p>\n<p>Ergo sind beide Aussagen NICHT zu 100% richtig, weder &#8222;Recall zerst\u00f6rt den Datei Explorer&#8220; noch &#8222;Recall zerst\u00f6rt nicht den Datei Explorer&#8220;.<\/p>\n<p>Wie auch immer, Windows 11 wird von Monat zu Monat mehr &#8222;broken&#8220; und es wird wenig bis nichts gefixt!<\/p>\n<p>Jeder der nur &#8222;ein wenig&#8220; Ahnung hat wei\u00df, wenn ein Windows Update bevor steht und man Stabile Systems am laufen hat, dann macht man diese Updates erstmal &#8222;mit Sicherheit&#8220; nicht!<\/p>\n<p>Erst 1-2 Monate warten, dann mal sehen was die &#8222;tester&#8220; so berichten und dann ist es noch immer nicht 100% sicher ob es nicht irgendwas zerfetzt wenn man Updated&#8230;<br \/>\nIst halt schon mehr als l\u00e4cherlich wenn nicht sogar schon eher &#8222;bedauernswert&#8220; wie tief Microsoft mit Windows 11 gefallen ist!<\/p>\n<p>Aber naja, schneiden sich auf lang oder kurz ins eigene Fleisch, wie man so sch\u00f6n sagt ^^<\/p>\n"},"status":"1"},{"id":286610,"parent":0,"author":0,"author_name":"Ich bin gl\u00fccklich.","author_email":"roland.moser@mosimail.ch","author_url":"","author_avatar_urls":{"24":"https:\/\/secure.gravatar.com\/avatar\/f67f2cc79ba1007ca86ea9a530b2ad9283b44a161c08dc623caa87cf87377e71?s=24&d=mm&r=g","48":"https:\/\/secure.gravatar.com\/avatar\/f67f2cc79ba1007ca86ea9a530b2ad9283b44a161c08dc623caa87cf87377e71?s=48&d=mm&r=g","96":"https:\/\/secure.gravatar.com\/avatar\/f67f2cc79ba1007ca86ea9a530b2ad9283b44a161c08dc623caa87cf87377e71?s=96&d=mm&r=g"},"date":"2024-10-16T19:19:27","cld_nonce":"015d9540d6","content":{"rendered":"<p>Was stimmt jetzt?<\/p>\n"},"status":"1"},{"id":286612,"parent":0,"author":0,"author_name":"Ralle","author_email":"Anon@byom.de","author_url":"","author_avatar_urls":{"24":"https:\/\/secure.gravatar.com\/avatar\/3ac3321cebb6b8330471b5bee2fd258ea951a34272f02824f454bcf6babc43df?s=24&d=mm&r=g","48":"https:\/\/secure.gravatar.com\/avatar\/3ac3321cebb6b8330471b5bee2fd258ea951a34272f02824f454bcf6babc43df?s=48&d=mm&r=g","96":"https:\/\/secure.gravatar.com\/avatar\/3ac3321cebb6b8330471b5bee2fd258ea951a34272f02824f454bcf6babc43df?s=96&d=mm&r=g"},"date":"2024-10-16T19:46:27","cld_nonce":"015d9540d6","content":{"rendered":"<p>Fr\u00fcher nannte man es Keylogger bzw. Spyware! Heute ist es Windows selbst, was einen vorn und hinten ausspioniert. Man fragt sich halt wirklich ob die EU kein R\u00fcckgrat hat, oder einfach alles hin nimmt was man in Redmont als &#8222;Feature&#8220; verkauft. Ich kenne absolut &#8222;KEINEN&#8220; in meinem Umfeld der Recall als positives feature ansieht. Man kann nur hoffen, dsas der Verbraucherschutz sich dieser G\u00e4ngellei endlich mal annimmt! Denn so langsam geht das was MS hier als feature verkauft auf keine Kuhhaut mehr. Und nein ich m\u00f6chte diesen &#8222;tollen Keylogger&#8220; gar nicht erst mit installieren. Es reicht schon s\u00e4mtliche Dinge zu entfernen die man nicht haben will!<\/p>\n<p>Und die wundern sich tats\u00e4chlich warum 24H2 so schleppend angenommen wird? &#8222;think about&#8220;<\/p>\n"},"status":"1"},{"id":286634,"parent":286589,"author":0,"author_name":"Tom","author_email":"derbeachman@outlook.com","author_url":"","author_avatar_urls":{"24":"https:\/\/secure.gravatar.com\/avatar\/914c40b8efe03b163070acd8c6af0f8ca20a0bca7faacbbab609a427d78dc9be?s=24&d=mm&r=g","48":"https:\/\/secure.gravatar.com\/avatar\/914c40b8efe03b163070acd8c6af0f8ca20a0bca7faacbbab609a427d78dc9be?s=48&d=mm&r=g","96":"https:\/\/secure.gravatar.com\/avatar\/914c40b8efe03b163070acd8c6af0f8ca20a0bca7faacbbab609a427d78dc9be?s=96&d=mm&r=g"},"date":"2024-10-17T08:35:09","cld_nonce":"015d9540d6","content":{"rendered":"<p>Zumal das Snipping Tool auch in einer eigentlich nicht \u00fcbersehbaren Meldung darauf hinweist, dass der Screenshot automatisch gespeichert wurde. Und man die Option bei Bedarf dann auch noch sehr einfach in den Optionen deaktivieren kann.<\/p>\n"},"status":"1"},{"id":286635,"parent":286603,"author":0,"author_name":"Frank","author_email":"frank.b@outlook.de","author_url":"","author_avatar_urls":{"24":"https:\/\/secure.gravatar.com\/avatar\/a624e953a67265471aa7bfb6c6e88d709010d82949be89f3f981776977027f2a?s=24&d=mm&r=g","48":"https:\/\/secure.gravatar.com\/avatar\/a624e953a67265471aa7bfb6c6e88d709010d82949be89f3f981776977027f2a?s=48&d=mm&r=g","96":"https:\/\/secure.gravatar.com\/avatar\/a624e953a67265471aa7bfb6c6e88d709010d82949be89f3f981776977027f2a?s=96&d=mm&r=g"},"date":"2024-10-17T08:39:31","cld_nonce":"015d9540d6","content":{"rendered":"<p>Hmm.. der Explroer ist doch dann aber nicht defekt. Defekt w\u00fcrde bedeuten, dass er nicht funktioniert. Er wurde lediglich auf die alte Version ohne Tabs zur\u00fcckgesetzt.<\/p>\n"},"status":"1"},{"id":286640,"parent":0,"author":3838,"author_name":"Hagal2","author_email":"fafnyr77@hotmail.com","author_url":"","author_avatar_urls":{"24":"https:\/\/secure.gravatar.com\/avatar\/100aa651faa19dba972cd9ea5295901e4ada8a04a106cdf6b04da87977f06ce5?s=24&d=mm&r=g","48":"https:\/\/secure.gravatar.com\/avatar\/100aa651faa19dba972cd9ea5295901e4ada8a04a106cdf6b04da87977f06ce5?s=48&d=mm&r=g","96":"https:\/\/secure.gravatar.com\/avatar\/100aa651faa19dba972cd9ea5295901e4ada8a04a106cdf6b04da87977f06ce5?s=96&d=mm&r=g"},"date":"2024-10-17T09:22:52","cld_nonce":"015d9540d6","content":{"rendered":"<p>Ich will kein Recall, hoffe auf viele Regedit Tweaks und Co von Deskmodder. Windows muss und sollte 100% Bloadwarefrei sein, mein Traum. S\u00e4mtlichen M\u00fcll au\u00dfer das reine Windows OS<\/p>\n"},"status":"1"},{"id":286641,"parent":286640,"author":134,"author_name":"moinmoin","author_email":"moin-moin@hab-verschlafen.de","author_url":"","author_avatar_urls":{"24":"https:\/\/secure.gravatar.com\/avatar\/fab96769102f8886245ab411df9a42a235be79261e4b44aa7ab2a555da8b86b4?s=24&d=mm&r=g","48":"https:\/\/secure.gravatar.com\/avatar\/fab96769102f8886245ab411df9a42a235be79261e4b44aa7ab2a555da8b86b4?s=48&d=mm&r=g","96":"https:\/\/secure.gravatar.com\/avatar\/fab96769102f8886245ab411df9a42a235be79261e4b44aa7ab2a555da8b86b4?s=96&d=mm&r=g"},"date":"2024-10-17T09:28:14","cld_nonce":"015d9540d6","content":{"rendered":"<p>Bislang diese<br \/>\n<a href=\"https:\/\/www.deskmodder.de\/wiki\/index.php?title=Momentaufnahmen_(Recall)_deaktivieren_Windows_11\" rel=\"ugc\">https:\/\/www.deskmodder.de\/wiki\/index.php?title=Momentaufnahmen_(Recall)_deaktivieren_Windows_11<\/a><\/p>\n"},"status":"1"},{"id":286652,"parent":286641,"author":0,"author_name":"Ralle","author_email":"Anon@byom.de","author_url":"","author_avatar_urls":{"24":"https:\/\/secure.gravatar.com\/avatar\/3ac3321cebb6b8330471b5bee2fd258ea951a34272f02824f454bcf6babc43df?s=24&d=mm&r=g","48":"https:\/\/secure.gravatar.com\/avatar\/3ac3321cebb6b8330471b5bee2fd258ea951a34272f02824f454bcf6babc43df?s=48&d=mm&r=g","96":"https:\/\/secure.gravatar.com\/avatar\/3ac3321cebb6b8330471b5bee2fd258ea951a34272f02824f454bcf6babc43df?s=96&d=mm&r=g"},"date":"2024-10-17T10:40:43","cld_nonce":"015d9540d6","content":{"rendered":"<p>Danke @moinmoin f\u00fcr den Link zum Deaktivieren von Recall. Das sollte man vielleicht gleich mit oben anpinnen! <img src=\"https:\/\/www.deskmodder.de\/blog\/wp-content\/plugins\/classic-smilies\/img\/icon_wink.gif\" alt=\";)\" class=\"wp-smiley\" \/> Ich habe mir mal die Option mit der alten Systemsteuerung aus dem Thread angesehen und bei meiner frischen Installation vom MS-ISO (24H2 26100 v1742 &#8211; noch kein Oktobersicherheitsupdate get\u00e4tigt auf v2203) ist nichts zu finden bei Recall, wie im Thread erw\u00e4hnt. <\/p>\n<p>Dennoch sollte man das direkt anpinnen, denn sicherlich wird es mehrere geben, die Recall nicht haben wollen.<\/p>\n<p>Wie immer Gru\u00df ans Deskmodder Team, ihr seit einfach toll !!! <img src=\"https:\/\/www.deskmodder.de\/blog\/wp-content\/plugins\/classic-smilies\/img\/icon_wink.gif\" alt=\";)\" class=\"wp-smiley\" \/><\/p>\n"},"status":"1"}],"wp_author":{"id":134,"name":"moinmoin","description":"Ich bin nicht allwissend, was <a href=\"https:\/\/www.deskmodder.de\/wiki\/index.php?title=Kategorie:Windows_11\">Windows<\/a> angeht. Aber genau deshalb nehme ich Windows gerne auseinander und unter die Lupe, um all mein Wissen zu erweitern. <i>J\u00fcrgen<\/i>","author_avatar_urls":{"24":"https:\/\/secure.gravatar.com\/avatar\/fab96769102f8886245ab411df9a42a235be79261e4b44aa7ab2a555da8b86b4?s=24&d=mm&r=g","48":"https:\/\/secure.gravatar.com\/avatar\/fab96769102f8886245ab411df9a42a235be79261e4b44aa7ab2a555da8b86b4?s=48&d=mm&r=g","96":"https:\/\/secure.gravatar.com\/avatar\/fab96769102f8886245ab411df9a42a235be79261e4b44aa7ab2a555da8b86b4?s=96&d=mm&r=g"}},"cld_nonce":"015d9540d6","yoast_head":"<!-- This site is optimized with the Yoast SEO Premium plugin v27.5 (Yoast SEO v27.5) - https:\/\/yoast.com\/product\/yoast-seo-premium-wordpress\/ -->\n<title>Recall zerst\u00f6rt nicht den Datei Explorer - Deskmodder.de<\/title>\n<meta name=\"robots\" content=\"index, follow, max-snippet:-1, max-image-preview:large, max-video-preview:-1\" \/>\n<link rel=\"canonical\" href=\"https:\/\/www.deskmodder.de\/blog\/2024\/10\/16\/recall-zerstoert-nicht-den-datei-explorer\/\" \/>\n<meta property=\"og:locale\" content=\"de_DE\" \/>\n<meta property=\"og:type\" content=\"article\" \/>\n<meta property=\"og:title\" content=\"Recall zerst\u00f6rt nicht den Datei Explorer\" \/>\n<meta property=\"og:description\" content=\"Eigentlich wollte ich auf das Thema nicht eingehen. Aber da sich derzeit die Meldung verbreitet, dass die neue Funktion in Windows 11 24H2, Recall so tief in das System gestrickt ist, dass das deaktivieren sogar den Datei Explorer zerst\u00f6rt, gehe&hellip;\" \/>\n<meta property=\"og:url\" content=\"https:\/\/www.deskmodder.de\/blog\/2024\/10\/16\/recall-zerstoert-nicht-den-datei-explorer\/\" \/>\n<meta property=\"og:site_name\" content=\"Deskmodder.de\" \/>\n<meta property=\"article:publisher\" content=\"https:\/\/www.facebook.com\/Deskmodder\" \/>\n<meta property=\"article:published_time\" content=\"2024-10-16T05:33:40+00:00\" \/>\n<meta property=\"article:modified_time\" content=\"2024-10-16T05:34:26+00:00\" \/>\n<meta property=\"og:image\" content=\"https:\/\/www.deskmodder.de\/blog\/wp-content\/uploads\/2024\/05\/recall-und-snapshots-die-einstellungen-unter-windows-11.jpg\" \/>\n\t<meta property=\"og:image:width\" content=\"1430\" \/>\n\t<meta property=\"og:image:height\" content=\"894\" \/>\n\t<meta property=\"og:image:type\" content=\"image\/jpeg\" \/>\n<meta name=\"author\" content=\"moinmoin\" \/>\n<meta name=\"twitter:card\" content=\"summary_large_image\" \/>\n<meta name=\"twitter:creator\" content=\"@Deskmodder\" \/>\n<meta name=\"twitter:site\" content=\"@Deskmodder\" \/>\n<script type=\"application\/ld+json\" class=\"yoast-schema-graph\">{\"@context\":\"https:\\\/\\\/schema.org\",\"@graph\":[{\"@type\":\"Article\",\"@id\":\"https:\\\/\\\/www.deskmodder.de\\\/blog\\\/2024\\\/10\\\/16\\\/recall-zerstoert-nicht-den-datei-explorer\\\/#article\",\"isPartOf\":{\"@id\":\"https:\\\/\\\/www.deskmodder.de\\\/blog\\\/2024\\\/10\\\/16\\\/recall-zerstoert-nicht-den-datei-explorer\\\/\"},\"author\":{\"name\":\"moinmoin\",\"@id\":\"https:\\\/\\\/www.deskmodder.de\\\/blog\\\/#\\\/schema\\\/person\\\/a40b17a9503c4a1568ac4073bb54182a\"},\"headline\":\"Recall zerst\u00f6rt nicht den Datei Explorer\",\"datePublished\":\"2024-10-16T05:33:40+00:00\",\"dateModified\":\"2024-10-16T05:34:26+00:00\",\"mainEntityOfPage\":{\"@id\":\"https:\\\/\\\/www.deskmodder.de\\\/blog\\\/2024\\\/10\\\/16\\\/recall-zerstoert-nicht-den-datei-explorer\\\/\"},\"wordCount\":320,\"commentCount\":35,\"publisher\":{\"@id\":\"https:\\\/\\\/www.deskmodder.de\\\/blog\\\/#organization\"},\"image\":{\"@id\":\"https:\\\/\\\/www.deskmodder.de\\\/blog\\\/2024\\\/10\\\/16\\\/recall-zerstoert-nicht-den-datei-explorer\\\/#primaryimage\"},\"thumbnailUrl\":\"https:\\\/\\\/www.deskmodder.de\\\/blog\\\/wp-content\\\/uploads\\\/2024\\\/05\\\/recall-und-snapshots-die-einstellungen-unter-windows-11.jpg\",\"keywords\":[\"recAll\",\"Recall Datei Explorer\"],\"articleSection\":[\"Windows 11\"],\"inLanguage\":\"de\",\"potentialAction\":[{\"@type\":\"CommentAction\",\"name\":\"Comment\",\"target\":[\"https:\\\/\\\/www.deskmodder.de\\\/blog\\\/2024\\\/10\\\/16\\\/recall-zerstoert-nicht-den-datei-explorer\\\/#respond\"]}],\"copyrightYear\":\"2024\",\"copyrightHolder\":{\"@id\":\"https:\\\/\\\/www.deskmodder.de\\\/blog\\\/#organization\"}},{\"@type\":\"WebPage\",\"@id\":\"https:\\\/\\\/www.deskmodder.de\\\/blog\\\/2024\\\/10\\\/16\\\/recall-zerstoert-nicht-den-datei-explorer\\\/\",\"url\":\"https:\\\/\\\/www.deskmodder.de\\\/blog\\\/2024\\\/10\\\/16\\\/recall-zerstoert-nicht-den-datei-explorer\\\/\",\"name\":\"Recall zerst\u00f6rt nicht den Datei Explorer - Deskmodder.de\",\"isPartOf\":{\"@id\":\"https:\\\/\\\/www.deskmodder.de\\\/blog\\\/#website\"},\"primaryImageOfPage\":{\"@id\":\"https:\\\/\\\/www.deskmodder.de\\\/blog\\\/2024\\\/10\\\/16\\\/recall-zerstoert-nicht-den-datei-explorer\\\/#primaryimage\"},\"image\":{\"@id\":\"https:\\\/\\\/www.deskmodder.de\\\/blog\\\/2024\\\/10\\\/16\\\/recall-zerstoert-nicht-den-datei-explorer\\\/#primaryimage\"},\"thumbnailUrl\":\"https:\\\/\\\/www.deskmodder.de\\\/blog\\\/wp-content\\\/uploads\\\/2024\\\/05\\\/recall-und-snapshots-die-einstellungen-unter-windows-11.jpg\",\"datePublished\":\"2024-10-16T05:33:40+00:00\",\"dateModified\":\"2024-10-16T05:34:26+00:00\",\"breadcrumb\":{\"@id\":\"https:\\\/\\\/www.deskmodder.de\\\/blog\\\/2024\\\/10\\\/16\\\/recall-zerstoert-nicht-den-datei-explorer\\\/#breadcrumb\"},\"inLanguage\":\"de\",\"potentialAction\":[{\"@type\":\"ReadAction\",\"target\":[\"https:\\\/\\\/www.deskmodder.de\\\/blog\\\/2024\\\/10\\\/16\\\/recall-zerstoert-nicht-den-datei-explorer\\\/\"]}]},{\"@type\":\"ImageObject\",\"inLanguage\":\"de\",\"@id\":\"https:\\\/\\\/www.deskmodder.de\\\/blog\\\/2024\\\/10\\\/16\\\/recall-zerstoert-nicht-den-datei-explorer\\\/#primaryimage\",\"url\":\"https:\\\/\\\/www.deskmodder.de\\\/blog\\\/wp-content\\\/uploads\\\/2024\\\/05\\\/recall-und-snapshots-die-einstellungen-unter-windows-11.jpg\",\"contentUrl\":\"https:\\\/\\\/www.deskmodder.de\\\/blog\\\/wp-content\\\/uploads\\\/2024\\\/05\\\/recall-und-snapshots-die-einstellungen-unter-windows-11.jpg\",\"width\":1430,\"height\":894},{\"@type\":\"BreadcrumbList\",\"@id\":\"https:\\\/\\\/www.deskmodder.de\\\/blog\\\/2024\\\/10\\\/16\\\/recall-zerstoert-nicht-den-datei-explorer\\\/#breadcrumb\",\"itemListElement\":[{\"@type\":\"ListItem\",\"position\":1,\"name\":\"Startseite\",\"item\":\"https:\\\/\\\/www.deskmodder.de\\\/blog\\\/\"},{\"@type\":\"ListItem\",\"position\":2,\"name\":\"Recall zerst\u00f6rt nicht den Datei Explorer\"}]},{\"@type\":\"WebSite\",\"@id\":\"https:\\\/\\\/www.deskmodder.de\\\/blog\\\/#website\",\"url\":\"https:\\\/\\\/www.deskmodder.de\\\/blog\\\/\",\"name\":\"Deskmodder.de\",\"description\":\"News zum Thema Microsoft, Windows 11 \\\/ 10, sowie anderen Neuigkeiten aus dem Netz, viele Tipps und individuelle Hilfe bei Problemen in unserem Forum \u25cf Deskmodder - seit 2003\",\"publisher\":{\"@id\":\"https:\\\/\\\/www.deskmodder.de\\\/blog\\\/#organization\"},\"potentialAction\":[{\"@type\":\"SearchAction\",\"target\":{\"@type\":\"EntryPoint\",\"urlTemplate\":\"https:\\\/\\\/www.deskmodder.de\\\/blog\\\/?s={search_term_string}\"},\"query-input\":{\"@type\":\"PropertyValueSpecification\",\"valueRequired\":true,\"valueName\":\"search_term_string\"}}],\"inLanguage\":\"de\"},{\"@type\":\"Organization\",\"@id\":\"https:\\\/\\\/www.deskmodder.de\\\/blog\\\/#organization\",\"name\":\"Deskmodder\",\"url\":\"https:\\\/\\\/www.deskmodder.de\\\/blog\\\/\",\"logo\":{\"@type\":\"ImageObject\",\"inLanguage\":\"de\",\"@id\":\"https:\\\/\\\/www.deskmodder.de\\\/blog\\\/#\\\/schema\\\/logo\\\/image\\\/\",\"url\":\"https:\\\/\\\/www.deskmodder.de\\\/blog\\\/wp-content\\\/uploads\\\/2019\\\/01\\\/deskmodder-logo-app.png\",\"contentUrl\":\"https:\\\/\\\/www.deskmodder.de\\\/blog\\\/wp-content\\\/uploads\\\/2019\\\/01\\\/deskmodder-logo-app.png\",\"width\":281,\"height\":286,\"caption\":\"Deskmodder\"},\"image\":{\"@id\":\"https:\\\/\\\/www.deskmodder.de\\\/blog\\\/#\\\/schema\\\/logo\\\/image\\\/\"},\"sameAs\":[\"https:\\\/\\\/www.facebook.com\\\/Deskmodder\",\"https:\\\/\\\/x.com\\\/Deskmodder\",\"https:\\\/\\\/mastodontech.de\\\/@Deskmodder\",\"https:\\\/\\\/www.youtube.com\\\/user\\\/deskmodder\",\"https:\\\/\\\/mewe.com\\\/group\\\/5c83b5231add826fc80cdae1\"]},{\"@type\":\"Person\",\"@id\":\"https:\\\/\\\/www.deskmodder.de\\\/blog\\\/#\\\/schema\\\/person\\\/a40b17a9503c4a1568ac4073bb54182a\",\"name\":\"moinmoin\",\"image\":{\"@type\":\"ImageObject\",\"inLanguage\":\"de\",\"@id\":\"https:\\\/\\\/secure.gravatar.com\\\/avatar\\\/fab96769102f8886245ab411df9a42a235be79261e4b44aa7ab2a555da8b86b4?s=96&d=mm&r=g\",\"url\":\"https:\\\/\\\/secure.gravatar.com\\\/avatar\\\/fab96769102f8886245ab411df9a42a235be79261e4b44aa7ab2a555da8b86b4?s=96&d=mm&r=g\",\"contentUrl\":\"https:\\\/\\\/secure.gravatar.com\\\/avatar\\\/fab96769102f8886245ab411df9a42a235be79261e4b44aa7ab2a555da8b86b4?s=96&d=mm&r=g\",\"caption\":\"moinmoin\"},\"description\":\"Ich bin nicht allwissend, was Windows angeht. Aber genau deshalb nehme ich Windows gerne auseinander und unter die Lupe, um all mein Wissen zu erweitern. J\u00fcrgen\",\"url\":\"https:\\\/\\\/www.deskmodder.de\\\/blog\\\/author\\\/moinmoin\\\/\"}]}<\/script>\n<!-- \/ Yoast SEO Premium plugin. -->","yoast_head_json":{"title":"Recall zerst\u00f6rt nicht den Datei Explorer - Deskmodder.de","robots":{"index":"index","follow":"follow","max-snippet":"max-snippet:-1","max-image-preview":"max-image-preview:large","max-video-preview":"max-video-preview:-1"},"canonical":"https:\/\/www.deskmodder.de\/blog\/2024\/10\/16\/recall-zerstoert-nicht-den-datei-explorer\/","og_locale":"de_DE","og_type":"article","og_title":"Recall zerst\u00f6rt nicht den Datei Explorer","og_description":"Eigentlich wollte ich auf das Thema nicht eingehen. Aber da sich derzeit die Meldung verbreitet, dass die neue Funktion in Windows 11 24H2, Recall so tief in das System gestrickt ist, dass das deaktivieren sogar den Datei Explorer zerst\u00f6rt, gehe&hellip;","og_url":"https:\/\/www.deskmodder.de\/blog\/2024\/10\/16\/recall-zerstoert-nicht-den-datei-explorer\/","og_site_name":"Deskmodder.de","article_publisher":"https:\/\/www.facebook.com\/Deskmodder","article_published_time":"2024-10-16T05:33:40+00:00","article_modified_time":"2024-10-16T05:34:26+00:00","og_image":[{"width":1430,"height":894,"url":"https:\/\/www.deskmodder.de\/blog\/wp-content\/uploads\/2024\/05\/recall-und-snapshots-die-einstellungen-unter-windows-11.jpg","type":"image\/jpeg"}],"author":"moinmoin","twitter_card":"summary_large_image","twitter_creator":"@Deskmodder","twitter_site":"@Deskmodder","schema":{"@context":"https:\/\/schema.org","@graph":[{"@type":"Article","@id":"https:\/\/www.deskmodder.de\/blog\/2024\/10\/16\/recall-zerstoert-nicht-den-datei-explorer\/#article","isPartOf":{"@id":"https:\/\/www.deskmodder.de\/blog\/2024\/10\/16\/recall-zerstoert-nicht-den-datei-explorer\/"},"author":{"name":"moinmoin","@id":"https:\/\/www.deskmodder.de\/blog\/#\/schema\/person\/a40b17a9503c4a1568ac4073bb54182a"},"headline":"Recall zerst\u00f6rt nicht den Datei Explorer","datePublished":"2024-10-16T05:33:40+00:00","dateModified":"2024-10-16T05:34:26+00:00","mainEntityOfPage":{"@id":"https:\/\/www.deskmodder.de\/blog\/2024\/10\/16\/recall-zerstoert-nicht-den-datei-explorer\/"},"wordCount":320,"commentCount":35,"publisher":{"@id":"https:\/\/www.deskmodder.de\/blog\/#organization"},"image":{"@id":"https:\/\/www.deskmodder.de\/blog\/2024\/10\/16\/recall-zerstoert-nicht-den-datei-explorer\/#primaryimage"},"thumbnailUrl":"https:\/\/www.deskmodder.de\/blog\/wp-content\/uploads\/2024\/05\/recall-und-snapshots-die-einstellungen-unter-windows-11.jpg","keywords":["recAll","Recall Datei Explorer"],"articleSection":["Windows 11"],"inLanguage":"de","potentialAction":[{"@type":"CommentAction","name":"Comment","target":["https:\/\/www.deskmodder.de\/blog\/2024\/10\/16\/recall-zerstoert-nicht-den-datei-explorer\/#respond"]}],"copyrightYear":"2024","copyrightHolder":{"@id":"https:\/\/www.deskmodder.de\/blog\/#organization"}},{"@type":"WebPage","@id":"https:\/\/www.deskmodder.de\/blog\/2024\/10\/16\/recall-zerstoert-nicht-den-datei-explorer\/","url":"https:\/\/www.deskmodder.de\/blog\/2024\/10\/16\/recall-zerstoert-nicht-den-datei-explorer\/","name":"Recall zerst\u00f6rt nicht den Datei Explorer - Deskmodder.de","isPartOf":{"@id":"https:\/\/www.deskmodder.de\/blog\/#website"},"primaryImageOfPage":{"@id":"https:\/\/www.deskmodder.de\/blog\/2024\/10\/16\/recall-zerstoert-nicht-den-datei-explorer\/#primaryimage"},"image":{"@id":"https:\/\/www.deskmodder.de\/blog\/2024\/10\/16\/recall-zerstoert-nicht-den-datei-explorer\/#primaryimage"},"thumbnailUrl":"https:\/\/www.deskmodder.de\/blog\/wp-content\/uploads\/2024\/05\/recall-und-snapshots-die-einstellungen-unter-windows-11.jpg","datePublished":"2024-10-16T05:33:40+00:00","dateModified":"2024-10-16T05:34:26+00:00","breadcrumb":{"@id":"https:\/\/www.deskmodder.de\/blog\/2024\/10\/16\/recall-zerstoert-nicht-den-datei-explorer\/#breadcrumb"},"inLanguage":"de","potentialAction":[{"@type":"ReadAction","target":["https:\/\/www.deskmodder.de\/blog\/2024\/10\/16\/recall-zerstoert-nicht-den-datei-explorer\/"]}]},{"@type":"ImageObject","inLanguage":"de","@id":"https:\/\/www.deskmodder.de\/blog\/2024\/10\/16\/recall-zerstoert-nicht-den-datei-explorer\/#primaryimage","url":"https:\/\/www.deskmodder.de\/blog\/wp-content\/uploads\/2024\/05\/recall-und-snapshots-die-einstellungen-unter-windows-11.jpg","contentUrl":"https:\/\/www.deskmodder.de\/blog\/wp-content\/uploads\/2024\/05\/recall-und-snapshots-die-einstellungen-unter-windows-11.jpg","width":1430,"height":894},{"@type":"BreadcrumbList","@id":"https:\/\/www.deskmodder.de\/blog\/2024\/10\/16\/recall-zerstoert-nicht-den-datei-explorer\/#breadcrumb","itemListElement":[{"@type":"ListItem","position":1,"name":"Startseite","item":"https:\/\/www.deskmodder.de\/blog\/"},{"@type":"ListItem","position":2,"name":"Recall zerst\u00f6rt nicht den Datei Explorer"}]},{"@type":"WebSite","@id":"https:\/\/www.deskmodder.de\/blog\/#website","url":"https:\/\/www.deskmodder.de\/blog\/","name":"Deskmodder.de","description":"News zum Thema Microsoft, Windows 11 \/ 10, sowie anderen Neuigkeiten aus dem Netz, viele Tipps und individuelle Hilfe bei Problemen in unserem Forum \u25cf Deskmodder - seit 2003","publisher":{"@id":"https:\/\/www.deskmodder.de\/blog\/#organization"},"potentialAction":[{"@type":"SearchAction","target":{"@type":"EntryPoint","urlTemplate":"https:\/\/www.deskmodder.de\/blog\/?s={search_term_string}"},"query-input":{"@type":"PropertyValueSpecification","valueRequired":true,"valueName":"search_term_string"}}],"inLanguage":"de"},{"@type":"Organization","@id":"https:\/\/www.deskmodder.de\/blog\/#organization","name":"Deskmodder","url":"https:\/\/www.deskmodder.de\/blog\/","logo":{"@type":"ImageObject","inLanguage":"de","@id":"https:\/\/www.deskmodder.de\/blog\/#\/schema\/logo\/image\/","url":"https:\/\/www.deskmodder.de\/blog\/wp-content\/uploads\/2019\/01\/deskmodder-logo-app.png","contentUrl":"https:\/\/www.deskmodder.de\/blog\/wp-content\/uploads\/2019\/01\/deskmodder-logo-app.png","width":281,"height":286,"caption":"Deskmodder"},"image":{"@id":"https:\/\/www.deskmodder.de\/blog\/#\/schema\/logo\/image\/"},"sameAs":["https:\/\/www.facebook.com\/Deskmodder","https:\/\/x.com\/Deskmodder","https:\/\/mastodontech.de\/@Deskmodder","https:\/\/www.youtube.com\/user\/deskmodder","https:\/\/mewe.com\/group\/5c83b5231add826fc80cdae1"]},{"@type":"Person","@id":"https:\/\/www.deskmodder.de\/blog\/#\/schema\/person\/a40b17a9503c4a1568ac4073bb54182a","name":"moinmoin","image":{"@type":"ImageObject","inLanguage":"de","@id":"https:\/\/secure.gravatar.com\/avatar\/fab96769102f8886245ab411df9a42a235be79261e4b44aa7ab2a555da8b86b4?s=96&d=mm&r=g","url":"https:\/\/secure.gravatar.com\/avatar\/fab96769102f8886245ab411df9a42a235be79261e4b44aa7ab2a555da8b86b4?s=96&d=mm&r=g","contentUrl":"https:\/\/secure.gravatar.com\/avatar\/fab96769102f8886245ab411df9a42a235be79261e4b44aa7ab2a555da8b86b4?s=96&d=mm&r=g","caption":"moinmoin"},"description":"Ich bin nicht allwissend, was Windows angeht. Aber genau deshalb nehme ich Windows gerne auseinander und unter die Lupe, um all mein Wissen zu erweitern. J\u00fcrgen","url":"https:\/\/www.deskmodder.de\/blog\/author\/moinmoin\/"}]}},"jetpack_publicize_connections":[],"jetpack_featured_media_url":"https:\/\/www.deskmodder.de\/blog\/wp-content\/uploads\/2024\/05\/recall-und-snapshots-die-einstellungen-unter-windows-11.jpg","_links":{"self":[{"href":"https:\/\/www.deskmodder.de\/blog\/wp-json\/wp\/v2\/posts\/193548","targetHints":{"allow":["GET"]}}],"collection":[{"href":"https:\/\/www.deskmodder.de\/blog\/wp-json\/wp\/v2\/posts"}],"about":[{"href":"https:\/\/www.deskmodder.de\/blog\/wp-json\/wp\/v2\/types\/post"}],"author":[{"embeddable":true,"href":"https:\/\/www.deskmodder.de\/blog\/wp-json\/wp\/v2\/users\/134"}],"replies":[{"embeddable":true,"href":"https:\/\/www.deskmodder.de\/blog\/wp-json\/wp\/v2\/comments?post=193548"}],"version-history":[{"count":1,"href":"https:\/\/www.deskmodder.de\/blog\/wp-json\/wp\/v2\/posts\/193548\/revisions"}],"predecessor-version":[{"id":193549,"href":"https:\/\/www.deskmodder.de\/blog\/wp-json\/wp\/v2\/posts\/193548\/revisions\/193549"}],"wp:featuredmedia":[{"embeddable":true,"href":"https:\/\/www.deskmodder.de\/blog\/wp-json\/wp\/v2\/media\/189056"}],"wp:attachment":[{"href":"https:\/\/www.deskmodder.de\/blog\/wp-json\/wp\/v2\/media?parent=193548"}],"wp:term":[{"taxonomy":"category","embeddable":true,"href":"https:\/\/www.deskmodder.de\/blog\/wp-json\/wp\/v2\/categories?post=193548"},{"taxonomy":"post_tag","embeddable":true,"href":"https:\/\/www.deskmodder.de\/blog\/wp-json\/wp\/v2\/tags?post=193548"}],"curies":[{"name":"wp","href":"https:\/\/api.w.org\/{rel}","templated":true}]}}