{"id":192954,"date":"2024-09-27T15:02:05","date_gmt":"2024-09-27T13:02:05","guid":{"rendered":"https:\/\/www.deskmodder.de\/blog\/?p=192954"},"modified":"2024-09-27T15:48:38","modified_gmt":"2024-09-27T13:48:38","slug":"fuehrungswechsel-bei-avm-jan-oetjen-uebernimmt-ceo-posten","status":"publish","type":"post","link":"https:\/\/www.deskmodder.de\/blog\/2024\/09\/27\/fuehrungswechsel-bei-avm-jan-oetjen-uebernimmt-ceo-posten\/","title":{"rendered":"F\u00fchrungswechsel bei AVM: Jan Oetjen \u00fcbernimmt CEO-Posten"},"content":{"rendered":"<p>Jan Oetjen wird neuer CEO des Berliner Unternehmens AVM. Ab dem 30. September 2024 \u00fcbernimmt der 51-J\u00e4hrige die F\u00fchrung des Anbieters f\u00fcr digitale Heiml\u00f6sungen und tritt damit die Nachfolge von Johannes Nill an, der bisher als CEO und Sprecher der Gesch\u00e4ftsf\u00fchrung fungierte. Mit Oetjen an der Spitze will AVM seine Marktposition in Deutschland st\u00e4rken und das internationale Wachstum forcieren.<\/p>\n<p><a href=\"https:\/\/www.deskmodder.de\/blog\/wp-content\/uploads\/2023\/01\/avm-fritzbox-3490-ambiente.jpg\" rel=\"lightbox[192954]\"><img loading=\"lazy\" decoding=\"async\" class=\"aligncenter size-medium wp-image-174622\" src=\"https:\/\/www.deskmodder.de\/blog\/wp-content\/uploads\/2023\/01\/avm-fritzbox-3490-ambiente-500x333.jpg\" alt=\"\" width=\"500\" height=\"333\" srcset=\"https:\/\/www.deskmodder.de\/blog\/wp-content\/uploads\/2023\/01\/avm-fritzbox-3490-ambiente-500x333.jpg 500w, https:\/\/www.deskmodder.de\/blog\/wp-content\/uploads\/2023\/01\/avm-fritzbox-3490-ambiente-810x540.jpg 810w, https:\/\/www.deskmodder.de\/blog\/wp-content\/uploads\/2023\/01\/avm-fritzbox-3490-ambiente-306x205.jpg 306w, https:\/\/www.deskmodder.de\/blog\/wp-content\/uploads\/2023\/01\/avm-fritzbox-3490-ambiente-1536x1024.jpg 1536w, https:\/\/www.deskmodder.de\/blog\/wp-content\/uploads\/2023\/01\/avm-fritzbox-3490-ambiente-2048x1365.jpg 2048w\" sizes=\"auto, (max-width: 500px) 100vw, 500px\" \/><\/a><\/p>\n<h2>Erfolgsgeschichte von AVM soll fortgef\u00fchrt werden<\/h2>\n<p>Die neue <a href=\"https:\/\/www.deskmodder.de\/blog\/2024\/07\/10\/offiziell-fritzbox-hersteller-avm-findet-investor-fuer-nachfolge\/\">Gesch\u00e4ftsf\u00fchrung<\/a> des Unternehmens, das vor allem durch seine Produkte der Marke FRITZ! bekannt ist, setzt sich aus Oetjen als CEO, dem bisherigen CTO und Mitgr\u00fcnder Peter Faxel sowie Jan-Christian Werner als CFO zusammen.<\/p>\n<p>Oetjen bringt \u00fcber zwei Jahrzehnte Erfahrung in der IT-Branche mit. Zuvor war er Vorstandsvorsitzender der 1&amp;1 Mail &amp; Media Applications SE und verantwortlich f\u00fcr die Marken Web.de und GMX. Unter seiner F\u00fchrung baute das Unternehmen seine Marktf\u00fchrerschaft aus und setzte auf technologische Innovationen. Oetjen \u00e4u\u00dferte sich zu seiner neuen Stelle: \u201eIch freue mich sehr darauf, die Leitung von AVM zu \u00fcbernehmen und die <a href=\"https:\/\/www.deskmodder.de\/blog\/2024\/09\/10\/avm-im-interview-fritzos-8-glasfaser-unternehmensuebernahme-und-mehr\/\">Erfolgsgeschichte<\/a> des Unternehmens gemeinsam mit einem bew\u00e4hrten Team fortzuf\u00fchren. Unser Ziel ist es, die Innovationskraft weiter auszubauen und neue internationale Potenziale zu erschlie\u00dfen.\u201c<\/p>\n<figure id=\"attachment_192955\" aria-describedby=\"caption-attachment-192955\" style=\"width: 500px\" class=\"wp-caption aligncenter\"><a href=\"https:\/\/www.deskmodder.de\/blog\/wp-content\/uploads\/2024\/09\/avm-jan-oetjen-ceo-scaled.jpg\" rel=\"lightbox[192954]\"><img loading=\"lazy\" decoding=\"async\" class=\"wp-image-192955 size-medium\" src=\"https:\/\/www.deskmodder.de\/blog\/wp-content\/uploads\/2024\/09\/avm-jan-oetjen-ceo-500x333.jpg\" alt=\"\" width=\"500\" height=\"333\" srcset=\"https:\/\/www.deskmodder.de\/blog\/wp-content\/uploads\/2024\/09\/avm-jan-oetjen-ceo-500x333.jpg 500w, https:\/\/www.deskmodder.de\/blog\/wp-content\/uploads\/2024\/09\/avm-jan-oetjen-ceo-810x540.jpg 810w, https:\/\/www.deskmodder.de\/blog\/wp-content\/uploads\/2024\/09\/avm-jan-oetjen-ceo-306x205.jpg 306w, https:\/\/www.deskmodder.de\/blog\/wp-content\/uploads\/2024\/09\/avm-jan-oetjen-ceo-1536x1024.jpg 1536w, https:\/\/www.deskmodder.de\/blog\/wp-content\/uploads\/2024\/09\/avm-jan-oetjen-ceo-2048x1365.jpg 2048w\" sizes=\"auto, (max-width: 500px) 100vw, 500px\" \/><\/a><figcaption id=\"caption-attachment-192955\" class=\"wp-caption-text\">Jan Oetjen soll k\u00fcnftig die Erfolgsgeschichte von AVM fortschreiben. Foto: AVM<\/figcaption><\/figure>\n<p>Auch Johannes Nill, der seit der Gr\u00fcndung des Unternehmens vor fast 40 Jahren eine zentrale Rolle bei AVM spielte, \u00e4u\u00dferte sich positiv zum F\u00fchrungswechsel: \u201eMit Jan Oetjen haben wir einen erfahrenen CEO gefunden, der AVM in eine neue \u00c4ra f\u00fchren wird. Seine strategische Weitsicht und technologische Expertise sind genau das, was das Unternehmen braucht.\u201c<\/p>\n<p>Jan-Christian Werner, der zuvor als CFO der HRS Group t\u00e4tig war, erg\u00e4nzt die neue Gesch\u00e4ftsf\u00fchrung und bringt seine umfassende Erfahrung aus der SaaS- und Reiseplattformbranche mit in das Unternehmen ein.<\/p>\n","protected":false},"excerpt":{"rendered":"<p>Jan Oetjen wird neuer CEO des Berliner Unternehmens AVM. Ab dem 30. September 2024 \u00fcbernimmt der 51-J\u00e4hrige die F\u00fchrung des Anbieters f\u00fcr digitale Heiml\u00f6sungen und tritt damit die Nachfolge von Johannes Nill an, der bisher als CEO und Sprecher der&hellip; <\/p>\n","protected":false},"author":4894,"featured_media":174622,"comment_status":"open","ping_status":"open","sticky":false,"template":"","format":"standard","meta":{"jetpack_post_was_ever_published":false,"footnotes":"","jetpack_publicize_message":"","jetpack_publicize_feature_enabled":true,"jetpack_social_post_already_shared":false,"jetpack_social_options":{"image_generator_settings":{"template":"highway","default_image_id":0,"font":"","enabled":false},"version":2}},"categories":[1],"tags":[2543],"class_list":["post-192954","post","type-post","status-publish","format-standard","has-post-thumbnail","hentry","category-allgemein","tag-avm"],"wp_featured_image":{"id":174622,"alt_text":"","description":"","media_type":"image","media_details":{"width":2250,"height":1500,"file":"2023\/01\/avm-fritzbox-3490-ambiente.jpg","filesize":1577840,"sizes":{"medium":{"file":"avm-fritzbox-3490-ambiente-500x333.jpg","width":500,"height":333,"mime-type":"image\/jpeg","filesize":48185,"source_url":"https:\/\/www.deskmodder.de\/blog\/wp-content\/uploads\/2023\/01\/avm-fritzbox-3490-ambiente-500x333.jpg"},"large":{"file":"avm-fritzbox-3490-ambiente-810x540.jpg","width":810,"height":540,"mime-type":"image\/jpeg","filesize":79486,"source_url":"https:\/\/www.deskmodder.de\/blog\/wp-content\/uploads\/2023\/01\/avm-fritzbox-3490-ambiente-810x540.jpg"},"thumbnail":{"file":"avm-fritzbox-3490-ambiente-306x205.jpg","width":306,"height":205,"mime-type":"image\/jpeg","filesize":32394,"source_url":"https:\/\/www.deskmodder.de\/blog\/wp-content\/uploads\/2023\/01\/avm-fritzbox-3490-ambiente-306x205.jpg"},"1536x1536":{"file":"avm-fritzbox-3490-ambiente-1536x1024.jpg","width":1536,"height":1024,"mime-type":"image\/jpeg","filesize":171005,"source_url":"https:\/\/www.deskmodder.de\/blog\/wp-content\/uploads\/2023\/01\/avm-fritzbox-3490-ambiente-1536x1024.jpg"},"2048x2048":{"file":"avm-fritzbox-3490-ambiente-2048x1365.jpg","width":2048,"height":1365,"mime-type":"image\/jpeg","filesize":253968,"source_url":"https:\/\/www.deskmodder.de\/blog\/wp-content\/uploads\/2023\/01\/avm-fritzbox-3490-ambiente-2048x1365.jpg"},"blog-large":{"file":"avm-fritzbox-3490-ambiente-642x300.jpg","width":642,"height":300,"mime-type":"image\/jpeg","filesize":49157,"source_url":"https:\/\/www.deskmodder.de\/blog\/wp-content\/uploads\/2023\/01\/avm-fritzbox-3490-ambiente-642x300.jpg"},"blog-medium":{"file":"avm-fritzbox-3490-ambiente-306x205.jpg","width":306,"height":205,"mime-type":"image\/jpeg","filesize":32358,"source_url":"https:\/\/www.deskmodder.de\/blog\/wp-content\/uploads\/2023\/01\/avm-fritzbox-3490-ambiente-306x205.jpg"},"recent-thumb":{"file":"avm-fritzbox-3490-ambiente-350x316.jpg","width":350,"height":316,"mime-type":"image\/jpeg","filesize":38401,"source_url":"https:\/\/www.deskmodder.de\/blog\/wp-content\/uploads\/2023\/01\/avm-fritzbox-3490-ambiente-350x316.jpg"},"service-featured":{"file":"avm-fritzbox-3490-ambiente-600x330.jpg","width":600,"height":330,"mime-type":"image\/jpeg","filesize":52066,"source_url":"https:\/\/www.deskmodder.de\/blog\/wp-content\/uploads\/2023\/01\/avm-fritzbox-3490-ambiente-600x330.jpg"}},"image_meta":{"aperture":"0","credit":"AVM GmbH","camera":"","caption":"","created_timestamp":"-62169984000","copyright":"\u00a9 AVM GmbH. Die Verwendung dieses Bildes ist f\u00fcr redaktionelle Zwecke honorarfrei.\r\u00a9 AVM GmbH. Use of this image for editoria","focal_length":"0","iso":"0","shutter_speed":"0","title":"FRITZ!Box 3490","orientation":"1","keywords":["AVM","FRITZ!","FRITZ!Box","fritzbox","fritz-box","FRITZ!Box-Modelle","Heimnetz","home network","Heimnetzwerk","Heimvernetzung","Netzwerk","Breitbandanschluss","broadband connection","Breitbandtechnologie","Netzwerkspeicher","network storage","NAS","FRITZ!Box 3490","WLAN","kabellos"]}},"post":174621,"source_url":"https:\/\/www.deskmodder.de\/blog\/wp-content\/uploads\/2023\/01\/avm-fritzbox-3490-ambiente.jpg"},"commentcount":17,"wp_comments":[{"id":284996,"parent":0,"author":0,"author_name":"GutSo","author_email":"gutso@arcor.de","author_url":"","author_avatar_urls":{"24":"https:\/\/secure.gravatar.com\/avatar\/5b43e94954261a1bf7f8b839303c4e4f73c10f8933402f325d015f69a3b54ba7?s=24&d=mm&r=g","48":"https:\/\/secure.gravatar.com\/avatar\/5b43e94954261a1bf7f8b839303c4e4f73c10f8933402f325d015f69a3b54ba7?s=48&d=mm&r=g","96":"https:\/\/secure.gravatar.com\/avatar\/5b43e94954261a1bf7f8b839303c4e4f73c10f8933402f325d015f69a3b54ba7?s=96&d=mm&r=g"},"date":"2024-09-27T15:11:33","cld_nonce":"a2168cecf9","content":{"rendered":"<p>Unser Mann f\u00fcr Wifi im 6 GHz Band und weniger Modell-Baureihen die keiner gebraucht hat!<\/p>\n"},"status":"1"},{"id":285007,"parent":284996,"author":0,"author_name":"Heisenberg","author_email":"newworldorder23@gmail.com","author_url":"","author_avatar_urls":{"24":"https:\/\/secure.gravatar.com\/avatar\/fc8a36362c5cc0dd73aff23683d6ccc384067b358840a7dc0db638d6578c035c?s=24&d=mm&r=g","48":"https:\/\/secure.gravatar.com\/avatar\/fc8a36362c5cc0dd73aff23683d6ccc384067b358840a7dc0db638d6578c035c?s=48&d=mm&r=g","96":"https:\/\/secure.gravatar.com\/avatar\/fc8a36362c5cc0dd73aff23683d6ccc384067b358840a7dc0db638d6578c035c?s=96&d=mm&r=g"},"date":"2024-09-27T18:35:48","cld_nonce":"a2168cecf9","content":{"rendered":"<p>Ich dachte er ist der hoffnungstr\u00e4ger welcher uns endlich Abos bringt? \ud83e\udd14<\/p>\n"},"status":"1"},{"id":285013,"parent":0,"author":0,"author_name":"Olli_S.","author_email":"ollicm@anpa.de","author_url":"","author_avatar_urls":{"24":"https:\/\/secure.gravatar.com\/avatar\/54594b7982cee6149183459bd9f9c2f3f12dbec97cc2a51dcb121381e83c6952?s=24&d=mm&r=g","48":"https:\/\/secure.gravatar.com\/avatar\/54594b7982cee6149183459bd9f9c2f3f12dbec97cc2a51dcb121381e83c6952?s=48&d=mm&r=g","96":"https:\/\/secure.gravatar.com\/avatar\/54594b7982cee6149183459bd9f9c2f3f12dbec97cc2a51dcb121381e83c6952?s=96&d=mm&r=g"},"date":"2024-09-27T21:05:40","cld_nonce":"a2168cecf9","content":{"rendered":"<p>Der Wechsel war ja ab zu sehen, aber muss es gleich wieder &#8211; international &#8211; werden, reicht es nicht wenn man sich auf Europa und D\/A\/CH\/(NL) konzentriert. Das mit dem ewigen Wachstum wird nicht funktionieren dazu ist AVM im internationalen Vergleich zu teuer und &#8222;Dyson&#8220; oder &#8222;Apple&#8220; der Router &amp; IAD Hersteller ist man vielleicht vom Preis her aber nicht am Markt.<\/p>\n<p>Nur so langsam versteift sich AVM nur noch auf W-LAN, W-LAN und immer wieder W-LAN. Oder fragw\u00fcrdigen LAN Ports mit 2,5 GBit. Nur bei Thema Telefonie der auch noch eine gro\u00dfe Rolle im NGN spielt da schmei\u00dft man zwar ISDN raus, weil seit 2018 nicht mehr vorhanden, bekommt den Telefonieteil aber nicht in die heutige Zeit geschoben. Wie lange soll das eigentlich noch so gehen das man Jahre gebraucht hat damit z.B. mit einem -snom- mal -blind Vermitteln \/ Weiterleiten ohne Ank\u00fcndigung- kann eingepflegt hat w\u00e4hrend ISDN den ger\u00e4uschlosen Tod gestorben ist.<\/p>\n<p>Auch wenn man immer sagt das Festnetz sei Tod, nein ist es nicht, es entwickelt sich weiter das Mobilfunk und Festnetz zusammen wachsen und eins werden.<br \/>\nZum Beispiel mit Sipgate, fr\u00fcher Sipgate und Simquadrat sind jetzt wieder Sipgate und eins. Die haben ein eigenes Kernnetz innerhalb des o2 Netzes welches noch aus E-Plus Zeiten stammt(Materna). Meine Fetznetznummer ist nativ auf eine SIM geroutet und zeitgleich auch ein SIP Account. Damit lassen sich dann auch so lustige Dinge machen wie man bekommt auf dem Weg von der U-Bahn nach Hause einen Anruf, schlie\u00dft die Wohnungt\u00fcr auf und \u00fcbergibt das Gespr\u00e4ch vom Mobilnetz auf das auf NGN basierende Festnetz mit besserer Gespr\u00e4chsqualit\u00e4t.<\/p>\n<p>Nicht alles ist tod weil ein Standard des Netzwerks f\u00fcr obsolet erkl\u00e4rt wird, es entwickelt sich weiter.<\/p>\n<p>Oliver<\/p>\n"},"status":"1"},{"id":285014,"parent":0,"author":0,"author_name":"Rocky","author_email":"dirk.v.kistowski@t-online.de","author_url":"","author_avatar_urls":{"24":"https:\/\/secure.gravatar.com\/avatar\/26575f0d57ae8ce63ca2b6ee5864a1f0ffac03c89f19c0e841b752baf02fa68a?s=24&d=mm&r=g","48":"https:\/\/secure.gravatar.com\/avatar\/26575f0d57ae8ce63ca2b6ee5864a1f0ffac03c89f19c0e841b752baf02fa68a?s=48&d=mm&r=g","96":"https:\/\/secure.gravatar.com\/avatar\/26575f0d57ae8ce63ca2b6ee5864a1f0ffac03c89f19c0e841b752baf02fa68a?s=96&d=mm&r=g"},"date":"2024-09-27T21:32:52","cld_nonce":"a2168cecf9","content":{"rendered":"<p>Wenn ich lese wo der neue CEO vorher t\u00e4tig war m\u00f6chte ich eigentlich meine Fritzboxen am liebsten gleich in die Tonne schmei\u00dfen. 1&amp;1 ist der schlimmste Provider den ich kenne, Web.de besteht zu 95% aus ungewollter Werbung und ist kam sinnvoll nutzbar.<br \/>\nIch werde mich nach \u00fcber 20 Jahren als Kunde jetzt nach ernsthaften Alternativen umsehen m\u00fcssen.<\/p>\n"},"status":"1"},{"id":285018,"parent":0,"author":9304,"author_name":"Memfis","author_email":"markusbbw@gmx.de","author_url":"","author_avatar_urls":{"24":"https:\/\/secure.gravatar.com\/avatar\/f31b10abeaad820d1465f644339de50a01bbf35a9129c268b8e0e59c47a0bc29?s=24&d=mm&r=g","48":"https:\/\/secure.gravatar.com\/avatar\/f31b10abeaad820d1465f644339de50a01bbf35a9129c268b8e0e59c47a0bc29?s=48&d=mm&r=g","96":"https:\/\/secure.gravatar.com\/avatar\/f31b10abeaad820d1465f644339de50a01bbf35a9129c268b8e0e59c47a0bc29?s=96&d=mm&r=g"},"date":"2024-09-27T23:35:56","cld_nonce":"a2168cecf9","content":{"rendered":"<p>Der Abstieg von AVM hat begonnen. Man wird sich erinnern.<\/p>\n"},"status":"1"},{"id":285019,"parent":285007,"author":9304,"author_name":"Memfis","author_email":"markusbbw@gmx.de","author_url":"","author_avatar_urls":{"24":"https:\/\/secure.gravatar.com\/avatar\/f31b10abeaad820d1465f644339de50a01bbf35a9129c268b8e0e59c47a0bc29?s=24&d=mm&r=g","48":"https:\/\/secure.gravatar.com\/avatar\/f31b10abeaad820d1465f644339de50a01bbf35a9129c268b8e0e59c47a0bc29?s=48&d=mm&r=g","96":"https:\/\/secure.gravatar.com\/avatar\/f31b10abeaad820d1465f644339de50a01bbf35a9129c268b8e0e59c47a0bc29?s=96&d=mm&r=g"},"date":"2024-09-27T23:39:42","cld_nonce":"a2168cecf9","content":{"rendered":"<p>[&#8230;]und bringt seine umfassende Erfahrung aus der SaaS- und Reiseplattformbranche[&#8230;]<\/p>\n<p>SaaS (Abo) hiermit best\u00e4tigt.<br \/>\nWas aber eine Reiseplattform mit Netzwerktechnik zu tun hat erschlie\u00dft sich mir noch nicht.<\/p>\n"},"status":"1"},{"id":285020,"parent":285014,"author":9304,"author_name":"Memfis","author_email":"markusbbw@gmx.de","author_url":"","author_avatar_urls":{"24":"https:\/\/secure.gravatar.com\/avatar\/f31b10abeaad820d1465f644339de50a01bbf35a9129c268b8e0e59c47a0bc29?s=24&d=mm&r=g","48":"https:\/\/secure.gravatar.com\/avatar\/f31b10abeaad820d1465f644339de50a01bbf35a9129c268b8e0e59c47a0bc29?s=48&d=mm&r=g","96":"https:\/\/secure.gravatar.com\/avatar\/f31b10abeaad820d1465f644339de50a01bbf35a9129c268b8e0e59c47a0bc29?s=96&d=mm&r=g"},"date":"2024-09-27T23:54:58","cld_nonce":"a2168cecf9","content":{"rendered":"<p>&#8222;Suchen&#8220; ist genau das Stichwort. AVM hat bislang ziemliche Ma\u00dfst\u00e4be in Stabilit\u00e4t und Support gesetzt.<\/p>\n<p>Privat:<br \/>\n&#8211; ASUS &#8211; Nirmals<br \/>\n&#8211; LinkSys &#8211; Keine Erkenntnisse<br \/>\n&#8211; Netgear &#8211; Nirmals<br \/>\n&#8211; TP-Link &#8211; Nirmals, lieber gehe ich offline<br \/>\n&#8211; Telekom (Speedport)- Nirmals, weil grundlegende Funktionen wie VPN Side by Side fehlen, zumindest als ich zuletzt mal eine hatte.<\/p>\n<p>Im Business-Bereich m\u00fcsste man mal gucken, was sich da anbietet:<br \/>\n&#8211; Cisco &#8211; Niemals<br \/>\n&#8211; Lancom &#8211; Keine Erkenntnisse<br \/>\n&#8211; Zyxel &#8211; Keine Erkenntnisse<br \/>\n&#8211; Draytek &#8211; Niemals (Schlechte Erfahrung)<\/p>\n"},"status":"1"},{"id":285024,"parent":285014,"author":0,"author_name":"Einfach Nein","author_email":"einfach-nein@arcor.de","author_url":"","author_avatar_urls":{"24":"https:\/\/secure.gravatar.com\/avatar\/f413098713934cd8fd308c96b70afd6a0cc7afd619a61db4a8ddab06e6e14ee3?s=24&d=mm&r=g","48":"https:\/\/secure.gravatar.com\/avatar\/f413098713934cd8fd308c96b70afd6a0cc7afd619a61db4a8ddab06e6e14ee3?s=48&d=mm&r=g","96":"https:\/\/secure.gravatar.com\/avatar\/f413098713934cd8fd308c96b70afd6a0cc7afd619a61db4a8ddab06e6e14ee3?s=96&d=mm&r=g"},"date":"2024-09-28T08:19:17","cld_nonce":"a2168cecf9","content":{"rendered":"<p>Was man hier oft f\u00fcr einen Unfug lesen muss.<br \/>\n[https:\/\/www.heise.de\/news\/Streit-ueber-Kosten-Meta-kappt-Leitungen-zur-Telekom-9953162.html]<br \/>\nDouble Paid Traffic<br \/>\n[https:\/\/www.golem.de\/news\/deutsche-telekom-peering-zu-us-servern-scheint-langsam-zu-sein-2012-152982.html]<br \/>\n33% der Kunden, 66% der Beschwerden:<br \/>\n[https:\/\/www.n-tv.de\/ratgeber\/Kunden-genervt-von-O2-Hotline-article20027435.html]<\/p>\n<p>&gt;Wah wah aber 1und1!<br \/>\n&gt;<br \/>\nNein. Lasst den Typen mal in Ruhe, andere Provider sind viel anstrengender. Bin seit 12 Jahren bei den Montabauern und alles funzt.<\/p>\n"},"status":"1"},{"id":285029,"parent":285024,"author":0,"author_name":"Heisenberg","author_email":"newworldorder23@gmail.com","author_url":"","author_avatar_urls":{"24":"https:\/\/secure.gravatar.com\/avatar\/fc8a36362c5cc0dd73aff23683d6ccc384067b358840a7dc0db638d6578c035c?s=24&d=mm&r=g","48":"https:\/\/secure.gravatar.com\/avatar\/fc8a36362c5cc0dd73aff23683d6ccc384067b358840a7dc0db638d6578c035c?s=48&d=mm&r=g","96":"https:\/\/secure.gravatar.com\/avatar\/fc8a36362c5cc0dd73aff23683d6ccc384067b358840a7dc0db638d6578c035c?s=96&d=mm&r=g"},"date":"2024-09-28T09:50:42","cld_nonce":"a2168cecf9","content":{"rendered":"<p>Der dubiose united internet verein ist gut weil du zwei Beitr\u00e4ge zu anderen Providern im Internet findest und deine Leitung l\u00e4uft, kann man machen&#8230;<\/p>\n<p>Ist doch der Verein wo man out of the box auch kein DS hat, und selbst beim Betteln und L\u00fcgen (codename home office) bei der Hotline nicht direkt DS bekommt weil sie zu geizig sind IPv4 rauszuhauen, und seit einiger Zeit erstmal versuchen eine portrange im cgnat freizuschalten, was f\u00fcr ein hochwertiger Anbieter. \ud83d\ude02<\/p>\n"},"status":"1"},{"id":285032,"parent":285019,"author":0,"author_name":"Heisenberg","author_email":"newworldorder23@gmail.com","author_url":"","author_avatar_urls":{"24":"https:\/\/secure.gravatar.com\/avatar\/fc8a36362c5cc0dd73aff23683d6ccc384067b358840a7dc0db638d6578c035c?s=24&d=mm&r=g","48":"https:\/\/secure.gravatar.com\/avatar\/fc8a36362c5cc0dd73aff23683d6ccc384067b358840a7dc0db638d6578c035c?s=48&d=mm&r=g","96":"https:\/\/secure.gravatar.com\/avatar\/fc8a36362c5cc0dd73aff23683d6ccc384067b358840a7dc0db638d6578c035c?s=96&d=mm&r=g"},"date":"2024-09-28T09:54:20","cld_nonce":"a2168cecf9","content":{"rendered":"<p>Wie gut dass ich dieses Jahr schon des Modem von der Box entkoppelt habe, Smart Home l\u00e4uft auch nicht \u00fcber AVM.<br \/>\nBeim ersten Anzeichen von Abo wird es dann wohl separater Router und WLAN, war vor dem Kauf der 4060 schon am \u00fcberlegen ob ich auf UniFi Wechsel, das erfolgt diesmal dann instant bei der ersten Ank\u00fcndigung von Abo!<\/p>\n"},"status":"1"},{"id":285035,"parent":285029,"author":0,"author_name":"User1","author_email":"carsten.braun@nak-geilenkirchen.de","author_url":"","author_avatar_urls":{"24":"https:\/\/secure.gravatar.com\/avatar\/b8970e748fd01a4daccf75b53ae88dd8718758b6f022cf2080aa0a8a77c2b507?s=24&d=mm&r=g","48":"https:\/\/secure.gravatar.com\/avatar\/b8970e748fd01a4daccf75b53ae88dd8718758b6f022cf2080aa0a8a77c2b507?s=48&d=mm&r=g","96":"https:\/\/secure.gravatar.com\/avatar\/b8970e748fd01a4daccf75b53ae88dd8718758b6f022cf2080aa0a8a77c2b507?s=96&d=mm&r=g"},"date":"2024-09-28T10:18:00","cld_nonce":"a2168cecf9","content":{"rendered":"<p>Dem kann ich so nicht zustimmen. Ich bin seit paar Jahren bei 1&amp;1 und habe von Anfang an echtes DS.<br \/>\nBis heute auch keine St\u00f6rungen oder Probleme.<br \/>\nIn meinem Umfeld sind viele bei 1&amp;1. Alle ohne Probleme. Viele davon schon \u00fcber 10 Jahre. <\/p>\n<p><i>gepostet mit der <a href=\"https:\/\/play.google.com\/store\/apps\/details?id=com.deskmodder\" rel=\"nofollow ugc\">Deskmodder.de-App f\u00fcr Android<\/a><\/i><\/p>\n"},"status":"1"},{"id":285038,"parent":285035,"author":0,"author_name":"Heisenberg","author_email":"newworldorder23@gmail.com","author_url":"","author_avatar_urls":{"24":"https:\/\/secure.gravatar.com\/avatar\/fc8a36362c5cc0dd73aff23683d6ccc384067b358840a7dc0db638d6578c035c?s=24&d=mm&r=g","48":"https:\/\/secure.gravatar.com\/avatar\/fc8a36362c5cc0dd73aff23683d6ccc384067b358840a7dc0db638d6578c035c?s=48&d=mm&r=g","96":"https:\/\/secure.gravatar.com\/avatar\/fc8a36362c5cc0dd73aff23683d6ccc384067b358840a7dc0db638d6578c035c?s=96&d=mm&r=g"},"date":"2024-09-28T11:19:54","cld_nonce":"a2168cecf9","content":{"rendered":"<p>Dann freu dich, denn die haben keine IPv4-Adressen mehr, und deswegen sogar schon Leute nachtr\u00e4glich eine entzogen, und R\u00fccken diese auch nur noch ungerne raus und versuchen es erstmal mit einer portrange. <\/p>\n<p>Und dagegen kann auch nichts gemacht werden denn IPv4-Adressen sind rar, in Deutschland Bunkern die Telekom und o2 die meisten davon, deswegen ist bei denen DS auch out of the box dabei. <\/p>\n<p>Aber sch\u00f6n dass es bei euch l\u00e4uft, ich bestehe aber auf einen echten ds-anschluss ohne bastelkram und gebettelt bei der Hotline. <img src=\"https:\/\/www.deskmodder.de\/blog\/wp-content\/plugins\/classic-smilies\/img\/icon_smile.gif\" alt=\":)\" class=\"wp-smiley\" \/><\/p>\n"},"status":"1"},{"id":285055,"parent":285038,"author":0,"author_name":"Lacht","author_email":"lachtsichschlapp@arcor.de","author_url":"","author_avatar_urls":{"24":"https:\/\/secure.gravatar.com\/avatar\/fdfa5f4a523364a59722eb09338851caec20627d6c48a58657ed7dae2bd66bd1?s=24&d=mm&r=g","48":"https:\/\/secure.gravatar.com\/avatar\/fdfa5f4a523364a59722eb09338851caec20627d6c48a58657ed7dae2bd66bd1?s=48&d=mm&r=g","96":"https:\/\/secure.gravatar.com\/avatar\/fdfa5f4a523364a59722eb09338851caec20627d6c48a58657ed7dae2bd66bd1?s=96&d=mm&r=g"},"date":"2024-09-28T18:19:28","cld_nonce":"a2168cecf9","content":{"rendered":"<p>Das Problem sind leider meist die Komiker von Leitungs- und Netzeigent\u00fcmern:<br \/>\nTechnikertermine die nichts finden, und irgendwann l\u00e4uft es dann, wenn sie merken man wechselt einfach nicht!<\/p>\n<p>[https:\/\/telekomhilft.telekom.de\/t5\/Festnetz-Internet\/Hausverbot-fuer-Telekom-Drueckerkolonne-Ranger\/td-p\/5938737]<br \/>\nDie Schilderungen in den eigenen Foren da sind immer wieder gro\u00dfes Kino!<\/p>\n"},"status":"1"},{"id":285056,"parent":285018,"author":0,"author_name":"Lacht","author_email":"lachtsichschlapp@arcor.de","author_url":"","author_avatar_urls":{"24":"https:\/\/secure.gravatar.com\/avatar\/fdfa5f4a523364a59722eb09338851caec20627d6c48a58657ed7dae2bd66bd1?s=24&d=mm&r=g","48":"https:\/\/secure.gravatar.com\/avatar\/fdfa5f4a523364a59722eb09338851caec20627d6c48a58657ed7dae2bd66bd1?s=48&d=mm&r=g","96":"https:\/\/secure.gravatar.com\/avatar\/fdfa5f4a523364a59722eb09338851caec20627d6c48a58657ed7dae2bd66bd1?s=96&d=mm&r=g"},"date":"2024-09-28T18:23:22","cld_nonce":"a2168cecf9","content":{"rendered":"<p>Hmm seit der 7590 Anno 2017, vor ganzen 7 Jahren hat sich nix am Markt getan und viele W\u00fcnsche von Kunden in der 2nd Level-Hotline wurden jahrelang nicht beherzigt. Wer nicht von DECT abh\u00e4ngig war rannte zur Konkurrenz (ich werfe mal den Asus DSL-AX82U in den Raum). Bufferbloat hat sich auch mit dem guten Asus erledigt.<\/p>\n<p>Ist dieses &#8222;hat begonnen&#8220; gerade mit uns im Raum?<\/p>\n"},"status":"1"},{"id":285112,"parent":285038,"author":0,"author_name":"User1","author_email":"carsten.braun@gmail.com","author_url":"","author_avatar_urls":{"24":"https:\/\/secure.gravatar.com\/avatar\/3391086ae6ef4cb7323a0ea3004e3a6a788a6b2cf4893bb0291c7dc10b6d1fc8?s=24&d=mm&r=g","48":"https:\/\/secure.gravatar.com\/avatar\/3391086ae6ef4cb7323a0ea3004e3a6a788a6b2cf4893bb0291c7dc10b6d1fc8?s=48&d=mm&r=g","96":"https:\/\/secure.gravatar.com\/avatar\/3391086ae6ef4cb7323a0ea3004e3a6a788a6b2cf4893bb0291c7dc10b6d1fc8?s=96&d=mm&r=g"},"date":"2024-09-29T16:29:00","cld_nonce":"a2168cecf9","content":{"rendered":"<p>OK, kann gut sein.<br \/>\nJa, da\u00df IP V4 Mangelware sind bei 1&amp;1 merke ich zugegeben auch.<br \/>\nHabe oft Tage und Wochen die selbe IP Adresse, quasi statisch.<br \/>\nKonnte ich in meinem Umfeld auch feststellen.<br \/>\n1&amp;1 pr\u00fcft ob man IP V4 ben\u00f6tigt, ob z.B. FTP oder \u00e4hnliches genutzt wird. Dem Normalanwender entziehen die sonst die V4.<br \/>\nHatten die auch mal offen kommuniziert.<br \/>\nFinde aber gerade keine Url dazu.<\/p>\n<p>Info am Rande: zum Gl\u00fcck funktioniert mit Fritz OS 8 endlich Wireguard mit V6. Wird langsam zwingend notwendig.<\/p>\n<p>Aber V6 ist leider allgemein noch immer eine Baustelle.<br \/>\nViele Websites und Dienste sprechen nur V4.<br \/>\nDS-lite ist grausam. <\/p>\n<p><i>gepostet mit der <a href=\"https:\/\/play.google.com\/store\/apps\/details?id=com.deskmodder\" rel=\"nofollow ugc\">Deskmodder.de-App f\u00fcr Android<\/a><\/i><\/p>\n"},"status":"1"},{"id":285169,"parent":285112,"author":0,"author_name":"Heisenberg","author_email":"newworldorder23@gmail.com","author_url":"","author_avatar_urls":{"24":"https:\/\/secure.gravatar.com\/avatar\/fc8a36362c5cc0dd73aff23683d6ccc384067b358840a7dc0db638d6578c035c?s=24&d=mm&r=g","48":"https:\/\/secure.gravatar.com\/avatar\/fc8a36362c5cc0dd73aff23683d6ccc384067b358840a7dc0db638d6578c035c?s=48&d=mm&r=g","96":"https:\/\/secure.gravatar.com\/avatar\/fc8a36362c5cc0dd73aff23683d6ccc384067b358840a7dc0db638d6578c035c?s=96&d=mm&r=g"},"date":"2024-09-30T14:12:20","cld_nonce":"a2168cecf9","content":{"rendered":"<p>Jo beim momentanen Zustand vom Internet ist DS unerl\u00e4sslich um alles im vollen Umfang ohne Stolpersteine nutzen zu k\u00f6nnen, und daran wird sich wohl so schnell auch nichts \u00e4ndern. \ud83d\ude05<\/p>\n"},"status":"1"},{"id":306824,"parent":0,"author":0,"author_name":"turbo","author_email":"h.goeckel@web.de","author_url":"","author_avatar_urls":{"24":"https:\/\/secure.gravatar.com\/avatar\/3e3121d1996c6fc0d9e687cb220086d1475585ca99e19b308a2324743ff35c9c?s=24&d=mm&r=g","48":"https:\/\/secure.gravatar.com\/avatar\/3e3121d1996c6fc0d9e687cb220086d1475585ca99e19b308a2324743ff35c9c?s=48&d=mm&r=g","96":"https:\/\/secure.gravatar.com\/avatar\/3e3121d1996c6fc0d9e687cb220086d1475585ca99e19b308a2324743ff35c9c?s=96&d=mm&r=g"},"date":"2025-06-25T15:30:10","cld_nonce":"a2168cecf9","content":{"rendered":"<p>in der Tat, der Abstieg hat nicht begonnen, das ist eine qualitativer Absturz sinnbildlich die 7590<\/p>\n"},"status":"1"}],"wp_author":{"id":4894,"name":"Wagener_bjoern","description":"Blaulicht- &amp; Technikjournalist \u270f\ufe0f | Fotografie, Drohnen &amp; Luftfahrt \ud83d\udcf8\u2708\ufe0f | 3D-Druck &amp; Maker \ud83d\udda8\ufe0f | Cat Dad \ud83d\udc3e","author_avatar_urls":{"24":"https:\/\/secure.gravatar.com\/avatar\/faab38a98808dff100d6876904ec74377b3897ebbe844221f011f24bf665bd16?s=24&d=mm&r=g","48":"https:\/\/secure.gravatar.com\/avatar\/faab38a98808dff100d6876904ec74377b3897ebbe844221f011f24bf665bd16?s=48&d=mm&r=g","96":"https:\/\/secure.gravatar.com\/avatar\/faab38a98808dff100d6876904ec74377b3897ebbe844221f011f24bf665bd16?s=96&d=mm&r=g"}},"cld_nonce":"a2168cecf9","yoast_head":"<!-- This site is optimized with the Yoast SEO Premium plugin v27.4 (Yoast SEO v27.4) - https:\/\/yoast.com\/product\/yoast-seo-premium-wordpress\/ -->\n<title>F\u00fchrungswechsel bei AVM: Jan Oetjen \u00fcbernimmt CEO-Posten - Deskmodder.de<\/title>\n<meta name=\"description\" content=\"Die neue Gesch\u00e4ftsf\u00fchrung von AVM steht fest. Erfahren Sie mehr \u00fcber den neuen CEO Jan Oetjen und seine Erfahrung in der IT-Branche.\" \/>\n<meta name=\"robots\" content=\"index, follow, max-snippet:-1, max-image-preview:large, max-video-preview:-1\" \/>\n<link rel=\"canonical\" href=\"https:\/\/www.deskmodder.de\/blog\/2024\/09\/27\/fuehrungswechsel-bei-avm-jan-oetjen-uebernimmt-ceo-posten\/\" \/>\n<meta property=\"og:locale\" content=\"de_DE\" \/>\n<meta property=\"og:type\" content=\"article\" \/>\n<meta property=\"og:title\" content=\"F\u00fchrungswechsel bei AVM: Jan Oetjen \u00fcbernimmt CEO-Posten\" \/>\n<meta property=\"og:description\" content=\"Die neue Gesch\u00e4ftsf\u00fchrung von AVM steht fest. Erfahren Sie mehr \u00fcber den neuen CEO Jan Oetjen und seine Erfahrung in der IT-Branche.\" \/>\n<meta property=\"og:url\" content=\"https:\/\/www.deskmodder.de\/blog\/2024\/09\/27\/fuehrungswechsel-bei-avm-jan-oetjen-uebernimmt-ceo-posten\/\" \/>\n<meta property=\"og:site_name\" content=\"Deskmodder.de\" \/>\n<meta property=\"article:publisher\" content=\"https:\/\/www.facebook.com\/Deskmodder\" \/>\n<meta property=\"article:author\" content=\"https:\/\/www.facebook.com\/bjoern.max.wagener\" \/>\n<meta property=\"article:published_time\" content=\"2024-09-27T13:02:05+00:00\" \/>\n<meta property=\"article:modified_time\" content=\"2024-09-27T13:48:38+00:00\" \/>\n<meta property=\"og:image\" content=\"https:\/\/www.deskmodder.de\/blog\/wp-content\/uploads\/2023\/01\/avm-fritzbox-3490-ambiente.jpg\" \/>\n\t<meta property=\"og:image:width\" content=\"2250\" \/>\n\t<meta property=\"og:image:height\" content=\"1500\" \/>\n\t<meta property=\"og:image:type\" content=\"image\/jpeg\" \/>\n<meta name=\"author\" content=\"Wagener_bjoern\" \/>\n<meta name=\"twitter:card\" content=\"summary_large_image\" \/>\n<meta name=\"twitter:creator\" content=\"@wagener_bjoern\" \/>\n<meta name=\"twitter:site\" content=\"@Deskmodder\" \/>\n<script type=\"application\/ld+json\" class=\"yoast-schema-graph\">{\"@context\":\"https:\\\/\\\/schema.org\",\"@graph\":[{\"@type\":\"Article\",\"@id\":\"https:\\\/\\\/www.deskmodder.de\\\/blog\\\/2024\\\/09\\\/27\\\/fuehrungswechsel-bei-avm-jan-oetjen-uebernimmt-ceo-posten\\\/#article\",\"isPartOf\":{\"@id\":\"https:\\\/\\\/www.deskmodder.de\\\/blog\\\/2024\\\/09\\\/27\\\/fuehrungswechsel-bei-avm-jan-oetjen-uebernimmt-ceo-posten\\\/\"},\"author\":{\"name\":\"Wagener_bjoern\",\"@id\":\"https:\\\/\\\/www.deskmodder.de\\\/blog\\\/#\\\/schema\\\/person\\\/efd7dda2abfc34d2f026b3dd1ff08c0c\"},\"headline\":\"F\u00fchrungswechsel bei AVM: Jan Oetjen \u00fcbernimmt CEO-Posten\",\"datePublished\":\"2024-09-27T13:02:05+00:00\",\"dateModified\":\"2024-09-27T13:48:38+00:00\",\"mainEntityOfPage\":{\"@id\":\"https:\\\/\\\/www.deskmodder.de\\\/blog\\\/2024\\\/09\\\/27\\\/fuehrungswechsel-bei-avm-jan-oetjen-uebernimmt-ceo-posten\\\/\"},\"wordCount\":321,\"commentCount\":17,\"publisher\":{\"@id\":\"https:\\\/\\\/www.deskmodder.de\\\/blog\\\/#organization\"},\"image\":{\"@id\":\"https:\\\/\\\/www.deskmodder.de\\\/blog\\\/2024\\\/09\\\/27\\\/fuehrungswechsel-bei-avm-jan-oetjen-uebernimmt-ceo-posten\\\/#primaryimage\"},\"thumbnailUrl\":\"https:\\\/\\\/www.deskmodder.de\\\/blog\\\/wp-content\\\/uploads\\\/2023\\\/01\\\/avm-fritzbox-3490-ambiente.jpg\",\"keywords\":[\"AVM\"],\"inLanguage\":\"de\",\"potentialAction\":[{\"@type\":\"CommentAction\",\"name\":\"Comment\",\"target\":[\"https:\\\/\\\/www.deskmodder.de\\\/blog\\\/2024\\\/09\\\/27\\\/fuehrungswechsel-bei-avm-jan-oetjen-uebernimmt-ceo-posten\\\/#respond\"]}],\"copyrightYear\":\"2024\",\"copyrightHolder\":{\"@id\":\"https:\\\/\\\/www.deskmodder.de\\\/blog\\\/#organization\"}},{\"@type\":\"WebPage\",\"@id\":\"https:\\\/\\\/www.deskmodder.de\\\/blog\\\/2024\\\/09\\\/27\\\/fuehrungswechsel-bei-avm-jan-oetjen-uebernimmt-ceo-posten\\\/\",\"url\":\"https:\\\/\\\/www.deskmodder.de\\\/blog\\\/2024\\\/09\\\/27\\\/fuehrungswechsel-bei-avm-jan-oetjen-uebernimmt-ceo-posten\\\/\",\"name\":\"F\u00fchrungswechsel bei AVM: Jan Oetjen \u00fcbernimmt CEO-Posten - Deskmodder.de\",\"isPartOf\":{\"@id\":\"https:\\\/\\\/www.deskmodder.de\\\/blog\\\/#website\"},\"primaryImageOfPage\":{\"@id\":\"https:\\\/\\\/www.deskmodder.de\\\/blog\\\/2024\\\/09\\\/27\\\/fuehrungswechsel-bei-avm-jan-oetjen-uebernimmt-ceo-posten\\\/#primaryimage\"},\"image\":{\"@id\":\"https:\\\/\\\/www.deskmodder.de\\\/blog\\\/2024\\\/09\\\/27\\\/fuehrungswechsel-bei-avm-jan-oetjen-uebernimmt-ceo-posten\\\/#primaryimage\"},\"thumbnailUrl\":\"https:\\\/\\\/www.deskmodder.de\\\/blog\\\/wp-content\\\/uploads\\\/2023\\\/01\\\/avm-fritzbox-3490-ambiente.jpg\",\"datePublished\":\"2024-09-27T13:02:05+00:00\",\"dateModified\":\"2024-09-27T13:48:38+00:00\",\"description\":\"Die neue Gesch\u00e4ftsf\u00fchrung von AVM steht fest. Erfahren Sie mehr \u00fcber den neuen CEO Jan Oetjen und seine Erfahrung in der IT-Branche.\",\"breadcrumb\":{\"@id\":\"https:\\\/\\\/www.deskmodder.de\\\/blog\\\/2024\\\/09\\\/27\\\/fuehrungswechsel-bei-avm-jan-oetjen-uebernimmt-ceo-posten\\\/#breadcrumb\"},\"inLanguage\":\"de\",\"potentialAction\":[{\"@type\":\"ReadAction\",\"target\":[\"https:\\\/\\\/www.deskmodder.de\\\/blog\\\/2024\\\/09\\\/27\\\/fuehrungswechsel-bei-avm-jan-oetjen-uebernimmt-ceo-posten\\\/\"]}]},{\"@type\":\"ImageObject\",\"inLanguage\":\"de\",\"@id\":\"https:\\\/\\\/www.deskmodder.de\\\/blog\\\/2024\\\/09\\\/27\\\/fuehrungswechsel-bei-avm-jan-oetjen-uebernimmt-ceo-posten\\\/#primaryimage\",\"url\":\"https:\\\/\\\/www.deskmodder.de\\\/blog\\\/wp-content\\\/uploads\\\/2023\\\/01\\\/avm-fritzbox-3490-ambiente.jpg\",\"contentUrl\":\"https:\\\/\\\/www.deskmodder.de\\\/blog\\\/wp-content\\\/uploads\\\/2023\\\/01\\\/avm-fritzbox-3490-ambiente.jpg\",\"width\":2250,\"height\":1500},{\"@type\":\"BreadcrumbList\",\"@id\":\"https:\\\/\\\/www.deskmodder.de\\\/blog\\\/2024\\\/09\\\/27\\\/fuehrungswechsel-bei-avm-jan-oetjen-uebernimmt-ceo-posten\\\/#breadcrumb\",\"itemListElement\":[{\"@type\":\"ListItem\",\"position\":1,\"name\":\"Startseite\",\"item\":\"https:\\\/\\\/www.deskmodder.de\\\/blog\\\/\"},{\"@type\":\"ListItem\",\"position\":2,\"name\":\"F\u00fchrungswechsel bei AVM: Jan Oetjen \u00fcbernimmt CEO-Posten\"}]},{\"@type\":\"WebSite\",\"@id\":\"https:\\\/\\\/www.deskmodder.de\\\/blog\\\/#website\",\"url\":\"https:\\\/\\\/www.deskmodder.de\\\/blog\\\/\",\"name\":\"Deskmodder.de\",\"description\":\"News zum Thema Microsoft, Windows 11 \\\/ 10, sowie anderen Neuigkeiten aus dem Netz, viele Tipps und individuelle Hilfe bei Problemen in unserem Forum \u25cf Deskmodder - seit 2003\",\"publisher\":{\"@id\":\"https:\\\/\\\/www.deskmodder.de\\\/blog\\\/#organization\"},\"potentialAction\":[{\"@type\":\"SearchAction\",\"target\":{\"@type\":\"EntryPoint\",\"urlTemplate\":\"https:\\\/\\\/www.deskmodder.de\\\/blog\\\/?s={search_term_string}\"},\"query-input\":{\"@type\":\"PropertyValueSpecification\",\"valueRequired\":true,\"valueName\":\"search_term_string\"}}],\"inLanguage\":\"de\"},{\"@type\":\"Organization\",\"@id\":\"https:\\\/\\\/www.deskmodder.de\\\/blog\\\/#organization\",\"name\":\"Deskmodder\",\"url\":\"https:\\\/\\\/www.deskmodder.de\\\/blog\\\/\",\"logo\":{\"@type\":\"ImageObject\",\"inLanguage\":\"de\",\"@id\":\"https:\\\/\\\/www.deskmodder.de\\\/blog\\\/#\\\/schema\\\/logo\\\/image\\\/\",\"url\":\"https:\\\/\\\/www.deskmodder.de\\\/blog\\\/wp-content\\\/uploads\\\/2019\\\/01\\\/deskmodder-logo-app.png\",\"contentUrl\":\"https:\\\/\\\/www.deskmodder.de\\\/blog\\\/wp-content\\\/uploads\\\/2019\\\/01\\\/deskmodder-logo-app.png\",\"width\":281,\"height\":286,\"caption\":\"Deskmodder\"},\"image\":{\"@id\":\"https:\\\/\\\/www.deskmodder.de\\\/blog\\\/#\\\/schema\\\/logo\\\/image\\\/\"},\"sameAs\":[\"https:\\\/\\\/www.facebook.com\\\/Deskmodder\",\"https:\\\/\\\/x.com\\\/Deskmodder\",\"https:\\\/\\\/mastodontech.de\\\/@Deskmodder\",\"https:\\\/\\\/www.youtube.com\\\/user\\\/deskmodder\",\"https:\\\/\\\/mewe.com\\\/group\\\/5c83b5231add826fc80cdae1\"]},{\"@type\":\"Person\",\"@id\":\"https:\\\/\\\/www.deskmodder.de\\\/blog\\\/#\\\/schema\\\/person\\\/efd7dda2abfc34d2f026b3dd1ff08c0c\",\"name\":\"Wagener_bjoern\",\"image\":{\"@type\":\"ImageObject\",\"inLanguage\":\"de\",\"@id\":\"https:\\\/\\\/secure.gravatar.com\\\/avatar\\\/faab38a98808dff100d6876904ec74377b3897ebbe844221f011f24bf665bd16?s=96&d=mm&r=g\",\"url\":\"https:\\\/\\\/secure.gravatar.com\\\/avatar\\\/faab38a98808dff100d6876904ec74377b3897ebbe844221f011f24bf665bd16?s=96&d=mm&r=g\",\"contentUrl\":\"https:\\\/\\\/secure.gravatar.com\\\/avatar\\\/faab38a98808dff100d6876904ec74377b3897ebbe844221f011f24bf665bd16?s=96&d=mm&r=g\",\"caption\":\"Wagener_bjoern\"},\"description\":\"Blaulicht- &amp; Technikjournalist \u270f\ufe0f | Fotografie, Drohnen &amp; Luftfahrt \ud83d\udcf8\u2708\ufe0f | 3D-Druck &amp; Maker \ud83d\udda8\ufe0f | Cat Dad \ud83d\udc3e\",\"sameAs\":[\"https:\\\/\\\/www.facebook.com\\\/bjoern.max.wagener\",\"https:\\\/\\\/www.instagram.com\\\/wagener_bjoern\\\/\",\"https:\\\/\\\/x.com\\\/wagener_bjoern\"],\"url\":\"https:\\\/\\\/www.deskmodder.de\\\/blog\\\/author\\\/wagener_bjoern\\\/\"}]}<\/script>\n<!-- \/ Yoast SEO Premium plugin. -->","yoast_head_json":{"title":"F\u00fchrungswechsel bei AVM: Jan Oetjen \u00fcbernimmt CEO-Posten - Deskmodder.de","description":"Die neue Gesch\u00e4ftsf\u00fchrung von AVM steht fest. Erfahren Sie mehr \u00fcber den neuen CEO Jan Oetjen und seine Erfahrung in der IT-Branche.","robots":{"index":"index","follow":"follow","max-snippet":"max-snippet:-1","max-image-preview":"max-image-preview:large","max-video-preview":"max-video-preview:-1"},"canonical":"https:\/\/www.deskmodder.de\/blog\/2024\/09\/27\/fuehrungswechsel-bei-avm-jan-oetjen-uebernimmt-ceo-posten\/","og_locale":"de_DE","og_type":"article","og_title":"F\u00fchrungswechsel bei AVM: Jan Oetjen \u00fcbernimmt CEO-Posten","og_description":"Die neue Gesch\u00e4ftsf\u00fchrung von AVM steht fest. Erfahren Sie mehr \u00fcber den neuen CEO Jan Oetjen und seine Erfahrung in der IT-Branche.","og_url":"https:\/\/www.deskmodder.de\/blog\/2024\/09\/27\/fuehrungswechsel-bei-avm-jan-oetjen-uebernimmt-ceo-posten\/","og_site_name":"Deskmodder.de","article_publisher":"https:\/\/www.facebook.com\/Deskmodder","article_author":"https:\/\/www.facebook.com\/bjoern.max.wagener","article_published_time":"2024-09-27T13:02:05+00:00","article_modified_time":"2024-09-27T13:48:38+00:00","og_image":[{"width":2250,"height":1500,"url":"https:\/\/www.deskmodder.de\/blog\/wp-content\/uploads\/2023\/01\/avm-fritzbox-3490-ambiente.jpg","type":"image\/jpeg"}],"author":"Wagener_bjoern","twitter_card":"summary_large_image","twitter_creator":"@wagener_bjoern","twitter_site":"@Deskmodder","schema":{"@context":"https:\/\/schema.org","@graph":[{"@type":"Article","@id":"https:\/\/www.deskmodder.de\/blog\/2024\/09\/27\/fuehrungswechsel-bei-avm-jan-oetjen-uebernimmt-ceo-posten\/#article","isPartOf":{"@id":"https:\/\/www.deskmodder.de\/blog\/2024\/09\/27\/fuehrungswechsel-bei-avm-jan-oetjen-uebernimmt-ceo-posten\/"},"author":{"name":"Wagener_bjoern","@id":"https:\/\/www.deskmodder.de\/blog\/#\/schema\/person\/efd7dda2abfc34d2f026b3dd1ff08c0c"},"headline":"F\u00fchrungswechsel bei AVM: Jan Oetjen \u00fcbernimmt CEO-Posten","datePublished":"2024-09-27T13:02:05+00:00","dateModified":"2024-09-27T13:48:38+00:00","mainEntityOfPage":{"@id":"https:\/\/www.deskmodder.de\/blog\/2024\/09\/27\/fuehrungswechsel-bei-avm-jan-oetjen-uebernimmt-ceo-posten\/"},"wordCount":321,"commentCount":17,"publisher":{"@id":"https:\/\/www.deskmodder.de\/blog\/#organization"},"image":{"@id":"https:\/\/www.deskmodder.de\/blog\/2024\/09\/27\/fuehrungswechsel-bei-avm-jan-oetjen-uebernimmt-ceo-posten\/#primaryimage"},"thumbnailUrl":"https:\/\/www.deskmodder.de\/blog\/wp-content\/uploads\/2023\/01\/avm-fritzbox-3490-ambiente.jpg","keywords":["AVM"],"inLanguage":"de","potentialAction":[{"@type":"CommentAction","name":"Comment","target":["https:\/\/www.deskmodder.de\/blog\/2024\/09\/27\/fuehrungswechsel-bei-avm-jan-oetjen-uebernimmt-ceo-posten\/#respond"]}],"copyrightYear":"2024","copyrightHolder":{"@id":"https:\/\/www.deskmodder.de\/blog\/#organization"}},{"@type":"WebPage","@id":"https:\/\/www.deskmodder.de\/blog\/2024\/09\/27\/fuehrungswechsel-bei-avm-jan-oetjen-uebernimmt-ceo-posten\/","url":"https:\/\/www.deskmodder.de\/blog\/2024\/09\/27\/fuehrungswechsel-bei-avm-jan-oetjen-uebernimmt-ceo-posten\/","name":"F\u00fchrungswechsel bei AVM: Jan Oetjen \u00fcbernimmt CEO-Posten - Deskmodder.de","isPartOf":{"@id":"https:\/\/www.deskmodder.de\/blog\/#website"},"primaryImageOfPage":{"@id":"https:\/\/www.deskmodder.de\/blog\/2024\/09\/27\/fuehrungswechsel-bei-avm-jan-oetjen-uebernimmt-ceo-posten\/#primaryimage"},"image":{"@id":"https:\/\/www.deskmodder.de\/blog\/2024\/09\/27\/fuehrungswechsel-bei-avm-jan-oetjen-uebernimmt-ceo-posten\/#primaryimage"},"thumbnailUrl":"https:\/\/www.deskmodder.de\/blog\/wp-content\/uploads\/2023\/01\/avm-fritzbox-3490-ambiente.jpg","datePublished":"2024-09-27T13:02:05+00:00","dateModified":"2024-09-27T13:48:38+00:00","description":"Die neue Gesch\u00e4ftsf\u00fchrung von AVM steht fest. Erfahren Sie mehr \u00fcber den neuen CEO Jan Oetjen und seine Erfahrung in der IT-Branche.","breadcrumb":{"@id":"https:\/\/www.deskmodder.de\/blog\/2024\/09\/27\/fuehrungswechsel-bei-avm-jan-oetjen-uebernimmt-ceo-posten\/#breadcrumb"},"inLanguage":"de","potentialAction":[{"@type":"ReadAction","target":["https:\/\/www.deskmodder.de\/blog\/2024\/09\/27\/fuehrungswechsel-bei-avm-jan-oetjen-uebernimmt-ceo-posten\/"]}]},{"@type":"ImageObject","inLanguage":"de","@id":"https:\/\/www.deskmodder.de\/blog\/2024\/09\/27\/fuehrungswechsel-bei-avm-jan-oetjen-uebernimmt-ceo-posten\/#primaryimage","url":"https:\/\/www.deskmodder.de\/blog\/wp-content\/uploads\/2023\/01\/avm-fritzbox-3490-ambiente.jpg","contentUrl":"https:\/\/www.deskmodder.de\/blog\/wp-content\/uploads\/2023\/01\/avm-fritzbox-3490-ambiente.jpg","width":2250,"height":1500},{"@type":"BreadcrumbList","@id":"https:\/\/www.deskmodder.de\/blog\/2024\/09\/27\/fuehrungswechsel-bei-avm-jan-oetjen-uebernimmt-ceo-posten\/#breadcrumb","itemListElement":[{"@type":"ListItem","position":1,"name":"Startseite","item":"https:\/\/www.deskmodder.de\/blog\/"},{"@type":"ListItem","position":2,"name":"F\u00fchrungswechsel bei AVM: Jan Oetjen \u00fcbernimmt CEO-Posten"}]},{"@type":"WebSite","@id":"https:\/\/www.deskmodder.de\/blog\/#website","url":"https:\/\/www.deskmodder.de\/blog\/","name":"Deskmodder.de","description":"News zum Thema Microsoft, Windows 11 \/ 10, sowie anderen Neuigkeiten aus dem Netz, viele Tipps und individuelle Hilfe bei Problemen in unserem Forum \u25cf Deskmodder - seit 2003","publisher":{"@id":"https:\/\/www.deskmodder.de\/blog\/#organization"},"potentialAction":[{"@type":"SearchAction","target":{"@type":"EntryPoint","urlTemplate":"https:\/\/www.deskmodder.de\/blog\/?s={search_term_string}"},"query-input":{"@type":"PropertyValueSpecification","valueRequired":true,"valueName":"search_term_string"}}],"inLanguage":"de"},{"@type":"Organization","@id":"https:\/\/www.deskmodder.de\/blog\/#organization","name":"Deskmodder","url":"https:\/\/www.deskmodder.de\/blog\/","logo":{"@type":"ImageObject","inLanguage":"de","@id":"https:\/\/www.deskmodder.de\/blog\/#\/schema\/logo\/image\/","url":"https:\/\/www.deskmodder.de\/blog\/wp-content\/uploads\/2019\/01\/deskmodder-logo-app.png","contentUrl":"https:\/\/www.deskmodder.de\/blog\/wp-content\/uploads\/2019\/01\/deskmodder-logo-app.png","width":281,"height":286,"caption":"Deskmodder"},"image":{"@id":"https:\/\/www.deskmodder.de\/blog\/#\/schema\/logo\/image\/"},"sameAs":["https:\/\/www.facebook.com\/Deskmodder","https:\/\/x.com\/Deskmodder","https:\/\/mastodontech.de\/@Deskmodder","https:\/\/www.youtube.com\/user\/deskmodder","https:\/\/mewe.com\/group\/5c83b5231add826fc80cdae1"]},{"@type":"Person","@id":"https:\/\/www.deskmodder.de\/blog\/#\/schema\/person\/efd7dda2abfc34d2f026b3dd1ff08c0c","name":"Wagener_bjoern","image":{"@type":"ImageObject","inLanguage":"de","@id":"https:\/\/secure.gravatar.com\/avatar\/faab38a98808dff100d6876904ec74377b3897ebbe844221f011f24bf665bd16?s=96&d=mm&r=g","url":"https:\/\/secure.gravatar.com\/avatar\/faab38a98808dff100d6876904ec74377b3897ebbe844221f011f24bf665bd16?s=96&d=mm&r=g","contentUrl":"https:\/\/secure.gravatar.com\/avatar\/faab38a98808dff100d6876904ec74377b3897ebbe844221f011f24bf665bd16?s=96&d=mm&r=g","caption":"Wagener_bjoern"},"description":"Blaulicht- &amp; Technikjournalist \u270f\ufe0f | Fotografie, Drohnen &amp; Luftfahrt \ud83d\udcf8\u2708\ufe0f | 3D-Druck &amp; Maker \ud83d\udda8\ufe0f | Cat Dad \ud83d\udc3e","sameAs":["https:\/\/www.facebook.com\/bjoern.max.wagener","https:\/\/www.instagram.com\/wagener_bjoern\/","https:\/\/x.com\/wagener_bjoern"],"url":"https:\/\/www.deskmodder.de\/blog\/author\/wagener_bjoern\/"}]}},"jetpack_publicize_connections":[],"jetpack_featured_media_url":"https:\/\/www.deskmodder.de\/blog\/wp-content\/uploads\/2023\/01\/avm-fritzbox-3490-ambiente.jpg","_links":{"self":[{"href":"https:\/\/www.deskmodder.de\/blog\/wp-json\/wp\/v2\/posts\/192954","targetHints":{"allow":["GET"]}}],"collection":[{"href":"https:\/\/www.deskmodder.de\/blog\/wp-json\/wp\/v2\/posts"}],"about":[{"href":"https:\/\/www.deskmodder.de\/blog\/wp-json\/wp\/v2\/types\/post"}],"author":[{"embeddable":true,"href":"https:\/\/www.deskmodder.de\/blog\/wp-json\/wp\/v2\/users\/4894"}],"replies":[{"embeddable":true,"href":"https:\/\/www.deskmodder.de\/blog\/wp-json\/wp\/v2\/comments?post=192954"}],"version-history":[{"count":2,"href":"https:\/\/www.deskmodder.de\/blog\/wp-json\/wp\/v2\/posts\/192954\/revisions"}],"predecessor-version":[{"id":192958,"href":"https:\/\/www.deskmodder.de\/blog\/wp-json\/wp\/v2\/posts\/192954\/revisions\/192958"}],"wp:featuredmedia":[{"embeddable":true,"href":"https:\/\/www.deskmodder.de\/blog\/wp-json\/wp\/v2\/media\/174622"}],"wp:attachment":[{"href":"https:\/\/www.deskmodder.de\/blog\/wp-json\/wp\/v2\/media?parent=192954"}],"wp:term":[{"taxonomy":"category","embeddable":true,"href":"https:\/\/www.deskmodder.de\/blog\/wp-json\/wp\/v2\/categories?post=192954"},{"taxonomy":"post_tag","embeddable":true,"href":"https:\/\/www.deskmodder.de\/blog\/wp-json\/wp\/v2\/tags?post=192954"}],"curies":[{"name":"wp","href":"https:\/\/api.w.org\/{rel}","templated":true}]}}