{"id":192886,"date":"2024-09-25T19:16:22","date_gmt":"2024-09-25T17:16:22","guid":{"rendered":"https:\/\/www.deskmodder.de\/blog\/?p=192886"},"modified":"2024-09-25T19:38:16","modified_gmt":"2024-09-25T17:38:16","slug":"deutsche-post-dhl-portierhoehung-steht-bevor","status":"publish","type":"post","link":"https:\/\/www.deskmodder.de\/blog\/2024\/09\/25\/deutsche-post-dhl-portierhoehung-steht-bevor\/","title":{"rendered":"Deutsche Post\/DHL: Portoerh\u00f6hung steht bevor"},"content":{"rendered":"<p>Die Bundesnetzagentur (BNetzA) hat den Rahmen einer m\u00f6glichen Preiserh\u00f6hung f\u00fcr die Produkte der Deutschen Post AG abgesteckt.\u00a0Eingeflossen sind dabei die durchschnittliche Inflationsrate der letzten Jahre, der k\u00fcnftige R\u00fcckgang von Sendungsmengen und Kosten, die aufgrund regulierter Produkte anderen Brief- und Paketdienstleistern nicht entstehen. Herausgekommen sind die folgenden &#8222;Price-Caps&#8220; f\u00fcr die entsprechenden T\u00f6pfe:<\/p>\n<ul>\n<li>Price-Cap Privatkunden Brief: 10,48 Prozent<\/li>\n<li>Price-Cap Gesch\u00e4ftspost: 10,48 Prozent<\/li>\n<li>Price-Cap Privatkunden Paket: 7,21 Prozent<\/li>\n<\/ul>\n<p>Die Deutschen Post AG kann nun festlegen, welche Produkte sie wie stark im Preis anhebt. Im Durchschnitt f\u00fcr die einzelnen T\u00f6pfe d\u00fcrfen sie aber nicht \u00fcber den oben genannten maximalen Prozentwerten liegen. Mal ein Beispiel: Der Standardbrief k\u00f6nnte sich so um 15 Prozent verteuern oder auch nur um 5 Prozent &#8211; je nachdem, wie sich die anderen Produkte aus dem Topf (z.B. Kompaktbrief, Gro\u00dfbrief, Maxibrief und die Postkarte) ver\u00e4ndern.<\/p>\n<p>Die neuen Porti werden dann ab dem 1. Januar 2025 f\u00fcr zwei Jahre bis zum 31. Dezember 2026 gelten.<\/p>\n<div class=\"quelle\">Quelle: <a href=\"https:\/\/www.bundesnetzagentur.de\/SharedDocs\/Pressemitteilungen\/DE\/2024\/20240924_Post.html?nn=659670\" target=\"_blank\" rel=\"noopener\">BNetzA<\/a><\/div>\n","protected":false},"excerpt":{"rendered":"<p>Die Bundesnetzagentur (BNetzA) hat den Rahmen einer m\u00f6glichen Preiserh\u00f6hung f\u00fcr die Produkte der Deutschen Post AG abgesteckt.\u00a0Eingeflossen sind dabei die durchschnittliche Inflationsrate der letzten Jahre, der k\u00fcnftige R\u00fcckgang von Sendungsmengen und Kosten, die aufgrund regulierter Produkte anderen Brief- und Paketdienstleistern&hellip; <\/p>\n","protected":false},"author":1525,"featured_media":25541,"comment_status":"open","ping_status":"open","sticky":false,"template":"","format":"standard","meta":{"jetpack_post_was_ever_published":false,"footnotes":"","jetpack_publicize_message":"","jetpack_publicize_feature_enabled":true,"jetpack_social_post_already_shared":false,"jetpack_social_options":{"image_generator_settings":{"template":"highway","default_image_id":0,"font":"","enabled":false},"version":2}},"categories":[1],"tags":[3134,5428,89846,90157,90156],"class_list":["post-192886","post","type-post","status-publish","format-standard","has-post-thumbnail","hentry","category-allgemein","tag-bundesnetzagentur","tag-dhl","tag-erhoehung","tag-porti","tag-porto"],"wp_featured_image":{"id":25541,"alt_text":"","description":"","media_type":"image","media_details":{"width":900,"height":600,"file":"2014\/05\/dhl-paketkasten-20141.jpg","sizes":{"thumbnail":{"file":"dhl-paketkasten-20141-150x150.jpg","width":150,"height":150,"mime-type":"image\/jpeg","source_url":"https:\/\/www.deskmodder.de\/blog\/wp-content\/uploads\/2014\/05\/dhl-paketkasten-20141-150x150.jpg"},"medium":{"file":"dhl-paketkasten-20141-150x100.jpg","width":150,"height":100,"mime-type":"image\/jpeg","source_url":"https:\/\/www.deskmodder.de\/blog\/wp-content\/uploads\/2014\/05\/dhl-paketkasten-20141-150x100.jpg"},"large":{"file":"dhl-paketkasten-20141-500x333.jpg","width":500,"height":333,"mime-type":"image\/jpeg","source_url":"https:\/\/www.deskmodder.de\/blog\/wp-content\/uploads\/2014\/05\/dhl-paketkasten-20141-500x333.jpg"}},"image_meta":{"aperture":0,"credit":"","camera":"","caption":"","created_timestamp":0,"copyright":"","focal_length":0,"iso":0,"shutter_speed":0,"title":""}},"post":25540,"source_url":"https:\/\/www.deskmodder.de\/blog\/wp-content\/uploads\/2014\/05\/dhl-paketkasten-20141.jpg"},"commentcount":21,"wp_comments":[{"id":284851,"parent":0,"author":0,"author_name":"Ben","author_email":"benjaminkunert99@t-online.de","author_url":"","author_avatar_urls":{"24":"https:\/\/secure.gravatar.com\/avatar\/711bd571a8c07632c306a31a313d1acfbfb97b56521ba13835e8b9114bb1c835?s=24&d=mm&r=g","48":"https:\/\/secure.gravatar.com\/avatar\/711bd571a8c07632c306a31a313d1acfbfb97b56521ba13835e8b9114bb1c835?s=48&d=mm&r=g","96":"https:\/\/secure.gravatar.com\/avatar\/711bd571a8c07632c306a31a313d1acfbfb97b56521ba13835e8b9114bb1c835?s=96&d=mm&r=g"},"date":"2024-09-25T19:41:00","cld_nonce":"a2168cecf9","content":{"rendered":"<p>\ud83e\udd23 So l\u00e4cherlich. Meinem Postboten ist es zu viel 1x pro Woche hier 2 Briefe einzuwerfen und h\u00f6rt nebenbei Musik beim Auto fahren mit AirPods und die Post bezahlt Mitarbeitern soviel \u00c4rzten<\/p>\n"},"status":"1"},{"id":284852,"parent":0,"author":0,"author_name":"Jan","author_email":"jannomag@gmx.de","author_url":"","author_avatar_urls":{"24":"https:\/\/secure.gravatar.com\/avatar\/08a7005f7cf15759d2b52391983cddb4d03ac3c5274a40db84c6c8af96ef131d?s=24&d=mm&r=g","48":"https:\/\/secure.gravatar.com\/avatar\/08a7005f7cf15759d2b52391983cddb4d03ac3c5274a40db84c6c8af96ef131d?s=48&d=mm&r=g","96":"https:\/\/secure.gravatar.com\/avatar\/08a7005f7cf15759d2b52391983cddb4d03ac3c5274a40db84c6c8af96ef131d?s=96&d=mm&r=g"},"date":"2024-09-25T20:21:00","cld_nonce":"a2168cecf9","content":{"rendered":"<p>Zeit das Fax wieder rauszukramen.<\/p>\n"},"status":"1"},{"id":284853,"parent":0,"author":0,"author_name":"Holgi","author_email":"holger_freese@hotmail.com","author_url":"","author_avatar_urls":{"24":"https:\/\/secure.gravatar.com\/avatar\/0b9a7e8e22fe490941487d0cbe59d0e7232454955198e0bd0f0fc8b2f4a0043e?s=24&d=mm&r=g","48":"https:\/\/secure.gravatar.com\/avatar\/0b9a7e8e22fe490941487d0cbe59d0e7232454955198e0bd0f0fc8b2f4a0043e?s=48&d=mm&r=g","96":"https:\/\/secure.gravatar.com\/avatar\/0b9a7e8e22fe490941487d0cbe59d0e7232454955198e0bd0f0fc8b2f4a0043e?s=96&d=mm&r=g"},"date":"2024-09-25T20:43:48","cld_nonce":"a2168cecf9","content":{"rendered":"<p>was\u00b4n das f\u00fcr \u00b4ne Logik?<br \/>\n&#8220; Eingeflossen sind dabei &#8230;. der k\u00fcnftige R\u00fcckgang von Sendungsmengen &#8220;<br \/>\ntja, wenn die Preise immer weiter steigen, \u00fcberlegt man\/frau sich nun einmal, ob es nicht auch per mail oder anderswie geht.<br \/>\nIrgendwann sind wir dann soweit, dass der letzte verbliebene Kunde (Kundin) Vorder- und R\u00fcckseite des Sendungsst\u00fccks mit Porto zukleben darf.<br \/>\nIch bin ja sonst grunds\u00e4tzlich gegen Monopole bzw. staatseigene Betriebe. Aber in einigen Bereichen machen sie einfach Sinn.<br \/>\nAllein, wenn ich sehe, wieviel verschiedene Zustellfahrzeuge von verschieden Post- und Paketdienstleistern hier tagt\u00e4glich in die Stra\u00dfe einfahren. Da k\u00f6nnte man eine Menge CO2 einsparen.<\/p>\n"},"status":"1"},{"id":284855,"parent":284852,"author":0,"author_name":"ChiemseeChaot","author_email":"gerusc@web.de","author_url":"","author_avatar_urls":{"24":"https:\/\/secure.gravatar.com\/avatar\/f5983440a9cc4a3967368fdc00dd99ce944d7037ba568e8a7b1117eaceee0f42?s=24&d=mm&r=g","48":"https:\/\/secure.gravatar.com\/avatar\/f5983440a9cc4a3967368fdc00dd99ce944d7037ba568e8a7b1117eaceee0f42?s=48&d=mm&r=g","96":"https:\/\/secure.gravatar.com\/avatar\/f5983440a9cc4a3967368fdc00dd99ce944d7037ba568e8a7b1117eaceee0f42?s=96&d=mm&r=g"},"date":"2024-09-25T20:54:25","cld_nonce":"a2168cecf9","content":{"rendered":"<p>@Jan<\/p>\n<p>Wieso rauskramen?<br \/>\n\u00c4mter sind noch immer per Fax am Besten per Fax erreichbar. Im ersten Halbjahr 2024 wurde ich gebeten, wenn m\u00f6glich, Unterlagen per Fax zuzusenden. \ud83e\udd14<br \/>\nJetzt &#8222;h\u00e4ngt&#8220; die ISDN-Kiste wieder am Router. Reparaturen am Faxger\u00e4t mache ich selbst.<\/p>\n"},"status":"1"},{"id":284856,"parent":0,"author":3503,"author_name":"Komatoes","author_email":"uwe.ganswig@gmail.com","author_url":"","author_avatar_urls":{"24":"https:\/\/secure.gravatar.com\/avatar\/741103e14e427d06de9a611a8fce75c224783091f1a3253ca09e32b17186efde?s=24&d=mm&r=g","48":"https:\/\/secure.gravatar.com\/avatar\/741103e14e427d06de9a611a8fce75c224783091f1a3253ca09e32b17186efde?s=48&d=mm&r=g","96":"https:\/\/secure.gravatar.com\/avatar\/741103e14e427d06de9a611a8fce75c224783091f1a3253ca09e32b17186efde?s=96&d=mm&r=g"},"date":"2024-09-25T21:01:20","cld_nonce":"a2168cecf9","content":{"rendered":"<p>Ich kann mich gar nicht daran erinnern, wann ich zuletzt mal was mit DHL\/Post auf eigene Rechnung versendet habe.<\/p>\n"},"status":"1"},{"id":284858,"parent":0,"author":9995,"author_name":"ronnybruechner","author_email":"ronny.bruechner@googlemail.com","author_url":"","author_avatar_urls":{"24":"https:\/\/secure.gravatar.com\/avatar\/c8d3af6b82837b2842ca8114a91dbaaba426f6a90abde072169e09cce08610c4?s=24&d=mm&r=g","48":"https:\/\/secure.gravatar.com\/avatar\/c8d3af6b82837b2842ca8114a91dbaaba426f6a90abde072169e09cce08610c4?s=48&d=mm&r=g","96":"https:\/\/secure.gravatar.com\/avatar\/c8d3af6b82837b2842ca8114a91dbaaba426f6a90abde072169e09cce08610c4?s=96&d=mm&r=g"},"date":"2024-09-25T22:17:02","cld_nonce":"a2168cecf9","content":{"rendered":"<p>Leider werden die Kosten f\u00fcr Gesch\u00e4ftsbriefe an den Kunden weitergegeben und solche Verbrecher wie Amazon kaufen sich gleich eine komplette Flotte von Fahrzeugen mit armen Ausl\u00e4ndern, die kein Deutsch sprechen und gnadenlos ausgebeutet werden und 100% weit unter Mindestlohn abgespeist werden (durch die ganzen unbezahlten und undokumentierten \u00dcberstunden in den Primeautos. \u2620\ufe0f\u2620\ufe0f\u2620\ufe0f\u2620\ufe0f<\/p>\n<p>F\u00fcr eine Preiserh\u00f6hung und somit Sicherung von Arbeitspl\u00e4tzen habe ich absolut nichts, zumindest bei deutschen Unternehmen, wie der Post, die ihre Steuern auch hier zahlen.<\/p>\n<p>Siehe wieder die Verbrecher von Amazon und Co als Gegenbeispiel.<\/p>\n"},"status":"1"},{"id":284860,"parent":284853,"author":6633,"author_name":"Chrno79","author_email":"deskmodder@mhs4u.de","author_url":"","author_avatar_urls":{"24":"https:\/\/secure.gravatar.com\/avatar\/6ac42fd7f11be5bc1f49bf9082bc36499b2f4e755c736200c20b6596e295ee6c?s=24&d=mm&r=g","48":"https:\/\/secure.gravatar.com\/avatar\/6ac42fd7f11be5bc1f49bf9082bc36499b2f4e755c736200c20b6596e295ee6c?s=48&d=mm&r=g","96":"https:\/\/secure.gravatar.com\/avatar\/6ac42fd7f11be5bc1f49bf9082bc36499b2f4e755c736200c20b6596e295ee6c?s=96&d=mm&r=g"},"date":"2024-09-25T23:45:59","cld_nonce":"a2168cecf9","content":{"rendered":"<p>Ja, dass ist leider alles ein Teufelskreis. Weil die Anzahl der Briefsendungen, durch die Digitalisierung, immer weniger werden, die Unkosten f\u00fcr die Zustellung, durch Lohnanpassungen und Spritkosten, dagegen immer teurer werden, muss das Geld halt durch Erh\u00f6ung des Porto wieder reingeholt werden.<br \/>\nUnd die Anzahl der Paketzustellfirmen ist wahrscheinlich deswegen so hoch, weil durch den ganzen Onlinehandel die Paketmengen immer weiter ansteigen. Eine Reduzierung der Paketdienstleister verringert vielleicht die Anzahl der Zustellfahrzeuge, die durch die Strassen fahren, aber die Anzahl an Zustellfahrzeugen an sich wird dabei wohl nicht weniger. Denn wenn durch eine Monopolisierung die Pakete z.B. nur noch von der Post verteilt werden, w\u00fcrden die Paketmengen f\u00fcr den einzelnen Zusteller stark ansteigen. Das w\u00fcrde wiederum bedeuten, dass die Zustellbezirke kleiner werden m\u00fcssen und so weitere neue Touren und somit auch wieder mehr Zustellfahrzeuge ben\u00f6tigt werden.<br \/>\nDer einzige Unterschied w\u00e4re dann wohl, dass man als Endkunde nicht mehr 3mal zur T\u00fcr gehen muss, um alle seine Pakete entgegen zu nehmen.<\/p>\n"},"status":"1"},{"id":284862,"parent":0,"author":0,"author_name":"Michel Eyquem","author_email":"micheleyquem@protonmail.com","author_url":"","author_avatar_urls":{"24":"https:\/\/secure.gravatar.com\/avatar\/586e272f64ac0a1f1b8f5c543e18493022854bb1b1e248c825a5e0ea70356d87?s=24&d=mm&r=g","48":"https:\/\/secure.gravatar.com\/avatar\/586e272f64ac0a1f1b8f5c543e18493022854bb1b1e248c825a5e0ea70356d87?s=48&d=mm&r=g","96":"https:\/\/secure.gravatar.com\/avatar\/586e272f64ac0a1f1b8f5c543e18493022854bb1b1e248c825a5e0ea70356d87?s=96&d=mm&r=g"},"date":"2024-09-25T23:53:16","cld_nonce":"a2168cecf9","content":{"rendered":"<p>Es ist schon witzig was sich das etablierte Gesindel in solchen Monopolisten Jobs alles erlauben kann.  &#8222;&#8230;der k\u00fcnftige R\u00fcckgang von Sendungsmengen&#8230;&#8220; Also eine Preiserh\u00f6hung wegen weniger Brief Aufkommens, und dann die n\u00e4chste Preiserh\u00f6hung, wegen des, wegen der erneuten Erh\u00f6hung, erneut nachlassenden Briefaufkommens???<\/p>\n<p>Wir werden noch lange mit den widerliche  Begleiterscheinungen der 20 Merkel\/Ampel Jahre zu leben haben.<\/p>\n<p>Nur mal als Beipiel was ich in Japan zu dem Thema gelernt habe:<\/p>\n<p>Normaler Brief:  52cent.<br \/>\nBriefzustellung: innerhalb 24 std<br \/>\nBriefzustellung: 2x t\u00e4glich incl Samstags, Sonntags nur 1x<\/p>\n"},"status":"1"},{"id":284865,"parent":0,"author":3838,"author_name":"Hagal2","author_email":"fafnyr77@hotmail.com","author_url":"","author_avatar_urls":{"24":"https:\/\/secure.gravatar.com\/avatar\/100aa651faa19dba972cd9ea5295901e4ada8a04a106cdf6b04da87977f06ce5?s=24&d=mm&r=g","48":"https:\/\/secure.gravatar.com\/avatar\/100aa651faa19dba972cd9ea5295901e4ada8a04a106cdf6b04da87977f06ce5?s=48&d=mm&r=g","96":"https:\/\/secure.gravatar.com\/avatar\/100aa651faa19dba972cd9ea5295901e4ada8a04a106cdf6b04da87977f06ce5?s=96&d=mm&r=g"},"date":"2024-09-26T01:47:34","cld_nonce":"a2168cecf9","content":{"rendered":"<p>Ich habe mir nur gedacht, was schon wieder? Ich hatte vor einer Weile mal einige Briefmarken gekauft, Briefe versende ich au\u00dfer an Beh\u00f6rden etc. nur noch selten im Jahr. Kotzt mich das meine Briefmarken dann wieder nicht gehen, sondern wieder extra Marken kaufen muss oder \u00dcberporto draufkleben muss, so kommt man auch zu Geld.<\/p>\n<p>Briefe selber bekomme ich auch fast nie wenn dann Rechnung oder so. Daf\u00fcr viel Werbung.<\/p>\n"},"status":"1"},{"id":284873,"parent":284865,"author":0,"author_name":"Bernd Bachmann","author_email":"bbachmann@web.de","author_url":"","author_avatar_urls":{"24":"https:\/\/secure.gravatar.com\/avatar\/4d77658cc234067d1a8c2363585899b3b1e3be3482979e8f7ccf3969a8b88ac9?s=24&d=mm&r=g","48":"https:\/\/secure.gravatar.com\/avatar\/4d77658cc234067d1a8c2363585899b3b1e3be3482979e8f7ccf3969a8b88ac9?s=48&d=mm&r=g","96":"https:\/\/secure.gravatar.com\/avatar\/4d77658cc234067d1a8c2363585899b3b1e3be3482979e8f7ccf3969a8b88ac9?s=96&d=mm&r=g"},"date":"2024-09-26T08:37:26","cld_nonce":"a2168cecf9","content":{"rendered":"<p>Ich bin aus dem gleichen Grund dazu \u00fcbergegangen, Briefmarken mit der &#8222;Post &amp; DHL&#8220;-App zu generieren. Geht auch ohne Registrierung oder Konto. Ist nat\u00fcrlich umst\u00e4ndlicher, als einfach eine Marke aufzukleben, aber kommt ja auch nur alle paar Monate mal vor.<\/p>\n<p>Und auch bei Deinem zweiten Punkt geht es mir genauso. Fr\u00fcher hat man sich \u00fcber Post gefreut, heute ist es meist etwas Unangenehmes, das man im Briefkasten findet&#8230;<\/p>\n"},"status":"1"},{"id":284874,"parent":284862,"author":0,"author_name":"Bernd Bachmann","author_email":"bbachmann@web.de","author_url":"","author_avatar_urls":{"24":"https:\/\/secure.gravatar.com\/avatar\/4d77658cc234067d1a8c2363585899b3b1e3be3482979e8f7ccf3969a8b88ac9?s=24&d=mm&r=g","48":"https:\/\/secure.gravatar.com\/avatar\/4d77658cc234067d1a8c2363585899b3b1e3be3482979e8f7ccf3969a8b88ac9?s=48&d=mm&r=g","96":"https:\/\/secure.gravatar.com\/avatar\/4d77658cc234067d1a8c2363585899b3b1e3be3482979e8f7ccf3969a8b88ac9?s=96&d=mm&r=g"},"date":"2024-09-26T08:47:02","cld_nonce":"a2168cecf9","content":{"rendered":"<p>&gt;&gt; Also eine Preiserh\u00f6hung &#8230;<\/p>\n<p>Genau so ist es. Wenn Du eine bessere Idee hast, wie man das Dilemma &#8222;stark r\u00fcckl\u00e4ufiges Briefaufkommen bei gleichzeitig steigenden Kosten und mindestens gleichbleibenden Anspr\u00fcchen der Kunden&#8220; sonst l\u00f6sen kann, darfst Du Dich gerne bei der Post vorstellen.<\/p>\n<p>&gt;&gt; Wir werden noch lange &#8230;<\/p>\n<p>Dem stimme ich zwar grunds\u00e4tzlich v\u00f6llig zu, sehe allerdings nicht, was Durchwurschtel-Merkel oder Inkompetenz-Ampel daf\u00fcr k\u00f6nnen, dass fast alles, wof\u00fcr man fr\u00fcher Briefe verschickt hat, heute im Internet erledigt wird.<\/p>\n"},"status":"1"},{"id":284877,"parent":284873,"author":6633,"author_name":"Chrno79","author_email":"deskmodder@mhs4u.de","author_url":"","author_avatar_urls":{"24":"https:\/\/secure.gravatar.com\/avatar\/6ac42fd7f11be5bc1f49bf9082bc36499b2f4e755c736200c20b6596e295ee6c?s=24&d=mm&r=g","48":"https:\/\/secure.gravatar.com\/avatar\/6ac42fd7f11be5bc1f49bf9082bc36499b2f4e755c736200c20b6596e295ee6c?s=48&d=mm&r=g","96":"https:\/\/secure.gravatar.com\/avatar\/6ac42fd7f11be5bc1f49bf9082bc36499b2f4e755c736200c20b6596e295ee6c?s=96&d=mm&r=g"},"date":"2024-09-26T09:11:53","cld_nonce":"a2168cecf9","content":{"rendered":"<p>Ich kaufe auch nur noch Briefmarken \u00fcber die App, wenn ich \u00fcberhaupt mal einen Brief verschicken muss. Im allgemeinen scanne ich alles nur noch ein und schicke es bei E-Mail, weil es einfach schneller ist und nichts kostet.<\/p>\n<p>Bei den Briefen kommt auf einen vollbezahlten Brief locker 5mal Werbung. Bei manchen Leuten sogar noch weit aus mehr. Vorallem die ganzen Kataloge nerven extrem. Die Post sollte die genehmigte Preiserh\u00f6hung mal komplett auf die Werbung aufschlagen und die normalen Breife im Preis belassen, dass w\u00fcrde weit mehr Gewinne einfahren.<\/p>\n<p>Ein normaler Brief bis 20g kostet aktuell 85 Cent. So ein Katalog, der 3 mal gr\u00f6\u00dfer und zum Teil auch noch 10 mal schwerer ist kostet dagegen 83 cent. Da muss man sich nicht wundern, dass die Post nur noch mit Werbung durch die Gegend f\u00e4hrt. Und wenn die Leute dann ihre Kataloge in den H\u00e4nden halten, schmei\u00dfen sie die ungelesen in die Papiertonne. <\/p>\n<p>Na ganz herzlichen Dank auch.<\/p>\n"},"status":"1"},{"id":284878,"parent":284852,"author":6633,"author_name":"Chrno79","author_email":"deskmodder@mhs4u.de","author_url":"","author_avatar_urls":{"24":"https:\/\/secure.gravatar.com\/avatar\/6ac42fd7f11be5bc1f49bf9082bc36499b2f4e755c736200c20b6596e295ee6c?s=24&d=mm&r=g","48":"https:\/\/secure.gravatar.com\/avatar\/6ac42fd7f11be5bc1f49bf9082bc36499b2f4e755c736200c20b6596e295ee6c?s=48&d=mm&r=g","96":"https:\/\/secure.gravatar.com\/avatar\/6ac42fd7f11be5bc1f49bf9082bc36499b2f4e755c736200c20b6596e295ee6c?s=96&d=mm&r=g"},"date":"2024-09-26T09:19:55","cld_nonce":"a2168cecf9","content":{"rendered":"<p>Wenn man eine FritzBox mit Telefoniefunktion hat, kann man sich das Faxger\u00e4t sogar sparen. Die FritzBox hat auch eine eigene Fax Funktion, damit kann man dann jedes Dokument ganz einfach per Fax an die Firmen schicken, wenn diese es w\u00fcnschen.<br \/>\nUnd der Empfang von Faxen ist damit nat\u00fcrlich auch m\u00f6glich. Das Fax wird automatisch als Datei gespeichert und man spart sich das Einscannen, sofern man ein digitales B\u00fcro hat.<\/p>\n"},"status":"1"},{"id":284889,"parent":284878,"author":0,"author_name":"Blaberg","author_email":"blaberg@arcor.de","author_url":"","author_avatar_urls":{"24":"https:\/\/secure.gravatar.com\/avatar\/9cc77c3163efc965c1caa77e51bd7d961d520e46148fc4544ad7a4e593424b83?s=24&d=mm&r=g","48":"https:\/\/secure.gravatar.com\/avatar\/9cc77c3163efc965c1caa77e51bd7d961d520e46148fc4544ad7a4e593424b83?s=48&d=mm&r=g","96":"https:\/\/secure.gravatar.com\/avatar\/9cc77c3163efc965c1caa77e51bd7d961d520e46148fc4544ad7a4e593424b83?s=96&d=mm&r=g"},"date":"2024-09-26T11:16:21","cld_nonce":"a2168cecf9","content":{"rendered":"<p>Man kann sich auch mit der Fritzbox das FAX sparen, es ist M\u00fcll. Mein Gott, wenn es nur sowas wie eine PDF g\u00e4be. Und wenn diese PDFs verschl\u00fcsselbar w\u00e4ren, mit Passwort und AES. Mein Gott, dann k\u00f6nnte man aufh\u00f6ren einen Bl\u00f6dsinn wie DSGVO zu belabern und das unsicherste Medium &#8222;FAX&#8220; als Zombie am Leben zu halten.<\/p>\n<p>Wahnsinn was AES und PDF k\u00f6nnten, w\u00e4ren wir nicht in der Digital-\u00c4ra 1984.<\/p>\n"},"status":"1"},{"id":284892,"parent":0,"author":0,"author_name":"makkabaeus","author_email":"makkabaeus@t-online.de","author_url":"","author_avatar_urls":{"24":"https:\/\/secure.gravatar.com\/avatar\/d0919d733c48935675e74c2215d49fb1095f6920ebf28075075e08b1755d86ac?s=24&d=mm&r=g","48":"https:\/\/secure.gravatar.com\/avatar\/d0919d733c48935675e74c2215d49fb1095f6920ebf28075075e08b1755d86ac?s=48&d=mm&r=g","96":"https:\/\/secure.gravatar.com\/avatar\/d0919d733c48935675e74c2215d49fb1095f6920ebf28075075e08b1755d86ac?s=96&d=mm&r=g"},"date":"2024-09-26T12:01:26","cld_nonce":"a2168cecf9","content":{"rendered":"<p>Die Portoh\u00f6he w\u00e4re mir fast egal (Schmerzgrenze l\u00e4ge bei 1.50\u20ac), wenn wie es fr\u00fcher selbstverst\u00e4ndlich war, der Brief am n\u00e4chsten Werktag zugestellt w\u00fcrde. Momentan braucht ein Normalbrief 3-4 Tage. Auch so ein Beispiel daf\u00fcr, dass es in Deutschland steil bergab geht.  <\/p>\n<p><i>gepostet mit der <a href=\"https:\/\/play.google.com\/store\/apps\/details?id=com.deskmodder\" rel=\"nofollow ugc\">Deskmodder.de-App f\u00fcr Android<\/a><\/i><\/p>\n"},"status":"1"},{"id":284893,"parent":284892,"author":9003,"author_name":"chakko","author_email":"chakko071@gmail.com","author_url":"","author_avatar_urls":{"24":"https:\/\/secure.gravatar.com\/avatar\/ba463ca8c8d27462192094e65268b3d1241fa648f7398244caddec1590d68160?s=24&d=mm&r=g","48":"https:\/\/secure.gravatar.com\/avatar\/ba463ca8c8d27462192094e65268b3d1241fa648f7398244caddec1590d68160?s=48&d=mm&r=g","96":"https:\/\/secure.gravatar.com\/avatar\/ba463ca8c8d27462192094e65268b3d1241fa648f7398244caddec1590d68160?s=96&d=mm&r=g"},"date":"2024-09-26T12:11:04","cld_nonce":"a2168cecf9","content":{"rendered":"<p>Die immer h\u00f6her werdenden Preise sind aber ebenfalls ein Beispiel f\u00fcr diesen Niedergang. Eine hohe Inflation ist immer ein Anzeichen daf\u00fcr, dass etwas grunds\u00e4tzlich schief l\u00e4uft.<\/p>\n<p>Ist bei der Deutschen Post aber auch nicht erst seit gestern so. So lange ich mich erinnern kann kamen halbj\u00e4hrlich mindestens 5 Cent auf das Briefporto oben drauf.<\/p>\n"},"status":"1"},{"id":284895,"parent":284878,"author":0,"author_name":"Hermann","author_email":"hermann123@web.de","author_url":"","author_avatar_urls":{"24":"https:\/\/secure.gravatar.com\/avatar\/312f6ca78d414936e03ac20cf24d9624a611742bf385736f91f479ea57aab40a?s=24&d=mm&r=g","48":"https:\/\/secure.gravatar.com\/avatar\/312f6ca78d414936e03ac20cf24d9624a611742bf385736f91f479ea57aab40a?s=48&d=mm&r=g","96":"https:\/\/secure.gravatar.com\/avatar\/312f6ca78d414936e03ac20cf24d9624a611742bf385736f91f479ea57aab40a?s=96&d=mm&r=g"},"date":"2024-09-26T12:39:04","cld_nonce":"a2168cecf9","content":{"rendered":"<p>Unsinn! Versuch mal mit der FritzBox ein mehrseitiges Fax zu versenden. Das ist nur mit gro\u00dfem Aufwand m\u00f6glich und auch sehr fehlerbehaftet. Der Sendungsnachweis f\u00fcr das Fax wird nicht richtig angezeigt, weil dann ein paar Seiten fehlen, was die Faxfunktion f\u00fcr den Versand von Dokumenten obsolet macht und sicher kann man sich dann auch nicht sein, ob das dann so vollst\u00e4ndig angekommen ist, wie man es gewollt hatte.<\/p>\n<p>Eben typisch f\u00fcr AVM: Die Boxen k\u00f6nnen zwar alles, aber irgendwie nichts richtig.<\/p>\n"},"status":"1"},{"id":284906,"parent":284873,"author":0,"author_name":"Peter Christian","author_email":"petercnowak@outlook.de","author_url":"","author_avatar_urls":{"24":"https:\/\/secure.gravatar.com\/avatar\/9aa71cfec66a7d9ca43f1c5d1fea2616d14ae0dc98e5510144b26dba1da5ef4c?s=24&d=mm&r=g","48":"https:\/\/secure.gravatar.com\/avatar\/9aa71cfec66a7d9ca43f1c5d1fea2616d14ae0dc98e5510144b26dba1da5ef4c?s=48&d=mm&r=g","96":"https:\/\/secure.gravatar.com\/avatar\/9aa71cfec66a7d9ca43f1c5d1fea2616d14ae0dc98e5510144b26dba1da5ef4c?s=96&d=mm&r=g"},"date":"2024-09-26T15:59:17","cld_nonce":"a2168cecf9","content":{"rendered":"<p>Ich hatte k\u00fcrzlich jemanden kennengelernt, ausgerechnet auf der Funkausstellung in Berlin, der war Anwalt. Und ich wei\u00df nicht mehr genau, warum wir auf das Thema Briefe und Briefk\u00e4sten zu sprechen kamen. Wir haben es uns wohl mit der sozio\u00f6konomischen Situation mancher Menschen in Deutschland unterhalten. Er war Anwalt f\u00fcr Sozialrecht. Also kamen wir bei einer Tasse Kaffee vom H\u00f6lzchen aufs St\u00f6ckchen. Unter anderem erz\u00e4hlte er mir, dass viele seiner Klienten es nicht mehr wagen zum Briefkasten zu gehen, weil sie einfach einen Horror davor haben, dass irgendein Inkasso sie wieder anmahnen k\u00f6nnte wegen offener Rechnungen. V\u00f6llige \u00dcberschuldung sei auch ein Problem prek\u00e4rer Lohnverh\u00e4ltnisse. Eine Scheidung sei oft der Ausl\u00f6ser und exzessiver Alkoholeinfluss infolge dessen. Oder einfach \u201enur\u201c ein Verlust des Arbeitsplatzes. Ich stimmte ihm zu.  Der Anwalt sprach von einer \u201eBriefpostphobie\u201c, mit der sich viele Psychologen auseinandersetzen m\u00fcssen, weil diese ver\u00e4ngstigten Menschen vor eigenem Briefkasten immer h\u00e4ufiger in ihren Praxen aufschlagen w\u00fcrden. <\/p>\n<p>Ich gebe solchen Menschen Recht, wenn sie auch die Politik f\u00fcr manch unverschuldete Arbeitslosigkeit und vor allem den unfassbar d\u00e4mlichen Entscheidungen von bestimmten Politikern die Schuld an ihrem oft unl\u00f6sbaren Dilemma geben und dadurch in ein wirtschaftliches Dilemma gekommen sind. <\/p>\n<p>Politiker, so mein Eindruck, haben l\u00e4ngst die Wirklichkeit ihrer B\u00fcrger nicht mehr im Blick, sondern verfolgen lediglich ihre ideologisch verquere Ideologie, und ihre Geld- und Machtinteressen.<\/p>\n"},"status":"1"},{"id":284907,"parent":0,"author":0,"author_name":"Memfis","author_email":"markusbbw@gmx.de","author_url":"","author_avatar_urls":{"24":"https:\/\/secure.gravatar.com\/avatar\/f31b10abeaad820d1465f644339de50a01bbf35a9129c268b8e0e59c47a0bc29?s=24&d=mm&r=g","48":"https:\/\/secure.gravatar.com\/avatar\/f31b10abeaad820d1465f644339de50a01bbf35a9129c268b8e0e59c47a0bc29?s=48&d=mm&r=g","96":"https:\/\/secure.gravatar.com\/avatar\/f31b10abeaad820d1465f644339de50a01bbf35a9129c268b8e0e59c47a0bc29?s=96&d=mm&r=g"},"date":"2024-09-26T16:49:18","cld_nonce":"a2168cecf9","content":{"rendered":"<p>Entweder erh\u00f6ht man die Preise, weil viele etwas wollen und man es sich daher leisten kann oder man erh\u00f6ht die Preise, weil immer mehr etwas nicht mehr wollen und das einzelne damit &#8222;teurer&#8220; wird.<br \/>\nEine Begr\u00fcndung findet sich im Kapitalismus immer.<\/p>\n"},"status":"1"},{"id":284936,"parent":0,"author":9355,"author_name":"BBQ2023","author_email":"andi.ruder@public-files.de","author_url":"","author_avatar_urls":{"24":"https:\/\/secure.gravatar.com\/avatar\/d362bd58d3d57e67a15378604beb98af1ac42ed916716a7cf839cb0fa5487344?s=24&d=mm&r=g","48":"https:\/\/secure.gravatar.com\/avatar\/d362bd58d3d57e67a15378604beb98af1ac42ed916716a7cf839cb0fa5487344?s=48&d=mm&r=g","96":"https:\/\/secure.gravatar.com\/avatar\/d362bd58d3d57e67a15378604beb98af1ac42ed916716a7cf839cb0fa5487344?s=96&d=mm&r=g"},"date":"2024-09-26T21:56:05","cld_nonce":"a2168cecf9","content":{"rendered":"<p>Hier wurde an einem Verkehrs- und Kiezknotenpunkt aus mir unbekannten Gr\u00fcnden wieder einmal eine Poststation inkl. Paketshop dichtgemacht.<br \/>\nMit einem Einschreibenbrief m\u00fc\u00dfte ich ca. 20 min mit der \u00d6ffentlichen zum n\u00e4chsten POSTamt <img src=\"https:\/\/www.deskmodder.de\/blog\/wp-content\/plugins\/classic-smilies\/img\/icon_sad.gif\" alt=\":-(\" class=\"wp-smiley\" \/><\/p>\n<p>* garbage * + * megakopfsch\u00fcttel *<\/p>\n<p>Alternativ vielleicht ein Hermes-P\u00e4ckchen mit Empfangsbest\u00e4tigung &#8230; auch an eine Beh\u00f6rde ?<\/p>\n"},"status":"1"},{"id":284945,"parent":284874,"author":0,"author_name":"Michel Eyquem","author_email":"micheleyquem@protonmail.com","author_url":"","author_avatar_urls":{"24":"https:\/\/secure.gravatar.com\/avatar\/586e272f64ac0a1f1b8f5c543e18493022854bb1b1e248c825a5e0ea70356d87?s=24&d=mm&r=g","48":"https:\/\/secure.gravatar.com\/avatar\/586e272f64ac0a1f1b8f5c543e18493022854bb1b1e248c825a5e0ea70356d87?s=48&d=mm&r=g","96":"https:\/\/secure.gravatar.com\/avatar\/586e272f64ac0a1f1b8f5c543e18493022854bb1b1e248c825a5e0ea70356d87?s=96&d=mm&r=g"},"date":"2024-09-27T00:13:55","cld_nonce":"a2168cecf9","content":{"rendered":"<p>Es ist erschreckend wie ihr denkt&#8230; Anscheinend existiert alles auf dieser Welt damit irgendwelche &#8222;Investoren&#8220; etwas dabei abzocken k\u00f6nnen, oder, was ja heute normal zu sein scheint: dass sich alles rechnen muss.<\/p>\n<p>Es w\u00e4re prinzipiell Aufgabe des Staates ein f\u00fcr die Steuerzahler funktionierendes  Bildungssystem, Gesundheitssystem, Alten und Behinderten Pflege Versorgung und zB auch Postund Bahn eben diesen Steuerzahlern zur Verf\u00fcgung zu stellen!<\/p>\n<p>Ich spreche \u00fcbrigens nicht aus Eigeninteresse, ich zahle seit Jahrzehnten keine Steuern mehr ausser der Mehrwertsteuer beium Einkaufen, und falls du meinst ich sei der Einzige, der von dem ganzen Set Up die Schnauze voll hat, dann schau dir mal die Wahlergebnisse an.<br \/>\nDas Briefporto ist kein Problem, ich habe sowieso seit fast drei Jahrzehnten keinen Brief mehr verschickt. das Problem ist, dass wegen der Inkompetenz des Regierungsgesindels der letzten 19 Jahre bei jedem Problemchen jedesmal der Steuerzahler zur Kasse gebeten wird.<\/p>\n"},"status":"1"}],"wp_author":{"id":1525,"name":"W8U","description":"Technikliebhaber aus Niedersachsen und seit 2013 bei den Deskmoddern. Interessiert sich f\u00fcr (fast) alles, durch das Strom flie\u00dft: Computer, Smartphones, Tablets, Autos und so weiter.","author_avatar_urls":{"24":"https:\/\/secure.gravatar.com\/avatar\/a1e9db99fdd71a9ae2c516203e3fcd390817fa98f868eb9ba6d4a77d1a815cd4?s=24&d=mm&r=g","48":"https:\/\/secure.gravatar.com\/avatar\/a1e9db99fdd71a9ae2c516203e3fcd390817fa98f868eb9ba6d4a77d1a815cd4?s=48&d=mm&r=g","96":"https:\/\/secure.gravatar.com\/avatar\/a1e9db99fdd71a9ae2c516203e3fcd390817fa98f868eb9ba6d4a77d1a815cd4?s=96&d=mm&r=g"}},"cld_nonce":"a2168cecf9","yoast_head":"<!-- This site is optimized with the Yoast SEO Premium plugin v27.4 (Yoast SEO v27.4) - https:\/\/yoast.com\/product\/yoast-seo-premium-wordpress\/ -->\n<title>Deutsche Post\/DHL: Portoerh\u00f6hung steht bevor - Deskmodder.de<\/title>\n<meta name=\"robots\" content=\"index, follow, max-snippet:-1, max-image-preview:large, max-video-preview:-1\" \/>\n<link rel=\"canonical\" href=\"https:\/\/www.deskmodder.de\/blog\/2024\/09\/25\/deutsche-post-dhl-portierhoehung-steht-bevor\/\" \/>\n<meta property=\"og:locale\" content=\"de_DE\" \/>\n<meta property=\"og:type\" content=\"article\" \/>\n<meta property=\"og:title\" content=\"Deutsche Post\/DHL: Portoerh\u00f6hung steht bevor\" \/>\n<meta property=\"og:description\" content=\"Die Bundesnetzagentur (BNetzA) hat den Rahmen einer m\u00f6glichen Preiserh\u00f6hung f\u00fcr die Produkte der Deutschen Post AG abgesteckt.\u00a0Eingeflossen sind dabei die durchschnittliche Inflationsrate der letzten Jahre, der k\u00fcnftige R\u00fcckgang von Sendungsmengen und Kosten, die aufgrund regulierter Produkte anderen Brief- und Paketdienstleistern&hellip;\" \/>\n<meta property=\"og:url\" content=\"https:\/\/www.deskmodder.de\/blog\/2024\/09\/25\/deutsche-post-dhl-portierhoehung-steht-bevor\/\" \/>\n<meta property=\"og:site_name\" content=\"Deskmodder.de\" \/>\n<meta property=\"article:publisher\" content=\"https:\/\/www.facebook.com\/Deskmodder\" \/>\n<meta property=\"article:published_time\" content=\"2024-09-25T17:16:22+00:00\" \/>\n<meta property=\"article:modified_time\" content=\"2024-09-25T17:38:16+00:00\" \/>\n<meta property=\"og:image\" content=\"https:\/\/www.deskmodder.de\/blog\/wp-content\/uploads\/2014\/05\/dhl-paketkasten-20141.jpg\" \/>\n\t<meta property=\"og:image:width\" content=\"900\" \/>\n\t<meta property=\"og:image:height\" content=\"600\" \/>\n\t<meta property=\"og:image:type\" content=\"image\/jpeg\" \/>\n<meta name=\"author\" content=\"W8U\" \/>\n<meta name=\"twitter:card\" content=\"summary_large_image\" \/>\n<meta name=\"twitter:creator\" content=\"@Deskmodder\" \/>\n<meta name=\"twitter:site\" content=\"@Deskmodder\" \/>\n<script type=\"application\/ld+json\" class=\"yoast-schema-graph\">{\"@context\":\"https:\\\/\\\/schema.org\",\"@graph\":[{\"@type\":\"Article\",\"@id\":\"https:\\\/\\\/www.deskmodder.de\\\/blog\\\/2024\\\/09\\\/25\\\/deutsche-post-dhl-portierhoehung-steht-bevor\\\/#article\",\"isPartOf\":{\"@id\":\"https:\\\/\\\/www.deskmodder.de\\\/blog\\\/2024\\\/09\\\/25\\\/deutsche-post-dhl-portierhoehung-steht-bevor\\\/\"},\"author\":{\"name\":\"W8U\",\"@id\":\"https:\\\/\\\/www.deskmodder.de\\\/blog\\\/#\\\/schema\\\/person\\\/f3c70b4f4860c9fcc4c04057ed04f469\"},\"headline\":\"Deutsche Post\\\/DHL: Portoerh\u00f6hung steht bevor\",\"datePublished\":\"2024-09-25T17:16:22+00:00\",\"dateModified\":\"2024-09-25T17:38:16+00:00\",\"mainEntityOfPage\":{\"@id\":\"https:\\\/\\\/www.deskmodder.de\\\/blog\\\/2024\\\/09\\\/25\\\/deutsche-post-dhl-portierhoehung-steht-bevor\\\/\"},\"wordCount\":172,\"commentCount\":21,\"publisher\":{\"@id\":\"https:\\\/\\\/www.deskmodder.de\\\/blog\\\/#organization\"},\"image\":{\"@id\":\"https:\\\/\\\/www.deskmodder.de\\\/blog\\\/2024\\\/09\\\/25\\\/deutsche-post-dhl-portierhoehung-steht-bevor\\\/#primaryimage\"},\"thumbnailUrl\":\"https:\\\/\\\/www.deskmodder.de\\\/blog\\\/wp-content\\\/uploads\\\/2014\\\/05\\\/dhl-paketkasten-20141.jpg\",\"keywords\":[\"Bundesnetzagentur\",\"dhl\",\"Erh\u00f6hung\",\"Porti\",\"Porto\"],\"inLanguage\":\"de\",\"potentialAction\":[{\"@type\":\"CommentAction\",\"name\":\"Comment\",\"target\":[\"https:\\\/\\\/www.deskmodder.de\\\/blog\\\/2024\\\/09\\\/25\\\/deutsche-post-dhl-portierhoehung-steht-bevor\\\/#respond\"]}],\"copyrightYear\":\"2024\",\"copyrightHolder\":{\"@id\":\"https:\\\/\\\/www.deskmodder.de\\\/blog\\\/#organization\"}},{\"@type\":\"WebPage\",\"@id\":\"https:\\\/\\\/www.deskmodder.de\\\/blog\\\/2024\\\/09\\\/25\\\/deutsche-post-dhl-portierhoehung-steht-bevor\\\/\",\"url\":\"https:\\\/\\\/www.deskmodder.de\\\/blog\\\/2024\\\/09\\\/25\\\/deutsche-post-dhl-portierhoehung-steht-bevor\\\/\",\"name\":\"Deutsche Post\\\/DHL: Portoerh\u00f6hung steht bevor - Deskmodder.de\",\"isPartOf\":{\"@id\":\"https:\\\/\\\/www.deskmodder.de\\\/blog\\\/#website\"},\"primaryImageOfPage\":{\"@id\":\"https:\\\/\\\/www.deskmodder.de\\\/blog\\\/2024\\\/09\\\/25\\\/deutsche-post-dhl-portierhoehung-steht-bevor\\\/#primaryimage\"},\"image\":{\"@id\":\"https:\\\/\\\/www.deskmodder.de\\\/blog\\\/2024\\\/09\\\/25\\\/deutsche-post-dhl-portierhoehung-steht-bevor\\\/#primaryimage\"},\"thumbnailUrl\":\"https:\\\/\\\/www.deskmodder.de\\\/blog\\\/wp-content\\\/uploads\\\/2014\\\/05\\\/dhl-paketkasten-20141.jpg\",\"datePublished\":\"2024-09-25T17:16:22+00:00\",\"dateModified\":\"2024-09-25T17:38:16+00:00\",\"breadcrumb\":{\"@id\":\"https:\\\/\\\/www.deskmodder.de\\\/blog\\\/2024\\\/09\\\/25\\\/deutsche-post-dhl-portierhoehung-steht-bevor\\\/#breadcrumb\"},\"inLanguage\":\"de\",\"potentialAction\":[{\"@type\":\"ReadAction\",\"target\":[\"https:\\\/\\\/www.deskmodder.de\\\/blog\\\/2024\\\/09\\\/25\\\/deutsche-post-dhl-portierhoehung-steht-bevor\\\/\"]}]},{\"@type\":\"ImageObject\",\"inLanguage\":\"de\",\"@id\":\"https:\\\/\\\/www.deskmodder.de\\\/blog\\\/2024\\\/09\\\/25\\\/deutsche-post-dhl-portierhoehung-steht-bevor\\\/#primaryimage\",\"url\":\"https:\\\/\\\/www.deskmodder.de\\\/blog\\\/wp-content\\\/uploads\\\/2014\\\/05\\\/dhl-paketkasten-20141.jpg\",\"contentUrl\":\"https:\\\/\\\/www.deskmodder.de\\\/blog\\\/wp-content\\\/uploads\\\/2014\\\/05\\\/dhl-paketkasten-20141.jpg\",\"width\":900,\"height\":600},{\"@type\":\"BreadcrumbList\",\"@id\":\"https:\\\/\\\/www.deskmodder.de\\\/blog\\\/2024\\\/09\\\/25\\\/deutsche-post-dhl-portierhoehung-steht-bevor\\\/#breadcrumb\",\"itemListElement\":[{\"@type\":\"ListItem\",\"position\":1,\"name\":\"Startseite\",\"item\":\"https:\\\/\\\/www.deskmodder.de\\\/blog\\\/\"},{\"@type\":\"ListItem\",\"position\":2,\"name\":\"Deutsche Post\\\/DHL: Portoerh\u00f6hung steht bevor\"}]},{\"@type\":\"WebSite\",\"@id\":\"https:\\\/\\\/www.deskmodder.de\\\/blog\\\/#website\",\"url\":\"https:\\\/\\\/www.deskmodder.de\\\/blog\\\/\",\"name\":\"Deskmodder.de\",\"description\":\"News zum Thema Microsoft, Windows 11 \\\/ 10, sowie anderen Neuigkeiten aus dem Netz, viele Tipps und individuelle Hilfe bei Problemen in unserem Forum \u25cf Deskmodder - seit 2003\",\"publisher\":{\"@id\":\"https:\\\/\\\/www.deskmodder.de\\\/blog\\\/#organization\"},\"potentialAction\":[{\"@type\":\"SearchAction\",\"target\":{\"@type\":\"EntryPoint\",\"urlTemplate\":\"https:\\\/\\\/www.deskmodder.de\\\/blog\\\/?s={search_term_string}\"},\"query-input\":{\"@type\":\"PropertyValueSpecification\",\"valueRequired\":true,\"valueName\":\"search_term_string\"}}],\"inLanguage\":\"de\"},{\"@type\":\"Organization\",\"@id\":\"https:\\\/\\\/www.deskmodder.de\\\/blog\\\/#organization\",\"name\":\"Deskmodder\",\"url\":\"https:\\\/\\\/www.deskmodder.de\\\/blog\\\/\",\"logo\":{\"@type\":\"ImageObject\",\"inLanguage\":\"de\",\"@id\":\"https:\\\/\\\/www.deskmodder.de\\\/blog\\\/#\\\/schema\\\/logo\\\/image\\\/\",\"url\":\"https:\\\/\\\/www.deskmodder.de\\\/blog\\\/wp-content\\\/uploads\\\/2019\\\/01\\\/deskmodder-logo-app.png\",\"contentUrl\":\"https:\\\/\\\/www.deskmodder.de\\\/blog\\\/wp-content\\\/uploads\\\/2019\\\/01\\\/deskmodder-logo-app.png\",\"width\":281,\"height\":286,\"caption\":\"Deskmodder\"},\"image\":{\"@id\":\"https:\\\/\\\/www.deskmodder.de\\\/blog\\\/#\\\/schema\\\/logo\\\/image\\\/\"},\"sameAs\":[\"https:\\\/\\\/www.facebook.com\\\/Deskmodder\",\"https:\\\/\\\/x.com\\\/Deskmodder\",\"https:\\\/\\\/mastodontech.de\\\/@Deskmodder\",\"https:\\\/\\\/www.youtube.com\\\/user\\\/deskmodder\",\"https:\\\/\\\/mewe.com\\\/group\\\/5c83b5231add826fc80cdae1\"]},{\"@type\":\"Person\",\"@id\":\"https:\\\/\\\/www.deskmodder.de\\\/blog\\\/#\\\/schema\\\/person\\\/f3c70b4f4860c9fcc4c04057ed04f469\",\"name\":\"W8U\",\"image\":{\"@type\":\"ImageObject\",\"inLanguage\":\"de\",\"@id\":\"https:\\\/\\\/secure.gravatar.com\\\/avatar\\\/a1e9db99fdd71a9ae2c516203e3fcd390817fa98f868eb9ba6d4a77d1a815cd4?s=96&d=mm&r=g\",\"url\":\"https:\\\/\\\/secure.gravatar.com\\\/avatar\\\/a1e9db99fdd71a9ae2c516203e3fcd390817fa98f868eb9ba6d4a77d1a815cd4?s=96&d=mm&r=g\",\"contentUrl\":\"https:\\\/\\\/secure.gravatar.com\\\/avatar\\\/a1e9db99fdd71a9ae2c516203e3fcd390817fa98f868eb9ba6d4a77d1a815cd4?s=96&d=mm&r=g\",\"caption\":\"W8U\"},\"description\":\"Technikliebhaber aus Niedersachsen und seit 2013 bei den Deskmoddern. Interessiert sich f\u00fcr (fast) alles, durch das Strom flie\u00dft: Computer, Smartphones, Tablets, Autos und so weiter.\",\"url\":\"https:\\\/\\\/www.deskmodder.de\\\/blog\\\/author\\\/w8u\\\/\"}]}<\/script>\n<!-- \/ Yoast SEO Premium plugin. -->","yoast_head_json":{"title":"Deutsche Post\/DHL: Portoerh\u00f6hung steht bevor - Deskmodder.de","robots":{"index":"index","follow":"follow","max-snippet":"max-snippet:-1","max-image-preview":"max-image-preview:large","max-video-preview":"max-video-preview:-1"},"canonical":"https:\/\/www.deskmodder.de\/blog\/2024\/09\/25\/deutsche-post-dhl-portierhoehung-steht-bevor\/","og_locale":"de_DE","og_type":"article","og_title":"Deutsche Post\/DHL: Portoerh\u00f6hung steht bevor","og_description":"Die Bundesnetzagentur (BNetzA) hat den Rahmen einer m\u00f6glichen Preiserh\u00f6hung f\u00fcr die Produkte der Deutschen Post AG abgesteckt.\u00a0Eingeflossen sind dabei die durchschnittliche Inflationsrate der letzten Jahre, der k\u00fcnftige R\u00fcckgang von Sendungsmengen und Kosten, die aufgrund regulierter Produkte anderen Brief- und Paketdienstleistern&hellip;","og_url":"https:\/\/www.deskmodder.de\/blog\/2024\/09\/25\/deutsche-post-dhl-portierhoehung-steht-bevor\/","og_site_name":"Deskmodder.de","article_publisher":"https:\/\/www.facebook.com\/Deskmodder","article_published_time":"2024-09-25T17:16:22+00:00","article_modified_time":"2024-09-25T17:38:16+00:00","og_image":[{"width":900,"height":600,"url":"https:\/\/www.deskmodder.de\/blog\/wp-content\/uploads\/2014\/05\/dhl-paketkasten-20141.jpg","type":"image\/jpeg"}],"author":"W8U","twitter_card":"summary_large_image","twitter_creator":"@Deskmodder","twitter_site":"@Deskmodder","schema":{"@context":"https:\/\/schema.org","@graph":[{"@type":"Article","@id":"https:\/\/www.deskmodder.de\/blog\/2024\/09\/25\/deutsche-post-dhl-portierhoehung-steht-bevor\/#article","isPartOf":{"@id":"https:\/\/www.deskmodder.de\/blog\/2024\/09\/25\/deutsche-post-dhl-portierhoehung-steht-bevor\/"},"author":{"name":"W8U","@id":"https:\/\/www.deskmodder.de\/blog\/#\/schema\/person\/f3c70b4f4860c9fcc4c04057ed04f469"},"headline":"Deutsche Post\/DHL: Portoerh\u00f6hung steht bevor","datePublished":"2024-09-25T17:16:22+00:00","dateModified":"2024-09-25T17:38:16+00:00","mainEntityOfPage":{"@id":"https:\/\/www.deskmodder.de\/blog\/2024\/09\/25\/deutsche-post-dhl-portierhoehung-steht-bevor\/"},"wordCount":172,"commentCount":21,"publisher":{"@id":"https:\/\/www.deskmodder.de\/blog\/#organization"},"image":{"@id":"https:\/\/www.deskmodder.de\/blog\/2024\/09\/25\/deutsche-post-dhl-portierhoehung-steht-bevor\/#primaryimage"},"thumbnailUrl":"https:\/\/www.deskmodder.de\/blog\/wp-content\/uploads\/2014\/05\/dhl-paketkasten-20141.jpg","keywords":["Bundesnetzagentur","dhl","Erh\u00f6hung","Porti","Porto"],"inLanguage":"de","potentialAction":[{"@type":"CommentAction","name":"Comment","target":["https:\/\/www.deskmodder.de\/blog\/2024\/09\/25\/deutsche-post-dhl-portierhoehung-steht-bevor\/#respond"]}],"copyrightYear":"2024","copyrightHolder":{"@id":"https:\/\/www.deskmodder.de\/blog\/#organization"}},{"@type":"WebPage","@id":"https:\/\/www.deskmodder.de\/blog\/2024\/09\/25\/deutsche-post-dhl-portierhoehung-steht-bevor\/","url":"https:\/\/www.deskmodder.de\/blog\/2024\/09\/25\/deutsche-post-dhl-portierhoehung-steht-bevor\/","name":"Deutsche Post\/DHL: Portoerh\u00f6hung steht bevor - Deskmodder.de","isPartOf":{"@id":"https:\/\/www.deskmodder.de\/blog\/#website"},"primaryImageOfPage":{"@id":"https:\/\/www.deskmodder.de\/blog\/2024\/09\/25\/deutsche-post-dhl-portierhoehung-steht-bevor\/#primaryimage"},"image":{"@id":"https:\/\/www.deskmodder.de\/blog\/2024\/09\/25\/deutsche-post-dhl-portierhoehung-steht-bevor\/#primaryimage"},"thumbnailUrl":"https:\/\/www.deskmodder.de\/blog\/wp-content\/uploads\/2014\/05\/dhl-paketkasten-20141.jpg","datePublished":"2024-09-25T17:16:22+00:00","dateModified":"2024-09-25T17:38:16+00:00","breadcrumb":{"@id":"https:\/\/www.deskmodder.de\/blog\/2024\/09\/25\/deutsche-post-dhl-portierhoehung-steht-bevor\/#breadcrumb"},"inLanguage":"de","potentialAction":[{"@type":"ReadAction","target":["https:\/\/www.deskmodder.de\/blog\/2024\/09\/25\/deutsche-post-dhl-portierhoehung-steht-bevor\/"]}]},{"@type":"ImageObject","inLanguage":"de","@id":"https:\/\/www.deskmodder.de\/blog\/2024\/09\/25\/deutsche-post-dhl-portierhoehung-steht-bevor\/#primaryimage","url":"https:\/\/www.deskmodder.de\/blog\/wp-content\/uploads\/2014\/05\/dhl-paketkasten-20141.jpg","contentUrl":"https:\/\/www.deskmodder.de\/blog\/wp-content\/uploads\/2014\/05\/dhl-paketkasten-20141.jpg","width":900,"height":600},{"@type":"BreadcrumbList","@id":"https:\/\/www.deskmodder.de\/blog\/2024\/09\/25\/deutsche-post-dhl-portierhoehung-steht-bevor\/#breadcrumb","itemListElement":[{"@type":"ListItem","position":1,"name":"Startseite","item":"https:\/\/www.deskmodder.de\/blog\/"},{"@type":"ListItem","position":2,"name":"Deutsche Post\/DHL: Portoerh\u00f6hung steht bevor"}]},{"@type":"WebSite","@id":"https:\/\/www.deskmodder.de\/blog\/#website","url":"https:\/\/www.deskmodder.de\/blog\/","name":"Deskmodder.de","description":"News zum Thema Microsoft, Windows 11 \/ 10, sowie anderen Neuigkeiten aus dem Netz, viele Tipps und individuelle Hilfe bei Problemen in unserem Forum \u25cf Deskmodder - seit 2003","publisher":{"@id":"https:\/\/www.deskmodder.de\/blog\/#organization"},"potentialAction":[{"@type":"SearchAction","target":{"@type":"EntryPoint","urlTemplate":"https:\/\/www.deskmodder.de\/blog\/?s={search_term_string}"},"query-input":{"@type":"PropertyValueSpecification","valueRequired":true,"valueName":"search_term_string"}}],"inLanguage":"de"},{"@type":"Organization","@id":"https:\/\/www.deskmodder.de\/blog\/#organization","name":"Deskmodder","url":"https:\/\/www.deskmodder.de\/blog\/","logo":{"@type":"ImageObject","inLanguage":"de","@id":"https:\/\/www.deskmodder.de\/blog\/#\/schema\/logo\/image\/","url":"https:\/\/www.deskmodder.de\/blog\/wp-content\/uploads\/2019\/01\/deskmodder-logo-app.png","contentUrl":"https:\/\/www.deskmodder.de\/blog\/wp-content\/uploads\/2019\/01\/deskmodder-logo-app.png","width":281,"height":286,"caption":"Deskmodder"},"image":{"@id":"https:\/\/www.deskmodder.de\/blog\/#\/schema\/logo\/image\/"},"sameAs":["https:\/\/www.facebook.com\/Deskmodder","https:\/\/x.com\/Deskmodder","https:\/\/mastodontech.de\/@Deskmodder","https:\/\/www.youtube.com\/user\/deskmodder","https:\/\/mewe.com\/group\/5c83b5231add826fc80cdae1"]},{"@type":"Person","@id":"https:\/\/www.deskmodder.de\/blog\/#\/schema\/person\/f3c70b4f4860c9fcc4c04057ed04f469","name":"W8U","image":{"@type":"ImageObject","inLanguage":"de","@id":"https:\/\/secure.gravatar.com\/avatar\/a1e9db99fdd71a9ae2c516203e3fcd390817fa98f868eb9ba6d4a77d1a815cd4?s=96&d=mm&r=g","url":"https:\/\/secure.gravatar.com\/avatar\/a1e9db99fdd71a9ae2c516203e3fcd390817fa98f868eb9ba6d4a77d1a815cd4?s=96&d=mm&r=g","contentUrl":"https:\/\/secure.gravatar.com\/avatar\/a1e9db99fdd71a9ae2c516203e3fcd390817fa98f868eb9ba6d4a77d1a815cd4?s=96&d=mm&r=g","caption":"W8U"},"description":"Technikliebhaber aus Niedersachsen und seit 2013 bei den Deskmoddern. Interessiert sich f\u00fcr (fast) alles, durch das Strom flie\u00dft: Computer, Smartphones, Tablets, Autos und so weiter.","url":"https:\/\/www.deskmodder.de\/blog\/author\/w8u\/"}]}},"jetpack_publicize_connections":[],"jetpack_featured_media_url":"https:\/\/www.deskmodder.de\/blog\/wp-content\/uploads\/2014\/05\/dhl-paketkasten-20141.jpg","_links":{"self":[{"href":"https:\/\/www.deskmodder.de\/blog\/wp-json\/wp\/v2\/posts\/192886","targetHints":{"allow":["GET"]}}],"collection":[{"href":"https:\/\/www.deskmodder.de\/blog\/wp-json\/wp\/v2\/posts"}],"about":[{"href":"https:\/\/www.deskmodder.de\/blog\/wp-json\/wp\/v2\/types\/post"}],"author":[{"embeddable":true,"href":"https:\/\/www.deskmodder.de\/blog\/wp-json\/wp\/v2\/users\/1525"}],"replies":[{"embeddable":true,"href":"https:\/\/www.deskmodder.de\/blog\/wp-json\/wp\/v2\/comments?post=192886"}],"version-history":[{"count":3,"href":"https:\/\/www.deskmodder.de\/blog\/wp-json\/wp\/v2\/posts\/192886\/revisions"}],"predecessor-version":[{"id":192889,"href":"https:\/\/www.deskmodder.de\/blog\/wp-json\/wp\/v2\/posts\/192886\/revisions\/192889"}],"wp:featuredmedia":[{"embeddable":true,"href":"https:\/\/www.deskmodder.de\/blog\/wp-json\/wp\/v2\/media\/25541"}],"wp:attachment":[{"href":"https:\/\/www.deskmodder.de\/blog\/wp-json\/wp\/v2\/media?parent=192886"}],"wp:term":[{"taxonomy":"category","embeddable":true,"href":"https:\/\/www.deskmodder.de\/blog\/wp-json\/wp\/v2\/categories?post=192886"},{"taxonomy":"post_tag","embeddable":true,"href":"https:\/\/www.deskmodder.de\/blog\/wp-json\/wp\/v2\/tags?post=192886"}],"curies":[{"name":"wp","href":"https:\/\/api.w.org\/{rel}","templated":true}]}}