{"id":192693,"date":"2024-09-18T14:44:17","date_gmt":"2024-09-18T12:44:17","guid":{"rendered":"https:\/\/www.deskmodder.de\/blog\/?p=192693"},"modified":"2024-09-18T14:44:17","modified_gmt":"2024-09-18T12:44:17","slug":"apple-kuendigt-fahrplan-fuer-apple-intelligence-in-der-eu-an","status":"publish","type":"post","link":"https:\/\/www.deskmodder.de\/blog\/2024\/09\/18\/apple-kuendigt-fahrplan-fuer-apple-intelligence-in-der-eu-an\/","title":{"rendered":"Apple k\u00fcndigt Fahrplan f\u00fcr &#8222;Apple Intelligence&#8220; in der EU an"},"content":{"rendered":"<p>Apple hat nun einen Fahrplan f\u00fcr die Einf\u00fchrung seines KI-Dienstes &#8222;Apple Intelligence&#8220; in der Europ\u00e4ischen Union ver\u00f6ffentlicht. Nachdem das Unternehmen zuvor noch keine konkreten Informationen aufgrund der strengen EU-Regularien geben konnte, gibt es nun Neuigkeiten. Der Dienst, der auf der Technologie von OpenAI\u2019s ChatGPT basiert, wird voraussichtlich im Herbst 2024 in der EU starten. Allerdings gibt es Einschr\u00e4nkungen, sowohl in Bezug auf die unterst\u00fctzten Ger\u00e4te als auch auf die verf\u00fcgbaren Sprachen.<\/p>\n<figure id=\"attachment_192355\" aria-describedby=\"caption-attachment-192355\" style=\"width: 500px\" class=\"wp-caption aligncenter\"><a href=\"https:\/\/www.deskmodder.de\/blog\/wp-content\/uploads\/2024\/09\/1-apple-event-september-9-21.jpeg\" rel=\"lightbox[192693]\"><img loading=\"lazy\" decoding=\"async\" class=\"size-medium wp-image-192355\" src=\"https:\/\/www.deskmodder.de\/blog\/wp-content\/uploads\/2024\/09\/1-apple-event-september-9-21-500x281.jpeg\" alt=\"\" width=\"500\" height=\"281\" srcset=\"https:\/\/www.deskmodder.de\/blog\/wp-content\/uploads\/2024\/09\/1-apple-event-september-9-21-500x281.jpeg 500w, https:\/\/www.deskmodder.de\/blog\/wp-content\/uploads\/2024\/09\/1-apple-event-september-9-21-810x456.jpeg 810w, https:\/\/www.deskmodder.de\/blog\/wp-content\/uploads\/2024\/09\/1-apple-event-september-9-21-306x172.jpeg 306w, https:\/\/www.deskmodder.de\/blog\/wp-content\/uploads\/2024\/09\/1-apple-event-september-9-21-1536x864.jpeg 1536w, https:\/\/www.deskmodder.de\/blog\/wp-content\/uploads\/2024\/09\/1-apple-event-september-9-21.jpeg 1920w\" sizes=\"auto, (max-width: 500px) 100vw, 500px\" \/><\/a><figcaption id=\"caption-attachment-192355\" class=\"wp-caption-text\">Apple kooperiert f\u00fcr Apple Intelligence mit OpenAI. Logo: Apple<\/figcaption><\/figure>\n<h2>Exklusiv f\u00fcr macOS \u2013 vorerst<\/h2>\n<p>Zum Start wird Apple Intelligence <a href=\"https:\/\/www.deskmodder.de\/blog\/2024\/06\/21\/apple-intelligence-kommt-vorerst-nicht-nach-europa\/\">in der EU ausschlie\u00dflich f\u00fcr Nutzer<\/a> von unterst\u00fctzten macOS-Ger\u00e4ten verf\u00fcgbar sein. iPhone- und iPad-Nutzer werden zun\u00e4chst au\u00dfen vor bleiben. Grund daf\u00fcr sind die Vorschriften des Digital Markets Act (DMA), die verhindern, dass der Dienst sofort auf allen Plattformen von Apple freigeschaltet wird. Das Unternehmen plant jedoch, Apple Intelligence &#8222;baldm\u00f6glichst&#8220; auch f\u00fcr diese Ger\u00e4te bereitzustellen, sobald die regulatorischen H\u00fcrden \u00fcberwunden sind.<\/p>\n<h2>Englisch als einzige Sprache zum Start<\/h2>\n<p>Zum Zeitpunkt der Markteinf\u00fchrung wird Apple Intelligence nur in englischer Sprache verf\u00fcgbar sein. Weitere Sprachen, darunter Deutsch, Chinesisch, Franz\u00f6sisch und Spanisch, sollen erst im Jahr 2025 nachgereicht werden. Obwohl Deutsch auf der j\u00fcngsten Apple-Keynote nicht ausdr\u00fccklich erw\u00e4hnt wurde, wird es dennoch als wichtige Erg\u00e4nzung betrachtet, vor allem in L\u00e4ndern wie Deutschland, der Schweiz und Namibia, wo Deutsch als Amtssprache relevant ist.<\/p>\n<h2>Ver\u00f6ffentlichung zusammen mit iOS und macOS Updates<\/h2>\n<p>Die erste \u00f6ffentliche Version von Apple Intelligence wird zeitgleich mit den neuen Betriebssystem-Updates iOS 18.1, iPadOS 18.1 und macOS 15.1 erscheinen. Der genaue Releasetermin steht noch aus, doch es wird erwartet, dass dieser im Herbst erfolgt. Am gestrigen Abend ver\u00f6ffentliche das Unternehmen so bereits die vierte Developer-Beta der aktuellen Beta-Updates.<\/p>\n","protected":false},"excerpt":{"rendered":"<p>Apple hat nun einen Fahrplan f\u00fcr die Einf\u00fchrung seines KI-Dienstes &#8222;Apple Intelligence&#8220; in der Europ\u00e4ischen Union ver\u00f6ffentlicht. Nachdem das Unternehmen zuvor noch keine konkreten Informationen aufgrund der strengen EU-Regularien geben konnte, gibt es nun Neuigkeiten. Der Dienst, der auf der&hellip; <\/p>\n","protected":false},"author":4894,"featured_media":192355,"comment_status":"open","ping_status":"open","sticky":false,"template":"","format":"standard","meta":{"jetpack_post_was_ever_published":false,"footnotes":"","jetpack_publicize_message":"","jetpack_publicize_feature_enabled":true,"jetpack_social_post_already_shared":false,"jetpack_social_options":{"image_generator_settings":{"template":"highway","default_image_id":0,"font":"","enabled":false},"version":2}},"categories":[232,9],"tags":[98,89169,85020,88215,4486,9746,90083,2445,63702,90084,1125,9739,96,90085,85022],"class_list":["post-192693","post","type-post","status-publish","format-standard","has-post-thumbnail","hentry","category-ios","category-mac","tag-apple","tag-apple-intelligence","tag-chatgpt","tag-dma","tag-eu","tag-ios","tag-ios-18-1","tag-ipad","tag-ipados","tag-ipados-18-1","tag-iphone","tag-mac","tag-macos","tag-macos-15-1","tag-openai"],"wp_featured_image":{"id":192355,"alt_text":"","description":"","media_type":"image","media_details":{"width":1920,"height":1080,"file":"2024\/09\/1-apple-event-september-9-21.jpeg","filesize":192522,"sizes":{"medium":{"file":"1-apple-event-september-9-21-500x281.jpeg","width":500,"height":281,"mime-type":"image\/jpeg","filesize":9712,"source_url":"https:\/\/www.deskmodder.de\/blog\/wp-content\/uploads\/2024\/09\/1-apple-event-september-9-21-500x281.jpeg"},"large":{"file":"1-apple-event-september-9-21-810x456.jpeg","width":810,"height":456,"mime-type":"image\/jpeg","filesize":18117,"source_url":"https:\/\/www.deskmodder.de\/blog\/wp-content\/uploads\/2024\/09\/1-apple-event-september-9-21-810x456.jpeg"},"thumbnail":{"file":"1-apple-event-september-9-21-306x172.jpeg","width":306,"height":172,"mime-type":"image\/jpeg","filesize":4747,"source_url":"https:\/\/www.deskmodder.de\/blog\/wp-content\/uploads\/2024\/09\/1-apple-event-september-9-21-306x172.jpeg"},"1536x1536":{"file":"1-apple-event-september-9-21-1536x864.jpeg","width":1536,"height":864,"mime-type":"image\/jpeg","filesize":44544,"source_url":"https:\/\/www.deskmodder.de\/blog\/wp-content\/uploads\/2024\/09\/1-apple-event-september-9-21-1536x864.jpeg"},"blog-large":{"file":"1-apple-event-september-9-21-642x300.jpeg","width":642,"height":300,"mime-type":"image\/jpeg","filesize":12946,"source_url":"https:\/\/www.deskmodder.de\/blog\/wp-content\/uploads\/2024\/09\/1-apple-event-september-9-21-642x300.jpeg"},"blog-medium":{"file":"1-apple-event-september-9-21-306x205.jpeg","width":306,"height":205,"mime-type":"image\/jpeg","filesize":6156,"source_url":"https:\/\/www.deskmodder.de\/blog\/wp-content\/uploads\/2024\/09\/1-apple-event-september-9-21-306x205.jpeg"},"recent-thumb":{"file":"1-apple-event-september-9-21-350x316.jpeg","width":350,"height":316,"mime-type":"image\/jpeg","filesize":9466,"source_url":"https:\/\/www.deskmodder.de\/blog\/wp-content\/uploads\/2024\/09\/1-apple-event-september-9-21-350x316.jpeg"},"service-featured":{"file":"1-apple-event-september-9-21-600x330.jpeg","width":600,"height":330,"mime-type":"image\/jpeg","filesize":12316,"source_url":"https:\/\/www.deskmodder.de\/blog\/wp-content\/uploads\/2024\/09\/1-apple-event-september-9-21-600x330.jpeg"}},"image_meta":{"aperture":"0","credit":"","camera":"","caption":"","created_timestamp":"0","copyright":"","focal_length":"0","iso":"0","shutter_speed":"0","title":"","orientation":"0","keywords":[]}},"post":192354,"source_url":"https:\/\/www.deskmodder.de\/blog\/wp-content\/uploads\/2024\/09\/1-apple-event-september-9-21.jpeg"},"commentcount":11,"wp_comments":[{"id":284307,"parent":0,"author":0,"author_name":"As","author_email":"deskmodder.awhile145@simplelogin.com","author_url":"","author_avatar_urls":{"24":"https:\/\/secure.gravatar.com\/avatar\/99acd9fa573b4778b3a259f04c420afc31e9484ae565e41a0ebc0ea673db3540?s=24&d=mm&r=g","48":"https:\/\/secure.gravatar.com\/avatar\/99acd9fa573b4778b3a259f04c420afc31e9484ae565e41a0ebc0ea673db3540?s=48&d=mm&r=g","96":"https:\/\/secure.gravatar.com\/avatar\/99acd9fa573b4778b3a259f04c420afc31e9484ae565e41a0ebc0ea673db3540?s=96&d=mm&r=g"},"date":"2024-09-19T09:44:14","cld_nonce":"a2168cecf9","content":{"rendered":"<p>Namibia als wichtiges strategisches Ziel von Apple? Kontrolliert von euch eigentlich jemand die von ChatGPT generierten Texte?<\/p>\n"},"status":"1"},{"id":284309,"parent":284307,"author":134,"author_name":"moinmoin","author_email":"moin-moin@hab-verschlafen.de","author_url":"","author_avatar_urls":{"24":"https:\/\/secure.gravatar.com\/avatar\/fab96769102f8886245ab411df9a42a235be79261e4b44aa7ab2a555da8b86b4?s=24&d=mm&r=g","48":"https:\/\/secure.gravatar.com\/avatar\/fab96769102f8886245ab411df9a42a235be79261e4b44aa7ab2a555da8b86b4?s=48&d=mm&r=g","96":"https:\/\/secure.gravatar.com\/avatar\/fab96769102f8886245ab411df9a42a235be79261e4b44aa7ab2a555da8b86b4?s=96&d=mm&r=g"},"date":"2024-09-19T09:53:41","cld_nonce":"a2168cecf9","content":{"rendered":"<p>Lese bitte den Satz richtig. Dort steht nichts von &#8222;Namibia als wichtiges strategisches Ziel&#8220;<\/p>\n"},"status":"1"},{"id":284321,"parent":284307,"author":4894,"author_name":"Wagener_bjoern","author_email":"wagener.bjoern.max@mailbox.org","author_url":"","author_avatar_urls":{"24":"https:\/\/secure.gravatar.com\/avatar\/faab38a98808dff100d6876904ec74377b3897ebbe844221f011f24bf665bd16?s=24&d=mm&r=g","48":"https:\/\/secure.gravatar.com\/avatar\/faab38a98808dff100d6876904ec74377b3897ebbe844221f011f24bf665bd16?s=48&d=mm&r=g","96":"https:\/\/secure.gravatar.com\/avatar\/faab38a98808dff100d6876904ec74377b3897ebbe844221f011f24bf665bd16?s=96&d=mm&r=g"},"date":"2024-09-19T12:43:06","cld_nonce":"a2168cecf9","content":{"rendered":"<p>Neben der Schweiz habe ich Namibia einfach nur als Land angegeben, in welchem auch teils deutsch gesprochen wird. Und w\u00e4re es ein ChatGPT-generierter Text, w\u00e4re es entsprechend gekennzeichnet.<\/p>\n"},"status":"1"},{"id":284339,"parent":284321,"author":0,"author_name":"Me Sa","author_email":"planet-fasern-0f@icloud.com","author_url":"","author_avatar_urls":{"24":"https:\/\/secure.gravatar.com\/avatar\/622f914519c2f8ca943539ea3e999e7ca67258685f5a388759eceaed1c0f3b7b?s=24&d=mm&r=g","48":"https:\/\/secure.gravatar.com\/avatar\/622f914519c2f8ca943539ea3e999e7ca67258685f5a388759eceaed1c0f3b7b?s=48&d=mm&r=g","96":"https:\/\/secure.gravatar.com\/avatar\/622f914519c2f8ca943539ea3e999e7ca67258685f5a388759eceaed1c0f3b7b?s=96&d=mm&r=g"},"date":"2024-09-19T15:03:54","cld_nonce":"a2168cecf9","content":{"rendered":"<p>Namibia ist erw\u00e4hnt, aber \u00d6sterreich nicht, das finde ich etwas eigenartig..!?<\/p>\n"},"status":"1"},{"id":284345,"parent":284339,"author":0,"author_name":"Du ich","author_email":"bertivogts@mms.de","author_url":"","author_avatar_urls":{"24":"https:\/\/secure.gravatar.com\/avatar\/972a3499ecfaec9af40ba0fda4d2e3d05269303254bb1bad550bd23aad8635b8?s=24&d=mm&r=g","48":"https:\/\/secure.gravatar.com\/avatar\/972a3499ecfaec9af40ba0fda4d2e3d05269303254bb1bad550bd23aad8635b8?s=48&d=mm&r=g","96":"https:\/\/secure.gravatar.com\/avatar\/972a3499ecfaec9af40ba0fda4d2e3d05269303254bb1bad550bd23aad8635b8?s=96&d=mm&r=g"},"date":"2024-09-19T15:20:16","cld_nonce":"a2168cecf9","content":{"rendered":"<p>\u00d6sterreich spricht auch kein Deutsch, das ist Kauderwelsch wie z.B. Paradeiser oder Marillen&#8230; <img src=\"https:\/\/www.deskmodder.de\/blog\/wp-content\/plugins\/classic-smilies\/img\/icon_biggrin.gif\" alt=\":D\" class=\"wp-smiley\" \/><\/p>\n"},"status":"1"},{"id":284347,"parent":284339,"author":4894,"author_name":"Wagener_bjoern","author_email":"wagener.bjoern.max@mailbox.org","author_url":"","author_avatar_urls":{"24":"https:\/\/secure.gravatar.com\/avatar\/faab38a98808dff100d6876904ec74377b3897ebbe844221f011f24bf665bd16?s=24&d=mm&r=g","48":"https:\/\/secure.gravatar.com\/avatar\/faab38a98808dff100d6876904ec74377b3897ebbe844221f011f24bf665bd16?s=48&d=mm&r=g","96":"https:\/\/secure.gravatar.com\/avatar\/faab38a98808dff100d6876904ec74377b3897ebbe844221f011f24bf665bd16?s=96&d=mm&r=g"},"date":"2024-09-19T15:28:11","cld_nonce":"a2168cecf9","content":{"rendered":"<p>Welche weitere Amtssprache besitzt \u00d6sterreich neben Deutsch gleich? Im Gegensatz zur Schweiz und Namibia? <img src=\"https:\/\/www.deskmodder.de\/blog\/wp-content\/plugins\/classic-smilies\/img\/icon_wink.gif\" alt=\";-)\" class=\"wp-smiley\" \/><\/p>\n"},"status":"1"},{"id":284916,"parent":284309,"author":0,"author_name":"As","author_email":"desk.moder@schweiger.contact","author_url":"","author_avatar_urls":{"24":"https:\/\/secure.gravatar.com\/avatar\/6bc5777fc8b13eccf86fd933ecdb60111ff9247b00c3530701f32ebdded00d0e?s=24&d=mm&r=g","48":"https:\/\/secure.gravatar.com\/avatar\/6bc5777fc8b13eccf86fd933ecdb60111ff9247b00c3530701f32ebdded00d0e?s=48&d=mm&r=g","96":"https:\/\/secure.gravatar.com\/avatar\/6bc5777fc8b13eccf86fd933ecdb60111ff9247b00c3530701f32ebdded00d0e?s=96&d=mm&r=g"},"date":"2024-09-26T18:25:25","cld_nonce":"a2168cecf9","content":{"rendered":"<p>\u00c4hm doch: &#8222;Obwohl Deutsch auf der j\u00fcngsten Apple-Keynote nicht ausdr\u00fccklich erw\u00e4hnt wurde, wird es dennoch als wichtige Erg\u00e4nzung betrachtet, vor allem in L\u00e4ndern wie Deutschland, der Schweiz und Namibia, wo Deutsch als Amtssprache relevant ist.&#8220;. Namibia hat englisch als Amtssprache.<\/p>\n"},"status":"1"},{"id":284917,"parent":284347,"author":0,"author_name":"As","author_email":"desk.modder@schweiger.contact","author_url":"","author_avatar_urls":{"24":"https:\/\/secure.gravatar.com\/avatar\/f0b700dfce124c241ae28c96c94415dba354d624098e855af0a637b5581d90bd?s=24&d=mm&r=g","48":"https:\/\/secure.gravatar.com\/avatar\/f0b700dfce124c241ae28c96c94415dba354d624098e855af0a637b5581d90bd?s=48&d=mm&r=g","96":"https:\/\/secure.gravatar.com\/avatar\/f0b700dfce124c241ae28c96c94415dba354d624098e855af0a637b5581d90bd?s=96&d=mm&r=g"},"date":"2024-09-26T18:28:17","cld_nonce":"a2168cecf9","content":{"rendered":"<p>Kroatisch, Slowenisch und Ungarisch. Als weiteres Land (neben \u00d6sterreich) w\u00fcrde sich da eher Belgien, Luxemburg  und Liechtenstein eignen.<\/p>\n"},"status":"1"},{"id":284918,"parent":284916,"author":134,"author_name":"moinmoin","author_email":"moin-moin@hab-verschlafen.de","author_url":"","author_avatar_urls":{"24":"https:\/\/secure.gravatar.com\/avatar\/fab96769102f8886245ab411df9a42a235be79261e4b44aa7ab2a555da8b86b4?s=24&d=mm&r=g","48":"https:\/\/secure.gravatar.com\/avatar\/fab96769102f8886245ab411df9a42a235be79261e4b44aa7ab2a555da8b86b4?s=48&d=mm&r=g","96":"https:\/\/secure.gravatar.com\/avatar\/fab96769102f8886245ab411df9a42a235be79261e4b44aa7ab2a555da8b86b4?s=96&d=mm&r=g"},"date":"2024-09-26T18:30:39","cld_nonce":"a2168cecf9","content":{"rendered":"<p>\u00c4hm nein. Dein Ausgangskommentar bezog sich auf strategisch. <img src=\"https:\/\/www.deskmodder.de\/blog\/wp-content\/plugins\/classic-smilies\/img\/icon_wink.gif\" alt=\";)\" class=\"wp-smiley\" \/><\/p>\n"},"status":"1"},{"id":284979,"parent":284918,"author":0,"author_name":"As","author_email":"desk.modder@schweiger.contact","author_url":"","author_avatar_urls":{"24":"https:\/\/secure.gravatar.com\/avatar\/f0b700dfce124c241ae28c96c94415dba354d624098e855af0a637b5581d90bd?s=24&d=mm&r=g","48":"https:\/\/secure.gravatar.com\/avatar\/f0b700dfce124c241ae28c96c94415dba354d624098e855af0a637b5581d90bd?s=48&d=mm&r=g","96":"https:\/\/secure.gravatar.com\/avatar\/f0b700dfce124c241ae28c96c94415dba354d624098e855af0a637b5581d90bd?s=96&d=mm&r=g"},"date":"2024-09-27T12:05:07","cld_nonce":"a2168cecf9","content":{"rendered":"<p>Der Vergleich mit Namibia ist dennoch unpassend. Namibia hat etwa 20.000 deutschsprachige Muttersprachler, w\u00e4hrend Belgien im Vergleich rund 100.000 hat. In \u00d6sterreich, einem Land ohne zus\u00e4tzliche Amtssprachen laut eurer Aussage, gibt es etwa 25.000 slowenische Muttersprachler. Trotzdem k\u00e4me niemand auf die Idee, \u00d6sterreich als ein slowenischsprachiges Land zu bezeichnen. <\/p>\n<p>Der Text wurde von ChatGPT erstellt, und ihr habt beim Korrekturlesen den Namibia-Teil \u00fcbersehen.<\/p>\n"},"status":"1"},{"id":284980,"parent":284979,"author":134,"author_name":"moinmoin","author_email":"moin-moin@hab-verschlafen.de","author_url":"","author_avatar_urls":{"24":"https:\/\/secure.gravatar.com\/avatar\/fab96769102f8886245ab411df9a42a235be79261e4b44aa7ab2a555da8b86b4?s=24&d=mm&r=g","48":"https:\/\/secure.gravatar.com\/avatar\/fab96769102f8886245ab411df9a42a235be79261e4b44aa7ab2a555da8b86b4?s=48&d=mm&r=g","96":"https:\/\/secure.gravatar.com\/avatar\/fab96769102f8886245ab411df9a42a235be79261e4b44aa7ab2a555da8b86b4?s=96&d=mm&r=g"},"date":"2024-09-27T12:10:12","cld_nonce":"a2168cecf9","content":{"rendered":"<p>Die Antwort zu ChatGPT hat dir Bj\u00f6rn am 19. schon geschrieben. Also komm nicht schon wieder damit.<\/p>\n<p><a href=\"https:\/\/www.deskmodder.de\/blog\/2024\/09\/18\/apple-kuendigt-fahrplan-fuer-apple-intelligence-in-der-eu-an\/#comment-284321\" rel=\"ugc\">https:\/\/www.deskmodder.de\/blog\/2024\/09\/18\/apple-kuendigt-fahrplan-fuer-apple-intelligence-in-der-eu-an\/#comment-284321<\/a><\/p>\n"},"status":"1"}],"wp_author":{"id":4894,"name":"Wagener_bjoern","description":"Blaulicht- &amp; Technikjournalist \u270f\ufe0f | Fotografie, Drohnen &amp; Luftfahrt \ud83d\udcf8\u2708\ufe0f | 3D-Druck &amp; Maker \ud83d\udda8\ufe0f | Cat Dad \ud83d\udc3e","author_avatar_urls":{"24":"https:\/\/secure.gravatar.com\/avatar\/faab38a98808dff100d6876904ec74377b3897ebbe844221f011f24bf665bd16?s=24&d=mm&r=g","48":"https:\/\/secure.gravatar.com\/avatar\/faab38a98808dff100d6876904ec74377b3897ebbe844221f011f24bf665bd16?s=48&d=mm&r=g","96":"https:\/\/secure.gravatar.com\/avatar\/faab38a98808dff100d6876904ec74377b3897ebbe844221f011f24bf665bd16?s=96&d=mm&r=g"}},"cld_nonce":"a2168cecf9","yoast_head":"<!-- This site is optimized with the Yoast SEO Premium plugin v27.4 (Yoast SEO v27.4) - https:\/\/yoast.com\/product\/yoast-seo-premium-wordpress\/ -->\n<title>Apple k\u00fcndigt Fahrplan f\u00fcr &quot;Apple Intelligence&quot; in der EU an - Deskmodder.de<\/title>\n<meta name=\"description\" content=\"Jetzt alles \u00fcber den Fahrplan von Apple Intelligence in der EU erfahren: Der KI-Dienst wird voraussichtlich im Herbst 2024 starten.\" \/>\n<meta name=\"robots\" content=\"index, follow, max-snippet:-1, max-image-preview:large, max-video-preview:-1\" \/>\n<link rel=\"canonical\" href=\"https:\/\/www.deskmodder.de\/blog\/2024\/09\/18\/apple-kuendigt-fahrplan-fuer-apple-intelligence-in-der-eu-an\/\" \/>\n<meta property=\"og:locale\" content=\"de_DE\" \/>\n<meta property=\"og:type\" content=\"article\" \/>\n<meta property=\"og:title\" content=\"Apple k\u00fcndigt Fahrplan f\u00fcr &quot;Apple Intelligence&quot; in der EU an\" \/>\n<meta property=\"og:description\" content=\"Jetzt alles \u00fcber den Fahrplan von Apple Intelligence in der EU erfahren: Der KI-Dienst wird voraussichtlich im Herbst 2024 starten.\" \/>\n<meta property=\"og:url\" content=\"https:\/\/www.deskmodder.de\/blog\/2024\/09\/18\/apple-kuendigt-fahrplan-fuer-apple-intelligence-in-der-eu-an\/\" \/>\n<meta property=\"og:site_name\" content=\"Deskmodder.de\" \/>\n<meta property=\"article:publisher\" content=\"https:\/\/www.facebook.com\/Deskmodder\" \/>\n<meta property=\"article:author\" content=\"https:\/\/www.facebook.com\/bjoern.max.wagener\" \/>\n<meta property=\"article:published_time\" content=\"2024-09-18T12:44:17+00:00\" \/>\n<meta property=\"og:image\" content=\"https:\/\/www.deskmodder.de\/blog\/wp-content\/uploads\/2024\/09\/1-apple-event-september-9-21.jpeg\" \/>\n\t<meta property=\"og:image:width\" content=\"1920\" \/>\n\t<meta property=\"og:image:height\" content=\"1080\" \/>\n\t<meta property=\"og:image:type\" content=\"image\/jpeg\" \/>\n<meta name=\"author\" content=\"Wagener_bjoern\" \/>\n<meta name=\"twitter:card\" content=\"summary_large_image\" \/>\n<meta name=\"twitter:creator\" content=\"@wagener_bjoern\" \/>\n<meta name=\"twitter:site\" content=\"@Deskmodder\" \/>\n<script type=\"application\/ld+json\" class=\"yoast-schema-graph\">{\"@context\":\"https:\\\/\\\/schema.org\",\"@graph\":[{\"@type\":\"Article\",\"@id\":\"https:\\\/\\\/www.deskmodder.de\\\/blog\\\/2024\\\/09\\\/18\\\/apple-kuendigt-fahrplan-fuer-apple-intelligence-in-der-eu-an\\\/#article\",\"isPartOf\":{\"@id\":\"https:\\\/\\\/www.deskmodder.de\\\/blog\\\/2024\\\/09\\\/18\\\/apple-kuendigt-fahrplan-fuer-apple-intelligence-in-der-eu-an\\\/\"},\"author\":{\"name\":\"Wagener_bjoern\",\"@id\":\"https:\\\/\\\/www.deskmodder.de\\\/blog\\\/#\\\/schema\\\/person\\\/efd7dda2abfc34d2f026b3dd1ff08c0c\"},\"headline\":\"Apple k\u00fcndigt Fahrplan f\u00fcr &#8222;Apple Intelligence&#8220; in der EU an\",\"datePublished\":\"2024-09-18T12:44:17+00:00\",\"mainEntityOfPage\":{\"@id\":\"https:\\\/\\\/www.deskmodder.de\\\/blog\\\/2024\\\/09\\\/18\\\/apple-kuendigt-fahrplan-fuer-apple-intelligence-in-der-eu-an\\\/\"},\"wordCount\":320,\"commentCount\":11,\"publisher\":{\"@id\":\"https:\\\/\\\/www.deskmodder.de\\\/blog\\\/#organization\"},\"image\":{\"@id\":\"https:\\\/\\\/www.deskmodder.de\\\/blog\\\/2024\\\/09\\\/18\\\/apple-kuendigt-fahrplan-fuer-apple-intelligence-in-der-eu-an\\\/#primaryimage\"},\"thumbnailUrl\":\"https:\\\/\\\/www.deskmodder.de\\\/blog\\\/wp-content\\\/uploads\\\/2024\\\/09\\\/1-apple-event-september-9-21.jpeg\",\"keywords\":[\"Apple\",\"Apple Intelligence\",\"ChatGPT\",\"DMA\",\"EU\",\"iOS\",\"iOS 18.1\",\"iPad\",\"iPadOS\",\"iPadOS 18.1\",\"Iphone\",\"Mac\",\"MacOS\",\"macOS 15.1\",\"OpenAI\"],\"articleSection\":[\"iOS\",\"Mac\"],\"inLanguage\":\"de\",\"potentialAction\":[{\"@type\":\"CommentAction\",\"name\":\"Comment\",\"target\":[\"https:\\\/\\\/www.deskmodder.de\\\/blog\\\/2024\\\/09\\\/18\\\/apple-kuendigt-fahrplan-fuer-apple-intelligence-in-der-eu-an\\\/#respond\"]}],\"copyrightYear\":\"2024\",\"copyrightHolder\":{\"@id\":\"https:\\\/\\\/www.deskmodder.de\\\/blog\\\/#organization\"}},{\"@type\":\"WebPage\",\"@id\":\"https:\\\/\\\/www.deskmodder.de\\\/blog\\\/2024\\\/09\\\/18\\\/apple-kuendigt-fahrplan-fuer-apple-intelligence-in-der-eu-an\\\/\",\"url\":\"https:\\\/\\\/www.deskmodder.de\\\/blog\\\/2024\\\/09\\\/18\\\/apple-kuendigt-fahrplan-fuer-apple-intelligence-in-der-eu-an\\\/\",\"name\":\"Apple k\u00fcndigt Fahrplan f\u00fcr \\\"Apple Intelligence\\\" in der EU an - Deskmodder.de\",\"isPartOf\":{\"@id\":\"https:\\\/\\\/www.deskmodder.de\\\/blog\\\/#website\"},\"primaryImageOfPage\":{\"@id\":\"https:\\\/\\\/www.deskmodder.de\\\/blog\\\/2024\\\/09\\\/18\\\/apple-kuendigt-fahrplan-fuer-apple-intelligence-in-der-eu-an\\\/#primaryimage\"},\"image\":{\"@id\":\"https:\\\/\\\/www.deskmodder.de\\\/blog\\\/2024\\\/09\\\/18\\\/apple-kuendigt-fahrplan-fuer-apple-intelligence-in-der-eu-an\\\/#primaryimage\"},\"thumbnailUrl\":\"https:\\\/\\\/www.deskmodder.de\\\/blog\\\/wp-content\\\/uploads\\\/2024\\\/09\\\/1-apple-event-september-9-21.jpeg\",\"datePublished\":\"2024-09-18T12:44:17+00:00\",\"description\":\"Jetzt alles \u00fcber den Fahrplan von Apple Intelligence in der EU erfahren: Der KI-Dienst wird voraussichtlich im Herbst 2024 starten.\",\"breadcrumb\":{\"@id\":\"https:\\\/\\\/www.deskmodder.de\\\/blog\\\/2024\\\/09\\\/18\\\/apple-kuendigt-fahrplan-fuer-apple-intelligence-in-der-eu-an\\\/#breadcrumb\"},\"inLanguage\":\"de\",\"potentialAction\":[{\"@type\":\"ReadAction\",\"target\":[\"https:\\\/\\\/www.deskmodder.de\\\/blog\\\/2024\\\/09\\\/18\\\/apple-kuendigt-fahrplan-fuer-apple-intelligence-in-der-eu-an\\\/\"]}]},{\"@type\":\"ImageObject\",\"inLanguage\":\"de\",\"@id\":\"https:\\\/\\\/www.deskmodder.de\\\/blog\\\/2024\\\/09\\\/18\\\/apple-kuendigt-fahrplan-fuer-apple-intelligence-in-der-eu-an\\\/#primaryimage\",\"url\":\"https:\\\/\\\/www.deskmodder.de\\\/blog\\\/wp-content\\\/uploads\\\/2024\\\/09\\\/1-apple-event-september-9-21.jpeg\",\"contentUrl\":\"https:\\\/\\\/www.deskmodder.de\\\/blog\\\/wp-content\\\/uploads\\\/2024\\\/09\\\/1-apple-event-september-9-21.jpeg\",\"width\":1920,\"height\":1080,\"caption\":\"Apple kooperiert f\u00fcr Apple Intelligence mit OpenAI. Logo: Apple\"},{\"@type\":\"BreadcrumbList\",\"@id\":\"https:\\\/\\\/www.deskmodder.de\\\/blog\\\/2024\\\/09\\\/18\\\/apple-kuendigt-fahrplan-fuer-apple-intelligence-in-der-eu-an\\\/#breadcrumb\",\"itemListElement\":[{\"@type\":\"ListItem\",\"position\":1,\"name\":\"Startseite\",\"item\":\"https:\\\/\\\/www.deskmodder.de\\\/blog\\\/\"},{\"@type\":\"ListItem\",\"position\":2,\"name\":\"Apple k\u00fcndigt Fahrplan f\u00fcr &#8220;Apple Intelligence&#8221; in der EU an\"}]},{\"@type\":\"WebSite\",\"@id\":\"https:\\\/\\\/www.deskmodder.de\\\/blog\\\/#website\",\"url\":\"https:\\\/\\\/www.deskmodder.de\\\/blog\\\/\",\"name\":\"Deskmodder.de\",\"description\":\"News zum Thema Microsoft, Windows 11 \\\/ 10, sowie anderen Neuigkeiten aus dem Netz, viele Tipps und individuelle Hilfe bei Problemen in unserem Forum \u25cf Deskmodder - seit 2003\",\"publisher\":{\"@id\":\"https:\\\/\\\/www.deskmodder.de\\\/blog\\\/#organization\"},\"potentialAction\":[{\"@type\":\"SearchAction\",\"target\":{\"@type\":\"EntryPoint\",\"urlTemplate\":\"https:\\\/\\\/www.deskmodder.de\\\/blog\\\/?s={search_term_string}\"},\"query-input\":{\"@type\":\"PropertyValueSpecification\",\"valueRequired\":true,\"valueName\":\"search_term_string\"}}],\"inLanguage\":\"de\"},{\"@type\":\"Organization\",\"@id\":\"https:\\\/\\\/www.deskmodder.de\\\/blog\\\/#organization\",\"name\":\"Deskmodder\",\"url\":\"https:\\\/\\\/www.deskmodder.de\\\/blog\\\/\",\"logo\":{\"@type\":\"ImageObject\",\"inLanguage\":\"de\",\"@id\":\"https:\\\/\\\/www.deskmodder.de\\\/blog\\\/#\\\/schema\\\/logo\\\/image\\\/\",\"url\":\"https:\\\/\\\/www.deskmodder.de\\\/blog\\\/wp-content\\\/uploads\\\/2019\\\/01\\\/deskmodder-logo-app.png\",\"contentUrl\":\"https:\\\/\\\/www.deskmodder.de\\\/blog\\\/wp-content\\\/uploads\\\/2019\\\/01\\\/deskmodder-logo-app.png\",\"width\":281,\"height\":286,\"caption\":\"Deskmodder\"},\"image\":{\"@id\":\"https:\\\/\\\/www.deskmodder.de\\\/blog\\\/#\\\/schema\\\/logo\\\/image\\\/\"},\"sameAs\":[\"https:\\\/\\\/www.facebook.com\\\/Deskmodder\",\"https:\\\/\\\/x.com\\\/Deskmodder\",\"https:\\\/\\\/mastodontech.de\\\/@Deskmodder\",\"https:\\\/\\\/www.youtube.com\\\/user\\\/deskmodder\",\"https:\\\/\\\/mewe.com\\\/group\\\/5c83b5231add826fc80cdae1\"]},{\"@type\":\"Person\",\"@id\":\"https:\\\/\\\/www.deskmodder.de\\\/blog\\\/#\\\/schema\\\/person\\\/efd7dda2abfc34d2f026b3dd1ff08c0c\",\"name\":\"Wagener_bjoern\",\"image\":{\"@type\":\"ImageObject\",\"inLanguage\":\"de\",\"@id\":\"https:\\\/\\\/secure.gravatar.com\\\/avatar\\\/faab38a98808dff100d6876904ec74377b3897ebbe844221f011f24bf665bd16?s=96&d=mm&r=g\",\"url\":\"https:\\\/\\\/secure.gravatar.com\\\/avatar\\\/faab38a98808dff100d6876904ec74377b3897ebbe844221f011f24bf665bd16?s=96&d=mm&r=g\",\"contentUrl\":\"https:\\\/\\\/secure.gravatar.com\\\/avatar\\\/faab38a98808dff100d6876904ec74377b3897ebbe844221f011f24bf665bd16?s=96&d=mm&r=g\",\"caption\":\"Wagener_bjoern\"},\"description\":\"Blaulicht- &amp; Technikjournalist \u270f\ufe0f | Fotografie, Drohnen &amp; Luftfahrt \ud83d\udcf8\u2708\ufe0f | 3D-Druck &amp; Maker \ud83d\udda8\ufe0f | Cat Dad \ud83d\udc3e\",\"sameAs\":[\"https:\\\/\\\/www.facebook.com\\\/bjoern.max.wagener\",\"https:\\\/\\\/www.instagram.com\\\/wagener_bjoern\\\/\",\"https:\\\/\\\/x.com\\\/wagener_bjoern\"],\"url\":\"https:\\\/\\\/www.deskmodder.de\\\/blog\\\/author\\\/wagener_bjoern\\\/\"}]}<\/script>\n<!-- \/ Yoast SEO Premium plugin. -->","yoast_head_json":{"title":"Apple k\u00fcndigt Fahrplan f\u00fcr \"Apple Intelligence\" in der EU an - Deskmodder.de","description":"Jetzt alles \u00fcber den Fahrplan von Apple Intelligence in der EU erfahren: Der KI-Dienst wird voraussichtlich im Herbst 2024 starten.","robots":{"index":"index","follow":"follow","max-snippet":"max-snippet:-1","max-image-preview":"max-image-preview:large","max-video-preview":"max-video-preview:-1"},"canonical":"https:\/\/www.deskmodder.de\/blog\/2024\/09\/18\/apple-kuendigt-fahrplan-fuer-apple-intelligence-in-der-eu-an\/","og_locale":"de_DE","og_type":"article","og_title":"Apple k\u00fcndigt Fahrplan f\u00fcr \"Apple Intelligence\" in der EU an","og_description":"Jetzt alles \u00fcber den Fahrplan von Apple Intelligence in der EU erfahren: Der KI-Dienst wird voraussichtlich im Herbst 2024 starten.","og_url":"https:\/\/www.deskmodder.de\/blog\/2024\/09\/18\/apple-kuendigt-fahrplan-fuer-apple-intelligence-in-der-eu-an\/","og_site_name":"Deskmodder.de","article_publisher":"https:\/\/www.facebook.com\/Deskmodder","article_author":"https:\/\/www.facebook.com\/bjoern.max.wagener","article_published_time":"2024-09-18T12:44:17+00:00","og_image":[{"width":1920,"height":1080,"url":"https:\/\/www.deskmodder.de\/blog\/wp-content\/uploads\/2024\/09\/1-apple-event-september-9-21.jpeg","type":"image\/jpeg"}],"author":"Wagener_bjoern","twitter_card":"summary_large_image","twitter_creator":"@wagener_bjoern","twitter_site":"@Deskmodder","schema":{"@context":"https:\/\/schema.org","@graph":[{"@type":"Article","@id":"https:\/\/www.deskmodder.de\/blog\/2024\/09\/18\/apple-kuendigt-fahrplan-fuer-apple-intelligence-in-der-eu-an\/#article","isPartOf":{"@id":"https:\/\/www.deskmodder.de\/blog\/2024\/09\/18\/apple-kuendigt-fahrplan-fuer-apple-intelligence-in-der-eu-an\/"},"author":{"name":"Wagener_bjoern","@id":"https:\/\/www.deskmodder.de\/blog\/#\/schema\/person\/efd7dda2abfc34d2f026b3dd1ff08c0c"},"headline":"Apple k\u00fcndigt Fahrplan f\u00fcr &#8222;Apple Intelligence&#8220; in der EU an","datePublished":"2024-09-18T12:44:17+00:00","mainEntityOfPage":{"@id":"https:\/\/www.deskmodder.de\/blog\/2024\/09\/18\/apple-kuendigt-fahrplan-fuer-apple-intelligence-in-der-eu-an\/"},"wordCount":320,"commentCount":11,"publisher":{"@id":"https:\/\/www.deskmodder.de\/blog\/#organization"},"image":{"@id":"https:\/\/www.deskmodder.de\/blog\/2024\/09\/18\/apple-kuendigt-fahrplan-fuer-apple-intelligence-in-der-eu-an\/#primaryimage"},"thumbnailUrl":"https:\/\/www.deskmodder.de\/blog\/wp-content\/uploads\/2024\/09\/1-apple-event-september-9-21.jpeg","keywords":["Apple","Apple Intelligence","ChatGPT","DMA","EU","iOS","iOS 18.1","iPad","iPadOS","iPadOS 18.1","Iphone","Mac","MacOS","macOS 15.1","OpenAI"],"articleSection":["iOS","Mac"],"inLanguage":"de","potentialAction":[{"@type":"CommentAction","name":"Comment","target":["https:\/\/www.deskmodder.de\/blog\/2024\/09\/18\/apple-kuendigt-fahrplan-fuer-apple-intelligence-in-der-eu-an\/#respond"]}],"copyrightYear":"2024","copyrightHolder":{"@id":"https:\/\/www.deskmodder.de\/blog\/#organization"}},{"@type":"WebPage","@id":"https:\/\/www.deskmodder.de\/blog\/2024\/09\/18\/apple-kuendigt-fahrplan-fuer-apple-intelligence-in-der-eu-an\/","url":"https:\/\/www.deskmodder.de\/blog\/2024\/09\/18\/apple-kuendigt-fahrplan-fuer-apple-intelligence-in-der-eu-an\/","name":"Apple k\u00fcndigt Fahrplan f\u00fcr \"Apple Intelligence\" in der EU an - Deskmodder.de","isPartOf":{"@id":"https:\/\/www.deskmodder.de\/blog\/#website"},"primaryImageOfPage":{"@id":"https:\/\/www.deskmodder.de\/blog\/2024\/09\/18\/apple-kuendigt-fahrplan-fuer-apple-intelligence-in-der-eu-an\/#primaryimage"},"image":{"@id":"https:\/\/www.deskmodder.de\/blog\/2024\/09\/18\/apple-kuendigt-fahrplan-fuer-apple-intelligence-in-der-eu-an\/#primaryimage"},"thumbnailUrl":"https:\/\/www.deskmodder.de\/blog\/wp-content\/uploads\/2024\/09\/1-apple-event-september-9-21.jpeg","datePublished":"2024-09-18T12:44:17+00:00","description":"Jetzt alles \u00fcber den Fahrplan von Apple Intelligence in der EU erfahren: Der KI-Dienst wird voraussichtlich im Herbst 2024 starten.","breadcrumb":{"@id":"https:\/\/www.deskmodder.de\/blog\/2024\/09\/18\/apple-kuendigt-fahrplan-fuer-apple-intelligence-in-der-eu-an\/#breadcrumb"},"inLanguage":"de","potentialAction":[{"@type":"ReadAction","target":["https:\/\/www.deskmodder.de\/blog\/2024\/09\/18\/apple-kuendigt-fahrplan-fuer-apple-intelligence-in-der-eu-an\/"]}]},{"@type":"ImageObject","inLanguage":"de","@id":"https:\/\/www.deskmodder.de\/blog\/2024\/09\/18\/apple-kuendigt-fahrplan-fuer-apple-intelligence-in-der-eu-an\/#primaryimage","url":"https:\/\/www.deskmodder.de\/blog\/wp-content\/uploads\/2024\/09\/1-apple-event-september-9-21.jpeg","contentUrl":"https:\/\/www.deskmodder.de\/blog\/wp-content\/uploads\/2024\/09\/1-apple-event-september-9-21.jpeg","width":1920,"height":1080,"caption":"Apple kooperiert f\u00fcr Apple Intelligence mit OpenAI. Logo: Apple"},{"@type":"BreadcrumbList","@id":"https:\/\/www.deskmodder.de\/blog\/2024\/09\/18\/apple-kuendigt-fahrplan-fuer-apple-intelligence-in-der-eu-an\/#breadcrumb","itemListElement":[{"@type":"ListItem","position":1,"name":"Startseite","item":"https:\/\/www.deskmodder.de\/blog\/"},{"@type":"ListItem","position":2,"name":"Apple k\u00fcndigt Fahrplan f\u00fcr &#8220;Apple Intelligence&#8221; in der EU an"}]},{"@type":"WebSite","@id":"https:\/\/www.deskmodder.de\/blog\/#website","url":"https:\/\/www.deskmodder.de\/blog\/","name":"Deskmodder.de","description":"News zum Thema Microsoft, Windows 11 \/ 10, sowie anderen Neuigkeiten aus dem Netz, viele Tipps und individuelle Hilfe bei Problemen in unserem Forum \u25cf Deskmodder - seit 2003","publisher":{"@id":"https:\/\/www.deskmodder.de\/blog\/#organization"},"potentialAction":[{"@type":"SearchAction","target":{"@type":"EntryPoint","urlTemplate":"https:\/\/www.deskmodder.de\/blog\/?s={search_term_string}"},"query-input":{"@type":"PropertyValueSpecification","valueRequired":true,"valueName":"search_term_string"}}],"inLanguage":"de"},{"@type":"Organization","@id":"https:\/\/www.deskmodder.de\/blog\/#organization","name":"Deskmodder","url":"https:\/\/www.deskmodder.de\/blog\/","logo":{"@type":"ImageObject","inLanguage":"de","@id":"https:\/\/www.deskmodder.de\/blog\/#\/schema\/logo\/image\/","url":"https:\/\/www.deskmodder.de\/blog\/wp-content\/uploads\/2019\/01\/deskmodder-logo-app.png","contentUrl":"https:\/\/www.deskmodder.de\/blog\/wp-content\/uploads\/2019\/01\/deskmodder-logo-app.png","width":281,"height":286,"caption":"Deskmodder"},"image":{"@id":"https:\/\/www.deskmodder.de\/blog\/#\/schema\/logo\/image\/"},"sameAs":["https:\/\/www.facebook.com\/Deskmodder","https:\/\/x.com\/Deskmodder","https:\/\/mastodontech.de\/@Deskmodder","https:\/\/www.youtube.com\/user\/deskmodder","https:\/\/mewe.com\/group\/5c83b5231add826fc80cdae1"]},{"@type":"Person","@id":"https:\/\/www.deskmodder.de\/blog\/#\/schema\/person\/efd7dda2abfc34d2f026b3dd1ff08c0c","name":"Wagener_bjoern","image":{"@type":"ImageObject","inLanguage":"de","@id":"https:\/\/secure.gravatar.com\/avatar\/faab38a98808dff100d6876904ec74377b3897ebbe844221f011f24bf665bd16?s=96&d=mm&r=g","url":"https:\/\/secure.gravatar.com\/avatar\/faab38a98808dff100d6876904ec74377b3897ebbe844221f011f24bf665bd16?s=96&d=mm&r=g","contentUrl":"https:\/\/secure.gravatar.com\/avatar\/faab38a98808dff100d6876904ec74377b3897ebbe844221f011f24bf665bd16?s=96&d=mm&r=g","caption":"Wagener_bjoern"},"description":"Blaulicht- &amp; Technikjournalist \u270f\ufe0f | Fotografie, Drohnen &amp; Luftfahrt \ud83d\udcf8\u2708\ufe0f | 3D-Druck &amp; Maker \ud83d\udda8\ufe0f | Cat Dad \ud83d\udc3e","sameAs":["https:\/\/www.facebook.com\/bjoern.max.wagener","https:\/\/www.instagram.com\/wagener_bjoern\/","https:\/\/x.com\/wagener_bjoern"],"url":"https:\/\/www.deskmodder.de\/blog\/author\/wagener_bjoern\/"}]}},"jetpack_publicize_connections":[],"jetpack_featured_media_url":"https:\/\/www.deskmodder.de\/blog\/wp-content\/uploads\/2024\/09\/1-apple-event-september-9-21.jpeg","_links":{"self":[{"href":"https:\/\/www.deskmodder.de\/blog\/wp-json\/wp\/v2\/posts\/192693","targetHints":{"allow":["GET"]}}],"collection":[{"href":"https:\/\/www.deskmodder.de\/blog\/wp-json\/wp\/v2\/posts"}],"about":[{"href":"https:\/\/www.deskmodder.de\/blog\/wp-json\/wp\/v2\/types\/post"}],"author":[{"embeddable":true,"href":"https:\/\/www.deskmodder.de\/blog\/wp-json\/wp\/v2\/users\/4894"}],"replies":[{"embeddable":true,"href":"https:\/\/www.deskmodder.de\/blog\/wp-json\/wp\/v2\/comments?post=192693"}],"version-history":[{"count":2,"href":"https:\/\/www.deskmodder.de\/blog\/wp-json\/wp\/v2\/posts\/192693\/revisions"}],"predecessor-version":[{"id":192695,"href":"https:\/\/www.deskmodder.de\/blog\/wp-json\/wp\/v2\/posts\/192693\/revisions\/192695"}],"wp:featuredmedia":[{"embeddable":true,"href":"https:\/\/www.deskmodder.de\/blog\/wp-json\/wp\/v2\/media\/192355"}],"wp:attachment":[{"href":"https:\/\/www.deskmodder.de\/blog\/wp-json\/wp\/v2\/media?parent=192693"}],"wp:term":[{"taxonomy":"category","embeddable":true,"href":"https:\/\/www.deskmodder.de\/blog\/wp-json\/wp\/v2\/categories?post=192693"},{"taxonomy":"post_tag","embeddable":true,"href":"https:\/\/www.deskmodder.de\/blog\/wp-json\/wp\/v2\/tags?post=192693"}],"curies":[{"name":"wp","href":"https:\/\/api.w.org\/{rel}","templated":true}]}}