{"id":188643,"date":"2024-05-10T15:10:24","date_gmt":"2024-05-10T13:10:24","guid":{"rendered":"https:\/\/www.deskmodder.de\/blog\/?p=188643"},"modified":"2024-05-10T15:11:11","modified_gmt":"2024-05-10T13:11:11","slug":"in-eigener-sache-unser-forum-kann-jetzt-auch-dunkel","status":"publish","type":"post","link":"https:\/\/www.deskmodder.de\/blog\/2024\/05\/10\/in-eigener-sache-unser-forum-kann-jetzt-auch-dunkel\/","title":{"rendered":"In eigener Sache: Unser Forum kann jetzt auch &#8222;dunkel&#8220;"},"content":{"rendered":"<p>Mal ein kleiner Hinweis. Vielleicht ist es euch schon aufgefallen, unser Forum ist <a href=\"https:\/\/www.deskmodder.de\/phpBB3\/index.php\" rel=\"noopener\" target=\"_blank\">jetzt auch in dunkel verf\u00fcgbar<\/a>. Eigentlich nichts Besonderes. Aber da wir das Design vom Blog (WordPress), Wiki (MediaWiki) und Forum (phpBB) soweit angeglichen hatten, konnten wir nicht einfach irgendeinen Skin nehmen.<\/p>\n<p><a href=\"https:\/\/www.deskmodder.de\/blog\/wp-content\/uploads\/2024\/05\/deskmodder-forum-hell-und-dunkel.jpg\" rel=\"lightbox[188643]\"><img loading=\"lazy\" decoding=\"async\" src=\"https:\/\/www.deskmodder.de\/blog\/wp-content\/uploads\/2024\/05\/deskmodder-forum-hell-und-dunkel-500x306.jpg\" alt=\"\" width=\"500\" height=\"306\" class=\"aligncenter size-medium wp-image-188644\" srcset=\"https:\/\/www.deskmodder.de\/blog\/wp-content\/uploads\/2024\/05\/deskmodder-forum-hell-und-dunkel-500x306.jpg 500w, https:\/\/www.deskmodder.de\/blog\/wp-content\/uploads\/2024\/05\/deskmodder-forum-hell-und-dunkel-810x496.jpg 810w, https:\/\/www.deskmodder.de\/blog\/wp-content\/uploads\/2024\/05\/deskmodder-forum-hell-und-dunkel-306x187.jpg 306w, https:\/\/www.deskmodder.de\/blog\/wp-content\/uploads\/2024\/05\/deskmodder-forum-hell-und-dunkel.jpg 1327w\" sizes=\"auto, (max-width: 500px) 100vw, 500px\" \/><\/a><\/p>\n<p>Bislang hatten wir das Thema immer in der Schublade gelassen. Aber da nun wieder einmal eine Anfrage kam, hat sich W8U (danke daf\u00fcr) die Zeit genommen und Anpassungen vorgenommen. Bevor ihr fragt, einen Schalter gibt es nicht. Die Umstellung passiert automatisch, so wie es im Browser, bzw. in Windows eingestellt wurde.<\/p>\n<p>Es kann durchaus sein, dass da noch der ein, oder andere Bereich nicht umgestellt wurde. Falls ihr etwas finden solltet, meldet euch einfach.<\/p>\n<p>Wir hoffen, es gef\u00e4llt euch so weit.<\/p>\n","protected":false},"excerpt":{"rendered":"<p>Mal ein kleiner Hinweis. Vielleicht ist es euch schon aufgefallen, unser Forum ist jetzt auch in dunkel verf\u00fcgbar. Eigentlich nichts Besonderes. Aber da wir das Design vom Blog (WordPress), Wiki (MediaWiki) und Forum (phpBB) soweit angeglichen hatten, konnten wir nicht&hellip; <\/p>\n","protected":false},"author":134,"featured_media":188644,"comment_status":"open","ping_status":"open","sticky":false,"template":"","format":"standard","meta":{"jetpack_post_was_ever_published":false,"footnotes":"","jetpack_publicize_message":"","jetpack_publicize_feature_enabled":true,"jetpack_social_post_already_shared":false,"jetpack_social_options":{"image_generator_settings":{"template":"highway","default_image_id":0,"font":"","enabled":false},"version":2}},"categories":[1],"tags":[],"class_list":["post-188643","post","type-post","status-publish","format-standard","has-post-thumbnail","hentry","category-allgemein"],"wp_featured_image":{"id":188644,"alt_text":"","description":"","media_type":"image","media_details":{"width":1327,"height":812,"file":"2024\/05\/deskmodder-forum-hell-und-dunkel.jpg","filesize":407556,"sizes":{"medium":{"file":"deskmodder-forum-hell-und-dunkel-500x306.jpg","width":500,"height":306,"mime-type":"image\/jpeg","filesize":23429,"source_url":"https:\/\/www.deskmodder.de\/blog\/wp-content\/uploads\/2024\/05\/deskmodder-forum-hell-und-dunkel-500x306.jpg"},"large":{"file":"deskmodder-forum-hell-und-dunkel-810x496.jpg","width":810,"height":496,"mime-type":"image\/jpeg","filesize":50865,"source_url":"https:\/\/www.deskmodder.de\/blog\/wp-content\/uploads\/2024\/05\/deskmodder-forum-hell-und-dunkel-810x496.jpg"},"thumbnail":{"file":"deskmodder-forum-hell-und-dunkel-306x187.jpg","width":306,"height":187,"mime-type":"image\/jpeg","filesize":10248,"source_url":"https:\/\/www.deskmodder.de\/blog\/wp-content\/uploads\/2024\/05\/deskmodder-forum-hell-und-dunkel-306x187.jpg"},"blog-large":{"file":"deskmodder-forum-hell-und-dunkel-642x300.jpg","width":642,"height":300,"mime-type":"image\/jpeg","filesize":27969,"source_url":"https:\/\/www.deskmodder.de\/blog\/wp-content\/uploads\/2024\/05\/deskmodder-forum-hell-und-dunkel-642x300.jpg"},"blog-medium":{"file":"deskmodder-forum-hell-und-dunkel-306x205.jpg","width":306,"height":205,"mime-type":"image\/jpeg","filesize":11508,"source_url":"https:\/\/www.deskmodder.de\/blog\/wp-content\/uploads\/2024\/05\/deskmodder-forum-hell-und-dunkel-306x205.jpg"},"recent-thumb":{"file":"deskmodder-forum-hell-und-dunkel-350x316.jpg","width":350,"height":316,"mime-type":"image\/jpeg","filesize":18133,"source_url":"https:\/\/www.deskmodder.de\/blog\/wp-content\/uploads\/2024\/05\/deskmodder-forum-hell-und-dunkel-350x316.jpg"},"service-featured":{"file":"deskmodder-forum-hell-und-dunkel-600x330.jpg","width":600,"height":330,"mime-type":"image\/jpeg","filesize":28652,"source_url":"https:\/\/www.deskmodder.de\/blog\/wp-content\/uploads\/2024\/05\/deskmodder-forum-hell-und-dunkel-600x330.jpg"}},"image_meta":{"aperture":"0","credit":"","camera":"","caption":"","created_timestamp":"0","copyright":"","focal_length":"0","iso":"0","shutter_speed":"0","title":"","orientation":"0","keywords":[]}},"post":188643,"source_url":"https:\/\/www.deskmodder.de\/blog\/wp-content\/uploads\/2024\/05\/deskmodder-forum-hell-und-dunkel.jpg"},"commentcount":24,"wp_comments":[{"id":275374,"parent":0,"author":0,"author_name":"dark","author_email":"daarkrock@web.de","author_url":"","author_avatar_urls":{"24":"https:\/\/secure.gravatar.com\/avatar\/2a84a53d626333e10f4ae3ab52e8c47204efa958ee51dcfc7b0ac5c62e9081ba?s=24&d=mm&r=g","48":"https:\/\/secure.gravatar.com\/avatar\/2a84a53d626333e10f4ae3ab52e8c47204efa958ee51dcfc7b0ac5c62e9081ba?s=48&d=mm&r=g","96":"https:\/\/secure.gravatar.com\/avatar\/2a84a53d626333e10f4ae3ab52e8c47204efa958ee51dcfc7b0ac5c62e9081ba?s=96&d=mm&r=g"},"date":"2024-05-10T15:30:01","cld_nonce":"1ebf7c6f1e","content":{"rendered":"<p>Ich unterd\u00fccke die Erkennung im Fuchs, weil den darkmode \u00fcber browser API an Webseiten zu verraten auch zum Tracking genutzt wird:<br \/>\n[https:\/\/pixelpoint.io\/blog\/how-to-track-user-dark-and-light-mode-in-ga4\/]<\/p>\n<p>Ja ja nicht hier!!<br \/>\nJetzt gibt es trotzdem 1 Problem:<br \/>\nDetektiert ihr nur oder ist da auch ein Knopf zum an\/aus machen? Je nach lage meiner Augen stelle ich auch mal zu beliebigen Uhrzeiten hell oder Dunkel.<\/p>\n<p>Also knopf her, bitte bitte! <img src=\"https:\/\/www.deskmodder.de\/blog\/wp-content\/plugins\/classic-smilies\/img\/icon_smile.gif\" alt=\":)\" class=\"wp-smiley\" \/><\/p>\n"},"status":"1"},{"id":275375,"parent":275374,"author":1525,"author_name":"W8U","author_email":"windows-8-user@live.de","author_url":"","author_avatar_urls":{"24":"https:\/\/secure.gravatar.com\/avatar\/a1e9db99fdd71a9ae2c516203e3fcd390817fa98f868eb9ba6d4a77d1a815cd4?s=24&d=mm&r=g","48":"https:\/\/secure.gravatar.com\/avatar\/a1e9db99fdd71a9ae2c516203e3fcd390817fa98f868eb9ba6d4a77d1a815cd4?s=48&d=mm&r=g","96":"https:\/\/secure.gravatar.com\/avatar\/a1e9db99fdd71a9ae2c516203e3fcd390817fa98f868eb9ba6d4a77d1a815cd4?s=96&d=mm&r=g"},"date":"2024-05-10T15:35:53","cld_nonce":"1ebf7c6f1e","content":{"rendered":"<p>Die Erkennung macht dein eigener Browser und \u00fcber deinen Browser bzw. dein Betriebssystem kannst du auch steuern, ob du es hell oder dunkel haben m\u00f6chtest. Bei iOS\/macOS kannst du zum Beispiel schnell einfach \u00fcbers Kontrollzentrum umschalten. Einen separaten Schalter hier bei uns gab es die letzten Jahre nicht und und wird es voraussichtlich zuk\u00fcnftig nicht geben. Das hilft dir zwar auch nicht weiter, aber nur zur Info. Aber wie du schon gesagt hast, wird es zumindest hier bei uns auch nicht zum Tracking genutzt.<\/p>\n"},"status":"1"},{"id":275377,"parent":275375,"author":0,"author_name":"Under the Hood","author_email":"under_the_hood@gmx.net","author_url":"","author_avatar_urls":{"24":"https:\/\/secure.gravatar.com\/avatar\/b28266eafed05f59b2c4e5ec2e2bcf3545d8bb47fe79893ccc2970ee4bc94cbe?s=24&d=mm&r=g","48":"https:\/\/secure.gravatar.com\/avatar\/b28266eafed05f59b2c4e5ec2e2bcf3545d8bb47fe79893ccc2970ee4bc94cbe?s=48&d=mm&r=g","96":"https:\/\/secure.gravatar.com\/avatar\/b28266eafed05f59b2c4e5ec2e2bcf3545d8bb47fe79893ccc2970ee4bc94cbe?s=96&d=mm&r=g"},"date":"2024-05-10T15:41:09","cld_nonce":"1ebf7c6f1e","content":{"rendered":"<p>Cool! Danke f\u00fcr Deine Bem\u00fchungen!! Gef\u00e4llt mir pers\u00f6nlich sehr gut!!<\/p>\n"},"status":"1"},{"id":275379,"parent":275374,"author":0,"author_name":"Baldar","author_email":"Klausvom@anderen.ufer","author_url":"","author_avatar_urls":{"24":"https:\/\/secure.gravatar.com\/avatar\/1afc97a1669f37bcb29bcf0cfb0fd6981a2e3290993cc6634f200736d080ec17?s=24&d=mm&r=g","48":"https:\/\/secure.gravatar.com\/avatar\/1afc97a1669f37bcb29bcf0cfb0fd6981a2e3290993cc6634f200736d080ec17?s=48&d=mm&r=g","96":"https:\/\/secure.gravatar.com\/avatar\/1afc97a1669f37bcb29bcf0cfb0fd6981a2e3290993cc6634f200736d080ec17?s=96&d=mm&r=g"},"date":"2024-05-10T15:46:11","cld_nonce":"1ebf7c6f1e","content":{"rendered":"<p>Kann man die Verfolgung nicht mit uMatrix[https:\/\/www.kuketz-blog.de\/firefox-umatrix-firefox-kompendium-teil9\/] oder NoSkript[https:\/\/www.kuketz-blog.de\/firefox-noscript-firefox-kompendium-teil5\/] unterbinden?<\/p>\n<p>Dieses Addon stellt auch einige Tracker aus: [https:\/\/addons.mozilla.org\/de\/firefox\/addon\/privacy-badger17\/?utm_source=addons.mozilla.org&amp;utm_medium=referral&amp;utm_content=search]<\/p>\n"},"status":"1"},{"id":275381,"parent":0,"author":9527,"author_name":"theFraenk","author_email":"fbantle@gmx.de","author_url":"","author_avatar_urls":{"24":"https:\/\/secure.gravatar.com\/avatar\/959aca074d14ca0eabd4391d7492db091545b48a62179c5ec942026707b7309b?s=24&d=mm&r=g","48":"https:\/\/secure.gravatar.com\/avatar\/959aca074d14ca0eabd4391d7492db091545b48a62179c5ec942026707b7309b?s=48&d=mm&r=g","96":"https:\/\/secure.gravatar.com\/avatar\/959aca074d14ca0eabd4391d7492db091545b48a62179c5ec942026707b7309b?s=96&d=mm&r=g"},"date":"2024-05-10T16:01:47","cld_nonce":"1ebf7c6f1e","content":{"rendered":"<p>Ich nutze das Forum selten, daher ist es f\u00fcr mich nicht weiter schlimm. Aber insgesamt finde ich die helle Variante deutlich freundlicher und \u00fcbersichtlicher. Zumal der Rahmen ja immer dunkel ist und die Seite sich dadurch sch\u00f6n ins dunkle Browser Fenster einf\u00fcgt.<\/p>\n"},"status":"1"},{"id":275382,"parent":0,"author":6158,"author_name":"Tekkie Boy","author_email":"tekkie.boy@outlook.com","author_url":"","author_avatar_urls":{"24":"https:\/\/secure.gravatar.com\/avatar\/7346df737f0c09ed1f61349ba3bb332f290a66361ea9e351b025aad84f864fd1?s=24&d=mm&r=g","48":"https:\/\/secure.gravatar.com\/avatar\/7346df737f0c09ed1f61349ba3bb332f290a66361ea9e351b025aad84f864fd1?s=48&d=mm&r=g","96":"https:\/\/secure.gravatar.com\/avatar\/7346df737f0c09ed1f61349ba3bb332f290a66361ea9e351b025aad84f864fd1?s=96&d=mm&r=g"},"date":"2024-05-10T16:23:12","cld_nonce":"1ebf7c6f1e","content":{"rendered":"<p>Vielen lieben Dank dass ihr euch doch dem Thema gewidmet habt.<\/p>\n<p>Nun kann ich bei euch ebenfalls auf ein Drittanbieter Tool verzichten.<\/p>\n<p>Somit bleibt mir im Augenblick nur noch eine Seite wo es nicht geht.<\/p>\n<p>Sch\u00f6nes Wochenende euch allen.<\/p>\n"},"status":"1"},{"id":275385,"parent":0,"author":5893,"author_name":"stay_connected_3","author_email":"fettabroiler@outlook.de","author_url":"","author_avatar_urls":{"24":"https:\/\/secure.gravatar.com\/avatar\/7712d17514f0731c3faf869661c939c9538b3368cede42d661256097be0a33a9?s=24&d=mm&r=g","48":"https:\/\/secure.gravatar.com\/avatar\/7712d17514f0731c3faf869661c939c9538b3368cede42d661256097be0a33a9?s=48&d=mm&r=g","96":"https:\/\/secure.gravatar.com\/avatar\/7712d17514f0731c3faf869661c939c9538b3368cede42d661256097be0a33a9?s=96&d=mm&r=g"},"date":"2024-05-10T17:28:49","cld_nonce":"1ebf7c6f1e","content":{"rendered":"<p>Gibt&#8217;s eigentlich eine (einfache) M\u00f6glichkeit, einzelne ausgew\u00e4hlte Webseiten trotz dunklem Design hell darzustellen? Ich finde ein helles Forum besser lesbar.<\/p>\n"},"status":"1"},{"id":275391,"parent":275385,"author":0,"author_name":"Rolix","author_email":"roland.moser@mosimail.ch","author_url":"","author_avatar_urls":{"24":"https:\/\/secure.gravatar.com\/avatar\/f67f2cc79ba1007ca86ea9a530b2ad9283b44a161c08dc623caa87cf87377e71?s=24&d=mm&r=g","48":"https:\/\/secure.gravatar.com\/avatar\/f67f2cc79ba1007ca86ea9a530b2ad9283b44a161c08dc623caa87cf87377e71?s=48&d=mm&r=g","96":"https:\/\/secure.gravatar.com\/avatar\/f67f2cc79ba1007ca86ea9a530b2ad9283b44a161c08dc623caa87cf87377e71?s=96&d=mm&r=g"},"date":"2024-05-10T19:53:55","cld_nonce":"1ebf7c6f1e","content":{"rendered":"<p>Probiers mal mit Firefox und Darkreader. Mit Darkreader kannst du die Farben einfach umkehren, so wie ich es in Erinnerung habe.<\/p>\n"},"status":"1"},{"id":275394,"parent":0,"author":9585,"author_name":"AceOfSpades","author_email":"gerald.vm@outlook.com","author_url":"","author_avatar_urls":{"24":"https:\/\/secure.gravatar.com\/avatar\/ae2f827205c50eed89df0be0604346a516d29572a83826b3cadbd13b1b845cf3?s=24&d=mm&r=g","48":"https:\/\/secure.gravatar.com\/avatar\/ae2f827205c50eed89df0be0604346a516d29572a83826b3cadbd13b1b845cf3?s=48&d=mm&r=g","96":"https:\/\/secure.gravatar.com\/avatar\/ae2f827205c50eed89df0be0604346a516d29572a83826b3cadbd13b1b845cf3?s=96&d=mm&r=g"},"date":"2024-05-10T20:10:16","cld_nonce":"1ebf7c6f1e","content":{"rendered":"<p>*knippst die Stirnlampe an*<\/p>\n"},"status":"1"},{"id":275397,"parent":275391,"author":5893,"author_name":"stay_connected_3","author_email":"fettabroiler@outlook.de","author_url":"","author_avatar_urls":{"24":"https:\/\/secure.gravatar.com\/avatar\/7712d17514f0731c3faf869661c939c9538b3368cede42d661256097be0a33a9?s=24&d=mm&r=g","48":"https:\/\/secure.gravatar.com\/avatar\/7712d17514f0731c3faf869661c939c9538b3368cede42d661256097be0a33a9?s=48&d=mm&r=g","96":"https:\/\/secure.gravatar.com\/avatar\/7712d17514f0731c3faf869661c939c9538b3368cede42d661256097be0a33a9?s=96&d=mm&r=g"},"date":"2024-05-10T20:43:05","cld_nonce":"1ebf7c6f1e","content":{"rendered":"<p>Danke erstmal! Ich verwende aber schon Firefox Color, und da w\u00fcrden sich beide Apps vermutlich nicht &#8222;vertragen&#8220;.<br \/>\nBei Darkreader steht extra dabei, dass man \u00e4hnliche Erweiterungen deaktivieren muss.<\/p>\n"},"status":"1"},{"id":275399,"parent":0,"author":4377,"author_name":"Nikwin","author_email":"winniko@gmx.de","author_url":"","author_avatar_urls":{"24":"https:\/\/secure.gravatar.com\/avatar\/9c306220c2fb155c890ab2b693f99ae307a2db60e2188053274aed6bf05c37d2?s=24&d=mm&r=g","48":"https:\/\/secure.gravatar.com\/avatar\/9c306220c2fb155c890ab2b693f99ae307a2db60e2188053274aed6bf05c37d2?s=48&d=mm&r=g","96":"https:\/\/secure.gravatar.com\/avatar\/9c306220c2fb155c890ab2b693f99ae307a2db60e2188053274aed6bf05c37d2?s=96&d=mm&r=g"},"date":"2024-05-10T21:00:38","cld_nonce":"1ebf7c6f1e","content":{"rendered":"<p>Mir gef\u00e4llt&#8217;s!<\/p>\n<p>Vielleicht ein anderes Forenicon f\u00fcr OffTopic?!<br \/>\nDie Smilies sind f\u00fcr einen hellen Stile (wei\u00dfer Rand).<br \/>\n&#8211; Muss aber nicht sein. \ud83d\ude09<\/p>\n"},"status":"1"},{"id":275403,"parent":0,"author":3295,"author_name":"Captain_Chris","author_email":"chris-f@posteo.de","author_url":"","author_avatar_urls":{"24":"https:\/\/secure.gravatar.com\/avatar\/63585cd1101bfde407666b4ffb7b75358e90a93978aebccc5ade32c51d578209?s=24&d=mm&r=g","48":"https:\/\/secure.gravatar.com\/avatar\/63585cd1101bfde407666b4ffb7b75358e90a93978aebccc5ade32c51d578209?s=48&d=mm&r=g","96":"https:\/\/secure.gravatar.com\/avatar\/63585cd1101bfde407666b4ffb7b75358e90a93978aebccc5ade32c51d578209?s=96&d=mm&r=g"},"date":"2024-05-10T22:32:29","cld_nonce":"1ebf7c6f1e","content":{"rendered":"<p>Wohin verfolgt einen dieser komische Duster-Trend eigentlich noch ganz?<\/p>\n<p>Aufm PC kann ich den K\u00e4se ja zumindest noch gut umgehen, aber \u00fcber mein Smartphone werde ich Deskmodder in Zukunft dann halt nicht mehr aufrufen. In meinen Smartphone-Einstellungen habe ich ein ETWAS dunkleres Design als Ger\u00e4te-Standard eingestellt &#8211; dies wird f\u00fcr Deskmodder jetzt wohl als &#8222;Dark-Mode&#8220; interpretiert. Sieht f\u00fcr mich pers\u00f6nlich voll nach Augen-Krebs aus. <\/p>\n<p>Hat aber auch \u00b4nen Vorteil: Meine mobile Deskmodder-Screen-Time reduziert sich somit ab heute gewaltig und ich genie\u00dfe als Ersatz die Farben der Natur. &#8230;die gibt\u00b4s wenigstens (zumindest tags\u00fcber) noch ohne Dark-Mode.<\/p>\n"},"status":"1"},{"id":275407,"parent":275375,"author":0,"author_name":"dark","author_email":"dunklertyp@gmx.de","author_url":"","author_avatar_urls":{"24":"https:\/\/secure.gravatar.com\/avatar\/c2fc3197e97fac604c1a40e49cac9095afe2d51ed766bebe30e6473a7ba92355?s=24&d=mm&r=g","48":"https:\/\/secure.gravatar.com\/avatar\/c2fc3197e97fac604c1a40e49cac9095afe2d51ed766bebe30e6473a7ba92355?s=48&d=mm&r=g","96":"https:\/\/secure.gravatar.com\/avatar\/c2fc3197e97fac604c1a40e49cac9095afe2d51ed766bebe30e6473a7ba92355?s=96&d=mm&r=g"},"date":"2024-05-11T02:02:34","cld_nonce":"1ebf7c6f1e","content":{"rendered":"<p>Im ernst? F\u00fcr eine Webseite muss ich mein ganzes OS umstellen? Im Multimonitorbetrieb?<br \/>\nNeeeee neeee danke <img src=\"https:\/\/www.deskmodder.de\/blog\/wp-content\/plugins\/classic-smilies\/img\/icon_biggrin.gif\" alt=\":D\" class=\"wp-smiley\" \/> mein Stylus hat den on\/off button dann halt. meine raison war ja nicht ungew\u00f6hnlich.<\/p>\n<p>Speichern als:<br \/>\nDarkModder.user.css<\/p>\n<p>L\u00f6scht sich in 1 Monat, also saugen!<br \/>\n<a href=\"https:\/\/i.imgur.com\/U7CPvXV.png\"  rel=\"lightbox[188643] nofollow ugc\">https:\/\/i.imgur.com\/U7CPvXV.png<\/a><br \/>\n[https:\/\/pastebin.com\/QvgPvHQN]<\/p>\n"},"status":"1"},{"id":275408,"parent":275379,"author":0,"author_name":"----","author_email":"dash@nobody.de","author_url":"","author_avatar_urls":{"24":"https:\/\/secure.gravatar.com\/avatar\/164d1900f97774dcac0ac255d2cb6990797238f47454bf521539d39262efe30a?s=24&d=mm&r=g","48":"https:\/\/secure.gravatar.com\/avatar\/164d1900f97774dcac0ac255d2cb6990797238f47454bf521539d39262efe30a?s=48&d=mm&r=g","96":"https:\/\/secure.gravatar.com\/avatar\/164d1900f97774dcac0ac255d2cb6990797238f47454bf521539d39262efe30a?s=96&d=mm&r=g"},"date":"2024-05-11T02:11:43","cld_nonce":"1ebf7c6f1e","content":{"rendered":"<p>\u00d6hm nein, am Thema vorbei?<br \/>\nCSS media queries und die API scheren sich gar nicht darum das dein JS aus ist:<br \/>\n<a href=\"https:\/\/browserleaks.com\/css\" rel=\"nofollow ugc\">https:\/\/browserleaks.com\/css<\/a><\/p>\n<p>Die saugen auch ohne JS.<\/p>\n"},"status":"1"},{"id":275413,"parent":0,"author":7403,"author_name":"star singt","author_email":"starsingtfb@web.de","author_url":"","author_avatar_urls":{"24":"https:\/\/secure.gravatar.com\/avatar\/c1607626db91aef4f44ddc454f6990dd9ec78429fc24f41434d2e7fc525b9065?s=24&d=mm&r=g","48":"https:\/\/secure.gravatar.com\/avatar\/c1607626db91aef4f44ddc454f6990dd9ec78429fc24f41434d2e7fc525b9065?s=48&d=mm&r=g","96":"https:\/\/secure.gravatar.com\/avatar\/c1607626db91aef4f44ddc454f6990dd9ec78429fc24f41434d2e7fc525b9065?s=96&d=mm&r=g"},"date":"2024-05-11T08:29:44","cld_nonce":"1ebf7c6f1e","content":{"rendered":"<p>COOL Dankesch\u00f6n<\/p>\n"},"status":"1"},{"id":275419,"parent":0,"author":0,"author_name":"Luzifer","author_email":"serra.avatar@web.de","author_url":"","author_avatar_urls":{"24":"https:\/\/secure.gravatar.com\/avatar\/3a056bca2e5e5358aae0eea162de34ea9523e13a273ccee5cce494d130ad5515?s=24&d=mm&r=g","48":"https:\/\/secure.gravatar.com\/avatar\/3a056bca2e5e5358aae0eea162de34ea9523e13a273ccee5cce494d130ad5515?s=48&d=mm&r=g","96":"https:\/\/secure.gravatar.com\/avatar\/3a056bca2e5e5358aae0eea162de34ea9523e13a273ccee5cce494d130ad5515?s=96&d=mm&r=g"},"date":"2024-05-11T09:34:49","cld_nonce":"1ebf7c6f1e","content":{"rendered":"<p>bei mir reglt Darkmode schon immer ne Erweiterung im Browser (auch auf Seiten die das eigentlich gar nicht bieten).<br \/>\nVor allem l\u00e4sst sich da auch dediziert einstellen mit welchen Farben&#8230; so das es nicht nach Augenkrebs ausschaut.<\/p>\n<p>(Augenkrebs bezieht sich auf allgemein Seiten, hier ist das sogar noch ok umgesetzt)<\/p>\n"},"status":"1"},{"id":275431,"parent":275397,"author":0,"author_name":"dark","author_email":"dunklertyp@gmx.de","author_url":"","author_avatar_urls":{"24":"https:\/\/secure.gravatar.com\/avatar\/c2fc3197e97fac604c1a40e49cac9095afe2d51ed766bebe30e6473a7ba92355?s=24&d=mm&r=g","48":"https:\/\/secure.gravatar.com\/avatar\/c2fc3197e97fac604c1a40e49cac9095afe2d51ed766bebe30e6473a7ba92355?s=48&d=mm&r=g","96":"https:\/\/secure.gravatar.com\/avatar\/c2fc3197e97fac604c1a40e49cac9095afe2d51ed766bebe30e6473a7ba92355?s=96&d=mm&r=g"},"date":"2024-05-11T10:56:35","cld_nonce":"1ebf7c6f1e","content":{"rendered":"<p>K\u00f6nntest ja meine user.css oben einfach nehmen, dann machst du dass:<br \/>\n@-moz-document domain(&#8222;deskmodder.de&#8220;) {<\/p>\n<p>wird zu<br \/>\n@-moz-document url-prefix(&#8222;https:\/\/www.deskmodder.de\/blog\/&#8220;) {<\/p>\n<p>Dann hast du ein Darktheme nur f\u00fcr den Blog. Es hatte schon seine Gr\u00fcnde, dass ich einen Button wollte, bzw so rumpienze <img src=\"https:\/\/www.deskmodder.de\/blog\/wp-content\/plugins\/classic-smilies\/img\/icon_biggrin.gif\" alt=\":D\" class=\"wp-smiley\" \/><\/p>\n"},"status":"1"},{"id":275432,"parent":275403,"author":0,"author_name":"dark","author_email":"dunklertyp@gmx.de","author_url":"","author_avatar_urls":{"24":"https:\/\/secure.gravatar.com\/avatar\/c2fc3197e97fac604c1a40e49cac9095afe2d51ed766bebe30e6473a7ba92355?s=24&d=mm&r=g","48":"https:\/\/secure.gravatar.com\/avatar\/c2fc3197e97fac604c1a40e49cac9095afe2d51ed766bebe30e6473a7ba92355?s=48&d=mm&r=g","96":"https:\/\/secure.gravatar.com\/avatar\/c2fc3197e97fac604c1a40e49cac9095afe2d51ed766bebe30e6473a7ba92355?s=96&d=mm&r=g"},"date":"2024-05-11T11:03:45","cld_nonce":"1ebf7c6f1e","content":{"rendered":"<p>Die Melatonin-Produktion wird unterdr\u00fcckt:<br \/>\nEine zweist\u00fcndige Exposition gegen\u00fcber blauem Licht (Teil von RGB am Monitor) am Abend st\u00f6rt die Bildung von Melatonin.<\/p>\n<p>Lass doch Leute machen was sie wollen. Darkmode ist gesund!<\/p>\n"},"status":"1"},{"id":275441,"parent":275403,"author":9930,"author_name":"Timewalker","author_email":"allgemein1a@mailbox.org","author_url":"","author_avatar_urls":{"24":"https:\/\/secure.gravatar.com\/avatar\/76e76d3f845b5987cd0689089a3e80fd5290492eb9114b2c71d250b71b23f30f?s=24&d=mm&r=g","48":"https:\/\/secure.gravatar.com\/avatar\/76e76d3f845b5987cd0689089a3e80fd5290492eb9114b2c71d250b71b23f30f?s=48&d=mm&r=g","96":"https:\/\/secure.gravatar.com\/avatar\/76e76d3f845b5987cd0689089a3e80fd5290492eb9114b2c71d250b71b23f30f?s=96&d=mm&r=g"},"date":"2024-05-11T12:33:32","cld_nonce":"1ebf7c6f1e","content":{"rendered":"<p>Ich kann eine Seite mit schwarzen Hintergrund auch nicht leiden. Nach sp\u00e4testens ein paar Minuten tun mir dann die Augen weh. Kann nat\u00fcrlich auch daran liegen das ich Brillentr\u00e4ger bin.<br \/>\nAber wie dem auch sei, wem es gef\u00e4llt &#8230;<\/p>\n"},"status":"1"},{"id":275445,"parent":0,"author":3778,"author_name":"Grisu_1968","author_email":"ralferhardt@t-online.de","author_url":"","author_avatar_urls":{"24":"https:\/\/secure.gravatar.com\/avatar\/43359e66560020595daca0731f686b70ff9e2aabfbea2448b58316e993d2e4d2?s=24&d=mm&r=g","48":"https:\/\/secure.gravatar.com\/avatar\/43359e66560020595daca0731f686b70ff9e2aabfbea2448b58316e993d2e4d2?s=48&d=mm&r=g","96":"https:\/\/secure.gravatar.com\/avatar\/43359e66560020595daca0731f686b70ff9e2aabfbea2448b58316e993d2e4d2?s=96&d=mm&r=g"},"date":"2024-05-11T16:10:16","cld_nonce":"1ebf7c6f1e","content":{"rendered":"<p>Ein DICKES Daumen hoch. \ud83d\udc4d<\/p>\n"},"status":"1"},{"id":275465,"parent":0,"author":0,"author_name":"Baldar","author_email":"Klausvom@anderen.ufer","author_url":"","author_avatar_urls":{"24":"https:\/\/secure.gravatar.com\/avatar\/1afc97a1669f37bcb29bcf0cfb0fd6981a2e3290993cc6634f200736d080ec17?s=24&d=mm&r=g","48":"https:\/\/secure.gravatar.com\/avatar\/1afc97a1669f37bcb29bcf0cfb0fd6981a2e3290993cc6634f200736d080ec17?s=48&d=mm&r=g","96":"https:\/\/secure.gravatar.com\/avatar\/1afc97a1669f37bcb29bcf0cfb0fd6981a2e3290993cc6634f200736d080ec17?s=96&d=mm&r=g"},"date":"2024-05-12T08:13:06","cld_nonce":"1ebf7c6f1e","content":{"rendered":"<p>Eine Frage, wieso lagert ihr die Kommentare nicht ins Forum aus wie Computerbase z.B. <a href=\"https:\/\/www.computerbase.de\/2024-05\/im-test-vor-15-jahren-nvidias-ion-verlieh-dem-intel-atom-nicht-nur-in-spielen-fluegel\/\" rel=\"nofollow ugc\">https:\/\/www.computerbase.de\/2024-05\/im-test-vor-15-jahren-nvidias-ion-verlieh-dem-intel-atom-nicht-nur-in-spielen-fluegel\/<\/a> k\u00f6nntet ja Kommentare &amp; Fragen oben dazu schreiben. W\u00e4re jedenfalls hilfreich um keine Antwort zu verpassen.^^<\/p>\n"},"status":"1"},{"id":275466,"parent":275465,"author":134,"author_name":"moinmoin","author_email":"moin-moin@hab-verschlafen.de","author_url":"","author_avatar_urls":{"24":"https:\/\/secure.gravatar.com\/avatar\/fab96769102f8886245ab411df9a42a235be79261e4b44aa7ab2a555da8b86b4?s=24&d=mm&r=g","48":"https:\/\/secure.gravatar.com\/avatar\/fab96769102f8886245ab411df9a42a235be79261e4b44aa7ab2a555da8b86b4?s=48&d=mm&r=g","96":"https:\/\/secure.gravatar.com\/avatar\/fab96769102f8886245ab411df9a42a235be79261e4b44aa7ab2a555da8b86b4?s=96&d=mm&r=g"},"date":"2024-05-12T08:27:40","cld_nonce":"1ebf7c6f1e","content":{"rendered":"<p>Computerbase nutzt eine andere Forensoftware.<\/p>\n"},"status":"1"},{"id":275468,"parent":275466,"author":0,"author_name":"Baldar","author_email":"Klausvom@anderen.ufer","author_url":"","author_avatar_urls":{"24":"https:\/\/secure.gravatar.com\/avatar\/1afc97a1669f37bcb29bcf0cfb0fd6981a2e3290993cc6634f200736d080ec17?s=24&d=mm&r=g","48":"https:\/\/secure.gravatar.com\/avatar\/1afc97a1669f37bcb29bcf0cfb0fd6981a2e3290993cc6634f200736d080ec17?s=48&d=mm&r=g","96":"https:\/\/secure.gravatar.com\/avatar\/1afc97a1669f37bcb29bcf0cfb0fd6981a2e3290993cc6634f200736d080ec17?s=96&d=mm&r=g"},"date":"2024-05-12T08:57:30","cld_nonce":"1ebf7c6f1e","content":{"rendered":"<p>Schade, w\u00fcrde das Forum halt auch beleben, denke ich.<\/p>\n"},"status":"1"},{"id":275808,"parent":275399,"author":4377,"author_name":"Nikwin","author_email":"winniko@gmx.de","author_url":"","author_avatar_urls":{"24":"https:\/\/secure.gravatar.com\/avatar\/9c306220c2fb155c890ab2b693f99ae307a2db60e2188053274aed6bf05c37d2?s=24&d=mm&r=g","48":"https:\/\/secure.gravatar.com\/avatar\/9c306220c2fb155c890ab2b693f99ae307a2db60e2188053274aed6bf05c37d2?s=48&d=mm&r=g","96":"https:\/\/secure.gravatar.com\/avatar\/9c306220c2fb155c890ab2b693f99ae307a2db60e2188053274aed6bf05c37d2?s=96&d=mm&r=g"},"date":"2024-05-16T14:37:49","cld_nonce":"1ebf7c6f1e","content":{"rendered":"<p>Gerade gesehen, dass das Forenicon ge\u00e4ndert wurde.<br \/>\nPrima! \ud83d\udc4d<\/p>\n"},"status":"1"}],"wp_author":{"id":134,"name":"moinmoin","description":"Ich bin nicht allwissend, was <a href=\"https:\/\/www.deskmodder.de\/wiki\/index.php?title=Kategorie:Windows_11\">Windows<\/a> angeht. Aber genau deshalb nehme ich Windows gerne auseinander und unter die Lupe, um all mein Wissen zu erweitern. <i>J\u00fcrgen<\/i>","author_avatar_urls":{"24":"https:\/\/secure.gravatar.com\/avatar\/fab96769102f8886245ab411df9a42a235be79261e4b44aa7ab2a555da8b86b4?s=24&d=mm&r=g","48":"https:\/\/secure.gravatar.com\/avatar\/fab96769102f8886245ab411df9a42a235be79261e4b44aa7ab2a555da8b86b4?s=48&d=mm&r=g","96":"https:\/\/secure.gravatar.com\/avatar\/fab96769102f8886245ab411df9a42a235be79261e4b44aa7ab2a555da8b86b4?s=96&d=mm&r=g"}},"cld_nonce":"1ebf7c6f1e","yoast_head":"<!-- This site is optimized with the Yoast SEO Premium plugin v27.5 (Yoast SEO v27.5) - https:\/\/yoast.com\/product\/yoast-seo-premium-wordpress\/ -->\n<title>In eigener Sache: Unser Forum kann jetzt auch &quot;dunkel&quot; - Deskmodder.de<\/title>\n<meta name=\"robots\" content=\"index, follow, max-snippet:-1, max-image-preview:large, max-video-preview:-1\" \/>\n<link rel=\"canonical\" href=\"https:\/\/www.deskmodder.de\/blog\/2024\/05\/10\/in-eigener-sache-unser-forum-kann-jetzt-auch-dunkel\/\" \/>\n<meta property=\"og:locale\" content=\"de_DE\" \/>\n<meta property=\"og:type\" content=\"article\" \/>\n<meta property=\"og:title\" content=\"In eigener Sache: Unser Forum kann jetzt auch &quot;dunkel&quot;\" \/>\n<meta property=\"og:description\" content=\"Mal ein kleiner Hinweis. Vielleicht ist es euch schon aufgefallen, unser Forum ist jetzt auch in dunkel verf\u00fcgbar. Eigentlich nichts Besonderes. Aber da wir das Design vom Blog (WordPress), Wiki (MediaWiki) und Forum (phpBB) soweit angeglichen hatten, konnten wir nicht&hellip;\" \/>\n<meta property=\"og:url\" content=\"https:\/\/www.deskmodder.de\/blog\/2024\/05\/10\/in-eigener-sache-unser-forum-kann-jetzt-auch-dunkel\/\" \/>\n<meta property=\"og:site_name\" content=\"Deskmodder.de\" \/>\n<meta property=\"article:publisher\" content=\"https:\/\/www.facebook.com\/Deskmodder\" \/>\n<meta property=\"article:published_time\" content=\"2024-05-10T13:10:24+00:00\" \/>\n<meta property=\"article:modified_time\" content=\"2024-05-10T13:11:11+00:00\" \/>\n<meta property=\"og:image\" content=\"https:\/\/www.deskmodder.de\/blog\/wp-content\/uploads\/2024\/05\/deskmodder-forum-hell-und-dunkel.jpg\" \/>\n\t<meta property=\"og:image:width\" content=\"1327\" \/>\n\t<meta property=\"og:image:height\" content=\"812\" \/>\n\t<meta property=\"og:image:type\" content=\"image\/jpeg\" \/>\n<meta name=\"author\" content=\"moinmoin\" \/>\n<meta name=\"twitter:card\" content=\"summary_large_image\" \/>\n<meta name=\"twitter:creator\" content=\"@Deskmodder\" \/>\n<meta name=\"twitter:site\" content=\"@Deskmodder\" \/>\n<script type=\"application\/ld+json\" class=\"yoast-schema-graph\">{\"@context\":\"https:\\\/\\\/schema.org\",\"@graph\":[{\"@type\":\"Article\",\"@id\":\"https:\\\/\\\/www.deskmodder.de\\\/blog\\\/2024\\\/05\\\/10\\\/in-eigener-sache-unser-forum-kann-jetzt-auch-dunkel\\\/#article\",\"isPartOf\":{\"@id\":\"https:\\\/\\\/www.deskmodder.de\\\/blog\\\/2024\\\/05\\\/10\\\/in-eigener-sache-unser-forum-kann-jetzt-auch-dunkel\\\/\"},\"author\":{\"name\":\"moinmoin\",\"@id\":\"https:\\\/\\\/www.deskmodder.de\\\/blog\\\/#\\\/schema\\\/person\\\/a40b17a9503c4a1568ac4073bb54182a\"},\"headline\":\"In eigener Sache: Unser Forum kann jetzt auch &#8222;dunkel&#8220;\",\"datePublished\":\"2024-05-10T13:10:24+00:00\",\"dateModified\":\"2024-05-10T13:11:11+00:00\",\"mainEntityOfPage\":{\"@id\":\"https:\\\/\\\/www.deskmodder.de\\\/blog\\\/2024\\\/05\\\/10\\\/in-eigener-sache-unser-forum-kann-jetzt-auch-dunkel\\\/\"},\"wordCount\":138,\"commentCount\":24,\"publisher\":{\"@id\":\"https:\\\/\\\/www.deskmodder.de\\\/blog\\\/#organization\"},\"image\":{\"@id\":\"https:\\\/\\\/www.deskmodder.de\\\/blog\\\/2024\\\/05\\\/10\\\/in-eigener-sache-unser-forum-kann-jetzt-auch-dunkel\\\/#primaryimage\"},\"thumbnailUrl\":\"https:\\\/\\\/www.deskmodder.de\\\/blog\\\/wp-content\\\/uploads\\\/2024\\\/05\\\/deskmodder-forum-hell-und-dunkel.jpg\",\"inLanguage\":\"de\",\"potentialAction\":[{\"@type\":\"CommentAction\",\"name\":\"Comment\",\"target\":[\"https:\\\/\\\/www.deskmodder.de\\\/blog\\\/2024\\\/05\\\/10\\\/in-eigener-sache-unser-forum-kann-jetzt-auch-dunkel\\\/#respond\"]}],\"copyrightYear\":\"2024\",\"copyrightHolder\":{\"@id\":\"https:\\\/\\\/www.deskmodder.de\\\/blog\\\/#organization\"}},{\"@type\":\"WebPage\",\"@id\":\"https:\\\/\\\/www.deskmodder.de\\\/blog\\\/2024\\\/05\\\/10\\\/in-eigener-sache-unser-forum-kann-jetzt-auch-dunkel\\\/\",\"url\":\"https:\\\/\\\/www.deskmodder.de\\\/blog\\\/2024\\\/05\\\/10\\\/in-eigener-sache-unser-forum-kann-jetzt-auch-dunkel\\\/\",\"name\":\"In eigener Sache: Unser Forum kann jetzt auch \\\"dunkel\\\" - Deskmodder.de\",\"isPartOf\":{\"@id\":\"https:\\\/\\\/www.deskmodder.de\\\/blog\\\/#website\"},\"primaryImageOfPage\":{\"@id\":\"https:\\\/\\\/www.deskmodder.de\\\/blog\\\/2024\\\/05\\\/10\\\/in-eigener-sache-unser-forum-kann-jetzt-auch-dunkel\\\/#primaryimage\"},\"image\":{\"@id\":\"https:\\\/\\\/www.deskmodder.de\\\/blog\\\/2024\\\/05\\\/10\\\/in-eigener-sache-unser-forum-kann-jetzt-auch-dunkel\\\/#primaryimage\"},\"thumbnailUrl\":\"https:\\\/\\\/www.deskmodder.de\\\/blog\\\/wp-content\\\/uploads\\\/2024\\\/05\\\/deskmodder-forum-hell-und-dunkel.jpg\",\"datePublished\":\"2024-05-10T13:10:24+00:00\",\"dateModified\":\"2024-05-10T13:11:11+00:00\",\"breadcrumb\":{\"@id\":\"https:\\\/\\\/www.deskmodder.de\\\/blog\\\/2024\\\/05\\\/10\\\/in-eigener-sache-unser-forum-kann-jetzt-auch-dunkel\\\/#breadcrumb\"},\"inLanguage\":\"de\",\"potentialAction\":[{\"@type\":\"ReadAction\",\"target\":[\"https:\\\/\\\/www.deskmodder.de\\\/blog\\\/2024\\\/05\\\/10\\\/in-eigener-sache-unser-forum-kann-jetzt-auch-dunkel\\\/\"]}]},{\"@type\":\"ImageObject\",\"inLanguage\":\"de\",\"@id\":\"https:\\\/\\\/www.deskmodder.de\\\/blog\\\/2024\\\/05\\\/10\\\/in-eigener-sache-unser-forum-kann-jetzt-auch-dunkel\\\/#primaryimage\",\"url\":\"https:\\\/\\\/www.deskmodder.de\\\/blog\\\/wp-content\\\/uploads\\\/2024\\\/05\\\/deskmodder-forum-hell-und-dunkel.jpg\",\"contentUrl\":\"https:\\\/\\\/www.deskmodder.de\\\/blog\\\/wp-content\\\/uploads\\\/2024\\\/05\\\/deskmodder-forum-hell-und-dunkel.jpg\",\"width\":1327,\"height\":812},{\"@type\":\"BreadcrumbList\",\"@id\":\"https:\\\/\\\/www.deskmodder.de\\\/blog\\\/2024\\\/05\\\/10\\\/in-eigener-sache-unser-forum-kann-jetzt-auch-dunkel\\\/#breadcrumb\",\"itemListElement\":[{\"@type\":\"ListItem\",\"position\":1,\"name\":\"Startseite\",\"item\":\"https:\\\/\\\/www.deskmodder.de\\\/blog\\\/\"},{\"@type\":\"ListItem\",\"position\":2,\"name\":\"In eigener Sache: Unser Forum kann jetzt auch &#8220;dunkel&#8221;\"}]},{\"@type\":\"WebSite\",\"@id\":\"https:\\\/\\\/www.deskmodder.de\\\/blog\\\/#website\",\"url\":\"https:\\\/\\\/www.deskmodder.de\\\/blog\\\/\",\"name\":\"Deskmodder.de\",\"description\":\"News zum Thema Microsoft, Windows 11 \\\/ 10, sowie anderen Neuigkeiten aus dem Netz, viele Tipps und individuelle Hilfe bei Problemen in unserem Forum \u25cf Deskmodder - seit 2003\",\"publisher\":{\"@id\":\"https:\\\/\\\/www.deskmodder.de\\\/blog\\\/#organization\"},\"potentialAction\":[{\"@type\":\"SearchAction\",\"target\":{\"@type\":\"EntryPoint\",\"urlTemplate\":\"https:\\\/\\\/www.deskmodder.de\\\/blog\\\/?s={search_term_string}\"},\"query-input\":{\"@type\":\"PropertyValueSpecification\",\"valueRequired\":true,\"valueName\":\"search_term_string\"}}],\"inLanguage\":\"de\"},{\"@type\":\"Organization\",\"@id\":\"https:\\\/\\\/www.deskmodder.de\\\/blog\\\/#organization\",\"name\":\"Deskmodder\",\"url\":\"https:\\\/\\\/www.deskmodder.de\\\/blog\\\/\",\"logo\":{\"@type\":\"ImageObject\",\"inLanguage\":\"de\",\"@id\":\"https:\\\/\\\/www.deskmodder.de\\\/blog\\\/#\\\/schema\\\/logo\\\/image\\\/\",\"url\":\"https:\\\/\\\/www.deskmodder.de\\\/blog\\\/wp-content\\\/uploads\\\/2019\\\/01\\\/deskmodder-logo-app.png\",\"contentUrl\":\"https:\\\/\\\/www.deskmodder.de\\\/blog\\\/wp-content\\\/uploads\\\/2019\\\/01\\\/deskmodder-logo-app.png\",\"width\":281,\"height\":286,\"caption\":\"Deskmodder\"},\"image\":{\"@id\":\"https:\\\/\\\/www.deskmodder.de\\\/blog\\\/#\\\/schema\\\/logo\\\/image\\\/\"},\"sameAs\":[\"https:\\\/\\\/www.facebook.com\\\/Deskmodder\",\"https:\\\/\\\/x.com\\\/Deskmodder\",\"https:\\\/\\\/mastodontech.de\\\/@Deskmodder\",\"https:\\\/\\\/www.youtube.com\\\/user\\\/deskmodder\",\"https:\\\/\\\/mewe.com\\\/group\\\/5c83b5231add826fc80cdae1\"]},{\"@type\":\"Person\",\"@id\":\"https:\\\/\\\/www.deskmodder.de\\\/blog\\\/#\\\/schema\\\/person\\\/a40b17a9503c4a1568ac4073bb54182a\",\"name\":\"moinmoin\",\"image\":{\"@type\":\"ImageObject\",\"inLanguage\":\"de\",\"@id\":\"https:\\\/\\\/secure.gravatar.com\\\/avatar\\\/fab96769102f8886245ab411df9a42a235be79261e4b44aa7ab2a555da8b86b4?s=96&d=mm&r=g\",\"url\":\"https:\\\/\\\/secure.gravatar.com\\\/avatar\\\/fab96769102f8886245ab411df9a42a235be79261e4b44aa7ab2a555da8b86b4?s=96&d=mm&r=g\",\"contentUrl\":\"https:\\\/\\\/secure.gravatar.com\\\/avatar\\\/fab96769102f8886245ab411df9a42a235be79261e4b44aa7ab2a555da8b86b4?s=96&d=mm&r=g\",\"caption\":\"moinmoin\"},\"description\":\"Ich bin nicht allwissend, was Windows angeht. Aber genau deshalb nehme ich Windows gerne auseinander und unter die Lupe, um all mein Wissen zu erweitern. J\u00fcrgen\",\"url\":\"https:\\\/\\\/www.deskmodder.de\\\/blog\\\/author\\\/moinmoin\\\/\"}]}<\/script>\n<!-- \/ Yoast SEO Premium plugin. -->","yoast_head_json":{"title":"In eigener Sache: Unser Forum kann jetzt auch \"dunkel\" - Deskmodder.de","robots":{"index":"index","follow":"follow","max-snippet":"max-snippet:-1","max-image-preview":"max-image-preview:large","max-video-preview":"max-video-preview:-1"},"canonical":"https:\/\/www.deskmodder.de\/blog\/2024\/05\/10\/in-eigener-sache-unser-forum-kann-jetzt-auch-dunkel\/","og_locale":"de_DE","og_type":"article","og_title":"In eigener Sache: Unser Forum kann jetzt auch \"dunkel\"","og_description":"Mal ein kleiner Hinweis. Vielleicht ist es euch schon aufgefallen, unser Forum ist jetzt auch in dunkel verf\u00fcgbar. Eigentlich nichts Besonderes. Aber da wir das Design vom Blog (WordPress), Wiki (MediaWiki) und Forum (phpBB) soweit angeglichen hatten, konnten wir nicht&hellip;","og_url":"https:\/\/www.deskmodder.de\/blog\/2024\/05\/10\/in-eigener-sache-unser-forum-kann-jetzt-auch-dunkel\/","og_site_name":"Deskmodder.de","article_publisher":"https:\/\/www.facebook.com\/Deskmodder","article_published_time":"2024-05-10T13:10:24+00:00","article_modified_time":"2024-05-10T13:11:11+00:00","og_image":[{"width":1327,"height":812,"url":"https:\/\/www.deskmodder.de\/blog\/wp-content\/uploads\/2024\/05\/deskmodder-forum-hell-und-dunkel.jpg","type":"image\/jpeg"}],"author":"moinmoin","twitter_card":"summary_large_image","twitter_creator":"@Deskmodder","twitter_site":"@Deskmodder","schema":{"@context":"https:\/\/schema.org","@graph":[{"@type":"Article","@id":"https:\/\/www.deskmodder.de\/blog\/2024\/05\/10\/in-eigener-sache-unser-forum-kann-jetzt-auch-dunkel\/#article","isPartOf":{"@id":"https:\/\/www.deskmodder.de\/blog\/2024\/05\/10\/in-eigener-sache-unser-forum-kann-jetzt-auch-dunkel\/"},"author":{"name":"moinmoin","@id":"https:\/\/www.deskmodder.de\/blog\/#\/schema\/person\/a40b17a9503c4a1568ac4073bb54182a"},"headline":"In eigener Sache: Unser Forum kann jetzt auch &#8222;dunkel&#8220;","datePublished":"2024-05-10T13:10:24+00:00","dateModified":"2024-05-10T13:11:11+00:00","mainEntityOfPage":{"@id":"https:\/\/www.deskmodder.de\/blog\/2024\/05\/10\/in-eigener-sache-unser-forum-kann-jetzt-auch-dunkel\/"},"wordCount":138,"commentCount":24,"publisher":{"@id":"https:\/\/www.deskmodder.de\/blog\/#organization"},"image":{"@id":"https:\/\/www.deskmodder.de\/blog\/2024\/05\/10\/in-eigener-sache-unser-forum-kann-jetzt-auch-dunkel\/#primaryimage"},"thumbnailUrl":"https:\/\/www.deskmodder.de\/blog\/wp-content\/uploads\/2024\/05\/deskmodder-forum-hell-und-dunkel.jpg","inLanguage":"de","potentialAction":[{"@type":"CommentAction","name":"Comment","target":["https:\/\/www.deskmodder.de\/blog\/2024\/05\/10\/in-eigener-sache-unser-forum-kann-jetzt-auch-dunkel\/#respond"]}],"copyrightYear":"2024","copyrightHolder":{"@id":"https:\/\/www.deskmodder.de\/blog\/#organization"}},{"@type":"WebPage","@id":"https:\/\/www.deskmodder.de\/blog\/2024\/05\/10\/in-eigener-sache-unser-forum-kann-jetzt-auch-dunkel\/","url":"https:\/\/www.deskmodder.de\/blog\/2024\/05\/10\/in-eigener-sache-unser-forum-kann-jetzt-auch-dunkel\/","name":"In eigener Sache: Unser Forum kann jetzt auch \"dunkel\" - Deskmodder.de","isPartOf":{"@id":"https:\/\/www.deskmodder.de\/blog\/#website"},"primaryImageOfPage":{"@id":"https:\/\/www.deskmodder.de\/blog\/2024\/05\/10\/in-eigener-sache-unser-forum-kann-jetzt-auch-dunkel\/#primaryimage"},"image":{"@id":"https:\/\/www.deskmodder.de\/blog\/2024\/05\/10\/in-eigener-sache-unser-forum-kann-jetzt-auch-dunkel\/#primaryimage"},"thumbnailUrl":"https:\/\/www.deskmodder.de\/blog\/wp-content\/uploads\/2024\/05\/deskmodder-forum-hell-und-dunkel.jpg","datePublished":"2024-05-10T13:10:24+00:00","dateModified":"2024-05-10T13:11:11+00:00","breadcrumb":{"@id":"https:\/\/www.deskmodder.de\/blog\/2024\/05\/10\/in-eigener-sache-unser-forum-kann-jetzt-auch-dunkel\/#breadcrumb"},"inLanguage":"de","potentialAction":[{"@type":"ReadAction","target":["https:\/\/www.deskmodder.de\/blog\/2024\/05\/10\/in-eigener-sache-unser-forum-kann-jetzt-auch-dunkel\/"]}]},{"@type":"ImageObject","inLanguage":"de","@id":"https:\/\/www.deskmodder.de\/blog\/2024\/05\/10\/in-eigener-sache-unser-forum-kann-jetzt-auch-dunkel\/#primaryimage","url":"https:\/\/www.deskmodder.de\/blog\/wp-content\/uploads\/2024\/05\/deskmodder-forum-hell-und-dunkel.jpg","contentUrl":"https:\/\/www.deskmodder.de\/blog\/wp-content\/uploads\/2024\/05\/deskmodder-forum-hell-und-dunkel.jpg","width":1327,"height":812},{"@type":"BreadcrumbList","@id":"https:\/\/www.deskmodder.de\/blog\/2024\/05\/10\/in-eigener-sache-unser-forum-kann-jetzt-auch-dunkel\/#breadcrumb","itemListElement":[{"@type":"ListItem","position":1,"name":"Startseite","item":"https:\/\/www.deskmodder.de\/blog\/"},{"@type":"ListItem","position":2,"name":"In eigener Sache: Unser Forum kann jetzt auch &#8220;dunkel&#8221;"}]},{"@type":"WebSite","@id":"https:\/\/www.deskmodder.de\/blog\/#website","url":"https:\/\/www.deskmodder.de\/blog\/","name":"Deskmodder.de","description":"News zum Thema Microsoft, Windows 11 \/ 10, sowie anderen Neuigkeiten aus dem Netz, viele Tipps und individuelle Hilfe bei Problemen in unserem Forum \u25cf Deskmodder - seit 2003","publisher":{"@id":"https:\/\/www.deskmodder.de\/blog\/#organization"},"potentialAction":[{"@type":"SearchAction","target":{"@type":"EntryPoint","urlTemplate":"https:\/\/www.deskmodder.de\/blog\/?s={search_term_string}"},"query-input":{"@type":"PropertyValueSpecification","valueRequired":true,"valueName":"search_term_string"}}],"inLanguage":"de"},{"@type":"Organization","@id":"https:\/\/www.deskmodder.de\/blog\/#organization","name":"Deskmodder","url":"https:\/\/www.deskmodder.de\/blog\/","logo":{"@type":"ImageObject","inLanguage":"de","@id":"https:\/\/www.deskmodder.de\/blog\/#\/schema\/logo\/image\/","url":"https:\/\/www.deskmodder.de\/blog\/wp-content\/uploads\/2019\/01\/deskmodder-logo-app.png","contentUrl":"https:\/\/www.deskmodder.de\/blog\/wp-content\/uploads\/2019\/01\/deskmodder-logo-app.png","width":281,"height":286,"caption":"Deskmodder"},"image":{"@id":"https:\/\/www.deskmodder.de\/blog\/#\/schema\/logo\/image\/"},"sameAs":["https:\/\/www.facebook.com\/Deskmodder","https:\/\/x.com\/Deskmodder","https:\/\/mastodontech.de\/@Deskmodder","https:\/\/www.youtube.com\/user\/deskmodder","https:\/\/mewe.com\/group\/5c83b5231add826fc80cdae1"]},{"@type":"Person","@id":"https:\/\/www.deskmodder.de\/blog\/#\/schema\/person\/a40b17a9503c4a1568ac4073bb54182a","name":"moinmoin","image":{"@type":"ImageObject","inLanguage":"de","@id":"https:\/\/secure.gravatar.com\/avatar\/fab96769102f8886245ab411df9a42a235be79261e4b44aa7ab2a555da8b86b4?s=96&d=mm&r=g","url":"https:\/\/secure.gravatar.com\/avatar\/fab96769102f8886245ab411df9a42a235be79261e4b44aa7ab2a555da8b86b4?s=96&d=mm&r=g","contentUrl":"https:\/\/secure.gravatar.com\/avatar\/fab96769102f8886245ab411df9a42a235be79261e4b44aa7ab2a555da8b86b4?s=96&d=mm&r=g","caption":"moinmoin"},"description":"Ich bin nicht allwissend, was Windows angeht. Aber genau deshalb nehme ich Windows gerne auseinander und unter die Lupe, um all mein Wissen zu erweitern. J\u00fcrgen","url":"https:\/\/www.deskmodder.de\/blog\/author\/moinmoin\/"}]}},"jetpack_publicize_connections":[],"jetpack_featured_media_url":"https:\/\/www.deskmodder.de\/blog\/wp-content\/uploads\/2024\/05\/deskmodder-forum-hell-und-dunkel.jpg","_links":{"self":[{"href":"https:\/\/www.deskmodder.de\/blog\/wp-json\/wp\/v2\/posts\/188643","targetHints":{"allow":["GET"]}}],"collection":[{"href":"https:\/\/www.deskmodder.de\/blog\/wp-json\/wp\/v2\/posts"}],"about":[{"href":"https:\/\/www.deskmodder.de\/blog\/wp-json\/wp\/v2\/types\/post"}],"author":[{"embeddable":true,"href":"https:\/\/www.deskmodder.de\/blog\/wp-json\/wp\/v2\/users\/134"}],"replies":[{"embeddable":true,"href":"https:\/\/www.deskmodder.de\/blog\/wp-json\/wp\/v2\/comments?post=188643"}],"version-history":[{"count":2,"href":"https:\/\/www.deskmodder.de\/blog\/wp-json\/wp\/v2\/posts\/188643\/revisions"}],"predecessor-version":[{"id":188646,"href":"https:\/\/www.deskmodder.de\/blog\/wp-json\/wp\/v2\/posts\/188643\/revisions\/188646"}],"wp:featuredmedia":[{"embeddable":true,"href":"https:\/\/www.deskmodder.de\/blog\/wp-json\/wp\/v2\/media\/188644"}],"wp:attachment":[{"href":"https:\/\/www.deskmodder.de\/blog\/wp-json\/wp\/v2\/media?parent=188643"}],"wp:term":[{"taxonomy":"category","embeddable":true,"href":"https:\/\/www.deskmodder.de\/blog\/wp-json\/wp\/v2\/categories?post=188643"},{"taxonomy":"post_tag","embeddable":true,"href":"https:\/\/www.deskmodder.de\/blog\/wp-json\/wp\/v2\/tags?post=188643"}],"curies":[{"name":"wp","href":"https:\/\/api.w.org\/{rel}","templated":true}]}}