{"id":188381,"date":"2024-04-29T17:24:56","date_gmt":"2024-04-29T15:24:56","guid":{"rendered":"https:\/\/www.deskmodder.de\/blog\/?p=188381"},"modified":"2024-04-29T17:24:56","modified_gmt":"2024-04-29T15:24:56","slug":"eu-kommission-ipados-faellt-unter-den-digital-markets-act","status":"publish","type":"post","link":"https:\/\/www.deskmodder.de\/blog\/2024\/04\/29\/eu-kommission-ipados-faellt-unter-den-digital-markets-act\/","title":{"rendered":"EU-Kommission: iPadOS f\u00e4llt unter den Digital Markets Act"},"content":{"rendered":"<p>Im Zuge des Digital Markets Acts (DMA) sieht sich Apple erneut mit regulatorischen Anforderungen der Europ\u00e4ischen Union konfrontiert. Die EU-Kommission hat iPadOS heute offiziell als &#8222;Gatekeeper&#8220; eingestuft. Dies zieht bedeutende Verpflichtungen im Rahmen des DMA nach sich. Apple erh\u00e4lt eine Frist von sechs Monaten, um die notwendigen Anpassungen vorzunehmen. In dieser Zeit verpflichtet man Apple auch, die Einhaltung dieser Vorschriften sicherzustellen.<\/p>\n<h2><a href=\"https:\/\/www.deskmodder.de\/blog\/wp-content\/uploads\/2020\/03\/apple-new-ipad-pro-03182020.jpg\" rel=\"lightbox[188381]\"><img loading=\"lazy\" decoding=\"async\" class=\"aligncenter wp-image-136145 size-medium\" src=\"https:\/\/www.deskmodder.de\/blog\/wp-content\/uploads\/2020\/03\/apple-new-ipad-pro-03182020-500x282.jpg\" alt=\"\" width=\"500\" height=\"282\" srcset=\"https:\/\/www.deskmodder.de\/blog\/wp-content\/uploads\/2020\/03\/apple-new-ipad-pro-03182020-500x282.jpg 500w, https:\/\/www.deskmodder.de\/blog\/wp-content\/uploads\/2020\/03\/apple-new-ipad-pro-03182020-810x456.jpg 810w, https:\/\/www.deskmodder.de\/blog\/wp-content\/uploads\/2020\/03\/apple-new-ipad-pro-03182020-306x172.jpg 306w, https:\/\/www.deskmodder.de\/blog\/wp-content\/uploads\/2020\/03\/apple-new-ipad-pro-03182020-1536x865.jpg 1536w, https:\/\/www.deskmodder.de\/blog\/wp-content\/uploads\/2020\/03\/apple-new-ipad-pro-03182020.jpg 1960w\" sizes=\"auto, (max-width: 500px) 100vw, 500px\" \/><\/a>EU-Kommission bewertet System als Gatekeeper<\/h2>\n<p>Als Folge der <a href=\"https:\/\/ec.europa.eu\/commission\/presscorner\/detail\/de\/ip_24_2363#09\" target=\"_blank\" rel=\"noopener\">Untersuchung<\/a> rund um die Einhaltung des Digital Markets Acts (DMA) muss Apple nun auch dem iPad neue Freiheiten gew\u00e4hren. Unter anderem kommen nun Sideloading von Apps, die Integration von Dritt-Anbieter-Stores und die Nutzung von Browsern mit eigener Engine aufs Tablet. Diese Ma\u00dfnahmen zielen darauf ab, eine gr\u00f6\u00dfere Wettbewerbsfreiheit und Wahlm\u00f6glichkeiten f\u00fcr die Verbraucher zu schaffen.<\/p>\n<blockquote><p>Das Gesetz \u00fcber digitale M\u00e4rkte ist ein dynamisches Instrument, das es uns erm\u00f6glicht, die Realit\u00e4ten der digitalen M\u00e4rkte zu bew\u00e4ltigen. Heute haben wir Apples iPadOS in den Anwendungsbereich der DMA-Verpflichtungen gebracht. Unsere Marktuntersuchung hat gezeigt, dass das iPadOS trotz des Nichterreichens der Schwellenwerte einen wichtigen Zugang darstellt, \u00fcber den viele Unternehmen ihre Kunden erreichen. Die heutige Entscheidung wird sicherstellen, dass Fairness und Anfechtbarkeit auch auf dieser Plattform gewahrt bleiben, zus\u00e4tzlich zu den 22 anderen Diensten, die wir im vergangenen September benannt haben. Apple hat sechs Monate Zeit, um iPadOS mit der DMA in Einklang zu bringen.<\/p>\n<p>Margrethe Vestager, Vizepr\u00e4sidentin der Kommission, zust\u00e4ndig f\u00fcr Wettbewerbspolitik<\/p><\/blockquote>\n<p>Bereits seit September 2023 hatte die EU-Kommission eine Marktuntersuchung durchgef\u00fchrt. Diese diente dazu festzustellen, ob iPadOS als Gatekeeper agiert. Als Grundlage f\u00fcr die Einstufung nennt die EU-Kommission folgende Punkte:<\/p>\n<ul>\n<li>Die Zahl der Gesch\u00e4ftskunden von Apple \u00fcberstieg die quantitative Schwelle um das Elffache, w\u00e4hrend die Zahl der Endkunden nahe an der Schwelle lag und in naher Zukunft voraussichtlich noch steigen wird.<\/li>\n<li>Die Endnutzer sind an das iPadOS gebunden. Apple nutzt sein gro\u00dfes \u00d6kosystem, um Endnutzer davon abzuhalten, zu anderen Betriebssystemen f\u00fcr Tablets zu wechseln.<\/li>\n<li>Gesch\u00e4ftskunden sind an iPadOS gebunden, weil es eine gro\u00dfe und kommerziell attraktive Nutzerbasis hat und f\u00fcr bestimmte Anwendungsf\u00e4lle wie Spiele-Apps wichtig ist.<\/li>\n<\/ul>\n","protected":false},"excerpt":{"rendered":"<p>Im Zuge des Digital Markets Acts (DMA) sieht sich Apple erneut mit regulatorischen Anforderungen der Europ\u00e4ischen Union konfrontiert. Die EU-Kommission hat iPadOS heute offiziell als &#8222;Gatekeeper&#8220; eingestuft. Dies zieht bedeutende Verpflichtungen im Rahmen des DMA nach sich. Apple erh\u00e4lt eine&hellip; <\/p>\n","protected":false},"author":4894,"featured_media":136145,"comment_status":"open","ping_status":"open","sticky":false,"template":"","format":"standard","meta":{"jetpack_post_was_ever_published":false,"footnotes":"","jetpack_publicize_message":"","jetpack_publicize_feature_enabled":true,"jetpack_social_post_already_shared":false,"jetpack_social_options":{"image_generator_settings":{"template":"highway","default_image_id":0,"font":"","enabled":false},"version":2}},"categories":[232],"tags":[98,88216,88215,16939,63702],"class_list":["post-188381","post","type-post","status-publish","format-standard","has-post-thumbnail","hentry","category-ios","tag-apple","tag-digital-markets-act","tag-dma","tag-eu-kommission","tag-ipados"],"wp_featured_image":{"id":136145,"alt_text":"","description":"","media_type":"image","media_details":{"width":1960,"height":1104,"file":"2020\/03\/apple-new-ipad-pro-03182020.jpg","sizes":{"medium":{"file":"apple-new-ipad-pro-03182020-500x282.jpg","width":500,"height":282,"mime-type":"image\/jpeg","source_url":"https:\/\/www.deskmodder.de\/blog\/wp-content\/uploads\/2020\/03\/apple-new-ipad-pro-03182020-500x282.jpg"},"large":{"file":"apple-new-ipad-pro-03182020-810x456.jpg","width":810,"height":456,"mime-type":"image\/jpeg","source_url":"https:\/\/www.deskmodder.de\/blog\/wp-content\/uploads\/2020\/03\/apple-new-ipad-pro-03182020-810x456.jpg"},"thumbnail":{"file":"apple-new-ipad-pro-03182020-306x172.jpg","width":306,"height":172,"mime-type":"image\/jpeg","source_url":"https:\/\/www.deskmodder.de\/blog\/wp-content\/uploads\/2020\/03\/apple-new-ipad-pro-03182020-306x172.jpg"},"1536x1536":{"file":"apple-new-ipad-pro-03182020-1536x865.jpg","width":1536,"height":865,"mime-type":"image\/jpeg","source_url":"https:\/\/www.deskmodder.de\/blog\/wp-content\/uploads\/2020\/03\/apple-new-ipad-pro-03182020-1536x865.jpg"},"wp_review_large":{"file":"apple-new-ipad-pro-03182020-320x200.jpg","width":320,"height":200,"mime-type":"image\/jpeg","source_url":"https:\/\/www.deskmodder.de\/blog\/wp-content\/uploads\/2020\/03\/apple-new-ipad-pro-03182020-320x200.jpg"},"wp_review_small":{"file":"apple-new-ipad-pro-03182020-65x65.jpg","width":65,"height":65,"mime-type":"image\/jpeg","source_url":"https:\/\/www.deskmodder.de\/blog\/wp-content\/uploads\/2020\/03\/apple-new-ipad-pro-03182020-65x65.jpg"},"blog-large":{"file":"apple-new-ipad-pro-03182020-642x300.jpg","width":642,"height":300,"mime-type":"image\/jpeg","source_url":"https:\/\/www.deskmodder.de\/blog\/wp-content\/uploads\/2020\/03\/apple-new-ipad-pro-03182020-642x300.jpg"},"blog-medium":{"file":"apple-new-ipad-pro-03182020-306x205.jpg","width":306,"height":205,"mime-type":"image\/jpeg","source_url":"https:\/\/www.deskmodder.de\/blog\/wp-content\/uploads\/2020\/03\/apple-new-ipad-pro-03182020-306x205.jpg"},"recent-thumb":{"file":"apple-new-ipad-pro-03182020-350x316.jpg","width":350,"height":316,"mime-type":"image\/jpeg","source_url":"https:\/\/www.deskmodder.de\/blog\/wp-content\/uploads\/2020\/03\/apple-new-ipad-pro-03182020-350x316.jpg"},"service-featured":{"file":"apple-new-ipad-pro-03182020-600x330.jpg","width":600,"height":330,"mime-type":"image\/jpeg","source_url":"https:\/\/www.deskmodder.de\/blog\/wp-content\/uploads\/2020\/03\/apple-new-ipad-pro-03182020-600x330.jpg"},"wp_rp_thumbnail":{"file":"apple-new-ipad-pro-03182020-50x50.jpg","width":50,"height":50,"mime-type":"image\/jpeg","source_url":"https:\/\/www.deskmodder.de\/blog\/wp-content\/uploads\/2020\/03\/apple-new-ipad-pro-03182020-50x50.jpg"}},"image_meta":{"aperture":"0","credit":"","camera":"","caption":"","created_timestamp":"0","copyright":"","focal_length":"0","iso":"0","shutter_speed":"0","title":"","orientation":"0","keywords":[]}},"post":136141,"source_url":"https:\/\/www.deskmodder.de\/blog\/wp-content\/uploads\/2020\/03\/apple-new-ipad-pro-03182020.jpg"},"commentcount":2,"wp_comments":[{"id":274815,"parent":0,"author":9995,"author_name":"ronnybruechner","author_email":"ronny.bruechner@googlemail.com","author_url":"","author_avatar_urls":{"24":"https:\/\/secure.gravatar.com\/avatar\/c8d3af6b82837b2842ca8114a91dbaaba426f6a90abde072169e09cce08610c4?s=24&d=mm&r=g","48":"https:\/\/secure.gravatar.com\/avatar\/c8d3af6b82837b2842ca8114a91dbaaba426f6a90abde072169e09cce08610c4?s=48&d=mm&r=g","96":"https:\/\/secure.gravatar.com\/avatar\/c8d3af6b82837b2842ca8114a91dbaaba426f6a90abde072169e09cce08610c4?s=96&d=mm&r=g"},"date":"2024-04-30T23:36:28","cld_nonce":"344c374182","content":{"rendered":"<p>Sensationell. <\/p>\n<p>Damit ist endlich ein vern\u00fcnftiger Browser, auch auf einem gr\u00f6\u00dferen Bildschirm m\u00f6glich. <\/p>\n<p>Vivaldi wird&#8217;s freuen.<br \/>\nUnd mit sideloading d\u00fcrfte auch spielen \u00fcber den Gamepass endlich Spa\u00df machen. <\/p>\n<p>Sehr sehr geil.<\/p>\n"},"status":"1"},{"id":274821,"parent":0,"author":6042,"author_name":"Skysoul","author_email":"skydragonx@aol.com","author_url":"","author_avatar_urls":{"24":"https:\/\/secure.gravatar.com\/avatar\/045b13fd3d1230e8f0fef5d1c0e8f5d4cfcecb8dbf1d39363c86038b9ca5b9ca?s=24&d=mm&r=g","48":"https:\/\/secure.gravatar.com\/avatar\/045b13fd3d1230e8f0fef5d1c0e8f5d4cfcecb8dbf1d39363c86038b9ca5b9ca?s=48&d=mm&r=g","96":"https:\/\/secure.gravatar.com\/avatar\/045b13fd3d1230e8f0fef5d1c0e8f5d4cfcecb8dbf1d39363c86038b9ca5b9ca?s=96&d=mm&r=g"},"date":"2024-05-01T05:44:54","cld_nonce":"344c374182","content":{"rendered":"<p>Ich finde es im traurigen Sinne lustig, dass ich mich als Europ\u00e4er ein wenig benachteiligt f\u00fchle was Apple und den Digital Markets Act angeht. Amerikaner k\u00f6nnen sich jetzt z.B. einfach Emulatoren \u00fcber den normalen AppStore laden w\u00e4hrend ich hier mir AltStore PAL &#8222;kaufen&#8220; m\u00fcsste und dazu mein iPhone noch auf 17.4 updaten.<\/p>\n<p>Sch\u00f6n dass es jetzt auch f\u00fcrs iPad gilt aber ich hoffe die EU zwingt Apple auch bei den Kleinigkeiten nachzubessern.<\/p>\n"},"status":"1"}],"wp_author":{"id":4894,"name":"Wagener_bjoern","description":"Blaulicht- &amp; Technikjournalist \u270f\ufe0f | Fotografie, Drohnen &amp; Luftfahrt \ud83d\udcf8\u2708\ufe0f | 3D-Druck &amp; Maker \ud83d\udda8\ufe0f | Cat Dad \ud83d\udc3e","author_avatar_urls":{"24":"https:\/\/secure.gravatar.com\/avatar\/faab38a98808dff100d6876904ec74377b3897ebbe844221f011f24bf665bd16?s=24&d=mm&r=g","48":"https:\/\/secure.gravatar.com\/avatar\/faab38a98808dff100d6876904ec74377b3897ebbe844221f011f24bf665bd16?s=48&d=mm&r=g","96":"https:\/\/secure.gravatar.com\/avatar\/faab38a98808dff100d6876904ec74377b3897ebbe844221f011f24bf665bd16?s=96&d=mm&r=g"}},"cld_nonce":"344c374182","yoast_head":"<!-- This site is optimized with the Yoast SEO Premium plugin v27.4 (Yoast SEO v27.4) - https:\/\/yoast.com\/product\/yoast-seo-premium-wordpress\/ -->\n<title>EU-Kommission: iPadOS f\u00e4llt unter den Digital Markets Act - Deskmodder.de<\/title>\n<meta name=\"description\" content=\"Apple muss Anpassungen an iPadOS vornehmen, nachdem es offiziell als &#039;Gatekeeper&#039; eingestuft wurde. Doch wie viel Zeit r\u00e4umt die EU ein?\" \/>\n<meta name=\"robots\" content=\"index, follow, max-snippet:-1, max-image-preview:large, max-video-preview:-1\" \/>\n<link rel=\"canonical\" href=\"https:\/\/www.deskmodder.de\/blog\/2024\/04\/29\/eu-kommission-ipados-faellt-unter-den-digital-markets-act\/\" \/>\n<meta property=\"og:locale\" content=\"de_DE\" \/>\n<meta property=\"og:type\" content=\"article\" \/>\n<meta property=\"og:title\" content=\"EU-Kommission: iPadOS f\u00e4llt unter den Digital Markets Act\" \/>\n<meta property=\"og:description\" content=\"Apple muss Anpassungen an iPadOS vornehmen, nachdem es offiziell als &#039;Gatekeeper&#039; eingestuft wurde. Doch wie viel Zeit r\u00e4umt die EU ein?\" \/>\n<meta property=\"og:url\" content=\"https:\/\/www.deskmodder.de\/blog\/2024\/04\/29\/eu-kommission-ipados-faellt-unter-den-digital-markets-act\/\" \/>\n<meta property=\"og:site_name\" content=\"Deskmodder.de\" \/>\n<meta property=\"article:publisher\" content=\"https:\/\/www.facebook.com\/Deskmodder\" \/>\n<meta property=\"article:author\" content=\"https:\/\/www.facebook.com\/bjoern.max.wagener\" \/>\n<meta property=\"article:published_time\" content=\"2024-04-29T15:24:56+00:00\" \/>\n<meta property=\"og:image\" content=\"https:\/\/www.deskmodder.de\/blog\/wp-content\/uploads\/2020\/03\/apple-new-ipad-pro-03182020.jpg\" \/>\n\t<meta property=\"og:image:width\" content=\"1960\" \/>\n\t<meta property=\"og:image:height\" content=\"1104\" \/>\n\t<meta property=\"og:image:type\" content=\"image\/jpeg\" \/>\n<meta name=\"author\" content=\"Wagener_bjoern\" \/>\n<meta name=\"twitter:card\" content=\"summary_large_image\" \/>\n<meta name=\"twitter:creator\" content=\"@wagener_bjoern\" \/>\n<meta name=\"twitter:site\" content=\"@Deskmodder\" \/>\n<script type=\"application\/ld+json\" class=\"yoast-schema-graph\">{\"@context\":\"https:\\\/\\\/schema.org\",\"@graph\":[{\"@type\":\"Article\",\"@id\":\"https:\\\/\\\/www.deskmodder.de\\\/blog\\\/2024\\\/04\\\/29\\\/eu-kommission-ipados-faellt-unter-den-digital-markets-act\\\/#article\",\"isPartOf\":{\"@id\":\"https:\\\/\\\/www.deskmodder.de\\\/blog\\\/2024\\\/04\\\/29\\\/eu-kommission-ipados-faellt-unter-den-digital-markets-act\\\/\"},\"author\":{\"name\":\"Wagener_bjoern\",\"@id\":\"https:\\\/\\\/www.deskmodder.de\\\/blog\\\/#\\\/schema\\\/person\\\/efd7dda2abfc34d2f026b3dd1ff08c0c\"},\"headline\":\"EU-Kommission: iPadOS f\u00e4llt unter den Digital Markets Act\",\"datePublished\":\"2024-04-29T15:24:56+00:00\",\"mainEntityOfPage\":{\"@id\":\"https:\\\/\\\/www.deskmodder.de\\\/blog\\\/2024\\\/04\\\/29\\\/eu-kommission-ipados-faellt-unter-den-digital-markets-act\\\/\"},\"wordCount\":366,\"commentCount\":2,\"publisher\":{\"@id\":\"https:\\\/\\\/www.deskmodder.de\\\/blog\\\/#organization\"},\"image\":{\"@id\":\"https:\\\/\\\/www.deskmodder.de\\\/blog\\\/2024\\\/04\\\/29\\\/eu-kommission-ipados-faellt-unter-den-digital-markets-act\\\/#primaryimage\"},\"thumbnailUrl\":\"https:\\\/\\\/www.deskmodder.de\\\/blog\\\/wp-content\\\/uploads\\\/2020\\\/03\\\/apple-new-ipad-pro-03182020.jpg\",\"keywords\":[\"Apple\",\"Digital Markets Act\",\"DMA\",\"EU Kommission\",\"iPadOS\"],\"articleSection\":[\"iOS\"],\"inLanguage\":\"de\",\"potentialAction\":[{\"@type\":\"CommentAction\",\"name\":\"Comment\",\"target\":[\"https:\\\/\\\/www.deskmodder.de\\\/blog\\\/2024\\\/04\\\/29\\\/eu-kommission-ipados-faellt-unter-den-digital-markets-act\\\/#respond\"]}],\"copyrightYear\":\"2024\",\"copyrightHolder\":{\"@id\":\"https:\\\/\\\/www.deskmodder.de\\\/blog\\\/#organization\"}},{\"@type\":\"WebPage\",\"@id\":\"https:\\\/\\\/www.deskmodder.de\\\/blog\\\/2024\\\/04\\\/29\\\/eu-kommission-ipados-faellt-unter-den-digital-markets-act\\\/\",\"url\":\"https:\\\/\\\/www.deskmodder.de\\\/blog\\\/2024\\\/04\\\/29\\\/eu-kommission-ipados-faellt-unter-den-digital-markets-act\\\/\",\"name\":\"EU-Kommission: iPadOS f\u00e4llt unter den Digital Markets Act - Deskmodder.de\",\"isPartOf\":{\"@id\":\"https:\\\/\\\/www.deskmodder.de\\\/blog\\\/#website\"},\"primaryImageOfPage\":{\"@id\":\"https:\\\/\\\/www.deskmodder.de\\\/blog\\\/2024\\\/04\\\/29\\\/eu-kommission-ipados-faellt-unter-den-digital-markets-act\\\/#primaryimage\"},\"image\":{\"@id\":\"https:\\\/\\\/www.deskmodder.de\\\/blog\\\/2024\\\/04\\\/29\\\/eu-kommission-ipados-faellt-unter-den-digital-markets-act\\\/#primaryimage\"},\"thumbnailUrl\":\"https:\\\/\\\/www.deskmodder.de\\\/blog\\\/wp-content\\\/uploads\\\/2020\\\/03\\\/apple-new-ipad-pro-03182020.jpg\",\"datePublished\":\"2024-04-29T15:24:56+00:00\",\"description\":\"Apple muss Anpassungen an iPadOS vornehmen, nachdem es offiziell als 'Gatekeeper' eingestuft wurde. Doch wie viel Zeit r\u00e4umt die EU ein?\",\"breadcrumb\":{\"@id\":\"https:\\\/\\\/www.deskmodder.de\\\/blog\\\/2024\\\/04\\\/29\\\/eu-kommission-ipados-faellt-unter-den-digital-markets-act\\\/#breadcrumb\"},\"inLanguage\":\"de\",\"potentialAction\":[{\"@type\":\"ReadAction\",\"target\":[\"https:\\\/\\\/www.deskmodder.de\\\/blog\\\/2024\\\/04\\\/29\\\/eu-kommission-ipados-faellt-unter-den-digital-markets-act\\\/\"]}]},{\"@type\":\"ImageObject\",\"inLanguage\":\"de\",\"@id\":\"https:\\\/\\\/www.deskmodder.de\\\/blog\\\/2024\\\/04\\\/29\\\/eu-kommission-ipados-faellt-unter-den-digital-markets-act\\\/#primaryimage\",\"url\":\"https:\\\/\\\/www.deskmodder.de\\\/blog\\\/wp-content\\\/uploads\\\/2020\\\/03\\\/apple-new-ipad-pro-03182020.jpg\",\"contentUrl\":\"https:\\\/\\\/www.deskmodder.de\\\/blog\\\/wp-content\\\/uploads\\\/2020\\\/03\\\/apple-new-ipad-pro-03182020.jpg\",\"width\":1960,\"height\":1104},{\"@type\":\"BreadcrumbList\",\"@id\":\"https:\\\/\\\/www.deskmodder.de\\\/blog\\\/2024\\\/04\\\/29\\\/eu-kommission-ipados-faellt-unter-den-digital-markets-act\\\/#breadcrumb\",\"itemListElement\":[{\"@type\":\"ListItem\",\"position\":1,\"name\":\"Startseite\",\"item\":\"https:\\\/\\\/www.deskmodder.de\\\/blog\\\/\"},{\"@type\":\"ListItem\",\"position\":2,\"name\":\"EU-Kommission: iPadOS f\u00e4llt unter den Digital Markets Act\"}]},{\"@type\":\"WebSite\",\"@id\":\"https:\\\/\\\/www.deskmodder.de\\\/blog\\\/#website\",\"url\":\"https:\\\/\\\/www.deskmodder.de\\\/blog\\\/\",\"name\":\"Deskmodder.de\",\"description\":\"News zum Thema Microsoft, Windows 11 \\\/ 10, sowie anderen Neuigkeiten aus dem Netz, viele Tipps und individuelle Hilfe bei Problemen in unserem Forum \u25cf Deskmodder - seit 2003\",\"publisher\":{\"@id\":\"https:\\\/\\\/www.deskmodder.de\\\/blog\\\/#organization\"},\"potentialAction\":[{\"@type\":\"SearchAction\",\"target\":{\"@type\":\"EntryPoint\",\"urlTemplate\":\"https:\\\/\\\/www.deskmodder.de\\\/blog\\\/?s={search_term_string}\"},\"query-input\":{\"@type\":\"PropertyValueSpecification\",\"valueRequired\":true,\"valueName\":\"search_term_string\"}}],\"inLanguage\":\"de\"},{\"@type\":\"Organization\",\"@id\":\"https:\\\/\\\/www.deskmodder.de\\\/blog\\\/#organization\",\"name\":\"Deskmodder\",\"url\":\"https:\\\/\\\/www.deskmodder.de\\\/blog\\\/\",\"logo\":{\"@type\":\"ImageObject\",\"inLanguage\":\"de\",\"@id\":\"https:\\\/\\\/www.deskmodder.de\\\/blog\\\/#\\\/schema\\\/logo\\\/image\\\/\",\"url\":\"https:\\\/\\\/www.deskmodder.de\\\/blog\\\/wp-content\\\/uploads\\\/2019\\\/01\\\/deskmodder-logo-app.png\",\"contentUrl\":\"https:\\\/\\\/www.deskmodder.de\\\/blog\\\/wp-content\\\/uploads\\\/2019\\\/01\\\/deskmodder-logo-app.png\",\"width\":281,\"height\":286,\"caption\":\"Deskmodder\"},\"image\":{\"@id\":\"https:\\\/\\\/www.deskmodder.de\\\/blog\\\/#\\\/schema\\\/logo\\\/image\\\/\"},\"sameAs\":[\"https:\\\/\\\/www.facebook.com\\\/Deskmodder\",\"https:\\\/\\\/x.com\\\/Deskmodder\",\"https:\\\/\\\/mastodontech.de\\\/@Deskmodder\",\"https:\\\/\\\/www.youtube.com\\\/user\\\/deskmodder\",\"https:\\\/\\\/mewe.com\\\/group\\\/5c83b5231add826fc80cdae1\"]},{\"@type\":\"Person\",\"@id\":\"https:\\\/\\\/www.deskmodder.de\\\/blog\\\/#\\\/schema\\\/person\\\/efd7dda2abfc34d2f026b3dd1ff08c0c\",\"name\":\"Wagener_bjoern\",\"image\":{\"@type\":\"ImageObject\",\"inLanguage\":\"de\",\"@id\":\"https:\\\/\\\/secure.gravatar.com\\\/avatar\\\/faab38a98808dff100d6876904ec74377b3897ebbe844221f011f24bf665bd16?s=96&d=mm&r=g\",\"url\":\"https:\\\/\\\/secure.gravatar.com\\\/avatar\\\/faab38a98808dff100d6876904ec74377b3897ebbe844221f011f24bf665bd16?s=96&d=mm&r=g\",\"contentUrl\":\"https:\\\/\\\/secure.gravatar.com\\\/avatar\\\/faab38a98808dff100d6876904ec74377b3897ebbe844221f011f24bf665bd16?s=96&d=mm&r=g\",\"caption\":\"Wagener_bjoern\"},\"description\":\"Blaulicht- &amp; Technikjournalist \u270f\ufe0f | Fotografie, Drohnen &amp; Luftfahrt \ud83d\udcf8\u2708\ufe0f | 3D-Druck &amp; Maker \ud83d\udda8\ufe0f | Cat Dad \ud83d\udc3e\",\"sameAs\":[\"https:\\\/\\\/www.facebook.com\\\/bjoern.max.wagener\",\"https:\\\/\\\/www.instagram.com\\\/wagener_bjoern\\\/\",\"https:\\\/\\\/x.com\\\/wagener_bjoern\"],\"url\":\"https:\\\/\\\/www.deskmodder.de\\\/blog\\\/author\\\/wagener_bjoern\\\/\"}]}<\/script>\n<!-- \/ Yoast SEO Premium plugin. -->","yoast_head_json":{"title":"EU-Kommission: iPadOS f\u00e4llt unter den Digital Markets Act - Deskmodder.de","description":"Apple muss Anpassungen an iPadOS vornehmen, nachdem es offiziell als 'Gatekeeper' eingestuft wurde. Doch wie viel Zeit r\u00e4umt die EU ein?","robots":{"index":"index","follow":"follow","max-snippet":"max-snippet:-1","max-image-preview":"max-image-preview:large","max-video-preview":"max-video-preview:-1"},"canonical":"https:\/\/www.deskmodder.de\/blog\/2024\/04\/29\/eu-kommission-ipados-faellt-unter-den-digital-markets-act\/","og_locale":"de_DE","og_type":"article","og_title":"EU-Kommission: iPadOS f\u00e4llt unter den Digital Markets Act","og_description":"Apple muss Anpassungen an iPadOS vornehmen, nachdem es offiziell als 'Gatekeeper' eingestuft wurde. Doch wie viel Zeit r\u00e4umt die EU ein?","og_url":"https:\/\/www.deskmodder.de\/blog\/2024\/04\/29\/eu-kommission-ipados-faellt-unter-den-digital-markets-act\/","og_site_name":"Deskmodder.de","article_publisher":"https:\/\/www.facebook.com\/Deskmodder","article_author":"https:\/\/www.facebook.com\/bjoern.max.wagener","article_published_time":"2024-04-29T15:24:56+00:00","og_image":[{"width":1960,"height":1104,"url":"https:\/\/www.deskmodder.de\/blog\/wp-content\/uploads\/2020\/03\/apple-new-ipad-pro-03182020.jpg","type":"image\/jpeg"}],"author":"Wagener_bjoern","twitter_card":"summary_large_image","twitter_creator":"@wagener_bjoern","twitter_site":"@Deskmodder","schema":{"@context":"https:\/\/schema.org","@graph":[{"@type":"Article","@id":"https:\/\/www.deskmodder.de\/blog\/2024\/04\/29\/eu-kommission-ipados-faellt-unter-den-digital-markets-act\/#article","isPartOf":{"@id":"https:\/\/www.deskmodder.de\/blog\/2024\/04\/29\/eu-kommission-ipados-faellt-unter-den-digital-markets-act\/"},"author":{"name":"Wagener_bjoern","@id":"https:\/\/www.deskmodder.de\/blog\/#\/schema\/person\/efd7dda2abfc34d2f026b3dd1ff08c0c"},"headline":"EU-Kommission: iPadOS f\u00e4llt unter den Digital Markets Act","datePublished":"2024-04-29T15:24:56+00:00","mainEntityOfPage":{"@id":"https:\/\/www.deskmodder.de\/blog\/2024\/04\/29\/eu-kommission-ipados-faellt-unter-den-digital-markets-act\/"},"wordCount":366,"commentCount":2,"publisher":{"@id":"https:\/\/www.deskmodder.de\/blog\/#organization"},"image":{"@id":"https:\/\/www.deskmodder.de\/blog\/2024\/04\/29\/eu-kommission-ipados-faellt-unter-den-digital-markets-act\/#primaryimage"},"thumbnailUrl":"https:\/\/www.deskmodder.de\/blog\/wp-content\/uploads\/2020\/03\/apple-new-ipad-pro-03182020.jpg","keywords":["Apple","Digital Markets Act","DMA","EU Kommission","iPadOS"],"articleSection":["iOS"],"inLanguage":"de","potentialAction":[{"@type":"CommentAction","name":"Comment","target":["https:\/\/www.deskmodder.de\/blog\/2024\/04\/29\/eu-kommission-ipados-faellt-unter-den-digital-markets-act\/#respond"]}],"copyrightYear":"2024","copyrightHolder":{"@id":"https:\/\/www.deskmodder.de\/blog\/#organization"}},{"@type":"WebPage","@id":"https:\/\/www.deskmodder.de\/blog\/2024\/04\/29\/eu-kommission-ipados-faellt-unter-den-digital-markets-act\/","url":"https:\/\/www.deskmodder.de\/blog\/2024\/04\/29\/eu-kommission-ipados-faellt-unter-den-digital-markets-act\/","name":"EU-Kommission: iPadOS f\u00e4llt unter den Digital Markets Act - Deskmodder.de","isPartOf":{"@id":"https:\/\/www.deskmodder.de\/blog\/#website"},"primaryImageOfPage":{"@id":"https:\/\/www.deskmodder.de\/blog\/2024\/04\/29\/eu-kommission-ipados-faellt-unter-den-digital-markets-act\/#primaryimage"},"image":{"@id":"https:\/\/www.deskmodder.de\/blog\/2024\/04\/29\/eu-kommission-ipados-faellt-unter-den-digital-markets-act\/#primaryimage"},"thumbnailUrl":"https:\/\/www.deskmodder.de\/blog\/wp-content\/uploads\/2020\/03\/apple-new-ipad-pro-03182020.jpg","datePublished":"2024-04-29T15:24:56+00:00","description":"Apple muss Anpassungen an iPadOS vornehmen, nachdem es offiziell als 'Gatekeeper' eingestuft wurde. Doch wie viel Zeit r\u00e4umt die EU ein?","breadcrumb":{"@id":"https:\/\/www.deskmodder.de\/blog\/2024\/04\/29\/eu-kommission-ipados-faellt-unter-den-digital-markets-act\/#breadcrumb"},"inLanguage":"de","potentialAction":[{"@type":"ReadAction","target":["https:\/\/www.deskmodder.de\/blog\/2024\/04\/29\/eu-kommission-ipados-faellt-unter-den-digital-markets-act\/"]}]},{"@type":"ImageObject","inLanguage":"de","@id":"https:\/\/www.deskmodder.de\/blog\/2024\/04\/29\/eu-kommission-ipados-faellt-unter-den-digital-markets-act\/#primaryimage","url":"https:\/\/www.deskmodder.de\/blog\/wp-content\/uploads\/2020\/03\/apple-new-ipad-pro-03182020.jpg","contentUrl":"https:\/\/www.deskmodder.de\/blog\/wp-content\/uploads\/2020\/03\/apple-new-ipad-pro-03182020.jpg","width":1960,"height":1104},{"@type":"BreadcrumbList","@id":"https:\/\/www.deskmodder.de\/blog\/2024\/04\/29\/eu-kommission-ipados-faellt-unter-den-digital-markets-act\/#breadcrumb","itemListElement":[{"@type":"ListItem","position":1,"name":"Startseite","item":"https:\/\/www.deskmodder.de\/blog\/"},{"@type":"ListItem","position":2,"name":"EU-Kommission: iPadOS f\u00e4llt unter den Digital Markets Act"}]},{"@type":"WebSite","@id":"https:\/\/www.deskmodder.de\/blog\/#website","url":"https:\/\/www.deskmodder.de\/blog\/","name":"Deskmodder.de","description":"News zum Thema Microsoft, Windows 11 \/ 10, sowie anderen Neuigkeiten aus dem Netz, viele Tipps und individuelle Hilfe bei Problemen in unserem Forum \u25cf Deskmodder - seit 2003","publisher":{"@id":"https:\/\/www.deskmodder.de\/blog\/#organization"},"potentialAction":[{"@type":"SearchAction","target":{"@type":"EntryPoint","urlTemplate":"https:\/\/www.deskmodder.de\/blog\/?s={search_term_string}"},"query-input":{"@type":"PropertyValueSpecification","valueRequired":true,"valueName":"search_term_string"}}],"inLanguage":"de"},{"@type":"Organization","@id":"https:\/\/www.deskmodder.de\/blog\/#organization","name":"Deskmodder","url":"https:\/\/www.deskmodder.de\/blog\/","logo":{"@type":"ImageObject","inLanguage":"de","@id":"https:\/\/www.deskmodder.de\/blog\/#\/schema\/logo\/image\/","url":"https:\/\/www.deskmodder.de\/blog\/wp-content\/uploads\/2019\/01\/deskmodder-logo-app.png","contentUrl":"https:\/\/www.deskmodder.de\/blog\/wp-content\/uploads\/2019\/01\/deskmodder-logo-app.png","width":281,"height":286,"caption":"Deskmodder"},"image":{"@id":"https:\/\/www.deskmodder.de\/blog\/#\/schema\/logo\/image\/"},"sameAs":["https:\/\/www.facebook.com\/Deskmodder","https:\/\/x.com\/Deskmodder","https:\/\/mastodontech.de\/@Deskmodder","https:\/\/www.youtube.com\/user\/deskmodder","https:\/\/mewe.com\/group\/5c83b5231add826fc80cdae1"]},{"@type":"Person","@id":"https:\/\/www.deskmodder.de\/blog\/#\/schema\/person\/efd7dda2abfc34d2f026b3dd1ff08c0c","name":"Wagener_bjoern","image":{"@type":"ImageObject","inLanguage":"de","@id":"https:\/\/secure.gravatar.com\/avatar\/faab38a98808dff100d6876904ec74377b3897ebbe844221f011f24bf665bd16?s=96&d=mm&r=g","url":"https:\/\/secure.gravatar.com\/avatar\/faab38a98808dff100d6876904ec74377b3897ebbe844221f011f24bf665bd16?s=96&d=mm&r=g","contentUrl":"https:\/\/secure.gravatar.com\/avatar\/faab38a98808dff100d6876904ec74377b3897ebbe844221f011f24bf665bd16?s=96&d=mm&r=g","caption":"Wagener_bjoern"},"description":"Blaulicht- &amp; Technikjournalist \u270f\ufe0f | Fotografie, Drohnen &amp; Luftfahrt \ud83d\udcf8\u2708\ufe0f | 3D-Druck &amp; Maker \ud83d\udda8\ufe0f | Cat Dad \ud83d\udc3e","sameAs":["https:\/\/www.facebook.com\/bjoern.max.wagener","https:\/\/www.instagram.com\/wagener_bjoern\/","https:\/\/x.com\/wagener_bjoern"],"url":"https:\/\/www.deskmodder.de\/blog\/author\/wagener_bjoern\/"}]}},"jetpack_publicize_connections":[],"jetpack_featured_media_url":"https:\/\/www.deskmodder.de\/blog\/wp-content\/uploads\/2020\/03\/apple-new-ipad-pro-03182020.jpg","_links":{"self":[{"href":"https:\/\/www.deskmodder.de\/blog\/wp-json\/wp\/v2\/posts\/188381","targetHints":{"allow":["GET"]}}],"collection":[{"href":"https:\/\/www.deskmodder.de\/blog\/wp-json\/wp\/v2\/posts"}],"about":[{"href":"https:\/\/www.deskmodder.de\/blog\/wp-json\/wp\/v2\/types\/post"}],"author":[{"embeddable":true,"href":"https:\/\/www.deskmodder.de\/blog\/wp-json\/wp\/v2\/users\/4894"}],"replies":[{"embeddable":true,"href":"https:\/\/www.deskmodder.de\/blog\/wp-json\/wp\/v2\/comments?post=188381"}],"version-history":[{"count":3,"href":"https:\/\/www.deskmodder.de\/blog\/wp-json\/wp\/v2\/posts\/188381\/revisions"}],"predecessor-version":[{"id":188384,"href":"https:\/\/www.deskmodder.de\/blog\/wp-json\/wp\/v2\/posts\/188381\/revisions\/188384"}],"wp:featuredmedia":[{"embeddable":true,"href":"https:\/\/www.deskmodder.de\/blog\/wp-json\/wp\/v2\/media\/136145"}],"wp:attachment":[{"href":"https:\/\/www.deskmodder.de\/blog\/wp-json\/wp\/v2\/media?parent=188381"}],"wp:term":[{"taxonomy":"category","embeddable":true,"href":"https:\/\/www.deskmodder.de\/blog\/wp-json\/wp\/v2\/categories?post=188381"},{"taxonomy":"post_tag","embeddable":true,"href":"https:\/\/www.deskmodder.de\/blog\/wp-json\/wp\/v2\/tags?post=188381"}],"curies":[{"name":"wp","href":"https:\/\/api.w.org\/{rel}","templated":true}]}}