{"id":185172,"date":"2024-01-08T18:31:25","date_gmt":"2024-01-08T17:31:25","guid":{"rendered":"https:\/\/www.deskmodder.de\/blog\/?p=185172"},"modified":"2024-01-08T18:41:08","modified_gmt":"2024-01-08T17:41:08","slug":"apple-vision-pro-erscheint-am-2-2-2024-in-den-usa","status":"publish","type":"post","link":"https:\/\/www.deskmodder.de\/blog\/2024\/01\/08\/apple-vision-pro-erscheint-am-2-2-2024-in-den-usa\/","title":{"rendered":"Apple Vision Pro erscheint am 2.2.2024 in den USA"},"content":{"rendered":"<p>Kurz informiert: Seit etwas mehr als einem halben Jahr wird der Marktstart der Apple Vision Pro (<a href=\"https:\/\/www.deskmodder.de\/blog\/2023\/06\/05\/das-ist-die-apple-vision-pro\/\" target=\"_blank\" rel=\"noopener\">wir berichteten<\/a>) von Apple erwartet und jetzt ist es Anfang Februar (2.2.) in den USA so weit &#8211; andere L\u00e4nder sollen dann im Laufe des Jahres folgen.<\/p>\n<p><a href=\"https:\/\/www.deskmodder.de\/blog\/wp-content\/uploads\/2023\/06\/fx4z7bkwaaej2pw.jpeg\" rel=\"lightbox[185172]\"><img loading=\"lazy\" decoding=\"async\" src=\"https:\/\/www.deskmodder.de\/blog\/wp-content\/uploads\/2023\/06\/fx4z7bkwaaej2pw-500x281.jpeg\" alt=\"\" width=\"500\" height=\"281\" class=\"aligncenter size-medium wp-image-178875\" srcset=\"https:\/\/www.deskmodder.de\/blog\/wp-content\/uploads\/2023\/06\/fx4z7bkwaaej2pw-500x281.jpeg 500w, https:\/\/www.deskmodder.de\/blog\/wp-content\/uploads\/2023\/06\/fx4z7bkwaaej2pw-810x455.jpeg 810w, https:\/\/www.deskmodder.de\/blog\/wp-content\/uploads\/2023\/06\/fx4z7bkwaaej2pw-306x172.jpeg 306w, https:\/\/www.deskmodder.de\/blog\/wp-content\/uploads\/2023\/06\/fx4z7bkwaaej2pw-1536x864.jpeg 1536w, https:\/\/www.deskmodder.de\/blog\/wp-content\/uploads\/2023\/06\/fx4z7bkwaaej2pw.jpeg 1960w\" sizes=\"auto, (max-width: 500px) 100vw, 500px\" \/><\/a><\/p>\n<p>Die Vision Pro startet bei 3.499 US-Dollar (USD) und 256 GB Speicherplatz. Aus dem gew\u00e4hlten Wortlaut geht hervor, dass es weitere Varianten geben wird. Optional gibt es verschiedene Zeiss-Linsen zur Korrektur einer Sehschw\u00e4che f\u00fcr 99 USD bzw. 149 USD. Beachtet, dass diese Preise wie \u00fcblich in den USA ohne &#8222;sales tax&#8220; angegeben werden.<\/p>\n<p>Die Vision Pro wird mit dem aus dem Werbematerial bekannten &#8222;Solo Knit Band&#8220; sowie einem &#8222;Dual Loop Band&#8220; geliefert. Dar\u00fcberhinaus im Lieferumfang enthalten sind eine Lichtdichtung (Light Seal), zwei Lichtdichtungskissen (Light Seal Cushions), eine Abdeckung f\u00fcr die Vorderseite des Ger\u00e4ts (Apple Vision Pro Cover), ein Putztuch, ein Akku, ein USB-C-Ladekabel und einen USB-C-Netzteil.<\/p>\n<div class=\"video-container\"><div style=\"position:relative;width:100%;max-width:810px;height:456px;background-color:black;color:white;padding:0px;\" data-video-id=\"TX9qSaGXFyg\">\n\t\t\t\t\t\t<div style=\"text-align: center;\">\n\t\t\t\t\t\t\t<span class=\"hint-text\">Erst durch Klick auf den Button werden Daten an Youtube \u00fcbermittelt und dir das Video angezeigt.<br\/>Mehr dazu in unserer <a href=\"https:\/\/www.deskmodder.de\/blog\/datenschutz-auf-deskmodder-de\/\" target=\"_blank\">Datenschutzrichtlinie<\/a><\/span>\n\t\t\t\t\t\t<\/div>\n\t\t\t\t\t\t<div style=\"text-align: center; margin-top: 10px;\">\n\t\t\t\t\t\t\t<button onclick=\"showVideo(this)\">Verstanden!<\/button>\n\t\t\t\t\t\t<\/div>\n\t\t\t\t\t\t<div class=\"video-container\" style=\"display:none;\">\n\t\t\t\t\t\t\t<img decoding=\"async\" src=\"https:\/\/img.youtube.com\/vi\/TX9qSaGXFyg\/hqdefault.jpg\" alt=\"Vorschaubild\" style=\"width:100%; max-width:810px;\" \/>\n\t\t\t\t\t\t<\/div>\n\t\t\t\t\t<\/div>\n\t\t\t\t\t<script>\n\t\t\t\t\t\tfunction showVideo(button) {\n\t\t\t\t\t\t\tconst videoID = button.parentElement.parentElement.getAttribute(\"data-video-id\");\n\t\t\t\t\t\t\tconsole.log(\"Video ID:\", videoID); \/\/ Debugging\n\t\t\t\t\t\t\tconst iframeHTML = \"<iframe width='810' height='456' src='https:\/\/www.youtube-nocookie.com\/embed\/\" + videoID + \"?feature=oembed' frameborder='0' allow='accelerometer; autoplay; clipboard-write; encrypted-media; gyroscope; picture-in-picture' allowfullscreen><\/iframe>\";\n\n\t\t\t\t\t\t\tbutton.parentElement.parentElement.querySelector(\".video-container\").innerHTML = iframeHTML;\n\n\t\t\t\t\t\t\t\/\/ Video-Container sichtbar machen\n\t\t\t\t\t\t\tbutton.parentElement.parentElement.querySelector(\".video-container\").style.display = \"block\";\n\t\t\t\t\t\t\tbutton.parentElement.parentElement.querySelector(\".hint-text\").style.display = \"none\";\n\t\t\t\t\t\t\tbutton.remove();\n\t\t\t\t\t\t}\n\t\t\t\t\t<\/script><\/div>\n","protected":false},"excerpt":{"rendered":"<p>Kurz informiert: Seit etwas mehr als einem halben Jahr wird der Marktstart der Apple Vision Pro (wir berichteten) von Apple erwartet und jetzt ist es Anfang Februar (2.2.) in den USA so weit &#8211; andere L\u00e4nder sollen dann im Laufe&hellip; <\/p>\n","protected":false},"author":1525,"featured_media":178875,"comment_status":"open","ping_status":"open","sticky":false,"template":"","format":"standard","meta":{"jetpack_post_was_ever_published":false,"footnotes":"","jetpack_publicize_message":"","jetpack_publicize_feature_enabled":true,"jetpack_social_post_already_shared":false,"jetpack_social_options":{"image_generator_settings":{"template":"highway","default_image_id":0,"font":"","enabled":false},"version":2}},"categories":[232],"tags":[87773,3,5040],"class_list":["post-185172","post","type-post","status-publish","format-standard","has-post-thumbnail","hentry","category-ios","tag-apple-vision-pro","tag-navigation","tag-usa"],"wp_featured_image":{"id":178875,"alt_text":"","description":"","media_type":"image","media_details":{"width":1960,"height":1102,"file":"2023\/06\/fx4z7bkwaaej2pw.jpeg","filesize":263888,"sizes":{"medium":{"file":"fx4z7bkwaaej2pw-500x281.jpeg","width":500,"height":281,"mime-type":"image\/jpeg","filesize":17262,"source_url":"https:\/\/www.deskmodder.de\/blog\/wp-content\/uploads\/2023\/06\/fx4z7bkwaaej2pw-500x281.jpeg"},"large":{"file":"fx4z7bkwaaej2pw-810x455.jpeg","width":810,"height":455,"mime-type":"image\/jpeg","filesize":42605,"source_url":"https:\/\/www.deskmodder.de\/blog\/wp-content\/uploads\/2023\/06\/fx4z7bkwaaej2pw-810x455.jpeg"},"thumbnail":{"file":"fx4z7bkwaaej2pw-306x172.jpeg","width":306,"height":172,"mime-type":"image\/jpeg","filesize":7904,"source_url":"https:\/\/www.deskmodder.de\/blog\/wp-content\/uploads\/2023\/06\/fx4z7bkwaaej2pw-306x172.jpeg"},"1536x1536":{"file":"fx4z7bkwaaej2pw-1536x864.jpeg","width":1536,"height":864,"mime-type":"image\/jpeg","filesize":152309,"source_url":"https:\/\/www.deskmodder.de\/blog\/wp-content\/uploads\/2023\/06\/fx4z7bkwaaej2pw-1536x864.jpeg"},"blog-large":{"file":"fx4z7bkwaaej2pw-642x300.jpeg","width":642,"height":300,"mime-type":"image\/jpeg","filesize":26434,"source_url":"https:\/\/www.deskmodder.de\/blog\/wp-content\/uploads\/2023\/06\/fx4z7bkwaaej2pw-642x300.jpeg"},"blog-medium":{"file":"fx4z7bkwaaej2pw-306x205.jpeg","width":306,"height":205,"mime-type":"image\/jpeg","filesize":9812,"source_url":"https:\/\/www.deskmodder.de\/blog\/wp-content\/uploads\/2023\/06\/fx4z7bkwaaej2pw-306x205.jpeg"},"recent-thumb":{"file":"fx4z7bkwaaej2pw-350x316.jpeg","width":350,"height":316,"mime-type":"image\/jpeg","filesize":15823,"source_url":"https:\/\/www.deskmodder.de\/blog\/wp-content\/uploads\/2023\/06\/fx4z7bkwaaej2pw-350x316.jpeg"},"service-featured":{"file":"fx4z7bkwaaej2pw-600x330.jpeg","width":600,"height":330,"mime-type":"image\/jpeg","filesize":23645,"source_url":"https:\/\/www.deskmodder.de\/blog\/wp-content\/uploads\/2023\/06\/fx4z7bkwaaej2pw-600x330.jpeg"}},"image_meta":{"aperture":"0","credit":"","camera":"","caption":"","created_timestamp":"0","copyright":"","focal_length":"0","iso":"0","shutter_speed":"0","title":"","orientation":"0","keywords":[]}},"post":178793,"source_url":"https:\/\/www.deskmodder.de\/blog\/wp-content\/uploads\/2023\/06\/fx4z7bkwaaej2pw.jpeg"},"commentcount":0,"wp_comments":[],"wp_author":{"id":1525,"name":"W8U","description":"Technikliebhaber aus Niedersachsen und seit 2013 bei den Deskmoddern. Interessiert sich f\u00fcr (fast) alles, durch das Strom flie\u00dft: Computer, Smartphones, Tablets, Autos und so weiter.","author_avatar_urls":{"24":"https:\/\/secure.gravatar.com\/avatar\/a1e9db99fdd71a9ae2c516203e3fcd390817fa98f868eb9ba6d4a77d1a815cd4?s=24&d=mm&r=g","48":"https:\/\/secure.gravatar.com\/avatar\/a1e9db99fdd71a9ae2c516203e3fcd390817fa98f868eb9ba6d4a77d1a815cd4?s=48&d=mm&r=g","96":"https:\/\/secure.gravatar.com\/avatar\/a1e9db99fdd71a9ae2c516203e3fcd390817fa98f868eb9ba6d4a77d1a815cd4?s=96&d=mm&r=g"}},"cld_nonce":"89644b8d55","yoast_head":"<!-- This site is optimized with the Yoast SEO Premium plugin v27.5 (Yoast SEO v27.5) - https:\/\/yoast.com\/product\/yoast-seo-premium-wordpress\/ -->\n<title>Apple Vision Pro erscheint am 2.2.2024 in den USA - Deskmodder.de<\/title>\n<meta name=\"robots\" content=\"index, follow, max-snippet:-1, max-image-preview:large, max-video-preview:-1\" \/>\n<link rel=\"canonical\" href=\"https:\/\/www.deskmodder.de\/blog\/2024\/01\/08\/apple-vision-pro-erscheint-am-2-2-2024-in-den-usa\/\" \/>\n<meta property=\"og:locale\" content=\"de_DE\" \/>\n<meta property=\"og:type\" content=\"article\" \/>\n<meta property=\"og:title\" content=\"Apple Vision Pro erscheint am 2.2.2024 in den USA\" \/>\n<meta property=\"og:description\" content=\"Kurz informiert: Seit etwas mehr als einem halben Jahr wird der Marktstart der Apple Vision Pro (wir berichteten) von Apple erwartet und jetzt ist es Anfang Februar (2.2.) in den USA so weit &#8211; andere L\u00e4nder sollen dann im Laufe&hellip;\" \/>\n<meta property=\"og:url\" content=\"https:\/\/www.deskmodder.de\/blog\/2024\/01\/08\/apple-vision-pro-erscheint-am-2-2-2024-in-den-usa\/\" \/>\n<meta property=\"og:site_name\" content=\"Deskmodder.de\" \/>\n<meta property=\"article:publisher\" content=\"https:\/\/www.facebook.com\/Deskmodder\" \/>\n<meta property=\"article:published_time\" content=\"2024-01-08T17:31:25+00:00\" \/>\n<meta property=\"article:modified_time\" content=\"2024-01-08T17:41:08+00:00\" \/>\n<meta property=\"og:image\" content=\"https:\/\/www.deskmodder.de\/blog\/wp-content\/uploads\/2023\/06\/fx4z7bkwaaej2pw.jpeg\" \/>\n\t<meta property=\"og:image:width\" content=\"1960\" \/>\n\t<meta property=\"og:image:height\" content=\"1102\" \/>\n\t<meta property=\"og:image:type\" content=\"image\/jpeg\" \/>\n<meta name=\"author\" content=\"W8U\" \/>\n<meta name=\"twitter:card\" content=\"summary_large_image\" \/>\n<meta name=\"twitter:creator\" content=\"@Deskmodder\" \/>\n<meta name=\"twitter:site\" content=\"@Deskmodder\" \/>\n<script type=\"application\/ld+json\" class=\"yoast-schema-graph\">{\"@context\":\"https:\\\/\\\/schema.org\",\"@graph\":[{\"@type\":\"Article\",\"@id\":\"https:\\\/\\\/www.deskmodder.de\\\/blog\\\/2024\\\/01\\\/08\\\/apple-vision-pro-erscheint-am-2-2-2024-in-den-usa\\\/#article\",\"isPartOf\":{\"@id\":\"https:\\\/\\\/www.deskmodder.de\\\/blog\\\/2024\\\/01\\\/08\\\/apple-vision-pro-erscheint-am-2-2-2024-in-den-usa\\\/\"},\"author\":{\"name\":\"W8U\",\"@id\":\"https:\\\/\\\/www.deskmodder.de\\\/blog\\\/#\\\/schema\\\/person\\\/f3c70b4f4860c9fcc4c04057ed04f469\"},\"headline\":\"Apple Vision Pro erscheint am 2.2.2024 in den USA\",\"datePublished\":\"2024-01-08T17:31:25+00:00\",\"dateModified\":\"2024-01-08T17:41:08+00:00\",\"mainEntityOfPage\":{\"@id\":\"https:\\\/\\\/www.deskmodder.de\\\/blog\\\/2024\\\/01\\\/08\\\/apple-vision-pro-erscheint-am-2-2-2024-in-den-usa\\\/\"},\"wordCount\":167,\"commentCount\":0,\"publisher\":{\"@id\":\"https:\\\/\\\/www.deskmodder.de\\\/blog\\\/#organization\"},\"image\":{\"@id\":\"https:\\\/\\\/www.deskmodder.de\\\/blog\\\/2024\\\/01\\\/08\\\/apple-vision-pro-erscheint-am-2-2-2024-in-den-usa\\\/#primaryimage\"},\"thumbnailUrl\":\"https:\\\/\\\/www.deskmodder.de\\\/blog\\\/wp-content\\\/uploads\\\/2023\\\/06\\\/fx4z7bkwaaej2pw.jpeg\",\"keywords\":[\"Apple Vision Pro\",\"Navigation\",\"usa\"],\"articleSection\":[\"iOS\"],\"inLanguage\":\"de\",\"potentialAction\":[{\"@type\":\"CommentAction\",\"name\":\"Comment\",\"target\":[\"https:\\\/\\\/www.deskmodder.de\\\/blog\\\/2024\\\/01\\\/08\\\/apple-vision-pro-erscheint-am-2-2-2024-in-den-usa\\\/#respond\"]}],\"copyrightYear\":\"2024\",\"copyrightHolder\":{\"@id\":\"https:\\\/\\\/www.deskmodder.de\\\/blog\\\/#organization\"}},{\"@type\":\"WebPage\",\"@id\":\"https:\\\/\\\/www.deskmodder.de\\\/blog\\\/2024\\\/01\\\/08\\\/apple-vision-pro-erscheint-am-2-2-2024-in-den-usa\\\/\",\"url\":\"https:\\\/\\\/www.deskmodder.de\\\/blog\\\/2024\\\/01\\\/08\\\/apple-vision-pro-erscheint-am-2-2-2024-in-den-usa\\\/\",\"name\":\"Apple Vision Pro erscheint am 2.2.2024 in den USA - Deskmodder.de\",\"isPartOf\":{\"@id\":\"https:\\\/\\\/www.deskmodder.de\\\/blog\\\/#website\"},\"primaryImageOfPage\":{\"@id\":\"https:\\\/\\\/www.deskmodder.de\\\/blog\\\/2024\\\/01\\\/08\\\/apple-vision-pro-erscheint-am-2-2-2024-in-den-usa\\\/#primaryimage\"},\"image\":{\"@id\":\"https:\\\/\\\/www.deskmodder.de\\\/blog\\\/2024\\\/01\\\/08\\\/apple-vision-pro-erscheint-am-2-2-2024-in-den-usa\\\/#primaryimage\"},\"thumbnailUrl\":\"https:\\\/\\\/www.deskmodder.de\\\/blog\\\/wp-content\\\/uploads\\\/2023\\\/06\\\/fx4z7bkwaaej2pw.jpeg\",\"datePublished\":\"2024-01-08T17:31:25+00:00\",\"dateModified\":\"2024-01-08T17:41:08+00:00\",\"breadcrumb\":{\"@id\":\"https:\\\/\\\/www.deskmodder.de\\\/blog\\\/2024\\\/01\\\/08\\\/apple-vision-pro-erscheint-am-2-2-2024-in-den-usa\\\/#breadcrumb\"},\"inLanguage\":\"de\",\"potentialAction\":[{\"@type\":\"ReadAction\",\"target\":[\"https:\\\/\\\/www.deskmodder.de\\\/blog\\\/2024\\\/01\\\/08\\\/apple-vision-pro-erscheint-am-2-2-2024-in-den-usa\\\/\"]}]},{\"@type\":\"ImageObject\",\"inLanguage\":\"de\",\"@id\":\"https:\\\/\\\/www.deskmodder.de\\\/blog\\\/2024\\\/01\\\/08\\\/apple-vision-pro-erscheint-am-2-2-2024-in-den-usa\\\/#primaryimage\",\"url\":\"https:\\\/\\\/www.deskmodder.de\\\/blog\\\/wp-content\\\/uploads\\\/2023\\\/06\\\/fx4z7bkwaaej2pw.jpeg\",\"contentUrl\":\"https:\\\/\\\/www.deskmodder.de\\\/blog\\\/wp-content\\\/uploads\\\/2023\\\/06\\\/fx4z7bkwaaej2pw.jpeg\",\"width\":1960,\"height\":1102},{\"@type\":\"BreadcrumbList\",\"@id\":\"https:\\\/\\\/www.deskmodder.de\\\/blog\\\/2024\\\/01\\\/08\\\/apple-vision-pro-erscheint-am-2-2-2024-in-den-usa\\\/#breadcrumb\",\"itemListElement\":[{\"@type\":\"ListItem\",\"position\":1,\"name\":\"Startseite\",\"item\":\"https:\\\/\\\/www.deskmodder.de\\\/blog\\\/\"},{\"@type\":\"ListItem\",\"position\":2,\"name\":\"Apple Vision Pro erscheint am 2.2.2024 in den USA\"}]},{\"@type\":\"WebSite\",\"@id\":\"https:\\\/\\\/www.deskmodder.de\\\/blog\\\/#website\",\"url\":\"https:\\\/\\\/www.deskmodder.de\\\/blog\\\/\",\"name\":\"Deskmodder.de\",\"description\":\"News zum Thema Microsoft, Windows 11 \\\/ 10, sowie anderen Neuigkeiten aus dem Netz, viele Tipps und individuelle Hilfe bei Problemen in unserem Forum \u25cf Deskmodder - seit 2003\",\"publisher\":{\"@id\":\"https:\\\/\\\/www.deskmodder.de\\\/blog\\\/#organization\"},\"potentialAction\":[{\"@type\":\"SearchAction\",\"target\":{\"@type\":\"EntryPoint\",\"urlTemplate\":\"https:\\\/\\\/www.deskmodder.de\\\/blog\\\/?s={search_term_string}\"},\"query-input\":{\"@type\":\"PropertyValueSpecification\",\"valueRequired\":true,\"valueName\":\"search_term_string\"}}],\"inLanguage\":\"de\"},{\"@type\":\"Organization\",\"@id\":\"https:\\\/\\\/www.deskmodder.de\\\/blog\\\/#organization\",\"name\":\"Deskmodder\",\"url\":\"https:\\\/\\\/www.deskmodder.de\\\/blog\\\/\",\"logo\":{\"@type\":\"ImageObject\",\"inLanguage\":\"de\",\"@id\":\"https:\\\/\\\/www.deskmodder.de\\\/blog\\\/#\\\/schema\\\/logo\\\/image\\\/\",\"url\":\"https:\\\/\\\/www.deskmodder.de\\\/blog\\\/wp-content\\\/uploads\\\/2019\\\/01\\\/deskmodder-logo-app.png\",\"contentUrl\":\"https:\\\/\\\/www.deskmodder.de\\\/blog\\\/wp-content\\\/uploads\\\/2019\\\/01\\\/deskmodder-logo-app.png\",\"width\":281,\"height\":286,\"caption\":\"Deskmodder\"},\"image\":{\"@id\":\"https:\\\/\\\/www.deskmodder.de\\\/blog\\\/#\\\/schema\\\/logo\\\/image\\\/\"},\"sameAs\":[\"https:\\\/\\\/www.facebook.com\\\/Deskmodder\",\"https:\\\/\\\/x.com\\\/Deskmodder\",\"https:\\\/\\\/mastodontech.de\\\/@Deskmodder\",\"https:\\\/\\\/www.youtube.com\\\/user\\\/deskmodder\",\"https:\\\/\\\/mewe.com\\\/group\\\/5c83b5231add826fc80cdae1\"]},{\"@type\":\"Person\",\"@id\":\"https:\\\/\\\/www.deskmodder.de\\\/blog\\\/#\\\/schema\\\/person\\\/f3c70b4f4860c9fcc4c04057ed04f469\",\"name\":\"W8U\",\"image\":{\"@type\":\"ImageObject\",\"inLanguage\":\"de\",\"@id\":\"https:\\\/\\\/secure.gravatar.com\\\/avatar\\\/a1e9db99fdd71a9ae2c516203e3fcd390817fa98f868eb9ba6d4a77d1a815cd4?s=96&d=mm&r=g\",\"url\":\"https:\\\/\\\/secure.gravatar.com\\\/avatar\\\/a1e9db99fdd71a9ae2c516203e3fcd390817fa98f868eb9ba6d4a77d1a815cd4?s=96&d=mm&r=g\",\"contentUrl\":\"https:\\\/\\\/secure.gravatar.com\\\/avatar\\\/a1e9db99fdd71a9ae2c516203e3fcd390817fa98f868eb9ba6d4a77d1a815cd4?s=96&d=mm&r=g\",\"caption\":\"W8U\"},\"description\":\"Technikliebhaber aus Niedersachsen und seit 2013 bei den Deskmoddern. Interessiert sich f\u00fcr (fast) alles, durch das Strom flie\u00dft: Computer, Smartphones, Tablets, Autos und so weiter.\",\"url\":\"https:\\\/\\\/www.deskmodder.de\\\/blog\\\/author\\\/w8u\\\/\"}]}<\/script>\n<!-- \/ Yoast SEO Premium plugin. -->","yoast_head_json":{"title":"Apple Vision Pro erscheint am 2.2.2024 in den USA - Deskmodder.de","robots":{"index":"index","follow":"follow","max-snippet":"max-snippet:-1","max-image-preview":"max-image-preview:large","max-video-preview":"max-video-preview:-1"},"canonical":"https:\/\/www.deskmodder.de\/blog\/2024\/01\/08\/apple-vision-pro-erscheint-am-2-2-2024-in-den-usa\/","og_locale":"de_DE","og_type":"article","og_title":"Apple Vision Pro erscheint am 2.2.2024 in den USA","og_description":"Kurz informiert: Seit etwas mehr als einem halben Jahr wird der Marktstart der Apple Vision Pro (wir berichteten) von Apple erwartet und jetzt ist es Anfang Februar (2.2.) in den USA so weit &#8211; andere L\u00e4nder sollen dann im Laufe&hellip;","og_url":"https:\/\/www.deskmodder.de\/blog\/2024\/01\/08\/apple-vision-pro-erscheint-am-2-2-2024-in-den-usa\/","og_site_name":"Deskmodder.de","article_publisher":"https:\/\/www.facebook.com\/Deskmodder","article_published_time":"2024-01-08T17:31:25+00:00","article_modified_time":"2024-01-08T17:41:08+00:00","og_image":[{"width":1960,"height":1102,"url":"https:\/\/www.deskmodder.de\/blog\/wp-content\/uploads\/2023\/06\/fx4z7bkwaaej2pw.jpeg","type":"image\/jpeg"}],"author":"W8U","twitter_card":"summary_large_image","twitter_creator":"@Deskmodder","twitter_site":"@Deskmodder","schema":{"@context":"https:\/\/schema.org","@graph":[{"@type":"Article","@id":"https:\/\/www.deskmodder.de\/blog\/2024\/01\/08\/apple-vision-pro-erscheint-am-2-2-2024-in-den-usa\/#article","isPartOf":{"@id":"https:\/\/www.deskmodder.de\/blog\/2024\/01\/08\/apple-vision-pro-erscheint-am-2-2-2024-in-den-usa\/"},"author":{"name":"W8U","@id":"https:\/\/www.deskmodder.de\/blog\/#\/schema\/person\/f3c70b4f4860c9fcc4c04057ed04f469"},"headline":"Apple Vision Pro erscheint am 2.2.2024 in den USA","datePublished":"2024-01-08T17:31:25+00:00","dateModified":"2024-01-08T17:41:08+00:00","mainEntityOfPage":{"@id":"https:\/\/www.deskmodder.de\/blog\/2024\/01\/08\/apple-vision-pro-erscheint-am-2-2-2024-in-den-usa\/"},"wordCount":167,"commentCount":0,"publisher":{"@id":"https:\/\/www.deskmodder.de\/blog\/#organization"},"image":{"@id":"https:\/\/www.deskmodder.de\/blog\/2024\/01\/08\/apple-vision-pro-erscheint-am-2-2-2024-in-den-usa\/#primaryimage"},"thumbnailUrl":"https:\/\/www.deskmodder.de\/blog\/wp-content\/uploads\/2023\/06\/fx4z7bkwaaej2pw.jpeg","keywords":["Apple Vision Pro","Navigation","usa"],"articleSection":["iOS"],"inLanguage":"de","potentialAction":[{"@type":"CommentAction","name":"Comment","target":["https:\/\/www.deskmodder.de\/blog\/2024\/01\/08\/apple-vision-pro-erscheint-am-2-2-2024-in-den-usa\/#respond"]}],"copyrightYear":"2024","copyrightHolder":{"@id":"https:\/\/www.deskmodder.de\/blog\/#organization"}},{"@type":"WebPage","@id":"https:\/\/www.deskmodder.de\/blog\/2024\/01\/08\/apple-vision-pro-erscheint-am-2-2-2024-in-den-usa\/","url":"https:\/\/www.deskmodder.de\/blog\/2024\/01\/08\/apple-vision-pro-erscheint-am-2-2-2024-in-den-usa\/","name":"Apple Vision Pro erscheint am 2.2.2024 in den USA - Deskmodder.de","isPartOf":{"@id":"https:\/\/www.deskmodder.de\/blog\/#website"},"primaryImageOfPage":{"@id":"https:\/\/www.deskmodder.de\/blog\/2024\/01\/08\/apple-vision-pro-erscheint-am-2-2-2024-in-den-usa\/#primaryimage"},"image":{"@id":"https:\/\/www.deskmodder.de\/blog\/2024\/01\/08\/apple-vision-pro-erscheint-am-2-2-2024-in-den-usa\/#primaryimage"},"thumbnailUrl":"https:\/\/www.deskmodder.de\/blog\/wp-content\/uploads\/2023\/06\/fx4z7bkwaaej2pw.jpeg","datePublished":"2024-01-08T17:31:25+00:00","dateModified":"2024-01-08T17:41:08+00:00","breadcrumb":{"@id":"https:\/\/www.deskmodder.de\/blog\/2024\/01\/08\/apple-vision-pro-erscheint-am-2-2-2024-in-den-usa\/#breadcrumb"},"inLanguage":"de","potentialAction":[{"@type":"ReadAction","target":["https:\/\/www.deskmodder.de\/blog\/2024\/01\/08\/apple-vision-pro-erscheint-am-2-2-2024-in-den-usa\/"]}]},{"@type":"ImageObject","inLanguage":"de","@id":"https:\/\/www.deskmodder.de\/blog\/2024\/01\/08\/apple-vision-pro-erscheint-am-2-2-2024-in-den-usa\/#primaryimage","url":"https:\/\/www.deskmodder.de\/blog\/wp-content\/uploads\/2023\/06\/fx4z7bkwaaej2pw.jpeg","contentUrl":"https:\/\/www.deskmodder.de\/blog\/wp-content\/uploads\/2023\/06\/fx4z7bkwaaej2pw.jpeg","width":1960,"height":1102},{"@type":"BreadcrumbList","@id":"https:\/\/www.deskmodder.de\/blog\/2024\/01\/08\/apple-vision-pro-erscheint-am-2-2-2024-in-den-usa\/#breadcrumb","itemListElement":[{"@type":"ListItem","position":1,"name":"Startseite","item":"https:\/\/www.deskmodder.de\/blog\/"},{"@type":"ListItem","position":2,"name":"Apple Vision Pro erscheint am 2.2.2024 in den USA"}]},{"@type":"WebSite","@id":"https:\/\/www.deskmodder.de\/blog\/#website","url":"https:\/\/www.deskmodder.de\/blog\/","name":"Deskmodder.de","description":"News zum Thema Microsoft, Windows 11 \/ 10, sowie anderen Neuigkeiten aus dem Netz, viele Tipps und individuelle Hilfe bei Problemen in unserem Forum \u25cf Deskmodder - seit 2003","publisher":{"@id":"https:\/\/www.deskmodder.de\/blog\/#organization"},"potentialAction":[{"@type":"SearchAction","target":{"@type":"EntryPoint","urlTemplate":"https:\/\/www.deskmodder.de\/blog\/?s={search_term_string}"},"query-input":{"@type":"PropertyValueSpecification","valueRequired":true,"valueName":"search_term_string"}}],"inLanguage":"de"},{"@type":"Organization","@id":"https:\/\/www.deskmodder.de\/blog\/#organization","name":"Deskmodder","url":"https:\/\/www.deskmodder.de\/blog\/","logo":{"@type":"ImageObject","inLanguage":"de","@id":"https:\/\/www.deskmodder.de\/blog\/#\/schema\/logo\/image\/","url":"https:\/\/www.deskmodder.de\/blog\/wp-content\/uploads\/2019\/01\/deskmodder-logo-app.png","contentUrl":"https:\/\/www.deskmodder.de\/blog\/wp-content\/uploads\/2019\/01\/deskmodder-logo-app.png","width":281,"height":286,"caption":"Deskmodder"},"image":{"@id":"https:\/\/www.deskmodder.de\/blog\/#\/schema\/logo\/image\/"},"sameAs":["https:\/\/www.facebook.com\/Deskmodder","https:\/\/x.com\/Deskmodder","https:\/\/mastodontech.de\/@Deskmodder","https:\/\/www.youtube.com\/user\/deskmodder","https:\/\/mewe.com\/group\/5c83b5231add826fc80cdae1"]},{"@type":"Person","@id":"https:\/\/www.deskmodder.de\/blog\/#\/schema\/person\/f3c70b4f4860c9fcc4c04057ed04f469","name":"W8U","image":{"@type":"ImageObject","inLanguage":"de","@id":"https:\/\/secure.gravatar.com\/avatar\/a1e9db99fdd71a9ae2c516203e3fcd390817fa98f868eb9ba6d4a77d1a815cd4?s=96&d=mm&r=g","url":"https:\/\/secure.gravatar.com\/avatar\/a1e9db99fdd71a9ae2c516203e3fcd390817fa98f868eb9ba6d4a77d1a815cd4?s=96&d=mm&r=g","contentUrl":"https:\/\/secure.gravatar.com\/avatar\/a1e9db99fdd71a9ae2c516203e3fcd390817fa98f868eb9ba6d4a77d1a815cd4?s=96&d=mm&r=g","caption":"W8U"},"description":"Technikliebhaber aus Niedersachsen und seit 2013 bei den Deskmoddern. Interessiert sich f\u00fcr (fast) alles, durch das Strom flie\u00dft: Computer, Smartphones, Tablets, Autos und so weiter.","url":"https:\/\/www.deskmodder.de\/blog\/author\/w8u\/"}]}},"jetpack_publicize_connections":[],"jetpack_featured_media_url":"https:\/\/www.deskmodder.de\/blog\/wp-content\/uploads\/2023\/06\/fx4z7bkwaaej2pw.jpeg","_links":{"self":[{"href":"https:\/\/www.deskmodder.de\/blog\/wp-json\/wp\/v2\/posts\/185172","targetHints":{"allow":["GET"]}}],"collection":[{"href":"https:\/\/www.deskmodder.de\/blog\/wp-json\/wp\/v2\/posts"}],"about":[{"href":"https:\/\/www.deskmodder.de\/blog\/wp-json\/wp\/v2\/types\/post"}],"author":[{"embeddable":true,"href":"https:\/\/www.deskmodder.de\/blog\/wp-json\/wp\/v2\/users\/1525"}],"replies":[{"embeddable":true,"href":"https:\/\/www.deskmodder.de\/blog\/wp-json\/wp\/v2\/comments?post=185172"}],"version-history":[{"count":3,"href":"https:\/\/www.deskmodder.de\/blog\/wp-json\/wp\/v2\/posts\/185172\/revisions"}],"predecessor-version":[{"id":185179,"href":"https:\/\/www.deskmodder.de\/blog\/wp-json\/wp\/v2\/posts\/185172\/revisions\/185179"}],"wp:featuredmedia":[{"embeddable":true,"href":"https:\/\/www.deskmodder.de\/blog\/wp-json\/wp\/v2\/media\/178875"}],"wp:attachment":[{"href":"https:\/\/www.deskmodder.de\/blog\/wp-json\/wp\/v2\/media?parent=185172"}],"wp:term":[{"taxonomy":"category","embeddable":true,"href":"https:\/\/www.deskmodder.de\/blog\/wp-json\/wp\/v2\/categories?post=185172"},{"taxonomy":"post_tag","embeddable":true,"href":"https:\/\/www.deskmodder.de\/blog\/wp-json\/wp\/v2\/tags?post=185172"}],"curies":[{"name":"wp","href":"https:\/\/api.w.org\/{rel}","templated":true}]}}