{"id":183391,"date":"2023-11-07T16:00:49","date_gmt":"2023-11-07T15:00:49","guid":{"rendered":"https:\/\/www.deskmodder.de\/blog\/?p=183391"},"modified":"2023-11-07T14:05:32","modified_gmt":"2023-11-07T13:05:32","slug":"mediatek-dimensity-9300-neuer-prozessor-offiziell-vorgestellt","status":"publish","type":"post","link":"https:\/\/www.deskmodder.de\/blog\/2023\/11\/07\/mediatek-dimensity-9300-neuer-prozessor-offiziell-vorgestellt\/","title":{"rendered":"MediaTek Dimensity 9300: Neuer Prozessor offiziell vorgestellt"},"content":{"rendered":"<p><a href=\"https:\/\/www.deskmodder.de\/blog\/wp-content\/uploads\/2023\/11\/mediatek-tilted-white-800x400-1.jpg\" rel=\"lightbox[183391]\"><img loading=\"lazy\" decoding=\"async\" class=\"aligncenter size-medium wp-image-183394\" src=\"https:\/\/www.deskmodder.de\/blog\/wp-content\/uploads\/2023\/11\/mediatek-tilted-white-800x400-1-500x250.jpg\" alt=\"\" width=\"500\" height=\"250\" srcset=\"https:\/\/www.deskmodder.de\/blog\/wp-content\/uploads\/2023\/11\/mediatek-tilted-white-800x400-1-500x250.jpg 500w, https:\/\/www.deskmodder.de\/blog\/wp-content\/uploads\/2023\/11\/mediatek-tilted-white-800x400-1-306x153.jpg 306w, https:\/\/www.deskmodder.de\/blog\/wp-content\/uploads\/2023\/11\/mediatek-tilted-white-800x400-1.jpg 800w\" sizes=\"auto, (max-width: 500px) 100vw, 500px\" \/><\/a><\/p>\n<p>Die Prozessorschmiede MediaTek hat seinen neuen Flaggschiff-Prozessor vorgestellt. Dabei handelt es sich um den <strong>MediaTek Dimensity 9300<\/strong>. Diese wird im 4nm Verfahren produziert und soll leistungsst\u00e4rker und effizienter gegen\u00fcber dem Vorg\u00e4nger sein. F\u00fcr die Grafik ist die neue Immortalis-G720 GPU zust\u00e4ndig, welche ebenfalls deutlich mehr Leistung bieten soll.<\/p>\n<p>Hier einmal die Features, welche MediaTek selbst hervorhebt:<\/p>\n<ul>\n<li>Gro\u00dfe Kernleistung: Der Dimensity 9300 basiert auf dem 4-nm-Prozess der dritten Generation von TSMC mit vier Arm Cortex\u2122-X4-Kernen mit Betriebsgeschwindigkeiten von bis zu 3,25 GHz und vier Cortex-A720-Kernen, die mit bis zu 2,0 GHz arbeiten, um die Leistung zu maximieren.<\/li>\n<li>H\u00f6here Anzeigegeschwindigkeiten : Der Chipsatz unterst\u00fctzt WQHD bei 180 Hz und 4K bei bis zu 120 Hz, um atemberaubende Bilder zu liefern, zusammen mit Unterst\u00fctzung f\u00fcr zwei aktive Displays f\u00fcr faltbare Formfaktoren.<\/li>\n<li>Nahtlose 5G-Konnektivit\u00e4t : Das 5G R16-Modem unterst\u00fctzt 4CC-CA Sub-6GHz und 8CC-CA mmWave mit der UltraSave 3.0+-Technologie von MediaTek f\u00fcr eine verbesserte Energieeffizienz.<\/li>\n<li>Schneller Speicher: Dimensity 9300 unterst\u00fctzt LPDDR5T 9600Mbps-Speicher, derzeit die h\u00f6chste verf\u00fcgbare Geschwindigkeit.<\/li>\n<\/ul>\n<p>Weiteres k\u00f6nnt ihr der folgenden Infografik entnehmen.<\/p>\n<p><a href=\"https:\/\/www.deskmodder.de\/blog\/wp-content\/uploads\/2023\/11\/screenshot-20231107-135218-adobe-acrobat.jpg\" rel=\"lightbox[183391]\"><img loading=\"lazy\" decoding=\"async\" class=\"aligncenter size-large wp-image-183393\" src=\"https:\/\/www.deskmodder.de\/blog\/wp-content\/uploads\/2023\/11\/screenshot-20231107-135218-adobe-acrobat-810x525.jpg\" alt=\"\" width=\"810\" height=\"525\" srcset=\"https:\/\/www.deskmodder.de\/blog\/wp-content\/uploads\/2023\/11\/screenshot-20231107-135218-adobe-acrobat-810x525.jpg 810w, https:\/\/www.deskmodder.de\/blog\/wp-content\/uploads\/2023\/11\/screenshot-20231107-135218-adobe-acrobat-500x324.jpg 500w, https:\/\/www.deskmodder.de\/blog\/wp-content\/uploads\/2023\/11\/screenshot-20231107-135218-adobe-acrobat-306x198.jpg 306w, https:\/\/www.deskmodder.de\/blog\/wp-content\/uploads\/2023\/11\/screenshot-20231107-135218-adobe-acrobat.jpg 1080w\" sizes=\"auto, (max-width: 810px) 100vw, 810px\" \/><\/a><\/p>\n<p>Die ersten Smartphones mit dem Dimensity 9300-Chipsatz werden Ende 2023 auf dem Markt erh\u00e4ltlich sein.<\/p>\n<div class=\"quelle\">Quelle: <a href=\"https:\/\/corp.mediatek.com\/news-events\/press-releases\/mediateks-new-all-big-core-design-for-flagship-dimensity-9300-chipset-maximizes-smartphone-performance-and-efficiency\" target=\"_blank\" rel=\"noopener\">MediaTek<\/a> <\/div>\n","protected":false},"excerpt":{"rendered":"<p>Die Prozessorschmiede MediaTek hat seinen neuen Flaggschiff-Prozessor vorgestellt. Dabei handelt es sich um den MediaTek Dimensity 9300. Diese wird im 4nm Verfahren produziert und soll leistungsst\u00e4rker und effizienter gegen\u00fcber dem Vorg\u00e4nger sein. F\u00fcr die Grafik ist die neue Immortalis-G720 GPU&hellip; <\/p>\n","protected":false},"author":2020,"featured_media":183394,"comment_status":"open","ping_status":"open","sticky":false,"template":"","format":"standard","meta":{"jetpack_post_was_ever_published":false,"footnotes":"","jetpack_publicize_message":"","jetpack_publicize_feature_enabled":true,"jetpack_social_post_already_shared":false,"jetpack_social_options":{"image_generator_settings":{"template":"highway","default_image_id":0,"font":"","enabled":false},"version":2}},"categories":[1,1286],"tags":[87300],"class_list":["post-183391","post","type-post","status-publish","format-standard","has-post-thumbnail","hentry","category-allgemein","category-hardware","tag-mediatek-dimensity-9300"],"wp_featured_image":{"id":183394,"alt_text":"","description":"","media_type":"image","media_details":{"width":800,"height":400,"file":"2023\/11\/mediatek-tilted-white-800x400-1.jpg","filesize":132237,"sizes":{"medium":{"file":"mediatek-tilted-white-800x400-1-500x250.jpg","width":500,"height":250,"mime-type":"image\/jpeg","filesize":66150,"source_url":"https:\/\/www.deskmodder.de\/blog\/wp-content\/uploads\/2023\/11\/mediatek-tilted-white-800x400-1-500x250.jpg"},"thumbnail":{"file":"mediatek-tilted-white-800x400-1-306x153.jpg","width":306,"height":153,"mime-type":"image\/jpeg","filesize":56909,"source_url":"https:\/\/www.deskmodder.de\/blog\/wp-content\/uploads\/2023\/11\/mediatek-tilted-white-800x400-1-306x153.jpg"},"blog-large":{"file":"mediatek-tilted-white-800x400-1-642x300.jpg","width":642,"height":300,"mime-type":"image\/jpeg","filesize":75380,"source_url":"https:\/\/www.deskmodder.de\/blog\/wp-content\/uploads\/2023\/11\/mediatek-tilted-white-800x400-1-642x300.jpg"},"blog-medium":{"file":"mediatek-tilted-white-800x400-1-306x205.jpg","width":306,"height":205,"mime-type":"image\/jpeg","filesize":60674,"source_url":"https:\/\/www.deskmodder.de\/blog\/wp-content\/uploads\/2023\/11\/mediatek-tilted-white-800x400-1-306x205.jpg"},"recent-thumb":{"file":"mediatek-tilted-white-800x400-1-350x316.jpg","width":350,"height":316,"mime-type":"image\/jpeg","filesize":72827,"source_url":"https:\/\/www.deskmodder.de\/blog\/wp-content\/uploads\/2023\/11\/mediatek-tilted-white-800x400-1-350x316.jpg"},"service-featured":{"file":"mediatek-tilted-white-800x400-1-600x330.jpg","width":600,"height":330,"mime-type":"image\/jpeg","filesize":76846,"source_url":"https:\/\/www.deskmodder.de\/blog\/wp-content\/uploads\/2023\/11\/mediatek-tilted-white-800x400-1-600x330.jpg"}},"image_meta":{"aperture":"0","credit":"","camera":"","caption":"","created_timestamp":"0","copyright":"","focal_length":"0","iso":"0","shutter_speed":"0","title":"","orientation":"0","keywords":[]}},"post":183391,"source_url":"https:\/\/www.deskmodder.de\/blog\/wp-content\/uploads\/2023\/11\/mediatek-tilted-white-800x400-1.jpg"},"commentcount":1,"wp_comments":[{"id":258915,"parent":0,"author":0,"author_name":"Caio Pinto Portella","author_email":"CPORTELLAMOTION@GMAIL.COM","author_url":"","author_avatar_urls":{"24":"https:\/\/secure.gravatar.com\/avatar\/1a64465cdd6afce457dc1a7b33f5e63a3cdd3845795913ce32983202e1a65a20?s=24&d=mm&r=g","48":"https:\/\/secure.gravatar.com\/avatar\/1a64465cdd6afce457dc1a7b33f5e63a3cdd3845795913ce32983202e1a65a20?s=48&d=mm&r=g","96":"https:\/\/secure.gravatar.com\/avatar\/1a64465cdd6afce457dc1a7b33f5e63a3cdd3845795913ce32983202e1a65a20?s=96&d=mm&r=g"},"date":"2023-11-08T05:27:49","cld_nonce":"2c6819c04b","content":{"rendered":"<p>Go chine, k.o the intel, AMD, Qualcomm and EUA rsrsrs<\/p>\n"},"status":"1"}],"wp_author":{"id":2020,"name":"Mike","description":"\u00dcber das Anpassen &amp; Abspecken von XP in die \"Windows-Welt\" gekommen, interessiere ich mich eigentlich f\u00fcr jedes gute St\u00fcck Technik. Neben Windows hat auch Android bei mir ein zu Hause gefunden. Und ich bin jedes Jahr gespannt, was mich Neues erwartet. Bloggen ist eine Leidenschaft von mir und ich teile diese hier gerne mit euch.","author_avatar_urls":{"24":"https:\/\/secure.gravatar.com\/avatar\/a25a00ccc6c845d38ee2695915f64089ae7e42ad1a0e8247e29b357ef56b0fab?s=24&d=mm&r=g","48":"https:\/\/secure.gravatar.com\/avatar\/a25a00ccc6c845d38ee2695915f64089ae7e42ad1a0e8247e29b357ef56b0fab?s=48&d=mm&r=g","96":"https:\/\/secure.gravatar.com\/avatar\/a25a00ccc6c845d38ee2695915f64089ae7e42ad1a0e8247e29b357ef56b0fab?s=96&d=mm&r=g"}},"cld_nonce":"2c6819c04b","yoast_head":"<!-- This site is optimized with the Yoast SEO Premium plugin v27.5 (Yoast SEO v27.5) - https:\/\/yoast.com\/product\/yoast-seo-premium-wordpress\/ -->\n<title>MediaTek Dimensity 9300: Neuer Prozessor offiziell vorgestellt - Deskmodder.de<\/title>\n<meta name=\"robots\" content=\"index, follow, max-snippet:-1, max-image-preview:large, max-video-preview:-1\" \/>\n<link rel=\"canonical\" href=\"https:\/\/www.deskmodder.de\/blog\/2023\/11\/07\/mediatek-dimensity-9300-neuer-prozessor-offiziell-vorgestellt\/\" \/>\n<meta property=\"og:locale\" content=\"de_DE\" \/>\n<meta property=\"og:type\" content=\"article\" \/>\n<meta property=\"og:title\" content=\"MediaTek Dimensity 9300: Neuer Prozessor offiziell vorgestellt\" \/>\n<meta property=\"og:description\" content=\"Die Prozessorschmiede MediaTek hat seinen neuen Flaggschiff-Prozessor vorgestellt. Dabei handelt es sich um den MediaTek Dimensity 9300. Diese wird im 4nm Verfahren produziert und soll leistungsst\u00e4rker und effizienter gegen\u00fcber dem Vorg\u00e4nger sein. F\u00fcr die Grafik ist die neue Immortalis-G720 GPU&hellip;\" \/>\n<meta property=\"og:url\" content=\"https:\/\/www.deskmodder.de\/blog\/2023\/11\/07\/mediatek-dimensity-9300-neuer-prozessor-offiziell-vorgestellt\/\" \/>\n<meta property=\"og:site_name\" content=\"Deskmodder.de\" \/>\n<meta property=\"article:publisher\" content=\"https:\/\/www.facebook.com\/Deskmodder\" \/>\n<meta property=\"article:published_time\" content=\"2023-11-07T15:00:49+00:00\" \/>\n<meta property=\"og:image\" content=\"https:\/\/www.deskmodder.de\/blog\/wp-content\/uploads\/2023\/11\/mediatek-tilted-white-800x400-1.jpg\" \/>\n\t<meta property=\"og:image:width\" content=\"800\" \/>\n\t<meta property=\"og:image:height\" content=\"400\" \/>\n\t<meta property=\"og:image:type\" content=\"image\/jpeg\" \/>\n<meta name=\"author\" content=\"Mike\" \/>\n<meta name=\"twitter:card\" content=\"summary_large_image\" \/>\n<meta name=\"twitter:creator\" content=\"@Deskmodder\" \/>\n<meta name=\"twitter:site\" content=\"@Deskmodder\" \/>\n<script type=\"application\/ld+json\" class=\"yoast-schema-graph\">{\"@context\":\"https:\\\/\\\/schema.org\",\"@graph\":[{\"@type\":\"Article\",\"@id\":\"https:\\\/\\\/www.deskmodder.de\\\/blog\\\/2023\\\/11\\\/07\\\/mediatek-dimensity-9300-neuer-prozessor-offiziell-vorgestellt\\\/#article\",\"isPartOf\":{\"@id\":\"https:\\\/\\\/www.deskmodder.de\\\/blog\\\/2023\\\/11\\\/07\\\/mediatek-dimensity-9300-neuer-prozessor-offiziell-vorgestellt\\\/\"},\"author\":{\"name\":\"Mike\",\"@id\":\"https:\\\/\\\/www.deskmodder.de\\\/blog\\\/#\\\/schema\\\/person\\\/0d15dadb25ee420cb54f76ad120c98fa\"},\"headline\":\"MediaTek Dimensity 9300: Neuer Prozessor offiziell vorgestellt\",\"datePublished\":\"2023-11-07T15:00:49+00:00\",\"mainEntityOfPage\":{\"@id\":\"https:\\\/\\\/www.deskmodder.de\\\/blog\\\/2023\\\/11\\\/07\\\/mediatek-dimensity-9300-neuer-prozessor-offiziell-vorgestellt\\\/\"},\"wordCount\":209,\"commentCount\":1,\"publisher\":{\"@id\":\"https:\\\/\\\/www.deskmodder.de\\\/blog\\\/#organization\"},\"image\":{\"@id\":\"https:\\\/\\\/www.deskmodder.de\\\/blog\\\/2023\\\/11\\\/07\\\/mediatek-dimensity-9300-neuer-prozessor-offiziell-vorgestellt\\\/#primaryimage\"},\"thumbnailUrl\":\"https:\\\/\\\/www.deskmodder.de\\\/blog\\\/wp-content\\\/uploads\\\/2023\\\/11\\\/mediatek-tilted-white-800x400-1.jpg\",\"keywords\":[\"MediaTek Dimensity 9300\"],\"articleSection\":{\"1\":\"Hardware\"},\"inLanguage\":\"de\",\"potentialAction\":[{\"@type\":\"CommentAction\",\"name\":\"Comment\",\"target\":[\"https:\\\/\\\/www.deskmodder.de\\\/blog\\\/2023\\\/11\\\/07\\\/mediatek-dimensity-9300-neuer-prozessor-offiziell-vorgestellt\\\/#respond\"]}],\"copyrightYear\":\"2023\",\"copyrightHolder\":{\"@id\":\"https:\\\/\\\/www.deskmodder.de\\\/blog\\\/#organization\"}},{\"@type\":\"WebPage\",\"@id\":\"https:\\\/\\\/www.deskmodder.de\\\/blog\\\/2023\\\/11\\\/07\\\/mediatek-dimensity-9300-neuer-prozessor-offiziell-vorgestellt\\\/\",\"url\":\"https:\\\/\\\/www.deskmodder.de\\\/blog\\\/2023\\\/11\\\/07\\\/mediatek-dimensity-9300-neuer-prozessor-offiziell-vorgestellt\\\/\",\"name\":\"MediaTek Dimensity 9300: Neuer Prozessor offiziell vorgestellt - Deskmodder.de\",\"isPartOf\":{\"@id\":\"https:\\\/\\\/www.deskmodder.de\\\/blog\\\/#website\"},\"primaryImageOfPage\":{\"@id\":\"https:\\\/\\\/www.deskmodder.de\\\/blog\\\/2023\\\/11\\\/07\\\/mediatek-dimensity-9300-neuer-prozessor-offiziell-vorgestellt\\\/#primaryimage\"},\"image\":{\"@id\":\"https:\\\/\\\/www.deskmodder.de\\\/blog\\\/2023\\\/11\\\/07\\\/mediatek-dimensity-9300-neuer-prozessor-offiziell-vorgestellt\\\/#primaryimage\"},\"thumbnailUrl\":\"https:\\\/\\\/www.deskmodder.de\\\/blog\\\/wp-content\\\/uploads\\\/2023\\\/11\\\/mediatek-tilted-white-800x400-1.jpg\",\"datePublished\":\"2023-11-07T15:00:49+00:00\",\"breadcrumb\":{\"@id\":\"https:\\\/\\\/www.deskmodder.de\\\/blog\\\/2023\\\/11\\\/07\\\/mediatek-dimensity-9300-neuer-prozessor-offiziell-vorgestellt\\\/#breadcrumb\"},\"inLanguage\":\"de\",\"potentialAction\":[{\"@type\":\"ReadAction\",\"target\":[\"https:\\\/\\\/www.deskmodder.de\\\/blog\\\/2023\\\/11\\\/07\\\/mediatek-dimensity-9300-neuer-prozessor-offiziell-vorgestellt\\\/\"]}]},{\"@type\":\"ImageObject\",\"inLanguage\":\"de\",\"@id\":\"https:\\\/\\\/www.deskmodder.de\\\/blog\\\/2023\\\/11\\\/07\\\/mediatek-dimensity-9300-neuer-prozessor-offiziell-vorgestellt\\\/#primaryimage\",\"url\":\"https:\\\/\\\/www.deskmodder.de\\\/blog\\\/wp-content\\\/uploads\\\/2023\\\/11\\\/mediatek-tilted-white-800x400-1.jpg\",\"contentUrl\":\"https:\\\/\\\/www.deskmodder.de\\\/blog\\\/wp-content\\\/uploads\\\/2023\\\/11\\\/mediatek-tilted-white-800x400-1.jpg\",\"width\":800,\"height\":400},{\"@type\":\"BreadcrumbList\",\"@id\":\"https:\\\/\\\/www.deskmodder.de\\\/blog\\\/2023\\\/11\\\/07\\\/mediatek-dimensity-9300-neuer-prozessor-offiziell-vorgestellt\\\/#breadcrumb\",\"itemListElement\":[{\"@type\":\"ListItem\",\"position\":1,\"name\":\"Startseite\",\"item\":\"https:\\\/\\\/www.deskmodder.de\\\/blog\\\/\"},{\"@type\":\"ListItem\",\"position\":2,\"name\":\"MediaTek Dimensity 9300: Neuer Prozessor offiziell vorgestellt\"}]},{\"@type\":\"WebSite\",\"@id\":\"https:\\\/\\\/www.deskmodder.de\\\/blog\\\/#website\",\"url\":\"https:\\\/\\\/www.deskmodder.de\\\/blog\\\/\",\"name\":\"Deskmodder.de\",\"description\":\"News zum Thema Microsoft, Windows 11 \\\/ 10, sowie anderen Neuigkeiten aus dem Netz, viele Tipps und individuelle Hilfe bei Problemen in unserem Forum \u25cf Deskmodder - seit 2003\",\"publisher\":{\"@id\":\"https:\\\/\\\/www.deskmodder.de\\\/blog\\\/#organization\"},\"potentialAction\":[{\"@type\":\"SearchAction\",\"target\":{\"@type\":\"EntryPoint\",\"urlTemplate\":\"https:\\\/\\\/www.deskmodder.de\\\/blog\\\/?s={search_term_string}\"},\"query-input\":{\"@type\":\"PropertyValueSpecification\",\"valueRequired\":true,\"valueName\":\"search_term_string\"}}],\"inLanguage\":\"de\"},{\"@type\":\"Organization\",\"@id\":\"https:\\\/\\\/www.deskmodder.de\\\/blog\\\/#organization\",\"name\":\"Deskmodder\",\"url\":\"https:\\\/\\\/www.deskmodder.de\\\/blog\\\/\",\"logo\":{\"@type\":\"ImageObject\",\"inLanguage\":\"de\",\"@id\":\"https:\\\/\\\/www.deskmodder.de\\\/blog\\\/#\\\/schema\\\/logo\\\/image\\\/\",\"url\":\"https:\\\/\\\/www.deskmodder.de\\\/blog\\\/wp-content\\\/uploads\\\/2019\\\/01\\\/deskmodder-logo-app.png\",\"contentUrl\":\"https:\\\/\\\/www.deskmodder.de\\\/blog\\\/wp-content\\\/uploads\\\/2019\\\/01\\\/deskmodder-logo-app.png\",\"width\":281,\"height\":286,\"caption\":\"Deskmodder\"},\"image\":{\"@id\":\"https:\\\/\\\/www.deskmodder.de\\\/blog\\\/#\\\/schema\\\/logo\\\/image\\\/\"},\"sameAs\":[\"https:\\\/\\\/www.facebook.com\\\/Deskmodder\",\"https:\\\/\\\/x.com\\\/Deskmodder\",\"https:\\\/\\\/mastodontech.de\\\/@Deskmodder\",\"https:\\\/\\\/www.youtube.com\\\/user\\\/deskmodder\",\"https:\\\/\\\/mewe.com\\\/group\\\/5c83b5231add826fc80cdae1\"]},{\"@type\":\"Person\",\"@id\":\"https:\\\/\\\/www.deskmodder.de\\\/blog\\\/#\\\/schema\\\/person\\\/0d15dadb25ee420cb54f76ad120c98fa\",\"name\":\"Mike\",\"image\":{\"@type\":\"ImageObject\",\"inLanguage\":\"de\",\"@id\":\"https:\\\/\\\/secure.gravatar.com\\\/avatar\\\/a25a00ccc6c845d38ee2695915f64089ae7e42ad1a0e8247e29b357ef56b0fab?s=96&d=mm&r=g\",\"url\":\"https:\\\/\\\/secure.gravatar.com\\\/avatar\\\/a25a00ccc6c845d38ee2695915f64089ae7e42ad1a0e8247e29b357ef56b0fab?s=96&d=mm&r=g\",\"contentUrl\":\"https:\\\/\\\/secure.gravatar.com\\\/avatar\\\/a25a00ccc6c845d38ee2695915f64089ae7e42ad1a0e8247e29b357ef56b0fab?s=96&d=mm&r=g\",\"caption\":\"Mike\"},\"description\":\"\u00dcber das Anpassen &amp; Abspecken von XP in die \\\"Windows-Welt\\\" gekommen, interessiere ich mich eigentlich f\u00fcr jedes gute St\u00fcck Technik. Neben Windows hat auch Android bei mir ein zu Hause gefunden. Und ich bin jedes Jahr gespannt, was mich Neues erwartet. Bloggen ist eine Leidenschaft von mir und ich teile diese hier gerne mit euch.\",\"url\":\"https:\\\/\\\/www.deskmodder.de\\\/blog\\\/author\\\/mike\\\/\"}]}<\/script>\n<!-- \/ Yoast SEO Premium plugin. -->","yoast_head_json":{"title":"MediaTek Dimensity 9300: Neuer Prozessor offiziell vorgestellt - Deskmodder.de","robots":{"index":"index","follow":"follow","max-snippet":"max-snippet:-1","max-image-preview":"max-image-preview:large","max-video-preview":"max-video-preview:-1"},"canonical":"https:\/\/www.deskmodder.de\/blog\/2023\/11\/07\/mediatek-dimensity-9300-neuer-prozessor-offiziell-vorgestellt\/","og_locale":"de_DE","og_type":"article","og_title":"MediaTek Dimensity 9300: Neuer Prozessor offiziell vorgestellt","og_description":"Die Prozessorschmiede MediaTek hat seinen neuen Flaggschiff-Prozessor vorgestellt. Dabei handelt es sich um den MediaTek Dimensity 9300. Diese wird im 4nm Verfahren produziert und soll leistungsst\u00e4rker und effizienter gegen\u00fcber dem Vorg\u00e4nger sein. F\u00fcr die Grafik ist die neue Immortalis-G720 GPU&hellip;","og_url":"https:\/\/www.deskmodder.de\/blog\/2023\/11\/07\/mediatek-dimensity-9300-neuer-prozessor-offiziell-vorgestellt\/","og_site_name":"Deskmodder.de","article_publisher":"https:\/\/www.facebook.com\/Deskmodder","article_published_time":"2023-11-07T15:00:49+00:00","og_image":[{"width":800,"height":400,"url":"https:\/\/www.deskmodder.de\/blog\/wp-content\/uploads\/2023\/11\/mediatek-tilted-white-800x400-1.jpg","type":"image\/jpeg"}],"author":"Mike","twitter_card":"summary_large_image","twitter_creator":"@Deskmodder","twitter_site":"@Deskmodder","schema":{"@context":"https:\/\/schema.org","@graph":[{"@type":"Article","@id":"https:\/\/www.deskmodder.de\/blog\/2023\/11\/07\/mediatek-dimensity-9300-neuer-prozessor-offiziell-vorgestellt\/#article","isPartOf":{"@id":"https:\/\/www.deskmodder.de\/blog\/2023\/11\/07\/mediatek-dimensity-9300-neuer-prozessor-offiziell-vorgestellt\/"},"author":{"name":"Mike","@id":"https:\/\/www.deskmodder.de\/blog\/#\/schema\/person\/0d15dadb25ee420cb54f76ad120c98fa"},"headline":"MediaTek Dimensity 9300: Neuer Prozessor offiziell vorgestellt","datePublished":"2023-11-07T15:00:49+00:00","mainEntityOfPage":{"@id":"https:\/\/www.deskmodder.de\/blog\/2023\/11\/07\/mediatek-dimensity-9300-neuer-prozessor-offiziell-vorgestellt\/"},"wordCount":209,"commentCount":1,"publisher":{"@id":"https:\/\/www.deskmodder.de\/blog\/#organization"},"image":{"@id":"https:\/\/www.deskmodder.de\/blog\/2023\/11\/07\/mediatek-dimensity-9300-neuer-prozessor-offiziell-vorgestellt\/#primaryimage"},"thumbnailUrl":"https:\/\/www.deskmodder.de\/blog\/wp-content\/uploads\/2023\/11\/mediatek-tilted-white-800x400-1.jpg","keywords":["MediaTek Dimensity 9300"],"articleSection":{"1":"Hardware"},"inLanguage":"de","potentialAction":[{"@type":"CommentAction","name":"Comment","target":["https:\/\/www.deskmodder.de\/blog\/2023\/11\/07\/mediatek-dimensity-9300-neuer-prozessor-offiziell-vorgestellt\/#respond"]}],"copyrightYear":"2023","copyrightHolder":{"@id":"https:\/\/www.deskmodder.de\/blog\/#organization"}},{"@type":"WebPage","@id":"https:\/\/www.deskmodder.de\/blog\/2023\/11\/07\/mediatek-dimensity-9300-neuer-prozessor-offiziell-vorgestellt\/","url":"https:\/\/www.deskmodder.de\/blog\/2023\/11\/07\/mediatek-dimensity-9300-neuer-prozessor-offiziell-vorgestellt\/","name":"MediaTek Dimensity 9300: Neuer Prozessor offiziell vorgestellt - Deskmodder.de","isPartOf":{"@id":"https:\/\/www.deskmodder.de\/blog\/#website"},"primaryImageOfPage":{"@id":"https:\/\/www.deskmodder.de\/blog\/2023\/11\/07\/mediatek-dimensity-9300-neuer-prozessor-offiziell-vorgestellt\/#primaryimage"},"image":{"@id":"https:\/\/www.deskmodder.de\/blog\/2023\/11\/07\/mediatek-dimensity-9300-neuer-prozessor-offiziell-vorgestellt\/#primaryimage"},"thumbnailUrl":"https:\/\/www.deskmodder.de\/blog\/wp-content\/uploads\/2023\/11\/mediatek-tilted-white-800x400-1.jpg","datePublished":"2023-11-07T15:00:49+00:00","breadcrumb":{"@id":"https:\/\/www.deskmodder.de\/blog\/2023\/11\/07\/mediatek-dimensity-9300-neuer-prozessor-offiziell-vorgestellt\/#breadcrumb"},"inLanguage":"de","potentialAction":[{"@type":"ReadAction","target":["https:\/\/www.deskmodder.de\/blog\/2023\/11\/07\/mediatek-dimensity-9300-neuer-prozessor-offiziell-vorgestellt\/"]}]},{"@type":"ImageObject","inLanguage":"de","@id":"https:\/\/www.deskmodder.de\/blog\/2023\/11\/07\/mediatek-dimensity-9300-neuer-prozessor-offiziell-vorgestellt\/#primaryimage","url":"https:\/\/www.deskmodder.de\/blog\/wp-content\/uploads\/2023\/11\/mediatek-tilted-white-800x400-1.jpg","contentUrl":"https:\/\/www.deskmodder.de\/blog\/wp-content\/uploads\/2023\/11\/mediatek-tilted-white-800x400-1.jpg","width":800,"height":400},{"@type":"BreadcrumbList","@id":"https:\/\/www.deskmodder.de\/blog\/2023\/11\/07\/mediatek-dimensity-9300-neuer-prozessor-offiziell-vorgestellt\/#breadcrumb","itemListElement":[{"@type":"ListItem","position":1,"name":"Startseite","item":"https:\/\/www.deskmodder.de\/blog\/"},{"@type":"ListItem","position":2,"name":"MediaTek Dimensity 9300: Neuer Prozessor offiziell vorgestellt"}]},{"@type":"WebSite","@id":"https:\/\/www.deskmodder.de\/blog\/#website","url":"https:\/\/www.deskmodder.de\/blog\/","name":"Deskmodder.de","description":"News zum Thema Microsoft, Windows 11 \/ 10, sowie anderen Neuigkeiten aus dem Netz, viele Tipps und individuelle Hilfe bei Problemen in unserem Forum \u25cf Deskmodder - seit 2003","publisher":{"@id":"https:\/\/www.deskmodder.de\/blog\/#organization"},"potentialAction":[{"@type":"SearchAction","target":{"@type":"EntryPoint","urlTemplate":"https:\/\/www.deskmodder.de\/blog\/?s={search_term_string}"},"query-input":{"@type":"PropertyValueSpecification","valueRequired":true,"valueName":"search_term_string"}}],"inLanguage":"de"},{"@type":"Organization","@id":"https:\/\/www.deskmodder.de\/blog\/#organization","name":"Deskmodder","url":"https:\/\/www.deskmodder.de\/blog\/","logo":{"@type":"ImageObject","inLanguage":"de","@id":"https:\/\/www.deskmodder.de\/blog\/#\/schema\/logo\/image\/","url":"https:\/\/www.deskmodder.de\/blog\/wp-content\/uploads\/2019\/01\/deskmodder-logo-app.png","contentUrl":"https:\/\/www.deskmodder.de\/blog\/wp-content\/uploads\/2019\/01\/deskmodder-logo-app.png","width":281,"height":286,"caption":"Deskmodder"},"image":{"@id":"https:\/\/www.deskmodder.de\/blog\/#\/schema\/logo\/image\/"},"sameAs":["https:\/\/www.facebook.com\/Deskmodder","https:\/\/x.com\/Deskmodder","https:\/\/mastodontech.de\/@Deskmodder","https:\/\/www.youtube.com\/user\/deskmodder","https:\/\/mewe.com\/group\/5c83b5231add826fc80cdae1"]},{"@type":"Person","@id":"https:\/\/www.deskmodder.de\/blog\/#\/schema\/person\/0d15dadb25ee420cb54f76ad120c98fa","name":"Mike","image":{"@type":"ImageObject","inLanguage":"de","@id":"https:\/\/secure.gravatar.com\/avatar\/a25a00ccc6c845d38ee2695915f64089ae7e42ad1a0e8247e29b357ef56b0fab?s=96&d=mm&r=g","url":"https:\/\/secure.gravatar.com\/avatar\/a25a00ccc6c845d38ee2695915f64089ae7e42ad1a0e8247e29b357ef56b0fab?s=96&d=mm&r=g","contentUrl":"https:\/\/secure.gravatar.com\/avatar\/a25a00ccc6c845d38ee2695915f64089ae7e42ad1a0e8247e29b357ef56b0fab?s=96&d=mm&r=g","caption":"Mike"},"description":"\u00dcber das Anpassen &amp; Abspecken von XP in die \"Windows-Welt\" gekommen, interessiere ich mich eigentlich f\u00fcr jedes gute St\u00fcck Technik. Neben Windows hat auch Android bei mir ein zu Hause gefunden. Und ich bin jedes Jahr gespannt, was mich Neues erwartet. Bloggen ist eine Leidenschaft von mir und ich teile diese hier gerne mit euch.","url":"https:\/\/www.deskmodder.de\/blog\/author\/mike\/"}]}},"jetpack_publicize_connections":[],"jetpack_featured_media_url":"https:\/\/www.deskmodder.de\/blog\/wp-content\/uploads\/2023\/11\/mediatek-tilted-white-800x400-1.jpg","_links":{"self":[{"href":"https:\/\/www.deskmodder.de\/blog\/wp-json\/wp\/v2\/posts\/183391","targetHints":{"allow":["GET"]}}],"collection":[{"href":"https:\/\/www.deskmodder.de\/blog\/wp-json\/wp\/v2\/posts"}],"about":[{"href":"https:\/\/www.deskmodder.de\/blog\/wp-json\/wp\/v2\/types\/post"}],"author":[{"embeddable":true,"href":"https:\/\/www.deskmodder.de\/blog\/wp-json\/wp\/v2\/users\/2020"}],"replies":[{"embeddable":true,"href":"https:\/\/www.deskmodder.de\/blog\/wp-json\/wp\/v2\/comments?post=183391"}],"version-history":[{"count":1,"href":"https:\/\/www.deskmodder.de\/blog\/wp-json\/wp\/v2\/posts\/183391\/revisions"}],"predecessor-version":[{"id":183395,"href":"https:\/\/www.deskmodder.de\/blog\/wp-json\/wp\/v2\/posts\/183391\/revisions\/183395"}],"wp:featuredmedia":[{"embeddable":true,"href":"https:\/\/www.deskmodder.de\/blog\/wp-json\/wp\/v2\/media\/183394"}],"wp:attachment":[{"href":"https:\/\/www.deskmodder.de\/blog\/wp-json\/wp\/v2\/media?parent=183391"}],"wp:term":[{"taxonomy":"category","embeddable":true,"href":"https:\/\/www.deskmodder.de\/blog\/wp-json\/wp\/v2\/categories?post=183391"},{"taxonomy":"post_tag","embeddable":true,"href":"https:\/\/www.deskmodder.de\/blog\/wp-json\/wp\/v2\/tags?post=183391"}],"curies":[{"name":"wp","href":"https:\/\/api.w.org\/{rel}","templated":true}]}}