{"id":181277,"date":"2023-08-31T09:58:34","date_gmt":"2023-08-31T07:58:34","guid":{"rendered":"https:\/\/www.deskmodder.de\/blog\/?p=181277"},"modified":"2023-08-30T21:15:06","modified_gmt":"2023-08-30T19:15:06","slug":"morgen-beginnt-die-ifa-in-berlin","status":"publish","type":"post","link":"https:\/\/www.deskmodder.de\/blog\/2023\/08\/31\/morgen-beginnt-die-ifa-in-berlin\/","title":{"rendered":"Morgen beginnt die IFA in Berlin"},"content":{"rendered":"<p>Es ist wieder soweit \u2013 die IFA 2023 (1. bis 5.9.) steht vor der T\u00fcr und verspricht erneut eine F\u00fclle an spannenden Neuheiten aus der Welt der Technik. Auch wir sind in diesem Jahr wieder mit zwei Crew-Mitgliedern von der Partie, um f\u00fcr euch ein paar Eindr\u00fccke direkt vor Ort zu sammeln und dar\u00fcber zu berichten.<\/p>\n<p><a href=\"https:\/\/www.deskmodder.de\/blog\/wp-content\/uploads\/2022\/09\/ifa-2022-logo-scaled.jpg\" rel=\"lightbox[181277]\"><img loading=\"lazy\" decoding=\"async\" class=\"aligncenter size-large wp-image-169131\" src=\"https:\/\/www.deskmodder.de\/blog\/wp-content\/uploads\/2022\/09\/ifa-2022-logo-810x583.jpg\" alt=\"\" width=\"810\" height=\"583\" srcset=\"https:\/\/www.deskmodder.de\/blog\/wp-content\/uploads\/2022\/09\/ifa-2022-logo-810x583.jpg 810w, https:\/\/www.deskmodder.de\/blog\/wp-content\/uploads\/2022\/09\/ifa-2022-logo-500x360.jpg 500w, https:\/\/www.deskmodder.de\/blog\/wp-content\/uploads\/2022\/09\/ifa-2022-logo-285x205.jpg 285w, https:\/\/www.deskmodder.de\/blog\/wp-content\/uploads\/2022\/09\/ifa-2022-logo-1536x1106.jpg 1536w, https:\/\/www.deskmodder.de\/blog\/wp-content\/uploads\/2022\/09\/ifa-2022-logo-2048x1475.jpg 2048w\" sizes=\"auto, (max-width: 810px) 100vw, 810px\" \/><\/a><\/p>\n<p>Die IFA (Internationale Funkausstellung) ist eigentlich eine der gr\u00f6\u00dften Messen f\u00fcr Consumer Electronics und Home Appliances und lockt jedes Jahr Technikbegeisterte, Fachleute und Hersteller aus der ganzen Welt nach Berlin. Hier werden die neuesten Entwicklungen und Produkte in den Bereichen Unterhaltungselektronik, Smart Home, Haushaltsger\u00e4te, mobile Technologien und vieles mehr pr\u00e4sentiert. In den Corona-Jahren war der Messebetrieb allerdings ziemlich lahmgelegt und erst im letzten Jahr ging es &#8211; sp\u00fcrbar kleiner &#8211; wieder los. Ich bin gespannt, ob wir dieses Mal wieder den Normalzustand wie fr\u00fcher erleben werden, oder ob die Messe in der heutigen Zeit im wahrsten Sinne des Wortes so langsam wirklich gelesen ist.<\/p>\n<p>Seid ihr denn dieses Jahr als Besucher &#8211; oder vielleicht sogar als Aussteller &#8211; vor Ort? Und wenn ja, was sind so eure Schwerpunkte?<\/p>\n<div id=\"polls-78\" class=\"wp-polls\">\n\t\t<p style=\"text-align: center\"><strong>Besucht ihr dieses Jahr die IFA in Berlin?<\/strong><\/p><div id=\"polls-78-ans\" class=\"wp-polls-ans\"><ul class=\"wp-polls-ul\">\n\t\t<li>Ich bin dieses Jahr nicht dabei. <small>(74%, 78 Stimmen)<\/small><div class=\"pollbar\" style=\"width: 74%\" title=\"Ich bin dieses Jahr nicht dabei. (74% | 78 Stimmen)\"><\/div><\/li>\n\t\t<li>Ich bin auf jeden Fall dabei! Die IFA ist ein Pflichttermin f\u00fcr mich. <small>(14%, 15 Stimmen)<\/small><div class=\"pollbar\" style=\"width: 14%\" title=\"Ich bin auf jeden Fall dabei! Die IFA ist ein Pflichttermin f\u00fcr mich. (14% | 15 Stimmen)\"><\/div><\/li>\n\t\t<li>Ich \u00fcberlege noch, ob ich es schaffe, vorbeizuschauen. <small>(12%, 13 Stimmen)<\/small><div class=\"pollbar\" style=\"width: 12%\" title=\"Ich \u00fcberlege noch, ob ich es schaffe, vorbeizuschauen. (12% | 13 Stimmen)\"><\/div><\/li>\n\t\t<\/ul><p style=\"text-align: center\">Teilnehmer: <strong>106<\/strong><\/p><\/div>\n\t\t<input type=\"hidden\" id=\"poll_78_nonce\" name=\"wp-polls-nonce\" value=\"a316d526da\" \/>\n<\/div>\n<div id=\"polls-78-loading\" class=\"wp-polls-loading\"><img loading=\"lazy\" decoding=\"async\" src=\"https:\/\/www.deskmodder.de\/blog\/wp-content\/plugins\/wp-polls\/images\/loading.gif\" width=\"16\" height=\"16\" alt=\"Wird geladen ...\" title=\"Wird geladen ...\" class=\"wp-polls-image\" \/>&nbsp;Wird geladen ...<\/div>\n\n","protected":false},"excerpt":{"rendered":"<p>Es ist wieder soweit \u2013 die IFA 2023 (1. bis 5.9.) steht vor der T\u00fcr und verspricht erneut eine F\u00fclle an spannenden Neuheiten aus der Welt der Technik. Auch wir sind in diesem Jahr wieder mit zwei Crew-Mitgliedern von der&hellip; <\/p>\n","protected":false},"author":1525,"featured_media":144112,"comment_status":"open","ping_status":"open","sticky":false,"template":"","format":"standard","meta":{"jetpack_post_was_ever_published":false,"footnotes":"","jetpack_publicize_message":"","jetpack_publicize_feature_enabled":true,"jetpack_social_post_already_shared":false,"jetpack_social_options":{"image_generator_settings":{"template":"highway","default_image_id":0,"font":"","enabled":false},"version":2}},"categories":[1],"tags":[4500,86710,14267],"class_list":["post-181277","post","type-post","status-publish","format-standard","has-post-thumbnail","hentry","category-allgemein","tag-berlin","tag-ifa-2023","tag-messe"],"wp_featured_image":{"id":144112,"alt_text":"","description":"","media_type":"image","media_details":{"width":2560,"height":1844,"file":"2020\/09\/ifa-logo-2020-scaled.jpg","sizes":{"medium":{"file":"ifa-logo-2020-500x360.jpg","width":500,"height":360,"mime-type":"image\/jpeg","source_url":"https:\/\/www.deskmodder.de\/blog\/wp-content\/uploads\/2020\/09\/ifa-logo-2020-500x360.jpg"},"large":{"file":"ifa-logo-2020-810x583.jpg","width":810,"height":583,"mime-type":"image\/jpeg","source_url":"https:\/\/www.deskmodder.de\/blog\/wp-content\/uploads\/2020\/09\/ifa-logo-2020-810x583.jpg"},"thumbnail":{"file":"ifa-logo-2020-285x205.jpg","width":285,"height":205,"mime-type":"image\/jpeg","source_url":"https:\/\/www.deskmodder.de\/blog\/wp-content\/uploads\/2020\/09\/ifa-logo-2020-285x205.jpg"},"1536x1536":{"file":"ifa-logo-2020-1536x1106.jpg","width":1536,"height":1106,"mime-type":"image\/jpeg","source_url":"https:\/\/www.deskmodder.de\/blog\/wp-content\/uploads\/2020\/09\/ifa-logo-2020-1536x1106.jpg"},"2048x2048":{"file":"ifa-logo-2020-2048x1475.jpg","width":2048,"height":1475,"mime-type":"image\/jpeg","source_url":"https:\/\/www.deskmodder.de\/blog\/wp-content\/uploads\/2020\/09\/ifa-logo-2020-2048x1475.jpg"},"blog-large":{"file":"ifa-logo-2020-642x300.jpg","width":642,"height":300,"mime-type":"image\/jpeg","source_url":"https:\/\/www.deskmodder.de\/blog\/wp-content\/uploads\/2020\/09\/ifa-logo-2020-642x300.jpg"},"blog-medium":{"file":"ifa-logo-2020-306x205.jpg","width":306,"height":205,"mime-type":"image\/jpeg","source_url":"https:\/\/www.deskmodder.de\/blog\/wp-content\/uploads\/2020\/09\/ifa-logo-2020-306x205.jpg"},"recent-thumb":{"file":"ifa-logo-2020-350x316.jpg","width":350,"height":316,"mime-type":"image\/jpeg","source_url":"https:\/\/www.deskmodder.de\/blog\/wp-content\/uploads\/2020\/09\/ifa-logo-2020-350x316.jpg"},"service-featured":{"file":"ifa-logo-2020-600x330.jpg","width":600,"height":330,"mime-type":"image\/jpeg","source_url":"https:\/\/www.deskmodder.de\/blog\/wp-content\/uploads\/2020\/09\/ifa-logo-2020-600x330.jpg"},"wp_rp_thumbnail":{"file":"ifa-logo-2020-50x50.jpg","width":50,"height":50,"mime-type":"image\/jpeg","source_url":"https:\/\/www.deskmodder.de\/blog\/wp-content\/uploads\/2020\/09\/ifa-logo-2020-50x50.jpg"}},"image_meta":{"aperture":"2.2","credit":"","camera":"iPhone SE (1st generation)","caption":"","created_timestamp":"1599122083","copyright":"","focal_length":"4.15","iso":"25","shutter_speed":"0.0015479876160991","title":"","orientation":"1","keywords":[]},"original_image":"ifa-logo-2020.jpg"},"post":144098,"source_url":"https:\/\/www.deskmodder.de\/blog\/wp-content\/uploads\/2020\/09\/ifa-logo-2020-scaled.jpg"},"commentcount":16,"wp_comments":[{"id":253590,"parent":0,"author":0,"author_name":"Holgi","author_email":"holger_freese@hotmail.com","author_url":"","author_avatar_urls":{"24":"https:\/\/secure.gravatar.com\/avatar\/0b9a7e8e22fe490941487d0cbe59d0e7232454955198e0bd0f0fc8b2f4a0043e?s=24&d=mm&r=g","48":"https:\/\/secure.gravatar.com\/avatar\/0b9a7e8e22fe490941487d0cbe59d0e7232454955198e0bd0f0fc8b2f4a0043e?s=48&d=mm&r=g","96":"https:\/\/secure.gravatar.com\/avatar\/0b9a7e8e22fe490941487d0cbe59d0e7232454955198e0bd0f0fc8b2f4a0043e?s=96&d=mm&r=g"},"date":"2023-08-31T14:27:18","cld_nonce":"2c6819c04b","content":{"rendered":"<p>w\u00fcrde mich freuen, wenn ihr ein paar Infos zu Ultrakurzdistanz-Projektoren (in der Art LG HU915QE) mitbringen k\u00f6nntet.<br \/>\nWird wohl die n\u00e4chste gr\u00f6\u00dfere Anschaffung bei mir.<br \/>\nMein H\u00e4ndler in der N\u00e4he hat lediglich den Ultrakurzdistanz Projektor Domino von Sim 2 vorf\u00fchrbereit.<br \/>\nW\u00fcrde aber einem Koreaner gegen\u00fcber einem Italiener den Vorzug geben.<br \/>\nGehen die Preise da noch runter?<\/p>\n"},"status":"1"},{"id":253597,"parent":0,"author":7883,"author_name":"Thomas62","author_email":"koma_tom@web.de","author_url":"","author_avatar_urls":{"24":"https:\/\/secure.gravatar.com\/avatar\/b3d05ca63a516225a047b27c8d9e0ffb4961efda33bc32a8d5796a5abb98dfd8?s=24&d=mm&r=g","48":"https:\/\/secure.gravatar.com\/avatar\/b3d05ca63a516225a047b27c8d9e0ffb4961efda33bc32a8d5796a5abb98dfd8?s=48&d=mm&r=g","96":"https:\/\/secure.gravatar.com\/avatar\/b3d05ca63a516225a047b27c8d9e0ffb4961efda33bc32a8d5796a5abb98dfd8?s=96&d=mm&r=g"},"date":"2023-08-31T16:07:44","cld_nonce":"2c6819c04b","content":{"rendered":"<p>Ne da sind mir dir 24,-\u20ac eintritt zu schade .<\/p>\n<p>IFA ist ja nur Restesammler sage ich als Berliner der schon seit \u00fcber 40 Jahren zur IFA geht.<\/p>\n<p>Es wird absolut nix NEUES gezeigt au\u00dfer Hinter verschlossenen T\u00fcren wo nur Geladene G\u00e4ste zutritt haben.<\/p>\n<p>Das war vor 20 Jahre mal der Renner heute hast Internet und man muss nicht warten bis in Berlin die IFA ist.<\/p>\n<p>ne ne da gehe ich Lieber zur ILA .<\/p>\n<p>lg<\/p>\n"},"status":"1"},{"id":253598,"parent":0,"author":7105,"author_name":"FaktorN","author_email":"mail2us@e.mail.de","author_url":"","author_avatar_urls":{"24":"https:\/\/secure.gravatar.com\/avatar\/8f57ff5f61007cb21caceeec94f634f29f882129200d0b544f6bb40ecfcbd3b7?s=24&d=mm&r=g","48":"https:\/\/secure.gravatar.com\/avatar\/8f57ff5f61007cb21caceeec94f634f29f882129200d0b544f6bb40ecfcbd3b7?s=48&d=mm&r=g","96":"https:\/\/secure.gravatar.com\/avatar\/8f57ff5f61007cb21caceeec94f634f29f882129200d0b544f6bb40ecfcbd3b7?s=96&d=mm&r=g"},"date":"2023-08-31T17:20:09","cld_nonce":"2c6819c04b","content":{"rendered":"<p>Ich war nur ein Mal im Jahre 1991 auf der IFA. War ganz nett, nochmal brauche ich das aber nicht. Interessant sind nat\u00fcrlich Beitr\u00e4ge von der IFA. Damals gab es immer von ARD und ZDF ein gro\u00dfes IFA-Programm im Fernsehen. Allerdings nur i.d.R. als Show mit Thomas Gottschalk und G\u00fcnther Jauch, also genau das, was man nicht sehen wollte. Im Ernst, mich w\u00fcrde ein umfangreicher YouTube-Beitrag (vielleicht 2 Stunden) interessiert, wo die Neuerungen vorgestellt werden.<\/p>\n"},"status":"1"},{"id":253601,"parent":253590,"author":0,"author_name":"Benni","author_email":"benni@gmx.de","author_url":"","author_avatar_urls":{"24":"https:\/\/secure.gravatar.com\/avatar\/03b96d1e22122e4dfd26c5fd85fc718a961088b61a5d01058e696a93efc52522?s=24&d=mm&r=g","48":"https:\/\/secure.gravatar.com\/avatar\/03b96d1e22122e4dfd26c5fd85fc718a961088b61a5d01058e696a93efc52522?s=48&d=mm&r=g","96":"https:\/\/secure.gravatar.com\/avatar\/03b96d1e22122e4dfd26c5fd85fc718a961088b61a5d01058e696a93efc52522?s=96&d=mm&r=g"},"date":"2023-08-31T19:05:25","cld_nonce":"2c6819c04b","content":{"rendered":"<p>Warum den kaufen? ich leihe mir den immer im Schulmedienzentrum \u00fcber das Kulturb\u00fcro, wenn ich das mal brauche, f\u00fcr 6\u20ac am WE<\/p>\n"},"status":"1"},{"id":253615,"parent":253601,"author":0,"author_name":"Holgi","author_email":"holger_freese@hotmail.com","author_url":"","author_avatar_urls":{"24":"https:\/\/secure.gravatar.com\/avatar\/0b9a7e8e22fe490941487d0cbe59d0e7232454955198e0bd0f0fc8b2f4a0043e?s=24&d=mm&r=g","48":"https:\/\/secure.gravatar.com\/avatar\/0b9a7e8e22fe490941487d0cbe59d0e7232454955198e0bd0f0fc8b2f4a0043e?s=48&d=mm&r=g","96":"https:\/\/secure.gravatar.com\/avatar\/0b9a7e8e22fe490941487d0cbe59d0e7232454955198e0bd0f0fc8b2f4a0043e?s=96&d=mm&r=g"},"date":"2023-08-31T20:43:28","cld_nonce":"2c6819c04b","content":{"rendered":"<p>soll meinen TV ersetzen. 365 X 6\u20ac ist mir auf die Dauer zu teuer.<\/p>\n"},"status":"1"},{"id":253670,"parent":0,"author":4767,"author_name":"Holgi","author_email":"holger_freese@hotmail.com","author_url":"","author_avatar_urls":{"24":"https:\/\/secure.gravatar.com\/avatar\/0b9a7e8e22fe490941487d0cbe59d0e7232454955198e0bd0f0fc8b2f4a0043e?s=24&d=mm&r=g","48":"https:\/\/secure.gravatar.com\/avatar\/0b9a7e8e22fe490941487d0cbe59d0e7232454955198e0bd0f0fc8b2f4a0043e?s=48&d=mm&r=g","96":"https:\/\/secure.gravatar.com\/avatar\/0b9a7e8e22fe490941487d0cbe59d0e7232454955198e0bd0f0fc8b2f4a0043e?s=96&d=mm&r=g"},"date":"2023-09-01T19:35:17","cld_nonce":"2c6819c04b","content":{"rendered":"<p>dieses Ger\u00e4t k\u00f6nnte interessant sein:<br \/>\n<a href=\"https:\/\/www.4kfilme.de\/xgimi-mira-erster-ultra-kurzdistanz-beamer-mit-led-laser-lichtquelle-auf-der-ifa\/\" rel=\"nofollow ugc\">https:\/\/www.4kfilme.de\/xgimi-mira-erster-ultra-kurzdistanz-beamer-mit-led-laser-lichtquelle-auf-der-ifa\/<\/a><\/p>\n<p>vlt. k\u00f6nnen die zwei Crew Mitglieder (wer?) ja mal danach Ausschau halten und ein Statement abgeben?<\/p>\n"},"status":"1"},{"id":253738,"parent":253615,"author":9647,"author_name":"EynMarc","author_email":"marcsennlaptop@hotmail.com","author_url":"","author_avatar_urls":{"24":"https:\/\/secure.gravatar.com\/avatar\/3491266aac49acc2c7ee73e0f4f1d780143cf3a37db4551a97d4783e24e77277?s=24&d=mm&r=g","48":"https:\/\/secure.gravatar.com\/avatar\/3491266aac49acc2c7ee73e0f4f1d780143cf3a37db4551a97d4783e24e77277?s=48&d=mm&r=g","96":"https:\/\/secure.gravatar.com\/avatar\/3491266aac49acc2c7ee73e0f4f1d780143cf3a37db4551a97d4783e24e77277?s=96&d=mm&r=g"},"date":"2023-09-03T12:01:11","cld_nonce":"2c6819c04b","content":{"rendered":"<p>Oki als 2 Ger\u00e4t aber Doch nicht komplett TV ersetzen?<\/p>\n<p>288 euro imm jahr wenn man jedes wochenende Mieten w\u00fcrde.<br \/>\nwenn ich den preise sehe 1000\/1200 euro, w\u00fcrde ich es mal eher zuerste Mieten und testen ein paar wochen, jeder Beamer hat nachteile auch ein 1000 euro Ger\u00e4t.<\/p>\n"},"status":"1"},{"id":253739,"parent":0,"author":9647,"author_name":"EynMarc","author_email":"marcsennlaptop@hotmail.com","author_url":"","author_avatar_urls":{"24":"https:\/\/secure.gravatar.com\/avatar\/3491266aac49acc2c7ee73e0f4f1d780143cf3a37db4551a97d4783e24e77277?s=24&d=mm&r=g","48":"https:\/\/secure.gravatar.com\/avatar\/3491266aac49acc2c7ee73e0f4f1d780143cf3a37db4551a97d4783e24e77277?s=48&d=mm&r=g","96":"https:\/\/secure.gravatar.com\/avatar\/3491266aac49acc2c7ee73e0f4f1d780143cf3a37db4551a97d4783e24e77277?s=96&d=mm&r=g"},"date":"2023-09-03T12:10:32","cld_nonce":"2c6819c04b","content":{"rendered":"<p>Hmm ich war noch nie da.<br \/>\nHatte immer Internet und konnte da schauen was neu ist. <img src=\"https:\/\/www.deskmodder.de\/blog\/wp-content\/plugins\/classic-smilies\/img\/icon_wink.gif\" alt=\";-)\" class=\"wp-smiley\" \/><\/p>\n"},"status":"1"},{"id":253769,"parent":253738,"author":0,"author_name":"Holgi","author_email":"holger_freese@hotmail.com","author_url":"","author_avatar_urls":{"24":"https:\/\/secure.gravatar.com\/avatar\/0b9a7e8e22fe490941487d0cbe59d0e7232454955198e0bd0f0fc8b2f4a0043e?s=24&d=mm&r=g","48":"https:\/\/secure.gravatar.com\/avatar\/0b9a7e8e22fe490941487d0cbe59d0e7232454955198e0bd0f0fc8b2f4a0043e?s=48&d=mm&r=g","96":"https:\/\/secure.gravatar.com\/avatar\/0b9a7e8e22fe490941487d0cbe59d0e7232454955198e0bd0f0fc8b2f4a0043e?s=96&d=mm&r=g"},"date":"2023-09-04T12:52:36","cld_nonce":"2c6819c04b","content":{"rendered":"<p>jein,<br \/>\nder 4k UHD TV bleibt schon noch, aber f\u00fcr die t\u00e4glichen TV Abende soll dann der Beamer grds. das Bild liefern.<br \/>\nWohne in der Provinz; mieten gibt\u00b4s hier wohl eher nicht. W\u00e4re mir aber sowieso zu aufwendig.<\/p>\n"},"status":"1"},{"id":253859,"parent":0,"author":0,"author_name":"Timo99","author_email":"t.gertz@web.de","author_url":"","author_avatar_urls":{"24":"https:\/\/secure.gravatar.com\/avatar\/28cb8d05459314312f3cccc4450fdc9f23b556ff142f13603b620b3c1e87c89d?s=24&d=mm&r=g","48":"https:\/\/secure.gravatar.com\/avatar\/28cb8d05459314312f3cccc4450fdc9f23b556ff142f13603b620b3c1e87c89d?s=48&d=mm&r=g","96":"https:\/\/secure.gravatar.com\/avatar\/28cb8d05459314312f3cccc4450fdc9f23b556ff142f13603b620b3c1e87c89d?s=96&d=mm&r=g"},"date":"2023-09-05T13:06:03","cld_nonce":"2c6819c04b","content":{"rendered":"<p>Kommt da noch etwas? Bilder, eindr\u00fccke, Neuigkeiten usw. von der IFA<\/p>\n"},"status":"1"},{"id":253862,"parent":0,"author":9647,"author_name":"EynMarc","author_email":"marcsennlaptop@hotmail.com","author_url":"","author_avatar_urls":{"24":"https:\/\/secure.gravatar.com\/avatar\/3491266aac49acc2c7ee73e0f4f1d780143cf3a37db4551a97d4783e24e77277?s=24&d=mm&r=g","48":"https:\/\/secure.gravatar.com\/avatar\/3491266aac49acc2c7ee73e0f4f1d780143cf3a37db4551a97d4783e24e77277?s=48&d=mm&r=g","96":"https:\/\/secure.gravatar.com\/avatar\/3491266aac49acc2c7ee73e0f4f1d780143cf3a37db4551a97d4783e24e77277?s=96&d=mm&r=g"},"date":"2023-09-05T13:38:02","cld_nonce":"2c6819c04b","content":{"rendered":"<p><a href=\"https:\/\/avm.de\/unternehmen\/presse\/presseinformationen\/2023\/02\/die-technischen-details-der-vier-neuvorstellungen-von-fritz\/\" rel=\"nofollow ugc\">https:\/\/avm.de\/unternehmen\/presse\/presseinformationen\/2023\/02\/die-technischen-details-der-vier-neuvorstellungen-von-fritz\/<\/a><\/p>\n<p>Die Fritzel 5690 gef\u00e4llt mir, hoffe ende dezember kommt der.<br \/>\nWeil den umstieg.<\/p>\n"},"status":"1"},{"id":253895,"parent":253859,"author":7883,"author_name":"Thomas62","author_email":"koma_tom@web.de","author_url":"","author_avatar_urls":{"24":"https:\/\/secure.gravatar.com\/avatar\/b3d05ca63a516225a047b27c8d9e0ffb4961efda33bc32a8d5796a5abb98dfd8?s=24&d=mm&r=g","48":"https:\/\/secure.gravatar.com\/avatar\/b3d05ca63a516225a047b27c8d9e0ffb4961efda33bc32a8d5796a5abb98dfd8?s=48&d=mm&r=g","96":"https:\/\/secure.gravatar.com\/avatar\/b3d05ca63a516225a047b27c8d9e0ffb4961efda33bc32a8d5796a5abb98dfd8?s=96&d=mm&r=g"},"date":"2023-09-06T07:32:03","cld_nonce":"2c6819c04b","content":{"rendered":"<p>Kommt bestimmt dann wenn schon alles im Netz gesehen hast.<\/p>\n"},"status":"1"},{"id":253994,"parent":0,"author":0,"author_name":"Holgi","author_email":"holger_freese@hotmail.com","author_url":"","author_avatar_urls":{"24":"https:\/\/secure.gravatar.com\/avatar\/0b9a7e8e22fe490941487d0cbe59d0e7232454955198e0bd0f0fc8b2f4a0043e?s=24&d=mm&r=g","48":"https:\/\/secure.gravatar.com\/avatar\/0b9a7e8e22fe490941487d0cbe59d0e7232454955198e0bd0f0fc8b2f4a0043e?s=48&d=mm&r=g","96":"https:\/\/secure.gravatar.com\/avatar\/0b9a7e8e22fe490941487d0cbe59d0e7232454955198e0bd0f0fc8b2f4a0043e?s=96&d=mm&r=g"},"date":"2023-09-07T15:30:00","cld_nonce":"2c6819c04b","content":{"rendered":"<p>wart ihr da? Und habt ihr uns Infos mitgebracht?<br \/>\nInsbesondere interessieren mich Ultrakurzdistanzprojektoren.<\/p>\n"},"status":"1"},{"id":254115,"parent":0,"author":0,"author_name":"Holgi","author_email":"holger_freese@hotmail.com","author_url":"","author_avatar_urls":{"24":"https:\/\/secure.gravatar.com\/avatar\/0b9a7e8e22fe490941487d0cbe59d0e7232454955198e0bd0f0fc8b2f4a0043e?s=24&d=mm&r=g","48":"https:\/\/secure.gravatar.com\/avatar\/0b9a7e8e22fe490941487d0cbe59d0e7232454955198e0bd0f0fc8b2f4a0043e?s=48&d=mm&r=g","96":"https:\/\/secure.gravatar.com\/avatar\/0b9a7e8e22fe490941487d0cbe59d0e7232454955198e0bd0f0fc8b2f4a0043e?s=96&d=mm&r=g"},"date":"2023-09-09T09:37:24","cld_nonce":"2c6819c04b","content":{"rendered":"<p>&#8222;Auch wir sind in diesem Jahr wieder mit zwei Crew-Mitgliedern von der Partie, um f\u00fcr euch ein paar Eindr\u00fccke direkt vor Ort zu sammeln und dar\u00fcber zu berichten.&#8220;<br \/>\nja wo sind sie denn nun, die Berichte?<br \/>\nDie n\u00e4chste IFA kommt bestimmt! (;-)<\/p>\n"},"status":"1"},{"id":254333,"parent":254115,"author":9647,"author_name":"EynMarc","author_email":"marcsennlaptop@hotmail.com","author_url":"","author_avatar_urls":{"24":"https:\/\/secure.gravatar.com\/avatar\/3491266aac49acc2c7ee73e0f4f1d780143cf3a37db4551a97d4783e24e77277?s=24&d=mm&r=g","48":"https:\/\/secure.gravatar.com\/avatar\/3491266aac49acc2c7ee73e0f4f1d780143cf3a37db4551a97d4783e24e77277?s=48&d=mm&r=g","96":"https:\/\/secure.gravatar.com\/avatar\/3491266aac49acc2c7ee73e0f4f1d780143cf3a37db4551a97d4783e24e77277?s=96&d=mm&r=g"},"date":"2023-09-12T15:57:54","cld_nonce":"2c6819c04b","content":{"rendered":"<p>Hmm sicher am Sortieren des Berichtes\ud83d\ude02\ud83e\udd23<\/p>\n"},"status":"1"},{"id":258061,"parent":254333,"author":0,"author_name":"Holgi","author_email":"holger_freese@hotmail.com","author_url":"","author_avatar_urls":{"24":"https:\/\/secure.gravatar.com\/avatar\/0b9a7e8e22fe490941487d0cbe59d0e7232454955198e0bd0f0fc8b2f4a0043e?s=24&d=mm&r=g","48":"https:\/\/secure.gravatar.com\/avatar\/0b9a7e8e22fe490941487d0cbe59d0e7232454955198e0bd0f0fc8b2f4a0043e?s=48&d=mm&r=g","96":"https:\/\/secure.gravatar.com\/avatar\/0b9a7e8e22fe490941487d0cbe59d0e7232454955198e0bd0f0fc8b2f4a0043e?s=96&d=mm&r=g"},"date":"2023-10-27T07:47:16","cld_nonce":"2c6819c04b","content":{"rendered":"<p>nun sind fast 2 Monate ins Land gegangen. Ich glaube, da kommt nichts mehr. Schade. Es klang sehr verhei\u00dfungsvoll:<br \/>\n&#8222;Auch wir sind in diesem Jahr wieder mit zwei Crew-Mitgliedern von der Partie, um f\u00fcr euch ein paar Eindr\u00fccke direkt vor Ort zu sammeln und dar\u00fcber zu berichten.&#8220;<br \/>\nDaf\u00fcr gibt es Infos \u00fcber \u00b4nen Tisch:<br \/>\n<a href=\"https:\/\/www.deskmodder.de\/blog\/2023\/10\/27\/flexispot-e7q-ausprobiert-hoehenverstellbarer-schreibtisch-mit-4-beinen\/\" rel=\"ugc\">https:\/\/www.deskmodder.de\/blog\/2023\/10\/27\/flexispot-e7q-ausprobiert-hoehenverstellbarer-schreibtisch-mit-4-beinen\/<\/a><\/p>\n"},"status":"1"}],"wp_author":{"id":1525,"name":"W8U","description":"Technikliebhaber aus Niedersachsen und seit 2013 bei den Deskmoddern. Interessiert sich f\u00fcr (fast) alles, durch das Strom flie\u00dft: Computer, Smartphones, Tablets, Autos und so weiter.","author_avatar_urls":{"24":"https:\/\/secure.gravatar.com\/avatar\/a1e9db99fdd71a9ae2c516203e3fcd390817fa98f868eb9ba6d4a77d1a815cd4?s=24&d=mm&r=g","48":"https:\/\/secure.gravatar.com\/avatar\/a1e9db99fdd71a9ae2c516203e3fcd390817fa98f868eb9ba6d4a77d1a815cd4?s=48&d=mm&r=g","96":"https:\/\/secure.gravatar.com\/avatar\/a1e9db99fdd71a9ae2c516203e3fcd390817fa98f868eb9ba6d4a77d1a815cd4?s=96&d=mm&r=g"}},"cld_nonce":"2c6819c04b","yoast_head":"<!-- This site is optimized with the Yoast SEO Premium plugin v27.5 (Yoast SEO v27.5) - https:\/\/yoast.com\/product\/yoast-seo-premium-wordpress\/ -->\n<title>Morgen beginnt die IFA in Berlin - Deskmodder.de<\/title>\n<meta name=\"robots\" content=\"index, follow, max-snippet:-1, max-image-preview:large, max-video-preview:-1\" \/>\n<link rel=\"canonical\" href=\"https:\/\/www.deskmodder.de\/blog\/2023\/08\/31\/morgen-beginnt-die-ifa-in-berlin\/\" \/>\n<meta property=\"og:locale\" content=\"de_DE\" \/>\n<meta property=\"og:type\" content=\"article\" \/>\n<meta property=\"og:title\" content=\"Morgen beginnt die IFA in Berlin\" \/>\n<meta property=\"og:description\" content=\"Es ist wieder soweit \u2013 die IFA 2023 (1. bis 5.9.) steht vor der T\u00fcr und verspricht erneut eine F\u00fclle an spannenden Neuheiten aus der Welt der Technik. Auch wir sind in diesem Jahr wieder mit zwei Crew-Mitgliedern von der&hellip;\" \/>\n<meta property=\"og:url\" content=\"https:\/\/www.deskmodder.de\/blog\/2023\/08\/31\/morgen-beginnt-die-ifa-in-berlin\/\" \/>\n<meta property=\"og:site_name\" content=\"Deskmodder.de\" \/>\n<meta property=\"article:publisher\" content=\"https:\/\/www.facebook.com\/Deskmodder\" \/>\n<meta property=\"article:published_time\" content=\"2023-08-31T07:58:34+00:00\" \/>\n<meta property=\"og:image\" content=\"https:\/\/www.deskmodder.de\/blog\/wp-content\/uploads\/2020\/09\/ifa-logo-2020-scaled.jpg\" \/>\n\t<meta property=\"og:image:width\" content=\"2560\" \/>\n\t<meta property=\"og:image:height\" content=\"1844\" \/>\n\t<meta property=\"og:image:type\" content=\"image\/jpeg\" \/>\n<meta name=\"author\" content=\"W8U\" \/>\n<meta name=\"twitter:card\" content=\"summary_large_image\" \/>\n<meta name=\"twitter:creator\" content=\"@Deskmodder\" \/>\n<meta name=\"twitter:site\" content=\"@Deskmodder\" \/>\n<script type=\"application\/ld+json\" class=\"yoast-schema-graph\">{\"@context\":\"https:\\\/\\\/schema.org\",\"@graph\":[{\"@type\":\"Article\",\"@id\":\"https:\\\/\\\/www.deskmodder.de\\\/blog\\\/2023\\\/08\\\/31\\\/morgen-beginnt-die-ifa-in-berlin\\\/#article\",\"isPartOf\":{\"@id\":\"https:\\\/\\\/www.deskmodder.de\\\/blog\\\/2023\\\/08\\\/31\\\/morgen-beginnt-die-ifa-in-berlin\\\/\"},\"author\":{\"name\":\"W8U\",\"@id\":\"https:\\\/\\\/www.deskmodder.de\\\/blog\\\/#\\\/schema\\\/person\\\/f3c70b4f4860c9fcc4c04057ed04f469\"},\"headline\":\"Morgen beginnt die IFA in Berlin\",\"datePublished\":\"2023-08-31T07:58:34+00:00\",\"mainEntityOfPage\":{\"@id\":\"https:\\\/\\\/www.deskmodder.de\\\/blog\\\/2023\\\/08\\\/31\\\/morgen-beginnt-die-ifa-in-berlin\\\/\"},\"wordCount\":199,\"commentCount\":16,\"publisher\":{\"@id\":\"https:\\\/\\\/www.deskmodder.de\\\/blog\\\/#organization\"},\"image\":{\"@id\":\"https:\\\/\\\/www.deskmodder.de\\\/blog\\\/2023\\\/08\\\/31\\\/morgen-beginnt-die-ifa-in-berlin\\\/#primaryimage\"},\"thumbnailUrl\":\"https:\\\/\\\/www.deskmodder.de\\\/blog\\\/wp-content\\\/uploads\\\/2020\\\/09\\\/ifa-logo-2020-scaled.jpg\",\"keywords\":[\"berlin\",\"IFA 2023\",\"Messe\"],\"inLanguage\":\"de\",\"potentialAction\":[{\"@type\":\"CommentAction\",\"name\":\"Comment\",\"target\":[\"https:\\\/\\\/www.deskmodder.de\\\/blog\\\/2023\\\/08\\\/31\\\/morgen-beginnt-die-ifa-in-berlin\\\/#respond\"]}],\"copyrightYear\":\"2023\",\"copyrightHolder\":{\"@id\":\"https:\\\/\\\/www.deskmodder.de\\\/blog\\\/#organization\"}},{\"@type\":\"WebPage\",\"@id\":\"https:\\\/\\\/www.deskmodder.de\\\/blog\\\/2023\\\/08\\\/31\\\/morgen-beginnt-die-ifa-in-berlin\\\/\",\"url\":\"https:\\\/\\\/www.deskmodder.de\\\/blog\\\/2023\\\/08\\\/31\\\/morgen-beginnt-die-ifa-in-berlin\\\/\",\"name\":\"Morgen beginnt die IFA in Berlin - Deskmodder.de\",\"isPartOf\":{\"@id\":\"https:\\\/\\\/www.deskmodder.de\\\/blog\\\/#website\"},\"primaryImageOfPage\":{\"@id\":\"https:\\\/\\\/www.deskmodder.de\\\/blog\\\/2023\\\/08\\\/31\\\/morgen-beginnt-die-ifa-in-berlin\\\/#primaryimage\"},\"image\":{\"@id\":\"https:\\\/\\\/www.deskmodder.de\\\/blog\\\/2023\\\/08\\\/31\\\/morgen-beginnt-die-ifa-in-berlin\\\/#primaryimage\"},\"thumbnailUrl\":\"https:\\\/\\\/www.deskmodder.de\\\/blog\\\/wp-content\\\/uploads\\\/2020\\\/09\\\/ifa-logo-2020-scaled.jpg\",\"datePublished\":\"2023-08-31T07:58:34+00:00\",\"breadcrumb\":{\"@id\":\"https:\\\/\\\/www.deskmodder.de\\\/blog\\\/2023\\\/08\\\/31\\\/morgen-beginnt-die-ifa-in-berlin\\\/#breadcrumb\"},\"inLanguage\":\"de\",\"potentialAction\":[{\"@type\":\"ReadAction\",\"target\":[\"https:\\\/\\\/www.deskmodder.de\\\/blog\\\/2023\\\/08\\\/31\\\/morgen-beginnt-die-ifa-in-berlin\\\/\"]}]},{\"@type\":\"ImageObject\",\"inLanguage\":\"de\",\"@id\":\"https:\\\/\\\/www.deskmodder.de\\\/blog\\\/2023\\\/08\\\/31\\\/morgen-beginnt-die-ifa-in-berlin\\\/#primaryimage\",\"url\":\"https:\\\/\\\/www.deskmodder.de\\\/blog\\\/wp-content\\\/uploads\\\/2020\\\/09\\\/ifa-logo-2020-scaled.jpg\",\"contentUrl\":\"https:\\\/\\\/www.deskmodder.de\\\/blog\\\/wp-content\\\/uploads\\\/2020\\\/09\\\/ifa-logo-2020-scaled.jpg\",\"width\":2560,\"height\":1844},{\"@type\":\"BreadcrumbList\",\"@id\":\"https:\\\/\\\/www.deskmodder.de\\\/blog\\\/2023\\\/08\\\/31\\\/morgen-beginnt-die-ifa-in-berlin\\\/#breadcrumb\",\"itemListElement\":[{\"@type\":\"ListItem\",\"position\":1,\"name\":\"Startseite\",\"item\":\"https:\\\/\\\/www.deskmodder.de\\\/blog\\\/\"},{\"@type\":\"ListItem\",\"position\":2,\"name\":\"Morgen beginnt die IFA in Berlin\"}]},{\"@type\":\"WebSite\",\"@id\":\"https:\\\/\\\/www.deskmodder.de\\\/blog\\\/#website\",\"url\":\"https:\\\/\\\/www.deskmodder.de\\\/blog\\\/\",\"name\":\"Deskmodder.de\",\"description\":\"News zum Thema Microsoft, Windows 11 \\\/ 10, sowie anderen Neuigkeiten aus dem Netz, viele Tipps und individuelle Hilfe bei Problemen in unserem Forum \u25cf Deskmodder - seit 2003\",\"publisher\":{\"@id\":\"https:\\\/\\\/www.deskmodder.de\\\/blog\\\/#organization\"},\"potentialAction\":[{\"@type\":\"SearchAction\",\"target\":{\"@type\":\"EntryPoint\",\"urlTemplate\":\"https:\\\/\\\/www.deskmodder.de\\\/blog\\\/?s={search_term_string}\"},\"query-input\":{\"@type\":\"PropertyValueSpecification\",\"valueRequired\":true,\"valueName\":\"search_term_string\"}}],\"inLanguage\":\"de\"},{\"@type\":\"Organization\",\"@id\":\"https:\\\/\\\/www.deskmodder.de\\\/blog\\\/#organization\",\"name\":\"Deskmodder\",\"url\":\"https:\\\/\\\/www.deskmodder.de\\\/blog\\\/\",\"logo\":{\"@type\":\"ImageObject\",\"inLanguage\":\"de\",\"@id\":\"https:\\\/\\\/www.deskmodder.de\\\/blog\\\/#\\\/schema\\\/logo\\\/image\\\/\",\"url\":\"https:\\\/\\\/www.deskmodder.de\\\/blog\\\/wp-content\\\/uploads\\\/2019\\\/01\\\/deskmodder-logo-app.png\",\"contentUrl\":\"https:\\\/\\\/www.deskmodder.de\\\/blog\\\/wp-content\\\/uploads\\\/2019\\\/01\\\/deskmodder-logo-app.png\",\"width\":281,\"height\":286,\"caption\":\"Deskmodder\"},\"image\":{\"@id\":\"https:\\\/\\\/www.deskmodder.de\\\/blog\\\/#\\\/schema\\\/logo\\\/image\\\/\"},\"sameAs\":[\"https:\\\/\\\/www.facebook.com\\\/Deskmodder\",\"https:\\\/\\\/x.com\\\/Deskmodder\",\"https:\\\/\\\/mastodontech.de\\\/@Deskmodder\",\"https:\\\/\\\/www.youtube.com\\\/user\\\/deskmodder\",\"https:\\\/\\\/mewe.com\\\/group\\\/5c83b5231add826fc80cdae1\"]},{\"@type\":\"Person\",\"@id\":\"https:\\\/\\\/www.deskmodder.de\\\/blog\\\/#\\\/schema\\\/person\\\/f3c70b4f4860c9fcc4c04057ed04f469\",\"name\":\"W8U\",\"image\":{\"@type\":\"ImageObject\",\"inLanguage\":\"de\",\"@id\":\"https:\\\/\\\/secure.gravatar.com\\\/avatar\\\/a1e9db99fdd71a9ae2c516203e3fcd390817fa98f868eb9ba6d4a77d1a815cd4?s=96&d=mm&r=g\",\"url\":\"https:\\\/\\\/secure.gravatar.com\\\/avatar\\\/a1e9db99fdd71a9ae2c516203e3fcd390817fa98f868eb9ba6d4a77d1a815cd4?s=96&d=mm&r=g\",\"contentUrl\":\"https:\\\/\\\/secure.gravatar.com\\\/avatar\\\/a1e9db99fdd71a9ae2c516203e3fcd390817fa98f868eb9ba6d4a77d1a815cd4?s=96&d=mm&r=g\",\"caption\":\"W8U\"},\"description\":\"Technikliebhaber aus Niedersachsen und seit 2013 bei den Deskmoddern. Interessiert sich f\u00fcr (fast) alles, durch das Strom flie\u00dft: Computer, Smartphones, Tablets, Autos und so weiter.\",\"url\":\"https:\\\/\\\/www.deskmodder.de\\\/blog\\\/author\\\/w8u\\\/\"}]}<\/script>\n<!-- \/ Yoast SEO Premium plugin. -->","yoast_head_json":{"title":"Morgen beginnt die IFA in Berlin - Deskmodder.de","robots":{"index":"index","follow":"follow","max-snippet":"max-snippet:-1","max-image-preview":"max-image-preview:large","max-video-preview":"max-video-preview:-1"},"canonical":"https:\/\/www.deskmodder.de\/blog\/2023\/08\/31\/morgen-beginnt-die-ifa-in-berlin\/","og_locale":"de_DE","og_type":"article","og_title":"Morgen beginnt die IFA in Berlin","og_description":"Es ist wieder soweit \u2013 die IFA 2023 (1. bis 5.9.) steht vor der T\u00fcr und verspricht erneut eine F\u00fclle an spannenden Neuheiten aus der Welt der Technik. Auch wir sind in diesem Jahr wieder mit zwei Crew-Mitgliedern von der&hellip;","og_url":"https:\/\/www.deskmodder.de\/blog\/2023\/08\/31\/morgen-beginnt-die-ifa-in-berlin\/","og_site_name":"Deskmodder.de","article_publisher":"https:\/\/www.facebook.com\/Deskmodder","article_published_time":"2023-08-31T07:58:34+00:00","og_image":[{"width":2560,"height":1844,"url":"https:\/\/www.deskmodder.de\/blog\/wp-content\/uploads\/2020\/09\/ifa-logo-2020-scaled.jpg","type":"image\/jpeg"}],"author":"W8U","twitter_card":"summary_large_image","twitter_creator":"@Deskmodder","twitter_site":"@Deskmodder","schema":{"@context":"https:\/\/schema.org","@graph":[{"@type":"Article","@id":"https:\/\/www.deskmodder.de\/blog\/2023\/08\/31\/morgen-beginnt-die-ifa-in-berlin\/#article","isPartOf":{"@id":"https:\/\/www.deskmodder.de\/blog\/2023\/08\/31\/morgen-beginnt-die-ifa-in-berlin\/"},"author":{"name":"W8U","@id":"https:\/\/www.deskmodder.de\/blog\/#\/schema\/person\/f3c70b4f4860c9fcc4c04057ed04f469"},"headline":"Morgen beginnt die IFA in Berlin","datePublished":"2023-08-31T07:58:34+00:00","mainEntityOfPage":{"@id":"https:\/\/www.deskmodder.de\/blog\/2023\/08\/31\/morgen-beginnt-die-ifa-in-berlin\/"},"wordCount":199,"commentCount":16,"publisher":{"@id":"https:\/\/www.deskmodder.de\/blog\/#organization"},"image":{"@id":"https:\/\/www.deskmodder.de\/blog\/2023\/08\/31\/morgen-beginnt-die-ifa-in-berlin\/#primaryimage"},"thumbnailUrl":"https:\/\/www.deskmodder.de\/blog\/wp-content\/uploads\/2020\/09\/ifa-logo-2020-scaled.jpg","keywords":["berlin","IFA 2023","Messe"],"inLanguage":"de","potentialAction":[{"@type":"CommentAction","name":"Comment","target":["https:\/\/www.deskmodder.de\/blog\/2023\/08\/31\/morgen-beginnt-die-ifa-in-berlin\/#respond"]}],"copyrightYear":"2023","copyrightHolder":{"@id":"https:\/\/www.deskmodder.de\/blog\/#organization"}},{"@type":"WebPage","@id":"https:\/\/www.deskmodder.de\/blog\/2023\/08\/31\/morgen-beginnt-die-ifa-in-berlin\/","url":"https:\/\/www.deskmodder.de\/blog\/2023\/08\/31\/morgen-beginnt-die-ifa-in-berlin\/","name":"Morgen beginnt die IFA in Berlin - Deskmodder.de","isPartOf":{"@id":"https:\/\/www.deskmodder.de\/blog\/#website"},"primaryImageOfPage":{"@id":"https:\/\/www.deskmodder.de\/blog\/2023\/08\/31\/morgen-beginnt-die-ifa-in-berlin\/#primaryimage"},"image":{"@id":"https:\/\/www.deskmodder.de\/blog\/2023\/08\/31\/morgen-beginnt-die-ifa-in-berlin\/#primaryimage"},"thumbnailUrl":"https:\/\/www.deskmodder.de\/blog\/wp-content\/uploads\/2020\/09\/ifa-logo-2020-scaled.jpg","datePublished":"2023-08-31T07:58:34+00:00","breadcrumb":{"@id":"https:\/\/www.deskmodder.de\/blog\/2023\/08\/31\/morgen-beginnt-die-ifa-in-berlin\/#breadcrumb"},"inLanguage":"de","potentialAction":[{"@type":"ReadAction","target":["https:\/\/www.deskmodder.de\/blog\/2023\/08\/31\/morgen-beginnt-die-ifa-in-berlin\/"]}]},{"@type":"ImageObject","inLanguage":"de","@id":"https:\/\/www.deskmodder.de\/blog\/2023\/08\/31\/morgen-beginnt-die-ifa-in-berlin\/#primaryimage","url":"https:\/\/www.deskmodder.de\/blog\/wp-content\/uploads\/2020\/09\/ifa-logo-2020-scaled.jpg","contentUrl":"https:\/\/www.deskmodder.de\/blog\/wp-content\/uploads\/2020\/09\/ifa-logo-2020-scaled.jpg","width":2560,"height":1844},{"@type":"BreadcrumbList","@id":"https:\/\/www.deskmodder.de\/blog\/2023\/08\/31\/morgen-beginnt-die-ifa-in-berlin\/#breadcrumb","itemListElement":[{"@type":"ListItem","position":1,"name":"Startseite","item":"https:\/\/www.deskmodder.de\/blog\/"},{"@type":"ListItem","position":2,"name":"Morgen beginnt die IFA in Berlin"}]},{"@type":"WebSite","@id":"https:\/\/www.deskmodder.de\/blog\/#website","url":"https:\/\/www.deskmodder.de\/blog\/","name":"Deskmodder.de","description":"News zum Thema Microsoft, Windows 11 \/ 10, sowie anderen Neuigkeiten aus dem Netz, viele Tipps und individuelle Hilfe bei Problemen in unserem Forum \u25cf Deskmodder - seit 2003","publisher":{"@id":"https:\/\/www.deskmodder.de\/blog\/#organization"},"potentialAction":[{"@type":"SearchAction","target":{"@type":"EntryPoint","urlTemplate":"https:\/\/www.deskmodder.de\/blog\/?s={search_term_string}"},"query-input":{"@type":"PropertyValueSpecification","valueRequired":true,"valueName":"search_term_string"}}],"inLanguage":"de"},{"@type":"Organization","@id":"https:\/\/www.deskmodder.de\/blog\/#organization","name":"Deskmodder","url":"https:\/\/www.deskmodder.de\/blog\/","logo":{"@type":"ImageObject","inLanguage":"de","@id":"https:\/\/www.deskmodder.de\/blog\/#\/schema\/logo\/image\/","url":"https:\/\/www.deskmodder.de\/blog\/wp-content\/uploads\/2019\/01\/deskmodder-logo-app.png","contentUrl":"https:\/\/www.deskmodder.de\/blog\/wp-content\/uploads\/2019\/01\/deskmodder-logo-app.png","width":281,"height":286,"caption":"Deskmodder"},"image":{"@id":"https:\/\/www.deskmodder.de\/blog\/#\/schema\/logo\/image\/"},"sameAs":["https:\/\/www.facebook.com\/Deskmodder","https:\/\/x.com\/Deskmodder","https:\/\/mastodontech.de\/@Deskmodder","https:\/\/www.youtube.com\/user\/deskmodder","https:\/\/mewe.com\/group\/5c83b5231add826fc80cdae1"]},{"@type":"Person","@id":"https:\/\/www.deskmodder.de\/blog\/#\/schema\/person\/f3c70b4f4860c9fcc4c04057ed04f469","name":"W8U","image":{"@type":"ImageObject","inLanguage":"de","@id":"https:\/\/secure.gravatar.com\/avatar\/a1e9db99fdd71a9ae2c516203e3fcd390817fa98f868eb9ba6d4a77d1a815cd4?s=96&d=mm&r=g","url":"https:\/\/secure.gravatar.com\/avatar\/a1e9db99fdd71a9ae2c516203e3fcd390817fa98f868eb9ba6d4a77d1a815cd4?s=96&d=mm&r=g","contentUrl":"https:\/\/secure.gravatar.com\/avatar\/a1e9db99fdd71a9ae2c516203e3fcd390817fa98f868eb9ba6d4a77d1a815cd4?s=96&d=mm&r=g","caption":"W8U"},"description":"Technikliebhaber aus Niedersachsen und seit 2013 bei den Deskmoddern. Interessiert sich f\u00fcr (fast) alles, durch das Strom flie\u00dft: Computer, Smartphones, Tablets, Autos und so weiter.","url":"https:\/\/www.deskmodder.de\/blog\/author\/w8u\/"}]}},"jetpack_publicize_connections":[],"jetpack_featured_media_url":"https:\/\/www.deskmodder.de\/blog\/wp-content\/uploads\/2020\/09\/ifa-logo-2020-scaled.jpg","_links":{"self":[{"href":"https:\/\/www.deskmodder.de\/blog\/wp-json\/wp\/v2\/posts\/181277","targetHints":{"allow":["GET"]}}],"collection":[{"href":"https:\/\/www.deskmodder.de\/blog\/wp-json\/wp\/v2\/posts"}],"about":[{"href":"https:\/\/www.deskmodder.de\/blog\/wp-json\/wp\/v2\/types\/post"}],"author":[{"embeddable":true,"href":"https:\/\/www.deskmodder.de\/blog\/wp-json\/wp\/v2\/users\/1525"}],"replies":[{"embeddable":true,"href":"https:\/\/www.deskmodder.de\/blog\/wp-json\/wp\/v2\/comments?post=181277"}],"version-history":[{"count":2,"href":"https:\/\/www.deskmodder.de\/blog\/wp-json\/wp\/v2\/posts\/181277\/revisions"}],"predecessor-version":[{"id":181279,"href":"https:\/\/www.deskmodder.de\/blog\/wp-json\/wp\/v2\/posts\/181277\/revisions\/181279"}],"wp:featuredmedia":[{"embeddable":true,"href":"https:\/\/www.deskmodder.de\/blog\/wp-json\/wp\/v2\/media\/144112"}],"wp:attachment":[{"href":"https:\/\/www.deskmodder.de\/blog\/wp-json\/wp\/v2\/media?parent=181277"}],"wp:term":[{"taxonomy":"category","embeddable":true,"href":"https:\/\/www.deskmodder.de\/blog\/wp-json\/wp\/v2\/categories?post=181277"},{"taxonomy":"post_tag","embeddable":true,"href":"https:\/\/www.deskmodder.de\/blog\/wp-json\/wp\/v2\/tags?post=181277"}],"curies":[{"name":"wp","href":"https:\/\/api.w.org\/{rel}","templated":true}]}}