{"id":181269,"date":"2023-08-30T18:40:19","date_gmt":"2023-08-30T16:40:19","guid":{"rendered":"https:\/\/www.deskmodder.de\/blog\/?p=181269"},"modified":"2023-08-30T18:40:19","modified_gmt":"2023-08-30T16:40:19","slug":"apple-kuendigt-event-fuer-den-12-9-an","status":"publish","type":"post","link":"https:\/\/www.deskmodder.de\/blog\/2023\/08\/30\/apple-kuendigt-event-fuer-den-12-9-an\/","title":{"rendered":"Apple k\u00fcndigt Event f\u00fcr den 12.9. an"},"content":{"rendered":"<p>Kurz informiert: Apple hat gestern das diesj\u00e4hrige September-Event am 12. September offiziell angek\u00fcndigt. Traditionell nutzt Apple diese Veranstaltung, um die neuesten Modelle und Features der iPhone-Reihe vorzustellen.<\/p>\n<p>Erwartet werden in diesem Jahr verbesserte Kameras, leistungsst\u00e4rkere Prozessoren und neue Materialien (Titan). Die Optik der neuen Modelle d\u00fcrfte sich kaum ver\u00e4ndern. In zwei Wochen werden wir mehr wissen und dann auch wieder dar\u00fcber berichten.<\/p>\n<p><a href=\"https:\/\/www.deskmodder.de\/blog\/wp-content\/uploads\/2013\/09\/apple_logo_color_header.jpg\" rel=\"lightbox[181269]\"><img loading=\"lazy\" decoding=\"async\" class=\"aligncenter size-full wp-image-11595\" src=\"https:\/\/www.deskmodder.de\/blog\/wp-content\/uploads\/2013\/09\/apple_logo_color_header.jpg\" alt=\"\" width=\"250\" height=\"150\" srcset=\"https:\/\/www.deskmodder.de\/blog\/wp-content\/uploads\/2013\/09\/apple_logo_color_header.jpg 250w, https:\/\/www.deskmodder.de\/blog\/wp-content\/uploads\/2013\/09\/apple_logo_color_header-150x90.jpg 150w\" sizes=\"auto, (max-width: 250px) 100vw, 250px\" \/><\/a><\/p>\n<p>Wie sieht es denn bei euch iPhone-Nutzern dieses Jahr aus &#8211; plant ihr eine Neuanschaffung oder reichen euch die eure aktuellen Ger\u00e4te weiterhin aus?<\/p>\n<div id=\"polls-77\" class=\"wp-polls\">\n\t\t<p style=\"text-align: center\"><strong>Neues iPhone dieses Jahr?<\/strong><\/p><div id=\"polls-77-ans\" class=\"wp-polls-ans\"><ul class=\"wp-polls-ul\">\n\t\t<li>nein <small>(56%, 102 Stimmen)<\/small><div class=\"pollbar\" style=\"width: 56%\" title=\"nein (56% | 102 Stimmen)\"><\/div><\/li>\n\t\t<li>vielleicht, ich warte erstmal die Vorstellung ab <small>(28%, 51 Stimmen)<\/small><div class=\"pollbar\" style=\"width: 28%\" title=\"vielleicht, ich warte erstmal die Vorstellung ab (28% | 51 Stimmen)\"><\/div><\/li>\n\t\t<li>ja, sicher <small>(15%, 28 Stimmen)<\/small><div class=\"pollbar\" style=\"width: 15%\" title=\"ja, sicher (15% | 28 Stimmen)\"><\/div><\/li>\n\t\t<\/ul><p style=\"text-align: center\">Teilnehmer: <strong>181<\/strong><\/p><\/div>\n\t\t<input type=\"hidden\" id=\"poll_77_nonce\" name=\"wp-polls-nonce\" value=\"16413c3a3a\" \/>\n<\/div>\n<div id=\"polls-77-loading\" class=\"wp-polls-loading\"><img loading=\"lazy\" decoding=\"async\" src=\"https:\/\/www.deskmodder.de\/blog\/wp-content\/plugins\/wp-polls\/images\/loading.gif\" width=\"16\" height=\"16\" alt=\"Wird geladen ...\" title=\"Wird geladen ...\" class=\"wp-polls-image\" \/>&nbsp;Wird geladen ...<\/div>\n\n","protected":false},"excerpt":{"rendered":"<p>Kurz informiert: Apple hat gestern das diesj\u00e4hrige September-Event am 12. September offiziell angek\u00fcndigt. Traditionell nutzt Apple diese Veranstaltung, um die neuesten Modelle und Features der iPhone-Reihe vorzustellen. Erwartet werden in diesem Jahr verbesserte Kameras, leistungsst\u00e4rkere Prozessoren und neue Materialien (Titan).&hellip; <\/p>\n","protected":false},"author":1525,"featured_media":109720,"comment_status":"open","ping_status":"open","sticky":false,"template":"","format":"standard","meta":{"jetpack_post_was_ever_published":false,"footnotes":"","jetpack_publicize_message":"","jetpack_publicize_feature_enabled":true,"jetpack_social_post_already_shared":false,"jetpack_social_options":{"image_generator_settings":{"template":"highway","default_image_id":0,"font":"","enabled":false},"version":2}},"categories":[232],"tags":[12152,1125],"class_list":["post-181269","post","type-post","status-publish","format-standard","has-post-thumbnail","hentry","category-ios","tag-apple-event","tag-iphone"],"wp_featured_image":{"id":109720,"alt_text":"","description":"","media_type":"image","media_details":{"width":403,"height":290,"file":"2018\/10\/apple-logo.png","sizes":{"thumbnail":{"file":"apple-logo-285x205.png","width":285,"height":205,"mime-type":"image\/png","source_url":"https:\/\/www.deskmodder.de\/blog\/wp-content\/uploads\/2018\/10\/apple-logo-285x205.png"},"wp_review_large":{"file":"apple-logo-320x200.png","width":320,"height":200,"mime-type":"image\/png","source_url":"https:\/\/www.deskmodder.de\/blog\/wp-content\/uploads\/2018\/10\/apple-logo-320x200.png"},"wp_review_small":{"file":"apple-logo-65x65.png","width":65,"height":65,"mime-type":"image\/png","source_url":"https:\/\/www.deskmodder.de\/blog\/wp-content\/uploads\/2018\/10\/apple-logo-65x65.png"},"blog-medium":{"file":"apple-logo-306x205.png","width":306,"height":205,"mime-type":"image\/png","source_url":"https:\/\/www.deskmodder.de\/blog\/wp-content\/uploads\/2018\/10\/apple-logo-306x205.png"},"recent-thumb":{"file":"apple-logo-350x290.png","width":350,"height":290,"mime-type":"image\/png","source_url":"https:\/\/www.deskmodder.de\/blog\/wp-content\/uploads\/2018\/10\/apple-logo-350x290.png"},"wp_rp_thumbnail":{"file":"apple-logo-150x150.png","width":150,"height":150,"mime-type":"image\/png","source_url":"https:\/\/www.deskmodder.de\/blog\/wp-content\/uploads\/2018\/10\/apple-logo-150x150.png"}},"image_meta":{"aperture":"0","credit":"","camera":"","caption":"","created_timestamp":"0","copyright":"","focal_length":"0","iso":"0","shutter_speed":"0","title":"","orientation":"0","keywords":[]}},"post":109718,"source_url":"https:\/\/www.deskmodder.de\/blog\/wp-content\/uploads\/2018\/10\/apple-logo.png"},"commentcount":7,"wp_comments":[{"id":253560,"parent":0,"author":0,"author_name":"Wagener_bjoern","author_email":"wagener.bjoern.max@mailbox.org","author_url":"","author_avatar_urls":{"24":"https:\/\/secure.gravatar.com\/avatar\/faab38a98808dff100d6876904ec74377b3897ebbe844221f011f24bf665bd16?s=24&d=mm&r=g","48":"https:\/\/secure.gravatar.com\/avatar\/faab38a98808dff100d6876904ec74377b3897ebbe844221f011f24bf665bd16?s=48&d=mm&r=g","96":"https:\/\/secure.gravatar.com\/avatar\/faab38a98808dff100d6876904ec74377b3897ebbe844221f011f24bf665bd16?s=96&d=mm&r=g"},"date":"2023-08-30T18:42:47","cld_nonce":"2c6819c04b","content":{"rendered":"<p>Nach wie vor reicht mir mein 11 Pro vollkommen aus. Weder 5G noch das ProMotion-Display sind f\u00fcr Must-Haves. Auch sonst fehlt mir nichts, was aktuelle Ger\u00e4te haben. <\/p>\n<p><i>gepostet mit der <a href=\"https:\/\/apps.apple.com\/de\/app\/deskmodder\/id1478451921?l=de\" rel=\"nofollow ugc\">Deskmodder.de-App f\u00fcr iOS<\/a><\/i><\/p>\n"},"status":"1"},{"id":253563,"parent":0,"author":0,"author_name":"Axel63","author_email":"axel.schmeissner@web.de","author_url":"","author_avatar_urls":{"24":"https:\/\/secure.gravatar.com\/avatar\/9435a43dd49215dd8ef999063d52c6140b21abd9435bf57f79c6cfc273fe52c3?s=24&d=mm&r=g","48":"https:\/\/secure.gravatar.com\/avatar\/9435a43dd49215dd8ef999063d52c6140b21abd9435bf57f79c6cfc273fe52c3?s=48&d=mm&r=g","96":"https:\/\/secure.gravatar.com\/avatar\/9435a43dd49215dd8ef999063d52c6140b21abd9435bf57f79c6cfc273fe52c3?s=96&d=mm&r=g"},"date":"2023-08-30T19:02:16","cld_nonce":"2c6819c04b","content":{"rendered":"<p>Seit 3 Jahren keinerlei wesentliche Neuigkeiten,<br \/>\nnur im Preis.<\/p>\n"},"status":"1"},{"id":253570,"parent":0,"author":9681,"author_name":"ThomasRV","author_email":"thomas@blende345.de","author_url":"","author_avatar_urls":{"24":"https:\/\/secure.gravatar.com\/avatar\/2d55462889c17ed21157327b884445ac4825363cafeb1beb7489753caf273db0?s=24&d=mm&r=g","48":"https:\/\/secure.gravatar.com\/avatar\/2d55462889c17ed21157327b884445ac4825363cafeb1beb7489753caf273db0?s=48&d=mm&r=g","96":"https:\/\/secure.gravatar.com\/avatar\/2d55462889c17ed21157327b884445ac4825363cafeb1beb7489753caf273db0?s=96&d=mm&r=g"},"date":"2023-08-30T20:20:16","cld_nonce":"2c6819c04b","content":{"rendered":"<p>Ich bin beim 12er und vermutlich wechsle ich erst beim 16er.  Mal sehen ob sich ein &#8222;Will haben&#8220; einstellt..   lol<\/p>\n"},"status":"1"},{"id":253572,"parent":0,"author":0,"author_name":"Fritz","author_email":"nc-schwisjo2@netcologne.de","author_url":"","author_avatar_urls":{"24":"https:\/\/secure.gravatar.com\/avatar\/f9c2d5fa0d37fce9dc2f4a23a9c9bfc38c0bd7cfd2b356560908f45d1a30a60b?s=24&d=mm&r=g","48":"https:\/\/secure.gravatar.com\/avatar\/f9c2d5fa0d37fce9dc2f4a23a9c9bfc38c0bd7cfd2b356560908f45d1a30a60b?s=48&d=mm&r=g","96":"https:\/\/secure.gravatar.com\/avatar\/f9c2d5fa0d37fce9dc2f4a23a9c9bfc38c0bd7cfd2b356560908f45d1a30a60b?s=96&d=mm&r=g"},"date":"2023-08-30T22:29:26","cld_nonce":"2c6819c04b","content":{"rendered":"<p>Hallo Apple Gemeinde<br \/>\nwann kommt USB-C ?<br \/>\nl\u00e4ngst \u00dcberf\u00e4llig<\/p>\n"},"status":"1"},{"id":253576,"parent":253563,"author":0,"author_name":"Sebastian","author_email":"sebastian-dechent@gmx.de","author_url":"","author_avatar_urls":{"24":"https:\/\/secure.gravatar.com\/avatar\/c9dcf8e7d8d76070c5cfdcd5d9151dc975f19b2a8e8c011665e736bbb20a9852?s=24&d=mm&r=g","48":"https:\/\/secure.gravatar.com\/avatar\/c9dcf8e7d8d76070c5cfdcd5d9151dc975f19b2a8e8c011665e736bbb20a9852?s=48&d=mm&r=g","96":"https:\/\/secure.gravatar.com\/avatar\/c9dcf8e7d8d76070c5cfdcd5d9151dc975f19b2a8e8c011665e736bbb20a9852?s=96&d=mm&r=g"},"date":"2023-08-31T00:16:09","cld_nonce":"2c6819c04b","content":{"rendered":"<p>Nun, was soll da noch gro\u00df kommen?<\/p>\n"},"status":"1"},{"id":253577,"parent":253572,"author":9681,"author_name":"ThomasRV","author_email":"thomas@blende345.de","author_url":"","author_avatar_urls":{"24":"https:\/\/secure.gravatar.com\/avatar\/2d55462889c17ed21157327b884445ac4825363cafeb1beb7489753caf273db0?s=24&d=mm&r=g","48":"https:\/\/secure.gravatar.com\/avatar\/2d55462889c17ed21157327b884445ac4825363cafeb1beb7489753caf273db0?s=48&d=mm&r=g","96":"https:\/\/secure.gravatar.com\/avatar\/2d55462889c17ed21157327b884445ac4825363cafeb1beb7489753caf273db0?s=96&d=mm&r=g"},"date":"2023-08-31T06:20:06","cld_nonce":"2c6819c04b","content":{"rendered":"<p>LMGTFY:    2023 mit dem 15er<\/p>\n"},"status":"1"},{"id":253611,"parent":253570,"author":0,"author_name":"Screensaver","author_email":"humpeln.reprise.0y@icloud.com","author_url":"","author_avatar_urls":{"24":"https:\/\/secure.gravatar.com\/avatar\/b6617ff8f66e54c88ac5fe749ab34d410deccf75a02c55eec2fdc8e44c98584f?s=24&d=mm&r=g","48":"https:\/\/secure.gravatar.com\/avatar\/b6617ff8f66e54c88ac5fe749ab34d410deccf75a02c55eec2fdc8e44c98584f?s=48&d=mm&r=g","96":"https:\/\/secure.gravatar.com\/avatar\/b6617ff8f66e54c88ac5fe749ab34d410deccf75a02c55eec2fdc8e44c98584f?s=96&d=mm&r=g"},"date":"2023-08-31T20:25:54","cld_nonce":"2c6819c04b","content":{"rendered":"<p>Ich bleib weiterhin bei meinem iPhone 12, weil es immer noch ein erstklassiges Smartphone ist das kein Upgrade braucht. Au\u00dferdem gut f\u00fcr Umwelt und Geldbeutel.<\/p>\n"},"status":"1"}],"wp_author":{"id":1525,"name":"W8U","description":"Technikliebhaber aus Niedersachsen und seit 2013 bei den Deskmoddern. Interessiert sich f\u00fcr (fast) alles, durch das Strom flie\u00dft: Computer, Smartphones, Tablets, Autos und so weiter.","author_avatar_urls":{"24":"https:\/\/secure.gravatar.com\/avatar\/a1e9db99fdd71a9ae2c516203e3fcd390817fa98f868eb9ba6d4a77d1a815cd4?s=24&d=mm&r=g","48":"https:\/\/secure.gravatar.com\/avatar\/a1e9db99fdd71a9ae2c516203e3fcd390817fa98f868eb9ba6d4a77d1a815cd4?s=48&d=mm&r=g","96":"https:\/\/secure.gravatar.com\/avatar\/a1e9db99fdd71a9ae2c516203e3fcd390817fa98f868eb9ba6d4a77d1a815cd4?s=96&d=mm&r=g"}},"cld_nonce":"2c6819c04b","yoast_head":"<!-- This site is optimized with the Yoast SEO Premium plugin v27.5 (Yoast SEO v27.5) - https:\/\/yoast.com\/product\/yoast-seo-premium-wordpress\/ -->\n<title>Apple k\u00fcndigt Event f\u00fcr den 12.9. an - Deskmodder.de<\/title>\n<meta name=\"robots\" content=\"index, follow, max-snippet:-1, max-image-preview:large, max-video-preview:-1\" \/>\n<link rel=\"canonical\" href=\"https:\/\/www.deskmodder.de\/blog\/2023\/08\/30\/apple-kuendigt-event-fuer-den-12-9-an\/\" \/>\n<meta property=\"og:locale\" content=\"de_DE\" \/>\n<meta property=\"og:type\" content=\"article\" \/>\n<meta property=\"og:title\" content=\"Apple k\u00fcndigt Event f\u00fcr den 12.9. an\" \/>\n<meta property=\"og:description\" content=\"Kurz informiert: Apple hat gestern das diesj\u00e4hrige September-Event am 12. September offiziell angek\u00fcndigt. Traditionell nutzt Apple diese Veranstaltung, um die neuesten Modelle und Features der iPhone-Reihe vorzustellen. Erwartet werden in diesem Jahr verbesserte Kameras, leistungsst\u00e4rkere Prozessoren und neue Materialien (Titan).&hellip;\" \/>\n<meta property=\"og:url\" content=\"https:\/\/www.deskmodder.de\/blog\/2023\/08\/30\/apple-kuendigt-event-fuer-den-12-9-an\/\" \/>\n<meta property=\"og:site_name\" content=\"Deskmodder.de\" \/>\n<meta property=\"article:publisher\" content=\"https:\/\/www.facebook.com\/Deskmodder\" \/>\n<meta property=\"article:published_time\" content=\"2023-08-30T16:40:19+00:00\" \/>\n<meta property=\"og:image\" content=\"https:\/\/www.deskmodder.de\/blog\/wp-content\/uploads\/2018\/10\/apple-logo.png\" \/>\n\t<meta property=\"og:image:width\" content=\"403\" \/>\n\t<meta property=\"og:image:height\" content=\"290\" \/>\n\t<meta property=\"og:image:type\" content=\"image\/png\" \/>\n<meta name=\"author\" content=\"W8U\" \/>\n<meta name=\"twitter:card\" content=\"summary_large_image\" \/>\n<meta name=\"twitter:creator\" content=\"@Deskmodder\" \/>\n<meta name=\"twitter:site\" content=\"@Deskmodder\" \/>\n<script type=\"application\/ld+json\" class=\"yoast-schema-graph\">{\"@context\":\"https:\\\/\\\/schema.org\",\"@graph\":[{\"@type\":\"Article\",\"@id\":\"https:\\\/\\\/www.deskmodder.de\\\/blog\\\/2023\\\/08\\\/30\\\/apple-kuendigt-event-fuer-den-12-9-an\\\/#article\",\"isPartOf\":{\"@id\":\"https:\\\/\\\/www.deskmodder.de\\\/blog\\\/2023\\\/08\\\/30\\\/apple-kuendigt-event-fuer-den-12-9-an\\\/\"},\"author\":{\"name\":\"W8U\",\"@id\":\"https:\\\/\\\/www.deskmodder.de\\\/blog\\\/#\\\/schema\\\/person\\\/f3c70b4f4860c9fcc4c04057ed04f469\"},\"headline\":\"Apple k\u00fcndigt Event f\u00fcr den 12.9. an\",\"datePublished\":\"2023-08-30T16:40:19+00:00\",\"mainEntityOfPage\":{\"@id\":\"https:\\\/\\\/www.deskmodder.de\\\/blog\\\/2023\\\/08\\\/30\\\/apple-kuendigt-event-fuer-den-12-9-an\\\/\"},\"wordCount\":102,\"commentCount\":7,\"publisher\":{\"@id\":\"https:\\\/\\\/www.deskmodder.de\\\/blog\\\/#organization\"},\"image\":{\"@id\":\"https:\\\/\\\/www.deskmodder.de\\\/blog\\\/2023\\\/08\\\/30\\\/apple-kuendigt-event-fuer-den-12-9-an\\\/#primaryimage\"},\"thumbnailUrl\":\"https:\\\/\\\/www.deskmodder.de\\\/blog\\\/wp-content\\\/uploads\\\/2018\\\/10\\\/apple-logo.png\",\"keywords\":[\"Apple Event\",\"Iphone\"],\"articleSection\":[\"iOS\"],\"inLanguage\":\"de\",\"potentialAction\":[{\"@type\":\"CommentAction\",\"name\":\"Comment\",\"target\":[\"https:\\\/\\\/www.deskmodder.de\\\/blog\\\/2023\\\/08\\\/30\\\/apple-kuendigt-event-fuer-den-12-9-an\\\/#respond\"]}],\"copyrightYear\":\"2023\",\"copyrightHolder\":{\"@id\":\"https:\\\/\\\/www.deskmodder.de\\\/blog\\\/#organization\"}},{\"@type\":\"WebPage\",\"@id\":\"https:\\\/\\\/www.deskmodder.de\\\/blog\\\/2023\\\/08\\\/30\\\/apple-kuendigt-event-fuer-den-12-9-an\\\/\",\"url\":\"https:\\\/\\\/www.deskmodder.de\\\/blog\\\/2023\\\/08\\\/30\\\/apple-kuendigt-event-fuer-den-12-9-an\\\/\",\"name\":\"Apple k\u00fcndigt Event f\u00fcr den 12.9. an - Deskmodder.de\",\"isPartOf\":{\"@id\":\"https:\\\/\\\/www.deskmodder.de\\\/blog\\\/#website\"},\"primaryImageOfPage\":{\"@id\":\"https:\\\/\\\/www.deskmodder.de\\\/blog\\\/2023\\\/08\\\/30\\\/apple-kuendigt-event-fuer-den-12-9-an\\\/#primaryimage\"},\"image\":{\"@id\":\"https:\\\/\\\/www.deskmodder.de\\\/blog\\\/2023\\\/08\\\/30\\\/apple-kuendigt-event-fuer-den-12-9-an\\\/#primaryimage\"},\"thumbnailUrl\":\"https:\\\/\\\/www.deskmodder.de\\\/blog\\\/wp-content\\\/uploads\\\/2018\\\/10\\\/apple-logo.png\",\"datePublished\":\"2023-08-30T16:40:19+00:00\",\"breadcrumb\":{\"@id\":\"https:\\\/\\\/www.deskmodder.de\\\/blog\\\/2023\\\/08\\\/30\\\/apple-kuendigt-event-fuer-den-12-9-an\\\/#breadcrumb\"},\"inLanguage\":\"de\",\"potentialAction\":[{\"@type\":\"ReadAction\",\"target\":[\"https:\\\/\\\/www.deskmodder.de\\\/blog\\\/2023\\\/08\\\/30\\\/apple-kuendigt-event-fuer-den-12-9-an\\\/\"]}]},{\"@type\":\"ImageObject\",\"inLanguage\":\"de\",\"@id\":\"https:\\\/\\\/www.deskmodder.de\\\/blog\\\/2023\\\/08\\\/30\\\/apple-kuendigt-event-fuer-den-12-9-an\\\/#primaryimage\",\"url\":\"https:\\\/\\\/www.deskmodder.de\\\/blog\\\/wp-content\\\/uploads\\\/2018\\\/10\\\/apple-logo.png\",\"contentUrl\":\"https:\\\/\\\/www.deskmodder.de\\\/blog\\\/wp-content\\\/uploads\\\/2018\\\/10\\\/apple-logo.png\",\"width\":403,\"height\":290},{\"@type\":\"BreadcrumbList\",\"@id\":\"https:\\\/\\\/www.deskmodder.de\\\/blog\\\/2023\\\/08\\\/30\\\/apple-kuendigt-event-fuer-den-12-9-an\\\/#breadcrumb\",\"itemListElement\":[{\"@type\":\"ListItem\",\"position\":1,\"name\":\"Startseite\",\"item\":\"https:\\\/\\\/www.deskmodder.de\\\/blog\\\/\"},{\"@type\":\"ListItem\",\"position\":2,\"name\":\"Apple k\u00fcndigt Event f\u00fcr den 12.9. an\"}]},{\"@type\":\"WebSite\",\"@id\":\"https:\\\/\\\/www.deskmodder.de\\\/blog\\\/#website\",\"url\":\"https:\\\/\\\/www.deskmodder.de\\\/blog\\\/\",\"name\":\"Deskmodder.de\",\"description\":\"News zum Thema Microsoft, Windows 11 \\\/ 10, sowie anderen Neuigkeiten aus dem Netz, viele Tipps und individuelle Hilfe bei Problemen in unserem Forum \u25cf Deskmodder - seit 2003\",\"publisher\":{\"@id\":\"https:\\\/\\\/www.deskmodder.de\\\/blog\\\/#organization\"},\"potentialAction\":[{\"@type\":\"SearchAction\",\"target\":{\"@type\":\"EntryPoint\",\"urlTemplate\":\"https:\\\/\\\/www.deskmodder.de\\\/blog\\\/?s={search_term_string}\"},\"query-input\":{\"@type\":\"PropertyValueSpecification\",\"valueRequired\":true,\"valueName\":\"search_term_string\"}}],\"inLanguage\":\"de\"},{\"@type\":\"Organization\",\"@id\":\"https:\\\/\\\/www.deskmodder.de\\\/blog\\\/#organization\",\"name\":\"Deskmodder\",\"url\":\"https:\\\/\\\/www.deskmodder.de\\\/blog\\\/\",\"logo\":{\"@type\":\"ImageObject\",\"inLanguage\":\"de\",\"@id\":\"https:\\\/\\\/www.deskmodder.de\\\/blog\\\/#\\\/schema\\\/logo\\\/image\\\/\",\"url\":\"https:\\\/\\\/www.deskmodder.de\\\/blog\\\/wp-content\\\/uploads\\\/2019\\\/01\\\/deskmodder-logo-app.png\",\"contentUrl\":\"https:\\\/\\\/www.deskmodder.de\\\/blog\\\/wp-content\\\/uploads\\\/2019\\\/01\\\/deskmodder-logo-app.png\",\"width\":281,\"height\":286,\"caption\":\"Deskmodder\"},\"image\":{\"@id\":\"https:\\\/\\\/www.deskmodder.de\\\/blog\\\/#\\\/schema\\\/logo\\\/image\\\/\"},\"sameAs\":[\"https:\\\/\\\/www.facebook.com\\\/Deskmodder\",\"https:\\\/\\\/x.com\\\/Deskmodder\",\"https:\\\/\\\/mastodontech.de\\\/@Deskmodder\",\"https:\\\/\\\/www.youtube.com\\\/user\\\/deskmodder\",\"https:\\\/\\\/mewe.com\\\/group\\\/5c83b5231add826fc80cdae1\"]},{\"@type\":\"Person\",\"@id\":\"https:\\\/\\\/www.deskmodder.de\\\/blog\\\/#\\\/schema\\\/person\\\/f3c70b4f4860c9fcc4c04057ed04f469\",\"name\":\"W8U\",\"image\":{\"@type\":\"ImageObject\",\"inLanguage\":\"de\",\"@id\":\"https:\\\/\\\/secure.gravatar.com\\\/avatar\\\/a1e9db99fdd71a9ae2c516203e3fcd390817fa98f868eb9ba6d4a77d1a815cd4?s=96&d=mm&r=g\",\"url\":\"https:\\\/\\\/secure.gravatar.com\\\/avatar\\\/a1e9db99fdd71a9ae2c516203e3fcd390817fa98f868eb9ba6d4a77d1a815cd4?s=96&d=mm&r=g\",\"contentUrl\":\"https:\\\/\\\/secure.gravatar.com\\\/avatar\\\/a1e9db99fdd71a9ae2c516203e3fcd390817fa98f868eb9ba6d4a77d1a815cd4?s=96&d=mm&r=g\",\"caption\":\"W8U\"},\"description\":\"Technikliebhaber aus Niedersachsen und seit 2013 bei den Deskmoddern. Interessiert sich f\u00fcr (fast) alles, durch das Strom flie\u00dft: Computer, Smartphones, Tablets, Autos und so weiter.\",\"url\":\"https:\\\/\\\/www.deskmodder.de\\\/blog\\\/author\\\/w8u\\\/\"}]}<\/script>\n<!-- \/ Yoast SEO Premium plugin. -->","yoast_head_json":{"title":"Apple k\u00fcndigt Event f\u00fcr den 12.9. an - Deskmodder.de","robots":{"index":"index","follow":"follow","max-snippet":"max-snippet:-1","max-image-preview":"max-image-preview:large","max-video-preview":"max-video-preview:-1"},"canonical":"https:\/\/www.deskmodder.de\/blog\/2023\/08\/30\/apple-kuendigt-event-fuer-den-12-9-an\/","og_locale":"de_DE","og_type":"article","og_title":"Apple k\u00fcndigt Event f\u00fcr den 12.9. an","og_description":"Kurz informiert: Apple hat gestern das diesj\u00e4hrige September-Event am 12. September offiziell angek\u00fcndigt. Traditionell nutzt Apple diese Veranstaltung, um die neuesten Modelle und Features der iPhone-Reihe vorzustellen. Erwartet werden in diesem Jahr verbesserte Kameras, leistungsst\u00e4rkere Prozessoren und neue Materialien (Titan).&hellip;","og_url":"https:\/\/www.deskmodder.de\/blog\/2023\/08\/30\/apple-kuendigt-event-fuer-den-12-9-an\/","og_site_name":"Deskmodder.de","article_publisher":"https:\/\/www.facebook.com\/Deskmodder","article_published_time":"2023-08-30T16:40:19+00:00","og_image":[{"width":403,"height":290,"url":"https:\/\/www.deskmodder.de\/blog\/wp-content\/uploads\/2018\/10\/apple-logo.png","type":"image\/png"}],"author":"W8U","twitter_card":"summary_large_image","twitter_creator":"@Deskmodder","twitter_site":"@Deskmodder","schema":{"@context":"https:\/\/schema.org","@graph":[{"@type":"Article","@id":"https:\/\/www.deskmodder.de\/blog\/2023\/08\/30\/apple-kuendigt-event-fuer-den-12-9-an\/#article","isPartOf":{"@id":"https:\/\/www.deskmodder.de\/blog\/2023\/08\/30\/apple-kuendigt-event-fuer-den-12-9-an\/"},"author":{"name":"W8U","@id":"https:\/\/www.deskmodder.de\/blog\/#\/schema\/person\/f3c70b4f4860c9fcc4c04057ed04f469"},"headline":"Apple k\u00fcndigt Event f\u00fcr den 12.9. an","datePublished":"2023-08-30T16:40:19+00:00","mainEntityOfPage":{"@id":"https:\/\/www.deskmodder.de\/blog\/2023\/08\/30\/apple-kuendigt-event-fuer-den-12-9-an\/"},"wordCount":102,"commentCount":7,"publisher":{"@id":"https:\/\/www.deskmodder.de\/blog\/#organization"},"image":{"@id":"https:\/\/www.deskmodder.de\/blog\/2023\/08\/30\/apple-kuendigt-event-fuer-den-12-9-an\/#primaryimage"},"thumbnailUrl":"https:\/\/www.deskmodder.de\/blog\/wp-content\/uploads\/2018\/10\/apple-logo.png","keywords":["Apple Event","Iphone"],"articleSection":["iOS"],"inLanguage":"de","potentialAction":[{"@type":"CommentAction","name":"Comment","target":["https:\/\/www.deskmodder.de\/blog\/2023\/08\/30\/apple-kuendigt-event-fuer-den-12-9-an\/#respond"]}],"copyrightYear":"2023","copyrightHolder":{"@id":"https:\/\/www.deskmodder.de\/blog\/#organization"}},{"@type":"WebPage","@id":"https:\/\/www.deskmodder.de\/blog\/2023\/08\/30\/apple-kuendigt-event-fuer-den-12-9-an\/","url":"https:\/\/www.deskmodder.de\/blog\/2023\/08\/30\/apple-kuendigt-event-fuer-den-12-9-an\/","name":"Apple k\u00fcndigt Event f\u00fcr den 12.9. an - Deskmodder.de","isPartOf":{"@id":"https:\/\/www.deskmodder.de\/blog\/#website"},"primaryImageOfPage":{"@id":"https:\/\/www.deskmodder.de\/blog\/2023\/08\/30\/apple-kuendigt-event-fuer-den-12-9-an\/#primaryimage"},"image":{"@id":"https:\/\/www.deskmodder.de\/blog\/2023\/08\/30\/apple-kuendigt-event-fuer-den-12-9-an\/#primaryimage"},"thumbnailUrl":"https:\/\/www.deskmodder.de\/blog\/wp-content\/uploads\/2018\/10\/apple-logo.png","datePublished":"2023-08-30T16:40:19+00:00","breadcrumb":{"@id":"https:\/\/www.deskmodder.de\/blog\/2023\/08\/30\/apple-kuendigt-event-fuer-den-12-9-an\/#breadcrumb"},"inLanguage":"de","potentialAction":[{"@type":"ReadAction","target":["https:\/\/www.deskmodder.de\/blog\/2023\/08\/30\/apple-kuendigt-event-fuer-den-12-9-an\/"]}]},{"@type":"ImageObject","inLanguage":"de","@id":"https:\/\/www.deskmodder.de\/blog\/2023\/08\/30\/apple-kuendigt-event-fuer-den-12-9-an\/#primaryimage","url":"https:\/\/www.deskmodder.de\/blog\/wp-content\/uploads\/2018\/10\/apple-logo.png","contentUrl":"https:\/\/www.deskmodder.de\/blog\/wp-content\/uploads\/2018\/10\/apple-logo.png","width":403,"height":290},{"@type":"BreadcrumbList","@id":"https:\/\/www.deskmodder.de\/blog\/2023\/08\/30\/apple-kuendigt-event-fuer-den-12-9-an\/#breadcrumb","itemListElement":[{"@type":"ListItem","position":1,"name":"Startseite","item":"https:\/\/www.deskmodder.de\/blog\/"},{"@type":"ListItem","position":2,"name":"Apple k\u00fcndigt Event f\u00fcr den 12.9. an"}]},{"@type":"WebSite","@id":"https:\/\/www.deskmodder.de\/blog\/#website","url":"https:\/\/www.deskmodder.de\/blog\/","name":"Deskmodder.de","description":"News zum Thema Microsoft, Windows 11 \/ 10, sowie anderen Neuigkeiten aus dem Netz, viele Tipps und individuelle Hilfe bei Problemen in unserem Forum \u25cf Deskmodder - seit 2003","publisher":{"@id":"https:\/\/www.deskmodder.de\/blog\/#organization"},"potentialAction":[{"@type":"SearchAction","target":{"@type":"EntryPoint","urlTemplate":"https:\/\/www.deskmodder.de\/blog\/?s={search_term_string}"},"query-input":{"@type":"PropertyValueSpecification","valueRequired":true,"valueName":"search_term_string"}}],"inLanguage":"de"},{"@type":"Organization","@id":"https:\/\/www.deskmodder.de\/blog\/#organization","name":"Deskmodder","url":"https:\/\/www.deskmodder.de\/blog\/","logo":{"@type":"ImageObject","inLanguage":"de","@id":"https:\/\/www.deskmodder.de\/blog\/#\/schema\/logo\/image\/","url":"https:\/\/www.deskmodder.de\/blog\/wp-content\/uploads\/2019\/01\/deskmodder-logo-app.png","contentUrl":"https:\/\/www.deskmodder.de\/blog\/wp-content\/uploads\/2019\/01\/deskmodder-logo-app.png","width":281,"height":286,"caption":"Deskmodder"},"image":{"@id":"https:\/\/www.deskmodder.de\/blog\/#\/schema\/logo\/image\/"},"sameAs":["https:\/\/www.facebook.com\/Deskmodder","https:\/\/x.com\/Deskmodder","https:\/\/mastodontech.de\/@Deskmodder","https:\/\/www.youtube.com\/user\/deskmodder","https:\/\/mewe.com\/group\/5c83b5231add826fc80cdae1"]},{"@type":"Person","@id":"https:\/\/www.deskmodder.de\/blog\/#\/schema\/person\/f3c70b4f4860c9fcc4c04057ed04f469","name":"W8U","image":{"@type":"ImageObject","inLanguage":"de","@id":"https:\/\/secure.gravatar.com\/avatar\/a1e9db99fdd71a9ae2c516203e3fcd390817fa98f868eb9ba6d4a77d1a815cd4?s=96&d=mm&r=g","url":"https:\/\/secure.gravatar.com\/avatar\/a1e9db99fdd71a9ae2c516203e3fcd390817fa98f868eb9ba6d4a77d1a815cd4?s=96&d=mm&r=g","contentUrl":"https:\/\/secure.gravatar.com\/avatar\/a1e9db99fdd71a9ae2c516203e3fcd390817fa98f868eb9ba6d4a77d1a815cd4?s=96&d=mm&r=g","caption":"W8U"},"description":"Technikliebhaber aus Niedersachsen und seit 2013 bei den Deskmoddern. Interessiert sich f\u00fcr (fast) alles, durch das Strom flie\u00dft: Computer, Smartphones, Tablets, Autos und so weiter.","url":"https:\/\/www.deskmodder.de\/blog\/author\/w8u\/"}]}},"jetpack_publicize_connections":[],"jetpack_featured_media_url":"https:\/\/www.deskmodder.de\/blog\/wp-content\/uploads\/2018\/10\/apple-logo.png","_links":{"self":[{"href":"https:\/\/www.deskmodder.de\/blog\/wp-json\/wp\/v2\/posts\/181269","targetHints":{"allow":["GET"]}}],"collection":[{"href":"https:\/\/www.deskmodder.de\/blog\/wp-json\/wp\/v2\/posts"}],"about":[{"href":"https:\/\/www.deskmodder.de\/blog\/wp-json\/wp\/v2\/types\/post"}],"author":[{"embeddable":true,"href":"https:\/\/www.deskmodder.de\/blog\/wp-json\/wp\/v2\/users\/1525"}],"replies":[{"embeddable":true,"href":"https:\/\/www.deskmodder.de\/blog\/wp-json\/wp\/v2\/comments?post=181269"}],"version-history":[{"count":3,"href":"https:\/\/www.deskmodder.de\/blog\/wp-json\/wp\/v2\/posts\/181269\/revisions"}],"predecessor-version":[{"id":181272,"href":"https:\/\/www.deskmodder.de\/blog\/wp-json\/wp\/v2\/posts\/181269\/revisions\/181272"}],"wp:featuredmedia":[{"embeddable":true,"href":"https:\/\/www.deskmodder.de\/blog\/wp-json\/wp\/v2\/media\/109720"}],"wp:attachment":[{"href":"https:\/\/www.deskmodder.de\/blog\/wp-json\/wp\/v2\/media?parent=181269"}],"wp:term":[{"taxonomy":"category","embeddable":true,"href":"https:\/\/www.deskmodder.de\/blog\/wp-json\/wp\/v2\/categories?post=181269"},{"taxonomy":"post_tag","embeddable":true,"href":"https:\/\/www.deskmodder.de\/blog\/wp-json\/wp\/v2\/tags?post=181269"}],"curies":[{"name":"wp","href":"https:\/\/api.w.org\/{rel}","templated":true}]}}