{"id":180513,"date":"2023-08-01T11:56:37","date_gmt":"2023-08-01T09:56:37","guid":{"rendered":"https:\/\/www.deskmodder.de\/blog\/?p=180513"},"modified":"2023-08-01T11:56:37","modified_gmt":"2023-08-01T09:56:37","slug":"avm-fritzfon-x6-ab-sofort-im-handel","status":"publish","type":"post","link":"https:\/\/www.deskmodder.de\/blog\/2023\/08\/01\/avm-fritzfon-x6-ab-sofort-im-handel\/","title":{"rendered":"AVM FRITZ!Fon X6 ab sofort im Handel"},"content":{"rendered":"<p>Nachdem AVM das FRITZ!Fon X6 bereits vor einiger Zeit vorgestellt hat, startet es nun <a href=\"https:\/\/avm.de\/unternehmen\/presse\/presseinformationen\/2023\/08\/das-allround-talent-fuers-digitale-zuhause-fritzfon-x6-ab-sofort-erhaeltlich\/\" target=\"_blank\" rel=\"noopener\">offiziell<\/a> in den Verkauf. Das Multitalent f\u00fcr die Steuerung des digitalen Zuhauses verf\u00fcgt \u00fcber eine neue Favoritentaste und ein hochaufl\u00f6sendes Farbdisplay f\u00fcr optimale Bedienbarkeit. Per Knopfdruck l\u00e4sst es sich direkt in das Heimnetzwerk einbinden und ist mit seinen Komfortfunktionen die direkte Schaltzentrale f\u00fcr Home-Office, B\u00fcro und Familie.<\/p>\n<figure id=\"attachment_180515\" aria-describedby=\"caption-attachment-180515\" style=\"width: 306px\" class=\"wp-caption aligncenter\"><a href=\"https:\/\/www.deskmodder.de\/blog\/wp-content\/uploads\/2023\/08\/avm-fritzfon-x6-und-x6-black-scaled.jpg\" rel=\"lightbox[180513]\"><img loading=\"lazy\" decoding=\"async\" class=\"wp-image-180515 size-thumbnail\" title=\"Das neue FRITZ!Fon X6 von AVM\" src=\"https:\/\/www.deskmodder.de\/blog\/wp-content\/uploads\/2023\/08\/avm-fritzfon-x6-und-x6-black-306x205.jpg\" alt=\"Das neue FRITZ!Fon X6 von AVM\" width=\"306\" height=\"205\" srcset=\"https:\/\/www.deskmodder.de\/blog\/wp-content\/uploads\/2023\/08\/avm-fritzfon-x6-und-x6-black-306x205.jpg 306w, https:\/\/www.deskmodder.de\/blog\/wp-content\/uploads\/2023\/08\/avm-fritzfon-x6-und-x6-black-500x333.jpg 500w, https:\/\/www.deskmodder.de\/blog\/wp-content\/uploads\/2023\/08\/avm-fritzfon-x6-und-x6-black-810x540.jpg 810w, https:\/\/www.deskmodder.de\/blog\/wp-content\/uploads\/2023\/08\/avm-fritzfon-x6-und-x6-black-1536x1024.jpg 1536w, https:\/\/www.deskmodder.de\/blog\/wp-content\/uploads\/2023\/08\/avm-fritzfon-x6-und-x6-black-2048x1365.jpg 2048w\" sizes=\"auto, (max-width: 306px) 100vw, 306px\" \/><\/a><figcaption id=\"caption-attachment-180515\" class=\"wp-caption-text\">FRITZ!Fon X6<\/figcaption><\/figure>\n<h2>Die technischen Details des Telefons:<\/h2>\n<ul>\n<li>DECT-Telefon mit HD-Telefonie und hochwertiger Freisprechanlage<\/li>\n<li>Bis zu f\u00fcnf Anrufbeantworter und mehrere Telefonb\u00fccher<\/li>\n<li>Webradio, Babyfon, Anruferansage, Wettervorhersage im Startbildschirm<\/li>\n<li>Gro\u00dfes 2,4-Zoll-Farbdisplay, TFT, beleuchtete Tastatur, Headset-Buchse<\/li>\n<li>Neue zus\u00e4tzliche Favoritentaste, frei belegbar<\/li>\n<li>Sprach\u00fcbertragung ab Werk sicher verschl\u00fcsselt<\/li>\n<li>FRITZ!Box-Steuerung, z. B. WLAN-Schaltung oder Mediaserver<\/li>\n<li>FRITZ! Smart-Home-Steuerung, FRITZ!DECT 210\/200, FRITZ!DECT 302\/301<\/li>\n<li>Schwarze und wei\u00dfe Ausf\u00fchrung<\/li>\n<li>Ab sofort f\u00fcr 99 Euro (UVP) im Handel erh\u00e4ltlich<\/li>\n<\/ul>\n<p>Das FRITZ!Fon X6 von AVM ist ab sofort zum empfohlenen Verkaufspreis von 99 Euro im Handel erh\u00e4ltlich. In wenigen Tagen sollte es auch im Fachhandel eurer Wahl verf\u00fcgbar sein.<\/p>\n","protected":false},"excerpt":{"rendered":"<p>Nachdem AVM das FRITZ!Fon X6 bereits vor einiger Zeit vorgestellt hat, startet es nun offiziell in den Verkauf. Das Multitalent f\u00fcr die Steuerung des digitalen Zuhauses verf\u00fcgt \u00fcber eine neue Favoritentaste und ein hochaufl\u00f6sendes Farbdisplay f\u00fcr optimale Bedienbarkeit. Per Knopfdruck&hellip; <\/p>\n","protected":false},"author":4849,"featured_media":180515,"comment_status":"open","ping_status":"open","sticky":false,"template":"","format":"standard","meta":{"jetpack_post_was_ever_published":false,"footnotes":"","jetpack_publicize_message":"","jetpack_publicize_feature_enabled":true,"jetpack_social_post_already_shared":false,"jetpack_social_options":{"image_generator_settings":{"template":"highway","default_image_id":0,"font":"","enabled":false},"version":2}},"categories":[1,60884],"tags":[2543,11754,86462,11351,2796,86461,5671,6326,86460],"class_list":["post-180513","post","type-post","status-publish","format-standard","has-post-thumbnail","hentry","category-allgemein","category-internet","tag-avm","tag-festnetz","tag-fritzfon-x6","tag-fritzfon","tag-heimnetz","tag-komfort","tag-smart-home","tag-telefon","tag-telefonat"],"wp_featured_image":{"id":180515,"alt_text":"","description":"","media_type":"image","media_details":{"width":2560,"height":1707,"file":"2023\/08\/avm-fritzfon-x6-und-x6-black-scaled.jpg","filesize":255240,"sizes":{"medium":{"file":"avm-fritzfon-x6-und-x6-black-500x333.jpg","width":500,"height":333,"mime-type":"image\/jpeg","filesize":38147,"source_url":"https:\/\/www.deskmodder.de\/blog\/wp-content\/uploads\/2023\/08\/avm-fritzfon-x6-und-x6-black-500x333.jpg"},"large":{"file":"avm-fritzfon-x6-und-x6-black-810x540.jpg","width":810,"height":540,"mime-type":"image\/jpeg","filesize":61377,"source_url":"https:\/\/www.deskmodder.de\/blog\/wp-content\/uploads\/2023\/08\/avm-fritzfon-x6-und-x6-black-810x540.jpg"},"thumbnail":{"file":"avm-fritzfon-x6-und-x6-black-306x205.jpg","width":306,"height":205,"mime-type":"image\/jpeg","filesize":26690,"source_url":"https:\/\/www.deskmodder.de\/blog\/wp-content\/uploads\/2023\/08\/avm-fritzfon-x6-und-x6-black-306x205.jpg"},"1536x1536":{"file":"avm-fritzfon-x6-und-x6-black-1536x1024.jpg","width":1536,"height":1024,"mime-type":"image\/jpeg","filesize":128838,"source_url":"https:\/\/www.deskmodder.de\/blog\/wp-content\/uploads\/2023\/08\/avm-fritzfon-x6-und-x6-black-1536x1024.jpg"},"2048x2048":{"file":"avm-fritzfon-x6-und-x6-black-2048x1365.jpg","width":2048,"height":1365,"mime-type":"image\/jpeg","filesize":187735,"source_url":"https:\/\/www.deskmodder.de\/blog\/wp-content\/uploads\/2023\/08\/avm-fritzfon-x6-und-x6-black-2048x1365.jpg"},"blog-large":{"file":"avm-fritzfon-x6-und-x6-black-642x300.jpg","width":642,"height":300,"mime-type":"image\/jpeg","filesize":43365,"source_url":"https:\/\/www.deskmodder.de\/blog\/wp-content\/uploads\/2023\/08\/avm-fritzfon-x6-und-x6-black-642x300.jpg"},"blog-medium":{"file":"avm-fritzfon-x6-und-x6-black-306x205.jpg","width":306,"height":205,"mime-type":"image\/jpeg","filesize":26760,"source_url":"https:\/\/www.deskmodder.de\/blog\/wp-content\/uploads\/2023\/08\/avm-fritzfon-x6-und-x6-black-306x205.jpg"},"recent-thumb":{"file":"avm-fritzfon-x6-und-x6-black-350x316.jpg","width":350,"height":316,"mime-type":"image\/jpeg","filesize":35480,"source_url":"https:\/\/www.deskmodder.de\/blog\/wp-content\/uploads\/2023\/08\/avm-fritzfon-x6-und-x6-black-350x316.jpg"},"service-featured":{"file":"avm-fritzfon-x6-und-x6-black-600x330.jpg","width":600,"height":330,"mime-type":"image\/jpeg","filesize":43977,"source_url":"https:\/\/www.deskmodder.de\/blog\/wp-content\/uploads\/2023\/08\/avm-fritzfon-x6-und-x6-black-600x330.jpg"}},"image_meta":{"aperture":"0","credit":"AVM GmbH","camera":"","caption":"","created_timestamp":"-62169984000","copyright":"\u00a9 AVM GmbH. Die Verwendung dieses Bildes ist f\u00fcr redaktionelle Zwecke honorarfrei. Verwendbar bis 09\/2025.\r\u00a9 AVM GmbH. Use of","focal_length":"0","iso":"0","shutter_speed":"0","title":"FRITZ!Fon X6 und X6 Black","orientation":"1","keywords":["AVM","FRITZ!","FRITZ!Box","fritzbox","fritz-box","Heimnetz","home network","Heimnetzwerk","Heimvernetzung","Netzwerk","FRITZ!Box Fon WLAN","FRITZ!Fon","Fon","Firmware-Update","Internetradio","Radio","Podcast","RSS-Feeds","HD-Telefonie","HD Telephony","DECT","DECT-Basis","DECT-Basisstation","DECT base station","Babyfon","Babyphone","Anrufbeantworter","answering machine","DECT-Sicherheit","Schnurlostelefone","cordless phone","Smart Home","HD","DECT ULE","Ultra Low Energy","Auto-Update","FRITZ!OS","Bewegungssensor","Helligkeitssensor","Motion and brightness sensor","Steuerung","DECT ECO","Full Duplex Freisprechen","high-resolution color display","illuminated keypad","stereo headset jack","starke Akkuleistung","lange Gespr\u00e4chsdauer","verschl\u00fcsselte Sprach\u00fcbertragung","encrypt conversations","energy-saving modus","remote control for smart home","Fernbedienung im Smart Home","Live Bild","Favoritentaste","zus\u00e4tzliche Taste","hands-free module","Design","wei\u00df","schwarz","white","black","Wettervorhersage","Text to speech","Anruferansage","weather forecast"]},"original_image":"avm-fritzfon-x6-und-x6-black.jpg"},"post":180513,"source_url":"https:\/\/www.deskmodder.de\/blog\/wp-content\/uploads\/2023\/08\/avm-fritzfon-x6-und-x6-black-scaled.jpg"},"commentcount":25,"wp_comments":[{"id":251591,"parent":0,"author":0,"author_name":"Froyo52","author_email":"egerdes@web.de","author_url":"","author_avatar_urls":{"24":"https:\/\/secure.gravatar.com\/avatar\/1bd6d427520ae99b644baac39ef7634a6fab88a4bfaab439a47ff17a355f41f1?s=24&d=mm&r=g","48":"https:\/\/secure.gravatar.com\/avatar\/1bd6d427520ae99b644baac39ef7634a6fab88a4bfaab439a47ff17a355f41f1?s=48&d=mm&r=g","96":"https:\/\/secure.gravatar.com\/avatar\/1bd6d427520ae99b644baac39ef7634a6fab88a4bfaab439a47ff17a355f41f1?s=96&d=mm&r=g"},"date":"2023-08-01T12:06:48","cld_nonce":"2c6819c04b","content":{"rendered":"<p>Wo im Handel? Meine angestellten Recherchen bleiben bisher erfolglos.<\/p>\n"},"status":"1"},{"id":251592,"parent":0,"author":0,"author_name":"curiaat","author_email":"curiaat@outlook.de","author_url":"","author_avatar_urls":{"24":"https:\/\/secure.gravatar.com\/avatar\/61ed33cda5b9869c3dc7fd95b1ab653ed1ed765d21972db850c83b9becc8f95e?s=24&d=mm&r=g","48":"https:\/\/secure.gravatar.com\/avatar\/61ed33cda5b9869c3dc7fd95b1ab653ed1ed765d21972db850c83b9becc8f95e?s=48&d=mm&r=g","96":"https:\/\/secure.gravatar.com\/avatar\/61ed33cda5b9869c3dc7fd95b1ab653ed1ed765d21972db850c83b9becc8f95e?s=96&d=mm&r=g"},"date":"2023-08-01T12:07:16","cld_nonce":"2c6819c04b","content":{"rendered":"<p>\u2026&#8230;und gibt&#8217;s ein wenig f\u00fcr UNS zu verschenken \u2753\u2753<\/p>\n<p>( K\u00f6nnt EINS brauchen \u203c\ufe0f) <img src=\"https:\/\/www.deskmodder.de\/blog\/wp-content\/plugins\/classic-smilies\/img\/icon_razz.gif\" alt=\":-P\" class=\"wp-smiley\" \/><br \/>\n<i>gepostet mit der <a href=\"https:\/\/www.microsoft.com\/store\/apps\/9wzdncrdfx92\" rel=\"nofollow ugc\">Deskmodder.de-App<\/a><\/i><\/p>\n"},"status":"1"},{"id":251593,"parent":0,"author":0,"author_name":"Tom.","author_email":"thomasloewrv@icloud.com","author_url":"","author_avatar_urls":{"24":"https:\/\/secure.gravatar.com\/avatar\/af22136946530efe1181db4c48227d14527924c044a6c99bd94d70ffec9f440e?s=24&d=mm&r=g","48":"https:\/\/secure.gravatar.com\/avatar\/af22136946530efe1181db4c48227d14527924c044a6c99bd94d70ffec9f440e?s=48&d=mm&r=g","96":"https:\/\/secure.gravatar.com\/avatar\/af22136946530efe1181db4c48227d14527924c044a6c99bd94d70ffec9f440e?s=96&d=mm&r=g"},"date":"2023-08-01T12:09:44","cld_nonce":"2c6819c04b","content":{"rendered":"<p>Hoffentlich ein wenig robuster \/ stabiler als der Vorg\u00e4nger .<\/p>\n"},"status":"1"},{"id":251594,"parent":0,"author":0,"author_name":"andy1954","author_email":"kammer.udo@gmx.info","author_url":"","author_avatar_urls":{"24":"https:\/\/secure.gravatar.com\/avatar\/39739026b5efcaec870914dc8ca77d62d83179e18582e73c282160f404ffdfc7?s=24&d=mm&r=g","48":"https:\/\/secure.gravatar.com\/avatar\/39739026b5efcaec870914dc8ca77d62d83179e18582e73c282160f404ffdfc7?s=48&d=mm&r=g","96":"https:\/\/secure.gravatar.com\/avatar\/39739026b5efcaec870914dc8ca77d62d83179e18582e73c282160f404ffdfc7?s=96&d=mm&r=g"},"date":"2023-08-01T12:39:16","cld_nonce":"2c6819c04b","content":{"rendered":"<p>Da ich mein C5 nur f\u00fcr die Festnetztelefonie ben\u00f6tige, wird es auch weiterhin nicht durch ein neues Ger\u00e4t wie das C6 oder gar das X6 ersetzt.  <\/p>\n<p><i>gepostet mit der <a href=\"https:\/\/play.google.com\/store\/apps\/details?id=com.deskmodder\" rel=\"nofollow ugc\">Deskmodder.de-App f\u00fcr Android<\/a><\/i><\/p>\n"},"status":"1"},{"id":251598,"parent":251594,"author":0,"author_name":"ChiemseeChaot","author_email":"gerusc@web.de","author_url":"","author_avatar_urls":{"24":"https:\/\/secure.gravatar.com\/avatar\/f5983440a9cc4a3967368fdc00dd99ce944d7037ba568e8a7b1117eaceee0f42?s=24&d=mm&r=g","48":"https:\/\/secure.gravatar.com\/avatar\/f5983440a9cc4a3967368fdc00dd99ce944d7037ba568e8a7b1117eaceee0f42?s=48&d=mm&r=g","96":"https:\/\/secure.gravatar.com\/avatar\/f5983440a9cc4a3967368fdc00dd99ce944d7037ba568e8a7b1117eaceee0f42?s=96&d=mm&r=g"},"date":"2023-08-01T13:17:09","cld_nonce":"2c6819c04b","content":{"rendered":"<p>Das C6 liegt mir besser in der Hand als das C5 um dessen Vorg\u00e4ngern. Daher habe ich vor einiger Zeit im Abverkauf je ein wei\u00dfes und schwarzes C6 zur Unterscheidung zwischen beruflichen und privaten Telefongespr\u00e4chen. <\/p>\n<p>Interessant w\u00e4re, ob C6 und X6 den gleichen Akku-Typ verwenden. Hat das X6 mittlerweile eine Bluetooth-Schnittstelle, die meines Erachtens (sehr) wichtig ist.<\/p>\n"},"status":"1"},{"id":251599,"parent":251598,"author":0,"author_name":"Rainbird-1","author_email":"rainbird-1@gmx.de","author_url":"","author_avatar_urls":{"24":"https:\/\/secure.gravatar.com\/avatar\/0050aa3499751080663bda27c14bb259f107c0299e16df68aa2721a2bd29e1db?s=24&d=mm&r=g","48":"https:\/\/secure.gravatar.com\/avatar\/0050aa3499751080663bda27c14bb259f107c0299e16df68aa2721a2bd29e1db?s=48&d=mm&r=g","96":"https:\/\/secure.gravatar.com\/avatar\/0050aa3499751080663bda27c14bb259f107c0299e16df68aa2721a2bd29e1db?s=96&d=mm&r=g"},"date":"2023-08-01T13:18:42","cld_nonce":"2c6819c04b","content":{"rendered":"<p>kein Bluetooth!<br \/>\nAkku noch unbekannt<\/p>\n"},"status":"1"},{"id":251600,"parent":251599,"author":0,"author_name":"ChiemseeChaot","author_email":"gerusc@web.de","author_url":"","author_avatar_urls":{"24":"https:\/\/secure.gravatar.com\/avatar\/f5983440a9cc4a3967368fdc00dd99ce944d7037ba568e8a7b1117eaceee0f42?s=24&d=mm&r=g","48":"https:\/\/secure.gravatar.com\/avatar\/f5983440a9cc4a3967368fdc00dd99ce944d7037ba568e8a7b1117eaceee0f42?s=48&d=mm&r=g","96":"https:\/\/secure.gravatar.com\/avatar\/f5983440a9cc4a3967368fdc00dd99ce944d7037ba568e8a7b1117eaceee0f42?s=96&d=mm&r=g"},"date":"2023-08-01T13:23:32","cld_nonce":"2c6819c04b","content":{"rendered":"<p>Danke! <\/p>\n<p>Die Pressemeldung &#8211; soeben gefunden! &#8211;  ist hier zu lesen:<br \/>\n<a href=\"https:\/\/avm.de\/unternehmen\/presse\/presseinformationen\/2023\/08\/das-allround-talent-fuers-digitale-zuhause-fritzfon-x6-ab-sofort-erhaeltlich\/\" rel=\"nofollow ugc\">https:\/\/avm.de\/unternehmen\/presse\/presseinformationen\/2023\/08\/das-allround-talent-fuers-digitale-zuhause-fritzfon-x6-ab-sofort-erhaeltlich\/<\/a><\/p>\n<p>Kein BT: Dann werde ich beide C6 bis zum bitteren Ende nutzen, so wie ich es auch mit dem MT-F gemacht habe.<\/p>\n"},"status":"1"},{"id":251603,"parent":251600,"author":0,"author_name":"Rainbird-1","author_email":"rainbird-1@gmx.de","author_url":"","author_avatar_urls":{"24":"https:\/\/secure.gravatar.com\/avatar\/0050aa3499751080663bda27c14bb259f107c0299e16df68aa2721a2bd29e1db?s=24&d=mm&r=g","48":"https:\/\/secure.gravatar.com\/avatar\/0050aa3499751080663bda27c14bb259f107c0299e16df68aa2721a2bd29e1db?s=48&d=mm&r=g","96":"https:\/\/secure.gravatar.com\/avatar\/0050aa3499751080663bda27c14bb259f107c0299e16df68aa2721a2bd29e1db?s=96&d=mm&r=g"},"date":"2023-08-01T13:31:55","cld_nonce":"2c6819c04b","content":{"rendered":"<p>Verstehe sowieso die Entwicklung dieses Fritz!Fon X6 nicht. Zweimal den Release verschoben, die UVP kurzfristig zum Verkauf nun nochmals um zehn Euro angehoben und dabei unterst\u00fctzen alle bisherigen Fritz!Fon&#8217;s die gleichen Funktionen. Einzig die Favoritentaste ist neu!<\/p>\n<p>Momentan l\u00e4ufts nicht rund bei AVM&#8230;<br \/>\n&#8230;meine Meinung (neben dem ebenfalls ausufernden Releasedauer des Fritz!OS).<\/p>\n"},"status":"1"},{"id":251605,"parent":0,"author":0,"author_name":"TimeTurn","author_email":"mzwandula@gmail.com","author_url":"","author_avatar_urls":{"24":"https:\/\/secure.gravatar.com\/avatar\/2ab3708cc62d3f3346535beecbe65de854614e55d27fd505d3cae2c69ffdbfae?s=24&d=mm&r=g","48":"https:\/\/secure.gravatar.com\/avatar\/2ab3708cc62d3f3346535beecbe65de854614e55d27fd505d3cae2c69ffdbfae?s=48&d=mm&r=g","96":"https:\/\/secure.gravatar.com\/avatar\/2ab3708cc62d3f3346535beecbe65de854614e55d27fd505d3cae2c69ffdbfae?s=96&d=mm&r=g"},"date":"2023-08-01T13:35:35","cld_nonce":"2c6819c04b","content":{"rendered":"<p>Hab auch zwei C4 und ein C6, da erschlie\u00dft sich mir auch nicht die Notwendigkeit f\u00fcr das X6. Das WLAN ist permanent an, den Wecker usw. der Box benutze ich nicht und Smart Ger\u00e4te sind auch nicht installiert &#8211; und wenn dem so w\u00e4re, ist die Steuerung etwa per App BoxToGo oder FRITZ!home viel praktischer als \u00fcber ein Festnetztelefon.<\/p>\n"},"status":"1"},{"id":251610,"parent":0,"author":9647,"author_name":"EynMarc","author_email":"marcsennlaptop@hotmail.com","author_url":"","author_avatar_urls":{"24":"https:\/\/secure.gravatar.com\/avatar\/3491266aac49acc2c7ee73e0f4f1d780143cf3a37db4551a97d4783e24e77277?s=24&d=mm&r=g","48":"https:\/\/secure.gravatar.com\/avatar\/3491266aac49acc2c7ee73e0f4f1d780143cf3a37db4551a97d4783e24e77277?s=48&d=mm&r=g","96":"https:\/\/secure.gravatar.com\/avatar\/3491266aac49acc2c7ee73e0f4f1d780143cf3a37db4551a97d4783e24e77277?s=96&d=mm&r=g"},"date":"2023-08-01T14:07:19","cld_nonce":"2c6819c04b","content":{"rendered":"<p>ALSO das ja auch ein Telefon und kein Handy, das steht zuhause rum, da muss man nicht Update sein, wie beim Handy.<br \/>\nIch hab das Fritzfon 6 in weiss weil es das gerade aktuell gab,  wenn es aktuell das 5 gewesen w\u00e4re h\u00e4tte ich jetzt das 5 und ich von einen Gigaset sl930a kamm das telefon wo wie ein handy ist mit Android 4.4 der Vorg\u00e4nger hatte ich auch den sl910a der ging kaputt, der nachfolger war schrott wie ich den leider rausfand, nach dem update auf 4.4 Android nur noch abst\u00fcrze, bei allem. \ud83e\udd23\ud83d\ude02.<\/p>\n<p>Also der Display ist von 2.2 auf  2.4 zoll gewachsen, wird man auch nicht mal merken wenn man nicht nachmessen w\u00fcrde.<\/p>\n<p>Die neue tast hmm ja die w\u00e4re bei mir belegt mit dem router update bildschirm. \ud83e\udd23 Ja ich weiss ich liebe Updates. \ud83d\ude09 <\/p>\n<p>Hmm also wenn das 6er Model mal Abraucht oder mal Runterf\u00e4llt auf die falsche stelle den werde ich das Model kaufen wo den gerad das Aktuellste ist x6, x7, x8 egal.<br \/>\nIst kein Status symbol wie ein Handy. Lach<\/p>\n"},"status":"1"},{"id":251611,"parent":251610,"author":0,"author_name":"Rainbird-1","author_email":"rainbird-1@gmx.de","author_url":"","author_avatar_urls":{"24":"https:\/\/secure.gravatar.com\/avatar\/0050aa3499751080663bda27c14bb259f107c0299e16df68aa2721a2bd29e1db?s=24&d=mm&r=g","48":"https:\/\/secure.gravatar.com\/avatar\/0050aa3499751080663bda27c14bb259f107c0299e16df68aa2721a2bd29e1db?s=48&d=mm&r=g","96":"https:\/\/secure.gravatar.com\/avatar\/0050aa3499751080663bda27c14bb259f107c0299e16df68aa2721a2bd29e1db?s=96&d=mm&r=g"},"date":"2023-08-01T14:16:05","cld_nonce":"2c6819c04b","content":{"rendered":"<p>Schon klar, dass ein K\u00e4ufer das aktuellste nimmt und dann das X6 seine Daseinsberechtigung h\u00e4tte.<br \/>\nAber f\u00fcr ggf. M2 oder C4 oder C5 Besitzer ist mit dem X6 kein echter Nachfolger oder gar ein Grund da, nicht auch weiterhin beim eigenen zu bleiben. AVM braucht anscheinend keine Innovationen mehr als Kaufanreiz.<\/p>\n<p>Da geht es nicht um Statussymbol. Aber ich glaube kaum, dass ein Hersteller nicht bestrebt ist, Produkte zu verkaufen&#8230;<\/p>\n<p>&#8230;daher wunder dieses &#8222;lieblose&#8220; (neue) Modell schon!<\/p>\n"},"status":"1"},{"id":251612,"parent":251605,"author":0,"author_name":"ChiemseeChaot","author_email":"gerusc@web.de","author_url":"","author_avatar_urls":{"24":"https:\/\/secure.gravatar.com\/avatar\/f5983440a9cc4a3967368fdc00dd99ce944d7037ba568e8a7b1117eaceee0f42?s=24&d=mm&r=g","48":"https:\/\/secure.gravatar.com\/avatar\/f5983440a9cc4a3967368fdc00dd99ce944d7037ba568e8a7b1117eaceee0f42?s=48&d=mm&r=g","96":"https:\/\/secure.gravatar.com\/avatar\/f5983440a9cc4a3967368fdc00dd99ce944d7037ba568e8a7b1117eaceee0f42?s=96&d=mm&r=g"},"date":"2023-08-01T14:21:17","cld_nonce":"2c6819c04b","content":{"rendered":"<p>WLAN ist permanent wegen der St\u00f6rungen &#8211; Mietwohnungen der n\u00e4heren Umgebung! &#8211; abgeschaltet und LAN (feste IP-Adressen) mit Powerline (keine AVM-Adapter) realisiert.<br \/>\nLaptops etc. werden per USB-Gigabit-Ethernet-Adapter ins LAN integriert.  Das einzige &#8222;Smart Home&#8220;-Ger\u00e4t ist seit gestern ein FRITZ!DECT Repeater 100 f\u00fcr die Reichweitenverl\u00e4ngerung der verschiedenen AVM-Telefone im Keller.<\/p>\n"},"status":"1"},{"id":251613,"parent":251611,"author":9647,"author_name":"EynMarc","author_email":"marcsennlaptop@hotmail.com","author_url":"","author_avatar_urls":{"24":"https:\/\/secure.gravatar.com\/avatar\/3491266aac49acc2c7ee73e0f4f1d780143cf3a37db4551a97d4783e24e77277?s=24&d=mm&r=g","48":"https:\/\/secure.gravatar.com\/avatar\/3491266aac49acc2c7ee73e0f4f1d780143cf3a37db4551a97d4783e24e77277?s=48&d=mm&r=g","96":"https:\/\/secure.gravatar.com\/avatar\/3491266aac49acc2c7ee73e0f4f1d780143cf3a37db4551a97d4783e24e77277?s=96&d=mm&r=g"},"date":"2023-08-01T14:26:56","cld_nonce":"2c6819c04b","content":{"rendered":"<p>Hm ist doch gerade wie die avm router mit ax dahinter.<br \/>\nNichts ganzen, halbe l\u00f6sung.<br \/>\nWeil den m\u00fcssten sie ja Fritzfon 7 draus machen und ganz viel neues.<\/p>\n"},"status":"1"},{"id":251616,"parent":0,"author":0,"author_name":"Holgi","author_email":"holger_freese@hotmail.com","author_url":"","author_avatar_urls":{"24":"https:\/\/secure.gravatar.com\/avatar\/0b9a7e8e22fe490941487d0cbe59d0e7232454955198e0bd0f0fc8b2f4a0043e?s=24&d=mm&r=g","48":"https:\/\/secure.gravatar.com\/avatar\/0b9a7e8e22fe490941487d0cbe59d0e7232454955198e0bd0f0fc8b2f4a0043e?s=48&d=mm&r=g","96":"https:\/\/secure.gravatar.com\/avatar\/0b9a7e8e22fe490941487d0cbe59d0e7232454955198e0bd0f0fc8b2f4a0043e?s=96&d=mm&r=g"},"date":"2023-08-01T14:58:37","cld_nonce":"2c6819c04b","content":{"rendered":"<p>nutzt jemand von das Fritz!Fon mit einer T\u00fcrsprechanlage iVm Kamera?<br \/>\nWie funktioniert das (technisch gesehen) und funzt das gut?<\/p>\n"},"status":"1"},{"id":251619,"parent":251611,"author":0,"author_name":"R.S.","author_email":"passat3233@gmx.de","author_url":"","author_avatar_urls":{"24":"https:\/\/secure.gravatar.com\/avatar\/68993ef57ec01ca39cd75b06efff1d95c9e4fbbc3a5752adc5da241dc5bd5281?s=24&d=mm&r=g","48":"https:\/\/secure.gravatar.com\/avatar\/68993ef57ec01ca39cd75b06efff1d95c9e4fbbc3a5752adc5da241dc5bd5281?s=48&d=mm&r=g","96":"https:\/\/secure.gravatar.com\/avatar\/68993ef57ec01ca39cd75b06efff1d95c9e4fbbc3a5752adc5da241dc5bd5281?s=96&d=mm&r=g"},"date":"2023-08-01T15:43:23","cld_nonce":"2c6819c04b","content":{"rendered":"<p>War doch auch bei den Vorg\u00e4ngern schon so:<br \/>\nKeine neuen Features.<br \/>\nOder was unterscheidet ein C6 vom C5 funktional au\u00dfer dem Design und dank des gr\u00f6\u00dferen Akkus l\u00e4ngere Gespr\u00e4chszeit?<br \/>\nUnd jetzt X6 zu C6:<br \/>\nEtwas gr\u00f6\u00dferes Display und die Favoritentaste, mehr Neuerungen gibts nicht.<\/p>\n"},"status":"1"},{"id":251622,"parent":251619,"author":9647,"author_name":"EynMarc","author_email":"marcsennlaptop@hotmail.com","author_url":"","author_avatar_urls":{"24":"https:\/\/secure.gravatar.com\/avatar\/3491266aac49acc2c7ee73e0f4f1d780143cf3a37db4551a97d4783e24e77277?s=24&d=mm&r=g","48":"https:\/\/secure.gravatar.com\/avatar\/3491266aac49acc2c7ee73e0f4f1d780143cf3a37db4551a97d4783e24e77277?s=48&d=mm&r=g","96":"https:\/\/secure.gravatar.com\/avatar\/3491266aac49acc2c7ee73e0f4f1d780143cf3a37db4551a97d4783e24e77277?s=96&d=mm&r=g"},"date":"2023-08-01T15:51:04","cld_nonce":"2c6819c04b","content":{"rendered":"<p>Es heisst x6 nicht 7 also was kannst viel erwarten.<\/p>\n"},"status":"1"},{"id":251623,"parent":0,"author":0,"author_name":"Axel62","author_email":"axel.schmeissner@web.de","author_url":"","author_avatar_urls":{"24":"https:\/\/secure.gravatar.com\/avatar\/9435a43dd49215dd8ef999063d52c6140b21abd9435bf57f79c6cfc273fe52c3?s=24&d=mm&r=g","48":"https:\/\/secure.gravatar.com\/avatar\/9435a43dd49215dd8ef999063d52c6140b21abd9435bf57f79c6cfc273fe52c3?s=48&d=mm&r=g","96":"https:\/\/secure.gravatar.com\/avatar\/9435a43dd49215dd8ef999063d52c6140b21abd9435bf57f79c6cfc273fe52c3?s=96&d=mm&r=g"},"date":"2023-08-01T15:53:32","cld_nonce":"2c6819c04b","content":{"rendered":"<p>Ich bleibe bei meinem C5 das reicht mir vollkommen!<\/p>\n"},"status":"1"},{"id":251628,"parent":0,"author":0,"author_name":"Kritischer","author_email":"bin_bitterarm@outlook.de","author_url":"","author_avatar_urls":{"24":"https:\/\/secure.gravatar.com\/avatar\/ba9217f87e388778c40bd97e9e2fa9936332c46ee010ce3bbdf562e4504bfc37?s=24&d=mm&r=g","48":"https:\/\/secure.gravatar.com\/avatar\/ba9217f87e388778c40bd97e9e2fa9936332c46ee010ce3bbdf562e4504bfc37?s=48&d=mm&r=g","96":"https:\/\/secure.gravatar.com\/avatar\/ba9217f87e388778c40bd97e9e2fa9936332c46ee010ce3bbdf562e4504bfc37?s=96&d=mm&r=g"},"date":"2023-08-01T16:35:42","cld_nonce":"2c6819c04b","content":{"rendered":"<p>AVMs drahtlose Telefone begleiten mich, seit es die Dinger gibt. Habe derzeit 3 C4 und ein C5. Das C5 habe ich gekauft wegen der M\u00f6glichkeit die Lautsprecherlautst\u00e4rke w\u00e4hrend des Gespr\u00e4ches zu \u00e4ndern, denn ich bin schwerh\u00f6rig. Diese 4 Telefone verwenden alle den gleichen Akkutyp. Und auch diese 4 haben schon Funktionen, die man im 95 von 100 Haushalten auf den Ger\u00e4ten gar nicht nutzt, wie z.B. E-Mail, Internetradio, RSS-Nachrichten oder Podcasts. Und nun zeigt halt auch AVM, was man da noch so alles f\u00fcr Spielchen rein bringen kann. Und dabei ist nicht nur &#8222;simply the best&#8220; noch immer ein Renner. Aber vielleicht will AVM mit den neuen Telefon-Spielchen auch endlich den japanischen Markt erobern? Denn dort sind viele Kunden f\u00fcr jede noch so sinnlose technische Spielerei ganz weit offen.<\/p>\n"},"status":"1"},{"id":251635,"parent":251628,"author":9647,"author_name":"EynMarc","author_email":"marcsennlaptop@hotmail.com","author_url":"","author_avatar_urls":{"24":"https:\/\/secure.gravatar.com\/avatar\/3491266aac49acc2c7ee73e0f4f1d780143cf3a37db4551a97d4783e24e77277?s=24&d=mm&r=g","48":"https:\/\/secure.gravatar.com\/avatar\/3491266aac49acc2c7ee73e0f4f1d780143cf3a37db4551a97d4783e24e77277?s=48&d=mm&r=g","96":"https:\/\/secure.gravatar.com\/avatar\/3491266aac49acc2c7ee73e0f4f1d780143cf3a37db4551a97d4783e24e77277?s=96&d=mm&r=g"},"date":"2023-08-01T18:35:38","cld_nonce":"2c6819c04b","content":{"rendered":"<p>Also alles wo Du sinnlos findes m\u00fcssem die anderen 99.99 % auch Sinnlos finden?<\/p>\n"},"status":"1"},{"id":251636,"parent":251613,"author":0,"author_name":"ChiemseeChaot","author_email":"gerusc@web.de","author_url":"","author_avatar_urls":{"24":"https:\/\/secure.gravatar.com\/avatar\/f5983440a9cc4a3967368fdc00dd99ce944d7037ba568e8a7b1117eaceee0f42?s=24&d=mm&r=g","48":"https:\/\/secure.gravatar.com\/avatar\/f5983440a9cc4a3967368fdc00dd99ce944d7037ba568e8a7b1117eaceee0f42?s=48&d=mm&r=g","96":"https:\/\/secure.gravatar.com\/avatar\/f5983440a9cc4a3967368fdc00dd99ce944d7037ba568e8a7b1117eaceee0f42?s=96&d=mm&r=g"},"date":"2023-08-01T19:41:29","cld_nonce":"2c6819c04b","content":{"rendered":"<p>Eine modulare L\u00f6sung bei WLAN ist mein Wunschtraum.<br \/>\nEs sollte m\u00f6glich sein, einen (AVM?) WLAN-Stick per USB C (3.x) anstecken zu k\u00f6nnen und nachdem die FRITZ!Box den Stick erkannt und intern installiert hat, funktioniert der WLAN-Empfang.<br \/>\nDie vorhandene FRITZ!Box kann weiterhin genutzt werden und eben auch ein neuer WLAN-Standard.<br \/>\nDas w\u00e4re &#8222;\u00f6konologisch&#8220;!<\/p>\n"},"status":"1"},{"id":251639,"parent":251591,"author":9647,"author_name":"EynMarc","author_email":"marcsennlaptop@hotmail.com","author_url":"","author_avatar_urls":{"24":"https:\/\/secure.gravatar.com\/avatar\/3491266aac49acc2c7ee73e0f4f1d780143cf3a37db4551a97d4783e24e77277?s=24&d=mm&r=g","48":"https:\/\/secure.gravatar.com\/avatar\/3491266aac49acc2c7ee73e0f4f1d780143cf3a37db4551a97d4783e24e77277?s=48&d=mm&r=g","96":"https:\/\/secure.gravatar.com\/avatar\/3491266aac49acc2c7ee73e0f4f1d780143cf3a37db4551a97d4783e24e77277?s=96&d=mm&r=g"},"date":"2023-08-01T20:20:46","cld_nonce":"2c6819c04b","content":{"rendered":"<p>Auch nichts auf Amazon, hmm<br \/>\nSolten die Telefone nicht schon im handel sein, wenn sie werbung machen. \ud83d\ude01 \ud83e\udd23<\/p>\n"},"status":"1"},{"id":251640,"parent":251592,"author":9647,"author_name":"EynMarc","author_email":"marcsennlaptop@hotmail.com","author_url":"","author_avatar_urls":{"24":"https:\/\/secure.gravatar.com\/avatar\/3491266aac49acc2c7ee73e0f4f1d780143cf3a37db4551a97d4783e24e77277?s=24&d=mm&r=g","48":"https:\/\/secure.gravatar.com\/avatar\/3491266aac49acc2c7ee73e0f4f1d780143cf3a37db4551a97d4783e24e77277?s=48&d=mm&r=g","96":"https:\/\/secure.gravatar.com\/avatar\/3491266aac49acc2c7ee73e0f4f1d780143cf3a37db4551a97d4783e24e77277?s=96&d=mm&r=g"},"date":"2023-08-01T20:26:44","cld_nonce":"2c6819c04b","content":{"rendered":"<p>Och 99 euro schaft jeder. \ud83d\ude01<br \/>\nSonst einfach ein paar wochen warten.<\/p>\n"},"status":"1"},{"id":251694,"parent":251635,"author":0,"author_name":"Kritischer","author_email":"bin_bitterarm@outlook.de","author_url":"","author_avatar_urls":{"24":"https:\/\/secure.gravatar.com\/avatar\/ba9217f87e388778c40bd97e9e2fa9936332c46ee010ce3bbdf562e4504bfc37?s=24&d=mm&r=g","48":"https:\/\/secure.gravatar.com\/avatar\/ba9217f87e388778c40bd97e9e2fa9936332c46ee010ce3bbdf562e4504bfc37?s=48&d=mm&r=g","96":"https:\/\/secure.gravatar.com\/avatar\/ba9217f87e388778c40bd97e9e2fa9936332c46ee010ce3bbdf562e4504bfc37?s=96&d=mm&r=g"},"date":"2023-08-02T07:40:51","cld_nonce":"2c6819c04b","content":{"rendered":"<p>Mit 42 Jahren Profi-IT-Praxis als ehemaliger FI\/SysB\/Leiter IT-Service\/IT-Manager habe ich sehr viel die Nutzung der AVM-Hardware beobachten k\u00f6nnen. Und auch heute noch helfe ich als Rentner in diversen Haushalten und bei Selbst\u00e4ndigen\/Kleinbetrieben bei kleineren IT-Problemen. Da bekommt man im Gegensatz zu der rapide wachsenden Menge an real kontaktarmen extrem oberfl\u00e4chlichen Einzelg\u00e4ngern schon mit, wie die Besitzer der Hardware nutzen und was nicht. Und auf der Basis erlaube ich mir auch Urteile.<\/p>\n"},"status":"1"},{"id":251704,"parent":0,"author":0,"author_name":"Rhanna","author_email":"agent_rhanna@4-hiller.de","author_url":"","author_avatar_urls":{"24":"https:\/\/secure.gravatar.com\/avatar\/cacd79203fe0cd60b660d155353db056e74fcbc0ce0c61d0c0491b9bfca93da6?s=24&d=mm&r=g","48":"https:\/\/secure.gravatar.com\/avatar\/cacd79203fe0cd60b660d155353db056e74fcbc0ce0c61d0c0491b9bfca93da6?s=48&d=mm&r=g","96":"https:\/\/secure.gravatar.com\/avatar\/cacd79203fe0cd60b660d155353db056e74fcbc0ce0c61d0c0491b9bfca93da6?s=96&d=mm&r=g"},"date":"2023-08-02T09:33:12","cld_nonce":"2c6819c04b","content":{"rendered":"<p>Also BT zum einbinden von H\u00f6rger\u00e4ten w\u00e4re ein Kaufgrund, da gibt es einfach zu wenige Festnetztelefone.<br \/>\nUnd ja, man k\u00f6nnte ein Smartephone daf\u00fcr benutzen, doch bring das mal \u00fcber 80 j\u00e4hrigen bei was hier alles zu beachten ist.<\/p>\n"},"status":"1"},{"id":252049,"parent":251598,"author":0,"author_name":"Rainbird-1","author_email":"rainbird-1@gmx.de","author_url":"","author_avatar_urls":{"24":"https:\/\/secure.gravatar.com\/avatar\/0050aa3499751080663bda27c14bb259f107c0299e16df68aa2721a2bd29e1db?s=24&d=mm&r=g","48":"https:\/\/secure.gravatar.com\/avatar\/0050aa3499751080663bda27c14bb259f107c0299e16df68aa2721a2bd29e1db?s=48&d=mm&r=g","96":"https:\/\/secure.gravatar.com\/avatar\/0050aa3499751080663bda27c14bb259f107c0299e16df68aa2721a2bd29e1db?s=96&d=mm&r=g"},"date":"2023-08-06T15:59:47","cld_nonce":"2c6819c04b","content":{"rendered":"<p>zum Thema Akku<\/p>\n<p>Model: 312BAT030<br \/>\n1CP6\/34\/50<br \/>\n3.7V 1000mAh 3.7Wh<br \/>\nCharging Voltage: 4.2V<\/p>\n"},"status":"1"}],"wp_author":{"id":4849,"name":"Jonas","description":"Angehender Systemadministrator und technikbegeistert. Lieblingsthemen? Netzwerktechnik und Windows. Anfragen an: jonas@deskmodder.de","author_avatar_urls":{"24":"https:\/\/secure.gravatar.com\/avatar\/7c63b4d53b4b3cb64efbc10c186da49c9a5d422cda908d8a3b5d5e0cd8322634?s=24&d=mm&r=g","48":"https:\/\/secure.gravatar.com\/avatar\/7c63b4d53b4b3cb64efbc10c186da49c9a5d422cda908d8a3b5d5e0cd8322634?s=48&d=mm&r=g","96":"https:\/\/secure.gravatar.com\/avatar\/7c63b4d53b4b3cb64efbc10c186da49c9a5d422cda908d8a3b5d5e0cd8322634?s=96&d=mm&r=g"}},"cld_nonce":"2c6819c04b","yoast_head":"<!-- This site is optimized with the Yoast SEO Premium plugin v27.4 (Yoast SEO v27.4) - https:\/\/yoast.com\/product\/yoast-seo-premium-wordpress\/ -->\n<title>AVM FRITZ!Fon X6 ab sofort im Handel - Deskmodder.de<\/title>\n<meta name=\"description\" content=\"Die FRITZ!Fon X6 ist das neueste Modell f\u00fcr Festnetztelefonie von AVM und punktet vor allem in den Bereichen Komfort und Bedienung.\" \/>\n<meta name=\"robots\" content=\"index, follow, max-snippet:-1, max-image-preview:large, max-video-preview:-1\" \/>\n<link rel=\"canonical\" href=\"https:\/\/www.deskmodder.de\/blog\/2023\/08\/01\/avm-fritzfon-x6-ab-sofort-im-handel\/\" \/>\n<meta property=\"og:locale\" content=\"de_DE\" \/>\n<meta property=\"og:type\" content=\"article\" \/>\n<meta property=\"og:title\" content=\"AVM FRITZ!Fon X6 ab sofort im Handel\" \/>\n<meta property=\"og:description\" content=\"Die FRITZ!Fon X6 ist das neueste Modell f\u00fcr Festnetztelefonie von AVM und punktet vor allem in den Bereichen Komfort und Bedienung.\" \/>\n<meta property=\"og:url\" content=\"https:\/\/www.deskmodder.de\/blog\/2023\/08\/01\/avm-fritzfon-x6-ab-sofort-im-handel\/\" \/>\n<meta property=\"og:site_name\" content=\"Deskmodder.de\" \/>\n<meta property=\"article:publisher\" content=\"https:\/\/www.facebook.com\/Deskmodder\" \/>\n<meta property=\"article:published_time\" content=\"2023-08-01T09:56:37+00:00\" \/>\n<meta property=\"og:image\" content=\"https:\/\/www.deskmodder.de\/blog\/wp-content\/uploads\/2023\/08\/avm-fritzfon-x6-und-x6-black-scaled.jpg\" \/>\n\t<meta property=\"og:image:width\" content=\"2560\" \/>\n\t<meta property=\"og:image:height\" content=\"1707\" \/>\n\t<meta property=\"og:image:type\" content=\"image\/jpeg\" \/>\n<meta name=\"author\" content=\"Jonas\" \/>\n<meta name=\"twitter:card\" content=\"summary_large_image\" \/>\n<meta name=\"twitter:creator\" content=\"@jonasinfarbe\" \/>\n<meta name=\"twitter:site\" content=\"@Deskmodder\" \/>\n<script type=\"application\/ld+json\" class=\"yoast-schema-graph\">{\"@context\":\"https:\\\/\\\/schema.org\",\"@graph\":[{\"@type\":\"Article\",\"@id\":\"https:\\\/\\\/www.deskmodder.de\\\/blog\\\/2023\\\/08\\\/01\\\/avm-fritzfon-x6-ab-sofort-im-handel\\\/#article\",\"isPartOf\":{\"@id\":\"https:\\\/\\\/www.deskmodder.de\\\/blog\\\/2023\\\/08\\\/01\\\/avm-fritzfon-x6-ab-sofort-im-handel\\\/\"},\"author\":{\"name\":\"Jonas\",\"@id\":\"https:\\\/\\\/www.deskmodder.de\\\/blog\\\/#\\\/schema\\\/person\\\/687624f6860c8c88f71df1200fc24b44\"},\"headline\":\"AVM FRITZ!Fon X6 ab sofort im Handel\",\"datePublished\":\"2023-08-01T09:56:37+00:00\",\"mainEntityOfPage\":{\"@id\":\"https:\\\/\\\/www.deskmodder.de\\\/blog\\\/2023\\\/08\\\/01\\\/avm-fritzfon-x6-ab-sofort-im-handel\\\/\"},\"wordCount\":193,\"commentCount\":25,\"publisher\":{\"@id\":\"https:\\\/\\\/www.deskmodder.de\\\/blog\\\/#organization\"},\"image\":{\"@id\":\"https:\\\/\\\/www.deskmodder.de\\\/blog\\\/2023\\\/08\\\/01\\\/avm-fritzfon-x6-ab-sofort-im-handel\\\/#primaryimage\"},\"thumbnailUrl\":\"https:\\\/\\\/www.deskmodder.de\\\/blog\\\/wp-content\\\/uploads\\\/2023\\\/08\\\/avm-fritzfon-x6-und-x6-black-scaled.jpg\",\"keywords\":[\"AVM\",\"Festnetz\",\"FRITZ!Fon X6\",\"fritzfon\",\"Heimnetz\",\"Komfort\",\"Smart Home\",\"telefon\",\"Telefonat\"],\"articleSection\":{\"1\":\"Welt des Internets\"},\"inLanguage\":\"de\",\"potentialAction\":[{\"@type\":\"CommentAction\",\"name\":\"Comment\",\"target\":[\"https:\\\/\\\/www.deskmodder.de\\\/blog\\\/2023\\\/08\\\/01\\\/avm-fritzfon-x6-ab-sofort-im-handel\\\/#respond\"]}],\"copyrightYear\":\"2023\",\"copyrightHolder\":{\"@id\":\"https:\\\/\\\/www.deskmodder.de\\\/blog\\\/#organization\"}},{\"@type\":\"WebPage\",\"@id\":\"https:\\\/\\\/www.deskmodder.de\\\/blog\\\/2023\\\/08\\\/01\\\/avm-fritzfon-x6-ab-sofort-im-handel\\\/\",\"url\":\"https:\\\/\\\/www.deskmodder.de\\\/blog\\\/2023\\\/08\\\/01\\\/avm-fritzfon-x6-ab-sofort-im-handel\\\/\",\"name\":\"AVM FRITZ!Fon X6 ab sofort im Handel - Deskmodder.de\",\"isPartOf\":{\"@id\":\"https:\\\/\\\/www.deskmodder.de\\\/blog\\\/#website\"},\"primaryImageOfPage\":{\"@id\":\"https:\\\/\\\/www.deskmodder.de\\\/blog\\\/2023\\\/08\\\/01\\\/avm-fritzfon-x6-ab-sofort-im-handel\\\/#primaryimage\"},\"image\":{\"@id\":\"https:\\\/\\\/www.deskmodder.de\\\/blog\\\/2023\\\/08\\\/01\\\/avm-fritzfon-x6-ab-sofort-im-handel\\\/#primaryimage\"},\"thumbnailUrl\":\"https:\\\/\\\/www.deskmodder.de\\\/blog\\\/wp-content\\\/uploads\\\/2023\\\/08\\\/avm-fritzfon-x6-und-x6-black-scaled.jpg\",\"datePublished\":\"2023-08-01T09:56:37+00:00\",\"description\":\"Die FRITZ!Fon X6 ist das neueste Modell f\u00fcr Festnetztelefonie von AVM und punktet vor allem in den Bereichen Komfort und Bedienung.\",\"breadcrumb\":{\"@id\":\"https:\\\/\\\/www.deskmodder.de\\\/blog\\\/2023\\\/08\\\/01\\\/avm-fritzfon-x6-ab-sofort-im-handel\\\/#breadcrumb\"},\"inLanguage\":\"de\",\"potentialAction\":[{\"@type\":\"ReadAction\",\"target\":[\"https:\\\/\\\/www.deskmodder.de\\\/blog\\\/2023\\\/08\\\/01\\\/avm-fritzfon-x6-ab-sofort-im-handel\\\/\"]}]},{\"@type\":\"ImageObject\",\"inLanguage\":\"de\",\"@id\":\"https:\\\/\\\/www.deskmodder.de\\\/blog\\\/2023\\\/08\\\/01\\\/avm-fritzfon-x6-ab-sofort-im-handel\\\/#primaryimage\",\"url\":\"https:\\\/\\\/www.deskmodder.de\\\/blog\\\/wp-content\\\/uploads\\\/2023\\\/08\\\/avm-fritzfon-x6-und-x6-black-scaled.jpg\",\"contentUrl\":\"https:\\\/\\\/www.deskmodder.de\\\/blog\\\/wp-content\\\/uploads\\\/2023\\\/08\\\/avm-fritzfon-x6-und-x6-black-scaled.jpg\",\"width\":2560,\"height\":1707,\"caption\":\"FRIT!Fon X6\"},{\"@type\":\"BreadcrumbList\",\"@id\":\"https:\\\/\\\/www.deskmodder.de\\\/blog\\\/2023\\\/08\\\/01\\\/avm-fritzfon-x6-ab-sofort-im-handel\\\/#breadcrumb\",\"itemListElement\":[{\"@type\":\"ListItem\",\"position\":1,\"name\":\"Startseite\",\"item\":\"https:\\\/\\\/www.deskmodder.de\\\/blog\\\/\"},{\"@type\":\"ListItem\",\"position\":2,\"name\":\"AVM FRITZ!Fon X6 ab sofort im Handel\"}]},{\"@type\":\"WebSite\",\"@id\":\"https:\\\/\\\/www.deskmodder.de\\\/blog\\\/#website\",\"url\":\"https:\\\/\\\/www.deskmodder.de\\\/blog\\\/\",\"name\":\"Deskmodder.de\",\"description\":\"News zum Thema Microsoft, Windows 11 \\\/ 10, sowie anderen Neuigkeiten aus dem Netz, viele Tipps und individuelle Hilfe bei Problemen in unserem Forum \u25cf Deskmodder - seit 2003\",\"publisher\":{\"@id\":\"https:\\\/\\\/www.deskmodder.de\\\/blog\\\/#organization\"},\"potentialAction\":[{\"@type\":\"SearchAction\",\"target\":{\"@type\":\"EntryPoint\",\"urlTemplate\":\"https:\\\/\\\/www.deskmodder.de\\\/blog\\\/?s={search_term_string}\"},\"query-input\":{\"@type\":\"PropertyValueSpecification\",\"valueRequired\":true,\"valueName\":\"search_term_string\"}}],\"inLanguage\":\"de\"},{\"@type\":\"Organization\",\"@id\":\"https:\\\/\\\/www.deskmodder.de\\\/blog\\\/#organization\",\"name\":\"Deskmodder\",\"url\":\"https:\\\/\\\/www.deskmodder.de\\\/blog\\\/\",\"logo\":{\"@type\":\"ImageObject\",\"inLanguage\":\"de\",\"@id\":\"https:\\\/\\\/www.deskmodder.de\\\/blog\\\/#\\\/schema\\\/logo\\\/image\\\/\",\"url\":\"https:\\\/\\\/www.deskmodder.de\\\/blog\\\/wp-content\\\/uploads\\\/2019\\\/01\\\/deskmodder-logo-app.png\",\"contentUrl\":\"https:\\\/\\\/www.deskmodder.de\\\/blog\\\/wp-content\\\/uploads\\\/2019\\\/01\\\/deskmodder-logo-app.png\",\"width\":281,\"height\":286,\"caption\":\"Deskmodder\"},\"image\":{\"@id\":\"https:\\\/\\\/www.deskmodder.de\\\/blog\\\/#\\\/schema\\\/logo\\\/image\\\/\"},\"sameAs\":[\"https:\\\/\\\/www.facebook.com\\\/Deskmodder\",\"https:\\\/\\\/x.com\\\/Deskmodder\",\"https:\\\/\\\/mastodontech.de\\\/@Deskmodder\",\"https:\\\/\\\/www.youtube.com\\\/user\\\/deskmodder\",\"https:\\\/\\\/mewe.com\\\/group\\\/5c83b5231add826fc80cdae1\"]},{\"@type\":\"Person\",\"@id\":\"https:\\\/\\\/www.deskmodder.de\\\/blog\\\/#\\\/schema\\\/person\\\/687624f6860c8c88f71df1200fc24b44\",\"name\":\"Jonas\",\"image\":{\"@type\":\"ImageObject\",\"inLanguage\":\"de\",\"@id\":\"https:\\\/\\\/secure.gravatar.com\\\/avatar\\\/7c63b4d53b4b3cb64efbc10c186da49c9a5d422cda908d8a3b5d5e0cd8322634?s=96&d=mm&r=g\",\"url\":\"https:\\\/\\\/secure.gravatar.com\\\/avatar\\\/7c63b4d53b4b3cb64efbc10c186da49c9a5d422cda908d8a3b5d5e0cd8322634?s=96&d=mm&r=g\",\"contentUrl\":\"https:\\\/\\\/secure.gravatar.com\\\/avatar\\\/7c63b4d53b4b3cb64efbc10c186da49c9a5d422cda908d8a3b5d5e0cd8322634?s=96&d=mm&r=g\",\"caption\":\"Jonas\"},\"description\":\"Angehender Systemadministrator und technikbegeistert. Lieblingsthemen? Netzwerktechnik und Windows. Anfragen an: jonas@deskmodder.de\",\"sameAs\":[\"https:\\\/\\\/x.com\\\/jonasinfarbe\",\"https:\\\/\\\/www.youtube.com\\\/channel\\\/UCwBwNTIXW94vTH2NZJWfETA\"],\"url\":\"https:\\\/\\\/www.deskmodder.de\\\/blog\\\/author\\\/jonas\\\/\"}]}<\/script>\n<!-- \/ Yoast SEO Premium plugin. -->","yoast_head_json":{"title":"AVM FRITZ!Fon X6 ab sofort im Handel - Deskmodder.de","description":"Die FRITZ!Fon X6 ist das neueste Modell f\u00fcr Festnetztelefonie von AVM und punktet vor allem in den Bereichen Komfort und Bedienung.","robots":{"index":"index","follow":"follow","max-snippet":"max-snippet:-1","max-image-preview":"max-image-preview:large","max-video-preview":"max-video-preview:-1"},"canonical":"https:\/\/www.deskmodder.de\/blog\/2023\/08\/01\/avm-fritzfon-x6-ab-sofort-im-handel\/","og_locale":"de_DE","og_type":"article","og_title":"AVM FRITZ!Fon X6 ab sofort im Handel","og_description":"Die FRITZ!Fon X6 ist das neueste Modell f\u00fcr Festnetztelefonie von AVM und punktet vor allem in den Bereichen Komfort und Bedienung.","og_url":"https:\/\/www.deskmodder.de\/blog\/2023\/08\/01\/avm-fritzfon-x6-ab-sofort-im-handel\/","og_site_name":"Deskmodder.de","article_publisher":"https:\/\/www.facebook.com\/Deskmodder","article_published_time":"2023-08-01T09:56:37+00:00","og_image":[{"width":2560,"height":1707,"url":"https:\/\/www.deskmodder.de\/blog\/wp-content\/uploads\/2023\/08\/avm-fritzfon-x6-und-x6-black-scaled.jpg","type":"image\/jpeg"}],"author":"Jonas","twitter_card":"summary_large_image","twitter_creator":"@jonasinfarbe","twitter_site":"@Deskmodder","schema":{"@context":"https:\/\/schema.org","@graph":[{"@type":"Article","@id":"https:\/\/www.deskmodder.de\/blog\/2023\/08\/01\/avm-fritzfon-x6-ab-sofort-im-handel\/#article","isPartOf":{"@id":"https:\/\/www.deskmodder.de\/blog\/2023\/08\/01\/avm-fritzfon-x6-ab-sofort-im-handel\/"},"author":{"name":"Jonas","@id":"https:\/\/www.deskmodder.de\/blog\/#\/schema\/person\/687624f6860c8c88f71df1200fc24b44"},"headline":"AVM FRITZ!Fon X6 ab sofort im Handel","datePublished":"2023-08-01T09:56:37+00:00","mainEntityOfPage":{"@id":"https:\/\/www.deskmodder.de\/blog\/2023\/08\/01\/avm-fritzfon-x6-ab-sofort-im-handel\/"},"wordCount":193,"commentCount":25,"publisher":{"@id":"https:\/\/www.deskmodder.de\/blog\/#organization"},"image":{"@id":"https:\/\/www.deskmodder.de\/blog\/2023\/08\/01\/avm-fritzfon-x6-ab-sofort-im-handel\/#primaryimage"},"thumbnailUrl":"https:\/\/www.deskmodder.de\/blog\/wp-content\/uploads\/2023\/08\/avm-fritzfon-x6-und-x6-black-scaled.jpg","keywords":["AVM","Festnetz","FRITZ!Fon X6","fritzfon","Heimnetz","Komfort","Smart Home","telefon","Telefonat"],"articleSection":{"1":"Welt des Internets"},"inLanguage":"de","potentialAction":[{"@type":"CommentAction","name":"Comment","target":["https:\/\/www.deskmodder.de\/blog\/2023\/08\/01\/avm-fritzfon-x6-ab-sofort-im-handel\/#respond"]}],"copyrightYear":"2023","copyrightHolder":{"@id":"https:\/\/www.deskmodder.de\/blog\/#organization"}},{"@type":"WebPage","@id":"https:\/\/www.deskmodder.de\/blog\/2023\/08\/01\/avm-fritzfon-x6-ab-sofort-im-handel\/","url":"https:\/\/www.deskmodder.de\/blog\/2023\/08\/01\/avm-fritzfon-x6-ab-sofort-im-handel\/","name":"AVM FRITZ!Fon X6 ab sofort im Handel - Deskmodder.de","isPartOf":{"@id":"https:\/\/www.deskmodder.de\/blog\/#website"},"primaryImageOfPage":{"@id":"https:\/\/www.deskmodder.de\/blog\/2023\/08\/01\/avm-fritzfon-x6-ab-sofort-im-handel\/#primaryimage"},"image":{"@id":"https:\/\/www.deskmodder.de\/blog\/2023\/08\/01\/avm-fritzfon-x6-ab-sofort-im-handel\/#primaryimage"},"thumbnailUrl":"https:\/\/www.deskmodder.de\/blog\/wp-content\/uploads\/2023\/08\/avm-fritzfon-x6-und-x6-black-scaled.jpg","datePublished":"2023-08-01T09:56:37+00:00","description":"Die FRITZ!Fon X6 ist das neueste Modell f\u00fcr Festnetztelefonie von AVM und punktet vor allem in den Bereichen Komfort und Bedienung.","breadcrumb":{"@id":"https:\/\/www.deskmodder.de\/blog\/2023\/08\/01\/avm-fritzfon-x6-ab-sofort-im-handel\/#breadcrumb"},"inLanguage":"de","potentialAction":[{"@type":"ReadAction","target":["https:\/\/www.deskmodder.de\/blog\/2023\/08\/01\/avm-fritzfon-x6-ab-sofort-im-handel\/"]}]},{"@type":"ImageObject","inLanguage":"de","@id":"https:\/\/www.deskmodder.de\/blog\/2023\/08\/01\/avm-fritzfon-x6-ab-sofort-im-handel\/#primaryimage","url":"https:\/\/www.deskmodder.de\/blog\/wp-content\/uploads\/2023\/08\/avm-fritzfon-x6-und-x6-black-scaled.jpg","contentUrl":"https:\/\/www.deskmodder.de\/blog\/wp-content\/uploads\/2023\/08\/avm-fritzfon-x6-und-x6-black-scaled.jpg","width":2560,"height":1707,"caption":"FRIT!Fon X6"},{"@type":"BreadcrumbList","@id":"https:\/\/www.deskmodder.de\/blog\/2023\/08\/01\/avm-fritzfon-x6-ab-sofort-im-handel\/#breadcrumb","itemListElement":[{"@type":"ListItem","position":1,"name":"Startseite","item":"https:\/\/www.deskmodder.de\/blog\/"},{"@type":"ListItem","position":2,"name":"AVM FRITZ!Fon X6 ab sofort im Handel"}]},{"@type":"WebSite","@id":"https:\/\/www.deskmodder.de\/blog\/#website","url":"https:\/\/www.deskmodder.de\/blog\/","name":"Deskmodder.de","description":"News zum Thema Microsoft, Windows 11 \/ 10, sowie anderen Neuigkeiten aus dem Netz, viele Tipps und individuelle Hilfe bei Problemen in unserem Forum \u25cf Deskmodder - seit 2003","publisher":{"@id":"https:\/\/www.deskmodder.de\/blog\/#organization"},"potentialAction":[{"@type":"SearchAction","target":{"@type":"EntryPoint","urlTemplate":"https:\/\/www.deskmodder.de\/blog\/?s={search_term_string}"},"query-input":{"@type":"PropertyValueSpecification","valueRequired":true,"valueName":"search_term_string"}}],"inLanguage":"de"},{"@type":"Organization","@id":"https:\/\/www.deskmodder.de\/blog\/#organization","name":"Deskmodder","url":"https:\/\/www.deskmodder.de\/blog\/","logo":{"@type":"ImageObject","inLanguage":"de","@id":"https:\/\/www.deskmodder.de\/blog\/#\/schema\/logo\/image\/","url":"https:\/\/www.deskmodder.de\/blog\/wp-content\/uploads\/2019\/01\/deskmodder-logo-app.png","contentUrl":"https:\/\/www.deskmodder.de\/blog\/wp-content\/uploads\/2019\/01\/deskmodder-logo-app.png","width":281,"height":286,"caption":"Deskmodder"},"image":{"@id":"https:\/\/www.deskmodder.de\/blog\/#\/schema\/logo\/image\/"},"sameAs":["https:\/\/www.facebook.com\/Deskmodder","https:\/\/x.com\/Deskmodder","https:\/\/mastodontech.de\/@Deskmodder","https:\/\/www.youtube.com\/user\/deskmodder","https:\/\/mewe.com\/group\/5c83b5231add826fc80cdae1"]},{"@type":"Person","@id":"https:\/\/www.deskmodder.de\/blog\/#\/schema\/person\/687624f6860c8c88f71df1200fc24b44","name":"Jonas","image":{"@type":"ImageObject","inLanguage":"de","@id":"https:\/\/secure.gravatar.com\/avatar\/7c63b4d53b4b3cb64efbc10c186da49c9a5d422cda908d8a3b5d5e0cd8322634?s=96&d=mm&r=g","url":"https:\/\/secure.gravatar.com\/avatar\/7c63b4d53b4b3cb64efbc10c186da49c9a5d422cda908d8a3b5d5e0cd8322634?s=96&d=mm&r=g","contentUrl":"https:\/\/secure.gravatar.com\/avatar\/7c63b4d53b4b3cb64efbc10c186da49c9a5d422cda908d8a3b5d5e0cd8322634?s=96&d=mm&r=g","caption":"Jonas"},"description":"Angehender Systemadministrator und technikbegeistert. Lieblingsthemen? Netzwerktechnik und Windows. Anfragen an: jonas@deskmodder.de","sameAs":["https:\/\/x.com\/jonasinfarbe","https:\/\/www.youtube.com\/channel\/UCwBwNTIXW94vTH2NZJWfETA"],"url":"https:\/\/www.deskmodder.de\/blog\/author\/jonas\/"}]}},"jetpack_publicize_connections":[],"jetpack_featured_media_url":"https:\/\/www.deskmodder.de\/blog\/wp-content\/uploads\/2023\/08\/avm-fritzfon-x6-und-x6-black-scaled.jpg","_links":{"self":[{"href":"https:\/\/www.deskmodder.de\/blog\/wp-json\/wp\/v2\/posts\/180513","targetHints":{"allow":["GET"]}}],"collection":[{"href":"https:\/\/www.deskmodder.de\/blog\/wp-json\/wp\/v2\/posts"}],"about":[{"href":"https:\/\/www.deskmodder.de\/blog\/wp-json\/wp\/v2\/types\/post"}],"author":[{"embeddable":true,"href":"https:\/\/www.deskmodder.de\/blog\/wp-json\/wp\/v2\/users\/4849"}],"replies":[{"embeddable":true,"href":"https:\/\/www.deskmodder.de\/blog\/wp-json\/wp\/v2\/comments?post=180513"}],"version-history":[{"count":2,"href":"https:\/\/www.deskmodder.de\/blog\/wp-json\/wp\/v2\/posts\/180513\/revisions"}],"predecessor-version":[{"id":180516,"href":"https:\/\/www.deskmodder.de\/blog\/wp-json\/wp\/v2\/posts\/180513\/revisions\/180516"}],"wp:featuredmedia":[{"embeddable":true,"href":"https:\/\/www.deskmodder.de\/blog\/wp-json\/wp\/v2\/media\/180515"}],"wp:attachment":[{"href":"https:\/\/www.deskmodder.de\/blog\/wp-json\/wp\/v2\/media?parent=180513"}],"wp:term":[{"taxonomy":"category","embeddable":true,"href":"https:\/\/www.deskmodder.de\/blog\/wp-json\/wp\/v2\/categories?post=180513"},{"taxonomy":"post_tag","embeddable":true,"href":"https:\/\/www.deskmodder.de\/blog\/wp-json\/wp\/v2\/tags?post=180513"}],"curies":[{"name":"wp","href":"https:\/\/api.w.org\/{rel}","templated":true}]}}