{"id":179803,"date":"2023-07-11T06:42:16","date_gmt":"2023-07-11T04:42:16","guid":{"rendered":"https:\/\/www.deskmodder.de\/blog\/?p=179803"},"modified":"2023-07-10T20:57:00","modified_gmt":"2023-07-10T18:57:00","slug":"aldi-talk-mit-5g-tarifen-ab-heute","status":"publish","type":"post","link":"https:\/\/www.deskmodder.de\/blog\/2023\/07\/11\/aldi-talk-mit-5g-tarifen-ab-heute\/","title":{"rendered":"ALDI TALK mit 5G-Tarifen ab heute"},"content":{"rendered":"<p>Kurz informiert: ALDI TALK bietet ab heute (11.7.2023) ver\u00e4nderte Tarife an. So werden die Kombi-Pakete jeweils 1 bis 2 Euro teurer, bieten daf\u00fcr im Gegenzug aber Zugriff aufs 5G-Netz sowie etwas mehr Datenvolumen. Durch die Nutzung des 5G-Netzes steigert sich die maximale Geschwindigkeit bei kompatiblen Ger\u00e4ten auf 50 MBit\/s im Download und 25 MBit\/s im Upload (bisher: 25 bzw. 10 MBit\/s).<\/p>\n<p><a href=\"https:\/\/www.deskmodder.de\/blog\/wp-content\/uploads\/2023\/07\/e05-bild-pm-5g-1200-2x.jpeg\" rel=\"lightbox[179803]\"><img loading=\"lazy\" decoding=\"async\" class=\"aligncenter size-large wp-image-179881\" src=\"https:\/\/www.deskmodder.de\/blog\/wp-content\/uploads\/2023\/07\/e05-bild-pm-5g-1200-2x-810x477.jpeg\" alt=\"\" width=\"810\" height=\"477\" srcset=\"https:\/\/www.deskmodder.de\/blog\/wp-content\/uploads\/2023\/07\/e05-bild-pm-5g-1200-2x-810x477.jpeg 810w, https:\/\/www.deskmodder.de\/blog\/wp-content\/uploads\/2023\/07\/e05-bild-pm-5g-1200-2x-500x295.jpeg 500w, https:\/\/www.deskmodder.de\/blog\/wp-content\/uploads\/2023\/07\/e05-bild-pm-5g-1200-2x-306x180.jpeg 306w, https:\/\/www.deskmodder.de\/blog\/wp-content\/uploads\/2023\/07\/e05-bild-pm-5g-1200-2x.jpeg 1500w\" sizes=\"auto, (max-width: 810px) 100vw, 810px\" \/><\/a><\/p>\n<p>Die neue Preisgestaltung sieht dann wie folgt aus:<\/p>\n<ul>\n<li>Kombi-Paket S mit 6 GB f\u00fcr 8,99 Euro \/ 4 Wochen<\/li>\n<li>Kombi-Paket M mit 12 GB f\u00fcr 14,99 Euro \/ 4 Wochen<\/li>\n<li>Kombi-Paket L mit 20 GB f\u00fcr 19,99 Euro \/ 4 Wochen<\/li>\n<\/ul>\n<p>Beachtet, dass 5G nur bei den Kombi-Pakten mit monatlicher Abrechnung verf\u00fcgbar ist &#8211; also nicht bei den reinen Internet-Paketen und auch nicht bei den Jahrespaketen.<\/p>\n<div class=\"quelle\">Quelle: <a href=\"https:\/\/www.aldi-sued.de\/de\/newsroom\/alle-pressemitteilungen\/marke-und-produkte\/2023\/aldi-talk-fuehrt-als-erster-deutscher-discount-prepaid-anbieter-5g-ein.html\" target=\"_blank\" rel=\"noopener\">Aldi S\u00fcd<\/a><\/div>\n","protected":false},"excerpt":{"rendered":"<p>Kurz informiert: ALDI TALK bietet ab heute (11.7.2023) ver\u00e4nderte Tarife an. So werden die Kombi-Pakete jeweils 1 bis 2 Euro teurer, bieten daf\u00fcr im Gegenzug aber Zugriff aufs 5G-Netz sowie etwas mehr Datenvolumen. Durch die Nutzung des 5G-Netzes steigert sich&hellip; <\/p>\n","protected":false},"author":1525,"featured_media":179881,"comment_status":"open","ping_status":"open","sticky":false,"template":"","format":"standard","meta":{"jetpack_post_was_ever_published":false,"footnotes":"","jetpack_publicize_message":"","jetpack_publicize_feature_enabled":true,"jetpack_social_post_already_shared":false,"jetpack_social_options":{"image_generator_settings":{"template":"highway","default_image_id":0,"font":"","enabled":false},"version":2}},"categories":[1,231,60884],"tags":[15866,11106,13407,3260,16786,3831],"class_list":["post-179803","post","type-post","status-publish","format-standard","has-post-thumbnail","hentry","category-allgemein","category-mobile","category-internet","tag-5g","tag-aldi-talk","tag-eplus","tag-o2","tag-prepaid","tag-tarif"],"wp_featured_image":{"id":179881,"alt_text":"","description":"","media_type":"image","media_details":{"width":1500,"height":884,"file":"2023\/07\/e05-bild-pm-5g-1200-2x.jpeg","filesize":337180,"sizes":{"medium":{"file":"e05-bild-pm-5g-1200-2x-500x295.jpeg","width":500,"height":295,"mime-type":"image\/jpeg","filesize":31602,"source_url":"https:\/\/www.deskmodder.de\/blog\/wp-content\/uploads\/2023\/07\/e05-bild-pm-5g-1200-2x-500x295.jpeg"},"large":{"file":"e05-bild-pm-5g-1200-2x-810x477.jpeg","width":810,"height":477,"mime-type":"image\/jpeg","filesize":65559,"source_url":"https:\/\/www.deskmodder.de\/blog\/wp-content\/uploads\/2023\/07\/e05-bild-pm-5g-1200-2x-810x477.jpeg"},"thumbnail":{"file":"e05-bild-pm-5g-1200-2x-306x180.jpeg","width":306,"height":180,"mime-type":"image\/jpeg","filesize":14712,"source_url":"https:\/\/www.deskmodder.de\/blog\/wp-content\/uploads\/2023\/07\/e05-bild-pm-5g-1200-2x-306x180.jpeg"},"blog-large":{"file":"e05-bild-pm-5g-1200-2x-642x300.jpeg","width":642,"height":300,"mime-type":"image\/jpeg","filesize":41984,"source_url":"https:\/\/www.deskmodder.de\/blog\/wp-content\/uploads\/2023\/07\/e05-bild-pm-5g-1200-2x-642x300.jpeg"},"blog-medium":{"file":"e05-bild-pm-5g-1200-2x-306x205.jpeg","width":306,"height":205,"mime-type":"image\/jpeg","filesize":17120,"source_url":"https:\/\/www.deskmodder.de\/blog\/wp-content\/uploads\/2023\/07\/e05-bild-pm-5g-1200-2x-306x205.jpeg"},"recent-thumb":{"file":"e05-bild-pm-5g-1200-2x-350x316.jpeg","width":350,"height":316,"mime-type":"image\/jpeg","filesize":24136,"source_url":"https:\/\/www.deskmodder.de\/blog\/wp-content\/uploads\/2023\/07\/e05-bild-pm-5g-1200-2x-350x316.jpeg"},"service-featured":{"file":"e05-bild-pm-5g-1200-2x-600x330.jpeg","width":600,"height":330,"mime-type":"image\/jpeg","filesize":41299,"source_url":"https:\/\/www.deskmodder.de\/blog\/wp-content\/uploads\/2023\/07\/e05-bild-pm-5g-1200-2x-600x330.jpeg"}},"image_meta":{"aperture":"0","credit":"","camera":"","caption":"","created_timestamp":"0","copyright":"","focal_length":"0","iso":"0","shutter_speed":"0","title":"","orientation":"0","keywords":[]}},"post":179803,"source_url":"https:\/\/www.deskmodder.de\/blog\/wp-content\/uploads\/2023\/07\/e05-bild-pm-5g-1200-2x.jpeg"},"commentcount":15,"wp_comments":[{"id":247616,"parent":0,"author":0,"author_name":"Paul","author_email":"Paul1606@t-online.de","author_url":"","author_avatar_urls":{"24":"https:\/\/secure.gravatar.com\/avatar\/a176ad61edbf01cf727d8336f71b3db2450c6518134c495a280b305027ba9fda?s=24&d=mm&r=g","48":"https:\/\/secure.gravatar.com\/avatar\/a176ad61edbf01cf727d8336f71b3db2450c6518134c495a280b305027ba9fda?s=48&d=mm&r=g","96":"https:\/\/secure.gravatar.com\/avatar\/a176ad61edbf01cf727d8336f71b3db2450c6518134c495a280b305027ba9fda?s=96&d=mm&r=g"},"date":"2023-07-11T06:53:29","cld_nonce":"fccbb51e44","content":{"rendered":"<p>5G ist doch in Deutschland noch immer eine Mogelpackung&#8230;. Daher lohnt der Aufpreis nicht.<\/p>\n"},"status":"1"},{"id":247619,"parent":247616,"author":0,"author_name":"John Done","author_email":"FH1822@Vivaldi.net","author_url":"","author_avatar_urls":{"24":"https:\/\/secure.gravatar.com\/avatar\/b387e8b24f638019dd1b978f21fc79f455ceaad374cd87f703298d289a26a4b0?s=24&d=mm&r=g","48":"https:\/\/secure.gravatar.com\/avatar\/b387e8b24f638019dd1b978f21fc79f455ceaad374cd87f703298d289a26a4b0?s=48&d=mm&r=g","96":"https:\/\/secure.gravatar.com\/avatar\/b387e8b24f638019dd1b978f21fc79f455ceaad374cd87f703298d289a26a4b0?s=96&d=mm&r=g"},"date":"2023-07-11T07:14:54","cld_nonce":"fccbb51e44","content":{"rendered":"<p>&#8222;&#8230;noch immer eine Mogelpackung&#8230; &#8220; magst du teilweise Recht haben.<br \/>\nJa, es ist aktuell (meist noch) kein echtes 5G SA (stand alone), sondern &#8222;unechtes&#8220; 5G NSA (non stand alone mit LTE-Ankerzelle).<br \/>\nDie Performance ist im Freien, also au\u00dferhalb von Geb\u00e4uden, i.d.R. sehr gut und erreicht meist deutlich \u00fcber 200MBit bis hin zu 320 MBit\/s (LTE 1800\/2100 mit 5G NSA 3600Mhz\/700MHz bei meinen Messwerten in einer gr\u00f6\u00dferen s\u00e4chsischen Stadt &#8211; Zentrum).<br \/>\nIn Geb\u00e4uden geht der Speed meist sehr schnell auf unter 100MBit\/s und LTE-Mode runter, physikalisch bedingt.<\/p>\n<p>Da werden dann vermutlich die Smartphone-Highspeed-Junkies dann im Winter bei -15 Grad C lieber auf dem Markt sitzen, nur um maximalen 5G-Speed &#8222;genie\u00dfen&#8220; zu k\u00f6nnen? \ud83d\ude02<\/p>\n<p><a href=\"https:\/\/www.o2online.de\/service\/netz-verfuegbarkeit\/netzabdeckung\/\" rel=\"nofollow ugc\">https:\/\/www.o2online.de\/service\/netz-verfuegbarkeit\/netzabdeckung\/<\/a><\/p>\n<p>Das O2-5G-Netz schon massiv ausgebaut worden, anhand der Netzabdeckungskarte (siehe obiger Link), kannst du das pr\u00fcfen. Ich konnte das jetzt auch mit einer kostenlosen O2-5G-Test-SIM-Karte nachpr\u00fcfen.<\/p>\n<p>Diese genannten Geschwindigkeiten merkt man im Alltag nicht wirklich, es sei denn, man macht einen gr\u00f6\u00dferen Download, bei WhatsApp-Nachrichten ist da nix zu sp\u00fcren.<br \/>\nAu\u00dferdem: Im Smartphone-Standby-Modus wird 5G (meist) deaktiviert und nur LTE l\u00e4uft weiter.<br \/>\nErst nach Entsperrung und aktiver Nutzung des Smartphones wird 5G wieder zugeschalten und Einbuchung,  dauert je nach Smartphonemodell ggf. 1 bis 3 Sekunden nach Entsperrung.<br \/>\nSehr gut zu sehen mit der Netmonster-App, wenn ich das richtig interpretiere &#8230;<\/p>\n<p>Einen 5G-f\u00e4higen Tarif 50MBit down\/ 25Mbit up, 20GB mobile Daten und Allnet-Flat Telefonie &amp; SMS f\u00fcr unter 20 \u20ac monatl. (Postpaid) und ich w\u00e4re dabei.<br \/>\nIch denke, im Jahr 2024 wird das im O2-Netz m\u00f6glich sein. Bei den aktuellen O2-Original-Prepaid-Tarifen sind wir aktuell schon recht nah dran.<\/p>\n"},"status":"1"},{"id":247627,"parent":247619,"author":0,"author_name":"Paul","author_email":"Paul1606@t-online.de","author_url":"","author_avatar_urls":{"24":"https:\/\/secure.gravatar.com\/avatar\/a176ad61edbf01cf727d8336f71b3db2450c6518134c495a280b305027ba9fda?s=24&d=mm&r=g","48":"https:\/\/secure.gravatar.com\/avatar\/a176ad61edbf01cf727d8336f71b3db2450c6518134c495a280b305027ba9fda?s=48&d=mm&r=g","96":"https:\/\/secure.gravatar.com\/avatar\/a176ad61edbf01cf727d8336f71b3db2450c6518134c495a280b305027ba9fda?s=96&d=mm&r=g"},"date":"2023-07-11T07:27:00","cld_nonce":"fccbb51e44","content":{"rendered":"<p>Die Geschwindigkeit kommt aber nicht vom 5G Netz sondern von 4G. Das 4G Logo wurde einfach nur in &#8222;5G&#8220; umgelabelt. Daher bleibt meine Aussage bestehen, dass der Zugang zum angeblichen 5G Netz f\u00fcr 2\u20ac mehr im Monat nicht lohnenswert ist. F\u00fcr die 2\u20ac mehr bekommt man einfach nur ein anderes Symbol oben rechts auf dem Display. Das wars<\/p>\n"},"status":"1"},{"id":247635,"parent":0,"author":8599,"author_name":"Skytravel","author_email":"skytravel@posteo.de","author_url":"","author_avatar_urls":{"24":"https:\/\/secure.gravatar.com\/avatar\/1064739064fb1d4da21fa59cf9ad2cd3785330ce1241242f376422d03a4a158e?s=24&d=mm&r=g","48":"https:\/\/secure.gravatar.com\/avatar\/1064739064fb1d4da21fa59cf9ad2cd3785330ce1241242f376422d03a4a158e?s=48&d=mm&r=g","96":"https:\/\/secure.gravatar.com\/avatar\/1064739064fb1d4da21fa59cf9ad2cd3785330ce1241242f376422d03a4a158e?s=96&d=mm&r=g"},"date":"2023-07-11T07:41:34","cld_nonce":"fccbb51e44","content":{"rendered":"<p>F\u00fcr mich nicht Interessant weil O2 hier kein 5g anbietet  somit weiter warten wann mal die anderen Prepaid Resseller  mit Telekom oder Vodafone Netz 5g anbieten.<\/p>\n"},"status":"1"},{"id":247636,"parent":0,"author":0,"author_name":"Peter","author_email":"Pettrelli@sh.de","author_url":"","author_avatar_urls":{"24":"https:\/\/secure.gravatar.com\/avatar\/a3da05d685886bf17de9782688bfa21c0e9a39d22c8adf58fac3d79df56b272a?s=24&d=mm&r=g","48":"https:\/\/secure.gravatar.com\/avatar\/a3da05d685886bf17de9782688bfa21c0e9a39d22c8adf58fac3d79df56b272a?s=48&d=mm&r=g","96":"https:\/\/secure.gravatar.com\/avatar\/a3da05d685886bf17de9782688bfa21c0e9a39d22c8adf58fac3d79df56b272a?s=96&d=mm&r=g"},"date":"2023-07-11T07:42:21","cld_nonce":"fccbb51e44","content":{"rendered":"<p>Wei\u00df jemand ob man bewusst auf den neuen Tarif wechseln muss oder wird das bei der n\u00e4chsten Laufzeit automatisch umgestellt?<\/p>\n"},"status":"1"},{"id":247682,"parent":247636,"author":8599,"author_name":"Skytravel","author_email":"skytravel@posteo.de","author_url":"","author_avatar_urls":{"24":"https:\/\/secure.gravatar.com\/avatar\/1064739064fb1d4da21fa59cf9ad2cd3785330ce1241242f376422d03a4a158e?s=24&d=mm&r=g","48":"https:\/\/secure.gravatar.com\/avatar\/1064739064fb1d4da21fa59cf9ad2cd3785330ce1241242f376422d03a4a158e?s=48&d=mm&r=g","96":"https:\/\/secure.gravatar.com\/avatar\/1064739064fb1d4da21fa59cf9ad2cd3785330ce1241242f376422d03a4a158e?s=96&d=mm&r=g"},"date":"2023-07-11T09:25:04","cld_nonce":"fccbb51e44","content":{"rendered":"<p>Du musst aktiv auf den neuen Tarif wechseln steht in den FAQ<\/p>\n<p>Zitat AldiTalk FAQ<br \/>\nIch habe ein altes Kombi-Paket mit LTE gebucht. Wechsel ich automatisch in das neue Kombi-Paket inkl. 5G?<\/p>\n<p>Nein! Um die neuen Kombi-Pakete inkl. 5G nutzen zu k\u00f6nnen, musst du sie aktiv in der ALDI TALK App buchen. Du kannst schon w\u00e4hrend der Laufzeit deines alten Kombi-Pakets in das neue Kombi-Paket inkl. 5G wechseln. Nicht verbrauchtes Datenvolumen verf\u00e4llt dann.<\/p>\n"},"status":"1"},{"id":247785,"parent":247619,"author":0,"author_name":"Frank Schmidt","author_email":"frank.schmidt@andeskmmodder.de","author_url":"","author_avatar_urls":{"24":"https:\/\/secure.gravatar.com\/avatar\/ba7faeb9e921d1ee07e4f920814b279a46d5886272ae89b41cf1ac8879de0aec?s=24&d=mm&r=g","48":"https:\/\/secure.gravatar.com\/avatar\/ba7faeb9e921d1ee07e4f920814b279a46d5886272ae89b41cf1ac8879de0aec?s=48&d=mm&r=g","96":"https:\/\/secure.gravatar.com\/avatar\/ba7faeb9e921d1ee07e4f920814b279a46d5886272ae89b41cf1ac8879de0aec?s=96&d=mm&r=g"},"date":"2023-07-11T19:47:19","cld_nonce":"fccbb51e44","content":{"rendered":"<p>Als LTE eingef\u00fchrt wurde, habe ich selbst Speed-Messungen durchgef\u00fchrt. Z.B.: Direkt vor der Funkstation: 102 Mbps. Zwei weitere Handys wurden eingeschaltet: nun bekamen alle drei Handys rund 30 Mbps. Die Ressourcen der Funkstation werden auf alle drei Handys aufgeteilt. Dann sind wir mit dem Auto los gefahren. Weg von der Funkstation,  bis es ein Handover zur n\u00e4chsten Funkstation gab. Je weiter man f\u00e4hrt, um so schw\u00e4cher wird das Signal, die automatische Fehlerkorrektur muss mehr korrigieren oder Sequenzen m\u00fcssen erneut gesendet werden. Und je weiter man vom Sender weg f\u00e4hrt, und auf den n\u00e4chsten Sender zu f\u00e4hrt, um so st\u00e4rker werden auch verschiedene St\u00f6rungen (Interferenzen). Kurz vor dem Handover zur n\u00e4chsten Funkzelle waren kaum noch 5 Mbps Nutzerdatenrate  zu messen. Und da waren nur 3 Handys aktiv, nicht hunderte!  Das ist Physik, Mathematik, Nachrichtentechnik. So einfach. Und doch so kompliziert&#8230;<\/p>\n"},"status":"1"},{"id":248134,"parent":247619,"author":4989,"author_name":"Cyromus","author_email":"cyromus1974@googlemail.com","author_url":"","author_avatar_urls":{"24":"https:\/\/secure.gravatar.com\/avatar\/7ce5f4c614a8c7e403668cc663441c8b67a9c42143d7ec185e63e9688a3793f0?s=24&d=mm&r=g","48":"https:\/\/secure.gravatar.com\/avatar\/7ce5f4c614a8c7e403668cc663441c8b67a9c42143d7ec185e63e9688a3793f0?s=48&d=mm&r=g","96":"https:\/\/secure.gravatar.com\/avatar\/7ce5f4c614a8c7e403668cc663441c8b67a9c42143d7ec185e63e9688a3793f0?s=96&d=mm&r=g"},"date":"2023-07-12T13:48:46","cld_nonce":"fccbb51e44","content":{"rendered":"<p>Den von dir geforderten Tarif gibt es doch schon: <a href=\"https:\/\/www.mega-sim.de\" rel=\"nofollow ugc\">https:\/\/www.mega-sim.de<\/a><\/p>\n<p>&#8222;Die inkludierte Internet Flat gilt f\u00fcr nationalen Datenverkehr im Mobilfunknetz<br \/>\nder Telef\u00f3nica. Bis zu einem Datenvolumen von 50 GB in einem Abrechnungszeitraum steht eine max. erreichbare Geschwindigkeit von 225 Mbit\/s<br \/>\nim Download und 50 Mbit\/s im Upload unter optimalen Bedingungen bereit, &#8230;&#8220;<\/p>\n<p>19,99\u20ac mtl. k\u00fcndbar.<\/p>\n"},"status":"1"},{"id":248143,"parent":247616,"author":9003,"author_name":"chakko","author_email":"chakko071@gmail.com","author_url":"","author_avatar_urls":{"24":"https:\/\/secure.gravatar.com\/avatar\/ba463ca8c8d27462192094e65268b3d1241fa648f7398244caddec1590d68160?s=24&d=mm&r=g","48":"https:\/\/secure.gravatar.com\/avatar\/ba463ca8c8d27462192094e65268b3d1241fa648f7398244caddec1590d68160?s=48&d=mm&r=g","96":"https:\/\/secure.gravatar.com\/avatar\/ba463ca8c8d27462192094e65268b3d1241fa648f7398244caddec1590d68160?s=96&d=mm&r=g"},"date":"2023-07-12T14:24:05","cld_nonce":"fccbb51e44","content":{"rendered":"<p>Ich h\u00f6re immer &#8222;Deutschland&#8220;. Das ist doch im Ausland ganz genauso. Die Presse sollte echt mal mit dieser M\u00e4r des Technik-Entwicklungslands Deutschland aufh\u00f6ren.<\/p>\n<p>Und, von 5G hat man auch nichts, wenn der Speed sowieso auf 25 Mbit\/s bei LTE, und dann auf 50 MBit\/s bei 5G limitiert ist. LTE kann theoretisch sogar 1 GBit\/s. Wer braucht da eigentlich 5G? Das ist doch nur damit 5G drauf steht, sonst nichts. Und, bei den geringen Datenvolumen ist das ohnehin ein absoluter Witz.<\/p>\n"},"status":"1"},{"id":248144,"parent":248143,"author":0,"author_name":"Paul","author_email":"Paul1606@t-online.de","author_url":"","author_avatar_urls":{"24":"https:\/\/secure.gravatar.com\/avatar\/a176ad61edbf01cf727d8336f71b3db2450c6518134c495a280b305027ba9fda?s=24&d=mm&r=g","48":"https:\/\/secure.gravatar.com\/avatar\/a176ad61edbf01cf727d8336f71b3db2450c6518134c495a280b305027ba9fda?s=48&d=mm&r=g","96":"https:\/\/secure.gravatar.com\/avatar\/a176ad61edbf01cf727d8336f71b3db2450c6518134c495a280b305027ba9fda?s=96&d=mm&r=g"},"date":"2023-07-12T14:27:01","cld_nonce":"fccbb51e44","content":{"rendered":"<p>Ich kann mich halt nur zu Deutschland \u00e4u\u00dfern, weil ich andere L\u00e4nder nicht kenne.<br \/>\nIch bin zwar nicht die Presse, aber ich habe weder davon gesprochen, dass wir ein Entwicklungsland sind (was ich bisher auch noch in keiner Presse gelesen habe), noch das 4G nicht ausreichend w\u00e4re. Daher ist dein Kommentar unpassend<\/p>\n"},"status":"1"},{"id":248145,"parent":248144,"author":9003,"author_name":"chakko","author_email":"chakko071@gmail.com","author_url":"","author_avatar_urls":{"24":"https:\/\/secure.gravatar.com\/avatar\/ba463ca8c8d27462192094e65268b3d1241fa648f7398244caddec1590d68160?s=24&d=mm&r=g","48":"https:\/\/secure.gravatar.com\/avatar\/ba463ca8c8d27462192094e65268b3d1241fa648f7398244caddec1590d68160?s=48&d=mm&r=g","96":"https:\/\/secure.gravatar.com\/avatar\/ba463ca8c8d27462192094e65268b3d1241fa648f7398244caddec1590d68160?s=96&d=mm&r=g"},"date":"2023-07-12T14:27:58","cld_nonce":"fccbb51e44","content":{"rendered":"<p>Was meinst du denn damit, dass 5G IN DEUTSCHLAND eine Mogelpackung w\u00e4re? In anderen L\u00e4ndern ist das nicht anders. Und, hat auch nichts mit &#8222;mogeln&#8220; zu tun. 4G war auch dauerhaft ein Sharing-System. Genau wie alles andere davor auch.<\/p>\n"},"status":"1"},{"id":248151,"parent":248145,"author":0,"author_name":"Paul","author_email":"Paul1606@t-online.de","author_url":"","author_avatar_urls":{"24":"https:\/\/secure.gravatar.com\/avatar\/a176ad61edbf01cf727d8336f71b3db2450c6518134c495a280b305027ba9fda?s=24&d=mm&r=g","48":"https:\/\/secure.gravatar.com\/avatar\/a176ad61edbf01cf727d8336f71b3db2450c6518134c495a280b305027ba9fda?s=48&d=mm&r=g","96":"https:\/\/secure.gravatar.com\/avatar\/a176ad61edbf01cf727d8336f71b3db2450c6518134c495a280b305027ba9fda?s=96&d=mm&r=g"},"date":"2023-07-12T14:58:15","cld_nonce":"fccbb51e44","content":{"rendered":"<p>Hab ich doch oben geschrieben: es ist technisch gesehen 4G, nur eben unter dem 5G Label. Mehr nicht.<br \/>\nUnd daf\u00fcr einen Aufschlag zu nehmen ist meiner Meinung nach eine Mogelpackung.<br \/>\nStell dir vor ich verkaufe dir einen Fiat auf den ich ein Porsche Logo geklebt habe&#8230;..<\/p>\n"},"status":"1"},{"id":248299,"parent":248134,"author":0,"author_name":"John Done","author_email":"fh1822@vivaldi.net","author_url":"","author_avatar_urls":{"24":"https:\/\/secure.gravatar.com\/avatar\/b387e8b24f638019dd1b978f21fc79f455ceaad374cd87f703298d289a26a4b0?s=24&d=mm&r=g","48":"https:\/\/secure.gravatar.com\/avatar\/b387e8b24f638019dd1b978f21fc79f455ceaad374cd87f703298d289a26a4b0?s=48&d=mm&r=g","96":"https:\/\/secure.gravatar.com\/avatar\/b387e8b24f638019dd1b978f21fc79f455ceaad374cd87f703298d289a26a4b0?s=96&d=mm&r=g"},"date":"2023-07-13T06:10:46","cld_nonce":"fccbb51e44","content":{"rendered":"<p>&#8222;&#8230; Den von dir geforderten Tarif gibt es doch schon: <a href=\"https:\/\/www.mega-sim.de\" rel=\"nofollow ugc\">https:\/\/www.mega-sim.de<\/a>&#8230;&#8220;  &#8230; Danke f\u00fcr den Tipp, die Mega-SIM-Tarife ist aber ohne 5G, wie von mir geschrieben\/gew\u00fcnscht (nicht gefordert).<\/p>\n"},"status":"1"},{"id":248339,"parent":248299,"author":4989,"author_name":"Cyromus","author_email":"cyromus1974@googlemail.com","author_url":"","author_avatar_urls":{"24":"https:\/\/secure.gravatar.com\/avatar\/7ce5f4c614a8c7e403668cc663441c8b67a9c42143d7ec185e63e9688a3793f0?s=24&d=mm&r=g","48":"https:\/\/secure.gravatar.com\/avatar\/7ce5f4c614a8c7e403668cc663441c8b67a9c42143d7ec185e63e9688a3793f0?s=48&d=mm&r=g","96":"https:\/\/secure.gravatar.com\/avatar\/7ce5f4c614a8c7e403668cc663441c8b67a9c42143d7ec185e63e9688a3793f0?s=96&d=mm&r=g"},"date":"2023-07-13T09:48:02","cld_nonce":"fccbb51e44","content":{"rendered":"<p>Naja, ob nun 5G mit 50\/20MBit oder LTE mit 225\/50MBit? Nur weil da nicht 5G dransteht? &#8230;wie du meinst.<\/p>\n"},"status":"1"},{"id":248344,"parent":248339,"author":0,"author_name":"Paul","author_email":"Paul1606@t-online.de","author_url":"","author_avatar_urls":{"24":"https:\/\/secure.gravatar.com\/avatar\/a176ad61edbf01cf727d8336f71b3db2450c6518134c495a280b305027ba9fda?s=24&d=mm&r=g","48":"https:\/\/secure.gravatar.com\/avatar\/a176ad61edbf01cf727d8336f71b3db2450c6518134c495a280b305027ba9fda?s=48&d=mm&r=g","96":"https:\/\/secure.gravatar.com\/avatar\/a176ad61edbf01cf727d8336f71b3db2450c6518134c495a280b305027ba9fda?s=96&d=mm&r=g"},"date":"2023-07-13T10:24:20","cld_nonce":"fccbb51e44","content":{"rendered":"<p>Was mich viel mehr wundert: Er hatte ja bereits oben selbst erkannt, dass es in Deutschland kein echtes 5G gibt. Wozu also auf 5G bestehen?!<\/p>\n"},"status":"1"}],"wp_author":{"id":1525,"name":"W8U","description":"Technikliebhaber aus Niedersachsen und seit 2013 bei den Deskmoddern. Interessiert sich f\u00fcr (fast) alles, durch das Strom flie\u00dft: Computer, Smartphones, Tablets, Autos und so weiter.","author_avatar_urls":{"24":"https:\/\/secure.gravatar.com\/avatar\/a1e9db99fdd71a9ae2c516203e3fcd390817fa98f868eb9ba6d4a77d1a815cd4?s=24&d=mm&r=g","48":"https:\/\/secure.gravatar.com\/avatar\/a1e9db99fdd71a9ae2c516203e3fcd390817fa98f868eb9ba6d4a77d1a815cd4?s=48&d=mm&r=g","96":"https:\/\/secure.gravatar.com\/avatar\/a1e9db99fdd71a9ae2c516203e3fcd390817fa98f868eb9ba6d4a77d1a815cd4?s=96&d=mm&r=g"}},"cld_nonce":"fccbb51e44","yoast_head":"<!-- This site is optimized with the Yoast SEO Premium plugin v27.4 (Yoast SEO v27.4) - https:\/\/yoast.com\/product\/yoast-seo-premium-wordpress\/ -->\n<title>ALDI TALK mit 5G-Tarifen ab heute - Deskmodder.de<\/title>\n<meta name=\"robots\" content=\"index, follow, max-snippet:-1, max-image-preview:large, max-video-preview:-1\" \/>\n<link rel=\"canonical\" href=\"https:\/\/www.deskmodder.de\/blog\/2023\/07\/11\/aldi-talk-mit-5g-tarifen-ab-heute\/\" \/>\n<meta property=\"og:locale\" content=\"de_DE\" \/>\n<meta property=\"og:type\" content=\"article\" \/>\n<meta property=\"og:title\" content=\"ALDI TALK mit 5G-Tarifen ab heute\" \/>\n<meta property=\"og:description\" content=\"Kurz informiert: ALDI TALK bietet ab heute (11.7.2023) ver\u00e4nderte Tarife an. So werden die Kombi-Pakete jeweils 1 bis 2 Euro teurer, bieten daf\u00fcr im Gegenzug aber Zugriff aufs 5G-Netz sowie etwas mehr Datenvolumen. Durch die Nutzung des 5G-Netzes steigert sich&hellip;\" \/>\n<meta property=\"og:url\" content=\"https:\/\/www.deskmodder.de\/blog\/2023\/07\/11\/aldi-talk-mit-5g-tarifen-ab-heute\/\" \/>\n<meta property=\"og:site_name\" content=\"Deskmodder.de\" \/>\n<meta property=\"article:publisher\" content=\"https:\/\/www.facebook.com\/Deskmodder\" \/>\n<meta property=\"article:published_time\" content=\"2023-07-11T04:42:16+00:00\" \/>\n<meta property=\"og:image\" content=\"https:\/\/www.deskmodder.de\/blog\/wp-content\/uploads\/2023\/07\/e05-bild-pm-5g-1200-2x.jpeg\" \/>\n\t<meta property=\"og:image:width\" content=\"1500\" \/>\n\t<meta property=\"og:image:height\" content=\"884\" \/>\n\t<meta property=\"og:image:type\" content=\"image\/jpeg\" \/>\n<meta name=\"author\" content=\"W8U\" \/>\n<meta name=\"twitter:card\" content=\"summary_large_image\" \/>\n<meta name=\"twitter:creator\" content=\"@Deskmodder\" \/>\n<meta name=\"twitter:site\" content=\"@Deskmodder\" \/>\n<script type=\"application\/ld+json\" class=\"yoast-schema-graph\">{\"@context\":\"https:\\\/\\\/schema.org\",\"@graph\":[{\"@type\":\"Article\",\"@id\":\"https:\\\/\\\/www.deskmodder.de\\\/blog\\\/2023\\\/07\\\/11\\\/aldi-talk-mit-5g-tarifen-ab-heute\\\/#article\",\"isPartOf\":{\"@id\":\"https:\\\/\\\/www.deskmodder.de\\\/blog\\\/2023\\\/07\\\/11\\\/aldi-talk-mit-5g-tarifen-ab-heute\\\/\"},\"author\":{\"name\":\"W8U\",\"@id\":\"https:\\\/\\\/www.deskmodder.de\\\/blog\\\/#\\\/schema\\\/person\\\/f3c70b4f4860c9fcc4c04057ed04f469\"},\"headline\":\"ALDI TALK mit 5G-Tarifen ab heute\",\"datePublished\":\"2023-07-11T04:42:16+00:00\",\"mainEntityOfPage\":{\"@id\":\"https:\\\/\\\/www.deskmodder.de\\\/blog\\\/2023\\\/07\\\/11\\\/aldi-talk-mit-5g-tarifen-ab-heute\\\/\"},\"wordCount\":130,\"commentCount\":15,\"publisher\":{\"@id\":\"https:\\\/\\\/www.deskmodder.de\\\/blog\\\/#organization\"},\"image\":{\"@id\":\"https:\\\/\\\/www.deskmodder.de\\\/blog\\\/2023\\\/07\\\/11\\\/aldi-talk-mit-5g-tarifen-ab-heute\\\/#primaryimage\"},\"thumbnailUrl\":\"https:\\\/\\\/www.deskmodder.de\\\/blog\\\/wp-content\\\/uploads\\\/2023\\\/07\\\/e05-bild-pm-5g-1200-2x.jpeg\",\"keywords\":[\"5G\",\"Aldi Talk\",\"Eplus\",\"O2\",\"Prepaid\",\"Tarif\"],\"articleSection\":{\"1\":\"Mobile\",\"2\":\"Welt des Internets\"},\"inLanguage\":\"de\",\"potentialAction\":[{\"@type\":\"CommentAction\",\"name\":\"Comment\",\"target\":[\"https:\\\/\\\/www.deskmodder.de\\\/blog\\\/2023\\\/07\\\/11\\\/aldi-talk-mit-5g-tarifen-ab-heute\\\/#respond\"]}],\"copyrightYear\":\"2023\",\"copyrightHolder\":{\"@id\":\"https:\\\/\\\/www.deskmodder.de\\\/blog\\\/#organization\"}},{\"@type\":\"WebPage\",\"@id\":\"https:\\\/\\\/www.deskmodder.de\\\/blog\\\/2023\\\/07\\\/11\\\/aldi-talk-mit-5g-tarifen-ab-heute\\\/\",\"url\":\"https:\\\/\\\/www.deskmodder.de\\\/blog\\\/2023\\\/07\\\/11\\\/aldi-talk-mit-5g-tarifen-ab-heute\\\/\",\"name\":\"ALDI TALK mit 5G-Tarifen ab heute - Deskmodder.de\",\"isPartOf\":{\"@id\":\"https:\\\/\\\/www.deskmodder.de\\\/blog\\\/#website\"},\"primaryImageOfPage\":{\"@id\":\"https:\\\/\\\/www.deskmodder.de\\\/blog\\\/2023\\\/07\\\/11\\\/aldi-talk-mit-5g-tarifen-ab-heute\\\/#primaryimage\"},\"image\":{\"@id\":\"https:\\\/\\\/www.deskmodder.de\\\/blog\\\/2023\\\/07\\\/11\\\/aldi-talk-mit-5g-tarifen-ab-heute\\\/#primaryimage\"},\"thumbnailUrl\":\"https:\\\/\\\/www.deskmodder.de\\\/blog\\\/wp-content\\\/uploads\\\/2023\\\/07\\\/e05-bild-pm-5g-1200-2x.jpeg\",\"datePublished\":\"2023-07-11T04:42:16+00:00\",\"breadcrumb\":{\"@id\":\"https:\\\/\\\/www.deskmodder.de\\\/blog\\\/2023\\\/07\\\/11\\\/aldi-talk-mit-5g-tarifen-ab-heute\\\/#breadcrumb\"},\"inLanguage\":\"de\",\"potentialAction\":[{\"@type\":\"ReadAction\",\"target\":[\"https:\\\/\\\/www.deskmodder.de\\\/blog\\\/2023\\\/07\\\/11\\\/aldi-talk-mit-5g-tarifen-ab-heute\\\/\"]}]},{\"@type\":\"ImageObject\",\"inLanguage\":\"de\",\"@id\":\"https:\\\/\\\/www.deskmodder.de\\\/blog\\\/2023\\\/07\\\/11\\\/aldi-talk-mit-5g-tarifen-ab-heute\\\/#primaryimage\",\"url\":\"https:\\\/\\\/www.deskmodder.de\\\/blog\\\/wp-content\\\/uploads\\\/2023\\\/07\\\/e05-bild-pm-5g-1200-2x.jpeg\",\"contentUrl\":\"https:\\\/\\\/www.deskmodder.de\\\/blog\\\/wp-content\\\/uploads\\\/2023\\\/07\\\/e05-bild-pm-5g-1200-2x.jpeg\",\"width\":1500,\"height\":884},{\"@type\":\"BreadcrumbList\",\"@id\":\"https:\\\/\\\/www.deskmodder.de\\\/blog\\\/2023\\\/07\\\/11\\\/aldi-talk-mit-5g-tarifen-ab-heute\\\/#breadcrumb\",\"itemListElement\":[{\"@type\":\"ListItem\",\"position\":1,\"name\":\"Startseite\",\"item\":\"https:\\\/\\\/www.deskmodder.de\\\/blog\\\/\"},{\"@type\":\"ListItem\",\"position\":2,\"name\":\"ALDI TALK mit 5G-Tarifen ab heute\"}]},{\"@type\":\"WebSite\",\"@id\":\"https:\\\/\\\/www.deskmodder.de\\\/blog\\\/#website\",\"url\":\"https:\\\/\\\/www.deskmodder.de\\\/blog\\\/\",\"name\":\"Deskmodder.de\",\"description\":\"News zum Thema Microsoft, Windows 11 \\\/ 10, sowie anderen Neuigkeiten aus dem Netz, viele Tipps und individuelle Hilfe bei Problemen in unserem Forum \u25cf Deskmodder - seit 2003\",\"publisher\":{\"@id\":\"https:\\\/\\\/www.deskmodder.de\\\/blog\\\/#organization\"},\"potentialAction\":[{\"@type\":\"SearchAction\",\"target\":{\"@type\":\"EntryPoint\",\"urlTemplate\":\"https:\\\/\\\/www.deskmodder.de\\\/blog\\\/?s={search_term_string}\"},\"query-input\":{\"@type\":\"PropertyValueSpecification\",\"valueRequired\":true,\"valueName\":\"search_term_string\"}}],\"inLanguage\":\"de\"},{\"@type\":\"Organization\",\"@id\":\"https:\\\/\\\/www.deskmodder.de\\\/blog\\\/#organization\",\"name\":\"Deskmodder\",\"url\":\"https:\\\/\\\/www.deskmodder.de\\\/blog\\\/\",\"logo\":{\"@type\":\"ImageObject\",\"inLanguage\":\"de\",\"@id\":\"https:\\\/\\\/www.deskmodder.de\\\/blog\\\/#\\\/schema\\\/logo\\\/image\\\/\",\"url\":\"https:\\\/\\\/www.deskmodder.de\\\/blog\\\/wp-content\\\/uploads\\\/2019\\\/01\\\/deskmodder-logo-app.png\",\"contentUrl\":\"https:\\\/\\\/www.deskmodder.de\\\/blog\\\/wp-content\\\/uploads\\\/2019\\\/01\\\/deskmodder-logo-app.png\",\"width\":281,\"height\":286,\"caption\":\"Deskmodder\"},\"image\":{\"@id\":\"https:\\\/\\\/www.deskmodder.de\\\/blog\\\/#\\\/schema\\\/logo\\\/image\\\/\"},\"sameAs\":[\"https:\\\/\\\/www.facebook.com\\\/Deskmodder\",\"https:\\\/\\\/x.com\\\/Deskmodder\",\"https:\\\/\\\/mastodontech.de\\\/@Deskmodder\",\"https:\\\/\\\/www.youtube.com\\\/user\\\/deskmodder\",\"https:\\\/\\\/mewe.com\\\/group\\\/5c83b5231add826fc80cdae1\"]},{\"@type\":\"Person\",\"@id\":\"https:\\\/\\\/www.deskmodder.de\\\/blog\\\/#\\\/schema\\\/person\\\/f3c70b4f4860c9fcc4c04057ed04f469\",\"name\":\"W8U\",\"image\":{\"@type\":\"ImageObject\",\"inLanguage\":\"de\",\"@id\":\"https:\\\/\\\/secure.gravatar.com\\\/avatar\\\/a1e9db99fdd71a9ae2c516203e3fcd390817fa98f868eb9ba6d4a77d1a815cd4?s=96&d=mm&r=g\",\"url\":\"https:\\\/\\\/secure.gravatar.com\\\/avatar\\\/a1e9db99fdd71a9ae2c516203e3fcd390817fa98f868eb9ba6d4a77d1a815cd4?s=96&d=mm&r=g\",\"contentUrl\":\"https:\\\/\\\/secure.gravatar.com\\\/avatar\\\/a1e9db99fdd71a9ae2c516203e3fcd390817fa98f868eb9ba6d4a77d1a815cd4?s=96&d=mm&r=g\",\"caption\":\"W8U\"},\"description\":\"Technikliebhaber aus Niedersachsen und seit 2013 bei den Deskmoddern. Interessiert sich f\u00fcr (fast) alles, durch das Strom flie\u00dft: Computer, Smartphones, Tablets, Autos und so weiter.\",\"url\":\"https:\\\/\\\/www.deskmodder.de\\\/blog\\\/author\\\/w8u\\\/\"}]}<\/script>\n<!-- \/ Yoast SEO Premium plugin. -->","yoast_head_json":{"title":"ALDI TALK mit 5G-Tarifen ab heute - Deskmodder.de","robots":{"index":"index","follow":"follow","max-snippet":"max-snippet:-1","max-image-preview":"max-image-preview:large","max-video-preview":"max-video-preview:-1"},"canonical":"https:\/\/www.deskmodder.de\/blog\/2023\/07\/11\/aldi-talk-mit-5g-tarifen-ab-heute\/","og_locale":"de_DE","og_type":"article","og_title":"ALDI TALK mit 5G-Tarifen ab heute","og_description":"Kurz informiert: ALDI TALK bietet ab heute (11.7.2023) ver\u00e4nderte Tarife an. So werden die Kombi-Pakete jeweils 1 bis 2 Euro teurer, bieten daf\u00fcr im Gegenzug aber Zugriff aufs 5G-Netz sowie etwas mehr Datenvolumen. Durch die Nutzung des 5G-Netzes steigert sich&hellip;","og_url":"https:\/\/www.deskmodder.de\/blog\/2023\/07\/11\/aldi-talk-mit-5g-tarifen-ab-heute\/","og_site_name":"Deskmodder.de","article_publisher":"https:\/\/www.facebook.com\/Deskmodder","article_published_time":"2023-07-11T04:42:16+00:00","og_image":[{"width":1500,"height":884,"url":"https:\/\/www.deskmodder.de\/blog\/wp-content\/uploads\/2023\/07\/e05-bild-pm-5g-1200-2x.jpeg","type":"image\/jpeg"}],"author":"W8U","twitter_card":"summary_large_image","twitter_creator":"@Deskmodder","twitter_site":"@Deskmodder","schema":{"@context":"https:\/\/schema.org","@graph":[{"@type":"Article","@id":"https:\/\/www.deskmodder.de\/blog\/2023\/07\/11\/aldi-talk-mit-5g-tarifen-ab-heute\/#article","isPartOf":{"@id":"https:\/\/www.deskmodder.de\/blog\/2023\/07\/11\/aldi-talk-mit-5g-tarifen-ab-heute\/"},"author":{"name":"W8U","@id":"https:\/\/www.deskmodder.de\/blog\/#\/schema\/person\/f3c70b4f4860c9fcc4c04057ed04f469"},"headline":"ALDI TALK mit 5G-Tarifen ab heute","datePublished":"2023-07-11T04:42:16+00:00","mainEntityOfPage":{"@id":"https:\/\/www.deskmodder.de\/blog\/2023\/07\/11\/aldi-talk-mit-5g-tarifen-ab-heute\/"},"wordCount":130,"commentCount":15,"publisher":{"@id":"https:\/\/www.deskmodder.de\/blog\/#organization"},"image":{"@id":"https:\/\/www.deskmodder.de\/blog\/2023\/07\/11\/aldi-talk-mit-5g-tarifen-ab-heute\/#primaryimage"},"thumbnailUrl":"https:\/\/www.deskmodder.de\/blog\/wp-content\/uploads\/2023\/07\/e05-bild-pm-5g-1200-2x.jpeg","keywords":["5G","Aldi Talk","Eplus","O2","Prepaid","Tarif"],"articleSection":{"1":"Mobile","2":"Welt des Internets"},"inLanguage":"de","potentialAction":[{"@type":"CommentAction","name":"Comment","target":["https:\/\/www.deskmodder.de\/blog\/2023\/07\/11\/aldi-talk-mit-5g-tarifen-ab-heute\/#respond"]}],"copyrightYear":"2023","copyrightHolder":{"@id":"https:\/\/www.deskmodder.de\/blog\/#organization"}},{"@type":"WebPage","@id":"https:\/\/www.deskmodder.de\/blog\/2023\/07\/11\/aldi-talk-mit-5g-tarifen-ab-heute\/","url":"https:\/\/www.deskmodder.de\/blog\/2023\/07\/11\/aldi-talk-mit-5g-tarifen-ab-heute\/","name":"ALDI TALK mit 5G-Tarifen ab heute - Deskmodder.de","isPartOf":{"@id":"https:\/\/www.deskmodder.de\/blog\/#website"},"primaryImageOfPage":{"@id":"https:\/\/www.deskmodder.de\/blog\/2023\/07\/11\/aldi-talk-mit-5g-tarifen-ab-heute\/#primaryimage"},"image":{"@id":"https:\/\/www.deskmodder.de\/blog\/2023\/07\/11\/aldi-talk-mit-5g-tarifen-ab-heute\/#primaryimage"},"thumbnailUrl":"https:\/\/www.deskmodder.de\/blog\/wp-content\/uploads\/2023\/07\/e05-bild-pm-5g-1200-2x.jpeg","datePublished":"2023-07-11T04:42:16+00:00","breadcrumb":{"@id":"https:\/\/www.deskmodder.de\/blog\/2023\/07\/11\/aldi-talk-mit-5g-tarifen-ab-heute\/#breadcrumb"},"inLanguage":"de","potentialAction":[{"@type":"ReadAction","target":["https:\/\/www.deskmodder.de\/blog\/2023\/07\/11\/aldi-talk-mit-5g-tarifen-ab-heute\/"]}]},{"@type":"ImageObject","inLanguage":"de","@id":"https:\/\/www.deskmodder.de\/blog\/2023\/07\/11\/aldi-talk-mit-5g-tarifen-ab-heute\/#primaryimage","url":"https:\/\/www.deskmodder.de\/blog\/wp-content\/uploads\/2023\/07\/e05-bild-pm-5g-1200-2x.jpeg","contentUrl":"https:\/\/www.deskmodder.de\/blog\/wp-content\/uploads\/2023\/07\/e05-bild-pm-5g-1200-2x.jpeg","width":1500,"height":884},{"@type":"BreadcrumbList","@id":"https:\/\/www.deskmodder.de\/blog\/2023\/07\/11\/aldi-talk-mit-5g-tarifen-ab-heute\/#breadcrumb","itemListElement":[{"@type":"ListItem","position":1,"name":"Startseite","item":"https:\/\/www.deskmodder.de\/blog\/"},{"@type":"ListItem","position":2,"name":"ALDI TALK mit 5G-Tarifen ab heute"}]},{"@type":"WebSite","@id":"https:\/\/www.deskmodder.de\/blog\/#website","url":"https:\/\/www.deskmodder.de\/blog\/","name":"Deskmodder.de","description":"News zum Thema Microsoft, Windows 11 \/ 10, sowie anderen Neuigkeiten aus dem Netz, viele Tipps und individuelle Hilfe bei Problemen in unserem Forum \u25cf Deskmodder - seit 2003","publisher":{"@id":"https:\/\/www.deskmodder.de\/blog\/#organization"},"potentialAction":[{"@type":"SearchAction","target":{"@type":"EntryPoint","urlTemplate":"https:\/\/www.deskmodder.de\/blog\/?s={search_term_string}"},"query-input":{"@type":"PropertyValueSpecification","valueRequired":true,"valueName":"search_term_string"}}],"inLanguage":"de"},{"@type":"Organization","@id":"https:\/\/www.deskmodder.de\/blog\/#organization","name":"Deskmodder","url":"https:\/\/www.deskmodder.de\/blog\/","logo":{"@type":"ImageObject","inLanguage":"de","@id":"https:\/\/www.deskmodder.de\/blog\/#\/schema\/logo\/image\/","url":"https:\/\/www.deskmodder.de\/blog\/wp-content\/uploads\/2019\/01\/deskmodder-logo-app.png","contentUrl":"https:\/\/www.deskmodder.de\/blog\/wp-content\/uploads\/2019\/01\/deskmodder-logo-app.png","width":281,"height":286,"caption":"Deskmodder"},"image":{"@id":"https:\/\/www.deskmodder.de\/blog\/#\/schema\/logo\/image\/"},"sameAs":["https:\/\/www.facebook.com\/Deskmodder","https:\/\/x.com\/Deskmodder","https:\/\/mastodontech.de\/@Deskmodder","https:\/\/www.youtube.com\/user\/deskmodder","https:\/\/mewe.com\/group\/5c83b5231add826fc80cdae1"]},{"@type":"Person","@id":"https:\/\/www.deskmodder.de\/blog\/#\/schema\/person\/f3c70b4f4860c9fcc4c04057ed04f469","name":"W8U","image":{"@type":"ImageObject","inLanguage":"de","@id":"https:\/\/secure.gravatar.com\/avatar\/a1e9db99fdd71a9ae2c516203e3fcd390817fa98f868eb9ba6d4a77d1a815cd4?s=96&d=mm&r=g","url":"https:\/\/secure.gravatar.com\/avatar\/a1e9db99fdd71a9ae2c516203e3fcd390817fa98f868eb9ba6d4a77d1a815cd4?s=96&d=mm&r=g","contentUrl":"https:\/\/secure.gravatar.com\/avatar\/a1e9db99fdd71a9ae2c516203e3fcd390817fa98f868eb9ba6d4a77d1a815cd4?s=96&d=mm&r=g","caption":"W8U"},"description":"Technikliebhaber aus Niedersachsen und seit 2013 bei den Deskmoddern. Interessiert sich f\u00fcr (fast) alles, durch das Strom flie\u00dft: Computer, Smartphones, Tablets, Autos und so weiter.","url":"https:\/\/www.deskmodder.de\/blog\/author\/w8u\/"}]}},"jetpack_publicize_connections":[],"jetpack_featured_media_url":"https:\/\/www.deskmodder.de\/blog\/wp-content\/uploads\/2023\/07\/e05-bild-pm-5g-1200-2x.jpeg","_links":{"self":[{"href":"https:\/\/www.deskmodder.de\/blog\/wp-json\/wp\/v2\/posts\/179803","targetHints":{"allow":["GET"]}}],"collection":[{"href":"https:\/\/www.deskmodder.de\/blog\/wp-json\/wp\/v2\/posts"}],"about":[{"href":"https:\/\/www.deskmodder.de\/blog\/wp-json\/wp\/v2\/types\/post"}],"author":[{"embeddable":true,"href":"https:\/\/www.deskmodder.de\/blog\/wp-json\/wp\/v2\/users\/1525"}],"replies":[{"embeddable":true,"href":"https:\/\/www.deskmodder.de\/blog\/wp-json\/wp\/v2\/comments?post=179803"}],"version-history":[{"count":3,"href":"https:\/\/www.deskmodder.de\/blog\/wp-json\/wp\/v2\/posts\/179803\/revisions"}],"predecessor-version":[{"id":179886,"href":"https:\/\/www.deskmodder.de\/blog\/wp-json\/wp\/v2\/posts\/179803\/revisions\/179886"}],"wp:featuredmedia":[{"embeddable":true,"href":"https:\/\/www.deskmodder.de\/blog\/wp-json\/wp\/v2\/media\/179881"}],"wp:attachment":[{"href":"https:\/\/www.deskmodder.de\/blog\/wp-json\/wp\/v2\/media?parent=179803"}],"wp:term":[{"taxonomy":"category","embeddable":true,"href":"https:\/\/www.deskmodder.de\/blog\/wp-json\/wp\/v2\/categories?post=179803"},{"taxonomy":"post_tag","embeddable":true,"href":"https:\/\/www.deskmodder.de\/blog\/wp-json\/wp\/v2\/tags?post=179803"}],"curies":[{"name":"wp","href":"https:\/\/api.w.org\/{rel}","templated":true}]}}