{"id":17881,"date":"2013-12-30T10:35:21","date_gmt":"2013-12-30T09:35:21","guid":{"rendered":"http:\/\/www.deskmodder.de\/blog\/?p=17881"},"modified":"2023-01-14T17:14:20","modified_gmt":"2023-01-14T16:14:20","slug":"wird-auf-der-ces-2014-das-konzept-pc-plus-fuer-windows-8-1-geraete-vorgestellt","status":"publish","type":"post","link":"https:\/\/www.deskmodder.de\/blog\/2013\/12\/30\/wird-auf-der-ces-2014-das-konzept-pc-plus-fuer-windows-8-1-geraete-vorgestellt\/","title":{"rendered":"Wird auf der CES 2014 das Konzept &#8222;PC Plus&#8220; f\u00fcr Windows 8.1 Ger\u00e4te vorgestellt ?"},"content":{"rendered":"<p><a href=\"http:\/\/www.deskmodder.de\/blog\/wp-content\/uploads\/2013\/07\/20120319_android_logo_01.jpg\" rel=\"lightbox[17881]\"><img loading=\"lazy\" decoding=\"async\" class=\"alignleft size-medium wp-image-8380\" alt=\"20120319_android_logo_01\" src=\"http:\/\/www.deskmodder.de\/blog\/wp-content\/uploads\/2013\/07\/20120319_android_logo_01-150x112.jpg\" width=\"150\" height=\"112\" srcset=\"https:\/\/www.deskmodder.de\/blog\/wp-content\/uploads\/2013\/07\/20120319_android_logo_01-150x112.jpg 150w, https:\/\/www.deskmodder.de\/blog\/wp-content\/uploads\/2013\/07\/20120319_android_logo_01-500x375.jpg 500w, https:\/\/www.deskmodder.de\/blog\/wp-content\/uploads\/2013\/07\/20120319_android_logo_01.jpg 1024w\" sizes=\"auto, (max-width: 150px) 100vw, 150px\" \/><\/a>Auf der CES 2014 werden wieder zahlreiche, namenhafte Hersteller neue Ger\u00e4te vorstellen. Darunter werden auch wieder Windows 8.1 Ger\u00e4te diverser OEMs sein. Doch nicht nur Ger\u00e4te sondern auch das Konzept &#8222;PC Plus&#8220; soll m\u00f6glicherweise vorgestellt werden.<\/p>\n<p>Darunter soll sich eine Technik, Darstellung bzw. Umsetzung verbergen, Android Apps auch ohne Drittanbieter-Tool ausf\u00fchren zu k\u00f6nnen. Grund daf\u00fcr scheinen wohl die negativen Absatzzahlen der Windows 8.1 Tablets und Co. zu sein. Die Anzahl der unterst\u00fctzenden OEMs scheint wohl m\u00e4chtig gro\u00df zu sein aber auch Intel soll mit an Bord sein.<\/p>\n<p><!--more--><\/p>\n<p>Und was sagt Microsoft dazu ? \u00d6ffentlich nat\u00fcrlich nichts, doch man kann sich denken wie man dort auf ein solches Konzept gegen die hauseigenen Apps reagiert hat.<\/p>\n<p>Wie genau das Konzept &#8222;PC Plus&#8220; umgesetzt werden wird, ist aber nicht klar. M\u00f6glicherweise sehen wir hier ein DualOS, eine Virtualisierung oder doch ein integriertes Tool wie BlueStacks.<\/p>\n<p>[<a href=\"http:\/\/www.drwindows.de\/content\/3028-ces-2014-hersteller-planen-angeblich-offene-rebellion.html\" target=\"_blank\" rel=\"noopener\">via<\/a>]<\/p>\n","protected":false},"excerpt":{"rendered":"<p>Auf der CES 2014 werden wieder zahlreiche, namenhafte Hersteller neue Ger\u00e4te vorstellen. Darunter werden auch wieder Windows 8.1 Ger\u00e4te diverser OEMs sein. Doch nicht nur Ger\u00e4te sondern auch das Konzept &#8222;PC Plus&#8220; soll m\u00f6glicherweise vorgestellt werden. Darunter soll sich eine&hellip; <\/p>\n","protected":false},"author":1462,"featured_media":0,"comment_status":"open","ping_status":"open","sticky":false,"template":"","format":"standard","meta":{"jetpack_post_was_ever_published":false,"footnotes":"","jetpack_publicize_message":"","jetpack_publicize_feature_enabled":true,"jetpack_social_post_already_shared":false,"jetpack_social_options":{"image_generator_settings":{"template":"highway","default_image_id":0,"font":"","enabled":false},"version":2}},"categories":[1,894,11],"tags":[319,2941,4112,9750],"class_list":["post-17881","post","type-post","status-publish","format-standard","hentry","category-allgemein","category-android","category-windows","tag-android-apps","tag-ces-2014","tag-pc-plus","tag-windows-8-1"],"wp_featured_image":null,"commentcount":0,"wp_comments":[],"wp_author":{"id":null,"name":null,"description":null,"author_avatar_urls":{"24":"https:\/\/secure.gravatar.com\/avatar\/?s=24&d=mm&r=g","48":"https:\/\/secure.gravatar.com\/avatar\/?s=48&d=mm&r=g","96":"https:\/\/secure.gravatar.com\/avatar\/?s=96&d=mm&r=g"}},"cld_nonce":"173fc99a75","yoast_head":"<!-- This site is optimized with the Yoast SEO Premium plugin v27.5 (Yoast SEO v27.5) - https:\/\/yoast.com\/product\/yoast-seo-premium-wordpress\/ -->\n<title>Wird auf der CES 2014 das Konzept &quot;PC Plus&quot; f\u00fcr Windows 8.1 Ger\u00e4te vorgestellt ? - Deskmodder.de<\/title>\n<meta name=\"robots\" content=\"index, follow, max-snippet:-1, max-image-preview:large, max-video-preview:-1\" \/>\n<link rel=\"canonical\" href=\"https:\/\/www.deskmodder.de\/blog\/2013\/12\/30\/wird-auf-der-ces-2014-das-konzept-pc-plus-fuer-windows-8-1-geraete-vorgestellt\/\" \/>\n<meta property=\"og:locale\" content=\"de_DE\" \/>\n<meta property=\"og:type\" content=\"article\" \/>\n<meta property=\"og:title\" content=\"Wird auf der CES 2014 das Konzept &quot;PC Plus&quot; f\u00fcr Windows 8.1 Ger\u00e4te vorgestellt ?\" \/>\n<meta property=\"og:description\" content=\"Auf der CES 2014 werden wieder zahlreiche, namenhafte Hersteller neue Ger\u00e4te vorstellen. Darunter werden auch wieder Windows 8.1 Ger\u00e4te diverser OEMs sein. Doch nicht nur Ger\u00e4te sondern auch das Konzept &#8222;PC Plus&#8220; soll m\u00f6glicherweise vorgestellt werden. Darunter soll sich eine&hellip;\" \/>\n<meta property=\"og:url\" content=\"https:\/\/www.deskmodder.de\/blog\/2013\/12\/30\/wird-auf-der-ces-2014-das-konzept-pc-plus-fuer-windows-8-1-geraete-vorgestellt\/\" \/>\n<meta property=\"og:site_name\" content=\"Deskmodder.de\" \/>\n<meta property=\"article:publisher\" content=\"https:\/\/www.facebook.com\/Deskmodder\" \/>\n<meta property=\"article:published_time\" content=\"2013-12-30T09:35:21+00:00\" \/>\n<meta property=\"article:modified_time\" content=\"2023-01-14T16:14:20+00:00\" \/>\n<meta property=\"og:image\" content=\"http:\/\/www.deskmodder.de\/blog\/wp-content\/uploads\/2013\/07\/20120319_android_logo_01-150x112.jpg\" \/>\n<meta name=\"twitter:card\" content=\"summary_large_image\" \/>\n<meta name=\"twitter:creator\" content=\"@Deskmodder\" \/>\n<meta name=\"twitter:site\" content=\"@Deskmodder\" \/>\n<script type=\"application\/ld+json\" class=\"yoast-schema-graph\">{\"@context\":\"https:\\\/\\\/schema.org\",\"@graph\":[{\"@type\":\"Article\",\"@id\":\"https:\\\/\\\/www.deskmodder.de\\\/blog\\\/2013\\\/12\\\/30\\\/wird-auf-der-ces-2014-das-konzept-pc-plus-fuer-windows-8-1-geraete-vorgestellt\\\/#article\",\"isPartOf\":{\"@id\":\"https:\\\/\\\/www.deskmodder.de\\\/blog\\\/2013\\\/12\\\/30\\\/wird-auf-der-ces-2014-das-konzept-pc-plus-fuer-windows-8-1-geraete-vorgestellt\\\/\"},\"author\":{\"name\":\"\",\"@id\":\"\"},\"headline\":\"Wird auf der CES 2014 das Konzept &#8222;PC Plus&#8220; f\u00fcr Windows 8.1 Ger\u00e4te vorgestellt ?\",\"datePublished\":\"2013-12-30T09:35:21+00:00\",\"dateModified\":\"2023-01-14T16:14:20+00:00\",\"mainEntityOfPage\":{\"@id\":\"https:\\\/\\\/www.deskmodder.de\\\/blog\\\/2013\\\/12\\\/30\\\/wird-auf-der-ces-2014-das-konzept-pc-plus-fuer-windows-8-1-geraete-vorgestellt\\\/\"},\"wordCount\":164,\"commentCount\":0,\"publisher\":{\"@id\":\"https:\\\/\\\/www.deskmodder.de\\\/blog\\\/#organization\"},\"image\":{\"@id\":\"https:\\\/\\\/www.deskmodder.de\\\/blog\\\/2013\\\/12\\\/30\\\/wird-auf-der-ces-2014-das-konzept-pc-plus-fuer-windows-8-1-geraete-vorgestellt\\\/#primaryimage\"},\"thumbnailUrl\":\"http:\\\/\\\/www.deskmodder.de\\\/blog\\\/wp-content\\\/uploads\\\/2013\\\/07\\\/20120319_android_logo_01-150x112.jpg\",\"keywords\":[\"Android Apps\",\"CES 2014\",\"PC Plus\",\"Windows 8.1\"],\"articleSection\":{\"1\":\"Android\",\"2\":\"Windows \u00e4lter\"},\"inLanguage\":\"de\",\"potentialAction\":[{\"@type\":\"CommentAction\",\"name\":\"Comment\",\"target\":[\"https:\\\/\\\/www.deskmodder.de\\\/blog\\\/2013\\\/12\\\/30\\\/wird-auf-der-ces-2014-das-konzept-pc-plus-fuer-windows-8-1-geraete-vorgestellt\\\/#respond\"]}],\"copyrightYear\":\"2013\",\"copyrightHolder\":{\"@id\":\"https:\\\/\\\/www.deskmodder.de\\\/blog\\\/#organization\"}},{\"@type\":\"WebPage\",\"@id\":\"https:\\\/\\\/www.deskmodder.de\\\/blog\\\/2013\\\/12\\\/30\\\/wird-auf-der-ces-2014-das-konzept-pc-plus-fuer-windows-8-1-geraete-vorgestellt\\\/\",\"url\":\"https:\\\/\\\/www.deskmodder.de\\\/blog\\\/2013\\\/12\\\/30\\\/wird-auf-der-ces-2014-das-konzept-pc-plus-fuer-windows-8-1-geraete-vorgestellt\\\/\",\"name\":\"Wird auf der CES 2014 das Konzept \\\"PC Plus\\\" f\u00fcr Windows 8.1 Ger\u00e4te vorgestellt ? - Deskmodder.de\",\"isPartOf\":{\"@id\":\"https:\\\/\\\/www.deskmodder.de\\\/blog\\\/#website\"},\"primaryImageOfPage\":{\"@id\":\"https:\\\/\\\/www.deskmodder.de\\\/blog\\\/2013\\\/12\\\/30\\\/wird-auf-der-ces-2014-das-konzept-pc-plus-fuer-windows-8-1-geraete-vorgestellt\\\/#primaryimage\"},\"image\":{\"@id\":\"https:\\\/\\\/www.deskmodder.de\\\/blog\\\/2013\\\/12\\\/30\\\/wird-auf-der-ces-2014-das-konzept-pc-plus-fuer-windows-8-1-geraete-vorgestellt\\\/#primaryimage\"},\"thumbnailUrl\":\"http:\\\/\\\/www.deskmodder.de\\\/blog\\\/wp-content\\\/uploads\\\/2013\\\/07\\\/20120319_android_logo_01-150x112.jpg\",\"datePublished\":\"2013-12-30T09:35:21+00:00\",\"dateModified\":\"2023-01-14T16:14:20+00:00\",\"breadcrumb\":{\"@id\":\"https:\\\/\\\/www.deskmodder.de\\\/blog\\\/2013\\\/12\\\/30\\\/wird-auf-der-ces-2014-das-konzept-pc-plus-fuer-windows-8-1-geraete-vorgestellt\\\/#breadcrumb\"},\"inLanguage\":\"de\",\"potentialAction\":[{\"@type\":\"ReadAction\",\"target\":[\"https:\\\/\\\/www.deskmodder.de\\\/blog\\\/2013\\\/12\\\/30\\\/wird-auf-der-ces-2014-das-konzept-pc-plus-fuer-windows-8-1-geraete-vorgestellt\\\/\"]}]},{\"@type\":\"ImageObject\",\"inLanguage\":\"de\",\"@id\":\"https:\\\/\\\/www.deskmodder.de\\\/blog\\\/2013\\\/12\\\/30\\\/wird-auf-der-ces-2014-das-konzept-pc-plus-fuer-windows-8-1-geraete-vorgestellt\\\/#primaryimage\",\"url\":\"https:\\\/\\\/www.deskmodder.de\\\/blog\\\/wp-content\\\/uploads\\\/2013\\\/07\\\/20120319_android_logo_01.jpg\",\"contentUrl\":\"https:\\\/\\\/www.deskmodder.de\\\/blog\\\/wp-content\\\/uploads\\\/2013\\\/07\\\/20120319_android_logo_01.jpg\",\"width\":1024,\"height\":768},{\"@type\":\"BreadcrumbList\",\"@id\":\"https:\\\/\\\/www.deskmodder.de\\\/blog\\\/2013\\\/12\\\/30\\\/wird-auf-der-ces-2014-das-konzept-pc-plus-fuer-windows-8-1-geraete-vorgestellt\\\/#breadcrumb\",\"itemListElement\":[{\"@type\":\"ListItem\",\"position\":1,\"name\":\"Startseite\",\"item\":\"https:\\\/\\\/www.deskmodder.de\\\/blog\\\/\"},{\"@type\":\"ListItem\",\"position\":2,\"name\":\"Wird auf der CES 2014 das Konzept &#8222;PC Plus&#8220; f\u00fcr Windows 8.1 Ger\u00e4te vorgestellt ?\"}]},{\"@type\":\"WebSite\",\"@id\":\"https:\\\/\\\/www.deskmodder.de\\\/blog\\\/#website\",\"url\":\"https:\\\/\\\/www.deskmodder.de\\\/blog\\\/\",\"name\":\"Deskmodder.de\",\"description\":\"News zum Thema Microsoft, Windows 11 \\\/ 10, sowie anderen Neuigkeiten aus dem Netz, viele Tipps und individuelle Hilfe bei Problemen in unserem Forum \u25cf Deskmodder - seit 2003\",\"publisher\":{\"@id\":\"https:\\\/\\\/www.deskmodder.de\\\/blog\\\/#organization\"},\"potentialAction\":[{\"@type\":\"SearchAction\",\"target\":{\"@type\":\"EntryPoint\",\"urlTemplate\":\"https:\\\/\\\/www.deskmodder.de\\\/blog\\\/?s={search_term_string}\"},\"query-input\":{\"@type\":\"PropertyValueSpecification\",\"valueRequired\":true,\"valueName\":\"search_term_string\"}}],\"inLanguage\":\"de\"},{\"@type\":\"Organization\",\"@id\":\"https:\\\/\\\/www.deskmodder.de\\\/blog\\\/#organization\",\"name\":\"Deskmodder\",\"url\":\"https:\\\/\\\/www.deskmodder.de\\\/blog\\\/\",\"logo\":{\"@type\":\"ImageObject\",\"inLanguage\":\"de\",\"@id\":\"https:\\\/\\\/www.deskmodder.de\\\/blog\\\/#\\\/schema\\\/logo\\\/image\\\/\",\"url\":\"https:\\\/\\\/www.deskmodder.de\\\/blog\\\/wp-content\\\/uploads\\\/2019\\\/01\\\/deskmodder-logo-app.png\",\"contentUrl\":\"https:\\\/\\\/www.deskmodder.de\\\/blog\\\/wp-content\\\/uploads\\\/2019\\\/01\\\/deskmodder-logo-app.png\",\"width\":281,\"height\":286,\"caption\":\"Deskmodder\"},\"image\":{\"@id\":\"https:\\\/\\\/www.deskmodder.de\\\/blog\\\/#\\\/schema\\\/logo\\\/image\\\/\"},\"sameAs\":[\"https:\\\/\\\/www.facebook.com\\\/Deskmodder\",\"https:\\\/\\\/x.com\\\/Deskmodder\",\"https:\\\/\\\/mastodontech.de\\\/@Deskmodder\",\"https:\\\/\\\/www.youtube.com\\\/user\\\/deskmodder\",\"https:\\\/\\\/mewe.com\\\/group\\\/5c83b5231add826fc80cdae1\"]},{\"@type\":\"Person\",\"@id\":\"\",\"url\":\"https:\\\/\\\/www.deskmodder.de\\\/blog\\\/author\\\/\"}]}<\/script>\n<!-- \/ Yoast SEO Premium plugin. -->","yoast_head_json":{"title":"Wird auf der CES 2014 das Konzept \"PC Plus\" f\u00fcr Windows 8.1 Ger\u00e4te vorgestellt ? - Deskmodder.de","robots":{"index":"index","follow":"follow","max-snippet":"max-snippet:-1","max-image-preview":"max-image-preview:large","max-video-preview":"max-video-preview:-1"},"canonical":"https:\/\/www.deskmodder.de\/blog\/2013\/12\/30\/wird-auf-der-ces-2014-das-konzept-pc-plus-fuer-windows-8-1-geraete-vorgestellt\/","og_locale":"de_DE","og_type":"article","og_title":"Wird auf der CES 2014 das Konzept \"PC Plus\" f\u00fcr Windows 8.1 Ger\u00e4te vorgestellt ?","og_description":"Auf der CES 2014 werden wieder zahlreiche, namenhafte Hersteller neue Ger\u00e4te vorstellen. Darunter werden auch wieder Windows 8.1 Ger\u00e4te diverser OEMs sein. Doch nicht nur Ger\u00e4te sondern auch das Konzept &#8222;PC Plus&#8220; soll m\u00f6glicherweise vorgestellt werden. Darunter soll sich eine&hellip;","og_url":"https:\/\/www.deskmodder.de\/blog\/2013\/12\/30\/wird-auf-der-ces-2014-das-konzept-pc-plus-fuer-windows-8-1-geraete-vorgestellt\/","og_site_name":"Deskmodder.de","article_publisher":"https:\/\/www.facebook.com\/Deskmodder","article_published_time":"2013-12-30T09:35:21+00:00","article_modified_time":"2023-01-14T16:14:20+00:00","og_image":[{"url":"http:\/\/www.deskmodder.de\/blog\/wp-content\/uploads\/2013\/07\/20120319_android_logo_01-150x112.jpg","type":"","width":"","height":""}],"twitter_card":"summary_large_image","twitter_creator":"@Deskmodder","twitter_site":"@Deskmodder","schema":{"@context":"https:\/\/schema.org","@graph":[{"@type":"Article","@id":"https:\/\/www.deskmodder.de\/blog\/2013\/12\/30\/wird-auf-der-ces-2014-das-konzept-pc-plus-fuer-windows-8-1-geraete-vorgestellt\/#article","isPartOf":{"@id":"https:\/\/www.deskmodder.de\/blog\/2013\/12\/30\/wird-auf-der-ces-2014-das-konzept-pc-plus-fuer-windows-8-1-geraete-vorgestellt\/"},"author":{"name":"","@id":""},"headline":"Wird auf der CES 2014 das Konzept &#8222;PC Plus&#8220; f\u00fcr Windows 8.1 Ger\u00e4te vorgestellt ?","datePublished":"2013-12-30T09:35:21+00:00","dateModified":"2023-01-14T16:14:20+00:00","mainEntityOfPage":{"@id":"https:\/\/www.deskmodder.de\/blog\/2013\/12\/30\/wird-auf-der-ces-2014-das-konzept-pc-plus-fuer-windows-8-1-geraete-vorgestellt\/"},"wordCount":164,"commentCount":0,"publisher":{"@id":"https:\/\/www.deskmodder.de\/blog\/#organization"},"image":{"@id":"https:\/\/www.deskmodder.de\/blog\/2013\/12\/30\/wird-auf-der-ces-2014-das-konzept-pc-plus-fuer-windows-8-1-geraete-vorgestellt\/#primaryimage"},"thumbnailUrl":"http:\/\/www.deskmodder.de\/blog\/wp-content\/uploads\/2013\/07\/20120319_android_logo_01-150x112.jpg","keywords":["Android Apps","CES 2014","PC Plus","Windows 8.1"],"articleSection":{"1":"Android","2":"Windows \u00e4lter"},"inLanguage":"de","potentialAction":[{"@type":"CommentAction","name":"Comment","target":["https:\/\/www.deskmodder.de\/blog\/2013\/12\/30\/wird-auf-der-ces-2014-das-konzept-pc-plus-fuer-windows-8-1-geraete-vorgestellt\/#respond"]}],"copyrightYear":"2013","copyrightHolder":{"@id":"https:\/\/www.deskmodder.de\/blog\/#organization"}},{"@type":"WebPage","@id":"https:\/\/www.deskmodder.de\/blog\/2013\/12\/30\/wird-auf-der-ces-2014-das-konzept-pc-plus-fuer-windows-8-1-geraete-vorgestellt\/","url":"https:\/\/www.deskmodder.de\/blog\/2013\/12\/30\/wird-auf-der-ces-2014-das-konzept-pc-plus-fuer-windows-8-1-geraete-vorgestellt\/","name":"Wird auf der CES 2014 das Konzept \"PC Plus\" f\u00fcr Windows 8.1 Ger\u00e4te vorgestellt ? - Deskmodder.de","isPartOf":{"@id":"https:\/\/www.deskmodder.de\/blog\/#website"},"primaryImageOfPage":{"@id":"https:\/\/www.deskmodder.de\/blog\/2013\/12\/30\/wird-auf-der-ces-2014-das-konzept-pc-plus-fuer-windows-8-1-geraete-vorgestellt\/#primaryimage"},"image":{"@id":"https:\/\/www.deskmodder.de\/blog\/2013\/12\/30\/wird-auf-der-ces-2014-das-konzept-pc-plus-fuer-windows-8-1-geraete-vorgestellt\/#primaryimage"},"thumbnailUrl":"http:\/\/www.deskmodder.de\/blog\/wp-content\/uploads\/2013\/07\/20120319_android_logo_01-150x112.jpg","datePublished":"2013-12-30T09:35:21+00:00","dateModified":"2023-01-14T16:14:20+00:00","breadcrumb":{"@id":"https:\/\/www.deskmodder.de\/blog\/2013\/12\/30\/wird-auf-der-ces-2014-das-konzept-pc-plus-fuer-windows-8-1-geraete-vorgestellt\/#breadcrumb"},"inLanguage":"de","potentialAction":[{"@type":"ReadAction","target":["https:\/\/www.deskmodder.de\/blog\/2013\/12\/30\/wird-auf-der-ces-2014-das-konzept-pc-plus-fuer-windows-8-1-geraete-vorgestellt\/"]}]},{"@type":"ImageObject","inLanguage":"de","@id":"https:\/\/www.deskmodder.de\/blog\/2013\/12\/30\/wird-auf-der-ces-2014-das-konzept-pc-plus-fuer-windows-8-1-geraete-vorgestellt\/#primaryimage","url":"https:\/\/www.deskmodder.de\/blog\/wp-content\/uploads\/2013\/07\/20120319_android_logo_01.jpg","contentUrl":"https:\/\/www.deskmodder.de\/blog\/wp-content\/uploads\/2013\/07\/20120319_android_logo_01.jpg","width":1024,"height":768},{"@type":"BreadcrumbList","@id":"https:\/\/www.deskmodder.de\/blog\/2013\/12\/30\/wird-auf-der-ces-2014-das-konzept-pc-plus-fuer-windows-8-1-geraete-vorgestellt\/#breadcrumb","itemListElement":[{"@type":"ListItem","position":1,"name":"Startseite","item":"https:\/\/www.deskmodder.de\/blog\/"},{"@type":"ListItem","position":2,"name":"Wird auf der CES 2014 das Konzept &#8222;PC Plus&#8220; f\u00fcr Windows 8.1 Ger\u00e4te vorgestellt ?"}]},{"@type":"WebSite","@id":"https:\/\/www.deskmodder.de\/blog\/#website","url":"https:\/\/www.deskmodder.de\/blog\/","name":"Deskmodder.de","description":"News zum Thema Microsoft, Windows 11 \/ 10, sowie anderen Neuigkeiten aus dem Netz, viele Tipps und individuelle Hilfe bei Problemen in unserem Forum \u25cf Deskmodder - seit 2003","publisher":{"@id":"https:\/\/www.deskmodder.de\/blog\/#organization"},"potentialAction":[{"@type":"SearchAction","target":{"@type":"EntryPoint","urlTemplate":"https:\/\/www.deskmodder.de\/blog\/?s={search_term_string}"},"query-input":{"@type":"PropertyValueSpecification","valueRequired":true,"valueName":"search_term_string"}}],"inLanguage":"de"},{"@type":"Organization","@id":"https:\/\/www.deskmodder.de\/blog\/#organization","name":"Deskmodder","url":"https:\/\/www.deskmodder.de\/blog\/","logo":{"@type":"ImageObject","inLanguage":"de","@id":"https:\/\/www.deskmodder.de\/blog\/#\/schema\/logo\/image\/","url":"https:\/\/www.deskmodder.de\/blog\/wp-content\/uploads\/2019\/01\/deskmodder-logo-app.png","contentUrl":"https:\/\/www.deskmodder.de\/blog\/wp-content\/uploads\/2019\/01\/deskmodder-logo-app.png","width":281,"height":286,"caption":"Deskmodder"},"image":{"@id":"https:\/\/www.deskmodder.de\/blog\/#\/schema\/logo\/image\/"},"sameAs":["https:\/\/www.facebook.com\/Deskmodder","https:\/\/x.com\/Deskmodder","https:\/\/mastodontech.de\/@Deskmodder","https:\/\/www.youtube.com\/user\/deskmodder","https:\/\/mewe.com\/group\/5c83b5231add826fc80cdae1"]},{"@type":"Person","@id":"","url":"https:\/\/www.deskmodder.de\/blog\/author\/"}]}},"jetpack_publicize_connections":[],"jetpack_featured_media_url":"","_links":{"self":[{"href":"https:\/\/www.deskmodder.de\/blog\/wp-json\/wp\/v2\/posts\/17881","targetHints":{"allow":["GET"]}}],"collection":[{"href":"https:\/\/www.deskmodder.de\/blog\/wp-json\/wp\/v2\/posts"}],"about":[{"href":"https:\/\/www.deskmodder.de\/blog\/wp-json\/wp\/v2\/types\/post"}],"author":[{"embeddable":true,"href":"https:\/\/www.deskmodder.de\/blog\/wp-json\/wp\/v2\/users\/1462"}],"replies":[{"embeddable":true,"href":"https:\/\/www.deskmodder.de\/blog\/wp-json\/wp\/v2\/comments?post=17881"}],"version-history":[{"count":0,"href":"https:\/\/www.deskmodder.de\/blog\/wp-json\/wp\/v2\/posts\/17881\/revisions"}],"wp:attachment":[{"href":"https:\/\/www.deskmodder.de\/blog\/wp-json\/wp\/v2\/media?parent=17881"}],"wp:term":[{"taxonomy":"category","embeddable":true,"href":"https:\/\/www.deskmodder.de\/blog\/wp-json\/wp\/v2\/categories?post=17881"},{"taxonomy":"post_tag","embeddable":true,"href":"https:\/\/www.deskmodder.de\/blog\/wp-json\/wp\/v2\/tags?post=17881"}],"curies":[{"name":"wp","href":"https:\/\/api.w.org\/{rel}","templated":true}]}}