{"id":178177,"date":"2023-05-16T10:27:30","date_gmt":"2023-05-16T08:27:30","guid":{"rendered":"https:\/\/www.deskmodder.de\/blog\/?p=178177"},"modified":"2023-05-16T10:28:35","modified_gmt":"2023-05-16T08:28:35","slug":"avm-kuendigt-fritzbox-6670-fuer-den-kabelanschluss-an","status":"publish","type":"post","link":"https:\/\/www.deskmodder.de\/blog\/2023\/05\/16\/avm-kuendigt-fritzbox-6670-fuer-den-kabelanschluss-an\/","title":{"rendered":"AVM k\u00fcndigt FRITZ!Box 6670 f\u00fcr den Kabelanschluss an"},"content":{"rendered":"<p>\u00dcberraschend <a href=\"https:\/\/avm.de\/presse\/presseinformationen\/2023\/05\/fuer-glasfaser-kabel-und-dsl-fritzbox-bringt-wi-fi-7-triband-mesh-und-smart-home-an-den-breitbandanschluss\/\" target=\"_blank\" rel=\"noopener\">k\u00fcndigt<\/a> AVM heute eine neue FRITZ!Box f\u00fcr den Kabelbereich an und stellt diese auf der ANGA COM 2023 vor. Die Kabelbox erg\u00e4nzt das neue WiFi 7-Portfolio und reiht sich neben der FRITZ!Box 5690 Pro und der FRITZ!Box 5690 XGS ein.<\/p>\n<figure id=\"attachment_178178\" aria-describedby=\"caption-attachment-178178\" style=\"width: 306px\" class=\"wp-caption aligncenter\"><a href=\"https:\/\/www.deskmodder.de\/blog\/wp-content\/uploads\/2023\/05\/avm-anga-com-2023-scaled.jpg\" rel=\"lightbox[178177]\"><img loading=\"lazy\" decoding=\"async\" class=\"size-thumbnail wp-image-178178\" src=\"https:\/\/www.deskmodder.de\/blog\/wp-content\/uploads\/2023\/05\/avm-anga-com-2023-306x205.jpg\" alt=\"\" width=\"306\" height=\"205\" srcset=\"https:\/\/www.deskmodder.de\/blog\/wp-content\/uploads\/2023\/05\/avm-anga-com-2023-306x205.jpg 306w, https:\/\/www.deskmodder.de\/blog\/wp-content\/uploads\/2023\/05\/avm-anga-com-2023-500x333.jpg 500w, https:\/\/www.deskmodder.de\/blog\/wp-content\/uploads\/2023\/05\/avm-anga-com-2023-810x540.jpg 810w, https:\/\/www.deskmodder.de\/blog\/wp-content\/uploads\/2023\/05\/avm-anga-com-2023-1536x1024.jpg 1536w, https:\/\/www.deskmodder.de\/blog\/wp-content\/uploads\/2023\/05\/avm-anga-com-2023-2048x1365.jpg 2048w\" sizes=\"auto, (max-width: 306px) 100vw, 306px\" \/><\/a><figcaption id=\"caption-attachment-178178\" class=\"wp-caption-text\">FRITZ!Box 6670 und 6690<\/figcaption><\/figure>\n<h3>FRITZ!Box 6670:<\/h3>\n<ul>\n<li>DOCSIS-3.1-Router f\u00fcr Internet am Kabelanschluss<\/li>\n<li>Kanalb\u00fcndelung mit 2&#215;2 OFDM(A) und 32&#215;8 SC-QAM<\/li>\n<li>WLAN Mesh, 2&#215;2, Wi-Fi 7 und Wi-Fi 6<\/li>\n<li>WLAN-Geschwindigkeiten: 2,4 GHz: bis zu 720 MBit\/s, 5 GHz: bis zu 2.880 MBit\/s,<\/li>\n<li>1x 2,5-Gigabit-LAN\/WAN-Anschluss und 4 LAN-Anschl\u00fcsse mit 1 GBit\/s<\/li>\n<li>Telefonie \u00fcber DECT, IP\/SIP und 1 analogen Telefonanschluss (FXS)<\/li>\n<li>Integrierter TV-Tuner zum Streamen des Fernsehsignals im Heimnetz<\/li>\n<li>Smart Home \u00fcber DECT ULE und Zigbee, Matter in Vorbereitung<\/li>\n<li>FRITZ!OS mit Kindersicherung, Mediaserver, FRITZ!NAS, WLAN-Gastzugang u. v. m.<\/li>\n<li>1x USB 2.0 f\u00fcr Mobilfunksticks (5G\/4G) sowie Speichermedien und Drucker<\/li>\n<\/ul>\n<p>Auf der Breitbandmesse in K\u00f6ln feiert die Box heute Premiere und wird zusammen mit der FRITZ!Box 6690 live vorgef\u00fchrt. Preis und Verf\u00fcgbarkeit der neuen Box sind noch nicht bekannt. Wir werden diese Informationen nachreichen.<\/p>\n","protected":false},"excerpt":{"rendered":"<p>\u00dcberraschend k\u00fcndigt AVM heute eine neue FRITZ!Box f\u00fcr den Kabelbereich an und stellt diese auf der ANGA COM 2023 vor. Die Kabelbox erg\u00e4nzt das neue WiFi 7-Portfolio und reiht sich neben der FRITZ!Box 5690 Pro und der FRITZ!Box 5690 XGS&hellip; <\/p>\n","protected":false},"author":4849,"featured_media":178178,"comment_status":"open","ping_status":"open","sticky":false,"template":"","format":"standard","meta":{"jetpack_post_was_ever_published":false,"footnotes":"","jetpack_publicize_message":"","jetpack_publicize_feature_enabled":true,"jetpack_social_post_already_shared":false,"jetpack_social_options":{"image_generator_settings":{"template":"highway","default_image_id":0,"font":"","enabled":false},"version":2}},"categories":[1],"tags":[2543,3449,83579,85874],"class_list":["post-178177","post","type-post","status-publish","format-standard","has-post-thumbnail","hentry","category-allgemein","tag-avm","tag-fritzbox","tag-fritzbox-6690","tag-kabel-fritzbox-6670"],"wp_featured_image":{"id":178178,"alt_text":"","description":"","media_type":"image","media_details":{"width":2560,"height":1707,"file":"2023\/05\/avm-anga-com-2023-scaled.jpg","filesize":287071,"sizes":{"medium":{"file":"avm-anga-com-2023-500x333.jpg","width":500,"height":333,"mime-type":"image\/jpeg","filesize":49502,"source_url":"https:\/\/www.deskmodder.de\/blog\/wp-content\/uploads\/2023\/05\/avm-anga-com-2023-500x333.jpg"},"large":{"file":"avm-anga-com-2023-810x540.jpg","width":810,"height":540,"mime-type":"image\/jpeg","filesize":79953,"source_url":"https:\/\/www.deskmodder.de\/blog\/wp-content\/uploads\/2023\/05\/avm-anga-com-2023-810x540.jpg"},"thumbnail":{"file":"avm-anga-com-2023-306x205.jpg","width":306,"height":205,"mime-type":"image\/jpeg","filesize":34359,"source_url":"https:\/\/www.deskmodder.de\/blog\/wp-content\/uploads\/2023\/05\/avm-anga-com-2023-306x205.jpg"},"1536x1536":{"file":"avm-anga-com-2023-1536x1024.jpg","width":1536,"height":1024,"mime-type":"image\/jpeg","filesize":155398,"source_url":"https:\/\/www.deskmodder.de\/blog\/wp-content\/uploads\/2023\/05\/avm-anga-com-2023-1536x1024.jpg"},"2048x2048":{"file":"avm-anga-com-2023-2048x1365.jpg","width":2048,"height":1365,"mime-type":"image\/jpeg","filesize":219334,"source_url":"https:\/\/www.deskmodder.de\/blog\/wp-content\/uploads\/2023\/05\/avm-anga-com-2023-2048x1365.jpg"},"blog-large":{"file":"avm-anga-com-2023-642x300.jpg","width":642,"height":300,"mime-type":"image\/jpeg","filesize":48907,"source_url":"https:\/\/www.deskmodder.de\/blog\/wp-content\/uploads\/2023\/05\/avm-anga-com-2023-642x300.jpg"},"blog-medium":{"file":"avm-anga-com-2023-306x205.jpg","width":306,"height":205,"mime-type":"image\/jpeg","filesize":34456,"source_url":"https:\/\/www.deskmodder.de\/blog\/wp-content\/uploads\/2023\/05\/avm-anga-com-2023-306x205.jpg"},"recent-thumb":{"file":"avm-anga-com-2023-350x316.jpg","width":350,"height":316,"mime-type":"image\/jpeg","filesize":43247,"source_url":"https:\/\/www.deskmodder.de\/blog\/wp-content\/uploads\/2023\/05\/avm-anga-com-2023-350x316.jpg"},"service-featured":{"file":"avm-anga-com-2023-600x330.jpg","width":600,"height":330,"mime-type":"image\/jpeg","filesize":57182,"source_url":"https:\/\/www.deskmodder.de\/blog\/wp-content\/uploads\/2023\/05\/avm-anga-com-2023-600x330.jpg"}},"image_meta":{"aperture":"0","credit":"AVM GmbH","camera":"","caption":"","created_timestamp":"-62167219200","copyright":"\u00a9 AVM GmbH. Die Verwendung dieses Bildes ist f\u00fcr redaktionelle Zwecke honorarfrei. Verwendbar bis 05\/2026.\r\u00a9 AVM GmbH. Use of","focal_length":"0","iso":"0","shutter_speed":"0","title":"AVM auf der ANGA COM 2023","orientation":"1","keywords":["ANGA COM","FRITZ!","FRITZ!Box","fritzbox","Fritz-box","FRITZ!Box-Modelle","DSL","Fiber","Fibre","Lightspeed","GPON","AON","XGS-PON","LTE","5G","standalone","non-standalone","Cable","Kabelanschluss","Kanalb\u00fcndelung","channel bonding","DOCSIS 3.1","DVB-C-Tuner","All-in-one","Heimnetz","home network","Heimnetzwerk","Heimvernetzung","Netzwerk","Breitbandanschluss","broadband connection","Breitbandtechnologie","Gigabit Ethernet","Netzwerkspeicher","Network Attached Storage","NAS","Gigabit. Wireless","WiFi","WLAN","tri-band","Wi-fi 6E","Wi-Fi 7","11be","4x4","2","4 GHz","6 GHz","2.5 Gbit","s","Smartphone","Tablet","High End","privater Hotspot","WLAN-Gastzugang","Metaverse","Augmented Realty","Realtime","Future","4K-Filme","Live TV","DVB-C Tuner","Telefonie","DECT","DECT base","Telephony","Telefonie","Powerline","MyFRITZ!","VPN","USB 3.1","Firewall","Kindersicherung","parental control","FRITZ!App","FRITZ!OS","Smart Home","Multicast","Gigabit Cable","OFDMA","2","5 Gigabit LAN","Wi-Fi Mesh experience","FXS","Power over Ethernet","Matter","Zigbee 3.0","Light control","sustainable product care","nachhaltiges Produktdesign","Produktpflege"]},"original_image":"avm-anga-com-2023.jpg"},"post":178177,"source_url":"https:\/\/www.deskmodder.de\/blog\/wp-content\/uploads\/2023\/05\/avm-anga-com-2023-scaled.jpg"},"commentcount":22,"wp_comments":[{"id":239294,"parent":0,"author":0,"author_name":"Ertan","author_email":"ertan.sultan@gmail.com","author_url":"","author_avatar_urls":{"24":"https:\/\/secure.gravatar.com\/avatar\/6982c2132573209b1a6c8c49ef46738c50dbb39b0895b426b5d81e0eec6676fe?s=24&d=mm&r=g","48":"https:\/\/secure.gravatar.com\/avatar\/6982c2132573209b1a6c8c49ef46738c50dbb39b0895b426b5d81e0eec6676fe?s=48&d=mm&r=g","96":"https:\/\/secure.gravatar.com\/avatar\/6982c2132573209b1a6c8c49ef46738c50dbb39b0895b426b5d81e0eec6676fe?s=96&d=mm&r=g"},"date":"2023-05-16T11:10:19","cld_nonce":"a2168cecf9","content":{"rendered":"<p>Mit WiFi 7?! Also noch mindestens vier Jahre warten, bis das Ger\u00e4t auf den Markt kommt. AVM sind nicht die Schnellsten.<\/p>\n"},"status":"1"},{"id":239295,"parent":0,"author":0,"author_name":"Rainbird-1","author_email":"rainbird-1@gmx.de","author_url":"","author_avatar_urls":{"24":"https:\/\/secure.gravatar.com\/avatar\/0050aa3499751080663bda27c14bb259f107c0299e16df68aa2721a2bd29e1db?s=24&d=mm&r=g","48":"https:\/\/secure.gravatar.com\/avatar\/0050aa3499751080663bda27c14bb259f107c0299e16df68aa2721a2bd29e1db?s=48&d=mm&r=g","96":"https:\/\/secure.gravatar.com\/avatar\/0050aa3499751080663bda27c14bb259f107c0299e16df68aa2721a2bd29e1db?s=96&d=mm&r=g"},"date":"2023-05-16T11:13:32","cld_nonce":"a2168cecf9","content":{"rendered":"<p>Fehler auf der Zielgeraden. Zwar WiFi 7 jedoch wieder 2&#215;2.<br \/>\nIch verstehe nicht, warum Sie den Markt immer wieder mit solchen &#8222;kastrierten&#8220; Boxen fluten.<br \/>\nIch hoffe dass eine XX90 folgt, welche auch wieder 4&#215;4 bietet und aktuellen WiFi Standard.<\/p>\n"},"status":"1"},{"id":239298,"parent":0,"author":0,"author_name":"ToBack","author_email":"thomas.backe@gmx.de","author_url":"","author_avatar_urls":{"24":"https:\/\/secure.gravatar.com\/avatar\/a83b7da0a09f08059a3c0abbfccb6686f64c770a7e8d003d777fa369ba258ec3?s=24&d=mm&r=g","48":"https:\/\/secure.gravatar.com\/avatar\/a83b7da0a09f08059a3c0abbfccb6686f64c770a7e8d003d777fa369ba258ec3?s=48&d=mm&r=g","96":"https:\/\/secure.gravatar.com\/avatar\/a83b7da0a09f08059a3c0abbfccb6686f64c770a7e8d003d777fa369ba258ec3?s=96&d=mm&r=g"},"date":"2023-05-16T12:34:18","cld_nonce":"a2168cecf9","content":{"rendered":"<p>USB 2.0!<\/p>\n"},"status":"1"},{"id":239299,"parent":239298,"author":0,"author_name":"Thodem","author_email":"Thodem45245645894@gmail.com","author_url":"","author_avatar_urls":{"24":"https:\/\/secure.gravatar.com\/avatar\/1eb84358da49ea6318220c1cb70f6457226b0fadc7799f5e6cef500e55377a81?s=24&d=mm&r=g","48":"https:\/\/secure.gravatar.com\/avatar\/1eb84358da49ea6318220c1cb70f6457226b0fadc7799f5e6cef500e55377a81?s=48&d=mm&r=g","96":"https:\/\/secure.gravatar.com\/avatar\/1eb84358da49ea6318220c1cb70f6457226b0fadc7799f5e6cef500e55377a81?s=96&d=mm&r=g"},"date":"2023-05-16T12:41:14","cld_nonce":"a2168cecf9","content":{"rendered":"<p>dir ist scheinbar nicht bewusst das USB3 Frequenzen erzeugt die WLAN st\u00f6ren und es daher eh auf USB2 runtergeschaltet werden muss. Und das ist KEIN AVM spezifisches Problem!.<br \/>\n<a href=\"https:\/\/avm.de\/service\/wissensdatenbank\/dok\/FRITZ-Box-7590\/1636_WLAN-oder-DECT-Storungen-bei-angeschlossenem-USB-3-0-Gerat\/\" rel=\"nofollow ugc\">https:\/\/avm.de\/service\/wissensdatenbank\/dok\/FRITZ-Box-7590\/1636_WLAN-oder-DECT-Storungen-bei-angeschlossenem-USB-3-0-Gerat\/<\/a><\/p>\n<p>Au\u00dferdem ist USB3 auf Routern meist eh nicht wirklich schneller als USB2 da die CPU Leistung nicht ausreicht, ein Router ist kein NAS.<\/p>\n"},"status":"1"},{"id":239300,"parent":0,"author":0,"author_name":"Rainbird-1","author_email":"rainbird-1@gmx.de","author_url":"","author_avatar_urls":{"24":"https:\/\/secure.gravatar.com\/avatar\/0050aa3499751080663bda27c14bb259f107c0299e16df68aa2721a2bd29e1db?s=24&d=mm&r=g","48":"https:\/\/secure.gravatar.com\/avatar\/0050aa3499751080663bda27c14bb259f107c0299e16df68aa2721a2bd29e1db?s=48&d=mm&r=g","96":"https:\/\/secure.gravatar.com\/avatar\/0050aa3499751080663bda27c14bb259f107c0299e16df68aa2721a2bd29e1db?s=96&d=mm&r=g"},"date":"2023-05-16T12:46:48","cld_nonce":"a2168cecf9","content":{"rendered":"<p>Dies kann man den Kunden aber auch alleine entscheiden lassen. Denn die Einstellm\u00f6glichkeit ist in der Box vorhanden und zudem ab Werk gedrosselt, also ist die St\u00f6rungsfreiheit ja gew\u00e4hrleistet. Wenn ich jedoch kein USB 3.0 bekomme, dann kann ich auch als Endverbraucher nichts entscheiden.<\/p>\n"},"status":"1"},{"id":239301,"parent":239299,"author":0,"author_name":"ToBack","author_email":"Thomas.Backe@gmx.de","author_url":"","author_avatar_urls":{"24":"https:\/\/secure.gravatar.com\/avatar\/a83b7da0a09f08059a3c0abbfccb6686f64c770a7e8d003d777fa369ba258ec3?s=24&d=mm&r=g","48":"https:\/\/secure.gravatar.com\/avatar\/a83b7da0a09f08059a3c0abbfccb6686f64c770a7e8d003d777fa369ba258ec3?s=48&d=mm&r=g","96":"https:\/\/secure.gravatar.com\/avatar\/a83b7da0a09f08059a3c0abbfccb6686f64c770a7e8d003d777fa369ba258ec3?s=96&d=mm&r=g"},"date":"2023-05-16T12:57:08","cld_nonce":"a2168cecf9","content":{"rendered":"<p>USB-C und Thunderbolt sind bislang auch nur eher theoretische Produkte: Retro ist in!<\/p>\n"},"status":"1"},{"id":239304,"parent":239300,"author":0,"author_name":"Thodem","author_email":"Thodem5224454@gmail.com","author_url":"","author_avatar_urls":{"24":"https:\/\/secure.gravatar.com\/avatar\/c6e9fb17ab2181925d814afa89cf420efabfe18db6cabbc44c52849ceffc3772?s=24&d=mm&r=g","48":"https:\/\/secure.gravatar.com\/avatar\/c6e9fb17ab2181925d814afa89cf420efabfe18db6cabbc44c52849ceffc3772?s=48&d=mm&r=g","96":"https:\/\/secure.gravatar.com\/avatar\/c6e9fb17ab2181925d814afa89cf420efabfe18db6cabbc44c52849ceffc3772?s=96&d=mm&r=g"},"date":"2023-05-16T14:15:51","cld_nonce":"a2168cecf9","content":{"rendered":"<p>dann hast du als Firma mit den Spezifikationen etwas promoted und Erwartungen geweckt mit etwas das oft nicht sauber funktioniert, das gibt dann wieder \u00e4rger im Support und in den Rezensionen. Ob das so gut ist&#8230;..<\/p>\n"},"status":"1"},{"id":239305,"parent":239304,"author":0,"author_name":"Rainbird-1","author_email":"rainbird-1@gmx.de","author_url":"","author_avatar_urls":{"24":"https:\/\/secure.gravatar.com\/avatar\/0050aa3499751080663bda27c14bb259f107c0299e16df68aa2721a2bd29e1db?s=24&d=mm&r=g","48":"https:\/\/secure.gravatar.com\/avatar\/0050aa3499751080663bda27c14bb259f107c0299e16df68aa2721a2bd29e1db?s=48&d=mm&r=g","96":"https:\/\/secure.gravatar.com\/avatar\/0050aa3499751080663bda27c14bb259f107c0299e16df68aa2721a2bd29e1db?s=96&d=mm&r=g"},"date":"2023-05-16T14:25:42","cld_nonce":"a2168cecf9","content":{"rendered":"<p>Naja aber USB3.0 ist ja bei vielen Fritz!Boxen implementiert und kann auf USB2.0 Geschwindigkeit reduziert werden, bzw. ist dies bereits ab Werk (da w\u00fcrde AVM ja nichts neues machen)! Das d\u00fcrfte bei einer neuen Box kein USB2.0 mehr auftauchen. Verstehe auch nicht, warum jetzt WiFi 7 und dann nur 2&#215;2. Ganz einfach damit man noch ein Flaggschiffmodell nachreichen kann umd wieder Umsatz zu generieren (XX90 Cable). Das Problem ist dann wieder zig Anpassungen in den Labors und eine Entwicklungszeit von Fritz!OS welche uns ja jetzt gezeigt wurde. <\/p>\n<p>Das Problem ist nicht nur USB. Jetzt eine Box zu bringen ist sowieso g\u00e4nzlich schlecht, da DOCSIS4.0 folgen soll. Also wieder auf ein altes Pferd gesetzt. Naja es wird manche wieder geben die das alles sch\u00f6n reden, jedoch verkommt AVM so langsam zu einem v\u00f6llig unsinnigen Produktportfolio, welches immer schwerer zu h\u00e4ndeln wird (siehe auch SmartHome). Zumal auf eingeschr\u00e4nkt verf\u00fcgbare Hardware zur\u00fcckgegriffen werden muss. Man verbaut also so irgendwie was man halt auf dem Markt bekommt. Meine Meinung!<\/p>\n"},"status":"1"},{"id":239306,"parent":0,"author":0,"author_name":"sinnlos_im_netz","author_email":"sinnlos_im_netz@doofian.de","author_url":"","author_avatar_urls":{"24":"https:\/\/secure.gravatar.com\/avatar\/ec81ae19c55e89812abb9a76092e9fb82e83f2a8f711bf569b96b924334a47e6?s=24&d=mm&r=g","48":"https:\/\/secure.gravatar.com\/avatar\/ec81ae19c55e89812abb9a76092e9fb82e83f2a8f711bf569b96b924334a47e6?s=48&d=mm&r=g","96":"https:\/\/secure.gravatar.com\/avatar\/ec81ae19c55e89812abb9a76092e9fb82e83f2a8f711bf569b96b924334a47e6?s=96&d=mm&r=g"},"date":"2023-05-16T14:49:00","cld_nonce":"a2168cecf9","content":{"rendered":"<p>Gibt noch kein fertiges DOCSIS 4.0 in DE das reif ist ausgerollt zu werden, deswegen ist dar\u00fcber zu argumentieren absolut kindisch:<br \/>\n<a href=\"https:\/\/www.golem.de\/news\/doscis-4-0-vodafone-deutschland-testet-10-gbit-s-im-kabelnetz-2211-169819.html\" rel=\"nofollow ugc\">https:\/\/www.golem.de\/news\/doscis-4-0-vodafone-deutschland-testet-10-gbit-s-im-kabelnetz-2211-169819.html<\/a><\/p>\n<p>Wer ~10 Gbit\/s im Wohnhaus(!) braucht ist in der Schweiz ganz gut aufgehoben.<\/p>\n"},"status":"1"},{"id":239308,"parent":239306,"author":0,"author_name":"Rainbird-1","author_email":"rainbird-1@gmx.de","author_url":"","author_avatar_urls":{"24":"https:\/\/secure.gravatar.com\/avatar\/0050aa3499751080663bda27c14bb259f107c0299e16df68aa2721a2bd29e1db?s=24&d=mm&r=g","48":"https:\/\/secure.gravatar.com\/avatar\/0050aa3499751080663bda27c14bb259f107c0299e16df68aa2721a2bd29e1db?s=48&d=mm&r=g","96":"https:\/\/secure.gravatar.com\/avatar\/0050aa3499751080663bda27c14bb259f107c0299e16df68aa2721a2bd29e1db?s=96&d=mm&r=g"},"date":"2023-05-16T15:29:40","cld_nonce":"a2168cecf9","content":{"rendered":"<p>Kindisch, mhh, wie erwachsen&#8230;<br \/>\n&#8230;immer dieses Gest\u00e4nkere in diesem Forum. Meinungen sind verschieden, nur weil jemand es nicht braucht, hei\u00dft es nicht, dass es andere nicht nutzen k\u00f6nnen.<\/p>\n<p>DOCSIS4.0 ist auf 2024\/2025 geplant.<br \/>\nDie 6690 Cable und 6660 Cable decken DOCSIS3.1 ab, warum ne neue Box? -(das muss man sich doch fragen)!<br \/>\nNur wegen WiFi 7? -welche ich dann durch DOCSIS4.0 upgraden muss.<\/p>\n<p>WiFi 7 wie kindisch! Ich habe meist Kabel verlegt. Und die wie viele Ger\u00e4te brauchst Du, die WiFi 7 dann ausreizen?<br \/>\nWie viele Ger\u00e4te &#8222;im Wohnhaus&#8220; reizen dies effektiv aus (unter Ber\u00fccksichtigung des Gleichzeitigkeitsfaktors)?<br \/>\nDann ist alles kindisch, denn in den meisten F\u00e4llen reizt man keine Technik aus.<\/p>\n<p>Und ich w\u00fcrde dies nicht als kindisch abtun, wer 10Gbit\/s nutzen m\u00f6chte der soll es tun!<br \/>\nOb sinnfrei oder nicht, das entscheidet jeder selbst!<\/p>\n"},"status":"1"},{"id":239309,"parent":239306,"author":0,"author_name":"Rainbird-1","author_email":"rainbird-1@gmx.de","author_url":"","author_avatar_urls":{"24":"https:\/\/secure.gravatar.com\/avatar\/0050aa3499751080663bda27c14bb259f107c0299e16df68aa2721a2bd29e1db?s=24&d=mm&r=g","48":"https:\/\/secure.gravatar.com\/avatar\/0050aa3499751080663bda27c14bb259f107c0299e16df68aa2721a2bd29e1db?s=48&d=mm&r=g","96":"https:\/\/secure.gravatar.com\/avatar\/0050aa3499751080663bda27c14bb259f107c0299e16df68aa2721a2bd29e1db?s=96&d=mm&r=g"},"date":"2023-05-16T15:44:10","cld_nonce":"a2168cecf9","content":{"rendered":"<p>noch ein kleiner Nachtrag: der Ausbau auf Glasfaser d\u00fcrfte dann auch kindisch sein, da dieses Medium noch mehr an Bandbreite erreichen d\u00fcrfte als Koaxialkabel zu leisten vermag (wer braucht das)! Trotzdem rennen Millionen Menschen diesem Medium hinterher&#8230;<\/p>\n<p>&#8230;pah alle kindisch! Und ja, bevor dieses Kommentar kommt, mein Verhalten ist gerade kindisch <img src=\"https:\/\/www.deskmodder.de\/blog\/wp-content\/plugins\/classic-smilies\/img\/icon_smile.gif\" alt=\":-)\" class=\"wp-smiley\" \/><\/p>\n<p>Ein Auto mit 60 PS f\u00e4hrt auch von A nach B, warum brauchen manche 300\/400 und noch mehr PS?<br \/>\nAlles &#8222;erwachsene&#8220; Kinder&#8230;<br \/>\n&#8230;nur manche f\u00fchlen sich noch erwachsener als die erwachsenen Kinder.<\/p>\n"},"status":"1"},{"id":239312,"parent":239306,"author":0,"author_name":"Harald M.","author_email":"harald.meinhardt@t-online.de","author_url":"","author_avatar_urls":{"24":"https:\/\/secure.gravatar.com\/avatar\/a92ee4826236aa667905fcbcfdf89c93dd728b4a7e34d29a9c673142801adb4d?s=24&d=mm&r=g","48":"https:\/\/secure.gravatar.com\/avatar\/a92ee4826236aa667905fcbcfdf89c93dd728b4a7e34d29a9c673142801adb4d?s=48&d=mm&r=g","96":"https:\/\/secure.gravatar.com\/avatar\/a92ee4826236aa667905fcbcfdf89c93dd728b4a7e34d29a9c673142801adb4d?s=96&d=mm&r=g"},"date":"2023-05-16T16:04:22","cld_nonce":"a2168cecf9","content":{"rendered":"<p><code>deskmodder.de##cite[class=\"fn\"]:has-text(Rainbird-1):upward(3)<\/code><br \/>\nIch l\u00f6se das mittlerweile in uBlock Origin.<\/p>\n"},"status":"1"},{"id":239319,"parent":239312,"author":0,"author_name":"Fritz","author_email":"fh1822@vivaldi.net","author_url":"","author_avatar_urls":{"24":"https:\/\/secure.gravatar.com\/avatar\/b387e8b24f638019dd1b978f21fc79f455ceaad374cd87f703298d289a26a4b0?s=24&d=mm&r=g","48":"https:\/\/secure.gravatar.com\/avatar\/b387e8b24f638019dd1b978f21fc79f455ceaad374cd87f703298d289a26a4b0?s=48&d=mm&r=g","96":"https:\/\/secure.gravatar.com\/avatar\/b387e8b24f638019dd1b978f21fc79f455ceaad374cd87f703298d289a26a4b0?s=96&d=mm&r=g"},"date":"2023-05-16T18:10:52","cld_nonce":"a2168cecf9","content":{"rendered":"<p>@Harald M: DANKE f\u00fcr den Tip! Endlich Ruhe vor R&#8230;<\/p>\n"},"status":"1"},{"id":239331,"parent":0,"author":0,"author_name":"juh","author_email":"uunu@web.de","author_url":"","author_avatar_urls":{"24":"https:\/\/secure.gravatar.com\/avatar\/1ee57c97480849d0da25d2a3043bc5241b929b9b26d2f6943f846bc1d643e21d?s=24&d=mm&r=g","48":"https:\/\/secure.gravatar.com\/avatar\/1ee57c97480849d0da25d2a3043bc5241b929b9b26d2f6943f846bc1d643e21d?s=48&d=mm&r=g","96":"https:\/\/secure.gravatar.com\/avatar\/1ee57c97480849d0da25d2a3043bc5241b929b9b26d2f6943f846bc1d643e21d?s=96&d=mm&r=g"},"date":"2023-05-16T19:54:35","cld_nonce":"a2168cecf9","content":{"rendered":"<p>die box soll im laufe 2023 ausgeliefert werden..warum denn nun diese box noch auf den markt geworfen werden soll ist fraglich..wenn es doch bald docsis 4 gibt..?!?<br \/>\nzumal diese box unter der 6690 zuzuordnen ist..<\/p>\n"},"status":"1"},{"id":239333,"parent":239299,"author":6555,"author_name":"Unbreakable44","author_email":"sascha.renneberg@gmx.de","author_url":"","author_avatar_urls":{"24":"https:\/\/secure.gravatar.com\/avatar\/102ef2b6fcfdbf073835e881a4a94f7e888aee6f04c516edfce9463f0ddb667d?s=24&d=mm&r=g","48":"https:\/\/secure.gravatar.com\/avatar\/102ef2b6fcfdbf073835e881a4a94f7e888aee6f04c516edfce9463f0ddb667d?s=48&d=mm&r=g","96":"https:\/\/secure.gravatar.com\/avatar\/102ef2b6fcfdbf073835e881a4a94f7e888aee6f04c516edfce9463f0ddb667d?s=96&d=mm&r=g"},"date":"2023-05-16T21:16:53","cld_nonce":"a2168cecf9","content":{"rendered":"<p>aber fritztbox bietet doch an das man sein NAS via USB ranhaut<\/p>\n"},"status":"1"},{"id":239335,"parent":239312,"author":0,"author_name":"ChiemseeChaot","author_email":"gerusc@web.de","author_url":"","author_avatar_urls":{"24":"https:\/\/secure.gravatar.com\/avatar\/f5983440a9cc4a3967368fdc00dd99ce944d7037ba568e8a7b1117eaceee0f42?s=24&d=mm&r=g","48":"https:\/\/secure.gravatar.com\/avatar\/f5983440a9cc4a3967368fdc00dd99ce944d7037ba568e8a7b1117eaceee0f42?s=48&d=mm&r=g","96":"https:\/\/secure.gravatar.com\/avatar\/f5983440a9cc4a3967368fdc00dd99ce944d7037ba568e8a7b1117eaceee0f42?s=96&d=mm&r=g"},"date":"2023-05-16T21:55:47","cld_nonce":"a2168cecf9","content":{"rendered":"<p>@Harald M.<br \/>\nDanke f\u00fcr die L\u00f6sung!<\/p>\n"},"status":"1"},{"id":239338,"parent":239312,"author":0,"author_name":"Mira Bellenbaum","author_email":"mira.bellenbaum@gmx.net","author_url":"","author_avatar_urls":{"24":"https:\/\/secure.gravatar.com\/avatar\/c60a0cefbcf687e88c3850db7a78ba846e86d0dad6cb5d57bd8810609fc8afbf?s=24&d=mm&r=g","48":"https:\/\/secure.gravatar.com\/avatar\/c60a0cefbcf687e88c3850db7a78ba846e86d0dad6cb5d57bd8810609fc8afbf?s=48&d=mm&r=g","96":"https:\/\/secure.gravatar.com\/avatar\/c60a0cefbcf687e88c3850db7a78ba846e86d0dad6cb5d57bd8810609fc8afbf?s=96&d=mm&r=g"},"date":"2023-05-17T00:45:36","cld_nonce":"a2168cecf9","content":{"rendered":"<p>Cool, und weg ist er.<\/p>\n<p>Das ist doch aber Zensur, oder etwa nicht? Egal.<\/p>\n"},"status":"1"},{"id":239341,"parent":239312,"author":0,"author_name":"Gast","author_email":".@ms.com","author_url":"","author_avatar_urls":{"24":"https:\/\/secure.gravatar.com\/avatar\/adc78ba288580dde8f02c4314d7ef845ac17c1e721e2ea73817330a8be6fa729?s=24&d=mm&r=g","48":"https:\/\/secure.gravatar.com\/avatar\/adc78ba288580dde8f02c4314d7ef845ac17c1e721e2ea73817330a8be6fa729?s=48&d=mm&r=g","96":"https:\/\/secure.gravatar.com\/avatar\/adc78ba288580dde8f02c4314d7ef845ac17c1e721e2ea73817330a8be6fa729?s=96&d=mm&r=g"},"date":"2023-05-17T02:36:53","cld_nonce":"a2168cecf9","content":{"rendered":"<p>&#8222;Ich l\u00f6se das mittlerweile in uBlock Origin.&#8220;<\/p>\n<p>Guter Tipp \ud83d\udc4d- funktioniert aber (genau so) bei Adblock Ultimate <img src=\"https:\/\/www.deskmodder.de\/blog\/wp-content\/plugins\/classic-smilies\/img\/icon_wink.gif\" alt=\";)\" class=\"wp-smiley\" \/><\/p>\n"},"status":"1"},{"id":239349,"parent":239312,"author":0,"author_name":"Busterk","author_email":"josef.wegmann@googlemail.com","author_url":"","author_avatar_urls":{"24":"https:\/\/secure.gravatar.com\/avatar\/9ec838672c59bd7827574d2dc430c7b85e3d5a39604a6cfeb67da2864c4f0d70?s=24&d=mm&r=g","48":"https:\/\/secure.gravatar.com\/avatar\/9ec838672c59bd7827574d2dc430c7b85e3d5a39604a6cfeb67da2864c4f0d70?s=48&d=mm&r=g","96":"https:\/\/secure.gravatar.com\/avatar\/9ec838672c59bd7827574d2dc430c7b85e3d5a39604a6cfeb67da2864c4f0d70?s=96&d=mm&r=g"},"date":"2023-05-17T11:25:04","cld_nonce":"a2168cecf9","content":{"rendered":"<p>Werde ich nicht machen, mich am\u00fcsiert das einfach zu sehr! Der Tip ist aber sehr gut.<\/p>\n"},"status":"1"},{"id":239352,"parent":239304,"author":0,"author_name":"ToBack","author_email":"thomas.backe@gmx.de","author_url":"","author_avatar_urls":{"24":"https:\/\/secure.gravatar.com\/avatar\/a83b7da0a09f08059a3c0abbfccb6686f64c770a7e8d003d777fa369ba258ec3?s=24&d=mm&r=g","48":"https:\/\/secure.gravatar.com\/avatar\/a83b7da0a09f08059a3c0abbfccb6686f64c770a7e8d003d777fa369ba258ec3?s=48&d=mm&r=g","96":"https:\/\/secure.gravatar.com\/avatar\/a83b7da0a09f08059a3c0abbfccb6686f64c770a7e8d003d777fa369ba258ec3?s=96&d=mm&r=g"},"date":"2023-05-17T12:55:13","cld_nonce":"a2168cecf9","content":{"rendered":"<p>Thodem schrieb am 16. Mai 2023 um 14:15 Uhr:<br \/>\n\u201edann hast du als Firma mit den Spezifikationen etwas promoted und Erwartungen geweckt mit etwas das oft nicht sauber funktioniert, das gibt dann wieder \u00e4rger im Support und in den Rezensionen. Ob das so gut ist\u2026\u201c<br \/>\n&#8212;<br \/>\nDie Erwartungen weckt doch AVM, wenn man vollmundig von \u201eNext Generation Home Network\u201c (NGHN) spricht, und der neue Router diese Versprechung nicht halten kann (2&#215;2, USB 2.0, Smart Home DECT ULE\u2026).<br \/>\nUnter Next Generation Home Network verstehe ich etwas anderes als nur die Erweiterung auf Wi-Fi 7.<br \/>\nW\u00e4re vielleicht ein eigenes Thema, welche Technik und Features ihr von einem NGHN erwartet.<br \/>\nDas k\u00f6nnte AVM auch helfen.<\/p>\n"},"status":"1"},{"id":239473,"parent":0,"author":0,"author_name":"Yvi","author_email":"ingeborgmueller1@outlook.de","author_url":"","author_avatar_urls":{"24":"https:\/\/secure.gravatar.com\/avatar\/2e335a96960d7ca18e44fe81b91c4b39009415744895abba70df2e4f13e72d3f?s=24&d=mm&r=g","48":"https:\/\/secure.gravatar.com\/avatar\/2e335a96960d7ca18e44fe81b91c4b39009415744895abba70df2e4f13e72d3f?s=48&d=mm&r=g","96":"https:\/\/secure.gravatar.com\/avatar\/2e335a96960d7ca18e44fe81b91c4b39009415744895abba70df2e4f13e72d3f?s=96&d=mm&r=g"},"date":"2023-05-19T17:51:22","cld_nonce":"a2168cecf9","content":{"rendered":"<p>Noch etwas das Millionen von Neukunden anlockt in dem mit Utopischen Geschwindigkeiten geworben wird. Du bekommst eh nur die gebuchte Geschwindigkeit vom Kabel oder Telefonanbieter rein. Hohe Anschl\u00fcsse k\u00f6nnen sich Normalverbraucher nicht im Monat leisten. Ich habe einen 250 er bei der Telekom und der kostet schon 55 Euro monatlich mit Handy dann 75 Euro also brauch ich das \u00fcberhaupt. Zum Zocken reicht es bei mir und nur Youtuber brauchen einen ziemlich hohen Anschluss, Firmen werden wohl kaum auf Fritzbox umsteigen, die nehmen dann eine masgeschneiderte Buissnesl\u00f6sung. Also immer schnelleres und besser integriertes Wifi \u00fcberfl\u00fcssig.<\/p>\n"},"status":"1"},{"id":239474,"parent":239473,"author":0,"author_name":"Habenichtmehr","author_email":"elvis.kurso@gmail.com","author_url":"","author_avatar_urls":{"24":"https:\/\/secure.gravatar.com\/avatar\/f5e60abf510c79e86cb85f7d07057707dcd83bcc04b26078c1c9ae06634309e0?s=24&d=mm&r=g","48":"https:\/\/secure.gravatar.com\/avatar\/f5e60abf510c79e86cb85f7d07057707dcd83bcc04b26078c1c9ae06634309e0?s=48&d=mm&r=g","96":"https:\/\/secure.gravatar.com\/avatar\/f5e60abf510c79e86cb85f7d07057707dcd83bcc04b26078c1c9ae06634309e0?s=96&d=mm&r=g"},"date":"2023-05-19T17:56:29","cld_nonce":"a2168cecf9","content":{"rendered":"<p>Handy: 20 GB f\u00fcr 8,99 \/ Monat (Drillisch) und 16 MBit DSL 19,99 Euro \/ Monat. Mehr kann ich nicht. Sollte wohl doch St\u00fctze beantrage, wie meine Nachbarn. Die sind so in dritter Generation gl\u00fccklich und bekommen sogar Urlaub bezahlt.<\/p>\n"},"status":"1"}],"wp_author":{"id":4849,"name":"Jonas","description":"Angehender Systemadministrator und technikbegeistert. Lieblingsthemen? Netzwerktechnik und Windows. Anfragen an: jonas@deskmodder.de","author_avatar_urls":{"24":"https:\/\/secure.gravatar.com\/avatar\/7c63b4d53b4b3cb64efbc10c186da49c9a5d422cda908d8a3b5d5e0cd8322634?s=24&d=mm&r=g","48":"https:\/\/secure.gravatar.com\/avatar\/7c63b4d53b4b3cb64efbc10c186da49c9a5d422cda908d8a3b5d5e0cd8322634?s=48&d=mm&r=g","96":"https:\/\/secure.gravatar.com\/avatar\/7c63b4d53b4b3cb64efbc10c186da49c9a5d422cda908d8a3b5d5e0cd8322634?s=96&d=mm&r=g"}},"cld_nonce":"a2168cecf9","yoast_head":"<!-- This site is optimized with the Yoast SEO Premium plugin v27.4 (Yoast SEO v27.4) - https:\/\/yoast.com\/product\/yoast-seo-premium-wordpress\/ -->\n<title>AVM k\u00fcndigt FRITZ!Box 6670 f\u00fcr den Kabelanschluss an - Deskmodder.de<\/title>\n<meta name=\"description\" content=\"AVM k\u00fcndigt \u00fcberraschenderweise die neue FRITZ!Box 6670 mit WiFi 7 an. Alle informationen hier im \u00dcberblick.\" \/>\n<meta name=\"robots\" content=\"index, follow, max-snippet:-1, max-image-preview:large, max-video-preview:-1\" \/>\n<link rel=\"canonical\" href=\"https:\/\/www.deskmodder.de\/blog\/2023\/05\/16\/avm-kuendigt-fritzbox-6670-fuer-den-kabelanschluss-an\/\" \/>\n<meta property=\"og:locale\" content=\"de_DE\" \/>\n<meta property=\"og:type\" content=\"article\" \/>\n<meta property=\"og:title\" content=\"AVM k\u00fcndigt FRITZ!Box 6670 f\u00fcr den Kabelanschluss an\" \/>\n<meta property=\"og:description\" content=\"AVM k\u00fcndigt \u00fcberraschenderweise die neue FRITZ!Box 6670 mit WiFi 7 an. Alle informationen hier im \u00dcberblick.\" \/>\n<meta property=\"og:url\" content=\"https:\/\/www.deskmodder.de\/blog\/2023\/05\/16\/avm-kuendigt-fritzbox-6670-fuer-den-kabelanschluss-an\/\" \/>\n<meta property=\"og:site_name\" content=\"Deskmodder.de\" \/>\n<meta property=\"article:publisher\" content=\"https:\/\/www.facebook.com\/Deskmodder\" \/>\n<meta property=\"article:published_time\" content=\"2023-05-16T08:27:30+00:00\" \/>\n<meta property=\"article:modified_time\" content=\"2023-05-16T08:28:35+00:00\" \/>\n<meta property=\"og:image\" content=\"https:\/\/www.deskmodder.de\/blog\/wp-content\/uploads\/2023\/05\/avm-anga-com-2023-scaled.jpg\" \/>\n\t<meta property=\"og:image:width\" content=\"2560\" \/>\n\t<meta property=\"og:image:height\" content=\"1707\" \/>\n\t<meta property=\"og:image:type\" content=\"image\/jpeg\" \/>\n<meta name=\"author\" content=\"Jonas\" \/>\n<meta name=\"twitter:card\" content=\"summary_large_image\" \/>\n<meta name=\"twitter:creator\" content=\"@jonasinfarbe\" \/>\n<meta name=\"twitter:site\" content=\"@Deskmodder\" \/>\n<script type=\"application\/ld+json\" class=\"yoast-schema-graph\">{\"@context\":\"https:\\\/\\\/schema.org\",\"@graph\":[{\"@type\":\"Article\",\"@id\":\"https:\\\/\\\/www.deskmodder.de\\\/blog\\\/2023\\\/05\\\/16\\\/avm-kuendigt-fritzbox-6670-fuer-den-kabelanschluss-an\\\/#article\",\"isPartOf\":{\"@id\":\"https:\\\/\\\/www.deskmodder.de\\\/blog\\\/2023\\\/05\\\/16\\\/avm-kuendigt-fritzbox-6670-fuer-den-kabelanschluss-an\\\/\"},\"author\":{\"name\":\"Jonas\",\"@id\":\"https:\\\/\\\/www.deskmodder.de\\\/blog\\\/#\\\/schema\\\/person\\\/687624f6860c8c88f71df1200fc24b44\"},\"headline\":\"AVM k\u00fcndigt FRITZ!Box 6670 f\u00fcr den Kabelanschluss an\",\"datePublished\":\"2023-05-16T08:27:30+00:00\",\"dateModified\":\"2023-05-16T08:28:35+00:00\",\"mainEntityOfPage\":{\"@id\":\"https:\\\/\\\/www.deskmodder.de\\\/blog\\\/2023\\\/05\\\/16\\\/avm-kuendigt-fritzbox-6670-fuer-den-kabelanschluss-an\\\/\"},\"wordCount\":194,\"commentCount\":22,\"publisher\":{\"@id\":\"https:\\\/\\\/www.deskmodder.de\\\/blog\\\/#organization\"},\"image\":{\"@id\":\"https:\\\/\\\/www.deskmodder.de\\\/blog\\\/2023\\\/05\\\/16\\\/avm-kuendigt-fritzbox-6670-fuer-den-kabelanschluss-an\\\/#primaryimage\"},\"thumbnailUrl\":\"https:\\\/\\\/www.deskmodder.de\\\/blog\\\/wp-content\\\/uploads\\\/2023\\\/05\\\/avm-anga-com-2023-scaled.jpg\",\"keywords\":[\"AVM\",\"Fritz!Box\",\"FRITZ!Box 6690\",\"Kabel fritzbox 6670\"],\"inLanguage\":\"de\",\"potentialAction\":[{\"@type\":\"CommentAction\",\"name\":\"Comment\",\"target\":[\"https:\\\/\\\/www.deskmodder.de\\\/blog\\\/2023\\\/05\\\/16\\\/avm-kuendigt-fritzbox-6670-fuer-den-kabelanschluss-an\\\/#respond\"]}],\"copyrightYear\":\"2023\",\"copyrightHolder\":{\"@id\":\"https:\\\/\\\/www.deskmodder.de\\\/blog\\\/#organization\"}},{\"@type\":\"WebPage\",\"@id\":\"https:\\\/\\\/www.deskmodder.de\\\/blog\\\/2023\\\/05\\\/16\\\/avm-kuendigt-fritzbox-6670-fuer-den-kabelanschluss-an\\\/\",\"url\":\"https:\\\/\\\/www.deskmodder.de\\\/blog\\\/2023\\\/05\\\/16\\\/avm-kuendigt-fritzbox-6670-fuer-den-kabelanschluss-an\\\/\",\"name\":\"AVM k\u00fcndigt FRITZ!Box 6670 f\u00fcr den Kabelanschluss an - Deskmodder.de\",\"isPartOf\":{\"@id\":\"https:\\\/\\\/www.deskmodder.de\\\/blog\\\/#website\"},\"primaryImageOfPage\":{\"@id\":\"https:\\\/\\\/www.deskmodder.de\\\/blog\\\/2023\\\/05\\\/16\\\/avm-kuendigt-fritzbox-6670-fuer-den-kabelanschluss-an\\\/#primaryimage\"},\"image\":{\"@id\":\"https:\\\/\\\/www.deskmodder.de\\\/blog\\\/2023\\\/05\\\/16\\\/avm-kuendigt-fritzbox-6670-fuer-den-kabelanschluss-an\\\/#primaryimage\"},\"thumbnailUrl\":\"https:\\\/\\\/www.deskmodder.de\\\/blog\\\/wp-content\\\/uploads\\\/2023\\\/05\\\/avm-anga-com-2023-scaled.jpg\",\"datePublished\":\"2023-05-16T08:27:30+00:00\",\"dateModified\":\"2023-05-16T08:28:35+00:00\",\"description\":\"AVM k\u00fcndigt \u00fcberraschenderweise die neue FRITZ!Box 6670 mit WiFi 7 an. Alle informationen hier im \u00dcberblick.\",\"breadcrumb\":{\"@id\":\"https:\\\/\\\/www.deskmodder.de\\\/blog\\\/2023\\\/05\\\/16\\\/avm-kuendigt-fritzbox-6670-fuer-den-kabelanschluss-an\\\/#breadcrumb\"},\"inLanguage\":\"de\",\"potentialAction\":[{\"@type\":\"ReadAction\",\"target\":[\"https:\\\/\\\/www.deskmodder.de\\\/blog\\\/2023\\\/05\\\/16\\\/avm-kuendigt-fritzbox-6670-fuer-den-kabelanschluss-an\\\/\"]}]},{\"@type\":\"ImageObject\",\"inLanguage\":\"de\",\"@id\":\"https:\\\/\\\/www.deskmodder.de\\\/blog\\\/2023\\\/05\\\/16\\\/avm-kuendigt-fritzbox-6670-fuer-den-kabelanschluss-an\\\/#primaryimage\",\"url\":\"https:\\\/\\\/www.deskmodder.de\\\/blog\\\/wp-content\\\/uploads\\\/2023\\\/05\\\/avm-anga-com-2023-scaled.jpg\",\"contentUrl\":\"https:\\\/\\\/www.deskmodder.de\\\/blog\\\/wp-content\\\/uploads\\\/2023\\\/05\\\/avm-anga-com-2023-scaled.jpg\",\"width\":2560,\"height\":1707,\"caption\":\"FRITZ!Box 6670 und 6690\"},{\"@type\":\"BreadcrumbList\",\"@id\":\"https:\\\/\\\/www.deskmodder.de\\\/blog\\\/2023\\\/05\\\/16\\\/avm-kuendigt-fritzbox-6670-fuer-den-kabelanschluss-an\\\/#breadcrumb\",\"itemListElement\":[{\"@type\":\"ListItem\",\"position\":1,\"name\":\"Startseite\",\"item\":\"https:\\\/\\\/www.deskmodder.de\\\/blog\\\/\"},{\"@type\":\"ListItem\",\"position\":2,\"name\":\"AVM k\u00fcndigt FRITZ!Box 6670 f\u00fcr den Kabelanschluss an\"}]},{\"@type\":\"WebSite\",\"@id\":\"https:\\\/\\\/www.deskmodder.de\\\/blog\\\/#website\",\"url\":\"https:\\\/\\\/www.deskmodder.de\\\/blog\\\/\",\"name\":\"Deskmodder.de\",\"description\":\"News zum Thema Microsoft, Windows 11 \\\/ 10, sowie anderen Neuigkeiten aus dem Netz, viele Tipps und individuelle Hilfe bei Problemen in unserem Forum \u25cf Deskmodder - seit 2003\",\"publisher\":{\"@id\":\"https:\\\/\\\/www.deskmodder.de\\\/blog\\\/#organization\"},\"potentialAction\":[{\"@type\":\"SearchAction\",\"target\":{\"@type\":\"EntryPoint\",\"urlTemplate\":\"https:\\\/\\\/www.deskmodder.de\\\/blog\\\/?s={search_term_string}\"},\"query-input\":{\"@type\":\"PropertyValueSpecification\",\"valueRequired\":true,\"valueName\":\"search_term_string\"}}],\"inLanguage\":\"de\"},{\"@type\":\"Organization\",\"@id\":\"https:\\\/\\\/www.deskmodder.de\\\/blog\\\/#organization\",\"name\":\"Deskmodder\",\"url\":\"https:\\\/\\\/www.deskmodder.de\\\/blog\\\/\",\"logo\":{\"@type\":\"ImageObject\",\"inLanguage\":\"de\",\"@id\":\"https:\\\/\\\/www.deskmodder.de\\\/blog\\\/#\\\/schema\\\/logo\\\/image\\\/\",\"url\":\"https:\\\/\\\/www.deskmodder.de\\\/blog\\\/wp-content\\\/uploads\\\/2019\\\/01\\\/deskmodder-logo-app.png\",\"contentUrl\":\"https:\\\/\\\/www.deskmodder.de\\\/blog\\\/wp-content\\\/uploads\\\/2019\\\/01\\\/deskmodder-logo-app.png\",\"width\":281,\"height\":286,\"caption\":\"Deskmodder\"},\"image\":{\"@id\":\"https:\\\/\\\/www.deskmodder.de\\\/blog\\\/#\\\/schema\\\/logo\\\/image\\\/\"},\"sameAs\":[\"https:\\\/\\\/www.facebook.com\\\/Deskmodder\",\"https:\\\/\\\/x.com\\\/Deskmodder\",\"https:\\\/\\\/mastodontech.de\\\/@Deskmodder\",\"https:\\\/\\\/www.youtube.com\\\/user\\\/deskmodder\",\"https:\\\/\\\/mewe.com\\\/group\\\/5c83b5231add826fc80cdae1\"]},{\"@type\":\"Person\",\"@id\":\"https:\\\/\\\/www.deskmodder.de\\\/blog\\\/#\\\/schema\\\/person\\\/687624f6860c8c88f71df1200fc24b44\",\"name\":\"Jonas\",\"image\":{\"@type\":\"ImageObject\",\"inLanguage\":\"de\",\"@id\":\"https:\\\/\\\/secure.gravatar.com\\\/avatar\\\/7c63b4d53b4b3cb64efbc10c186da49c9a5d422cda908d8a3b5d5e0cd8322634?s=96&d=mm&r=g\",\"url\":\"https:\\\/\\\/secure.gravatar.com\\\/avatar\\\/7c63b4d53b4b3cb64efbc10c186da49c9a5d422cda908d8a3b5d5e0cd8322634?s=96&d=mm&r=g\",\"contentUrl\":\"https:\\\/\\\/secure.gravatar.com\\\/avatar\\\/7c63b4d53b4b3cb64efbc10c186da49c9a5d422cda908d8a3b5d5e0cd8322634?s=96&d=mm&r=g\",\"caption\":\"Jonas\"},\"description\":\"Angehender Systemadministrator und technikbegeistert. Lieblingsthemen? Netzwerktechnik und Windows. Anfragen an: jonas@deskmodder.de\",\"sameAs\":[\"https:\\\/\\\/x.com\\\/jonasinfarbe\",\"https:\\\/\\\/www.youtube.com\\\/channel\\\/UCwBwNTIXW94vTH2NZJWfETA\"],\"url\":\"https:\\\/\\\/www.deskmodder.de\\\/blog\\\/author\\\/jonas\\\/\"}]}<\/script>\n<!-- \/ Yoast SEO Premium plugin. -->","yoast_head_json":{"title":"AVM k\u00fcndigt FRITZ!Box 6670 f\u00fcr den Kabelanschluss an - Deskmodder.de","description":"AVM k\u00fcndigt \u00fcberraschenderweise die neue FRITZ!Box 6670 mit WiFi 7 an. Alle informationen hier im \u00dcberblick.","robots":{"index":"index","follow":"follow","max-snippet":"max-snippet:-1","max-image-preview":"max-image-preview:large","max-video-preview":"max-video-preview:-1"},"canonical":"https:\/\/www.deskmodder.de\/blog\/2023\/05\/16\/avm-kuendigt-fritzbox-6670-fuer-den-kabelanschluss-an\/","og_locale":"de_DE","og_type":"article","og_title":"AVM k\u00fcndigt FRITZ!Box 6670 f\u00fcr den Kabelanschluss an","og_description":"AVM k\u00fcndigt \u00fcberraschenderweise die neue FRITZ!Box 6670 mit WiFi 7 an. Alle informationen hier im \u00dcberblick.","og_url":"https:\/\/www.deskmodder.de\/blog\/2023\/05\/16\/avm-kuendigt-fritzbox-6670-fuer-den-kabelanschluss-an\/","og_site_name":"Deskmodder.de","article_publisher":"https:\/\/www.facebook.com\/Deskmodder","article_published_time":"2023-05-16T08:27:30+00:00","article_modified_time":"2023-05-16T08:28:35+00:00","og_image":[{"width":2560,"height":1707,"url":"https:\/\/www.deskmodder.de\/blog\/wp-content\/uploads\/2023\/05\/avm-anga-com-2023-scaled.jpg","type":"image\/jpeg"}],"author":"Jonas","twitter_card":"summary_large_image","twitter_creator":"@jonasinfarbe","twitter_site":"@Deskmodder","schema":{"@context":"https:\/\/schema.org","@graph":[{"@type":"Article","@id":"https:\/\/www.deskmodder.de\/blog\/2023\/05\/16\/avm-kuendigt-fritzbox-6670-fuer-den-kabelanschluss-an\/#article","isPartOf":{"@id":"https:\/\/www.deskmodder.de\/blog\/2023\/05\/16\/avm-kuendigt-fritzbox-6670-fuer-den-kabelanschluss-an\/"},"author":{"name":"Jonas","@id":"https:\/\/www.deskmodder.de\/blog\/#\/schema\/person\/687624f6860c8c88f71df1200fc24b44"},"headline":"AVM k\u00fcndigt FRITZ!Box 6670 f\u00fcr den Kabelanschluss an","datePublished":"2023-05-16T08:27:30+00:00","dateModified":"2023-05-16T08:28:35+00:00","mainEntityOfPage":{"@id":"https:\/\/www.deskmodder.de\/blog\/2023\/05\/16\/avm-kuendigt-fritzbox-6670-fuer-den-kabelanschluss-an\/"},"wordCount":194,"commentCount":22,"publisher":{"@id":"https:\/\/www.deskmodder.de\/blog\/#organization"},"image":{"@id":"https:\/\/www.deskmodder.de\/blog\/2023\/05\/16\/avm-kuendigt-fritzbox-6670-fuer-den-kabelanschluss-an\/#primaryimage"},"thumbnailUrl":"https:\/\/www.deskmodder.de\/blog\/wp-content\/uploads\/2023\/05\/avm-anga-com-2023-scaled.jpg","keywords":["AVM","Fritz!Box","FRITZ!Box 6690","Kabel fritzbox 6670"],"inLanguage":"de","potentialAction":[{"@type":"CommentAction","name":"Comment","target":["https:\/\/www.deskmodder.de\/blog\/2023\/05\/16\/avm-kuendigt-fritzbox-6670-fuer-den-kabelanschluss-an\/#respond"]}],"copyrightYear":"2023","copyrightHolder":{"@id":"https:\/\/www.deskmodder.de\/blog\/#organization"}},{"@type":"WebPage","@id":"https:\/\/www.deskmodder.de\/blog\/2023\/05\/16\/avm-kuendigt-fritzbox-6670-fuer-den-kabelanschluss-an\/","url":"https:\/\/www.deskmodder.de\/blog\/2023\/05\/16\/avm-kuendigt-fritzbox-6670-fuer-den-kabelanschluss-an\/","name":"AVM k\u00fcndigt FRITZ!Box 6670 f\u00fcr den Kabelanschluss an - Deskmodder.de","isPartOf":{"@id":"https:\/\/www.deskmodder.de\/blog\/#website"},"primaryImageOfPage":{"@id":"https:\/\/www.deskmodder.de\/blog\/2023\/05\/16\/avm-kuendigt-fritzbox-6670-fuer-den-kabelanschluss-an\/#primaryimage"},"image":{"@id":"https:\/\/www.deskmodder.de\/blog\/2023\/05\/16\/avm-kuendigt-fritzbox-6670-fuer-den-kabelanschluss-an\/#primaryimage"},"thumbnailUrl":"https:\/\/www.deskmodder.de\/blog\/wp-content\/uploads\/2023\/05\/avm-anga-com-2023-scaled.jpg","datePublished":"2023-05-16T08:27:30+00:00","dateModified":"2023-05-16T08:28:35+00:00","description":"AVM k\u00fcndigt \u00fcberraschenderweise die neue FRITZ!Box 6670 mit WiFi 7 an. Alle informationen hier im \u00dcberblick.","breadcrumb":{"@id":"https:\/\/www.deskmodder.de\/blog\/2023\/05\/16\/avm-kuendigt-fritzbox-6670-fuer-den-kabelanschluss-an\/#breadcrumb"},"inLanguage":"de","potentialAction":[{"@type":"ReadAction","target":["https:\/\/www.deskmodder.de\/blog\/2023\/05\/16\/avm-kuendigt-fritzbox-6670-fuer-den-kabelanschluss-an\/"]}]},{"@type":"ImageObject","inLanguage":"de","@id":"https:\/\/www.deskmodder.de\/blog\/2023\/05\/16\/avm-kuendigt-fritzbox-6670-fuer-den-kabelanschluss-an\/#primaryimage","url":"https:\/\/www.deskmodder.de\/blog\/wp-content\/uploads\/2023\/05\/avm-anga-com-2023-scaled.jpg","contentUrl":"https:\/\/www.deskmodder.de\/blog\/wp-content\/uploads\/2023\/05\/avm-anga-com-2023-scaled.jpg","width":2560,"height":1707,"caption":"FRITZ!Box 6670 und 6690"},{"@type":"BreadcrumbList","@id":"https:\/\/www.deskmodder.de\/blog\/2023\/05\/16\/avm-kuendigt-fritzbox-6670-fuer-den-kabelanschluss-an\/#breadcrumb","itemListElement":[{"@type":"ListItem","position":1,"name":"Startseite","item":"https:\/\/www.deskmodder.de\/blog\/"},{"@type":"ListItem","position":2,"name":"AVM k\u00fcndigt FRITZ!Box 6670 f\u00fcr den Kabelanschluss an"}]},{"@type":"WebSite","@id":"https:\/\/www.deskmodder.de\/blog\/#website","url":"https:\/\/www.deskmodder.de\/blog\/","name":"Deskmodder.de","description":"News zum Thema Microsoft, Windows 11 \/ 10, sowie anderen Neuigkeiten aus dem Netz, viele Tipps und individuelle Hilfe bei Problemen in unserem Forum \u25cf Deskmodder - seit 2003","publisher":{"@id":"https:\/\/www.deskmodder.de\/blog\/#organization"},"potentialAction":[{"@type":"SearchAction","target":{"@type":"EntryPoint","urlTemplate":"https:\/\/www.deskmodder.de\/blog\/?s={search_term_string}"},"query-input":{"@type":"PropertyValueSpecification","valueRequired":true,"valueName":"search_term_string"}}],"inLanguage":"de"},{"@type":"Organization","@id":"https:\/\/www.deskmodder.de\/blog\/#organization","name":"Deskmodder","url":"https:\/\/www.deskmodder.de\/blog\/","logo":{"@type":"ImageObject","inLanguage":"de","@id":"https:\/\/www.deskmodder.de\/blog\/#\/schema\/logo\/image\/","url":"https:\/\/www.deskmodder.de\/blog\/wp-content\/uploads\/2019\/01\/deskmodder-logo-app.png","contentUrl":"https:\/\/www.deskmodder.de\/blog\/wp-content\/uploads\/2019\/01\/deskmodder-logo-app.png","width":281,"height":286,"caption":"Deskmodder"},"image":{"@id":"https:\/\/www.deskmodder.de\/blog\/#\/schema\/logo\/image\/"},"sameAs":["https:\/\/www.facebook.com\/Deskmodder","https:\/\/x.com\/Deskmodder","https:\/\/mastodontech.de\/@Deskmodder","https:\/\/www.youtube.com\/user\/deskmodder","https:\/\/mewe.com\/group\/5c83b5231add826fc80cdae1"]},{"@type":"Person","@id":"https:\/\/www.deskmodder.de\/blog\/#\/schema\/person\/687624f6860c8c88f71df1200fc24b44","name":"Jonas","image":{"@type":"ImageObject","inLanguage":"de","@id":"https:\/\/secure.gravatar.com\/avatar\/7c63b4d53b4b3cb64efbc10c186da49c9a5d422cda908d8a3b5d5e0cd8322634?s=96&d=mm&r=g","url":"https:\/\/secure.gravatar.com\/avatar\/7c63b4d53b4b3cb64efbc10c186da49c9a5d422cda908d8a3b5d5e0cd8322634?s=96&d=mm&r=g","contentUrl":"https:\/\/secure.gravatar.com\/avatar\/7c63b4d53b4b3cb64efbc10c186da49c9a5d422cda908d8a3b5d5e0cd8322634?s=96&d=mm&r=g","caption":"Jonas"},"description":"Angehender Systemadministrator und technikbegeistert. Lieblingsthemen? Netzwerktechnik und Windows. Anfragen an: jonas@deskmodder.de","sameAs":["https:\/\/x.com\/jonasinfarbe","https:\/\/www.youtube.com\/channel\/UCwBwNTIXW94vTH2NZJWfETA"],"url":"https:\/\/www.deskmodder.de\/blog\/author\/jonas\/"}]}},"jetpack_publicize_connections":[],"jetpack_featured_media_url":"https:\/\/www.deskmodder.de\/blog\/wp-content\/uploads\/2023\/05\/avm-anga-com-2023-scaled.jpg","_links":{"self":[{"href":"https:\/\/www.deskmodder.de\/blog\/wp-json\/wp\/v2\/posts\/178177","targetHints":{"allow":["GET"]}}],"collection":[{"href":"https:\/\/www.deskmodder.de\/blog\/wp-json\/wp\/v2\/posts"}],"about":[{"href":"https:\/\/www.deskmodder.de\/blog\/wp-json\/wp\/v2\/types\/post"}],"author":[{"embeddable":true,"href":"https:\/\/www.deskmodder.de\/blog\/wp-json\/wp\/v2\/users\/4849"}],"replies":[{"embeddable":true,"href":"https:\/\/www.deskmodder.de\/blog\/wp-json\/wp\/v2\/comments?post=178177"}],"version-history":[{"count":3,"href":"https:\/\/www.deskmodder.de\/blog\/wp-json\/wp\/v2\/posts\/178177\/revisions"}],"predecessor-version":[{"id":178182,"href":"https:\/\/www.deskmodder.de\/blog\/wp-json\/wp\/v2\/posts\/178177\/revisions\/178182"}],"wp:featuredmedia":[{"embeddable":true,"href":"https:\/\/www.deskmodder.de\/blog\/wp-json\/wp\/v2\/media\/178178"}],"wp:attachment":[{"href":"https:\/\/www.deskmodder.de\/blog\/wp-json\/wp\/v2\/media?parent=178177"}],"wp:term":[{"taxonomy":"category","embeddable":true,"href":"https:\/\/www.deskmodder.de\/blog\/wp-json\/wp\/v2\/categories?post=178177"},{"taxonomy":"post_tag","embeddable":true,"href":"https:\/\/www.deskmodder.de\/blog\/wp-json\/wp\/v2\/tags?post=178177"}],"curies":[{"name":"wp","href":"https:\/\/api.w.org\/{rel}","templated":true}]}}