{"id":177299,"date":"2023-04-16T11:20:27","date_gmt":"2023-04-16T09:20:27","guid":{"rendered":"https:\/\/www.deskmodder.de\/blog\/?p=177299"},"modified":"2023-04-16T11:28:59","modified_gmt":"2023-04-16T09:28:59","slug":"microsoft-edge-unterstuetzt-jetzt-auch-avif-als-grafik","status":"publish","type":"post","link":"https:\/\/www.deskmodder.de\/blog\/2023\/04\/16\/microsoft-edge-unterstuetzt-jetzt-auch-avif-als-grafik\/","title":{"rendered":"Microsoft Edge unterst\u00fctzt jetzt auch AVIF als Grafik"},"content":{"rendered":"<p>Seit 2020 bietet der Google Chrome die Unterst\u00fctzung f\u00fcr das Bildformat AVIF an. Der Firefox folgte dann 2021. Bislang stand diese Funktion beim Edge-Team nicht sehr weit oben auf der To-do-Liste. Aber jetzt hat man es im Edge 114 (derzeit in der Dev und Canary) integriert.<\/p>\n<p><a href=\"https:\/\/www.deskmodder.de\/blog\/wp-content\/uploads\/2023\/04\/avif-microsoft-edge.jpg\" rel=\"lightbox[177299]\"><img loading=\"lazy\" decoding=\"async\" src=\"https:\/\/www.deskmodder.de\/blog\/wp-content\/uploads\/2023\/04\/avif-microsoft-edge-500x330.jpg\" alt=\"\" width=\"500\" height=\"330\" class=\"aligncenter size-medium wp-image-177301\" srcset=\"https:\/\/www.deskmodder.de\/blog\/wp-content\/uploads\/2023\/04\/avif-microsoft-edge-500x330.jpg 500w, https:\/\/www.deskmodder.de\/blog\/wp-content\/uploads\/2023\/04\/avif-microsoft-edge-810x534.jpg 810w, https:\/\/www.deskmodder.de\/blog\/wp-content\/uploads\/2023\/04\/avif-microsoft-edge-306x202.jpg 306w, https:\/\/www.deskmodder.de\/blog\/wp-content\/uploads\/2023\/04\/avif-microsoft-edge.jpg 1365w\" sizes=\"auto, (max-width: 500px) 100vw, 500px\" \/><\/a><\/p>\n<p>Das AVIF (AV1 Image File Format) Bildformat bietet eine bessere Kompression und einer h\u00f6heren Farbtiefe gegen\u00fcber JPEG und WebP. Wie Leo auf Twitter schreibt, muss man derzeit eine Verkn\u00fcpfung anlegen mit dem Zusatz <code>--enable-features=msEdgeAVIF<\/code>. War bei mir aber in der Dev und Canary nicht notwendig. Es ist also wieder einmal ein A\/B-Test (controlled rollout). Falls ihr testen m\u00f6chtet, ob ihr diese Bilder auch schon nativ angezeigt bekommt, ruft die Seite <a href=\"https:\/\/libre-software.net\/image\/avif-test\/#avif_test\" rel=\"noopener\" target=\"_blank\">libre-software.net\/avif-test<\/a> auf. Steht im Bild, dass AVIF unterst\u00fctzt wird, dann wurde es bei euch schon aktiviert. Ansonsten seht ihr &#8222;JPEG fallback image&#8220;.<\/p>\n<p>Der Microsoft Edge 114 wird in der ersten Juni-Woche als Stable erscheinen. Die Beta Anfang Mai.<\/p>\n<div class=\"viaquelle\">via: <a href=\"https:\/\/twitter.com\/Leopeva64\/status\/1647273202568052738\" rel=\"noopener\" target=\"_blank\">@Leopeva<\/a><\/div>\n<h3>Alle Microsoft Edge Downloads auch Insider:<\/h3>\n<ul>\n<li>Microsoft Edge Stable (Windows, macOS, iOS, Android) <a href=\"https:\/\/www.microsoft.com\/de-de\/edge\" rel=\"noopener noreferrer\" target=\"_blank\">microsoft.com\/de-de\/edge<\/a><\/li>\n<li>Canary, Dev, Beta (Windows, macOS)<a href=\"https:\/\/www.microsoftedgeinsider.com\/de-de\/download\/\" target=\"_blank\" rel=\"noopener noreferrer\">microsoftedgeinsider.com\/de-de\/download\/<\/a>,<\/li>\n<li><strong>Business:<\/strong> Microsoft Edge Stable, Beta und Dev (Windows, macOS: <a href=\"https:\/\/www.microsoft.com\/de-de\/edge\/business\/download\" rel=\"noopener noreferrer\" target=\"_blank\">microsoft.com\/de-de\/edge\/business<\/a><\/li>\n<li>Die <strong>portablen Versionen:<\/strong> <a href=\"https:\/\/www.deskmodder.de\/blog\/2019\/05\/27\/portabler-microsoft-edge-chromium-updater-fuer-canary-developer-beta-und-spaeter-auch-der-finale-edge\/\" target=\"_blank\" rel=\"noopener noreferrer\">Portable Edge Updater<\/a><\/li>\n<li>Android: <a href=\"https:\/\/play.google.com\/store\/apps\/details?id=com.microsoft.emmx&amp;hl=de\" target=\"_blank\" rel=\"noopener noreferrer\">play.google.com\/microsoft.emmx<\/a><\/li>\n<li>iOS: <a href=\"https:\/\/apps.apple.com\/de\/app\/microsoft-edge\/id1288723196\" target=\"_blank\" rel=\"noopener noreferrer\">apps.apple.com\/microsoft-edge<\/a><\/li>\n<li><strong>Deinstallation<\/strong> Microsoft Edge: Sollte der Edge nicht selbst installiert worden sein, kann man den Edge trotzdem entfernen, wenn man denn m\u00f6chte\n<ul>\n<li><a href=\"https:\/\/www.deskmodder.de\/blog\/2020\/07\/05\/microsoft-edge-deinstallieren-auch-wenn-es-grau-hinterlegt-ist\/\" rel=\"noopener noreferrer\" target=\"_blank\">Microsoft Edge deinstallieren \u2013 Auch wenn es grau hinterlegt ist<\/a><\/li>\n<\/ul>\n<\/li>\n<\/ul>\n","protected":false},"excerpt":{"rendered":"<p>Seit 2020 bietet der Google Chrome die Unterst\u00fctzung f\u00fcr das Bildformat AVIF an. Der Firefox folgte dann 2021. Bislang stand diese Funktion beim Edge-Team nicht sehr weit oben auf der To-do-Liste. Aber jetzt hat man es im Edge 114 (derzeit&hellip; <\/p>\n","protected":false},"author":134,"featured_media":177301,"comment_status":"open","ping_status":"open","sticky":false,"template":"","format":"standard","meta":{"jetpack_post_was_ever_published":false,"footnotes":"","jetpack_publicize_message":"","jetpack_publicize_feature_enabled":true,"jetpack_social_post_already_shared":false,"jetpack_social_options":{"image_generator_settings":{"template":"highway","default_image_id":0,"font":"","enabled":false},"version":2}},"categories":[166],"tags":[50374,8501],"class_list":["post-177299","post","type-post","status-publish","format-standard","has-post-thumbnail","hentry","category-browser","tag-avif","tag-microsoft-edge"],"wp_featured_image":{"id":177301,"alt_text":"","description":"","media_type":"image","media_details":{"width":1365,"height":900,"file":"2023\/04\/avif-microsoft-edge.jpg","filesize":454711,"sizes":{"medium":{"file":"avif-microsoft-edge-500x330.jpg","width":500,"height":330,"mime-type":"image\/jpeg","filesize":25076,"source_url":"https:\/\/www.deskmodder.de\/blog\/wp-content\/uploads\/2023\/04\/avif-microsoft-edge-500x330.jpg"},"large":{"file":"avif-microsoft-edge-810x534.jpg","width":810,"height":534,"mime-type":"image\/jpeg","filesize":52157,"source_url":"https:\/\/www.deskmodder.de\/blog\/wp-content\/uploads\/2023\/04\/avif-microsoft-edge-810x534.jpg"},"thumbnail":{"file":"avif-microsoft-edge-306x202.jpg","width":306,"height":202,"mime-type":"image\/jpeg","filesize":11841,"source_url":"https:\/\/www.deskmodder.de\/blog\/wp-content\/uploads\/2023\/04\/avif-microsoft-edge-306x202.jpg"},"blog-large":{"file":"avif-microsoft-edge-642x300.jpg","width":642,"height":300,"mime-type":"image\/jpeg","filesize":26270,"source_url":"https:\/\/www.deskmodder.de\/blog\/wp-content\/uploads\/2023\/04\/avif-microsoft-edge-642x300.jpg"},"blog-medium":{"file":"avif-microsoft-edge-306x205.jpg","width":306,"height":205,"mime-type":"image\/jpeg","filesize":11618,"source_url":"https:\/\/www.deskmodder.de\/blog\/wp-content\/uploads\/2023\/04\/avif-microsoft-edge-306x205.jpg"},"recent-thumb":{"file":"avif-microsoft-edge-350x316.jpg","width":350,"height":316,"mime-type":"image\/jpeg","filesize":18604,"source_url":"https:\/\/www.deskmodder.de\/blog\/wp-content\/uploads\/2023\/04\/avif-microsoft-edge-350x316.jpg"},"service-featured":{"file":"avif-microsoft-edge-600x330.jpg","width":600,"height":330,"mime-type":"image\/jpeg","filesize":29357,"source_url":"https:\/\/www.deskmodder.de\/blog\/wp-content\/uploads\/2023\/04\/avif-microsoft-edge-600x330.jpg"}},"image_meta":{"aperture":"0","credit":"","camera":"","caption":"","created_timestamp":"0","copyright":"","focal_length":"0","iso":"0","shutter_speed":"0","title":"","orientation":"0","keywords":[]}},"post":177299,"source_url":"https:\/\/www.deskmodder.de\/blog\/wp-content\/uploads\/2023\/04\/avif-microsoft-edge.jpg"},"commentcount":24,"wp_comments":[{"id":237270,"parent":0,"author":0,"author_name":"Holgi","author_email":"holger_freese@hotmail.com","author_url":"","author_avatar_urls":{"24":"https:\/\/secure.gravatar.com\/avatar\/0b9a7e8e22fe490941487d0cbe59d0e7232454955198e0bd0f0fc8b2f4a0043e?s=24&d=mm&r=g","48":"https:\/\/secure.gravatar.com\/avatar\/0b9a7e8e22fe490941487d0cbe59d0e7232454955198e0bd0f0fc8b2f4a0043e?s=48&d=mm&r=g","96":"https:\/\/secure.gravatar.com\/avatar\/0b9a7e8e22fe490941487d0cbe59d0e7232454955198e0bd0f0fc8b2f4a0043e?s=96&d=mm&r=g"},"date":"2023-04-16T13:30:14","cld_nonce":"173fc99a75","content":{"rendered":"<p>AVIF? h\u00f6re ich zum ersten Mal. Wat dat all gif?!<\/p>\n"},"status":"1"},{"id":237271,"parent":237270,"author":4845,"author_name":"Davito","author_email":"davidniedziella@gmx.de","author_url":"","author_avatar_urls":{"24":"https:\/\/secure.gravatar.com\/avatar\/4bb15dbdd113bc32f99e8722e1867d43f866aa4aeb5b46d210ac7d33aec7ed3c?s=24&d=mm&r=g","48":"https:\/\/secure.gravatar.com\/avatar\/4bb15dbdd113bc32f99e8722e1867d43f866aa4aeb5b46d210ac7d33aec7ed3c?s=48&d=mm&r=g","96":"https:\/\/secure.gravatar.com\/avatar\/4bb15dbdd113bc32f99e8722e1867d43f866aa4aeb5b46d210ac7d33aec7ed3c?s=96&d=mm&r=g"},"date":"2023-04-16T15:02:42","cld_nonce":"173fc99a75","content":{"rendered":"<p>Kurze Suche bei Google nach &#8222;AVIF&#8220; hilft hin und wieder, eine Antwort schnellstm\u00f6glich zu bekommen^^<\/p>\n"},"status":"1"},{"id":237273,"parent":0,"author":0,"author_name":"Unbreakable44","author_email":"Sascha.Renneberg@gmx.de","author_url":"","author_avatar_urls":{"24":"https:\/\/secure.gravatar.com\/avatar\/102ef2b6fcfdbf073835e881a4a94f7e888aee6f04c516edfce9463f0ddb667d?s=24&d=mm&r=g","48":"https:\/\/secure.gravatar.com\/avatar\/102ef2b6fcfdbf073835e881a4a94f7e888aee6f04c516edfce9463f0ddb667d?s=48&d=mm&r=g","96":"https:\/\/secure.gravatar.com\/avatar\/102ef2b6fcfdbf073835e881a4a94f7e888aee6f04c516edfce9463f0ddb667d?s=96&d=mm&r=g"},"date":"2023-04-16T15:06:55","cld_nonce":"173fc99a75","content":{"rendered":"<p>ich versteh es nicht ganz, beim firefox steht bei mir weder was von jpeg noch von avif x.x ich bin verwirrt<\/p>\n"},"status":"1"},{"id":237275,"parent":0,"author":8612,"author_name":"theatester","author_email":"theatester@yahoo.de","author_url":"","author_avatar_urls":{"24":"https:\/\/secure.gravatar.com\/avatar\/268f1e3de690d37d827e8c8b8df58bedeffaa44d92d3d09c5633012e9fd0cc57?s=24&d=mm&r=g","48":"https:\/\/secure.gravatar.com\/avatar\/268f1e3de690d37d827e8c8b8df58bedeffaa44d92d3d09c5633012e9fd0cc57?s=48&d=mm&r=g","96":"https:\/\/secure.gravatar.com\/avatar\/268f1e3de690d37d827e8c8b8df58bedeffaa44d92d3d09c5633012e9fd0cc57?s=96&d=mm&r=g"},"date":"2023-04-16T15:39:25","cld_nonce":"173fc99a75","content":{"rendered":"<p>Bei mir funktioniert es nicht, mit Edge Canary getestet, weder mit Windows 10 noch 11, weder mit noch ohne &#8211;enable-features=msEdgeAVIF. AV1 Erweiterung aus dem Store ist auch installiert. Es muss da wohl noch ein paar unbekannte zus\u00e4tzliche Vorrausetzungen geben.<\/p>\n"},"status":"1"},{"id":237276,"parent":237275,"author":0,"author_name":"Heisenberg","author_email":"newworldorder23@gmail.com","author_url":"","author_avatar_urls":{"24":"https:\/\/secure.gravatar.com\/avatar\/fc8a36362c5cc0dd73aff23683d6ccc384067b358840a7dc0db638d6578c035c?s=24&d=mm&r=g","48":"https:\/\/secure.gravatar.com\/avatar\/fc8a36362c5cc0dd73aff23683d6ccc384067b358840a7dc0db638d6578c035c?s=48&d=mm&r=g","96":"https:\/\/secure.gravatar.com\/avatar\/fc8a36362c5cc0dd73aff23683d6ccc384067b358840a7dc0db638d6578c035c?s=96&d=mm&r=g"},"date":"2023-04-16T15:56:45","cld_nonce":"173fc99a75","content":{"rendered":"<p>AV1 Unterst\u00fctzung der CPU? \ud83e\udd14<\/p>\n"},"status":"1"},{"id":237277,"parent":237275,"author":8612,"author_name":"theatester","author_email":"theatester@yahoo.de","author_url":"","author_avatar_urls":{"24":"https:\/\/secure.gravatar.com\/avatar\/268f1e3de690d37d827e8c8b8df58bedeffaa44d92d3d09c5633012e9fd0cc57?s=24&d=mm&r=g","48":"https:\/\/secure.gravatar.com\/avatar\/268f1e3de690d37d827e8c8b8df58bedeffaa44d92d3d09c5633012e9fd0cc57?s=48&d=mm&r=g","96":"https:\/\/secure.gravatar.com\/avatar\/268f1e3de690d37d827e8c8b8df58bedeffaa44d92d3d09c5633012e9fd0cc57?s=96&d=mm&r=g"},"date":"2023-04-16T16:06:17","cld_nonce":"173fc99a75","content":{"rendered":"<p>Nachtrag: Unter Windows 10 geht es nach einem (freiwilligen) Neustart des Rechners (nur mit \u2013enable-features=msEdgeAVIF in der Verkn\u00fcpfung). Unter Windows 11 bisher gar nicht, trotz Neustart.<\/p>\n"},"status":"1"},{"id":237278,"parent":237275,"author":4440,"author_name":"DK2000","author_email":"kleiner.dicker.tiger@gmail.com","author_url":"","author_avatar_urls":{"24":"https:\/\/secure.gravatar.com\/avatar\/f47c5818487788ab85c373f448667f574e8c0e789a076cd59313e685780305a2?s=24&d=mm&r=g","48":"https:\/\/secure.gravatar.com\/avatar\/f47c5818487788ab85c373f448667f574e8c0e789a076cd59313e685780305a2?s=48&d=mm&r=g","96":"https:\/\/secure.gravatar.com\/avatar\/f47c5818487788ab85c373f448667f574e8c0e789a076cd59313e685780305a2?s=96&d=mm&r=g"},"date":"2023-04-16T16:11:43","cld_nonce":"173fc99a75","content":{"rendered":"<p>Funktioniert bei mir auch nicht. Muss wohl wirklich ein A\/B Test sein.<\/p>\n"},"status":"1"},{"id":237280,"parent":237275,"author":4440,"author_name":"DK2000","author_email":"kleiner.dicker.tiger@gmail.com","author_url":"","author_avatar_urls":{"24":"https:\/\/secure.gravatar.com\/avatar\/f47c5818487788ab85c373f448667f574e8c0e789a076cd59313e685780305a2?s=24&d=mm&r=g","48":"https:\/\/secure.gravatar.com\/avatar\/f47c5818487788ab85c373f448667f574e8c0e789a076cd59313e685780305a2?s=48&d=mm&r=g","96":"https:\/\/secure.gravatar.com\/avatar\/f47c5818487788ab85c373f448667f574e8c0e789a076cd59313e685780305a2?s=96&d=mm&r=g"},"date":"2023-04-16T16:26:55","cld_nonce":"173fc99a75","content":{"rendered":"<p>Komisch, wenn ich \u00fcber diese Testseite gehe, funktioniert es nicht, wenn ich aber eine .avif einzeln im Edge Canary \u00f6ffne, wird diese angezeigt, Scheint also dich zu funktionieren, auch ohne &#8222;&#8211;enable-features=msEdgeAVIF&#8220;.<\/p>\n<p>Noch komischer. Jetzt geht es auf einmal auch \u00fcber diese Testseite. Sehr seltsam.<\/p>\n"},"status":"1"},{"id":237286,"parent":0,"author":2483,"author_name":"MrX1980","author_email":"dfinken@web.de","author_url":"","author_avatar_urls":{"24":"https:\/\/secure.gravatar.com\/avatar\/14d16a4a4d8343b8eae9de25d7c303406db1f32cd99c34fe0147c9c71261fcfa?s=24&d=mm&r=g","48":"https:\/\/secure.gravatar.com\/avatar\/14d16a4a4d8343b8eae9de25d7c303406db1f32cd99c34fe0147c9c71261fcfa?s=48&d=mm&r=g","96":"https:\/\/secure.gravatar.com\/avatar\/14d16a4a4d8343b8eae9de25d7c303406db1f32cd99c34fe0147c9c71261fcfa?s=96&d=mm&r=g"},"date":"2023-04-16T19:04:51","cld_nonce":"173fc99a75","content":{"rendered":"<p>Info:<br \/>\nUnd Firefox 113 (beta) unterst\u00fctzt nun AVIF (AVIS) Animationen:<br \/>\n&#8222;AV1 Image Format files containing animations (AVIS) are now supported, improving Firefox&#8216; support for AVIF images across the web.&#8220;<br \/>\n<a href=\"https:\/\/www.mozilla.org\/en-US\/firefox\/113.0beta\/releasenotes\/\" rel=\"nofollow ugc\">https:\/\/www.mozilla.org\/en-US\/firefox\/113.0beta\/releasenotes\/<\/a><\/p>\n"},"status":"1"},{"id":237287,"parent":237271,"author":4486,"author_name":"mainufer","author_email":"mainufer@gmail.com","author_url":"","author_avatar_urls":{"24":"https:\/\/secure.gravatar.com\/avatar\/d0da9bc120e060684eab912c3169744de09534aaa3906c4bda72aaca9b0774b8?s=24&d=mm&r=g","48":"https:\/\/secure.gravatar.com\/avatar\/d0da9bc120e060684eab912c3169744de09534aaa3906c4bda72aaca9b0774b8?s=48&d=mm&r=g","96":"https:\/\/secure.gravatar.com\/avatar\/d0da9bc120e060684eab912c3169744de09534aaa3906c4bda72aaca9b0774b8?s=96&d=mm&r=g"},"date":"2023-04-16T19:21:46","cld_nonce":"173fc99a75","content":{"rendered":"<p>Dann br\u00e4uchte man dieses Forum nicht mehr. Die Idee ist, eine Frage zu stellen und eine Antwort zu erhalten, und nicht unh\u00f6flich auf Google verwiesen zu werden. Die Energie ihres Kommentars h\u00e4tten sie auch dazu verwenden k\u00f6nnen, eine sinnvolle Verlinkung zu posten. So etwas zum Beispiel:<br \/>\n<a href=\"https:\/\/de.wikipedia.org\/wiki\/AV1_Image_File_Format\" rel=\"nofollow ugc\">https:\/\/de.wikipedia.org\/wiki\/AV1_Image_File_Format<\/a> <\/p>\n<p>Just saying <img src=\"https:\/\/www.deskmodder.de\/blog\/wp-content\/plugins\/classic-smilies\/img\/icon_wink.gif\" alt=\";-)\" class=\"wp-smiley\" \/><\/p>\n"},"status":"1"},{"id":237292,"parent":237287,"author":8958,"author_name":"Benblack89","author_email":"b.schwarz89@gmx.de","author_url":"","author_avatar_urls":{"24":"https:\/\/secure.gravatar.com\/avatar\/17200c94a844d6877bd470cb06bc620791d717b14ec2d5e4d2572de5ce6e1ec6?s=24&d=mm&r=g","48":"https:\/\/secure.gravatar.com\/avatar\/17200c94a844d6877bd470cb06bc620791d717b14ec2d5e4d2572de5ce6e1ec6?s=48&d=mm&r=g","96":"https:\/\/secure.gravatar.com\/avatar\/17200c94a844d6877bd470cb06bc620791d717b14ec2d5e4d2572de5ce6e1ec6?s=96&d=mm&r=g"},"date":"2023-04-17T07:51:48","cld_nonce":"173fc99a75","content":{"rendered":"<p>Genau so hat es damals funktioniert, das haben viele Leute irgendwie vergessen oder sind schlichtweg einfach nicht mehr in der Lage zu kommunizieren. Ohne Davito nahe treten zu wollen. <\/p>\n<p>Aber das sollte langsam mal wieder &#8222;Mode&#8220; werden.<\/p>\n"},"status":"1"},{"id":237303,"parent":237286,"author":0,"author_name":"KaKeBrome","author_email":"mcripapp@gmail.com","author_url":"","author_avatar_urls":{"24":"https:\/\/secure.gravatar.com\/avatar\/917768ea7669f8af7242622da8381121bc860b4069b21aab8a7ebb9d576797ca?s=24&d=mm&r=g","48":"https:\/\/secure.gravatar.com\/avatar\/917768ea7669f8af7242622da8381121bc860b4069b21aab8a7ebb9d576797ca?s=48&d=mm&r=g","96":"https:\/\/secure.gravatar.com\/avatar\/917768ea7669f8af7242622da8381121bc860b4069b21aab8a7ebb9d576797ca?s=96&d=mm&r=g"},"date":"2023-04-17T10:13:08","cld_nonce":"173fc99a75","content":{"rendered":"<p>Nutze ich auch und es funktioniert tadellos&#8230; <\/p>\n<p><i>gepostet mit der <a href=\"https:\/\/play.google.com\/store\/apps\/details?id=com.deskmodder\" rel=\"nofollow ugc\">Deskmodder.de-App f\u00fcr Android<\/a><\/i><\/p>\n"},"status":"1"},{"id":237304,"parent":237286,"author":0,"author_name":"Florian","author_email":"florian@web.de","author_url":"","author_avatar_urls":{"24":"https:\/\/secure.gravatar.com\/avatar\/91acfe73ec86ccf7289b3b4f6342d6c9f7f215d320b42031309c4ccd5cbdc0e3?s=24&d=mm&r=g","48":"https:\/\/secure.gravatar.com\/avatar\/91acfe73ec86ccf7289b3b4f6342d6c9f7f215d320b42031309c4ccd5cbdc0e3?s=48&d=mm&r=g","96":"https:\/\/secure.gravatar.com\/avatar\/91acfe73ec86ccf7289b3b4f6342d6c9f7f215d320b42031309c4ccd5cbdc0e3?s=96&d=mm&r=g"},"date":"2023-04-17T10:37:48","cld_nonce":"173fc99a75","content":{"rendered":"<p>Die AV1 Videodecodierung konnte der Fuchs ja schon mit der Version 100.<br \/>\nVorraussetzung war damals nur eine moderne GPU &#8211; Intel Xe, Nvidia RTX 3000, AMD Radeon RX 6000 oder neuer &#8211; au\u00dferdem Windows 10 mit AV1-Video-Erweiterung sowie eben eine Anwendung die diese Technik unterst\u00fctzt.<\/p>\n<p>Verbl\u00fcffend dass Sie damals AVIF noch nicht mit implementiert haben.<br \/>\nUnd dass da MS solange schl\u00e4ft, obwohl es der G.Chrome schon vorgemacht hatte verbl\u00fcfft mich total.<br \/>\nNachdem es die meisten schon haben, k\u00f6nnten Sie es eigentlich gleich in den Unterbau von Chromium stecken, dann haben alle unabh\u00e4ngig etwas davon oder ist der AVIF Codec lizenzpflichtig?<\/p>\n"},"status":"1"},{"id":237316,"parent":237304,"author":0,"author_name":"ES","author_email":"exblosis.stefan@gmail.com","author_url":"","author_avatar_urls":{"24":"https:\/\/secure.gravatar.com\/avatar\/b1696a3336c65964a844d9508a6fea954604a3a5e8956f5b56e3610427bd328b?s=24&d=mm&r=g","48":"https:\/\/secure.gravatar.com\/avatar\/b1696a3336c65964a844d9508a6fea954604a3a5e8956f5b56e3610427bd328b?s=48&d=mm&r=g","96":"https:\/\/secure.gravatar.com\/avatar\/b1696a3336c65964a844d9508a6fea954604a3a5e8956f5b56e3610427bd328b?s=96&d=mm&r=g"},"date":"2023-04-17T13:26:40","cld_nonce":"173fc99a75","content":{"rendered":"<p>ist laut wiki, lizenzkostenfrei<\/p>\n"},"status":"1"},{"id":237317,"parent":237304,"author":4440,"author_name":"DK2000","author_email":"kleiner.dicker.tiger@gmail.com","author_url":"","author_avatar_urls":{"24":"https:\/\/secure.gravatar.com\/avatar\/f47c5818487788ab85c373f448667f574e8c0e789a076cd59313e685780305a2?s=24&d=mm&r=g","48":"https:\/\/secure.gravatar.com\/avatar\/f47c5818487788ab85c373f448667f574e8c0e789a076cd59313e685780305a2?s=48&d=mm&r=g","96":"https:\/\/secure.gravatar.com\/avatar\/f47c5818487788ab85c373f448667f574e8c0e789a076cd59313e685780305a2?s=96&d=mm&r=g"},"date":"2023-04-17T13:33:42","cld_nonce":"173fc99a75","content":{"rendered":"<p>AVIF kennt der Fuchs seit v77 (experimentell, manuelle Aktivierung) und ab v93 standardm\u00e4\u00dfig aktiviert. Jetzt wurde nur der Support f\u00fcr &#8222;Animated AVIF&#8220; hinzugef\u00fcgt.<\/p>\n<p>AV1 kennt der Fuchs auch schon lange, allerdings vor der v100 nur \u00fcber Softwarerendering. Die v100 bekam Hardwarebeschleunigung f\u00fcr das Decodieren von AV1, sofern es die Hardware unterst\u00fctzt. Ansonsten auch hier Softwarerendering.<\/p>\n"},"status":"1"},{"id":237320,"parent":0,"author":3888,"author_name":"Holunder1957","author_email":"ahrensdetlef@hotmail.de","author_url":"","author_avatar_urls":{"24":"https:\/\/secure.gravatar.com\/avatar\/775c35869d509bf7b59e377f93ef7c9d230f7fc6471d4cf864dc077823a02246?s=24&d=mm&r=g","48":"https:\/\/secure.gravatar.com\/avatar\/775c35869d509bf7b59e377f93ef7c9d230f7fc6471d4cf864dc077823a02246?s=48&d=mm&r=g","96":"https:\/\/secure.gravatar.com\/avatar\/775c35869d509bf7b59e377f93ef7c9d230f7fc6471d4cf864dc077823a02246?s=96&d=mm&r=g"},"date":"2023-04-17T13:52:35","cld_nonce":"173fc99a75","content":{"rendered":"<p>Ich habe es auch ohne dem Zusatz &#8211;enable-features=msEdgeAVIF Eintrag ge\u00f6ffnet bekommen \u00fcber \u00d6ffnen mit.<br \/>\nHier eine kleine Anleitung.<br \/>\n<a href=\"https:\/\/www.deskmodder.de\/phpBB3\/viewtopic.php?p=407909#p407909\" rel=\"ugc\">https:\/\/www.deskmodder.de\/phpBB3\/viewtopic.php?p=407909#p407909<\/a><\/p>\n"},"status":"1"},{"id":237321,"parent":237320,"author":3888,"author_name":"Holunder1957","author_email":"ahrensdetlef@hotmail.de","author_url":"","author_avatar_urls":{"24":"https:\/\/secure.gravatar.com\/avatar\/775c35869d509bf7b59e377f93ef7c9d230f7fc6471d4cf864dc077823a02246?s=24&d=mm&r=g","48":"https:\/\/secure.gravatar.com\/avatar\/775c35869d509bf7b59e377f93ef7c9d230f7fc6471d4cf864dc077823a02246?s=48&d=mm&r=g","96":"https:\/\/secure.gravatar.com\/avatar\/775c35869d509bf7b59e377f93ef7c9d230f7fc6471d4cf864dc077823a02246?s=96&d=mm&r=g"},"date":"2023-04-17T14:12:53","cld_nonce":"173fc99a75","content":{"rendered":"<p>Im Grunde ist das nur f\u00fcr das Internet n\u00fctzlich. Offline kann man die Datei mit jeden Bildbetrachter \u00f6ffnen.<\/p>\n"},"status":"1"},{"id":237329,"parent":237321,"author":4767,"author_name":"Holgi","author_email":"holger_freese@hotmail.com","author_url":"","author_avatar_urls":{"24":"https:\/\/secure.gravatar.com\/avatar\/0b9a7e8e22fe490941487d0cbe59d0e7232454955198e0bd0f0fc8b2f4a0043e?s=24&d=mm&r=g","48":"https:\/\/secure.gravatar.com\/avatar\/0b9a7e8e22fe490941487d0cbe59d0e7232454955198e0bd0f0fc8b2f4a0043e?s=48&d=mm&r=g","96":"https:\/\/secure.gravatar.com\/avatar\/0b9a7e8e22fe490941487d0cbe59d0e7232454955198e0bd0f0fc8b2f4a0043e?s=96&d=mm&r=g"},"date":"2023-04-17T15:39:59","cld_nonce":"173fc99a75","content":{"rendered":"<p>alte Windows Fotoanzeige &gt; nein<br \/>\nPaint App &gt; nein<br \/>\nMediaPlayer &gt; nein<\/p>\n<p>welche meinst du? ohne extra Download?!<\/p>\n"},"status":"1"},{"id":237334,"parent":237329,"author":0,"author_name":"Florian","author_email":"florian@web.de","author_url":"","author_avatar_urls":{"24":"https:\/\/secure.gravatar.com\/avatar\/91acfe73ec86ccf7289b3b4f6342d6c9f7f215d320b42031309c4ccd5cbdc0e3?s=24&d=mm&r=g","48":"https:\/\/secure.gravatar.com\/avatar\/91acfe73ec86ccf7289b3b4f6342d6c9f7f215d320b42031309c4ccd5cbdc0e3?s=48&d=mm&r=g","96":"https:\/\/secure.gravatar.com\/avatar\/91acfe73ec86ccf7289b3b4f6342d6c9f7f215d320b42031309c4ccd5cbdc0e3?s=96&d=mm&r=g"},"date":"2023-04-17T16:10:22","cld_nonce":"173fc99a75","content":{"rendered":"<p>Er meint wohl den Windows-Fotoanzeiger von Windows 11.<br \/>\nDer kann es z.B. bei mir auch \u00f6ffnen.<br \/>\nBei Windows 10 bin ich mir nicht sicher, aber mein Windows 11 macht es auch unter Paint App auf.<\/p>\n"},"status":"1"},{"id":237335,"parent":237329,"author":4440,"author_name":"DK2000","author_email":"kleiner.dicker.tiger@gmail.com","author_url":"","author_avatar_urls":{"24":"https:\/\/secure.gravatar.com\/avatar\/f47c5818487788ab85c373f448667f574e8c0e789a076cd59313e685780305a2?s=24&d=mm&r=g","48":"https:\/\/secure.gravatar.com\/avatar\/f47c5818487788ab85c373f448667f574e8c0e789a076cd59313e685780305a2?s=48&d=mm&r=g","96":"https:\/\/secure.gravatar.com\/avatar\/f47c5818487788ab85c373f448667f574e8c0e789a076cd59313e685780305a2?s=96&d=mm&r=g"},"date":"2023-04-17T16:42:30","cld_nonce":"173fc99a75","content":{"rendered":"<p>Unter Windows 10 mit installierter &#8222;AV1 Video Extension&#8220; aus dem Store:<\/p>\n<p>Windows File Explorer -&gt; ja<br \/>\nWindows Media Player 12 -&gt; ja<br \/>\nMedienwiedergabe -&gt; nein (nicht unterst\u00fctzet Dateityp)<br \/>\nPaint App -&gt; ja<br \/>\nFoto App -&gt; ja<\/p>\n<p>&#8222;Alte Windows Fotoanzeige&#8220; d\u00fcrfte das nicht unterst\u00fctzen, wenn es die Anwendung ist, an die ich gerade denke.<\/p>\n"},"status":"1"},{"id":237336,"parent":237334,"author":4440,"author_name":"DK2000","author_email":"kleiner.dicker.tiger@gmail.com","author_url":"","author_avatar_urls":{"24":"https:\/\/secure.gravatar.com\/avatar\/f47c5818487788ab85c373f448667f574e8c0e789a076cd59313e685780305a2?s=24&d=mm&r=g","48":"https:\/\/secure.gravatar.com\/avatar\/f47c5818487788ab85c373f448667f574e8c0e789a076cd59313e685780305a2?s=48&d=mm&r=g","96":"https:\/\/secure.gravatar.com\/avatar\/f47c5818487788ab85c373f448667f574e8c0e789a076cd59313e685780305a2?s=96&d=mm&r=g"},"date":"2023-04-17T17:02:13","cld_nonce":"173fc99a75","content":{"rendered":"<p>Geht in Windows 11 auch nur, wenn die  \u201cAV1 Video Extension\u201d installiert wurde. Ansonsten meckern die Apps rum, dass sie das Format nicht kennen.<\/p>\n"},"status":"1"},{"id":237339,"parent":237336,"author":0,"author_name":"Florian","author_email":"florian@web.de","author_url":"","author_avatar_urls":{"24":"https:\/\/secure.gravatar.com\/avatar\/91acfe73ec86ccf7289b3b4f6342d6c9f7f215d320b42031309c4ccd5cbdc0e3?s=24&d=mm&r=g","48":"https:\/\/secure.gravatar.com\/avatar\/91acfe73ec86ccf7289b3b4f6342d6c9f7f215d320b42031309c4ccd5cbdc0e3?s=48&d=mm&r=g","96":"https:\/\/secure.gravatar.com\/avatar\/91acfe73ec86ccf7289b3b4f6342d6c9f7f215d320b42031309c4ccd5cbdc0e3?s=96&d=mm&r=g"},"date":"2023-04-17T18:27:48","cld_nonce":"173fc99a75","content":{"rendered":"<p>Stimmt, hab ich auch installiert <img src=\"https:\/\/www.deskmodder.de\/blog\/wp-content\/plugins\/classic-smilies\/img\/icon_smile.gif\" alt=\":-)\" class=\"wp-smiley\" \/><br \/>\nHan viele Extension von Microsoft nachinstalliert<\/p>\n"},"status":"1"},{"id":237351,"parent":237329,"author":3888,"author_name":"Holunder1957","author_email":"ahrensdetlef@hotmail.de","author_url":"","author_avatar_urls":{"24":"https:\/\/secure.gravatar.com\/avatar\/775c35869d509bf7b59e377f93ef7c9d230f7fc6471d4cf864dc077823a02246?s=24&d=mm&r=g","48":"https:\/\/secure.gravatar.com\/avatar\/775c35869d509bf7b59e377f93ef7c9d230f7fc6471d4cf864dc077823a02246?s=48&d=mm&r=g","96":"https:\/\/secure.gravatar.com\/avatar\/775c35869d509bf7b59e377f93ef7c9d230f7fc6471d4cf864dc077823a02246?s=96&d=mm&r=g"},"date":"2023-04-17T20:49:32","cld_nonce":"173fc99a75","content":{"rendered":"<p>Ich meinte mit Download. Ich hatte bei dem Versuch den Stable genutzt, da funktionierte das nicht. Mit dem Dev wurden alle Bilder als AVIF angezeigt. Mit Paint und die Alte Fotogalerie (Windows Essentials 2012) auch. Es wird wohl noch der AV1 <a href=\"https:\/\/www.microsoft.com\/store\/productId\/9MVZQVXJBQ9V\" rel=\"nofollow ugc\">https:\/\/www.microsoft.com\/store\/productId\/9MVZQVXJBQ9V<\/a> und HEIF <a href=\"https:\/\/www.microsoft.com\/store\/productId\/9PMMSR1CGPWG\" rel=\"nofollow ugc\">https:\/\/www.microsoft.com\/store\/productId\/9PMMSR1CGPWG<\/a> ben\u00f6tigt. Ich hatte beide installiert.<\/p>\n"},"status":"1"},{"id":237391,"parent":0,"author":0,"author_name":"Jacob","author_email":"kurtextrem@gmail.com","author_url":"","author_avatar_urls":{"24":"https:\/\/secure.gravatar.com\/avatar\/588360b88bb197c26cbb34ec627e358961f13480e7a0a2609b349481fff4b2e2?s=24&d=mm&r=g","48":"https:\/\/secure.gravatar.com\/avatar\/588360b88bb197c26cbb34ec627e358961f13480e7a0a2609b349481fff4b2e2?s=48&d=mm&r=g","96":"https:\/\/secure.gravatar.com\/avatar\/588360b88bb197c26cbb34ec627e358961f13480e7a0a2609b349481fff4b2e2?s=96&d=mm&r=g"},"date":"2023-04-18T15:39:36","cld_nonce":"173fc99a75","content":{"rendered":"<p>Irgendwie verwunderlich, warum AVIF nicht in Chromium implementiert ist?<\/p>\n"},"status":"1"}],"wp_author":{"id":134,"name":"moinmoin","description":"Ich bin nicht allwissend, was <a href=\"https:\/\/www.deskmodder.de\/wiki\/index.php?title=Kategorie:Windows_11\">Windows<\/a> angeht. Aber genau deshalb nehme ich Windows gerne auseinander und unter die Lupe, um all mein Wissen zu erweitern. <i>J\u00fcrgen<\/i>","author_avatar_urls":{"24":"https:\/\/secure.gravatar.com\/avatar\/fab96769102f8886245ab411df9a42a235be79261e4b44aa7ab2a555da8b86b4?s=24&d=mm&r=g","48":"https:\/\/secure.gravatar.com\/avatar\/fab96769102f8886245ab411df9a42a235be79261e4b44aa7ab2a555da8b86b4?s=48&d=mm&r=g","96":"https:\/\/secure.gravatar.com\/avatar\/fab96769102f8886245ab411df9a42a235be79261e4b44aa7ab2a555da8b86b4?s=96&d=mm&r=g"}},"cld_nonce":"173fc99a75","yoast_head":"<!-- This site is optimized with the Yoast SEO Premium plugin v27.5 (Yoast SEO v27.5) - https:\/\/yoast.com\/product\/yoast-seo-premium-wordpress\/ -->\n<title>Microsoft Edge unterst\u00fctzt jetzt auch AVIF als Grafik - Deskmodder.de<\/title>\n<meta name=\"robots\" content=\"index, follow, max-snippet:-1, max-image-preview:large, max-video-preview:-1\" \/>\n<link rel=\"canonical\" href=\"https:\/\/www.deskmodder.de\/blog\/2023\/04\/16\/microsoft-edge-unterstuetzt-jetzt-auch-avif-als-grafik\/\" \/>\n<meta property=\"og:locale\" content=\"de_DE\" \/>\n<meta property=\"og:type\" content=\"article\" \/>\n<meta property=\"og:title\" content=\"Microsoft Edge unterst\u00fctzt jetzt auch AVIF als Grafik\" \/>\n<meta property=\"og:description\" content=\"Seit 2020 bietet der Google Chrome die Unterst\u00fctzung f\u00fcr das Bildformat AVIF an. Der Firefox folgte dann 2021. Bislang stand diese Funktion beim Edge-Team nicht sehr weit oben auf der To-do-Liste. Aber jetzt hat man es im Edge 114 (derzeit&hellip;\" \/>\n<meta property=\"og:url\" content=\"https:\/\/www.deskmodder.de\/blog\/2023\/04\/16\/microsoft-edge-unterstuetzt-jetzt-auch-avif-als-grafik\/\" \/>\n<meta property=\"og:site_name\" content=\"Deskmodder.de\" \/>\n<meta property=\"article:publisher\" content=\"https:\/\/www.facebook.com\/Deskmodder\" \/>\n<meta property=\"article:published_time\" content=\"2023-04-16T09:20:27+00:00\" \/>\n<meta property=\"article:modified_time\" content=\"2023-04-16T09:28:59+00:00\" \/>\n<meta property=\"og:image\" content=\"https:\/\/www.deskmodder.de\/blog\/wp-content\/uploads\/2023\/04\/avif-microsoft-edge.jpg\" \/>\n\t<meta property=\"og:image:width\" content=\"1365\" \/>\n\t<meta property=\"og:image:height\" content=\"900\" \/>\n\t<meta property=\"og:image:type\" content=\"image\/jpeg\" \/>\n<meta name=\"author\" content=\"moinmoin\" \/>\n<meta name=\"twitter:card\" content=\"summary_large_image\" \/>\n<meta name=\"twitter:creator\" content=\"@Deskmodder\" \/>\n<meta name=\"twitter:site\" content=\"@Deskmodder\" \/>\n<script type=\"application\/ld+json\" class=\"yoast-schema-graph\">{\"@context\":\"https:\\\/\\\/schema.org\",\"@graph\":[{\"@type\":\"Article\",\"@id\":\"https:\\\/\\\/www.deskmodder.de\\\/blog\\\/2023\\\/04\\\/16\\\/microsoft-edge-unterstuetzt-jetzt-auch-avif-als-grafik\\\/#article\",\"isPartOf\":{\"@id\":\"https:\\\/\\\/www.deskmodder.de\\\/blog\\\/2023\\\/04\\\/16\\\/microsoft-edge-unterstuetzt-jetzt-auch-avif-als-grafik\\\/\"},\"author\":{\"name\":\"moinmoin\",\"@id\":\"https:\\\/\\\/www.deskmodder.de\\\/blog\\\/#\\\/schema\\\/person\\\/a40b17a9503c4a1568ac4073bb54182a\"},\"headline\":\"Microsoft Edge unterst\u00fctzt jetzt auch AVIF als Grafik\",\"datePublished\":\"2023-04-16T09:20:27+00:00\",\"dateModified\":\"2023-04-16T09:28:59+00:00\",\"mainEntityOfPage\":{\"@id\":\"https:\\\/\\\/www.deskmodder.de\\\/blog\\\/2023\\\/04\\\/16\\\/microsoft-edge-unterstuetzt-jetzt-auch-avif-als-grafik\\\/\"},\"wordCount\":260,\"commentCount\":24,\"publisher\":{\"@id\":\"https:\\\/\\\/www.deskmodder.de\\\/blog\\\/#organization\"},\"image\":{\"@id\":\"https:\\\/\\\/www.deskmodder.de\\\/blog\\\/2023\\\/04\\\/16\\\/microsoft-edge-unterstuetzt-jetzt-auch-avif-als-grafik\\\/#primaryimage\"},\"thumbnailUrl\":\"https:\\\/\\\/www.deskmodder.de\\\/blog\\\/wp-content\\\/uploads\\\/2023\\\/04\\\/avif-microsoft-edge.jpg\",\"keywords\":[\"AVIF\",\"Microsoft Edge\"],\"articleSection\":[\"Browser\"],\"inLanguage\":\"de\",\"potentialAction\":[{\"@type\":\"CommentAction\",\"name\":\"Comment\",\"target\":[\"https:\\\/\\\/www.deskmodder.de\\\/blog\\\/2023\\\/04\\\/16\\\/microsoft-edge-unterstuetzt-jetzt-auch-avif-als-grafik\\\/#respond\"]}],\"copyrightYear\":\"2023\",\"copyrightHolder\":{\"@id\":\"https:\\\/\\\/www.deskmodder.de\\\/blog\\\/#organization\"}},{\"@type\":\"WebPage\",\"@id\":\"https:\\\/\\\/www.deskmodder.de\\\/blog\\\/2023\\\/04\\\/16\\\/microsoft-edge-unterstuetzt-jetzt-auch-avif-als-grafik\\\/\",\"url\":\"https:\\\/\\\/www.deskmodder.de\\\/blog\\\/2023\\\/04\\\/16\\\/microsoft-edge-unterstuetzt-jetzt-auch-avif-als-grafik\\\/\",\"name\":\"Microsoft Edge unterst\u00fctzt jetzt auch AVIF als Grafik - Deskmodder.de\",\"isPartOf\":{\"@id\":\"https:\\\/\\\/www.deskmodder.de\\\/blog\\\/#website\"},\"primaryImageOfPage\":{\"@id\":\"https:\\\/\\\/www.deskmodder.de\\\/blog\\\/2023\\\/04\\\/16\\\/microsoft-edge-unterstuetzt-jetzt-auch-avif-als-grafik\\\/#primaryimage\"},\"image\":{\"@id\":\"https:\\\/\\\/www.deskmodder.de\\\/blog\\\/2023\\\/04\\\/16\\\/microsoft-edge-unterstuetzt-jetzt-auch-avif-als-grafik\\\/#primaryimage\"},\"thumbnailUrl\":\"https:\\\/\\\/www.deskmodder.de\\\/blog\\\/wp-content\\\/uploads\\\/2023\\\/04\\\/avif-microsoft-edge.jpg\",\"datePublished\":\"2023-04-16T09:20:27+00:00\",\"dateModified\":\"2023-04-16T09:28:59+00:00\",\"breadcrumb\":{\"@id\":\"https:\\\/\\\/www.deskmodder.de\\\/blog\\\/2023\\\/04\\\/16\\\/microsoft-edge-unterstuetzt-jetzt-auch-avif-als-grafik\\\/#breadcrumb\"},\"inLanguage\":\"de\",\"potentialAction\":[{\"@type\":\"ReadAction\",\"target\":[\"https:\\\/\\\/www.deskmodder.de\\\/blog\\\/2023\\\/04\\\/16\\\/microsoft-edge-unterstuetzt-jetzt-auch-avif-als-grafik\\\/\"]}]},{\"@type\":\"ImageObject\",\"inLanguage\":\"de\",\"@id\":\"https:\\\/\\\/www.deskmodder.de\\\/blog\\\/2023\\\/04\\\/16\\\/microsoft-edge-unterstuetzt-jetzt-auch-avif-als-grafik\\\/#primaryimage\",\"url\":\"https:\\\/\\\/www.deskmodder.de\\\/blog\\\/wp-content\\\/uploads\\\/2023\\\/04\\\/avif-microsoft-edge.jpg\",\"contentUrl\":\"https:\\\/\\\/www.deskmodder.de\\\/blog\\\/wp-content\\\/uploads\\\/2023\\\/04\\\/avif-microsoft-edge.jpg\",\"width\":1365,\"height\":900},{\"@type\":\"BreadcrumbList\",\"@id\":\"https:\\\/\\\/www.deskmodder.de\\\/blog\\\/2023\\\/04\\\/16\\\/microsoft-edge-unterstuetzt-jetzt-auch-avif-als-grafik\\\/#breadcrumb\",\"itemListElement\":[{\"@type\":\"ListItem\",\"position\":1,\"name\":\"Startseite\",\"item\":\"https:\\\/\\\/www.deskmodder.de\\\/blog\\\/\"},{\"@type\":\"ListItem\",\"position\":2,\"name\":\"Microsoft Edge unterst\u00fctzt jetzt auch AVIF als Grafik\"}]},{\"@type\":\"WebSite\",\"@id\":\"https:\\\/\\\/www.deskmodder.de\\\/blog\\\/#website\",\"url\":\"https:\\\/\\\/www.deskmodder.de\\\/blog\\\/\",\"name\":\"Deskmodder.de\",\"description\":\"News zum Thema Microsoft, Windows 11 \\\/ 10, sowie anderen Neuigkeiten aus dem Netz, viele Tipps und individuelle Hilfe bei Problemen in unserem Forum \u25cf Deskmodder - seit 2003\",\"publisher\":{\"@id\":\"https:\\\/\\\/www.deskmodder.de\\\/blog\\\/#organization\"},\"potentialAction\":[{\"@type\":\"SearchAction\",\"target\":{\"@type\":\"EntryPoint\",\"urlTemplate\":\"https:\\\/\\\/www.deskmodder.de\\\/blog\\\/?s={search_term_string}\"},\"query-input\":{\"@type\":\"PropertyValueSpecification\",\"valueRequired\":true,\"valueName\":\"search_term_string\"}}],\"inLanguage\":\"de\"},{\"@type\":\"Organization\",\"@id\":\"https:\\\/\\\/www.deskmodder.de\\\/blog\\\/#organization\",\"name\":\"Deskmodder\",\"url\":\"https:\\\/\\\/www.deskmodder.de\\\/blog\\\/\",\"logo\":{\"@type\":\"ImageObject\",\"inLanguage\":\"de\",\"@id\":\"https:\\\/\\\/www.deskmodder.de\\\/blog\\\/#\\\/schema\\\/logo\\\/image\\\/\",\"url\":\"https:\\\/\\\/www.deskmodder.de\\\/blog\\\/wp-content\\\/uploads\\\/2019\\\/01\\\/deskmodder-logo-app.png\",\"contentUrl\":\"https:\\\/\\\/www.deskmodder.de\\\/blog\\\/wp-content\\\/uploads\\\/2019\\\/01\\\/deskmodder-logo-app.png\",\"width\":281,\"height\":286,\"caption\":\"Deskmodder\"},\"image\":{\"@id\":\"https:\\\/\\\/www.deskmodder.de\\\/blog\\\/#\\\/schema\\\/logo\\\/image\\\/\"},\"sameAs\":[\"https:\\\/\\\/www.facebook.com\\\/Deskmodder\",\"https:\\\/\\\/x.com\\\/Deskmodder\",\"https:\\\/\\\/mastodontech.de\\\/@Deskmodder\",\"https:\\\/\\\/www.youtube.com\\\/user\\\/deskmodder\",\"https:\\\/\\\/mewe.com\\\/group\\\/5c83b5231add826fc80cdae1\"]},{\"@type\":\"Person\",\"@id\":\"https:\\\/\\\/www.deskmodder.de\\\/blog\\\/#\\\/schema\\\/person\\\/a40b17a9503c4a1568ac4073bb54182a\",\"name\":\"moinmoin\",\"image\":{\"@type\":\"ImageObject\",\"inLanguage\":\"de\",\"@id\":\"https:\\\/\\\/secure.gravatar.com\\\/avatar\\\/fab96769102f8886245ab411df9a42a235be79261e4b44aa7ab2a555da8b86b4?s=96&d=mm&r=g\",\"url\":\"https:\\\/\\\/secure.gravatar.com\\\/avatar\\\/fab96769102f8886245ab411df9a42a235be79261e4b44aa7ab2a555da8b86b4?s=96&d=mm&r=g\",\"contentUrl\":\"https:\\\/\\\/secure.gravatar.com\\\/avatar\\\/fab96769102f8886245ab411df9a42a235be79261e4b44aa7ab2a555da8b86b4?s=96&d=mm&r=g\",\"caption\":\"moinmoin\"},\"description\":\"Ich bin nicht allwissend, was Windows angeht. Aber genau deshalb nehme ich Windows gerne auseinander und unter die Lupe, um all mein Wissen zu erweitern. J\u00fcrgen\",\"url\":\"https:\\\/\\\/www.deskmodder.de\\\/blog\\\/author\\\/moinmoin\\\/\"}]}<\/script>\n<!-- \/ Yoast SEO Premium plugin. -->","yoast_head_json":{"title":"Microsoft Edge unterst\u00fctzt jetzt auch AVIF als Grafik - Deskmodder.de","robots":{"index":"index","follow":"follow","max-snippet":"max-snippet:-1","max-image-preview":"max-image-preview:large","max-video-preview":"max-video-preview:-1"},"canonical":"https:\/\/www.deskmodder.de\/blog\/2023\/04\/16\/microsoft-edge-unterstuetzt-jetzt-auch-avif-als-grafik\/","og_locale":"de_DE","og_type":"article","og_title":"Microsoft Edge unterst\u00fctzt jetzt auch AVIF als Grafik","og_description":"Seit 2020 bietet der Google Chrome die Unterst\u00fctzung f\u00fcr das Bildformat AVIF an. Der Firefox folgte dann 2021. Bislang stand diese Funktion beim Edge-Team nicht sehr weit oben auf der To-do-Liste. Aber jetzt hat man es im Edge 114 (derzeit&hellip;","og_url":"https:\/\/www.deskmodder.de\/blog\/2023\/04\/16\/microsoft-edge-unterstuetzt-jetzt-auch-avif-als-grafik\/","og_site_name":"Deskmodder.de","article_publisher":"https:\/\/www.facebook.com\/Deskmodder","article_published_time":"2023-04-16T09:20:27+00:00","article_modified_time":"2023-04-16T09:28:59+00:00","og_image":[{"width":1365,"height":900,"url":"https:\/\/www.deskmodder.de\/blog\/wp-content\/uploads\/2023\/04\/avif-microsoft-edge.jpg","type":"image\/jpeg"}],"author":"moinmoin","twitter_card":"summary_large_image","twitter_creator":"@Deskmodder","twitter_site":"@Deskmodder","schema":{"@context":"https:\/\/schema.org","@graph":[{"@type":"Article","@id":"https:\/\/www.deskmodder.de\/blog\/2023\/04\/16\/microsoft-edge-unterstuetzt-jetzt-auch-avif-als-grafik\/#article","isPartOf":{"@id":"https:\/\/www.deskmodder.de\/blog\/2023\/04\/16\/microsoft-edge-unterstuetzt-jetzt-auch-avif-als-grafik\/"},"author":{"name":"moinmoin","@id":"https:\/\/www.deskmodder.de\/blog\/#\/schema\/person\/a40b17a9503c4a1568ac4073bb54182a"},"headline":"Microsoft Edge unterst\u00fctzt jetzt auch AVIF als Grafik","datePublished":"2023-04-16T09:20:27+00:00","dateModified":"2023-04-16T09:28:59+00:00","mainEntityOfPage":{"@id":"https:\/\/www.deskmodder.de\/blog\/2023\/04\/16\/microsoft-edge-unterstuetzt-jetzt-auch-avif-als-grafik\/"},"wordCount":260,"commentCount":24,"publisher":{"@id":"https:\/\/www.deskmodder.de\/blog\/#organization"},"image":{"@id":"https:\/\/www.deskmodder.de\/blog\/2023\/04\/16\/microsoft-edge-unterstuetzt-jetzt-auch-avif-als-grafik\/#primaryimage"},"thumbnailUrl":"https:\/\/www.deskmodder.de\/blog\/wp-content\/uploads\/2023\/04\/avif-microsoft-edge.jpg","keywords":["AVIF","Microsoft Edge"],"articleSection":["Browser"],"inLanguage":"de","potentialAction":[{"@type":"CommentAction","name":"Comment","target":["https:\/\/www.deskmodder.de\/blog\/2023\/04\/16\/microsoft-edge-unterstuetzt-jetzt-auch-avif-als-grafik\/#respond"]}],"copyrightYear":"2023","copyrightHolder":{"@id":"https:\/\/www.deskmodder.de\/blog\/#organization"}},{"@type":"WebPage","@id":"https:\/\/www.deskmodder.de\/blog\/2023\/04\/16\/microsoft-edge-unterstuetzt-jetzt-auch-avif-als-grafik\/","url":"https:\/\/www.deskmodder.de\/blog\/2023\/04\/16\/microsoft-edge-unterstuetzt-jetzt-auch-avif-als-grafik\/","name":"Microsoft Edge unterst\u00fctzt jetzt auch AVIF als Grafik - Deskmodder.de","isPartOf":{"@id":"https:\/\/www.deskmodder.de\/blog\/#website"},"primaryImageOfPage":{"@id":"https:\/\/www.deskmodder.de\/blog\/2023\/04\/16\/microsoft-edge-unterstuetzt-jetzt-auch-avif-als-grafik\/#primaryimage"},"image":{"@id":"https:\/\/www.deskmodder.de\/blog\/2023\/04\/16\/microsoft-edge-unterstuetzt-jetzt-auch-avif-als-grafik\/#primaryimage"},"thumbnailUrl":"https:\/\/www.deskmodder.de\/blog\/wp-content\/uploads\/2023\/04\/avif-microsoft-edge.jpg","datePublished":"2023-04-16T09:20:27+00:00","dateModified":"2023-04-16T09:28:59+00:00","breadcrumb":{"@id":"https:\/\/www.deskmodder.de\/blog\/2023\/04\/16\/microsoft-edge-unterstuetzt-jetzt-auch-avif-als-grafik\/#breadcrumb"},"inLanguage":"de","potentialAction":[{"@type":"ReadAction","target":["https:\/\/www.deskmodder.de\/blog\/2023\/04\/16\/microsoft-edge-unterstuetzt-jetzt-auch-avif-als-grafik\/"]}]},{"@type":"ImageObject","inLanguage":"de","@id":"https:\/\/www.deskmodder.de\/blog\/2023\/04\/16\/microsoft-edge-unterstuetzt-jetzt-auch-avif-als-grafik\/#primaryimage","url":"https:\/\/www.deskmodder.de\/blog\/wp-content\/uploads\/2023\/04\/avif-microsoft-edge.jpg","contentUrl":"https:\/\/www.deskmodder.de\/blog\/wp-content\/uploads\/2023\/04\/avif-microsoft-edge.jpg","width":1365,"height":900},{"@type":"BreadcrumbList","@id":"https:\/\/www.deskmodder.de\/blog\/2023\/04\/16\/microsoft-edge-unterstuetzt-jetzt-auch-avif-als-grafik\/#breadcrumb","itemListElement":[{"@type":"ListItem","position":1,"name":"Startseite","item":"https:\/\/www.deskmodder.de\/blog\/"},{"@type":"ListItem","position":2,"name":"Microsoft Edge unterst\u00fctzt jetzt auch AVIF als Grafik"}]},{"@type":"WebSite","@id":"https:\/\/www.deskmodder.de\/blog\/#website","url":"https:\/\/www.deskmodder.de\/blog\/","name":"Deskmodder.de","description":"News zum Thema Microsoft, Windows 11 \/ 10, sowie anderen Neuigkeiten aus dem Netz, viele Tipps und individuelle Hilfe bei Problemen in unserem Forum \u25cf Deskmodder - seit 2003","publisher":{"@id":"https:\/\/www.deskmodder.de\/blog\/#organization"},"potentialAction":[{"@type":"SearchAction","target":{"@type":"EntryPoint","urlTemplate":"https:\/\/www.deskmodder.de\/blog\/?s={search_term_string}"},"query-input":{"@type":"PropertyValueSpecification","valueRequired":true,"valueName":"search_term_string"}}],"inLanguage":"de"},{"@type":"Organization","@id":"https:\/\/www.deskmodder.de\/blog\/#organization","name":"Deskmodder","url":"https:\/\/www.deskmodder.de\/blog\/","logo":{"@type":"ImageObject","inLanguage":"de","@id":"https:\/\/www.deskmodder.de\/blog\/#\/schema\/logo\/image\/","url":"https:\/\/www.deskmodder.de\/blog\/wp-content\/uploads\/2019\/01\/deskmodder-logo-app.png","contentUrl":"https:\/\/www.deskmodder.de\/blog\/wp-content\/uploads\/2019\/01\/deskmodder-logo-app.png","width":281,"height":286,"caption":"Deskmodder"},"image":{"@id":"https:\/\/www.deskmodder.de\/blog\/#\/schema\/logo\/image\/"},"sameAs":["https:\/\/www.facebook.com\/Deskmodder","https:\/\/x.com\/Deskmodder","https:\/\/mastodontech.de\/@Deskmodder","https:\/\/www.youtube.com\/user\/deskmodder","https:\/\/mewe.com\/group\/5c83b5231add826fc80cdae1"]},{"@type":"Person","@id":"https:\/\/www.deskmodder.de\/blog\/#\/schema\/person\/a40b17a9503c4a1568ac4073bb54182a","name":"moinmoin","image":{"@type":"ImageObject","inLanguage":"de","@id":"https:\/\/secure.gravatar.com\/avatar\/fab96769102f8886245ab411df9a42a235be79261e4b44aa7ab2a555da8b86b4?s=96&d=mm&r=g","url":"https:\/\/secure.gravatar.com\/avatar\/fab96769102f8886245ab411df9a42a235be79261e4b44aa7ab2a555da8b86b4?s=96&d=mm&r=g","contentUrl":"https:\/\/secure.gravatar.com\/avatar\/fab96769102f8886245ab411df9a42a235be79261e4b44aa7ab2a555da8b86b4?s=96&d=mm&r=g","caption":"moinmoin"},"description":"Ich bin nicht allwissend, was Windows angeht. Aber genau deshalb nehme ich Windows gerne auseinander und unter die Lupe, um all mein Wissen zu erweitern. J\u00fcrgen","url":"https:\/\/www.deskmodder.de\/blog\/author\/moinmoin\/"}]}},"jetpack_publicize_connections":[],"jetpack_featured_media_url":"https:\/\/www.deskmodder.de\/blog\/wp-content\/uploads\/2023\/04\/avif-microsoft-edge.jpg","_links":{"self":[{"href":"https:\/\/www.deskmodder.de\/blog\/wp-json\/wp\/v2\/posts\/177299","targetHints":{"allow":["GET"]}}],"collection":[{"href":"https:\/\/www.deskmodder.de\/blog\/wp-json\/wp\/v2\/posts"}],"about":[{"href":"https:\/\/www.deskmodder.de\/blog\/wp-json\/wp\/v2\/types\/post"}],"author":[{"embeddable":true,"href":"https:\/\/www.deskmodder.de\/blog\/wp-json\/wp\/v2\/users\/134"}],"replies":[{"embeddable":true,"href":"https:\/\/www.deskmodder.de\/blog\/wp-json\/wp\/v2\/comments?post=177299"}],"version-history":[{"count":2,"href":"https:\/\/www.deskmodder.de\/blog\/wp-json\/wp\/v2\/posts\/177299\/revisions"}],"predecessor-version":[{"id":177302,"href":"https:\/\/www.deskmodder.de\/blog\/wp-json\/wp\/v2\/posts\/177299\/revisions\/177302"}],"wp:featuredmedia":[{"embeddable":true,"href":"https:\/\/www.deskmodder.de\/blog\/wp-json\/wp\/v2\/media\/177301"}],"wp:attachment":[{"href":"https:\/\/www.deskmodder.de\/blog\/wp-json\/wp\/v2\/media?parent=177299"}],"wp:term":[{"taxonomy":"category","embeddable":true,"href":"https:\/\/www.deskmodder.de\/blog\/wp-json\/wp\/v2\/categories?post=177299"},{"taxonomy":"post_tag","embeddable":true,"href":"https:\/\/www.deskmodder.de\/blog\/wp-json\/wp\/v2\/tags?post=177299"}],"curies":[{"name":"wp","href":"https:\/\/api.w.org\/{rel}","templated":true}]}}