{"id":176596,"date":"2023-03-22T13:27:14","date_gmt":"2023-03-22T12:27:14","guid":{"rendered":"https:\/\/www.deskmodder.de\/blog\/?p=176596"},"modified":"2023-03-22T13:27:14","modified_gmt":"2023-03-22T12:27:14","slug":"fritzbox-7530-ax-mit-fritzos-7-51-labor-update","status":"publish","type":"post","link":"https:\/\/www.deskmodder.de\/blog\/2023\/03\/22\/fritzbox-7530-ax-mit-fritzos-7-51-labor-update\/","title":{"rendered":"FRITZ!Box 7530 AX mit FRITZ!OS 7.51 Labor Update"},"content":{"rendered":"<p>Die FRITZ!Box 7530 AX bekommt heute ein neues Labor-Update von AVM spendiert. Das FRITZ!OS ist dann auf der Version 7.51-104131. Mal sehen, welche Boxen heute noch folgen werden. Wird ja langsam zur Normalit\u00e4t, dass die Updates nach und nach ver\u00f6ffentlicht werden.<\/p>\n<p><a href=\"https:\/\/www.deskmodder.de\/blog\/wp-content\/uploads\/2022\/06\/fritzbox-7530-ax-labor-neu.jpg\" rel=\"lightbox[176596]\"><img loading=\"lazy\" decoding=\"async\" src=\"https:\/\/www.deskmodder.de\/blog\/wp-content\/uploads\/2022\/06\/fritzbox-7530-ax-labor-neu-500x281.jpg\" alt=\"\" width=\"500\" height=\"281\" class=\"aligncenter size-medium wp-image-166778\" srcset=\"https:\/\/www.deskmodder.de\/blog\/wp-content\/uploads\/2022\/06\/fritzbox-7530-ax-labor-neu-500x281.jpg 500w, https:\/\/www.deskmodder.de\/blog\/wp-content\/uploads\/2022\/06\/fritzbox-7530-ax-labor-neu-810x456.jpg 810w, https:\/\/www.deskmodder.de\/blog\/wp-content\/uploads\/2022\/06\/fritzbox-7530-ax-labor-neu-306x172.jpg 306w, https:\/\/www.deskmodder.de\/blog\/wp-content\/uploads\/2022\/06\/fritzbox-7530-ax-labor-neu.jpg 1280w\" sizes=\"auto, (max-width: 500px) 100vw, 500px\" \/><\/a><\/p>\n<p>Schaut man sich die Liste der Release Notes f\u00fcr die FRITZ!Box 7530 AX an, dann sieht man, dass die Anzahl der Korrekturen immer kleiner wird. Jetzt zum zweiten Mal wurde nur die Stabilit\u00e4t verbessert. Ein gutes Zeichen? Mal sehen.<\/p>\n<p>Das Update kann wie immer \u00fcber die Einstellungen installiert werden. Manuell kann man die *.image Datei auf der <a href=\"https:\/\/avm.de\/fritz-labor\/frisch-aus-der-entwicklung\/frisch-aus-der-entwicklung\/\" rel=\"noopener\" target=\"_blank\">AVM-Seite<\/a> herunterladen und installieren.<\/p>\n","protected":false},"excerpt":{"rendered":"<p>Die FRITZ!Box 7530 AX bekommt heute ein neues Labor-Update von AVM spendiert. Das FRITZ!OS ist dann auf der Version 7.51-104131. Mal sehen, welche Boxen heute noch folgen werden. Wird ja langsam zur Normalit\u00e4t, dass die Updates nach und nach ver\u00f6ffentlicht&hellip; <\/p>\n","protected":false},"author":134,"featured_media":166778,"comment_status":"open","ping_status":"open","sticky":false,"template":"","format":"standard","meta":{"jetpack_post_was_ever_published":false,"footnotes":"","jetpack_publicize_message":"","jetpack_publicize_feature_enabled":true,"jetpack_social_post_already_shared":false,"jetpack_social_options":{"image_generator_settings":{"template":"highway","default_image_id":0,"font":"","enabled":false},"version":2}},"categories":[1286,152],"tags":[79679],"class_list":["post-176596","post","type-post","status-publish","format-standard","has-post-thumbnail","hentry","category-hardware","category-software","tag-fritzbox-7530-ax"],"wp_featured_image":{"id":166778,"alt_text":"","description":"","media_type":"image","media_details":{"width":1280,"height":720,"file":"2022\/06\/fritzbox-7530-ax-labor-neu.jpg","filesize":123451,"sizes":{"medium":{"file":"fritzbox-7530-ax-labor-neu-500x281.jpg","width":500,"height":281,"mime-type":"image\/jpeg","filesize":12456,"source_url":"https:\/\/www.deskmodder.de\/blog\/wp-content\/uploads\/2022\/06\/fritzbox-7530-ax-labor-neu-500x281.jpg"},"large":{"file":"fritzbox-7530-ax-labor-neu-810x456.jpg","width":810,"height":456,"mime-type":"image\/jpeg","filesize":23841,"source_url":"https:\/\/www.deskmodder.de\/blog\/wp-content\/uploads\/2022\/06\/fritzbox-7530-ax-labor-neu-810x456.jpg"},"thumbnail":{"file":"fritzbox-7530-ax-labor-neu-306x172.jpg","width":306,"height":172,"mime-type":"image\/jpeg","filesize":6379,"source_url":"https:\/\/www.deskmodder.de\/blog\/wp-content\/uploads\/2022\/06\/fritzbox-7530-ax-labor-neu-306x172.jpg"},"blog-large":{"file":"fritzbox-7530-ax-labor-neu-642x300.jpg","width":642,"height":300,"mime-type":"image\/jpeg","filesize":17019,"source_url":"https:\/\/www.deskmodder.de\/blog\/wp-content\/uploads\/2022\/06\/fritzbox-7530-ax-labor-neu-642x300.jpg"},"blog-medium":{"file":"fritzbox-7530-ax-labor-neu-306x205.jpg","width":306,"height":205,"mime-type":"image\/jpeg","filesize":7099,"source_url":"https:\/\/www.deskmodder.de\/blog\/wp-content\/uploads\/2022\/06\/fritzbox-7530-ax-labor-neu-306x205.jpg"},"recent-thumb":{"file":"fritzbox-7530-ax-labor-neu-350x316.jpg","width":350,"height":316,"mime-type":"image\/jpeg","filesize":10561,"source_url":"https:\/\/www.deskmodder.de\/blog\/wp-content\/uploads\/2022\/06\/fritzbox-7530-ax-labor-neu-350x316.jpg"},"service-featured":{"file":"fritzbox-7530-ax-labor-neu-600x330.jpg","width":600,"height":330,"mime-type":"image\/jpeg","filesize":15900,"source_url":"https:\/\/www.deskmodder.de\/blog\/wp-content\/uploads\/2022\/06\/fritzbox-7530-ax-labor-neu-600x330.jpg"},"wp_rp_thumbnail":{"file":"fritzbox-7530-ax-labor-neu-50x50.jpg","width":50,"height":50,"mime-type":"image\/jpeg","filesize":916,"source_url":"https:\/\/www.deskmodder.de\/blog\/wp-content\/uploads\/2022\/06\/fritzbox-7530-ax-labor-neu-50x50.jpg"}},"image_meta":{"aperture":"0","credit":"","camera":"","caption":"","created_timestamp":"0","copyright":"","focal_length":"0","iso":"0","shutter_speed":"0","title":"","orientation":"0","keywords":[]}},"post":166777,"source_url":"https:\/\/www.deskmodder.de\/blog\/wp-content\/uploads\/2022\/06\/fritzbox-7530-ax-labor-neu.jpg"},"commentcount":27,"wp_comments":[{"id":235731,"parent":0,"author":4818,"author_name":"Rainbird-1","author_email":"rainbird-1@gscmail.de","author_url":"","author_avatar_urls":{"24":"https:\/\/secure.gravatar.com\/avatar\/052127bd971f162e0d3551782b76fee26315e916f97517bef302a8abd0f51d7a?s=24&d=mm&r=g","48":"https:\/\/secure.gravatar.com\/avatar\/052127bd971f162e0d3551782b76fee26315e916f97517bef302a8abd0f51d7a?s=48&d=mm&r=g","96":"https:\/\/secure.gravatar.com\/avatar\/052127bd971f162e0d3551782b76fee26315e916f97517bef302a8abd0f51d7a?s=96&d=mm&r=g"},"date":"2023-03-22T13:31:17","cld_nonce":"a2168cecf9","content":{"rendered":"<p>Naja, &#8222;normal&#8220; ist das nicht&#8230;<br \/>\n&#8230;es ist das unmittelbare &#8222;Scheitern&#8220; an den eigenen Produkten. Ob externe Chips\/SOC&#8217;s hin oder her, aber wenn man gewusst h\u00e4tte was AVM mit den AX-Boxen treibt, h\u00e4tte man fr\u00fchzeitig Abstand davon genommen. Ich hatte damalig das &#8222;Upgrade&#8220; von der 7590 auf 7590AX vollzogen. Man kann sich im Nachhinein nur \u00c4rgern (sowohl \u00fcber den Umgang der Produktpflege als auch \u00fcber die Kohle die investiert wurde)!<\/p>\n"},"status":"1"},{"id":235742,"parent":0,"author":0,"author_name":"Herbert","author_email":"herbert.fasse@gmail.com","author_url":"","author_avatar_urls":{"24":"https:\/\/secure.gravatar.com\/avatar\/4b2e7a91ce103d3ac3b3de55445895c289452b122fee4f9a226d0b627269be1a?s=24&d=mm&r=g","48":"https:\/\/secure.gravatar.com\/avatar\/4b2e7a91ce103d3ac3b3de55445895c289452b122fee4f9a226d0b627269be1a?s=48&d=mm&r=g","96":"https:\/\/secure.gravatar.com\/avatar\/4b2e7a91ce103d3ac3b3de55445895c289452b122fee4f9a226d0b627269be1a?s=96&d=mm&r=g"},"date":"2023-03-22T15:16:08","cld_nonce":"a2168cecf9","content":{"rendered":"<p>Crybirds Lieblingsthema.<\/p>\n"},"status":"1"},{"id":235743,"parent":235742,"author":4818,"author_name":"Rainbird-1","author_email":"rainbird-1@gscmail.de","author_url":"","author_avatar_urls":{"24":"https:\/\/secure.gravatar.com\/avatar\/052127bd971f162e0d3551782b76fee26315e916f97517bef302a8abd0f51d7a?s=24&d=mm&r=g","48":"https:\/\/secure.gravatar.com\/avatar\/052127bd971f162e0d3551782b76fee26315e916f97517bef302a8abd0f51d7a?s=48&d=mm&r=g","96":"https:\/\/secure.gravatar.com\/avatar\/052127bd971f162e0d3551782b76fee26315e916f97517bef302a8abd0f51d7a?s=96&d=mm&r=g"},"date":"2023-03-22T15:37:09","cld_nonce":"a2168cecf9","content":{"rendered":"<p>TOP Kommentar, zu mehr reichts wohl nicht!? Leute die Ihren Sinn nur darin sehen, andere anzugehen, m\u00fcssen mit Ihrem eigenen Leben anscheinend sehr unzufrieden sein, oder?<\/p>\n"},"status":"1"},{"id":235744,"parent":235743,"author":0,"author_name":"Exe","author_email":"exe.exe@gmail.com","author_url":"","author_avatar_urls":{"24":"https:\/\/secure.gravatar.com\/avatar\/5d19d855d339d983146c5804635539864c7c34743216ff16a7ad003043ad6442?s=24&d=mm&r=g","48":"https:\/\/secure.gravatar.com\/avatar\/5d19d855d339d983146c5804635539864c7c34743216ff16a7ad003043ad6442?s=48&d=mm&r=g","96":"https:\/\/secure.gravatar.com\/avatar\/5d19d855d339d983146c5804635539864c7c34743216ff16a7ad003043ad6442?s=96&d=mm&r=g"},"date":"2023-03-22T16:57:42","cld_nonce":"a2168cecf9","content":{"rendered":"<p>Nein. Schreib AVM.<\/p>\n"},"status":"1"},{"id":235746,"parent":235744,"author":4818,"author_name":"Rainbird-1","author_email":"rainbird-1@gscmail.de","author_url":"","author_avatar_urls":{"24":"https:\/\/secure.gravatar.com\/avatar\/052127bd971f162e0d3551782b76fee26315e916f97517bef302a8abd0f51d7a?s=24&d=mm&r=g","48":"https:\/\/secure.gravatar.com\/avatar\/052127bd971f162e0d3551782b76fee26315e916f97517bef302a8abd0f51d7a?s=48&d=mm&r=g","96":"https:\/\/secure.gravatar.com\/avatar\/052127bd971f162e0d3551782b76fee26315e916f97517bef302a8abd0f51d7a?s=96&d=mm&r=g"},"date":"2023-03-22T17:21:00","cld_nonce":"a2168cecf9","content":{"rendered":"<p>Mag in Deiner Welt nicht vorkommen, aber wer sagt denn, dass ich mich nicht auch bei AVM \u00fcber Probleme mit meiner Box beschwere?<\/p>\n<p>Problem in unserer Gesellschaft, dass jeder nur noch dass &#8222;frisst&#8220; was er hingeworfen bekommt. Gibt es noch Leute die aufstehen und Ihre Meinung sagen? Leute welche sich hier mit solchen Kommentaren melden, mit denen ist im wahren Leben auch nicht viel anzufangen. Andere machen lassen und sich hinter diesen &#8222;verstecken&#8220; und kritisieren. Anschlie\u00dfend wenn etwas erreicht wurde aus dem Loch kommen und vom Ganzen abhaben wollen. Solche Leute sind es doch, die hier nur kritisieren. <\/p>\n<p>Monet\u00e4re Optimierer, Egoisten und Neider. Keine Eigene Meinung, nur die Meinung anderer diskreditieren.  Macht doch ebenfalls Euren Mund auf wenn Ihr etwas zu sagen habt. Keine &#8222;Eier&#8220; in der Hose um die Kritik die Ihr anderen zu Teil haben lasst selbst einzustecken? \u00c4u\u00dfert Euch doch zu Themen, oder lasst Kommentare anderer stehen, nennt sich im \u00dcbrigen Demokratie (Meinungsfreiheit). Der IQ eines Menschen sollte so gesteuert sein, dass dies auf fachlicher Ebene erfolgt (Kritik, etc.), bei manchen tickt da etwas anders. M\u00fcssen andere unter der &#8222;Meinungsfreiheit&#8220; ja auch aushalten, oder meinst Du die hier vertretenen Kommentare sind nicht ebenfalls so unn\u00f6tig f\u00fcr mich und viele andere (die diese eben nicht kommentieren und sich Ihren Teil denken) wie Du oder auch andere, denn meine empfindest?<\/p>\n<p>Ihr nutzt dieses Forum doch ebenfalls, um Euren Drang anderen etwas aufb\u00fcrden zu wollen, umzusetzen. Wenn es nicht zum Thema ist, sondern andere nur kritisiert, dann lasst doch diese Kommentare. Getreu dem Motto: &#8222;Am A&#8230; vorbei f\u00fchrt auch ein Weg&#8220;.<\/p>\n"},"status":"1"},{"id":235751,"parent":235746,"author":0,"author_name":"Raffi","author_email":"Raffi@toepel.com","author_url":"","author_avatar_urls":{"24":"https:\/\/secure.gravatar.com\/avatar\/073cd035f7887530df0bdd24bb293e64649d3cd5490bb5b6493c35cc2bb1023b?s=24&d=mm&r=g","48":"https:\/\/secure.gravatar.com\/avatar\/073cd035f7887530df0bdd24bb293e64649d3cd5490bb5b6493c35cc2bb1023b?s=48&d=mm&r=g","96":"https:\/\/secure.gravatar.com\/avatar\/073cd035f7887530df0bdd24bb293e64649d3cd5490bb5b6493c35cc2bb1023b?s=96&d=mm&r=g"},"date":"2023-03-22T18:12:32","cld_nonce":"a2168cecf9","content":{"rendered":"<p>&#8222;Andere machen lassen und sich hinter diesen \u201cverstecken\u201d und kritisieren.&#8220;<br \/>\nNur Du kritisiert (am falschen Ort) und nennst es &#8222;Meinungsfreiheit&#8220;, ohne nur zu erahnen, was der Begriff bedeutet. Tipp: er bedeutet nicht, anonym im Netz \u00fcber den Charakter Dritter zu urteilen, wenn Sie feststellen: Du nervst. Alle Anderen schmunzeln und ignorieren Dich.<\/p>\n"},"status":"1"},{"id":235759,"parent":235751,"author":4818,"author_name":"Rainbird-1","author_email":"rainbird-1@gscmail.de","author_url":"","author_avatar_urls":{"24":"https:\/\/secure.gravatar.com\/avatar\/052127bd971f162e0d3551782b76fee26315e916f97517bef302a8abd0f51d7a?s=24&d=mm&r=g","48":"https:\/\/secure.gravatar.com\/avatar\/052127bd971f162e0d3551782b76fee26315e916f97517bef302a8abd0f51d7a?s=48&d=mm&r=g","96":"https:\/\/secure.gravatar.com\/avatar\/052127bd971f162e0d3551782b76fee26315e916f97517bef302a8abd0f51d7a?s=96&d=mm&r=g"},"date":"2023-03-22T19:14:51","cld_nonce":"a2168cecf9","content":{"rendered":"<p>Deren gutes Recht.<\/p>\n<p>Leider tun Sie das nicht (im \u00fcbrigen Du ja auch nicht). Meine Meinung.<\/p>\n<p>Und ich kritisiere an dem AVM verursachten Umstand der Updates und nicht an anderen, w\u00e4hrend andere nur auf Kommentare warten um sich darauf zu st\u00fcrzen (pers\u00f6nlich und nicht sachlich) das ist der Unterschied den Du anscheinend auch nicht verstehst. Ich habe mit diesem Kommentar den Du zitierst meinen Standpunkt klargestellt und keinen Nutzer im eigentlichen Teil angesprochen sondern dies allgemein gehalten.<br \/>\nGlaube mir ich brauche Deine genannte Anonymit\u00e4t des Netzes nicht f\u00fcr meine Meinung, die vertrete ich auch real, das nennt man Authentisch.<br \/>\nIch beziehe mich auf den Artikel und werde pers\u00f6nlich angegangen, dass ist die Realit\u00e4t. Sachlichkeit und Pers\u00f6nlichkeit ist hier das Stichwort.<br \/>\nOb meine Kommentare gefallen oder nicht ist mir egal (Stichwort freie Meinungs\u00e4u\u00dferung). Ich gehe auch niemanden deswegen an.<br \/>\nMein vorheriger Kommentar ist im zweiten Teil absolut allgemein gehalten! Ich nenne keinen Nutzer! Aber hey sollen sich doch andere hinter der Anonymit\u00e4t verstecken, das geht in Ordnung.<br \/>\nSchon komisch, dass die AVM Artikel immer in die Psychologische Therapie abtriften, bei denen manche Ihre Traumas und schlechte Manieren therapieren m\u00fcssen!<\/p>\n<p>Sollte moimoin vielleicht immer noch \u201eTherapiestunde\u201c mit in die Schlagzeile h\u00e4ngen <img src=\"https:\/\/www.deskmodder.de\/blog\/wp-content\/plugins\/classic-smilies\/img\/icon_smile.gif\" alt=\":-)\" class=\"wp-smiley\" \/><br \/>\nDer AVM Knigge<\/p>\n"},"status":"1"},{"id":235762,"parent":235751,"author":6969,"author_name":"JosefAP","author_email":"j.patzinger@outlook.com","author_url":"","author_avatar_urls":{"24":"https:\/\/secure.gravatar.com\/avatar\/2cfaebb9a6334e8b4cb4a044be59c0182ea57e07bc774ccf4cf6716bf75ccdfa?s=24&d=mm&r=g","48":"https:\/\/secure.gravatar.com\/avatar\/2cfaebb9a6334e8b4cb4a044be59c0182ea57e07bc774ccf4cf6716bf75ccdfa?s=48&d=mm&r=g","96":"https:\/\/secure.gravatar.com\/avatar\/2cfaebb9a6334e8b4cb4a044be59c0182ea57e07bc774ccf4cf6716bf75ccdfa?s=96&d=mm&r=g"},"date":"2023-03-22T19:21:35","cld_nonce":"a2168cecf9","content":{"rendered":"<p>Er ist halt so, der \u00c4rmste. <img src=\"https:\/\/www.deskmodder.de\/blog\/wp-content\/plugins\/classic-smilies\/img\/icon_biggrin.gif\" alt=\":-D\" class=\"wp-smiley\" \/><br \/>\n<i>gepostet mit der <a href=\"https:\/\/www.microsoft.com\/store\/apps\/9wzdncrdfx92\" rel=\"nofollow ugc\">Deskmodder.de-App<\/a><\/i><\/p>\n"},"status":"1"},{"id":235774,"parent":235762,"author":3668,"author_name":"Mitole","author_email":"mitole@outlook.de","author_url":"","author_avatar_urls":{"24":"https:\/\/secure.gravatar.com\/avatar\/cb3ea655febaad79e3e3d5498eead4b0eeb564b37af52a7b9d2abae3a378fce5?s=24&d=mm&r=g","48":"https:\/\/secure.gravatar.com\/avatar\/cb3ea655febaad79e3e3d5498eead4b0eeb564b37af52a7b9d2abae3a378fce5?s=48&d=mm&r=g","96":"https:\/\/secure.gravatar.com\/avatar\/cb3ea655febaad79e3e3d5498eead4b0eeb564b37af52a7b9d2abae3a378fce5?s=96&d=mm&r=g"},"date":"2023-03-22T22:55:17","cld_nonce":"a2168cecf9","content":{"rendered":"<p>Ich habe ja schon l\u00e4nger nicht mehr hier reingeschaut aber h\u00e4lt der immer solche Vortr\u00e4ge wenn es um AVM geht? <img src=\"https:\/\/www.deskmodder.de\/blog\/wp-content\/plugins\/classic-smilies\/img\/icon_confused.gif\" alt=\":-?\" class=\"wp-smiley\" \/> <img src=\"https:\/\/www.deskmodder.de\/blog\/wp-content\/plugins\/classic-smilies\/img\/icon_confused.gif\" alt=\":-?\" class=\"wp-smiley\" \/><br \/>\n<i>gepostet mit der <a href=\"https:\/\/www.microsoft.com\/store\/apps\/9wzdncrdfx92\" rel=\"nofollow ugc\">Deskmodder.de-App<\/a><\/i><\/p>\n"},"status":"1"},{"id":235778,"parent":235774,"author":6969,"author_name":"JosefAP","author_email":"j.patzinger@outlook.com","author_url":"","author_avatar_urls":{"24":"https:\/\/secure.gravatar.com\/avatar\/2cfaebb9a6334e8b4cb4a044be59c0182ea57e07bc774ccf4cf6716bf75ccdfa?s=24&d=mm&r=g","48":"https:\/\/secure.gravatar.com\/avatar\/2cfaebb9a6334e8b4cb4a044be59c0182ea57e07bc774ccf4cf6716bf75ccdfa?s=48&d=mm&r=g","96":"https:\/\/secure.gravatar.com\/avatar\/2cfaebb9a6334e8b4cb4a044be59c0182ea57e07bc774ccf4cf6716bf75ccdfa?s=96&d=mm&r=g"},"date":"2023-03-22T23:48:14","cld_nonce":"a2168cecf9","content":{"rendered":"<p>Ja permanent, ich glaube das ist eine AVM Neurose. Oder seine Tabletten sind aus. <img src=\"https:\/\/www.deskmodder.de\/blog\/wp-content\/plugins\/classic-smilies\/img\/icon_biggrin.gif\" alt=\":-D\" class=\"wp-smiley\" \/><br \/>\n<i>gepostet mit der <a href=\"https:\/\/www.microsoft.com\/store\/apps\/9wzdncrdfx92\" rel=\"nofollow ugc\">Deskmodder.de-App<\/a><\/i><\/p>\n"},"status":"1"},{"id":235781,"parent":0,"author":0,"author_name":"Husti","author_email":"FH1822@Vivaldi.net","author_url":"","author_avatar_urls":{"24":"https:\/\/secure.gravatar.com\/avatar\/b387e8b24f638019dd1b978f21fc79f455ceaad374cd87f703298d289a26a4b0?s=24&d=mm&r=g","48":"https:\/\/secure.gravatar.com\/avatar\/b387e8b24f638019dd1b978f21fc79f455ceaad374cd87f703298d289a26a4b0?s=48&d=mm&r=g","96":"https:\/\/secure.gravatar.com\/avatar\/b387e8b24f638019dd1b978f21fc79f455ceaad374cd87f703298d289a26a4b0?s=96&d=mm&r=g"},"date":"2023-03-23T07:46:18","cld_nonce":"a2168cecf9","content":{"rendered":"<p>Ich finde es inzwischen auch mehr als irritierend, das seit Dez.2022, also seit gut 3 Monaten (!), die 7590 u.a. die 7.50er Firmware haben und stabil DSL\/WLAN\/LAN\/Telefonie-seitig funktionieren und die 7590 AX sowie 7530 AX so hinterher hinken.<\/p>\n<p>Im Glauben, das die 7.50er Firmware f\u00fcr meine 7590 AX relativ zeitnah nach der 7590 kommt, habe ich im Dez.2022 die damals aktuelle Labor installiert &#8230; und jetzt 3 Monate sp\u00e4ter &#8230; immer noch Labor &#8230;<br \/>\nOk, alles was ich nutze, funktioniert bzw. mir sind keine gravierenden Probleme aufgefallen &#8230;<\/p>\n<p>AVM, Sorry, bei allem guten Willen, ich kann es nicht nachvollziehen &#8230;<\/p>\n<p>Sobald die FRITZ!Box 5690 Pro verf\u00fcgbar ist, werde ich vermutlich umschwenken.<\/p>\n"},"status":"1"},{"id":235785,"parent":235778,"author":4818,"author_name":"Rainbird-1","author_email":"rainbird-1@gscmail.de","author_url":"","author_avatar_urls":{"24":"https:\/\/secure.gravatar.com\/avatar\/052127bd971f162e0d3551782b76fee26315e916f97517bef302a8abd0f51d7a?s=24&d=mm&r=g","48":"https:\/\/secure.gravatar.com\/avatar\/052127bd971f162e0d3551782b76fee26315e916f97517bef302a8abd0f51d7a?s=48&d=mm&r=g","96":"https:\/\/secure.gravatar.com\/avatar\/052127bd971f162e0d3551782b76fee26315e916f97517bef302a8abd0f51d7a?s=96&d=mm&r=g"},"date":"2023-03-23T08:09:53","cld_nonce":"a2168cecf9","content":{"rendered":"<p>Tja so wie manche nicht merken, dass sie auf die gleiche Weise Kommentare verfassen, welche ebenfalls immer in die gleiche Richtung gehen.<\/p>\n<p>Vielleicht sollte man solche Foren die andere angehen mal zur \u00dcberwachung stellen, ich sitze da an Quellen\u2026<\/p>\n<p>\u2026den Boardbetreiber wird es sicherlich nicht freuen!<\/p>\n"},"status":"1"},{"id":235802,"parent":235781,"author":0,"author_name":"Apopex","author_email":"apopex@outlook.de","author_url":"","author_avatar_urls":{"24":"https:\/\/secure.gravatar.com\/avatar\/09326a6809d2ab5a4c330ce06ecedf532654be4d8087753391a86d1cd613eff5?s=24&d=mm&r=g","48":"https:\/\/secure.gravatar.com\/avatar\/09326a6809d2ab5a4c330ce06ecedf532654be4d8087753391a86d1cd613eff5?s=48&d=mm&r=g","96":"https:\/\/secure.gravatar.com\/avatar\/09326a6809d2ab5a4c330ce06ecedf532654be4d8087753391a86d1cd613eff5?s=96&d=mm&r=g"},"date":"2023-03-23T10:11:24","cld_nonce":"a2168cecf9","content":{"rendered":"<p>Also meine 7590 l\u00e4uft seit dem Update im Dezember nicht so wirklich stabil, ab und an reisst das Internet oder die Telefonie ab und die Fritz Box w\u00e4hlt sich erst nach einem neustart wieder ein.<br \/>\nDiese Probleme hatte ich vorher nicht.<br \/>\nSchlie\u00dfe ich eine alte 7390 oder 7490 an, dann treten die abrisse nicht auf.<br \/>\nJedenfalls lief die 7590 bei mir vor dem Update Fehlerfrei, da pfeife ich auf neue Funktionen die ich eh nicht<br \/>\nben\u00f6tige.<\/p>\n<p>Mein Bruder hat WLAN probleme mit seiner 7530AX&#8230; f\u00fcr mich ist AVM erstmal durch.<br \/>\nWerde nicht mehr das neuste Produkt von denen kaufen, schon gar nicht wenn die neue Generation \u00fcber 400+\u20ac kosten soll.. wenn das der Firma mal nicht das genick bricht, glaube die wenigsten sind bereit 400\u20ac und mehr f\u00fcr einen Router aus zu geben.<\/p>\n"},"status":"1"},{"id":235805,"parent":235785,"author":6969,"author_name":"JosefAP","author_email":"j.patzinger@outlook.com","author_url":"","author_avatar_urls":{"24":"https:\/\/secure.gravatar.com\/avatar\/2cfaebb9a6334e8b4cb4a044be59c0182ea57e07bc774ccf4cf6716bf75ccdfa?s=24&d=mm&r=g","48":"https:\/\/secure.gravatar.com\/avatar\/2cfaebb9a6334e8b4cb4a044be59c0182ea57e07bc774ccf4cf6716bf75ccdfa?s=48&d=mm&r=g","96":"https:\/\/secure.gravatar.com\/avatar\/2cfaebb9a6334e8b4cb4a044be59c0182ea57e07bc774ccf4cf6716bf75ccdfa?s=96&d=mm&r=g"},"date":"2023-03-23T10:26:41","cld_nonce":"a2168cecf9","content":{"rendered":"<p>Angst steigt in mir hoch vor dem &#8222;Quellensitzer&#8220;. <img src=\"https:\/\/www.deskmodder.de\/blog\/wp-content\/plugins\/classic-smilies\/img\/icon_mrgreen.gif\" alt=\":mrgreen:\" class=\"wp-smiley\" \/><br \/>\n<i>gepostet mit der <a href=\"https:\/\/www.microsoft.com\/store\/apps\/9wzdncrdfx92\" rel=\"nofollow ugc\">Deskmodder.de-App<\/a><\/i><\/p>\n"},"status":"1"},{"id":235806,"parent":235778,"author":4818,"author_name":"Rainbird-1","author_email":"rainbird-1@gscmail.de","author_url":"","author_avatar_urls":{"24":"https:\/\/secure.gravatar.com\/avatar\/052127bd971f162e0d3551782b76fee26315e916f97517bef302a8abd0f51d7a?s=24&d=mm&r=g","48":"https:\/\/secure.gravatar.com\/avatar\/052127bd971f162e0d3551782b76fee26315e916f97517bef302a8abd0f51d7a?s=48&d=mm&r=g","96":"https:\/\/secure.gravatar.com\/avatar\/052127bd971f162e0d3551782b76fee26315e916f97517bef302a8abd0f51d7a?s=96&d=mm&r=g"},"date":"2023-03-23T10:37:43","cld_nonce":"a2168cecf9","content":{"rendered":"<p>Aus dem Windelalter nicht rausgekommen, oder schon wieder drin? -Josef(Auf Pampers)?<br \/>\nNenne mir mal einen Grund, deiner Art die Du hier an den Tag legst, welche Dich besser mach als mich?<br \/>\nKeine! Du greifst Leute pers\u00f6nlich an. Anscheinend muss man auch so mit Dir reden.<\/p>\n<p>Wenn man sich diesen Verlauf mal anschaut, so war mein Kommentar sachlich zum Thema. Was folgte war gleich der zweite Beitrag mit einem &#8222;v\u00f6llig kindischem&#8220; Argument. Es geht hier nicht um Sachlichkeit, es folgt auf ein Kommentar direkt ein Angriff (manchen geht es nur ums pers\u00f6nliche)! <\/p>\n<p>Dann gib doch kein Kommentar ab, wenn Dich meine Aussagen nerven, mach es doch wie andere die mich angeblich ignorieren! Gerne, komme ich klar mit! <\/p>\n<p>Du hast aber so wie Du mir unterstellst , selber den Drang alles zu kommentieren. Ich sehe meine offensichtliche Art dies zu tun, da bin ich schon mal ein Schritt weiter wie Du anscheinend jemals sein wirst!<br \/>\nIch kann Dich beruhigen, mundtot kriegst Du mich mit so einer Vorgehensweise nicht. <\/p>\n<p>Ich kann auch noch weiter solche Ellen langen Beitr\u00e4ge schreiben,  die aufgrund anderer rein Garnichts mit diesen ver\u00f6ffentlichten Beitr\u00e4gen zu tun haben. Dies liegt in meinem naturell, denn anscheinend wurde Dein Drang zur zwanghaften Kommentiererei auch nicht fertig behandelt :-). Irgendwann m\u00fcsste ja mal der Boardeigner einschreiten, wenn er nicht dauerhaft &#8222;Therapeut&#8220; spielen m\u00f6chte!<\/p>\n<p>Denn die Unsachlichkeit geht nicht von mir aus. Ich kommentiere nur die weiteren Verl\u00e4ufe gern mit.<\/p>\n"},"status":"1"},{"id":235808,"parent":235806,"author":134,"author_name":"moinmoin","author_email":"moin-moin@hab-verschlafen.de","author_url":"","author_avatar_urls":{"24":"https:\/\/secure.gravatar.com\/avatar\/fab96769102f8886245ab411df9a42a235be79261e4b44aa7ab2a555da8b86b4?s=24&d=mm&r=g","48":"https:\/\/secure.gravatar.com\/avatar\/fab96769102f8886245ab411df9a42a235be79261e4b44aa7ab2a555da8b86b4?s=48&d=mm&r=g","96":"https:\/\/secure.gravatar.com\/avatar\/fab96769102f8886245ab411df9a42a235be79261e4b44aa7ab2a555da8b86b4?s=96&d=mm&r=g"},"date":"2023-03-23T10:51:09","cld_nonce":"a2168cecf9","content":{"rendered":"<p><i>&#8230;&#8220;Denn die Unsachlichkeit geht nicht von mir aus. Ich kommentiere nur die weiteren Verl\u00e4ufe gern mit.&#8220;&#8230;<\/i><\/p>\n<p>Und genau dadurch provozierst du immer weitere Kommentare, die nichts mit dem Thema zu tun haben. Macht einigen ja richtig Spa\u00df. (Und dir scheinbar auch)<\/p>\n<p>Ich hab keine Lust, jedes Mal die Kommentare rauszul\u00f6schen, wenn du schon darauf geantwortet hast.<\/p>\n"},"status":"1"},{"id":235810,"parent":235806,"author":4818,"author_name":"Rainbird-1","author_email":"rainbird-1@gscmail.de","author_url":"","author_avatar_urls":{"24":"https:\/\/secure.gravatar.com\/avatar\/052127bd971f162e0d3551782b76fee26315e916f97517bef302a8abd0f51d7a?s=24&d=mm&r=g","48":"https:\/\/secure.gravatar.com\/avatar\/052127bd971f162e0d3551782b76fee26315e916f97517bef302a8abd0f51d7a?s=48&d=mm&r=g","96":"https:\/\/secure.gravatar.com\/avatar\/052127bd971f162e0d3551782b76fee26315e916f97517bef302a8abd0f51d7a?s=96&d=mm&r=g"},"date":"2023-03-23T10:54:57","cld_nonce":"a2168cecf9","content":{"rendered":"<p>@moimoin<br \/>\ndies kann jedoch nicht die Begr\u00fcndung daf\u00fcr sein, dass das zweite Kommentar auf diesen Beitrag bereits eine pers\u00f6nliche Stichelei ist! Ich beziehe mich auf einen Artikel und argumentiere Richtung AVM und nicht in Richtung Nutzer die sich hier aufhalten. Wenn es manchen auf den Sack geht, dann sollen Sie sich raushalten oder m\u00fcssen gesperrt werden! Ich gehe niemanden an, bevor nicht ich angegangen werde! Ganz einfach. Nur weil manche hier l\u00e4nger verweilen, haben diese Bestandsschutz, oder wie muss ich dies verstehen?<\/p>\n<p>Pers\u00f6nliche Anfeindungen also erw\u00fcnscht?<\/p>\n<p>Wenn meine Sachlichkeit anderen keine Sachlichkeit darstellt, dann ohne pers\u00f6nliche Anfeindungen bitte! Es gibt immer noch die Meinungsfreiheit, welche jedoch keine Beleidigungen also solches sieht. Denn psychische St\u00f6rungen jemand zu unterstellen, den man noch nicht einmal kennt ist schon am Thema vorbei das ist eine Straftat und nennt sich \u00fcble Nachrede). Gerne kannst Du mir einen Kontakt mit diesem Menschen herstellen, dann k\u00f6nnen wir uns pers\u00f6nlich mal unterhalten, dann sehen wir vielleicht wer etwas zu verbergen hat und die Anonymit\u00e4t nutzt!<\/p>\n"},"status":"1"},{"id":235814,"parent":235806,"author":134,"author_name":"moinmoin","author_email":"moin-moin@hab-verschlafen.de","author_url":"","author_avatar_urls":{"24":"https:\/\/secure.gravatar.com\/avatar\/fab96769102f8886245ab411df9a42a235be79261e4b44aa7ab2a555da8b86b4?s=24&d=mm&r=g","48":"https:\/\/secure.gravatar.com\/avatar\/fab96769102f8886245ab411df9a42a235be79261e4b44aa7ab2a555da8b86b4?s=48&d=mm&r=g","96":"https:\/\/secure.gravatar.com\/avatar\/fab96769102f8886245ab411df9a42a235be79261e4b44aa7ab2a555da8b86b4?s=96&d=mm&r=g"},"date":"2023-03-23T11:08:53","cld_nonce":"a2168cecf9","content":{"rendered":"<p>Was meinst du, warum der zweite Kommentar schon eine Stichelei ist?<br \/>\nDieser Mist l\u00e4uft in fast jedem AVM-Beitrag in den Kommentaren ab. Es kommt zu Endlosdiskussionen, die weit ab vom Thema sind. Und die haben sich langsam eingeb\u00fcrgert.<\/p>\n<p>Das hat nichts mit pers\u00f6nlicher Anfeindung zu tun und schon gar nichts mit Bestandschutz.<\/p>\n"},"status":"1"},{"id":235815,"parent":235806,"author":4818,"author_name":"Rainbird-1","author_email":"rainbird-1@gscmail.de","author_url":"","author_avatar_urls":{"24":"https:\/\/secure.gravatar.com\/avatar\/052127bd971f162e0d3551782b76fee26315e916f97517bef302a8abd0f51d7a?s=24&d=mm&r=g","48":"https:\/\/secure.gravatar.com\/avatar\/052127bd971f162e0d3551782b76fee26315e916f97517bef302a8abd0f51d7a?s=48&d=mm&r=g","96":"https:\/\/secure.gravatar.com\/avatar\/052127bd971f162e0d3551782b76fee26315e916f97517bef302a8abd0f51d7a?s=96&d=mm&r=g"},"date":"2023-03-23T11:18:20","cld_nonce":"a2168cecf9","content":{"rendered":"<p>@moinmoin<br \/>\nUnd nochmals es gibt die freie Meinungs\u00e4u\u00dferung! Wenn ich in Richtung AVM kommentiere, dann ist das gutes Recht (alles andere w\u00e4re Mundtotmache). Wenn sich hier einige darauf einfahren, dann pers\u00f6nlich zu werden, liegt es an den entsprechenden Personen dies zu unterbinden. Das eine ist eine Aussage Richtung AVM die keinen Nutzer hier in irgendeiner Weise angeht, das andere sind Nutzer die andere Nutzer (aus Ihrer Sicht legitimen Genervtheit \u00fcber einen anderen Nutzer) angehen und beleidigen. Man kann es ja pr\u00fcfen lassen, was den eigentlichen Tatbestand angeht, wer hier im Recht oder Unrecht ist, wer hier mit seiner Art eine Straftat begeht und wer nicht!<\/p>\n<p>Wenn dies das allgemeine Verst\u00e4ndnis ist, erkl\u00e4rt sich so einiges im Lande&#8230;<br \/>\n&#8230;ich warne eindringlichst, weitere Kommentare dieser Art von JosefAP zu relativieren. Denn beim n\u00e4chsten derartigen Kommentar von dieser Person werde ich einen Strafantrag wegen \u00fcbler Nachrede stellen (zivilrechtlich gegen diese Person), was mich dann auch zum eigentlichen b\u00fcrgerlichen Namen bringen d\u00fcrfte. Dies sind keine Drohungen, es gebietet der Anstand, andere Nutzer in dieser Art nicht anzugehen. Hierf\u00fcr sollte es auch Boardregeln geben, die im Einklang mit g\u00fcltigem Recht zu stehen haben. Es d\u00fcrfte nicht in Deinem Interesse sein, dass Dein Board in eine derartige Ecke verkommt. Oder sehe ich das falsch? -es ist im Interesse aller, diesen Anfeindungen nicht voranzutragen.<\/p>\n"},"status":"1"},{"id":235822,"parent":235802,"author":0,"author_name":"Husti","author_email":"FH1822@Vivaldi.net","author_url":"","author_avatar_urls":{"24":"https:\/\/secure.gravatar.com\/avatar\/b387e8b24f638019dd1b978f21fc79f455ceaad374cd87f703298d289a26a4b0?s=24&d=mm&r=g","48":"https:\/\/secure.gravatar.com\/avatar\/b387e8b24f638019dd1b978f21fc79f455ceaad374cd87f703298d289a26a4b0?s=48&d=mm&r=g","96":"https:\/\/secure.gravatar.com\/avatar\/b387e8b24f638019dd1b978f21fc79f455ceaad374cd87f703298d289a26a4b0?s=96&d=mm&r=g"},"date":"2023-03-23T11:55:53","cld_nonce":"a2168cecf9","content":{"rendered":"<p>Mein Bekannter, der ca. 300 Fritz&#8220;Boxen managed hat mir best\u00e4tigt, das &#8222;seine&#8220; Fritz!Boxen mit der 7.50er Firmware stabil laufen. Keinerlei Auff\u00e4lligkeiten.<\/p>\n<p>Bei dir: Werks-Reset + Neukonfig hilft oft, solche Probleme zu l\u00f6sen.<br \/>\nInsbesondere bei &#8222;Langl\u00e4ufer-Boxen&#8220; (ab ca. 3 Jahre), die schon x Updates + Umkonfigurationen &#8222;genossen&#8220; haben.<\/p>\n"},"status":"1"},{"id":235834,"parent":235822,"author":0,"author_name":"Apopex","author_email":"apopex@outlook.de","author_url":"","author_avatar_urls":{"24":"https:\/\/secure.gravatar.com\/avatar\/09326a6809d2ab5a4c330ce06ecedf532654be4d8087753391a86d1cd613eff5?s=24&d=mm&r=g","48":"https:\/\/secure.gravatar.com\/avatar\/09326a6809d2ab5a4c330ce06ecedf532654be4d8087753391a86d1cd613eff5?s=48&d=mm&r=g","96":"https:\/\/secure.gravatar.com\/avatar\/09326a6809d2ab5a4c330ce06ecedf532654be4d8087753391a86d1cd613eff5?s=96&d=mm&r=g"},"date":"2023-03-23T13:26:58","cld_nonce":"a2168cecf9","content":{"rendered":"<p>Danke, das habe ich schon gemacht, sogar mit dem Recovery Tool von AVM (Das spielt das Fritz OS ja komplett neu auf und setzt alles auf 0)<br \/>\ndannach alles frisch eingegeben, also kein Backup eingespielt.<\/p>\n<p>Vermute das dass in zusammenhang mit meinem Anbieter auftritt.<br \/>\nAber ich bin nicht der einzigste der damit Probleme hat in verbindung mit dem Anbieter.<br \/>\nWie es mit einem anderen anbieter aus sieht kann ich nicht sagen, weil hier alle bei einem Anbieter sind da nur dieser VDSL Anbietet.<\/p>\n<p>Jeder schiebt es auf den anderen -_-.<br \/>\nAVM sagt Anbieter ist &#8222;schuld&#8220;<br \/>\nMein Anbieter sagt wenn es mit dem \u00f6lteren Fritz OS l\u00e4uft dann liegt das nicht an uns.<\/p>\n"},"status":"1"},{"id":235836,"parent":235806,"author":134,"author_name":"moinmoin","author_email":"moin-moin@hab-verschlafen.de","author_url":"","author_avatar_urls":{"24":"https:\/\/secure.gravatar.com\/avatar\/fab96769102f8886245ab411df9a42a235be79261e4b44aa7ab2a555da8b86b4?s=24&d=mm&r=g","48":"https:\/\/secure.gravatar.com\/avatar\/fab96769102f8886245ab411df9a42a235be79261e4b44aa7ab2a555da8b86b4?s=48&d=mm&r=g","96":"https:\/\/secure.gravatar.com\/avatar\/fab96769102f8886245ab411df9a42a235be79261e4b44aa7ab2a555da8b86b4?s=96&d=mm&r=g"},"date":"2023-03-23T13:45:39","cld_nonce":"a2168cecf9","content":{"rendered":"<p>Das siehst du sehr wohl falsch.<br \/>\nAber scheinbar verstehst du es nicht. Deshalb belasse ich es jetzt dabei.<\/p>\n"},"status":"1"},{"id":235839,"parent":235834,"author":0,"author_name":"Husti","author_email":"FH1822@Vivaldi.net","author_url":"","author_avatar_urls":{"24":"https:\/\/secure.gravatar.com\/avatar\/b387e8b24f638019dd1b978f21fc79f455ceaad374cd87f703298d289a26a4b0?s=24&d=mm&r=g","48":"https:\/\/secure.gravatar.com\/avatar\/b387e8b24f638019dd1b978f21fc79f455ceaad374cd87f703298d289a26a4b0?s=48&d=mm&r=g","96":"https:\/\/secure.gravatar.com\/avatar\/b387e8b24f638019dd1b978f21fc79f455ceaad374cd87f703298d289a26a4b0?s=96&d=mm&r=g"},"date":"2023-03-23T14:21:59","cld_nonce":"a2168cecf9","content":{"rendered":"<p>Alle Fritz!boxen laufen an dt.Telekom, Vodafone, 1&amp;1 sowie Versatel-Kupfer-DSL sowie auch an FTTH-WAN-Anschl\u00fcssen Privat-Tarife wie auch Business-Tarife st\u00f6rungsfrei.<\/p>\n<p>Was f\u00fcr einen &#8222;exotischen&#8220; Anbieter hast du denn? Dass das dein Anbieter nicht in den Griff bekommt &#8230; ?!??!  (oder bekommen will?)<\/p>\n"},"status":"1"},{"id":235847,"parent":235806,"author":0,"author_name":"MikeyFFB","author_email":"foren_kt5iwznj@mh-ffb.de","author_url":"","author_avatar_urls":{"24":"https:\/\/secure.gravatar.com\/avatar\/b6fb30093b16d5f4d43c6f4fe913e1159bc4fbcf39f17f83d6d19fd2dd90ca01?s=24&d=mm&r=g","48":"https:\/\/secure.gravatar.com\/avatar\/b6fb30093b16d5f4d43c6f4fe913e1159bc4fbcf39f17f83d6d19fd2dd90ca01?s=48&d=mm&r=g","96":"https:\/\/secure.gravatar.com\/avatar\/b6fb30093b16d5f4d43c6f4fe913e1159bc4fbcf39f17f83d6d19fd2dd90ca01?s=96&d=mm&r=g"},"date":"2023-03-23T15:08:18","cld_nonce":"a2168cecf9","content":{"rendered":"<p>Servus zuammen,<br \/>\nder erste und auch der letzte Kommentar von mir zu diesem Thema.<br \/>\nLiebe Leute, es geht in diesem und \u00e4hnlichen Beitr\u00e4gen doch nur um eine INFO das eben einen neue Beta und\/oder Release erschienen ist. Mir gen\u00fcgt das und ich find`s informativ. Danke mal daf\u00fcr, so nebenbei.<br \/>\nWenn mir irgendwas an der FW nicht passt oder ich mit dem Releasezyklus nicht einverstanden bin ist das HIER der komplett falsche Ort sich zu beschweren. Dann wende zumindest ich mich an AVM direkt.<br \/>\nGeht`s allerdings um Eindr\u00fccke, Tips oder Erfahrungen mit der Firmware, dann wenn n\u00f6tig hier. Aber hier ist`s halt eine Kommentarfunktion und kein Forum.<br \/>\nZ.B. das IPPhone Forum bietet dazu eine tolle Plattform. Da gibt`s sogar einzelne Threads zu den Versionen.<\/p>\n<p>In diesem Sinne seid nicht weiter brummig und freut euch auf`s Release, wann immer es auch kommt \ud83d\ude0a<\/p>\n<p>Viele Gr\u00fc\u00dfe<\/p>\n<p>Mikey<\/p>\n"},"status":"1"},{"id":235859,"parent":0,"author":0,"author_name":"Apopex","author_email":"apopex@outlook.de","author_url":"","author_avatar_urls":{"24":"https:\/\/secure.gravatar.com\/avatar\/09326a6809d2ab5a4c330ce06ecedf532654be4d8087753391a86d1cd613eff5?s=24&d=mm&r=g","48":"https:\/\/secure.gravatar.com\/avatar\/09326a6809d2ab5a4c330ce06ecedf532654be4d8087753391a86d1cd613eff5?s=48&d=mm&r=g","96":"https:\/\/secure.gravatar.com\/avatar\/09326a6809d2ab5a4c330ce06ecedf532654be4d8087753391a86d1cd613eff5?s=96&d=mm&r=g"},"date":"2023-03-23T18:38:51","cld_nonce":"a2168cecf9","content":{"rendered":"<p>Entega ist der Anbieter, von denen ist sogar die Fritz Box, also die geben die zum Anschluss mit dazu.<br \/>\nIst aber eine &#8222;freie&#8220; FritzBox kein Branding Ger\u00e4t wie es bei anderen anbietern z.b. Vodafone der fall ist.<\/p>\n<p>Glasfaser liegt bis vor die Haust\u00fcr, von da ab mit der normalen Telefon Leitung (Kupfer) ins Haus.<\/p>\n<p>Aber Toi Toi Toi seit ner Woche l\u00e4uft es ohne abrisse <img src=\"https:\/\/www.deskmodder.de\/blog\/wp-content\/plugins\/classic-smilies\/img\/icon_smile.gif\" alt=\":)\" class=\"wp-smiley\" \/><\/p>\n"},"status":"1"},{"id":235891,"parent":0,"author":9355,"author_name":"BBQ2023","author_email":"andi.ruder@public-files.de","author_url":"","author_avatar_urls":{"24":"https:\/\/secure.gravatar.com\/avatar\/d362bd58d3d57e67a15378604beb98af1ac42ed916716a7cf839cb0fa5487344?s=24&d=mm&r=g","48":"https:\/\/secure.gravatar.com\/avatar\/d362bd58d3d57e67a15378604beb98af1ac42ed916716a7cf839cb0fa5487344?s=48&d=mm&r=g","96":"https:\/\/secure.gravatar.com\/avatar\/d362bd58d3d57e67a15378604beb98af1ac42ed916716a7cf839cb0fa5487344?s=96&d=mm&r=g"},"date":"2023-03-24T00:08:45","cld_nonce":"a2168cecf9","content":{"rendered":"<p>Des \u00f6fteren mu\u00df ich feststellen, da\u00df in vielen Foren grunds\u00e4tzlich GUTgemeinte, wenn nicht sogar n\u00fctzliche, Hinweise sofort von &#8211; mit Verlaub &#8211; nihilistischen Aasgeiern kommentiert werden, die mit ihrer anscheinend manischen N\u00f6rgelei schlichtweg nerven.<\/p>\n<p>Ein einfaches Danke f\u00fcr den Hinweis auf das Labor-Update w\u00fcrde reichen. Wer sich nicht bedanken will, bitte erst gar nicht reagieren.<\/p>\n<p>Au\u00dferdem dreht es sich NUR um die 7530AX. Kein anderes Modell.<\/p>\n<p>Es ist m. E. im Grunde piepegal, welche anderen Modelle zu bem\u00e4ngeln w\u00e4ren.<\/p>\n<p>Analog ein imagin\u00e4rer Thread \u00fcber einen Ferrari X. Dann pl\u00f6tzlich ein Querschl\u00e4ger-Kommentar &#8220; Also mein Lammbohrdschinni Y &#8230; &#8220; und als Sahneh\u00e4ubchen &#8220; Mein Porsche Z war damals eine fette Heckschleuder, weil &#8230; &#8220;<\/p>\n<p>Analogie verstanden ? Solche Schreiber nennt man in einem anderen Forum netterweise &#8220; Senfautomat &#8220; <img src=\"https:\/\/www.deskmodder.de\/blog\/wp-content\/plugins\/classic-smilies\/img\/icon_smile.gif\" alt=\":-)\" class=\"wp-smiley\" \/><\/p>\n<p>Vielleicht ist es manchmal besser, nur eine Meldung abzusenden und Kommentare erst gar nicht zuzulassen. Schont die Nerven und spart Speicherplatz. Nachhaltig.<\/p>\n<p>Ich selbst hatte \u00fcber den letzten Hinweis auf ein Labor-Firmware-Update f\u00fcr die 7490 nachgedacht und flugs mir zum Spottpreis eine Gebrauchte gekauft. Das ist einen Versuch wert. Danke daf\u00fcr.<\/p>\n"},"status":"1"},{"id":235972,"parent":0,"author":0,"author_name":"Gerd","author_email":"fh1822@vivaldi.net","author_url":"","author_avatar_urls":{"24":"https:\/\/secure.gravatar.com\/avatar\/b387e8b24f638019dd1b978f21fc79f455ceaad374cd87f703298d289a26a4b0?s=24&d=mm&r=g","48":"https:\/\/secure.gravatar.com\/avatar\/b387e8b24f638019dd1b978f21fc79f455ceaad374cd87f703298d289a26a4b0?s=48&d=mm&r=g","96":"https:\/\/secure.gravatar.com\/avatar\/b387e8b24f638019dd1b978f21fc79f455ceaad374cd87f703298d289a26a4b0?s=96&d=mm&r=g"},"date":"2023-03-25T14:28:21","cld_nonce":"a2168cecf9","content":{"rendered":"<p>Na&#8230; AVM &#8230;. da habt ihr noch zu tun !<\/p>\n<p>Diese Labor hat WLAN-Probleme (zumindest in meiner Umgebung, Apple iPad) und eines von 2 DECT-Schnurlostelefonen &#8222;spinnt&#8220; mit (angeblich) schwachem Pegel rum (Fritz!Fon C6 mit 4.91er Firmware &#8222;spinnt, M2 mit 4.88er OK ).<br \/>\nAkku-Entnahme und Neustart des betreffenden DECT-Mobilteiles C6 half leider nicht.<br \/>\nZum Gl\u00fcck hatte ich die Config der Stable Fritz!OS 7.31.<br \/>\nDowngrade back to 7.31 (release) incl. letzter Config &#8230; Reboot und alles (WLAN, DECT ist wieder ok &#8230; Man o man &#8230; <img src=\"https:\/\/www.deskmodder.de\/blog\/wp-content\/plugins\/classic-smilies\/img\/icon_sad.gif\" alt=\":-(\" class=\"wp-smiley\" \/><\/p>\n"},"status":"1"}],"wp_author":{"id":134,"name":"moinmoin","description":"Ich bin nicht allwissend, was <a href=\"https:\/\/www.deskmodder.de\/wiki\/index.php?title=Kategorie:Windows_11\">Windows<\/a> angeht. Aber genau deshalb nehme ich Windows gerne auseinander und unter die Lupe, um all mein Wissen zu erweitern. <i>J\u00fcrgen<\/i>","author_avatar_urls":{"24":"https:\/\/secure.gravatar.com\/avatar\/fab96769102f8886245ab411df9a42a235be79261e4b44aa7ab2a555da8b86b4?s=24&d=mm&r=g","48":"https:\/\/secure.gravatar.com\/avatar\/fab96769102f8886245ab411df9a42a235be79261e4b44aa7ab2a555da8b86b4?s=48&d=mm&r=g","96":"https:\/\/secure.gravatar.com\/avatar\/fab96769102f8886245ab411df9a42a235be79261e4b44aa7ab2a555da8b86b4?s=96&d=mm&r=g"}},"cld_nonce":"a2168cecf9","yoast_head":"<!-- This site is optimized with the Yoast SEO Premium plugin v27.4 (Yoast SEO v27.4) - https:\/\/yoast.com\/product\/yoast-seo-premium-wordpress\/ -->\n<title>FRITZ!Box 7530 AX mit FRITZ!OS 7.51 Labor Update - Deskmodder.de<\/title>\n<meta name=\"robots\" content=\"index, follow, max-snippet:-1, max-image-preview:large, max-video-preview:-1\" \/>\n<link rel=\"canonical\" href=\"https:\/\/www.deskmodder.de\/blog\/2023\/03\/22\/fritzbox-7530-ax-mit-fritzos-7-51-labor-update\/\" \/>\n<meta property=\"og:locale\" content=\"de_DE\" \/>\n<meta property=\"og:type\" content=\"article\" \/>\n<meta property=\"og:title\" content=\"FRITZ!Box 7530 AX mit FRITZ!OS 7.51 Labor Update\" \/>\n<meta property=\"og:description\" content=\"Die FRITZ!Box 7530 AX bekommt heute ein neues Labor-Update von AVM spendiert. Das FRITZ!OS ist dann auf der Version 7.51-104131. Mal sehen, welche Boxen heute noch folgen werden. Wird ja langsam zur Normalit\u00e4t, dass die Updates nach und nach ver\u00f6ffentlicht&hellip;\" \/>\n<meta property=\"og:url\" content=\"https:\/\/www.deskmodder.de\/blog\/2023\/03\/22\/fritzbox-7530-ax-mit-fritzos-7-51-labor-update\/\" \/>\n<meta property=\"og:site_name\" content=\"Deskmodder.de\" \/>\n<meta property=\"article:publisher\" content=\"https:\/\/www.facebook.com\/Deskmodder\" \/>\n<meta property=\"article:published_time\" content=\"2023-03-22T12:27:14+00:00\" \/>\n<meta property=\"og:image\" content=\"https:\/\/www.deskmodder.de\/blog\/wp-content\/uploads\/2022\/06\/fritzbox-7530-ax-labor-neu.jpg\" \/>\n\t<meta property=\"og:image:width\" content=\"1280\" \/>\n\t<meta property=\"og:image:height\" content=\"720\" \/>\n\t<meta property=\"og:image:type\" content=\"image\/jpeg\" \/>\n<meta name=\"author\" content=\"moinmoin\" \/>\n<meta name=\"twitter:card\" content=\"summary_large_image\" \/>\n<meta name=\"twitter:creator\" content=\"@Deskmodder\" \/>\n<meta name=\"twitter:site\" content=\"@Deskmodder\" \/>\n<script type=\"application\/ld+json\" class=\"yoast-schema-graph\">{\"@context\":\"https:\\\/\\\/schema.org\",\"@graph\":[{\"@type\":\"Article\",\"@id\":\"https:\\\/\\\/www.deskmodder.de\\\/blog\\\/2023\\\/03\\\/22\\\/fritzbox-7530-ax-mit-fritzos-7-51-labor-update\\\/#article\",\"isPartOf\":{\"@id\":\"https:\\\/\\\/www.deskmodder.de\\\/blog\\\/2023\\\/03\\\/22\\\/fritzbox-7530-ax-mit-fritzos-7-51-labor-update\\\/\"},\"author\":{\"name\":\"moinmoin\",\"@id\":\"https:\\\/\\\/www.deskmodder.de\\\/blog\\\/#\\\/schema\\\/person\\\/a40b17a9503c4a1568ac4073bb54182a\"},\"headline\":\"FRITZ!Box 7530 AX mit FRITZ!OS 7.51 Labor Update\",\"datePublished\":\"2023-03-22T12:27:14+00:00\",\"mainEntityOfPage\":{\"@id\":\"https:\\\/\\\/www.deskmodder.de\\\/blog\\\/2023\\\/03\\\/22\\\/fritzbox-7530-ax-mit-fritzos-7-51-labor-update\\\/\"},\"wordCount\":115,\"commentCount\":27,\"publisher\":{\"@id\":\"https:\\\/\\\/www.deskmodder.de\\\/blog\\\/#organization\"},\"image\":{\"@id\":\"https:\\\/\\\/www.deskmodder.de\\\/blog\\\/2023\\\/03\\\/22\\\/fritzbox-7530-ax-mit-fritzos-7-51-labor-update\\\/#primaryimage\"},\"thumbnailUrl\":\"https:\\\/\\\/www.deskmodder.de\\\/blog\\\/wp-content\\\/uploads\\\/2022\\\/06\\\/fritzbox-7530-ax-labor-neu.jpg\",\"keywords\":[\"FRITZ!Box 7530 AX\"],\"articleSection\":[\"Hardware\",\"Software &amp; Updates\"],\"inLanguage\":\"de\",\"potentialAction\":[{\"@type\":\"CommentAction\",\"name\":\"Comment\",\"target\":[\"https:\\\/\\\/www.deskmodder.de\\\/blog\\\/2023\\\/03\\\/22\\\/fritzbox-7530-ax-mit-fritzos-7-51-labor-update\\\/#respond\"]}],\"copyrightYear\":\"2023\",\"copyrightHolder\":{\"@id\":\"https:\\\/\\\/www.deskmodder.de\\\/blog\\\/#organization\"}},{\"@type\":\"WebPage\",\"@id\":\"https:\\\/\\\/www.deskmodder.de\\\/blog\\\/2023\\\/03\\\/22\\\/fritzbox-7530-ax-mit-fritzos-7-51-labor-update\\\/\",\"url\":\"https:\\\/\\\/www.deskmodder.de\\\/blog\\\/2023\\\/03\\\/22\\\/fritzbox-7530-ax-mit-fritzos-7-51-labor-update\\\/\",\"name\":\"FRITZ!Box 7530 AX mit FRITZ!OS 7.51 Labor Update - Deskmodder.de\",\"isPartOf\":{\"@id\":\"https:\\\/\\\/www.deskmodder.de\\\/blog\\\/#website\"},\"primaryImageOfPage\":{\"@id\":\"https:\\\/\\\/www.deskmodder.de\\\/blog\\\/2023\\\/03\\\/22\\\/fritzbox-7530-ax-mit-fritzos-7-51-labor-update\\\/#primaryimage\"},\"image\":{\"@id\":\"https:\\\/\\\/www.deskmodder.de\\\/blog\\\/2023\\\/03\\\/22\\\/fritzbox-7530-ax-mit-fritzos-7-51-labor-update\\\/#primaryimage\"},\"thumbnailUrl\":\"https:\\\/\\\/www.deskmodder.de\\\/blog\\\/wp-content\\\/uploads\\\/2022\\\/06\\\/fritzbox-7530-ax-labor-neu.jpg\",\"datePublished\":\"2023-03-22T12:27:14+00:00\",\"breadcrumb\":{\"@id\":\"https:\\\/\\\/www.deskmodder.de\\\/blog\\\/2023\\\/03\\\/22\\\/fritzbox-7530-ax-mit-fritzos-7-51-labor-update\\\/#breadcrumb\"},\"inLanguage\":\"de\",\"potentialAction\":[{\"@type\":\"ReadAction\",\"target\":[\"https:\\\/\\\/www.deskmodder.de\\\/blog\\\/2023\\\/03\\\/22\\\/fritzbox-7530-ax-mit-fritzos-7-51-labor-update\\\/\"]}]},{\"@type\":\"ImageObject\",\"inLanguage\":\"de\",\"@id\":\"https:\\\/\\\/www.deskmodder.de\\\/blog\\\/2023\\\/03\\\/22\\\/fritzbox-7530-ax-mit-fritzos-7-51-labor-update\\\/#primaryimage\",\"url\":\"https:\\\/\\\/www.deskmodder.de\\\/blog\\\/wp-content\\\/uploads\\\/2022\\\/06\\\/fritzbox-7530-ax-labor-neu.jpg\",\"contentUrl\":\"https:\\\/\\\/www.deskmodder.de\\\/blog\\\/wp-content\\\/uploads\\\/2022\\\/06\\\/fritzbox-7530-ax-labor-neu.jpg\",\"width\":1280,\"height\":720},{\"@type\":\"BreadcrumbList\",\"@id\":\"https:\\\/\\\/www.deskmodder.de\\\/blog\\\/2023\\\/03\\\/22\\\/fritzbox-7530-ax-mit-fritzos-7-51-labor-update\\\/#breadcrumb\",\"itemListElement\":[{\"@type\":\"ListItem\",\"position\":1,\"name\":\"Startseite\",\"item\":\"https:\\\/\\\/www.deskmodder.de\\\/blog\\\/\"},{\"@type\":\"ListItem\",\"position\":2,\"name\":\"FRITZ!Box 7530 AX mit FRITZ!OS 7.51 Labor Update\"}]},{\"@type\":\"WebSite\",\"@id\":\"https:\\\/\\\/www.deskmodder.de\\\/blog\\\/#website\",\"url\":\"https:\\\/\\\/www.deskmodder.de\\\/blog\\\/\",\"name\":\"Deskmodder.de\",\"description\":\"News zum Thema Microsoft, Windows 11 \\\/ 10, sowie anderen Neuigkeiten aus dem Netz, viele Tipps und individuelle Hilfe bei Problemen in unserem Forum \u25cf Deskmodder - seit 2003\",\"publisher\":{\"@id\":\"https:\\\/\\\/www.deskmodder.de\\\/blog\\\/#organization\"},\"potentialAction\":[{\"@type\":\"SearchAction\",\"target\":{\"@type\":\"EntryPoint\",\"urlTemplate\":\"https:\\\/\\\/www.deskmodder.de\\\/blog\\\/?s={search_term_string}\"},\"query-input\":{\"@type\":\"PropertyValueSpecification\",\"valueRequired\":true,\"valueName\":\"search_term_string\"}}],\"inLanguage\":\"de\"},{\"@type\":\"Organization\",\"@id\":\"https:\\\/\\\/www.deskmodder.de\\\/blog\\\/#organization\",\"name\":\"Deskmodder\",\"url\":\"https:\\\/\\\/www.deskmodder.de\\\/blog\\\/\",\"logo\":{\"@type\":\"ImageObject\",\"inLanguage\":\"de\",\"@id\":\"https:\\\/\\\/www.deskmodder.de\\\/blog\\\/#\\\/schema\\\/logo\\\/image\\\/\",\"url\":\"https:\\\/\\\/www.deskmodder.de\\\/blog\\\/wp-content\\\/uploads\\\/2019\\\/01\\\/deskmodder-logo-app.png\",\"contentUrl\":\"https:\\\/\\\/www.deskmodder.de\\\/blog\\\/wp-content\\\/uploads\\\/2019\\\/01\\\/deskmodder-logo-app.png\",\"width\":281,\"height\":286,\"caption\":\"Deskmodder\"},\"image\":{\"@id\":\"https:\\\/\\\/www.deskmodder.de\\\/blog\\\/#\\\/schema\\\/logo\\\/image\\\/\"},\"sameAs\":[\"https:\\\/\\\/www.facebook.com\\\/Deskmodder\",\"https:\\\/\\\/x.com\\\/Deskmodder\",\"https:\\\/\\\/mastodontech.de\\\/@Deskmodder\",\"https:\\\/\\\/www.youtube.com\\\/user\\\/deskmodder\",\"https:\\\/\\\/mewe.com\\\/group\\\/5c83b5231add826fc80cdae1\"]},{\"@type\":\"Person\",\"@id\":\"https:\\\/\\\/www.deskmodder.de\\\/blog\\\/#\\\/schema\\\/person\\\/a40b17a9503c4a1568ac4073bb54182a\",\"name\":\"moinmoin\",\"image\":{\"@type\":\"ImageObject\",\"inLanguage\":\"de\",\"@id\":\"https:\\\/\\\/secure.gravatar.com\\\/avatar\\\/fab96769102f8886245ab411df9a42a235be79261e4b44aa7ab2a555da8b86b4?s=96&d=mm&r=g\",\"url\":\"https:\\\/\\\/secure.gravatar.com\\\/avatar\\\/fab96769102f8886245ab411df9a42a235be79261e4b44aa7ab2a555da8b86b4?s=96&d=mm&r=g\",\"contentUrl\":\"https:\\\/\\\/secure.gravatar.com\\\/avatar\\\/fab96769102f8886245ab411df9a42a235be79261e4b44aa7ab2a555da8b86b4?s=96&d=mm&r=g\",\"caption\":\"moinmoin\"},\"description\":\"Ich bin nicht allwissend, was Windows angeht. Aber genau deshalb nehme ich Windows gerne auseinander und unter die Lupe, um all mein Wissen zu erweitern. J\u00fcrgen\",\"url\":\"https:\\\/\\\/www.deskmodder.de\\\/blog\\\/author\\\/moinmoin\\\/\"}]}<\/script>\n<!-- \/ Yoast SEO Premium plugin. -->","yoast_head_json":{"title":"FRITZ!Box 7530 AX mit FRITZ!OS 7.51 Labor Update - Deskmodder.de","robots":{"index":"index","follow":"follow","max-snippet":"max-snippet:-1","max-image-preview":"max-image-preview:large","max-video-preview":"max-video-preview:-1"},"canonical":"https:\/\/www.deskmodder.de\/blog\/2023\/03\/22\/fritzbox-7530-ax-mit-fritzos-7-51-labor-update\/","og_locale":"de_DE","og_type":"article","og_title":"FRITZ!Box 7530 AX mit FRITZ!OS 7.51 Labor Update","og_description":"Die FRITZ!Box 7530 AX bekommt heute ein neues Labor-Update von AVM spendiert. Das FRITZ!OS ist dann auf der Version 7.51-104131. Mal sehen, welche Boxen heute noch folgen werden. Wird ja langsam zur Normalit\u00e4t, dass die Updates nach und nach ver\u00f6ffentlicht&hellip;","og_url":"https:\/\/www.deskmodder.de\/blog\/2023\/03\/22\/fritzbox-7530-ax-mit-fritzos-7-51-labor-update\/","og_site_name":"Deskmodder.de","article_publisher":"https:\/\/www.facebook.com\/Deskmodder","article_published_time":"2023-03-22T12:27:14+00:00","og_image":[{"width":1280,"height":720,"url":"https:\/\/www.deskmodder.de\/blog\/wp-content\/uploads\/2022\/06\/fritzbox-7530-ax-labor-neu.jpg","type":"image\/jpeg"}],"author":"moinmoin","twitter_card":"summary_large_image","twitter_creator":"@Deskmodder","twitter_site":"@Deskmodder","schema":{"@context":"https:\/\/schema.org","@graph":[{"@type":"Article","@id":"https:\/\/www.deskmodder.de\/blog\/2023\/03\/22\/fritzbox-7530-ax-mit-fritzos-7-51-labor-update\/#article","isPartOf":{"@id":"https:\/\/www.deskmodder.de\/blog\/2023\/03\/22\/fritzbox-7530-ax-mit-fritzos-7-51-labor-update\/"},"author":{"name":"moinmoin","@id":"https:\/\/www.deskmodder.de\/blog\/#\/schema\/person\/a40b17a9503c4a1568ac4073bb54182a"},"headline":"FRITZ!Box 7530 AX mit FRITZ!OS 7.51 Labor Update","datePublished":"2023-03-22T12:27:14+00:00","mainEntityOfPage":{"@id":"https:\/\/www.deskmodder.de\/blog\/2023\/03\/22\/fritzbox-7530-ax-mit-fritzos-7-51-labor-update\/"},"wordCount":115,"commentCount":27,"publisher":{"@id":"https:\/\/www.deskmodder.de\/blog\/#organization"},"image":{"@id":"https:\/\/www.deskmodder.de\/blog\/2023\/03\/22\/fritzbox-7530-ax-mit-fritzos-7-51-labor-update\/#primaryimage"},"thumbnailUrl":"https:\/\/www.deskmodder.de\/blog\/wp-content\/uploads\/2022\/06\/fritzbox-7530-ax-labor-neu.jpg","keywords":["FRITZ!Box 7530 AX"],"articleSection":["Hardware","Software &amp; Updates"],"inLanguage":"de","potentialAction":[{"@type":"CommentAction","name":"Comment","target":["https:\/\/www.deskmodder.de\/blog\/2023\/03\/22\/fritzbox-7530-ax-mit-fritzos-7-51-labor-update\/#respond"]}],"copyrightYear":"2023","copyrightHolder":{"@id":"https:\/\/www.deskmodder.de\/blog\/#organization"}},{"@type":"WebPage","@id":"https:\/\/www.deskmodder.de\/blog\/2023\/03\/22\/fritzbox-7530-ax-mit-fritzos-7-51-labor-update\/","url":"https:\/\/www.deskmodder.de\/blog\/2023\/03\/22\/fritzbox-7530-ax-mit-fritzos-7-51-labor-update\/","name":"FRITZ!Box 7530 AX mit FRITZ!OS 7.51 Labor Update - Deskmodder.de","isPartOf":{"@id":"https:\/\/www.deskmodder.de\/blog\/#website"},"primaryImageOfPage":{"@id":"https:\/\/www.deskmodder.de\/blog\/2023\/03\/22\/fritzbox-7530-ax-mit-fritzos-7-51-labor-update\/#primaryimage"},"image":{"@id":"https:\/\/www.deskmodder.de\/blog\/2023\/03\/22\/fritzbox-7530-ax-mit-fritzos-7-51-labor-update\/#primaryimage"},"thumbnailUrl":"https:\/\/www.deskmodder.de\/blog\/wp-content\/uploads\/2022\/06\/fritzbox-7530-ax-labor-neu.jpg","datePublished":"2023-03-22T12:27:14+00:00","breadcrumb":{"@id":"https:\/\/www.deskmodder.de\/blog\/2023\/03\/22\/fritzbox-7530-ax-mit-fritzos-7-51-labor-update\/#breadcrumb"},"inLanguage":"de","potentialAction":[{"@type":"ReadAction","target":["https:\/\/www.deskmodder.de\/blog\/2023\/03\/22\/fritzbox-7530-ax-mit-fritzos-7-51-labor-update\/"]}]},{"@type":"ImageObject","inLanguage":"de","@id":"https:\/\/www.deskmodder.de\/blog\/2023\/03\/22\/fritzbox-7530-ax-mit-fritzos-7-51-labor-update\/#primaryimage","url":"https:\/\/www.deskmodder.de\/blog\/wp-content\/uploads\/2022\/06\/fritzbox-7530-ax-labor-neu.jpg","contentUrl":"https:\/\/www.deskmodder.de\/blog\/wp-content\/uploads\/2022\/06\/fritzbox-7530-ax-labor-neu.jpg","width":1280,"height":720},{"@type":"BreadcrumbList","@id":"https:\/\/www.deskmodder.de\/blog\/2023\/03\/22\/fritzbox-7530-ax-mit-fritzos-7-51-labor-update\/#breadcrumb","itemListElement":[{"@type":"ListItem","position":1,"name":"Startseite","item":"https:\/\/www.deskmodder.de\/blog\/"},{"@type":"ListItem","position":2,"name":"FRITZ!Box 7530 AX mit FRITZ!OS 7.51 Labor Update"}]},{"@type":"WebSite","@id":"https:\/\/www.deskmodder.de\/blog\/#website","url":"https:\/\/www.deskmodder.de\/blog\/","name":"Deskmodder.de","description":"News zum Thema Microsoft, Windows 11 \/ 10, sowie anderen Neuigkeiten aus dem Netz, viele Tipps und individuelle Hilfe bei Problemen in unserem Forum \u25cf Deskmodder - seit 2003","publisher":{"@id":"https:\/\/www.deskmodder.de\/blog\/#organization"},"potentialAction":[{"@type":"SearchAction","target":{"@type":"EntryPoint","urlTemplate":"https:\/\/www.deskmodder.de\/blog\/?s={search_term_string}"},"query-input":{"@type":"PropertyValueSpecification","valueRequired":true,"valueName":"search_term_string"}}],"inLanguage":"de"},{"@type":"Organization","@id":"https:\/\/www.deskmodder.de\/blog\/#organization","name":"Deskmodder","url":"https:\/\/www.deskmodder.de\/blog\/","logo":{"@type":"ImageObject","inLanguage":"de","@id":"https:\/\/www.deskmodder.de\/blog\/#\/schema\/logo\/image\/","url":"https:\/\/www.deskmodder.de\/blog\/wp-content\/uploads\/2019\/01\/deskmodder-logo-app.png","contentUrl":"https:\/\/www.deskmodder.de\/blog\/wp-content\/uploads\/2019\/01\/deskmodder-logo-app.png","width":281,"height":286,"caption":"Deskmodder"},"image":{"@id":"https:\/\/www.deskmodder.de\/blog\/#\/schema\/logo\/image\/"},"sameAs":["https:\/\/www.facebook.com\/Deskmodder","https:\/\/x.com\/Deskmodder","https:\/\/mastodontech.de\/@Deskmodder","https:\/\/www.youtube.com\/user\/deskmodder","https:\/\/mewe.com\/group\/5c83b5231add826fc80cdae1"]},{"@type":"Person","@id":"https:\/\/www.deskmodder.de\/blog\/#\/schema\/person\/a40b17a9503c4a1568ac4073bb54182a","name":"moinmoin","image":{"@type":"ImageObject","inLanguage":"de","@id":"https:\/\/secure.gravatar.com\/avatar\/fab96769102f8886245ab411df9a42a235be79261e4b44aa7ab2a555da8b86b4?s=96&d=mm&r=g","url":"https:\/\/secure.gravatar.com\/avatar\/fab96769102f8886245ab411df9a42a235be79261e4b44aa7ab2a555da8b86b4?s=96&d=mm&r=g","contentUrl":"https:\/\/secure.gravatar.com\/avatar\/fab96769102f8886245ab411df9a42a235be79261e4b44aa7ab2a555da8b86b4?s=96&d=mm&r=g","caption":"moinmoin"},"description":"Ich bin nicht allwissend, was Windows angeht. Aber genau deshalb nehme ich Windows gerne auseinander und unter die Lupe, um all mein Wissen zu erweitern. J\u00fcrgen","url":"https:\/\/www.deskmodder.de\/blog\/author\/moinmoin\/"}]}},"jetpack_publicize_connections":[],"jetpack_featured_media_url":"https:\/\/www.deskmodder.de\/blog\/wp-content\/uploads\/2022\/06\/fritzbox-7530-ax-labor-neu.jpg","_links":{"self":[{"href":"https:\/\/www.deskmodder.de\/blog\/wp-json\/wp\/v2\/posts\/176596","targetHints":{"allow":["GET"]}}],"collection":[{"href":"https:\/\/www.deskmodder.de\/blog\/wp-json\/wp\/v2\/posts"}],"about":[{"href":"https:\/\/www.deskmodder.de\/blog\/wp-json\/wp\/v2\/types\/post"}],"author":[{"embeddable":true,"href":"https:\/\/www.deskmodder.de\/blog\/wp-json\/wp\/v2\/users\/134"}],"replies":[{"embeddable":true,"href":"https:\/\/www.deskmodder.de\/blog\/wp-json\/wp\/v2\/comments?post=176596"}],"version-history":[{"count":1,"href":"https:\/\/www.deskmodder.de\/blog\/wp-json\/wp\/v2\/posts\/176596\/revisions"}],"predecessor-version":[{"id":176597,"href":"https:\/\/www.deskmodder.de\/blog\/wp-json\/wp\/v2\/posts\/176596\/revisions\/176597"}],"wp:featuredmedia":[{"embeddable":true,"href":"https:\/\/www.deskmodder.de\/blog\/wp-json\/wp\/v2\/media\/166778"}],"wp:attachment":[{"href":"https:\/\/www.deskmodder.de\/blog\/wp-json\/wp\/v2\/media?parent=176596"}],"wp:term":[{"taxonomy":"category","embeddable":true,"href":"https:\/\/www.deskmodder.de\/blog\/wp-json\/wp\/v2\/categories?post=176596"},{"taxonomy":"post_tag","embeddable":true,"href":"https:\/\/www.deskmodder.de\/blog\/wp-json\/wp\/v2\/tags?post=176596"}],"curies":[{"name":"wp","href":"https:\/\/api.w.org\/{rel}","templated":true}]}}