{"id":174476,"date":"2023-01-18T18:24:06","date_gmt":"2023-01-18T17:24:06","guid":{"rendered":"https:\/\/www.deskmodder.de\/blog\/?p=174476"},"modified":"2023-01-18T18:24:06","modified_gmt":"2023-01-18T17:24:06","slug":"apple-homepod-der-zweiten-generation-vorgestellt","status":"publish","type":"post","link":"https:\/\/www.deskmodder.de\/blog\/2023\/01\/18\/apple-homepod-der-zweiten-generation-vorgestellt\/","title":{"rendered":"Apple HomePod der zweiten Generation vorgestellt"},"content":{"rendered":"<p>Nachdem Apple <a href=\"https:\/\/www.deskmodder.de\/blog\/2023\/01\/17\/apple-stellt-mac-mini-macbook-pro-mit-m2-m2-pro-und-m2-max-vor\/\">gestern<\/a> die neuen MacBook Pro Modelle mit M2 Chip vorgestellt hat, geht es heute weiter mit einer neuen Produktvorstellung. Apple stellt heute still und heimlich den HomePod der zweiten Generation vor. Nachdem die erste Generation vor ein paar Monaten eingestellt wurde, war offen, ob und wann es denn nun weitergeht. Heute ist es endlich so weit und die neue Generation ist ab heute verf\u00fcgbar.<\/p>\n<figure id=\"attachment_174480\" aria-describedby=\"caption-attachment-174480\" style=\"width: 306px\" class=\"wp-caption aligncenter\"><a href=\"https:\/\/www.deskmodder.de\/blog\/wp-content\/uploads\/2023\/01\/apple-homepod-ecosystem-230118-scaled.jpg\" rel=\"lightbox[174476]\"><img loading=\"lazy\" decoding=\"async\" class=\"wp-image-174480 size-thumbnail\" src=\"https:\/\/www.deskmodder.de\/blog\/wp-content\/uploads\/2023\/01\/apple-homepod-ecosystem-230118-306x198.jpg\" alt=\"\" width=\"306\" height=\"198\" srcset=\"https:\/\/www.deskmodder.de\/blog\/wp-content\/uploads\/2023\/01\/apple-homepod-ecosystem-230118-306x198.jpg 306w, https:\/\/www.deskmodder.de\/blog\/wp-content\/uploads\/2023\/01\/apple-homepod-ecosystem-230118-500x324.jpg 500w, https:\/\/www.deskmodder.de\/blog\/wp-content\/uploads\/2023\/01\/apple-homepod-ecosystem-230118-810x524.jpg 810w, https:\/\/www.deskmodder.de\/blog\/wp-content\/uploads\/2023\/01\/apple-homepod-ecosystem-230118-1536x994.jpg 1536w, https:\/\/www.deskmodder.de\/blog\/wp-content\/uploads\/2023\/01\/apple-homepod-ecosystem-230118-2048x1325.jpg 2048w\" sizes=\"auto, (max-width: 306px) 100vw, 306px\" \/><\/a><figcaption id=\"caption-attachment-174480\" class=\"wp-caption-text\">HomePod<\/figcaption><\/figure>\n<h3>Wichtige technische Daten:<\/h3>\n<ul>\n<li class=\"dd-list-item\">High-Excursion Tieft\u00f6ner<\/li>\n<li class=\"dd-list-item\">Ring aus f\u00fcnf Hocht\u00f6nern mit Beamforming<\/li>\n<li class=\"dd-list-item\">3D\u00a0Audio<span class=\"visuallyhidden\">Fu\u00dfnote<\/span>\u00b9<\/li>\n<li class=\"dd-list-item\">Raumerkennung<\/li>\n<li>UWB-Chip<\/li>\n<li>Temperatur- und Luftfeuchtigkeits\u00adsensor<\/li>\n<li>802.11n WLAN<\/li>\n<li>Bluetooth\u00a05.0<\/li>\n<li>Thread<\/li>\n<\/ul>\n<p>Ob sich die neue Generation \u00fcberzeugt, werden die ersten Tests dann sagen. F\u00fcr den Preis erwartet man aber grunds\u00e4tzlich einen Sound mit \u201eWOW-Effekt\u201c. Preislich liegt der neue HomePod bei 349 Euro. Die Auslieferung beginnt ab dem 3. Februar und vorbestellen kann man ihn ab heute auf der Apple-Webseite oder bei teilnehmenden H\u00e4ndlern.<\/p>\n","protected":false},"excerpt":{"rendered":"<p>Nachdem Apple gestern die neuen MacBook Pro Modelle mit M2 Chip vorgestellt hat, geht es heute weiter mit einer neuen Produktvorstellung. Apple stellt heute still und heimlich den HomePod der zweiten Generation vor. Nachdem die erste Generation vor ein paar&hellip; <\/p>\n","protected":false},"author":4849,"featured_media":174479,"comment_status":"open","ping_status":"open","sticky":false,"template":"","format":"standard","meta":{"jetpack_post_was_ever_published":false,"footnotes":"","jetpack_publicize_message":"","jetpack_publicize_feature_enabled":true,"jetpack_social_post_already_shared":true,"jetpack_social_options":{"image_generator_settings":{"template":"highway","default_image_id":0,"font":"","enabled":false},"version":2}},"categories":[1,60884],"tags":[98,84905,7059,17438,2227,1641,84904,2326,84906,84903,1081],"class_list":["post-174476","post","type-post","status-publish","format-standard","has-post-thumbnail","hentry","category-allgemein","category-internet","tag-apple","tag-bass","tag-home","tag-homepod","tag-lautsprecher","tag-musik","tag-pod","tag-sound","tag-surround","tag-thread","tag-video"],"wp_featured_image":{"id":174479,"alt_text":"","description":"","media_type":"image","media_details":{"width":1960,"height":1102,"file":"2023\/01\/apple-homepod-hero-230118.jpg","filesize":469955,"sizes":{"medium":{"file":"apple-homepod-hero-230118-500x281.jpg","width":500,"height":281,"mime-type":"image\/jpeg","filesize":26234,"source_url":"https:\/\/www.deskmodder.de\/blog\/wp-content\/uploads\/2023\/01\/apple-homepod-hero-230118-500x281.jpg"},"large":{"file":"apple-homepod-hero-230118-810x455.jpg","width":810,"height":455,"mime-type":"image\/jpeg","filesize":59335,"source_url":"https:\/\/www.deskmodder.de\/blog\/wp-content\/uploads\/2023\/01\/apple-homepod-hero-230118-810x455.jpg"},"thumbnail":{"file":"apple-homepod-hero-230118-306x172.jpg","width":306,"height":172,"mime-type":"image\/jpeg","filesize":12154,"source_url":"https:\/\/www.deskmodder.de\/blog\/wp-content\/uploads\/2023\/01\/apple-homepod-hero-230118-306x172.jpg"},"1536x1536":{"file":"apple-homepod-hero-230118-1536x864.jpg","width":1536,"height":864,"mime-type":"image\/jpeg","filesize":178952,"source_url":"https:\/\/www.deskmodder.de\/blog\/wp-content\/uploads\/2023\/01\/apple-homepod-hero-230118-1536x864.jpg"},"blog-large":{"file":"apple-homepod-hero-230118-642x300.jpg","width":642,"height":300,"mime-type":"image\/jpeg","filesize":35652,"source_url":"https:\/\/www.deskmodder.de\/blog\/wp-content\/uploads\/2023\/01\/apple-homepod-hero-230118-642x300.jpg"},"blog-medium":{"file":"apple-homepod-hero-230118-306x205.jpg","width":306,"height":205,"mime-type":"image\/jpeg","filesize":15403,"source_url":"https:\/\/www.deskmodder.de\/blog\/wp-content\/uploads\/2023\/01\/apple-homepod-hero-230118-306x205.jpg"},"recent-thumb":{"file":"apple-homepod-hero-230118-350x316.jpg","width":350,"height":316,"mime-type":"image\/jpeg","filesize":24409,"source_url":"https:\/\/www.deskmodder.de\/blog\/wp-content\/uploads\/2023\/01\/apple-homepod-hero-230118-350x316.jpg"},"service-featured":{"file":"apple-homepod-hero-230118-600x330.jpg","width":600,"height":330,"mime-type":"image\/jpeg","filesize":35150,"source_url":"https:\/\/www.deskmodder.de\/blog\/wp-content\/uploads\/2023\/01\/apple-homepod-hero-230118-600x330.jpg"}},"image_meta":{"aperture":"0","credit":"","camera":"","caption":"","created_timestamp":"0","copyright":"","focal_length":"0","iso":"0","shutter_speed":"0","title":"","orientation":"0","keywords":[]}},"post":174476,"source_url":"https:\/\/www.deskmodder.de\/blog\/wp-content\/uploads\/2023\/01\/apple-homepod-hero-230118.jpg"},"commentcount":0,"wp_comments":[],"wp_author":{"id":4849,"name":"Jonas","description":"Angehender Systemadministrator und technikbegeistert. Lieblingsthemen? Netzwerktechnik und Windows. Anfragen an: jonas@deskmodder.de","author_avatar_urls":{"24":"https:\/\/secure.gravatar.com\/avatar\/7c63b4d53b4b3cb64efbc10c186da49c9a5d422cda908d8a3b5d5e0cd8322634?s=24&d=mm&r=g","48":"https:\/\/secure.gravatar.com\/avatar\/7c63b4d53b4b3cb64efbc10c186da49c9a5d422cda908d8a3b5d5e0cd8322634?s=48&d=mm&r=g","96":"https:\/\/secure.gravatar.com\/avatar\/7c63b4d53b4b3cb64efbc10c186da49c9a5d422cda908d8a3b5d5e0cd8322634?s=96&d=mm&r=g"}},"cld_nonce":"a2168cecf9","yoast_head":"<!-- This site is optimized with the Yoast SEO Premium plugin v27.4 (Yoast SEO v27.4) - https:\/\/yoast.com\/product\/yoast-seo-premium-wordpress\/ -->\n<title>Apple HomePod der zweiten Generation vorgestellt - Deskmodder.de<\/title>\n<meta name=\"robots\" content=\"index, follow, max-snippet:-1, max-image-preview:large, max-video-preview:-1\" \/>\n<link rel=\"canonical\" href=\"https:\/\/www.deskmodder.de\/blog\/2023\/01\/18\/apple-homepod-der-zweiten-generation-vorgestellt\/\" \/>\n<meta property=\"og:locale\" content=\"de_DE\" \/>\n<meta property=\"og:type\" content=\"article\" \/>\n<meta property=\"og:title\" content=\"Apple HomePod der zweiten Generation vorgestellt\" \/>\n<meta property=\"og:description\" content=\"Nachdem Apple gestern die neuen MacBook Pro Modelle mit M2 Chip vorgestellt hat, geht es heute weiter mit einer neuen Produktvorstellung. Apple stellt heute still und heimlich den HomePod der zweiten Generation vor. Nachdem die erste Generation vor ein paar&hellip;\" \/>\n<meta property=\"og:url\" content=\"https:\/\/www.deskmodder.de\/blog\/2023\/01\/18\/apple-homepod-der-zweiten-generation-vorgestellt\/\" \/>\n<meta property=\"og:site_name\" content=\"Deskmodder.de\" \/>\n<meta property=\"article:publisher\" content=\"https:\/\/www.facebook.com\/Deskmodder\" \/>\n<meta property=\"article:published_time\" content=\"2023-01-18T17:24:06+00:00\" \/>\n<meta property=\"og:image\" content=\"https:\/\/www.deskmodder.de\/blog\/wp-content\/uploads\/2023\/01\/apple-homepod-hero-230118.jpg\" \/>\n\t<meta property=\"og:image:width\" content=\"1960\" \/>\n\t<meta property=\"og:image:height\" content=\"1102\" \/>\n\t<meta property=\"og:image:type\" content=\"image\/jpeg\" \/>\n<meta name=\"author\" content=\"Jonas\" \/>\n<meta name=\"twitter:card\" content=\"summary_large_image\" \/>\n<meta name=\"twitter:creator\" content=\"@jonasinfarbe\" \/>\n<meta name=\"twitter:site\" content=\"@Deskmodder\" \/>\n<script type=\"application\/ld+json\" class=\"yoast-schema-graph\">{\"@context\":\"https:\\\/\\\/schema.org\",\"@graph\":[{\"@type\":\"Article\",\"@id\":\"https:\\\/\\\/www.deskmodder.de\\\/blog\\\/2023\\\/01\\\/18\\\/apple-homepod-der-zweiten-generation-vorgestellt\\\/#article\",\"isPartOf\":{\"@id\":\"https:\\\/\\\/www.deskmodder.de\\\/blog\\\/2023\\\/01\\\/18\\\/apple-homepod-der-zweiten-generation-vorgestellt\\\/\"},\"author\":{\"name\":\"Jonas\",\"@id\":\"https:\\\/\\\/www.deskmodder.de\\\/blog\\\/#\\\/schema\\\/person\\\/687624f6860c8c88f71df1200fc24b44\"},\"headline\":\"Apple HomePod der zweiten Generation vorgestellt\",\"datePublished\":\"2023-01-18T17:24:06+00:00\",\"mainEntityOfPage\":{\"@id\":\"https:\\\/\\\/www.deskmodder.de\\\/blog\\\/2023\\\/01\\\/18\\\/apple-homepod-der-zweiten-generation-vorgestellt\\\/\"},\"wordCount\":161,\"commentCount\":0,\"publisher\":{\"@id\":\"https:\\\/\\\/www.deskmodder.de\\\/blog\\\/#organization\"},\"image\":{\"@id\":\"https:\\\/\\\/www.deskmodder.de\\\/blog\\\/2023\\\/01\\\/18\\\/apple-homepod-der-zweiten-generation-vorgestellt\\\/#primaryimage\"},\"thumbnailUrl\":\"https:\\\/\\\/www.deskmodder.de\\\/blog\\\/wp-content\\\/uploads\\\/2023\\\/01\\\/apple-homepod-hero-230118.jpg\",\"keywords\":[\"Apple\",\"Bass\",\"Home\",\"HomePod\",\"Lautsprecher\",\"Musik\",\"Pod\",\"Sound\",\"Surround\",\"Thread\",\"Video\"],\"articleSection\":{\"1\":\"Welt des Internets\"},\"inLanguage\":\"de\",\"potentialAction\":[{\"@type\":\"CommentAction\",\"name\":\"Comment\",\"target\":[\"https:\\\/\\\/www.deskmodder.de\\\/blog\\\/2023\\\/01\\\/18\\\/apple-homepod-der-zweiten-generation-vorgestellt\\\/#respond\"]}],\"copyrightYear\":\"2023\",\"copyrightHolder\":{\"@id\":\"https:\\\/\\\/www.deskmodder.de\\\/blog\\\/#organization\"}},{\"@type\":\"WebPage\",\"@id\":\"https:\\\/\\\/www.deskmodder.de\\\/blog\\\/2023\\\/01\\\/18\\\/apple-homepod-der-zweiten-generation-vorgestellt\\\/\",\"url\":\"https:\\\/\\\/www.deskmodder.de\\\/blog\\\/2023\\\/01\\\/18\\\/apple-homepod-der-zweiten-generation-vorgestellt\\\/\",\"name\":\"Apple HomePod der zweiten Generation vorgestellt - Deskmodder.de\",\"isPartOf\":{\"@id\":\"https:\\\/\\\/www.deskmodder.de\\\/blog\\\/#website\"},\"primaryImageOfPage\":{\"@id\":\"https:\\\/\\\/www.deskmodder.de\\\/blog\\\/2023\\\/01\\\/18\\\/apple-homepod-der-zweiten-generation-vorgestellt\\\/#primaryimage\"},\"image\":{\"@id\":\"https:\\\/\\\/www.deskmodder.de\\\/blog\\\/2023\\\/01\\\/18\\\/apple-homepod-der-zweiten-generation-vorgestellt\\\/#primaryimage\"},\"thumbnailUrl\":\"https:\\\/\\\/www.deskmodder.de\\\/blog\\\/wp-content\\\/uploads\\\/2023\\\/01\\\/apple-homepod-hero-230118.jpg\",\"datePublished\":\"2023-01-18T17:24:06+00:00\",\"breadcrumb\":{\"@id\":\"https:\\\/\\\/www.deskmodder.de\\\/blog\\\/2023\\\/01\\\/18\\\/apple-homepod-der-zweiten-generation-vorgestellt\\\/#breadcrumb\"},\"inLanguage\":\"de\",\"potentialAction\":[{\"@type\":\"ReadAction\",\"target\":[\"https:\\\/\\\/www.deskmodder.de\\\/blog\\\/2023\\\/01\\\/18\\\/apple-homepod-der-zweiten-generation-vorgestellt\\\/\"]}]},{\"@type\":\"ImageObject\",\"inLanguage\":\"de\",\"@id\":\"https:\\\/\\\/www.deskmodder.de\\\/blog\\\/2023\\\/01\\\/18\\\/apple-homepod-der-zweiten-generation-vorgestellt\\\/#primaryimage\",\"url\":\"https:\\\/\\\/www.deskmodder.de\\\/blog\\\/wp-content\\\/uploads\\\/2023\\\/01\\\/apple-homepod-hero-230118.jpg\",\"contentUrl\":\"https:\\\/\\\/www.deskmodder.de\\\/blog\\\/wp-content\\\/uploads\\\/2023\\\/01\\\/apple-homepod-hero-230118.jpg\",\"width\":1960,\"height\":1102},{\"@type\":\"BreadcrumbList\",\"@id\":\"https:\\\/\\\/www.deskmodder.de\\\/blog\\\/2023\\\/01\\\/18\\\/apple-homepod-der-zweiten-generation-vorgestellt\\\/#breadcrumb\",\"itemListElement\":[{\"@type\":\"ListItem\",\"position\":1,\"name\":\"Startseite\",\"item\":\"https:\\\/\\\/www.deskmodder.de\\\/blog\\\/\"},{\"@type\":\"ListItem\",\"position\":2,\"name\":\"Apple HomePod der zweiten Generation vorgestellt\"}]},{\"@type\":\"WebSite\",\"@id\":\"https:\\\/\\\/www.deskmodder.de\\\/blog\\\/#website\",\"url\":\"https:\\\/\\\/www.deskmodder.de\\\/blog\\\/\",\"name\":\"Deskmodder.de\",\"description\":\"News zum Thema Microsoft, Windows 11 \\\/ 10, sowie anderen Neuigkeiten aus dem Netz, viele Tipps und individuelle Hilfe bei Problemen in unserem Forum \u25cf Deskmodder - seit 2003\",\"publisher\":{\"@id\":\"https:\\\/\\\/www.deskmodder.de\\\/blog\\\/#organization\"},\"potentialAction\":[{\"@type\":\"SearchAction\",\"target\":{\"@type\":\"EntryPoint\",\"urlTemplate\":\"https:\\\/\\\/www.deskmodder.de\\\/blog\\\/?s={search_term_string}\"},\"query-input\":{\"@type\":\"PropertyValueSpecification\",\"valueRequired\":true,\"valueName\":\"search_term_string\"}}],\"inLanguage\":\"de\"},{\"@type\":\"Organization\",\"@id\":\"https:\\\/\\\/www.deskmodder.de\\\/blog\\\/#organization\",\"name\":\"Deskmodder\",\"url\":\"https:\\\/\\\/www.deskmodder.de\\\/blog\\\/\",\"logo\":{\"@type\":\"ImageObject\",\"inLanguage\":\"de\",\"@id\":\"https:\\\/\\\/www.deskmodder.de\\\/blog\\\/#\\\/schema\\\/logo\\\/image\\\/\",\"url\":\"https:\\\/\\\/www.deskmodder.de\\\/blog\\\/wp-content\\\/uploads\\\/2019\\\/01\\\/deskmodder-logo-app.png\",\"contentUrl\":\"https:\\\/\\\/www.deskmodder.de\\\/blog\\\/wp-content\\\/uploads\\\/2019\\\/01\\\/deskmodder-logo-app.png\",\"width\":281,\"height\":286,\"caption\":\"Deskmodder\"},\"image\":{\"@id\":\"https:\\\/\\\/www.deskmodder.de\\\/blog\\\/#\\\/schema\\\/logo\\\/image\\\/\"},\"sameAs\":[\"https:\\\/\\\/www.facebook.com\\\/Deskmodder\",\"https:\\\/\\\/x.com\\\/Deskmodder\",\"https:\\\/\\\/mastodontech.de\\\/@Deskmodder\",\"https:\\\/\\\/www.youtube.com\\\/user\\\/deskmodder\",\"https:\\\/\\\/mewe.com\\\/group\\\/5c83b5231add826fc80cdae1\"]},{\"@type\":\"Person\",\"@id\":\"https:\\\/\\\/www.deskmodder.de\\\/blog\\\/#\\\/schema\\\/person\\\/687624f6860c8c88f71df1200fc24b44\",\"name\":\"Jonas\",\"image\":{\"@type\":\"ImageObject\",\"inLanguage\":\"de\",\"@id\":\"https:\\\/\\\/secure.gravatar.com\\\/avatar\\\/7c63b4d53b4b3cb64efbc10c186da49c9a5d422cda908d8a3b5d5e0cd8322634?s=96&d=mm&r=g\",\"url\":\"https:\\\/\\\/secure.gravatar.com\\\/avatar\\\/7c63b4d53b4b3cb64efbc10c186da49c9a5d422cda908d8a3b5d5e0cd8322634?s=96&d=mm&r=g\",\"contentUrl\":\"https:\\\/\\\/secure.gravatar.com\\\/avatar\\\/7c63b4d53b4b3cb64efbc10c186da49c9a5d422cda908d8a3b5d5e0cd8322634?s=96&d=mm&r=g\",\"caption\":\"Jonas\"},\"description\":\"Angehender Systemadministrator und technikbegeistert. Lieblingsthemen? Netzwerktechnik und Windows. Anfragen an: jonas@deskmodder.de\",\"sameAs\":[\"https:\\\/\\\/x.com\\\/jonasinfarbe\",\"https:\\\/\\\/www.youtube.com\\\/channel\\\/UCwBwNTIXW94vTH2NZJWfETA\"],\"url\":\"https:\\\/\\\/www.deskmodder.de\\\/blog\\\/author\\\/jonas\\\/\"}]}<\/script>\n<!-- \/ Yoast SEO Premium plugin. -->","yoast_head_json":{"title":"Apple HomePod der zweiten Generation vorgestellt - Deskmodder.de","robots":{"index":"index","follow":"follow","max-snippet":"max-snippet:-1","max-image-preview":"max-image-preview:large","max-video-preview":"max-video-preview:-1"},"canonical":"https:\/\/www.deskmodder.de\/blog\/2023\/01\/18\/apple-homepod-der-zweiten-generation-vorgestellt\/","og_locale":"de_DE","og_type":"article","og_title":"Apple HomePod der zweiten Generation vorgestellt","og_description":"Nachdem Apple gestern die neuen MacBook Pro Modelle mit M2 Chip vorgestellt hat, geht es heute weiter mit einer neuen Produktvorstellung. Apple stellt heute still und heimlich den HomePod der zweiten Generation vor. Nachdem die erste Generation vor ein paar&hellip;","og_url":"https:\/\/www.deskmodder.de\/blog\/2023\/01\/18\/apple-homepod-der-zweiten-generation-vorgestellt\/","og_site_name":"Deskmodder.de","article_publisher":"https:\/\/www.facebook.com\/Deskmodder","article_published_time":"2023-01-18T17:24:06+00:00","og_image":[{"width":1960,"height":1102,"url":"https:\/\/www.deskmodder.de\/blog\/wp-content\/uploads\/2023\/01\/apple-homepod-hero-230118.jpg","type":"image\/jpeg"}],"author":"Jonas","twitter_card":"summary_large_image","twitter_creator":"@jonasinfarbe","twitter_site":"@Deskmodder","schema":{"@context":"https:\/\/schema.org","@graph":[{"@type":"Article","@id":"https:\/\/www.deskmodder.de\/blog\/2023\/01\/18\/apple-homepod-der-zweiten-generation-vorgestellt\/#article","isPartOf":{"@id":"https:\/\/www.deskmodder.de\/blog\/2023\/01\/18\/apple-homepod-der-zweiten-generation-vorgestellt\/"},"author":{"name":"Jonas","@id":"https:\/\/www.deskmodder.de\/blog\/#\/schema\/person\/687624f6860c8c88f71df1200fc24b44"},"headline":"Apple HomePod der zweiten Generation vorgestellt","datePublished":"2023-01-18T17:24:06+00:00","mainEntityOfPage":{"@id":"https:\/\/www.deskmodder.de\/blog\/2023\/01\/18\/apple-homepod-der-zweiten-generation-vorgestellt\/"},"wordCount":161,"commentCount":0,"publisher":{"@id":"https:\/\/www.deskmodder.de\/blog\/#organization"},"image":{"@id":"https:\/\/www.deskmodder.de\/blog\/2023\/01\/18\/apple-homepod-der-zweiten-generation-vorgestellt\/#primaryimage"},"thumbnailUrl":"https:\/\/www.deskmodder.de\/blog\/wp-content\/uploads\/2023\/01\/apple-homepod-hero-230118.jpg","keywords":["Apple","Bass","Home","HomePod","Lautsprecher","Musik","Pod","Sound","Surround","Thread","Video"],"articleSection":{"1":"Welt des Internets"},"inLanguage":"de","potentialAction":[{"@type":"CommentAction","name":"Comment","target":["https:\/\/www.deskmodder.de\/blog\/2023\/01\/18\/apple-homepod-der-zweiten-generation-vorgestellt\/#respond"]}],"copyrightYear":"2023","copyrightHolder":{"@id":"https:\/\/www.deskmodder.de\/blog\/#organization"}},{"@type":"WebPage","@id":"https:\/\/www.deskmodder.de\/blog\/2023\/01\/18\/apple-homepod-der-zweiten-generation-vorgestellt\/","url":"https:\/\/www.deskmodder.de\/blog\/2023\/01\/18\/apple-homepod-der-zweiten-generation-vorgestellt\/","name":"Apple HomePod der zweiten Generation vorgestellt - Deskmodder.de","isPartOf":{"@id":"https:\/\/www.deskmodder.de\/blog\/#website"},"primaryImageOfPage":{"@id":"https:\/\/www.deskmodder.de\/blog\/2023\/01\/18\/apple-homepod-der-zweiten-generation-vorgestellt\/#primaryimage"},"image":{"@id":"https:\/\/www.deskmodder.de\/blog\/2023\/01\/18\/apple-homepod-der-zweiten-generation-vorgestellt\/#primaryimage"},"thumbnailUrl":"https:\/\/www.deskmodder.de\/blog\/wp-content\/uploads\/2023\/01\/apple-homepod-hero-230118.jpg","datePublished":"2023-01-18T17:24:06+00:00","breadcrumb":{"@id":"https:\/\/www.deskmodder.de\/blog\/2023\/01\/18\/apple-homepod-der-zweiten-generation-vorgestellt\/#breadcrumb"},"inLanguage":"de","potentialAction":[{"@type":"ReadAction","target":["https:\/\/www.deskmodder.de\/blog\/2023\/01\/18\/apple-homepod-der-zweiten-generation-vorgestellt\/"]}]},{"@type":"ImageObject","inLanguage":"de","@id":"https:\/\/www.deskmodder.de\/blog\/2023\/01\/18\/apple-homepod-der-zweiten-generation-vorgestellt\/#primaryimage","url":"https:\/\/www.deskmodder.de\/blog\/wp-content\/uploads\/2023\/01\/apple-homepod-hero-230118.jpg","contentUrl":"https:\/\/www.deskmodder.de\/blog\/wp-content\/uploads\/2023\/01\/apple-homepod-hero-230118.jpg","width":1960,"height":1102},{"@type":"BreadcrumbList","@id":"https:\/\/www.deskmodder.de\/blog\/2023\/01\/18\/apple-homepod-der-zweiten-generation-vorgestellt\/#breadcrumb","itemListElement":[{"@type":"ListItem","position":1,"name":"Startseite","item":"https:\/\/www.deskmodder.de\/blog\/"},{"@type":"ListItem","position":2,"name":"Apple HomePod der zweiten Generation vorgestellt"}]},{"@type":"WebSite","@id":"https:\/\/www.deskmodder.de\/blog\/#website","url":"https:\/\/www.deskmodder.de\/blog\/","name":"Deskmodder.de","description":"News zum Thema Microsoft, Windows 11 \/ 10, sowie anderen Neuigkeiten aus dem Netz, viele Tipps und individuelle Hilfe bei Problemen in unserem Forum \u25cf Deskmodder - seit 2003","publisher":{"@id":"https:\/\/www.deskmodder.de\/blog\/#organization"},"potentialAction":[{"@type":"SearchAction","target":{"@type":"EntryPoint","urlTemplate":"https:\/\/www.deskmodder.de\/blog\/?s={search_term_string}"},"query-input":{"@type":"PropertyValueSpecification","valueRequired":true,"valueName":"search_term_string"}}],"inLanguage":"de"},{"@type":"Organization","@id":"https:\/\/www.deskmodder.de\/blog\/#organization","name":"Deskmodder","url":"https:\/\/www.deskmodder.de\/blog\/","logo":{"@type":"ImageObject","inLanguage":"de","@id":"https:\/\/www.deskmodder.de\/blog\/#\/schema\/logo\/image\/","url":"https:\/\/www.deskmodder.de\/blog\/wp-content\/uploads\/2019\/01\/deskmodder-logo-app.png","contentUrl":"https:\/\/www.deskmodder.de\/blog\/wp-content\/uploads\/2019\/01\/deskmodder-logo-app.png","width":281,"height":286,"caption":"Deskmodder"},"image":{"@id":"https:\/\/www.deskmodder.de\/blog\/#\/schema\/logo\/image\/"},"sameAs":["https:\/\/www.facebook.com\/Deskmodder","https:\/\/x.com\/Deskmodder","https:\/\/mastodontech.de\/@Deskmodder","https:\/\/www.youtube.com\/user\/deskmodder","https:\/\/mewe.com\/group\/5c83b5231add826fc80cdae1"]},{"@type":"Person","@id":"https:\/\/www.deskmodder.de\/blog\/#\/schema\/person\/687624f6860c8c88f71df1200fc24b44","name":"Jonas","image":{"@type":"ImageObject","inLanguage":"de","@id":"https:\/\/secure.gravatar.com\/avatar\/7c63b4d53b4b3cb64efbc10c186da49c9a5d422cda908d8a3b5d5e0cd8322634?s=96&d=mm&r=g","url":"https:\/\/secure.gravatar.com\/avatar\/7c63b4d53b4b3cb64efbc10c186da49c9a5d422cda908d8a3b5d5e0cd8322634?s=96&d=mm&r=g","contentUrl":"https:\/\/secure.gravatar.com\/avatar\/7c63b4d53b4b3cb64efbc10c186da49c9a5d422cda908d8a3b5d5e0cd8322634?s=96&d=mm&r=g","caption":"Jonas"},"description":"Angehender Systemadministrator und technikbegeistert. Lieblingsthemen? Netzwerktechnik und Windows. Anfragen an: jonas@deskmodder.de","sameAs":["https:\/\/x.com\/jonasinfarbe","https:\/\/www.youtube.com\/channel\/UCwBwNTIXW94vTH2NZJWfETA"],"url":"https:\/\/www.deskmodder.de\/blog\/author\/jonas\/"}]}},"jetpack_publicize_connections":[],"jetpack_featured_media_url":"https:\/\/www.deskmodder.de\/blog\/wp-content\/uploads\/2023\/01\/apple-homepod-hero-230118.jpg","_links":{"self":[{"href":"https:\/\/www.deskmodder.de\/blog\/wp-json\/wp\/v2\/posts\/174476","targetHints":{"allow":["GET"]}}],"collection":[{"href":"https:\/\/www.deskmodder.de\/blog\/wp-json\/wp\/v2\/posts"}],"about":[{"href":"https:\/\/www.deskmodder.de\/blog\/wp-json\/wp\/v2\/types\/post"}],"author":[{"embeddable":true,"href":"https:\/\/www.deskmodder.de\/blog\/wp-json\/wp\/v2\/users\/4849"}],"replies":[{"embeddable":true,"href":"https:\/\/www.deskmodder.de\/blog\/wp-json\/wp\/v2\/comments?post=174476"}],"version-history":[{"count":3,"href":"https:\/\/www.deskmodder.de\/blog\/wp-json\/wp\/v2\/posts\/174476\/revisions"}],"predecessor-version":[{"id":174486,"href":"https:\/\/www.deskmodder.de\/blog\/wp-json\/wp\/v2\/posts\/174476\/revisions\/174486"}],"wp:featuredmedia":[{"embeddable":true,"href":"https:\/\/www.deskmodder.de\/blog\/wp-json\/wp\/v2\/media\/174479"}],"wp:attachment":[{"href":"https:\/\/www.deskmodder.de\/blog\/wp-json\/wp\/v2\/media?parent=174476"}],"wp:term":[{"taxonomy":"category","embeddable":true,"href":"https:\/\/www.deskmodder.de\/blog\/wp-json\/wp\/v2\/categories?post=174476"},{"taxonomy":"post_tag","embeddable":true,"href":"https:\/\/www.deskmodder.de\/blog\/wp-json\/wp\/v2\/tags?post=174476"}],"curies":[{"name":"wp","href":"https:\/\/api.w.org\/{rel}","templated":true}]}}