{"id":174420,"date":"2023-01-17T19:13:26","date_gmt":"2023-01-17T18:13:26","guid":{"rendered":"https:\/\/www.deskmodder.de\/blog\/?p=174420"},"modified":"2023-01-18T11:39:13","modified_gmt":"2023-01-18T10:39:13","slug":"apple-stellt-mac-mini-macbook-pro-mit-m2-m2-pro-und-m2-max-vor","status":"publish","type":"post","link":"https:\/\/www.deskmodder.de\/blog\/2023\/01\/17\/apple-stellt-mac-mini-macbook-pro-mit-m2-m2-pro-und-m2-max-vor\/","title":{"rendered":"Apple stellt Mac mini &#038; MacBook Pro mit M2, M2 Pro und M2 Max vor"},"content":{"rendered":"<p>Apple hat heute zusammen mit neuen M2-Chips eine ganze Reihe neuer Macs vorgestellt. So bekommen nun auch der Mac mini und die MacBook-Pro-Reihe die aktuelle Hardware spendiert. Die Preise der neuen Ger\u00e4te wurden in diesem Zuge \u00fcberwiegend angehoben, immerhin der kleinste Mac mini ist jetzt etwas g\u00fcnstiger geworden.<\/p>\n<div id='gallery-1' class='gallery galleryid-174420 gallery-columns-3 gallery-size-thumbnail'><figure class='gallery-item'>\n\t\t\t<div class='gallery-icon landscape'>\n\t\t\t\t<a href='https:\/\/www.deskmodder.de\/blog\/wp-content\/uploads\/2023\/01\/m2.jpg' rel=\"lightbox[174420]\"><img loading=\"lazy\" decoding=\"async\" width=\"306\" height=\"172\" src=\"https:\/\/www.deskmodder.de\/blog\/wp-content\/uploads\/2023\/01\/m2-306x172.jpg\" class=\"attachment-thumbnail size-thumbnail\" alt=\"\" srcset=\"https:\/\/www.deskmodder.de\/blog\/wp-content\/uploads\/2023\/01\/m2-306x172.jpg 306w, https:\/\/www.deskmodder.de\/blog\/wp-content\/uploads\/2023\/01\/m2-500x281.jpg 500w, https:\/\/www.deskmodder.de\/blog\/wp-content\/uploads\/2023\/01\/m2-810x456.jpg 810w, https:\/\/www.deskmodder.de\/blog\/wp-content\/uploads\/2023\/01\/m2-1536x864.jpg 1536w, https:\/\/www.deskmodder.de\/blog\/wp-content\/uploads\/2023\/01\/m2.jpg 2000w\" sizes=\"auto, (max-width: 306px) 100vw, 306px\" \/><\/a>\n\t\t\t<\/div><\/figure><figure class='gallery-item'>\n\t\t\t<div class='gallery-icon landscape'>\n\t\t\t\t<a href='https:\/\/www.deskmodder.de\/blog\/wp-content\/uploads\/2023\/01\/m2-pro.jpg' rel=\"lightbox[174420]\"><img loading=\"lazy\" decoding=\"async\" width=\"306\" height=\"172\" src=\"https:\/\/www.deskmodder.de\/blog\/wp-content\/uploads\/2023\/01\/m2-pro-306x172.jpg\" class=\"attachment-thumbnail size-thumbnail\" alt=\"\" srcset=\"https:\/\/www.deskmodder.de\/blog\/wp-content\/uploads\/2023\/01\/m2-pro-306x172.jpg 306w, https:\/\/www.deskmodder.de\/blog\/wp-content\/uploads\/2023\/01\/m2-pro-500x281.jpg 500w, https:\/\/www.deskmodder.de\/blog\/wp-content\/uploads\/2023\/01\/m2-pro-810x456.jpg 810w, https:\/\/www.deskmodder.de\/blog\/wp-content\/uploads\/2023\/01\/m2-pro-1536x864.jpg 1536w, https:\/\/www.deskmodder.de\/blog\/wp-content\/uploads\/2023\/01\/m2-pro.jpg 2000w\" sizes=\"auto, (max-width: 306px) 100vw, 306px\" \/><\/a>\n\t\t\t<\/div><\/figure><figure class='gallery-item'>\n\t\t\t<div class='gallery-icon landscape'>\n\t\t\t\t<a href='https:\/\/www.deskmodder.de\/blog\/wp-content\/uploads\/2023\/01\/m2-max.jpg' rel=\"lightbox[174420]\"><img loading=\"lazy\" decoding=\"async\" width=\"306\" height=\"172\" src=\"https:\/\/www.deskmodder.de\/blog\/wp-content\/uploads\/2023\/01\/m2-max-306x172.jpg\" class=\"attachment-thumbnail size-thumbnail\" alt=\"\" srcset=\"https:\/\/www.deskmodder.de\/blog\/wp-content\/uploads\/2023\/01\/m2-max-306x172.jpg 306w, https:\/\/www.deskmodder.de\/blog\/wp-content\/uploads\/2023\/01\/m2-max-500x281.jpg 500w, https:\/\/www.deskmodder.de\/blog\/wp-content\/uploads\/2023\/01\/m2-max-810x456.jpg 810w, https:\/\/www.deskmodder.de\/blog\/wp-content\/uploads\/2023\/01\/m2-max-1536x864.jpg 1536w, https:\/\/www.deskmodder.de\/blog\/wp-content\/uploads\/2023\/01\/m2-max.jpg 2000w\" sizes=\"auto, (max-width: 306px) 100vw, 306px\" \/><\/a>\n\t\t\t<\/div><\/figure>\n\t\t<\/div>\n\n<h4>Mac mini<\/h4>\n<p>Der Mac mini ist im Prinzip \u00e4u\u00dferlich unver\u00e4ndert und bietet weiterhin eine gro\u00dfe Auswahl an Ein- und Ausg\u00e4ngen: Der M2 Mac mini verf\u00fcgt \u00fcber zwei Thunderbolt 4 Anschl\u00fcsse, zwei USB-A Anschl\u00fcsse, einen HDMI Anschluss, Gigabit Ethernet (optional 10 Gigabit) und einen Kopfh\u00f6reranschluss. Der M2 Pro Mac mini hat zus\u00e4tzlich zwei weitere Thunderbolt 4 Anschl\u00fcsse.<\/p>\n<p>Beide Mac mini Konfigurationen unterst\u00fctzen mit Wi-Fi 6E den schnellsten Standard f\u00fcr drahtlose Netzwerke sowie Bluetooth 5.3.<\/p>\n<p>Im Vergleich zur Vorg\u00e4ngergeneration M1 Mac mini bietet der M2 Pro laut Apple eine bis zu 2,5 Mal schnellere Leistung in Affinity Photo, eine 4,2 Mal schnellere ProRes Transkodierung in Final Cut Pro und eine bis zu 2,8 Mal schnellere Spielgeschwindigkeit in Resident Evil Village.<\/p>\n<p>Der neue Mac mini kann ab sofort im Apple Online Store bestellt werden. Die Basiskonfiguration f\u00fcr 699 Euro beinhaltet einen M2 Chip mit 8-Core CPU, 10-Core GPU, 256 GB SSD und 8 GB RAM. Die Basiskonfiguration f\u00fcr den M2 Pro Chip f\u00fcr 1.549 Euro beinhaltet eine 10-Core CPU, eine 16-Core GPU, 16 GB RAM und eine 512 GB SSD.<\/p>\n<p>Einen \u00dcberblick \u00fcber alle technischen Daten findet ihr <a href=\"https:\/\/www.apple.com\/de\/mac-mini\/specs\/\" target=\"_blank\" rel=\"noopener\">HIER<\/a>.<\/p>\n<p><a href=\"https:\/\/www.deskmodder.de\/blog\/wp-content\/uploads\/2023\/01\/mac-mini.jpg\" rel=\"lightbox[174420]\"><img loading=\"lazy\" decoding=\"async\" class=\"aligncenter size-large wp-image-174430\" src=\"https:\/\/www.deskmodder.de\/blog\/wp-content\/uploads\/2023\/01\/mac-mini-810x456.jpg\" alt=\"\" width=\"810\" height=\"456\" srcset=\"https:\/\/www.deskmodder.de\/blog\/wp-content\/uploads\/2023\/01\/mac-mini-810x456.jpg 810w, https:\/\/www.deskmodder.de\/blog\/wp-content\/uploads\/2023\/01\/mac-mini-500x281.jpg 500w, https:\/\/www.deskmodder.de\/blog\/wp-content\/uploads\/2023\/01\/mac-mini-306x172.jpg 306w, https:\/\/www.deskmodder.de\/blog\/wp-content\/uploads\/2023\/01\/mac-mini-1536x864.jpg 1536w, https:\/\/www.deskmodder.de\/blog\/wp-content\/uploads\/2023\/01\/mac-mini.jpg 2000w\" sizes=\"auto, (max-width: 810px) 100vw, 810px\" \/><\/a><\/p>\n<h4>MacBook Pro<\/h4>\n<p>Der M2 Pro Chip im neuen MacBook Pro verf\u00fcgt \u00fcber eine CPU mit bis zu 12 Kernen und einen Grafikprozessor mit bis zu 19 Kernen. Au\u00dferdem kann man bis zu 32 GB Unified Memory hinzuf\u00fcgen. Der M2 Max geht sogar noch weiter und bietet einen Grafikprozessor mit bis zu 38 Kernen und bis zu 96 GB Arbeitsspeicher.<\/p>\n<p>Die Optionen f\u00fcr die Speicherkonfiguration der neuen MacBook Pro Modelle reichen von 512 GB im unteren Bereich bis hin zu 8 TB im oberen Bereich. Die Ger\u00e4te sind in den gleichen Farboptionen wie die Vorg\u00e4ngergeneration erh\u00e4ltlich: Spacegrau und Silber.<\/p>\n<p>Laut Apple bieten die neuen MacBook Pro Modelle die l\u00e4ngste Batterielaufzeit, die es je bei einem Mac gab &#8211; etwa eine Stunde mehr als bei den Vorg\u00e4ngermodellen.<\/p>\n<p>Zus\u00e4tzlich zu den neuen Chips im Inneren enthalten die neuen MacBook Pro Modelle auch einige andere Verbesserungen: Der HDMI-Anschluss wurde auf den HDMI 2.1-Standard aktualisiert, der Unterst\u00fctzung f\u00fcr 8K-Bildschirme mit bis zu 60 Hz und 4K-Bildschirme mit bis zu 240 Hz bietet. Zum ersten Mal bietet das MacBook Pro jetzt auch Wi-Fi 6E-Konnektivit\u00e4t, die laut Apple &#8222;bis zu doppelt so schnell&#8220; ist wie bisher.<\/p>\n<p>Das MacBook Pro 14&#8243; startet ab 2.399 Euro und das 16&#8243;-Modell ab 2.999 Euro.\u00a0Auch hier findet ihr alle technischen Spezifikationen <a href=\"https:\/\/www.apple.com\/de\/macbook-pro-14-and-16\/specs\/\" target=\"_blank\" rel=\"noopener\">auf der Webseite von Apple<\/a>.<\/p>\n<p>In einem\u00a0<a href=\"https:\/\/www.youtube-nocookie.com\/watch?v=6Ij9PiehENA\" target=\"_blank\" rel=\"noopener\">YouTube-Video<\/a> hat man die Neuvorstellungen auch nochmal zusammengefasst.<\/p>\n","protected":false},"excerpt":{"rendered":"<p>Apple hat heute zusammen mit neuen M2-Chips eine ganze Reihe neuer Macs vorgestellt. So bekommen nun auch der Mac mini und die MacBook-Pro-Reihe die aktuelle Hardware spendiert. Die Preise der neuen Ger\u00e4te wurden in diesem Zuge \u00fcberwiegend angehoben, immerhin der&hellip; <\/p>\n","protected":false},"author":1525,"featured_media":174421,"comment_status":"open","ping_status":"open","sticky":false,"template":"","format":"standard","meta":{"jetpack_post_was_ever_published":false,"footnotes":"","jetpack_publicize_message":"","jetpack_publicize_feature_enabled":true,"jetpack_social_post_already_shared":true,"jetpack_social_options":{"image_generator_settings":{"template":"highway","default_image_id":0,"font":"","enabled":false},"version":2}},"categories":[9],"tags":[44448,98,84882,84884,84883,47564,14606],"class_list":["post-174420","post","type-post","status-publish","format-standard","has-post-thumbnail","hentry","category-mac","tag-44448","tag-apple","tag-m2","tag-m2-max","tag-m2-pro","tag-mac-mini","tag-macbook-pro"],"wp_featured_image":{"id":174421,"alt_text":"","description":"","media_type":"image","media_details":{"width":1960,"height":1102,"file":"2023\/01\/apple-m2-chips-hero-230117.jpg","filesize":222379,"sizes":{"medium":{"file":"apple-m2-chips-hero-230117-500x281.jpg","width":500,"height":281,"mime-type":"image\/jpeg","filesize":14931,"source_url":"https:\/\/www.deskmodder.de\/blog\/wp-content\/uploads\/2023\/01\/apple-m2-chips-hero-230117-500x281.jpg"},"large":{"file":"apple-m2-chips-hero-230117-810x455.jpg","width":810,"height":455,"mime-type":"image\/jpeg","filesize":25166,"source_url":"https:\/\/www.deskmodder.de\/blog\/wp-content\/uploads\/2023\/01\/apple-m2-chips-hero-230117-810x455.jpg"},"thumbnail":{"file":"apple-m2-chips-hero-230117-306x172.jpg","width":306,"height":172,"mime-type":"image\/jpeg","filesize":9724,"source_url":"https:\/\/www.deskmodder.de\/blog\/wp-content\/uploads\/2023\/01\/apple-m2-chips-hero-230117-306x172.jpg"},"1536x1536":{"file":"apple-m2-chips-hero-230117-1536x864.jpg","width":1536,"height":864,"mime-type":"image\/jpeg","filesize":62383,"source_url":"https:\/\/www.deskmodder.de\/blog\/wp-content\/uploads\/2023\/01\/apple-m2-chips-hero-230117-1536x864.jpg"},"blog-large":{"file":"apple-m2-chips-hero-230117-642x300.jpg","width":642,"height":300,"mime-type":"image\/jpeg","filesize":19279,"source_url":"https:\/\/www.deskmodder.de\/blog\/wp-content\/uploads\/2023\/01\/apple-m2-chips-hero-230117-642x300.jpg"},"blog-medium":{"file":"apple-m2-chips-hero-230117-306x205.jpg","width":306,"height":205,"mime-type":"image\/jpeg","filesize":11199,"source_url":"https:\/\/www.deskmodder.de\/blog\/wp-content\/uploads\/2023\/01\/apple-m2-chips-hero-230117-306x205.jpg"},"recent-thumb":{"file":"apple-m2-chips-hero-230117-350x316.jpg","width":350,"height":316,"mime-type":"image\/jpeg","filesize":14950,"source_url":"https:\/\/www.deskmodder.de\/blog\/wp-content\/uploads\/2023\/01\/apple-m2-chips-hero-230117-350x316.jpg"},"service-featured":{"file":"apple-m2-chips-hero-230117-600x330.jpg","width":600,"height":330,"mime-type":"image\/jpeg","filesize":17749,"source_url":"https:\/\/www.deskmodder.de\/blog\/wp-content\/uploads\/2023\/01\/apple-m2-chips-hero-230117-600x330.jpg"}},"image_meta":{"aperture":"0","credit":"","camera":"","caption":"","created_timestamp":"0","copyright":"","focal_length":"0","iso":"0","shutter_speed":"0","title":"","orientation":"0","keywords":[]}},"post":174420,"source_url":"https:\/\/www.deskmodder.de\/blog\/wp-content\/uploads\/2023\/01\/apple-m2-chips-hero-230117.jpg"},"commentcount":4,"wp_comments":[{"id":231017,"parent":0,"author":0,"author_name":"Rush","author_email":"djmajorrush@yahoo.de","author_url":"","author_avatar_urls":{"24":"https:\/\/secure.gravatar.com\/avatar\/f8e6ead7b0507ee23e2f9ded45c3941b6d2903892903aae5f1e43d22b6d1c166?s=24&d=mm&r=g","48":"https:\/\/secure.gravatar.com\/avatar\/f8e6ead7b0507ee23e2f9ded45c3941b6d2903892903aae5f1e43d22b6d1c166?s=48&d=mm&r=g","96":"https:\/\/secure.gravatar.com\/avatar\/f8e6ead7b0507ee23e2f9ded45c3941b6d2903892903aae5f1e43d22b6d1c166?s=96&d=mm&r=g"},"date":"2023-01-17T19:40:37","cld_nonce":"a2168cecf9","content":{"rendered":"<p>mmh und der mac pro :D?<\/p>\n"},"status":"1"},{"id":231046,"parent":0,"author":0,"author_name":"arcticocean","author_email":"trash_acc@gmx.net","author_url":"","author_avatar_urls":{"24":"https:\/\/secure.gravatar.com\/avatar\/4c7424dc5ab84a9d1ea050f4bc8293af5505cf90e7cade0001f388ea02806ef9?s=24&d=mm&r=g","48":"https:\/\/secure.gravatar.com\/avatar\/4c7424dc5ab84a9d1ea050f4bc8293af5505cf90e7cade0001f388ea02806ef9?s=48&d=mm&r=g","96":"https:\/\/secure.gravatar.com\/avatar\/4c7424dc5ab84a9d1ea050f4bc8293af5505cf90e7cade0001f388ea02806ef9?s=96&d=mm&r=g"},"date":"2023-01-18T08:51:41","cld_nonce":"a2168cecf9","content":{"rendered":"<p>So richtig kann mich Apple noch nicht von einer Neuanschaffung \u00fcberzeugen. Ich habe den 2018er Intel Mac mini, welcher problemlos drei Monitore ansteuern kann. Die M-Modelle schaffen nur zwei. Warum ich mir jetzt allerdings f\u00fcr den DOPPELTEN Preis eines ja durchaus leistungsstarken M2 Mac mini einen M2 Pro kaufen sollte, um wieder in den Genuss von drei Monitoren zu kommen, bleibt mir ein R\u00e4tsel.<\/p>\n"},"status":"1"},{"id":231059,"parent":0,"author":0,"author_name":"Wolfgang Tietze","author_email":"wolfgang_tietze@snafu.de","author_url":"","author_avatar_urls":{"24":"https:\/\/secure.gravatar.com\/avatar\/0b43c59664b1c68ca0d2aea62ac8b21689081a434748d5b27c236b3e68404fc6?s=24&d=mm&r=g","48":"https:\/\/secure.gravatar.com\/avatar\/0b43c59664b1c68ca0d2aea62ac8b21689081a434748d5b27c236b3e68404fc6?s=48&d=mm&r=g","96":"https:\/\/secure.gravatar.com\/avatar\/0b43c59664b1c68ca0d2aea62ac8b21689081a434748d5b27c236b3e68404fc6?s=96&d=mm&r=g"},"date":"2023-01-18T11:33:38","cld_nonce":"a2168cecf9","content":{"rendered":"<p>Hallo,<br \/>\n&#8222;Die Basiskonfiguration f\u00fcr den M2 Pro Chip f\u00fcr Euro beinhaltet eine 10-Core CPU, eine 16-Core GPU, 16 GB RAM und eine 512 GB SSD.&#8220;<br \/>\nHier wurde leider der Betrag vergessen.<\/p>\n"},"status":"1"},{"id":231061,"parent":231059,"author":134,"author_name":"moinmoin","author_email":"moin-moin@hab-verschlafen.de","author_url":"","author_avatar_urls":{"24":"https:\/\/secure.gravatar.com\/avatar\/fab96769102f8886245ab411df9a42a235be79261e4b44aa7ab2a555da8b86b4?s=24&d=mm&r=g","48":"https:\/\/secure.gravatar.com\/avatar\/fab96769102f8886245ab411df9a42a235be79261e4b44aa7ab2a555da8b86b4?s=48&d=mm&r=g","96":"https:\/\/secure.gravatar.com\/avatar\/fab96769102f8886245ab411df9a42a235be79261e4b44aa7ab2a555da8b86b4?s=96&d=mm&r=g"},"date":"2023-01-18T11:40:02","cld_nonce":"a2168cecf9","content":{"rendered":"<p>Hab ich mal nachgetragen.<\/p>\n"},"status":"1"}],"wp_author":{"id":1525,"name":"W8U","description":"Technikliebhaber aus Niedersachsen und seit 2013 bei den Deskmoddern. Interessiert sich f\u00fcr (fast) alles, durch das Strom flie\u00dft: Computer, Smartphones, Tablets, Autos und so weiter.","author_avatar_urls":{"24":"https:\/\/secure.gravatar.com\/avatar\/a1e9db99fdd71a9ae2c516203e3fcd390817fa98f868eb9ba6d4a77d1a815cd4?s=24&d=mm&r=g","48":"https:\/\/secure.gravatar.com\/avatar\/a1e9db99fdd71a9ae2c516203e3fcd390817fa98f868eb9ba6d4a77d1a815cd4?s=48&d=mm&r=g","96":"https:\/\/secure.gravatar.com\/avatar\/a1e9db99fdd71a9ae2c516203e3fcd390817fa98f868eb9ba6d4a77d1a815cd4?s=96&d=mm&r=g"}},"cld_nonce":"a2168cecf9","yoast_head":"<!-- This site is optimized with the Yoast SEO Premium plugin v27.4 (Yoast SEO v27.4) - https:\/\/yoast.com\/product\/yoast-seo-premium-wordpress\/ -->\n<title>Apple stellt Mac mini &amp; MacBook Pro mit M2, M2 Pro und M2 Max vor - Deskmodder.de<\/title>\n<meta name=\"robots\" content=\"index, follow, max-snippet:-1, max-image-preview:large, max-video-preview:-1\" \/>\n<link rel=\"canonical\" href=\"https:\/\/www.deskmodder.de\/blog\/2023\/01\/17\/apple-stellt-mac-mini-macbook-pro-mit-m2-m2-pro-und-m2-max-vor\/\" \/>\n<meta property=\"og:locale\" content=\"de_DE\" \/>\n<meta property=\"og:type\" content=\"article\" \/>\n<meta property=\"og:title\" content=\"Apple stellt Mac mini &amp; MacBook Pro mit M2, M2 Pro und M2 Max vor\" \/>\n<meta property=\"og:description\" content=\"Apple hat heute zusammen mit neuen M2-Chips eine ganze Reihe neuer Macs vorgestellt. So bekommen nun auch der Mac mini und die MacBook-Pro-Reihe die aktuelle Hardware spendiert. Die Preise der neuen Ger\u00e4te wurden in diesem Zuge \u00fcberwiegend angehoben, immerhin der&hellip;\" \/>\n<meta property=\"og:url\" content=\"https:\/\/www.deskmodder.de\/blog\/2023\/01\/17\/apple-stellt-mac-mini-macbook-pro-mit-m2-m2-pro-und-m2-max-vor\/\" \/>\n<meta property=\"og:site_name\" content=\"Deskmodder.de\" \/>\n<meta property=\"article:publisher\" content=\"https:\/\/www.facebook.com\/Deskmodder\" \/>\n<meta property=\"article:published_time\" content=\"2023-01-17T18:13:26+00:00\" \/>\n<meta property=\"article:modified_time\" content=\"2023-01-18T10:39:13+00:00\" \/>\n<meta property=\"og:image\" content=\"https:\/\/www.deskmodder.de\/blog\/wp-content\/uploads\/2023\/01\/apple-m2-chips-hero-230117.jpg\" \/>\n\t<meta property=\"og:image:width\" content=\"1960\" \/>\n\t<meta property=\"og:image:height\" content=\"1102\" \/>\n\t<meta property=\"og:image:type\" content=\"image\/jpeg\" \/>\n<meta name=\"author\" content=\"W8U\" \/>\n<meta name=\"twitter:card\" content=\"summary_large_image\" \/>\n<meta name=\"twitter:creator\" content=\"@Deskmodder\" \/>\n<meta name=\"twitter:site\" content=\"@Deskmodder\" \/>\n<script type=\"application\/ld+json\" class=\"yoast-schema-graph\">{\"@context\":\"https:\\\/\\\/schema.org\",\"@graph\":[{\"@type\":\"Article\",\"@id\":\"https:\\\/\\\/www.deskmodder.de\\\/blog\\\/2023\\\/01\\\/17\\\/apple-stellt-mac-mini-macbook-pro-mit-m2-m2-pro-und-m2-max-vor\\\/#article\",\"isPartOf\":{\"@id\":\"https:\\\/\\\/www.deskmodder.de\\\/blog\\\/2023\\\/01\\\/17\\\/apple-stellt-mac-mini-macbook-pro-mit-m2-m2-pro-und-m2-max-vor\\\/\"},\"author\":{\"name\":\"W8U\",\"@id\":\"https:\\\/\\\/www.deskmodder.de\\\/blog\\\/#\\\/schema\\\/person\\\/f3c70b4f4860c9fcc4c04057ed04f469\"},\"headline\":\"Apple stellt Mac mini &#038; MacBook Pro mit M2, M2 Pro und M2 Max vor\",\"datePublished\":\"2023-01-17T18:13:26+00:00\",\"dateModified\":\"2023-01-18T10:39:13+00:00\",\"mainEntityOfPage\":{\"@id\":\"https:\\\/\\\/www.deskmodder.de\\\/blog\\\/2023\\\/01\\\/17\\\/apple-stellt-mac-mini-macbook-pro-mit-m2-m2-pro-und-m2-max-vor\\\/\"},\"wordCount\":484,\"commentCount\":4,\"publisher\":{\"@id\":\"https:\\\/\\\/www.deskmodder.de\\\/blog\\\/#organization\"},\"image\":{\"@id\":\"https:\\\/\\\/www.deskmodder.de\\\/blog\\\/2023\\\/01\\\/17\\\/apple-stellt-mac-mini-macbook-pro-mit-m2-m2-pro-und-m2-max-vor\\\/#primaryimage\"},\"thumbnailUrl\":\"https:\\\/\\\/www.deskmodder.de\\\/blog\\\/wp-content\\\/uploads\\\/2023\\\/01\\\/apple-m2-chips-hero-230117.jpg\",\"keywords\":[\"2023\",\"Apple\",\"M2\",\"M2 Max\",\"M2 Pro\",\"Mac Mini\",\"MacBook Pro\"],\"articleSection\":[\"Mac\"],\"inLanguage\":\"de\",\"potentialAction\":[{\"@type\":\"CommentAction\",\"name\":\"Comment\",\"target\":[\"https:\\\/\\\/www.deskmodder.de\\\/blog\\\/2023\\\/01\\\/17\\\/apple-stellt-mac-mini-macbook-pro-mit-m2-m2-pro-und-m2-max-vor\\\/#respond\"]}],\"copyrightYear\":\"2023\",\"copyrightHolder\":{\"@id\":\"https:\\\/\\\/www.deskmodder.de\\\/blog\\\/#organization\"}},{\"@type\":\"WebPage\",\"@id\":\"https:\\\/\\\/www.deskmodder.de\\\/blog\\\/2023\\\/01\\\/17\\\/apple-stellt-mac-mini-macbook-pro-mit-m2-m2-pro-und-m2-max-vor\\\/\",\"url\":\"https:\\\/\\\/www.deskmodder.de\\\/blog\\\/2023\\\/01\\\/17\\\/apple-stellt-mac-mini-macbook-pro-mit-m2-m2-pro-und-m2-max-vor\\\/\",\"name\":\"Apple stellt Mac mini & MacBook Pro mit M2, M2 Pro und M2 Max vor - Deskmodder.de\",\"isPartOf\":{\"@id\":\"https:\\\/\\\/www.deskmodder.de\\\/blog\\\/#website\"},\"primaryImageOfPage\":{\"@id\":\"https:\\\/\\\/www.deskmodder.de\\\/blog\\\/2023\\\/01\\\/17\\\/apple-stellt-mac-mini-macbook-pro-mit-m2-m2-pro-und-m2-max-vor\\\/#primaryimage\"},\"image\":{\"@id\":\"https:\\\/\\\/www.deskmodder.de\\\/blog\\\/2023\\\/01\\\/17\\\/apple-stellt-mac-mini-macbook-pro-mit-m2-m2-pro-und-m2-max-vor\\\/#primaryimage\"},\"thumbnailUrl\":\"https:\\\/\\\/www.deskmodder.de\\\/blog\\\/wp-content\\\/uploads\\\/2023\\\/01\\\/apple-m2-chips-hero-230117.jpg\",\"datePublished\":\"2023-01-17T18:13:26+00:00\",\"dateModified\":\"2023-01-18T10:39:13+00:00\",\"breadcrumb\":{\"@id\":\"https:\\\/\\\/www.deskmodder.de\\\/blog\\\/2023\\\/01\\\/17\\\/apple-stellt-mac-mini-macbook-pro-mit-m2-m2-pro-und-m2-max-vor\\\/#breadcrumb\"},\"inLanguage\":\"de\",\"potentialAction\":[{\"@type\":\"ReadAction\",\"target\":[\"https:\\\/\\\/www.deskmodder.de\\\/blog\\\/2023\\\/01\\\/17\\\/apple-stellt-mac-mini-macbook-pro-mit-m2-m2-pro-und-m2-max-vor\\\/\"]}]},{\"@type\":\"ImageObject\",\"inLanguage\":\"de\",\"@id\":\"https:\\\/\\\/www.deskmodder.de\\\/blog\\\/2023\\\/01\\\/17\\\/apple-stellt-mac-mini-macbook-pro-mit-m2-m2-pro-und-m2-max-vor\\\/#primaryimage\",\"url\":\"https:\\\/\\\/www.deskmodder.de\\\/blog\\\/wp-content\\\/uploads\\\/2023\\\/01\\\/apple-m2-chips-hero-230117.jpg\",\"contentUrl\":\"https:\\\/\\\/www.deskmodder.de\\\/blog\\\/wp-content\\\/uploads\\\/2023\\\/01\\\/apple-m2-chips-hero-230117.jpg\",\"width\":1960,\"height\":1102},{\"@type\":\"BreadcrumbList\",\"@id\":\"https:\\\/\\\/www.deskmodder.de\\\/blog\\\/2023\\\/01\\\/17\\\/apple-stellt-mac-mini-macbook-pro-mit-m2-m2-pro-und-m2-max-vor\\\/#breadcrumb\",\"itemListElement\":[{\"@type\":\"ListItem\",\"position\":1,\"name\":\"Startseite\",\"item\":\"https:\\\/\\\/www.deskmodder.de\\\/blog\\\/\"},{\"@type\":\"ListItem\",\"position\":2,\"name\":\"Apple stellt Mac mini &#038; MacBook Pro mit M2, M2 Pro und M2 Max vor\"}]},{\"@type\":\"WebSite\",\"@id\":\"https:\\\/\\\/www.deskmodder.de\\\/blog\\\/#website\",\"url\":\"https:\\\/\\\/www.deskmodder.de\\\/blog\\\/\",\"name\":\"Deskmodder.de\",\"description\":\"News zum Thema Microsoft, Windows 11 \\\/ 10, sowie anderen Neuigkeiten aus dem Netz, viele Tipps und individuelle Hilfe bei Problemen in unserem Forum \u25cf Deskmodder - seit 2003\",\"publisher\":{\"@id\":\"https:\\\/\\\/www.deskmodder.de\\\/blog\\\/#organization\"},\"potentialAction\":[{\"@type\":\"SearchAction\",\"target\":{\"@type\":\"EntryPoint\",\"urlTemplate\":\"https:\\\/\\\/www.deskmodder.de\\\/blog\\\/?s={search_term_string}\"},\"query-input\":{\"@type\":\"PropertyValueSpecification\",\"valueRequired\":true,\"valueName\":\"search_term_string\"}}],\"inLanguage\":\"de\"},{\"@type\":\"Organization\",\"@id\":\"https:\\\/\\\/www.deskmodder.de\\\/blog\\\/#organization\",\"name\":\"Deskmodder\",\"url\":\"https:\\\/\\\/www.deskmodder.de\\\/blog\\\/\",\"logo\":{\"@type\":\"ImageObject\",\"inLanguage\":\"de\",\"@id\":\"https:\\\/\\\/www.deskmodder.de\\\/blog\\\/#\\\/schema\\\/logo\\\/image\\\/\",\"url\":\"https:\\\/\\\/www.deskmodder.de\\\/blog\\\/wp-content\\\/uploads\\\/2019\\\/01\\\/deskmodder-logo-app.png\",\"contentUrl\":\"https:\\\/\\\/www.deskmodder.de\\\/blog\\\/wp-content\\\/uploads\\\/2019\\\/01\\\/deskmodder-logo-app.png\",\"width\":281,\"height\":286,\"caption\":\"Deskmodder\"},\"image\":{\"@id\":\"https:\\\/\\\/www.deskmodder.de\\\/blog\\\/#\\\/schema\\\/logo\\\/image\\\/\"},\"sameAs\":[\"https:\\\/\\\/www.facebook.com\\\/Deskmodder\",\"https:\\\/\\\/x.com\\\/Deskmodder\",\"https:\\\/\\\/mastodontech.de\\\/@Deskmodder\",\"https:\\\/\\\/www.youtube.com\\\/user\\\/deskmodder\",\"https:\\\/\\\/mewe.com\\\/group\\\/5c83b5231add826fc80cdae1\"]},{\"@type\":\"Person\",\"@id\":\"https:\\\/\\\/www.deskmodder.de\\\/blog\\\/#\\\/schema\\\/person\\\/f3c70b4f4860c9fcc4c04057ed04f469\",\"name\":\"W8U\",\"image\":{\"@type\":\"ImageObject\",\"inLanguage\":\"de\",\"@id\":\"https:\\\/\\\/secure.gravatar.com\\\/avatar\\\/a1e9db99fdd71a9ae2c516203e3fcd390817fa98f868eb9ba6d4a77d1a815cd4?s=96&d=mm&r=g\",\"url\":\"https:\\\/\\\/secure.gravatar.com\\\/avatar\\\/a1e9db99fdd71a9ae2c516203e3fcd390817fa98f868eb9ba6d4a77d1a815cd4?s=96&d=mm&r=g\",\"contentUrl\":\"https:\\\/\\\/secure.gravatar.com\\\/avatar\\\/a1e9db99fdd71a9ae2c516203e3fcd390817fa98f868eb9ba6d4a77d1a815cd4?s=96&d=mm&r=g\",\"caption\":\"W8U\"},\"description\":\"Technikliebhaber aus Niedersachsen und seit 2013 bei den Deskmoddern. Interessiert sich f\u00fcr (fast) alles, durch das Strom flie\u00dft: Computer, Smartphones, Tablets, Autos und so weiter.\",\"url\":\"https:\\\/\\\/www.deskmodder.de\\\/blog\\\/author\\\/w8u\\\/\"}]}<\/script>\n<!-- \/ Yoast SEO Premium plugin. -->","yoast_head_json":{"title":"Apple stellt Mac mini & MacBook Pro mit M2, M2 Pro und M2 Max vor - Deskmodder.de","robots":{"index":"index","follow":"follow","max-snippet":"max-snippet:-1","max-image-preview":"max-image-preview:large","max-video-preview":"max-video-preview:-1"},"canonical":"https:\/\/www.deskmodder.de\/blog\/2023\/01\/17\/apple-stellt-mac-mini-macbook-pro-mit-m2-m2-pro-und-m2-max-vor\/","og_locale":"de_DE","og_type":"article","og_title":"Apple stellt Mac mini & MacBook Pro mit M2, M2 Pro und M2 Max vor","og_description":"Apple hat heute zusammen mit neuen M2-Chips eine ganze Reihe neuer Macs vorgestellt. So bekommen nun auch der Mac mini und die MacBook-Pro-Reihe die aktuelle Hardware spendiert. Die Preise der neuen Ger\u00e4te wurden in diesem Zuge \u00fcberwiegend angehoben, immerhin der&hellip;","og_url":"https:\/\/www.deskmodder.de\/blog\/2023\/01\/17\/apple-stellt-mac-mini-macbook-pro-mit-m2-m2-pro-und-m2-max-vor\/","og_site_name":"Deskmodder.de","article_publisher":"https:\/\/www.facebook.com\/Deskmodder","article_published_time":"2023-01-17T18:13:26+00:00","article_modified_time":"2023-01-18T10:39:13+00:00","og_image":[{"width":1960,"height":1102,"url":"https:\/\/www.deskmodder.de\/blog\/wp-content\/uploads\/2023\/01\/apple-m2-chips-hero-230117.jpg","type":"image\/jpeg"}],"author":"W8U","twitter_card":"summary_large_image","twitter_creator":"@Deskmodder","twitter_site":"@Deskmodder","schema":{"@context":"https:\/\/schema.org","@graph":[{"@type":"Article","@id":"https:\/\/www.deskmodder.de\/blog\/2023\/01\/17\/apple-stellt-mac-mini-macbook-pro-mit-m2-m2-pro-und-m2-max-vor\/#article","isPartOf":{"@id":"https:\/\/www.deskmodder.de\/blog\/2023\/01\/17\/apple-stellt-mac-mini-macbook-pro-mit-m2-m2-pro-und-m2-max-vor\/"},"author":{"name":"W8U","@id":"https:\/\/www.deskmodder.de\/blog\/#\/schema\/person\/f3c70b4f4860c9fcc4c04057ed04f469"},"headline":"Apple stellt Mac mini &#038; MacBook Pro mit M2, M2 Pro und M2 Max vor","datePublished":"2023-01-17T18:13:26+00:00","dateModified":"2023-01-18T10:39:13+00:00","mainEntityOfPage":{"@id":"https:\/\/www.deskmodder.de\/blog\/2023\/01\/17\/apple-stellt-mac-mini-macbook-pro-mit-m2-m2-pro-und-m2-max-vor\/"},"wordCount":484,"commentCount":4,"publisher":{"@id":"https:\/\/www.deskmodder.de\/blog\/#organization"},"image":{"@id":"https:\/\/www.deskmodder.de\/blog\/2023\/01\/17\/apple-stellt-mac-mini-macbook-pro-mit-m2-m2-pro-und-m2-max-vor\/#primaryimage"},"thumbnailUrl":"https:\/\/www.deskmodder.de\/blog\/wp-content\/uploads\/2023\/01\/apple-m2-chips-hero-230117.jpg","keywords":["2023","Apple","M2","M2 Max","M2 Pro","Mac Mini","MacBook Pro"],"articleSection":["Mac"],"inLanguage":"de","potentialAction":[{"@type":"CommentAction","name":"Comment","target":["https:\/\/www.deskmodder.de\/blog\/2023\/01\/17\/apple-stellt-mac-mini-macbook-pro-mit-m2-m2-pro-und-m2-max-vor\/#respond"]}],"copyrightYear":"2023","copyrightHolder":{"@id":"https:\/\/www.deskmodder.de\/blog\/#organization"}},{"@type":"WebPage","@id":"https:\/\/www.deskmodder.de\/blog\/2023\/01\/17\/apple-stellt-mac-mini-macbook-pro-mit-m2-m2-pro-und-m2-max-vor\/","url":"https:\/\/www.deskmodder.de\/blog\/2023\/01\/17\/apple-stellt-mac-mini-macbook-pro-mit-m2-m2-pro-und-m2-max-vor\/","name":"Apple stellt Mac mini & MacBook Pro mit M2, M2 Pro und M2 Max vor - Deskmodder.de","isPartOf":{"@id":"https:\/\/www.deskmodder.de\/blog\/#website"},"primaryImageOfPage":{"@id":"https:\/\/www.deskmodder.de\/blog\/2023\/01\/17\/apple-stellt-mac-mini-macbook-pro-mit-m2-m2-pro-und-m2-max-vor\/#primaryimage"},"image":{"@id":"https:\/\/www.deskmodder.de\/blog\/2023\/01\/17\/apple-stellt-mac-mini-macbook-pro-mit-m2-m2-pro-und-m2-max-vor\/#primaryimage"},"thumbnailUrl":"https:\/\/www.deskmodder.de\/blog\/wp-content\/uploads\/2023\/01\/apple-m2-chips-hero-230117.jpg","datePublished":"2023-01-17T18:13:26+00:00","dateModified":"2023-01-18T10:39:13+00:00","breadcrumb":{"@id":"https:\/\/www.deskmodder.de\/blog\/2023\/01\/17\/apple-stellt-mac-mini-macbook-pro-mit-m2-m2-pro-und-m2-max-vor\/#breadcrumb"},"inLanguage":"de","potentialAction":[{"@type":"ReadAction","target":["https:\/\/www.deskmodder.de\/blog\/2023\/01\/17\/apple-stellt-mac-mini-macbook-pro-mit-m2-m2-pro-und-m2-max-vor\/"]}]},{"@type":"ImageObject","inLanguage":"de","@id":"https:\/\/www.deskmodder.de\/blog\/2023\/01\/17\/apple-stellt-mac-mini-macbook-pro-mit-m2-m2-pro-und-m2-max-vor\/#primaryimage","url":"https:\/\/www.deskmodder.de\/blog\/wp-content\/uploads\/2023\/01\/apple-m2-chips-hero-230117.jpg","contentUrl":"https:\/\/www.deskmodder.de\/blog\/wp-content\/uploads\/2023\/01\/apple-m2-chips-hero-230117.jpg","width":1960,"height":1102},{"@type":"BreadcrumbList","@id":"https:\/\/www.deskmodder.de\/blog\/2023\/01\/17\/apple-stellt-mac-mini-macbook-pro-mit-m2-m2-pro-und-m2-max-vor\/#breadcrumb","itemListElement":[{"@type":"ListItem","position":1,"name":"Startseite","item":"https:\/\/www.deskmodder.de\/blog\/"},{"@type":"ListItem","position":2,"name":"Apple stellt Mac mini &#038; MacBook Pro mit M2, M2 Pro und M2 Max vor"}]},{"@type":"WebSite","@id":"https:\/\/www.deskmodder.de\/blog\/#website","url":"https:\/\/www.deskmodder.de\/blog\/","name":"Deskmodder.de","description":"News zum Thema Microsoft, Windows 11 \/ 10, sowie anderen Neuigkeiten aus dem Netz, viele Tipps und individuelle Hilfe bei Problemen in unserem Forum \u25cf Deskmodder - seit 2003","publisher":{"@id":"https:\/\/www.deskmodder.de\/blog\/#organization"},"potentialAction":[{"@type":"SearchAction","target":{"@type":"EntryPoint","urlTemplate":"https:\/\/www.deskmodder.de\/blog\/?s={search_term_string}"},"query-input":{"@type":"PropertyValueSpecification","valueRequired":true,"valueName":"search_term_string"}}],"inLanguage":"de"},{"@type":"Organization","@id":"https:\/\/www.deskmodder.de\/blog\/#organization","name":"Deskmodder","url":"https:\/\/www.deskmodder.de\/blog\/","logo":{"@type":"ImageObject","inLanguage":"de","@id":"https:\/\/www.deskmodder.de\/blog\/#\/schema\/logo\/image\/","url":"https:\/\/www.deskmodder.de\/blog\/wp-content\/uploads\/2019\/01\/deskmodder-logo-app.png","contentUrl":"https:\/\/www.deskmodder.de\/blog\/wp-content\/uploads\/2019\/01\/deskmodder-logo-app.png","width":281,"height":286,"caption":"Deskmodder"},"image":{"@id":"https:\/\/www.deskmodder.de\/blog\/#\/schema\/logo\/image\/"},"sameAs":["https:\/\/www.facebook.com\/Deskmodder","https:\/\/x.com\/Deskmodder","https:\/\/mastodontech.de\/@Deskmodder","https:\/\/www.youtube.com\/user\/deskmodder","https:\/\/mewe.com\/group\/5c83b5231add826fc80cdae1"]},{"@type":"Person","@id":"https:\/\/www.deskmodder.de\/blog\/#\/schema\/person\/f3c70b4f4860c9fcc4c04057ed04f469","name":"W8U","image":{"@type":"ImageObject","inLanguage":"de","@id":"https:\/\/secure.gravatar.com\/avatar\/a1e9db99fdd71a9ae2c516203e3fcd390817fa98f868eb9ba6d4a77d1a815cd4?s=96&d=mm&r=g","url":"https:\/\/secure.gravatar.com\/avatar\/a1e9db99fdd71a9ae2c516203e3fcd390817fa98f868eb9ba6d4a77d1a815cd4?s=96&d=mm&r=g","contentUrl":"https:\/\/secure.gravatar.com\/avatar\/a1e9db99fdd71a9ae2c516203e3fcd390817fa98f868eb9ba6d4a77d1a815cd4?s=96&d=mm&r=g","caption":"W8U"},"description":"Technikliebhaber aus Niedersachsen und seit 2013 bei den Deskmoddern. Interessiert sich f\u00fcr (fast) alles, durch das Strom flie\u00dft: Computer, Smartphones, Tablets, Autos und so weiter.","url":"https:\/\/www.deskmodder.de\/blog\/author\/w8u\/"}]}},"jetpack_publicize_connections":[],"jetpack_featured_media_url":"https:\/\/www.deskmodder.de\/blog\/wp-content\/uploads\/2023\/01\/apple-m2-chips-hero-230117.jpg","_links":{"self":[{"href":"https:\/\/www.deskmodder.de\/blog\/wp-json\/wp\/v2\/posts\/174420","targetHints":{"allow":["GET"]}}],"collection":[{"href":"https:\/\/www.deskmodder.de\/blog\/wp-json\/wp\/v2\/posts"}],"about":[{"href":"https:\/\/www.deskmodder.de\/blog\/wp-json\/wp\/v2\/types\/post"}],"author":[{"embeddable":true,"href":"https:\/\/www.deskmodder.de\/blog\/wp-json\/wp\/v2\/users\/1525"}],"replies":[{"embeddable":true,"href":"https:\/\/www.deskmodder.de\/blog\/wp-json\/wp\/v2\/comments?post=174420"}],"version-history":[{"count":3,"href":"https:\/\/www.deskmodder.de\/blog\/wp-json\/wp\/v2\/posts\/174420\/revisions"}],"predecessor-version":[{"id":174454,"href":"https:\/\/www.deskmodder.de\/blog\/wp-json\/wp\/v2\/posts\/174420\/revisions\/174454"}],"wp:featuredmedia":[{"embeddable":true,"href":"https:\/\/www.deskmodder.de\/blog\/wp-json\/wp\/v2\/media\/174421"}],"wp:attachment":[{"href":"https:\/\/www.deskmodder.de\/blog\/wp-json\/wp\/v2\/media?parent=174420"}],"wp:term":[{"taxonomy":"category","embeddable":true,"href":"https:\/\/www.deskmodder.de\/blog\/wp-json\/wp\/v2\/categories?post=174420"},{"taxonomy":"post_tag","embeddable":true,"href":"https:\/\/www.deskmodder.de\/blog\/wp-json\/wp\/v2\/tags?post=174420"}],"curies":[{"name":"wp","href":"https:\/\/api.w.org\/{rel}","templated":true}]}}