{"id":174397,"date":"2023-01-17T15:16:40","date_gmt":"2023-01-17T14:16:40","guid":{"rendered":"https:\/\/www.deskmodder.de\/blog\/?p=174397"},"modified":"2023-01-18T11:44:45","modified_gmt":"2023-01-18T10:44:45","slug":"firefox-109-und-102-7-0-esr-wurden-bereitgestellt-manifest-version-3-mv3-ist-nun-standardmaessig-aktiviert","status":"publish","type":"post","link":"https:\/\/www.deskmodder.de\/blog\/2023\/01\/17\/firefox-109-und-102-7-0-esr-wurden-bereitgestellt-manifest-version-3-mv3-ist-nun-standardmaessig-aktiviert\/","title":{"rendered":"Firefox 109 und 102.7.0 ESR wurden bereitgestellt Manifest Version 3 (MV3) ist nun standardm\u00e4\u00dfig aktiviert [Changelog]"},"content":{"rendered":"<p>Mozilla bereitet das erste Release im Jahr 2023 vom Firefox 109.0 und 102.7.0 ESR vor. &#8222;Soft Freeze&#8220; war schon am 12.01. Jetzt wird alles bereitgestellt, damit morgen, 17.01.23 dann das Update \u00fcber die Update-Funktion im Browser die neue Version laden kann.<\/p>\n<p><a href=\"https:\/\/www.deskmodder.de\/blog\/wp-content\/uploads\/2019\/08\/firefox-logo-2019.png\" rel=\"lightbox[174397]\"><img loading=\"lazy\" decoding=\"async\" src=\"https:\/\/www.deskmodder.de\/blog\/wp-content\/uploads\/2019\/08\/firefox-logo-2019-500x360.png\" alt=\"\" width=\"500\" height=\"360\" class=\"aligncenter size-medium wp-image-125545\" srcset=\"https:\/\/www.deskmodder.de\/blog\/wp-content\/uploads\/2019\/08\/firefox-logo-2019-500x360.png 500w, https:\/\/www.deskmodder.de\/blog\/wp-content\/uploads\/2019\/08\/firefox-logo-2019-285x205.png 285w, https:\/\/www.deskmodder.de\/blog\/wp-content\/uploads\/2019\/08\/firefox-logo-2019.png 615w\" sizes=\"auto, (max-width: 500px) 100vw, 500px\" \/><\/a><\/p>\n<p>Die Release Notes selber wird dann auch morgen erscheinen. Wir reichen diese wie immer nach. <strong>[Update]:<\/strong> Die Release Notes sind jetzt da. Aus der Beta wissen wir, dass Mozilla die Manifest-Version 3 (MV3) per Standard aktiviert. Die MV2 bleibt aktiviert und wird weiterhin unterst\u00fctzt. Wir hatten im <a href=\"https:\/\/www.deskmodder.de\/blog\/2022\/09\/24\/firefox-unterstuetzt-das-manifest-v2-und-manifest-v3-parallel\/\" rel=\"noopener\" target=\"_blank\">September 2022 dar\u00fcber berichtet<\/a>.<\/p>\n<p>Der Firefox 109 bringt auch eine neue Schaltfl\u00e4che &#8222;Einheitliche Erweiterungen&#8220; (Unified Extensions) mit. Diese l\u00e4sst sich derzeit noch deaktivieren. gur_helios hat dazu <a href=\"https:\/\/www.deskmodder.de\/blog\/2023\/01\/17\/firefox-109-und-102-7-0-esr-wurden-bereitgestellt-manifest-version-3-mv3-ist-nun-standardmaessig-aktiviert\/#comment-230919\" rel=\"noopener\" target=\"_blank\">in den Kommentaren<\/a> eine kurze Anleitung gepostet. Sicherlich werden auch wieder (wie immer) Sicherheitsl\u00fccken geschlossen.<\/p>\n<h3>\u00c4nderungen im Firefox 109<\/h3>\n<ul>\n<li><strong>Neu:<\/strong> Die Unterst\u00fctzung von Erweiterungen der Manifest-Version 3 (MV3) ist jetzt standardm\u00e4\u00dfig aktiviert (MV2 wird weiterhin aktiviert\/unterst\u00fctzt). Dieses gro\u00dfe Update bringt auch eine interessante \u00c4nderung der Benutzeroberfl\u00e4che in Form einer neuen Schaltfl\u00e4che f\u00fcr Erweiterungen mit sich.<\/li>\n<li><strong>Neu:<\/strong> Der Exploit-Schutz Arbitrary Code Guard wurde in den Prozessen des Medienwiedergabedienstprogramms aktiviert, was die Sicherheit f\u00fcr Windows-Benutzer erh\u00f6ht.<\/li>\n<li><strong>Neu:<\/strong>Die native HTML-Datumsauswahl f\u00fcr Datums- und Uhrzeiteingaben kann nun allein mit einer Tastatur verwendet werden, was die Zug\u00e4nglichkeit f\u00fcr Benutzer von Bildschirmleseger\u00e4ten verbessert. Benutzer mit eingeschr\u00e4nkter Mobilit\u00e4t k\u00f6nnen nun auch g\u00e4ngige Tastenkombinationen verwenden, um durch das Kalendergitter und die Monatsauswahlspinner zu navigieren.<\/li>\n<li><strong>Neu:<\/strong> Firefox-Builds in den Sprachumgebungen Spanisch aus Spanien (es-ES) und Spanisch aus Argentinien (es-AR) enthalten jetzt ein integriertes W\u00f6rterbuch f\u00fcr die Firefox-Rechtschreibpr\u00fcfung.<\/li>\n<li><strong>Korrekturen:<\/strong><\/li>\n<li><strong>Wichtig:<\/strong> Es wurden insgesamt 11 <a href=\"https:\/\/www.mozilla.org\/en-US\/security\/advisories\/mfsa2023-01\/\" rel=\"noopener\" target=\"_blank\">Sicherheitsl\u00fccken geschlossen<\/a>. 3 davon im Firefox 109 und 2 im 102.7.0 ESR mit &#8222;High&#8220; eingestuft<\/li>\n<li>Ab dem 16. Januar wird es Colorways <strong>nicht<\/strong> mehr in Firefox geben. Benutzer k\u00f6nnen weiterhin auf gespeicherte und aktive Colorways \u00fcber die Men\u00fcoption &#8222;Add-ons und Themen&#8220; zugreifen.<\/li>\n<li>Unter macOS scrollt Strg oder Cmd + Trackpad oder Mausrad nun die Seite, anstatt zu zoomen. Dies vermeidet versehentliches Zoomen und entspricht dem Verhalten von Safari und Chrome. Wenn Sie das vorherige Zoomverhalten wiederherstellen m\u00f6chten, setzen Sie die Voreinstellungen <code>mousewheel.with_control.action<\/code> und <code>mousewheel.with_meta.action<\/code> in about:config auf &#8222;3&#8220;.<\/li>\n<li>Der Abschnitt &#8222;K\u00fcrzlich geschlossen&#8220; in der Firefox-Ansicht bietet Nutzern nun die M\u00f6glichkeit, URL-Links manuell zu schlie\u00dfen\/aus der Liste zu entfernen.<\/li>\n<li>Die Meldungen zum leeren Status und die grafischen Komponenten, die in der Firefox-Ansicht f\u00fcr die Abschnitte &#8222;Tab Pickup&#8220; und &#8222;K\u00fcrzlich geschlossen&#8220; angezeigt werden, wurden aktualisiert, um die Benutzerfreundlichkeit zu erh\u00f6hen.<\/li>\n<\/ul>\n<h3>Info und Download:<\/h3>\n<ul>\n<li>Jetzt: <a href=\"https:\/\/www.mozilla.org\/en-US\/firefox\/109.0\/releasenotes\/\" rel=\"noopener\" target=\"_blank\">mozilla.org\/firefox\/109.0\/releasenotes<\/a><\/li>\n<li>Jetzt: <a href=\"https:\/\/www.mozilla.org\/de\/firefox\/all\/#product-desktop-release\" rel=\"noopener\" target=\"_blank\">mozilla.org\/firefox\/all<\/a><\/li>\n<li>Auch: <a href=\"https:\/\/releases.mozilla.org\/pub\/firefox\/releases\/109.0\/\" rel=\"noopener\" target=\"_blank\">mozilla.org\/firefox\/releases\/109.0<\/a><\/li>\n<li>Auch: <a href=\"https:\/\/releases.mozilla.org\/pub\/firefox\/releases\/102.7.0esr\/\" rel=\"noopener\" target=\"_blank\">mozilla.org\/firefox\/releases\/102.7.0esr<\/a><\/li>\n<\/ul>\n<p><em>Danke an gur_helios und alles f\u00fcr den Hinweis.<\/em><\/p>\n","protected":false},"excerpt":{"rendered":"<p>Mozilla bereitet das erste Release im Jahr 2023 vom Firefox 109.0 und 102.7.0 ESR vor. &#8222;Soft Freeze&#8220; war schon am 12.01. Jetzt wird alles bereitgestellt, damit morgen, 17.01.23 dann das Update \u00fcber die Update-Funktion im Browser die neue Version laden&hellip; <\/p>\n","protected":false},"author":134,"featured_media":154480,"comment_status":"open","ping_status":"open","sticky":false,"template":"","format":"standard","meta":{"jetpack_post_was_ever_published":false,"footnotes":"","jetpack_publicize_message":"","jetpack_publicize_feature_enabled":true,"jetpack_social_post_already_shared":true,"jetpack_social_options":{"image_generator_settings":{"template":"highway","default_image_id":0,"font":"","enabled":false},"version":2}},"categories":[166],"tags":[84879,707,78,84877,84878,27,7927,84894,84895],"class_list":["post-174397","post","type-post","status-publish","format-standard","has-post-thumbnail","hentry","category-browser","tag-102-7-0-esr","tag-final","tag-firefox","tag-firefox-109","tag-firefox-109-0","tag-release","tag-release-notes","tag-unified-extensions-deaktivieren","tag-unified-extensions-delete"],"wp_featured_image":{"id":154480,"alt_text":"","description":"","media_type":"image","media_details":{"width":500,"height":360,"file":"2021\/06\/firefox-logo-2019-500x360-1-500x360-1-500x360-1.png","sizes":{"medium":{"file":"firefox-logo-2019-500x360-1-500x360-1-500x360-1-500x360.png","width":500,"height":360,"mime-type":"image\/png","source_url":"https:\/\/www.deskmodder.de\/blog\/wp-content\/uploads\/2021\/06\/firefox-logo-2019-500x360-1-500x360-1-500x360-1-500x360.png"},"thumbnail":{"file":"firefox-logo-2019-500x360-1-500x360-1-500x360-1-285x205.png","width":285,"height":205,"mime-type":"image\/png","source_url":"https:\/\/www.deskmodder.de\/blog\/wp-content\/uploads\/2021\/06\/firefox-logo-2019-500x360-1-500x360-1-500x360-1-285x205.png"},"blog-large":{"file":"firefox-logo-2019-500x360-1-500x360-1-500x360-1-500x300.png","width":500,"height":300,"mime-type":"image\/png","source_url":"https:\/\/www.deskmodder.de\/blog\/wp-content\/uploads\/2021\/06\/firefox-logo-2019-500x360-1-500x360-1-500x360-1-500x300.png"},"blog-medium":{"file":"firefox-logo-2019-500x360-1-500x360-1-500x360-1-306x205.png","width":306,"height":205,"mime-type":"image\/png","source_url":"https:\/\/www.deskmodder.de\/blog\/wp-content\/uploads\/2021\/06\/firefox-logo-2019-500x360-1-500x360-1-500x360-1-306x205.png"},"recent-thumb":{"file":"firefox-logo-2019-500x360-1-500x360-1-500x360-1-350x316.png","width":350,"height":316,"mime-type":"image\/png","source_url":"https:\/\/www.deskmodder.de\/blog\/wp-content\/uploads\/2021\/06\/firefox-logo-2019-500x360-1-500x360-1-500x360-1-350x316.png"},"service-featured":{"file":"firefox-logo-2019-500x360-1-500x360-1-500x360-1-500x330.png","width":500,"height":330,"mime-type":"image\/png","source_url":"https:\/\/www.deskmodder.de\/blog\/wp-content\/uploads\/2021\/06\/firefox-logo-2019-500x360-1-500x360-1-500x360-1-500x330.png"},"wp_rp_thumbnail":{"file":"firefox-logo-2019-500x360-1-500x360-1-500x360-1-50x50.png","width":50,"height":50,"mime-type":"image\/png","source_url":"https:\/\/www.deskmodder.de\/blog\/wp-content\/uploads\/2021\/06\/firefox-logo-2019-500x360-1-500x360-1-500x360-1-50x50.png"}},"image_meta":{"aperture":"0","credit":"","camera":"","caption":"","created_timestamp":"0","copyright":"","focal_length":"0","iso":"0","shutter_speed":"0","title":"","orientation":"0","keywords":[]}},"post":154478,"source_url":"https:\/\/www.deskmodder.de\/blog\/wp-content\/uploads\/2021\/06\/firefox-logo-2019-500x360-1-500x360-1-500x360-1.png"},"commentcount":28,"wp_comments":[{"id":230915,"parent":0,"author":0,"author_name":"Knecht","author_email":"markus87@gmail.com","author_url":"","author_avatar_urls":{"24":"https:\/\/secure.gravatar.com\/avatar\/28b433e625eca783b3559b9784555f25f43d414bada168cf83c7d68b7cd40ffb?s=24&d=mm&r=g","48":"https:\/\/secure.gravatar.com\/avatar\/28b433e625eca783b3559b9784555f25f43d414bada168cf83c7d68b7cd40ffb?s=48&d=mm&r=g","96":"https:\/\/secure.gravatar.com\/avatar\/28b433e625eca783b3559b9784555f25f43d414bada168cf83c7d68b7cd40ffb?s=96&d=mm&r=g"},"date":"2023-01-16T11:23:25","cld_nonce":"a2168cecf9","content":{"rendered":"<p>Interessant, der Google-Translator (f\u00fcr ganze Webseiten, nicht Textschnipsel) geht wieder unter der ESR.<br \/>\nIch sehe mal kurz nach ob das in der webcompat.xpi angepasst wurde.<\/p>\n<p>War da nicht alleine:<br \/>\n<a href=\"https:\/\/github.com\/webcompat\/web-bugs\/issues\/110958\" rel=\"nofollow ugc\">https:\/\/github.com\/webcompat\/web-bugs\/issues\/110958<\/a><\/p>\n<p>Endlich behoben in ESR!<\/p>\n"},"status":"1"},{"id":230916,"parent":230915,"author":0,"author_name":"Knecht","author_email":"markus87@gmail.com","author_url":"","author_avatar_urls":{"24":"https:\/\/secure.gravatar.com\/avatar\/28b433e625eca783b3559b9784555f25f43d414bada168cf83c7d68b7cd40ffb?s=24&d=mm&r=g","48":"https:\/\/secure.gravatar.com\/avatar\/28b433e625eca783b3559b9784555f25f43d414bada168cf83c7d68b7cd40ffb?s=48&d=mm&r=g","96":"https:\/\/secure.gravatar.com\/avatar\/28b433e625eca783b3559b9784555f25f43d414bada168cf83c7d68b7cd40ffb?s=96&d=mm&r=g"},"date":"2023-01-16T11:31:12","cld_nonce":"a2168cecf9","content":{"rendered":"<p>Das war das aktuelle Ticket:<br \/>\n<a href=\"https:\/\/github.com\/webcompat\/web-bugs\/issues\/116199\" rel=\"nofollow ugc\">https:\/\/github.com\/webcompat\/web-bugs\/issues\/116199<\/a><\/p>\n<p>Leider halten sich viele Webseiten nicht an W3C-Standards (oder brechen diese absichtlich, damit man den Browser zwangswechselt), sodass man teils Monate auf einen Fix f\u00fcr eine spezifische Seite via JS shim warten muss.<\/p>\n"},"status":"1"},{"id":230917,"parent":0,"author":0,"author_name":"Florian","author_email":"florian@web.de","author_url":"","author_avatar_urls":{"24":"https:\/\/secure.gravatar.com\/avatar\/91acfe73ec86ccf7289b3b4f6342d6c9f7f215d320b42031309c4ccd5cbdc0e3?s=24&d=mm&r=g","48":"https:\/\/secure.gravatar.com\/avatar\/91acfe73ec86ccf7289b3b4f6342d6c9f7f215d320b42031309c4ccd5cbdc0e3?s=48&d=mm&r=g","96":"https:\/\/secure.gravatar.com\/avatar\/91acfe73ec86ccf7289b3b4f6342d6c9f7f215d320b42031309c4ccd5cbdc0e3?s=96&d=mm&r=g"},"date":"2023-01-16T11:31:42","cld_nonce":"a2168cecf9","content":{"rendered":"<p>Der neue Firefox bringt ein Symbol (Puzzelst\u00fcck) rechts oben mit, wo die Erweiterungen angezeigt werden.<br \/>\nBrauch ich nicht &#8211; nur leider l\u00e4sst es sich \u00fcber &#8222;Symbolleiste anpassen&#8230;&#8220; nicht entfernen. Es ist dort fest verankert.<br \/>\nSo etwas ist nervig, warum Mozilla da wieder meint, dem Benutzer die Entscheidung abzunehmen wollen *heul*<\/p>\n"},"status":"1"},{"id":230918,"parent":230917,"author":0,"author_name":"MiaSamenstroem","author_email":"deine.post@yahoo.de","author_url":"","author_avatar_urls":{"24":"https:\/\/secure.gravatar.com\/avatar\/d33db216b41d91c67d4ecc53735ffd60f6ad166d6b3434c28771a1ffb86e734e?s=24&d=mm&r=g","48":"https:\/\/secure.gravatar.com\/avatar\/d33db216b41d91c67d4ecc53735ffd60f6ad166d6b3434c28771a1ffb86e734e?s=48&d=mm&r=g","96":"https:\/\/secure.gravatar.com\/avatar\/d33db216b41d91c67d4ecc53735ffd60f6ad166d6b3434c28771a1ffb86e734e?s=96&d=mm&r=g"},"date":"2023-01-16T11:45:43","cld_nonce":"a2168cecf9","content":{"rendered":"<p>Absolut \u00e4rgerlich und unn\u00f6tig. F<\/p>\n"},"status":"1"},{"id":230919,"parent":230917,"author":8753,"author_name":"gur_helios","author_email":"uweruch@gmx.net","author_url":"","author_avatar_urls":{"24":"https:\/\/secure.gravatar.com\/avatar\/39ae8bf46022971dad56e093677a8d54e9acea81fea750c0206f98d5e0d5a05b?s=24&d=mm&r=g","48":"https:\/\/secure.gravatar.com\/avatar\/39ae8bf46022971dad56e093677a8d54e9acea81fea750c0206f98d5e0d5a05b?s=48&d=mm&r=g","96":"https:\/\/secure.gravatar.com\/avatar\/39ae8bf46022971dad56e093677a8d54e9acea81fea750c0206f98d5e0d5a05b?s=96&d=mm&r=g"},"date":"2023-01-16T11:47:44","cld_nonce":"a2168cecf9","content":{"rendered":"<p>Doch, doch&#8230; geht schon.<\/p>\n<p>Folgende Schritte m\u00fcsst ihr unternehmen, um den &#8222;Extensions Button&#8220; zu entfernen:<\/p>\n<p>1. &#8222;about:config&#8220; \u00f6ffnen<br \/>\n2. &#8222;extensions.unifiedExtensions.enabled&#8220; suchen und auf &#8222;false&#8220; setzen<br \/>\n3. Firefox neu starten<\/p>\n<p>Das war&#8217;s auch schon.<\/p>\n"},"status":"1"},{"id":230920,"parent":230918,"author":0,"author_name":"Knecht","author_email":"markus87@gmail.com","author_url":"","author_avatar_urls":{"24":"https:\/\/secure.gravatar.com\/avatar\/28b433e625eca783b3559b9784555f25f43d414bada168cf83c7d68b7cd40ffb?s=24&d=mm&r=g","48":"https:\/\/secure.gravatar.com\/avatar\/28b433e625eca783b3559b9784555f25f43d414bada168cf83c7d68b7cd40ffb?s=48&d=mm&r=g","96":"https:\/\/secure.gravatar.com\/avatar\/28b433e625eca783b3559b9784555f25f43d414bada168cf83c7d68b7cd40ffb?s=96&d=mm&r=g"},"date":"2023-01-16T11:49:22","cld_nonce":"a2168cecf9","content":{"rendered":"<p>Weil ihr beide es nicht verstehen wollt. Das ist Teil von Manifest v3 und wird sp\u00e4ter einmal ben\u00f6tigt um Addons zu steuern. H\u00e4ttet ihr alles auf der Mozilla-Seite lesen k\u00f6nnen!<\/p>\n<p>Die UserCSS um es zu entfernen setze ich vielleicht sp\u00e4ter rein. Ihr k\u00f6nnt das aber auch als &#8222;firefox css&#8220; und puzzle selbst ergooglen. Erwachsen seid ihr ja.<\/p>\n"},"status":"1"},{"id":230921,"parent":230919,"author":0,"author_name":"Knecht","author_email":"markus87@gmail.com","author_url":"","author_avatar_urls":{"24":"https:\/\/secure.gravatar.com\/avatar\/28b433e625eca783b3559b9784555f25f43d414bada168cf83c7d68b7cd40ffb?s=24&d=mm&r=g","48":"https:\/\/secure.gravatar.com\/avatar\/28b433e625eca783b3559b9784555f25f43d414bada168cf83c7d68b7cd40ffb?s=48&d=mm&r=g","96":"https:\/\/secure.gravatar.com\/avatar\/28b433e625eca783b3559b9784555f25f43d414bada168cf83c7d68b7cd40ffb?s=96&d=mm&r=g"},"date":"2023-01-16T11:51:26","cld_nonce":"a2168cecf9","content":{"rendered":"<p>Ja vor\u00fcbergehend &#8222;noch&#8220;. Das verschwindet sp\u00e4ter und wurde auch so von den Mozilla-Entwickler kommuniziert. Das ist Teil von Manifest v3 und wird sp\u00e4ter einmal ben\u00f6tigt um Addons zu steuern. Daher ist das ein kurzzeitiger Fix der sp\u00e4testens 1-2 Versionen sp\u00e4ter aus der config entfernt wird. Dann kann man die Option setzten aber sie \u00e4ndern nichts mehr.<\/p>\n<p>Nur die userCSS entfernt es dauerhaft.<\/p>\n"},"status":"1"},{"id":230922,"parent":0,"author":6726,"author_name":"thokra2020","author_email":"werner19181945@outlook.de","author_url":"","author_avatar_urls":{"24":"https:\/\/secure.gravatar.com\/avatar\/fdf5849e610cc88a6934cc2c82ef499ac6f254a5e25c4b41d0d9f0ed995dfdf4?s=24&d=mm&r=g","48":"https:\/\/secure.gravatar.com\/avatar\/fdf5849e610cc88a6934cc2c82ef499ac6f254a5e25c4b41d0d9f0ed995dfdf4?s=48&d=mm&r=g","96":"https:\/\/secure.gravatar.com\/avatar\/fdf5849e610cc88a6934cc2c82ef499ac6f254a5e25c4b41d0d9f0ed995dfdf4?s=96&d=mm&r=g"},"date":"2023-01-16T11:53:57","cld_nonce":"a2168cecf9","content":{"rendered":"<p><img src=\"https:\/\/www.deskmodder.de\/blog\/wp-content\/plugins\/classic-smilies\/img\/icon_mad.gif\" alt=\":-x\" class=\"wp-smiley\" \/> Echt nervt\u00f6tend, nach jedem Update erst mal ein Programmabsturz. Seit den ersten 100er kommt dieser Fehler, auch nach einem Update mit neuen Profil und ohne Addons.<br \/>\nBin zu Palemoon und da l\u00e4uft alles ohne Probleme.<br \/>\n<i>gepostet mit der <a href=\"https:\/\/www.microsoft.com\/store\/apps\/9wzdncrdfx92\" rel=\"nofollow ugc\">Deskmodder.de-App<\/a><\/i><\/p>\n"},"status":"1"},{"id":230923,"parent":230922,"author":0,"author_name":"GrenSo","author_email":"grenso@web.de","author_url":"","author_avatar_urls":{"24":"https:\/\/secure.gravatar.com\/avatar\/f472f64301539f117e9a8d53b14fb727632f08d7898af726734d0c9fc27c0edc?s=24&d=mm&r=g","48":"https:\/\/secure.gravatar.com\/avatar\/f472f64301539f117e9a8d53b14fb727632f08d7898af726734d0c9fc27c0edc?s=48&d=mm&r=g","96":"https:\/\/secure.gravatar.com\/avatar\/f472f64301539f117e9a8d53b14fb727632f08d7898af726734d0c9fc27c0edc?s=96&d=mm&r=g"},"date":"2023-01-16T11:56:50","cld_nonce":"a2168cecf9","content":{"rendered":"<p>Dann wird irgendwas an deinem Profil oder den Addons oder an Einstellungen des PC&#8217;s etwas nicht stimmen. Ich pers\u00f6nlich hatte mit dem FF seit Version 100, aber auch bereits in den Versionen davor, nie Probleme mit Abst\u00fcrzen des FF gehabt. Weder unter Windows 7, noch Windows 10 oder Windows 11.<\/p>\n"},"status":"1"},{"id":230924,"parent":230923,"author":8753,"author_name":"gur_helios","author_email":"uweruch@gmx.net","author_url":"","author_avatar_urls":{"24":"https:\/\/secure.gravatar.com\/avatar\/39ae8bf46022971dad56e093677a8d54e9acea81fea750c0206f98d5e0d5a05b?s=24&d=mm&r=g","48":"https:\/\/secure.gravatar.com\/avatar\/39ae8bf46022971dad56e093677a8d54e9acea81fea750c0206f98d5e0d5a05b?s=48&d=mm&r=g","96":"https:\/\/secure.gravatar.com\/avatar\/39ae8bf46022971dad56e093677a8d54e9acea81fea750c0206f98d5e0d5a05b?s=96&d=mm&r=g"},"date":"2023-01-16T12:02:17","cld_nonce":"a2168cecf9","content":{"rendered":"<p>Gleiches gilt f\u00fcr mich.<\/p>\n<p>Hatte NIE einen einzigen Absturz seit Version 100.<\/p>\n"},"status":"1"},{"id":230925,"parent":230920,"author":0,"author_name":"MiaSamenstroem","author_email":"deine.post@yahoo.de","author_url":"","author_avatar_urls":{"24":"https:\/\/secure.gravatar.com\/avatar\/d33db216b41d91c67d4ecc53735ffd60f6ad166d6b3434c28771a1ffb86e734e?s=24&d=mm&r=g","48":"https:\/\/secure.gravatar.com\/avatar\/d33db216b41d91c67d4ecc53735ffd60f6ad166d6b3434c28771a1ffb86e734e?s=48&d=mm&r=g","96":"https:\/\/secure.gravatar.com\/avatar\/d33db216b41d91c67d4ecc53735ffd60f6ad166d6b3434c28771a1ffb86e734e?s=96&d=mm&r=g"},"date":"2023-01-16T12:13:52","cld_nonce":"a2168cecf9","content":{"rendered":"<p>Nun, wenn &#8222;Puzzle&#8220; die 2 Pfeile_nach_rechts ersetzt, soll es mir recht sein. Ist ja die selbe Funktion<\/p>\n"},"status":"1"},{"id":230926,"parent":230920,"author":0,"author_name":"Knecht","author_email":"markus87@gmail.com","author_url":"","author_avatar_urls":{"24":"https:\/\/secure.gravatar.com\/avatar\/28b433e625eca783b3559b9784555f25f43d414bada168cf83c7d68b7cd40ffb?s=24&d=mm&r=g","48":"https:\/\/secure.gravatar.com\/avatar\/28b433e625eca783b3559b9784555f25f43d414bada168cf83c7d68b7cd40ffb?s=48&d=mm&r=g","96":"https:\/\/secure.gravatar.com\/avatar\/28b433e625eca783b3559b9784555f25f43d414bada168cf83c7d68b7cd40ffb?s=96&d=mm&r=g"},"date":"2023-01-16T12:18:38","cld_nonce":"a2168cecf9","content":{"rendered":"<p>&gt;Nun, wenn \u201ePuzzle\u201c die 2 Pfeile_nach_rechts ersetzt, soll es mir recht sein. Ist ja die selbe Funktion<br \/>\n&gt;<br \/>\nYes, es steuert die Addons und bei bedarf kommt auch ein popup. Muss man nicht gut finden, ist aber so.<br \/>\n<a href=\"https:\/\/blog.mozilla.org\/addons\/2022\/11\/17\/unified-extensions-button-and-how-to-handle-permissions-in-manifest-v3\/\" rel=\"nofollow ugc\">https:\/\/blog.mozilla.org\/addons\/2022\/11\/17\/unified-extensions-button-and-how-to-handle-permissions-in-manifest-v3\/<\/a><\/p>\n<p><code>#unified-extensions-button{<br \/>\n  width: 0.1px;<br \/>\n  padding-inline: 0 !important<br \/>\n}<br \/>\n#unified-extensions-button &gt; .toolbarbutton-icon{<br \/>\n  width: 0 !important;<br \/>\n}<\/code><\/p>\n<p>Probleme die ich schon im November behoben habe, da Nightly.<\/p>\n"},"status":"1"},{"id":230929,"parent":230920,"author":0,"author_name":"Florian","author_email":"florian@web.de","author_url":"","author_avatar_urls":{"24":"https:\/\/secure.gravatar.com\/avatar\/91acfe73ec86ccf7289b3b4f6342d6c9f7f215d320b42031309c4ccd5cbdc0e3?s=24&d=mm&r=g","48":"https:\/\/secure.gravatar.com\/avatar\/91acfe73ec86ccf7289b3b4f6342d6c9f7f215d320b42031309c4ccd5cbdc0e3?s=48&d=mm&r=g","96":"https:\/\/secure.gravatar.com\/avatar\/91acfe73ec86ccf7289b3b4f6342d6c9f7f215d320b42031309c4ccd5cbdc0e3?s=96&d=mm&r=g"},"date":"2023-01-16T12:28:11","cld_nonce":"a2168cecf9","content":{"rendered":"<p>Danke, aber ich hab 3 Addons, die m\u00fcssen nicht gesteuert werden.<br \/>\nDie laufen im Hintergrund so mit und das passt &#8211; halte den FF so schlank wie m\u00f6glich <img src=\"https:\/\/www.deskmodder.de\/blog\/wp-content\/plugins\/classic-smilies\/img\/icon_biggrin.gif\" alt=\":D\" class=\"wp-smiley\" \/><\/p>\n"},"status":"1"},{"id":230930,"parent":230919,"author":0,"author_name":"Florian","author_email":"florian@web.de","author_url":"","author_avatar_urls":{"24":"https:\/\/secure.gravatar.com\/avatar\/91acfe73ec86ccf7289b3b4f6342d6c9f7f215d320b42031309c4ccd5cbdc0e3?s=24&d=mm&r=g","48":"https:\/\/secure.gravatar.com\/avatar\/91acfe73ec86ccf7289b3b4f6342d6c9f7f215d320b42031309c4ccd5cbdc0e3?s=48&d=mm&r=g","96":"https:\/\/secure.gravatar.com\/avatar\/91acfe73ec86ccf7289b3b4f6342d6c9f7f215d320b42031309c4ccd5cbdc0e3?s=96&d=mm&r=g"},"date":"2023-01-16T12:30:03","cld_nonce":"a2168cecf9","content":{"rendered":"<p>Danke f\u00fcr die Info!<br \/>\nIch brauch den &#8222;Extensions Button&#8220; nicht und denke das geht jedem anderen auch so, der nur einfache Erweiterungen hat (die so mitlaufen, ohne Einstellungen) oder gar keine Addons besitzt &#8211; keine Ahnung ob dieser dann erscheint<\/p>\n"},"status":"1"},{"id":230931,"parent":230922,"author":0,"author_name":"Florian","author_email":"florian@web.de","author_url":"","author_avatar_urls":{"24":"https:\/\/secure.gravatar.com\/avatar\/91acfe73ec86ccf7289b3b4f6342d6c9f7f215d320b42031309c4ccd5cbdc0e3?s=24&d=mm&r=g","48":"https:\/\/secure.gravatar.com\/avatar\/91acfe73ec86ccf7289b3b4f6342d6c9f7f215d320b42031309c4ccd5cbdc0e3?s=48&d=mm&r=g","96":"https:\/\/secure.gravatar.com\/avatar\/91acfe73ec86ccf7289b3b4f6342d6c9f7f215d320b42031309c4ccd5cbdc0e3?s=96&d=mm&r=g"},"date":"2023-01-16T12:32:33","cld_nonce":"a2168cecf9","content":{"rendered":"<p>Ich hoffe dass meiner nie Abst\u00fcrtzt, weil da sind 3 Fenster offen mit \u00fcber 50 Tabs.<br \/>\nDie wollt ich seit Weihnachten zwar schon mal bookmarken und durchsehen, kam aber nie dazu<\/p>\n"},"status":"1"},{"id":230933,"parent":230929,"author":0,"author_name":"Knecht","author_email":"markus87@gmail.com","author_url":"","author_avatar_urls":{"24":"https:\/\/secure.gravatar.com\/avatar\/28b433e625eca783b3559b9784555f25f43d414bada168cf83c7d68b7cd40ffb?s=24&d=mm&r=g","48":"https:\/\/secure.gravatar.com\/avatar\/28b433e625eca783b3559b9784555f25f43d414bada168cf83c7d68b7cd40ffb?s=48&d=mm&r=g","96":"https:\/\/secure.gravatar.com\/avatar\/28b433e625eca783b3559b9784555f25f43d414bada168cf83c7d68b7cd40ffb?s=96&d=mm&r=g"},"date":"2023-01-16T12:35:19","cld_nonce":"a2168cecf9","content":{"rendered":"<p>Die m\u00fcssen sp\u00e4testens dann gesteuert werden, wenn das Addon eine Berechtigung anfordert. Wenn du dann nicht mit dem Popup interagierst und die Berechtigung gew\u00e4hrst bleibt das Addon halt einfach funktionslos.<\/p>\n<p>Anders als bei Manifest v2 wird n\u00e4mlich nicht w\u00e4hrend der Installation gefragt. Lest einfach meinen Link bevor ihr euch wundert wenn nichts geht <img src=\"https:\/\/www.deskmodder.de\/blog\/wp-content\/plugins\/classic-smilies\/img\/icon_surprised.gif\" alt=\":o\" class=\"wp-smiley\" \/><\/p>\n"},"status":"1"},{"id":230934,"parent":230930,"author":0,"author_name":"Florian","author_email":"florian@web.de","author_url":"","author_avatar_urls":{"24":"https:\/\/secure.gravatar.com\/avatar\/91acfe73ec86ccf7289b3b4f6342d6c9f7f215d320b42031309c4ccd5cbdc0e3?s=24&d=mm&r=g","48":"https:\/\/secure.gravatar.com\/avatar\/91acfe73ec86ccf7289b3b4f6342d6c9f7f215d320b42031309c4ccd5cbdc0e3?s=48&d=mm&r=g","96":"https:\/\/secure.gravatar.com\/avatar\/91acfe73ec86ccf7289b3b4f6342d6c9f7f215d320b42031309c4ccd5cbdc0e3?s=96&d=mm&r=g"},"date":"2023-01-16T12:35:54","cld_nonce":"a2168cecf9","content":{"rendered":"<p>Die Einstellungen \u00fcber about:config bringen nicht viel.<br \/>\nDass ersetzt das Puzzelst\u00fcck Symbol einfach nur durch einen rechtszeigeneden Doppelpfeil *heul*<\/p>\n"},"status":"1"},{"id":230935,"parent":230931,"author":0,"author_name":"Kirsche68","author_email":"jkirschbaum@web.de","author_url":"","author_avatar_urls":{"24":"https:\/\/secure.gravatar.com\/avatar\/03838c4d0d7c69c1dfc85aa8ba260f05531d8d58f37a76ec9e9755fca4bb4159?s=24&d=mm&r=g","48":"https:\/\/secure.gravatar.com\/avatar\/03838c4d0d7c69c1dfc85aa8ba260f05531d8d58f37a76ec9e9755fca4bb4159?s=48&d=mm&r=g","96":"https:\/\/secure.gravatar.com\/avatar\/03838c4d0d7c69c1dfc85aa8ba260f05531d8d58f37a76ec9e9755fca4bb4159?s=96&d=mm&r=g"},"date":"2023-01-16T13:22:00","cld_nonce":"a2168cecf9","content":{"rendered":"<p>Na dann, hurtig, hurtig \ud83d\ude00<br \/>\nMan soll den Tag nicht vor dem Abend loben <\/p>\n<p><i>gepostet mit der <a href=\"https:\/\/play.google.com\/store\/apps\/details?id=com.deskmodder\" rel=\"nofollow ugc\">Deskmodder.de-App f\u00fcr Android<\/a><\/i><\/p>\n"},"status":"1"},{"id":230941,"parent":230934,"author":8879,"author_name":"Knuddchen","author_email":"knuddibeier@gmail.com","author_url":"","author_avatar_urls":{"24":"https:\/\/secure.gravatar.com\/avatar\/1b8b1a90a0435f7bc7763020f91e6a4cc3d72f3fb6c600326a6de502fa0f982a?s=24&d=mm&r=g","48":"https:\/\/secure.gravatar.com\/avatar\/1b8b1a90a0435f7bc7763020f91e6a4cc3d72f3fb6c600326a6de502fa0f982a?s=48&d=mm&r=g","96":"https:\/\/secure.gravatar.com\/avatar\/1b8b1a90a0435f7bc7763020f91e6a4cc3d72f3fb6c600326a6de502fa0f982a?s=96&d=mm&r=g"},"date":"2023-01-16T13:51:37","cld_nonce":"a2168cecf9","content":{"rendered":"<p>boa chantal, heul leise <img src=\"https:\/\/www.deskmodder.de\/blog\/wp-content\/plugins\/classic-smilies\/img\/icon_biggrin.gif\" alt=\":D\" class=\"wp-smiley\" \/> wie kann man nur so rumjammern wie ein Baby<\/p>\n"},"status":"1"},{"id":230952,"parent":230923,"author":6726,"author_name":"thokra2020","author_email":"werner19181945@outlook.de","author_url":"","author_avatar_urls":{"24":"https:\/\/secure.gravatar.com\/avatar\/fdf5849e610cc88a6934cc2c82ef499ac6f254a5e25c4b41d0d9f0ed995dfdf4?s=24&d=mm&r=g","48":"https:\/\/secure.gravatar.com\/avatar\/fdf5849e610cc88a6934cc2c82ef499ac6f254a5e25c4b41d0d9f0ed995dfdf4?s=48&d=mm&r=g","96":"https:\/\/secure.gravatar.com\/avatar\/fdf5849e610cc88a6934cc2c82ef499ac6f254a5e25c4b41d0d9f0ed995dfdf4?s=96&d=mm&r=g"},"date":"2023-01-16T15:13:54","cld_nonce":"a2168cecf9","content":{"rendered":"<p>Eben nein. Neues Profil, ohne Addons und Update auf eine neuere Version = Absturz. Neuinstallation FF ohne Addons samt neuen Profil und im Anschlu\u00df Update bringt selben Fehler. Egal ob Win10 Pro 21H2, Win11 Home 22H1 und testhalber 8.1 Pro. Witzig ist dabei, dass alle Versionen bis zur ersten 100er ohne Probleme liefen. Auch die ESR machen seit den 100ern Probleme.<br \/>\nIch versteh die ganze Versionspolitik seitens Mozilla eh nicht. Min. eine neue Version im Quartal. Wozu? Kein Wunder, das es kaum noch FF Derivate gibt. Wie lange wird schon an einer neuen Version vom K-Meleon Browser gebastelt? Der Hauptentwickler, auch vom FF42, meldet selbst so oft Fehler u.a. an Mozilla, das es kein Wunder ist, dass es so viele Unterversionen vorhanden sind.<br \/>\n<i>gepostet mit der <a href=\"https:\/\/www.microsoft.com\/store\/apps\/9wzdncrdfx92\" rel=\"nofollow ugc\">Deskmodder.de-App<\/a><\/i><\/p>\n"},"status":"1"},{"id":230966,"parent":0,"author":0,"author_name":"Tom","author_email":"mirgehtsgut89@gmx.de","author_url":"","author_avatar_urls":{"24":"https:\/\/secure.gravatar.com\/avatar\/6c332dd55e1294b4017b15c0331919876ac5693119bc5605300ba4094ef74301?s=24&d=mm&r=g","48":"https:\/\/secure.gravatar.com\/avatar\/6c332dd55e1294b4017b15c0331919876ac5693119bc5605300ba4094ef74301?s=48&d=mm&r=g","96":"https:\/\/secure.gravatar.com\/avatar\/6c332dd55e1294b4017b15c0331919876ac5693119bc5605300ba4094ef74301?s=96&d=mm&r=g"},"date":"2023-01-16T19:57:13","cld_nonce":"a2168cecf9","content":{"rendered":"<p>Und Deskmodder kann es wieder nicht lassen. Firefox 109 \/ ESR 102.7 sind noch NICHT freigegeben. Das wird erst morgen passieren. H\u00f6rt doch BITTE endlich auf mit diesem Bl\u00f6dsinn.<\/p>\n"},"status":"1"},{"id":230970,"parent":230966,"author":0,"author_name":"Mira Bellenbaum","author_email":"mira.bellenbaum@gmx.net","author_url":"","author_avatar_urls":{"24":"https:\/\/secure.gravatar.com\/avatar\/c60a0cefbcf687e88c3850db7a78ba846e86d0dad6cb5d57bd8810609fc8afbf?s=24&d=mm&r=g","48":"https:\/\/secure.gravatar.com\/avatar\/c60a0cefbcf687e88c3850db7a78ba846e86d0dad6cb5d57bd8810609fc8afbf?s=48&d=mm&r=g","96":"https:\/\/secure.gravatar.com\/avatar\/c60a0cefbcf687e88c3850db7a78ba846e86d0dad6cb5d57bd8810609fc8afbf?s=96&d=mm&r=g"},"date":"2023-01-16T20:58:25","cld_nonce":"a2168cecf9","content":{"rendered":"<p>Welchen Bl\u00f6dsinn?<br \/>\nUnd was denkst Du, wird noch an diesen Releases ge\u00e4ndert werden?<br \/>\nWer es nie abwarten kann, hat sich a. eh einen Link auf die Server gelegt und b. die neueste Version ist<br \/>\nl\u00e4ngst installiert.<\/p>\n"},"status":"1"},{"id":230972,"parent":230970,"author":0,"author_name":"Feuerl\u00f6scher","author_email":"hannibal-lecter@arcor.de","author_url":"","author_avatar_urls":{"24":"https:\/\/secure.gravatar.com\/avatar\/9c105e88b5444cedde50b65102ffce6734e54ec2a5f8c059bd04d628548fe9fb?s=24&d=mm&r=g","48":"https:\/\/secure.gravatar.com\/avatar\/9c105e88b5444cedde50b65102ffce6734e54ec2a5f8c059bd04d628548fe9fb?s=48&d=mm&r=g","96":"https:\/\/secure.gravatar.com\/avatar\/9c105e88b5444cedde50b65102ffce6734e54ec2a5f8c059bd04d628548fe9fb?s=96&d=mm&r=g"},"date":"2023-01-16T21:38:15","cld_nonce":"a2168cecf9","content":{"rendered":"<p>Eben, im Zeitalter von automatischen Builds aus der CI\/CD-Pipeline mit automatischen Checks ist das nur Alarmismus. Jeder der den HTTPS-Server von Mozilla kennt sollte auch so schlau sein das FF-Profil vorher als Backup zu sichern.<\/p>\n<p>Nix &#8222;ihr spielt mit dem Feuer&#8220;.<\/p>\n"},"status":"1"},{"id":230975,"parent":230966,"author":4352,"author_name":"Knarf","author_email":"fic@mail.org","author_url":"","author_avatar_urls":{"24":"https:\/\/secure.gravatar.com\/avatar\/f83d7eb5d26eb94d951c746ca33fc8ce17a5a215dc8b577d86658a35d96a9924?s=24&d=mm&r=g","48":"https:\/\/secure.gravatar.com\/avatar\/f83d7eb5d26eb94d951c746ca33fc8ce17a5a215dc8b577d86658a35d96a9924?s=48&d=mm&r=g","96":"https:\/\/secure.gravatar.com\/avatar\/f83d7eb5d26eb94d951c746ca33fc8ce17a5a215dc8b577d86658a35d96a9924?s=96&d=mm&r=g"},"date":"2023-01-16T22:28:07","cld_nonce":"a2168cecf9","content":{"rendered":"<p>Und Tom kann es wieder nicht lassen. H\u00f6r doch BITTE endlich auf mit diesem Bl\u00f6dsinn.<\/p>\n"},"status":"1"},{"id":230998,"parent":0,"author":0,"author_name":"Rolix","author_email":"roland.moser@mosimail.ch","author_url":"","author_avatar_urls":{"24":"https:\/\/secure.gravatar.com\/avatar\/f67f2cc79ba1007ca86ea9a530b2ad9283b44a161c08dc623caa87cf87377e71?s=24&d=mm&r=g","48":"https:\/\/secure.gravatar.com\/avatar\/f67f2cc79ba1007ca86ea9a530b2ad9283b44a161c08dc623caa87cf87377e71?s=48&d=mm&r=g","96":"https:\/\/secure.gravatar.com\/avatar\/f67f2cc79ba1007ca86ea9a530b2ad9283b44a161c08dc623caa87cf87377e71?s=96&d=mm&r=g"},"date":"2023-01-17T16:17:36","cld_nonce":"a2168cecf9","content":{"rendered":"<p>Bei mir kommt noch das: <a href=\"https:\/\/www.mozilla.org\/de\/firefox\/109.0\/whatsnew\/?oldversion=108.0.2\" rel=\"nofollow ugc\">https:\/\/www.mozilla.org\/de\/firefox\/109.0\/whatsnew\/?oldversion=108.0.2<\/a><br \/>\nFunktioneren tut es nicht.<\/p>\n"},"status":"1"},{"id":230999,"parent":230998,"author":0,"author_name":"Rolix","author_email":"roland.moser@mosimail.ch","author_url":"","author_avatar_urls":{"24":"https:\/\/secure.gravatar.com\/avatar\/f67f2cc79ba1007ca86ea9a530b2ad9283b44a161c08dc623caa87cf87377e71?s=24&d=mm&r=g","48":"https:\/\/secure.gravatar.com\/avatar\/f67f2cc79ba1007ca86ea9a530b2ad9283b44a161c08dc623caa87cf87377e71?s=48&d=mm&r=g","96":"https:\/\/secure.gravatar.com\/avatar\/f67f2cc79ba1007ca86ea9a530b2ad9283b44a161c08dc623caa87cf87377e71?s=96&d=mm&r=g"},"date":"2023-01-17T16:42:31","cld_nonce":"a2168cecf9","content":{"rendered":"<p>Es funktioniert.<br \/>\nMan muss in den Einstellungen so eingestellt haben, dass PDFs mit Firefox ge\u00f6ffnet werden. Anschliessend rechts oben auf &#8222;Text&#8220; klicken.<\/p>\n"},"status":"1"},{"id":231010,"parent":230933,"author":0,"author_name":"Tyler Durden Volland","author_email":"tylerdurdenvolland@hotmail.com","author_url":"","author_avatar_urls":{"24":"https:\/\/secure.gravatar.com\/avatar\/a28713897f76b4c1862591a71f41ef0889b4f512f4d254c609beb047ebdb96f3?s=24&d=mm&r=g","48":"https:\/\/secure.gravatar.com\/avatar\/a28713897f76b4c1862591a71f41ef0889b4f512f4d254c609beb047ebdb96f3?s=48&d=mm&r=g","96":"https:\/\/secure.gravatar.com\/avatar\/a28713897f76b4c1862591a71f41ef0889b4f512f4d254c609beb047ebdb96f3?s=96&d=mm&r=g"},"date":"2023-01-17T18:51:16","cld_nonce":"a2168cecf9","content":{"rendered":"<p>Wieder mal eine ganz, ganz tolle &#8222;Verbesserung von Mozilla&#8230;.<br \/>\nIch \u00e4rgere mich schon lange nicht mehr \u00fcber den Firefox, ich \u00e4rgere mich weil alle anderen Browser noch schlechter sind.<\/p>\n"},"status":"1"},{"id":231063,"parent":230926,"author":0,"author_name":"Marius","author_email":"marius@byom.de","author_url":"","author_avatar_urls":{"24":"https:\/\/secure.gravatar.com\/avatar\/9f843b70cc4ce2e729fd12e9883ce7c5a454da195d8c1af2137825f36546de4d?s=24&d=mm&r=g","48":"https:\/\/secure.gravatar.com\/avatar\/9f843b70cc4ce2e729fd12e9883ce7c5a454da195d8c1af2137825f36546de4d?s=48&d=mm&r=g","96":"https:\/\/secure.gravatar.com\/avatar\/9f843b70cc4ce2e729fd12e9883ce7c5a454da195d8c1af2137825f36546de4d?s=96&d=mm&r=g"},"date":"2023-01-18T11:57:20","cld_nonce":"a2168cecf9","content":{"rendered":"<p>Soll das<br \/>\npadding-inline: 0 !important<br \/>\nden gro\u00dfen und nervigen Zeilenabstand im Aufklappme\u00fc verringern? Das h\u00e4tte ich gerne, aber es funktioniert nicht. Auch nicht mit<br \/>\npadding-block: 0 !important<\/p>\n"},"status":"1"}],"wp_author":{"id":134,"name":"moinmoin","description":"Ich bin nicht allwissend, was <a href=\"https:\/\/www.deskmodder.de\/wiki\/index.php?title=Kategorie:Windows_11\">Windows<\/a> angeht. Aber genau deshalb nehme ich Windows gerne auseinander und unter die Lupe, um all mein Wissen zu erweitern. <i>J\u00fcrgen<\/i>","author_avatar_urls":{"24":"https:\/\/secure.gravatar.com\/avatar\/fab96769102f8886245ab411df9a42a235be79261e4b44aa7ab2a555da8b86b4?s=24&d=mm&r=g","48":"https:\/\/secure.gravatar.com\/avatar\/fab96769102f8886245ab411df9a42a235be79261e4b44aa7ab2a555da8b86b4?s=48&d=mm&r=g","96":"https:\/\/secure.gravatar.com\/avatar\/fab96769102f8886245ab411df9a42a235be79261e4b44aa7ab2a555da8b86b4?s=96&d=mm&r=g"}},"cld_nonce":"a2168cecf9","yoast_head":"<!-- This site is optimized with the Yoast SEO Premium plugin v27.4 (Yoast SEO v27.4) - https:\/\/yoast.com\/product\/yoast-seo-premium-wordpress\/ -->\n<title>Firefox 109 und 102.7.0 ESR wurden bereitgestellt Manifest Version 3 (MV3) ist nun standardm\u00e4\u00dfig aktiviert [Changelog] - Deskmodder.de<\/title>\n<meta name=\"robots\" content=\"index, follow, max-snippet:-1, max-image-preview:large, max-video-preview:-1\" \/>\n<link rel=\"canonical\" href=\"https:\/\/www.deskmodder.de\/blog\/2023\/01\/17\/firefox-109-und-102-7-0-esr-wurden-bereitgestellt-manifest-version-3-mv3-ist-nun-standardmaessig-aktiviert\/\" \/>\n<meta property=\"og:locale\" content=\"de_DE\" \/>\n<meta property=\"og:type\" content=\"article\" \/>\n<meta property=\"og:title\" content=\"Firefox 109 und 102.7.0 ESR wurden bereitgestellt Manifest Version 3 (MV3) ist nun standardm\u00e4\u00dfig aktiviert [Changelog]\" \/>\n<meta property=\"og:description\" content=\"Mozilla bereitet das erste Release im Jahr 2023 vom Firefox 109.0 und 102.7.0 ESR vor. &#8222;Soft Freeze&#8220; war schon am 12.01. Jetzt wird alles bereitgestellt, damit morgen, 17.01.23 dann das Update \u00fcber die Update-Funktion im Browser die neue Version laden&hellip;\" \/>\n<meta property=\"og:url\" content=\"https:\/\/www.deskmodder.de\/blog\/2023\/01\/17\/firefox-109-und-102-7-0-esr-wurden-bereitgestellt-manifest-version-3-mv3-ist-nun-standardmaessig-aktiviert\/\" \/>\n<meta property=\"og:site_name\" content=\"Deskmodder.de\" \/>\n<meta property=\"article:publisher\" content=\"https:\/\/www.facebook.com\/Deskmodder\" \/>\n<meta property=\"article:published_time\" content=\"2023-01-17T14:16:40+00:00\" \/>\n<meta property=\"article:modified_time\" content=\"2023-01-18T10:44:45+00:00\" \/>\n<meta property=\"og:image\" content=\"https:\/\/www.deskmodder.de\/blog\/wp-content\/uploads\/2021\/06\/firefox-logo-2019-500x360-1-500x360-1-500x360-1.png\" \/>\n\t<meta property=\"og:image:width\" content=\"500\" \/>\n\t<meta property=\"og:image:height\" content=\"360\" \/>\n\t<meta property=\"og:image:type\" content=\"image\/png\" \/>\n<meta name=\"author\" content=\"moinmoin\" \/>\n<meta name=\"twitter:card\" content=\"summary_large_image\" \/>\n<meta name=\"twitter:creator\" content=\"@Deskmodder\" \/>\n<meta name=\"twitter:site\" content=\"@Deskmodder\" \/>\n<script type=\"application\/ld+json\" class=\"yoast-schema-graph\">{\"@context\":\"https:\\\/\\\/schema.org\",\"@graph\":[{\"@type\":\"Article\",\"@id\":\"https:\\\/\\\/www.deskmodder.de\\\/blog\\\/2023\\\/01\\\/17\\\/firefox-109-und-102-7-0-esr-wurden-bereitgestellt-manifest-version-3-mv3-ist-nun-standardmaessig-aktiviert\\\/#article\",\"isPartOf\":{\"@id\":\"https:\\\/\\\/www.deskmodder.de\\\/blog\\\/2023\\\/01\\\/17\\\/firefox-109-und-102-7-0-esr-wurden-bereitgestellt-manifest-version-3-mv3-ist-nun-standardmaessig-aktiviert\\\/\"},\"author\":{\"name\":\"moinmoin\",\"@id\":\"https:\\\/\\\/www.deskmodder.de\\\/blog\\\/#\\\/schema\\\/person\\\/a40b17a9503c4a1568ac4073bb54182a\"},\"headline\":\"Firefox 109 und 102.7.0 ESR wurden bereitgestellt Manifest Version 3 (MV3) ist nun standardm\u00e4\u00dfig aktiviert [Changelog]\",\"datePublished\":\"2023-01-17T14:16:40+00:00\",\"dateModified\":\"2023-01-18T10:44:45+00:00\",\"mainEntityOfPage\":{\"@id\":\"https:\\\/\\\/www.deskmodder.de\\\/blog\\\/2023\\\/01\\\/17\\\/firefox-109-und-102-7-0-esr-wurden-bereitgestellt-manifest-version-3-mv3-ist-nun-standardmaessig-aktiviert\\\/\"},\"wordCount\":464,\"commentCount\":28,\"publisher\":{\"@id\":\"https:\\\/\\\/www.deskmodder.de\\\/blog\\\/#organization\"},\"image\":{\"@id\":\"https:\\\/\\\/www.deskmodder.de\\\/blog\\\/2023\\\/01\\\/17\\\/firefox-109-und-102-7-0-esr-wurden-bereitgestellt-manifest-version-3-mv3-ist-nun-standardmaessig-aktiviert\\\/#primaryimage\"},\"thumbnailUrl\":\"https:\\\/\\\/www.deskmodder.de\\\/blog\\\/wp-content\\\/uploads\\\/2021\\\/06\\\/firefox-logo-2019-500x360-1-500x360-1-500x360-1.png\",\"keywords\":[\"102.7.0 ESR\",\"Final\",\"Firefox\",\"Firefox 109\",\"Firefox 109.0\",\"Release\",\"Release Notes\",\"Unified Extensions deaktivieren\",\"Unified Extensions delete\"],\"articleSection\":[\"Browser\"],\"inLanguage\":\"de\",\"potentialAction\":[{\"@type\":\"CommentAction\",\"name\":\"Comment\",\"target\":[\"https:\\\/\\\/www.deskmodder.de\\\/blog\\\/2023\\\/01\\\/17\\\/firefox-109-und-102-7-0-esr-wurden-bereitgestellt-manifest-version-3-mv3-ist-nun-standardmaessig-aktiviert\\\/#respond\"]}],\"copyrightYear\":\"2023\",\"copyrightHolder\":{\"@id\":\"https:\\\/\\\/www.deskmodder.de\\\/blog\\\/#organization\"}},{\"@type\":\"WebPage\",\"@id\":\"https:\\\/\\\/www.deskmodder.de\\\/blog\\\/2023\\\/01\\\/17\\\/firefox-109-und-102-7-0-esr-wurden-bereitgestellt-manifest-version-3-mv3-ist-nun-standardmaessig-aktiviert\\\/\",\"url\":\"https:\\\/\\\/www.deskmodder.de\\\/blog\\\/2023\\\/01\\\/17\\\/firefox-109-und-102-7-0-esr-wurden-bereitgestellt-manifest-version-3-mv3-ist-nun-standardmaessig-aktiviert\\\/\",\"name\":\"Firefox 109 und 102.7.0 ESR wurden bereitgestellt Manifest Version 3 (MV3) ist nun standardm\u00e4\u00dfig aktiviert [Changelog] - Deskmodder.de\",\"isPartOf\":{\"@id\":\"https:\\\/\\\/www.deskmodder.de\\\/blog\\\/#website\"},\"primaryImageOfPage\":{\"@id\":\"https:\\\/\\\/www.deskmodder.de\\\/blog\\\/2023\\\/01\\\/17\\\/firefox-109-und-102-7-0-esr-wurden-bereitgestellt-manifest-version-3-mv3-ist-nun-standardmaessig-aktiviert\\\/#primaryimage\"},\"image\":{\"@id\":\"https:\\\/\\\/www.deskmodder.de\\\/blog\\\/2023\\\/01\\\/17\\\/firefox-109-und-102-7-0-esr-wurden-bereitgestellt-manifest-version-3-mv3-ist-nun-standardmaessig-aktiviert\\\/#primaryimage\"},\"thumbnailUrl\":\"https:\\\/\\\/www.deskmodder.de\\\/blog\\\/wp-content\\\/uploads\\\/2021\\\/06\\\/firefox-logo-2019-500x360-1-500x360-1-500x360-1.png\",\"datePublished\":\"2023-01-17T14:16:40+00:00\",\"dateModified\":\"2023-01-18T10:44:45+00:00\",\"breadcrumb\":{\"@id\":\"https:\\\/\\\/www.deskmodder.de\\\/blog\\\/2023\\\/01\\\/17\\\/firefox-109-und-102-7-0-esr-wurden-bereitgestellt-manifest-version-3-mv3-ist-nun-standardmaessig-aktiviert\\\/#breadcrumb\"},\"inLanguage\":\"de\",\"potentialAction\":[{\"@type\":\"ReadAction\",\"target\":[\"https:\\\/\\\/www.deskmodder.de\\\/blog\\\/2023\\\/01\\\/17\\\/firefox-109-und-102-7-0-esr-wurden-bereitgestellt-manifest-version-3-mv3-ist-nun-standardmaessig-aktiviert\\\/\"]}]},{\"@type\":\"ImageObject\",\"inLanguage\":\"de\",\"@id\":\"https:\\\/\\\/www.deskmodder.de\\\/blog\\\/2023\\\/01\\\/17\\\/firefox-109-und-102-7-0-esr-wurden-bereitgestellt-manifest-version-3-mv3-ist-nun-standardmaessig-aktiviert\\\/#primaryimage\",\"url\":\"https:\\\/\\\/www.deskmodder.de\\\/blog\\\/wp-content\\\/uploads\\\/2021\\\/06\\\/firefox-logo-2019-500x360-1-500x360-1-500x360-1.png\",\"contentUrl\":\"https:\\\/\\\/www.deskmodder.de\\\/blog\\\/wp-content\\\/uploads\\\/2021\\\/06\\\/firefox-logo-2019-500x360-1-500x360-1-500x360-1.png\",\"width\":500,\"height\":360},{\"@type\":\"BreadcrumbList\",\"@id\":\"https:\\\/\\\/www.deskmodder.de\\\/blog\\\/2023\\\/01\\\/17\\\/firefox-109-und-102-7-0-esr-wurden-bereitgestellt-manifest-version-3-mv3-ist-nun-standardmaessig-aktiviert\\\/#breadcrumb\",\"itemListElement\":[{\"@type\":\"ListItem\",\"position\":1,\"name\":\"Startseite\",\"item\":\"https:\\\/\\\/www.deskmodder.de\\\/blog\\\/\"},{\"@type\":\"ListItem\",\"position\":2,\"name\":\"Firefox 109 und 102.7.0 ESR wurden bereitgestellt Manifest Version 3 (MV3) ist nun standardm\u00e4\u00dfig aktiviert [Changelog]\"}]},{\"@type\":\"WebSite\",\"@id\":\"https:\\\/\\\/www.deskmodder.de\\\/blog\\\/#website\",\"url\":\"https:\\\/\\\/www.deskmodder.de\\\/blog\\\/\",\"name\":\"Deskmodder.de\",\"description\":\"News zum Thema Microsoft, Windows 11 \\\/ 10, sowie anderen Neuigkeiten aus dem Netz, viele Tipps und individuelle Hilfe bei Problemen in unserem Forum \u25cf Deskmodder - seit 2003\",\"publisher\":{\"@id\":\"https:\\\/\\\/www.deskmodder.de\\\/blog\\\/#organization\"},\"potentialAction\":[{\"@type\":\"SearchAction\",\"target\":{\"@type\":\"EntryPoint\",\"urlTemplate\":\"https:\\\/\\\/www.deskmodder.de\\\/blog\\\/?s={search_term_string}\"},\"query-input\":{\"@type\":\"PropertyValueSpecification\",\"valueRequired\":true,\"valueName\":\"search_term_string\"}}],\"inLanguage\":\"de\"},{\"@type\":\"Organization\",\"@id\":\"https:\\\/\\\/www.deskmodder.de\\\/blog\\\/#organization\",\"name\":\"Deskmodder\",\"url\":\"https:\\\/\\\/www.deskmodder.de\\\/blog\\\/\",\"logo\":{\"@type\":\"ImageObject\",\"inLanguage\":\"de\",\"@id\":\"https:\\\/\\\/www.deskmodder.de\\\/blog\\\/#\\\/schema\\\/logo\\\/image\\\/\",\"url\":\"https:\\\/\\\/www.deskmodder.de\\\/blog\\\/wp-content\\\/uploads\\\/2019\\\/01\\\/deskmodder-logo-app.png\",\"contentUrl\":\"https:\\\/\\\/www.deskmodder.de\\\/blog\\\/wp-content\\\/uploads\\\/2019\\\/01\\\/deskmodder-logo-app.png\",\"width\":281,\"height\":286,\"caption\":\"Deskmodder\"},\"image\":{\"@id\":\"https:\\\/\\\/www.deskmodder.de\\\/blog\\\/#\\\/schema\\\/logo\\\/image\\\/\"},\"sameAs\":[\"https:\\\/\\\/www.facebook.com\\\/Deskmodder\",\"https:\\\/\\\/x.com\\\/Deskmodder\",\"https:\\\/\\\/mastodontech.de\\\/@Deskmodder\",\"https:\\\/\\\/www.youtube.com\\\/user\\\/deskmodder\",\"https:\\\/\\\/mewe.com\\\/group\\\/5c83b5231add826fc80cdae1\"]},{\"@type\":\"Person\",\"@id\":\"https:\\\/\\\/www.deskmodder.de\\\/blog\\\/#\\\/schema\\\/person\\\/a40b17a9503c4a1568ac4073bb54182a\",\"name\":\"moinmoin\",\"image\":{\"@type\":\"ImageObject\",\"inLanguage\":\"de\",\"@id\":\"https:\\\/\\\/secure.gravatar.com\\\/avatar\\\/fab96769102f8886245ab411df9a42a235be79261e4b44aa7ab2a555da8b86b4?s=96&d=mm&r=g\",\"url\":\"https:\\\/\\\/secure.gravatar.com\\\/avatar\\\/fab96769102f8886245ab411df9a42a235be79261e4b44aa7ab2a555da8b86b4?s=96&d=mm&r=g\",\"contentUrl\":\"https:\\\/\\\/secure.gravatar.com\\\/avatar\\\/fab96769102f8886245ab411df9a42a235be79261e4b44aa7ab2a555da8b86b4?s=96&d=mm&r=g\",\"caption\":\"moinmoin\"},\"description\":\"Ich bin nicht allwissend, was Windows angeht. Aber genau deshalb nehme ich Windows gerne auseinander und unter die Lupe, um all mein Wissen zu erweitern. J\u00fcrgen\",\"url\":\"https:\\\/\\\/www.deskmodder.de\\\/blog\\\/author\\\/moinmoin\\\/\"}]}<\/script>\n<!-- \/ Yoast SEO Premium plugin. -->","yoast_head_json":{"title":"Firefox 109 und 102.7.0 ESR wurden bereitgestellt Manifest Version 3 (MV3) ist nun standardm\u00e4\u00dfig aktiviert [Changelog] - Deskmodder.de","robots":{"index":"index","follow":"follow","max-snippet":"max-snippet:-1","max-image-preview":"max-image-preview:large","max-video-preview":"max-video-preview:-1"},"canonical":"https:\/\/www.deskmodder.de\/blog\/2023\/01\/17\/firefox-109-und-102-7-0-esr-wurden-bereitgestellt-manifest-version-3-mv3-ist-nun-standardmaessig-aktiviert\/","og_locale":"de_DE","og_type":"article","og_title":"Firefox 109 und 102.7.0 ESR wurden bereitgestellt Manifest Version 3 (MV3) ist nun standardm\u00e4\u00dfig aktiviert [Changelog]","og_description":"Mozilla bereitet das erste Release im Jahr 2023 vom Firefox 109.0 und 102.7.0 ESR vor. &#8222;Soft Freeze&#8220; war schon am 12.01. Jetzt wird alles bereitgestellt, damit morgen, 17.01.23 dann das Update \u00fcber die Update-Funktion im Browser die neue Version laden&hellip;","og_url":"https:\/\/www.deskmodder.de\/blog\/2023\/01\/17\/firefox-109-und-102-7-0-esr-wurden-bereitgestellt-manifest-version-3-mv3-ist-nun-standardmaessig-aktiviert\/","og_site_name":"Deskmodder.de","article_publisher":"https:\/\/www.facebook.com\/Deskmodder","article_published_time":"2023-01-17T14:16:40+00:00","article_modified_time":"2023-01-18T10:44:45+00:00","og_image":[{"width":500,"height":360,"url":"https:\/\/www.deskmodder.de\/blog\/wp-content\/uploads\/2021\/06\/firefox-logo-2019-500x360-1-500x360-1-500x360-1.png","type":"image\/png"}],"author":"moinmoin","twitter_card":"summary_large_image","twitter_creator":"@Deskmodder","twitter_site":"@Deskmodder","schema":{"@context":"https:\/\/schema.org","@graph":[{"@type":"Article","@id":"https:\/\/www.deskmodder.de\/blog\/2023\/01\/17\/firefox-109-und-102-7-0-esr-wurden-bereitgestellt-manifest-version-3-mv3-ist-nun-standardmaessig-aktiviert\/#article","isPartOf":{"@id":"https:\/\/www.deskmodder.de\/blog\/2023\/01\/17\/firefox-109-und-102-7-0-esr-wurden-bereitgestellt-manifest-version-3-mv3-ist-nun-standardmaessig-aktiviert\/"},"author":{"name":"moinmoin","@id":"https:\/\/www.deskmodder.de\/blog\/#\/schema\/person\/a40b17a9503c4a1568ac4073bb54182a"},"headline":"Firefox 109 und 102.7.0 ESR wurden bereitgestellt Manifest Version 3 (MV3) ist nun standardm\u00e4\u00dfig aktiviert [Changelog]","datePublished":"2023-01-17T14:16:40+00:00","dateModified":"2023-01-18T10:44:45+00:00","mainEntityOfPage":{"@id":"https:\/\/www.deskmodder.de\/blog\/2023\/01\/17\/firefox-109-und-102-7-0-esr-wurden-bereitgestellt-manifest-version-3-mv3-ist-nun-standardmaessig-aktiviert\/"},"wordCount":464,"commentCount":28,"publisher":{"@id":"https:\/\/www.deskmodder.de\/blog\/#organization"},"image":{"@id":"https:\/\/www.deskmodder.de\/blog\/2023\/01\/17\/firefox-109-und-102-7-0-esr-wurden-bereitgestellt-manifest-version-3-mv3-ist-nun-standardmaessig-aktiviert\/#primaryimage"},"thumbnailUrl":"https:\/\/www.deskmodder.de\/blog\/wp-content\/uploads\/2021\/06\/firefox-logo-2019-500x360-1-500x360-1-500x360-1.png","keywords":["102.7.0 ESR","Final","Firefox","Firefox 109","Firefox 109.0","Release","Release Notes","Unified Extensions deaktivieren","Unified Extensions delete"],"articleSection":["Browser"],"inLanguage":"de","potentialAction":[{"@type":"CommentAction","name":"Comment","target":["https:\/\/www.deskmodder.de\/blog\/2023\/01\/17\/firefox-109-und-102-7-0-esr-wurden-bereitgestellt-manifest-version-3-mv3-ist-nun-standardmaessig-aktiviert\/#respond"]}],"copyrightYear":"2023","copyrightHolder":{"@id":"https:\/\/www.deskmodder.de\/blog\/#organization"}},{"@type":"WebPage","@id":"https:\/\/www.deskmodder.de\/blog\/2023\/01\/17\/firefox-109-und-102-7-0-esr-wurden-bereitgestellt-manifest-version-3-mv3-ist-nun-standardmaessig-aktiviert\/","url":"https:\/\/www.deskmodder.de\/blog\/2023\/01\/17\/firefox-109-und-102-7-0-esr-wurden-bereitgestellt-manifest-version-3-mv3-ist-nun-standardmaessig-aktiviert\/","name":"Firefox 109 und 102.7.0 ESR wurden bereitgestellt Manifest Version 3 (MV3) ist nun standardm\u00e4\u00dfig aktiviert [Changelog] - Deskmodder.de","isPartOf":{"@id":"https:\/\/www.deskmodder.de\/blog\/#website"},"primaryImageOfPage":{"@id":"https:\/\/www.deskmodder.de\/blog\/2023\/01\/17\/firefox-109-und-102-7-0-esr-wurden-bereitgestellt-manifest-version-3-mv3-ist-nun-standardmaessig-aktiviert\/#primaryimage"},"image":{"@id":"https:\/\/www.deskmodder.de\/blog\/2023\/01\/17\/firefox-109-und-102-7-0-esr-wurden-bereitgestellt-manifest-version-3-mv3-ist-nun-standardmaessig-aktiviert\/#primaryimage"},"thumbnailUrl":"https:\/\/www.deskmodder.de\/blog\/wp-content\/uploads\/2021\/06\/firefox-logo-2019-500x360-1-500x360-1-500x360-1.png","datePublished":"2023-01-17T14:16:40+00:00","dateModified":"2023-01-18T10:44:45+00:00","breadcrumb":{"@id":"https:\/\/www.deskmodder.de\/blog\/2023\/01\/17\/firefox-109-und-102-7-0-esr-wurden-bereitgestellt-manifest-version-3-mv3-ist-nun-standardmaessig-aktiviert\/#breadcrumb"},"inLanguage":"de","potentialAction":[{"@type":"ReadAction","target":["https:\/\/www.deskmodder.de\/blog\/2023\/01\/17\/firefox-109-und-102-7-0-esr-wurden-bereitgestellt-manifest-version-3-mv3-ist-nun-standardmaessig-aktiviert\/"]}]},{"@type":"ImageObject","inLanguage":"de","@id":"https:\/\/www.deskmodder.de\/blog\/2023\/01\/17\/firefox-109-und-102-7-0-esr-wurden-bereitgestellt-manifest-version-3-mv3-ist-nun-standardmaessig-aktiviert\/#primaryimage","url":"https:\/\/www.deskmodder.de\/blog\/wp-content\/uploads\/2021\/06\/firefox-logo-2019-500x360-1-500x360-1-500x360-1.png","contentUrl":"https:\/\/www.deskmodder.de\/blog\/wp-content\/uploads\/2021\/06\/firefox-logo-2019-500x360-1-500x360-1-500x360-1.png","width":500,"height":360},{"@type":"BreadcrumbList","@id":"https:\/\/www.deskmodder.de\/blog\/2023\/01\/17\/firefox-109-und-102-7-0-esr-wurden-bereitgestellt-manifest-version-3-mv3-ist-nun-standardmaessig-aktiviert\/#breadcrumb","itemListElement":[{"@type":"ListItem","position":1,"name":"Startseite","item":"https:\/\/www.deskmodder.de\/blog\/"},{"@type":"ListItem","position":2,"name":"Firefox 109 und 102.7.0 ESR wurden bereitgestellt Manifest Version 3 (MV3) ist nun standardm\u00e4\u00dfig aktiviert [Changelog]"}]},{"@type":"WebSite","@id":"https:\/\/www.deskmodder.de\/blog\/#website","url":"https:\/\/www.deskmodder.de\/blog\/","name":"Deskmodder.de","description":"News zum Thema Microsoft, Windows 11 \/ 10, sowie anderen Neuigkeiten aus dem Netz, viele Tipps und individuelle Hilfe bei Problemen in unserem Forum \u25cf Deskmodder - seit 2003","publisher":{"@id":"https:\/\/www.deskmodder.de\/blog\/#organization"},"potentialAction":[{"@type":"SearchAction","target":{"@type":"EntryPoint","urlTemplate":"https:\/\/www.deskmodder.de\/blog\/?s={search_term_string}"},"query-input":{"@type":"PropertyValueSpecification","valueRequired":true,"valueName":"search_term_string"}}],"inLanguage":"de"},{"@type":"Organization","@id":"https:\/\/www.deskmodder.de\/blog\/#organization","name":"Deskmodder","url":"https:\/\/www.deskmodder.de\/blog\/","logo":{"@type":"ImageObject","inLanguage":"de","@id":"https:\/\/www.deskmodder.de\/blog\/#\/schema\/logo\/image\/","url":"https:\/\/www.deskmodder.de\/blog\/wp-content\/uploads\/2019\/01\/deskmodder-logo-app.png","contentUrl":"https:\/\/www.deskmodder.de\/blog\/wp-content\/uploads\/2019\/01\/deskmodder-logo-app.png","width":281,"height":286,"caption":"Deskmodder"},"image":{"@id":"https:\/\/www.deskmodder.de\/blog\/#\/schema\/logo\/image\/"},"sameAs":["https:\/\/www.facebook.com\/Deskmodder","https:\/\/x.com\/Deskmodder","https:\/\/mastodontech.de\/@Deskmodder","https:\/\/www.youtube.com\/user\/deskmodder","https:\/\/mewe.com\/group\/5c83b5231add826fc80cdae1"]},{"@type":"Person","@id":"https:\/\/www.deskmodder.de\/blog\/#\/schema\/person\/a40b17a9503c4a1568ac4073bb54182a","name":"moinmoin","image":{"@type":"ImageObject","inLanguage":"de","@id":"https:\/\/secure.gravatar.com\/avatar\/fab96769102f8886245ab411df9a42a235be79261e4b44aa7ab2a555da8b86b4?s=96&d=mm&r=g","url":"https:\/\/secure.gravatar.com\/avatar\/fab96769102f8886245ab411df9a42a235be79261e4b44aa7ab2a555da8b86b4?s=96&d=mm&r=g","contentUrl":"https:\/\/secure.gravatar.com\/avatar\/fab96769102f8886245ab411df9a42a235be79261e4b44aa7ab2a555da8b86b4?s=96&d=mm&r=g","caption":"moinmoin"},"description":"Ich bin nicht allwissend, was Windows angeht. Aber genau deshalb nehme ich Windows gerne auseinander und unter die Lupe, um all mein Wissen zu erweitern. J\u00fcrgen","url":"https:\/\/www.deskmodder.de\/blog\/author\/moinmoin\/"}]}},"jetpack_publicize_connections":[],"jetpack_featured_media_url":"https:\/\/www.deskmodder.de\/blog\/wp-content\/uploads\/2021\/06\/firefox-logo-2019-500x360-1-500x360-1-500x360-1.png","_links":{"self":[{"href":"https:\/\/www.deskmodder.de\/blog\/wp-json\/wp\/v2\/posts\/174397","targetHints":{"allow":["GET"]}}],"collection":[{"href":"https:\/\/www.deskmodder.de\/blog\/wp-json\/wp\/v2\/posts"}],"about":[{"href":"https:\/\/www.deskmodder.de\/blog\/wp-json\/wp\/v2\/types\/post"}],"author":[{"embeddable":true,"href":"https:\/\/www.deskmodder.de\/blog\/wp-json\/wp\/v2\/users\/134"}],"replies":[{"embeddable":true,"href":"https:\/\/www.deskmodder.de\/blog\/wp-json\/wp\/v2\/comments?post=174397"}],"version-history":[{"count":3,"href":"https:\/\/www.deskmodder.de\/blog\/wp-json\/wp\/v2\/posts\/174397\/revisions"}],"predecessor-version":[{"id":174455,"href":"https:\/\/www.deskmodder.de\/blog\/wp-json\/wp\/v2\/posts\/174397\/revisions\/174455"}],"wp:featuredmedia":[{"embeddable":true,"href":"https:\/\/www.deskmodder.de\/blog\/wp-json\/wp\/v2\/media\/154480"}],"wp:attachment":[{"href":"https:\/\/www.deskmodder.de\/blog\/wp-json\/wp\/v2\/media?parent=174397"}],"wp:term":[{"taxonomy":"category","embeddable":true,"href":"https:\/\/www.deskmodder.de\/blog\/wp-json\/wp\/v2\/categories?post=174397"},{"taxonomy":"post_tag","embeddable":true,"href":"https:\/\/www.deskmodder.de\/blog\/wp-json\/wp\/v2\/tags?post=174397"}],"curies":[{"name":"wp","href":"https:\/\/api.w.org\/{rel}","templated":true}]}}