{"id":155240,"date":"2021-07-04T11:32:01","date_gmt":"2021-07-04T09:32:01","guid":{"rendered":"https:\/\/www.deskmodder.de\/blog\/?p=155240"},"modified":"2021-07-04T11:33:47","modified_gmt":"2021-07-04T09:33:47","slug":"bundesweiter-warntag-findet-2021-nicht-statt","status":"publish","type":"post","link":"https:\/\/www.deskmodder.de\/blog\/2021\/07\/04\/bundesweiter-warntag-findet-2021-nicht-statt\/","title":{"rendered":"Bundesweiter Warntag findet 2021 nicht statt"},"content":{"rendered":"<p>Vielleicht erinnert ihr euch noch: <a href=\"https:\/\/www.deskmodder.de\/blog\/2020\/09\/07\/bundesweiter-warntag-am-donnerstag-10-9-2020\/\" target=\"_blank\" rel=\"noopener\">Letztes Jahr<\/a> fand in Deutschland erstmals seit langer Zeit wieder ein bundesweiter Warntag statt, bei dem Sirenen, Warn-Apps und andere Informationskan\u00e4le f\u00fcr den Notfall zeitgleich getestet werden sollten. Das hatte damals allerdings alles andere als gut funktioniert.<\/p>\n<p>Nun hat sich die Innenministerkonferenz (IMK) darauf verst\u00e4ndigt, den Warntag in diesem Jahr ausfallen zu lassen. Man m\u00f6chte lieber erst einmal die Systeme zur Warnung der Bev\u00f6lkerung weiter ausbauen und zus\u00e4tzliche Warnkan\u00e4le erschlie\u00dfen.<\/p>\n<p>Der n\u00e4chste Warntag soll demnach erst am 8. September 2022 stattfinden.<\/p>\n<p><a href=\"https:\/\/www.deskmodder.de\/blog\/wp-content\/uploads\/2020\/09\/keyvisual-orange-mit-datum.png\" rel=\"lightbox[155240]\"><img loading=\"lazy\" decoding=\"async\" class=\"aligncenter size-large wp-image-144175\" src=\"https:\/\/www.deskmodder.de\/blog\/wp-content\/uploads\/2020\/09\/keyvisual-orange-mit-datum-810x405.png\" alt=\"\" width=\"810\" height=\"405\" srcset=\"https:\/\/www.deskmodder.de\/blog\/wp-content\/uploads\/2020\/09\/keyvisual-orange-mit-datum-810x405.png 810w, https:\/\/www.deskmodder.de\/blog\/wp-content\/uploads\/2020\/09\/keyvisual-orange-mit-datum-500x250.png 500w, https:\/\/www.deskmodder.de\/blog\/wp-content\/uploads\/2020\/09\/keyvisual-orange-mit-datum-306x153.png 306w, https:\/\/www.deskmodder.de\/blog\/wp-content\/uploads\/2020\/09\/keyvisual-orange-mit-datum.png 1240w\" sizes=\"auto, (max-width: 810px) 100vw, 810px\" \/><\/a><\/p>\n<div class=\"quelle\">Quelle: <a href=\"https:\/\/www.bmi.bund.de\/SharedDocs\/pressemitteilungen\/DE\/2021\/06\/warntag.html\" target=\"_blank\" rel=\"noopener\">BMI<\/a><\/div>\n","protected":false},"excerpt":{"rendered":"<p>Vielleicht erinnert ihr euch noch: Letztes Jahr fand in Deutschland erstmals seit langer Zeit wieder ein bundesweiter Warntag statt, bei dem Sirenen, Warn-Apps und andere Informationskan\u00e4le f\u00fcr den Notfall zeitgleich getestet werden sollten. Das hatte damals allerdings alles andere als&hellip; <\/p>\n","protected":false},"author":1525,"featured_media":144175,"comment_status":"open","ping_status":"open","sticky":false,"template":"","format":"standard","meta":{"jetpack_post_was_ever_published":false,"footnotes":"","jetpack_publicize_message":"","jetpack_publicize_feature_enabled":true,"jetpack_social_post_already_shared":true,"jetpack_social_options":{"image_generator_settings":{"template":"highway","default_image_id":0,"font":"","enabled":false},"version":2}},"categories":[1],"tags":[80427,80426,4855,77712,75449,80424,80425],"class_list":["post-155240","post","type-post","status-publish","format-standard","has-post-thumbnail","hentry","category-allgemein","tag-bundesweiter-warntag","tag-innenministerium","tag-meldung","tag-nina","tag-warn-app","tag-warntag-2021","tag-warntag-2022"],"wp_featured_image":{"id":144175,"alt_text":"","description":"","media_type":"image","media_details":{"width":1240,"height":620,"file":"2020\/09\/keyvisual-orange-mit-datum.png","sizes":{"medium":{"file":"keyvisual-orange-mit-datum-500x250.png","width":500,"height":250,"mime-type":"image\/png","source_url":"https:\/\/www.deskmodder.de\/blog\/wp-content\/uploads\/2020\/09\/keyvisual-orange-mit-datum-500x250.png"},"large":{"file":"keyvisual-orange-mit-datum-810x405.png","width":810,"height":405,"mime-type":"image\/png","source_url":"https:\/\/www.deskmodder.de\/blog\/wp-content\/uploads\/2020\/09\/keyvisual-orange-mit-datum-810x405.png"},"thumbnail":{"file":"keyvisual-orange-mit-datum-306x153.png","width":306,"height":153,"mime-type":"image\/png","source_url":"https:\/\/www.deskmodder.de\/blog\/wp-content\/uploads\/2020\/09\/keyvisual-orange-mit-datum-306x153.png"},"blog-large":{"file":"keyvisual-orange-mit-datum-642x300.png","width":642,"height":300,"mime-type":"image\/png","source_url":"https:\/\/www.deskmodder.de\/blog\/wp-content\/uploads\/2020\/09\/keyvisual-orange-mit-datum-642x300.png"},"blog-medium":{"file":"keyvisual-orange-mit-datum-306x205.png","width":306,"height":205,"mime-type":"image\/png","source_url":"https:\/\/www.deskmodder.de\/blog\/wp-content\/uploads\/2020\/09\/keyvisual-orange-mit-datum-306x205.png"},"recent-thumb":{"file":"keyvisual-orange-mit-datum-350x316.png","width":350,"height":316,"mime-type":"image\/png","source_url":"https:\/\/www.deskmodder.de\/blog\/wp-content\/uploads\/2020\/09\/keyvisual-orange-mit-datum-350x316.png"},"service-featured":{"file":"keyvisual-orange-mit-datum-600x330.png","width":600,"height":330,"mime-type":"image\/png","source_url":"https:\/\/www.deskmodder.de\/blog\/wp-content\/uploads\/2020\/09\/keyvisual-orange-mit-datum-600x330.png"},"wp_rp_thumbnail":{"file":"keyvisual-orange-mit-datum-50x50.png","width":50,"height":50,"mime-type":"image\/png","source_url":"https:\/\/www.deskmodder.de\/blog\/wp-content\/uploads\/2020\/09\/keyvisual-orange-mit-datum-50x50.png"}},"image_meta":{"aperture":"0","credit":"","camera":"","caption":"","created_timestamp":"0","copyright":"","focal_length":"0","iso":"0","shutter_speed":"0","title":"","orientation":"0","keywords":[]}},"post":144174,"source_url":"https:\/\/www.deskmodder.de\/blog\/wp-content\/uploads\/2020\/09\/keyvisual-orange-mit-datum.png"},"commentcount":21,"wp_comments":[{"id":184042,"parent":0,"author":0,"author_name":"DSGVO User","author_email":"user@dsgvo.de","author_url":"","author_avatar_urls":{"24":"https:\/\/secure.gravatar.com\/avatar\/57d62272b63fa9d7721e6510e27aaa0f3fe0ac345d2cb5649caa0b575eb2da20?s=24&d=mm&r=g","48":"https:\/\/secure.gravatar.com\/avatar\/57d62272b63fa9d7721e6510e27aaa0f3fe0ac345d2cb5649caa0b575eb2da20?s=48&d=mm&r=g","96":"https:\/\/secure.gravatar.com\/avatar\/57d62272b63fa9d7721e6510e27aaa0f3fe0ac345d2cb5649caa0b575eb2da20?s=96&d=mm&r=g"},"date":"2021-07-04T11:56:22","cld_nonce":"1ebf7c6f1e","content":{"rendered":"<p>Alles Kaputt gespart.<\/p>\n<p>Wenn es wirklich zu einem Notfall in dem Land kommt ist jeder auf sich allein gestellt und am Arsch. Hauptsache die Bundes Abgeordneten sind in Sicherheit.<\/p>\n<p>Ich stell mir gerade so ein Szenario vor wo die in Bunkern geretteten wieder die Erde bev\u00f6lkern m\u00fcssen&#8230; \/0\\<\/p>\n"},"status":"1"},{"id":184044,"parent":184042,"author":6246,"author_name":"Vectorprime","author_email":"reinfeld@live.de","author_url":"","author_avatar_urls":{"24":"https:\/\/secure.gravatar.com\/avatar\/50065142e47aa0f4d10efe4863577fae0e8d3efbd0ddab24335c63a8054d4b12?s=24&d=mm&r=g","48":"https:\/\/secure.gravatar.com\/avatar\/50065142e47aa0f4d10efe4863577fae0e8d3efbd0ddab24335c63a8054d4b12?s=48&d=mm&r=g","96":"https:\/\/secure.gravatar.com\/avatar\/50065142e47aa0f4d10efe4863577fae0e8d3efbd0ddab24335c63a8054d4b12?s=96&d=mm&r=g"},"date":"2021-07-04T11:58:10","cld_nonce":"1ebf7c6f1e","content":{"rendered":"<p>IHHHHHH jetzt habe ich Kopfkino. B\u00e4\u00e4\u00e4\u00e4hhhh wo ist die Bohrmaschine diese Bilder m\u00fcssen aus dem Kopf <img src=\"https:\/\/www.deskmodder.de\/blog\/wp-content\/plugins\/classic-smilies\/img\/icon_smile.gif\" alt=\":)\" class=\"wp-smiley\" \/><\/p>\n"},"status":"1"},{"id":184069,"parent":0,"author":0,"author_name":"JoJoRabbit","author_email":"SolarWar@war.com","author_url":"","author_avatar_urls":{"24":"https:\/\/secure.gravatar.com\/avatar\/c5377b2cca0874252992988db00ac4730c2b9510cfd8054ab0fa322ba4ce497d?s=24&d=mm&r=g","48":"https:\/\/secure.gravatar.com\/avatar\/c5377b2cca0874252992988db00ac4730c2b9510cfd8054ab0fa322ba4ce497d?s=48&d=mm&r=g","96":"https:\/\/secure.gravatar.com\/avatar\/c5377b2cca0874252992988db00ac4730c2b9510cfd8054ab0fa322ba4ce497d?s=96&d=mm&r=g"},"date":"2021-07-04T13:54:36","cld_nonce":"1ebf7c6f1e","content":{"rendered":"<p>Batterien sind leer, und wir haben Sonntag, was mach ich jetzt, solar zellen klauen w\u00e4re auch eine \u00fcberlegung wert ^^<\/p>\n"},"status":"1"},{"id":184089,"parent":0,"author":4440,"author_name":"DK2000","author_email":"kleiner.dicker.tiger@gmail.com","author_url":"","author_avatar_urls":{"24":"https:\/\/secure.gravatar.com\/avatar\/f47c5818487788ab85c373f448667f574e8c0e789a076cd59313e685780305a2?s=24&d=mm&r=g","48":"https:\/\/secure.gravatar.com\/avatar\/f47c5818487788ab85c373f448667f574e8c0e789a076cd59313e685780305a2?s=48&d=mm&r=g","96":"https:\/\/secure.gravatar.com\/avatar\/f47c5818487788ab85c373f448667f574e8c0e789a076cd59313e685780305a2?s=96&d=mm&r=g"},"date":"2021-07-04T14:42:48","cld_nonce":"1ebf7c6f1e","content":{"rendered":"<p>OK, Termin gemerkt. Nicht dass die mich wieder erschrecken. Bei mir haben sie die olle Sirene auch wieder repariert und nat\u00fcrlich auch getestet und keiner hat mir bescheid gesagt. Beim Gefahrenalarm dachte ich erst das AKW Fessenheim ist geplatzt. War aber doch nur Probealarm. So kann man mich auch aufscheuchen. <img src=\"https:\/\/www.deskmodder.de\/blog\/wp-content\/plugins\/classic-smilies\/img\/icon_lol.gif\" alt=\":lol:\" class=\"wp-smiley\" \/><\/p>\n"},"status":"1"},{"id":184096,"parent":0,"author":0,"author_name":"JoJoRabbit","author_email":"SolarWar@war.com","author_url":"","author_avatar_urls":{"24":"https:\/\/secure.gravatar.com\/avatar\/c5377b2cca0874252992988db00ac4730c2b9510cfd8054ab0fa322ba4ce497d?s=24&d=mm&r=g","48":"https:\/\/secure.gravatar.com\/avatar\/c5377b2cca0874252992988db00ac4730c2b9510cfd8054ab0fa322ba4ce497d?s=48&d=mm&r=g","96":"https:\/\/secure.gravatar.com\/avatar\/c5377b2cca0874252992988db00ac4730c2b9510cfd8054ab0fa322ba4ce497d?s=96&d=mm&r=g"},"date":"2021-07-04T15:06:56","cld_nonce":"1ebf7c6f1e","content":{"rendered":"<p>Gleich kann ich die Feuerwehr rufen wenn das so weiter hagelt, so ein unwetter schon lange nicht mehr vor der haust\u00fcr gehabt.<\/p>\n"},"status":"1"},{"id":184102,"parent":0,"author":0,"author_name":"Mehmet B.","author_email":"M.b.@web.de","author_url":"","author_avatar_urls":{"24":"https:\/\/secure.gravatar.com\/avatar\/cfc3951f51ec3c4b7c20601aa485a7043a9bb24b354224ffb2892d5fcfe16103?s=24&d=mm&r=g","48":"https:\/\/secure.gravatar.com\/avatar\/cfc3951f51ec3c4b7c20601aa485a7043a9bb24b354224ffb2892d5fcfe16103?s=48&d=mm&r=g","96":"https:\/\/secure.gravatar.com\/avatar\/cfc3951f51ec3c4b7c20601aa485a7043a9bb24b354224ffb2892d5fcfe16103?s=96&d=mm&r=g"},"date":"2021-07-04T15:16:03","cld_nonce":"1ebf7c6f1e","content":{"rendered":"<p>Schonfrist f\u00fcr die Eloi, hungrige Morlocks (die Zeitmaschine H. G. Wells). <img src=\"https:\/\/www.deskmodder.de\/blog\/wp-content\/plugins\/classic-smilies\/img\/icon_wink.gif\" alt=\";)\" class=\"wp-smiley\" \/><\/p>\n"},"status":"1"},{"id":184162,"parent":184096,"author":0,"author_name":"Easy Ralf","author_email":"ez-ralf@gmail.com","author_url":"","author_avatar_urls":{"24":"https:\/\/secure.gravatar.com\/avatar\/3f27a15948864e2efcb6d1b8a724e3782e1b59d28980aa9b264f91fe6014a9d5?s=24&d=mm&r=g","48":"https:\/\/secure.gravatar.com\/avatar\/3f27a15948864e2efcb6d1b8a724e3782e1b59d28980aa9b264f91fe6014a9d5?s=48&d=mm&r=g","96":"https:\/\/secure.gravatar.com\/avatar\/3f27a15948864e2efcb6d1b8a724e3782e1b59d28980aa9b264f91fe6014a9d5?s=96&d=mm&r=g"},"date":"2021-07-04T17:24:06","cld_nonce":"1ebf7c6f1e","content":{"rendered":"<p>Ist das jetzt dein Twitter-Blog?<\/p>\n"},"status":"1"},{"id":184163,"parent":184069,"author":0,"author_name":"Easy Ralf","author_email":"ez-ralf@gmail.com","author_url":"","author_avatar_urls":{"24":"https:\/\/secure.gravatar.com\/avatar\/3f27a15948864e2efcb6d1b8a724e3782e1b59d28980aa9b264f91fe6014a9d5?s=24&d=mm&r=g","48":"https:\/\/secure.gravatar.com\/avatar\/3f27a15948864e2efcb6d1b8a724e3782e1b59d28980aa9b264f91fe6014a9d5?s=48&d=mm&r=g","96":"https:\/\/secure.gravatar.com\/avatar\/3f27a15948864e2efcb6d1b8a724e3782e1b59d28980aa9b264f91fe6014a9d5?s=96&d=mm&r=g"},"date":"2021-07-04T17:24:39","cld_nonce":"1ebf7c6f1e","content":{"rendered":"<p>Kann \u00fcber Diebstahl nicht lachen. Nichtmal als Witz.<\/p>\n"},"status":"1"},{"id":184167,"parent":0,"author":5400,"author_name":"AdiSimpson","author_email":"a.konarzewski@gmx.de","author_url":"","author_avatar_urls":{"24":"https:\/\/secure.gravatar.com\/avatar\/1a303bfeca875129867b1a27dc3e4fe1de30acf9d65093d404e0bdc5365a52f5?s=24&d=mm&r=g","48":"https:\/\/secure.gravatar.com\/avatar\/1a303bfeca875129867b1a27dc3e4fe1de30acf9d65093d404e0bdc5365a52f5?s=48&d=mm&r=g","96":"https:\/\/secure.gravatar.com\/avatar\/1a303bfeca875129867b1a27dc3e4fe1de30acf9d65093d404e0bdc5365a52f5?s=96&d=mm&r=g"},"date":"2021-07-04T18:00:36","cld_nonce":"1ebf7c6f1e","content":{"rendered":"<p>Wo ist der Bus ?<\/p>\n"},"status":"1"},{"id":184169,"parent":184167,"author":6266,"author_name":"Harry S","author_email":"pc_harry@gmx.de","author_url":"","author_avatar_urls":{"24":"https:\/\/secure.gravatar.com\/avatar\/31105d10c5aa63ddeef463c780744beb8c9c34ac522b7c1275703903f679a6ca?s=24&d=mm&r=g","48":"https:\/\/secure.gravatar.com\/avatar\/31105d10c5aa63ddeef463c780744beb8c9c34ac522b7c1275703903f679a6ca?s=48&d=mm&r=g","96":"https:\/\/secure.gravatar.com\/avatar\/31105d10c5aa63ddeef463c780744beb8c9c34ac522b7c1275703903f679a6ca?s=96&d=mm&r=g"},"date":"2021-07-04T18:21:52","cld_nonce":"1ebf7c6f1e","content":{"rendered":"<p>&#8230; noch in Tschernobyl &#8211; das dauert &#8217;ne Weile, wegen Variantengebiet &#8230; <img src=\"https:\/\/www.deskmodder.de\/blog\/wp-content\/plugins\/classic-smilies\/img\/icon_wink.gif\" alt=\";-)\" class=\"wp-smiley\" \/><\/p>\n"},"status":"1"},{"id":184172,"parent":0,"author":4418,"author_name":"Manny","author_email":"mbd29963@outlook.de","author_url":"","author_avatar_urls":{"24":"https:\/\/secure.gravatar.com\/avatar\/8cf181304435aaa7d897037277405d2dcaa7493a43571af77a9d3e82895b291d?s=24&d=mm&r=g","48":"https:\/\/secure.gravatar.com\/avatar\/8cf181304435aaa7d897037277405d2dcaa7493a43571af77a9d3e82895b291d?s=48&d=mm&r=g","96":"https:\/\/secure.gravatar.com\/avatar\/8cf181304435aaa7d897037277405d2dcaa7493a43571af77a9d3e82895b291d?s=96&d=mm&r=g"},"date":"2021-07-04T18:30:30","cld_nonce":"1ebf7c6f1e","content":{"rendered":"<p>&#8222;Bundesweiter Warntag findet 2021 nicht statt&#8220; <\/p>\n<p>DAS sollten die sich noch mal \u00fcberlegen<br \/>\n&#8211; und wenn es nur f\u00fcr die Wahlen am 26. sind (sonst geht da evtl. keiner hin ) <img src=\"https:\/\/www.deskmodder.de\/blog\/wp-content\/plugins\/classic-smilies\/img\/icon_lol.gif\" alt=\":lol:\" class=\"wp-smiley\" \/><\/p>\n"},"status":"1"},{"id":184206,"parent":0,"author":0,"author_name":"Karl Wester-Ebbinghaus @tweet_alqamar","author_email":"alqamar2012@gmail.com","author_url":"","author_avatar_urls":{"24":"https:\/\/secure.gravatar.com\/avatar\/f513284e1ef65e2fbfcabe6e5d3269df5ffbe97260769fc498cc73cd437cb4f4?s=24&d=mm&r=g","48":"https:\/\/secure.gravatar.com\/avatar\/f513284e1ef65e2fbfcabe6e5d3269df5ffbe97260769fc498cc73cd437cb4f4?s=48&d=mm&r=g","96":"https:\/\/secure.gravatar.com\/avatar\/f513284e1ef65e2fbfcabe6e5d3269df5ffbe97260769fc498cc73cd437cb4f4?s=96&d=mm&r=g"},"date":"2021-07-04T22:11:12","cld_nonce":"1ebf7c6f1e","content":{"rendered":"<p>Warnung \u26a0 Hat schon letztes mal nicht funktioniert.  <\/p>\n<p><i>gepostet mit der <a href=\"https:\/\/play.google.com\/store\/apps\/details?id=com.deskmodder\" rel=\"nofollow ugc\">Deskmodder.de-App f\u00fcr Android<\/a><\/i><\/p>\n"},"status":"1"},{"id":184219,"parent":0,"author":3778,"author_name":"Grisu_1968","author_email":"ralferhardt@t-online.de","author_url":"","author_avatar_urls":{"24":"https:\/\/secure.gravatar.com\/avatar\/43359e66560020595daca0731f686b70ff9e2aabfbea2448b58316e993d2e4d2?s=24&d=mm&r=g","48":"https:\/\/secure.gravatar.com\/avatar\/43359e66560020595daca0731f686b70ff9e2aabfbea2448b58316e993d2e4d2?s=48&d=mm&r=g","96":"https:\/\/secure.gravatar.com\/avatar\/43359e66560020595daca0731f686b70ff9e2aabfbea2448b58316e993d2e4d2?s=96&d=mm&r=g"},"date":"2021-07-05T05:41:47","cld_nonce":"1ebf7c6f1e","content":{"rendered":"<p>Wir von der FFW \ud83d\ude92\ud83d\ude92\ud83d\ude92 ben\u00f6tigen keine Sirenen mehr. Wir haben Digitale Meldeempf\u00e4nger und eine App auf dem Smartphone zur Alarmierung.<\/p>\n"},"status":"1"},{"id":184225,"parent":184089,"author":2463,"author_name":"MikeNeoMike","author_email":"mike.ina@online.de","author_url":"","author_avatar_urls":{"24":"https:\/\/secure.gravatar.com\/avatar\/819a1c1f586e4a8c728367c0beac23b04a0158a90529518f5dbead2401833fdf?s=24&d=mm&r=g","48":"https:\/\/secure.gravatar.com\/avatar\/819a1c1f586e4a8c728367c0beac23b04a0158a90529518f5dbead2401833fdf?s=48&d=mm&r=g","96":"https:\/\/secure.gravatar.com\/avatar\/819a1c1f586e4a8c728367c0beac23b04a0158a90529518f5dbead2401833fdf?s=96&d=mm&r=g"},"date":"2021-07-05T09:24:10","cld_nonce":"1ebf7c6f1e","content":{"rendered":"<p>Was soll ich denn sagen, bei uns haben die so ein Teil 50m Luftlinie auf ein Wasserturm ged\u00fcbelt, die Sirene geht  jeden Samstag 11:30 Uhr steil und pl\u00e4rrt los als gebs kein Morgen. Mittlerweile hat man sich zwar etwas daran gew\u00f6hnt, aber als die das Teil das erste mal gez\u00fcndet hat wusste ich nicht was los ist und bin wie Kopflos in der Bude rum gelaufen (mein Gott ist das Teil laut).<\/p>\n"},"status":"1"},{"id":184307,"parent":184219,"author":3733,"author_name":"NutztDeskmodder","author_email":"deskmodder@werner-ruf.de","author_url":"","author_avatar_urls":{"24":"https:\/\/secure.gravatar.com\/avatar\/84d2b29070f92add5556d5c728bde3b10a1209be46ed1f24080c55b82cd703a0?s=24&d=mm&r=g","48":"https:\/\/secure.gravatar.com\/avatar\/84d2b29070f92add5556d5c728bde3b10a1209be46ed1f24080c55b82cd703a0?s=48&d=mm&r=g","96":"https:\/\/secure.gravatar.com\/avatar\/84d2b29070f92add5556d5c728bde3b10a1209be46ed1f24080c55b82cd703a0?s=96&d=mm&r=g"},"date":"2021-07-05T20:05:21","cld_nonce":"1ebf7c6f1e","content":{"rendered":"<p>Bestens, dann seid ihr ja ger\u00fcstet.<\/p>\n<p>Zumindest so lange bis das Stromnetz ausf\u00e4llt, du dein Smartphone, samt digitalem Meldeempf\u00e4nger nicht mehr aufladen kannst und das Mobilnetz flach liegt weil, die Politkasperl, die sich in gr\u00f6\u00dferer Ansammlung Gesetzgeber nennen, vergessen haben den Providern vorzuschreiben, dass jeder einzelne Mast (nicht nur manche) mit einer Notstromversorgung von einer Woche auszustatten sind. Mal ganz davon abgesehen, dass er auch vers\u00e4umt hat, eine Fl\u00e4chenabdeckung von mindestens 99 % IM Haus! (vor allem nicht in der Bev\u00f6lkerung) und in Gebirgsschluchten, inklusive Inseln und deutsche Seegebiete *), plus gegenseitiges Roaming, damit man von allen Seiten eines Hauses frei Sicht auf einen Mast hat, vorzuschreiben.<\/p>\n<p>Sirenen mit USV und guter alter Kupfer-Zweidraht-Leitung zur Zentrale, haben den gro\u00dfen Vorteil, dass sie keinen Voraussetzungen auf der Gegenseite bed\u00fcrfen, den L\u00e4rm h\u00f6rt man immer, sind also zur Grundversorgung und als Backup unerl\u00e4sslich. Man kann nicht davon ausgehen, dass der normale B\u00fcrger st\u00e4ndig am Radio h\u00e4ngt oder \u00fcber sein Smartphone gewarnt werden kann. Man kann in aber mit Sirenen vor bestimmten Gefahren warnen und dazu auffordern, das nicht vorhandene, batteriebetriebene Radio einzuschalten und sich schlau zu machen. <\/p>\n<p>Dazu muss das Ger\u00e4t aber regelm\u00e4\u00dfig getestet werden und die B\u00fcrger auf die Bedeutung der Signale hingewiesen werden, nicht einmal im Jahr, mindestens einmal im Monat.<\/p>\n<p>Letztendlich hei\u00dft der Ausfall im September 2021 nichts anderes, als wir sind unf\u00e4hig innerhalb eines Jahres die notwendige Infrastruktur, die wir zuvor Jahrzehntelang, vors\u00e4tzlich, r\u00fccksichts- und verantwortungslos verfallen lassen haben, auf Vordermann zu bringen. Damit das im Wahljahr niemand merkt, verschieben wird den n\u00e4chsten Test um ein Jahr. Zwei Wochen vor der Bundestagswahl so eine Pleite, wie letztes Jahr schaut ja auch irgendwie bl\u00f6d aus.<\/p>\n<p>&#8212;<br \/>\n*) das geht \u00fcber die Hoheitsgew\u00e4sser hinaus, meint, da man sich schwertut die komplette Wirtschaftszone auf See abzudecken, wird man wohl an Land eine Menge F\u00fcllsender in der Fl\u00e4che verteilen m\u00fcssen, um das zu erreichen.<\/p>\n<p>UPS, beinahe vergessen, selbstverst\u00e4ndlich mit der Vorgabe, dass das Ding nicht mehr kosten darf, wie in den billigsten Europ\u00e4ischen L\u00e4ndern. Da gibt es n\u00e4mlich eine gewaltige Diskrepanz, auch in anderen L\u00e4ndern mussten die Frequenzen ersteigert werden, trotzdem sind die viel billiger.<\/p>\n"},"status":"1"},{"id":184308,"parent":0,"author":3888,"author_name":"Holunder1957","author_email":"ahrensdetlef@hotmail.de","author_url":"","author_avatar_urls":{"24":"https:\/\/secure.gravatar.com\/avatar\/775c35869d509bf7b59e377f93ef7c9d230f7fc6471d4cf864dc077823a02246?s=24&d=mm&r=g","48":"https:\/\/secure.gravatar.com\/avatar\/775c35869d509bf7b59e377f93ef7c9d230f7fc6471d4cf864dc077823a02246?s=48&d=mm&r=g","96":"https:\/\/secure.gravatar.com\/avatar\/775c35869d509bf7b59e377f93ef7c9d230f7fc6471d4cf864dc077823a02246?s=96&d=mm&r=g"},"date":"2021-07-05T20:59:38","cld_nonce":"1ebf7c6f1e","content":{"rendered":"<p>Gesetzlich vorgeschriebene Warnungen haben nie funktioniert und werden auch nie funktionieren. Das Einzige, was hier in Deutschland funktioniert, sind die Blitzer Warner und das ganz ohne Gesetzlicher Vorschrift. Was n\u00fctzt einen noch die Warnung: &#8222;Gehen sie, wenn sie k\u00f6nnen in einen Schutzraum, \u00fcber Ihren Ort ist vor einigen Minuten eine A Bombe explodiert&#8220;. Die Sirenen gehen nach wie vor jeden Samstag 11:00 Uhr, die Kirchenglocke sogar t\u00e4glich um 12:00 und 18:00 Uhr.<\/p>\n"},"status":"1"},{"id":184311,"parent":184308,"author":0,"author_name":"Karla","author_email":"karla.cool@web.de","author_url":"","author_avatar_urls":{"24":"https:\/\/secure.gravatar.com\/avatar\/5ae320f060a091fb5177c11547f8677dab4873566da93d9fad663fde5068d357?s=24&d=mm&r=g","48":"https:\/\/secure.gravatar.com\/avatar\/5ae320f060a091fb5177c11547f8677dab4873566da93d9fad663fde5068d357?s=48&d=mm&r=g","96":"https:\/\/secure.gravatar.com\/avatar\/5ae320f060a091fb5177c11547f8677dab4873566da93d9fad663fde5068d357?s=96&d=mm&r=g"},"date":"2021-07-05T22:34:46","cld_nonce":"1ebf7c6f1e","content":{"rendered":"<p>Jeden Samstag? Nicht einmal monatlich?<\/p>\n"},"status":"1"},{"id":184312,"parent":184225,"author":0,"author_name":"Karla","author_email":"karla.cool@web.de","author_url":"","author_avatar_urls":{"24":"https:\/\/secure.gravatar.com\/avatar\/5ae320f060a091fb5177c11547f8677dab4873566da93d9fad663fde5068d357?s=24&d=mm&r=g","48":"https:\/\/secure.gravatar.com\/avatar\/5ae320f060a091fb5177c11547f8677dab4873566da93d9fad663fde5068d357?s=48&d=mm&r=g","96":"https:\/\/secure.gravatar.com\/avatar\/5ae320f060a091fb5177c11547f8677dab4873566da93d9fad663fde5068d357?s=96&d=mm&r=g"},"date":"2021-07-05T22:35:37","cld_nonce":"1ebf7c6f1e","content":{"rendered":"<p>Jeden Samstag? Nicht monatlich? Nervig.<\/p>\n"},"status":"1"},{"id":184316,"parent":184225,"author":0,"author_name":"takeoYasha","author_email":"takeoyasha@googlemail.com","author_url":"","author_avatar_urls":{"24":"https:\/\/secure.gravatar.com\/avatar\/c3184b13ffde166bfb58071f86d6e8f0db6d1e6f29bf13906c2bf5e5eef03e7c?s=24&d=mm&r=g","48":"https:\/\/secure.gravatar.com\/avatar\/c3184b13ffde166bfb58071f86d6e8f0db6d1e6f29bf13906c2bf5e5eef03e7c?s=48&d=mm&r=g","96":"https:\/\/secure.gravatar.com\/avatar\/c3184b13ffde166bfb58071f86d6e8f0db6d1e6f29bf13906c2bf5e5eef03e7c?s=96&d=mm&r=g"},"date":"2021-07-06T05:40:23","cld_nonce":"1ebf7c6f1e","content":{"rendered":"<p>jeden Samstag? Du lieber Himmel, und ich rege mich \u00fcber die Kirchenglocken Sonntags auf \ud83d\ude05<br \/>\nNimmt ihr die Sirene dann \u00fcberhaupt noch ernst, falls sie mal an einem anderen Tag los geht? \ud83e\udd23 <\/p>\n<p><i>gepostet mit der <a href=\"https:\/\/play.google.com\/store\/apps\/details?id=com.deskmodder\" rel=\"nofollow ugc\">Deskmodder.de-App f\u00fcr Android<\/a><\/i><\/p>\n"},"status":"1"},{"id":184317,"parent":184307,"author":0,"author_name":"takeoYasha","author_email":"takeoyasha@googlemail.com","author_url":"","author_avatar_urls":{"24":"https:\/\/secure.gravatar.com\/avatar\/c3184b13ffde166bfb58071f86d6e8f0db6d1e6f29bf13906c2bf5e5eef03e7c?s=24&d=mm&r=g","48":"https:\/\/secure.gravatar.com\/avatar\/c3184b13ffde166bfb58071f86d6e8f0db6d1e6f29bf13906c2bf5e5eef03e7c?s=48&d=mm&r=g","96":"https:\/\/secure.gravatar.com\/avatar\/c3184b13ffde166bfb58071f86d6e8f0db6d1e6f29bf13906c2bf5e5eef03e7c?s=96&d=mm&r=g"},"date":"2021-07-06T05:46:09","cld_nonce":"1ebf7c6f1e","content":{"rendered":"<p>pff, radio &#8230; Seit 10 Jahren h\u00f6r ich keines mehr.<br \/>\nEine Push notification und sms des Providers und eine funktionierende Katastrophen App w\u00e4r mir lieber.<br \/>\nZum Gl\u00fcck gibt&#8217;s dann noch die ganzen Amateurfunker, jede Stadt hat ein 2m\/70cm Relais, wo man reinlauschen darf.<br \/>\nIch hab ein solches billiges Funkger\u00e4t.<\/p>\n<p><i>gepostet mit der <a href=\"https:\/\/play.google.com\/store\/apps\/details?id=com.deskmodder\" rel=\"nofollow ugc\">Deskmodder.de-App f\u00fcr Android<\/a><\/i><\/p>\n"},"status":"1"},{"id":184328,"parent":184316,"author":2463,"author_name":"MikeNeoMike","author_email":"mike.ina@online.de","author_url":"","author_avatar_urls":{"24":"https:\/\/secure.gravatar.com\/avatar\/819a1c1f586e4a8c728367c0beac23b04a0158a90529518f5dbead2401833fdf?s=24&d=mm&r=g","48":"https:\/\/secure.gravatar.com\/avatar\/819a1c1f586e4a8c728367c0beac23b04a0158a90529518f5dbead2401833fdf?s=48&d=mm&r=g","96":"https:\/\/secure.gravatar.com\/avatar\/819a1c1f586e4a8c728367c0beac23b04a0158a90529518f5dbead2401833fdf?s=96&d=mm&r=g"},"date":"2021-07-06T09:46:48","cld_nonce":"1ebf7c6f1e","content":{"rendered":"<p>Ja, jeden Samstag p\u00fcnktlich 11:30 Uhr (l\u00e4sst sich die Uhr nach stellen) und daran gew\u00f6hnen tut man sich nicht jetzt nicht wirklich, weil sie eben auch so laut ist. Und au\u00dfer zu Test zwecken jeden Samstag ging die auch noch nie los.<\/p>\n"},"status":"1"}],"wp_author":{"id":1525,"name":"W8U","description":"Technikliebhaber aus Niedersachsen und seit 2013 bei den Deskmoddern. Interessiert sich f\u00fcr (fast) alles, durch das Strom flie\u00dft: Computer, Smartphones, Tablets, Autos und so weiter.","author_avatar_urls":{"24":"https:\/\/secure.gravatar.com\/avatar\/a1e9db99fdd71a9ae2c516203e3fcd390817fa98f868eb9ba6d4a77d1a815cd4?s=24&d=mm&r=g","48":"https:\/\/secure.gravatar.com\/avatar\/a1e9db99fdd71a9ae2c516203e3fcd390817fa98f868eb9ba6d4a77d1a815cd4?s=48&d=mm&r=g","96":"https:\/\/secure.gravatar.com\/avatar\/a1e9db99fdd71a9ae2c516203e3fcd390817fa98f868eb9ba6d4a77d1a815cd4?s=96&d=mm&r=g"}},"cld_nonce":"1ebf7c6f1e","yoast_head":"<!-- This site is optimized with the Yoast SEO Premium plugin v27.5 (Yoast SEO v27.5) - https:\/\/yoast.com\/product\/yoast-seo-premium-wordpress\/ -->\n<title>Bundesweiter Warntag findet 2021 nicht statt - Deskmodder.de<\/title>\n<meta name=\"robots\" content=\"index, follow, max-snippet:-1, max-image-preview:large, max-video-preview:-1\" \/>\n<link rel=\"canonical\" href=\"https:\/\/www.deskmodder.de\/blog\/2021\/07\/04\/bundesweiter-warntag-findet-2021-nicht-statt\/\" \/>\n<meta property=\"og:locale\" content=\"de_DE\" \/>\n<meta property=\"og:type\" content=\"article\" \/>\n<meta property=\"og:title\" content=\"Bundesweiter Warntag findet 2021 nicht statt\" \/>\n<meta property=\"og:description\" content=\"Vielleicht erinnert ihr euch noch: Letztes Jahr fand in Deutschland erstmals seit langer Zeit wieder ein bundesweiter Warntag statt, bei dem Sirenen, Warn-Apps und andere Informationskan\u00e4le f\u00fcr den Notfall zeitgleich getestet werden sollten. Das hatte damals allerdings alles andere als&hellip;\" \/>\n<meta property=\"og:url\" content=\"https:\/\/www.deskmodder.de\/blog\/2021\/07\/04\/bundesweiter-warntag-findet-2021-nicht-statt\/\" \/>\n<meta property=\"og:site_name\" content=\"Deskmodder.de\" \/>\n<meta property=\"article:publisher\" content=\"https:\/\/www.facebook.com\/Deskmodder\" \/>\n<meta property=\"article:published_time\" content=\"2021-07-04T09:32:01+00:00\" \/>\n<meta property=\"article:modified_time\" content=\"2021-07-04T09:33:47+00:00\" \/>\n<meta property=\"og:image\" content=\"https:\/\/www.deskmodder.de\/blog\/wp-content\/uploads\/2020\/09\/keyvisual-orange-mit-datum.png\" \/>\n\t<meta property=\"og:image:width\" content=\"1240\" \/>\n\t<meta property=\"og:image:height\" content=\"620\" \/>\n\t<meta property=\"og:image:type\" content=\"image\/png\" \/>\n<meta name=\"author\" content=\"W8U\" \/>\n<meta name=\"twitter:card\" content=\"summary_large_image\" \/>\n<meta name=\"twitter:creator\" content=\"@Deskmodder\" \/>\n<meta name=\"twitter:site\" content=\"@Deskmodder\" \/>\n<script type=\"application\/ld+json\" class=\"yoast-schema-graph\">{\"@context\":\"https:\\\/\\\/schema.org\",\"@graph\":[{\"@type\":\"Article\",\"@id\":\"https:\\\/\\\/www.deskmodder.de\\\/blog\\\/2021\\\/07\\\/04\\\/bundesweiter-warntag-findet-2021-nicht-statt\\\/#article\",\"isPartOf\":{\"@id\":\"https:\\\/\\\/www.deskmodder.de\\\/blog\\\/2021\\\/07\\\/04\\\/bundesweiter-warntag-findet-2021-nicht-statt\\\/\"},\"author\":{\"name\":\"W8U\",\"@id\":\"https:\\\/\\\/www.deskmodder.de\\\/blog\\\/#\\\/schema\\\/person\\\/f3c70b4f4860c9fcc4c04057ed04f469\"},\"headline\":\"Bundesweiter Warntag findet 2021 nicht statt\",\"datePublished\":\"2021-07-04T09:32:01+00:00\",\"dateModified\":\"2021-07-04T09:33:47+00:00\",\"mainEntityOfPage\":{\"@id\":\"https:\\\/\\\/www.deskmodder.de\\\/blog\\\/2021\\\/07\\\/04\\\/bundesweiter-warntag-findet-2021-nicht-statt\\\/\"},\"wordCount\":102,\"commentCount\":21,\"publisher\":{\"@id\":\"https:\\\/\\\/www.deskmodder.de\\\/blog\\\/#organization\"},\"image\":{\"@id\":\"https:\\\/\\\/www.deskmodder.de\\\/blog\\\/2021\\\/07\\\/04\\\/bundesweiter-warntag-findet-2021-nicht-statt\\\/#primaryimage\"},\"thumbnailUrl\":\"https:\\\/\\\/www.deskmodder.de\\\/blog\\\/wp-content\\\/uploads\\\/2020\\\/09\\\/keyvisual-orange-mit-datum.png\",\"keywords\":[\"bundesweiter Warntag\",\"Innenministerium\",\"meldung\",\"NINA\",\"Warn-App\",\"Warntag 2021\",\"Warntag 2022\"],\"inLanguage\":\"de\",\"potentialAction\":[{\"@type\":\"CommentAction\",\"name\":\"Comment\",\"target\":[\"https:\\\/\\\/www.deskmodder.de\\\/blog\\\/2021\\\/07\\\/04\\\/bundesweiter-warntag-findet-2021-nicht-statt\\\/#respond\"]}],\"copyrightYear\":\"2021\",\"copyrightHolder\":{\"@id\":\"https:\\\/\\\/www.deskmodder.de\\\/blog\\\/#organization\"}},{\"@type\":\"WebPage\",\"@id\":\"https:\\\/\\\/www.deskmodder.de\\\/blog\\\/2021\\\/07\\\/04\\\/bundesweiter-warntag-findet-2021-nicht-statt\\\/\",\"url\":\"https:\\\/\\\/www.deskmodder.de\\\/blog\\\/2021\\\/07\\\/04\\\/bundesweiter-warntag-findet-2021-nicht-statt\\\/\",\"name\":\"Bundesweiter Warntag findet 2021 nicht statt - Deskmodder.de\",\"isPartOf\":{\"@id\":\"https:\\\/\\\/www.deskmodder.de\\\/blog\\\/#website\"},\"primaryImageOfPage\":{\"@id\":\"https:\\\/\\\/www.deskmodder.de\\\/blog\\\/2021\\\/07\\\/04\\\/bundesweiter-warntag-findet-2021-nicht-statt\\\/#primaryimage\"},\"image\":{\"@id\":\"https:\\\/\\\/www.deskmodder.de\\\/blog\\\/2021\\\/07\\\/04\\\/bundesweiter-warntag-findet-2021-nicht-statt\\\/#primaryimage\"},\"thumbnailUrl\":\"https:\\\/\\\/www.deskmodder.de\\\/blog\\\/wp-content\\\/uploads\\\/2020\\\/09\\\/keyvisual-orange-mit-datum.png\",\"datePublished\":\"2021-07-04T09:32:01+00:00\",\"dateModified\":\"2021-07-04T09:33:47+00:00\",\"breadcrumb\":{\"@id\":\"https:\\\/\\\/www.deskmodder.de\\\/blog\\\/2021\\\/07\\\/04\\\/bundesweiter-warntag-findet-2021-nicht-statt\\\/#breadcrumb\"},\"inLanguage\":\"de\",\"potentialAction\":[{\"@type\":\"ReadAction\",\"target\":[\"https:\\\/\\\/www.deskmodder.de\\\/blog\\\/2021\\\/07\\\/04\\\/bundesweiter-warntag-findet-2021-nicht-statt\\\/\"]}]},{\"@type\":\"ImageObject\",\"inLanguage\":\"de\",\"@id\":\"https:\\\/\\\/www.deskmodder.de\\\/blog\\\/2021\\\/07\\\/04\\\/bundesweiter-warntag-findet-2021-nicht-statt\\\/#primaryimage\",\"url\":\"https:\\\/\\\/www.deskmodder.de\\\/blog\\\/wp-content\\\/uploads\\\/2020\\\/09\\\/keyvisual-orange-mit-datum.png\",\"contentUrl\":\"https:\\\/\\\/www.deskmodder.de\\\/blog\\\/wp-content\\\/uploads\\\/2020\\\/09\\\/keyvisual-orange-mit-datum.png\",\"width\":1240,\"height\":620},{\"@type\":\"BreadcrumbList\",\"@id\":\"https:\\\/\\\/www.deskmodder.de\\\/blog\\\/2021\\\/07\\\/04\\\/bundesweiter-warntag-findet-2021-nicht-statt\\\/#breadcrumb\",\"itemListElement\":[{\"@type\":\"ListItem\",\"position\":1,\"name\":\"Startseite\",\"item\":\"https:\\\/\\\/www.deskmodder.de\\\/blog\\\/\"},{\"@type\":\"ListItem\",\"position\":2,\"name\":\"Bundesweiter Warntag findet 2021 nicht statt\"}]},{\"@type\":\"WebSite\",\"@id\":\"https:\\\/\\\/www.deskmodder.de\\\/blog\\\/#website\",\"url\":\"https:\\\/\\\/www.deskmodder.de\\\/blog\\\/\",\"name\":\"Deskmodder.de\",\"description\":\"News zum Thema Microsoft, Windows 11 \\\/ 10, sowie anderen Neuigkeiten aus dem Netz, viele Tipps und individuelle Hilfe bei Problemen in unserem Forum \u25cf Deskmodder - seit 2003\",\"publisher\":{\"@id\":\"https:\\\/\\\/www.deskmodder.de\\\/blog\\\/#organization\"},\"potentialAction\":[{\"@type\":\"SearchAction\",\"target\":{\"@type\":\"EntryPoint\",\"urlTemplate\":\"https:\\\/\\\/www.deskmodder.de\\\/blog\\\/?s={search_term_string}\"},\"query-input\":{\"@type\":\"PropertyValueSpecification\",\"valueRequired\":true,\"valueName\":\"search_term_string\"}}],\"inLanguage\":\"de\"},{\"@type\":\"Organization\",\"@id\":\"https:\\\/\\\/www.deskmodder.de\\\/blog\\\/#organization\",\"name\":\"Deskmodder\",\"url\":\"https:\\\/\\\/www.deskmodder.de\\\/blog\\\/\",\"logo\":{\"@type\":\"ImageObject\",\"inLanguage\":\"de\",\"@id\":\"https:\\\/\\\/www.deskmodder.de\\\/blog\\\/#\\\/schema\\\/logo\\\/image\\\/\",\"url\":\"https:\\\/\\\/www.deskmodder.de\\\/blog\\\/wp-content\\\/uploads\\\/2019\\\/01\\\/deskmodder-logo-app.png\",\"contentUrl\":\"https:\\\/\\\/www.deskmodder.de\\\/blog\\\/wp-content\\\/uploads\\\/2019\\\/01\\\/deskmodder-logo-app.png\",\"width\":281,\"height\":286,\"caption\":\"Deskmodder\"},\"image\":{\"@id\":\"https:\\\/\\\/www.deskmodder.de\\\/blog\\\/#\\\/schema\\\/logo\\\/image\\\/\"},\"sameAs\":[\"https:\\\/\\\/www.facebook.com\\\/Deskmodder\",\"https:\\\/\\\/x.com\\\/Deskmodder\",\"https:\\\/\\\/mastodontech.de\\\/@Deskmodder\",\"https:\\\/\\\/www.youtube.com\\\/user\\\/deskmodder\",\"https:\\\/\\\/mewe.com\\\/group\\\/5c83b5231add826fc80cdae1\"]},{\"@type\":\"Person\",\"@id\":\"https:\\\/\\\/www.deskmodder.de\\\/blog\\\/#\\\/schema\\\/person\\\/f3c70b4f4860c9fcc4c04057ed04f469\",\"name\":\"W8U\",\"image\":{\"@type\":\"ImageObject\",\"inLanguage\":\"de\",\"@id\":\"https:\\\/\\\/secure.gravatar.com\\\/avatar\\\/a1e9db99fdd71a9ae2c516203e3fcd390817fa98f868eb9ba6d4a77d1a815cd4?s=96&d=mm&r=g\",\"url\":\"https:\\\/\\\/secure.gravatar.com\\\/avatar\\\/a1e9db99fdd71a9ae2c516203e3fcd390817fa98f868eb9ba6d4a77d1a815cd4?s=96&d=mm&r=g\",\"contentUrl\":\"https:\\\/\\\/secure.gravatar.com\\\/avatar\\\/a1e9db99fdd71a9ae2c516203e3fcd390817fa98f868eb9ba6d4a77d1a815cd4?s=96&d=mm&r=g\",\"caption\":\"W8U\"},\"description\":\"Technikliebhaber aus Niedersachsen und seit 2013 bei den Deskmoddern. Interessiert sich f\u00fcr (fast) alles, durch das Strom flie\u00dft: Computer, Smartphones, Tablets, Autos und so weiter.\",\"url\":\"https:\\\/\\\/www.deskmodder.de\\\/blog\\\/author\\\/w8u\\\/\"}]}<\/script>\n<!-- \/ Yoast SEO Premium plugin. -->","yoast_head_json":{"title":"Bundesweiter Warntag findet 2021 nicht statt - Deskmodder.de","robots":{"index":"index","follow":"follow","max-snippet":"max-snippet:-1","max-image-preview":"max-image-preview:large","max-video-preview":"max-video-preview:-1"},"canonical":"https:\/\/www.deskmodder.de\/blog\/2021\/07\/04\/bundesweiter-warntag-findet-2021-nicht-statt\/","og_locale":"de_DE","og_type":"article","og_title":"Bundesweiter Warntag findet 2021 nicht statt","og_description":"Vielleicht erinnert ihr euch noch: Letztes Jahr fand in Deutschland erstmals seit langer Zeit wieder ein bundesweiter Warntag statt, bei dem Sirenen, Warn-Apps und andere Informationskan\u00e4le f\u00fcr den Notfall zeitgleich getestet werden sollten. Das hatte damals allerdings alles andere als&hellip;","og_url":"https:\/\/www.deskmodder.de\/blog\/2021\/07\/04\/bundesweiter-warntag-findet-2021-nicht-statt\/","og_site_name":"Deskmodder.de","article_publisher":"https:\/\/www.facebook.com\/Deskmodder","article_published_time":"2021-07-04T09:32:01+00:00","article_modified_time":"2021-07-04T09:33:47+00:00","og_image":[{"width":1240,"height":620,"url":"https:\/\/www.deskmodder.de\/blog\/wp-content\/uploads\/2020\/09\/keyvisual-orange-mit-datum.png","type":"image\/png"}],"author":"W8U","twitter_card":"summary_large_image","twitter_creator":"@Deskmodder","twitter_site":"@Deskmodder","schema":{"@context":"https:\/\/schema.org","@graph":[{"@type":"Article","@id":"https:\/\/www.deskmodder.de\/blog\/2021\/07\/04\/bundesweiter-warntag-findet-2021-nicht-statt\/#article","isPartOf":{"@id":"https:\/\/www.deskmodder.de\/blog\/2021\/07\/04\/bundesweiter-warntag-findet-2021-nicht-statt\/"},"author":{"name":"W8U","@id":"https:\/\/www.deskmodder.de\/blog\/#\/schema\/person\/f3c70b4f4860c9fcc4c04057ed04f469"},"headline":"Bundesweiter Warntag findet 2021 nicht statt","datePublished":"2021-07-04T09:32:01+00:00","dateModified":"2021-07-04T09:33:47+00:00","mainEntityOfPage":{"@id":"https:\/\/www.deskmodder.de\/blog\/2021\/07\/04\/bundesweiter-warntag-findet-2021-nicht-statt\/"},"wordCount":102,"commentCount":21,"publisher":{"@id":"https:\/\/www.deskmodder.de\/blog\/#organization"},"image":{"@id":"https:\/\/www.deskmodder.de\/blog\/2021\/07\/04\/bundesweiter-warntag-findet-2021-nicht-statt\/#primaryimage"},"thumbnailUrl":"https:\/\/www.deskmodder.de\/blog\/wp-content\/uploads\/2020\/09\/keyvisual-orange-mit-datum.png","keywords":["bundesweiter Warntag","Innenministerium","meldung","NINA","Warn-App","Warntag 2021","Warntag 2022"],"inLanguage":"de","potentialAction":[{"@type":"CommentAction","name":"Comment","target":["https:\/\/www.deskmodder.de\/blog\/2021\/07\/04\/bundesweiter-warntag-findet-2021-nicht-statt\/#respond"]}],"copyrightYear":"2021","copyrightHolder":{"@id":"https:\/\/www.deskmodder.de\/blog\/#organization"}},{"@type":"WebPage","@id":"https:\/\/www.deskmodder.de\/blog\/2021\/07\/04\/bundesweiter-warntag-findet-2021-nicht-statt\/","url":"https:\/\/www.deskmodder.de\/blog\/2021\/07\/04\/bundesweiter-warntag-findet-2021-nicht-statt\/","name":"Bundesweiter Warntag findet 2021 nicht statt - Deskmodder.de","isPartOf":{"@id":"https:\/\/www.deskmodder.de\/blog\/#website"},"primaryImageOfPage":{"@id":"https:\/\/www.deskmodder.de\/blog\/2021\/07\/04\/bundesweiter-warntag-findet-2021-nicht-statt\/#primaryimage"},"image":{"@id":"https:\/\/www.deskmodder.de\/blog\/2021\/07\/04\/bundesweiter-warntag-findet-2021-nicht-statt\/#primaryimage"},"thumbnailUrl":"https:\/\/www.deskmodder.de\/blog\/wp-content\/uploads\/2020\/09\/keyvisual-orange-mit-datum.png","datePublished":"2021-07-04T09:32:01+00:00","dateModified":"2021-07-04T09:33:47+00:00","breadcrumb":{"@id":"https:\/\/www.deskmodder.de\/blog\/2021\/07\/04\/bundesweiter-warntag-findet-2021-nicht-statt\/#breadcrumb"},"inLanguage":"de","potentialAction":[{"@type":"ReadAction","target":["https:\/\/www.deskmodder.de\/blog\/2021\/07\/04\/bundesweiter-warntag-findet-2021-nicht-statt\/"]}]},{"@type":"ImageObject","inLanguage":"de","@id":"https:\/\/www.deskmodder.de\/blog\/2021\/07\/04\/bundesweiter-warntag-findet-2021-nicht-statt\/#primaryimage","url":"https:\/\/www.deskmodder.de\/blog\/wp-content\/uploads\/2020\/09\/keyvisual-orange-mit-datum.png","contentUrl":"https:\/\/www.deskmodder.de\/blog\/wp-content\/uploads\/2020\/09\/keyvisual-orange-mit-datum.png","width":1240,"height":620},{"@type":"BreadcrumbList","@id":"https:\/\/www.deskmodder.de\/blog\/2021\/07\/04\/bundesweiter-warntag-findet-2021-nicht-statt\/#breadcrumb","itemListElement":[{"@type":"ListItem","position":1,"name":"Startseite","item":"https:\/\/www.deskmodder.de\/blog\/"},{"@type":"ListItem","position":2,"name":"Bundesweiter Warntag findet 2021 nicht statt"}]},{"@type":"WebSite","@id":"https:\/\/www.deskmodder.de\/blog\/#website","url":"https:\/\/www.deskmodder.de\/blog\/","name":"Deskmodder.de","description":"News zum Thema Microsoft, Windows 11 \/ 10, sowie anderen Neuigkeiten aus dem Netz, viele Tipps und individuelle Hilfe bei Problemen in unserem Forum \u25cf Deskmodder - seit 2003","publisher":{"@id":"https:\/\/www.deskmodder.de\/blog\/#organization"},"potentialAction":[{"@type":"SearchAction","target":{"@type":"EntryPoint","urlTemplate":"https:\/\/www.deskmodder.de\/blog\/?s={search_term_string}"},"query-input":{"@type":"PropertyValueSpecification","valueRequired":true,"valueName":"search_term_string"}}],"inLanguage":"de"},{"@type":"Organization","@id":"https:\/\/www.deskmodder.de\/blog\/#organization","name":"Deskmodder","url":"https:\/\/www.deskmodder.de\/blog\/","logo":{"@type":"ImageObject","inLanguage":"de","@id":"https:\/\/www.deskmodder.de\/blog\/#\/schema\/logo\/image\/","url":"https:\/\/www.deskmodder.de\/blog\/wp-content\/uploads\/2019\/01\/deskmodder-logo-app.png","contentUrl":"https:\/\/www.deskmodder.de\/blog\/wp-content\/uploads\/2019\/01\/deskmodder-logo-app.png","width":281,"height":286,"caption":"Deskmodder"},"image":{"@id":"https:\/\/www.deskmodder.de\/blog\/#\/schema\/logo\/image\/"},"sameAs":["https:\/\/www.facebook.com\/Deskmodder","https:\/\/x.com\/Deskmodder","https:\/\/mastodontech.de\/@Deskmodder","https:\/\/www.youtube.com\/user\/deskmodder","https:\/\/mewe.com\/group\/5c83b5231add826fc80cdae1"]},{"@type":"Person","@id":"https:\/\/www.deskmodder.de\/blog\/#\/schema\/person\/f3c70b4f4860c9fcc4c04057ed04f469","name":"W8U","image":{"@type":"ImageObject","inLanguage":"de","@id":"https:\/\/secure.gravatar.com\/avatar\/a1e9db99fdd71a9ae2c516203e3fcd390817fa98f868eb9ba6d4a77d1a815cd4?s=96&d=mm&r=g","url":"https:\/\/secure.gravatar.com\/avatar\/a1e9db99fdd71a9ae2c516203e3fcd390817fa98f868eb9ba6d4a77d1a815cd4?s=96&d=mm&r=g","contentUrl":"https:\/\/secure.gravatar.com\/avatar\/a1e9db99fdd71a9ae2c516203e3fcd390817fa98f868eb9ba6d4a77d1a815cd4?s=96&d=mm&r=g","caption":"W8U"},"description":"Technikliebhaber aus Niedersachsen und seit 2013 bei den Deskmoddern. Interessiert sich f\u00fcr (fast) alles, durch das Strom flie\u00dft: Computer, Smartphones, Tablets, Autos und so weiter.","url":"https:\/\/www.deskmodder.de\/blog\/author\/w8u\/"}]}},"jetpack_publicize_connections":[],"jetpack_featured_media_url":"https:\/\/www.deskmodder.de\/blog\/wp-content\/uploads\/2020\/09\/keyvisual-orange-mit-datum.png","_links":{"self":[{"href":"https:\/\/www.deskmodder.de\/blog\/wp-json\/wp\/v2\/posts\/155240","targetHints":{"allow":["GET"]}}],"collection":[{"href":"https:\/\/www.deskmodder.de\/blog\/wp-json\/wp\/v2\/posts"}],"about":[{"href":"https:\/\/www.deskmodder.de\/blog\/wp-json\/wp\/v2\/types\/post"}],"author":[{"embeddable":true,"href":"https:\/\/www.deskmodder.de\/blog\/wp-json\/wp\/v2\/users\/1525"}],"replies":[{"embeddable":true,"href":"https:\/\/www.deskmodder.de\/blog\/wp-json\/wp\/v2\/comments?post=155240"}],"version-history":[{"count":0,"href":"https:\/\/www.deskmodder.de\/blog\/wp-json\/wp\/v2\/posts\/155240\/revisions"}],"wp:featuredmedia":[{"embeddable":true,"href":"https:\/\/www.deskmodder.de\/blog\/wp-json\/wp\/v2\/media\/144175"}],"wp:attachment":[{"href":"https:\/\/www.deskmodder.de\/blog\/wp-json\/wp\/v2\/media?parent=155240"}],"wp:term":[{"taxonomy":"category","embeddable":true,"href":"https:\/\/www.deskmodder.de\/blog\/wp-json\/wp\/v2\/categories?post=155240"},{"taxonomy":"post_tag","embeddable":true,"href":"https:\/\/www.deskmodder.de\/blog\/wp-json\/wp\/v2\/tags?post=155240"}],"curies":[{"name":"wp","href":"https:\/\/api.w.org\/{rel}","templated":true}]}}