{"id":146467,"date":"2020-11-06T18:47:43","date_gmt":"2020-11-06T17:47:43","guid":{"rendered":"https:\/\/www.deskmodder.de\/blog\/?p=146467"},"modified":"2020-11-06T18:47:43","modified_gmt":"2020-11-06T17:47:43","slug":"aldi-talk-neue-jahrespakete-ab-dem-19-11-2020","status":"publish","type":"post","link":"https:\/\/www.deskmodder.de\/blog\/2020\/11\/06\/aldi-talk-neue-jahrespakete-ab-dem-19-11-2020\/","title":{"rendered":"ALDI TALK: Neue Jahrespakete ab dem 19.11.2020"},"content":{"rendered":"<p>Auch in diesem Jahr wird ALDI Talk wieder verschiedene Jahrespakete anbieten, die dann 365 Tage aktiv sind. Und zwar sind ab dem 19.11. bis zum 31.12.2020 des Jahres folgende Pakete verf\u00fcgbar:<\/p>\n<ul>\n<li>Jahrespaket XS f\u00fcr 58,19 \u20ac = Allnet-Flat (Gespr\u00e4che und SMS) + 12 GB Datenvolumen in Deutschland und der EU<\/li>\n<li>Jahrespaket S f\u00fcr 96,99 \u20ac = Allnet-Flat (Gespr\u00e4che und SMS) + 40 GB Datenvolumen in Deutschland und der EU<\/li>\n<li>Jahrespaket L f\u00fcr 144 \u20ac =\u00a0Allnet-Flat (Gespr\u00e4che und SMS) + 100 GB Datenvolumen in Deutschland und der EU<\/li>\n<\/ul>\n<p><a href=\"https:\/\/www.deskmodder.de\/blog\/wp-content\/uploads\/2020\/11\/aldi-talk-jahrespaket.png\" rel=\"lightbox[146467]\"><img loading=\"lazy\" decoding=\"async\" class=\"aligncenter size-large wp-image-146468\" src=\"https:\/\/www.deskmodder.de\/blog\/wp-content\/uploads\/2020\/11\/aldi-talk-jahrespaket-607x583.png\" alt=\"\" width=\"607\" height=\"583\" srcset=\"https:\/\/www.deskmodder.de\/blog\/wp-content\/uploads\/2020\/11\/aldi-talk-jahrespaket-607x583.png 607w, https:\/\/www.deskmodder.de\/blog\/wp-content\/uploads\/2020\/11\/aldi-talk-jahrespaket-375x360.png 375w, https:\/\/www.deskmodder.de\/blog\/wp-content\/uploads\/2020\/11\/aldi-talk-jahrespaket-213x205.png 213w, https:\/\/www.deskmodder.de\/blog\/wp-content\/uploads\/2020\/11\/aldi-talk-jahrespaket-1536x1475.png 1536w, https:\/\/www.deskmodder.de\/blog\/wp-content\/uploads\/2020\/11\/aldi-talk-jahrespaket.png 1814w\" sizes=\"auto, (max-width: 607px) 100vw, 607px\" \/><\/a><\/p>\n<p><em>Danke an Leon f\u00fcr die Info \u00fcber die Tipp-Box!<\/em><\/p>\n","protected":false},"excerpt":{"rendered":"<p>Auch in diesem Jahr wird ALDI Talk wieder verschiedene Jahrespakete anbieten, die dann 365 Tage aktiv sind. Und zwar sind ab dem 19.11. bis zum 31.12.2020 des Jahres folgende Pakete verf\u00fcgbar: Jahrespaket XS f\u00fcr 58,19 \u20ac = Allnet-Flat (Gespr\u00e4che und&hellip; <\/p>\n","protected":false},"author":1525,"featured_media":146468,"comment_status":"open","ping_status":"open","sticky":false,"template":"","format":"standard","meta":{"jetpack_post_was_ever_published":false,"footnotes":"","jetpack_publicize_message":"","jetpack_publicize_feature_enabled":true,"jetpack_social_post_already_shared":true,"jetpack_social_options":{"image_generator_settings":{"template":"highway","default_image_id":0,"font":"","enabled":false},"version":2}},"categories":[60884],"tags":[11106,3454,317,78272,2384,956],"class_list":["post-146467","post","type-post","status-publish","format-standard","has-post-thumbnail","hentry","category-internet","tag-aldi-talk","tag-datenvolumen","tag-internet","tag-jahrespaket","tag-preise","tag-ubersicht"],"wp_featured_image":{"id":146468,"alt_text":"","description":"","media_type":"image","media_details":{"width":1814,"height":1742,"file":"2020\/11\/aldi-talk-jahrespaket.png","sizes":{"medium":{"file":"aldi-talk-jahrespaket-375x360.png","width":375,"height":360,"mime-type":"image\/png","source_url":"https:\/\/www.deskmodder.de\/blog\/wp-content\/uploads\/2020\/11\/aldi-talk-jahrespaket-375x360.png"},"large":{"file":"aldi-talk-jahrespaket-607x583.png","width":607,"height":583,"mime-type":"image\/png","source_url":"https:\/\/www.deskmodder.de\/blog\/wp-content\/uploads\/2020\/11\/aldi-talk-jahrespaket-607x583.png"},"thumbnail":{"file":"aldi-talk-jahrespaket-213x205.png","width":213,"height":205,"mime-type":"image\/png","source_url":"https:\/\/www.deskmodder.de\/blog\/wp-content\/uploads\/2020\/11\/aldi-talk-jahrespaket-213x205.png"},"1536x1536":{"file":"aldi-talk-jahrespaket-1536x1475.png","width":1536,"height":1475,"mime-type":"image\/png","source_url":"https:\/\/www.deskmodder.de\/blog\/wp-content\/uploads\/2020\/11\/aldi-talk-jahrespaket-1536x1475.png"},"blog-large":{"file":"aldi-talk-jahrespaket-642x300.png","width":642,"height":300,"mime-type":"image\/png","source_url":"https:\/\/www.deskmodder.de\/blog\/wp-content\/uploads\/2020\/11\/aldi-talk-jahrespaket-642x300.png"},"blog-medium":{"file":"aldi-talk-jahrespaket-306x205.png","width":306,"height":205,"mime-type":"image\/png","source_url":"https:\/\/www.deskmodder.de\/blog\/wp-content\/uploads\/2020\/11\/aldi-talk-jahrespaket-306x205.png"},"recent-thumb":{"file":"aldi-talk-jahrespaket-350x316.png","width":350,"height":316,"mime-type":"image\/png","source_url":"https:\/\/www.deskmodder.de\/blog\/wp-content\/uploads\/2020\/11\/aldi-talk-jahrespaket-350x316.png"},"service-featured":{"file":"aldi-talk-jahrespaket-600x330.png","width":600,"height":330,"mime-type":"image\/png","source_url":"https:\/\/www.deskmodder.de\/blog\/wp-content\/uploads\/2020\/11\/aldi-talk-jahrespaket-600x330.png"},"wp_rp_thumbnail":{"file":"aldi-talk-jahrespaket-50x50.png","width":50,"height":50,"mime-type":"image\/png","source_url":"https:\/\/www.deskmodder.de\/blog\/wp-content\/uploads\/2020\/11\/aldi-talk-jahrespaket-50x50.png"}},"image_meta":{"aperture":"0","credit":"","camera":"","caption":"","created_timestamp":"0","copyright":"","focal_length":"0","iso":"0","shutter_speed":"0","title":"","orientation":"0","keywords":[]}},"post":146467,"source_url":"https:\/\/www.deskmodder.de\/blog\/wp-content\/uploads\/2020\/11\/aldi-talk-jahrespaket.png"},"commentcount":6,"wp_comments":[{"id":152675,"parent":0,"author":0,"author_name":"Christian Krause","author_email":"krause-christian@gmx.de","author_url":"","author_avatar_urls":{"24":"https:\/\/secure.gravatar.com\/avatar\/83397ca2b31e832bac3faea4a1715bf0a7335cec690c12686be69732edebf922?s=24&d=mm&r=g","48":"https:\/\/secure.gravatar.com\/avatar\/83397ca2b31e832bac3faea4a1715bf0a7335cec690c12686be69732edebf922?s=48&d=mm&r=g","96":"https:\/\/secure.gravatar.com\/avatar\/83397ca2b31e832bac3faea4a1715bf0a7335cec690c12686be69732edebf922?s=96&d=mm&r=g"},"date":"2020-11-07T03:34:25","cld_nonce":"f49c0a4a03","content":{"rendered":"<p>Wie immer bei Aldi-Talk ist nur das kleinste Paket wirklich interessant.<br \/>\nDie gr\u00f6\u00dferen Pakete sind preislich nicht attraktiver als die 30 Tages-Pakete \u2013 und letztere sind schon unattraktiv, vergleicht man sie mit den Tarifen der Drillisch Gruppe oder mit den gleich teuren Lidl-Connect (Vodafone statt o2) sowie Ja-Mobil (Telekom statt o2) Tarifen.<\/p>\n<p>Das man bei einem Jahrespaket nicht-verbrauchtes Volumen in einem anderen Monat verbrauchen kann ist zwar auf der einen Seite gut, auf der anderen Seite kann es aber auch dazu f\u00fchren, dass man das Volumen deutlich zu fr\u00fch verbraucht, z.B. durch einen gro\u00dfen Download, und dann einen gro\u00dfen Zeitraum am Ende des Jahres keinen sinnvollen Nutzen mehr aus dem Paket zieht und dann tariflich an einen Vertrag ohne Datenvolumen gebunden ist.<\/p>\n"},"status":"1"},{"id":152689,"parent":0,"author":0,"author_name":"dfc","author_email":"wEFV@web.de","author_url":"","author_avatar_urls":{"24":"https:\/\/secure.gravatar.com\/avatar\/a54afcbf30b31212828fea4e05594243ae0cf8781f42c7ab01eb9c602d2b02af?s=24&d=mm&r=g","48":"https:\/\/secure.gravatar.com\/avatar\/a54afcbf30b31212828fea4e05594243ae0cf8781f42c7ab01eb9c602d2b02af?s=48&d=mm&r=g","96":"https:\/\/secure.gravatar.com\/avatar\/a54afcbf30b31212828fea4e05594243ae0cf8781f42c7ab01eb9c602d2b02af?s=96&d=mm&r=g"},"date":"2020-11-07T06:11:55","cld_nonce":"f49c0a4a03","content":{"rendered":"<p>ja alles gut und sch\u00f6n wenn die let etz usw..nicht solch miese qualit\u00e4t h\u00e4tte..mal vom kundenservice abgesehen&#8230;<\/p>\n"},"status":"1"},{"id":152765,"parent":0,"author":0,"author_name":"DIVERSE","author_email":"taataa@live.de","author_url":"","author_avatar_urls":{"24":"https:\/\/secure.gravatar.com\/avatar\/8427d1f7cb38ccaedc17a807d87d2b0991f53bcd2eebd05ae6469e6b0df7e206?s=24&d=mm&r=g","48":"https:\/\/secure.gravatar.com\/avatar\/8427d1f7cb38ccaedc17a807d87d2b0991f53bcd2eebd05ae6469e6b0df7e206?s=48&d=mm&r=g","96":"https:\/\/secure.gravatar.com\/avatar\/8427d1f7cb38ccaedc17a807d87d2b0991f53bcd2eebd05ae6469e6b0df7e206?s=96&d=mm&r=g"},"date":"2020-11-07T14:55:57","cld_nonce":"f49c0a4a03","content":{"rendered":"<p>hasu da nicht nen jahr die 6KB <\/p>\n<p>nur ja wenn man den, echt noch nur sms schreibt schon geil xD<\/p>\n"},"status":"1"},{"id":152821,"parent":0,"author":0,"author_name":"Aivar vahter","author_email":"vahter.aivar@gmail.com","author_url":"","author_avatar_urls":{"24":"https:\/\/secure.gravatar.com\/avatar\/2e7c1beff3eef250c433196e608056045e1273ce6260fee5cbf676df5f7ade81?s=24&d=mm&r=g","48":"https:\/\/secure.gravatar.com\/avatar\/2e7c1beff3eef250c433196e608056045e1273ce6260fee5cbf676df5f7ade81?s=48&d=mm&r=g","96":"https:\/\/secure.gravatar.com\/avatar\/2e7c1beff3eef250c433196e608056045e1273ce6260fee5cbf676df5f7ade81?s=96&d=mm&r=g"},"date":"2020-11-08T03:47:19","cld_nonce":"f49c0a4a03","content":{"rendered":"<p>In Japan kostet 10 Gbps 50 \u20ac<\/p>\n"},"status":"1"},{"id":152834,"parent":0,"author":2718,"author_name":"mickythebeagle","author_email":"mickythebeagle@googlemail.com","author_url":"","author_avatar_urls":{"24":"https:\/\/secure.gravatar.com\/avatar\/4a12feeb7945fc72fe1c2c0f6374159f9dace99cdff9f61125ec7414f5cba372?s=24&d=mm&r=g","48":"https:\/\/secure.gravatar.com\/avatar\/4a12feeb7945fc72fe1c2c0f6374159f9dace99cdff9f61125ec7414f5cba372?s=48&d=mm&r=g","96":"https:\/\/secure.gravatar.com\/avatar\/4a12feeb7945fc72fe1c2c0f6374159f9dace99cdff9f61125ec7414f5cba372?s=96&d=mm&r=g"},"date":"2020-11-08T10:20:53","cld_nonce":"f49c0a4a03","content":{"rendered":"<p>Mir w\u00fcrde sogar ein XXs reichen, Flat mit Telefon und SMS. Internet brauch ich nicht am Phone.<\/p>\n"},"status":"1"},{"id":152901,"parent":0,"author":4989,"author_name":"Cyromus","author_email":"cyromus1974@googlemail.com","author_url":"","author_avatar_urls":{"24":"https:\/\/secure.gravatar.com\/avatar\/7ce5f4c614a8c7e403668cc663441c8b67a9c42143d7ec185e63e9688a3793f0?s=24&d=mm&r=g","48":"https:\/\/secure.gravatar.com\/avatar\/7ce5f4c614a8c7e403668cc663441c8b67a9c42143d7ec185e63e9688a3793f0?s=48&d=mm&r=g","96":"https:\/\/secure.gravatar.com\/avatar\/7ce5f4c614a8c7e403668cc663441c8b67a9c42143d7ec185e63e9688a3793f0?s=96&d=mm&r=g"},"date":"2020-11-09T09:29:05","cld_nonce":"f49c0a4a03","content":{"rendered":"<p>Absolut nicht interessant.<br \/>\nZum Black Friday wird es sicherlich bei WinSim und PremiumSim das 10\u20ac Angebot mit 10GB geben = 120\u20ac f\u00fcr 120GB, bei gleichem Netz und v.a. monatlich k\u00fcndbar.<\/p>\n<p>Da kann Aldi leider nicht mithalten&#8230;<\/p>\n"},"status":"1"}],"wp_author":{"id":1525,"name":"W8U","description":"Technikliebhaber aus Niedersachsen und seit 2013 bei den Deskmoddern. Interessiert sich f\u00fcr (fast) alles, durch das Strom flie\u00dft: Computer, Smartphones, Tablets, Autos und so weiter.","author_avatar_urls":{"24":"https:\/\/secure.gravatar.com\/avatar\/a1e9db99fdd71a9ae2c516203e3fcd390817fa98f868eb9ba6d4a77d1a815cd4?s=24&d=mm&r=g","48":"https:\/\/secure.gravatar.com\/avatar\/a1e9db99fdd71a9ae2c516203e3fcd390817fa98f868eb9ba6d4a77d1a815cd4?s=48&d=mm&r=g","96":"https:\/\/secure.gravatar.com\/avatar\/a1e9db99fdd71a9ae2c516203e3fcd390817fa98f868eb9ba6d4a77d1a815cd4?s=96&d=mm&r=g"}},"cld_nonce":"f49c0a4a03","yoast_head":"<!-- This site is optimized with the Yoast SEO Premium plugin v27.5 (Yoast SEO v27.5) - https:\/\/yoast.com\/product\/yoast-seo-premium-wordpress\/ -->\n<title>ALDI TALK: Neue Jahrespakete ab dem 19.11.2020 - Deskmodder.de<\/title>\n<meta name=\"robots\" content=\"index, follow, max-snippet:-1, max-image-preview:large, max-video-preview:-1\" \/>\n<link rel=\"canonical\" href=\"https:\/\/www.deskmodder.de\/blog\/2020\/11\/06\/aldi-talk-neue-jahrespakete-ab-dem-19-11-2020\/\" \/>\n<meta property=\"og:locale\" content=\"de_DE\" \/>\n<meta property=\"og:type\" content=\"article\" \/>\n<meta property=\"og:title\" content=\"ALDI TALK: Neue Jahrespakete ab dem 19.11.2020\" \/>\n<meta property=\"og:description\" content=\"Auch in diesem Jahr wird ALDI Talk wieder verschiedene Jahrespakete anbieten, die dann 365 Tage aktiv sind. Und zwar sind ab dem 19.11. bis zum 31.12.2020 des Jahres folgende Pakete verf\u00fcgbar: Jahrespaket XS f\u00fcr 58,19 \u20ac = Allnet-Flat (Gespr\u00e4che und&hellip;\" \/>\n<meta property=\"og:url\" content=\"https:\/\/www.deskmodder.de\/blog\/2020\/11\/06\/aldi-talk-neue-jahrespakete-ab-dem-19-11-2020\/\" \/>\n<meta property=\"og:site_name\" content=\"Deskmodder.de\" \/>\n<meta property=\"article:publisher\" content=\"https:\/\/www.facebook.com\/Deskmodder\" \/>\n<meta property=\"article:published_time\" content=\"2020-11-06T17:47:43+00:00\" \/>\n<meta property=\"og:image\" content=\"https:\/\/www.deskmodder.de\/blog\/wp-content\/uploads\/2020\/11\/aldi-talk-jahrespaket-607x583.png\" \/>\n\t<meta property=\"og:image:width\" content=\"607\" \/>\n\t<meta property=\"og:image:height\" content=\"583\" \/>\n\t<meta property=\"og:image:type\" content=\"image\/png\" \/>\n<meta name=\"author\" content=\"W8U\" \/>\n<meta name=\"twitter:card\" content=\"summary_large_image\" \/>\n<meta name=\"twitter:creator\" content=\"@Deskmodder\" \/>\n<meta name=\"twitter:site\" content=\"@Deskmodder\" \/>\n<script type=\"application\/ld+json\" class=\"yoast-schema-graph\">{\"@context\":\"https:\\\/\\\/schema.org\",\"@graph\":[{\"@type\":\"Article\",\"@id\":\"https:\\\/\\\/www.deskmodder.de\\\/blog\\\/2020\\\/11\\\/06\\\/aldi-talk-neue-jahrespakete-ab-dem-19-11-2020\\\/#article\",\"isPartOf\":{\"@id\":\"https:\\\/\\\/www.deskmodder.de\\\/blog\\\/2020\\\/11\\\/06\\\/aldi-talk-neue-jahrespakete-ab-dem-19-11-2020\\\/\"},\"author\":{\"name\":\"W8U\",\"@id\":\"https:\\\/\\\/www.deskmodder.de\\\/blog\\\/#\\\/schema\\\/person\\\/f3c70b4f4860c9fcc4c04057ed04f469\"},\"headline\":\"ALDI TALK: Neue Jahrespakete ab dem 19.11.2020\",\"datePublished\":\"2020-11-06T17:47:43+00:00\",\"mainEntityOfPage\":{\"@id\":\"https:\\\/\\\/www.deskmodder.de\\\/blog\\\/2020\\\/11\\\/06\\\/aldi-talk-neue-jahrespakete-ab-dem-19-11-2020\\\/\"},\"wordCount\":93,\"commentCount\":6,\"publisher\":{\"@id\":\"https:\\\/\\\/www.deskmodder.de\\\/blog\\\/#organization\"},\"image\":{\"@id\":\"https:\\\/\\\/www.deskmodder.de\\\/blog\\\/2020\\\/11\\\/06\\\/aldi-talk-neue-jahrespakete-ab-dem-19-11-2020\\\/#primaryimage\"},\"thumbnailUrl\":\"https:\\\/\\\/www.deskmodder.de\\\/blog\\\/wp-content\\\/uploads\\\/2020\\\/11\\\/aldi-talk-jahrespaket.png\",\"keywords\":[\"Aldi Talk\",\"Datenvolumen\",\"Internet\",\"Jahrespaket\",\"Preise\",\"\u00dcbersicht\"],\"articleSection\":[\"Welt des Internets\"],\"inLanguage\":\"de\",\"potentialAction\":[{\"@type\":\"CommentAction\",\"name\":\"Comment\",\"target\":[\"https:\\\/\\\/www.deskmodder.de\\\/blog\\\/2020\\\/11\\\/06\\\/aldi-talk-neue-jahrespakete-ab-dem-19-11-2020\\\/#respond\"]}],\"copyrightYear\":\"2020\",\"copyrightHolder\":{\"@id\":\"https:\\\/\\\/www.deskmodder.de\\\/blog\\\/#organization\"}},{\"@type\":\"WebPage\",\"@id\":\"https:\\\/\\\/www.deskmodder.de\\\/blog\\\/2020\\\/11\\\/06\\\/aldi-talk-neue-jahrespakete-ab-dem-19-11-2020\\\/\",\"url\":\"https:\\\/\\\/www.deskmodder.de\\\/blog\\\/2020\\\/11\\\/06\\\/aldi-talk-neue-jahrespakete-ab-dem-19-11-2020\\\/\",\"name\":\"ALDI TALK: Neue Jahrespakete ab dem 19.11.2020 - Deskmodder.de\",\"isPartOf\":{\"@id\":\"https:\\\/\\\/www.deskmodder.de\\\/blog\\\/#website\"},\"primaryImageOfPage\":{\"@id\":\"https:\\\/\\\/www.deskmodder.de\\\/blog\\\/2020\\\/11\\\/06\\\/aldi-talk-neue-jahrespakete-ab-dem-19-11-2020\\\/#primaryimage\"},\"image\":{\"@id\":\"https:\\\/\\\/www.deskmodder.de\\\/blog\\\/2020\\\/11\\\/06\\\/aldi-talk-neue-jahrespakete-ab-dem-19-11-2020\\\/#primaryimage\"},\"thumbnailUrl\":\"https:\\\/\\\/www.deskmodder.de\\\/blog\\\/wp-content\\\/uploads\\\/2020\\\/11\\\/aldi-talk-jahrespaket.png\",\"datePublished\":\"2020-11-06T17:47:43+00:00\",\"breadcrumb\":{\"@id\":\"https:\\\/\\\/www.deskmodder.de\\\/blog\\\/2020\\\/11\\\/06\\\/aldi-talk-neue-jahrespakete-ab-dem-19-11-2020\\\/#breadcrumb\"},\"inLanguage\":\"de\",\"potentialAction\":[{\"@type\":\"ReadAction\",\"target\":[\"https:\\\/\\\/www.deskmodder.de\\\/blog\\\/2020\\\/11\\\/06\\\/aldi-talk-neue-jahrespakete-ab-dem-19-11-2020\\\/\"]}]},{\"@type\":\"ImageObject\",\"inLanguage\":\"de\",\"@id\":\"https:\\\/\\\/www.deskmodder.de\\\/blog\\\/2020\\\/11\\\/06\\\/aldi-talk-neue-jahrespakete-ab-dem-19-11-2020\\\/#primaryimage\",\"url\":\"https:\\\/\\\/www.deskmodder.de\\\/blog\\\/wp-content\\\/uploads\\\/2020\\\/11\\\/aldi-talk-jahrespaket.png\",\"contentUrl\":\"https:\\\/\\\/www.deskmodder.de\\\/blog\\\/wp-content\\\/uploads\\\/2020\\\/11\\\/aldi-talk-jahrespaket.png\",\"width\":1814,\"height\":1742},{\"@type\":\"BreadcrumbList\",\"@id\":\"https:\\\/\\\/www.deskmodder.de\\\/blog\\\/2020\\\/11\\\/06\\\/aldi-talk-neue-jahrespakete-ab-dem-19-11-2020\\\/#breadcrumb\",\"itemListElement\":[{\"@type\":\"ListItem\",\"position\":1,\"name\":\"Startseite\",\"item\":\"https:\\\/\\\/www.deskmodder.de\\\/blog\\\/\"},{\"@type\":\"ListItem\",\"position\":2,\"name\":\"ALDI TALK: Neue Jahrespakete ab dem 19.11.2020\"}]},{\"@type\":\"WebSite\",\"@id\":\"https:\\\/\\\/www.deskmodder.de\\\/blog\\\/#website\",\"url\":\"https:\\\/\\\/www.deskmodder.de\\\/blog\\\/\",\"name\":\"Deskmodder.de\",\"description\":\"News zum Thema Microsoft, Windows 11 \\\/ 10, sowie anderen Neuigkeiten aus dem Netz, viele Tipps und individuelle Hilfe bei Problemen in unserem Forum \u25cf Deskmodder - seit 2003\",\"publisher\":{\"@id\":\"https:\\\/\\\/www.deskmodder.de\\\/blog\\\/#organization\"},\"potentialAction\":[{\"@type\":\"SearchAction\",\"target\":{\"@type\":\"EntryPoint\",\"urlTemplate\":\"https:\\\/\\\/www.deskmodder.de\\\/blog\\\/?s={search_term_string}\"},\"query-input\":{\"@type\":\"PropertyValueSpecification\",\"valueRequired\":true,\"valueName\":\"search_term_string\"}}],\"inLanguage\":\"de\"},{\"@type\":\"Organization\",\"@id\":\"https:\\\/\\\/www.deskmodder.de\\\/blog\\\/#organization\",\"name\":\"Deskmodder\",\"url\":\"https:\\\/\\\/www.deskmodder.de\\\/blog\\\/\",\"logo\":{\"@type\":\"ImageObject\",\"inLanguage\":\"de\",\"@id\":\"https:\\\/\\\/www.deskmodder.de\\\/blog\\\/#\\\/schema\\\/logo\\\/image\\\/\",\"url\":\"https:\\\/\\\/www.deskmodder.de\\\/blog\\\/wp-content\\\/uploads\\\/2019\\\/01\\\/deskmodder-logo-app.png\",\"contentUrl\":\"https:\\\/\\\/www.deskmodder.de\\\/blog\\\/wp-content\\\/uploads\\\/2019\\\/01\\\/deskmodder-logo-app.png\",\"width\":281,\"height\":286,\"caption\":\"Deskmodder\"},\"image\":{\"@id\":\"https:\\\/\\\/www.deskmodder.de\\\/blog\\\/#\\\/schema\\\/logo\\\/image\\\/\"},\"sameAs\":[\"https:\\\/\\\/www.facebook.com\\\/Deskmodder\",\"https:\\\/\\\/x.com\\\/Deskmodder\",\"https:\\\/\\\/mastodontech.de\\\/@Deskmodder\",\"https:\\\/\\\/www.youtube.com\\\/user\\\/deskmodder\",\"https:\\\/\\\/mewe.com\\\/group\\\/5c83b5231add826fc80cdae1\"]},{\"@type\":\"Person\",\"@id\":\"https:\\\/\\\/www.deskmodder.de\\\/blog\\\/#\\\/schema\\\/person\\\/f3c70b4f4860c9fcc4c04057ed04f469\",\"name\":\"W8U\",\"image\":{\"@type\":\"ImageObject\",\"inLanguage\":\"de\",\"@id\":\"https:\\\/\\\/secure.gravatar.com\\\/avatar\\\/a1e9db99fdd71a9ae2c516203e3fcd390817fa98f868eb9ba6d4a77d1a815cd4?s=96&d=mm&r=g\",\"url\":\"https:\\\/\\\/secure.gravatar.com\\\/avatar\\\/a1e9db99fdd71a9ae2c516203e3fcd390817fa98f868eb9ba6d4a77d1a815cd4?s=96&d=mm&r=g\",\"contentUrl\":\"https:\\\/\\\/secure.gravatar.com\\\/avatar\\\/a1e9db99fdd71a9ae2c516203e3fcd390817fa98f868eb9ba6d4a77d1a815cd4?s=96&d=mm&r=g\",\"caption\":\"W8U\"},\"description\":\"Technikliebhaber aus Niedersachsen und seit 2013 bei den Deskmoddern. Interessiert sich f\u00fcr (fast) alles, durch das Strom flie\u00dft: Computer, Smartphones, Tablets, Autos und so weiter.\",\"url\":\"https:\\\/\\\/www.deskmodder.de\\\/blog\\\/author\\\/w8u\\\/\"}]}<\/script>\n<!-- \/ Yoast SEO Premium plugin. -->","yoast_head_json":{"title":"ALDI TALK: Neue Jahrespakete ab dem 19.11.2020 - Deskmodder.de","robots":{"index":"index","follow":"follow","max-snippet":"max-snippet:-1","max-image-preview":"max-image-preview:large","max-video-preview":"max-video-preview:-1"},"canonical":"https:\/\/www.deskmodder.de\/blog\/2020\/11\/06\/aldi-talk-neue-jahrespakete-ab-dem-19-11-2020\/","og_locale":"de_DE","og_type":"article","og_title":"ALDI TALK: Neue Jahrespakete ab dem 19.11.2020","og_description":"Auch in diesem Jahr wird ALDI Talk wieder verschiedene Jahrespakete anbieten, die dann 365 Tage aktiv sind. Und zwar sind ab dem 19.11. bis zum 31.12.2020 des Jahres folgende Pakete verf\u00fcgbar: Jahrespaket XS f\u00fcr 58,19 \u20ac = Allnet-Flat (Gespr\u00e4che und&hellip;","og_url":"https:\/\/www.deskmodder.de\/blog\/2020\/11\/06\/aldi-talk-neue-jahrespakete-ab-dem-19-11-2020\/","og_site_name":"Deskmodder.de","article_publisher":"https:\/\/www.facebook.com\/Deskmodder","article_published_time":"2020-11-06T17:47:43+00:00","og_image":[{"width":607,"height":583,"url":"https:\/\/www.deskmodder.de\/blog\/wp-content\/uploads\/2020\/11\/aldi-talk-jahrespaket-607x583.png","type":"image\/png"}],"author":"W8U","twitter_card":"summary_large_image","twitter_creator":"@Deskmodder","twitter_site":"@Deskmodder","schema":{"@context":"https:\/\/schema.org","@graph":[{"@type":"Article","@id":"https:\/\/www.deskmodder.de\/blog\/2020\/11\/06\/aldi-talk-neue-jahrespakete-ab-dem-19-11-2020\/#article","isPartOf":{"@id":"https:\/\/www.deskmodder.de\/blog\/2020\/11\/06\/aldi-talk-neue-jahrespakete-ab-dem-19-11-2020\/"},"author":{"name":"W8U","@id":"https:\/\/www.deskmodder.de\/blog\/#\/schema\/person\/f3c70b4f4860c9fcc4c04057ed04f469"},"headline":"ALDI TALK: Neue Jahrespakete ab dem 19.11.2020","datePublished":"2020-11-06T17:47:43+00:00","mainEntityOfPage":{"@id":"https:\/\/www.deskmodder.de\/blog\/2020\/11\/06\/aldi-talk-neue-jahrespakete-ab-dem-19-11-2020\/"},"wordCount":93,"commentCount":6,"publisher":{"@id":"https:\/\/www.deskmodder.de\/blog\/#organization"},"image":{"@id":"https:\/\/www.deskmodder.de\/blog\/2020\/11\/06\/aldi-talk-neue-jahrespakete-ab-dem-19-11-2020\/#primaryimage"},"thumbnailUrl":"https:\/\/www.deskmodder.de\/blog\/wp-content\/uploads\/2020\/11\/aldi-talk-jahrespaket.png","keywords":["Aldi Talk","Datenvolumen","Internet","Jahrespaket","Preise","\u00dcbersicht"],"articleSection":["Welt des Internets"],"inLanguage":"de","potentialAction":[{"@type":"CommentAction","name":"Comment","target":["https:\/\/www.deskmodder.de\/blog\/2020\/11\/06\/aldi-talk-neue-jahrespakete-ab-dem-19-11-2020\/#respond"]}],"copyrightYear":"2020","copyrightHolder":{"@id":"https:\/\/www.deskmodder.de\/blog\/#organization"}},{"@type":"WebPage","@id":"https:\/\/www.deskmodder.de\/blog\/2020\/11\/06\/aldi-talk-neue-jahrespakete-ab-dem-19-11-2020\/","url":"https:\/\/www.deskmodder.de\/blog\/2020\/11\/06\/aldi-talk-neue-jahrespakete-ab-dem-19-11-2020\/","name":"ALDI TALK: Neue Jahrespakete ab dem 19.11.2020 - Deskmodder.de","isPartOf":{"@id":"https:\/\/www.deskmodder.de\/blog\/#website"},"primaryImageOfPage":{"@id":"https:\/\/www.deskmodder.de\/blog\/2020\/11\/06\/aldi-talk-neue-jahrespakete-ab-dem-19-11-2020\/#primaryimage"},"image":{"@id":"https:\/\/www.deskmodder.de\/blog\/2020\/11\/06\/aldi-talk-neue-jahrespakete-ab-dem-19-11-2020\/#primaryimage"},"thumbnailUrl":"https:\/\/www.deskmodder.de\/blog\/wp-content\/uploads\/2020\/11\/aldi-talk-jahrespaket.png","datePublished":"2020-11-06T17:47:43+00:00","breadcrumb":{"@id":"https:\/\/www.deskmodder.de\/blog\/2020\/11\/06\/aldi-talk-neue-jahrespakete-ab-dem-19-11-2020\/#breadcrumb"},"inLanguage":"de","potentialAction":[{"@type":"ReadAction","target":["https:\/\/www.deskmodder.de\/blog\/2020\/11\/06\/aldi-talk-neue-jahrespakete-ab-dem-19-11-2020\/"]}]},{"@type":"ImageObject","inLanguage":"de","@id":"https:\/\/www.deskmodder.de\/blog\/2020\/11\/06\/aldi-talk-neue-jahrespakete-ab-dem-19-11-2020\/#primaryimage","url":"https:\/\/www.deskmodder.de\/blog\/wp-content\/uploads\/2020\/11\/aldi-talk-jahrespaket.png","contentUrl":"https:\/\/www.deskmodder.de\/blog\/wp-content\/uploads\/2020\/11\/aldi-talk-jahrespaket.png","width":1814,"height":1742},{"@type":"BreadcrumbList","@id":"https:\/\/www.deskmodder.de\/blog\/2020\/11\/06\/aldi-talk-neue-jahrespakete-ab-dem-19-11-2020\/#breadcrumb","itemListElement":[{"@type":"ListItem","position":1,"name":"Startseite","item":"https:\/\/www.deskmodder.de\/blog\/"},{"@type":"ListItem","position":2,"name":"ALDI TALK: Neue Jahrespakete ab dem 19.11.2020"}]},{"@type":"WebSite","@id":"https:\/\/www.deskmodder.de\/blog\/#website","url":"https:\/\/www.deskmodder.de\/blog\/","name":"Deskmodder.de","description":"News zum Thema Microsoft, Windows 11 \/ 10, sowie anderen Neuigkeiten aus dem Netz, viele Tipps und individuelle Hilfe bei Problemen in unserem Forum \u25cf Deskmodder - seit 2003","publisher":{"@id":"https:\/\/www.deskmodder.de\/blog\/#organization"},"potentialAction":[{"@type":"SearchAction","target":{"@type":"EntryPoint","urlTemplate":"https:\/\/www.deskmodder.de\/blog\/?s={search_term_string}"},"query-input":{"@type":"PropertyValueSpecification","valueRequired":true,"valueName":"search_term_string"}}],"inLanguage":"de"},{"@type":"Organization","@id":"https:\/\/www.deskmodder.de\/blog\/#organization","name":"Deskmodder","url":"https:\/\/www.deskmodder.de\/blog\/","logo":{"@type":"ImageObject","inLanguage":"de","@id":"https:\/\/www.deskmodder.de\/blog\/#\/schema\/logo\/image\/","url":"https:\/\/www.deskmodder.de\/blog\/wp-content\/uploads\/2019\/01\/deskmodder-logo-app.png","contentUrl":"https:\/\/www.deskmodder.de\/blog\/wp-content\/uploads\/2019\/01\/deskmodder-logo-app.png","width":281,"height":286,"caption":"Deskmodder"},"image":{"@id":"https:\/\/www.deskmodder.de\/blog\/#\/schema\/logo\/image\/"},"sameAs":["https:\/\/www.facebook.com\/Deskmodder","https:\/\/x.com\/Deskmodder","https:\/\/mastodontech.de\/@Deskmodder","https:\/\/www.youtube.com\/user\/deskmodder","https:\/\/mewe.com\/group\/5c83b5231add826fc80cdae1"]},{"@type":"Person","@id":"https:\/\/www.deskmodder.de\/blog\/#\/schema\/person\/f3c70b4f4860c9fcc4c04057ed04f469","name":"W8U","image":{"@type":"ImageObject","inLanguage":"de","@id":"https:\/\/secure.gravatar.com\/avatar\/a1e9db99fdd71a9ae2c516203e3fcd390817fa98f868eb9ba6d4a77d1a815cd4?s=96&d=mm&r=g","url":"https:\/\/secure.gravatar.com\/avatar\/a1e9db99fdd71a9ae2c516203e3fcd390817fa98f868eb9ba6d4a77d1a815cd4?s=96&d=mm&r=g","contentUrl":"https:\/\/secure.gravatar.com\/avatar\/a1e9db99fdd71a9ae2c516203e3fcd390817fa98f868eb9ba6d4a77d1a815cd4?s=96&d=mm&r=g","caption":"W8U"},"description":"Technikliebhaber aus Niedersachsen und seit 2013 bei den Deskmoddern. Interessiert sich f\u00fcr (fast) alles, durch das Strom flie\u00dft: Computer, Smartphones, Tablets, Autos und so weiter.","url":"https:\/\/www.deskmodder.de\/blog\/author\/w8u\/"}]}},"jetpack_publicize_connections":[],"jetpack_featured_media_url":"https:\/\/www.deskmodder.de\/blog\/wp-content\/uploads\/2020\/11\/aldi-talk-jahrespaket.png","_links":{"self":[{"href":"https:\/\/www.deskmodder.de\/blog\/wp-json\/wp\/v2\/posts\/146467","targetHints":{"allow":["GET"]}}],"collection":[{"href":"https:\/\/www.deskmodder.de\/blog\/wp-json\/wp\/v2\/posts"}],"about":[{"href":"https:\/\/www.deskmodder.de\/blog\/wp-json\/wp\/v2\/types\/post"}],"author":[{"embeddable":true,"href":"https:\/\/www.deskmodder.de\/blog\/wp-json\/wp\/v2\/users\/1525"}],"replies":[{"embeddable":true,"href":"https:\/\/www.deskmodder.de\/blog\/wp-json\/wp\/v2\/comments?post=146467"}],"version-history":[{"count":0,"href":"https:\/\/www.deskmodder.de\/blog\/wp-json\/wp\/v2\/posts\/146467\/revisions"}],"wp:featuredmedia":[{"embeddable":true,"href":"https:\/\/www.deskmodder.de\/blog\/wp-json\/wp\/v2\/media\/146468"}],"wp:attachment":[{"href":"https:\/\/www.deskmodder.de\/blog\/wp-json\/wp\/v2\/media?parent=146467"}],"wp:term":[{"taxonomy":"category","embeddable":true,"href":"https:\/\/www.deskmodder.de\/blog\/wp-json\/wp\/v2\/categories?post=146467"},{"taxonomy":"post_tag","embeddable":true,"href":"https:\/\/www.deskmodder.de\/blog\/wp-json\/wp\/v2\/tags?post=146467"}],"curies":[{"name":"wp","href":"https:\/\/api.w.org\/{rel}","templated":true}]}}