{"id":138838,"date":"2020-05-15T19:21:14","date_gmt":"2020-05-15T17:21:14","guid":{"rendered":"https:\/\/www.deskmodder.de\/blog\/?p=138838"},"modified":"2020-05-15T19:21:14","modified_gmt":"2020-05-15T17:21:14","slug":"geruecht-apple-plant-ipad-mini-mit-groesserem-display","status":"publish","type":"post","link":"https:\/\/www.deskmodder.de\/blog\/2020\/05\/15\/geruecht-apple-plant-ipad-mini-mit-groesserem-display\/","title":{"rendered":"Ger\u00fccht: Apple plant iPad mini mit gr\u00f6\u00dferem Display"},"content":{"rendered":"<p>Die Hochzeit der kleinen Tablets im Bereich von 7 Zoll ist eigentlich vorbei, seit die Smartphones immer gr\u00f6\u00dfer wurden. Nun scheint Apple aber sein seit der Einf\u00fchrung im Jahre 2012 zumindest optisch komplett unver\u00e4ndertes iPad mini (bisher 7,9 Zoll) etwas zu \u00fcberarbeiten. Die Rede ist von einem etwas gr\u00f6\u00dferen Display mit 8,5 bis 9 Zoll f\u00fcr 2021. Das k\u00f6nnte auf ein neues Design mit schmaleren Displayr\u00e4ndern hindeuten.<\/p>\n<p>Auch das normale iPad &#8222;ohne alles&#8220; (aktuell 10,2 Zoll) k\u00f6nnte noch dieses Jahr um 0,5 Zoll anwachsen und einen A12-Chip spendiert bekommen. M\u00f6glicherweise &#8211; und das ist rein spekulativ &#8211; greift man hier auf Komponenten des iPad Air (10,5 Zoll) zur\u00fcck, welches selbst urspr\u00fcnglich vor ein paar Jahren mal als iPad Pro vermarktet wurde. So d\u00fcrfte man sich einen Gro\u00dfteil der Entwicklungskosten sparen.<\/p>\n<p><a href=\"https:\/\/www.deskmodder.de\/blog\/wp-content\/uploads\/2019\/11\/apple-breit-covent-garden.jpeg\" rel=\"lightbox[138838]\"><img loading=\"lazy\" decoding=\"async\" class=\"aligncenter size-large wp-image-129445\" src=\"https:\/\/www.deskmodder.de\/blog\/wp-content\/uploads\/2019\/11\/apple-breit-covent-garden-810x308.jpeg\" alt=\"\" width=\"810\" height=\"308\" srcset=\"https:\/\/www.deskmodder.de\/blog\/wp-content\/uploads\/2019\/11\/apple-breit-covent-garden-810x308.jpeg 810w, https:\/\/www.deskmodder.de\/blog\/wp-content\/uploads\/2019\/11\/apple-breit-covent-garden-306x116.jpeg 306w, https:\/\/www.deskmodder.de\/blog\/wp-content\/uploads\/2019\/11\/apple-breit-covent-garden-500x190.jpeg 500w, https:\/\/www.deskmodder.de\/blog\/wp-content\/uploads\/2019\/11\/apple-breit-covent-garden.jpeg 960w\" sizes=\"auto, (max-width: 810px) 100vw, 810px\" \/><\/a><\/p>\n<div class=\"quelle\">Quelle: <a href=\"https:\/\/www.macrumors.com\/2020\/05\/15\/apple-plans-2020-new-low-cost-ipad-a12-chip\/\" target=\"_blank\" rel=\"noopener noreferrer\">Macrumors<\/a><\/div>\n","protected":false},"excerpt":{"rendered":"<p>Die Hochzeit der kleinen Tablets im Bereich von 7 Zoll ist eigentlich vorbei, seit die Smartphones immer gr\u00f6\u00dfer wurden. Nun scheint Apple aber sein seit der Einf\u00fchrung im Jahre 2012 zumindest optisch komplett unver\u00e4ndertes iPad mini (bisher 7,9 Zoll) etwas&hellip; <\/p>\n","protected":false},"author":1525,"featured_media":109918,"comment_status":"open","ping_status":"open","sticky":false,"template":"","format":"standard","meta":{"jetpack_post_was_ever_published":false,"footnotes":"","jetpack_publicize_message":"","jetpack_publicize_feature_enabled":true,"jetpack_social_post_already_shared":true,"jetpack_social_options":{"image_generator_settings":{"template":"highway","default_image_id":0,"font":"","enabled":false},"version":2}},"categories":[1286,232],"tags":[16002,98,2213,2592],"class_list":["post-138838","post","type-post","status-publish","format-standard","has-post-thumbnail","hentry","category-hardware","category-ios","tag-16002","tag-apple","tag-display","tag-ipad-mini"],"wp_featured_image":{"id":109918,"alt_text":"","description":"","media_type":"image","media_details":{"width":640,"height":480,"file":"2018\/10\/ipad-mini-apple.jpg","sizes":{"thumbnail":{"file":"ipad-mini-apple-273x205.jpg","width":273,"height":205,"mime-type":"image\/jpeg","source_url":"https:\/\/www.deskmodder.de\/blog\/wp-content\/uploads\/2018\/10\/ipad-mini-apple-273x205.jpg"},"medium":{"file":"ipad-mini-apple-480x360.jpg","width":480,"height":360,"mime-type":"image\/jpeg","source_url":"https:\/\/www.deskmodder.de\/blog\/wp-content\/uploads\/2018\/10\/ipad-mini-apple-480x360.jpg"},"wp_review_large":{"file":"ipad-mini-apple-320x200.jpg","width":320,"height":200,"mime-type":"image\/jpeg","source_url":"https:\/\/www.deskmodder.de\/blog\/wp-content\/uploads\/2018\/10\/ipad-mini-apple-320x200.jpg"},"wp_review_small":{"file":"ipad-mini-apple-65x65.jpg","width":65,"height":65,"mime-type":"image\/jpeg","source_url":"https:\/\/www.deskmodder.de\/blog\/wp-content\/uploads\/2018\/10\/ipad-mini-apple-65x65.jpg"},"blog-large":{"file":"ipad-mini-apple-640x300.jpg","width":640,"height":300,"mime-type":"image\/jpeg","source_url":"https:\/\/www.deskmodder.de\/blog\/wp-content\/uploads\/2018\/10\/ipad-mini-apple-640x300.jpg"},"blog-medium":{"file":"ipad-mini-apple-306x205.jpg","width":306,"height":205,"mime-type":"image\/jpeg","source_url":"https:\/\/www.deskmodder.de\/blog\/wp-content\/uploads\/2018\/10\/ipad-mini-apple-306x205.jpg"},"recent-thumb":{"file":"ipad-mini-apple-350x316.jpg","width":350,"height":316,"mime-type":"image\/jpeg","source_url":"https:\/\/www.deskmodder.de\/blog\/wp-content\/uploads\/2018\/10\/ipad-mini-apple-350x316.jpg"},"service-featured":{"file":"ipad-mini-apple-600x330.jpg","width":600,"height":330,"mime-type":"image\/jpeg","source_url":"https:\/\/www.deskmodder.de\/blog\/wp-content\/uploads\/2018\/10\/ipad-mini-apple-600x330.jpg"},"wp_rp_thumbnail":{"file":"ipad-mini-apple-150x150.jpg","width":150,"height":150,"mime-type":"image\/jpeg","source_url":"https:\/\/www.deskmodder.de\/blog\/wp-content\/uploads\/2018\/10\/ipad-mini-apple-150x150.jpg"}},"image_meta":{"aperture":"0","credit":"","camera":"","caption":"","created_timestamp":"0","copyright":"","focal_length":"0","iso":"0","shutter_speed":"0","title":"","orientation":"0","keywords":[]}},"post":109917,"source_url":"https:\/\/www.deskmodder.de\/blog\/wp-content\/uploads\/2018\/10\/ipad-mini-apple.jpg"},"commentcount":0,"wp_comments":[],"wp_author":{"id":1525,"name":"W8U","description":"Technikliebhaber aus Niedersachsen und seit 2013 bei den Deskmoddern. Interessiert sich f\u00fcr (fast) alles, durch das Strom flie\u00dft: Computer, Smartphones, Tablets, Autos und so weiter.","author_avatar_urls":{"24":"https:\/\/secure.gravatar.com\/avatar\/a1e9db99fdd71a9ae2c516203e3fcd390817fa98f868eb9ba6d4a77d1a815cd4?s=24&d=mm&r=g","48":"https:\/\/secure.gravatar.com\/avatar\/a1e9db99fdd71a9ae2c516203e3fcd390817fa98f868eb9ba6d4a77d1a815cd4?s=48&d=mm&r=g","96":"https:\/\/secure.gravatar.com\/avatar\/a1e9db99fdd71a9ae2c516203e3fcd390817fa98f868eb9ba6d4a77d1a815cd4?s=96&d=mm&r=g"}},"cld_nonce":"f49c0a4a03","yoast_head":"<!-- This site is optimized with the Yoast SEO Premium plugin v27.5 (Yoast SEO v27.5) - https:\/\/yoast.com\/product\/yoast-seo-premium-wordpress\/ -->\n<title>Ger\u00fccht: Apple plant iPad mini mit gr\u00f6\u00dferem Display - Deskmodder.de<\/title>\n<meta name=\"robots\" content=\"index, follow, max-snippet:-1, max-image-preview:large, max-video-preview:-1\" \/>\n<link rel=\"canonical\" href=\"https:\/\/www.deskmodder.de\/blog\/2020\/05\/15\/geruecht-apple-plant-ipad-mini-mit-groesserem-display\/\" \/>\n<meta property=\"og:locale\" content=\"de_DE\" \/>\n<meta property=\"og:type\" content=\"article\" \/>\n<meta property=\"og:title\" content=\"Ger\u00fccht: Apple plant iPad mini mit gr\u00f6\u00dferem Display\" \/>\n<meta property=\"og:description\" content=\"Die Hochzeit der kleinen Tablets im Bereich von 7 Zoll ist eigentlich vorbei, seit die Smartphones immer gr\u00f6\u00dfer wurden. Nun scheint Apple aber sein seit der Einf\u00fchrung im Jahre 2012 zumindest optisch komplett unver\u00e4ndertes iPad mini (bisher 7,9 Zoll) etwas&hellip;\" \/>\n<meta property=\"og:url\" content=\"https:\/\/www.deskmodder.de\/blog\/2020\/05\/15\/geruecht-apple-plant-ipad-mini-mit-groesserem-display\/\" \/>\n<meta property=\"og:site_name\" content=\"Deskmodder.de\" \/>\n<meta property=\"article:publisher\" content=\"https:\/\/www.facebook.com\/Deskmodder\" \/>\n<meta property=\"article:published_time\" content=\"2020-05-15T17:21:14+00:00\" \/>\n<meta property=\"og:image\" content=\"https:\/\/www.deskmodder.de\/blog\/wp-content\/uploads\/2018\/10\/ipad-mini-apple.jpg\" \/>\n\t<meta property=\"og:image:width\" content=\"640\" \/>\n\t<meta property=\"og:image:height\" content=\"480\" \/>\n\t<meta property=\"og:image:type\" content=\"image\/jpeg\" \/>\n<meta name=\"author\" content=\"W8U\" \/>\n<meta name=\"twitter:card\" content=\"summary_large_image\" \/>\n<meta name=\"twitter:creator\" content=\"@Deskmodder\" \/>\n<meta name=\"twitter:site\" content=\"@Deskmodder\" \/>\n<script type=\"application\/ld+json\" class=\"yoast-schema-graph\">{\"@context\":\"https:\\\/\\\/schema.org\",\"@graph\":[{\"@type\":\"Article\",\"@id\":\"https:\\\/\\\/www.deskmodder.de\\\/blog\\\/2020\\\/05\\\/15\\\/geruecht-apple-plant-ipad-mini-mit-groesserem-display\\\/#article\",\"isPartOf\":{\"@id\":\"https:\\\/\\\/www.deskmodder.de\\\/blog\\\/2020\\\/05\\\/15\\\/geruecht-apple-plant-ipad-mini-mit-groesserem-display\\\/\"},\"author\":{\"name\":\"W8U\",\"@id\":\"https:\\\/\\\/www.deskmodder.de\\\/blog\\\/#\\\/schema\\\/person\\\/f3c70b4f4860c9fcc4c04057ed04f469\"},\"headline\":\"Ger\u00fccht: Apple plant iPad mini mit gr\u00f6\u00dferem Display\",\"datePublished\":\"2020-05-15T17:21:14+00:00\",\"mainEntityOfPage\":{\"@id\":\"https:\\\/\\\/www.deskmodder.de\\\/blog\\\/2020\\\/05\\\/15\\\/geruecht-apple-plant-ipad-mini-mit-groesserem-display\\\/\"},\"wordCount\":149,\"commentCount\":0,\"publisher\":{\"@id\":\"https:\\\/\\\/www.deskmodder.de\\\/blog\\\/#organization\"},\"image\":{\"@id\":\"https:\\\/\\\/www.deskmodder.de\\\/blog\\\/2020\\\/05\\\/15\\\/geruecht-apple-plant-ipad-mini-mit-groesserem-display\\\/#primaryimage\"},\"thumbnailUrl\":\"https:\\\/\\\/www.deskmodder.de\\\/blog\\\/wp-content\\\/uploads\\\/2018\\\/10\\\/ipad-mini-apple.jpg\",\"keywords\":[\"2021\",\"Apple\",\"Display\",\"iPad mini\"],\"articleSection\":[\"Hardware\",\"iOS\"],\"inLanguage\":\"de\",\"potentialAction\":[{\"@type\":\"CommentAction\",\"name\":\"Comment\",\"target\":[\"https:\\\/\\\/www.deskmodder.de\\\/blog\\\/2020\\\/05\\\/15\\\/geruecht-apple-plant-ipad-mini-mit-groesserem-display\\\/#respond\"]}],\"copyrightYear\":\"2020\",\"copyrightHolder\":{\"@id\":\"https:\\\/\\\/www.deskmodder.de\\\/blog\\\/#organization\"}},{\"@type\":\"WebPage\",\"@id\":\"https:\\\/\\\/www.deskmodder.de\\\/blog\\\/2020\\\/05\\\/15\\\/geruecht-apple-plant-ipad-mini-mit-groesserem-display\\\/\",\"url\":\"https:\\\/\\\/www.deskmodder.de\\\/blog\\\/2020\\\/05\\\/15\\\/geruecht-apple-plant-ipad-mini-mit-groesserem-display\\\/\",\"name\":\"Ger\u00fccht: Apple plant iPad mini mit gr\u00f6\u00dferem Display - Deskmodder.de\",\"isPartOf\":{\"@id\":\"https:\\\/\\\/www.deskmodder.de\\\/blog\\\/#website\"},\"primaryImageOfPage\":{\"@id\":\"https:\\\/\\\/www.deskmodder.de\\\/blog\\\/2020\\\/05\\\/15\\\/geruecht-apple-plant-ipad-mini-mit-groesserem-display\\\/#primaryimage\"},\"image\":{\"@id\":\"https:\\\/\\\/www.deskmodder.de\\\/blog\\\/2020\\\/05\\\/15\\\/geruecht-apple-plant-ipad-mini-mit-groesserem-display\\\/#primaryimage\"},\"thumbnailUrl\":\"https:\\\/\\\/www.deskmodder.de\\\/blog\\\/wp-content\\\/uploads\\\/2018\\\/10\\\/ipad-mini-apple.jpg\",\"datePublished\":\"2020-05-15T17:21:14+00:00\",\"breadcrumb\":{\"@id\":\"https:\\\/\\\/www.deskmodder.de\\\/blog\\\/2020\\\/05\\\/15\\\/geruecht-apple-plant-ipad-mini-mit-groesserem-display\\\/#breadcrumb\"},\"inLanguage\":\"de\",\"potentialAction\":[{\"@type\":\"ReadAction\",\"target\":[\"https:\\\/\\\/www.deskmodder.de\\\/blog\\\/2020\\\/05\\\/15\\\/geruecht-apple-plant-ipad-mini-mit-groesserem-display\\\/\"]}]},{\"@type\":\"ImageObject\",\"inLanguage\":\"de\",\"@id\":\"https:\\\/\\\/www.deskmodder.de\\\/blog\\\/2020\\\/05\\\/15\\\/geruecht-apple-plant-ipad-mini-mit-groesserem-display\\\/#primaryimage\",\"url\":\"https:\\\/\\\/www.deskmodder.de\\\/blog\\\/wp-content\\\/uploads\\\/2018\\\/10\\\/ipad-mini-apple.jpg\",\"contentUrl\":\"https:\\\/\\\/www.deskmodder.de\\\/blog\\\/wp-content\\\/uploads\\\/2018\\\/10\\\/ipad-mini-apple.jpg\",\"width\":640,\"height\":480},{\"@type\":\"BreadcrumbList\",\"@id\":\"https:\\\/\\\/www.deskmodder.de\\\/blog\\\/2020\\\/05\\\/15\\\/geruecht-apple-plant-ipad-mini-mit-groesserem-display\\\/#breadcrumb\",\"itemListElement\":[{\"@type\":\"ListItem\",\"position\":1,\"name\":\"Startseite\",\"item\":\"https:\\\/\\\/www.deskmodder.de\\\/blog\\\/\"},{\"@type\":\"ListItem\",\"position\":2,\"name\":\"Ger\u00fccht: Apple plant iPad mini mit gr\u00f6\u00dferem Display\"}]},{\"@type\":\"WebSite\",\"@id\":\"https:\\\/\\\/www.deskmodder.de\\\/blog\\\/#website\",\"url\":\"https:\\\/\\\/www.deskmodder.de\\\/blog\\\/\",\"name\":\"Deskmodder.de\",\"description\":\"News zum Thema Microsoft, Windows 11 \\\/ 10, sowie anderen Neuigkeiten aus dem Netz, viele Tipps und individuelle Hilfe bei Problemen in unserem Forum \u25cf Deskmodder - seit 2003\",\"publisher\":{\"@id\":\"https:\\\/\\\/www.deskmodder.de\\\/blog\\\/#organization\"},\"potentialAction\":[{\"@type\":\"SearchAction\",\"target\":{\"@type\":\"EntryPoint\",\"urlTemplate\":\"https:\\\/\\\/www.deskmodder.de\\\/blog\\\/?s={search_term_string}\"},\"query-input\":{\"@type\":\"PropertyValueSpecification\",\"valueRequired\":true,\"valueName\":\"search_term_string\"}}],\"inLanguage\":\"de\"},{\"@type\":\"Organization\",\"@id\":\"https:\\\/\\\/www.deskmodder.de\\\/blog\\\/#organization\",\"name\":\"Deskmodder\",\"url\":\"https:\\\/\\\/www.deskmodder.de\\\/blog\\\/\",\"logo\":{\"@type\":\"ImageObject\",\"inLanguage\":\"de\",\"@id\":\"https:\\\/\\\/www.deskmodder.de\\\/blog\\\/#\\\/schema\\\/logo\\\/image\\\/\",\"url\":\"https:\\\/\\\/www.deskmodder.de\\\/blog\\\/wp-content\\\/uploads\\\/2019\\\/01\\\/deskmodder-logo-app.png\",\"contentUrl\":\"https:\\\/\\\/www.deskmodder.de\\\/blog\\\/wp-content\\\/uploads\\\/2019\\\/01\\\/deskmodder-logo-app.png\",\"width\":281,\"height\":286,\"caption\":\"Deskmodder\"},\"image\":{\"@id\":\"https:\\\/\\\/www.deskmodder.de\\\/blog\\\/#\\\/schema\\\/logo\\\/image\\\/\"},\"sameAs\":[\"https:\\\/\\\/www.facebook.com\\\/Deskmodder\",\"https:\\\/\\\/x.com\\\/Deskmodder\",\"https:\\\/\\\/mastodontech.de\\\/@Deskmodder\",\"https:\\\/\\\/www.youtube.com\\\/user\\\/deskmodder\",\"https:\\\/\\\/mewe.com\\\/group\\\/5c83b5231add826fc80cdae1\"]},{\"@type\":\"Person\",\"@id\":\"https:\\\/\\\/www.deskmodder.de\\\/blog\\\/#\\\/schema\\\/person\\\/f3c70b4f4860c9fcc4c04057ed04f469\",\"name\":\"W8U\",\"image\":{\"@type\":\"ImageObject\",\"inLanguage\":\"de\",\"@id\":\"https:\\\/\\\/secure.gravatar.com\\\/avatar\\\/a1e9db99fdd71a9ae2c516203e3fcd390817fa98f868eb9ba6d4a77d1a815cd4?s=96&d=mm&r=g\",\"url\":\"https:\\\/\\\/secure.gravatar.com\\\/avatar\\\/a1e9db99fdd71a9ae2c516203e3fcd390817fa98f868eb9ba6d4a77d1a815cd4?s=96&d=mm&r=g\",\"contentUrl\":\"https:\\\/\\\/secure.gravatar.com\\\/avatar\\\/a1e9db99fdd71a9ae2c516203e3fcd390817fa98f868eb9ba6d4a77d1a815cd4?s=96&d=mm&r=g\",\"caption\":\"W8U\"},\"description\":\"Technikliebhaber aus Niedersachsen und seit 2013 bei den Deskmoddern. Interessiert sich f\u00fcr (fast) alles, durch das Strom flie\u00dft: Computer, Smartphones, Tablets, Autos und so weiter.\",\"url\":\"https:\\\/\\\/www.deskmodder.de\\\/blog\\\/author\\\/w8u\\\/\"}]}<\/script>\n<!-- \/ Yoast SEO Premium plugin. -->","yoast_head_json":{"title":"Ger\u00fccht: Apple plant iPad mini mit gr\u00f6\u00dferem Display - Deskmodder.de","robots":{"index":"index","follow":"follow","max-snippet":"max-snippet:-1","max-image-preview":"max-image-preview:large","max-video-preview":"max-video-preview:-1"},"canonical":"https:\/\/www.deskmodder.de\/blog\/2020\/05\/15\/geruecht-apple-plant-ipad-mini-mit-groesserem-display\/","og_locale":"de_DE","og_type":"article","og_title":"Ger\u00fccht: Apple plant iPad mini mit gr\u00f6\u00dferem Display","og_description":"Die Hochzeit der kleinen Tablets im Bereich von 7 Zoll ist eigentlich vorbei, seit die Smartphones immer gr\u00f6\u00dfer wurden. Nun scheint Apple aber sein seit der Einf\u00fchrung im Jahre 2012 zumindest optisch komplett unver\u00e4ndertes iPad mini (bisher 7,9 Zoll) etwas&hellip;","og_url":"https:\/\/www.deskmodder.de\/blog\/2020\/05\/15\/geruecht-apple-plant-ipad-mini-mit-groesserem-display\/","og_site_name":"Deskmodder.de","article_publisher":"https:\/\/www.facebook.com\/Deskmodder","article_published_time":"2020-05-15T17:21:14+00:00","og_image":[{"width":640,"height":480,"url":"https:\/\/www.deskmodder.de\/blog\/wp-content\/uploads\/2018\/10\/ipad-mini-apple.jpg","type":"image\/jpeg"}],"author":"W8U","twitter_card":"summary_large_image","twitter_creator":"@Deskmodder","twitter_site":"@Deskmodder","schema":{"@context":"https:\/\/schema.org","@graph":[{"@type":"Article","@id":"https:\/\/www.deskmodder.de\/blog\/2020\/05\/15\/geruecht-apple-plant-ipad-mini-mit-groesserem-display\/#article","isPartOf":{"@id":"https:\/\/www.deskmodder.de\/blog\/2020\/05\/15\/geruecht-apple-plant-ipad-mini-mit-groesserem-display\/"},"author":{"name":"W8U","@id":"https:\/\/www.deskmodder.de\/blog\/#\/schema\/person\/f3c70b4f4860c9fcc4c04057ed04f469"},"headline":"Ger\u00fccht: Apple plant iPad mini mit gr\u00f6\u00dferem Display","datePublished":"2020-05-15T17:21:14+00:00","mainEntityOfPage":{"@id":"https:\/\/www.deskmodder.de\/blog\/2020\/05\/15\/geruecht-apple-plant-ipad-mini-mit-groesserem-display\/"},"wordCount":149,"commentCount":0,"publisher":{"@id":"https:\/\/www.deskmodder.de\/blog\/#organization"},"image":{"@id":"https:\/\/www.deskmodder.de\/blog\/2020\/05\/15\/geruecht-apple-plant-ipad-mini-mit-groesserem-display\/#primaryimage"},"thumbnailUrl":"https:\/\/www.deskmodder.de\/blog\/wp-content\/uploads\/2018\/10\/ipad-mini-apple.jpg","keywords":["2021","Apple","Display","iPad mini"],"articleSection":["Hardware","iOS"],"inLanguage":"de","potentialAction":[{"@type":"CommentAction","name":"Comment","target":["https:\/\/www.deskmodder.de\/blog\/2020\/05\/15\/geruecht-apple-plant-ipad-mini-mit-groesserem-display\/#respond"]}],"copyrightYear":"2020","copyrightHolder":{"@id":"https:\/\/www.deskmodder.de\/blog\/#organization"}},{"@type":"WebPage","@id":"https:\/\/www.deskmodder.de\/blog\/2020\/05\/15\/geruecht-apple-plant-ipad-mini-mit-groesserem-display\/","url":"https:\/\/www.deskmodder.de\/blog\/2020\/05\/15\/geruecht-apple-plant-ipad-mini-mit-groesserem-display\/","name":"Ger\u00fccht: Apple plant iPad mini mit gr\u00f6\u00dferem Display - Deskmodder.de","isPartOf":{"@id":"https:\/\/www.deskmodder.de\/blog\/#website"},"primaryImageOfPage":{"@id":"https:\/\/www.deskmodder.de\/blog\/2020\/05\/15\/geruecht-apple-plant-ipad-mini-mit-groesserem-display\/#primaryimage"},"image":{"@id":"https:\/\/www.deskmodder.de\/blog\/2020\/05\/15\/geruecht-apple-plant-ipad-mini-mit-groesserem-display\/#primaryimage"},"thumbnailUrl":"https:\/\/www.deskmodder.de\/blog\/wp-content\/uploads\/2018\/10\/ipad-mini-apple.jpg","datePublished":"2020-05-15T17:21:14+00:00","breadcrumb":{"@id":"https:\/\/www.deskmodder.de\/blog\/2020\/05\/15\/geruecht-apple-plant-ipad-mini-mit-groesserem-display\/#breadcrumb"},"inLanguage":"de","potentialAction":[{"@type":"ReadAction","target":["https:\/\/www.deskmodder.de\/blog\/2020\/05\/15\/geruecht-apple-plant-ipad-mini-mit-groesserem-display\/"]}]},{"@type":"ImageObject","inLanguage":"de","@id":"https:\/\/www.deskmodder.de\/blog\/2020\/05\/15\/geruecht-apple-plant-ipad-mini-mit-groesserem-display\/#primaryimage","url":"https:\/\/www.deskmodder.de\/blog\/wp-content\/uploads\/2018\/10\/ipad-mini-apple.jpg","contentUrl":"https:\/\/www.deskmodder.de\/blog\/wp-content\/uploads\/2018\/10\/ipad-mini-apple.jpg","width":640,"height":480},{"@type":"BreadcrumbList","@id":"https:\/\/www.deskmodder.de\/blog\/2020\/05\/15\/geruecht-apple-plant-ipad-mini-mit-groesserem-display\/#breadcrumb","itemListElement":[{"@type":"ListItem","position":1,"name":"Startseite","item":"https:\/\/www.deskmodder.de\/blog\/"},{"@type":"ListItem","position":2,"name":"Ger\u00fccht: Apple plant iPad mini mit gr\u00f6\u00dferem Display"}]},{"@type":"WebSite","@id":"https:\/\/www.deskmodder.de\/blog\/#website","url":"https:\/\/www.deskmodder.de\/blog\/","name":"Deskmodder.de","description":"News zum Thema Microsoft, Windows 11 \/ 10, sowie anderen Neuigkeiten aus dem Netz, viele Tipps und individuelle Hilfe bei Problemen in unserem Forum \u25cf Deskmodder - seit 2003","publisher":{"@id":"https:\/\/www.deskmodder.de\/blog\/#organization"},"potentialAction":[{"@type":"SearchAction","target":{"@type":"EntryPoint","urlTemplate":"https:\/\/www.deskmodder.de\/blog\/?s={search_term_string}"},"query-input":{"@type":"PropertyValueSpecification","valueRequired":true,"valueName":"search_term_string"}}],"inLanguage":"de"},{"@type":"Organization","@id":"https:\/\/www.deskmodder.de\/blog\/#organization","name":"Deskmodder","url":"https:\/\/www.deskmodder.de\/blog\/","logo":{"@type":"ImageObject","inLanguage":"de","@id":"https:\/\/www.deskmodder.de\/blog\/#\/schema\/logo\/image\/","url":"https:\/\/www.deskmodder.de\/blog\/wp-content\/uploads\/2019\/01\/deskmodder-logo-app.png","contentUrl":"https:\/\/www.deskmodder.de\/blog\/wp-content\/uploads\/2019\/01\/deskmodder-logo-app.png","width":281,"height":286,"caption":"Deskmodder"},"image":{"@id":"https:\/\/www.deskmodder.de\/blog\/#\/schema\/logo\/image\/"},"sameAs":["https:\/\/www.facebook.com\/Deskmodder","https:\/\/x.com\/Deskmodder","https:\/\/mastodontech.de\/@Deskmodder","https:\/\/www.youtube.com\/user\/deskmodder","https:\/\/mewe.com\/group\/5c83b5231add826fc80cdae1"]},{"@type":"Person","@id":"https:\/\/www.deskmodder.de\/blog\/#\/schema\/person\/f3c70b4f4860c9fcc4c04057ed04f469","name":"W8U","image":{"@type":"ImageObject","inLanguage":"de","@id":"https:\/\/secure.gravatar.com\/avatar\/a1e9db99fdd71a9ae2c516203e3fcd390817fa98f868eb9ba6d4a77d1a815cd4?s=96&d=mm&r=g","url":"https:\/\/secure.gravatar.com\/avatar\/a1e9db99fdd71a9ae2c516203e3fcd390817fa98f868eb9ba6d4a77d1a815cd4?s=96&d=mm&r=g","contentUrl":"https:\/\/secure.gravatar.com\/avatar\/a1e9db99fdd71a9ae2c516203e3fcd390817fa98f868eb9ba6d4a77d1a815cd4?s=96&d=mm&r=g","caption":"W8U"},"description":"Technikliebhaber aus Niedersachsen und seit 2013 bei den Deskmoddern. Interessiert sich f\u00fcr (fast) alles, durch das Strom flie\u00dft: Computer, Smartphones, Tablets, Autos und so weiter.","url":"https:\/\/www.deskmodder.de\/blog\/author\/w8u\/"}]}},"jetpack_publicize_connections":[],"jetpack_featured_media_url":"https:\/\/www.deskmodder.de\/blog\/wp-content\/uploads\/2018\/10\/ipad-mini-apple.jpg","_links":{"self":[{"href":"https:\/\/www.deskmodder.de\/blog\/wp-json\/wp\/v2\/posts\/138838","targetHints":{"allow":["GET"]}}],"collection":[{"href":"https:\/\/www.deskmodder.de\/blog\/wp-json\/wp\/v2\/posts"}],"about":[{"href":"https:\/\/www.deskmodder.de\/blog\/wp-json\/wp\/v2\/types\/post"}],"author":[{"embeddable":true,"href":"https:\/\/www.deskmodder.de\/blog\/wp-json\/wp\/v2\/users\/1525"}],"replies":[{"embeddable":true,"href":"https:\/\/www.deskmodder.de\/blog\/wp-json\/wp\/v2\/comments?post=138838"}],"version-history":[{"count":0,"href":"https:\/\/www.deskmodder.de\/blog\/wp-json\/wp\/v2\/posts\/138838\/revisions"}],"wp:featuredmedia":[{"embeddable":true,"href":"https:\/\/www.deskmodder.de\/blog\/wp-json\/wp\/v2\/media\/109918"}],"wp:attachment":[{"href":"https:\/\/www.deskmodder.de\/blog\/wp-json\/wp\/v2\/media?parent=138838"}],"wp:term":[{"taxonomy":"category","embeddable":true,"href":"https:\/\/www.deskmodder.de\/blog\/wp-json\/wp\/v2\/categories?post=138838"},{"taxonomy":"post_tag","embeddable":true,"href":"https:\/\/www.deskmodder.de\/blog\/wp-json\/wp\/v2\/tags?post=138838"}],"curies":[{"name":"wp","href":"https:\/\/api.w.org\/{rel}","templated":true}]}}