{"id":134038,"date":"2020-02-08T07:10:53","date_gmt":"2020-02-08T06:10:53","guid":{"rendered":"https:\/\/www.deskmodder.de\/blog\/?p=134038"},"modified":"2023-01-14T15:52:12","modified_gmt":"2023-01-14T14:52:12","slug":"kb4539601-kb4539602-beheben-das-problem-mit-dem-schwarten-desktop-unter-windows-7","status":"publish","type":"post","link":"https:\/\/www.deskmodder.de\/blog\/2020\/02\/08\/kb4539601-kb4539602-beheben-das-problem-mit-dem-schwarten-desktop-unter-windows-7\/","title":{"rendered":"KB4539601 \/ KB4539602 beheben das Problem mit dem schwarzen Desktop unter Windows 7 [Update]"},"content":{"rendered":"<p>Mit dem eigentlich letzten Update f\u00fcr Windows 7 <a href=\"https:\/\/www.deskmodder.de\/blog\/2020\/01\/25\/windows-7-kb4534310-verursacht-schwarzen-desktop-ohne-wallpaper-workaround\/\" rel=\"noopener noreferrer\" target=\"_blank\">KB4534310<\/a> hatte Microsoft einen Fehler eingebaut, der zu einem schwarzen Desktop f\u00fchren konnte. Jetzt wurde die KB4539601 als monatliches Rollup Update bzw. speziell die KB4539602 zum Download bereitgestellt.<\/p>\n<p>Beide beschreiben das Problem mit &#8222;Behebt ein Problem, das dazu f\u00fchren k\u00f6nnte, dass Ihr auf &#8222;Gestreckt&#8220; eingestelltes Hintergrundbild als schwarz angezeigt wird.&#8220; Derzeit liegen keine bekannten Probleme vor.<\/p>\n<p><a href=\"https:\/\/www.deskmodder.de\/blog\/wp-content\/uploads\/2018\/01\/windows-7-microsoft-laptop.png\" rel=\"lightbox[134038]\"><img loading=\"lazy\" decoding=\"async\" src=\"https:\/\/www.deskmodder.de\/blog\/wp-content\/uploads\/2018\/01\/windows-7-microsoft-laptop.png\" alt=\"\" width=\"484\" height=\"301\" class=\"aligncenter size-full wp-image-96247\" \/><\/a><\/p>\n<p>Die KB4539602 ist speziell daf\u00fcr bereitgestellt worden und ist auch nur ca. 50 MB bzw. 30 MB gro\u00df. Das monatliche Rollup Update KB4539601 hingegen  hat die &#8222;normale&#8220; Gr\u00f6\u00dfe f\u00fcr ein Update. Wer nur die KB4539602 muss alle aktuellen Updates installiert haben.<\/p>\n<h3>Info und Download:<\/h3>\n<ul>\n<li><a href=\"https:\/\/support.microsoft.com\/en-us\/help\/4539602\/wallpaper-set-to-stretch-is-displayed-as-black\" rel=\"noopener noreferrer\" target=\"_blank\">KB4539602<\/a> (wenn alle Updates installiert sind) <a href=\"https:\/\/www.catalog.update.microsoft.com\/Search.aspx?q=KB4539602\" rel=\"noopener noreferrer\" target=\"_blank\">Update-Katalog<\/a><\/li>\n<li><a href=\"https:\/\/support.microsoft.com\/en-us\/help\/4539601\/windows-7-update-kb4539601\" rel=\"noopener noreferrer\" target=\"_blank\">KB4539601<\/a> <a href=\"https:\/\/www.catalog.update.microsoft.com\/Search.aspx?q=KB4539601\" rel=\"noopener noreferrer\" target=\"_blank\">Update-Katalog<\/a><\/li>\n<\/ul>\n<h3>Windows 7 PC kann nicht heruntergefahren werden<\/h3>\n<p>Inzwischen scheint es bei einigen ein neues Problem zu geben, dass mit dem letzten Update auftritt. Der Windows 7 Rechner kann nicht heruntergefahren werden, da die Berechtigung fehlt. Warum dies nun erst in den letzten Stunden aufgetreten ist, bleibt bislang unklar.<\/p>\n<h3>Als Workaround wird angeboten:<\/h3>\n<p>Anstatt den Rechner normal herunterzufahren einfach Strg + Alt + Entf dr\u00fccken und dann dort den Rechner herunterfahren.<\/p>\n<p>Eine andere Variante ist f\u00fcr die Windows 7 Pro oder h\u00f6her:<\/p>\n<ul>\n<li>Eher nicht empfohlen.<\/li>\n<li>Windows-Taste + R gpedit.msc eingeben und starten<\/li>\n<li>Computerkonfiguration -> Windows-Einstellungen -> Sicherheitseinstellungen -> Lokale Richtlinien -> Sicherheitsoptionen<\/li>\n<li>Alle Administratoren in der Admin-Genehmigungsmodus ausf\u00fchren auf Aktiviert setzen<\/li>\n<li>Windows-Taste + R gpupdate \/force eingeben und Enter dr\u00fccken<\/li>\n<li>Das System nun \u00fcber den Ausf\u00fchren Befehl shutdown -r neu starten<\/li>\n<li>Sollte sich das System nicht neu starten lassen, dann im Task-Manager die explorer.exe beenden und neu starten.<\/li>\n<\/ul>\n<div class=\"viaquelle\">via: <a href=\"https:\/\/www.bleepingcomputer.com\/news\/microsoft\/windows-7-users-suddenly-cant-shut-down-their-pcs-how-to-fix\/\" rel=\"noopener noreferrer\" target=\"_blank\">bleepingcomputer<\/a><\/div>\n","protected":false},"excerpt":{"rendered":"<p>Mit dem eigentlich letzten Update f\u00fcr Windows 7 KB4534310 hatte Microsoft einen Fehler eingebaut, der zu einem schwarzen Desktop f\u00fchren konnte. Jetzt wurde die KB4539601 als monatliches Rollup Update bzw. speziell die KB4539602 zum Download bereitgestellt. Beide beschreiben das Problem&hellip; <\/p>\n","protected":false},"author":134,"featured_media":96247,"comment_status":"open","ping_status":"open","sticky":false,"template":"","format":"standard","meta":{"jetpack_post_was_ever_published":false,"footnotes":"","jetpack_publicize_message":"","jetpack_publicize_feature_enabled":true,"jetpack_social_post_already_shared":true,"jetpack_social_options":{"image_generator_settings":{"template":"highway","default_image_id":0,"font":"","enabled":false},"version":2}},"categories":[11],"tags":[69096,69093,69094,69104,6872,69095,14,69103],"class_list":["post-134038","post","type-post","status-publish","format-standard","has-post-thumbnail","hentry","category-windows","tag-gestreckt","tag-kb4539601","tag-kb4539602","tag-kein-shutdown","tag-pc-laesst-sich-nicht-herunterfahren","tag-schwarzer-desktop","tag-windows-7-2","tag-windows-7-herunterfahren"],"wp_featured_image":{"id":96247,"alt_text":"","description":"","media_type":"image","media_details":{"width":484,"height":301,"file":"2018\/01\/windows-7-microsoft-laptop.png","sizes":{"thumbnail":{"file":"windows-7-microsoft-laptop-50x50.png","width":50,"height":50,"mime-type":"image\/png","source_url":"https:\/\/www.deskmodder.de\/blog\/wp-content\/uploads\/2018\/01\/windows-7-microsoft-laptop-50x50.png"},"blog-medium":{"file":"windows-7-microsoft-laptop-306x205.png","width":306,"height":205,"mime-type":"image\/png","source_url":"https:\/\/www.deskmodder.de\/blog\/wp-content\/uploads\/2018\/01\/windows-7-microsoft-laptop-306x205.png"},"recent-thumb":{"file":"windows-7-microsoft-laptop-350x301.png","width":350,"height":301,"mime-type":"image\/png","source_url":"https:\/\/www.deskmodder.de\/blog\/wp-content\/uploads\/2018\/01\/windows-7-microsoft-laptop-350x301.png"},"wp_rp_thumbnail":{"file":"windows-7-microsoft-laptop-50x50.png","width":50,"height":50,"mime-type":"image\/png","source_url":"https:\/\/www.deskmodder.de\/blog\/wp-content\/uploads\/2018\/01\/windows-7-microsoft-laptop-50x50.png"}},"image_meta":{"aperture":"0","credit":"","camera":"","caption":"","created_timestamp":"0","copyright":"","focal_length":"0","iso":"0","shutter_speed":"0","title":"","orientation":"0","keywords":[]}},"post":96244,"source_url":"https:\/\/www.deskmodder.de\/blog\/wp-content\/uploads\/2018\/01\/windows-7-microsoft-laptop.png"},"commentcount":13,"wp_comments":[{"id":126600,"parent":0,"author":0,"author_name":"Floppyrecycler","author_email":"adolfluemmel@gmail.com","author_url":"","author_avatar_urls":{"24":"https:\/\/secure.gravatar.com\/avatar\/575c6303c2f4558d27c82080c0c95b31c445d75c416902a1ad1feff4c436fc38?s=24&d=mm&r=g","48":"https:\/\/secure.gravatar.com\/avatar\/575c6303c2f4558d27c82080c0c95b31c445d75c416902a1ad1feff4c436fc38?s=48&d=mm&r=g","96":"https:\/\/secure.gravatar.com\/avatar\/575c6303c2f4558d27c82080c0c95b31c445d75c416902a1ad1feff4c436fc38?s=96&d=mm&r=g"},"date":"2020-02-08T07:26:37","cld_nonce":"2c6819c04b","content":{"rendered":"<p>@moinmoin: kleiner Typo im Titel? Der \u201eschwarten\u201c Desktop? Oink oink ??<\/p>\n"},"status":"1"},{"id":126601,"parent":126600,"author":134,"author_name":"moinmoin","author_email":"moin-moin@hab-verschlafen.de","author_url":"","author_avatar_urls":{"24":"https:\/\/secure.gravatar.com\/avatar\/fab96769102f8886245ab411df9a42a235be79261e4b44aa7ab2a555da8b86b4?s=24&d=mm&r=g","48":"https:\/\/secure.gravatar.com\/avatar\/fab96769102f8886245ab411df9a42a235be79261e4b44aa7ab2a555da8b86b4?s=48&d=mm&r=g","96":"https:\/\/secure.gravatar.com\/avatar\/fab96769102f8886245ab411df9a42a235be79261e4b44aa7ab2a555da8b86b4?s=96&d=mm&r=g"},"date":"2020-02-08T07:46:13","cld_nonce":"2c6819c04b","content":{"rendered":"<p>Ups, danke.<\/p>\n"},"status":"1"},{"id":126603,"parent":0,"author":3956,"author_name":"John-Boy","author_email":"edv.fst@gmx.com","author_url":"","author_avatar_urls":{"24":"https:\/\/secure.gravatar.com\/avatar\/36d3d6b28ddfa30d30dc8bed484ba2a32c95cfd9c83bde308d8fb476bb1abc84?s=24&d=mm&r=g","48":"https:\/\/secure.gravatar.com\/avatar\/36d3d6b28ddfa30d30dc8bed484ba2a32c95cfd9c83bde308d8fb476bb1abc84?s=48&d=mm&r=g","96":"https:\/\/secure.gravatar.com\/avatar\/36d3d6b28ddfa30d30dc8bed484ba2a32c95cfd9c83bde308d8fb476bb1abc84?s=96&d=mm&r=g"},"date":"2020-02-08T09:05:00","cld_nonce":"2c6819c04b","content":{"rendered":"<p>Seit dem ich das Update KB4539602 auf meinem Laptop installiert habe l\u00e4uft der L\u00fcfter permanent,<br \/>\nhabe es wieder deinstalliert.<\/p>\n"},"status":"1"},{"id":126612,"parent":0,"author":0,"author_name":"Herr Hugo","author_email":"hugohilter@t-online.de","author_url":"","author_avatar_urls":{"24":"https:\/\/secure.gravatar.com\/avatar\/dc5176746c873787fa3f8df5f9bdfbd2f7688721f771100eb4d7b4e82e2d655b?s=24&d=mm&r=g","48":"https:\/\/secure.gravatar.com\/avatar\/dc5176746c873787fa3f8df5f9bdfbd2f7688721f771100eb4d7b4e82e2d655b?s=48&d=mm&r=g","96":"https:\/\/secure.gravatar.com\/avatar\/dc5176746c873787fa3f8df5f9bdfbd2f7688721f771100eb4d7b4e82e2d655b?s=96&d=mm&r=g"},"date":"2020-02-08T11:09:17","cld_nonce":"2c6819c04b","content":{"rendered":"<p>Kein schwarzer L\u00fcfter und kein st\u00e4ndig laufender Desktop auf&#8230;herrjeh! umgekehrt mu\u00df das sein, grins! <img src=\"https:\/\/www.deskmodder.de\/blog\/wp-content\/plugins\/classic-smilies\/img\/icon_mrgreen.gif\" alt=\":mrgreen:\" class=\"wp-smiley\" \/> <\/p>\n<p>Also nochmal: auf meinem einzig verbliebenen Win7(Laptop) + 27&#8243; gab und gibt es weder schwarze Desktops noch permanent laufende L\u00fcfter. L\u00e4uft wie immer. Ob ich ihn runterfahren kann? Wird sich schon noch zeigen. Bis dahin brauch\u00b4 ich das o.a. spezielle Update erst mal nicht.<\/p>\n"},"status":"1"},{"id":126640,"parent":0,"author":0,"author_name":"absynth","author_email":"absynth@0box.eu","author_url":"","author_avatar_urls":{"24":"https:\/\/secure.gravatar.com\/avatar\/b52ca3453907f4078f59814f610e5f0703b7d2f9011f5fbba48114f2b874d776?s=24&d=mm&r=g","48":"https:\/\/secure.gravatar.com\/avatar\/b52ca3453907f4078f59814f610e5f0703b7d2f9011f5fbba48114f2b874d776?s=48&d=mm&r=g","96":"https:\/\/secure.gravatar.com\/avatar\/b52ca3453907f4078f59814f610e5f0703b7d2f9011f5fbba48114f2b874d776?s=96&d=mm&r=g"},"date":"2020-02-08T16:20:30","cld_nonce":"2c6819c04b","content":{"rendered":"<p>Auch auf meinem Laptop mit Win7 hatte ich die beschriebenen Probleme nicht. Ich habe allerdings auch kein gestrecktes Hintergrundbild. L\u00fcfter laufen normal. Ich habe alle Updates immer manuell installiert und auch nur Sicherheitsupdates und keine  &#8222;Win10 G\u00e4ngel Updates&#8220;  Runterfahren ist kein Problem. Genauso mache ich es bei Windows 10 und keine Probleme gehabt bisher. Diese nutzlosen 1\/2 j\u00e4hrlichen Upgrades werden bei mir immer geblockt<\/p>\n"},"status":"1"},{"id":126677,"parent":0,"author":3778,"author_name":"Grisu_1968","author_email":"ralferhardt@t-online.de","author_url":"","author_avatar_urls":{"24":"https:\/\/secure.gravatar.com\/avatar\/43359e66560020595daca0731f686b70ff9e2aabfbea2448b58316e993d2e4d2?s=24&d=mm&r=g","48":"https:\/\/secure.gravatar.com\/avatar\/43359e66560020595daca0731f686b70ff9e2aabfbea2448b58316e993d2e4d2?s=48&d=mm&r=g","96":"https:\/\/secure.gravatar.com\/avatar\/43359e66560020595daca0731f686b70ff9e2aabfbea2448b58316e993d2e4d2?s=96&d=mm&r=g"},"date":"2020-02-09T07:37:11","cld_nonce":"2c6819c04b","content":{"rendered":"<p>Ich hab Zuhause noch einen Passiv gek\u00fchlten PC. Da laufen keine L\u00fcfter?<\/p>\n"},"status":"1"},{"id":126731,"parent":0,"author":0,"author_name":"Herr Hugo","author_email":"hugohilter@t-online.de","author_url":"","author_avatar_urls":{"24":"https:\/\/secure.gravatar.com\/avatar\/dc5176746c873787fa3f8df5f9bdfbd2f7688721f771100eb4d7b4e82e2d655b?s=24&d=mm&r=g","48":"https:\/\/secure.gravatar.com\/avatar\/dc5176746c873787fa3f8df5f9bdfbd2f7688721f771100eb4d7b4e82e2d655b?s=48&d=mm&r=g","96":"https:\/\/secure.gravatar.com\/avatar\/dc5176746c873787fa3f8df5f9bdfbd2f7688721f771100eb4d7b4e82e2d655b?s=96&d=mm&r=g"},"date":"2020-02-10T10:54:40","cld_nonce":"2c6819c04b","content":{"rendered":"<p>Update zum runterfahren: Win7 auf dem Laptop war eingefroren, da habe ich &#8222;abgew\u00fcrgt&#8220; (l\u00e4nger 5 s Powerknopf) &#8211; beim booten kam die obligatorische Fehlermeldung, danach aber alles wie normal.<\/p>\n"},"status":"1"},{"id":126735,"parent":0,"author":4440,"author_name":"DK2000","author_email":"kleiner.dicker.tiger@gmail.com","author_url":"","author_avatar_urls":{"24":"https:\/\/secure.gravatar.com\/avatar\/f47c5818487788ab85c373f448667f574e8c0e789a076cd59313e685780305a2?s=24&d=mm&r=g","48":"https:\/\/secure.gravatar.com\/avatar\/f47c5818487788ab85c373f448667f574e8c0e789a076cd59313e685780305a2?s=48&d=mm&r=g","96":"https:\/\/secure.gravatar.com\/avatar\/f47c5818487788ab85c373f448667f574e8c0e789a076cd59313e685780305a2?s=96&d=mm&r=g"},"date":"2020-02-10T12:31:51","cld_nonce":"2c6819c04b","content":{"rendered":"<p>Und das Update greift wirklich in die Benutzerkontensteuerung ein und deaktiviert die Richtlinie? Kann ich mir so irgendwie gar nicht  vorstellen.<\/p>\n"},"status":"1"},{"id":126736,"parent":126735,"author":134,"author_name":"moinmoin","author_email":"moin-moin@hab-verschlafen.de","author_url":"","author_avatar_urls":{"24":"https:\/\/secure.gravatar.com\/avatar\/fab96769102f8886245ab411df9a42a235be79261e4b44aa7ab2a555da8b86b4?s=24&d=mm&r=g","48":"https:\/\/secure.gravatar.com\/avatar\/fab96769102f8886245ab411df9a42a235be79261e4b44aa7ab2a555da8b86b4?s=48&d=mm&r=g","96":"https:\/\/secure.gravatar.com\/avatar\/fab96769102f8886245ab411df9a42a235be79261e4b44aa7ab2a555da8b86b4?s=96&d=mm&r=g"},"date":"2020-02-10T12:36:44","cld_nonce":"2c6819c04b","content":{"rendered":"<p>Nein, das Update verursacht nicht das Problem mit dem herunterfahren. Das tritt ohne das neue Update auf. Ist aber wohl extern gelagert, also MS nicht schuld.<\/p>\n"},"status":"1"},{"id":126737,"parent":126736,"author":4440,"author_name":"DK2000","author_email":"kleiner.dicker.tiger@gmail.com","author_url":"","author_avatar_urls":{"24":"https:\/\/secure.gravatar.com\/avatar\/f47c5818487788ab85c373f448667f574e8c0e789a076cd59313e685780305a2?s=24&d=mm&r=g","48":"https:\/\/secure.gravatar.com\/avatar\/f47c5818487788ab85c373f448667f574e8c0e789a076cd59313e685780305a2?s=48&d=mm&r=g","96":"https:\/\/secure.gravatar.com\/avatar\/f47c5818487788ab85c373f448667f574e8c0e789a076cd59313e685780305a2?s=96&d=mm&r=g"},"date":"2020-02-10T13:56:40","cld_nonce":"2c6819c04b","content":{"rendered":"<p>Achso. Hatte das jetzt so verstanden, dass das Problem auftritt, wenn man die beiden Updates hier installiert oder eines davon.  Aber wenn das was externes ist, dann gut. Dann kann das alles M\u00f6gliche sein.<\/p>\n"},"status":"1"},{"id":126742,"parent":0,"author":0,"author_name":"Rush","author_email":"djmajorrush@yahoo.de","author_url":"","author_avatar_urls":{"24":"https:\/\/secure.gravatar.com\/avatar\/f8e6ead7b0507ee23e2f9ded45c3941b6d2903892903aae5f1e43d22b6d1c166?s=24&d=mm&r=g","48":"https:\/\/secure.gravatar.com\/avatar\/f8e6ead7b0507ee23e2f9ded45c3941b6d2903892903aae5f1e43d22b6d1c166?s=48&d=mm&r=g","96":"https:\/\/secure.gravatar.com\/avatar\/f8e6ead7b0507ee23e2f9ded45c3941b6d2903892903aae5f1e43d22b6d1c166?s=96&d=mm&r=g"},"date":"2020-02-10T14:13:34","cld_nonce":"2c6819c04b","content":{"rendered":"<p>und noch ein fehler ?<\/p>\n<p><a href=\"https:\/\/winfuture.de\/news,113977.html\" rel=\"nofollow ugc\">https:\/\/winfuture.de\/news,113977.html<\/a><\/p>\n"},"status":"1"},{"id":126743,"parent":126742,"author":134,"author_name":"moinmoin","author_email":"moin-moin@hab-verschlafen.de","author_url":"","author_avatar_urls":{"24":"https:\/\/secure.gravatar.com\/avatar\/fab96769102f8886245ab411df9a42a235be79261e4b44aa7ab2a555da8b86b4?s=24&d=mm&r=g","48":"https:\/\/secure.gravatar.com\/avatar\/fab96769102f8886245ab411df9a42a235be79261e4b44aa7ab2a555da8b86b4?s=48&d=mm&r=g","96":"https:\/\/secure.gravatar.com\/avatar\/fab96769102f8886245ab411df9a42a235be79261e4b44aa7ab2a555da8b86b4?s=96&d=mm&r=g"},"date":"2020-02-10T14:15:14","cld_nonce":"2c6819c04b","content":{"rendered":"<p>Nicht noch ein Fehler. Ist derselbe Bug \u00fcber den die da berichten. <img src=\"https:\/\/www.deskmodder.de\/blog\/wp-content\/plugins\/classic-smilies\/img\/icon_wink.gif\" alt=\";)\" class=\"wp-smiley\" \/><\/p>\n"},"status":"1"},{"id":126749,"parent":0,"author":0,"author_name":"Rush","author_email":"djmajorrush@yahoo.de","author_url":"","author_avatar_urls":{"24":"https:\/\/secure.gravatar.com\/avatar\/f8e6ead7b0507ee23e2f9ded45c3941b6d2903892903aae5f1e43d22b6d1c166?s=24&d=mm&r=g","48":"https:\/\/secure.gravatar.com\/avatar\/f8e6ead7b0507ee23e2f9ded45c3941b6d2903892903aae5f1e43d22b6d1c166?s=48&d=mm&r=g","96":"https:\/\/secure.gravatar.com\/avatar\/f8e6ead7b0507ee23e2f9ded45c3941b6d2903892903aae5f1e43d22b6d1c166?s=96&d=mm&r=g"},"date":"2020-02-10T14:53:06","cld_nonce":"2c6819c04b","content":{"rendered":"<p>also desktop schwarz und reboot bug <img src=\"https:\/\/www.deskmodder.de\/blog\/wp-content\/plugins\/classic-smilies\/img\/icon_biggrin.gif\" alt=\":D\" class=\"wp-smiley\" \/> *lol*<\/p>\n"},"status":"1"}],"wp_author":{"id":134,"name":"moinmoin","description":"Ich bin nicht allwissend, was <a href=\"https:\/\/www.deskmodder.de\/wiki\/index.php?title=Kategorie:Windows_11\">Windows<\/a> angeht. Aber genau deshalb nehme ich Windows gerne auseinander und unter die Lupe, um all mein Wissen zu erweitern. <i>J\u00fcrgen<\/i>","author_avatar_urls":{"24":"https:\/\/secure.gravatar.com\/avatar\/fab96769102f8886245ab411df9a42a235be79261e4b44aa7ab2a555da8b86b4?s=24&d=mm&r=g","48":"https:\/\/secure.gravatar.com\/avatar\/fab96769102f8886245ab411df9a42a235be79261e4b44aa7ab2a555da8b86b4?s=48&d=mm&r=g","96":"https:\/\/secure.gravatar.com\/avatar\/fab96769102f8886245ab411df9a42a235be79261e4b44aa7ab2a555da8b86b4?s=96&d=mm&r=g"}},"cld_nonce":"2c6819c04b","yoast_head":"<!-- This site is optimized with the Yoast SEO Premium plugin v27.5 (Yoast SEO v27.5) - https:\/\/yoast.com\/product\/yoast-seo-premium-wordpress\/ -->\n<title>KB4539601 \/ KB4539602 beheben das Problem mit dem schwarzen Desktop unter Windows 7 [Update] - Deskmodder.de<\/title>\n<meta name=\"robots\" content=\"index, follow, max-snippet:-1, max-image-preview:large, max-video-preview:-1\" \/>\n<link rel=\"canonical\" href=\"https:\/\/www.deskmodder.de\/blog\/2020\/02\/08\/kb4539601-kb4539602-beheben-das-problem-mit-dem-schwarten-desktop-unter-windows-7\/\" \/>\n<meta property=\"og:locale\" content=\"de_DE\" \/>\n<meta property=\"og:type\" content=\"article\" \/>\n<meta property=\"og:title\" content=\"KB4539601 \/ KB4539602 beheben das Problem mit dem schwarzen Desktop unter Windows 7 [Update]\" \/>\n<meta property=\"og:description\" content=\"Mit dem eigentlich letzten Update f\u00fcr Windows 7 KB4534310 hatte Microsoft einen Fehler eingebaut, der zu einem schwarzen Desktop f\u00fchren konnte. Jetzt wurde die KB4539601 als monatliches Rollup Update bzw. speziell die KB4539602 zum Download bereitgestellt. Beide beschreiben das Problem&hellip;\" \/>\n<meta property=\"og:url\" content=\"https:\/\/www.deskmodder.de\/blog\/2020\/02\/08\/kb4539601-kb4539602-beheben-das-problem-mit-dem-schwarten-desktop-unter-windows-7\/\" \/>\n<meta property=\"og:site_name\" content=\"Deskmodder.de\" \/>\n<meta property=\"article:publisher\" content=\"https:\/\/www.facebook.com\/Deskmodder\" \/>\n<meta property=\"article:published_time\" content=\"2020-02-08T06:10:53+00:00\" \/>\n<meta property=\"article:modified_time\" content=\"2023-01-14T14:52:12+00:00\" \/>\n<meta property=\"og:image\" content=\"https:\/\/www.deskmodder.de\/blog\/wp-content\/uploads\/2018\/01\/windows-7-microsoft-laptop.png\" \/>\n\t<meta property=\"og:image:width\" content=\"484\" \/>\n\t<meta property=\"og:image:height\" content=\"301\" \/>\n\t<meta property=\"og:image:type\" content=\"image\/png\" \/>\n<meta name=\"author\" content=\"moinmoin\" \/>\n<meta name=\"twitter:card\" content=\"summary_large_image\" \/>\n<meta name=\"twitter:creator\" content=\"@Deskmodder\" \/>\n<meta name=\"twitter:site\" content=\"@Deskmodder\" \/>\n<script type=\"application\/ld+json\" class=\"yoast-schema-graph\">{\"@context\":\"https:\\\/\\\/schema.org\",\"@graph\":[{\"@type\":\"Article\",\"@id\":\"https:\\\/\\\/www.deskmodder.de\\\/blog\\\/2020\\\/02\\\/08\\\/kb4539601-kb4539602-beheben-das-problem-mit-dem-schwarten-desktop-unter-windows-7\\\/#article\",\"isPartOf\":{\"@id\":\"https:\\\/\\\/www.deskmodder.de\\\/blog\\\/2020\\\/02\\\/08\\\/kb4539601-kb4539602-beheben-das-problem-mit-dem-schwarten-desktop-unter-windows-7\\\/\"},\"author\":{\"name\":\"moinmoin\",\"@id\":\"https:\\\/\\\/www.deskmodder.de\\\/blog\\\/#\\\/schema\\\/person\\\/a40b17a9503c4a1568ac4073bb54182a\"},\"headline\":\"KB4539601 \\\/ KB4539602 beheben das Problem mit dem schwarzen Desktop unter Windows 7 [Update]\",\"datePublished\":\"2020-02-08T06:10:53+00:00\",\"dateModified\":\"2023-01-14T14:52:12+00:00\",\"mainEntityOfPage\":{\"@id\":\"https:\\\/\\\/www.deskmodder.de\\\/blog\\\/2020\\\/02\\\/08\\\/kb4539601-kb4539602-beheben-das-problem-mit-dem-schwarten-desktop-unter-windows-7\\\/\"},\"wordCount\":285,\"commentCount\":13,\"publisher\":{\"@id\":\"https:\\\/\\\/www.deskmodder.de\\\/blog\\\/#organization\"},\"image\":{\"@id\":\"https:\\\/\\\/www.deskmodder.de\\\/blog\\\/2020\\\/02\\\/08\\\/kb4539601-kb4539602-beheben-das-problem-mit-dem-schwarten-desktop-unter-windows-7\\\/#primaryimage\"},\"thumbnailUrl\":\"https:\\\/\\\/www.deskmodder.de\\\/blog\\\/wp-content\\\/uploads\\\/2018\\\/01\\\/windows-7-microsoft-laptop.png\",\"keywords\":[\"Gestreckt\",\"KB4539601\",\"KB4539602\",\"Kein Shutdown\",\"PC l\u00e4sst sich nicht herunterfahren\",\"Schwarzer Desktop\",\"windows 7\",\"Windows 7 herunterfahren\"],\"articleSection\":[\"Windows \u00e4lter\"],\"inLanguage\":\"de\",\"potentialAction\":[{\"@type\":\"CommentAction\",\"name\":\"Comment\",\"target\":[\"https:\\\/\\\/www.deskmodder.de\\\/blog\\\/2020\\\/02\\\/08\\\/kb4539601-kb4539602-beheben-das-problem-mit-dem-schwarten-desktop-unter-windows-7\\\/#respond\"]}],\"copyrightYear\":\"2020\",\"copyrightHolder\":{\"@id\":\"https:\\\/\\\/www.deskmodder.de\\\/blog\\\/#organization\"}},{\"@type\":\"WebPage\",\"@id\":\"https:\\\/\\\/www.deskmodder.de\\\/blog\\\/2020\\\/02\\\/08\\\/kb4539601-kb4539602-beheben-das-problem-mit-dem-schwarten-desktop-unter-windows-7\\\/\",\"url\":\"https:\\\/\\\/www.deskmodder.de\\\/blog\\\/2020\\\/02\\\/08\\\/kb4539601-kb4539602-beheben-das-problem-mit-dem-schwarten-desktop-unter-windows-7\\\/\",\"name\":\"KB4539601 \\\/ KB4539602 beheben das Problem mit dem schwarzen Desktop unter Windows 7 [Update] - Deskmodder.de\",\"isPartOf\":{\"@id\":\"https:\\\/\\\/www.deskmodder.de\\\/blog\\\/#website\"},\"primaryImageOfPage\":{\"@id\":\"https:\\\/\\\/www.deskmodder.de\\\/blog\\\/2020\\\/02\\\/08\\\/kb4539601-kb4539602-beheben-das-problem-mit-dem-schwarten-desktop-unter-windows-7\\\/#primaryimage\"},\"image\":{\"@id\":\"https:\\\/\\\/www.deskmodder.de\\\/blog\\\/2020\\\/02\\\/08\\\/kb4539601-kb4539602-beheben-das-problem-mit-dem-schwarten-desktop-unter-windows-7\\\/#primaryimage\"},\"thumbnailUrl\":\"https:\\\/\\\/www.deskmodder.de\\\/blog\\\/wp-content\\\/uploads\\\/2018\\\/01\\\/windows-7-microsoft-laptop.png\",\"datePublished\":\"2020-02-08T06:10:53+00:00\",\"dateModified\":\"2023-01-14T14:52:12+00:00\",\"breadcrumb\":{\"@id\":\"https:\\\/\\\/www.deskmodder.de\\\/blog\\\/2020\\\/02\\\/08\\\/kb4539601-kb4539602-beheben-das-problem-mit-dem-schwarten-desktop-unter-windows-7\\\/#breadcrumb\"},\"inLanguage\":\"de\",\"potentialAction\":[{\"@type\":\"ReadAction\",\"target\":[\"https:\\\/\\\/www.deskmodder.de\\\/blog\\\/2020\\\/02\\\/08\\\/kb4539601-kb4539602-beheben-das-problem-mit-dem-schwarten-desktop-unter-windows-7\\\/\"]}]},{\"@type\":\"ImageObject\",\"inLanguage\":\"de\",\"@id\":\"https:\\\/\\\/www.deskmodder.de\\\/blog\\\/2020\\\/02\\\/08\\\/kb4539601-kb4539602-beheben-das-problem-mit-dem-schwarten-desktop-unter-windows-7\\\/#primaryimage\",\"url\":\"https:\\\/\\\/www.deskmodder.de\\\/blog\\\/wp-content\\\/uploads\\\/2018\\\/01\\\/windows-7-microsoft-laptop.png\",\"contentUrl\":\"https:\\\/\\\/www.deskmodder.de\\\/blog\\\/wp-content\\\/uploads\\\/2018\\\/01\\\/windows-7-microsoft-laptop.png\",\"width\":484,\"height\":301},{\"@type\":\"BreadcrumbList\",\"@id\":\"https:\\\/\\\/www.deskmodder.de\\\/blog\\\/2020\\\/02\\\/08\\\/kb4539601-kb4539602-beheben-das-problem-mit-dem-schwarten-desktop-unter-windows-7\\\/#breadcrumb\",\"itemListElement\":[{\"@type\":\"ListItem\",\"position\":1,\"name\":\"Startseite\",\"item\":\"https:\\\/\\\/www.deskmodder.de\\\/blog\\\/\"},{\"@type\":\"ListItem\",\"position\":2,\"name\":\"KB4539601 \\\/ KB4539602 beheben das Problem mit dem schwarzen Desktop unter Windows 7 [Update]\"}]},{\"@type\":\"WebSite\",\"@id\":\"https:\\\/\\\/www.deskmodder.de\\\/blog\\\/#website\",\"url\":\"https:\\\/\\\/www.deskmodder.de\\\/blog\\\/\",\"name\":\"Deskmodder.de\",\"description\":\"News zum Thema Microsoft, Windows 11 \\\/ 10, sowie anderen Neuigkeiten aus dem Netz, viele Tipps und individuelle Hilfe bei Problemen in unserem Forum \u25cf Deskmodder - seit 2003\",\"publisher\":{\"@id\":\"https:\\\/\\\/www.deskmodder.de\\\/blog\\\/#organization\"},\"potentialAction\":[{\"@type\":\"SearchAction\",\"target\":{\"@type\":\"EntryPoint\",\"urlTemplate\":\"https:\\\/\\\/www.deskmodder.de\\\/blog\\\/?s={search_term_string}\"},\"query-input\":{\"@type\":\"PropertyValueSpecification\",\"valueRequired\":true,\"valueName\":\"search_term_string\"}}],\"inLanguage\":\"de\"},{\"@type\":\"Organization\",\"@id\":\"https:\\\/\\\/www.deskmodder.de\\\/blog\\\/#organization\",\"name\":\"Deskmodder\",\"url\":\"https:\\\/\\\/www.deskmodder.de\\\/blog\\\/\",\"logo\":{\"@type\":\"ImageObject\",\"inLanguage\":\"de\",\"@id\":\"https:\\\/\\\/www.deskmodder.de\\\/blog\\\/#\\\/schema\\\/logo\\\/image\\\/\",\"url\":\"https:\\\/\\\/www.deskmodder.de\\\/blog\\\/wp-content\\\/uploads\\\/2019\\\/01\\\/deskmodder-logo-app.png\",\"contentUrl\":\"https:\\\/\\\/www.deskmodder.de\\\/blog\\\/wp-content\\\/uploads\\\/2019\\\/01\\\/deskmodder-logo-app.png\",\"width\":281,\"height\":286,\"caption\":\"Deskmodder\"},\"image\":{\"@id\":\"https:\\\/\\\/www.deskmodder.de\\\/blog\\\/#\\\/schema\\\/logo\\\/image\\\/\"},\"sameAs\":[\"https:\\\/\\\/www.facebook.com\\\/Deskmodder\",\"https:\\\/\\\/x.com\\\/Deskmodder\",\"https:\\\/\\\/mastodontech.de\\\/@Deskmodder\",\"https:\\\/\\\/www.youtube.com\\\/user\\\/deskmodder\",\"https:\\\/\\\/mewe.com\\\/group\\\/5c83b5231add826fc80cdae1\"]},{\"@type\":\"Person\",\"@id\":\"https:\\\/\\\/www.deskmodder.de\\\/blog\\\/#\\\/schema\\\/person\\\/a40b17a9503c4a1568ac4073bb54182a\",\"name\":\"moinmoin\",\"image\":{\"@type\":\"ImageObject\",\"inLanguage\":\"de\",\"@id\":\"https:\\\/\\\/secure.gravatar.com\\\/avatar\\\/fab96769102f8886245ab411df9a42a235be79261e4b44aa7ab2a555da8b86b4?s=96&d=mm&r=g\",\"url\":\"https:\\\/\\\/secure.gravatar.com\\\/avatar\\\/fab96769102f8886245ab411df9a42a235be79261e4b44aa7ab2a555da8b86b4?s=96&d=mm&r=g\",\"contentUrl\":\"https:\\\/\\\/secure.gravatar.com\\\/avatar\\\/fab96769102f8886245ab411df9a42a235be79261e4b44aa7ab2a555da8b86b4?s=96&d=mm&r=g\",\"caption\":\"moinmoin\"},\"description\":\"Ich bin nicht allwissend, was Windows angeht. Aber genau deshalb nehme ich Windows gerne auseinander und unter die Lupe, um all mein Wissen zu erweitern. J\u00fcrgen\",\"url\":\"https:\\\/\\\/www.deskmodder.de\\\/blog\\\/author\\\/moinmoin\\\/\"}]}<\/script>\n<!-- \/ Yoast SEO Premium plugin. -->","yoast_head_json":{"title":"KB4539601 \/ KB4539602 beheben das Problem mit dem schwarzen Desktop unter Windows 7 [Update] - Deskmodder.de","robots":{"index":"index","follow":"follow","max-snippet":"max-snippet:-1","max-image-preview":"max-image-preview:large","max-video-preview":"max-video-preview:-1"},"canonical":"https:\/\/www.deskmodder.de\/blog\/2020\/02\/08\/kb4539601-kb4539602-beheben-das-problem-mit-dem-schwarten-desktop-unter-windows-7\/","og_locale":"de_DE","og_type":"article","og_title":"KB4539601 \/ KB4539602 beheben das Problem mit dem schwarzen Desktop unter Windows 7 [Update]","og_description":"Mit dem eigentlich letzten Update f\u00fcr Windows 7 KB4534310 hatte Microsoft einen Fehler eingebaut, der zu einem schwarzen Desktop f\u00fchren konnte. Jetzt wurde die KB4539601 als monatliches Rollup Update bzw. speziell die KB4539602 zum Download bereitgestellt. Beide beschreiben das Problem&hellip;","og_url":"https:\/\/www.deskmodder.de\/blog\/2020\/02\/08\/kb4539601-kb4539602-beheben-das-problem-mit-dem-schwarten-desktop-unter-windows-7\/","og_site_name":"Deskmodder.de","article_publisher":"https:\/\/www.facebook.com\/Deskmodder","article_published_time":"2020-02-08T06:10:53+00:00","article_modified_time":"2023-01-14T14:52:12+00:00","og_image":[{"width":484,"height":301,"url":"https:\/\/www.deskmodder.de\/blog\/wp-content\/uploads\/2018\/01\/windows-7-microsoft-laptop.png","type":"image\/png"}],"author":"moinmoin","twitter_card":"summary_large_image","twitter_creator":"@Deskmodder","twitter_site":"@Deskmodder","schema":{"@context":"https:\/\/schema.org","@graph":[{"@type":"Article","@id":"https:\/\/www.deskmodder.de\/blog\/2020\/02\/08\/kb4539601-kb4539602-beheben-das-problem-mit-dem-schwarten-desktop-unter-windows-7\/#article","isPartOf":{"@id":"https:\/\/www.deskmodder.de\/blog\/2020\/02\/08\/kb4539601-kb4539602-beheben-das-problem-mit-dem-schwarten-desktop-unter-windows-7\/"},"author":{"name":"moinmoin","@id":"https:\/\/www.deskmodder.de\/blog\/#\/schema\/person\/a40b17a9503c4a1568ac4073bb54182a"},"headline":"KB4539601 \/ KB4539602 beheben das Problem mit dem schwarzen Desktop unter Windows 7 [Update]","datePublished":"2020-02-08T06:10:53+00:00","dateModified":"2023-01-14T14:52:12+00:00","mainEntityOfPage":{"@id":"https:\/\/www.deskmodder.de\/blog\/2020\/02\/08\/kb4539601-kb4539602-beheben-das-problem-mit-dem-schwarten-desktop-unter-windows-7\/"},"wordCount":285,"commentCount":13,"publisher":{"@id":"https:\/\/www.deskmodder.de\/blog\/#organization"},"image":{"@id":"https:\/\/www.deskmodder.de\/blog\/2020\/02\/08\/kb4539601-kb4539602-beheben-das-problem-mit-dem-schwarten-desktop-unter-windows-7\/#primaryimage"},"thumbnailUrl":"https:\/\/www.deskmodder.de\/blog\/wp-content\/uploads\/2018\/01\/windows-7-microsoft-laptop.png","keywords":["Gestreckt","KB4539601","KB4539602","Kein Shutdown","PC l\u00e4sst sich nicht herunterfahren","Schwarzer Desktop","windows 7","Windows 7 herunterfahren"],"articleSection":["Windows \u00e4lter"],"inLanguage":"de","potentialAction":[{"@type":"CommentAction","name":"Comment","target":["https:\/\/www.deskmodder.de\/blog\/2020\/02\/08\/kb4539601-kb4539602-beheben-das-problem-mit-dem-schwarten-desktop-unter-windows-7\/#respond"]}],"copyrightYear":"2020","copyrightHolder":{"@id":"https:\/\/www.deskmodder.de\/blog\/#organization"}},{"@type":"WebPage","@id":"https:\/\/www.deskmodder.de\/blog\/2020\/02\/08\/kb4539601-kb4539602-beheben-das-problem-mit-dem-schwarten-desktop-unter-windows-7\/","url":"https:\/\/www.deskmodder.de\/blog\/2020\/02\/08\/kb4539601-kb4539602-beheben-das-problem-mit-dem-schwarten-desktop-unter-windows-7\/","name":"KB4539601 \/ KB4539602 beheben das Problem mit dem schwarzen Desktop unter Windows 7 [Update] - Deskmodder.de","isPartOf":{"@id":"https:\/\/www.deskmodder.de\/blog\/#website"},"primaryImageOfPage":{"@id":"https:\/\/www.deskmodder.de\/blog\/2020\/02\/08\/kb4539601-kb4539602-beheben-das-problem-mit-dem-schwarten-desktop-unter-windows-7\/#primaryimage"},"image":{"@id":"https:\/\/www.deskmodder.de\/blog\/2020\/02\/08\/kb4539601-kb4539602-beheben-das-problem-mit-dem-schwarten-desktop-unter-windows-7\/#primaryimage"},"thumbnailUrl":"https:\/\/www.deskmodder.de\/blog\/wp-content\/uploads\/2018\/01\/windows-7-microsoft-laptop.png","datePublished":"2020-02-08T06:10:53+00:00","dateModified":"2023-01-14T14:52:12+00:00","breadcrumb":{"@id":"https:\/\/www.deskmodder.de\/blog\/2020\/02\/08\/kb4539601-kb4539602-beheben-das-problem-mit-dem-schwarten-desktop-unter-windows-7\/#breadcrumb"},"inLanguage":"de","potentialAction":[{"@type":"ReadAction","target":["https:\/\/www.deskmodder.de\/blog\/2020\/02\/08\/kb4539601-kb4539602-beheben-das-problem-mit-dem-schwarten-desktop-unter-windows-7\/"]}]},{"@type":"ImageObject","inLanguage":"de","@id":"https:\/\/www.deskmodder.de\/blog\/2020\/02\/08\/kb4539601-kb4539602-beheben-das-problem-mit-dem-schwarten-desktop-unter-windows-7\/#primaryimage","url":"https:\/\/www.deskmodder.de\/blog\/wp-content\/uploads\/2018\/01\/windows-7-microsoft-laptop.png","contentUrl":"https:\/\/www.deskmodder.de\/blog\/wp-content\/uploads\/2018\/01\/windows-7-microsoft-laptop.png","width":484,"height":301},{"@type":"BreadcrumbList","@id":"https:\/\/www.deskmodder.de\/blog\/2020\/02\/08\/kb4539601-kb4539602-beheben-das-problem-mit-dem-schwarten-desktop-unter-windows-7\/#breadcrumb","itemListElement":[{"@type":"ListItem","position":1,"name":"Startseite","item":"https:\/\/www.deskmodder.de\/blog\/"},{"@type":"ListItem","position":2,"name":"KB4539601 \/ KB4539602 beheben das Problem mit dem schwarzen Desktop unter Windows 7 [Update]"}]},{"@type":"WebSite","@id":"https:\/\/www.deskmodder.de\/blog\/#website","url":"https:\/\/www.deskmodder.de\/blog\/","name":"Deskmodder.de","description":"News zum Thema Microsoft, Windows 11 \/ 10, sowie anderen Neuigkeiten aus dem Netz, viele Tipps und individuelle Hilfe bei Problemen in unserem Forum \u25cf Deskmodder - seit 2003","publisher":{"@id":"https:\/\/www.deskmodder.de\/blog\/#organization"},"potentialAction":[{"@type":"SearchAction","target":{"@type":"EntryPoint","urlTemplate":"https:\/\/www.deskmodder.de\/blog\/?s={search_term_string}"},"query-input":{"@type":"PropertyValueSpecification","valueRequired":true,"valueName":"search_term_string"}}],"inLanguage":"de"},{"@type":"Organization","@id":"https:\/\/www.deskmodder.de\/blog\/#organization","name":"Deskmodder","url":"https:\/\/www.deskmodder.de\/blog\/","logo":{"@type":"ImageObject","inLanguage":"de","@id":"https:\/\/www.deskmodder.de\/blog\/#\/schema\/logo\/image\/","url":"https:\/\/www.deskmodder.de\/blog\/wp-content\/uploads\/2019\/01\/deskmodder-logo-app.png","contentUrl":"https:\/\/www.deskmodder.de\/blog\/wp-content\/uploads\/2019\/01\/deskmodder-logo-app.png","width":281,"height":286,"caption":"Deskmodder"},"image":{"@id":"https:\/\/www.deskmodder.de\/blog\/#\/schema\/logo\/image\/"},"sameAs":["https:\/\/www.facebook.com\/Deskmodder","https:\/\/x.com\/Deskmodder","https:\/\/mastodontech.de\/@Deskmodder","https:\/\/www.youtube.com\/user\/deskmodder","https:\/\/mewe.com\/group\/5c83b5231add826fc80cdae1"]},{"@type":"Person","@id":"https:\/\/www.deskmodder.de\/blog\/#\/schema\/person\/a40b17a9503c4a1568ac4073bb54182a","name":"moinmoin","image":{"@type":"ImageObject","inLanguage":"de","@id":"https:\/\/secure.gravatar.com\/avatar\/fab96769102f8886245ab411df9a42a235be79261e4b44aa7ab2a555da8b86b4?s=96&d=mm&r=g","url":"https:\/\/secure.gravatar.com\/avatar\/fab96769102f8886245ab411df9a42a235be79261e4b44aa7ab2a555da8b86b4?s=96&d=mm&r=g","contentUrl":"https:\/\/secure.gravatar.com\/avatar\/fab96769102f8886245ab411df9a42a235be79261e4b44aa7ab2a555da8b86b4?s=96&d=mm&r=g","caption":"moinmoin"},"description":"Ich bin nicht allwissend, was Windows angeht. Aber genau deshalb nehme ich Windows gerne auseinander und unter die Lupe, um all mein Wissen zu erweitern. J\u00fcrgen","url":"https:\/\/www.deskmodder.de\/blog\/author\/moinmoin\/"}]}},"jetpack_publicize_connections":[],"jetpack_featured_media_url":"https:\/\/www.deskmodder.de\/blog\/wp-content\/uploads\/2018\/01\/windows-7-microsoft-laptop.png","_links":{"self":[{"href":"https:\/\/www.deskmodder.de\/blog\/wp-json\/wp\/v2\/posts\/134038","targetHints":{"allow":["GET"]}}],"collection":[{"href":"https:\/\/www.deskmodder.de\/blog\/wp-json\/wp\/v2\/posts"}],"about":[{"href":"https:\/\/www.deskmodder.de\/blog\/wp-json\/wp\/v2\/types\/post"}],"author":[{"embeddable":true,"href":"https:\/\/www.deskmodder.de\/blog\/wp-json\/wp\/v2\/users\/134"}],"replies":[{"embeddable":true,"href":"https:\/\/www.deskmodder.de\/blog\/wp-json\/wp\/v2\/comments?post=134038"}],"version-history":[{"count":0,"href":"https:\/\/www.deskmodder.de\/blog\/wp-json\/wp\/v2\/posts\/134038\/revisions"}],"wp:featuredmedia":[{"embeddable":true,"href":"https:\/\/www.deskmodder.de\/blog\/wp-json\/wp\/v2\/media\/96247"}],"wp:attachment":[{"href":"https:\/\/www.deskmodder.de\/blog\/wp-json\/wp\/v2\/media?parent=134038"}],"wp:term":[{"taxonomy":"category","embeddable":true,"href":"https:\/\/www.deskmodder.de\/blog\/wp-json\/wp\/v2\/categories?post=134038"},{"taxonomy":"post_tag","embeddable":true,"href":"https:\/\/www.deskmodder.de\/blog\/wp-json\/wp\/v2\/tags?post=134038"}],"curies":[{"name":"wp","href":"https:\/\/api.w.org\/{rel}","templated":true}]}}