{"id":132181,"date":"2019-12-28T18:02:40","date_gmt":"2019-12-28T17:02:40","guid":{"rendered":"https:\/\/www.deskmodder.de\/blog\/?p=132181"},"modified":"2019-12-28T18:02:40","modified_gmt":"2019-12-28T17:02:40","slug":"windows-10x-mitte-2020-koennten-die-ersten-geraete-kommen","status":"publish","type":"post","link":"https:\/\/www.deskmodder.de\/blog\/2019\/12\/28\/windows-10x-mitte-2020-koennten-die-ersten-geraete-kommen\/","title":{"rendered":"Windows 10X &#8211; Mitte 2020 k\u00f6nnten die ersten Ger\u00e4te kommen"},"content":{"rendered":"<p>Anfang Oktober dieses Jahres hat Microsoft auf dem gro\u00dfen Surface-Event unter anderem auch das Surface Neo vorgestellt und zugleich einen kleinen Ausblick auf Windows 10X gegeben (<a href=\"https:\/\/www.deskmodder.de\/blog\/2019\/10\/02\/windows-10x-das-neue-betriebssystem-von-microsoft\/\" target=\"_blank\" rel=\"noopener noreferrer\">wir berichteten<\/a>). Allerdings soll Windows 10X &#8211; Microsoft Betriebssystem f\u00fcr faltbare Ger\u00e4te &#8211; nat\u00fcrlich nicht nur exklusiv auf dem Surface Neo vorbehalten bleiben.<\/p>\n<p>So hatte Intel offenbar Pl\u00e4ne, bei der CES in Las Vegas mit einem faltbaren 17-Zoll-Prototypen aufzuschlagen (quasi als Referenzger\u00e4t f\u00fcr die Hersteller). Allerdings soll es einerseits bei dem Display und andererseits bei der Software &#8211; sprich Windows 10X &#8211; noch einige Baustellen geben. Diese sollen bis Mitte 2020 jedoch offenbar gel\u00f6st sein, sodass dann vermutlich ein erneuter Anlauf unternommen wird und wir die ersten Ger\u00e4te mit Windows 10X abseits der Surface-Reihe sehen werden.<\/p>\n<p>Intel experimentiert ja bereits einige Zeit mit faltbaren Displays bzw. Ger\u00e4ten. Mit dem &#8222;Tiger Rapids&#8220; hatte man ein Konzept-Ger\u00e4t gebaut, welches dann sp\u00e4ter fast 1:1 von Lenovo \u00fcbernommen wurde (Lenovo Yoga Book C930).<\/p>\n<p><a href=\"https:\/\/www.deskmodder.de\/blog\/wp-content\/uploads\/2019\/12\/microsoft-surface-neo.png\" rel=\"lightbox[132181]\"><img loading=\"lazy\" decoding=\"async\" class=\"aligncenter size-full wp-image-132184\" src=\"https:\/\/www.deskmodder.de\/blog\/wp-content\/uploads\/2019\/12\/microsoft-surface-neo.png\" alt=\"\" width=\"3264\" height=\"2350\" srcset=\"https:\/\/www.deskmodder.de\/blog\/wp-content\/uploads\/2019\/12\/microsoft-surface-neo.png 3264w, https:\/\/www.deskmodder.de\/blog\/wp-content\/uploads\/2019\/12\/microsoft-surface-neo-500x360.png 500w, https:\/\/www.deskmodder.de\/blog\/wp-content\/uploads\/2019\/12\/microsoft-surface-neo-810x583.png 810w, https:\/\/www.deskmodder.de\/blog\/wp-content\/uploads\/2019\/12\/microsoft-surface-neo-285x205.png 285w, https:\/\/www.deskmodder.de\/blog\/wp-content\/uploads\/2019\/12\/microsoft-surface-neo-1536x1106.png 1536w, https:\/\/www.deskmodder.de\/blog\/wp-content\/uploads\/2019\/12\/microsoft-surface-neo-2048x1475.png 2048w\" sizes=\"auto, (max-width: 3264px) 100vw, 3264px\" \/><\/a><\/p>\n<div class=\"quelle\">Quelle: <a href=\"https:\/\/www.digitimes.com\/news\/a20191226PD205.html\" target=\"_blank\" rel=\"noopener noreferrer\">Digitimes<\/a><\/div>\n","protected":false},"excerpt":{"rendered":"<p>Anfang Oktober dieses Jahres hat Microsoft auf dem gro\u00dfen Surface-Event unter anderem auch das Surface Neo vorgestellt und zugleich einen kleinen Ausblick auf Windows 10X gegeben (wir berichteten). Allerdings soll Windows 10X &#8211; Microsoft Betriebssystem f\u00fcr faltbare Ger\u00e4te &#8211; nat\u00fcrlich&hellip; <\/p>\n","protected":false},"author":1525,"featured_media":132184,"comment_status":"open","ping_status":"open","sticky":false,"template":"","format":"standard","meta":{"jetpack_post_was_ever_published":false,"footnotes":"","jetpack_publicize_message":"","jetpack_publicize_feature_enabled":true,"jetpack_social_post_already_shared":true,"jetpack_social_options":{"image_generator_settings":{"template":"highway","default_image_id":0,"font":"","enabled":false},"version":2}},"categories":[1286,2689],"tags":[574,148,67373,67372],"class_list":["post-132181","post","type-post","status-publish","format-standard","has-post-thumbnail","hentry","category-hardware","category-windows-10","tag-intel","tag-microsoft","tag-surface-neo","tag-windows-10-x"],"wp_featured_image":{"id":132184,"alt_text":"","description":"","media_type":"image","media_details":{"width":3264,"height":2350,"file":"2019\/12\/microsoft-surface-neo.png","sizes":{"medium":{"file":"microsoft-surface-neo-500x360.png","width":500,"height":360,"mime-type":"image\/png","source_url":"https:\/\/www.deskmodder.de\/blog\/wp-content\/uploads\/2019\/12\/microsoft-surface-neo-500x360.png"},"large":{"file":"microsoft-surface-neo-810x583.png","width":810,"height":583,"mime-type":"image\/png","source_url":"https:\/\/www.deskmodder.de\/blog\/wp-content\/uploads\/2019\/12\/microsoft-surface-neo-810x583.png"},"thumbnail":{"file":"microsoft-surface-neo-285x205.png","width":285,"height":205,"mime-type":"image\/png","source_url":"https:\/\/www.deskmodder.de\/blog\/wp-content\/uploads\/2019\/12\/microsoft-surface-neo-285x205.png"},"1536x1536":{"file":"microsoft-surface-neo-1536x1106.png","width":1536,"height":1106,"mime-type":"image\/png","source_url":"https:\/\/www.deskmodder.de\/blog\/wp-content\/uploads\/2019\/12\/microsoft-surface-neo-1536x1106.png"},"2048x2048":{"file":"microsoft-surface-neo-2048x1475.png","width":2048,"height":1475,"mime-type":"image\/png","source_url":"https:\/\/www.deskmodder.de\/blog\/wp-content\/uploads\/2019\/12\/microsoft-surface-neo-2048x1475.png"},"wp_review_large":{"file":"microsoft-surface-neo-320x200.png","width":320,"height":200,"mime-type":"image\/png","source_url":"https:\/\/www.deskmodder.de\/blog\/wp-content\/uploads\/2019\/12\/microsoft-surface-neo-320x200.png"},"wp_review_small":{"file":"microsoft-surface-neo-65x65.png","width":65,"height":65,"mime-type":"image\/png","source_url":"https:\/\/www.deskmodder.de\/blog\/wp-content\/uploads\/2019\/12\/microsoft-surface-neo-65x65.png"},"blog-large":{"file":"microsoft-surface-neo-642x300.png","width":642,"height":300,"mime-type":"image\/png","source_url":"https:\/\/www.deskmodder.de\/blog\/wp-content\/uploads\/2019\/12\/microsoft-surface-neo-642x300.png"},"blog-medium":{"file":"microsoft-surface-neo-306x205.png","width":306,"height":205,"mime-type":"image\/png","source_url":"https:\/\/www.deskmodder.de\/blog\/wp-content\/uploads\/2019\/12\/microsoft-surface-neo-306x205.png"},"recent-thumb":{"file":"microsoft-surface-neo-350x316.png","width":350,"height":316,"mime-type":"image\/png","source_url":"https:\/\/www.deskmodder.de\/blog\/wp-content\/uploads\/2019\/12\/microsoft-surface-neo-350x316.png"},"service-featured":{"file":"microsoft-surface-neo-600x330.png","width":600,"height":330,"mime-type":"image\/png","source_url":"https:\/\/www.deskmodder.de\/blog\/wp-content\/uploads\/2019\/12\/microsoft-surface-neo-600x330.png"},"wp_rp_thumbnail":{"file":"microsoft-surface-neo-50x50.png","width":50,"height":50,"mime-type":"image\/png","source_url":"https:\/\/www.deskmodder.de\/blog\/wp-content\/uploads\/2019\/12\/microsoft-surface-neo-50x50.png"}},"image_meta":{"aperture":"0","credit":"","camera":"","caption":"","created_timestamp":"0","copyright":"","focal_length":"0","iso":"0","shutter_speed":"0","title":"","orientation":"0","keywords":[]}},"post":132181,"source_url":"https:\/\/www.deskmodder.de\/blog\/wp-content\/uploads\/2019\/12\/microsoft-surface-neo.png"},"commentcount":6,"wp_comments":[{"id":123694,"parent":0,"author":0,"author_name":"urjo.de","author_email":"urjo@urjo.de","author_url":"","author_avatar_urls":{"24":"https:\/\/secure.gravatar.com\/avatar\/ef544c283addf5424db1f0afba45092b34ce885fd81a6e30edd6fca43c3313d3?s=24&d=mm&r=g","48":"https:\/\/secure.gravatar.com\/avatar\/ef544c283addf5424db1f0afba45092b34ce885fd81a6e30edd6fca43c3313d3?s=48&d=mm&r=g","96":"https:\/\/secure.gravatar.com\/avatar\/ef544c283addf5424db1f0afba45092b34ce885fd81a6e30edd6fca43c3313d3?s=96&d=mm&r=g"},"date":"2019-12-29T01:05:41","cld_nonce":"f49c0a4a03","content":{"rendered":"<p>&#8230;.zwei 17-Zoll-Bildschime in Kombination, klingt super. Der Haken dabei wird aber dann wohl ein sehr hoher Preis sein, liegt doch das in der grunds\u00e4tzlichen Konzeption vergleichbare  ASUS ZenBook Pro Duo (mit 15-Zoll) preislich so um die 3000\u20acuro&#8230;&#8230;<\/p>\n"},"status":"1"},{"id":123695,"parent":0,"author":5243,"author_name":"eRaz0r","author_email":"spam84@ymail.com","author_url":"","author_avatar_urls":{"24":"https:\/\/secure.gravatar.com\/avatar\/d16f80a69776be75a752dbfd4f08206e6f1cc91acf6ad0c940ccbf03336bc76a?s=24&d=mm&r=g","48":"https:\/\/secure.gravatar.com\/avatar\/d16f80a69776be75a752dbfd4f08206e6f1cc91acf6ad0c940ccbf03336bc76a?s=48&d=mm&r=g","96":"https:\/\/secure.gravatar.com\/avatar\/d16f80a69776be75a752dbfd4f08206e6f1cc91acf6ad0c940ccbf03336bc76a?s=96&d=mm&r=g"},"date":"2019-12-29T06:54:50","cld_nonce":"f49c0a4a03","content":{"rendered":"<p>&#8222;Wenn&#8220; die ersten Ger\u00e4te im Halbjahr 2020 erscheinen, dann stehen die Chancen ja gut, dass die neuen Windows Icons am Desktop Windows 10 ja zumindest schon mit 20H2 ausgerollt werden.<\/p>\n<p>Auf dem &#8222;Photoshop&#8220; Screenshot von dem Ger\u00e4t erkennt man bei 10 X ja zumindest schon alle neuen Icons im System. Und wenn die 10 X Ger\u00e4te mit den neuen Symbolen daher kommen, kann eine Portierung auf die normale 10 Version ja nicht mehr weit sein &#8230; Ich hoffe es zumindest, langsam bin ich den 3 Dekaden Icon &#8211; Mischmasch leid ;D<\/p>\n"},"status":"1"},{"id":123696,"parent":0,"author":0,"author_name":"Udo","author_email":"mail2us@e.mail.de","author_url":"","author_avatar_urls":{"24":"https:\/\/secure.gravatar.com\/avatar\/8f57ff5f61007cb21caceeec94f634f29f882129200d0b544f6bb40ecfcbd3b7?s=24&d=mm&r=g","48":"https:\/\/secure.gravatar.com\/avatar\/8f57ff5f61007cb21caceeec94f634f29f882129200d0b544f6bb40ecfcbd3b7?s=48&d=mm&r=g","96":"https:\/\/secure.gravatar.com\/avatar\/8f57ff5f61007cb21caceeec94f634f29f882129200d0b544f6bb40ecfcbd3b7?s=96&d=mm&r=g"},"date":"2019-12-29T06:57:22","cld_nonce":"f49c0a4a03","content":{"rendered":"<p>Sieht auf jeden Fall sehr modern aus. Ich kann nur hoffen, dass Microsoft es schafft Windows 10X auch vern\u00fcnftig zu vermarkten. Sonst laufen wieder irgendwelche ahnungslose durch die Gegend und schreien was das f\u00fcr ein Mist ist weil nicht alle l\u00e4uft was man von W10 kennt. Dann ist der Ruf gleich wieder ruiniert. Ich jedenfalls werde W10X im Auge behalten.<\/p>\n"},"status":"1"},{"id":123697,"parent":123696,"author":5243,"author_name":"eRaz0r","author_email":"spam84@ymail.com","author_url":"","author_avatar_urls":{"24":"https:\/\/secure.gravatar.com\/avatar\/d16f80a69776be75a752dbfd4f08206e6f1cc91acf6ad0c940ccbf03336bc76a?s=24&d=mm&r=g","48":"https:\/\/secure.gravatar.com\/avatar\/d16f80a69776be75a752dbfd4f08206e6f1cc91acf6ad0c940ccbf03336bc76a?s=48&d=mm&r=g","96":"https:\/\/secure.gravatar.com\/avatar\/d16f80a69776be75a752dbfd4f08206e6f1cc91acf6ad0c940ccbf03336bc76a?s=96&d=mm&r=g"},"date":"2019-12-29T07:04:08","cld_nonce":"f49c0a4a03","content":{"rendered":"<p>Sieht nett aus ja, aber eine &#8222;Taskleiste&#8220; wo der Startbutton mittig ist? Das wirkt ziemlich verschwenderisch und eigenartig &#8230; Bin mal gespannt wie das gel\u00f6st ist, immerhin will man 1cm des Bildschirms ja nicht f\u00fcr eine Leiste verschwenden, welche nur ein blaues Windows Logo beinhaltet. (Und die Uhr nat\u00fcrlich <img src=\"https:\/\/www.deskmodder.de\/blog\/wp-content\/plugins\/classic-smilies\/img\/icon_wink.gif\" alt=\";)\" class=\"wp-smiley\" \/> )<\/p>\n"},"status":"1"},{"id":123698,"parent":123697,"author":4418,"author_name":"Manny","author_email":"mbd29963@outlook.de","author_url":"","author_avatar_urls":{"24":"https:\/\/secure.gravatar.com\/avatar\/8cf181304435aaa7d897037277405d2dcaa7493a43571af77a9d3e82895b291d?s=24&d=mm&r=g","48":"https:\/\/secure.gravatar.com\/avatar\/8cf181304435aaa7d897037277405d2dcaa7493a43571af77a9d3e82895b291d?s=48&d=mm&r=g","96":"https:\/\/secure.gravatar.com\/avatar\/8cf181304435aaa7d897037277405d2dcaa7493a43571af77a9d3e82895b291d?s=96&d=mm&r=g"},"date":"2019-12-29T07:28:32","cld_nonce":"f49c0a4a03","content":{"rendered":"<p>vielleicht ist es aber ein &#8222;optionales&#8220; Feature das man Verkn\u00fcpfungen auf der Taskleiste (dann) zentrieren kann \/ k\u00f6nnte <img src=\"https:\/\/www.deskmodder.de\/blog\/wp-content\/plugins\/classic-smilies\/img\/icon_wink.gif\" alt=\";)\" class=\"wp-smiley\" \/><\/p>\n"},"status":"1"},{"id":123725,"parent":123694,"author":0,"author_name":"Rottembill","author_email":"hannes@web.de","author_url":"","author_avatar_urls":{"24":"https:\/\/secure.gravatar.com\/avatar\/be3251889f60d08e4ae786777f774f9b508f090e7625d5da118f58a7686de3f7?s=24&d=mm&r=g","48":"https:\/\/secure.gravatar.com\/avatar\/be3251889f60d08e4ae786777f774f9b508f090e7625d5da118f58a7686de3f7?s=48&d=mm&r=g","96":"https:\/\/secure.gravatar.com\/avatar\/be3251889f60d08e4ae786777f774f9b508f090e7625d5da118f58a7686de3f7?s=96&d=mm&r=g"},"date":"2019-12-29T16:33:57","cld_nonce":"f49c0a4a03","content":{"rendered":"<p>&#8222;liegt doch das in der grunds\u00e4tzlichen Konzeption&#8220;<br \/>\n&#8230;. &gt;3000\u20ac liegt nicht an der Konzeption sondern an der Raffgier der Hersteller und den d\u00e4mlich Kunden die \u00fcberhaupt auf die Idee kommen daf\u00fcr so viel geld zu zahlen.  Das popelige zusatzdisplay wird den Hersteller noch keine 5\u20ac kosten!<\/p>\n"},"status":"1"}],"wp_author":{"id":1525,"name":"W8U","description":"Technikliebhaber aus Niedersachsen und seit 2013 bei den Deskmoddern. Interessiert sich f\u00fcr (fast) alles, durch das Strom flie\u00dft: Computer, Smartphones, Tablets, Autos und so weiter.","author_avatar_urls":{"24":"https:\/\/secure.gravatar.com\/avatar\/a1e9db99fdd71a9ae2c516203e3fcd390817fa98f868eb9ba6d4a77d1a815cd4?s=24&d=mm&r=g","48":"https:\/\/secure.gravatar.com\/avatar\/a1e9db99fdd71a9ae2c516203e3fcd390817fa98f868eb9ba6d4a77d1a815cd4?s=48&d=mm&r=g","96":"https:\/\/secure.gravatar.com\/avatar\/a1e9db99fdd71a9ae2c516203e3fcd390817fa98f868eb9ba6d4a77d1a815cd4?s=96&d=mm&r=g"}},"cld_nonce":"f49c0a4a03","yoast_head":"<!-- This site is optimized with the Yoast SEO Premium plugin v27.5 (Yoast SEO v27.5) - https:\/\/yoast.com\/product\/yoast-seo-premium-wordpress\/ -->\n<title>Windows 10X - Mitte 2020 k\u00f6nnten die ersten Ger\u00e4te kommen - Deskmodder.de<\/title>\n<meta name=\"robots\" content=\"index, follow, max-snippet:-1, max-image-preview:large, max-video-preview:-1\" \/>\n<link rel=\"canonical\" href=\"https:\/\/www.deskmodder.de\/blog\/2019\/12\/28\/windows-10x-mitte-2020-koennten-die-ersten-geraete-kommen\/\" \/>\n<meta property=\"og:locale\" content=\"de_DE\" \/>\n<meta property=\"og:type\" content=\"article\" \/>\n<meta property=\"og:title\" content=\"Windows 10X - Mitte 2020 k\u00f6nnten die ersten Ger\u00e4te kommen\" \/>\n<meta property=\"og:description\" content=\"Anfang Oktober dieses Jahres hat Microsoft auf dem gro\u00dfen Surface-Event unter anderem auch das Surface Neo vorgestellt und zugleich einen kleinen Ausblick auf Windows 10X gegeben (wir berichteten). Allerdings soll Windows 10X &#8211; Microsoft Betriebssystem f\u00fcr faltbare Ger\u00e4te &#8211; nat\u00fcrlich&hellip;\" \/>\n<meta property=\"og:url\" content=\"https:\/\/www.deskmodder.de\/blog\/2019\/12\/28\/windows-10x-mitte-2020-koennten-die-ersten-geraete-kommen\/\" \/>\n<meta property=\"og:site_name\" content=\"Deskmodder.de\" \/>\n<meta property=\"article:publisher\" content=\"https:\/\/www.facebook.com\/Deskmodder\" \/>\n<meta property=\"article:published_time\" content=\"2019-12-28T17:02:40+00:00\" \/>\n<meta property=\"og:image\" content=\"https:\/\/www.deskmodder.de\/blog\/wp-content\/uploads\/2019\/12\/microsoft-surface-neo-810x583.png\" \/>\n\t<meta property=\"og:image:width\" content=\"810\" \/>\n\t<meta property=\"og:image:height\" content=\"583\" \/>\n\t<meta property=\"og:image:type\" content=\"image\/png\" \/>\n<meta name=\"author\" content=\"W8U\" \/>\n<meta name=\"twitter:card\" content=\"summary_large_image\" \/>\n<meta name=\"twitter:creator\" content=\"@Deskmodder\" \/>\n<meta name=\"twitter:site\" content=\"@Deskmodder\" \/>\n<script type=\"application\/ld+json\" class=\"yoast-schema-graph\">{\"@context\":\"https:\\\/\\\/schema.org\",\"@graph\":[{\"@type\":\"Article\",\"@id\":\"https:\\\/\\\/www.deskmodder.de\\\/blog\\\/2019\\\/12\\\/28\\\/windows-10x-mitte-2020-koennten-die-ersten-geraete-kommen\\\/#article\",\"isPartOf\":{\"@id\":\"https:\\\/\\\/www.deskmodder.de\\\/blog\\\/2019\\\/12\\\/28\\\/windows-10x-mitte-2020-koennten-die-ersten-geraete-kommen\\\/\"},\"author\":{\"name\":\"W8U\",\"@id\":\"https:\\\/\\\/www.deskmodder.de\\\/blog\\\/#\\\/schema\\\/person\\\/f3c70b4f4860c9fcc4c04057ed04f469\"},\"headline\":\"Windows 10X &#8211; Mitte 2020 k\u00f6nnten die ersten Ger\u00e4te kommen\",\"datePublished\":\"2019-12-28T17:02:40+00:00\",\"mainEntityOfPage\":{\"@id\":\"https:\\\/\\\/www.deskmodder.de\\\/blog\\\/2019\\\/12\\\/28\\\/windows-10x-mitte-2020-koennten-die-ersten-geraete-kommen\\\/\"},\"wordCount\":180,\"commentCount\":6,\"publisher\":{\"@id\":\"https:\\\/\\\/www.deskmodder.de\\\/blog\\\/#organization\"},\"image\":{\"@id\":\"https:\\\/\\\/www.deskmodder.de\\\/blog\\\/2019\\\/12\\\/28\\\/windows-10x-mitte-2020-koennten-die-ersten-geraete-kommen\\\/#primaryimage\"},\"thumbnailUrl\":\"https:\\\/\\\/www.deskmodder.de\\\/blog\\\/wp-content\\\/uploads\\\/2019\\\/12\\\/microsoft-surface-neo.png\",\"keywords\":[\"Intel\",\"Microsoft\",\"Surface Neo\",\"Windows 10 X\"],\"articleSection\":[\"Hardware\",\"Windows 10\"],\"inLanguage\":\"de\",\"potentialAction\":[{\"@type\":\"CommentAction\",\"name\":\"Comment\",\"target\":[\"https:\\\/\\\/www.deskmodder.de\\\/blog\\\/2019\\\/12\\\/28\\\/windows-10x-mitte-2020-koennten-die-ersten-geraete-kommen\\\/#respond\"]}],\"copyrightYear\":\"2019\",\"copyrightHolder\":{\"@id\":\"https:\\\/\\\/www.deskmodder.de\\\/blog\\\/#organization\"}},{\"@type\":\"WebPage\",\"@id\":\"https:\\\/\\\/www.deskmodder.de\\\/blog\\\/2019\\\/12\\\/28\\\/windows-10x-mitte-2020-koennten-die-ersten-geraete-kommen\\\/\",\"url\":\"https:\\\/\\\/www.deskmodder.de\\\/blog\\\/2019\\\/12\\\/28\\\/windows-10x-mitte-2020-koennten-die-ersten-geraete-kommen\\\/\",\"name\":\"Windows 10X - Mitte 2020 k\u00f6nnten die ersten Ger\u00e4te kommen - Deskmodder.de\",\"isPartOf\":{\"@id\":\"https:\\\/\\\/www.deskmodder.de\\\/blog\\\/#website\"},\"primaryImageOfPage\":{\"@id\":\"https:\\\/\\\/www.deskmodder.de\\\/blog\\\/2019\\\/12\\\/28\\\/windows-10x-mitte-2020-koennten-die-ersten-geraete-kommen\\\/#primaryimage\"},\"image\":{\"@id\":\"https:\\\/\\\/www.deskmodder.de\\\/blog\\\/2019\\\/12\\\/28\\\/windows-10x-mitte-2020-koennten-die-ersten-geraete-kommen\\\/#primaryimage\"},\"thumbnailUrl\":\"https:\\\/\\\/www.deskmodder.de\\\/blog\\\/wp-content\\\/uploads\\\/2019\\\/12\\\/microsoft-surface-neo.png\",\"datePublished\":\"2019-12-28T17:02:40+00:00\",\"breadcrumb\":{\"@id\":\"https:\\\/\\\/www.deskmodder.de\\\/blog\\\/2019\\\/12\\\/28\\\/windows-10x-mitte-2020-koennten-die-ersten-geraete-kommen\\\/#breadcrumb\"},\"inLanguage\":\"de\",\"potentialAction\":[{\"@type\":\"ReadAction\",\"target\":[\"https:\\\/\\\/www.deskmodder.de\\\/blog\\\/2019\\\/12\\\/28\\\/windows-10x-mitte-2020-koennten-die-ersten-geraete-kommen\\\/\"]}]},{\"@type\":\"ImageObject\",\"inLanguage\":\"de\",\"@id\":\"https:\\\/\\\/www.deskmodder.de\\\/blog\\\/2019\\\/12\\\/28\\\/windows-10x-mitte-2020-koennten-die-ersten-geraete-kommen\\\/#primaryimage\",\"url\":\"https:\\\/\\\/www.deskmodder.de\\\/blog\\\/wp-content\\\/uploads\\\/2019\\\/12\\\/microsoft-surface-neo.png\",\"contentUrl\":\"https:\\\/\\\/www.deskmodder.de\\\/blog\\\/wp-content\\\/uploads\\\/2019\\\/12\\\/microsoft-surface-neo.png\",\"width\":3264,\"height\":2350},{\"@type\":\"BreadcrumbList\",\"@id\":\"https:\\\/\\\/www.deskmodder.de\\\/blog\\\/2019\\\/12\\\/28\\\/windows-10x-mitte-2020-koennten-die-ersten-geraete-kommen\\\/#breadcrumb\",\"itemListElement\":[{\"@type\":\"ListItem\",\"position\":1,\"name\":\"Startseite\",\"item\":\"https:\\\/\\\/www.deskmodder.de\\\/blog\\\/\"},{\"@type\":\"ListItem\",\"position\":2,\"name\":\"Windows 10X &#8211; Mitte 2020 k\u00f6nnten die ersten Ger\u00e4te kommen\"}]},{\"@type\":\"WebSite\",\"@id\":\"https:\\\/\\\/www.deskmodder.de\\\/blog\\\/#website\",\"url\":\"https:\\\/\\\/www.deskmodder.de\\\/blog\\\/\",\"name\":\"Deskmodder.de\",\"description\":\"News zum Thema Microsoft, Windows 11 \\\/ 10, sowie anderen Neuigkeiten aus dem Netz, viele Tipps und individuelle Hilfe bei Problemen in unserem Forum \u25cf Deskmodder - seit 2003\",\"publisher\":{\"@id\":\"https:\\\/\\\/www.deskmodder.de\\\/blog\\\/#organization\"},\"potentialAction\":[{\"@type\":\"SearchAction\",\"target\":{\"@type\":\"EntryPoint\",\"urlTemplate\":\"https:\\\/\\\/www.deskmodder.de\\\/blog\\\/?s={search_term_string}\"},\"query-input\":{\"@type\":\"PropertyValueSpecification\",\"valueRequired\":true,\"valueName\":\"search_term_string\"}}],\"inLanguage\":\"de\"},{\"@type\":\"Organization\",\"@id\":\"https:\\\/\\\/www.deskmodder.de\\\/blog\\\/#organization\",\"name\":\"Deskmodder\",\"url\":\"https:\\\/\\\/www.deskmodder.de\\\/blog\\\/\",\"logo\":{\"@type\":\"ImageObject\",\"inLanguage\":\"de\",\"@id\":\"https:\\\/\\\/www.deskmodder.de\\\/blog\\\/#\\\/schema\\\/logo\\\/image\\\/\",\"url\":\"https:\\\/\\\/www.deskmodder.de\\\/blog\\\/wp-content\\\/uploads\\\/2019\\\/01\\\/deskmodder-logo-app.png\",\"contentUrl\":\"https:\\\/\\\/www.deskmodder.de\\\/blog\\\/wp-content\\\/uploads\\\/2019\\\/01\\\/deskmodder-logo-app.png\",\"width\":281,\"height\":286,\"caption\":\"Deskmodder\"},\"image\":{\"@id\":\"https:\\\/\\\/www.deskmodder.de\\\/blog\\\/#\\\/schema\\\/logo\\\/image\\\/\"},\"sameAs\":[\"https:\\\/\\\/www.facebook.com\\\/Deskmodder\",\"https:\\\/\\\/x.com\\\/Deskmodder\",\"https:\\\/\\\/mastodontech.de\\\/@Deskmodder\",\"https:\\\/\\\/www.youtube.com\\\/user\\\/deskmodder\",\"https:\\\/\\\/mewe.com\\\/group\\\/5c83b5231add826fc80cdae1\"]},{\"@type\":\"Person\",\"@id\":\"https:\\\/\\\/www.deskmodder.de\\\/blog\\\/#\\\/schema\\\/person\\\/f3c70b4f4860c9fcc4c04057ed04f469\",\"name\":\"W8U\",\"image\":{\"@type\":\"ImageObject\",\"inLanguage\":\"de\",\"@id\":\"https:\\\/\\\/secure.gravatar.com\\\/avatar\\\/a1e9db99fdd71a9ae2c516203e3fcd390817fa98f868eb9ba6d4a77d1a815cd4?s=96&d=mm&r=g\",\"url\":\"https:\\\/\\\/secure.gravatar.com\\\/avatar\\\/a1e9db99fdd71a9ae2c516203e3fcd390817fa98f868eb9ba6d4a77d1a815cd4?s=96&d=mm&r=g\",\"contentUrl\":\"https:\\\/\\\/secure.gravatar.com\\\/avatar\\\/a1e9db99fdd71a9ae2c516203e3fcd390817fa98f868eb9ba6d4a77d1a815cd4?s=96&d=mm&r=g\",\"caption\":\"W8U\"},\"description\":\"Technikliebhaber aus Niedersachsen und seit 2013 bei den Deskmoddern. Interessiert sich f\u00fcr (fast) alles, durch das Strom flie\u00dft: Computer, Smartphones, Tablets, Autos und so weiter.\",\"url\":\"https:\\\/\\\/www.deskmodder.de\\\/blog\\\/author\\\/w8u\\\/\"}]}<\/script>\n<!-- \/ Yoast SEO Premium plugin. -->","yoast_head_json":{"title":"Windows 10X - Mitte 2020 k\u00f6nnten die ersten Ger\u00e4te kommen - Deskmodder.de","robots":{"index":"index","follow":"follow","max-snippet":"max-snippet:-1","max-image-preview":"max-image-preview:large","max-video-preview":"max-video-preview:-1"},"canonical":"https:\/\/www.deskmodder.de\/blog\/2019\/12\/28\/windows-10x-mitte-2020-koennten-die-ersten-geraete-kommen\/","og_locale":"de_DE","og_type":"article","og_title":"Windows 10X - Mitte 2020 k\u00f6nnten die ersten Ger\u00e4te kommen","og_description":"Anfang Oktober dieses Jahres hat Microsoft auf dem gro\u00dfen Surface-Event unter anderem auch das Surface Neo vorgestellt und zugleich einen kleinen Ausblick auf Windows 10X gegeben (wir berichteten). Allerdings soll Windows 10X &#8211; Microsoft Betriebssystem f\u00fcr faltbare Ger\u00e4te &#8211; nat\u00fcrlich&hellip;","og_url":"https:\/\/www.deskmodder.de\/blog\/2019\/12\/28\/windows-10x-mitte-2020-koennten-die-ersten-geraete-kommen\/","og_site_name":"Deskmodder.de","article_publisher":"https:\/\/www.facebook.com\/Deskmodder","article_published_time":"2019-12-28T17:02:40+00:00","og_image":[{"width":810,"height":583,"url":"https:\/\/www.deskmodder.de\/blog\/wp-content\/uploads\/2019\/12\/microsoft-surface-neo-810x583.png","type":"image\/png"}],"author":"W8U","twitter_card":"summary_large_image","twitter_creator":"@Deskmodder","twitter_site":"@Deskmodder","schema":{"@context":"https:\/\/schema.org","@graph":[{"@type":"Article","@id":"https:\/\/www.deskmodder.de\/blog\/2019\/12\/28\/windows-10x-mitte-2020-koennten-die-ersten-geraete-kommen\/#article","isPartOf":{"@id":"https:\/\/www.deskmodder.de\/blog\/2019\/12\/28\/windows-10x-mitte-2020-koennten-die-ersten-geraete-kommen\/"},"author":{"name":"W8U","@id":"https:\/\/www.deskmodder.de\/blog\/#\/schema\/person\/f3c70b4f4860c9fcc4c04057ed04f469"},"headline":"Windows 10X &#8211; Mitte 2020 k\u00f6nnten die ersten Ger\u00e4te kommen","datePublished":"2019-12-28T17:02:40+00:00","mainEntityOfPage":{"@id":"https:\/\/www.deskmodder.de\/blog\/2019\/12\/28\/windows-10x-mitte-2020-koennten-die-ersten-geraete-kommen\/"},"wordCount":180,"commentCount":6,"publisher":{"@id":"https:\/\/www.deskmodder.de\/blog\/#organization"},"image":{"@id":"https:\/\/www.deskmodder.de\/blog\/2019\/12\/28\/windows-10x-mitte-2020-koennten-die-ersten-geraete-kommen\/#primaryimage"},"thumbnailUrl":"https:\/\/www.deskmodder.de\/blog\/wp-content\/uploads\/2019\/12\/microsoft-surface-neo.png","keywords":["Intel","Microsoft","Surface Neo","Windows 10 X"],"articleSection":["Hardware","Windows 10"],"inLanguage":"de","potentialAction":[{"@type":"CommentAction","name":"Comment","target":["https:\/\/www.deskmodder.de\/blog\/2019\/12\/28\/windows-10x-mitte-2020-koennten-die-ersten-geraete-kommen\/#respond"]}],"copyrightYear":"2019","copyrightHolder":{"@id":"https:\/\/www.deskmodder.de\/blog\/#organization"}},{"@type":"WebPage","@id":"https:\/\/www.deskmodder.de\/blog\/2019\/12\/28\/windows-10x-mitte-2020-koennten-die-ersten-geraete-kommen\/","url":"https:\/\/www.deskmodder.de\/blog\/2019\/12\/28\/windows-10x-mitte-2020-koennten-die-ersten-geraete-kommen\/","name":"Windows 10X - Mitte 2020 k\u00f6nnten die ersten Ger\u00e4te kommen - Deskmodder.de","isPartOf":{"@id":"https:\/\/www.deskmodder.de\/blog\/#website"},"primaryImageOfPage":{"@id":"https:\/\/www.deskmodder.de\/blog\/2019\/12\/28\/windows-10x-mitte-2020-koennten-die-ersten-geraete-kommen\/#primaryimage"},"image":{"@id":"https:\/\/www.deskmodder.de\/blog\/2019\/12\/28\/windows-10x-mitte-2020-koennten-die-ersten-geraete-kommen\/#primaryimage"},"thumbnailUrl":"https:\/\/www.deskmodder.de\/blog\/wp-content\/uploads\/2019\/12\/microsoft-surface-neo.png","datePublished":"2019-12-28T17:02:40+00:00","breadcrumb":{"@id":"https:\/\/www.deskmodder.de\/blog\/2019\/12\/28\/windows-10x-mitte-2020-koennten-die-ersten-geraete-kommen\/#breadcrumb"},"inLanguage":"de","potentialAction":[{"@type":"ReadAction","target":["https:\/\/www.deskmodder.de\/blog\/2019\/12\/28\/windows-10x-mitte-2020-koennten-die-ersten-geraete-kommen\/"]}]},{"@type":"ImageObject","inLanguage":"de","@id":"https:\/\/www.deskmodder.de\/blog\/2019\/12\/28\/windows-10x-mitte-2020-koennten-die-ersten-geraete-kommen\/#primaryimage","url":"https:\/\/www.deskmodder.de\/blog\/wp-content\/uploads\/2019\/12\/microsoft-surface-neo.png","contentUrl":"https:\/\/www.deskmodder.de\/blog\/wp-content\/uploads\/2019\/12\/microsoft-surface-neo.png","width":3264,"height":2350},{"@type":"BreadcrumbList","@id":"https:\/\/www.deskmodder.de\/blog\/2019\/12\/28\/windows-10x-mitte-2020-koennten-die-ersten-geraete-kommen\/#breadcrumb","itemListElement":[{"@type":"ListItem","position":1,"name":"Startseite","item":"https:\/\/www.deskmodder.de\/blog\/"},{"@type":"ListItem","position":2,"name":"Windows 10X &#8211; Mitte 2020 k\u00f6nnten die ersten Ger\u00e4te kommen"}]},{"@type":"WebSite","@id":"https:\/\/www.deskmodder.de\/blog\/#website","url":"https:\/\/www.deskmodder.de\/blog\/","name":"Deskmodder.de","description":"News zum Thema Microsoft, Windows 11 \/ 10, sowie anderen Neuigkeiten aus dem Netz, viele Tipps und individuelle Hilfe bei Problemen in unserem Forum \u25cf Deskmodder - seit 2003","publisher":{"@id":"https:\/\/www.deskmodder.de\/blog\/#organization"},"potentialAction":[{"@type":"SearchAction","target":{"@type":"EntryPoint","urlTemplate":"https:\/\/www.deskmodder.de\/blog\/?s={search_term_string}"},"query-input":{"@type":"PropertyValueSpecification","valueRequired":true,"valueName":"search_term_string"}}],"inLanguage":"de"},{"@type":"Organization","@id":"https:\/\/www.deskmodder.de\/blog\/#organization","name":"Deskmodder","url":"https:\/\/www.deskmodder.de\/blog\/","logo":{"@type":"ImageObject","inLanguage":"de","@id":"https:\/\/www.deskmodder.de\/blog\/#\/schema\/logo\/image\/","url":"https:\/\/www.deskmodder.de\/blog\/wp-content\/uploads\/2019\/01\/deskmodder-logo-app.png","contentUrl":"https:\/\/www.deskmodder.de\/blog\/wp-content\/uploads\/2019\/01\/deskmodder-logo-app.png","width":281,"height":286,"caption":"Deskmodder"},"image":{"@id":"https:\/\/www.deskmodder.de\/blog\/#\/schema\/logo\/image\/"},"sameAs":["https:\/\/www.facebook.com\/Deskmodder","https:\/\/x.com\/Deskmodder","https:\/\/mastodontech.de\/@Deskmodder","https:\/\/www.youtube.com\/user\/deskmodder","https:\/\/mewe.com\/group\/5c83b5231add826fc80cdae1"]},{"@type":"Person","@id":"https:\/\/www.deskmodder.de\/blog\/#\/schema\/person\/f3c70b4f4860c9fcc4c04057ed04f469","name":"W8U","image":{"@type":"ImageObject","inLanguage":"de","@id":"https:\/\/secure.gravatar.com\/avatar\/a1e9db99fdd71a9ae2c516203e3fcd390817fa98f868eb9ba6d4a77d1a815cd4?s=96&d=mm&r=g","url":"https:\/\/secure.gravatar.com\/avatar\/a1e9db99fdd71a9ae2c516203e3fcd390817fa98f868eb9ba6d4a77d1a815cd4?s=96&d=mm&r=g","contentUrl":"https:\/\/secure.gravatar.com\/avatar\/a1e9db99fdd71a9ae2c516203e3fcd390817fa98f868eb9ba6d4a77d1a815cd4?s=96&d=mm&r=g","caption":"W8U"},"description":"Technikliebhaber aus Niedersachsen und seit 2013 bei den Deskmoddern. Interessiert sich f\u00fcr (fast) alles, durch das Strom flie\u00dft: Computer, Smartphones, Tablets, Autos und so weiter.","url":"https:\/\/www.deskmodder.de\/blog\/author\/w8u\/"}]}},"jetpack_publicize_connections":[],"jetpack_featured_media_url":"https:\/\/www.deskmodder.de\/blog\/wp-content\/uploads\/2019\/12\/microsoft-surface-neo.png","_links":{"self":[{"href":"https:\/\/www.deskmodder.de\/blog\/wp-json\/wp\/v2\/posts\/132181","targetHints":{"allow":["GET"]}}],"collection":[{"href":"https:\/\/www.deskmodder.de\/blog\/wp-json\/wp\/v2\/posts"}],"about":[{"href":"https:\/\/www.deskmodder.de\/blog\/wp-json\/wp\/v2\/types\/post"}],"author":[{"embeddable":true,"href":"https:\/\/www.deskmodder.de\/blog\/wp-json\/wp\/v2\/users\/1525"}],"replies":[{"embeddable":true,"href":"https:\/\/www.deskmodder.de\/blog\/wp-json\/wp\/v2\/comments?post=132181"}],"version-history":[{"count":0,"href":"https:\/\/www.deskmodder.de\/blog\/wp-json\/wp\/v2\/posts\/132181\/revisions"}],"wp:featuredmedia":[{"embeddable":true,"href":"https:\/\/www.deskmodder.de\/blog\/wp-json\/wp\/v2\/media\/132184"}],"wp:attachment":[{"href":"https:\/\/www.deskmodder.de\/blog\/wp-json\/wp\/v2\/media?parent=132181"}],"wp:term":[{"taxonomy":"category","embeddable":true,"href":"https:\/\/www.deskmodder.de\/blog\/wp-json\/wp\/v2\/categories?post=132181"},{"taxonomy":"post_tag","embeddable":true,"href":"https:\/\/www.deskmodder.de\/blog\/wp-json\/wp\/v2\/tags?post=132181"}],"curies":[{"name":"wp","href":"https:\/\/api.w.org\/{rel}","templated":true}]}}