{"id":132146,"date":"2019-12-27T14:44:25","date_gmt":"2019-12-27T13:44:25","guid":{"rendered":"https:\/\/www.deskmodder.de\/blog\/?p=132146"},"modified":"2019-12-27T14:45:01","modified_gmt":"2019-12-27T13:45:01","slug":"ipad-pro-2020-mit-iphone-11-pro-kamera-render-bilder","status":"publish","type":"post","link":"https:\/\/www.deskmodder.de\/blog\/2019\/12\/27\/ipad-pro-2020-mit-iphone-11-pro-kamera-render-bilder\/","title":{"rendered":"iPad Pro 2020 mit iPhone 11 Pro Kamera [Render-Bilder]"},"content":{"rendered":"<p>Bereit vor einiger Zeit hatten wir \u00fcber das Ger\u00fccht <a href=\"https:\/\/www.deskmodder.de\/blog\/2019\/09\/17\/neues-ipad-pro-mit-iphone-11-pro-kamera\/\" target=\"_blank\" rel=\"noopener noreferrer\">berichtet<\/a>, dass Apple beim kommenden iPad Pro die Kamera aus den aktuellen iPhones verbauen k\u00f6nnte. Basis f\u00fcr diese Ger\u00fcchte waren damals Ger\u00e4te-Dummys, wie sie von Zubeh\u00f6r-Herstellern f\u00fcr die Entwicklung ihrer Produkte verwendet werden.<\/p>\n<p>Nun hat der bekannte Leaker <em>@OnLeaks<\/em> diese Ger\u00fcchte nochmals best\u00e4tigt und gleich ein paar Render-Bilder der kommenden iPads geliefert. Bis auf den markanten Kamera-Buckel scheint sich \u00e4u\u00dferlich nichts zu ver\u00e4ndern. Bleibt zu hoffen, dass man im Inneren irgendwas an der Konstruktion ver\u00e4ndert hat, damit das kommende iPad Pro wieder robuster wird. Erwartet wird das Ger\u00e4t ja im Fr\u00fchjahr (rund um den Monat M\u00e4rz).<\/p>\n<div id='gallery-1' class='gallery galleryid-132146 gallery-columns-2 gallery-size-medium'><figure class='gallery-item'>\n\t\t\t<div class='gallery-icon landscape'>\n\t\t\t\t<a href='https:\/\/www.deskmodder.de\/blog\/wp-content\/uploads\/2019\/12\/2020-11-inch-ipad-pro-with-metal-back-scaled-1.jpg' rel=\"lightbox[132146]\"><img loading=\"lazy\" decoding=\"async\" width=\"500\" height=\"281\" src=\"https:\/\/www.deskmodder.de\/blog\/wp-content\/uploads\/2019\/12\/2020-11-inch-ipad-pro-with-metal-back-scaled-1-500x281.jpg\" class=\"attachment-medium size-medium\" alt=\"\" srcset=\"https:\/\/www.deskmodder.de\/blog\/wp-content\/uploads\/2019\/12\/2020-11-inch-ipad-pro-with-metal-back-scaled-1-500x281.jpg 500w, https:\/\/www.deskmodder.de\/blog\/wp-content\/uploads\/2019\/12\/2020-11-inch-ipad-pro-with-metal-back-scaled-1-810x456.jpg 810w, https:\/\/www.deskmodder.de\/blog\/wp-content\/uploads\/2019\/12\/2020-11-inch-ipad-pro-with-metal-back-scaled-1-306x172.jpg 306w, https:\/\/www.deskmodder.de\/blog\/wp-content\/uploads\/2019\/12\/2020-11-inch-ipad-pro-with-metal-back-scaled-1-1536x864.jpg 1536w, https:\/\/www.deskmodder.de\/blog\/wp-content\/uploads\/2019\/12\/2020-11-inch-ipad-pro-with-metal-back-scaled-1-2048x1152.jpg 2048w\" sizes=\"auto, (max-width: 500px) 100vw, 500px\" \/><\/a>\n\t\t\t<\/div><\/figure><figure class='gallery-item'>\n\t\t\t<div class='gallery-icon landscape'>\n\t\t\t\t<a href='https:\/\/www.deskmodder.de\/blog\/wp-content\/uploads\/2019\/12\/2020-ipad-pro-vs-5k2-scaled-1.jpg' rel=\"lightbox[132146]\"><img loading=\"lazy\" decoding=\"async\" width=\"500\" height=\"281\" src=\"https:\/\/www.deskmodder.de\/blog\/wp-content\/uploads\/2019\/12\/2020-ipad-pro-vs-5k2-scaled-1-500x281.jpg\" class=\"attachment-medium size-medium\" alt=\"\" srcset=\"https:\/\/www.deskmodder.de\/blog\/wp-content\/uploads\/2019\/12\/2020-ipad-pro-vs-5k2-scaled-1-500x281.jpg 500w, https:\/\/www.deskmodder.de\/blog\/wp-content\/uploads\/2019\/12\/2020-ipad-pro-vs-5k2-scaled-1-810x456.jpg 810w, https:\/\/www.deskmodder.de\/blog\/wp-content\/uploads\/2019\/12\/2020-ipad-pro-vs-5k2-scaled-1-306x172.jpg 306w, https:\/\/www.deskmodder.de\/blog\/wp-content\/uploads\/2019\/12\/2020-ipad-pro-vs-5k2-scaled-1-1536x864.jpg 1536w, https:\/\/www.deskmodder.de\/blog\/wp-content\/uploads\/2019\/12\/2020-ipad-pro-vs-5k2-scaled-1-2048x1152.jpg 2048w\" sizes=\"auto, (max-width: 500px) 100vw, 500px\" \/><\/a>\n\t\t\t<\/div><\/figure>\n\t\t<\/div>\n\n<div class=\"quelle\">Quelle: <a href=\"https:\/\/www.igeeksblog.com\/2020-ipad-pro-leaks-renders\/\" target=\"_blank\" rel=\"noopener noreferrer\">iGeeksBlog<\/a><\/div>\n","protected":false},"excerpt":{"rendered":"<p>Bereit vor einiger Zeit hatten wir \u00fcber das Ger\u00fccht berichtet, dass Apple beim kommenden iPad Pro die Kamera aus den aktuellen iPhones verbauen k\u00f6nnte. Basis f\u00fcr diese Ger\u00fcchte waren damals Ger\u00e4te-Dummys, wie sie von Zubeh\u00f6r-Herstellern f\u00fcr die Entwicklung ihrer Produkte&hellip; <\/p>\n","protected":false},"author":1525,"featured_media":132147,"comment_status":"open","ping_status":"open","sticky":false,"template":"","format":"standard","meta":{"jetpack_post_was_ever_published":false,"footnotes":"","jetpack_publicize_message":"","jetpack_publicize_feature_enabled":true,"jetpack_social_post_already_shared":true,"jetpack_social_options":{"image_generator_settings":{"template":"highway","default_image_id":0,"font":"","enabled":false},"version":2}},"categories":[1286,232],"tags":[98,67363,63053,2492,1631],"class_list":["post-132146","post","type-post","status-publish","format-standard","has-post-thumbnail","hentry","category-hardware","category-ios","tag-apple","tag-ipad-pro-2020","tag-iphone-11-pro","tag-kamera","tag-leak"],"wp_featured_image":{"id":132147,"alt_text":"","description":"","media_type":"image","media_details":{"width":2560,"height":1440,"file":"2019\/12\/2020-11-inch-ipad-pro-with-metal-back-scaled-1.jpg","sizes":{"medium":{"file":"2020-11-inch-ipad-pro-with-metal-back-scaled-1-500x281.jpg","width":500,"height":281,"mime-type":"image\/jpeg","source_url":"https:\/\/www.deskmodder.de\/blog\/wp-content\/uploads\/2019\/12\/2020-11-inch-ipad-pro-with-metal-back-scaled-1-500x281.jpg"},"large":{"file":"2020-11-inch-ipad-pro-with-metal-back-scaled-1-810x456.jpg","width":810,"height":456,"mime-type":"image\/jpeg","source_url":"https:\/\/www.deskmodder.de\/blog\/wp-content\/uploads\/2019\/12\/2020-11-inch-ipad-pro-with-metal-back-scaled-1-810x456.jpg"},"thumbnail":{"file":"2020-11-inch-ipad-pro-with-metal-back-scaled-1-306x172.jpg","width":306,"height":172,"mime-type":"image\/jpeg","source_url":"https:\/\/www.deskmodder.de\/blog\/wp-content\/uploads\/2019\/12\/2020-11-inch-ipad-pro-with-metal-back-scaled-1-306x172.jpg"},"1536x1536":{"file":"2020-11-inch-ipad-pro-with-metal-back-scaled-1-1536x864.jpg","width":1536,"height":864,"mime-type":"image\/jpeg","source_url":"https:\/\/www.deskmodder.de\/blog\/wp-content\/uploads\/2019\/12\/2020-11-inch-ipad-pro-with-metal-back-scaled-1-1536x864.jpg"},"2048x2048":{"file":"2020-11-inch-ipad-pro-with-metal-back-scaled-1-2048x1152.jpg","width":2048,"height":1152,"mime-type":"image\/jpeg","source_url":"https:\/\/www.deskmodder.de\/blog\/wp-content\/uploads\/2019\/12\/2020-11-inch-ipad-pro-with-metal-back-scaled-1-2048x1152.jpg"},"wp_review_large":{"file":"2020-11-inch-ipad-pro-with-metal-back-scaled-1-320x200.jpg","width":320,"height":200,"mime-type":"image\/jpeg","source_url":"https:\/\/www.deskmodder.de\/blog\/wp-content\/uploads\/2019\/12\/2020-11-inch-ipad-pro-with-metal-back-scaled-1-320x200.jpg"},"wp_review_small":{"file":"2020-11-inch-ipad-pro-with-metal-back-scaled-1-65x65.jpg","width":65,"height":65,"mime-type":"image\/jpeg","source_url":"https:\/\/www.deskmodder.de\/blog\/wp-content\/uploads\/2019\/12\/2020-11-inch-ipad-pro-with-metal-back-scaled-1-65x65.jpg"},"blog-large":{"file":"2020-11-inch-ipad-pro-with-metal-back-scaled-1-642x300.jpg","width":642,"height":300,"mime-type":"image\/jpeg","source_url":"https:\/\/www.deskmodder.de\/blog\/wp-content\/uploads\/2019\/12\/2020-11-inch-ipad-pro-with-metal-back-scaled-1-642x300.jpg"},"blog-medium":{"file":"2020-11-inch-ipad-pro-with-metal-back-scaled-1-306x205.jpg","width":306,"height":205,"mime-type":"image\/jpeg","source_url":"https:\/\/www.deskmodder.de\/blog\/wp-content\/uploads\/2019\/12\/2020-11-inch-ipad-pro-with-metal-back-scaled-1-306x205.jpg"},"recent-thumb":{"file":"2020-11-inch-ipad-pro-with-metal-back-scaled-1-350x316.jpg","width":350,"height":316,"mime-type":"image\/jpeg","source_url":"https:\/\/www.deskmodder.de\/blog\/wp-content\/uploads\/2019\/12\/2020-11-inch-ipad-pro-with-metal-back-scaled-1-350x316.jpg"},"service-featured":{"file":"2020-11-inch-ipad-pro-with-metal-back-scaled-1-600x330.jpg","width":600,"height":330,"mime-type":"image\/jpeg","source_url":"https:\/\/www.deskmodder.de\/blog\/wp-content\/uploads\/2019\/12\/2020-11-inch-ipad-pro-with-metal-back-scaled-1-600x330.jpg"},"wp_rp_thumbnail":{"file":"2020-11-inch-ipad-pro-with-metal-back-scaled-1-50x50.jpg","width":50,"height":50,"mime-type":"image\/jpeg","source_url":"https:\/\/www.deskmodder.de\/blog\/wp-content\/uploads\/2019\/12\/2020-11-inch-ipad-pro-with-metal-back-scaled-1-50x50.jpg"}},"image_meta":{"aperture":"0","credit":"","camera":"","caption":"","created_timestamp":"0","copyright":"","focal_length":"0","iso":"0","shutter_speed":"0","title":"","orientation":"0","keywords":[]}},"post":132146,"source_url":"https:\/\/www.deskmodder.de\/blog\/wp-content\/uploads\/2019\/12\/2020-11-inch-ipad-pro-with-metal-back-scaled-1.jpg"},"commentcount":0,"wp_comments":[],"wp_author":{"id":1525,"name":"W8U","description":"Technikliebhaber aus Niedersachsen und seit 2013 bei den Deskmoddern. Interessiert sich f\u00fcr (fast) alles, durch das Strom flie\u00dft: Computer, Smartphones, Tablets, Autos und so weiter.","author_avatar_urls":{"24":"https:\/\/secure.gravatar.com\/avatar\/a1e9db99fdd71a9ae2c516203e3fcd390817fa98f868eb9ba6d4a77d1a815cd4?s=24&d=mm&r=g","48":"https:\/\/secure.gravatar.com\/avatar\/a1e9db99fdd71a9ae2c516203e3fcd390817fa98f868eb9ba6d4a77d1a815cd4?s=48&d=mm&r=g","96":"https:\/\/secure.gravatar.com\/avatar\/a1e9db99fdd71a9ae2c516203e3fcd390817fa98f868eb9ba6d4a77d1a815cd4?s=96&d=mm&r=g"}},"cld_nonce":"f49c0a4a03","yoast_head":"<!-- This site is optimized with the Yoast SEO Premium plugin v27.5 (Yoast SEO v27.5) - https:\/\/yoast.com\/product\/yoast-seo-premium-wordpress\/ -->\n<title>iPad Pro 2020 mit iPhone 11 Pro Kamera [Render-Bilder] - Deskmodder.de<\/title>\n<meta name=\"robots\" content=\"index, follow, max-snippet:-1, max-image-preview:large, max-video-preview:-1\" \/>\n<link rel=\"canonical\" href=\"https:\/\/www.deskmodder.de\/blog\/2019\/12\/27\/ipad-pro-2020-mit-iphone-11-pro-kamera-render-bilder\/\" \/>\n<meta property=\"og:locale\" content=\"de_DE\" \/>\n<meta property=\"og:type\" content=\"article\" \/>\n<meta property=\"og:title\" content=\"iPad Pro 2020 mit iPhone 11 Pro Kamera [Render-Bilder]\" \/>\n<meta property=\"og:description\" content=\"Bereit vor einiger Zeit hatten wir \u00fcber das Ger\u00fccht berichtet, dass Apple beim kommenden iPad Pro die Kamera aus den aktuellen iPhones verbauen k\u00f6nnte. Basis f\u00fcr diese Ger\u00fcchte waren damals Ger\u00e4te-Dummys, wie sie von Zubeh\u00f6r-Herstellern f\u00fcr die Entwicklung ihrer Produkte&hellip;\" \/>\n<meta property=\"og:url\" content=\"https:\/\/www.deskmodder.de\/blog\/2019\/12\/27\/ipad-pro-2020-mit-iphone-11-pro-kamera-render-bilder\/\" \/>\n<meta property=\"og:site_name\" content=\"Deskmodder.de\" \/>\n<meta property=\"article:publisher\" content=\"https:\/\/www.facebook.com\/Deskmodder\" \/>\n<meta property=\"article:published_time\" content=\"2019-12-27T13:44:25+00:00\" \/>\n<meta property=\"article:modified_time\" content=\"2019-12-27T13:45:01+00:00\" \/>\n<meta property=\"og:image\" content=\"https:\/\/www.deskmodder.de\/blog\/wp-content\/uploads\/2019\/12\/2020-11-inch-ipad-pro-with-metal-back-scaled-1.jpg\" \/>\n\t<meta property=\"og:image:width\" content=\"2560\" \/>\n\t<meta property=\"og:image:height\" content=\"1440\" \/>\n\t<meta property=\"og:image:type\" content=\"image\/jpeg\" \/>\n<meta name=\"author\" content=\"W8U\" \/>\n<meta name=\"twitter:card\" content=\"summary_large_image\" \/>\n<meta name=\"twitter:creator\" content=\"@Deskmodder\" \/>\n<meta name=\"twitter:site\" content=\"@Deskmodder\" \/>\n<script type=\"application\/ld+json\" class=\"yoast-schema-graph\">{\"@context\":\"https:\\\/\\\/schema.org\",\"@graph\":[{\"@type\":\"Article\",\"@id\":\"https:\\\/\\\/www.deskmodder.de\\\/blog\\\/2019\\\/12\\\/27\\\/ipad-pro-2020-mit-iphone-11-pro-kamera-render-bilder\\\/#article\",\"isPartOf\":{\"@id\":\"https:\\\/\\\/www.deskmodder.de\\\/blog\\\/2019\\\/12\\\/27\\\/ipad-pro-2020-mit-iphone-11-pro-kamera-render-bilder\\\/\"},\"author\":{\"name\":\"W8U\",\"@id\":\"https:\\\/\\\/www.deskmodder.de\\\/blog\\\/#\\\/schema\\\/person\\\/f3c70b4f4860c9fcc4c04057ed04f469\"},\"headline\":\"iPad Pro 2020 mit iPhone 11 Pro Kamera [Render-Bilder]\",\"datePublished\":\"2019-12-27T13:44:25+00:00\",\"dateModified\":\"2019-12-27T13:45:01+00:00\",\"mainEntityOfPage\":{\"@id\":\"https:\\\/\\\/www.deskmodder.de\\\/blog\\\/2019\\\/12\\\/27\\\/ipad-pro-2020-mit-iphone-11-pro-kamera-render-bilder\\\/\"},\"wordCount\":138,\"commentCount\":0,\"publisher\":{\"@id\":\"https:\\\/\\\/www.deskmodder.de\\\/blog\\\/#organization\"},\"image\":{\"@id\":\"https:\\\/\\\/www.deskmodder.de\\\/blog\\\/2019\\\/12\\\/27\\\/ipad-pro-2020-mit-iphone-11-pro-kamera-render-bilder\\\/#primaryimage\"},\"thumbnailUrl\":\"https:\\\/\\\/www.deskmodder.de\\\/blog\\\/wp-content\\\/uploads\\\/2019\\\/12\\\/2020-11-inch-ipad-pro-with-metal-back-scaled-1.jpg\",\"keywords\":[\"Apple\",\"iPad Pro 2020\",\"iPhone 11 Pro\",\"Kamera\",\"Leak\"],\"articleSection\":[\"Hardware\",\"iOS\"],\"inLanguage\":\"de\",\"potentialAction\":[{\"@type\":\"CommentAction\",\"name\":\"Comment\",\"target\":[\"https:\\\/\\\/www.deskmodder.de\\\/blog\\\/2019\\\/12\\\/27\\\/ipad-pro-2020-mit-iphone-11-pro-kamera-render-bilder\\\/#respond\"]}],\"copyrightYear\":\"2019\",\"copyrightHolder\":{\"@id\":\"https:\\\/\\\/www.deskmodder.de\\\/blog\\\/#organization\"}},{\"@type\":\"WebPage\",\"@id\":\"https:\\\/\\\/www.deskmodder.de\\\/blog\\\/2019\\\/12\\\/27\\\/ipad-pro-2020-mit-iphone-11-pro-kamera-render-bilder\\\/\",\"url\":\"https:\\\/\\\/www.deskmodder.de\\\/blog\\\/2019\\\/12\\\/27\\\/ipad-pro-2020-mit-iphone-11-pro-kamera-render-bilder\\\/\",\"name\":\"iPad Pro 2020 mit iPhone 11 Pro Kamera [Render-Bilder] - Deskmodder.de\",\"isPartOf\":{\"@id\":\"https:\\\/\\\/www.deskmodder.de\\\/blog\\\/#website\"},\"primaryImageOfPage\":{\"@id\":\"https:\\\/\\\/www.deskmodder.de\\\/blog\\\/2019\\\/12\\\/27\\\/ipad-pro-2020-mit-iphone-11-pro-kamera-render-bilder\\\/#primaryimage\"},\"image\":{\"@id\":\"https:\\\/\\\/www.deskmodder.de\\\/blog\\\/2019\\\/12\\\/27\\\/ipad-pro-2020-mit-iphone-11-pro-kamera-render-bilder\\\/#primaryimage\"},\"thumbnailUrl\":\"https:\\\/\\\/www.deskmodder.de\\\/blog\\\/wp-content\\\/uploads\\\/2019\\\/12\\\/2020-11-inch-ipad-pro-with-metal-back-scaled-1.jpg\",\"datePublished\":\"2019-12-27T13:44:25+00:00\",\"dateModified\":\"2019-12-27T13:45:01+00:00\",\"breadcrumb\":{\"@id\":\"https:\\\/\\\/www.deskmodder.de\\\/blog\\\/2019\\\/12\\\/27\\\/ipad-pro-2020-mit-iphone-11-pro-kamera-render-bilder\\\/#breadcrumb\"},\"inLanguage\":\"de\",\"potentialAction\":[{\"@type\":\"ReadAction\",\"target\":[\"https:\\\/\\\/www.deskmodder.de\\\/blog\\\/2019\\\/12\\\/27\\\/ipad-pro-2020-mit-iphone-11-pro-kamera-render-bilder\\\/\"]}]},{\"@type\":\"ImageObject\",\"inLanguage\":\"de\",\"@id\":\"https:\\\/\\\/www.deskmodder.de\\\/blog\\\/2019\\\/12\\\/27\\\/ipad-pro-2020-mit-iphone-11-pro-kamera-render-bilder\\\/#primaryimage\",\"url\":\"https:\\\/\\\/www.deskmodder.de\\\/blog\\\/wp-content\\\/uploads\\\/2019\\\/12\\\/2020-11-inch-ipad-pro-with-metal-back-scaled-1.jpg\",\"contentUrl\":\"https:\\\/\\\/www.deskmodder.de\\\/blog\\\/wp-content\\\/uploads\\\/2019\\\/12\\\/2020-11-inch-ipad-pro-with-metal-back-scaled-1.jpg\",\"width\":2560,\"height\":1440},{\"@type\":\"BreadcrumbList\",\"@id\":\"https:\\\/\\\/www.deskmodder.de\\\/blog\\\/2019\\\/12\\\/27\\\/ipad-pro-2020-mit-iphone-11-pro-kamera-render-bilder\\\/#breadcrumb\",\"itemListElement\":[{\"@type\":\"ListItem\",\"position\":1,\"name\":\"Startseite\",\"item\":\"https:\\\/\\\/www.deskmodder.de\\\/blog\\\/\"},{\"@type\":\"ListItem\",\"position\":2,\"name\":\"iPad Pro 2020 mit iPhone 11 Pro Kamera [Render-Bilder]\"}]},{\"@type\":\"WebSite\",\"@id\":\"https:\\\/\\\/www.deskmodder.de\\\/blog\\\/#website\",\"url\":\"https:\\\/\\\/www.deskmodder.de\\\/blog\\\/\",\"name\":\"Deskmodder.de\",\"description\":\"News zum Thema Microsoft, Windows 11 \\\/ 10, sowie anderen Neuigkeiten aus dem Netz, viele Tipps und individuelle Hilfe bei Problemen in unserem Forum \u25cf Deskmodder - seit 2003\",\"publisher\":{\"@id\":\"https:\\\/\\\/www.deskmodder.de\\\/blog\\\/#organization\"},\"potentialAction\":[{\"@type\":\"SearchAction\",\"target\":{\"@type\":\"EntryPoint\",\"urlTemplate\":\"https:\\\/\\\/www.deskmodder.de\\\/blog\\\/?s={search_term_string}\"},\"query-input\":{\"@type\":\"PropertyValueSpecification\",\"valueRequired\":true,\"valueName\":\"search_term_string\"}}],\"inLanguage\":\"de\"},{\"@type\":\"Organization\",\"@id\":\"https:\\\/\\\/www.deskmodder.de\\\/blog\\\/#organization\",\"name\":\"Deskmodder\",\"url\":\"https:\\\/\\\/www.deskmodder.de\\\/blog\\\/\",\"logo\":{\"@type\":\"ImageObject\",\"inLanguage\":\"de\",\"@id\":\"https:\\\/\\\/www.deskmodder.de\\\/blog\\\/#\\\/schema\\\/logo\\\/image\\\/\",\"url\":\"https:\\\/\\\/www.deskmodder.de\\\/blog\\\/wp-content\\\/uploads\\\/2019\\\/01\\\/deskmodder-logo-app.png\",\"contentUrl\":\"https:\\\/\\\/www.deskmodder.de\\\/blog\\\/wp-content\\\/uploads\\\/2019\\\/01\\\/deskmodder-logo-app.png\",\"width\":281,\"height\":286,\"caption\":\"Deskmodder\"},\"image\":{\"@id\":\"https:\\\/\\\/www.deskmodder.de\\\/blog\\\/#\\\/schema\\\/logo\\\/image\\\/\"},\"sameAs\":[\"https:\\\/\\\/www.facebook.com\\\/Deskmodder\",\"https:\\\/\\\/x.com\\\/Deskmodder\",\"https:\\\/\\\/mastodontech.de\\\/@Deskmodder\",\"https:\\\/\\\/www.youtube.com\\\/user\\\/deskmodder\",\"https:\\\/\\\/mewe.com\\\/group\\\/5c83b5231add826fc80cdae1\"]},{\"@type\":\"Person\",\"@id\":\"https:\\\/\\\/www.deskmodder.de\\\/blog\\\/#\\\/schema\\\/person\\\/f3c70b4f4860c9fcc4c04057ed04f469\",\"name\":\"W8U\",\"image\":{\"@type\":\"ImageObject\",\"inLanguage\":\"de\",\"@id\":\"https:\\\/\\\/secure.gravatar.com\\\/avatar\\\/a1e9db99fdd71a9ae2c516203e3fcd390817fa98f868eb9ba6d4a77d1a815cd4?s=96&d=mm&r=g\",\"url\":\"https:\\\/\\\/secure.gravatar.com\\\/avatar\\\/a1e9db99fdd71a9ae2c516203e3fcd390817fa98f868eb9ba6d4a77d1a815cd4?s=96&d=mm&r=g\",\"contentUrl\":\"https:\\\/\\\/secure.gravatar.com\\\/avatar\\\/a1e9db99fdd71a9ae2c516203e3fcd390817fa98f868eb9ba6d4a77d1a815cd4?s=96&d=mm&r=g\",\"caption\":\"W8U\"},\"description\":\"Technikliebhaber aus Niedersachsen und seit 2013 bei den Deskmoddern. Interessiert sich f\u00fcr (fast) alles, durch das Strom flie\u00dft: Computer, Smartphones, Tablets, Autos und so weiter.\",\"url\":\"https:\\\/\\\/www.deskmodder.de\\\/blog\\\/author\\\/w8u\\\/\"}]}<\/script>\n<!-- \/ Yoast SEO Premium plugin. -->","yoast_head_json":{"title":"iPad Pro 2020 mit iPhone 11 Pro Kamera [Render-Bilder] - Deskmodder.de","robots":{"index":"index","follow":"follow","max-snippet":"max-snippet:-1","max-image-preview":"max-image-preview:large","max-video-preview":"max-video-preview:-1"},"canonical":"https:\/\/www.deskmodder.de\/blog\/2019\/12\/27\/ipad-pro-2020-mit-iphone-11-pro-kamera-render-bilder\/","og_locale":"de_DE","og_type":"article","og_title":"iPad Pro 2020 mit iPhone 11 Pro Kamera [Render-Bilder]","og_description":"Bereit vor einiger Zeit hatten wir \u00fcber das Ger\u00fccht berichtet, dass Apple beim kommenden iPad Pro die Kamera aus den aktuellen iPhones verbauen k\u00f6nnte. Basis f\u00fcr diese Ger\u00fcchte waren damals Ger\u00e4te-Dummys, wie sie von Zubeh\u00f6r-Herstellern f\u00fcr die Entwicklung ihrer Produkte&hellip;","og_url":"https:\/\/www.deskmodder.de\/blog\/2019\/12\/27\/ipad-pro-2020-mit-iphone-11-pro-kamera-render-bilder\/","og_site_name":"Deskmodder.de","article_publisher":"https:\/\/www.facebook.com\/Deskmodder","article_published_time":"2019-12-27T13:44:25+00:00","article_modified_time":"2019-12-27T13:45:01+00:00","og_image":[{"width":2560,"height":1440,"url":"https:\/\/www.deskmodder.de\/blog\/wp-content\/uploads\/2019\/12\/2020-11-inch-ipad-pro-with-metal-back-scaled-1.jpg","type":"image\/jpeg"}],"author":"W8U","twitter_card":"summary_large_image","twitter_creator":"@Deskmodder","twitter_site":"@Deskmodder","schema":{"@context":"https:\/\/schema.org","@graph":[{"@type":"Article","@id":"https:\/\/www.deskmodder.de\/blog\/2019\/12\/27\/ipad-pro-2020-mit-iphone-11-pro-kamera-render-bilder\/#article","isPartOf":{"@id":"https:\/\/www.deskmodder.de\/blog\/2019\/12\/27\/ipad-pro-2020-mit-iphone-11-pro-kamera-render-bilder\/"},"author":{"name":"W8U","@id":"https:\/\/www.deskmodder.de\/blog\/#\/schema\/person\/f3c70b4f4860c9fcc4c04057ed04f469"},"headline":"iPad Pro 2020 mit iPhone 11 Pro Kamera [Render-Bilder]","datePublished":"2019-12-27T13:44:25+00:00","dateModified":"2019-12-27T13:45:01+00:00","mainEntityOfPage":{"@id":"https:\/\/www.deskmodder.de\/blog\/2019\/12\/27\/ipad-pro-2020-mit-iphone-11-pro-kamera-render-bilder\/"},"wordCount":138,"commentCount":0,"publisher":{"@id":"https:\/\/www.deskmodder.de\/blog\/#organization"},"image":{"@id":"https:\/\/www.deskmodder.de\/blog\/2019\/12\/27\/ipad-pro-2020-mit-iphone-11-pro-kamera-render-bilder\/#primaryimage"},"thumbnailUrl":"https:\/\/www.deskmodder.de\/blog\/wp-content\/uploads\/2019\/12\/2020-11-inch-ipad-pro-with-metal-back-scaled-1.jpg","keywords":["Apple","iPad Pro 2020","iPhone 11 Pro","Kamera","Leak"],"articleSection":["Hardware","iOS"],"inLanguage":"de","potentialAction":[{"@type":"CommentAction","name":"Comment","target":["https:\/\/www.deskmodder.de\/blog\/2019\/12\/27\/ipad-pro-2020-mit-iphone-11-pro-kamera-render-bilder\/#respond"]}],"copyrightYear":"2019","copyrightHolder":{"@id":"https:\/\/www.deskmodder.de\/blog\/#organization"}},{"@type":"WebPage","@id":"https:\/\/www.deskmodder.de\/blog\/2019\/12\/27\/ipad-pro-2020-mit-iphone-11-pro-kamera-render-bilder\/","url":"https:\/\/www.deskmodder.de\/blog\/2019\/12\/27\/ipad-pro-2020-mit-iphone-11-pro-kamera-render-bilder\/","name":"iPad Pro 2020 mit iPhone 11 Pro Kamera [Render-Bilder] - Deskmodder.de","isPartOf":{"@id":"https:\/\/www.deskmodder.de\/blog\/#website"},"primaryImageOfPage":{"@id":"https:\/\/www.deskmodder.de\/blog\/2019\/12\/27\/ipad-pro-2020-mit-iphone-11-pro-kamera-render-bilder\/#primaryimage"},"image":{"@id":"https:\/\/www.deskmodder.de\/blog\/2019\/12\/27\/ipad-pro-2020-mit-iphone-11-pro-kamera-render-bilder\/#primaryimage"},"thumbnailUrl":"https:\/\/www.deskmodder.de\/blog\/wp-content\/uploads\/2019\/12\/2020-11-inch-ipad-pro-with-metal-back-scaled-1.jpg","datePublished":"2019-12-27T13:44:25+00:00","dateModified":"2019-12-27T13:45:01+00:00","breadcrumb":{"@id":"https:\/\/www.deskmodder.de\/blog\/2019\/12\/27\/ipad-pro-2020-mit-iphone-11-pro-kamera-render-bilder\/#breadcrumb"},"inLanguage":"de","potentialAction":[{"@type":"ReadAction","target":["https:\/\/www.deskmodder.de\/blog\/2019\/12\/27\/ipad-pro-2020-mit-iphone-11-pro-kamera-render-bilder\/"]}]},{"@type":"ImageObject","inLanguage":"de","@id":"https:\/\/www.deskmodder.de\/blog\/2019\/12\/27\/ipad-pro-2020-mit-iphone-11-pro-kamera-render-bilder\/#primaryimage","url":"https:\/\/www.deskmodder.de\/blog\/wp-content\/uploads\/2019\/12\/2020-11-inch-ipad-pro-with-metal-back-scaled-1.jpg","contentUrl":"https:\/\/www.deskmodder.de\/blog\/wp-content\/uploads\/2019\/12\/2020-11-inch-ipad-pro-with-metal-back-scaled-1.jpg","width":2560,"height":1440},{"@type":"BreadcrumbList","@id":"https:\/\/www.deskmodder.de\/blog\/2019\/12\/27\/ipad-pro-2020-mit-iphone-11-pro-kamera-render-bilder\/#breadcrumb","itemListElement":[{"@type":"ListItem","position":1,"name":"Startseite","item":"https:\/\/www.deskmodder.de\/blog\/"},{"@type":"ListItem","position":2,"name":"iPad Pro 2020 mit iPhone 11 Pro Kamera [Render-Bilder]"}]},{"@type":"WebSite","@id":"https:\/\/www.deskmodder.de\/blog\/#website","url":"https:\/\/www.deskmodder.de\/blog\/","name":"Deskmodder.de","description":"News zum Thema Microsoft, Windows 11 \/ 10, sowie anderen Neuigkeiten aus dem Netz, viele Tipps und individuelle Hilfe bei Problemen in unserem Forum \u25cf Deskmodder - seit 2003","publisher":{"@id":"https:\/\/www.deskmodder.de\/blog\/#organization"},"potentialAction":[{"@type":"SearchAction","target":{"@type":"EntryPoint","urlTemplate":"https:\/\/www.deskmodder.de\/blog\/?s={search_term_string}"},"query-input":{"@type":"PropertyValueSpecification","valueRequired":true,"valueName":"search_term_string"}}],"inLanguage":"de"},{"@type":"Organization","@id":"https:\/\/www.deskmodder.de\/blog\/#organization","name":"Deskmodder","url":"https:\/\/www.deskmodder.de\/blog\/","logo":{"@type":"ImageObject","inLanguage":"de","@id":"https:\/\/www.deskmodder.de\/blog\/#\/schema\/logo\/image\/","url":"https:\/\/www.deskmodder.de\/blog\/wp-content\/uploads\/2019\/01\/deskmodder-logo-app.png","contentUrl":"https:\/\/www.deskmodder.de\/blog\/wp-content\/uploads\/2019\/01\/deskmodder-logo-app.png","width":281,"height":286,"caption":"Deskmodder"},"image":{"@id":"https:\/\/www.deskmodder.de\/blog\/#\/schema\/logo\/image\/"},"sameAs":["https:\/\/www.facebook.com\/Deskmodder","https:\/\/x.com\/Deskmodder","https:\/\/mastodontech.de\/@Deskmodder","https:\/\/www.youtube.com\/user\/deskmodder","https:\/\/mewe.com\/group\/5c83b5231add826fc80cdae1"]},{"@type":"Person","@id":"https:\/\/www.deskmodder.de\/blog\/#\/schema\/person\/f3c70b4f4860c9fcc4c04057ed04f469","name":"W8U","image":{"@type":"ImageObject","inLanguage":"de","@id":"https:\/\/secure.gravatar.com\/avatar\/a1e9db99fdd71a9ae2c516203e3fcd390817fa98f868eb9ba6d4a77d1a815cd4?s=96&d=mm&r=g","url":"https:\/\/secure.gravatar.com\/avatar\/a1e9db99fdd71a9ae2c516203e3fcd390817fa98f868eb9ba6d4a77d1a815cd4?s=96&d=mm&r=g","contentUrl":"https:\/\/secure.gravatar.com\/avatar\/a1e9db99fdd71a9ae2c516203e3fcd390817fa98f868eb9ba6d4a77d1a815cd4?s=96&d=mm&r=g","caption":"W8U"},"description":"Technikliebhaber aus Niedersachsen und seit 2013 bei den Deskmoddern. Interessiert sich f\u00fcr (fast) alles, durch das Strom flie\u00dft: Computer, Smartphones, Tablets, Autos und so weiter.","url":"https:\/\/www.deskmodder.de\/blog\/author\/w8u\/"}]}},"jetpack_publicize_connections":[],"jetpack_featured_media_url":"https:\/\/www.deskmodder.de\/blog\/wp-content\/uploads\/2019\/12\/2020-11-inch-ipad-pro-with-metal-back-scaled-1.jpg","_links":{"self":[{"href":"https:\/\/www.deskmodder.de\/blog\/wp-json\/wp\/v2\/posts\/132146","targetHints":{"allow":["GET"]}}],"collection":[{"href":"https:\/\/www.deskmodder.de\/blog\/wp-json\/wp\/v2\/posts"}],"about":[{"href":"https:\/\/www.deskmodder.de\/blog\/wp-json\/wp\/v2\/types\/post"}],"author":[{"embeddable":true,"href":"https:\/\/www.deskmodder.de\/blog\/wp-json\/wp\/v2\/users\/1525"}],"replies":[{"embeddable":true,"href":"https:\/\/www.deskmodder.de\/blog\/wp-json\/wp\/v2\/comments?post=132146"}],"version-history":[{"count":0,"href":"https:\/\/www.deskmodder.de\/blog\/wp-json\/wp\/v2\/posts\/132146\/revisions"}],"wp:featuredmedia":[{"embeddable":true,"href":"https:\/\/www.deskmodder.de\/blog\/wp-json\/wp\/v2\/media\/132147"}],"wp:attachment":[{"href":"https:\/\/www.deskmodder.de\/blog\/wp-json\/wp\/v2\/media?parent=132146"}],"wp:term":[{"taxonomy":"category","embeddable":true,"href":"https:\/\/www.deskmodder.de\/blog\/wp-json\/wp\/v2\/categories?post=132146"},{"taxonomy":"post_tag","embeddable":true,"href":"https:\/\/www.deskmodder.de\/blog\/wp-json\/wp\/v2\/tags?post=132146"}],"curies":[{"name":"wp","href":"https:\/\/api.w.org\/{rel}","templated":true}]}}