{"id":126451,"date":"2019-09-05T10:47:04","date_gmt":"2019-09-05T08:47:04","guid":{"rendered":"https:\/\/www.deskmodder.de\/blog\/?p=126451"},"modified":"2019-09-05T10:47:04","modified_gmt":"2019-09-05T08:47:04","slug":"telekom-5-staedte-koennen-nun-5g-nutzen-zwei-folgen-dieses-jahr-noch","status":"publish","type":"post","link":"https:\/\/www.deskmodder.de\/blog\/2019\/09\/05\/telekom-5-staedte-koennen-nun-5g-nutzen-zwei-folgen-dieses-jahr-noch\/","title":{"rendered":"Telekom 5 St\u00e4dte k\u00f6nnen nun 5G nutzen &#8211; Zwei folgen dieses Jahr noch"},"content":{"rendered":"<p>Es wird sicherlich noch lange dauern, bis wir 5G als Normal betrachten werden. Heute hat die Telekom bekanntgegeben, dass man nun mit mehr als 120 Antennen in f\u00fcnf St\u00e4dten gestartet ist.<\/p>\n<p>Mit dabei sind Berlin, M\u00fcnchen, K\u00f6ln, Bonn und Darmstadt. Bis Ende 2019 kommen dann noch Hamburg und Leipzig dazu. Am meisten profitiert derzeit Berlin. denn hier hat man ein sechs Quadratkilometer gro\u00dfes und zusammenh\u00e4ngendes Gebiet um mit Bandbreiten von 1 GBit\/s und mehr surfen zu k\u00f6nnen.<\/p>\n<p><a href=\"https:\/\/www.deskmodder.de\/blog\/wp-content\/uploads\/2017\/09\/telekom-logo-ifa17.jpg\" rel=\"lightbox[126451]\"><img loading=\"lazy\" decoding=\"async\" src=\"https:\/\/www.deskmodder.de\/blog\/wp-content\/uploads\/2017\/09\/telekom-logo-ifa17-500x334.jpg\" alt=\"\" width=\"500\" height=\"334\" class=\"aligncenter size-medium wp-image-90576\" srcset=\"https:\/\/www.deskmodder.de\/blog\/wp-content\/uploads\/2017\/09\/telekom-logo-ifa17-500x334.jpg 500w, https:\/\/www.deskmodder.de\/blog\/wp-content\/uploads\/2017\/09\/telekom-logo-ifa17-306x205.jpg 306w, https:\/\/www.deskmodder.de\/blog\/wp-content\/uploads\/2017\/09\/telekom-logo-ifa17-810x541.jpg 810w, https:\/\/www.deskmodder.de\/blog\/wp-content\/uploads\/2017\/09\/telekom-logo-ifa17.jpg 1746w\" sizes=\"auto, (max-width: 500px) 100vw, 500px\" \/><\/a><\/p>\n<p><em>&#8222;F\u00fcr 5G nutzen wir zun\u00e4chst 4G-Standorte. Denn die neue Technologie wird \u00fcber LTE synchronisiert und ins Netz gebracht. 5G setzt sich quasi Huckepack auf LTE.&#8220;<\/em><\/p>\n<p>F\u00fcr die einzelnen 5G-Standorte ist auf der Seite eine genauere Beschreibung zu finden. Es geht also langsam aber sicher los. Um diese Bandbreiten auch nutzen zu k\u00f6nnen muss man nat\u00fcrlich auch den dazugeh\u00f6rigen Tarif und ein neues Handy haben. Aber das wird sich wohl erst in ein paar Jahren so richtig lohnen.<\/p>\n<div class=\"quelle\">Quelle: <a href=\"https:\/\/www.telekom.com\/de\/medien\/medieninformationen\/detail\/5g-funkt-live-in-fuenf-staedten-580454\" rel=\"noopener noreferrer\" target=\"_blank\">telekom<\/a><\/div>\n","protected":false},"excerpt":{"rendered":"<p>Es wird sicherlich noch lange dauern, bis wir 5G als Normal betrachten werden. Heute hat die Telekom bekanntgegeben, dass man nun mit mehr als 120 Antennen in f\u00fcnf St\u00e4dten gestartet ist. Mit dabei sind Berlin, M\u00fcnchen, K\u00f6ln, Bonn und Darmstadt.&hellip; <\/p>\n","protected":false},"author":134,"featured_media":90576,"comment_status":"open","ping_status":"open","sticky":false,"template":"","format":"standard","meta":{"jetpack_post_was_ever_published":false,"footnotes":"","jetpack_publicize_message":"","jetpack_publicize_feature_enabled":true,"jetpack_social_post_already_shared":true,"jetpack_social_options":{"image_generator_settings":{"template":"highway","default_image_id":0,"font":"","enabled":false},"version":2}},"categories":[60884],"tags":[],"class_list":["post-126451","post","type-post","status-publish","format-standard","has-post-thumbnail","hentry","category-internet"],"wp_featured_image":{"id":90576,"alt_text":"","description":"","media_type":"image","media_details":{"width":1746,"height":1166,"file":"2017\/09\/telekom-logo-ifa17.jpg","sizes":{"thumbnail":{"file":"telekom-logo-ifa17-306x205.jpg","width":306,"height":205,"mime-type":"image\/jpeg","source_url":"https:\/\/www.deskmodder.de\/blog\/wp-content\/uploads\/2017\/09\/telekom-logo-ifa17-306x205.jpg"},"medium":{"file":"telekom-logo-ifa17-500x334.jpg","width":500,"height":334,"mime-type":"image\/jpeg","source_url":"https:\/\/www.deskmodder.de\/blog\/wp-content\/uploads\/2017\/09\/telekom-logo-ifa17-500x334.jpg"},"large":{"file":"telekom-logo-ifa17-810x541.jpg","width":810,"height":541,"mime-type":"image\/jpeg","source_url":"https:\/\/www.deskmodder.de\/blog\/wp-content\/uploads\/2017\/09\/telekom-logo-ifa17-810x541.jpg"},"wp_review_large":{"file":"telekom-logo-ifa17-320x200.jpg","width":320,"height":200,"mime-type":"image\/jpeg","source_url":"https:\/\/www.deskmodder.de\/blog\/wp-content\/uploads\/2017\/09\/telekom-logo-ifa17-320x200.jpg"},"wp_review_small":{"file":"telekom-logo-ifa17-65x65.jpg","width":65,"height":65,"mime-type":"image\/jpeg","source_url":"https:\/\/www.deskmodder.de\/blog\/wp-content\/uploads\/2017\/09\/telekom-logo-ifa17-65x65.jpg"},"blog-large":{"file":"telekom-logo-ifa17-642x300.jpg","width":642,"height":300,"mime-type":"image\/jpeg","source_url":"https:\/\/www.deskmodder.de\/blog\/wp-content\/uploads\/2017\/09\/telekom-logo-ifa17-642x300.jpg"},"blog-medium":{"file":"telekom-logo-ifa17-306x205.jpg","width":306,"height":205,"mime-type":"image\/jpeg","source_url":"https:\/\/www.deskmodder.de\/blog\/wp-content\/uploads\/2017\/09\/telekom-logo-ifa17-306x205.jpg"},"recent-thumb":{"file":"telekom-logo-ifa17-350x316.jpg","width":350,"height":316,"mime-type":"image\/jpeg","source_url":"https:\/\/www.deskmodder.de\/blog\/wp-content\/uploads\/2017\/09\/telekom-logo-ifa17-350x316.jpg"},"service-featured":{"file":"telekom-logo-ifa17-600x330.jpg","width":600,"height":330,"mime-type":"image\/jpeg","source_url":"https:\/\/www.deskmodder.de\/blog\/wp-content\/uploads\/2017\/09\/telekom-logo-ifa17-600x330.jpg"},"wp_rp_thumbnail":{"file":"telekom-logo-ifa17-150x150.jpg","width":150,"height":150,"mime-type":"image\/jpeg","source_url":"https:\/\/www.deskmodder.de\/blog\/wp-content\/uploads\/2017\/09\/telekom-logo-ifa17-150x150.jpg"}},"image_meta":{"aperture":"3.2","credit":"","camera":"Canon PowerShot A590 IS","caption":"","created_timestamp":"1504375223","copyright":"","focal_length":"7.9","iso":"160","shutter_speed":"0.0125","title":"","orientation":"1","keywords":[]}},"post":92395,"source_url":"https:\/\/www.deskmodder.de\/blog\/wp-content\/uploads\/2017\/09\/telekom-logo-ifa17.jpg"},"commentcount":5,"wp_comments":[{"id":110352,"parent":0,"author":0,"author_name":"joachim","author_email":"xaudio@web.de","author_url":"","author_avatar_urls":{"24":"https:\/\/secure.gravatar.com\/avatar\/e0d5d19c4f058e761a07b01b3428ffdf5262f3cada8817591d1003a8d8493434?s=24&d=mm&r=g","48":"https:\/\/secure.gravatar.com\/avatar\/e0d5d19c4f058e761a07b01b3428ffdf5262f3cada8817591d1003a8d8493434?s=48&d=mm&r=g","96":"https:\/\/secure.gravatar.com\/avatar\/e0d5d19c4f058e761a07b01b3428ffdf5262f3cada8817591d1003a8d8493434?s=96&d=mm&r=g"},"date":"2019-09-06T23:19:04","cld_nonce":"e41d0d9d34","content":{"rendered":"<p>\u201eF\u00fcr 5G nutzen wir zun\u00e4chst 4G-Standorte. Denn die neue Technologie wird \u00fcber LTE synchronisiert und ins Netz gebracht. 5G setzt sich quasi Huckepack auf LTE.\u201c<\/p>\n<p>also kann man fest davon ausgehen, da wo es heute kein G4 gibt wird es auch kein G5 geben. Thema verfehlt, setzen 6.<\/p>\n"},"status":"1"},{"id":110353,"parent":0,"author":0,"author_name":"joachim","author_email":"xaudio@web.de","author_url":"","author_avatar_urls":{"24":"https:\/\/secure.gravatar.com\/avatar\/e0d5d19c4f058e761a07b01b3428ffdf5262f3cada8817591d1003a8d8493434?s=24&d=mm&r=g","48":"https:\/\/secure.gravatar.com\/avatar\/e0d5d19c4f058e761a07b01b3428ffdf5262f3cada8817591d1003a8d8493434?s=48&d=mm&r=g","96":"https:\/\/secure.gravatar.com\/avatar\/e0d5d19c4f058e761a07b01b3428ffdf5262f3cada8817591d1003a8d8493434?s=96&d=mm&r=g"},"date":"2019-09-06T23:27:33","cld_nonce":"e41d0d9d34","content":{"rendered":"<p>oder anders formuliert, wer heute eh schon mit LTE und Breitbandanschl\u00fcssen zu geschissen ist, wird noch mehr zu geschissen. Und wer heute abgeh\u00e4ngt ist, wird es auch morgen sein! irgend was ist faul im Staat!!!<\/p>\n"},"status":"1"},{"id":110354,"parent":110353,"author":0,"author_name":"ordner","author_email":"ma18892013@gmail.com","author_url":"","author_avatar_urls":{"24":"https:\/\/secure.gravatar.com\/avatar\/7dc0f3806789d157a90098cbf34863f702dbc34ad00e707a8e14577907c0a5bf?s=24&d=mm&r=g","48":"https:\/\/secure.gravatar.com\/avatar\/7dc0f3806789d157a90098cbf34863f702dbc34ad00e707a8e14577907c0a5bf?s=48&d=mm&r=g","96":"https:\/\/secure.gravatar.com\/avatar\/7dc0f3806789d157a90098cbf34863f702dbc34ad00e707a8e14577907c0a5bf?s=96&d=mm&r=g"},"date":"2019-09-06T23:47:02","cld_nonce":"e41d0d9d34","content":{"rendered":"<p>nuja, es geht der telekom und den anderen nicht darum&#8230;kunden zu erfreuen&#8230;es geht ganz stumpf um geld abzocken&#8230;und bei der telekom sowieso, da sie staatlichen schutz untersteht&#8230;und nicht wirklich als freies unabh\u00e4niges unternehmen bezeichnet werden kann&#8230;(genauso wie post, bahn, vw)..desweiteren mu\u00df man solche &#8222;unternehmen&#8220; als kundenfeindlich ansehen&#8230;da sie in bereichen oder ganz ein monopol besitzen&#8230;und dieses scharmlos und unsozial ausnutzen.<\/p>\n"},"status":"1"},{"id":110355,"parent":0,"author":3888,"author_name":"Holunder1957","author_email":"ahrensdetlef@hotmail.de","author_url":"","author_avatar_urls":{"24":"https:\/\/secure.gravatar.com\/avatar\/775c35869d509bf7b59e377f93ef7c9d230f7fc6471d4cf864dc077823a02246?s=24&d=mm&r=g","48":"https:\/\/secure.gravatar.com\/avatar\/775c35869d509bf7b59e377f93ef7c9d230f7fc6471d4cf864dc077823a02246?s=48&d=mm&r=g","96":"https:\/\/secure.gravatar.com\/avatar\/775c35869d509bf7b59e377f93ef7c9d230f7fc6471d4cf864dc077823a02246?s=96&d=mm&r=g"},"date":"2019-09-07T00:17:59","cld_nonce":"e41d0d9d34","content":{"rendered":"<p>Deswegen funktioniert mein Hybrid Anschluss nicht mehr. Der LTE Anteil ist z.Z. = Null. Ich habe nur die Max. 6000 kbit der DSL. Die Max. 16000 der LTE fehlen seit ein Paar Tagen. Das macht bei mir ca. 30 &#8211; 45 Min, welche WU beim Download l\u00e4nger braucht.<\/p>\n"},"status":"1"},{"id":110396,"parent":0,"author":5033,"author_name":"Hi950","author_email":"gilbert.schwaab@outlook.de","author_url":"","author_avatar_urls":{"24":"https:\/\/secure.gravatar.com\/avatar\/130f7026bf0fdd111e3b84ffe312edbefe5e2e4a706117d174f696ce4ba9d390?s=24&d=mm&r=g","48":"https:\/\/secure.gravatar.com\/avatar\/130f7026bf0fdd111e3b84ffe312edbefe5e2e4a706117d174f696ce4ba9d390?s=48&d=mm&r=g","96":"https:\/\/secure.gravatar.com\/avatar\/130f7026bf0fdd111e3b84ffe312edbefe5e2e4a706117d174f696ce4ba9d390?s=96&d=mm&r=g"},"date":"2019-09-07T16:04:42","cld_nonce":"e41d0d9d34","content":{"rendered":"<p>Am Frankfurter Ring stehen jetzt f\u00fcnf Antennen f\u00fcr 5G. Vielleicht reicht der Funk bis Ende des Jahres bis zur BMW Welt. Ein Ausbau in Richtung Innenstadt sei f\u00fcr die n\u00e4chsten Jahre geplant. Ein paar km die Isar hoch bleibt es dagegen weiterhin bei 0G <img src=\"https:\/\/www.deskmodder.de\/blog\/wp-content\/plugins\/classic-smilies\/img\/icon_razz.gif\" alt=\":-P\" class=\"wp-smiley\" \/><br \/>\n<i>gepostet mit der <a href=\"https:\/\/www.microsoft.com\/store\/apps\/9wzdncrdfx92\" >Deskmodder.de-App<\/a><\/i><\/p>\n"},"status":"1"}],"wp_author":{"id":134,"name":"moinmoin","description":"Ich bin nicht allwissend, was <a href=\"https:\/\/www.deskmodder.de\/wiki\/index.php?title=Kategorie:Windows_11\">Windows<\/a> angeht. Aber genau deshalb nehme ich Windows gerne auseinander und unter die Lupe, um all mein Wissen zu erweitern. <i>J\u00fcrgen<\/i>","author_avatar_urls":{"24":"https:\/\/secure.gravatar.com\/avatar\/fab96769102f8886245ab411df9a42a235be79261e4b44aa7ab2a555da8b86b4?s=24&d=mm&r=g","48":"https:\/\/secure.gravatar.com\/avatar\/fab96769102f8886245ab411df9a42a235be79261e4b44aa7ab2a555da8b86b4?s=48&d=mm&r=g","96":"https:\/\/secure.gravatar.com\/avatar\/fab96769102f8886245ab411df9a42a235be79261e4b44aa7ab2a555da8b86b4?s=96&d=mm&r=g"}},"cld_nonce":"e41d0d9d34","yoast_head":"<!-- This site is optimized with the Yoast SEO Premium plugin v27.5 (Yoast SEO v27.5) - https:\/\/yoast.com\/product\/yoast-seo-premium-wordpress\/ -->\n<title>Telekom 5 St\u00e4dte k\u00f6nnen nun 5G nutzen - Zwei folgen dieses Jahr noch - Deskmodder.de<\/title>\n<meta name=\"robots\" content=\"index, follow, max-snippet:-1, max-image-preview:large, max-video-preview:-1\" \/>\n<link rel=\"canonical\" href=\"https:\/\/www.deskmodder.de\/blog\/2019\/09\/05\/telekom-5-staedte-koennen-nun-5g-nutzen-zwei-folgen-dieses-jahr-noch\/\" \/>\n<meta property=\"og:locale\" content=\"de_DE\" \/>\n<meta property=\"og:type\" content=\"article\" \/>\n<meta property=\"og:title\" content=\"Telekom 5 St\u00e4dte k\u00f6nnen nun 5G nutzen - Zwei folgen dieses Jahr noch\" \/>\n<meta property=\"og:description\" content=\"Es wird sicherlich noch lange dauern, bis wir 5G als Normal betrachten werden. Heute hat die Telekom bekanntgegeben, dass man nun mit mehr als 120 Antennen in f\u00fcnf St\u00e4dten gestartet ist. Mit dabei sind Berlin, M\u00fcnchen, K\u00f6ln, Bonn und Darmstadt.&hellip;\" \/>\n<meta property=\"og:url\" content=\"https:\/\/www.deskmodder.de\/blog\/2019\/09\/05\/telekom-5-staedte-koennen-nun-5g-nutzen-zwei-folgen-dieses-jahr-noch\/\" \/>\n<meta property=\"og:site_name\" content=\"Deskmodder.de\" \/>\n<meta property=\"article:publisher\" content=\"https:\/\/www.facebook.com\/Deskmodder\" \/>\n<meta property=\"article:published_time\" content=\"2019-09-05T08:47:04+00:00\" \/>\n<meta property=\"og:image\" content=\"https:\/\/www.deskmodder.de\/blog\/wp-content\/uploads\/2017\/09\/telekom-logo-ifa17.jpg\" \/>\n\t<meta property=\"og:image:width\" content=\"1746\" \/>\n\t<meta property=\"og:image:height\" content=\"1166\" \/>\n\t<meta property=\"og:image:type\" content=\"image\/jpeg\" \/>\n<meta name=\"author\" content=\"moinmoin\" \/>\n<meta name=\"twitter:card\" content=\"summary_large_image\" \/>\n<meta name=\"twitter:creator\" content=\"@Deskmodder\" \/>\n<meta name=\"twitter:site\" content=\"@Deskmodder\" \/>\n<script type=\"application\/ld+json\" class=\"yoast-schema-graph\">{\"@context\":\"https:\\\/\\\/schema.org\",\"@graph\":[{\"@type\":\"Article\",\"@id\":\"https:\\\/\\\/www.deskmodder.de\\\/blog\\\/2019\\\/09\\\/05\\\/telekom-5-staedte-koennen-nun-5g-nutzen-zwei-folgen-dieses-jahr-noch\\\/#article\",\"isPartOf\":{\"@id\":\"https:\\\/\\\/www.deskmodder.de\\\/blog\\\/2019\\\/09\\\/05\\\/telekom-5-staedte-koennen-nun-5g-nutzen-zwei-folgen-dieses-jahr-noch\\\/\"},\"author\":{\"name\":\"moinmoin\",\"@id\":\"https:\\\/\\\/www.deskmodder.de\\\/blog\\\/#\\\/schema\\\/person\\\/a40b17a9503c4a1568ac4073bb54182a\"},\"headline\":\"Telekom 5 St\u00e4dte k\u00f6nnen nun 5G nutzen &#8211; Zwei folgen dieses Jahr noch\",\"datePublished\":\"2019-09-05T08:47:04+00:00\",\"mainEntityOfPage\":{\"@id\":\"https:\\\/\\\/www.deskmodder.de\\\/blog\\\/2019\\\/09\\\/05\\\/telekom-5-staedte-koennen-nun-5g-nutzen-zwei-folgen-dieses-jahr-noch\\\/\"},\"wordCount\":183,\"commentCount\":5,\"publisher\":{\"@id\":\"https:\\\/\\\/www.deskmodder.de\\\/blog\\\/#organization\"},\"image\":{\"@id\":\"https:\\\/\\\/www.deskmodder.de\\\/blog\\\/2019\\\/09\\\/05\\\/telekom-5-staedte-koennen-nun-5g-nutzen-zwei-folgen-dieses-jahr-noch\\\/#primaryimage\"},\"thumbnailUrl\":\"https:\\\/\\\/www.deskmodder.de\\\/blog\\\/wp-content\\\/uploads\\\/2017\\\/09\\\/telekom-logo-ifa17.jpg\",\"articleSection\":[\"Welt des Internets\"],\"inLanguage\":\"de\",\"potentialAction\":[{\"@type\":\"CommentAction\",\"name\":\"Comment\",\"target\":[\"https:\\\/\\\/www.deskmodder.de\\\/blog\\\/2019\\\/09\\\/05\\\/telekom-5-staedte-koennen-nun-5g-nutzen-zwei-folgen-dieses-jahr-noch\\\/#respond\"]}],\"copyrightYear\":\"2019\",\"copyrightHolder\":{\"@id\":\"https:\\\/\\\/www.deskmodder.de\\\/blog\\\/#organization\"}},{\"@type\":\"WebPage\",\"@id\":\"https:\\\/\\\/www.deskmodder.de\\\/blog\\\/2019\\\/09\\\/05\\\/telekom-5-staedte-koennen-nun-5g-nutzen-zwei-folgen-dieses-jahr-noch\\\/\",\"url\":\"https:\\\/\\\/www.deskmodder.de\\\/blog\\\/2019\\\/09\\\/05\\\/telekom-5-staedte-koennen-nun-5g-nutzen-zwei-folgen-dieses-jahr-noch\\\/\",\"name\":\"Telekom 5 St\u00e4dte k\u00f6nnen nun 5G nutzen - Zwei folgen dieses Jahr noch - Deskmodder.de\",\"isPartOf\":{\"@id\":\"https:\\\/\\\/www.deskmodder.de\\\/blog\\\/#website\"},\"primaryImageOfPage\":{\"@id\":\"https:\\\/\\\/www.deskmodder.de\\\/blog\\\/2019\\\/09\\\/05\\\/telekom-5-staedte-koennen-nun-5g-nutzen-zwei-folgen-dieses-jahr-noch\\\/#primaryimage\"},\"image\":{\"@id\":\"https:\\\/\\\/www.deskmodder.de\\\/blog\\\/2019\\\/09\\\/05\\\/telekom-5-staedte-koennen-nun-5g-nutzen-zwei-folgen-dieses-jahr-noch\\\/#primaryimage\"},\"thumbnailUrl\":\"https:\\\/\\\/www.deskmodder.de\\\/blog\\\/wp-content\\\/uploads\\\/2017\\\/09\\\/telekom-logo-ifa17.jpg\",\"datePublished\":\"2019-09-05T08:47:04+00:00\",\"breadcrumb\":{\"@id\":\"https:\\\/\\\/www.deskmodder.de\\\/blog\\\/2019\\\/09\\\/05\\\/telekom-5-staedte-koennen-nun-5g-nutzen-zwei-folgen-dieses-jahr-noch\\\/#breadcrumb\"},\"inLanguage\":\"de\",\"potentialAction\":[{\"@type\":\"ReadAction\",\"target\":[\"https:\\\/\\\/www.deskmodder.de\\\/blog\\\/2019\\\/09\\\/05\\\/telekom-5-staedte-koennen-nun-5g-nutzen-zwei-folgen-dieses-jahr-noch\\\/\"]}]},{\"@type\":\"ImageObject\",\"inLanguage\":\"de\",\"@id\":\"https:\\\/\\\/www.deskmodder.de\\\/blog\\\/2019\\\/09\\\/05\\\/telekom-5-staedte-koennen-nun-5g-nutzen-zwei-folgen-dieses-jahr-noch\\\/#primaryimage\",\"url\":\"https:\\\/\\\/www.deskmodder.de\\\/blog\\\/wp-content\\\/uploads\\\/2017\\\/09\\\/telekom-logo-ifa17.jpg\",\"contentUrl\":\"https:\\\/\\\/www.deskmodder.de\\\/blog\\\/wp-content\\\/uploads\\\/2017\\\/09\\\/telekom-logo-ifa17.jpg\",\"width\":1746,\"height\":1166},{\"@type\":\"BreadcrumbList\",\"@id\":\"https:\\\/\\\/www.deskmodder.de\\\/blog\\\/2019\\\/09\\\/05\\\/telekom-5-staedte-koennen-nun-5g-nutzen-zwei-folgen-dieses-jahr-noch\\\/#breadcrumb\",\"itemListElement\":[{\"@type\":\"ListItem\",\"position\":1,\"name\":\"Startseite\",\"item\":\"https:\\\/\\\/www.deskmodder.de\\\/blog\\\/\"},{\"@type\":\"ListItem\",\"position\":2,\"name\":\"Telekom 5 St\u00e4dte k\u00f6nnen nun 5G nutzen &#8211; Zwei folgen dieses Jahr noch\"}]},{\"@type\":\"WebSite\",\"@id\":\"https:\\\/\\\/www.deskmodder.de\\\/blog\\\/#website\",\"url\":\"https:\\\/\\\/www.deskmodder.de\\\/blog\\\/\",\"name\":\"Deskmodder.de\",\"description\":\"News zum Thema Microsoft, Windows 11 \\\/ 10, sowie anderen Neuigkeiten aus dem Netz, viele Tipps und individuelle Hilfe bei Problemen in unserem Forum \u25cf Deskmodder - seit 2003\",\"publisher\":{\"@id\":\"https:\\\/\\\/www.deskmodder.de\\\/blog\\\/#organization\"},\"potentialAction\":[{\"@type\":\"SearchAction\",\"target\":{\"@type\":\"EntryPoint\",\"urlTemplate\":\"https:\\\/\\\/www.deskmodder.de\\\/blog\\\/?s={search_term_string}\"},\"query-input\":{\"@type\":\"PropertyValueSpecification\",\"valueRequired\":true,\"valueName\":\"search_term_string\"}}],\"inLanguage\":\"de\"},{\"@type\":\"Organization\",\"@id\":\"https:\\\/\\\/www.deskmodder.de\\\/blog\\\/#organization\",\"name\":\"Deskmodder\",\"url\":\"https:\\\/\\\/www.deskmodder.de\\\/blog\\\/\",\"logo\":{\"@type\":\"ImageObject\",\"inLanguage\":\"de\",\"@id\":\"https:\\\/\\\/www.deskmodder.de\\\/blog\\\/#\\\/schema\\\/logo\\\/image\\\/\",\"url\":\"https:\\\/\\\/www.deskmodder.de\\\/blog\\\/wp-content\\\/uploads\\\/2019\\\/01\\\/deskmodder-logo-app.png\",\"contentUrl\":\"https:\\\/\\\/www.deskmodder.de\\\/blog\\\/wp-content\\\/uploads\\\/2019\\\/01\\\/deskmodder-logo-app.png\",\"width\":281,\"height\":286,\"caption\":\"Deskmodder\"},\"image\":{\"@id\":\"https:\\\/\\\/www.deskmodder.de\\\/blog\\\/#\\\/schema\\\/logo\\\/image\\\/\"},\"sameAs\":[\"https:\\\/\\\/www.facebook.com\\\/Deskmodder\",\"https:\\\/\\\/x.com\\\/Deskmodder\",\"https:\\\/\\\/mastodontech.de\\\/@Deskmodder\",\"https:\\\/\\\/www.youtube.com\\\/user\\\/deskmodder\",\"https:\\\/\\\/mewe.com\\\/group\\\/5c83b5231add826fc80cdae1\"]},{\"@type\":\"Person\",\"@id\":\"https:\\\/\\\/www.deskmodder.de\\\/blog\\\/#\\\/schema\\\/person\\\/a40b17a9503c4a1568ac4073bb54182a\",\"name\":\"moinmoin\",\"image\":{\"@type\":\"ImageObject\",\"inLanguage\":\"de\",\"@id\":\"https:\\\/\\\/secure.gravatar.com\\\/avatar\\\/fab96769102f8886245ab411df9a42a235be79261e4b44aa7ab2a555da8b86b4?s=96&d=mm&r=g\",\"url\":\"https:\\\/\\\/secure.gravatar.com\\\/avatar\\\/fab96769102f8886245ab411df9a42a235be79261e4b44aa7ab2a555da8b86b4?s=96&d=mm&r=g\",\"contentUrl\":\"https:\\\/\\\/secure.gravatar.com\\\/avatar\\\/fab96769102f8886245ab411df9a42a235be79261e4b44aa7ab2a555da8b86b4?s=96&d=mm&r=g\",\"caption\":\"moinmoin\"},\"description\":\"Ich bin nicht allwissend, was Windows angeht. Aber genau deshalb nehme ich Windows gerne auseinander und unter die Lupe, um all mein Wissen zu erweitern. J\u00fcrgen\",\"url\":\"https:\\\/\\\/www.deskmodder.de\\\/blog\\\/author\\\/moinmoin\\\/\"}]}<\/script>\n<!-- \/ Yoast SEO Premium plugin. -->","yoast_head_json":{"title":"Telekom 5 St\u00e4dte k\u00f6nnen nun 5G nutzen - Zwei folgen dieses Jahr noch - Deskmodder.de","robots":{"index":"index","follow":"follow","max-snippet":"max-snippet:-1","max-image-preview":"max-image-preview:large","max-video-preview":"max-video-preview:-1"},"canonical":"https:\/\/www.deskmodder.de\/blog\/2019\/09\/05\/telekom-5-staedte-koennen-nun-5g-nutzen-zwei-folgen-dieses-jahr-noch\/","og_locale":"de_DE","og_type":"article","og_title":"Telekom 5 St\u00e4dte k\u00f6nnen nun 5G nutzen - Zwei folgen dieses Jahr noch","og_description":"Es wird sicherlich noch lange dauern, bis wir 5G als Normal betrachten werden. Heute hat die Telekom bekanntgegeben, dass man nun mit mehr als 120 Antennen in f\u00fcnf St\u00e4dten gestartet ist. Mit dabei sind Berlin, M\u00fcnchen, K\u00f6ln, Bonn und Darmstadt.&hellip;","og_url":"https:\/\/www.deskmodder.de\/blog\/2019\/09\/05\/telekom-5-staedte-koennen-nun-5g-nutzen-zwei-folgen-dieses-jahr-noch\/","og_site_name":"Deskmodder.de","article_publisher":"https:\/\/www.facebook.com\/Deskmodder","article_published_time":"2019-09-05T08:47:04+00:00","og_image":[{"width":1746,"height":1166,"url":"https:\/\/www.deskmodder.de\/blog\/wp-content\/uploads\/2017\/09\/telekom-logo-ifa17.jpg","type":"image\/jpeg"}],"author":"moinmoin","twitter_card":"summary_large_image","twitter_creator":"@Deskmodder","twitter_site":"@Deskmodder","schema":{"@context":"https:\/\/schema.org","@graph":[{"@type":"Article","@id":"https:\/\/www.deskmodder.de\/blog\/2019\/09\/05\/telekom-5-staedte-koennen-nun-5g-nutzen-zwei-folgen-dieses-jahr-noch\/#article","isPartOf":{"@id":"https:\/\/www.deskmodder.de\/blog\/2019\/09\/05\/telekom-5-staedte-koennen-nun-5g-nutzen-zwei-folgen-dieses-jahr-noch\/"},"author":{"name":"moinmoin","@id":"https:\/\/www.deskmodder.de\/blog\/#\/schema\/person\/a40b17a9503c4a1568ac4073bb54182a"},"headline":"Telekom 5 St\u00e4dte k\u00f6nnen nun 5G nutzen &#8211; Zwei folgen dieses Jahr noch","datePublished":"2019-09-05T08:47:04+00:00","mainEntityOfPage":{"@id":"https:\/\/www.deskmodder.de\/blog\/2019\/09\/05\/telekom-5-staedte-koennen-nun-5g-nutzen-zwei-folgen-dieses-jahr-noch\/"},"wordCount":183,"commentCount":5,"publisher":{"@id":"https:\/\/www.deskmodder.de\/blog\/#organization"},"image":{"@id":"https:\/\/www.deskmodder.de\/blog\/2019\/09\/05\/telekom-5-staedte-koennen-nun-5g-nutzen-zwei-folgen-dieses-jahr-noch\/#primaryimage"},"thumbnailUrl":"https:\/\/www.deskmodder.de\/blog\/wp-content\/uploads\/2017\/09\/telekom-logo-ifa17.jpg","articleSection":["Welt des Internets"],"inLanguage":"de","potentialAction":[{"@type":"CommentAction","name":"Comment","target":["https:\/\/www.deskmodder.de\/blog\/2019\/09\/05\/telekom-5-staedte-koennen-nun-5g-nutzen-zwei-folgen-dieses-jahr-noch\/#respond"]}],"copyrightYear":"2019","copyrightHolder":{"@id":"https:\/\/www.deskmodder.de\/blog\/#organization"}},{"@type":"WebPage","@id":"https:\/\/www.deskmodder.de\/blog\/2019\/09\/05\/telekom-5-staedte-koennen-nun-5g-nutzen-zwei-folgen-dieses-jahr-noch\/","url":"https:\/\/www.deskmodder.de\/blog\/2019\/09\/05\/telekom-5-staedte-koennen-nun-5g-nutzen-zwei-folgen-dieses-jahr-noch\/","name":"Telekom 5 St\u00e4dte k\u00f6nnen nun 5G nutzen - Zwei folgen dieses Jahr noch - Deskmodder.de","isPartOf":{"@id":"https:\/\/www.deskmodder.de\/blog\/#website"},"primaryImageOfPage":{"@id":"https:\/\/www.deskmodder.de\/blog\/2019\/09\/05\/telekom-5-staedte-koennen-nun-5g-nutzen-zwei-folgen-dieses-jahr-noch\/#primaryimage"},"image":{"@id":"https:\/\/www.deskmodder.de\/blog\/2019\/09\/05\/telekom-5-staedte-koennen-nun-5g-nutzen-zwei-folgen-dieses-jahr-noch\/#primaryimage"},"thumbnailUrl":"https:\/\/www.deskmodder.de\/blog\/wp-content\/uploads\/2017\/09\/telekom-logo-ifa17.jpg","datePublished":"2019-09-05T08:47:04+00:00","breadcrumb":{"@id":"https:\/\/www.deskmodder.de\/blog\/2019\/09\/05\/telekom-5-staedte-koennen-nun-5g-nutzen-zwei-folgen-dieses-jahr-noch\/#breadcrumb"},"inLanguage":"de","potentialAction":[{"@type":"ReadAction","target":["https:\/\/www.deskmodder.de\/blog\/2019\/09\/05\/telekom-5-staedte-koennen-nun-5g-nutzen-zwei-folgen-dieses-jahr-noch\/"]}]},{"@type":"ImageObject","inLanguage":"de","@id":"https:\/\/www.deskmodder.de\/blog\/2019\/09\/05\/telekom-5-staedte-koennen-nun-5g-nutzen-zwei-folgen-dieses-jahr-noch\/#primaryimage","url":"https:\/\/www.deskmodder.de\/blog\/wp-content\/uploads\/2017\/09\/telekom-logo-ifa17.jpg","contentUrl":"https:\/\/www.deskmodder.de\/blog\/wp-content\/uploads\/2017\/09\/telekom-logo-ifa17.jpg","width":1746,"height":1166},{"@type":"BreadcrumbList","@id":"https:\/\/www.deskmodder.de\/blog\/2019\/09\/05\/telekom-5-staedte-koennen-nun-5g-nutzen-zwei-folgen-dieses-jahr-noch\/#breadcrumb","itemListElement":[{"@type":"ListItem","position":1,"name":"Startseite","item":"https:\/\/www.deskmodder.de\/blog\/"},{"@type":"ListItem","position":2,"name":"Telekom 5 St\u00e4dte k\u00f6nnen nun 5G nutzen &#8211; Zwei folgen dieses Jahr noch"}]},{"@type":"WebSite","@id":"https:\/\/www.deskmodder.de\/blog\/#website","url":"https:\/\/www.deskmodder.de\/blog\/","name":"Deskmodder.de","description":"News zum Thema Microsoft, Windows 11 \/ 10, sowie anderen Neuigkeiten aus dem Netz, viele Tipps und individuelle Hilfe bei Problemen in unserem Forum \u25cf Deskmodder - seit 2003","publisher":{"@id":"https:\/\/www.deskmodder.de\/blog\/#organization"},"potentialAction":[{"@type":"SearchAction","target":{"@type":"EntryPoint","urlTemplate":"https:\/\/www.deskmodder.de\/blog\/?s={search_term_string}"},"query-input":{"@type":"PropertyValueSpecification","valueRequired":true,"valueName":"search_term_string"}}],"inLanguage":"de"},{"@type":"Organization","@id":"https:\/\/www.deskmodder.de\/blog\/#organization","name":"Deskmodder","url":"https:\/\/www.deskmodder.de\/blog\/","logo":{"@type":"ImageObject","inLanguage":"de","@id":"https:\/\/www.deskmodder.de\/blog\/#\/schema\/logo\/image\/","url":"https:\/\/www.deskmodder.de\/blog\/wp-content\/uploads\/2019\/01\/deskmodder-logo-app.png","contentUrl":"https:\/\/www.deskmodder.de\/blog\/wp-content\/uploads\/2019\/01\/deskmodder-logo-app.png","width":281,"height":286,"caption":"Deskmodder"},"image":{"@id":"https:\/\/www.deskmodder.de\/blog\/#\/schema\/logo\/image\/"},"sameAs":["https:\/\/www.facebook.com\/Deskmodder","https:\/\/x.com\/Deskmodder","https:\/\/mastodontech.de\/@Deskmodder","https:\/\/www.youtube.com\/user\/deskmodder","https:\/\/mewe.com\/group\/5c83b5231add826fc80cdae1"]},{"@type":"Person","@id":"https:\/\/www.deskmodder.de\/blog\/#\/schema\/person\/a40b17a9503c4a1568ac4073bb54182a","name":"moinmoin","image":{"@type":"ImageObject","inLanguage":"de","@id":"https:\/\/secure.gravatar.com\/avatar\/fab96769102f8886245ab411df9a42a235be79261e4b44aa7ab2a555da8b86b4?s=96&d=mm&r=g","url":"https:\/\/secure.gravatar.com\/avatar\/fab96769102f8886245ab411df9a42a235be79261e4b44aa7ab2a555da8b86b4?s=96&d=mm&r=g","contentUrl":"https:\/\/secure.gravatar.com\/avatar\/fab96769102f8886245ab411df9a42a235be79261e4b44aa7ab2a555da8b86b4?s=96&d=mm&r=g","caption":"moinmoin"},"description":"Ich bin nicht allwissend, was Windows angeht. Aber genau deshalb nehme ich Windows gerne auseinander und unter die Lupe, um all mein Wissen zu erweitern. J\u00fcrgen","url":"https:\/\/www.deskmodder.de\/blog\/author\/moinmoin\/"}]}},"jetpack_publicize_connections":[],"jetpack_featured_media_url":"https:\/\/www.deskmodder.de\/blog\/wp-content\/uploads\/2017\/09\/telekom-logo-ifa17.jpg","_links":{"self":[{"href":"https:\/\/www.deskmodder.de\/blog\/wp-json\/wp\/v2\/posts\/126451","targetHints":{"allow":["GET"]}}],"collection":[{"href":"https:\/\/www.deskmodder.de\/blog\/wp-json\/wp\/v2\/posts"}],"about":[{"href":"https:\/\/www.deskmodder.de\/blog\/wp-json\/wp\/v2\/types\/post"}],"author":[{"embeddable":true,"href":"https:\/\/www.deskmodder.de\/blog\/wp-json\/wp\/v2\/users\/134"}],"replies":[{"embeddable":true,"href":"https:\/\/www.deskmodder.de\/blog\/wp-json\/wp\/v2\/comments?post=126451"}],"version-history":[{"count":0,"href":"https:\/\/www.deskmodder.de\/blog\/wp-json\/wp\/v2\/posts\/126451\/revisions"}],"wp:featuredmedia":[{"embeddable":true,"href":"https:\/\/www.deskmodder.de\/blog\/wp-json\/wp\/v2\/media\/90576"}],"wp:attachment":[{"href":"https:\/\/www.deskmodder.de\/blog\/wp-json\/wp\/v2\/media?parent=126451"}],"wp:term":[{"taxonomy":"category","embeddable":true,"href":"https:\/\/www.deskmodder.de\/blog\/wp-json\/wp\/v2\/categories?post=126451"},{"taxonomy":"post_tag","embeddable":true,"href":"https:\/\/www.deskmodder.de\/blog\/wp-json\/wp\/v2\/tags?post=126451"}],"curies":[{"name":"wp","href":"https:\/\/api.w.org\/{rel}","templated":true}]}}