{"id":120303,"date":"2019-05-23T11:56:18","date_gmt":"2019-05-23T09:56:18","guid":{"rendered":"https:\/\/www.deskmodder.de\/blog\/?p=120303"},"modified":"2019-05-27T10:16:48","modified_gmt":"2019-05-27T08:16:48","slug":"firefox-69-userchrome-css-und-usercontent-css-werden-nicht-mehr-per-standard-geladen","status":"publish","type":"post","link":"https:\/\/www.deskmodder.de\/blog\/2019\/05\/23\/firefox-69-userchrome-css-und-usercontent-css-werden-nicht-mehr-per-standard-geladen\/","title":{"rendered":"Firefox 69 userChrome.css und userContent.css werden nicht mehr per Standard geladen"},"content":{"rendered":"<p>Der Firefox 67 <a href=\"https:\/\/www.mozilla.org\/en-US\/firefox\/67.0\/releasenotes\/\" rel=\"noopener noreferrer\" target=\"_blank\">in der finalen Version<\/a> ist gerade erschienen. Aber Mozilla bastelt ja schon am Firefox 69 als Nighlty Version weiter. Wie es aussieht, will Mozilla das Laden von Stylesheet-Dateien nun per Standard unterbinden.<\/p>\n<p>Der Browser startet also ohne, dass die selbst erstellten \u00c4nderungen \u00fcbernommen werden. Gemeint ist die userChrome.css, \u00fcber die man den Firefox so anpassen kann, wie man es selbst m\u00f6chte. Sowie die userContent.css. \u00dcber diese kann man Webseiten anpassen und einzelne Elemente zum Beispiel ausblenden.<\/p>\n<p><a href=\"https:\/\/www.deskmodder.de\/blog\/wp-content\/uploads\/2019\/05\/firefox-69-userchromecss-und-usercontent.jpg\" rel=\"lightbox[120303]\"><img loading=\"lazy\" decoding=\"async\" src=\"https:\/\/www.deskmodder.de\/blog\/wp-content\/uploads\/2019\/05\/firefox-69-userchromecss-und-usercontent-500x334.jpg\" alt=\"\" width=\"500\" height=\"334\" class=\"aligncenter size-medium wp-image-120305\" srcset=\"https:\/\/www.deskmodder.de\/blog\/wp-content\/uploads\/2019\/05\/firefox-69-userchromecss-und-usercontent-500x334.jpg 500w, https:\/\/www.deskmodder.de\/blog\/wp-content\/uploads\/2019\/05\/firefox-69-userchromecss-und-usercontent-306x205.jpg 306w, https:\/\/www.deskmodder.de\/blog\/wp-content\/uploads\/2019\/05\/firefox-69-userchromecss-und-usercontent-810x541.jpg 810w, https:\/\/www.deskmodder.de\/blog\/wp-content\/uploads\/2019\/05\/firefox-69-userchromecss-und-usercontent.jpg 899w\" sizes=\"auto, (max-width: 500px) 100vw, 500px\" \/><\/a><\/p>\n<p>Der Firefox bietet aber \u00fcber about:config eine Einstellung an, damit beim Start genau diese css-Dateien abgefragt und angewendet werden. Dazu muss nur in die Suche toolkit.legacyUserProfileCustomizations.stylesheets eingeben werden und diese Einstellung von false auf true gesetzt werden.<\/p>\n<p>Ob diese \u00c4nderung auch in der finalen Version vom Firefox \u00fcbernommen wird steht derzeit noch nicht fest. M\u00f6glich w\u00e4re es durchaus. [Update] Sie wird \u00fcbernommen.<\/p>\n<div class=\"viaquelle\">via: <a href=\"https:\/\/techdows.com\/2019\/05\/firefox-69-to-disable-userchrome-css-and-usercontent-css-by-default.html\" rel=\"noopener noreferrer\" target=\"_blank\">techdows<\/a><\/div>\n","protected":false},"excerpt":{"rendered":"<p>Der Firefox 67 in der finalen Version ist gerade erschienen. Aber Mozilla bastelt ja schon am Firefox 69 als Nighlty Version weiter. Wie es aussieht, will Mozilla das Laden von Stylesheet-Dateien nun per Standard unterbinden. Der Browser startet also ohne,&hellip; <\/p>\n","protected":false},"author":134,"featured_media":107116,"comment_status":"open","ping_status":"open","sticky":false,"template":"","format":"standard","meta":{"jetpack_post_was_ever_published":false,"footnotes":"","jetpack_publicize_message":"","jetpack_publicize_feature_enabled":true,"jetpack_social_post_already_shared":true,"jetpack_social_options":{"image_generator_settings":{"template":"highway","default_image_id":0,"font":"","enabled":false},"version":2}},"categories":[166],"tags":[57577,57580,57578,57579],"class_list":["post-120303","post","type-post","status-publish","format-standard","has-post-thumbnail","hentry","category-browser","tag-firefox-69","tag-firefox-laedt-userchrome-css-nicht","tag-userchrome-css","tag-usercontent-css"],"wp_featured_image":{"id":107116,"alt_text":"Firefox Logo","description":"","media_type":"image","media_details":{"width":1400,"height":770,"file":"2018\/08\/firefox-logo.png","sizes":{"thumbnail":{"file":"firefox-logo-306x168.png","width":306,"height":168,"mime-type":"image\/png","source_url":"https:\/\/www.deskmodder.de\/blog\/wp-content\/uploads\/2018\/08\/firefox-logo-306x168.png"},"medium":{"file":"firefox-logo-500x275.png","width":500,"height":275,"mime-type":"image\/png","source_url":"https:\/\/www.deskmodder.de\/blog\/wp-content\/uploads\/2018\/08\/firefox-logo-500x275.png"},"large":{"file":"firefox-logo-810x446.png","width":810,"height":446,"mime-type":"image\/png","source_url":"https:\/\/www.deskmodder.de\/blog\/wp-content\/uploads\/2018\/08\/firefox-logo-810x446.png"},"wp_review_large":{"file":"firefox-logo-320x200.png","width":320,"height":200,"mime-type":"image\/png","source_url":"https:\/\/www.deskmodder.de\/blog\/wp-content\/uploads\/2018\/08\/firefox-logo-320x200.png"},"wp_review_small":{"file":"firefox-logo-65x65.png","width":65,"height":65,"mime-type":"image\/png","source_url":"https:\/\/www.deskmodder.de\/blog\/wp-content\/uploads\/2018\/08\/firefox-logo-65x65.png"},"blog-large":{"file":"firefox-logo-642x300.png","width":642,"height":300,"mime-type":"image\/png","source_url":"https:\/\/www.deskmodder.de\/blog\/wp-content\/uploads\/2018\/08\/firefox-logo-642x300.png"},"blog-medium":{"file":"firefox-logo-306x205.png","width":306,"height":205,"mime-type":"image\/png","source_url":"https:\/\/www.deskmodder.de\/blog\/wp-content\/uploads\/2018\/08\/firefox-logo-306x205.png"},"recent-thumb":{"file":"firefox-logo-350x316.png","width":350,"height":316,"mime-type":"image\/png","source_url":"https:\/\/www.deskmodder.de\/blog\/wp-content\/uploads\/2018\/08\/firefox-logo-350x316.png"},"service-featured":{"file":"firefox-logo-600x330.png","width":600,"height":330,"mime-type":"image\/png","source_url":"https:\/\/www.deskmodder.de\/blog\/wp-content\/uploads\/2018\/08\/firefox-logo-600x330.png"},"wp_rp_thumbnail":{"file":"firefox-logo-150x150.png","width":150,"height":150,"mime-type":"image\/png","source_url":"https:\/\/www.deskmodder.de\/blog\/wp-content\/uploads\/2018\/08\/firefox-logo-150x150.png"}},"image_meta":{"aperture":"0","credit":"","camera":"","caption":"","created_timestamp":"0","copyright":"","focal_length":"0","iso":"0","shutter_speed":"0","title":"","orientation":"0","keywords":[]}},"post":108897,"source_url":"https:\/\/www.deskmodder.de\/blog\/wp-content\/uploads\/2018\/08\/firefox-logo.png"},"commentcount":26,"wp_comments":[{"id":101803,"parent":0,"author":4693,"author_name":"Scoop","author_email":"konrad.alder@t-online.de","author_url":"","author_avatar_urls":{"24":"https:\/\/secure.gravatar.com\/avatar\/f8d31b68572720b9475d1e6b0616f8c7e50e2f8b1b1722b8b3703b630ab1db7e?s=24&d=mm&r=g","48":"https:\/\/secure.gravatar.com\/avatar\/f8d31b68572720b9475d1e6b0616f8c7e50e2f8b1b1722b8b3703b630ab1db7e?s=48&d=mm&r=g","96":"https:\/\/secure.gravatar.com\/avatar\/f8d31b68572720b9475d1e6b0616f8c7e50e2f8b1b1722b8b3703b630ab1db7e?s=96&d=mm&r=g"},"date":"2019-05-23T12:08:24","cld_nonce":"5cfe60523a","content":{"rendered":"<p>Wenn dies eines Tages zwingend und ohne eine m\u00f6gliche Anpassung in der about:config kommen sollte, bin ich weg vom Firefox.<\/p>\n"},"status":"1"},{"id":101805,"parent":0,"author":0,"author_name":"Micha","author_email":"m.b.1991@web.de","author_url":"","author_avatar_urls":{"24":"https:\/\/secure.gravatar.com\/avatar\/9e135d23e28766fe034ed5e1d484243da18e980fd02d25c9672295c9f8be681f?s=24&d=mm&r=g","48":"https:\/\/secure.gravatar.com\/avatar\/9e135d23e28766fe034ed5e1d484243da18e980fd02d25c9672295c9f8be681f?s=48&d=mm&r=g","96":"https:\/\/secure.gravatar.com\/avatar\/9e135d23e28766fe034ed5e1d484243da18e980fd02d25c9672295c9f8be681f?s=96&d=mm&r=g"},"date":"2019-05-23T12:54:54","cld_nonce":"5cfe60523a","content":{"rendered":"<p>Oha das wird aber dann nach hinten losgehen. Firefox war richtig gut dann wurde Chrome kopiert und seit dem nutze ich ihn nicht mehr. Als er den Dark Mode bekam hab ich ihn getestet doch er wird nie wieder so sein wie fr\u00fcher. Habe ihn damals echt gern genutzt war mein Standardbrowser in Windows 7. Hier sieht man wieder mal sch\u00f6n was aus dem Feurigen Fuchs geworden ist eine Katastrophe. Meinungsbeitrag &#8211; jeder kann es anders sehen. <\/p>\n<p><i>gepostet mit der <a href=\"https:\/\/play.google.com\/store\/apps\/details?id=com.deskmodder\" >Deskmodder.de-App f\u00fcr Android<\/a><\/i><\/p>\n"},"status":"1"},{"id":101808,"parent":101803,"author":2746,"author_name":"Lurtz","author_email":"tobias.marty@gmx.de","author_url":"","author_avatar_urls":{"24":"https:\/\/secure.gravatar.com\/avatar\/9893b41a75cc28a7fc7a768a582be10689f8981402cef19a7e211c264f972fdd?s=24&d=mm&r=g","48":"https:\/\/secure.gravatar.com\/avatar\/9893b41a75cc28a7fc7a768a582be10689f8981402cef19a7e211c264f972fdd?s=48&d=mm&r=g","96":"https:\/\/secure.gravatar.com\/avatar\/9893b41a75cc28a7fc7a768a582be10689f8981402cef19a7e211c264f972fdd?s=96&d=mm&r=g"},"date":"2019-05-23T13:40:42","cld_nonce":"5cfe60523a","content":{"rendered":"<p>Die werden ziemlich sicher irgendwann verschwinden.<\/p>\n"},"status":"1"},{"id":101822,"parent":101805,"author":0,"author_name":"Florian","author_email":"florian@web.de","author_url":"","author_avatar_urls":{"24":"https:\/\/secure.gravatar.com\/avatar\/91acfe73ec86ccf7289b3b4f6342d6c9f7f215d320b42031309c4ccd5cbdc0e3?s=24&d=mm&r=g","48":"https:\/\/secure.gravatar.com\/avatar\/91acfe73ec86ccf7289b3b4f6342d6c9f7f215d320b42031309c4ccd5cbdc0e3?s=48&d=mm&r=g","96":"https:\/\/secure.gravatar.com\/avatar\/91acfe73ec86ccf7289b3b4f6342d6c9f7f215d320b42031309c4ccd5cbdc0e3?s=96&d=mm&r=g"},"date":"2019-05-23T15:38:57","cld_nonce":"5cfe60523a","content":{"rendered":"<p>Lass mich raten und seither nimmst du Google Chrome <img src=\"https:\/\/www.deskmodder.de\/blog\/wp-content\/plugins\/classic-smilies\/img\/icon_smile.gif\" alt=\":-)\" class=\"wp-smiley\" \/><br \/>\nAlso da sind mir doch meine Privatsph\u00e4re und pers\u00f6nlichen Daten wichtiger, als \u00fcber eine Funktion die man nicht unbedingt dringend braucht bzw. die allermeisten Browser noch nicht einmal besitzen &#8211; Meine Meinung<\/p>\n"},"status":"1"},{"id":101831,"parent":0,"author":0,"author_name":"Freakyno1","author_email":"freakyno1@gmail.com","author_url":"","author_avatar_urls":{"24":"https:\/\/secure.gravatar.com\/avatar\/4376d14390d0a9a83d7d0929e2a36f5ef4cf5ff7f2f3eea369aff9559b65f346?s=24&d=mm&r=g","48":"https:\/\/secure.gravatar.com\/avatar\/4376d14390d0a9a83d7d0929e2a36f5ef4cf5ff7f2f3eea369aff9559b65f346?s=48&d=mm&r=g","96":"https:\/\/secure.gravatar.com\/avatar\/4376d14390d0a9a83d7d0929e2a36f5ef4cf5ff7f2f3eea369aff9559b65f346?s=96&d=mm&r=g"},"date":"2019-05-23T16:56:36","cld_nonce":"5cfe60523a","content":{"rendered":"<p>Ich teste gerade Vivaldi und bin bisher zufrieden damit. Werde wohl bald ganz umsteigen, nachdem ich zu Netscape-Zeiten schon dabei war und eigentlich nur diverse andere Browser immer mal wieder ausprobiert habe&#8230;..<\/p>\n"},"status":"1"},{"id":101848,"parent":101831,"author":0,"author_name":"Florian","author_email":"florian@web.de","author_url":"","author_avatar_urls":{"24":"https:\/\/secure.gravatar.com\/avatar\/91acfe73ec86ccf7289b3b4f6342d6c9f7f215d320b42031309c4ccd5cbdc0e3?s=24&d=mm&r=g","48":"https:\/\/secure.gravatar.com\/avatar\/91acfe73ec86ccf7289b3b4f6342d6c9f7f215d320b42031309c4ccd5cbdc0e3?s=48&d=mm&r=g","96":"https:\/\/secure.gravatar.com\/avatar\/91acfe73ec86ccf7289b3b4f6342d6c9f7f215d320b42031309c4ccd5cbdc0e3?s=96&d=mm&r=g"},"date":"2019-05-23T18:56:54","cld_nonce":"5cfe60523a","content":{"rendered":"<p>Obwohl ich auch schon seit Netscape Zeiten dabei bin und Firefox liebe, teste ich hin und wieder den Edge. Bin auch schon gespannt auf Edge (Chromium), auch wenn ich es traurig finde das MS aufgegeben hat und es dann nur noch Firefox als unabh\u00e4ngigen Browser gibt (Safari nicht einbezogen, da er nur unter MAC l\u00e4uft). Alle anderen Browser bauen schon auf Chromium auf <img src=\"https:\/\/www.deskmodder.de\/blog\/wp-content\/plugins\/classic-smilies\/img\/icon_sad.gif\" alt=\":-(\" class=\"wp-smiley\" \/><br \/>\nGoogle wird eines Tages die Weltherrschaft an sich rei\u00dfen &#8211; fr\u00fcher dacht ich immer nur dass dies nur die 2 wei\u00dfen Laborraten Pinkiy und der Brain vor haben <img src=\"https:\/\/www.deskmodder.de\/blog\/wp-content\/plugins\/classic-smilies\/img\/icon_smile.gif\" alt=\":-)\" class=\"wp-smiley\" \/><\/p>\n"},"status":"1"},{"id":101849,"parent":101822,"author":0,"author_name":"Micha","author_email":"m.b.1991@web.de","author_url":"","author_avatar_urls":{"24":"https:\/\/secure.gravatar.com\/avatar\/9e135d23e28766fe034ed5e1d484243da18e980fd02d25c9672295c9f8be681f?s=24&d=mm&r=g","48":"https:\/\/secure.gravatar.com\/avatar\/9e135d23e28766fe034ed5e1d484243da18e980fd02d25c9672295c9f8be681f?s=48&d=mm&r=g","96":"https:\/\/secure.gravatar.com\/avatar\/9e135d23e28766fe034ed5e1d484243da18e980fd02d25c9672295c9f8be681f?s=96&d=mm&r=g"},"date":"2019-05-23T19:09:10","cld_nonce":"5cfe60523a","content":{"rendered":"<p>Falsch Chrome hab ich noch nie auf nem eigenen System installiert oder verwendet.<br \/>\n<i>gepostet mit der <a href=\"https:\/\/www.microsoft.com\/store\/apps\/9wzdncrdfx92\" >Deskmodder.de-App<\/a><\/i><\/p>\n"},"status":"1"},{"id":101855,"parent":0,"author":0,"author_name":"Guido","author_email":"Radiohead@kabelmail.de","author_url":"","author_avatar_urls":{"24":"https:\/\/secure.gravatar.com\/avatar\/72c656d2e111fb9405f4b8078fbff5f668171f830dc65376e532d79c1d6241d5?s=24&d=mm&r=g","48":"https:\/\/secure.gravatar.com\/avatar\/72c656d2e111fb9405f4b8078fbff5f668171f830dc65376e532d79c1d6241d5?s=48&d=mm&r=g","96":"https:\/\/secure.gravatar.com\/avatar\/72c656d2e111fb9405f4b8078fbff5f668171f830dc65376e532d79c1d6241d5?s=96&d=mm&r=g"},"date":"2019-05-23T20:53:47","cld_nonce":"5cfe60523a","content":{"rendered":"<p>Welche Einstellungen werden NICHT mehr \u00fcbernommen? Die Einstellungen dich ich \u00fcber about.config vorgenommen habe? Danke f\u00fcr Antworten im Voraus.<\/p>\n"},"status":"1"},{"id":101862,"parent":101855,"author":0,"author_name":"Florian","author_email":"florian@web.de","author_url":"","author_avatar_urls":{"24":"https:\/\/secure.gravatar.com\/avatar\/91acfe73ec86ccf7289b3b4f6342d6c9f7f215d320b42031309c4ccd5cbdc0e3?s=24&d=mm&r=g","48":"https:\/\/secure.gravatar.com\/avatar\/91acfe73ec86ccf7289b3b4f6342d6c9f7f215d320b42031309c4ccd5cbdc0e3?s=48&d=mm&r=g","96":"https:\/\/secure.gravatar.com\/avatar\/91acfe73ec86ccf7289b3b4f6342d6c9f7f215d320b42031309c4ccd5cbdc0e3?s=96&d=mm&r=g"},"date":"2019-05-23T22:50:25","cld_nonce":"5cfe60523a","content":{"rendered":"<p>Laden von Stylesheet-Dateien\u00a0&#8222;userChrome.css&#8220; und &#8222;userContent.css&#8220; k\u00f6nnten auf l\u00e4ngere Sicht verschwinden.<br \/>\nDamit lassen sich Elemente in der Firefox-Oberfl\u00e4che \u00e4ndern oder auch Webseiten individuell anpassen (<a href=\"https:\/\/userstyles.org\" rel=\"nofollow ugc\">https:\/\/userstyles.org<\/a>).<br \/>\nGeniales Beispiel findest du hier: <a href=\"https:\/\/www.deskmodder.de\/blog\/2018\/06\/16\/adressleiste-in-firefox-einfaerben\" rel=\"ugc\">https:\/\/www.deskmodder.de\/blog\/2018\/06\/16\/adressleiste-in-firefox-einfaerben<\/a><br \/>\nSehr empfehlenswert!<br \/>\nAuch Vivaldi l\u00e4sst sich mit einer CSS Datei z.B. super anpassen und \u00e4ndern<\/p>\n"},"status":"1"},{"id":101863,"parent":101822,"author":0,"author_name":"Micha","author_email":"m.b.1991@web.de","author_url":"","author_avatar_urls":{"24":"https:\/\/secure.gravatar.com\/avatar\/9e135d23e28766fe034ed5e1d484243da18e980fd02d25c9672295c9f8be681f?s=24&d=mm&r=g","48":"https:\/\/secure.gravatar.com\/avatar\/9e135d23e28766fe034ed5e1d484243da18e980fd02d25c9672295c9f8be681f?s=48&d=mm&r=g","96":"https:\/\/secure.gravatar.com\/avatar\/9e135d23e28766fe034ed5e1d484243da18e980fd02d25c9672295c9f8be681f?s=96&d=mm&r=g"},"date":"2019-05-23T22:56:36","cld_nonce":"5cfe60523a","content":{"rendered":"<p>Bisher habe ich den Edge genutzt aber den originalen nicht den neuen und Opera. Zuk\u00fcnftig bleibt Opera mein Standardbrowser und Edge (Chromium) bleibt dann Zweitbrowser. Chrome kommt nicht mal in die n\u00e4he meines PCs und auf Android ist er deaktiviert weil ich solche Schadsoftware nicht dulde. Also erst mal mitdenken dann anderen etwas vorwerfen. Vielen Dank. <\/p>\n<p><i>gepostet mit der <a href=\"https:\/\/play.google.com\/store\/apps\/details?id=com.deskmodder\" >Deskmodder.de-App f\u00fcr Android<\/a><\/i><\/p>\n"},"status":"1"},{"id":101864,"parent":101862,"author":0,"author_name":"Guido","author_email":"Radiohead@kabelmail.de","author_url":"","author_avatar_urls":{"24":"https:\/\/secure.gravatar.com\/avatar\/72c656d2e111fb9405f4b8078fbff5f668171f830dc65376e532d79c1d6241d5?s=24&d=mm&r=g","48":"https:\/\/secure.gravatar.com\/avatar\/72c656d2e111fb9405f4b8078fbff5f668171f830dc65376e532d79c1d6241d5?s=48&d=mm&r=g","96":"https:\/\/secure.gravatar.com\/avatar\/72c656d2e111fb9405f4b8078fbff5f668171f830dc65376e532d79c1d6241d5?s=96&d=mm&r=g"},"date":"2019-05-23T23:13:50","cld_nonce":"5cfe60523a","content":{"rendered":"<p>Danke f\u00fcr die Info.<\/p>\n"},"status":"1"},{"id":101868,"parent":0,"author":0,"author_name":"Heinz","author_email":"schmarotzki@gmail.com","author_url":"","author_avatar_urls":{"24":"https:\/\/secure.gravatar.com\/avatar\/7e6eb548229c90d0599e8a224b9e75cf628074aa539583d554bd4eca8418e575?s=24&d=mm&r=g","48":"https:\/\/secure.gravatar.com\/avatar\/7e6eb548229c90d0599e8a224b9e75cf628074aa539583d554bd4eca8418e575?s=48&d=mm&r=g","96":"https:\/\/secure.gravatar.com\/avatar\/7e6eb548229c90d0599e8a224b9e75cf628074aa539583d554bd4eca8418e575?s=96&d=mm&r=g"},"date":"2019-05-24T03:27:28","cld_nonce":"5cfe60523a","content":{"rendered":"<p>Fr\u00fcher war Firefox der beste Browser f\u00fcr mich, aber ab Quantum ging es abw\u00e4rts. Seitdem nutze ich Iron und Opera beide als 64bit Version. F\u00fcr mich die besten Browser zur Zeit. Ich denke, wenn Mozilla den Firefox weiter so verhunzt, wird dieser Browser bald Geschichte sein. Schade.<\/p>\n"},"status":"1"},{"id":101877,"parent":0,"author":0,"author_name":"Wolfgang D.","author_email":"wolfgang362@habmalnefrage.de","author_url":"","author_avatar_urls":{"24":"https:\/\/secure.gravatar.com\/avatar\/8c2cdcb93bad312838c0c22ec8fe38476c9f1fe8d48edc19d15fa8adfbe95f3f?s=24&d=mm&r=g","48":"https:\/\/secure.gravatar.com\/avatar\/8c2cdcb93bad312838c0c22ec8fe38476c9f1fe8d48edc19d15fa8adfbe95f3f?s=48&d=mm&r=g","96":"https:\/\/secure.gravatar.com\/avatar\/8c2cdcb93bad312838c0c22ec8fe38476c9f1fe8d48edc19d15fa8adfbe95f3f?s=96&d=mm&r=g"},"date":"2019-05-24T09:51:11","cld_nonce":"5cfe60523a","content":{"rendered":"<p>Danke f\u00fcr die Info.<br \/>\nDie beiden Dateien brauche ich n\u00e4mlich, um den aktuellen Firefox \u00fcberhaupt f\u00fcr mich benutzbar zu machen, nachdem die entsprechenden Addons schon kaputtgemacht wurden.<br \/>\nSollte also eines Tages der &#8222;Urzustand&#8220; nach einem Update erscheinen, brauche ich nur noch die Favoriten exportieren und kann den Browser beruhigt deinstallieren weil f\u00fcr mich endg\u00fcltig unbenutzbar. <\/p>\n<p>F\u00fcr sowas (und f\u00fcr Spionagefunktionen von Webseiten) hat die Mozilla Foundation also Kapazit\u00e4ten. Der professionelle Sch\u00f6nredner wird sicher auch daf\u00fcr Ausreden finden.<\/p>\n"},"status":"1"},{"id":101900,"parent":101868,"author":0,"author_name":"Micha","author_email":"m.b.1991@web.de","author_url":"","author_avatar_urls":{"24":"https:\/\/secure.gravatar.com\/avatar\/9e135d23e28766fe034ed5e1d484243da18e980fd02d25c9672295c9f8be681f?s=24&d=mm&r=g","48":"https:\/\/secure.gravatar.com\/avatar\/9e135d23e28766fe034ed5e1d484243da18e980fd02d25c9672295c9f8be681f?s=48&d=mm&r=g","96":"https:\/\/secure.gravatar.com\/avatar\/9e135d23e28766fe034ed5e1d484243da18e980fd02d25c9672295c9f8be681f?s=96&d=mm&r=g"},"date":"2019-05-24T16:19:06","cld_nonce":"5cfe60523a","content":{"rendered":"<p>Du sagst es Firefox war mal der Beste aber er ist es schon lange nicht mehr. Schade ist es nat\u00fcrlich aber Opera ist ne super Wahl nutze ich als Standardbrowser und Edge (Chromium) aktuell als Zweitbrowser zu Testzwecken.<br \/>\n<i>gepostet mit der <a href=\"https:\/\/www.microsoft.com\/store\/apps\/9wzdncrdfx92\" >Deskmodder.de-App<\/a><\/i><\/p>\n"},"status":"1"},{"id":101926,"parent":101863,"author":0,"author_name":"Florian","author_email":"florian@web.de","author_url":"","author_avatar_urls":{"24":"https:\/\/secure.gravatar.com\/avatar\/91acfe73ec86ccf7289b3b4f6342d6c9f7f215d320b42031309c4ccd5cbdc0e3?s=24&d=mm&r=g","48":"https:\/\/secure.gravatar.com\/avatar\/91acfe73ec86ccf7289b3b4f6342d6c9f7f215d320b42031309c4ccd5cbdc0e3?s=48&d=mm&r=g","96":"https:\/\/secure.gravatar.com\/avatar\/91acfe73ec86ccf7289b3b4f6342d6c9f7f215d320b42031309c4ccd5cbdc0e3?s=96&d=mm&r=g"},"date":"2019-05-24T19:22:49","cld_nonce":"5cfe60523a","content":{"rendered":"<p>Sollte kein Vorwurf sein. Deswegen auch das Smiley.<br \/>\nIch wusste ja nicht was du f\u00fcr einen Browser verwendest. In den meisten Foren kommt dann nur als Antwort &#8222;ich nutze Google Chrome&#8220;. Klar hat der Browser gute Seiten und seine Entwicklung wird rasch und einflussreich gef\u00f6rdert &#8211; nur ist es f\u00fcr mich immer unverst\u00e4ndlich warum die Leute diesen w\u00e4hlen. Er kann nicht soviel mehr, und ob er nun eine Sekunde schneller startet oder die Seite l\u00e4dt ist mir z.B. nicht wichtig wenn man daf\u00fcr betrachtet welche Datenmengen er sammelt und an verschiedene &#8222;Google&#8220; Server sendet.<\/p>\n"},"status":"1"},{"id":101995,"parent":101926,"author":0,"author_name":"Micha","author_email":"m.b.1991@web.de","author_url":"","author_avatar_urls":{"24":"https:\/\/secure.gravatar.com\/avatar\/9e135d23e28766fe034ed5e1d484243da18e980fd02d25c9672295c9f8be681f?s=24&d=mm&r=g","48":"https:\/\/secure.gravatar.com\/avatar\/9e135d23e28766fe034ed5e1d484243da18e980fd02d25c9672295c9f8be681f?s=48&d=mm&r=g","96":"https:\/\/secure.gravatar.com\/avatar\/9e135d23e28766fe034ed5e1d484243da18e980fd02d25c9672295c9f8be681f?s=96&d=mm&r=g"},"date":"2019-05-25T12:45:49","cld_nonce":"5cfe60523a","content":{"rendered":"<p>Nun der Smiley wird mir nicht angezeigt und ich sehe das mit Chrome auch so er ist nicht besonders nur was das sammeln der Daten angeht und in Sachen Geschwindigkeit ist er auch nicht so schnell das ich sage es lohnt sich. Chrome ist und bleibt in meinen Augen Schadsoftware weil er damals mal nen Prozessor zerschossen hat auf nem Win 7 Notebook. War zwar nicht meins aber ich war grade dabei es einzurichten und mein Kollege wollte eben Chrome also hat er Chrome bekommen und einen neuen Prozessor im Anschluss seither kein Chrome Nutzer mehr. Hab ihm damals gesagt Chrome lastet die Hardware aus tja und da war das Notebook doch grade neu. <\/p>\n<p><i>gepostet mit der <a href=\"https:\/\/play.google.com\/store\/apps\/details?id=com.deskmodder\" >Deskmodder.de-App f\u00fcr Android<\/a><\/i><\/p>\n"},"status":"1"},{"id":102112,"parent":101848,"author":0,"author_name":"Micha","author_email":"m.b.1991@web.de","author_url":"","author_avatar_urls":{"24":"https:\/\/secure.gravatar.com\/avatar\/9e135d23e28766fe034ed5e1d484243da18e980fd02d25c9672295c9f8be681f?s=24&d=mm&r=g","48":"https:\/\/secure.gravatar.com\/avatar\/9e135d23e28766fe034ed5e1d484243da18e980fd02d25c9672295c9f8be681f?s=48&d=mm&r=g","96":"https:\/\/secure.gravatar.com\/avatar\/9e135d23e28766fe034ed5e1d484243da18e980fd02d25c9672295c9f8be681f?s=96&d=mm&r=g"},"date":"2019-05-26T14:10:18","cld_nonce":"5cfe60523a","content":{"rendered":"<p>Fast richtig. Safari l\u00e4uft unter Windows er wird lediglich nicht mehr weiterentwickelt aber man kann ich durchaus noch nutzen wenn man jetzt nicht wieder mit dem Thema Sicherheit kommt.<br \/>\n<i>gepostet mit der <a href=\"https:\/\/www.microsoft.com\/store\/apps\/9wzdncrdfx92\" >Deskmodder.de-App<\/a><\/i><\/p>\n"},"status":"1"},{"id":102146,"parent":0,"author":0,"author_name":"S\u00f6ren Hentzschel","author_email":"cadeyrn@ymail.com","author_url":"","author_avatar_urls":{"24":"https:\/\/secure.gravatar.com\/avatar\/c0d50c4f00bae63d26d14f027c8bf989db9a3a30c91b7b619f26fbf4c67915c8?s=24&d=mm&r=g","48":"https:\/\/secure.gravatar.com\/avatar\/c0d50c4f00bae63d26d14f027c8bf989db9a3a30c91b7b619f26fbf4c67915c8?s=48&d=mm&r=g","96":"https:\/\/secure.gravatar.com\/avatar\/c0d50c4f00bae63d26d14f027c8bf989db9a3a30c91b7b619f26fbf4c67915c8?s=96&d=mm&r=g"},"date":"2019-05-27T10:00:07","cld_nonce":"5cfe60523a","content":{"rendered":"<p>Es ist immer kritisch, wenn relevante Informationen weggelassen werden. Dadurch wird unn\u00f6tig eine Stimmung erzeugt, die nicht erzeugt werden m\u00fcsste. <img src=\"https:\/\/www.deskmodder.de\/blog\/wp-content\/plugins\/classic-smilies\/img\/icon_sad.gif\" alt=\":-(\" class=\"wp-smiley\" \/><\/p>\n<p>Nutzer, welche bereits eine Datei userContent.css oder userChrome.css einsetzen, m\u00fcssen \u00fcberhaupt nichts via about:config anpassen. Das betrifft lediglich Nutzer, welche das in Firefox 69 oder h\u00f6her erstmals machen. Davon steht im Artikel kein Wort. Ebenfalls steht in diesem Artikel nicht, dass es hier um Performance-Ma\u00dfnahme geht und sonst nichts weiter dahinter steckt. Es existieren ausdr\u00fccklich KEINE Pl\u00e4ne, die Unterst\u00fctzung f\u00fcr userContent.css und userChrome.css aus Firefox zu entfernen. Die \u00c4nderung ist also ohne jedes Wenn und Aber sehr gut, weil jemand, der eine solche Datei anlegt, entweder gar nichts weiter tun muss oder maximal einen Schalter in about:config zus\u00e4tzlich umschalten muss, was keinen Aufwand darstellt, und alles wie gewohnt weiter funktioniert, und 99,9 Prozent, die das schlicht und ergreifend nicht brauchen, einen schnelleren Firefox-Start haben. So bekommt wirklich jeder das f\u00fcr ihn Beste.<\/p>\n<p>Neben den Dingen, die im Artikel fehlen, steht hier jedoch, dass noch nicht fest st\u00fcnde, ob das Teil der finalen Version von Firefox 69 sein wird. Doch, das steht fest.<\/p>\n"},"status":"1"},{"id":102148,"parent":102146,"author":134,"author_name":"moinmoin","author_email":"moin-moin@hab-verschlafen.de","author_url":"","author_avatar_urls":{"24":"https:\/\/secure.gravatar.com\/avatar\/fab96769102f8886245ab411df9a42a235be79261e4b44aa7ab2a555da8b86b4?s=24&d=mm&r=g","48":"https:\/\/secure.gravatar.com\/avatar\/fab96769102f8886245ab411df9a42a235be79261e4b44aa7ab2a555da8b86b4?s=48&d=mm&r=g","96":"https:\/\/secure.gravatar.com\/avatar\/fab96769102f8886245ab411df9a42a235be79261e4b44aa7ab2a555da8b86b4?s=96&d=mm&r=g"},"date":"2019-05-27T10:32:56","cld_nonce":"5cfe60523a","content":{"rendered":"<p>S\u00f6ren, hier wird keine falsche Stimmung erzeugt. Im Beitrag steht nichts von entfernen, sondern unterbindet es per Standard. Ist ein Unterschied.  Wer diese Einstellung sucht und ben\u00f6tigt findet sie, so wie es beschrieben ist. Wenn hier in den Kommentaren die Stimmung erzeugt wird, ist es wiederum ein anderes Thema. Das es nun feststeht, hab ich oben mal hinzugef\u00fcgt.<\/p>\n"},"status":"1"},{"id":102150,"parent":102146,"author":0,"author_name":"Wolfgang D.","author_email":"wolfgang362@habmalnefrage.de","author_url":"","author_avatar_urls":{"24":"https:\/\/secure.gravatar.com\/avatar\/8c2cdcb93bad312838c0c22ec8fe38476c9f1fe8d48edc19d15fa8adfbe95f3f?s=24&d=mm&r=g","48":"https:\/\/secure.gravatar.com\/avatar\/8c2cdcb93bad312838c0c22ec8fe38476c9f1fe8d48edc19d15fa8adfbe95f3f?s=48&d=mm&r=g","96":"https:\/\/secure.gravatar.com\/avatar\/8c2cdcb93bad312838c0c22ec8fe38476c9f1fe8d48edc19d15fa8adfbe95f3f?s=96&d=mm&r=g"},"date":"2019-05-27T11:08:11","cld_nonce":"5cfe60523a","content":{"rendered":"<p>@S\u00f6ren Hentzschel<br \/>\nEs hatte auch niemand die Absicht, eine Mauer in DE zu errichten. Ups, aber die Sachzw\u00e4nge&#8230; MaW., das \u00fcbliche Sch\u00f6ngerede.<\/p>\n"},"status":"1"},{"id":102151,"parent":102148,"author":0,"author_name":"nelvodrad","author_email":"pirn2basilenhome@quidrom-uth.dk","author_url":"","author_avatar_urls":{"24":"https:\/\/secure.gravatar.com\/avatar\/41cc897103e0f3c483a6b2ee69629c0de42ebfd6b0db0d4b7338ef00fa2a2619?s=24&d=mm&r=g","48":"https:\/\/secure.gravatar.com\/avatar\/41cc897103e0f3c483a6b2ee69629c0de42ebfd6b0db0d4b7338ef00fa2a2619?s=48&d=mm&r=g","96":"https:\/\/secure.gravatar.com\/avatar\/41cc897103e0f3c483a6b2ee69629c0de42ebfd6b0db0d4b7338ef00fa2a2619?s=96&d=mm&r=g"},"date":"2019-05-27T11:18:59","cld_nonce":"5cfe60523a","content":{"rendered":"<p>Die wird schon erzeugt. Weil verk\u00fcrzte Darstellung (= weggelassene Info &#8211; die aber f\u00fcrs eig. Verst\u00e4ndnis erheblich ist). Und das ist klar eure Sache.<br \/>\nDer Komment von S. Hentzschel sorgt da f\u00fcr Klarstellung. Was aus dem oben leider nicht eindeutig hervorgeht!<br \/>\n=&gt; Und darauf hingewiesen immer noch das Gegenteil zu behaupten macht es jetzt nicht besser. Unn\u00f6tig unsouver\u00e4n, wie ich finde.<\/p>\n"},"status":"1"},{"id":102194,"parent":102148,"author":0,"author_name":"S\u00f6ren Hentzschel","author_email":"cadeyrn@ymail.com","author_url":"","author_avatar_urls":{"24":"https:\/\/secure.gravatar.com\/avatar\/c0d50c4f00bae63d26d14f027c8bf989db9a3a30c91b7b619f26fbf4c67915c8?s=24&d=mm&r=g","48":"https:\/\/secure.gravatar.com\/avatar\/c0d50c4f00bae63d26d14f027c8bf989db9a3a30c91b7b619f26fbf4c67915c8?s=48&d=mm&r=g","96":"https:\/\/secure.gravatar.com\/avatar\/c0d50c4f00bae63d26d14f027c8bf989db9a3a30c91b7b619f26fbf4c67915c8?s=96&d=mm&r=g"},"date":"2019-05-27T23:13:36","cld_nonce":"5cfe60523a","content":{"rendered":"<p>@moinmoin: Ich meinte nicht, dass hier absichtlich negative Stimmung erzeugt wird. Aber man sieht an den Kommentaren halt doch sehr klar, dass da eine negative Stimmung mitschwingt, welche dem Fehlen wichtiger Informationen geschuldet ist. W\u00e4re das von Anfang an klar gewesen, h\u00e4tten die Kommentare hier anders ausgesehen. Das hat f\u00fcr Verunsicherung gesorgt, auch im Firefox-Forum, was der Grund ist, wieso ich \u00fcberhaupt auf diesen Artikel aufmerksam wurde und das klargestellt habe.<\/p>\n"},"status":"1"},{"id":102195,"parent":102150,"author":0,"author_name":"S\u00f6ren Hentzschel","author_email":"cadeyrn@ymail.com","author_url":"","author_avatar_urls":{"24":"https:\/\/secure.gravatar.com\/avatar\/c0d50c4f00bae63d26d14f027c8bf989db9a3a30c91b7b619f26fbf4c67915c8?s=24&d=mm&r=g","48":"https:\/\/secure.gravatar.com\/avatar\/c0d50c4f00bae63d26d14f027c8bf989db9a3a30c91b7b619f26fbf4c67915c8?s=48&d=mm&r=g","96":"https:\/\/secure.gravatar.com\/avatar\/c0d50c4f00bae63d26d14f027c8bf989db9a3a30c91b7b619f26fbf4c67915c8?s=96&d=mm&r=g"},"date":"2019-05-27T23:24:28","cld_nonce":"5cfe60523a","content":{"rendered":"<p>@Wolfgang D.: Du versuchst, meinen nachweislich sachlichen Kommentar auf eine pers\u00f6nliche Ebene zu ziehen und hast kein einziges Argument vorzubringen. Aber das kenne ich von dir ja.<\/p>\n<p>Es ist Fakt, dass es keine Pl\u00e4ne gibt, die Unterst\u00fctzung f\u00fcr userChrome.css und userContent.css zu entfernen. Und selbst wenn es in zwei Jahren Pl\u00e4ne dazu geben sollte, hat das nichts, aber rein gar nichts mit der Sache zu tun, um die es hier geht. Es ist Fakt, dass nur einen winziger Bruchteil aller Nutzer userContent.css oder userChrome.css nutzt und der ganz gro\u00dfe Rest (\u00fcber 99 Prozent) von dieser \u00c4nderung profitieren. Es ist Fakt, dass absolut niemand, der eine dieser Dateien bereits nutzt, irgendetwas \u00e4ndern muss, alles wird komplett ohne Anpassung weiter funktionieren, als w\u00e4re nichts ge\u00e4ndert worden. Und es ist unglaubw\u00fcrdig, dass jemand, der eine Datei userChrome.css oder userContent.css nutzt, ein Problem damit hat, einen Schalter in about:config zu setzen. Es ist eine fast sichere Annahme, dass diese Nutzer den Umgang mit about:config bereits gewohnt sind und der Aufwand liegt bei unter f\u00fcnf Sekunden.<\/p>\n<p>Insofern mach dich bitte nicht l\u00e4cherlich, indem du hier irgendein Sch\u00f6ngerede unterstellst, denn in diesem Fall gibt es absolut nichts, was man sch\u00f6nreden m\u00fcsste oder \u00fcberhaupt k\u00f6nnte. \u00dcber 99 Prozent der Nutzer profitieren nachgewiesenerma\u00dfen von der \u00c4nderung und f\u00fcr den klitzekleinen Rest bleibt einfach alles beim Alten. Keinem einzigen Menschen auf diesem Planeten wird irgendetwas weggenommen. Es ist schlicht und ergreifend nicht m\u00f6glich, in diese Sache irgendetwas Negatives hineinzureden. Wer das versucht, verliert seine Glaubw\u00fcrdigkeit.<\/p>\n"},"status":"1"},{"id":102208,"parent":102195,"author":0,"author_name":"Wolfgang D.","author_email":"wolfgang362@habmalnefrage.de","author_url":"","author_avatar_urls":{"24":"https:\/\/secure.gravatar.com\/avatar\/8c2cdcb93bad312838c0c22ec8fe38476c9f1fe8d48edc19d15fa8adfbe95f3f?s=24&d=mm&r=g","48":"https:\/\/secure.gravatar.com\/avatar\/8c2cdcb93bad312838c0c22ec8fe38476c9f1fe8d48edc19d15fa8adfbe95f3f?s=48&d=mm&r=g","96":"https:\/\/secure.gravatar.com\/avatar\/8c2cdcb93bad312838c0c22ec8fe38476c9f1fe8d48edc19d15fa8adfbe95f3f?s=96&d=mm&r=g"},"date":"2019-05-28T05:31:56","cld_nonce":"5cfe60523a","content":{"rendered":"<p>@S\u00f6ren Hentzschel<br \/>\nWer Verschlechterungen in den M\u00f6glichkeiten f\u00fcr den Benutzer und neue Datenschnorcheleien durch Webseitenbetreiber (ich f\u00fchr das nicht weiter aus, ging ja auch durch die Blogs) unter einem Schwall von Worten kaschiert, ist ein Sch\u00f6nredner. Ich nenne sowas lernresistent, uneinsichtig, und mit &#8222;Fakt ist&#8220; beginnen Halbwahrheiten oder gleich L\u00fcgen. Oder hat der Browser diese Daten bereits aus der Nutzerbasis erhoben? Dazu garniert mit Schm\u00e4h, den ich von anderen schon vor Jahren besser formuliert gesehen habe.<\/p>\n<p>Kein Wunder, wenn FF immer weiter Nutzer verliert, mit solchen Propagandisten. Aber das werdet ihr nie verstehen, wie die SPD. Unglaubw\u00fcrdig geworden, und tsch\u00fcss.<\/p>\n"},"status":"1"},{"id":102210,"parent":102194,"author":134,"author_name":"moinmoin","author_email":"moin-moin@hab-verschlafen.de","author_url":"","author_avatar_urls":{"24":"https:\/\/secure.gravatar.com\/avatar\/fab96769102f8886245ab411df9a42a235be79261e4b44aa7ab2a555da8b86b4?s=24&d=mm&r=g","48":"https:\/\/secure.gravatar.com\/avatar\/fab96769102f8886245ab411df9a42a235be79261e4b44aa7ab2a555da8b86b4?s=48&d=mm&r=g","96":"https:\/\/secure.gravatar.com\/avatar\/fab96769102f8886245ab411df9a42a235be79261e4b44aa7ab2a555da8b86b4?s=96&d=mm&r=g"},"date":"2019-05-28T07:06:08","cld_nonce":"5cfe60523a","content":{"rendered":"<p>Auch wenn das jetzt mit dem schnelleren Start fehlt, was eigentlich logisch ist wirst du immer solche Kommentare erleben. Das ist bei Windows 10 so, dass viele dann sofort zu Linux oder Mac umsteigen. Oder von&#8230; nach&#8230;<br \/>\nDa kannst du im Artikel noch so viel positives einbauen. Dann hei\u00dft es dann wieder Fanboy, bezahlt von der Firma und was wei\u00df ich nicht alles.<\/p>\n"},"status":"1"},{"id":102214,"parent":102195,"author":0,"author_name":"drumfieds","author_email":"purndeville23@chasadamen-puwan.nl","author_url":"","author_avatar_urls":{"24":"https:\/\/secure.gravatar.com\/avatar\/036b0917f4f92f41170dca5356baad5b98a1b86a38e4598f0c237e2a564aede8?s=24&d=mm&r=g","48":"https:\/\/secure.gravatar.com\/avatar\/036b0917f4f92f41170dca5356baad5b98a1b86a38e4598f0c237e2a564aede8?s=48&d=mm&r=g","96":"https:\/\/secure.gravatar.com\/avatar\/036b0917f4f92f41170dca5356baad5b98a1b86a38e4598f0c237e2a564aede8?s=96&d=mm&r=g"},"date":"2019-05-28T08:33:15","cld_nonce":"5cfe60523a","content":{"rendered":"<p>@Wolfgang D.,<br \/>\ndas ist jetzt aber etwas kindliches Gebrabbel &#8211; ohne wirklichen Inhalt.<br \/>\nH\u00e4tt ich mir geschenkt. Ist ja nicht mal lustig. Aber \u00fcberfl\u00fcssig.<\/p>\n"},"status":"1"}],"wp_author":{"id":134,"name":"moinmoin","description":"Ich bin nicht allwissend, was <a href=\"https:\/\/www.deskmodder.de\/wiki\/index.php?title=Kategorie:Windows_11\">Windows<\/a> angeht. Aber genau deshalb nehme ich Windows gerne auseinander und unter die Lupe, um all mein Wissen zu erweitern. <i>J\u00fcrgen<\/i>","author_avatar_urls":{"24":"https:\/\/secure.gravatar.com\/avatar\/fab96769102f8886245ab411df9a42a235be79261e4b44aa7ab2a555da8b86b4?s=24&d=mm&r=g","48":"https:\/\/secure.gravatar.com\/avatar\/fab96769102f8886245ab411df9a42a235be79261e4b44aa7ab2a555da8b86b4?s=48&d=mm&r=g","96":"https:\/\/secure.gravatar.com\/avatar\/fab96769102f8886245ab411df9a42a235be79261e4b44aa7ab2a555da8b86b4?s=96&d=mm&r=g"}},"cld_nonce":"5cfe60523a","yoast_head":"<!-- This site is optimized with the Yoast SEO Premium plugin v27.5 (Yoast SEO v27.5) - https:\/\/yoast.com\/product\/yoast-seo-premium-wordpress\/ -->\n<title>Firefox 69 userChrome.css und userContent.css werden nicht mehr per Standard geladen - Deskmodder.de<\/title>\n<meta name=\"robots\" content=\"index, follow, max-snippet:-1, max-image-preview:large, max-video-preview:-1\" \/>\n<link rel=\"canonical\" href=\"https:\/\/www.deskmodder.de\/blog\/2019\/05\/23\/firefox-69-userchrome-css-und-usercontent-css-werden-nicht-mehr-per-standard-geladen\/\" \/>\n<meta property=\"og:locale\" content=\"de_DE\" \/>\n<meta property=\"og:type\" content=\"article\" \/>\n<meta property=\"og:title\" content=\"Firefox 69 userChrome.css und userContent.css werden nicht mehr per Standard geladen\" \/>\n<meta property=\"og:description\" content=\"Der Firefox 67 in der finalen Version ist gerade erschienen. Aber Mozilla bastelt ja schon am Firefox 69 als Nighlty Version weiter. Wie es aussieht, will Mozilla das Laden von Stylesheet-Dateien nun per Standard unterbinden. Der Browser startet also ohne,&hellip;\" \/>\n<meta property=\"og:url\" content=\"https:\/\/www.deskmodder.de\/blog\/2019\/05\/23\/firefox-69-userchrome-css-und-usercontent-css-werden-nicht-mehr-per-standard-geladen\/\" \/>\n<meta property=\"og:site_name\" content=\"Deskmodder.de\" \/>\n<meta property=\"article:publisher\" content=\"https:\/\/www.facebook.com\/Deskmodder\" \/>\n<meta property=\"article:published_time\" content=\"2019-05-23T09:56:18+00:00\" \/>\n<meta property=\"article:modified_time\" content=\"2019-05-27T08:16:48+00:00\" \/>\n<meta property=\"og:image\" content=\"https:\/\/www.deskmodder.de\/blog\/wp-content\/uploads\/2018\/08\/firefox-logo.png\" \/>\n\t<meta property=\"og:image:width\" content=\"1400\" \/>\n\t<meta property=\"og:image:height\" content=\"770\" \/>\n\t<meta property=\"og:image:type\" content=\"image\/png\" \/>\n<meta name=\"author\" content=\"moinmoin\" \/>\n<meta name=\"twitter:card\" content=\"summary_large_image\" \/>\n<meta name=\"twitter:creator\" content=\"@Deskmodder\" \/>\n<meta name=\"twitter:site\" content=\"@Deskmodder\" \/>\n<script type=\"application\/ld+json\" class=\"yoast-schema-graph\">{\"@context\":\"https:\\\/\\\/schema.org\",\"@graph\":[{\"@type\":\"Article\",\"@id\":\"https:\\\/\\\/www.deskmodder.de\\\/blog\\\/2019\\\/05\\\/23\\\/firefox-69-userchrome-css-und-usercontent-css-werden-nicht-mehr-per-standard-geladen\\\/#article\",\"isPartOf\":{\"@id\":\"https:\\\/\\\/www.deskmodder.de\\\/blog\\\/2019\\\/05\\\/23\\\/firefox-69-userchrome-css-und-usercontent-css-werden-nicht-mehr-per-standard-geladen\\\/\"},\"author\":{\"name\":\"moinmoin\",\"@id\":\"https:\\\/\\\/www.deskmodder.de\\\/blog\\\/#\\\/schema\\\/person\\\/a40b17a9503c4a1568ac4073bb54182a\"},\"headline\":\"Firefox 69 userChrome.css und userContent.css werden nicht mehr per Standard geladen\",\"datePublished\":\"2019-05-23T09:56:18+00:00\",\"dateModified\":\"2019-05-27T08:16:48+00:00\",\"mainEntityOfPage\":{\"@id\":\"https:\\\/\\\/www.deskmodder.de\\\/blog\\\/2019\\\/05\\\/23\\\/firefox-69-userchrome-css-und-usercontent-css-werden-nicht-mehr-per-standard-geladen\\\/\"},\"wordCount\":163,\"commentCount\":26,\"publisher\":{\"@id\":\"https:\\\/\\\/www.deskmodder.de\\\/blog\\\/#organization\"},\"image\":{\"@id\":\"https:\\\/\\\/www.deskmodder.de\\\/blog\\\/2019\\\/05\\\/23\\\/firefox-69-userchrome-css-und-usercontent-css-werden-nicht-mehr-per-standard-geladen\\\/#primaryimage\"},\"thumbnailUrl\":\"https:\\\/\\\/www.deskmodder.de\\\/blog\\\/wp-content\\\/uploads\\\/2018\\\/08\\\/firefox-logo.png\",\"keywords\":[\"Firefox 69\",\"Firefox l\u00e4dt userChrome.css nicht\",\"userChrome.css\",\"userContent.css\"],\"articleSection\":[\"Browser\"],\"inLanguage\":\"de\",\"potentialAction\":[{\"@type\":\"CommentAction\",\"name\":\"Comment\",\"target\":[\"https:\\\/\\\/www.deskmodder.de\\\/blog\\\/2019\\\/05\\\/23\\\/firefox-69-userchrome-css-und-usercontent-css-werden-nicht-mehr-per-standard-geladen\\\/#respond\"]}],\"copyrightYear\":\"2019\",\"copyrightHolder\":{\"@id\":\"https:\\\/\\\/www.deskmodder.de\\\/blog\\\/#organization\"}},{\"@type\":\"WebPage\",\"@id\":\"https:\\\/\\\/www.deskmodder.de\\\/blog\\\/2019\\\/05\\\/23\\\/firefox-69-userchrome-css-und-usercontent-css-werden-nicht-mehr-per-standard-geladen\\\/\",\"url\":\"https:\\\/\\\/www.deskmodder.de\\\/blog\\\/2019\\\/05\\\/23\\\/firefox-69-userchrome-css-und-usercontent-css-werden-nicht-mehr-per-standard-geladen\\\/\",\"name\":\"Firefox 69 userChrome.css und userContent.css werden nicht mehr per Standard geladen - Deskmodder.de\",\"isPartOf\":{\"@id\":\"https:\\\/\\\/www.deskmodder.de\\\/blog\\\/#website\"},\"primaryImageOfPage\":{\"@id\":\"https:\\\/\\\/www.deskmodder.de\\\/blog\\\/2019\\\/05\\\/23\\\/firefox-69-userchrome-css-und-usercontent-css-werden-nicht-mehr-per-standard-geladen\\\/#primaryimage\"},\"image\":{\"@id\":\"https:\\\/\\\/www.deskmodder.de\\\/blog\\\/2019\\\/05\\\/23\\\/firefox-69-userchrome-css-und-usercontent-css-werden-nicht-mehr-per-standard-geladen\\\/#primaryimage\"},\"thumbnailUrl\":\"https:\\\/\\\/www.deskmodder.de\\\/blog\\\/wp-content\\\/uploads\\\/2018\\\/08\\\/firefox-logo.png\",\"datePublished\":\"2019-05-23T09:56:18+00:00\",\"dateModified\":\"2019-05-27T08:16:48+00:00\",\"breadcrumb\":{\"@id\":\"https:\\\/\\\/www.deskmodder.de\\\/blog\\\/2019\\\/05\\\/23\\\/firefox-69-userchrome-css-und-usercontent-css-werden-nicht-mehr-per-standard-geladen\\\/#breadcrumb\"},\"inLanguage\":\"de\",\"potentialAction\":[{\"@type\":\"ReadAction\",\"target\":[\"https:\\\/\\\/www.deskmodder.de\\\/blog\\\/2019\\\/05\\\/23\\\/firefox-69-userchrome-css-und-usercontent-css-werden-nicht-mehr-per-standard-geladen\\\/\"]}]},{\"@type\":\"ImageObject\",\"inLanguage\":\"de\",\"@id\":\"https:\\\/\\\/www.deskmodder.de\\\/blog\\\/2019\\\/05\\\/23\\\/firefox-69-userchrome-css-und-usercontent-css-werden-nicht-mehr-per-standard-geladen\\\/#primaryimage\",\"url\":\"https:\\\/\\\/www.deskmodder.de\\\/blog\\\/wp-content\\\/uploads\\\/2018\\\/08\\\/firefox-logo.png\",\"contentUrl\":\"https:\\\/\\\/www.deskmodder.de\\\/blog\\\/wp-content\\\/uploads\\\/2018\\\/08\\\/firefox-logo.png\",\"width\":1400,\"height\":770,\"caption\":\"Firefox Logo\"},{\"@type\":\"BreadcrumbList\",\"@id\":\"https:\\\/\\\/www.deskmodder.de\\\/blog\\\/2019\\\/05\\\/23\\\/firefox-69-userchrome-css-und-usercontent-css-werden-nicht-mehr-per-standard-geladen\\\/#breadcrumb\",\"itemListElement\":[{\"@type\":\"ListItem\",\"position\":1,\"name\":\"Startseite\",\"item\":\"https:\\\/\\\/www.deskmodder.de\\\/blog\\\/\"},{\"@type\":\"ListItem\",\"position\":2,\"name\":\"Firefox 69 userChrome.css und userContent.css werden nicht mehr per Standard geladen\"}]},{\"@type\":\"WebSite\",\"@id\":\"https:\\\/\\\/www.deskmodder.de\\\/blog\\\/#website\",\"url\":\"https:\\\/\\\/www.deskmodder.de\\\/blog\\\/\",\"name\":\"Deskmodder.de\",\"description\":\"News zum Thema Microsoft, Windows 11 \\\/ 10, sowie anderen Neuigkeiten aus dem Netz, viele Tipps und individuelle Hilfe bei Problemen in unserem Forum \u25cf Deskmodder - seit 2003\",\"publisher\":{\"@id\":\"https:\\\/\\\/www.deskmodder.de\\\/blog\\\/#organization\"},\"potentialAction\":[{\"@type\":\"SearchAction\",\"target\":{\"@type\":\"EntryPoint\",\"urlTemplate\":\"https:\\\/\\\/www.deskmodder.de\\\/blog\\\/?s={search_term_string}\"},\"query-input\":{\"@type\":\"PropertyValueSpecification\",\"valueRequired\":true,\"valueName\":\"search_term_string\"}}],\"inLanguage\":\"de\"},{\"@type\":\"Organization\",\"@id\":\"https:\\\/\\\/www.deskmodder.de\\\/blog\\\/#organization\",\"name\":\"Deskmodder\",\"url\":\"https:\\\/\\\/www.deskmodder.de\\\/blog\\\/\",\"logo\":{\"@type\":\"ImageObject\",\"inLanguage\":\"de\",\"@id\":\"https:\\\/\\\/www.deskmodder.de\\\/blog\\\/#\\\/schema\\\/logo\\\/image\\\/\",\"url\":\"https:\\\/\\\/www.deskmodder.de\\\/blog\\\/wp-content\\\/uploads\\\/2019\\\/01\\\/deskmodder-logo-app.png\",\"contentUrl\":\"https:\\\/\\\/www.deskmodder.de\\\/blog\\\/wp-content\\\/uploads\\\/2019\\\/01\\\/deskmodder-logo-app.png\",\"width\":281,\"height\":286,\"caption\":\"Deskmodder\"},\"image\":{\"@id\":\"https:\\\/\\\/www.deskmodder.de\\\/blog\\\/#\\\/schema\\\/logo\\\/image\\\/\"},\"sameAs\":[\"https:\\\/\\\/www.facebook.com\\\/Deskmodder\",\"https:\\\/\\\/x.com\\\/Deskmodder\",\"https:\\\/\\\/mastodontech.de\\\/@Deskmodder\",\"https:\\\/\\\/www.youtube.com\\\/user\\\/deskmodder\",\"https:\\\/\\\/mewe.com\\\/group\\\/5c83b5231add826fc80cdae1\"]},{\"@type\":\"Person\",\"@id\":\"https:\\\/\\\/www.deskmodder.de\\\/blog\\\/#\\\/schema\\\/person\\\/a40b17a9503c4a1568ac4073bb54182a\",\"name\":\"moinmoin\",\"image\":{\"@type\":\"ImageObject\",\"inLanguage\":\"de\",\"@id\":\"https:\\\/\\\/secure.gravatar.com\\\/avatar\\\/fab96769102f8886245ab411df9a42a235be79261e4b44aa7ab2a555da8b86b4?s=96&d=mm&r=g\",\"url\":\"https:\\\/\\\/secure.gravatar.com\\\/avatar\\\/fab96769102f8886245ab411df9a42a235be79261e4b44aa7ab2a555da8b86b4?s=96&d=mm&r=g\",\"contentUrl\":\"https:\\\/\\\/secure.gravatar.com\\\/avatar\\\/fab96769102f8886245ab411df9a42a235be79261e4b44aa7ab2a555da8b86b4?s=96&d=mm&r=g\",\"caption\":\"moinmoin\"},\"description\":\"Ich bin nicht allwissend, was Windows angeht. Aber genau deshalb nehme ich Windows gerne auseinander und unter die Lupe, um all mein Wissen zu erweitern. J\u00fcrgen\",\"url\":\"https:\\\/\\\/www.deskmodder.de\\\/blog\\\/author\\\/moinmoin\\\/\"}]}<\/script>\n<!-- \/ Yoast SEO Premium plugin. -->","yoast_head_json":{"title":"Firefox 69 userChrome.css und userContent.css werden nicht mehr per Standard geladen - Deskmodder.de","robots":{"index":"index","follow":"follow","max-snippet":"max-snippet:-1","max-image-preview":"max-image-preview:large","max-video-preview":"max-video-preview:-1"},"canonical":"https:\/\/www.deskmodder.de\/blog\/2019\/05\/23\/firefox-69-userchrome-css-und-usercontent-css-werden-nicht-mehr-per-standard-geladen\/","og_locale":"de_DE","og_type":"article","og_title":"Firefox 69 userChrome.css und userContent.css werden nicht mehr per Standard geladen","og_description":"Der Firefox 67 in der finalen Version ist gerade erschienen. Aber Mozilla bastelt ja schon am Firefox 69 als Nighlty Version weiter. Wie es aussieht, will Mozilla das Laden von Stylesheet-Dateien nun per Standard unterbinden. Der Browser startet also ohne,&hellip;","og_url":"https:\/\/www.deskmodder.de\/blog\/2019\/05\/23\/firefox-69-userchrome-css-und-usercontent-css-werden-nicht-mehr-per-standard-geladen\/","og_site_name":"Deskmodder.de","article_publisher":"https:\/\/www.facebook.com\/Deskmodder","article_published_time":"2019-05-23T09:56:18+00:00","article_modified_time":"2019-05-27T08:16:48+00:00","og_image":[{"width":1400,"height":770,"url":"https:\/\/www.deskmodder.de\/blog\/wp-content\/uploads\/2018\/08\/firefox-logo.png","type":"image\/png"}],"author":"moinmoin","twitter_card":"summary_large_image","twitter_creator":"@Deskmodder","twitter_site":"@Deskmodder","schema":{"@context":"https:\/\/schema.org","@graph":[{"@type":"Article","@id":"https:\/\/www.deskmodder.de\/blog\/2019\/05\/23\/firefox-69-userchrome-css-und-usercontent-css-werden-nicht-mehr-per-standard-geladen\/#article","isPartOf":{"@id":"https:\/\/www.deskmodder.de\/blog\/2019\/05\/23\/firefox-69-userchrome-css-und-usercontent-css-werden-nicht-mehr-per-standard-geladen\/"},"author":{"name":"moinmoin","@id":"https:\/\/www.deskmodder.de\/blog\/#\/schema\/person\/a40b17a9503c4a1568ac4073bb54182a"},"headline":"Firefox 69 userChrome.css und userContent.css werden nicht mehr per Standard geladen","datePublished":"2019-05-23T09:56:18+00:00","dateModified":"2019-05-27T08:16:48+00:00","mainEntityOfPage":{"@id":"https:\/\/www.deskmodder.de\/blog\/2019\/05\/23\/firefox-69-userchrome-css-und-usercontent-css-werden-nicht-mehr-per-standard-geladen\/"},"wordCount":163,"commentCount":26,"publisher":{"@id":"https:\/\/www.deskmodder.de\/blog\/#organization"},"image":{"@id":"https:\/\/www.deskmodder.de\/blog\/2019\/05\/23\/firefox-69-userchrome-css-und-usercontent-css-werden-nicht-mehr-per-standard-geladen\/#primaryimage"},"thumbnailUrl":"https:\/\/www.deskmodder.de\/blog\/wp-content\/uploads\/2018\/08\/firefox-logo.png","keywords":["Firefox 69","Firefox l\u00e4dt userChrome.css nicht","userChrome.css","userContent.css"],"articleSection":["Browser"],"inLanguage":"de","potentialAction":[{"@type":"CommentAction","name":"Comment","target":["https:\/\/www.deskmodder.de\/blog\/2019\/05\/23\/firefox-69-userchrome-css-und-usercontent-css-werden-nicht-mehr-per-standard-geladen\/#respond"]}],"copyrightYear":"2019","copyrightHolder":{"@id":"https:\/\/www.deskmodder.de\/blog\/#organization"}},{"@type":"WebPage","@id":"https:\/\/www.deskmodder.de\/blog\/2019\/05\/23\/firefox-69-userchrome-css-und-usercontent-css-werden-nicht-mehr-per-standard-geladen\/","url":"https:\/\/www.deskmodder.de\/blog\/2019\/05\/23\/firefox-69-userchrome-css-und-usercontent-css-werden-nicht-mehr-per-standard-geladen\/","name":"Firefox 69 userChrome.css und userContent.css werden nicht mehr per Standard geladen - Deskmodder.de","isPartOf":{"@id":"https:\/\/www.deskmodder.de\/blog\/#website"},"primaryImageOfPage":{"@id":"https:\/\/www.deskmodder.de\/blog\/2019\/05\/23\/firefox-69-userchrome-css-und-usercontent-css-werden-nicht-mehr-per-standard-geladen\/#primaryimage"},"image":{"@id":"https:\/\/www.deskmodder.de\/blog\/2019\/05\/23\/firefox-69-userchrome-css-und-usercontent-css-werden-nicht-mehr-per-standard-geladen\/#primaryimage"},"thumbnailUrl":"https:\/\/www.deskmodder.de\/blog\/wp-content\/uploads\/2018\/08\/firefox-logo.png","datePublished":"2019-05-23T09:56:18+00:00","dateModified":"2019-05-27T08:16:48+00:00","breadcrumb":{"@id":"https:\/\/www.deskmodder.de\/blog\/2019\/05\/23\/firefox-69-userchrome-css-und-usercontent-css-werden-nicht-mehr-per-standard-geladen\/#breadcrumb"},"inLanguage":"de","potentialAction":[{"@type":"ReadAction","target":["https:\/\/www.deskmodder.de\/blog\/2019\/05\/23\/firefox-69-userchrome-css-und-usercontent-css-werden-nicht-mehr-per-standard-geladen\/"]}]},{"@type":"ImageObject","inLanguage":"de","@id":"https:\/\/www.deskmodder.de\/blog\/2019\/05\/23\/firefox-69-userchrome-css-und-usercontent-css-werden-nicht-mehr-per-standard-geladen\/#primaryimage","url":"https:\/\/www.deskmodder.de\/blog\/wp-content\/uploads\/2018\/08\/firefox-logo.png","contentUrl":"https:\/\/www.deskmodder.de\/blog\/wp-content\/uploads\/2018\/08\/firefox-logo.png","width":1400,"height":770,"caption":"Firefox Logo"},{"@type":"BreadcrumbList","@id":"https:\/\/www.deskmodder.de\/blog\/2019\/05\/23\/firefox-69-userchrome-css-und-usercontent-css-werden-nicht-mehr-per-standard-geladen\/#breadcrumb","itemListElement":[{"@type":"ListItem","position":1,"name":"Startseite","item":"https:\/\/www.deskmodder.de\/blog\/"},{"@type":"ListItem","position":2,"name":"Firefox 69 userChrome.css und userContent.css werden nicht mehr per Standard geladen"}]},{"@type":"WebSite","@id":"https:\/\/www.deskmodder.de\/blog\/#website","url":"https:\/\/www.deskmodder.de\/blog\/","name":"Deskmodder.de","description":"News zum Thema Microsoft, Windows 11 \/ 10, sowie anderen Neuigkeiten aus dem Netz, viele Tipps und individuelle Hilfe bei Problemen in unserem Forum \u25cf Deskmodder - seit 2003","publisher":{"@id":"https:\/\/www.deskmodder.de\/blog\/#organization"},"potentialAction":[{"@type":"SearchAction","target":{"@type":"EntryPoint","urlTemplate":"https:\/\/www.deskmodder.de\/blog\/?s={search_term_string}"},"query-input":{"@type":"PropertyValueSpecification","valueRequired":true,"valueName":"search_term_string"}}],"inLanguage":"de"},{"@type":"Organization","@id":"https:\/\/www.deskmodder.de\/blog\/#organization","name":"Deskmodder","url":"https:\/\/www.deskmodder.de\/blog\/","logo":{"@type":"ImageObject","inLanguage":"de","@id":"https:\/\/www.deskmodder.de\/blog\/#\/schema\/logo\/image\/","url":"https:\/\/www.deskmodder.de\/blog\/wp-content\/uploads\/2019\/01\/deskmodder-logo-app.png","contentUrl":"https:\/\/www.deskmodder.de\/blog\/wp-content\/uploads\/2019\/01\/deskmodder-logo-app.png","width":281,"height":286,"caption":"Deskmodder"},"image":{"@id":"https:\/\/www.deskmodder.de\/blog\/#\/schema\/logo\/image\/"},"sameAs":["https:\/\/www.facebook.com\/Deskmodder","https:\/\/x.com\/Deskmodder","https:\/\/mastodontech.de\/@Deskmodder","https:\/\/www.youtube.com\/user\/deskmodder","https:\/\/mewe.com\/group\/5c83b5231add826fc80cdae1"]},{"@type":"Person","@id":"https:\/\/www.deskmodder.de\/blog\/#\/schema\/person\/a40b17a9503c4a1568ac4073bb54182a","name":"moinmoin","image":{"@type":"ImageObject","inLanguage":"de","@id":"https:\/\/secure.gravatar.com\/avatar\/fab96769102f8886245ab411df9a42a235be79261e4b44aa7ab2a555da8b86b4?s=96&d=mm&r=g","url":"https:\/\/secure.gravatar.com\/avatar\/fab96769102f8886245ab411df9a42a235be79261e4b44aa7ab2a555da8b86b4?s=96&d=mm&r=g","contentUrl":"https:\/\/secure.gravatar.com\/avatar\/fab96769102f8886245ab411df9a42a235be79261e4b44aa7ab2a555da8b86b4?s=96&d=mm&r=g","caption":"moinmoin"},"description":"Ich bin nicht allwissend, was Windows angeht. Aber genau deshalb nehme ich Windows gerne auseinander und unter die Lupe, um all mein Wissen zu erweitern. J\u00fcrgen","url":"https:\/\/www.deskmodder.de\/blog\/author\/moinmoin\/"}]}},"jetpack_publicize_connections":[],"jetpack_featured_media_url":"https:\/\/www.deskmodder.de\/blog\/wp-content\/uploads\/2018\/08\/firefox-logo.png","_links":{"self":[{"href":"https:\/\/www.deskmodder.de\/blog\/wp-json\/wp\/v2\/posts\/120303","targetHints":{"allow":["GET"]}}],"collection":[{"href":"https:\/\/www.deskmodder.de\/blog\/wp-json\/wp\/v2\/posts"}],"about":[{"href":"https:\/\/www.deskmodder.de\/blog\/wp-json\/wp\/v2\/types\/post"}],"author":[{"embeddable":true,"href":"https:\/\/www.deskmodder.de\/blog\/wp-json\/wp\/v2\/users\/134"}],"replies":[{"embeddable":true,"href":"https:\/\/www.deskmodder.de\/blog\/wp-json\/wp\/v2\/comments?post=120303"}],"version-history":[{"count":0,"href":"https:\/\/www.deskmodder.de\/blog\/wp-json\/wp\/v2\/posts\/120303\/revisions"}],"wp:featuredmedia":[{"embeddable":true,"href":"https:\/\/www.deskmodder.de\/blog\/wp-json\/wp\/v2\/media\/107116"}],"wp:attachment":[{"href":"https:\/\/www.deskmodder.de\/blog\/wp-json\/wp\/v2\/media?parent=120303"}],"wp:term":[{"taxonomy":"category","embeddable":true,"href":"https:\/\/www.deskmodder.de\/blog\/wp-json\/wp\/v2\/categories?post=120303"},{"taxonomy":"post_tag","embeddable":true,"href":"https:\/\/www.deskmodder.de\/blog\/wp-json\/wp\/v2\/tags?post=120303"}],"curies":[{"name":"wp","href":"https:\/\/api.w.org\/{rel}","templated":true}]}}