{"id":108688,"date":"2018-09-29T10:45:43","date_gmt":"2018-09-29T08:45:43","guid":{"rendered":"https:\/\/www.deskmodder.de\/blog\/?p=108688"},"modified":"2018-09-29T10:45:43","modified_gmt":"2018-09-29T08:45:43","slug":"dunkler-datei-explorer-in-der-windows-10-1809-ja-es-ist-nur-der-explorer","status":"publish","type":"post","link":"https:\/\/www.deskmodder.de\/blog\/2018\/09\/29\/dunkler-datei-explorer-in-der-windows-10-1809-ja-es-ist-nur-der-explorer\/","title":{"rendered":"Dunkler Datei Explorer in der Windows 10 1809 &#8211; Ja, es ist nur der Explorer"},"content":{"rendered":"<p>Nachdem wir in den Apps und Einstellungen den dunklen Modus schon haben, freuen sich viele auf die <a href=\"https:\/\/www.deskmodder.de\/blog\/2018\/09\/25\/17763-iso-esd-deutsch-english\/\" rel=\"noopener\" target=\"_blank\">Windows 10 1809 17763<\/a>. Denn dort wird auch der Datei Explorer in dunkel erscheinen, wenn man es denn unter Personalisierung -> Farben so eingestellt hat. Leider ist dann die Entt\u00e4uschung gro\u00df, wenn man feststellt dass es nur der Datei Explorer ist.<\/p>\n<p>Die alte Systemsteuerung, der Task-Manager etc. pp. sind weiterhin in hell. Es gab nat\u00fcrlich gleich wieder &#8222;Schelte&#8220;, wie hier auf <a href=\"https:\/\/www.reddit.com\/r\/Windows10\/comments\/9jq85x\/the_windows_10_offical_dark_theme_starter_pack\/\" rel=\"noopener\" target=\"_blank\">Reddit<\/a>. Mit Spr\u00fcchen wie, Apple kann es besser. Unf\u00e4hig, kann doch nicht so schwer sein und so weiter.<\/p>\n<p><a href=\"https:\/\/www.deskmodder.de\/blog\/wp-content\/uploads\/2018\/09\/systemsteuerung-hell-im-dunklen-modus-windwos-10-1809.jpg\" rel=\"lightbox[108688]\"><img loading=\"lazy\" decoding=\"async\" src=\"https:\/\/www.deskmodder.de\/blog\/wp-content\/uploads\/2018\/09\/systemsteuerung-hell-im-dunklen-modus-windwos-10-1809-500x355.jpg\" alt=\"\" width=\"500\" height=\"355\" class=\"aligncenter size-medium wp-image-108690\" srcset=\"https:\/\/www.deskmodder.de\/blog\/wp-content\/uploads\/2018\/09\/systemsteuerung-hell-im-dunklen-modus-windwos-10-1809-500x355.jpg 500w, https:\/\/www.deskmodder.de\/blog\/wp-content\/uploads\/2018\/09\/systemsteuerung-hell-im-dunklen-modus-windwos-10-1809-289x205.jpg 289w, https:\/\/www.deskmodder.de\/blog\/wp-content\/uploads\/2018\/09\/systemsteuerung-hell-im-dunklen-modus-windwos-10-1809-810x575.jpg 810w, https:\/\/www.deskmodder.de\/blog\/wp-content\/uploads\/2018\/09\/systemsteuerung-hell-im-dunklen-modus-windwos-10-1809.jpg 1326w\" sizes=\"auto, (max-width: 500px) 100vw, 500px\" \/><\/a><\/p>\n<p>Aber Microsoft hat in seinen Ank\u00fcndigungen immer nur vom Datei Explorer gesprochen. Nicht von der gesamten Shell. Es macht ja auch keinen Sinn, Zeit in die alten Funktionen zu stecken, wenn diese eh nach und nach verschwinden und in die Einstellungen integriert werden. Daf\u00fcr ist das System vom Skin her viel zu durcheinander. Es sind noch Elemente von Windows 7 und sogar fr\u00fcher enthalten. Und das wird nun so nach und nach entfernt.<\/p>\n<p>Wer wirklich alles in dunkel haben will, muss auf ein &#8222;Hohes Kontrast&#8220;-Theme oder ein <a href=\"https:\/\/www.deskmodder.de\/phpBB3\/viewtopic.php?f=331&#038;t=18732\" rel=\"noopener\" target=\"_blank\">Third-Party Theme<\/a> umsteigen.<\/p>\n<h3>Windows 10 Tutorials und Hilfe<\/h3>\n<p>In unserem <a href=\"https:\/\/www.deskmodder.de\/wiki\/index.php?title=Kategorie:Windows_10\" rel=\"noopener\" target=\"_blank\">Windows 10 Wiki<\/a> findet ihr sehr viele hilfreiche Tipps und Tricks. Falls ihr Fragen habt, dann stellt diese ganz einfach bei uns im <a href=\"https:\/\/www.deskmodder.de\/phpBB3\/viewforum.php?f=326\" target=\"_blank\" rel=\"noopener\"><strong>Forum<\/strong><\/a>.<\/p>\n<ul>\n<li><strong>Installationsmedien:<\/strong> Aktuelle Installationsdateien findet ihr hier immer in der rechten Sidebar.<\/li>\n<li><strong>Installation:<\/strong>: <a href=\"https:\/\/www.deskmodder.de\/wiki\/index.php?title=Windows_10_clean_neu_installieren\" rel=\"noopener\" target=\"_blank\">Windows 10 Clean installieren<\/a>, <a href=\"https:\/\/www.deskmodder.de\/wiki\/index.php?title=Windows_10_1809_neu_installieren_Tipps_und_Tricks\" rel=\"noopener\" target=\"_blank\">Win 10 1809 neu installieren<\/a>, <a href=\"https:\/\/www.deskmodder.de\/wiki\/index.php?title=Windows_10_1803_17134_neu_installieren_Tipps_und_Tricks\" rel=\"noopener\" target=\"_blank\">Win 10 1803 neu installieren<\/a><\/li>\n<li><strong>Probleme bei der Installation:<\/strong> <a href=\"https:\/\/www.deskmodder.de\/wiki\/index.php?title=Windows_10_1809_bereitet_Probleme_bei_der_Installation_Tipps_und_Tricks\" rel=\"noopener\" target=\"_blank\">Windows 10 1809 Probleme bei der Installation<\/a>, <a href=\"https:\/\/www.deskmodder.de\/wiki\/index.php?title=Windows_10_1803_17134_l%C3%A4sst_sich_nicht_installieren_Tipps_und_Tricks\" rel=\"noopener\" target=\"_blank\">Win 10 1803 l\u00e4sst sich nicht installieren<\/a><\/li>\n<li><strong>Reparaturen:<\/strong> <a href=\"https:\/\/www.deskmodder.de\/wiki\/index.php?title=Inplace_Upgrade_Windows_10_schnell_reparieren\" rel=\"noopener\" target=\"_blank\">Inplace Upgrade Reparatur<\/a>, <a href=\"https:\/\/www.deskmodder.de\/wiki\/index.php?title=Windows_10_reparieren_wiederherstellen_mit_DISM_Inplace_Upgrade_und_vielen_weiteren_Varianten\" rel=\"noopener\" target=\"_blank\">Win 10 reparieren  \u00fcber DISM, sfc und weiteres<\/a>, <a href=\"https:\/\/www.deskmodder.de\/wiki\/index.php?title=Windows_Update_reparieren_Windows_10\" rel=\"noopener\" target=\"_blank\">Windows Update reparieren<\/a>, <a href=\"https:\/\/www.deskmodder.de\/wiki\/index.php?title=Startmen%C3%BC_reparieren_Windows_10\" rel=\"noopener\" target=\"_blank\">Startmen\u00fc reparieren<\/a>, <a href=\"https:\/\/www.deskmodder.de\/wiki\/index.php?title=Apps_reparieren_Windows_10\" rel=\"noopener\" target=\"_blank\">Apps reparieren<\/a>, <a href=\"https:\/\/www.deskmodder.de\/wiki\/index.php?title=Windows_10_Store_reparieren\" rel=\"noopener\" target=\"_blank\">Store reparieren<\/a>, <a href=\"https:\/\/www.deskmodder.de\/wiki\/index.php?title=Netzwerkverbindung_-adapter_reparieren_zur%C3%BCcksetzen_Windows_10\" rel=\"noopener\" target=\"_blank\">Netzwerk reparieren<\/a><\/li>\n<li><strong>Anmeldung:<\/strong> <a href=\"https:\/\/www.deskmodder.de\/wiki\/index.php?title=Windows_10_automatisch_anmelden_ohne_Passworteingabe\" rel=\"noopener\" target=\"_blank\">Win 10 automatische Anmeldung<\/a><\/li>\n<li><strong>Entfernen, Deinstallieren<\/strong>: <a href=\"https:\/\/www.deskmodder.de\/wiki\/index.php?title=Cortana_deaktivieren_Windows_10\" rel=\"noopener\" target=\"_blank\">Cortana deaktivieren,<\/a>  <a href=\"https:\/\/www.deskmodder.de\/wiki\/index.php?title=Windows_10_Apps_entfernen_deinstallieren\" rel=\"noopener\" target=\"_blank\">Apps deinstallieren<\/a><\/li>\n<li><strong>Datei Explorer:<\/strong> <a href=\"https:\/\/www.deskmodder.de\/wiki\/index.php?title=Dieser_PC_Ordner_entfernen_Windows_10\" rel=\"noopener\" target=\"_blank\">Ordner unter Dieser PC entfernen<\/a>, <a href=\"https:\/\/www.deskmodder.de\/wiki\/index.php?title=Datei_Explorer_Windows_10_Netzwerk_Heimnetzgruppe_OneDrive_entfernen\" rel=\"noopener\" target=\"_blank\">Netzwerk, OneDrive u.a. im Explorer entfernen<\/a><\/li>\n<li><strong>Richtige Nutzung:<\/strong> <a href=\"https:\/\/www.deskmodder.de\/wiki\/index.php?title=Das_Windows_10_Startmen%C3%BC_richtig_einrichten_Tipps_und_Tricks\" rel=\"noopener\" target=\"_blank\">Startmen\u00fc richtig nutzen<\/a>, <a href=\"https:\/\/www.deskmodder.de\/wiki\/index.php?title=Die_Suche_in_Windows_10_richtig_nutzen\" rel=\"noopener\" target=\"_blank\">Suche richtig nutzen<\/a>,<\/li>\n<li><strong>Wichtig:<\/strong> In jedem Tutorial steht, f\u00fcr welche Version es geeignet ist.<\/li>\n<\/ul>\n","protected":false},"excerpt":{"rendered":"<p>Nachdem wir in den Apps und Einstellungen den dunklen Modus schon haben, freuen sich viele auf die Windows 10 1809 17763. Denn dort wird auch der Datei Explorer in dunkel erscheinen, wenn man es denn unter Personalisierung -> Farben so&hellip; <\/p>\n","protected":false},"author":134,"featured_media":108690,"comment_status":"open","ping_status":"open","sticky":false,"template":"","format":"standard","meta":{"jetpack_post_was_ever_published":false,"footnotes":"","jetpack_publicize_message":"","jetpack_publicize_feature_enabled":true,"jetpack_social_post_already_shared":true,"jetpack_social_options":{"image_generator_settings":{"template":"highway","default_image_id":0,"font":"","enabled":false},"version":2}},"categories":[2689],"tags":[45852,45853,45854,45159,31146],"class_list":["post-108688","post","type-post","status-publish","format-standard","has-post-thumbnail","hentry","category-windows-10","tag-dunkler-explorer","tag-systemsteuerung-weiter-hell","tag-win-10-dunkler-modus-nicht-ueberall","tag-windows-10-17763","tag-windows-10-1809"],"wp_featured_image":{"id":108690,"alt_text":"","description":"","media_type":"image","media_details":{"width":1326,"height":941,"file":"2018\/09\/systemsteuerung-hell-im-dunklen-modus-windwos-10-1809.jpg","sizes":{"thumbnail":{"file":"systemsteuerung-hell-im-dunklen-modus-windwos-10-1809-289x205.jpg","width":289,"height":205,"mime-type":"image\/jpeg","source_url":"https:\/\/www.deskmodder.de\/blog\/wp-content\/uploads\/2018\/09\/systemsteuerung-hell-im-dunklen-modus-windwos-10-1809-289x205.jpg"},"medium":{"file":"systemsteuerung-hell-im-dunklen-modus-windwos-10-1809-500x355.jpg","width":500,"height":355,"mime-type":"image\/jpeg","source_url":"https:\/\/www.deskmodder.de\/blog\/wp-content\/uploads\/2018\/09\/systemsteuerung-hell-im-dunklen-modus-windwos-10-1809-500x355.jpg"},"large":{"file":"systemsteuerung-hell-im-dunklen-modus-windwos-10-1809-810x575.jpg","width":810,"height":575,"mime-type":"image\/jpeg","source_url":"https:\/\/www.deskmodder.de\/blog\/wp-content\/uploads\/2018\/09\/systemsteuerung-hell-im-dunklen-modus-windwos-10-1809-810x575.jpg"},"wp_review_large":{"file":"systemsteuerung-hell-im-dunklen-modus-windwos-10-1809-320x200.jpg","width":320,"height":200,"mime-type":"image\/jpeg","source_url":"https:\/\/www.deskmodder.de\/blog\/wp-content\/uploads\/2018\/09\/systemsteuerung-hell-im-dunklen-modus-windwos-10-1809-320x200.jpg"},"wp_review_small":{"file":"systemsteuerung-hell-im-dunklen-modus-windwos-10-1809-65x65.jpg","width":65,"height":65,"mime-type":"image\/jpeg","source_url":"https:\/\/www.deskmodder.de\/blog\/wp-content\/uploads\/2018\/09\/systemsteuerung-hell-im-dunklen-modus-windwos-10-1809-65x65.jpg"},"blog-large":{"file":"systemsteuerung-hell-im-dunklen-modus-windwos-10-1809-642x300.jpg","width":642,"height":300,"mime-type":"image\/jpeg","source_url":"https:\/\/www.deskmodder.de\/blog\/wp-content\/uploads\/2018\/09\/systemsteuerung-hell-im-dunklen-modus-windwos-10-1809-642x300.jpg"},"blog-medium":{"file":"systemsteuerung-hell-im-dunklen-modus-windwos-10-1809-306x205.jpg","width":306,"height":205,"mime-type":"image\/jpeg","source_url":"https:\/\/www.deskmodder.de\/blog\/wp-content\/uploads\/2018\/09\/systemsteuerung-hell-im-dunklen-modus-windwos-10-1809-306x205.jpg"},"recent-thumb":{"file":"systemsteuerung-hell-im-dunklen-modus-windwos-10-1809-350x316.jpg","width":350,"height":316,"mime-type":"image\/jpeg","source_url":"https:\/\/www.deskmodder.de\/blog\/wp-content\/uploads\/2018\/09\/systemsteuerung-hell-im-dunklen-modus-windwos-10-1809-350x316.jpg"},"service-featured":{"file":"systemsteuerung-hell-im-dunklen-modus-windwos-10-1809-600x330.jpg","width":600,"height":330,"mime-type":"image\/jpeg","source_url":"https:\/\/www.deskmodder.de\/blog\/wp-content\/uploads\/2018\/09\/systemsteuerung-hell-im-dunklen-modus-windwos-10-1809-600x330.jpg"},"wp_rp_thumbnail":{"file":"systemsteuerung-hell-im-dunklen-modus-windwos-10-1809-150x150.jpg","width":150,"height":150,"mime-type":"image\/jpeg","source_url":"https:\/\/www.deskmodder.de\/blog\/wp-content\/uploads\/2018\/09\/systemsteuerung-hell-im-dunklen-modus-windwos-10-1809-150x150.jpg"}},"image_meta":{"aperture":"0","credit":"","camera":"","caption":"","created_timestamp":"0","copyright":"","focal_length":"0","iso":"0","shutter_speed":"0","title":"","orientation":"0","keywords":[]}},"post":108688,"source_url":"https:\/\/www.deskmodder.de\/blog\/wp-content\/uploads\/2018\/09\/systemsteuerung-hell-im-dunklen-modus-windwos-10-1809.jpg"},"commentcount":48,"wp_comments":[{"id":83144,"parent":0,"author":2151,"author_name":"Uwe_G","author_email":"kd2006@kabelmail.de","author_url":"","author_avatar_urls":{"24":"https:\/\/secure.gravatar.com\/avatar\/e58e5e17c253f832a50c14f8a09e54a4d989453b982526127ccb5abc67817ef9?s=24&d=mm&r=g","48":"https:\/\/secure.gravatar.com\/avatar\/e58e5e17c253f832a50c14f8a09e54a4d989453b982526127ccb5abc67817ef9?s=48&d=mm&r=g","96":"https:\/\/secure.gravatar.com\/avatar\/e58e5e17c253f832a50c14f8a09e54a4d989453b982526127ccb5abc67817ef9?s=96&d=mm&r=g"},"date":"2018-09-29T10:54:19","cld_nonce":"173fc99a75","content":{"rendered":"<p>Sch\u00f6n w\u00e4re es, wenn man die Farben selber aussuchen k\u00f6nnte.<br \/>\nEin dunkles\/helles Grau mit wei\u00dfer oder schwarzer Schrift, das w\u00e4re herrlich.<\/p>\n"},"status":"1"},{"id":83148,"parent":0,"author":4375,"author_name":"ll_h_a_r_r_y_ll","author_email":"ll_h_a_r_r_y_ll@yahoo.de","author_url":"","author_avatar_urls":{"24":"https:\/\/secure.gravatar.com\/avatar\/02ecb39f583fabf6bba0ecdc8418f5da5fb9ddbd9467349ef5678fa92024e098?s=24&d=mm&r=g","48":"https:\/\/secure.gravatar.com\/avatar\/02ecb39f583fabf6bba0ecdc8418f5da5fb9ddbd9467349ef5678fa92024e098?s=48&d=mm&r=g","96":"https:\/\/secure.gravatar.com\/avatar\/02ecb39f583fabf6bba0ecdc8418f5da5fb9ddbd9467349ef5678fa92024e098?s=96&d=mm&r=g"},"date":"2018-09-29T12:31:20","cld_nonce":"173fc99a75","content":{"rendered":"<p>Finde das auch etwas halbherzig umgesetzt.<\/p>\n<p>Bei meiner Installation seit 1703 habe ich im dunklen Explorer nun das Problem, dass beim aus der Taskleiste holen st\u00e4ndig ein &#8218;blitzen&#8216; von dem alten weiss zu sehen ist. Mal auf doof einen Wechsel in den Farben (hell\/dunkel) hilft auch nicht. Das nervt mich.<\/p>\n<p>Schalte ich die visuellen Effekte an kann ich den Fehler nicht nachvollziehen (bringt mir aber auch nicht viel), weil in meinem Fall mit drei Monitoren das Fenster auf Monitor Nr.1 verschwindet (quer nach recht unten &amp; das nervt noch mehr). Leider ist mein Hauptmonitor laut &#8218;Windoof&#8216; aber die Nr.2. und eine eigene Nummerierung ist nicht vorgesehen. Also alles Bullshit.<\/p>\n<p>In der virtuellen Maschine ist beim frisch aufgesetzten 1809 alles OK, mit oder ohne visuelle Effekte. Kein &#8218;geblitze&#8216;.<\/p>\n"},"status":"1"},{"id":83149,"parent":83148,"author":4418,"author_name":"Manny","author_email":"bluediversion63@hotmail.de","author_url":"","author_avatar_urls":{"24":"https:\/\/secure.gravatar.com\/avatar\/4df3fc4a774b00d7ea170af066c29586b73adb8f28bbf23cfbfccfadd55d8136?s=24&d=mm&r=g","48":"https:\/\/secure.gravatar.com\/avatar\/4df3fc4a774b00d7ea170af066c29586b73adb8f28bbf23cfbfccfadd55d8136?s=48&d=mm&r=g","96":"https:\/\/secure.gravatar.com\/avatar\/4df3fc4a774b00d7ea170af066c29586b73adb8f28bbf23cfbfccfadd55d8136?s=96&d=mm&r=g"},"date":"2018-09-29T12:47:32","cld_nonce":"173fc99a75","content":{"rendered":"<p>naja, &#8222;perfekt&#8220; umgesetzt ist das ganze noch nicht &#8211; hast du bei deinen mehreren Monitoren denn auch schon mal versucht 1. die Reihenfolge der Anschl\u00fcsse zu \u00e4ndern und 2. in den Einstellungen &#8222;Position&#8220; und oder Hauptmonitor zu \u00e4ndern \/ wechseln ?<\/p>\n"},"status":"1"},{"id":83150,"parent":0,"author":0,"author_name":"Handverlesener Qualit\u00e4tsmischling","author_email":"qualitaetsmischling@digital-filestore.de","author_url":"","author_avatar_urls":{"24":"https:\/\/secure.gravatar.com\/avatar\/f2b5d83602387226e44a0c634d4b663b2e08064be34819b08aaafbc7988280a5?s=24&d=mm&r=g","48":"https:\/\/secure.gravatar.com\/avatar\/f2b5d83602387226e44a0c634d4b663b2e08064be34819b08aaafbc7988280a5?s=48&d=mm&r=g","96":"https:\/\/secure.gravatar.com\/avatar\/f2b5d83602387226e44a0c634d4b663b2e08064be34819b08aaafbc7988280a5?s=96&d=mm&r=g"},"date":"2018-09-29T13:05:37","cld_nonce":"173fc99a75","content":{"rendered":"<p>&lt;&gt;<\/p>\n<p>Das sagt doch eigentlich alles \u00fcber dieses &#8222;System&#8220; . Einfach nur \u00fcbel.<\/p>\n"},"status":"1"},{"id":83151,"parent":83150,"author":0,"author_name":"Handverlesener Qualit\u00e4tsmischling","author_email":"qualitaetsmischling@digital-filestore.de","author_url":"","author_avatar_urls":{"24":"https:\/\/secure.gravatar.com\/avatar\/f2b5d83602387226e44a0c634d4b663b2e08064be34819b08aaafbc7988280a5?s=24&d=mm&r=g","48":"https:\/\/secure.gravatar.com\/avatar\/f2b5d83602387226e44a0c634d4b663b2e08064be34819b08aaafbc7988280a5?s=48&d=mm&r=g","96":"https:\/\/secure.gravatar.com\/avatar\/f2b5d83602387226e44a0c634d4b663b2e08064be34819b08aaafbc7988280a5?s=96&d=mm&r=g"},"date":"2018-09-29T13:07:48","cld_nonce":"173fc99a75","content":{"rendered":"<p>&#8230;ups, Zitat weg:<\/p>\n<p>&#8222;Daf\u00fcr ist das System vom Skin her viel zu durcheinander. Es sind noch Elemente von Windows 7 und sogar fr\u00fcher enthalten.&#8220;<\/p>\n"},"status":"1"},{"id":83152,"parent":0,"author":0,"author_name":"bruhhh","author_email":"bruhhh@web.de","author_url":"","author_avatar_urls":{"24":"https:\/\/secure.gravatar.com\/avatar\/a3137bcfa346b6c24c51714c861dc3e4465f74042217fe0738aa08941073e18e?s=24&d=mm&r=g","48":"https:\/\/secure.gravatar.com\/avatar\/a3137bcfa346b6c24c51714c861dc3e4465f74042217fe0738aa08941073e18e?s=48&d=mm&r=g","96":"https:\/\/secure.gravatar.com\/avatar\/a3137bcfa346b6c24c51714c861dc3e4465f74042217fe0738aa08941073e18e?s=96&d=mm&r=g"},"date":"2018-09-29T13:09:56","cld_nonce":"173fc99a75","content":{"rendered":"<p>schwache leistung von microsoft<\/p>\n<p>Mann muss leider zugeben dass Apple das wirklich 10 mal besser kann..<\/p>\n<p>Bin mir nicht mal sicher ob Microsoft \u00fcberhaupt was getan h\u00e4tte wenn Apple nicht mit ihrem Dark Mode Druck gemacht h\u00e4tten..<\/p>\n"},"status":"1"},{"id":83153,"parent":83149,"author":4375,"author_name":"ll_h_a_r_r_y_ll","author_email":"ll_h_a_r_r_y_ll@yahoo.de","author_url":"","author_avatar_urls":{"24":"https:\/\/secure.gravatar.com\/avatar\/02ecb39f583fabf6bba0ecdc8418f5da5fb9ddbd9467349ef5678fa92024e098?s=24&d=mm&r=g","48":"https:\/\/secure.gravatar.com\/avatar\/02ecb39f583fabf6bba0ecdc8418f5da5fb9ddbd9467349ef5678fa92024e098?s=48&d=mm&r=g","96":"https:\/\/secure.gravatar.com\/avatar\/02ecb39f583fabf6bba0ecdc8418f5da5fb9ddbd9467349ef5678fa92024e098?s=96&d=mm&r=g"},"date":"2018-09-29T13:11:11","cld_nonce":"173fc99a75","content":{"rendered":"<p>Keine Chance. Postion \u00e4ndern ist ja nicht das Problem. Ich kann die anordenen wie ich will &amp; das geht auch. Ich m\u00f6chte ja &#8217;nur&#8216; meinem Hauptmonitor Die Nr.1 &#8218;fest&#8216; zuweisen k\u00f6nnen &amp; genau das geht nicht. Und Anschl\u00fcsse \u00e4ndern bringt generell nicht, weil Windows da macht was es f\u00fcr richtig h\u00e4lt.<\/p>\n<p>Ich hatte das fr\u00fcher auch schonmal anders bzw. richtig in Win7. Aber da hatte ich einfach nur Dusel.<\/p>\n"},"status":"1"},{"id":83157,"parent":0,"author":0,"author_name":"Mickel","author_email":"pi@com.com","author_url":"","author_avatar_urls":{"24":"https:\/\/secure.gravatar.com\/avatar\/40df68ffbbada0549903f8b0d471e1a2f2e01f7e1aaa9abe6576cd3379d56336?s=24&d=mm&r=g","48":"https:\/\/secure.gravatar.com\/avatar\/40df68ffbbada0549903f8b0d471e1a2f2e01f7e1aaa9abe6576cd3379d56336?s=48&d=mm&r=g","96":"https:\/\/secure.gravatar.com\/avatar\/40df68ffbbada0549903f8b0d471e1a2f2e01f7e1aaa9abe6576cd3379d56336?s=96&d=mm&r=g"},"date":"2018-09-29T14:04:33","cld_nonce":"173fc99a75","content":{"rendered":"<p>So lange nicht systemweit anzuwenden, f\u00fcr mich uninteressant.<\/p>\n"},"status":"1"},{"id":83169,"parent":0,"author":2177,"author_name":"Der Puritaner","author_email":"der-puritaner@gmx.net","author_url":"","author_avatar_urls":{"24":"https:\/\/secure.gravatar.com\/avatar\/9d6937f93cc6173813be361c8e62fc8d6bdd38aec327224eb7bf45bfc3f61600?s=24&d=mm&r=g","48":"https:\/\/secure.gravatar.com\/avatar\/9d6937f93cc6173813be361c8e62fc8d6bdd38aec327224eb7bf45bfc3f61600?s=48&d=mm&r=g","96":"https:\/\/secure.gravatar.com\/avatar\/9d6937f93cc6173813be361c8e62fc8d6bdd38aec327224eb7bf45bfc3f61600?s=96&d=mm&r=g"},"date":"2018-09-29T15:24:22","cld_nonce":"173fc99a75","content":{"rendered":"<p>Wer es wirklich ganz Dunkel Haben will l\u00e4sst die Jalousie herunter, schaltet das Licht aus und setzt die Sonnenbrille auf, wenn dem dann noch irgendwas zu hell ist schaltet noch den Bildschirm aus.<\/p>\n"},"status":"1"},{"id":83174,"parent":83169,"author":0,"author_name":"bruhhh","author_email":"bruhhh@web.de","author_url":"","author_avatar_urls":{"24":"https:\/\/secure.gravatar.com\/avatar\/a3137bcfa346b6c24c51714c861dc3e4465f74042217fe0738aa08941073e18e?s=24&d=mm&r=g","48":"https:\/\/secure.gravatar.com\/avatar\/a3137bcfa346b6c24c51714c861dc3e4465f74042217fe0738aa08941073e18e?s=48&d=mm&r=g","96":"https:\/\/secure.gravatar.com\/avatar\/a3137bcfa346b6c24c51714c861dc3e4465f74042217fe0738aa08941073e18e?s=96&d=mm&r=g"},"date":"2018-09-29T16:28:13","cld_nonce":"173fc99a75","content":{"rendered":"<p>jo oder man erlaubt dem Nutzer einfach selbst die Farben bzw. Hex Codes zu w\u00e4hlen..<\/p>\n"},"status":"1"},{"id":83175,"parent":83169,"author":4418,"author_name":"Manny","author_email":"bluediversion63@hotmail.de","author_url":"","author_avatar_urls":{"24":"https:\/\/secure.gravatar.com\/avatar\/4df3fc4a774b00d7ea170af066c29586b73adb8f28bbf23cfbfccfadd55d8136?s=24&d=mm&r=g","48":"https:\/\/secure.gravatar.com\/avatar\/4df3fc4a774b00d7ea170af066c29586b73adb8f28bbf23cfbfccfadd55d8136?s=48&d=mm&r=g","96":"https:\/\/secure.gravatar.com\/avatar\/4df3fc4a774b00d7ea170af066c29586b73adb8f28bbf23cfbfccfadd55d8136?s=96&d=mm&r=g"},"date":"2018-09-29T16:30:52","cld_nonce":"173fc99a75","content":{"rendered":"<p>und wem das dann noch zu hell ist schaltet den Rechner ganz aus &#8211; <b>das spart dann auch am meisten Energie<\/b> <img src=\"https:\/\/www.deskmodder.de\/blog\/wp-content\/plugins\/classic-smilies\/img\/icon_biggrin.gif\" alt=\":D\" class=\"wp-smiley\" \/><\/p>\n"},"status":"1"},{"id":83176,"parent":83152,"author":0,"author_name":"bruhhh","author_email":"bruhhh@web.de","author_url":"","author_avatar_urls":{"24":"https:\/\/secure.gravatar.com\/avatar\/a3137bcfa346b6c24c51714c861dc3e4465f74042217fe0738aa08941073e18e?s=24&d=mm&r=g","48":"https:\/\/secure.gravatar.com\/avatar\/a3137bcfa346b6c24c51714c861dc3e4465f74042217fe0738aa08941073e18e?s=48&d=mm&r=g","96":"https:\/\/secure.gravatar.com\/avatar\/a3137bcfa346b6c24c51714c861dc3e4465f74042217fe0738aa08941073e18e?s=96&d=mm&r=g"},"date":"2018-09-29T16:32:42","cld_nonce":"173fc99a75","content":{"rendered":"<p><a href=\"https:\/\/www.onmsft.com\/news\/sorry-microsoft-but-apple-just-showed-how-to-do-dark-theme-right\" rel=\"nofollow ugc\">https:\/\/www.onmsft.com\/news\/sorry-microsoft-but-apple-just-showed-how-to-do-dark-theme-right<\/a><\/p>\n<p>echt traurig dass microsoft so hinterher hinkt<\/p>\n"},"status":"1"},{"id":83178,"parent":0,"author":0,"author_name":"Nathan","author_email":"tullys@hotmail.com","author_url":"","author_avatar_urls":{"24":"https:\/\/secure.gravatar.com\/avatar\/d7cd90768e8e65220ac84355fc90fc7a29d47924ce369552717b1e2e058e7f06?s=24&d=mm&r=g","48":"https:\/\/secure.gravatar.com\/avatar\/d7cd90768e8e65220ac84355fc90fc7a29d47924ce369552717b1e2e058e7f06?s=48&d=mm&r=g","96":"https:\/\/secure.gravatar.com\/avatar\/d7cd90768e8e65220ac84355fc90fc7a29d47924ce369552717b1e2e058e7f06?s=96&d=mm&r=g"},"date":"2018-09-29T16:34:31","cld_nonce":"173fc99a75","content":{"rendered":"<p>Ich wuerde es gerne nutzen, aber mir ist der Kontrast von dunkel zum blendend weissen Teil zu krass.<br \/>\nWaere der weissgrau oder aehnlich, dann waers viel angenehmer fuer die Augen.<br \/>\nAber so leider nichts fuer mich.<\/p>\n"},"status":"1"},{"id":83182,"parent":83175,"author":0,"author_name":"Robby","author_email":"Robert.Mann@online.de","author_url":"","author_avatar_urls":{"24":"https:\/\/secure.gravatar.com\/avatar\/badf0f51edb644a692684e4b3fb08fc46c0399110077f716704226a8af70152b?s=24&d=mm&r=g","48":"https:\/\/secure.gravatar.com\/avatar\/badf0f51edb644a692684e4b3fb08fc46c0399110077f716704226a8af70152b?s=48&d=mm&r=g","96":"https:\/\/secure.gravatar.com\/avatar\/badf0f51edb644a692684e4b3fb08fc46c0399110077f716704226a8af70152b?s=96&d=mm&r=g"},"date":"2018-09-29T17:13:50","cld_nonce":"173fc99a75","content":{"rendered":"<p>: P : P : P<\/p>\n"},"status":"1"},{"id":83183,"parent":0,"author":0,"author_name":"W\u00f6lfi","author_email":"freyer_wolfgang@web.de","author_url":"","author_avatar_urls":{"24":"https:\/\/secure.gravatar.com\/avatar\/84dbde6d2957d368be0b93f58278d73c56f8c7cdaf71f906016fb79cc88e5153?s=24&d=mm&r=g","48":"https:\/\/secure.gravatar.com\/avatar\/84dbde6d2957d368be0b93f58278d73c56f8c7cdaf71f906016fb79cc88e5153?s=48&d=mm&r=g","96":"https:\/\/secure.gravatar.com\/avatar\/84dbde6d2957d368be0b93f58278d73c56f8c7cdaf71f906016fb79cc88e5153?s=96&d=mm&r=g"},"date":"2018-09-29T17:36:16","cld_nonce":"173fc99a75","content":{"rendered":"<p>Ich m\u00f6chte meinen &#8222;Senf&#8220; auch noch dazu &#8222;sagen&#8220;:<\/p>\n<p>Meint ihr, dass duch andere Farben (dunkel, weil Apple es wohl so macht), Windows besser l\u00e4uft? Ich bin der Meinung, dass W10 von Anfang an nicht richtig fertiggestellt und durchdacht war. <\/p>\n<p>Warum gibt es so viele alte Dinge noch (alte Systemsteuerung, &#8230;)? Es sollte auch W10 endlich mal richtig (nur!) in 64 Bit arbeiten und nicht viel zu viel 32 Bit Zeug enthalten. Wozu gibt es zwei verschiedene Versionen, ich meine eine 32 Bit-Variante und eine 64 Bit -Variante? Das ist doch viel wichtiger als das \u00c4u\u00dfere.<\/p>\n<p>Dann sollten ALLE Einstellungen an einem Ort untergebracht werden &#8211; nicht dass man ersteinmal \u00fcberlegen muss &#8222;wo war diese &#8230; denn wieder&#8220;. Ich habe das Skript, das hier mal ver\u00f6ffentlicht wurde, drauf &#8211; darin sind aber auch nicht alle Einstellungen vorhanden.<\/p>\n"},"status":"1"},{"id":83184,"parent":83183,"author":0,"author_name":"Alex","author_email":"bvb09fan1986@gmail.com","author_url":"","author_avatar_urls":{"24":"https:\/\/secure.gravatar.com\/avatar\/620f4b5d3f26efc97a42fcac0c4fa0e3052773766d2602f2d24bf18988a99048?s=24&d=mm&r=g","48":"https:\/\/secure.gravatar.com\/avatar\/620f4b5d3f26efc97a42fcac0c4fa0e3052773766d2602f2d24bf18988a99048?s=48&d=mm&r=g","96":"https:\/\/secure.gravatar.com\/avatar\/620f4b5d3f26efc97a42fcac0c4fa0e3052773766d2602f2d24bf18988a99048?s=96&d=mm&r=g"},"date":"2018-09-29T17:47:36","cld_nonce":"173fc99a75","content":{"rendered":"<p>Seit der ersten Version von Windows 10, arbeitet Microsoft daran, die Systemsteuerung in die neuen Einstellungen einzubauen. Wenn du mal vergleichst, wie die Systemsteuerung noch in der ersten Version aussah und nun unter aktuellen, dann siehst du wie wenige Eintr\u00e4ge noch dort vorhanden sind. Das wurde aber auch schon sehr oft hier erkl\u00e4rt warum das nicht von jetzt auf gleich umgesetzt werden kann.<\/p>\n"},"status":"1"},{"id":83185,"parent":0,"author":0,"author_name":"Alex","author_email":"bvb09fan1986@gmail.com","author_url":"","author_avatar_urls":{"24":"https:\/\/secure.gravatar.com\/avatar\/620f4b5d3f26efc97a42fcac0c4fa0e3052773766d2602f2d24bf18988a99048?s=24&d=mm&r=g","48":"https:\/\/secure.gravatar.com\/avatar\/620f4b5d3f26efc97a42fcac0c4fa0e3052773766d2602f2d24bf18988a99048?s=48&d=mm&r=g","96":"https:\/\/secure.gravatar.com\/avatar\/620f4b5d3f26efc97a42fcac0c4fa0e3052773766d2602f2d24bf18988a99048?s=96&d=mm&r=g"},"date":"2018-09-29T17:53:32","cld_nonce":"173fc99a75","content":{"rendered":"<p>Man kann es auch nicht so einfach vergleichen. Apple bietet nicht so viele Funktionen wie Microsoft. Wenn Windows so aufgebaut w\u00e4re wie MacOS, dann h\u00e4tten wir schon vor 10 Jahren ein dunkles Design.<\/p>\n<p>Au\u00dferdem wird bei reddit, wie hier schon geschrieben, zu 90% nur die alte Systemsteuerung gezeigt und verglichen. Ist wieder nur ein gefundenes Fressen ohne wirklich sich zu Informieren. (Meine dabei Reddit).<\/p>\n"},"status":"1"},{"id":83186,"parent":0,"author":0,"author_name":"Peter Busch","author_email":"pbuschjoh@colliganet.de","author_url":"","author_avatar_urls":{"24":"https:\/\/secure.gravatar.com\/avatar\/33006cf1b96df9cce191d9d9b3f89470c4767cd22e98f980da49eb9fa17e3c84?s=24&d=mm&r=g","48":"https:\/\/secure.gravatar.com\/avatar\/33006cf1b96df9cce191d9d9b3f89470c4767cd22e98f980da49eb9fa17e3c84?s=48&d=mm&r=g","96":"https:\/\/secure.gravatar.com\/avatar\/33006cf1b96df9cce191d9d9b3f89470c4767cd22e98f980da49eb9fa17e3c84?s=96&d=mm&r=g"},"date":"2018-09-29T17:53:37","cld_nonce":"173fc99a75","content":{"rendered":"<p>Ich finde die Umsetzung im Dateiexplorer auch ganz furchtbar. \u00c4ltere Teile (alte Systemsteuerung) sind fast nicht lesbar. Bei Office sind doch auch Anpassungen m\u00f6glich, Corel kann das auch schon seit mehreren Versionen. Da muss sich MS schon noch mal auf die Schulbank setzen.<br \/>\nWenn schon nicht freie Farbauswahl dann doch bitte Abschaltbarkeit f\u00fcr einzelne Bereiche.<\/p>\n"},"status":"1"},{"id":83187,"parent":83176,"author":0,"author_name":"Alex","author_email":"bvb09fan1986@gmail.com","author_url":"","author_avatar_urls":{"24":"https:\/\/secure.gravatar.com\/avatar\/620f4b5d3f26efc97a42fcac0c4fa0e3052773766d2602f2d24bf18988a99048?s=24&d=mm&r=g","48":"https:\/\/secure.gravatar.com\/avatar\/620f4b5d3f26efc97a42fcac0c4fa0e3052773766d2602f2d24bf18988a99048?s=48&d=mm&r=g","96":"https:\/\/secure.gravatar.com\/avatar\/620f4b5d3f26efc97a42fcac0c4fa0e3052773766d2602f2d24bf18988a99048?s=96&d=mm&r=g"},"date":"2018-09-29T18:15:14","cld_nonce":"173fc99a75","content":{"rendered":"<p>Oh Gott sieht das dunkle Theme bei Apple furchtbar aus. Kein Wunder, dass Apple sehr weit hinterher hinkt.<\/p>\n"},"status":"1"},{"id":83189,"parent":83184,"author":4418,"author_name":"Manny","author_email":"bluediversion63@hotmail.de","author_url":"","author_avatar_urls":{"24":"https:\/\/secure.gravatar.com\/avatar\/4df3fc4a774b00d7ea170af066c29586b73adb8f28bbf23cfbfccfadd55d8136?s=24&d=mm&r=g","48":"https:\/\/secure.gravatar.com\/avatar\/4df3fc4a774b00d7ea170af066c29586b73adb8f28bbf23cfbfccfadd55d8136?s=48&d=mm&r=g","96":"https:\/\/secure.gravatar.com\/avatar\/4df3fc4a774b00d7ea170af066c29586b73adb8f28bbf23cfbfccfadd55d8136?s=96&d=mm&r=g"},"date":"2018-09-29T18:33:11","cld_nonce":"173fc99a75","content":{"rendered":"<p>Wie hei\u00dft der Spruch ?? &#8211; &#8222;Nicht meckern, sondern besser \/ schneller machen &#8220; <img src=\"https:\/\/www.deskmodder.de\/blog\/wp-content\/plugins\/classic-smilies\/img\/icon_biggrin.gif\" alt=\":D\" class=\"wp-smiley\" \/><\/p>\n<p>und @W\u00f6lfi &#8211; Windows ist KEIN &#8222;eigenst\u00e4ndiges in sich abgeschlossenes Betriebssystem&#8220; &#8211; denke das du den Ausdruck &#8222;Windows at a Service&#8220;<br \/>\n ( oder so \u00e4hnlich) schon mal geh\u00f6rt \/ gelesen hast &#8211; also KANN Windows NIE fertig werden da es immer weiter entwickelt wird<\/p>\n"},"status":"1"},{"id":83191,"parent":83186,"author":3691,"author_name":"mcbloch","author_email":"mcbloch@web.de","author_url":"","author_avatar_urls":{"24":"https:\/\/secure.gravatar.com\/avatar\/ff56e36a86e27ca9b7f00d90ece55ce3560732b7ead29c75c854c74c7cea7b4b?s=24&d=mm&r=g","48":"https:\/\/secure.gravatar.com\/avatar\/ff56e36a86e27ca9b7f00d90ece55ce3560732b7ead29c75c854c74c7cea7b4b?s=48&d=mm&r=g","96":"https:\/\/secure.gravatar.com\/avatar\/ff56e36a86e27ca9b7f00d90ece55ce3560732b7ead29c75c854c74c7cea7b4b?s=96&d=mm&r=g"},"date":"2018-09-29T19:11:55","cld_nonce":"173fc99a75","content":{"rendered":"<p>\u00c4ltere Teile (alte Systemsteuerung) sind fast nicht lesbar<br \/>\nGib mal ein Beispiel.<\/p>\n"},"status":"1"},{"id":83197,"parent":83153,"author":0,"author_name":"Herr Hugo","author_email":"hugohilter@t-online.de","author_url":"","author_avatar_urls":{"24":"https:\/\/secure.gravatar.com\/avatar\/dc5176746c873787fa3f8df5f9bdfbd2f7688721f771100eb4d7b4e82e2d655b?s=24&d=mm&r=g","48":"https:\/\/secure.gravatar.com\/avatar\/dc5176746c873787fa3f8df5f9bdfbd2f7688721f771100eb4d7b4e82e2d655b?s=48&d=mm&r=g","96":"https:\/\/secure.gravatar.com\/avatar\/dc5176746c873787fa3f8df5f9bdfbd2f7688721f771100eb4d7b4e82e2d655b?s=96&d=mm&r=g"},"date":"2018-09-29T21:14:51","cld_nonce":"173fc99a75","content":{"rendered":"<p>@ll_h_a_r_r_y_ll &#8211; ich hasse Unterstriche, bin aber trotzdem hilfsbereit (grins). Weil mir \u00e4hnliches passiert (in Win7):<\/p>\n<p>&#8211; 3 Monitore &gt; links &gt; mitte &gt; rechts m\u00fc\u00dfte 1-2-3 sein, ist aber 1-3-2<\/p>\n<p>&#8211; das kann ich so auch nicht \u00e4ndern, sonst geht die Maus nicht &#8222;durch&#8220; von links nach rechts. Was ich so gelesen und mich erkundigt habe, k\u00f6nnte das an den Ausg\u00e4ngen  der Graka liegen, weil Win wohl priorisiert:<\/p>\n<p>Displayport &gt; HDMI &gt; DVI &#8211; bei mir aber Displayport &gt; DVI &gt; HDMI angeschlossen ist. hatte ich gemacht schlicht wegen der Kabell\u00e4nge: HDMI-Kabel war lang genug, DVI-Kabel zu kurz zum 3. Monitor.<\/p>\n<p>Wenn ein neuer Rechner kommt, besorge ich mir auch die entsprechenden Kabel um es &#8222;richtig&#8220; zu versuchen. K\u00f6nnte ich nat\u00fcrlich jetzt auch (so teuer ist ein 3 m DVI nun nicht), ich bin aber schlich zu faul dazu. : mrgreen:<\/p>\n"},"status":"1"},{"id":83198,"parent":83153,"author":4418,"author_name":"Manny","author_email":"bluediversion63@hotmail.de","author_url":"","author_avatar_urls":{"24":"https:\/\/secure.gravatar.com\/avatar\/4df3fc4a774b00d7ea170af066c29586b73adb8f28bbf23cfbfccfadd55d8136?s=24&d=mm&r=g","48":"https:\/\/secure.gravatar.com\/avatar\/4df3fc4a774b00d7ea170af066c29586b73adb8f28bbf23cfbfccfadd55d8136?s=48&d=mm&r=g","96":"https:\/\/secure.gravatar.com\/avatar\/4df3fc4a774b00d7ea170af066c29586b73adb8f28bbf23cfbfccfadd55d8136?s=96&d=mm&r=g"},"date":"2018-09-29T21:31:05","cld_nonce":"173fc99a75","content":{"rendered":"<p>@Herr Hugo<\/p>\n<p>&#8222;&#8230;ich hasse Unterstriche&#8230;&#8220;  &#8211; Name einfach markieren &#8211; STRG-C und dann STR-V &#8211; das &#8222;spart&#8220; die Unterstriche (zu tippen)  <img src=\"https:\/\/www.deskmodder.de\/blog\/wp-content\/plugins\/classic-smilies\/img\/icon_biggrin.gif\" alt=\":D\" class=\"wp-smiley\" \/><\/p>\n"},"status":"1"},{"id":83203,"parent":83191,"author":0,"author_name":"pakebuschr","author_email":"andy.pakebusch@googlemail.com","author_url":"","author_avatar_urls":{"24":"https:\/\/secure.gravatar.com\/avatar\/07f4d670be78a31324c1eea62577b3c77f0e246ab4e42721f50aad146d79c056?s=24&d=mm&r=g","48":"https:\/\/secure.gravatar.com\/avatar\/07f4d670be78a31324c1eea62577b3c77f0e246ab4e42721f50aad146d79c056?s=48&d=mm&r=g","96":"https:\/\/secure.gravatar.com\/avatar\/07f4d670be78a31324c1eea62577b3c77f0e246ab4e42721f50aad146d79c056?s=96&d=mm&r=g"},"date":"2018-09-29T23:38:19","cld_nonce":"173fc99a75","content":{"rendered":"<p>Wenn man vom dunklen Explorer in die Systemsteuerung wechselt und &#8222;Programme und Features&#8220; aufruft (bzw. dem Link in den Einstellungen folgt) hat man Schwaze Schrift auf dunklem Hintergrund.<\/p>\n<p>&#8211; ist mir aber auch gerade erst aufgefallen, ist ein Bug, wenn man die Systemsteuerung direkt aufruft und dort hingeht ist das nicht der Fall.<br \/>\n&#8211; allerdings ist das auch schon l\u00e4ngst in die Einstellungen gewandert und wird in der Systemsteuerung eigentlich nicht mehr gebraucht.<\/p>\n"},"status":"1"},{"id":83204,"parent":83203,"author":0,"author_name":"pakebuschr","author_email":"andy.pakebusch@googlemail.com","author_url":"","author_avatar_urls":{"24":"https:\/\/secure.gravatar.com\/avatar\/07f4d670be78a31324c1eea62577b3c77f0e246ab4e42721f50aad146d79c056?s=24&d=mm&r=g","48":"https:\/\/secure.gravatar.com\/avatar\/07f4d670be78a31324c1eea62577b3c77f0e246ab4e42721f50aad146d79c056?s=48&d=mm&r=g","96":"https:\/\/secure.gravatar.com\/avatar\/07f4d670be78a31324c1eea62577b3c77f0e246ab4e42721f50aad146d79c056?s=96&d=mm&r=g"},"date":"2018-09-29T23:42:44","cld_nonce":"173fc99a75","content":{"rendered":"<p>Edit: \u00fcber den Link in den Einstellungen geht es korrekt, hatte nur noch das Fenster offen.<\/p>\n"},"status":"1"},{"id":83205,"parent":0,"author":0,"author_name":"Ronny","author_email":"ronny.behncke@web.de","author_url":"","author_avatar_urls":{"24":"https:\/\/secure.gravatar.com\/avatar\/1d3378f185d1d2c366554ef89a6a190ef0d2e8262a342495157e3c101578db98?s=24&d=mm&r=g","48":"https:\/\/secure.gravatar.com\/avatar\/1d3378f185d1d2c366554ef89a6a190ef0d2e8262a342495157e3c101578db98?s=48&d=mm&r=g","96":"https:\/\/secure.gravatar.com\/avatar\/1d3378f185d1d2c366554ef89a6a190ef0d2e8262a342495157e3c101578db98?s=96&d=mm&r=g"},"date":"2018-09-30T00:12:46","cld_nonce":"173fc99a75","content":{"rendered":"<p>Hallo,<\/p>\n<p>das Sch\u00f6nste von Microsoft w\u00e4re gewesen, egal welche Version man zu laufen hat, dass ohne zus\u00e4tzlichen Tools alle bisherigen Designs (Themes) ausw\u00e4hlbar w\u00e4ren.<\/p>\n<p>Bei Windows XP hat es auch wunderbar geklappt.<\/p>\n<p>Warum nicht auch unter Windows 10?<\/p>\n<p>Die Anwenderfreundlichkeit w\u00e4re gerade zu Topp!<\/p>\n<p>Nur daf\u00fcr k\u00f6nnt ihr nichts &#8230; aber Windows 10 hingegen kann in Funktionen vieles \u00fcbertoppen!<\/p>\n"},"status":"1"},{"id":83206,"parent":0,"author":0,"author_name":"NerdX","author_email":"hunterlinz@gmx.at","author_url":"","author_avatar_urls":{"24":"https:\/\/secure.gravatar.com\/avatar\/d08c428fe8576dd7736497ac67283895488cc00c3801ee3e8d87eeb8a3390b92?s=24&d=mm&r=g","48":"https:\/\/secure.gravatar.com\/avatar\/d08c428fe8576dd7736497ac67283895488cc00c3801ee3e8d87eeb8a3390b92?s=48&d=mm&r=g","96":"https:\/\/secure.gravatar.com\/avatar\/d08c428fe8576dd7736497ac67283895488cc00c3801ee3e8d87eeb8a3390b92?s=96&d=mm&r=g"},"date":"2018-09-30T00:28:43","cld_nonce":"173fc99a75","content":{"rendered":"<p>Microsoft setzt bei Windows von Anfang an immer nur auf praktisch und einfach. Gehobenes Design wie bei Apple war nie Thema. Daher schauen die Icons fast immer noch aus wie vor 20 Jahren. Selbst die Linux Designer sind inzwischen Microsoft voraus. Linux Gr\u00f6\u00dfen wie Alexander Zorin (Zorin OS) w\u00e4ren ein gutes Vorbild f\u00fcr Microsoft.<\/p>\n"},"status":"1"},{"id":83207,"parent":83206,"author":0,"author_name":"pakebuschr","author_email":"andy.pakebusch@googlemail.com","author_url":"","author_avatar_urls":{"24":"https:\/\/secure.gravatar.com\/avatar\/07f4d670be78a31324c1eea62577b3c77f0e246ab4e42721f50aad146d79c056?s=24&d=mm&r=g","48":"https:\/\/secure.gravatar.com\/avatar\/07f4d670be78a31324c1eea62577b3c77f0e246ab4e42721f50aad146d79c056?s=48&d=mm&r=g","96":"https:\/\/secure.gravatar.com\/avatar\/07f4d670be78a31324c1eea62577b3c77f0e246ab4e42721f50aad146d79c056?s=96&d=mm&r=g"},"date":"2018-09-30T04:00:11","cld_nonce":"173fc99a75","content":{"rendered":"<p>Naja, mag auf paar Icon zufreffen aber wenn ich das MacOS Design vor 20 Jahren mit heute vergleiche hat sich bei Windows schon mehr ver\u00e4ndert finde ich.<\/p>\n"},"status":"1"},{"id":83208,"parent":83205,"author":0,"author_name":"pakebuschr","author_email":"andy.pakebusch@googlemail.com","author_url":"","author_avatar_urls":{"24":"https:\/\/secure.gravatar.com\/avatar\/07f4d670be78a31324c1eea62577b3c77f0e246ab4e42721f50aad146d79c056?s=24&d=mm&r=g","48":"https:\/\/secure.gravatar.com\/avatar\/07f4d670be78a31324c1eea62577b3c77f0e246ab4e42721f50aad146d79c056?s=48&d=mm&r=g","96":"https:\/\/secure.gravatar.com\/avatar\/07f4d670be78a31324c1eea62577b3c77f0e246ab4e42721f50aad146d79c056?s=96&d=mm&r=g"},"date":"2018-09-30T04:02:08","cld_nonce":"173fc99a75","content":{"rendered":"<p>Zus\u00e4tzlicher Aufwand\/Ballast und mal ehrlich wer will heute noch das XP Design au\u00dfer paar Nostalgiker vielleicht.<\/p>\n"},"status":"1"},{"id":83212,"parent":83183,"author":0,"author_name":"10110","author_email":"soft@ir.de","author_url":"","author_avatar_urls":{"24":"https:\/\/secure.gravatar.com\/avatar\/add3419e9ea5f0acbcd73fe1a2798e6cbf8783699fe00fd1ffaa6ac16ca84240?s=24&d=mm&r=g","48":"https:\/\/secure.gravatar.com\/avatar\/add3419e9ea5f0acbcd73fe1a2798e6cbf8783699fe00fd1ffaa6ac16ca84240?s=48&d=mm&r=g","96":"https:\/\/secure.gravatar.com\/avatar\/add3419e9ea5f0acbcd73fe1a2798e6cbf8783699fe00fd1ffaa6ac16ca84240?s=96&d=mm&r=g"},"date":"2018-09-30T10:38:52","cld_nonce":"173fc99a75","content":{"rendered":"<p>Win10 ist der Nachfolger von WinMe <img src=\"https:\/\/www.deskmodder.de\/blog\/wp-content\/plugins\/classic-smilies\/img\/icon_biggrin.gif\" alt=\":D\" class=\"wp-smiley\" \/><\/p>\n"},"status":"1"},{"id":83213,"parent":83212,"author":0,"author_name":"pakebuschr","author_email":"andy.pakebusch@googlemail.com","author_url":"","author_avatar_urls":{"24":"https:\/\/secure.gravatar.com\/avatar\/07f4d670be78a31324c1eea62577b3c77f0e246ab4e42721f50aad146d79c056?s=24&d=mm&r=g","48":"https:\/\/secure.gravatar.com\/avatar\/07f4d670be78a31324c1eea62577b3c77f0e246ab4e42721f50aad146d79c056?s=48&d=mm&r=g","96":"https:\/\/secure.gravatar.com\/avatar\/07f4d670be78a31324c1eea62577b3c77f0e246ab4e42721f50aad146d79c056?s=96&d=mm&r=g"},"date":"2018-09-30T11:12:02","cld_nonce":"173fc99a75","content":{"rendered":"<p>Wenn \u00fcberhaupt dann k\u00f6nnte man da eventuell zu Windows 8 parallellen ziehen oder Vista, sie alle ebneneten aber den Weg f\u00fcr Ihre \u00e4u\u00dferst beliebten Nachfolger, so in letzterem Fall Win10 oder damals XP was anfangs wiederum gar nicht so gut angenommen wurde.<\/p>\n"},"status":"1"},{"id":83218,"parent":0,"author":0,"author_name":"Herr Hugo","author_email":"hugohilter@t-online.de","author_url":"","author_avatar_urls":{"24":"https:\/\/secure.gravatar.com\/avatar\/dc5176746c873787fa3f8df5f9bdfbd2f7688721f771100eb4d7b4e82e2d655b?s=24&d=mm&r=g","48":"https:\/\/secure.gravatar.com\/avatar\/dc5176746c873787fa3f8df5f9bdfbd2f7688721f771100eb4d7b4e82e2d655b?s=48&d=mm&r=g","96":"https:\/\/secure.gravatar.com\/avatar\/dc5176746c873787fa3f8df5f9bdfbd2f7688721f771100eb4d7b4e82e2d655b?s=96&d=mm&r=g"},"date":"2018-09-30T12:21:43","cld_nonce":"173fc99a75","content":{"rendered":"<p>@Herr Manny: auch wenn ich ein &#8222;manischer Mausschubser&#8220; bin, einige Shortcuts benutze ich schon &#8211; und den Herrn ll_h_a_r_r_y_ll habe ich nat\u00fcrlich nicht getippt, sondern kopiert.<\/p>\n<p>Ich bin sogar so geschickt, anstatt Strg+C\/V auf cmd+C\/V zu klicken, weil ich Apple-Tastaturen an Win-Rechnern verwende. Aber das ist wieder eine ganz andere Sache, die mit dem dunklen Explorer in Win10 nicht das mindeste zu tun hat. <img src=\"https:\/\/www.deskmodder.de\/blog\/wp-content\/plugins\/classic-smilies\/img\/icon_mrgreen.gif\" alt=\":mrgreen:\" class=\"wp-smiley\" \/><\/p>\n"},"status":"1"},{"id":83221,"parent":83218,"author":4418,"author_name":"Manny","author_email":"bluediversion63@hotmail.de","author_url":"","author_avatar_urls":{"24":"https:\/\/secure.gravatar.com\/avatar\/4df3fc4a774b00d7ea170af066c29586b73adb8f28bbf23cfbfccfadd55d8136?s=24&d=mm&r=g","48":"https:\/\/secure.gravatar.com\/avatar\/4df3fc4a774b00d7ea170af066c29586b73adb8f28bbf23cfbfccfadd55d8136?s=48&d=mm&r=g","96":"https:\/\/secure.gravatar.com\/avatar\/4df3fc4a774b00d7ea170af066c29586b73adb8f28bbf23cfbfccfadd55d8136?s=96&d=mm&r=g"},"date":"2018-09-30T12:47:15","cld_nonce":"173fc99a75","content":{"rendered":"<p>?<\/p>\n"},"status":"1"},{"id":83247,"parent":0,"author":0,"author_name":"Kahi Pa77","author_email":"kahipa77@gmail.com","author_url":"","author_avatar_urls":{"24":"https:\/\/secure.gravatar.com\/avatar\/e0f10fc4e81d092019c1b4c190eb9ed1aaf4b27c6b9ab18e82796ccc2a5bff9a?s=24&d=mm&r=g","48":"https:\/\/secure.gravatar.com\/avatar\/e0f10fc4e81d092019c1b4c190eb9ed1aaf4b27c6b9ab18e82796ccc2a5bff9a?s=48&d=mm&r=g","96":"https:\/\/secure.gravatar.com\/avatar\/e0f10fc4e81d092019c1b4c190eb9ed1aaf4b27c6b9ab18e82796ccc2a5bff9a?s=96&d=mm&r=g"},"date":"2018-09-30T15:35:03","cld_nonce":"173fc99a75","content":{"rendered":"<p>Hallo,<br \/>\nbei mir l\u00e4uft der alte Windows-Explorer in einer virtuellen Maschine seit dem Upgrade zur 1809 vollst\u00e4ndig im Dark Mode, wenn ich in &#8218;Einstellungen &#8211; Personalisierung -Farben&#8216; den dunklen Standard-App-Modus ausw\u00e4hle. Eine Erkl\u00e4rung daf\u00fcr habe ich nicht; in einer anderen ebenfalls auf die 1809 upgegradeten VM ist und bleibt das Hauptfenster des Explorers hell wie bisher. Ein Experimentieren mit der Registry in den Schl\u00fcsseln HKLM\\SOFTWARE\\Microsoft\\Windows\\CurrentVersion\\Explorer\\Advanced\\Theme\\USEDARKMODE bzw. USELIGHTMODE und USESYSTEMMODE (nach \u00dcbernahme der n\u00f6tigen Schreibrechte) brachte nichts. Wei\u00df jemand eine Erkl\u00e4rung?<br \/>\nP.S. Ich schaffe es leider nicht, dieser Nachricht einen entsprechenden Screenshot beizuf\u00fcgen; ich finde keine Schaltfl\u00e4che f\u00fcr einen Anhang&#8230;<\/p>\n"},"status":"1"},{"id":83251,"parent":83247,"author":4418,"author_name":"Manny","author_email":"bluediversion63@hotmail.de","author_url":"","author_avatar_urls":{"24":"https:\/\/secure.gravatar.com\/avatar\/4df3fc4a774b00d7ea170af066c29586b73adb8f28bbf23cfbfccfadd55d8136?s=24&d=mm&r=g","48":"https:\/\/secure.gravatar.com\/avatar\/4df3fc4a774b00d7ea170af066c29586b73adb8f28bbf23cfbfccfadd55d8136?s=48&d=mm&r=g","96":"https:\/\/secure.gravatar.com\/avatar\/4df3fc4a774b00d7ea170af066c29586b73adb8f28bbf23cfbfccfadd55d8136?s=96&d=mm&r=g"},"date":"2018-09-30T16:01:07","cld_nonce":"173fc99a75","content":{"rendered":"<p>Screenshots direkt hier einf\u00fcgen geht hier nicht, nur als Link ( des Bildes )<\/p>\n"},"status":"1"},{"id":83255,"parent":83251,"author":0,"author_name":"Kahi Pa77","author_email":"kahipa77@gmail.com","author_url":"","author_avatar_urls":{"24":"https:\/\/secure.gravatar.com\/avatar\/e0f10fc4e81d092019c1b4c190eb9ed1aaf4b27c6b9ab18e82796ccc2a5bff9a?s=24&d=mm&r=g","48":"https:\/\/secure.gravatar.com\/avatar\/e0f10fc4e81d092019c1b4c190eb9ed1aaf4b27c6b9ab18e82796ccc2a5bff9a?s=48&d=mm&r=g","96":"https:\/\/secure.gravatar.com\/avatar\/e0f10fc4e81d092019c1b4c190eb9ed1aaf4b27c6b9ab18e82796ccc2a5bff9a?s=96&d=mm&r=g"},"date":"2018-09-30T16:33:42","cld_nonce":"173fc99a75","content":{"rendered":"<p>Danke Manny,<\/p>\n<p>hoffentlich geht es damit:<\/p>\n<p><a href=\"https:\/\/1drv.ms\/u\/s!ApjBXM3Be9LqgeRLE7oDY61z-hpOiw\" rel=\"nofollow ugc\">https:\/\/1drv.ms\/u\/s!ApjBXM3Be9LqgeRLE7oDY61z-hpOiw<\/a><\/p>\n"},"status":"1"},{"id":83256,"parent":83251,"author":4418,"author_name":"Manny","author_email":"bluediversion63@hotmail.de","author_url":"","author_avatar_urls":{"24":"https:\/\/secure.gravatar.com\/avatar\/4df3fc4a774b00d7ea170af066c29586b73adb8f28bbf23cfbfccfadd55d8136?s=24&d=mm&r=g","48":"https:\/\/secure.gravatar.com\/avatar\/4df3fc4a774b00d7ea170af066c29586b73adb8f28bbf23cfbfccfadd55d8136?s=48&d=mm&r=g","96":"https:\/\/secure.gravatar.com\/avatar\/4df3fc4a774b00d7ea170af066c29586b73adb8f28bbf23cfbfccfadd55d8136?s=96&d=mm&r=g"},"date":"2018-09-30T16:47:05","cld_nonce":"173fc99a75","content":{"rendered":"<p>genau so <img src=\"https:\/\/www.deskmodder.de\/blog\/wp-content\/plugins\/classic-smilies\/img\/icon_wink.gif\" alt=\";)\" class=\"wp-smiley\" \/><\/p>\n"},"status":"1"},{"id":83257,"parent":83255,"author":134,"author_name":"moinmoin","author_email":"moin-moin@hab-verschlafen.de","author_url":"","author_avatar_urls":{"24":"https:\/\/secure.gravatar.com\/avatar\/fab96769102f8886245ab411df9a42a235be79261e4b44aa7ab2a555da8b86b4?s=24&d=mm&r=g","48":"https:\/\/secure.gravatar.com\/avatar\/fab96769102f8886245ab411df9a42a235be79261e4b44aa7ab2a555da8b86b4?s=48&d=mm&r=g","96":"https:\/\/secure.gravatar.com\/avatar\/fab96769102f8886245ab411df9a42a235be79261e4b44aa7ab2a555da8b86b4?s=96&d=mm&r=g"},"date":"2018-09-30T16:50:13","cld_nonce":"173fc99a75","content":{"rendered":"<p>Aber im Bild ist er doch dunkel.<\/p>\n"},"status":"1"},{"id":83260,"parent":0,"author":0,"author_name":"Kahi Pa77","author_email":"kahipa77@gmail.com","author_url":"","author_avatar_urls":{"24":"https:\/\/secure.gravatar.com\/avatar\/e0f10fc4e81d092019c1b4c190eb9ed1aaf4b27c6b9ab18e82796ccc2a5bff9a?s=24&d=mm&r=g","48":"https:\/\/secure.gravatar.com\/avatar\/e0f10fc4e81d092019c1b4c190eb9ed1aaf4b27c6b9ab18e82796ccc2a5bff9a?s=48&d=mm&r=g","96":"https:\/\/secure.gravatar.com\/avatar\/e0f10fc4e81d092019c1b4c190eb9ed1aaf4b27c6b9ab18e82796ccc2a5bff9a?s=96&d=mm&r=g"},"date":"2018-09-30T17:11:29","cld_nonce":"173fc99a75","content":{"rendered":"<p>In der einen VM klappt es ja, nicht aber in einer anderen (und auch nicht auf meiner Hauptmaschine, die ich ebenfalls inplace auf die 1809 gebracht habe). Daf\u00fcr habe ich halt keine Erkl\u00e4rung. <\/p>\n<p>Der dunkle Hintergrund ist aus meiner Sicht angenehm, ich h\u00e4tte ihn gerne schnell auf allen meinen virtuellen und &#8218;echten&#8216; PC&#8217;s im Explorer, die auf dem Stand 1809 sind. In einer VM der 18247 bleiben das Hauptfenster des Explorers und die Spalte mit dem Ordnerbaum \u00fcbrigens auch weiterhin immer hell.<\/p>\n<p>Ist aber alles kein Beinbruch ?, jedenfalls vielen Dank.<\/p>\n"},"status":"1"},{"id":83287,"parent":83260,"author":4418,"author_name":"Manny","author_email":"bluediversion63@hotmail.de","author_url":"","author_avatar_urls":{"24":"https:\/\/secure.gravatar.com\/avatar\/4df3fc4a774b00d7ea170af066c29586b73adb8f28bbf23cfbfccfadd55d8136?s=24&d=mm&r=g","48":"https:\/\/secure.gravatar.com\/avatar\/4df3fc4a774b00d7ea170af066c29586b73adb8f28bbf23cfbfccfadd55d8136?s=48&d=mm&r=g","96":"https:\/\/secure.gravatar.com\/avatar\/4df3fc4a774b00d7ea170af066c29586b73adb8f28bbf23cfbfccfadd55d8136?s=96&d=mm&r=g"},"date":"2018-09-30T21:15:36","cld_nonce":"173fc99a75","content":{"rendered":"<p>da verstehe ich aber nicht was bei dir &#8222;falsch&#8220; l\u00e4uft, bei mir sind sowohl RS5 (17763.1)  als auch 19H1(18247.1001)  im dunkeln Modus auch der Dateiexplorer dunkel<br \/>\n &#8211; Hauptfenster und auch der Ordnerbaum &#8211; und das NICHT nur in VM\u00b4s sondern auch auf dem &#8222;richtigen&#8220; PC<\/p>\n"},"status":"1"},{"id":83292,"parent":83287,"author":4861,"author_name":"Windows","author_email":"windows@opentrash.com","author_url":"","author_avatar_urls":{"24":"https:\/\/secure.gravatar.com\/avatar\/e183a28a441456e6797f82bd2b2870aeb206a0b00c2d207925e54df950ec7aba?s=24&d=mm&r=g","48":"https:\/\/secure.gravatar.com\/avatar\/e183a28a441456e6797f82bd2b2870aeb206a0b00c2d207925e54df950ec7aba?s=48&d=mm&r=g","96":"https:\/\/secure.gravatar.com\/avatar\/e183a28a441456e6797f82bd2b2870aeb206a0b00c2d207925e54df950ec7aba?s=96&d=mm&r=g"},"date":"2018-09-30T22:46:09","cld_nonce":"173fc99a75","content":{"rendered":"<p>Ich bin bei sowas auch immer ratlos&#8230;<br \/>\n+<\/p>\n"},"status":"1"},{"id":83299,"parent":0,"author":0,"author_name":"Kahi Pa77","author_email":"kahipa77@gmail.com","author_url":"","author_avatar_urls":{"24":"https:\/\/secure.gravatar.com\/avatar\/e0f10fc4e81d092019c1b4c190eb9ed1aaf4b27c6b9ab18e82796ccc2a5bff9a?s=24&d=mm&r=g","48":"https:\/\/secure.gravatar.com\/avatar\/e0f10fc4e81d092019c1b4c190eb9ed1aaf4b27c6b9ab18e82796ccc2a5bff9a?s=48&d=mm&r=g","96":"https:\/\/secure.gravatar.com\/avatar\/e0f10fc4e81d092019c1b4c190eb9ed1aaf4b27c6b9ab18e82796ccc2a5bff9a?s=96&d=mm&r=g"},"date":"2018-10-01T04:40:15","cld_nonce":"173fc99a75","content":{"rendered":"<p>Inzwischen habe ich die L\u00f6sung gefunden; jetzt pr\u00e4sentieren sich die Explorer auf allen meinen Windows 10-Maschinen (zwei &#8218;reale&#8216; und drei VM) so, wie sie es bei Verwendung des dunklen Standard-App-Modus sollten. <\/p>\n<p>Es lag daran, dass die Synchronisierungseinstellungen (Einstellungen &#8211; Konten &#8211; Synchr.einstellungen) beim h\u00e4ndischen Upgrade meiner Maschinen nicht \u00fcberall dieselben waren, konkret war offenbar der Schalter &#8222;Design&#8220; verantwortlich, der zum Teil auf &#8222;Aus&#8220; stand. Dies hat wohl verhindert, dass der Explorer in einem Teil der Maschinen &#8218;richtig&#8216; dunkel wurde. Nach Abschluss der Synchronisation aller Maschinen in der Einstellung &#8222;Design &#8211; Ein&#8220; konnte ich den Schalter \u00fcberall wieder auf &#8222;Aus&#8220; schieben, ohne dass der Hintergrund des Explorers sich nochmals ver\u00e4nderte. Er bleibt in allen realen und virtuellen PC&#8217;s dunkel, solange der dunkle Standard-App-Modus gilt. <\/p>\n<p>Vielleicht hilft das auch anderen Usern, die mit mehreren PC&#8217;s auf die Version 17763 (1809) h\u00e4ndisch upgraden bzw. zur 18247 (19H1) wechseln und danach einen &#8218;teildunklen&#8216; Explorer haben.<\/p>\n<p>Hier noch ein Screenshot von meiner 18247 vor der Synchronisation, also mit dunklem Ribbon-Bereich und darunter hellem Explorer-Hintergrund (der harte Kontrast tat den Augen weh): <\/p>\n<p><a href=\"https:\/\/1drv.ms\/u\/s!ApjBXM3Be9LqgeRYL3JE436n05Xjqg\" rel=\"nofollow ugc\">https:\/\/1drv.ms\/u\/s!ApjBXM3Be9LqgeRYL3JE436n05Xjqg<\/a><\/p>\n<p>Ich bin m\u00e4\u00dfig gespannt, ob wohl noch weitere \u00e4hnliche \u00dcbergangschwierigkeiten auftauchen, bis Windows 10 durchg\u00e4ngig neu &#8218;gestylt&#8216; ist. Hoffentlich gibt es aber auch noch einen Dark Mode im Editor, den ich f\u00fcr schnelle Entw\u00fcrfe ohne gro\u00dfartige Formatierung nicht missen m\u00f6chte.<\/p>\n<p>Im \u00fcbrigen ein dickes Lob an das Deskmodder-Team und die \u00fcberwiegend sachkundigen Beir\u00e4ge der User; im Web findet sich selten eine Seite, die mit so viel hilfreichen Infos und Tipps aufwarten kann.<\/p>\n"},"status":"1"},{"id":83307,"parent":83187,"author":0,"author_name":"bruhhh","author_email":"bruhhh@web.de","author_url":"","author_avatar_urls":{"24":"https:\/\/secure.gravatar.com\/avatar\/a3137bcfa346b6c24c51714c861dc3e4465f74042217fe0738aa08941073e18e?s=24&d=mm&r=g","48":"https:\/\/secure.gravatar.com\/avatar\/a3137bcfa346b6c24c51714c861dc3e4465f74042217fe0738aa08941073e18e?s=48&d=mm&r=g","96":"https:\/\/secure.gravatar.com\/avatar\/a3137bcfa346b6c24c51714c861dc3e4465f74042217fe0738aa08941073e18e?s=96&d=mm&r=g"},"date":"2018-10-01T11:05:51","cld_nonce":"173fc99a75","content":{"rendered":"<p>Laber keinen&#8230;<\/p>\n<p>Apple hat den besseren Dark Mode<br \/>\nDas muss ich selbst als Windows Fan zugeben..<\/p>\n"},"status":"1"},{"id":83392,"parent":0,"author":0,"author_name":"Gordon","author_email":"gfreeman101979@gmail.com","author_url":"","author_avatar_urls":{"24":"https:\/\/secure.gravatar.com\/avatar\/f42b4ecec5a4dbc7eb1933bb68af7731232531825c70e0e0c0404cfa9baea375?s=24&d=mm&r=g","48":"https:\/\/secure.gravatar.com\/avatar\/f42b4ecec5a4dbc7eb1933bb68af7731232531825c70e0e0c0404cfa9baea375?s=48&d=mm&r=g","96":"https:\/\/secure.gravatar.com\/avatar\/f42b4ecec5a4dbc7eb1933bb68af7731232531825c70e0e0c0404cfa9baea375?s=96&d=mm&r=g"},"date":"2018-10-01T22:47:19","cld_nonce":"173fc99a75","content":{"rendered":"<p>Irgendwie spricht mich der Dark Mode des Explorers so gar nicht an.<br \/>\nWie bekomme ich den Explorer wieder hell aber belasse alles andere im Dark Mode ?<\/p>\n"},"status":"1"},{"id":83393,"parent":83392,"author":4418,"author_name":"Manny","author_email":"bluediversion63@hotmail.de","author_url":"","author_avatar_urls":{"24":"https:\/\/secure.gravatar.com\/avatar\/4df3fc4a774b00d7ea170af066c29586b73adb8f28bbf23cfbfccfadd55d8136?s=24&d=mm&r=g","48":"https:\/\/secure.gravatar.com\/avatar\/4df3fc4a774b00d7ea170af066c29586b73adb8f28bbf23cfbfccfadd55d8136?s=48&d=mm&r=g","96":"https:\/\/secure.gravatar.com\/avatar\/4df3fc4a774b00d7ea170af066c29586b73adb8f28bbf23cfbfccfadd55d8136?s=96&d=mm&r=g"},"date":"2018-10-01T23:08:28","cld_nonce":"173fc99a75","content":{"rendered":"<p>Gar nicht ( momentan jeden falls nicht ) &#8211; entweder dunkles Theme UND dunkler Explorer ODER helles Theme mit hellem Explorer<br \/>\n (vielleicht wird es in kommenden Versionen \/ Builds ja vielleicht mal m\u00f6glich sein) &#8211; es sei denn man benutzt ein Tool \/ oder 3. Party Themes<br \/>\n( wo das evtl. m\u00f6glich sein k\u00f6nnte &#8211; ich kenne jeden Falls keins ) )<\/p>\n"},"status":"1"},{"id":83394,"parent":83392,"author":4418,"author_name":"Manny","author_email":"bluediversion63@hotmail.de","author_url":"","author_avatar_urls":{"24":"https:\/\/secure.gravatar.com\/avatar\/4df3fc4a774b00d7ea170af066c29586b73adb8f28bbf23cfbfccfadd55d8136?s=24&d=mm&r=g","48":"https:\/\/secure.gravatar.com\/avatar\/4df3fc4a774b00d7ea170af066c29586b73adb8f28bbf23cfbfccfadd55d8136?s=48&d=mm&r=g","96":"https:\/\/secure.gravatar.com\/avatar\/4df3fc4a774b00d7ea170af066c29586b73adb8f28bbf23cfbfccfadd55d8136?s=96&d=mm&r=g"},"date":"2018-10-01T23:37:37","cld_nonce":"173fc99a75","content":{"rendered":"<p>wie es \u00fcbrigens auch OBEN in der Einleitung steht ( das mit dem Third-Party Theme) <img src=\"https:\/\/www.deskmodder.de\/blog\/wp-content\/plugins\/classic-smilies\/img\/icon_wink.gif\" alt=\";)\" class=\"wp-smiley\" \/><\/p>\n"},"status":"1"},{"id":83398,"parent":83393,"author":4861,"author_name":"Windows","author_email":"windows@opentrash.com","author_url":"","author_avatar_urls":{"24":"https:\/\/secure.gravatar.com\/avatar\/e183a28a441456e6797f82bd2b2870aeb206a0b00c2d207925e54df950ec7aba?s=24&d=mm&r=g","48":"https:\/\/secure.gravatar.com\/avatar\/e183a28a441456e6797f82bd2b2870aeb206a0b00c2d207925e54df950ec7aba?s=48&d=mm&r=g","96":"https:\/\/secure.gravatar.com\/avatar\/e183a28a441456e6797f82bd2b2870aeb206a0b00c2d207925e54df950ec7aba?s=96&d=mm&r=g"},"date":"2018-10-02T00:14:21","cld_nonce":"173fc99a75","content":{"rendered":"<p>So vielleicht?<br \/>\n<a href=\"http:\/\/fs5.directupload.net\/images\/181002\/ztrjcm3y.png\"  rel=\"lightbox[108688] nofollow ugc\">http:\/\/fs5.directupload.net\/images\/181002\/ztrjcm3y.png<\/a><br \/>\noder doch so?<br \/>\n<a href=\"http:\/\/fs1.directupload.net\/images\/181002\/4z5s9loq.png\"  rel=\"lightbox[108688] nofollow ugc\">http:\/\/fs1.directupload.net\/images\/181002\/4z5s9loq.png<\/a><\/p>\n"},"status":"1"},{"id":83401,"parent":83398,"author":0,"author_name":"pakebuschr","author_email":"andy.pakebusch@googlemail.com","author_url":"","author_avatar_urls":{"24":"https:\/\/secure.gravatar.com\/avatar\/07f4d670be78a31324c1eea62577b3c77f0e246ab4e42721f50aad146d79c056?s=24&d=mm&r=g","48":"https:\/\/secure.gravatar.com\/avatar\/07f4d670be78a31324c1eea62577b3c77f0e246ab4e42721f50aad146d79c056?s=48&d=mm&r=g","96":"https:\/\/secure.gravatar.com\/avatar\/07f4d670be78a31324c1eea62577b3c77f0e246ab4e42721f50aad146d79c056?s=96&d=mm&r=g"},"date":"2018-10-02T01:04:19","cld_nonce":"173fc99a75","content":{"rendered":"<p>Ahhh, was ist das denn?<\/p>\n"},"status":"1"}],"wp_author":{"id":134,"name":"moinmoin","description":"Ich bin nicht allwissend, was <a href=\"https:\/\/www.deskmodder.de\/wiki\/index.php?title=Kategorie:Windows_11\">Windows<\/a> angeht. Aber genau deshalb nehme ich Windows gerne auseinander und unter die Lupe, um all mein Wissen zu erweitern. <i>J\u00fcrgen<\/i>","author_avatar_urls":{"24":"https:\/\/secure.gravatar.com\/avatar\/fab96769102f8886245ab411df9a42a235be79261e4b44aa7ab2a555da8b86b4?s=24&d=mm&r=g","48":"https:\/\/secure.gravatar.com\/avatar\/fab96769102f8886245ab411df9a42a235be79261e4b44aa7ab2a555da8b86b4?s=48&d=mm&r=g","96":"https:\/\/secure.gravatar.com\/avatar\/fab96769102f8886245ab411df9a42a235be79261e4b44aa7ab2a555da8b86b4?s=96&d=mm&r=g"}},"cld_nonce":"173fc99a75","yoast_head":"<!-- This site is optimized with the Yoast SEO Premium plugin v27.5 (Yoast SEO v27.5) - https:\/\/yoast.com\/product\/yoast-seo-premium-wordpress\/ -->\n<title>Dunkler Datei Explorer in der Windows 10 1809 - Ja, es ist nur der Explorer - Deskmodder.de<\/title>\n<meta name=\"robots\" content=\"index, follow, max-snippet:-1, max-image-preview:large, max-video-preview:-1\" \/>\n<link rel=\"canonical\" href=\"https:\/\/www.deskmodder.de\/blog\/2018\/09\/29\/dunkler-datei-explorer-in-der-windows-10-1809-ja-es-ist-nur-der-explorer\/\" \/>\n<meta property=\"og:locale\" content=\"de_DE\" \/>\n<meta property=\"og:type\" content=\"article\" \/>\n<meta property=\"og:title\" content=\"Dunkler Datei Explorer in der Windows 10 1809 - Ja, es ist nur der Explorer\" \/>\n<meta property=\"og:description\" content=\"Nachdem wir in den Apps und Einstellungen den dunklen Modus schon haben, freuen sich viele auf die Windows 10 1809 17763. Denn dort wird auch der Datei Explorer in dunkel erscheinen, wenn man es denn unter Personalisierung -&gt; Farben so&hellip;\" \/>\n<meta property=\"og:url\" content=\"https:\/\/www.deskmodder.de\/blog\/2018\/09\/29\/dunkler-datei-explorer-in-der-windows-10-1809-ja-es-ist-nur-der-explorer\/\" \/>\n<meta property=\"og:site_name\" content=\"Deskmodder.de\" \/>\n<meta property=\"article:publisher\" content=\"https:\/\/www.facebook.com\/Deskmodder\" \/>\n<meta property=\"article:published_time\" content=\"2018-09-29T08:45:43+00:00\" \/>\n<meta property=\"og:image\" content=\"https:\/\/www.deskmodder.de\/blog\/wp-content\/uploads\/2018\/09\/systemsteuerung-hell-im-dunklen-modus-windwos-10-1809.jpg\" \/>\n\t<meta property=\"og:image:width\" content=\"1326\" \/>\n\t<meta property=\"og:image:height\" content=\"941\" \/>\n\t<meta property=\"og:image:type\" content=\"image\/jpeg\" \/>\n<meta name=\"author\" content=\"moinmoin\" \/>\n<meta name=\"twitter:card\" content=\"summary_large_image\" \/>\n<meta name=\"twitter:creator\" content=\"@Deskmodder\" \/>\n<meta name=\"twitter:site\" content=\"@Deskmodder\" \/>\n<script type=\"application\/ld+json\" class=\"yoast-schema-graph\">{\"@context\":\"https:\\\/\\\/schema.org\",\"@graph\":[{\"@type\":\"Article\",\"@id\":\"https:\\\/\\\/www.deskmodder.de\\\/blog\\\/2018\\\/09\\\/29\\\/dunkler-datei-explorer-in-der-windows-10-1809-ja-es-ist-nur-der-explorer\\\/#article\",\"isPartOf\":{\"@id\":\"https:\\\/\\\/www.deskmodder.de\\\/blog\\\/2018\\\/09\\\/29\\\/dunkler-datei-explorer-in-der-windows-10-1809-ja-es-ist-nur-der-explorer\\\/\"},\"author\":{\"name\":\"moinmoin\",\"@id\":\"https:\\\/\\\/www.deskmodder.de\\\/blog\\\/#\\\/schema\\\/person\\\/a40b17a9503c4a1568ac4073bb54182a\"},\"headline\":\"Dunkler Datei Explorer in der Windows 10 1809 &#8211; Ja, es ist nur der Explorer\",\"datePublished\":\"2018-09-29T08:45:43+00:00\",\"mainEntityOfPage\":{\"@id\":\"https:\\\/\\\/www.deskmodder.de\\\/blog\\\/2018\\\/09\\\/29\\\/dunkler-datei-explorer-in-der-windows-10-1809-ja-es-ist-nur-der-explorer\\\/\"},\"wordCount\":334,\"commentCount\":48,\"publisher\":{\"@id\":\"https:\\\/\\\/www.deskmodder.de\\\/blog\\\/#organization\"},\"image\":{\"@id\":\"https:\\\/\\\/www.deskmodder.de\\\/blog\\\/2018\\\/09\\\/29\\\/dunkler-datei-explorer-in-der-windows-10-1809-ja-es-ist-nur-der-explorer\\\/#primaryimage\"},\"thumbnailUrl\":\"https:\\\/\\\/www.deskmodder.de\\\/blog\\\/wp-content\\\/uploads\\\/2018\\\/09\\\/systemsteuerung-hell-im-dunklen-modus-windwos-10-1809.jpg\",\"keywords\":[\"Dunkler Explorer\",\"Systemsteuerung weiter hell\",\"Win 10 dunkler Modus nicht \u00fcberall\",\"Windows 10 17763\",\"Windows 10 1809\"],\"articleSection\":[\"Windows 10\"],\"inLanguage\":\"de\",\"potentialAction\":[{\"@type\":\"CommentAction\",\"name\":\"Comment\",\"target\":[\"https:\\\/\\\/www.deskmodder.de\\\/blog\\\/2018\\\/09\\\/29\\\/dunkler-datei-explorer-in-der-windows-10-1809-ja-es-ist-nur-der-explorer\\\/#respond\"]}],\"copyrightYear\":\"2018\",\"copyrightHolder\":{\"@id\":\"https:\\\/\\\/www.deskmodder.de\\\/blog\\\/#organization\"}},{\"@type\":\"WebPage\",\"@id\":\"https:\\\/\\\/www.deskmodder.de\\\/blog\\\/2018\\\/09\\\/29\\\/dunkler-datei-explorer-in-der-windows-10-1809-ja-es-ist-nur-der-explorer\\\/\",\"url\":\"https:\\\/\\\/www.deskmodder.de\\\/blog\\\/2018\\\/09\\\/29\\\/dunkler-datei-explorer-in-der-windows-10-1809-ja-es-ist-nur-der-explorer\\\/\",\"name\":\"Dunkler Datei Explorer in der Windows 10 1809 - Ja, es ist nur der Explorer - Deskmodder.de\",\"isPartOf\":{\"@id\":\"https:\\\/\\\/www.deskmodder.de\\\/blog\\\/#website\"},\"primaryImageOfPage\":{\"@id\":\"https:\\\/\\\/www.deskmodder.de\\\/blog\\\/2018\\\/09\\\/29\\\/dunkler-datei-explorer-in-der-windows-10-1809-ja-es-ist-nur-der-explorer\\\/#primaryimage\"},\"image\":{\"@id\":\"https:\\\/\\\/www.deskmodder.de\\\/blog\\\/2018\\\/09\\\/29\\\/dunkler-datei-explorer-in-der-windows-10-1809-ja-es-ist-nur-der-explorer\\\/#primaryimage\"},\"thumbnailUrl\":\"https:\\\/\\\/www.deskmodder.de\\\/blog\\\/wp-content\\\/uploads\\\/2018\\\/09\\\/systemsteuerung-hell-im-dunklen-modus-windwos-10-1809.jpg\",\"datePublished\":\"2018-09-29T08:45:43+00:00\",\"breadcrumb\":{\"@id\":\"https:\\\/\\\/www.deskmodder.de\\\/blog\\\/2018\\\/09\\\/29\\\/dunkler-datei-explorer-in-der-windows-10-1809-ja-es-ist-nur-der-explorer\\\/#breadcrumb\"},\"inLanguage\":\"de\",\"potentialAction\":[{\"@type\":\"ReadAction\",\"target\":[\"https:\\\/\\\/www.deskmodder.de\\\/blog\\\/2018\\\/09\\\/29\\\/dunkler-datei-explorer-in-der-windows-10-1809-ja-es-ist-nur-der-explorer\\\/\"]}]},{\"@type\":\"ImageObject\",\"inLanguage\":\"de\",\"@id\":\"https:\\\/\\\/www.deskmodder.de\\\/blog\\\/2018\\\/09\\\/29\\\/dunkler-datei-explorer-in-der-windows-10-1809-ja-es-ist-nur-der-explorer\\\/#primaryimage\",\"url\":\"https:\\\/\\\/www.deskmodder.de\\\/blog\\\/wp-content\\\/uploads\\\/2018\\\/09\\\/systemsteuerung-hell-im-dunklen-modus-windwos-10-1809.jpg\",\"contentUrl\":\"https:\\\/\\\/www.deskmodder.de\\\/blog\\\/wp-content\\\/uploads\\\/2018\\\/09\\\/systemsteuerung-hell-im-dunklen-modus-windwos-10-1809.jpg\",\"width\":1326,\"height\":941},{\"@type\":\"BreadcrumbList\",\"@id\":\"https:\\\/\\\/www.deskmodder.de\\\/blog\\\/2018\\\/09\\\/29\\\/dunkler-datei-explorer-in-der-windows-10-1809-ja-es-ist-nur-der-explorer\\\/#breadcrumb\",\"itemListElement\":[{\"@type\":\"ListItem\",\"position\":1,\"name\":\"Startseite\",\"item\":\"https:\\\/\\\/www.deskmodder.de\\\/blog\\\/\"},{\"@type\":\"ListItem\",\"position\":2,\"name\":\"Dunkler Datei Explorer in der Windows 10 1809 &#8211; Ja, es ist nur der Explorer\"}]},{\"@type\":\"WebSite\",\"@id\":\"https:\\\/\\\/www.deskmodder.de\\\/blog\\\/#website\",\"url\":\"https:\\\/\\\/www.deskmodder.de\\\/blog\\\/\",\"name\":\"Deskmodder.de\",\"description\":\"News zum Thema Microsoft, Windows 11 \\\/ 10, sowie anderen Neuigkeiten aus dem Netz, viele Tipps und individuelle Hilfe bei Problemen in unserem Forum \u25cf Deskmodder - seit 2003\",\"publisher\":{\"@id\":\"https:\\\/\\\/www.deskmodder.de\\\/blog\\\/#organization\"},\"potentialAction\":[{\"@type\":\"SearchAction\",\"target\":{\"@type\":\"EntryPoint\",\"urlTemplate\":\"https:\\\/\\\/www.deskmodder.de\\\/blog\\\/?s={search_term_string}\"},\"query-input\":{\"@type\":\"PropertyValueSpecification\",\"valueRequired\":true,\"valueName\":\"search_term_string\"}}],\"inLanguage\":\"de\"},{\"@type\":\"Organization\",\"@id\":\"https:\\\/\\\/www.deskmodder.de\\\/blog\\\/#organization\",\"name\":\"Deskmodder\",\"url\":\"https:\\\/\\\/www.deskmodder.de\\\/blog\\\/\",\"logo\":{\"@type\":\"ImageObject\",\"inLanguage\":\"de\",\"@id\":\"https:\\\/\\\/www.deskmodder.de\\\/blog\\\/#\\\/schema\\\/logo\\\/image\\\/\",\"url\":\"https:\\\/\\\/www.deskmodder.de\\\/blog\\\/wp-content\\\/uploads\\\/2019\\\/01\\\/deskmodder-logo-app.png\",\"contentUrl\":\"https:\\\/\\\/www.deskmodder.de\\\/blog\\\/wp-content\\\/uploads\\\/2019\\\/01\\\/deskmodder-logo-app.png\",\"width\":281,\"height\":286,\"caption\":\"Deskmodder\"},\"image\":{\"@id\":\"https:\\\/\\\/www.deskmodder.de\\\/blog\\\/#\\\/schema\\\/logo\\\/image\\\/\"},\"sameAs\":[\"https:\\\/\\\/www.facebook.com\\\/Deskmodder\",\"https:\\\/\\\/x.com\\\/Deskmodder\",\"https:\\\/\\\/mastodontech.de\\\/@Deskmodder\",\"https:\\\/\\\/www.youtube.com\\\/user\\\/deskmodder\",\"https:\\\/\\\/mewe.com\\\/group\\\/5c83b5231add826fc80cdae1\"]},{\"@type\":\"Person\",\"@id\":\"https:\\\/\\\/www.deskmodder.de\\\/blog\\\/#\\\/schema\\\/person\\\/a40b17a9503c4a1568ac4073bb54182a\",\"name\":\"moinmoin\",\"image\":{\"@type\":\"ImageObject\",\"inLanguage\":\"de\",\"@id\":\"https:\\\/\\\/secure.gravatar.com\\\/avatar\\\/fab96769102f8886245ab411df9a42a235be79261e4b44aa7ab2a555da8b86b4?s=96&d=mm&r=g\",\"url\":\"https:\\\/\\\/secure.gravatar.com\\\/avatar\\\/fab96769102f8886245ab411df9a42a235be79261e4b44aa7ab2a555da8b86b4?s=96&d=mm&r=g\",\"contentUrl\":\"https:\\\/\\\/secure.gravatar.com\\\/avatar\\\/fab96769102f8886245ab411df9a42a235be79261e4b44aa7ab2a555da8b86b4?s=96&d=mm&r=g\",\"caption\":\"moinmoin\"},\"description\":\"Ich bin nicht allwissend, was Windows angeht. Aber genau deshalb nehme ich Windows gerne auseinander und unter die Lupe, um all mein Wissen zu erweitern. J\u00fcrgen\",\"url\":\"https:\\\/\\\/www.deskmodder.de\\\/blog\\\/author\\\/moinmoin\\\/\"}]}<\/script>\n<!-- \/ Yoast SEO Premium plugin. -->","yoast_head_json":{"title":"Dunkler Datei Explorer in der Windows 10 1809 - Ja, es ist nur der Explorer - Deskmodder.de","robots":{"index":"index","follow":"follow","max-snippet":"max-snippet:-1","max-image-preview":"max-image-preview:large","max-video-preview":"max-video-preview:-1"},"canonical":"https:\/\/www.deskmodder.de\/blog\/2018\/09\/29\/dunkler-datei-explorer-in-der-windows-10-1809-ja-es-ist-nur-der-explorer\/","og_locale":"de_DE","og_type":"article","og_title":"Dunkler Datei Explorer in der Windows 10 1809 - Ja, es ist nur der Explorer","og_description":"Nachdem wir in den Apps und Einstellungen den dunklen Modus schon haben, freuen sich viele auf die Windows 10 1809 17763. Denn dort wird auch der Datei Explorer in dunkel erscheinen, wenn man es denn unter Personalisierung -> Farben so&hellip;","og_url":"https:\/\/www.deskmodder.de\/blog\/2018\/09\/29\/dunkler-datei-explorer-in-der-windows-10-1809-ja-es-ist-nur-der-explorer\/","og_site_name":"Deskmodder.de","article_publisher":"https:\/\/www.facebook.com\/Deskmodder","article_published_time":"2018-09-29T08:45:43+00:00","og_image":[{"width":1326,"height":941,"url":"https:\/\/www.deskmodder.de\/blog\/wp-content\/uploads\/2018\/09\/systemsteuerung-hell-im-dunklen-modus-windwos-10-1809.jpg","type":"image\/jpeg"}],"author":"moinmoin","twitter_card":"summary_large_image","twitter_creator":"@Deskmodder","twitter_site":"@Deskmodder","schema":{"@context":"https:\/\/schema.org","@graph":[{"@type":"Article","@id":"https:\/\/www.deskmodder.de\/blog\/2018\/09\/29\/dunkler-datei-explorer-in-der-windows-10-1809-ja-es-ist-nur-der-explorer\/#article","isPartOf":{"@id":"https:\/\/www.deskmodder.de\/blog\/2018\/09\/29\/dunkler-datei-explorer-in-der-windows-10-1809-ja-es-ist-nur-der-explorer\/"},"author":{"name":"moinmoin","@id":"https:\/\/www.deskmodder.de\/blog\/#\/schema\/person\/a40b17a9503c4a1568ac4073bb54182a"},"headline":"Dunkler Datei Explorer in der Windows 10 1809 &#8211; Ja, es ist nur der Explorer","datePublished":"2018-09-29T08:45:43+00:00","mainEntityOfPage":{"@id":"https:\/\/www.deskmodder.de\/blog\/2018\/09\/29\/dunkler-datei-explorer-in-der-windows-10-1809-ja-es-ist-nur-der-explorer\/"},"wordCount":334,"commentCount":48,"publisher":{"@id":"https:\/\/www.deskmodder.de\/blog\/#organization"},"image":{"@id":"https:\/\/www.deskmodder.de\/blog\/2018\/09\/29\/dunkler-datei-explorer-in-der-windows-10-1809-ja-es-ist-nur-der-explorer\/#primaryimage"},"thumbnailUrl":"https:\/\/www.deskmodder.de\/blog\/wp-content\/uploads\/2018\/09\/systemsteuerung-hell-im-dunklen-modus-windwos-10-1809.jpg","keywords":["Dunkler Explorer","Systemsteuerung weiter hell","Win 10 dunkler Modus nicht \u00fcberall","Windows 10 17763","Windows 10 1809"],"articleSection":["Windows 10"],"inLanguage":"de","potentialAction":[{"@type":"CommentAction","name":"Comment","target":["https:\/\/www.deskmodder.de\/blog\/2018\/09\/29\/dunkler-datei-explorer-in-der-windows-10-1809-ja-es-ist-nur-der-explorer\/#respond"]}],"copyrightYear":"2018","copyrightHolder":{"@id":"https:\/\/www.deskmodder.de\/blog\/#organization"}},{"@type":"WebPage","@id":"https:\/\/www.deskmodder.de\/blog\/2018\/09\/29\/dunkler-datei-explorer-in-der-windows-10-1809-ja-es-ist-nur-der-explorer\/","url":"https:\/\/www.deskmodder.de\/blog\/2018\/09\/29\/dunkler-datei-explorer-in-der-windows-10-1809-ja-es-ist-nur-der-explorer\/","name":"Dunkler Datei Explorer in der Windows 10 1809 - Ja, es ist nur der Explorer - Deskmodder.de","isPartOf":{"@id":"https:\/\/www.deskmodder.de\/blog\/#website"},"primaryImageOfPage":{"@id":"https:\/\/www.deskmodder.de\/blog\/2018\/09\/29\/dunkler-datei-explorer-in-der-windows-10-1809-ja-es-ist-nur-der-explorer\/#primaryimage"},"image":{"@id":"https:\/\/www.deskmodder.de\/blog\/2018\/09\/29\/dunkler-datei-explorer-in-der-windows-10-1809-ja-es-ist-nur-der-explorer\/#primaryimage"},"thumbnailUrl":"https:\/\/www.deskmodder.de\/blog\/wp-content\/uploads\/2018\/09\/systemsteuerung-hell-im-dunklen-modus-windwos-10-1809.jpg","datePublished":"2018-09-29T08:45:43+00:00","breadcrumb":{"@id":"https:\/\/www.deskmodder.de\/blog\/2018\/09\/29\/dunkler-datei-explorer-in-der-windows-10-1809-ja-es-ist-nur-der-explorer\/#breadcrumb"},"inLanguage":"de","potentialAction":[{"@type":"ReadAction","target":["https:\/\/www.deskmodder.de\/blog\/2018\/09\/29\/dunkler-datei-explorer-in-der-windows-10-1809-ja-es-ist-nur-der-explorer\/"]}]},{"@type":"ImageObject","inLanguage":"de","@id":"https:\/\/www.deskmodder.de\/blog\/2018\/09\/29\/dunkler-datei-explorer-in-der-windows-10-1809-ja-es-ist-nur-der-explorer\/#primaryimage","url":"https:\/\/www.deskmodder.de\/blog\/wp-content\/uploads\/2018\/09\/systemsteuerung-hell-im-dunklen-modus-windwos-10-1809.jpg","contentUrl":"https:\/\/www.deskmodder.de\/blog\/wp-content\/uploads\/2018\/09\/systemsteuerung-hell-im-dunklen-modus-windwos-10-1809.jpg","width":1326,"height":941},{"@type":"BreadcrumbList","@id":"https:\/\/www.deskmodder.de\/blog\/2018\/09\/29\/dunkler-datei-explorer-in-der-windows-10-1809-ja-es-ist-nur-der-explorer\/#breadcrumb","itemListElement":[{"@type":"ListItem","position":1,"name":"Startseite","item":"https:\/\/www.deskmodder.de\/blog\/"},{"@type":"ListItem","position":2,"name":"Dunkler Datei Explorer in der Windows 10 1809 &#8211; Ja, es ist nur der Explorer"}]},{"@type":"WebSite","@id":"https:\/\/www.deskmodder.de\/blog\/#website","url":"https:\/\/www.deskmodder.de\/blog\/","name":"Deskmodder.de","description":"News zum Thema Microsoft, Windows 11 \/ 10, sowie anderen Neuigkeiten aus dem Netz, viele Tipps und individuelle Hilfe bei Problemen in unserem Forum \u25cf Deskmodder - seit 2003","publisher":{"@id":"https:\/\/www.deskmodder.de\/blog\/#organization"},"potentialAction":[{"@type":"SearchAction","target":{"@type":"EntryPoint","urlTemplate":"https:\/\/www.deskmodder.de\/blog\/?s={search_term_string}"},"query-input":{"@type":"PropertyValueSpecification","valueRequired":true,"valueName":"search_term_string"}}],"inLanguage":"de"},{"@type":"Organization","@id":"https:\/\/www.deskmodder.de\/blog\/#organization","name":"Deskmodder","url":"https:\/\/www.deskmodder.de\/blog\/","logo":{"@type":"ImageObject","inLanguage":"de","@id":"https:\/\/www.deskmodder.de\/blog\/#\/schema\/logo\/image\/","url":"https:\/\/www.deskmodder.de\/blog\/wp-content\/uploads\/2019\/01\/deskmodder-logo-app.png","contentUrl":"https:\/\/www.deskmodder.de\/blog\/wp-content\/uploads\/2019\/01\/deskmodder-logo-app.png","width":281,"height":286,"caption":"Deskmodder"},"image":{"@id":"https:\/\/www.deskmodder.de\/blog\/#\/schema\/logo\/image\/"},"sameAs":["https:\/\/www.facebook.com\/Deskmodder","https:\/\/x.com\/Deskmodder","https:\/\/mastodontech.de\/@Deskmodder","https:\/\/www.youtube.com\/user\/deskmodder","https:\/\/mewe.com\/group\/5c83b5231add826fc80cdae1"]},{"@type":"Person","@id":"https:\/\/www.deskmodder.de\/blog\/#\/schema\/person\/a40b17a9503c4a1568ac4073bb54182a","name":"moinmoin","image":{"@type":"ImageObject","inLanguage":"de","@id":"https:\/\/secure.gravatar.com\/avatar\/fab96769102f8886245ab411df9a42a235be79261e4b44aa7ab2a555da8b86b4?s=96&d=mm&r=g","url":"https:\/\/secure.gravatar.com\/avatar\/fab96769102f8886245ab411df9a42a235be79261e4b44aa7ab2a555da8b86b4?s=96&d=mm&r=g","contentUrl":"https:\/\/secure.gravatar.com\/avatar\/fab96769102f8886245ab411df9a42a235be79261e4b44aa7ab2a555da8b86b4?s=96&d=mm&r=g","caption":"moinmoin"},"description":"Ich bin nicht allwissend, was Windows angeht. Aber genau deshalb nehme ich Windows gerne auseinander und unter die Lupe, um all mein Wissen zu erweitern. J\u00fcrgen","url":"https:\/\/www.deskmodder.de\/blog\/author\/moinmoin\/"}]}},"jetpack_publicize_connections":[],"jetpack_featured_media_url":"https:\/\/www.deskmodder.de\/blog\/wp-content\/uploads\/2018\/09\/systemsteuerung-hell-im-dunklen-modus-windwos-10-1809.jpg","_links":{"self":[{"href":"https:\/\/www.deskmodder.de\/blog\/wp-json\/wp\/v2\/posts\/108688","targetHints":{"allow":["GET"]}}],"collection":[{"href":"https:\/\/www.deskmodder.de\/blog\/wp-json\/wp\/v2\/posts"}],"about":[{"href":"https:\/\/www.deskmodder.de\/blog\/wp-json\/wp\/v2\/types\/post"}],"author":[{"embeddable":true,"href":"https:\/\/www.deskmodder.de\/blog\/wp-json\/wp\/v2\/users\/134"}],"replies":[{"embeddable":true,"href":"https:\/\/www.deskmodder.de\/blog\/wp-json\/wp\/v2\/comments?post=108688"}],"version-history":[{"count":0,"href":"https:\/\/www.deskmodder.de\/blog\/wp-json\/wp\/v2\/posts\/108688\/revisions"}],"wp:featuredmedia":[{"embeddable":true,"href":"https:\/\/www.deskmodder.de\/blog\/wp-json\/wp\/v2\/media\/108690"}],"wp:attachment":[{"href":"https:\/\/www.deskmodder.de\/blog\/wp-json\/wp\/v2\/media?parent=108688"}],"wp:term":[{"taxonomy":"category","embeddable":true,"href":"https:\/\/www.deskmodder.de\/blog\/wp-json\/wp\/v2\/categories?post=108688"},{"taxonomy":"post_tag","embeddable":true,"href":"https:\/\/www.deskmodder.de\/blog\/wp-json\/wp\/v2\/tags?post=108688"}],"curies":[{"name":"wp","href":"https:\/\/api.w.org\/{rel}","templated":true}]}}