{"id":107092,"date":"2018-08-30T18:48:29","date_gmt":"2018-08-30T16:48:29","guid":{"rendered":"https:\/\/www.deskmodder.de\/blog\/?p=107092"},"modified":"2018-10-02T21:14:21","modified_gmt":"2018-10-02T19:14:21","slug":"office-365-home-und-personal-mit-positiven-abo-aenderungen-zum-2-oktober","status":"publish","type":"post","link":"https:\/\/www.deskmodder.de\/blog\/2018\/08\/30\/office-365-home-und-personal-mit-positiven-abo-aenderungen-zum-2-oktober\/","title":{"rendered":"Office 365 Home und Personal mit positiven Abo-\u00c4nderungen zum 2.Oktober"},"content":{"rendered":"<p>Wie Microsoft in einem Blog-Post berichtet werden die Abos f\u00fcr Office 365 Home und Office 365 Personal angepasst. Die Office 365 Home konnten bisher 5 Nutzer auf 10 Ger\u00e4ten installieren. Das \u00e4ndert sich zum 2.Oktober 2018 sind es dann 6 Nutzer, die Word, Excel, PowerPoint, Outlook und OneNote inklusive der jeweils 1 TB OneDrive (= 6 TB) Speicher nutzen k\u00f6nnen. Der Preis von 99 Euro bleibt dabei gleich.<\/p>\n<p>Der Clou dabei ist. Man kann die Home-Version auf einer unbegrenzten Anzahl von Ger\u00e4ten installieren. Jeder Nutzer kann auf f\u00fcnf Ger\u00e4ten gleichzeitig angemeldet sein. Bedeutet, man kann 30x Office gleichzeitig laufen lassen. Bei der Office 365 Personal f\u00fcr 69 Euro war es bisher auf einen Benutzer und 2 Endger\u00e4te gleichzeitig beschr\u00e4nkt. (PC oder Mac + 1 Tablet) Auch hier erh\u00f6ht man es. Hier kann Office auf mehreren Ger\u00e4ten installiert werden, man kann sich auf 5 Ger\u00e4ten gleichzeitig anmelden. Auch hier bleibt der Preis gleich.<\/p>\n<p><a href=\"https:\/\/www.deskmodder.de\/blog\/wp-content\/uploads\/2015\/09\/office-logo.jpg\" rel=\"lightbox[107092]\"><img loading=\"lazy\" decoding=\"async\" class=\"aligncenter wp-image-53585 size-full\" src=\"https:\/\/www.deskmodder.de\/blog\/wp-content\/uploads\/2015\/09\/office-logo.jpg\" alt=\"\" width=\"779\" height=\"389\" \/><\/a><\/p>\n<blockquote class=\"quote_border_top\">\"Seit der Einf\u00fchrung der Office 365-Abonnements im Jahr 2014 ist Office.com\/MyAccount der Ausgangspunkt f\u00fcr die gesamte Kontof\u00fchrung. Wir freuen uns, Ihnen mitteilen zu k\u00f6nnen, dass Sie Ihr Office 365-Abonnement jetzt direkt von account.microsoft.com aus verwalten k\u00f6nnen &#8211; dem einzigen Ort, an dem Sie alle Ihre Microsoft-Abonnements verwalten, Ihre Microsoft Rewards einl\u00f6sen und auf andere Microsoft-Vorteile zugreifen k\u00f6nnen. \"<\/blockquote>\n<p>Eine tolle Sache. Auch wenn viele dieses Limit in der Familie sicherlich nicht ausnutzen k\u00f6nnen. Somit wird das Angebot egal ob Personal oder Home noch attraktiver gegen\u00fcber einem Kauf der Box-Version.<\/p>\n<div class=\"quellenzeile\"><div class=\"quelle\">Quelle: <a href=\"https:\/\/techcommunity.microsoft.com\/t5\/Office-365-Blog\/You-re-about-to-get-even-more-from-your-Office-365-Home-or\/ba-p\/234907\" target=\"_blank\" rel=\"noopener\">techcommunity.microsoft.com\/Office-365-Blog<\/a><\/div> <div class=\"viaquelle\">via: <a href=\"https:\/\/www.zdnet.com\/article\/microsoft-to-increase-device-limits-for-office-365-consumer-subscription-users\/\" target=\"_blank\" rel=\"noopener\">zdnet<\/a><\/div><\/div>\n","protected":false},"excerpt":{"rendered":"<p>Wie Microsoft in einem Blog-Post berichtet werden die Abos f\u00fcr Office 365 Home und Office 365 Personal angepasst. Die Office 365 Home konnten bisher 5 Nutzer auf 10 Ger\u00e4ten installieren. Das \u00e4ndert sich zum 2.Oktober 2018 sind es dann 6&hellip; <\/p>\n","protected":false},"author":134,"featured_media":32250,"comment_status":"open","ping_status":"open","sticky":false,"template":"","format":"standard","meta":{"jetpack_post_was_ever_published":false,"footnotes":"","jetpack_publicize_message":"","jetpack_publicize_feature_enabled":true,"jetpack_social_post_already_shared":true,"jetpack_social_options":{"image_generator_settings":{"template":"highway","default_image_id":0,"font":"","enabled":false},"version":2}},"categories":[152],"tags":[43821,43820,5388,11568],"class_list":["post-107092","post","type-post","status-publish","format-standard","has-post-thumbnail","hentry","category-software","tag-aenderungen-office-365","tag-auf-wie-vielen-geraeten-installieren","tag-office-365-home","tag-office-365-personal"],"wp_featured_image":{"id":32250,"alt_text":"","description":"","media_type":"image","media_details":{"width":300,"height":166,"file":"2014\/09\/office-365.jpg","sizes":{"thumbnail":{"file":"office-365-150x150.jpg","width":150,"height":150,"mime-type":"image\/jpeg","source_url":"https:\/\/www.deskmodder.de\/blog\/wp-content\/uploads\/2014\/09\/office-365-150x150.jpg"},"medium":{"file":"office-365-150x83.jpg","width":150,"height":83,"mime-type":"image\/jpeg","source_url":"https:\/\/www.deskmodder.de\/blog\/wp-content\/uploads\/2014\/09\/office-365-150x83.jpg"}},"image_meta":{"aperture":0,"credit":"","camera":"","caption":"","created_timestamp":0,"copyright":"","focal_length":0,"iso":0,"shutter_speed":0,"title":"","orientation":0}},"post":32248,"source_url":"https:\/\/www.deskmodder.de\/blog\/wp-content\/uploads\/2014\/09\/office-365.jpg"},"commentcount":6,"wp_comments":[{"id":80080,"parent":0,"author":2819,"author_name":"KeyserSoze","author_email":"ahmedschlickum@web.de","author_url":"","author_avatar_urls":{"24":"https:\/\/secure.gravatar.com\/avatar\/ea2aef017dab1e7b1a1fb5263914c0e19c5f81495b5196683aae99b329b9e46f?s=24&d=mm&r=g","48":"https:\/\/secure.gravatar.com\/avatar\/ea2aef017dab1e7b1a1fb5263914c0e19c5f81495b5196683aae99b329b9e46f?s=48&d=mm&r=g","96":"https:\/\/secure.gravatar.com\/avatar\/ea2aef017dab1e7b1a1fb5263914c0e19c5f81495b5196683aae99b329b9e46f?s=96&d=mm&r=g"},"date":"2018-08-31T10:59:04","cld_nonce":"2c6819c04b","content":{"rendered":"<p>Gut das ich den Ganzen Artikel gelesen habe &amp; nicht nur die \u00dcberschrift : )<br \/>\nIch nutze seit Jahren 365 Personal, wusste aber nicht das es auf 3 Endger\u00e4ten genutzt werden kann.<br \/>\nIch habe 2 Ger\u00e4te, sie laufen nie gleichzeitig, auf dem einen l\u00e4uft 365 Personal,<br \/>\nauf dem anderen Free Office 2018 (Gutes Programm), ab heute l\u00e4uft auf beiden dann 365 Personal : )<\/p>\n"},"status":"1"},{"id":80086,"parent":80080,"author":2819,"author_name":"KeyserSoze","author_email":"ahmedschlickum@web.de","author_url":"","author_avatar_urls":{"24":"https:\/\/secure.gravatar.com\/avatar\/ea2aef017dab1e7b1a1fb5263914c0e19c5f81495b5196683aae99b329b9e46f?s=24&d=mm&r=g","48":"https:\/\/secure.gravatar.com\/avatar\/ea2aef017dab1e7b1a1fb5263914c0e19c5f81495b5196683aae99b329b9e46f?s=48&d=mm&r=g","96":"https:\/\/secure.gravatar.com\/avatar\/ea2aef017dab1e7b1a1fb5263914c0e19c5f81495b5196683aae99b329b9e46f?s=96&d=mm&r=g"},"date":"2018-08-31T12:03:08","cld_nonce":"2c6819c04b","content":{"rendered":"<p>Wegen den Angaben hier, zu den bisherigen 365 Personal M\u00f6glichkeiten<br \/>\nbin ich etwas verwirrt, ich kenne nur die offiziellen Angaben von MS:<\/p>\n<p>Office 365 Personal beschr\u00e4nkt die Installation<br \/>\nauf entweder einen PC oder Mac und ein Tablet.<\/p>\n<p>So wie es hier geschrieben steht, liest es sich so als ob es auf 3 Ger\u00e4ten gleichzeitig<br \/>\ninstalliert &amp; genutzt werden kann!<\/p>\n"},"status":"1"},{"id":80089,"parent":80086,"author":134,"author_name":"moinmoin","author_email":"moin-moin@hab-verschlafen.de","author_url":"","author_avatar_urls":{"24":"https:\/\/secure.gravatar.com\/avatar\/fab96769102f8886245ab411df9a42a235be79261e4b44aa7ab2a555da8b86b4?s=24&d=mm&r=g","48":"https:\/\/secure.gravatar.com\/avatar\/fab96769102f8886245ab411df9a42a235be79261e4b44aa7ab2a555da8b86b4?s=48&d=mm&r=g","96":"https:\/\/secure.gravatar.com\/avatar\/fab96769102f8886245ab411df9a42a235be79261e4b44aa7ab2a555da8b86b4?s=96&d=mm&r=g"},"date":"2018-08-31T12:21:57","cld_nonce":"2c6819c04b","content":{"rendered":"<p>Du hast recht. Hatte das &#8222;oder&#8220; dazwischen \u00fcbersehen. Ist oben korrigiert.<br \/>\nIst dann ab dem 2.Oktober aber auf 5 Ger\u00e4te erweitert.<\/p>\n"},"status":"1"},{"id":80090,"parent":0,"author":0,"author_name":"Andy","author_email":"zunar@gmx.de","author_url":"","author_avatar_urls":{"24":"https:\/\/secure.gravatar.com\/avatar\/e4111347ec0ba1aa39ba838f08cf5795f21e609ddb668faad23e74f184d3b916?s=24&d=mm&r=g","48":"https:\/\/secure.gravatar.com\/avatar\/e4111347ec0ba1aa39ba838f08cf5795f21e609ddb668faad23e74f184d3b916?s=48&d=mm&r=g","96":"https:\/\/secure.gravatar.com\/avatar\/e4111347ec0ba1aa39ba838f08cf5795f21e609ddb668faad23e74f184d3b916?s=96&d=mm&r=g"},"date":"2018-08-31T13:06:48","cld_nonce":"2c6819c04b","content":{"rendered":"<p>Mich konnte das Abomodell bisher nie \u00fcberzeugen, weil ich vieles davon nicht nutze.<br \/>\nIch musste mich bisher immer f\u00fcr das Professional-Paket entscheiden wegen Word, Excel, Outlook, (Access in der Firma).<br \/>\nRechne ich das Abo mit 69,00 \u20ac pro Jahr, sind es 690,00 \u20ac in zehn Jahren.<br \/>\nWenn ich Office 2016 Prof kaufe, sind es 539,00 \u20ac.  Lebenszyklus ist 10 Jahre.<\/p>\n<p>Die neuen Funktionen, die permanent eingebaut werden, brauchte ich bisher nicht. Ich k\u00f6nnte noch mit Office 2003, ohne dass ich etwas vermisse, arbeiten. Es fiele mir sogar leichter, da ich mich an das Ribbon immer noch nicht gew\u00f6hnen konnte. Bei mir dauert das oft l\u00e4nger, bis ich einen bestimmten Knopf gefunden habe&#8230;. Man klickt so viel hin und her&#8230;.<\/p>\n"},"status":"1"},{"id":80104,"parent":0,"author":2860,"author_name":"Toomster","author_email":"toomster@web.de","author_url":"","author_avatar_urls":{"24":"https:\/\/secure.gravatar.com\/avatar\/37f4a0fed8c2de9ed6362f1687e0400dd6b95fcf1473a4e64f54824f7f725fe2?s=24&d=mm&r=g","48":"https:\/\/secure.gravatar.com\/avatar\/37f4a0fed8c2de9ed6362f1687e0400dd6b95fcf1473a4e64f54824f7f725fe2?s=48&d=mm&r=g","96":"https:\/\/secure.gravatar.com\/avatar\/37f4a0fed8c2de9ed6362f1687e0400dd6b95fcf1473a4e64f54824f7f725fe2?s=96&d=mm&r=g"},"date":"2018-08-31T14:41:49","cld_nonce":"2c6819c04b","content":{"rendered":"<p>Ich hoffe ja, dass die 5 Ger\u00e4te etwas flexibler als bisher ausgelegt werden, dann k\u00f6nnte ich es auf Desktop und Surface nutzen, was nat\u00fcrlich deutlich von Vorteil w\u00e4re.<\/p>\n"},"status":"1"},{"id":80107,"parent":80104,"author":134,"author_name":"moinmoin","author_email":"moin-moin@hab-verschlafen.de","author_url":"","author_avatar_urls":{"24":"https:\/\/secure.gravatar.com\/avatar\/fab96769102f8886245ab411df9a42a235be79261e4b44aa7ab2a555da8b86b4?s=24&d=mm&r=g","48":"https:\/\/secure.gravatar.com\/avatar\/fab96769102f8886245ab411df9a42a235be79261e4b44aa7ab2a555da8b86b4?s=48&d=mm&r=g","96":"https:\/\/secure.gravatar.com\/avatar\/fab96769102f8886245ab411df9a42a235be79261e4b44aa7ab2a555da8b86b4?s=96&d=mm&r=g"},"date":"2018-08-31T15:23:34","cld_nonce":"2c6819c04b","content":{"rendered":"<p>Da gibt es dann keine Vorgaben mehr.<\/p>\n"},"status":"1"}],"wp_author":{"id":134,"name":"moinmoin","description":"Ich bin nicht allwissend, was <a href=\"https:\/\/www.deskmodder.de\/wiki\/index.php?title=Kategorie:Windows_11\">Windows<\/a> angeht. Aber genau deshalb nehme ich Windows gerne auseinander und unter die Lupe, um all mein Wissen zu erweitern. <i>J\u00fcrgen<\/i>","author_avatar_urls":{"24":"https:\/\/secure.gravatar.com\/avatar\/fab96769102f8886245ab411df9a42a235be79261e4b44aa7ab2a555da8b86b4?s=24&d=mm&r=g","48":"https:\/\/secure.gravatar.com\/avatar\/fab96769102f8886245ab411df9a42a235be79261e4b44aa7ab2a555da8b86b4?s=48&d=mm&r=g","96":"https:\/\/secure.gravatar.com\/avatar\/fab96769102f8886245ab411df9a42a235be79261e4b44aa7ab2a555da8b86b4?s=96&d=mm&r=g"}},"cld_nonce":"2c6819c04b","yoast_head":"<!-- This site is optimized with the Yoast SEO Premium plugin v27.5 (Yoast SEO v27.5) - https:\/\/yoast.com\/product\/yoast-seo-premium-wordpress\/ -->\n<title>Office 365 Home und Personal mit positiven Abo-\u00c4nderungen zum 2.Oktober - Deskmodder.de<\/title>\n<meta name=\"robots\" content=\"index, follow, max-snippet:-1, max-image-preview:large, max-video-preview:-1\" \/>\n<link rel=\"canonical\" href=\"https:\/\/www.deskmodder.de\/blog\/2018\/08\/30\/office-365-home-und-personal-mit-positiven-abo-aenderungen-zum-2-oktober\/\" \/>\n<meta property=\"og:locale\" content=\"de_DE\" \/>\n<meta property=\"og:type\" content=\"article\" \/>\n<meta property=\"og:title\" content=\"Office 365 Home und Personal mit positiven Abo-\u00c4nderungen zum 2.Oktober\" \/>\n<meta property=\"og:description\" content=\"Wie Microsoft in einem Blog-Post berichtet werden die Abos f\u00fcr Office 365 Home und Office 365 Personal angepasst. Die Office 365 Home konnten bisher 5 Nutzer auf 10 Ger\u00e4ten installieren. Das \u00e4ndert sich zum 2.Oktober 2018 sind es dann 6&hellip;\" \/>\n<meta property=\"og:url\" content=\"https:\/\/www.deskmodder.de\/blog\/2018\/08\/30\/office-365-home-und-personal-mit-positiven-abo-aenderungen-zum-2-oktober\/\" \/>\n<meta property=\"og:site_name\" content=\"Deskmodder.de\" \/>\n<meta property=\"article:publisher\" content=\"https:\/\/www.facebook.com\/Deskmodder\" \/>\n<meta property=\"article:published_time\" content=\"2018-08-30T16:48:29+00:00\" \/>\n<meta property=\"article:modified_time\" content=\"2018-10-02T19:14:21+00:00\" \/>\n<meta property=\"og:image\" content=\"https:\/\/www.deskmodder.de\/blog\/wp-content\/uploads\/2014\/09\/office-365.jpg\" \/>\n\t<meta property=\"og:image:width\" content=\"300\" \/>\n\t<meta property=\"og:image:height\" content=\"166\" \/>\n\t<meta property=\"og:image:type\" content=\"image\/jpeg\" \/>\n<meta name=\"author\" content=\"moinmoin\" \/>\n<meta name=\"twitter:card\" content=\"summary_large_image\" \/>\n<meta name=\"twitter:creator\" content=\"@Deskmodder\" \/>\n<meta name=\"twitter:site\" content=\"@Deskmodder\" \/>\n<script type=\"application\/ld+json\" class=\"yoast-schema-graph\">{\"@context\":\"https:\\\/\\\/schema.org\",\"@graph\":[{\"@type\":\"Article\",\"@id\":\"https:\\\/\\\/www.deskmodder.de\\\/blog\\\/2018\\\/08\\\/30\\\/office-365-home-und-personal-mit-positiven-abo-aenderungen-zum-2-oktober\\\/#article\",\"isPartOf\":{\"@id\":\"https:\\\/\\\/www.deskmodder.de\\\/blog\\\/2018\\\/08\\\/30\\\/office-365-home-und-personal-mit-positiven-abo-aenderungen-zum-2-oktober\\\/\"},\"author\":{\"name\":\"moinmoin\",\"@id\":\"https:\\\/\\\/www.deskmodder.de\\\/blog\\\/#\\\/schema\\\/person\\\/a40b17a9503c4a1568ac4073bb54182a\"},\"headline\":\"Office 365 Home und Personal mit positiven Abo-\u00c4nderungen zum 2.Oktober\",\"datePublished\":\"2018-08-30T16:48:29+00:00\",\"dateModified\":\"2018-10-02T19:14:21+00:00\",\"mainEntityOfPage\":{\"@id\":\"https:\\\/\\\/www.deskmodder.de\\\/blog\\\/2018\\\/08\\\/30\\\/office-365-home-und-personal-mit-positiven-abo-aenderungen-zum-2-oktober\\\/\"},\"wordCount\":276,\"commentCount\":6,\"publisher\":{\"@id\":\"https:\\\/\\\/www.deskmodder.de\\\/blog\\\/#organization\"},\"image\":{\"@id\":\"https:\\\/\\\/www.deskmodder.de\\\/blog\\\/2018\\\/08\\\/30\\\/office-365-home-und-personal-mit-positiven-abo-aenderungen-zum-2-oktober\\\/#primaryimage\"},\"thumbnailUrl\":\"https:\\\/\\\/www.deskmodder.de\\\/blog\\\/wp-content\\\/uploads\\\/2014\\\/09\\\/office-365.jpg\",\"keywords\":[\"\u00c4nderungen Office 365\",\"Auf wie vielen Ger\u00e4ten installieren\",\"Office 365 Home\",\"Office 365 Personal\"],\"articleSection\":[\"Software &amp; Updates\"],\"inLanguage\":\"de\",\"potentialAction\":[{\"@type\":\"CommentAction\",\"name\":\"Comment\",\"target\":[\"https:\\\/\\\/www.deskmodder.de\\\/blog\\\/2018\\\/08\\\/30\\\/office-365-home-und-personal-mit-positiven-abo-aenderungen-zum-2-oktober\\\/#respond\"]}],\"copyrightYear\":\"2018\",\"copyrightHolder\":{\"@id\":\"https:\\\/\\\/www.deskmodder.de\\\/blog\\\/#organization\"}},{\"@type\":\"WebPage\",\"@id\":\"https:\\\/\\\/www.deskmodder.de\\\/blog\\\/2018\\\/08\\\/30\\\/office-365-home-und-personal-mit-positiven-abo-aenderungen-zum-2-oktober\\\/\",\"url\":\"https:\\\/\\\/www.deskmodder.de\\\/blog\\\/2018\\\/08\\\/30\\\/office-365-home-und-personal-mit-positiven-abo-aenderungen-zum-2-oktober\\\/\",\"name\":\"Office 365 Home und Personal mit positiven Abo-\u00c4nderungen zum 2.Oktober - Deskmodder.de\",\"isPartOf\":{\"@id\":\"https:\\\/\\\/www.deskmodder.de\\\/blog\\\/#website\"},\"primaryImageOfPage\":{\"@id\":\"https:\\\/\\\/www.deskmodder.de\\\/blog\\\/2018\\\/08\\\/30\\\/office-365-home-und-personal-mit-positiven-abo-aenderungen-zum-2-oktober\\\/#primaryimage\"},\"image\":{\"@id\":\"https:\\\/\\\/www.deskmodder.de\\\/blog\\\/2018\\\/08\\\/30\\\/office-365-home-und-personal-mit-positiven-abo-aenderungen-zum-2-oktober\\\/#primaryimage\"},\"thumbnailUrl\":\"https:\\\/\\\/www.deskmodder.de\\\/blog\\\/wp-content\\\/uploads\\\/2014\\\/09\\\/office-365.jpg\",\"datePublished\":\"2018-08-30T16:48:29+00:00\",\"dateModified\":\"2018-10-02T19:14:21+00:00\",\"breadcrumb\":{\"@id\":\"https:\\\/\\\/www.deskmodder.de\\\/blog\\\/2018\\\/08\\\/30\\\/office-365-home-und-personal-mit-positiven-abo-aenderungen-zum-2-oktober\\\/#breadcrumb\"},\"inLanguage\":\"de\",\"potentialAction\":[{\"@type\":\"ReadAction\",\"target\":[\"https:\\\/\\\/www.deskmodder.de\\\/blog\\\/2018\\\/08\\\/30\\\/office-365-home-und-personal-mit-positiven-abo-aenderungen-zum-2-oktober\\\/\"]}]},{\"@type\":\"ImageObject\",\"inLanguage\":\"de\",\"@id\":\"https:\\\/\\\/www.deskmodder.de\\\/blog\\\/2018\\\/08\\\/30\\\/office-365-home-und-personal-mit-positiven-abo-aenderungen-zum-2-oktober\\\/#primaryimage\",\"url\":\"https:\\\/\\\/www.deskmodder.de\\\/blog\\\/wp-content\\\/uploads\\\/2014\\\/09\\\/office-365.jpg\",\"contentUrl\":\"https:\\\/\\\/www.deskmodder.de\\\/blog\\\/wp-content\\\/uploads\\\/2014\\\/09\\\/office-365.jpg\",\"width\":300,\"height\":166},{\"@type\":\"BreadcrumbList\",\"@id\":\"https:\\\/\\\/www.deskmodder.de\\\/blog\\\/2018\\\/08\\\/30\\\/office-365-home-und-personal-mit-positiven-abo-aenderungen-zum-2-oktober\\\/#breadcrumb\",\"itemListElement\":[{\"@type\":\"ListItem\",\"position\":1,\"name\":\"Startseite\",\"item\":\"https:\\\/\\\/www.deskmodder.de\\\/blog\\\/\"},{\"@type\":\"ListItem\",\"position\":2,\"name\":\"Office 365 Home und Personal mit positiven Abo-\u00c4nderungen zum 2.Oktober\"}]},{\"@type\":\"WebSite\",\"@id\":\"https:\\\/\\\/www.deskmodder.de\\\/blog\\\/#website\",\"url\":\"https:\\\/\\\/www.deskmodder.de\\\/blog\\\/\",\"name\":\"Deskmodder.de\",\"description\":\"News zum Thema Microsoft, Windows 11 \\\/ 10, sowie anderen Neuigkeiten aus dem Netz, viele Tipps und individuelle Hilfe bei Problemen in unserem Forum \u25cf Deskmodder - seit 2003\",\"publisher\":{\"@id\":\"https:\\\/\\\/www.deskmodder.de\\\/blog\\\/#organization\"},\"potentialAction\":[{\"@type\":\"SearchAction\",\"target\":{\"@type\":\"EntryPoint\",\"urlTemplate\":\"https:\\\/\\\/www.deskmodder.de\\\/blog\\\/?s={search_term_string}\"},\"query-input\":{\"@type\":\"PropertyValueSpecification\",\"valueRequired\":true,\"valueName\":\"search_term_string\"}}],\"inLanguage\":\"de\"},{\"@type\":\"Organization\",\"@id\":\"https:\\\/\\\/www.deskmodder.de\\\/blog\\\/#organization\",\"name\":\"Deskmodder\",\"url\":\"https:\\\/\\\/www.deskmodder.de\\\/blog\\\/\",\"logo\":{\"@type\":\"ImageObject\",\"inLanguage\":\"de\",\"@id\":\"https:\\\/\\\/www.deskmodder.de\\\/blog\\\/#\\\/schema\\\/logo\\\/image\\\/\",\"url\":\"https:\\\/\\\/www.deskmodder.de\\\/blog\\\/wp-content\\\/uploads\\\/2019\\\/01\\\/deskmodder-logo-app.png\",\"contentUrl\":\"https:\\\/\\\/www.deskmodder.de\\\/blog\\\/wp-content\\\/uploads\\\/2019\\\/01\\\/deskmodder-logo-app.png\",\"width\":281,\"height\":286,\"caption\":\"Deskmodder\"},\"image\":{\"@id\":\"https:\\\/\\\/www.deskmodder.de\\\/blog\\\/#\\\/schema\\\/logo\\\/image\\\/\"},\"sameAs\":[\"https:\\\/\\\/www.facebook.com\\\/Deskmodder\",\"https:\\\/\\\/x.com\\\/Deskmodder\",\"https:\\\/\\\/mastodontech.de\\\/@Deskmodder\",\"https:\\\/\\\/www.youtube.com\\\/user\\\/deskmodder\",\"https:\\\/\\\/mewe.com\\\/group\\\/5c83b5231add826fc80cdae1\"]},{\"@type\":\"Person\",\"@id\":\"https:\\\/\\\/www.deskmodder.de\\\/blog\\\/#\\\/schema\\\/person\\\/a40b17a9503c4a1568ac4073bb54182a\",\"name\":\"moinmoin\",\"image\":{\"@type\":\"ImageObject\",\"inLanguage\":\"de\",\"@id\":\"https:\\\/\\\/secure.gravatar.com\\\/avatar\\\/fab96769102f8886245ab411df9a42a235be79261e4b44aa7ab2a555da8b86b4?s=96&d=mm&r=g\",\"url\":\"https:\\\/\\\/secure.gravatar.com\\\/avatar\\\/fab96769102f8886245ab411df9a42a235be79261e4b44aa7ab2a555da8b86b4?s=96&d=mm&r=g\",\"contentUrl\":\"https:\\\/\\\/secure.gravatar.com\\\/avatar\\\/fab96769102f8886245ab411df9a42a235be79261e4b44aa7ab2a555da8b86b4?s=96&d=mm&r=g\",\"caption\":\"moinmoin\"},\"description\":\"Ich bin nicht allwissend, was Windows angeht. Aber genau deshalb nehme ich Windows gerne auseinander und unter die Lupe, um all mein Wissen zu erweitern. J\u00fcrgen\",\"url\":\"https:\\\/\\\/www.deskmodder.de\\\/blog\\\/author\\\/moinmoin\\\/\"}]}<\/script>\n<!-- \/ Yoast SEO Premium plugin. -->","yoast_head_json":{"title":"Office 365 Home und Personal mit positiven Abo-\u00c4nderungen zum 2.Oktober - Deskmodder.de","robots":{"index":"index","follow":"follow","max-snippet":"max-snippet:-1","max-image-preview":"max-image-preview:large","max-video-preview":"max-video-preview:-1"},"canonical":"https:\/\/www.deskmodder.de\/blog\/2018\/08\/30\/office-365-home-und-personal-mit-positiven-abo-aenderungen-zum-2-oktober\/","og_locale":"de_DE","og_type":"article","og_title":"Office 365 Home und Personal mit positiven Abo-\u00c4nderungen zum 2.Oktober","og_description":"Wie Microsoft in einem Blog-Post berichtet werden die Abos f\u00fcr Office 365 Home und Office 365 Personal angepasst. Die Office 365 Home konnten bisher 5 Nutzer auf 10 Ger\u00e4ten installieren. Das \u00e4ndert sich zum 2.Oktober 2018 sind es dann 6&hellip;","og_url":"https:\/\/www.deskmodder.de\/blog\/2018\/08\/30\/office-365-home-und-personal-mit-positiven-abo-aenderungen-zum-2-oktober\/","og_site_name":"Deskmodder.de","article_publisher":"https:\/\/www.facebook.com\/Deskmodder","article_published_time":"2018-08-30T16:48:29+00:00","article_modified_time":"2018-10-02T19:14:21+00:00","og_image":[{"width":300,"height":166,"url":"https:\/\/www.deskmodder.de\/blog\/wp-content\/uploads\/2014\/09\/office-365.jpg","type":"image\/jpeg"}],"author":"moinmoin","twitter_card":"summary_large_image","twitter_creator":"@Deskmodder","twitter_site":"@Deskmodder","schema":{"@context":"https:\/\/schema.org","@graph":[{"@type":"Article","@id":"https:\/\/www.deskmodder.de\/blog\/2018\/08\/30\/office-365-home-und-personal-mit-positiven-abo-aenderungen-zum-2-oktober\/#article","isPartOf":{"@id":"https:\/\/www.deskmodder.de\/blog\/2018\/08\/30\/office-365-home-und-personal-mit-positiven-abo-aenderungen-zum-2-oktober\/"},"author":{"name":"moinmoin","@id":"https:\/\/www.deskmodder.de\/blog\/#\/schema\/person\/a40b17a9503c4a1568ac4073bb54182a"},"headline":"Office 365 Home und Personal mit positiven Abo-\u00c4nderungen zum 2.Oktober","datePublished":"2018-08-30T16:48:29+00:00","dateModified":"2018-10-02T19:14:21+00:00","mainEntityOfPage":{"@id":"https:\/\/www.deskmodder.de\/blog\/2018\/08\/30\/office-365-home-und-personal-mit-positiven-abo-aenderungen-zum-2-oktober\/"},"wordCount":276,"commentCount":6,"publisher":{"@id":"https:\/\/www.deskmodder.de\/blog\/#organization"},"image":{"@id":"https:\/\/www.deskmodder.de\/blog\/2018\/08\/30\/office-365-home-und-personal-mit-positiven-abo-aenderungen-zum-2-oktober\/#primaryimage"},"thumbnailUrl":"https:\/\/www.deskmodder.de\/blog\/wp-content\/uploads\/2014\/09\/office-365.jpg","keywords":["\u00c4nderungen Office 365","Auf wie vielen Ger\u00e4ten installieren","Office 365 Home","Office 365 Personal"],"articleSection":["Software &amp; Updates"],"inLanguage":"de","potentialAction":[{"@type":"CommentAction","name":"Comment","target":["https:\/\/www.deskmodder.de\/blog\/2018\/08\/30\/office-365-home-und-personal-mit-positiven-abo-aenderungen-zum-2-oktober\/#respond"]}],"copyrightYear":"2018","copyrightHolder":{"@id":"https:\/\/www.deskmodder.de\/blog\/#organization"}},{"@type":"WebPage","@id":"https:\/\/www.deskmodder.de\/blog\/2018\/08\/30\/office-365-home-und-personal-mit-positiven-abo-aenderungen-zum-2-oktober\/","url":"https:\/\/www.deskmodder.de\/blog\/2018\/08\/30\/office-365-home-und-personal-mit-positiven-abo-aenderungen-zum-2-oktober\/","name":"Office 365 Home und Personal mit positiven Abo-\u00c4nderungen zum 2.Oktober - Deskmodder.de","isPartOf":{"@id":"https:\/\/www.deskmodder.de\/blog\/#website"},"primaryImageOfPage":{"@id":"https:\/\/www.deskmodder.de\/blog\/2018\/08\/30\/office-365-home-und-personal-mit-positiven-abo-aenderungen-zum-2-oktober\/#primaryimage"},"image":{"@id":"https:\/\/www.deskmodder.de\/blog\/2018\/08\/30\/office-365-home-und-personal-mit-positiven-abo-aenderungen-zum-2-oktober\/#primaryimage"},"thumbnailUrl":"https:\/\/www.deskmodder.de\/blog\/wp-content\/uploads\/2014\/09\/office-365.jpg","datePublished":"2018-08-30T16:48:29+00:00","dateModified":"2018-10-02T19:14:21+00:00","breadcrumb":{"@id":"https:\/\/www.deskmodder.de\/blog\/2018\/08\/30\/office-365-home-und-personal-mit-positiven-abo-aenderungen-zum-2-oktober\/#breadcrumb"},"inLanguage":"de","potentialAction":[{"@type":"ReadAction","target":["https:\/\/www.deskmodder.de\/blog\/2018\/08\/30\/office-365-home-und-personal-mit-positiven-abo-aenderungen-zum-2-oktober\/"]}]},{"@type":"ImageObject","inLanguage":"de","@id":"https:\/\/www.deskmodder.de\/blog\/2018\/08\/30\/office-365-home-und-personal-mit-positiven-abo-aenderungen-zum-2-oktober\/#primaryimage","url":"https:\/\/www.deskmodder.de\/blog\/wp-content\/uploads\/2014\/09\/office-365.jpg","contentUrl":"https:\/\/www.deskmodder.de\/blog\/wp-content\/uploads\/2014\/09\/office-365.jpg","width":300,"height":166},{"@type":"BreadcrumbList","@id":"https:\/\/www.deskmodder.de\/blog\/2018\/08\/30\/office-365-home-und-personal-mit-positiven-abo-aenderungen-zum-2-oktober\/#breadcrumb","itemListElement":[{"@type":"ListItem","position":1,"name":"Startseite","item":"https:\/\/www.deskmodder.de\/blog\/"},{"@type":"ListItem","position":2,"name":"Office 365 Home und Personal mit positiven Abo-\u00c4nderungen zum 2.Oktober"}]},{"@type":"WebSite","@id":"https:\/\/www.deskmodder.de\/blog\/#website","url":"https:\/\/www.deskmodder.de\/blog\/","name":"Deskmodder.de","description":"News zum Thema Microsoft, Windows 11 \/ 10, sowie anderen Neuigkeiten aus dem Netz, viele Tipps und individuelle Hilfe bei Problemen in unserem Forum \u25cf Deskmodder - seit 2003","publisher":{"@id":"https:\/\/www.deskmodder.de\/blog\/#organization"},"potentialAction":[{"@type":"SearchAction","target":{"@type":"EntryPoint","urlTemplate":"https:\/\/www.deskmodder.de\/blog\/?s={search_term_string}"},"query-input":{"@type":"PropertyValueSpecification","valueRequired":true,"valueName":"search_term_string"}}],"inLanguage":"de"},{"@type":"Organization","@id":"https:\/\/www.deskmodder.de\/blog\/#organization","name":"Deskmodder","url":"https:\/\/www.deskmodder.de\/blog\/","logo":{"@type":"ImageObject","inLanguage":"de","@id":"https:\/\/www.deskmodder.de\/blog\/#\/schema\/logo\/image\/","url":"https:\/\/www.deskmodder.de\/blog\/wp-content\/uploads\/2019\/01\/deskmodder-logo-app.png","contentUrl":"https:\/\/www.deskmodder.de\/blog\/wp-content\/uploads\/2019\/01\/deskmodder-logo-app.png","width":281,"height":286,"caption":"Deskmodder"},"image":{"@id":"https:\/\/www.deskmodder.de\/blog\/#\/schema\/logo\/image\/"},"sameAs":["https:\/\/www.facebook.com\/Deskmodder","https:\/\/x.com\/Deskmodder","https:\/\/mastodontech.de\/@Deskmodder","https:\/\/www.youtube.com\/user\/deskmodder","https:\/\/mewe.com\/group\/5c83b5231add826fc80cdae1"]},{"@type":"Person","@id":"https:\/\/www.deskmodder.de\/blog\/#\/schema\/person\/a40b17a9503c4a1568ac4073bb54182a","name":"moinmoin","image":{"@type":"ImageObject","inLanguage":"de","@id":"https:\/\/secure.gravatar.com\/avatar\/fab96769102f8886245ab411df9a42a235be79261e4b44aa7ab2a555da8b86b4?s=96&d=mm&r=g","url":"https:\/\/secure.gravatar.com\/avatar\/fab96769102f8886245ab411df9a42a235be79261e4b44aa7ab2a555da8b86b4?s=96&d=mm&r=g","contentUrl":"https:\/\/secure.gravatar.com\/avatar\/fab96769102f8886245ab411df9a42a235be79261e4b44aa7ab2a555da8b86b4?s=96&d=mm&r=g","caption":"moinmoin"},"description":"Ich bin nicht allwissend, was Windows angeht. Aber genau deshalb nehme ich Windows gerne auseinander und unter die Lupe, um all mein Wissen zu erweitern. J\u00fcrgen","url":"https:\/\/www.deskmodder.de\/blog\/author\/moinmoin\/"}]}},"jetpack_publicize_connections":[],"jetpack_featured_media_url":"https:\/\/www.deskmodder.de\/blog\/wp-content\/uploads\/2014\/09\/office-365.jpg","_links":{"self":[{"href":"https:\/\/www.deskmodder.de\/blog\/wp-json\/wp\/v2\/posts\/107092","targetHints":{"allow":["GET"]}}],"collection":[{"href":"https:\/\/www.deskmodder.de\/blog\/wp-json\/wp\/v2\/posts"}],"about":[{"href":"https:\/\/www.deskmodder.de\/blog\/wp-json\/wp\/v2\/types\/post"}],"author":[{"embeddable":true,"href":"https:\/\/www.deskmodder.de\/blog\/wp-json\/wp\/v2\/users\/134"}],"replies":[{"embeddable":true,"href":"https:\/\/www.deskmodder.de\/blog\/wp-json\/wp\/v2\/comments?post=107092"}],"version-history":[{"count":0,"href":"https:\/\/www.deskmodder.de\/blog\/wp-json\/wp\/v2\/posts\/107092\/revisions"}],"wp:featuredmedia":[{"embeddable":true,"href":"https:\/\/www.deskmodder.de\/blog\/wp-json\/wp\/v2\/media\/32250"}],"wp:attachment":[{"href":"https:\/\/www.deskmodder.de\/blog\/wp-json\/wp\/v2\/media?parent=107092"}],"wp:term":[{"taxonomy":"category","embeddable":true,"href":"https:\/\/www.deskmodder.de\/blog\/wp-json\/wp\/v2\/categories?post=107092"},{"taxonomy":"post_tag","embeddable":true,"href":"https:\/\/www.deskmodder.de\/blog\/wp-json\/wp\/v2\/tags?post=107092"}],"curies":[{"name":"wp","href":"https:\/\/api.w.org\/{rel}","templated":true}]}}