{"id":104408,"date":"2018-07-25T11:19:20","date_gmt":"2018-07-25T09:19:20","guid":{"rendered":"https:\/\/www.deskmodder.de\/blog\/?p=104408"},"modified":"2018-07-25T13:58:30","modified_gmt":"2018-07-25T11:58:30","slug":"outlook-com-im-dark-mode-dunkler-modus-kommt-bald","status":"publish","type":"post","link":"https:\/\/www.deskmodder.de\/blog\/2018\/07\/25\/outlook-com-im-dark-mode-dunkler-modus-kommt-bald\/","title":{"rendered":"Outlook.com im Dark Mode (dunkler Modus) ist nun da"},"content":{"rendered":"<p><strong>[Update 25.07.]<\/strong> Das Outlook-Team hat nun den dunklen Modus f\u00fcr Outlook.com (im noch Beta-Modus) freigegeben. Dabei ist es im Moment egal, welches Design man einstellt. Es wird das blaue Design benutzt. Die Ansicht selber mit dem dunklen Grau ist aber sehr gut gel\u00f6st worden. \u00c4ndern k\u00f6nnt ihr es \u00fcber das &#8222;Zahnrad&#8220; Schnelleinstellungen &#8222;Dunkler Modus&#8220; Ein oder Aus.<\/p>\n<p>[Original 5.Juli] Alles wird bei Microsoft auf dunkel getrimmt. Ob der Datei Explorer in der n\u00e4chsten Windows 10 1809 oder anderes. Zeit wird ja mal. Auch f\u00fcr den Outlook Web Mailclienten hat man sich schon seit einiger Zeit genau diesen Modus gew\u00fcnscht und auch \u00fcber 1.000 Votes im Ouutlook Feedback erhalten.<\/p>\n<p>Jetzt hat ein Mitarbeiter endlich darauf geantwortet und best\u00e4tigt, dass auch Outlook Web bald den dunklen Modus erh\u00e4lt. In einigen Seiten von docs.microsoft.com kann man es sich schon mal anschauen, wie es aussehen k\u00f6nnte. Hier kann man oben <a href=\"https:\/\/docs.microsoft.com\/de-de\/windows\/uwp\/design\/basics\/\" rel=\"noopener\" target=\"_blank\">zwischen Hell und dunkel umschalten<\/a>. Hier die \u00dcbersetzung des Kommentars von Philip:<\/p>\n<div id=\"twenty20-1\" class=\"twenty20\" style=\"width: 100% !important; clear: both;\"><div class=\"twentytwenty-container twenty20-1 \"><img decoding=\"async\" src=\"https:\/\/www.deskmodder.de\/blog\/wp-content\/uploads\/2018\/07\/outlook-dunkler-modus-1.jpg\" alt=\"Before image\" \/><img decoding=\"async\" src=\"https:\/\/www.deskmodder.de\/blog\/wp-content\/uploads\/2018\/07\/outlook-dunkler-modus-2.jpg\" alt=\"After image\" \/><\/div><\/div>\n<blockquote class=\"quote_border_top\">\"Wir arbeiten nun schon seit einigen Monaten am Dark Mode und das k\u00f6nnen Sie demn\u00e4chst im Produkt erwarten. Ein Grund f\u00fcr die Verz\u00f6gerung ist unsere Beharrlichkeit, dass wir den besten dunklen Modus aller f\u00fchrenden E-Mail-Clients liefern (Sie werden es verstehen, wenn Sie es sehen, das garantiere ich). Die Sneak Preview, die Sie letztes Jahr bei Halloween gesehen haben, war ein Prototyp, der viel mehr Arbeit erforderte, um zur besten Zeit bereit zu sein. . Wir haben die Farben und den Code mehrfach \u00fcberarbeitet und sind stolz darauf, die letzte Etappe zu erreichen.<\/p>\n<p>Wie Sie warten wir gespannt auf den Tag, an dem dieser endlich der \u00d6ffentlichkeit zur Verf\u00fcgung steht. Ich freue mich, Ihnen mitteilen zu k\u00f6nnen, dass dieser Tag sehr bald ist.\"<\/blockquote>\n<p>Na dann lassen wir uns einmal \u00fcberraschen. Solange man zwischen Hell und Dunkel w\u00e4hlen kann, soll das alles kein Problem sein. Denn ganz ehrlich, unter Windows 10 ist mir der Dark Mode einfach zu dunkel.<\/p>\n<div class=\"quellenzeile\"><div class=\"quelle\">Quelle: <a href=\"https:\/\/outlook.uservoice.com\/forums\/601444-new-experiences-in-outlook-com\/suggestions\/20472202-dark-night-mode-is-essential#{toggle_previous_statuses}\" rel=\"noopener\" target=\"_blank\">outlook.uservoice<\/a><\/div><div class=\"viaquelle\">via: <a href=\"https:\/\/www.windowslatest.com\/2018\/07\/05\/microsoft-confirms-outlook-com-will-get-dark-theme-soon\/\" rel=\"noopener\" target=\"_blank\">windowslatest<\/a><\/div><\/div>\n","protected":false},"excerpt":{"rendered":"<p>[Update 25.07.] Das Outlook-Team hat nun den dunklen Modus f\u00fcr Outlook.com (im noch Beta-Modus) freigegeben. Dabei ist es im Moment egal, welches Design man einstellt. Es wird das blaue Design benutzt. Die Ansicht selber mit dem dunklen Grau ist aber&hellip; <\/p>\n","protected":false},"author":134,"featured_media":16738,"comment_status":"open","ping_status":"open","sticky":false,"template":"","format":"standard","meta":{"jetpack_post_was_ever_published":false,"footnotes":"","jetpack_publicize_message":"","jetpack_publicize_feature_enabled":true,"jetpack_social_post_already_shared":true,"jetpack_social_options":{"image_generator_settings":{"template":"highway","default_image_id":0,"font":"","enabled":false},"version":2}},"categories":[166,2689],"tags":[16731,38713,1525,40434,2582],"class_list":["post-104408","post","type-post","status-publish","format-standard","has-post-thumbnail","hentry","category-browser","category-windows-10","tag-dark-mode","tag-dunkler-modus","tag-outlook","tag-outlook-web","tag-outlook-com"],"wp_featured_image":{"id":16738,"alt_text":"","description":"","media_type":"image","media_details":{"width":470,"height":333,"file":"2013\/12\/outlook.jpg","sizes":{"thumbnail":{"file":"outlook-150x150.jpg","width":150,"height":150,"mime-type":"image\/jpeg","source_url":"https:\/\/www.deskmodder.de\/blog\/wp-content\/uploads\/2013\/12\/outlook-150x150.jpg"},"medium":{"file":"outlook-150x106.jpg","width":150,"height":106,"mime-type":"image\/jpeg","source_url":"https:\/\/www.deskmodder.de\/blog\/wp-content\/uploads\/2013\/12\/outlook-150x106.jpg"}},"image_meta":{"aperture":0,"credit":"","camera":"","caption":"","created_timestamp":0,"copyright":"","focal_length":0,"iso":0,"shutter_speed":0,"title":""}},"post":16729,"source_url":"https:\/\/www.deskmodder.de\/blog\/wp-content\/uploads\/2013\/12\/outlook.jpg"},"commentcount":9,"wp_comments":[{"id":76488,"parent":0,"author":3149,"author_name":"Velocet","author_email":"portalspam@outlook.com","author_url":"","author_avatar_urls":{"24":"https:\/\/secure.gravatar.com\/avatar\/eb1bcaf8d5bec27ff62e79fed1cb1f09799123650fbd0e5dced34dfac5c718f9?s=24&d=mm&r=g","48":"https:\/\/secure.gravatar.com\/avatar\/eb1bcaf8d5bec27ff62e79fed1cb1f09799123650fbd0e5dced34dfac5c718f9?s=48&d=mm&r=g","96":"https:\/\/secure.gravatar.com\/avatar\/eb1bcaf8d5bec27ff62e79fed1cb1f09799123650fbd0e5dced34dfac5c718f9?s=96&d=mm&r=g"},"date":"2018-07-05T12:51:14","cld_nonce":"e41d0d9d34","content":{"rendered":"<p>Die sollen mal lieber zusehen das Outlook.com endlich Bugfrei und schnell l\u00e4uft. Im Vergleich zu GMail ist die Funktionsvielfalt ein schlechter Scherz (besonders Kontakte\/Kalender).<\/p>\n"},"status":"1"},{"id":76490,"parent":76488,"author":0,"author_name":"Johannes","author_email":"3johannes@outlook.at","author_url":"","author_avatar_urls":{"24":"https:\/\/secure.gravatar.com\/avatar\/43ccaa38d54ba86b86485c309e7cea766850b05ae85b33da447fbc0770fb07d7?s=24&d=mm&r=g","48":"https:\/\/secure.gravatar.com\/avatar\/43ccaa38d54ba86b86485c309e7cea766850b05ae85b33da447fbc0770fb07d7?s=48&d=mm&r=g","96":"https:\/\/secure.gravatar.com\/avatar\/43ccaa38d54ba86b86485c309e7cea766850b05ae85b33da447fbc0770fb07d7?s=96&d=mm&r=g"},"date":"2018-07-05T14:52:36","cld_nonce":"e41d0d9d34","content":{"rendered":"<p>Vor allem ist es auf jedem Ger\u00e4t anders, daher bin ich auch vor einigen Monaten zu Google gewechselt und sehr zufrieden (keine verschiedenen Farben, keine Funktionen die nur auf einer Plattform verf\u00fcgbar sind und die Erinnerungen sind genial).<\/p>\n"},"status":"1"},{"id":76492,"parent":76490,"author":3149,"author_name":"Velocet","author_email":"portalspam@outlook.com","author_url":"","author_avatar_urls":{"24":"https:\/\/secure.gravatar.com\/avatar\/eb1bcaf8d5bec27ff62e79fed1cb1f09799123650fbd0e5dced34dfac5c718f9?s=24&d=mm&r=g","48":"https:\/\/secure.gravatar.com\/avatar\/eb1bcaf8d5bec27ff62e79fed1cb1f09799123650fbd0e5dced34dfac5c718f9?s=48&d=mm&r=g","96":"https:\/\/secure.gravatar.com\/avatar\/eb1bcaf8d5bec27ff62e79fed1cb1f09799123650fbd0e5dced34dfac5c718f9?s=96&d=mm&r=g"},"date":"2018-07-05T15:56:19","cld_nonce":"e41d0d9d34","content":{"rendered":"<p>Schon mal mit Edge statt Chrome oder Firefox verwendet? Nicht nur das es um einiges langsamer ist, teilweise l\u00e4dt es auch schlicht nicht mehr die Mails nach. L\u00f6schen und markieren ALLER gefundenen E-Mails? Nur Seitenweise m\u00f6glich. Welcher Vollidiot denkt sich so einen Clusterfuck aus?<\/p>\n"},"status":"1"},{"id":76495,"parent":0,"author":2343,"author_name":"SirMarcvonGoskon","author_email":"marcsenn@web.de","author_url":"","author_avatar_urls":{"24":"https:\/\/secure.gravatar.com\/avatar\/9e62520146b31fd00d34e0e668aa8f0006e7445dcb1f8ee2166fee7fef2be7a3?s=24&d=mm&r=g","48":"https:\/\/secure.gravatar.com\/avatar\/9e62520146b31fd00d34e0e668aa8f0006e7445dcb1f8ee2166fee7fef2be7a3?s=48&d=mm&r=g","96":"https:\/\/secure.gravatar.com\/avatar\/9e62520146b31fd00d34e0e668aa8f0006e7445dcb1f8ee2166fee7fef2be7a3?s=96&d=mm&r=g"},"date":"2018-07-05T16:25:50","cld_nonce":"e41d0d9d34","content":{"rendered":"<p>also ich habe ja auch eine outlook adresse, aber ich starten die weboberfl\u00e4che nur einmal und den nie mehr, weil alles \u00fcber  mein ThunderBird l\u00e4uft am pc und am Handy \u00fcber BlueMail ^^ immer die selbe oberfl\u00e4che f\u00fcr 17 eMail adressen ^^<\/p>\n"},"status":"1"},{"id":76497,"parent":0,"author":4418,"author_name":"Manny","author_email":"bluediversion63@hotmail.de","author_url":"","author_avatar_urls":{"24":"https:\/\/secure.gravatar.com\/avatar\/4df3fc4a774b00d7ea170af066c29586b73adb8f28bbf23cfbfccfadd55d8136?s=24&d=mm&r=g","48":"https:\/\/secure.gravatar.com\/avatar\/4df3fc4a774b00d7ea170af066c29586b73adb8f28bbf23cfbfccfadd55d8136?s=48&d=mm&r=g","96":"https:\/\/secure.gravatar.com\/avatar\/4df3fc4a774b00d7ea170af066c29586b73adb8f28bbf23cfbfccfadd55d8136?s=96&d=mm&r=g"},"date":"2018-07-05T18:07:28","cld_nonce":"e41d0d9d34","content":{"rendered":"<p>Ich habe Office 2016 Outlook, dort ist immer das dunkelgraue Design eingestellt &#8211;  gibt es da ja schon etwas l\u00e4nger und da laufen auch alle meine Konten dr\u00fcber &#8211; warum sollte ich dann den Outlook Web Mailclienten nehmen ? <img src=\"https:\/\/www.deskmodder.de\/blog\/wp-content\/plugins\/classic-smilies\/img\/icon_wink.gif\" alt=\";)\" class=\"wp-smiley\" \/><\/p>\n"},"status":"1"},{"id":77683,"parent":0,"author":3384,"author_name":"HFSniper","author_email":"ssubbamma@yahoo.co.in","author_url":"","author_avatar_urls":{"24":"https:\/\/secure.gravatar.com\/avatar\/471fb04a6bd30f29c5d2b2977c465213fc6c38f1aca1e7755cfad0937a4f66c3?s=24&d=mm&r=g","48":"https:\/\/secure.gravatar.com\/avatar\/471fb04a6bd30f29c5d2b2977c465213fc6c38f1aca1e7755cfad0937a4f66c3?s=48&d=mm&r=g","96":"https:\/\/secure.gravatar.com\/avatar\/471fb04a6bd30f29c5d2b2977c465213fc6c38f1aca1e7755cfad0937a4f66c3?s=96&d=mm&r=g"},"date":"2018-07-25T11:36:17","cld_nonce":"e41d0d9d34","content":{"rendered":"<p>Outlook das &#8220;rum gekratzte&#8220; an der Oberfl\u00e4che brauch ich wie nen Ast auf der Schulter, die sollten mal schauen das es geht und gebe Velocet voll Recht nen Horror mit dem Mist zu Arbeiten ..was nen Gefummel bei dem Outlook.<\/p>\n<p>Habe da so wie so nur &#8220;Schrott Mail Adressen&#8220; darauf Laufen passt zu dem Teil&#8230;. beim letzten Win10 Clean Install habe ich bissel Umstrukturiert was die Mails an ging.<\/p>\n<p>Schade das MS da nicht mal Gas gibt um es RICHTIG zu verbessern die Sitzen doch direkt dran ,aber die H\u00e4ngen alle in der Kaffee K\u00fcche rum  und warten bis Monatsende ist .. und machen sich bestimmt Heute schon Gedanken wo der Weihnachtsbaum stehen soll dieses Jahr, so stell ich mir den Laden vor.<\/p>\n"},"status":"1"},{"id":77686,"parent":0,"author":0,"author_name":"Peter Christian","author_email":"petercnowak@icloud.com","author_url":"","author_avatar_urls":{"24":"https:\/\/secure.gravatar.com\/avatar\/bdd68544648abe37cdec72d9fec2a6f7cddbae789a5315e181e13d065d85a628?s=24&d=mm&r=g","48":"https:\/\/secure.gravatar.com\/avatar\/bdd68544648abe37cdec72d9fec2a6f7cddbae789a5315e181e13d065d85a628?s=48&d=mm&r=g","96":"https:\/\/secure.gravatar.com\/avatar\/bdd68544648abe37cdec72d9fec2a6f7cddbae789a5315e181e13d065d85a628?s=96&d=mm&r=g"},"date":"2018-07-25T12:11:21","cld_nonce":"e41d0d9d34","content":{"rendered":"<p>@HFSniper<br \/>\n??<\/p>\n"},"status":"1"},{"id":77688,"parent":77683,"author":0,"author_name":"Christian","author_email":"gaeng@online.de","author_url":"","author_avatar_urls":{"24":"https:\/\/secure.gravatar.com\/avatar\/5d4d2b794306a8fee869314042e936ad5b582bb4e32b9ecd861021e5f9eb2092?s=24&d=mm&r=g","48":"https:\/\/secure.gravatar.com\/avatar\/5d4d2b794306a8fee869314042e936ad5b582bb4e32b9ecd861021e5f9eb2092?s=48&d=mm&r=g","96":"https:\/\/secure.gravatar.com\/avatar\/5d4d2b794306a8fee869314042e936ad5b582bb4e32b9ecd861021e5f9eb2092?s=96&d=mm&r=g"},"date":"2018-07-25T13:05:40","cld_nonce":"e41d0d9d34","content":{"rendered":"<p>Sonnenstich?<\/p>\n"},"status":"1"},{"id":77697,"parent":0,"author":3001,"author_name":"Janami25","author_email":"mirovb23@gmail.com","author_url":"","author_avatar_urls":{"24":"https:\/\/secure.gravatar.com\/avatar\/48f569d8dec591ae29df498900efdc8c685094a1d3f8d8df5fced7f0c075771a?s=24&d=mm&r=g","48":"https:\/\/secure.gravatar.com\/avatar\/48f569d8dec591ae29df498900efdc8c685094a1d3f8d8df5fced7f0c075771a?s=48&d=mm&r=g","96":"https:\/\/secure.gravatar.com\/avatar\/48f569d8dec591ae29df498900efdc8c685094a1d3f8d8df5fced7f0c075771a?s=96&d=mm&r=g"},"date":"2018-07-25T16:33:29","cld_nonce":"e41d0d9d34","content":{"rendered":"<p>Ich wollte nach Jahren nochmal Outlook.com ausprobieren, ob sich was verbessert hat&#8230; Leider hab ich bereits nach der ersten Termineingabe aufgeh\u00f6rt..<\/p>\n<p>Outlook auf meinem Android Handy plaziert Termine auf Outlook.com und umgekehrt 2 Stunden versetzt, und ich kann nicht mal frei bestimmen, wie und wann ich erinnert werden m\u00f6chte, 1 Tag oder 1 Woche&#8230; Warum nicht 2 oder 3 Tage?? R\u00fcckst\u00e4ndig und fehlerhaft. <\/p>\n<p>Sorry, sowas bescheuertes ist gleich wieder rausgeflogen&#8230;<\/p>\n<p>Dagegen laufen die Google Dienste einwandfrei und professionell, schon seit Jahren. <\/p>\n<p>Was machen die in Redmond eigentlich seit Jahren?? Den Rest, ob jetzt endlich die Kontakte Synchro samt Bilder und Kalender zu Outlook 2016\/365 einwandfrei funktioniert, habe ich erst gar nicht ausprobiert.<\/p>\n<p>Bei Google klappt alles einwandfrei und ist alles synchron, auf allen Ger\u00e4ten. Ich bleibe dabei, Outlook.com arbeitet nicht fehlerfrei und ist somit unzuverl\u00e4ssig, und das schon seit Jahren.<\/p>\n"},"status":"1"}],"wp_author":{"id":134,"name":"moinmoin","description":"Ich bin nicht allwissend, was <a href=\"https:\/\/www.deskmodder.de\/wiki\/index.php?title=Kategorie:Windows_11\">Windows<\/a> angeht. Aber genau deshalb nehme ich Windows gerne auseinander und unter die Lupe, um all mein Wissen zu erweitern. <i>J\u00fcrgen<\/i>","author_avatar_urls":{"24":"https:\/\/secure.gravatar.com\/avatar\/fab96769102f8886245ab411df9a42a235be79261e4b44aa7ab2a555da8b86b4?s=24&d=mm&r=g","48":"https:\/\/secure.gravatar.com\/avatar\/fab96769102f8886245ab411df9a42a235be79261e4b44aa7ab2a555da8b86b4?s=48&d=mm&r=g","96":"https:\/\/secure.gravatar.com\/avatar\/fab96769102f8886245ab411df9a42a235be79261e4b44aa7ab2a555da8b86b4?s=96&d=mm&r=g"}},"cld_nonce":"e41d0d9d34","yoast_head":"<!-- This site is optimized with the Yoast SEO Premium plugin v27.5 (Yoast SEO v27.5) - https:\/\/yoast.com\/product\/yoast-seo-premium-wordpress\/ -->\n<title>Outlook.com im Dark Mode (dunkler Modus) ist nun da - Deskmodder.de<\/title>\n<meta name=\"robots\" content=\"index, follow, max-snippet:-1, max-image-preview:large, max-video-preview:-1\" \/>\n<link rel=\"canonical\" href=\"https:\/\/www.deskmodder.de\/blog\/2018\/07\/25\/outlook-com-im-dark-mode-dunkler-modus-kommt-bald\/\" \/>\n<meta property=\"og:locale\" content=\"de_DE\" \/>\n<meta property=\"og:type\" content=\"article\" \/>\n<meta property=\"og:title\" content=\"Outlook.com im Dark Mode (dunkler Modus) ist nun da\" \/>\n<meta property=\"og:description\" content=\"[Update 25.07.] Das Outlook-Team hat nun den dunklen Modus f\u00fcr Outlook.com (im noch Beta-Modus) freigegeben. Dabei ist es im Moment egal, welches Design man einstellt. Es wird das blaue Design benutzt. Die Ansicht selber mit dem dunklen Grau ist aber&hellip;\" \/>\n<meta property=\"og:url\" content=\"https:\/\/www.deskmodder.de\/blog\/2018\/07\/25\/outlook-com-im-dark-mode-dunkler-modus-kommt-bald\/\" \/>\n<meta property=\"og:site_name\" content=\"Deskmodder.de\" \/>\n<meta property=\"article:publisher\" content=\"https:\/\/www.facebook.com\/Deskmodder\" \/>\n<meta property=\"article:published_time\" content=\"2018-07-25T09:19:20+00:00\" \/>\n<meta property=\"article:modified_time\" content=\"2018-07-25T11:58:30+00:00\" \/>\n<meta property=\"og:image\" content=\"https:\/\/www.deskmodder.de\/blog\/wp-content\/uploads\/2013\/12\/outlook.jpg\" \/>\n\t<meta property=\"og:image:width\" content=\"470\" \/>\n\t<meta property=\"og:image:height\" content=\"333\" \/>\n\t<meta property=\"og:image:type\" content=\"image\/jpeg\" \/>\n<meta name=\"author\" content=\"moinmoin\" \/>\n<meta name=\"twitter:card\" content=\"summary_large_image\" \/>\n<meta name=\"twitter:creator\" content=\"@Deskmodder\" \/>\n<meta name=\"twitter:site\" content=\"@Deskmodder\" \/>\n<script type=\"application\/ld+json\" class=\"yoast-schema-graph\">{\"@context\":\"https:\\\/\\\/schema.org\",\"@graph\":[{\"@type\":\"Article\",\"@id\":\"https:\\\/\\\/www.deskmodder.de\\\/blog\\\/2018\\\/07\\\/25\\\/outlook-com-im-dark-mode-dunkler-modus-kommt-bald\\\/#article\",\"isPartOf\":{\"@id\":\"https:\\\/\\\/www.deskmodder.de\\\/blog\\\/2018\\\/07\\\/25\\\/outlook-com-im-dark-mode-dunkler-modus-kommt-bald\\\/\"},\"author\":{\"name\":\"moinmoin\",\"@id\":\"https:\\\/\\\/www.deskmodder.de\\\/blog\\\/#\\\/schema\\\/person\\\/a40b17a9503c4a1568ac4073bb54182a\"},\"headline\":\"Outlook.com im Dark Mode (dunkler Modus) ist nun da\",\"datePublished\":\"2018-07-25T09:19:20+00:00\",\"dateModified\":\"2018-07-25T11:58:30+00:00\",\"mainEntityOfPage\":{\"@id\":\"https:\\\/\\\/www.deskmodder.de\\\/blog\\\/2018\\\/07\\\/25\\\/outlook-com-im-dark-mode-dunkler-modus-kommt-bald\\\/\"},\"wordCount\":359,\"commentCount\":9,\"publisher\":{\"@id\":\"https:\\\/\\\/www.deskmodder.de\\\/blog\\\/#organization\"},\"image\":{\"@id\":\"https:\\\/\\\/www.deskmodder.de\\\/blog\\\/2018\\\/07\\\/25\\\/outlook-com-im-dark-mode-dunkler-modus-kommt-bald\\\/#primaryimage\"},\"thumbnailUrl\":\"https:\\\/\\\/www.deskmodder.de\\\/blog\\\/wp-content\\\/uploads\\\/2013\\\/12\\\/outlook.jpg\",\"keywords\":[\"Dark Mode\",\"dunkler Modus\",\"Outlook\",\"Outlook Web\",\"Outlook.com\"],\"articleSection\":[\"Browser\",\"Windows 10\"],\"inLanguage\":\"de\",\"potentialAction\":[{\"@type\":\"CommentAction\",\"name\":\"Comment\",\"target\":[\"https:\\\/\\\/www.deskmodder.de\\\/blog\\\/2018\\\/07\\\/25\\\/outlook-com-im-dark-mode-dunkler-modus-kommt-bald\\\/#respond\"]}],\"copyrightYear\":\"2018\",\"copyrightHolder\":{\"@id\":\"https:\\\/\\\/www.deskmodder.de\\\/blog\\\/#organization\"}},{\"@type\":\"WebPage\",\"@id\":\"https:\\\/\\\/www.deskmodder.de\\\/blog\\\/2018\\\/07\\\/25\\\/outlook-com-im-dark-mode-dunkler-modus-kommt-bald\\\/\",\"url\":\"https:\\\/\\\/www.deskmodder.de\\\/blog\\\/2018\\\/07\\\/25\\\/outlook-com-im-dark-mode-dunkler-modus-kommt-bald\\\/\",\"name\":\"Outlook.com im Dark Mode (dunkler Modus) ist nun da - Deskmodder.de\",\"isPartOf\":{\"@id\":\"https:\\\/\\\/www.deskmodder.de\\\/blog\\\/#website\"},\"primaryImageOfPage\":{\"@id\":\"https:\\\/\\\/www.deskmodder.de\\\/blog\\\/2018\\\/07\\\/25\\\/outlook-com-im-dark-mode-dunkler-modus-kommt-bald\\\/#primaryimage\"},\"image\":{\"@id\":\"https:\\\/\\\/www.deskmodder.de\\\/blog\\\/2018\\\/07\\\/25\\\/outlook-com-im-dark-mode-dunkler-modus-kommt-bald\\\/#primaryimage\"},\"thumbnailUrl\":\"https:\\\/\\\/www.deskmodder.de\\\/blog\\\/wp-content\\\/uploads\\\/2013\\\/12\\\/outlook.jpg\",\"datePublished\":\"2018-07-25T09:19:20+00:00\",\"dateModified\":\"2018-07-25T11:58:30+00:00\",\"breadcrumb\":{\"@id\":\"https:\\\/\\\/www.deskmodder.de\\\/blog\\\/2018\\\/07\\\/25\\\/outlook-com-im-dark-mode-dunkler-modus-kommt-bald\\\/#breadcrumb\"},\"inLanguage\":\"de\",\"potentialAction\":[{\"@type\":\"ReadAction\",\"target\":[\"https:\\\/\\\/www.deskmodder.de\\\/blog\\\/2018\\\/07\\\/25\\\/outlook-com-im-dark-mode-dunkler-modus-kommt-bald\\\/\"]}]},{\"@type\":\"ImageObject\",\"inLanguage\":\"de\",\"@id\":\"https:\\\/\\\/www.deskmodder.de\\\/blog\\\/2018\\\/07\\\/25\\\/outlook-com-im-dark-mode-dunkler-modus-kommt-bald\\\/#primaryimage\",\"url\":\"https:\\\/\\\/www.deskmodder.de\\\/blog\\\/wp-content\\\/uploads\\\/2013\\\/12\\\/outlook.jpg\",\"contentUrl\":\"https:\\\/\\\/www.deskmodder.de\\\/blog\\\/wp-content\\\/uploads\\\/2013\\\/12\\\/outlook.jpg\",\"width\":470,\"height\":333},{\"@type\":\"BreadcrumbList\",\"@id\":\"https:\\\/\\\/www.deskmodder.de\\\/blog\\\/2018\\\/07\\\/25\\\/outlook-com-im-dark-mode-dunkler-modus-kommt-bald\\\/#breadcrumb\",\"itemListElement\":[{\"@type\":\"ListItem\",\"position\":1,\"name\":\"Startseite\",\"item\":\"https:\\\/\\\/www.deskmodder.de\\\/blog\\\/\"},{\"@type\":\"ListItem\",\"position\":2,\"name\":\"Outlook.com im Dark Mode (dunkler Modus) ist nun da\"}]},{\"@type\":\"WebSite\",\"@id\":\"https:\\\/\\\/www.deskmodder.de\\\/blog\\\/#website\",\"url\":\"https:\\\/\\\/www.deskmodder.de\\\/blog\\\/\",\"name\":\"Deskmodder.de\",\"description\":\"News zum Thema Microsoft, Windows 11 \\\/ 10, sowie anderen Neuigkeiten aus dem Netz, viele Tipps und individuelle Hilfe bei Problemen in unserem Forum \u25cf Deskmodder - seit 2003\",\"publisher\":{\"@id\":\"https:\\\/\\\/www.deskmodder.de\\\/blog\\\/#organization\"},\"potentialAction\":[{\"@type\":\"SearchAction\",\"target\":{\"@type\":\"EntryPoint\",\"urlTemplate\":\"https:\\\/\\\/www.deskmodder.de\\\/blog\\\/?s={search_term_string}\"},\"query-input\":{\"@type\":\"PropertyValueSpecification\",\"valueRequired\":true,\"valueName\":\"search_term_string\"}}],\"inLanguage\":\"de\"},{\"@type\":\"Organization\",\"@id\":\"https:\\\/\\\/www.deskmodder.de\\\/blog\\\/#organization\",\"name\":\"Deskmodder\",\"url\":\"https:\\\/\\\/www.deskmodder.de\\\/blog\\\/\",\"logo\":{\"@type\":\"ImageObject\",\"inLanguage\":\"de\",\"@id\":\"https:\\\/\\\/www.deskmodder.de\\\/blog\\\/#\\\/schema\\\/logo\\\/image\\\/\",\"url\":\"https:\\\/\\\/www.deskmodder.de\\\/blog\\\/wp-content\\\/uploads\\\/2019\\\/01\\\/deskmodder-logo-app.png\",\"contentUrl\":\"https:\\\/\\\/www.deskmodder.de\\\/blog\\\/wp-content\\\/uploads\\\/2019\\\/01\\\/deskmodder-logo-app.png\",\"width\":281,\"height\":286,\"caption\":\"Deskmodder\"},\"image\":{\"@id\":\"https:\\\/\\\/www.deskmodder.de\\\/blog\\\/#\\\/schema\\\/logo\\\/image\\\/\"},\"sameAs\":[\"https:\\\/\\\/www.facebook.com\\\/Deskmodder\",\"https:\\\/\\\/x.com\\\/Deskmodder\",\"https:\\\/\\\/mastodontech.de\\\/@Deskmodder\",\"https:\\\/\\\/www.youtube.com\\\/user\\\/deskmodder\",\"https:\\\/\\\/mewe.com\\\/group\\\/5c83b5231add826fc80cdae1\"]},{\"@type\":\"Person\",\"@id\":\"https:\\\/\\\/www.deskmodder.de\\\/blog\\\/#\\\/schema\\\/person\\\/a40b17a9503c4a1568ac4073bb54182a\",\"name\":\"moinmoin\",\"image\":{\"@type\":\"ImageObject\",\"inLanguage\":\"de\",\"@id\":\"https:\\\/\\\/secure.gravatar.com\\\/avatar\\\/fab96769102f8886245ab411df9a42a235be79261e4b44aa7ab2a555da8b86b4?s=96&d=mm&r=g\",\"url\":\"https:\\\/\\\/secure.gravatar.com\\\/avatar\\\/fab96769102f8886245ab411df9a42a235be79261e4b44aa7ab2a555da8b86b4?s=96&d=mm&r=g\",\"contentUrl\":\"https:\\\/\\\/secure.gravatar.com\\\/avatar\\\/fab96769102f8886245ab411df9a42a235be79261e4b44aa7ab2a555da8b86b4?s=96&d=mm&r=g\",\"caption\":\"moinmoin\"},\"description\":\"Ich bin nicht allwissend, was Windows angeht. Aber genau deshalb nehme ich Windows gerne auseinander und unter die Lupe, um all mein Wissen zu erweitern. J\u00fcrgen\",\"url\":\"https:\\\/\\\/www.deskmodder.de\\\/blog\\\/author\\\/moinmoin\\\/\"}]}<\/script>\n<!-- \/ Yoast SEO Premium plugin. -->","yoast_head_json":{"title":"Outlook.com im Dark Mode (dunkler Modus) ist nun da - Deskmodder.de","robots":{"index":"index","follow":"follow","max-snippet":"max-snippet:-1","max-image-preview":"max-image-preview:large","max-video-preview":"max-video-preview:-1"},"canonical":"https:\/\/www.deskmodder.de\/blog\/2018\/07\/25\/outlook-com-im-dark-mode-dunkler-modus-kommt-bald\/","og_locale":"de_DE","og_type":"article","og_title":"Outlook.com im Dark Mode (dunkler Modus) ist nun da","og_description":"[Update 25.07.] Das Outlook-Team hat nun den dunklen Modus f\u00fcr Outlook.com (im noch Beta-Modus) freigegeben. Dabei ist es im Moment egal, welches Design man einstellt. Es wird das blaue Design benutzt. Die Ansicht selber mit dem dunklen Grau ist aber&hellip;","og_url":"https:\/\/www.deskmodder.de\/blog\/2018\/07\/25\/outlook-com-im-dark-mode-dunkler-modus-kommt-bald\/","og_site_name":"Deskmodder.de","article_publisher":"https:\/\/www.facebook.com\/Deskmodder","article_published_time":"2018-07-25T09:19:20+00:00","article_modified_time":"2018-07-25T11:58:30+00:00","og_image":[{"width":470,"height":333,"url":"https:\/\/www.deskmodder.de\/blog\/wp-content\/uploads\/2013\/12\/outlook.jpg","type":"image\/jpeg"}],"author":"moinmoin","twitter_card":"summary_large_image","twitter_creator":"@Deskmodder","twitter_site":"@Deskmodder","schema":{"@context":"https:\/\/schema.org","@graph":[{"@type":"Article","@id":"https:\/\/www.deskmodder.de\/blog\/2018\/07\/25\/outlook-com-im-dark-mode-dunkler-modus-kommt-bald\/#article","isPartOf":{"@id":"https:\/\/www.deskmodder.de\/blog\/2018\/07\/25\/outlook-com-im-dark-mode-dunkler-modus-kommt-bald\/"},"author":{"name":"moinmoin","@id":"https:\/\/www.deskmodder.de\/blog\/#\/schema\/person\/a40b17a9503c4a1568ac4073bb54182a"},"headline":"Outlook.com im Dark Mode (dunkler Modus) ist nun da","datePublished":"2018-07-25T09:19:20+00:00","dateModified":"2018-07-25T11:58:30+00:00","mainEntityOfPage":{"@id":"https:\/\/www.deskmodder.de\/blog\/2018\/07\/25\/outlook-com-im-dark-mode-dunkler-modus-kommt-bald\/"},"wordCount":359,"commentCount":9,"publisher":{"@id":"https:\/\/www.deskmodder.de\/blog\/#organization"},"image":{"@id":"https:\/\/www.deskmodder.de\/blog\/2018\/07\/25\/outlook-com-im-dark-mode-dunkler-modus-kommt-bald\/#primaryimage"},"thumbnailUrl":"https:\/\/www.deskmodder.de\/blog\/wp-content\/uploads\/2013\/12\/outlook.jpg","keywords":["Dark Mode","dunkler Modus","Outlook","Outlook Web","Outlook.com"],"articleSection":["Browser","Windows 10"],"inLanguage":"de","potentialAction":[{"@type":"CommentAction","name":"Comment","target":["https:\/\/www.deskmodder.de\/blog\/2018\/07\/25\/outlook-com-im-dark-mode-dunkler-modus-kommt-bald\/#respond"]}],"copyrightYear":"2018","copyrightHolder":{"@id":"https:\/\/www.deskmodder.de\/blog\/#organization"}},{"@type":"WebPage","@id":"https:\/\/www.deskmodder.de\/blog\/2018\/07\/25\/outlook-com-im-dark-mode-dunkler-modus-kommt-bald\/","url":"https:\/\/www.deskmodder.de\/blog\/2018\/07\/25\/outlook-com-im-dark-mode-dunkler-modus-kommt-bald\/","name":"Outlook.com im Dark Mode (dunkler Modus) ist nun da - Deskmodder.de","isPartOf":{"@id":"https:\/\/www.deskmodder.de\/blog\/#website"},"primaryImageOfPage":{"@id":"https:\/\/www.deskmodder.de\/blog\/2018\/07\/25\/outlook-com-im-dark-mode-dunkler-modus-kommt-bald\/#primaryimage"},"image":{"@id":"https:\/\/www.deskmodder.de\/blog\/2018\/07\/25\/outlook-com-im-dark-mode-dunkler-modus-kommt-bald\/#primaryimage"},"thumbnailUrl":"https:\/\/www.deskmodder.de\/blog\/wp-content\/uploads\/2013\/12\/outlook.jpg","datePublished":"2018-07-25T09:19:20+00:00","dateModified":"2018-07-25T11:58:30+00:00","breadcrumb":{"@id":"https:\/\/www.deskmodder.de\/blog\/2018\/07\/25\/outlook-com-im-dark-mode-dunkler-modus-kommt-bald\/#breadcrumb"},"inLanguage":"de","potentialAction":[{"@type":"ReadAction","target":["https:\/\/www.deskmodder.de\/blog\/2018\/07\/25\/outlook-com-im-dark-mode-dunkler-modus-kommt-bald\/"]}]},{"@type":"ImageObject","inLanguage":"de","@id":"https:\/\/www.deskmodder.de\/blog\/2018\/07\/25\/outlook-com-im-dark-mode-dunkler-modus-kommt-bald\/#primaryimage","url":"https:\/\/www.deskmodder.de\/blog\/wp-content\/uploads\/2013\/12\/outlook.jpg","contentUrl":"https:\/\/www.deskmodder.de\/blog\/wp-content\/uploads\/2013\/12\/outlook.jpg","width":470,"height":333},{"@type":"BreadcrumbList","@id":"https:\/\/www.deskmodder.de\/blog\/2018\/07\/25\/outlook-com-im-dark-mode-dunkler-modus-kommt-bald\/#breadcrumb","itemListElement":[{"@type":"ListItem","position":1,"name":"Startseite","item":"https:\/\/www.deskmodder.de\/blog\/"},{"@type":"ListItem","position":2,"name":"Outlook.com im Dark Mode (dunkler Modus) ist nun da"}]},{"@type":"WebSite","@id":"https:\/\/www.deskmodder.de\/blog\/#website","url":"https:\/\/www.deskmodder.de\/blog\/","name":"Deskmodder.de","description":"News zum Thema Microsoft, Windows 11 \/ 10, sowie anderen Neuigkeiten aus dem Netz, viele Tipps und individuelle Hilfe bei Problemen in unserem Forum \u25cf Deskmodder - seit 2003","publisher":{"@id":"https:\/\/www.deskmodder.de\/blog\/#organization"},"potentialAction":[{"@type":"SearchAction","target":{"@type":"EntryPoint","urlTemplate":"https:\/\/www.deskmodder.de\/blog\/?s={search_term_string}"},"query-input":{"@type":"PropertyValueSpecification","valueRequired":true,"valueName":"search_term_string"}}],"inLanguage":"de"},{"@type":"Organization","@id":"https:\/\/www.deskmodder.de\/blog\/#organization","name":"Deskmodder","url":"https:\/\/www.deskmodder.de\/blog\/","logo":{"@type":"ImageObject","inLanguage":"de","@id":"https:\/\/www.deskmodder.de\/blog\/#\/schema\/logo\/image\/","url":"https:\/\/www.deskmodder.de\/blog\/wp-content\/uploads\/2019\/01\/deskmodder-logo-app.png","contentUrl":"https:\/\/www.deskmodder.de\/blog\/wp-content\/uploads\/2019\/01\/deskmodder-logo-app.png","width":281,"height":286,"caption":"Deskmodder"},"image":{"@id":"https:\/\/www.deskmodder.de\/blog\/#\/schema\/logo\/image\/"},"sameAs":["https:\/\/www.facebook.com\/Deskmodder","https:\/\/x.com\/Deskmodder","https:\/\/mastodontech.de\/@Deskmodder","https:\/\/www.youtube.com\/user\/deskmodder","https:\/\/mewe.com\/group\/5c83b5231add826fc80cdae1"]},{"@type":"Person","@id":"https:\/\/www.deskmodder.de\/blog\/#\/schema\/person\/a40b17a9503c4a1568ac4073bb54182a","name":"moinmoin","image":{"@type":"ImageObject","inLanguage":"de","@id":"https:\/\/secure.gravatar.com\/avatar\/fab96769102f8886245ab411df9a42a235be79261e4b44aa7ab2a555da8b86b4?s=96&d=mm&r=g","url":"https:\/\/secure.gravatar.com\/avatar\/fab96769102f8886245ab411df9a42a235be79261e4b44aa7ab2a555da8b86b4?s=96&d=mm&r=g","contentUrl":"https:\/\/secure.gravatar.com\/avatar\/fab96769102f8886245ab411df9a42a235be79261e4b44aa7ab2a555da8b86b4?s=96&d=mm&r=g","caption":"moinmoin"},"description":"Ich bin nicht allwissend, was Windows angeht. Aber genau deshalb nehme ich Windows gerne auseinander und unter die Lupe, um all mein Wissen zu erweitern. J\u00fcrgen","url":"https:\/\/www.deskmodder.de\/blog\/author\/moinmoin\/"}]}},"jetpack_publicize_connections":[],"jetpack_featured_media_url":"https:\/\/www.deskmodder.de\/blog\/wp-content\/uploads\/2013\/12\/outlook.jpg","_links":{"self":[{"href":"https:\/\/www.deskmodder.de\/blog\/wp-json\/wp\/v2\/posts\/104408","targetHints":{"allow":["GET"]}}],"collection":[{"href":"https:\/\/www.deskmodder.de\/blog\/wp-json\/wp\/v2\/posts"}],"about":[{"href":"https:\/\/www.deskmodder.de\/blog\/wp-json\/wp\/v2\/types\/post"}],"author":[{"embeddable":true,"href":"https:\/\/www.deskmodder.de\/blog\/wp-json\/wp\/v2\/users\/134"}],"replies":[{"embeddable":true,"href":"https:\/\/www.deskmodder.de\/blog\/wp-json\/wp\/v2\/comments?post=104408"}],"version-history":[{"count":0,"href":"https:\/\/www.deskmodder.de\/blog\/wp-json\/wp\/v2\/posts\/104408\/revisions"}],"wp:featuredmedia":[{"embeddable":true,"href":"https:\/\/www.deskmodder.de\/blog\/wp-json\/wp\/v2\/media\/16738"}],"wp:attachment":[{"href":"https:\/\/www.deskmodder.de\/blog\/wp-json\/wp\/v2\/media?parent=104408"}],"wp:term":[{"taxonomy":"category","embeddable":true,"href":"https:\/\/www.deskmodder.de\/blog\/wp-json\/wp\/v2\/categories?post=104408"},{"taxonomy":"post_tag","embeddable":true,"href":"https:\/\/www.deskmodder.de\/blog\/wp-json\/wp\/v2\/tags?post=104408"}],"curies":[{"name":"wp","href":"https:\/\/api.w.org\/{rel}","templated":true}]}}